{"id":16961,"date":"2024-05-22T06:31:47","date_gmt":"2024-05-22T04:31:47","guid":{"rendered":"https:\/\/www.enzo-und-ferdinand.de\/?p=16961"},"modified":"2024-11-01T11:09:25","modified_gmt":"2024-11-01T10:09:25","slug":"bmw-art-car-nr-20","status":"publish","type":"post","link":"https:\/\/www.enzo-und-ferdinand.de\/index.php\/2024\/05\/22\/bmw-art-car-nr-20\/","title":{"rendered":"BMW Art Car Nr. 20"},"content":{"rendered":"\n<figure class=\"wp-block-image size-large is-resized\"><img loading=\"lazy\" decoding=\"async\" width=\"810\" height=\"540\" src=\"https:\/\/www.enzo-und-ferdinand.de\/wp-content\/uploads\/2024\/05\/P90550670_highRes_bmw-art-car-20-with--810x540.jpg\" alt=\"\" class=\"wp-image-16968\" style=\"width:880px;height:auto\" srcset=\"https:\/\/www.enzo-und-ferdinand.de\/wp-content\/uploads\/2024\/05\/P90550670_highRes_bmw-art-car-20-with--810x540.jpg 810w, https:\/\/www.enzo-und-ferdinand.de\/wp-content\/uploads\/2024\/05\/P90550670_highRes_bmw-art-car-20-with--300x200.jpg 300w, https:\/\/www.enzo-und-ferdinand.de\/wp-content\/uploads\/2024\/05\/P90550670_highRes_bmw-art-car-20-with--768x512.jpg 768w, https:\/\/www.enzo-und-ferdinand.de\/wp-content\/uploads\/2024\/05\/P90550670_highRes_bmw-art-car-20-with--120x80.jpg 120w, https:\/\/www.enzo-und-ferdinand.de\/wp-content\/uploads\/2024\/05\/P90550670_highRes_bmw-art-car-20-with-.jpg 1000w\" sizes=\"auto, (max-width: 810px) 100vw, 810px\" \/><\/figure>\n\n\n\n<p class=\"wp-block-paragraph\">Raum, Bewegung und Energie sind\u00a0 zentrale Motive in den Werken Julie Mehretus. F\u00fcr die Gestaltung des Art Car \u00fcberf\u00fchrte sie ein zweidimensionales Bildmotiv in eine dreidimensionale Darstellung, die Dynamik in Form bringen will. Basis der Arbeit ist der BMW M Hybrid V8. Das Rennfahrzeug verf\u00fcgt \u00fcber ein rund 640 PS starkes Hybrid-Antriebssystem, dessen 4,0 Liter gro\u00dfer V8- Motor von einem Elektromotor unterst\u00fctzt wird und eine H\u00f6chstgeschwindigkeit von bis zu 345 km\/h erreicht. Damit ist der Prototyp-Rennwagen ein Aush\u00e4ngeschild f\u00fcr die BMW M Performance.<\/p>\n\n\n\n<figure class=\"wp-block-image size-large is-resized\"><img loading=\"lazy\" decoding=\"async\" width=\"810\" height=\"608\" src=\"https:\/\/www.enzo-und-ferdinand.de\/wp-content\/uploads\/2024\/05\/P90550648_highRes_bmw-art-car-20-by-ar-810x608.jpg\" alt=\"\" class=\"wp-image-16966\" style=\"width:880px;height:auto\" srcset=\"https:\/\/www.enzo-und-ferdinand.de\/wp-content\/uploads\/2024\/05\/P90550648_highRes_bmw-art-car-20-by-ar-810x608.jpg 810w, https:\/\/www.enzo-und-ferdinand.de\/wp-content\/uploads\/2024\/05\/P90550648_highRes_bmw-art-car-20-by-ar-300x225.jpg 300w, https:\/\/www.enzo-und-ferdinand.de\/wp-content\/uploads\/2024\/05\/P90550648_highRes_bmw-art-car-20-by-ar-768x576.jpg 768w, https:\/\/www.enzo-und-ferdinand.de\/wp-content\/uploads\/2024\/05\/P90550648_highRes_bmw-art-car-20-by-ar.jpg 1000w\" sizes=\"auto, (max-width: 810px) 100vw, 810px\" \/><\/figure>\n\n\n\n<p class=\"wp-block-paragraph\">Als Grundlage f\u00fcr ihre Arbeit diente Julie Mehretu das Farb- und Formenvokabular ihres Gem\u00e4ldes \u201eEverywhen\u201c&nbsp; aus den Jahren 2021 bis 2023, das derzeit&nbsp; im Palazzo Grassi in Venedig pr\u00e4sentiert. Seine abstrakte Form setzt sich aus digital verfremdeten Fotografien, die in mehreren Schichten von Punktrastern, neonfarbigen Schleiern und schwarzen Markierungen \u00fcberlagert werden.&nbsp;<\/p>\n\n\n\n<p class=\"wp-block-paragraph\">Julie Mehretus ArtCar wird beim 24-Stunden-Rennen von Le Mans an den Start gehen.<\/p>\n\n\n\n<figure class=\"wp-block-gallery has-nested-images columns-2 is-cropped wp-block-gallery-1 is-layout-flex wp-block-gallery-is-layout-flex\">\n<figure class=\"wp-block-image size-large\"><img loading=\"lazy\" decoding=\"async\" width=\"810\" height=\"608\" data-id=\"16967\" src=\"https:\/\/www.enzo-und-ferdinand.de\/wp-content\/uploads\/2024\/05\/P90550649_highRes_bmw-art-car-20-by-ar-810x608.jpg\" alt=\"\" class=\"wp-image-16967\" srcset=\"https:\/\/www.enzo-und-ferdinand.de\/wp-content\/uploads\/2024\/05\/P90550649_highRes_bmw-art-car-20-by-ar-810x608.jpg 810w, https:\/\/www.enzo-und-ferdinand.de\/wp-content\/uploads\/2024\/05\/P90550649_highRes_bmw-art-car-20-by-ar-300x225.jpg 300w, https:\/\/www.enzo-und-ferdinand.de\/wp-content\/uploads\/2024\/05\/P90550649_highRes_bmw-art-car-20-by-ar-768x576.jpg 768w, https:\/\/www.enzo-und-ferdinand.de\/wp-content\/uploads\/2024\/05\/P90550649_highRes_bmw-art-car-20-by-ar.jpg 1000w\" sizes=\"auto, (max-width: 810px) 100vw, 810px\" \/><\/figure>\n\n\n\n<figure class=\"wp-block-image size-large\"><img loading=\"lazy\" decoding=\"async\" width=\"810\" height=\"540\" data-id=\"16969\" src=\"https:\/\/www.enzo-und-ferdinand.de\/wp-content\/uploads\/2024\/05\/P90550674_highRes_bmw-art-car-20-by-ju-810x540.jpg\" alt=\"\" class=\"wp-image-16969\" srcset=\"https:\/\/www.enzo-und-ferdinand.de\/wp-content\/uploads\/2024\/05\/P90550674_highRes_bmw-art-car-20-by-ju-810x540.jpg 810w, https:\/\/www.enzo-und-ferdinand.de\/wp-content\/uploads\/2024\/05\/P90550674_highRes_bmw-art-car-20-by-ju-300x200.jpg 300w, https:\/\/www.enzo-und-ferdinand.de\/wp-content\/uploads\/2024\/05\/P90550674_highRes_bmw-art-car-20-by-ju-768x512.jpg 768w, https:\/\/www.enzo-und-ferdinand.de\/wp-content\/uploads\/2024\/05\/P90550674_highRes_bmw-art-car-20-by-ju-120x80.jpg 120w, https:\/\/www.enzo-und-ferdinand.de\/wp-content\/uploads\/2024\/05\/P90550674_highRes_bmw-art-car-20-by-ju.jpg 1000w\" sizes=\"auto, (max-width: 810px) 100vw, 810px\" \/><\/figure>\n\n\n\n<figure class=\"wp-block-image size-large\"><img loading=\"lazy\" decoding=\"async\" width=\"810\" height=\"608\" data-id=\"16964\" src=\"https:\/\/www.enzo-und-ferdinand.de\/wp-content\/uploads\/2024\/05\/P90550646_highRes_bmw-art-car-20-by-ar-810x608.jpg\" alt=\"\" class=\"wp-image-16964\" srcset=\"https:\/\/www.enzo-und-ferdinand.de\/wp-content\/uploads\/2024\/05\/P90550646_highRes_bmw-art-car-20-by-ar-810x608.jpg 810w, https:\/\/www.enzo-und-ferdinand.de\/wp-content\/uploads\/2024\/05\/P90550646_highRes_bmw-art-car-20-by-ar-300x225.jpg 300w, https:\/\/www.enzo-und-ferdinand.de\/wp-content\/uploads\/2024\/05\/P90550646_highRes_bmw-art-car-20-by-ar-768x576.jpg 768w, https:\/\/www.enzo-und-ferdinand.de\/wp-content\/uploads\/2024\/05\/P90550646_highRes_bmw-art-car-20-by-ar.jpg 1000w\" sizes=\"auto, (max-width: 810px) 100vw, 810px\" \/><\/figure>\n<\/figure>\n\n\n\n<p class=\"has-text-align-right has-small-font-size wp-block-paragraph\">Fotos: BMW\/Text: BMW, rr<\/p>\n","protected":false},"excerpt":{"rendered":"<p>Raum, Bewegung und Energie sind\u00a0 zentrale Motive in den Werken Julie Mehretus. F\u00fcr die Gestaltung des Art Car \u00fcberf\u00fchrte sie ein zweidimensionales Bildmotiv in eine dreidimensionale Darstellung, die Dynamik in Form bringen will. Basis der Arbeit ist der BMW M Hybrid V8. Das Rennfahrzeug verf\u00fcgt \u00fcber ein rund 640 PS starkes Hybrid-Antriebssystem, dessen 4,0 Liter gro\u00dfer V8- Motor von einem Elektromotor unterst\u00fctzt wird und eine H\u00f6chstgeschwindigkeit von bis zu 345 km\/h erreicht. Damit ist der Prototyp-Rennwagen ein Aush\u00e4ngeschild f\u00fcr die BMW M Performance. Als Grundlage f\u00fcr ihre Arbeit diente Julie Mehretu das Farb- und Formenvokabular ihres Gem\u00e4ldes \u201eEverywhen\u201c&nbsp; aus den<\/p>\n","protected":false},"author":1,"featured_media":16971,"comment_status":"closed","ping_status":"closed","sticky":false,"template":"","format":"standard","meta":{"_crdt_document":"","ngg_post_thumbnail":0,"footnotes":""},"categories":[548,23,5],"tags":[643,646,202,635],"class_list":["post-16961","post","type-post","status-publish","format-standard","has-post-thumbnail","hentry","category-automobile-kunst-plastic-porsche","category-performance","category-rennsport","tag-art-car","tag-artcar","tag-bmw","tag-wec"],"yoast_head":"<!-- This site is optimized with the Yoast SEO plugin v27.5 - https:\/\/yoast.com\/product\/yoast-seo-wordpress\/ -->\n<title>BMW Art Car Nr. 20<\/title>\n<meta name=\"description\" content=\"Julie Mehretu Art Car Dynamik BMW M Hybrid V8 Rennfahrzeug Palazzo Grassi Venedig Fotografien 24-Stunden-Rennen Le Mans Rainer Ro\u00dfbach Rainer Rossbach enzo-und-ferdinand enzo&amp;ferdinand\" \/>\n<meta name=\"robots\" content=\"index, follow, max-snippet:-1, max-image-preview:large, max-video-preview:-1\" \/>\n<link rel=\"canonical\" href=\"https:\/\/www.enzo-und-ferdinand.de\/index.php\/2024\/05\/22\/bmw-art-car-nr-20\/\" \/>\n<meta property=\"og:locale\" content=\"de_DE\" \/>\n<meta property=\"og:type\" content=\"article\" \/>\n<meta property=\"og:title\" content=\"BMW Art Car Nr. 20\" \/>\n<meta property=\"og:description\" content=\"Julie Mehretu Art Car Dynamik BMW M Hybrid V8 Rennfahrzeug Palazzo Grassi Venedig Fotografien 24-Stunden-Rennen Le Mans Rainer Ro\u00dfbach Rainer Rossbach enzo-und-ferdinand enzo&amp;ferdinand\" \/>\n<meta property=\"og:url\" content=\"https:\/\/www.enzo-und-ferdinand.de\/index.php\/2024\/05\/22\/bmw-art-car-nr-20\/\" \/>\n<meta property=\"og:site_name\" content=\"enzo &amp; Ferdinand\" \/>\n<meta property=\"article:published_time\" content=\"2024-05-22T04:31:47+00:00\" \/>\n<meta property=\"article:modified_time\" content=\"2024-11-01T10:09:25+00:00\" \/>\n<meta property=\"og:image\" content=\"https:\/\/www.enzo-und-ferdinand.de\/wp-content\/uploads\/2024\/05\/P90550639_highRes_bmw-art-car-20-by-ar.jpg\" \/>\n\t<meta property=\"og:image:width\" content=\"1000\" \/>\n\t<meta property=\"og:image:height\" content=\"750\" \/>\n\t<meta property=\"og:image:type\" content=\"image\/jpeg\" \/>\n<meta name=\"author\" content=\"Rainer Ro\u00dfbach\" \/>\n<meta name=\"twitter:card\" content=\"summary_large_image\" \/>\n<meta name=\"twitter:label1\" content=\"Verfasst von\" \/>\n\t<meta name=\"twitter:data1\" content=\"Rainer Ro\u00dfbach\" \/>\n\t<meta name=\"twitter:label2\" content=\"Gesch\u00e4tzte Lesezeit\" \/>\n\t<meta name=\"twitter:data2\" content=\"1\u00a0Minute\" \/>\n<script type=\"application\/ld+json\" class=\"yoast-schema-graph\">{\"@context\":\"https:\\\/\\\/schema.org\",\"@graph\":[{\"@type\":\"Article\",\"@id\":\"https:\\\/\\\/www.enzo-und-ferdinand.de\\\/index.php\\\/2024\\\/05\\\/22\\\/bmw-art-car-nr-20\\\/#article\",\"isPartOf\":{\"@id\":\"https:\\\/\\\/www.enzo-und-ferdinand.de\\\/index.php\\\/2024\\\/05\\\/22\\\/bmw-art-car-nr-20\\\/\"},\"author\":{\"name\":\"Rainer Ro\u00dfbach\",\"@id\":\"https:\\\/\\\/www.enzo-und-ferdinand.de\\\/#\\\/schema\\\/person\\\/aff2eb9ff87705987c1b9d21fe10b095\"},\"headline\":\"BMW Art Car Nr. 20\",\"datePublished\":\"2024-05-22T04:31:47+00:00\",\"dateModified\":\"2024-11-01T10:09:25+00:00\",\"mainEntityOfPage\":{\"@id\":\"https:\\\/\\\/www.enzo-und-ferdinand.de\\\/index.php\\\/2024\\\/05\\\/22\\\/bmw-art-car-nr-20\\\/\"},\"wordCount\":167,\"publisher\":{\"@id\":\"https:\\\/\\\/www.enzo-und-ferdinand.de\\\/#organization\"},\"image\":{\"@id\":\"https:\\\/\\\/www.enzo-und-ferdinand.de\\\/index.php\\\/2024\\\/05\\\/22\\\/bmw-art-car-nr-20\\\/#primaryimage\"},\"thumbnailUrl\":\"https:\\\/\\\/www.enzo-und-ferdinand.de\\\/wp-content\\\/uploads\\\/2024\\\/05\\\/P90550639_highRes_bmw-art-car-20-by-ar.jpg\",\"keywords\":[\"Art Car\",\"ArtCar\",\"BMW\",\"WEC\"],\"articleSection\":[\"Automobile Kunst\",\"Performance\",\"Rennsport\"],\"inLanguage\":\"de\"},{\"@type\":\"WebPage\",\"@id\":\"https:\\\/\\\/www.enzo-und-ferdinand.de\\\/index.php\\\/2024\\\/05\\\/22\\\/bmw-art-car-nr-20\\\/\",\"url\":\"https:\\\/\\\/www.enzo-und-ferdinand.de\\\/index.php\\\/2024\\\/05\\\/22\\\/bmw-art-car-nr-20\\\/\",\"name\":\"BMW Art Car Nr. 20\",\"isPartOf\":{\"@id\":\"https:\\\/\\\/www.enzo-und-ferdinand.de\\\/#website\"},\"primaryImageOfPage\":{\"@id\":\"https:\\\/\\\/www.enzo-und-ferdinand.de\\\/index.php\\\/2024\\\/05\\\/22\\\/bmw-art-car-nr-20\\\/#primaryimage\"},\"image\":{\"@id\":\"https:\\\/\\\/www.enzo-und-ferdinand.de\\\/index.php\\\/2024\\\/05\\\/22\\\/bmw-art-car-nr-20\\\/#primaryimage\"},\"thumbnailUrl\":\"https:\\\/\\\/www.enzo-und-ferdinand.de\\\/wp-content\\\/uploads\\\/2024\\\/05\\\/P90550639_highRes_bmw-art-car-20-by-ar.jpg\",\"datePublished\":\"2024-05-22T04:31:47+00:00\",\"dateModified\":\"2024-11-01T10:09:25+00:00\",\"description\":\"Julie Mehretu Art Car Dynamik BMW M Hybrid V8 Rennfahrzeug Palazzo Grassi Venedig Fotografien 24-Stunden-Rennen Le Mans Rainer Ro\u00dfbach Rainer Rossbach enzo-und-ferdinand enzo&ferdinand\",\"breadcrumb\":{\"@id\":\"https:\\\/\\\/www.enzo-und-ferdinand.de\\\/index.php\\\/2024\\\/05\\\/22\\\/bmw-art-car-nr-20\\\/#breadcrumb\"},\"inLanguage\":\"de\",\"potentialAction\":[{\"@type\":\"ReadAction\",\"target\":[\"https:\\\/\\\/www.enzo-und-ferdinand.de\\\/index.php\\\/2024\\\/05\\\/22\\\/bmw-art-car-nr-20\\\/\"]}]},{\"@type\":\"ImageObject\",\"inLanguage\":\"de\",\"@id\":\"https:\\\/\\\/www.enzo-und-ferdinand.de\\\/index.php\\\/2024\\\/05\\\/22\\\/bmw-art-car-nr-20\\\/#primaryimage\",\"url\":\"https:\\\/\\\/www.enzo-und-ferdinand.de\\\/wp-content\\\/uploads\\\/2024\\\/05\\\/P90550639_highRes_bmw-art-car-20-by-ar.jpg\",\"contentUrl\":\"https:\\\/\\\/www.enzo-und-ferdinand.de\\\/wp-content\\\/uploads\\\/2024\\\/05\\\/P90550639_highRes_bmw-art-car-20-by-ar.jpg\",\"width\":1000,\"height\":750,\"caption\":\"BMW Art Car Nr. 20\"},{\"@type\":\"BreadcrumbList\",\"@id\":\"https:\\\/\\\/www.enzo-und-ferdinand.de\\\/index.php\\\/2024\\\/05\\\/22\\\/bmw-art-car-nr-20\\\/#breadcrumb\",\"itemListElement\":[{\"@type\":\"ListItem\",\"position\":1,\"name\":\"Startseite\",\"item\":\"https:\\\/\\\/www.enzo-und-ferdinand.de\\\/\"},{\"@type\":\"ListItem\",\"position\":2,\"name\":\"BMW Art Car Nr. 20\"}]},{\"@type\":\"WebSite\",\"@id\":\"https:\\\/\\\/www.enzo-und-ferdinand.de\\\/#website\",\"url\":\"https:\\\/\\\/www.enzo-und-ferdinand.de\\\/\",\"name\":\"enzo & Ferdinand\",\"description\":\"\",\"publisher\":{\"@id\":\"https:\\\/\\\/www.enzo-und-ferdinand.de\\\/#organization\"},\"potentialAction\":[{\"@type\":\"SearchAction\",\"target\":{\"@type\":\"EntryPoint\",\"urlTemplate\":\"https:\\\/\\\/www.enzo-und-ferdinand.de\\\/?s={search_term_string}\"},\"query-input\":{\"@type\":\"PropertyValueSpecification\",\"valueRequired\":true,\"valueName\":\"search_term_string\"}}],\"inLanguage\":\"de\"},{\"@type\":\"Organization\",\"@id\":\"https:\\\/\\\/www.enzo-und-ferdinand.de\\\/#organization\",\"name\":\"enzo & Ferdinand\",\"url\":\"https:\\\/\\\/www.enzo-und-ferdinand.de\\\/\",\"logo\":{\"@type\":\"ImageObject\",\"inLanguage\":\"de\",\"@id\":\"https:\\\/\\\/www.enzo-und-ferdinand.de\\\/#\\\/schema\\\/logo\\\/image\\\/\",\"url\":\"https:\\\/\\\/www.enzo-und-ferdinand.de\\\/wp-content\\\/uploads\\\/2018\\\/12\\\/revvvs-icon.png\",\"contentUrl\":\"https:\\\/\\\/www.enzo-und-ferdinand.de\\\/wp-content\\\/uploads\\\/2018\\\/12\\\/revvvs-icon.png\",\"width\":512,\"height\":512,\"caption\":\"enzo & Ferdinand\"},\"image\":{\"@id\":\"https:\\\/\\\/www.enzo-und-ferdinand.de\\\/#\\\/schema\\\/logo\\\/image\\\/\"}},{\"@type\":\"Person\",\"@id\":\"https:\\\/\\\/www.enzo-und-ferdinand.de\\\/#\\\/schema\\\/person\\\/aff2eb9ff87705987c1b9d21fe10b095\",\"name\":\"Rainer Ro\u00dfbach\",\"image\":{\"@type\":\"ImageObject\",\"inLanguage\":\"de\",\"@id\":\"https:\\\/\\\/www.enzo-und-ferdinand.de\\\/wp-content\\\/uploads\\\/2026\\\/01\\\/Rainer-Rossbach-150x150.jpg\",\"url\":\"https:\\\/\\\/www.enzo-und-ferdinand.de\\\/wp-content\\\/uploads\\\/2026\\\/01\\\/Rainer-Rossbach-150x150.jpg\",\"contentUrl\":\"https:\\\/\\\/www.enzo-und-ferdinand.de\\\/wp-content\\\/uploads\\\/2026\\\/01\\\/Rainer-Rossbach-150x150.jpg\",\"caption\":\"Rainer Ro\u00dfbach\"},\"url\":\"https:\\\/\\\/www.enzo-und-ferdinand.de\\\/index.php\\\/author\\\/redaktion\\\/\"}]}<\/script>\n<!-- \/ Yoast SEO plugin. -->","yoast_head_json":{"title":"BMW Art Car Nr. 20","description":"Julie Mehretu Art Car Dynamik BMW M Hybrid V8 Rennfahrzeug Palazzo Grassi Venedig Fotografien 24-Stunden-Rennen Le Mans Rainer Ro\u00dfbach Rainer Rossbach enzo-und-ferdinand enzo&ferdinand","robots":{"index":"index","follow":"follow","max-snippet":"max-snippet:-1","max-image-preview":"max-image-preview:large","max-video-preview":"max-video-preview:-1"},"canonical":"https:\/\/www.enzo-und-ferdinand.de\/index.php\/2024\/05\/22\/bmw-art-car-nr-20\/","og_locale":"de_DE","og_type":"article","og_title":"BMW Art Car Nr. 20","og_description":"Julie Mehretu Art Car Dynamik BMW M Hybrid V8 Rennfahrzeug Palazzo Grassi Venedig Fotografien 24-Stunden-Rennen Le Mans Rainer Ro\u00dfbach Rainer Rossbach enzo-und-ferdinand enzo&ferdinand","og_url":"https:\/\/www.enzo-und-ferdinand.de\/index.php\/2024\/05\/22\/bmw-art-car-nr-20\/","og_site_name":"enzo &amp; Ferdinand","article_published_time":"2024-05-22T04:31:47+00:00","article_modified_time":"2024-11-01T10:09:25+00:00","og_image":[{"width":1000,"height":750,"url":"https:\/\/www.enzo-und-ferdinand.de\/wp-content\/uploads\/2024\/05\/P90550639_highRes_bmw-art-car-20-by-ar.jpg","type":"image\/jpeg"}],"author":"Rainer Ro\u00dfbach","twitter_card":"summary_large_image","twitter_misc":{"Verfasst von":"Rainer Ro\u00dfbach","Gesch\u00e4tzte Lesezeit":"1\u00a0Minute"},"schema":{"@context":"https:\/\/schema.org","@graph":[{"@type":"Article","@id":"https:\/\/www.enzo-und-ferdinand.de\/index.php\/2024\/05\/22\/bmw-art-car-nr-20\/#article","isPartOf":{"@id":"https:\/\/www.enzo-und-ferdinand.de\/index.php\/2024\/05\/22\/bmw-art-car-nr-20\/"},"author":{"name":"Rainer Ro\u00dfbach","@id":"https:\/\/www.enzo-und-ferdinand.de\/#\/schema\/person\/aff2eb9ff87705987c1b9d21fe10b095"},"headline":"BMW Art Car Nr. 20","datePublished":"2024-05-22T04:31:47+00:00","dateModified":"2024-11-01T10:09:25+00:00","mainEntityOfPage":{"@id":"https:\/\/www.enzo-und-ferdinand.de\/index.php\/2024\/05\/22\/bmw-art-car-nr-20\/"},"wordCount":167,"publisher":{"@id":"https:\/\/www.enzo-und-ferdinand.de\/#organization"},"image":{"@id":"https:\/\/www.enzo-und-ferdinand.de\/index.php\/2024\/05\/22\/bmw-art-car-nr-20\/#primaryimage"},"thumbnailUrl":"https:\/\/www.enzo-und-ferdinand.de\/wp-content\/uploads\/2024\/05\/P90550639_highRes_bmw-art-car-20-by-ar.jpg","keywords":["Art Car","ArtCar","BMW","WEC"],"articleSection":["Automobile Kunst","Performance","Rennsport"],"inLanguage":"de"},{"@type":"WebPage","@id":"https:\/\/www.enzo-und-ferdinand.de\/index.php\/2024\/05\/22\/bmw-art-car-nr-20\/","url":"https:\/\/www.enzo-und-ferdinand.de\/index.php\/2024\/05\/22\/bmw-art-car-nr-20\/","name":"BMW Art Car Nr. 20","isPartOf":{"@id":"https:\/\/www.enzo-und-ferdinand.de\/#website"},"primaryImageOfPage":{"@id":"https:\/\/www.enzo-und-ferdinand.de\/index.php\/2024\/05\/22\/bmw-art-car-nr-20\/#primaryimage"},"image":{"@id":"https:\/\/www.enzo-und-ferdinand.de\/index.php\/2024\/05\/22\/bmw-art-car-nr-20\/#primaryimage"},"thumbnailUrl":"https:\/\/www.enzo-und-ferdinand.de\/wp-content\/uploads\/2024\/05\/P90550639_highRes_bmw-art-car-20-by-ar.jpg","datePublished":"2024-05-22T04:31:47+00:00","dateModified":"2024-11-01T10:09:25+00:00","description":"Julie Mehretu Art Car Dynamik BMW M Hybrid V8 Rennfahrzeug Palazzo Grassi Venedig Fotografien 24-Stunden-Rennen Le Mans Rainer Ro\u00dfbach Rainer Rossbach enzo-und-ferdinand enzo&ferdinand","breadcrumb":{"@id":"https:\/\/www.enzo-und-ferdinand.de\/index.php\/2024\/05\/22\/bmw-art-car-nr-20\/#breadcrumb"},"inLanguage":"de","potentialAction":[{"@type":"ReadAction","target":["https:\/\/www.enzo-und-ferdinand.de\/index.php\/2024\/05\/22\/bmw-art-car-nr-20\/"]}]},{"@type":"ImageObject","inLanguage":"de","@id":"https:\/\/www.enzo-und-ferdinand.de\/index.php\/2024\/05\/22\/bmw-art-car-nr-20\/#primaryimage","url":"https:\/\/www.enzo-und-ferdinand.de\/wp-content\/uploads\/2024\/05\/P90550639_highRes_bmw-art-car-20-by-ar.jpg","contentUrl":"https:\/\/www.enzo-und-ferdinand.de\/wp-content\/uploads\/2024\/05\/P90550639_highRes_bmw-art-car-20-by-ar.jpg","width":1000,"height":750,"caption":"BMW Art Car Nr. 20"},{"@type":"BreadcrumbList","@id":"https:\/\/www.enzo-und-ferdinand.de\/index.php\/2024\/05\/22\/bmw-art-car-nr-20\/#breadcrumb","itemListElement":[{"@type":"ListItem","position":1,"name":"Startseite","item":"https:\/\/www.enzo-und-ferdinand.de\/"},{"@type":"ListItem","position":2,"name":"BMW Art Car Nr. 20"}]},{"@type":"WebSite","@id":"https:\/\/www.enzo-und-ferdinand.de\/#website","url":"https:\/\/www.enzo-und-ferdinand.de\/","name":"enzo & Ferdinand","description":"","publisher":{"@id":"https:\/\/www.enzo-und-ferdinand.de\/#organization"},"potentialAction":[{"@type":"SearchAction","target":{"@type":"EntryPoint","urlTemplate":"https:\/\/www.enzo-und-ferdinand.de\/?s={search_term_string}"},"query-input":{"@type":"PropertyValueSpecification","valueRequired":true,"valueName":"search_term_string"}}],"inLanguage":"de"},{"@type":"Organization","@id":"https:\/\/www.enzo-und-ferdinand.de\/#organization","name":"enzo & Ferdinand","url":"https:\/\/www.enzo-und-ferdinand.de\/","logo":{"@type":"ImageObject","inLanguage":"de","@id":"https:\/\/www.enzo-und-ferdinand.de\/#\/schema\/logo\/image\/","url":"https:\/\/www.enzo-und-ferdinand.de\/wp-content\/uploads\/2018\/12\/revvvs-icon.png","contentUrl":"https:\/\/www.enzo-und-ferdinand.de\/wp-content\/uploads\/2018\/12\/revvvs-icon.png","width":512,"height":512,"caption":"enzo & Ferdinand"},"image":{"@id":"https:\/\/www.enzo-und-ferdinand.de\/#\/schema\/logo\/image\/"}},{"@type":"Person","@id":"https:\/\/www.enzo-und-ferdinand.de\/#\/schema\/person\/aff2eb9ff87705987c1b9d21fe10b095","name":"Rainer Ro\u00dfbach","image":{"@type":"ImageObject","inLanguage":"de","@id":"https:\/\/www.enzo-und-ferdinand.de\/wp-content\/uploads\/2026\/01\/Rainer-Rossbach-150x150.jpg","url":"https:\/\/www.enzo-und-ferdinand.de\/wp-content\/uploads\/2026\/01\/Rainer-Rossbach-150x150.jpg","contentUrl":"https:\/\/www.enzo-und-ferdinand.de\/wp-content\/uploads\/2026\/01\/Rainer-Rossbach-150x150.jpg","caption":"Rainer Ro\u00dfbach"},"url":"https:\/\/www.enzo-und-ferdinand.de\/index.php\/author\/redaktion\/"}]}},"_links":{"self":[{"href":"https:\/\/www.enzo-und-ferdinand.de\/index.php\/wp-json\/wp\/v2\/posts\/16961","targetHints":{"allow":["GET"]}}],"collection":[{"href":"https:\/\/www.enzo-und-ferdinand.de\/index.php\/wp-json\/wp\/v2\/posts"}],"about":[{"href":"https:\/\/www.enzo-und-ferdinand.de\/index.php\/wp-json\/wp\/v2\/types\/post"}],"author":[{"embeddable":true,"href":"https:\/\/www.enzo-und-ferdinand.de\/index.php\/wp-json\/wp\/v2\/users\/1"}],"replies":[{"embeddable":true,"href":"https:\/\/www.enzo-und-ferdinand.de\/index.php\/wp-json\/wp\/v2\/comments?post=16961"}],"version-history":[{"count":2,"href":"https:\/\/www.enzo-und-ferdinand.de\/index.php\/wp-json\/wp\/v2\/posts\/16961\/revisions"}],"predecessor-version":[{"id":16970,"href":"https:\/\/www.enzo-und-ferdinand.de\/index.php\/wp-json\/wp\/v2\/posts\/16961\/revisions\/16970"}],"wp:featuredmedia":[{"embeddable":true,"href":"https:\/\/www.enzo-und-ferdinand.de\/index.php\/wp-json\/wp\/v2\/media\/16971"}],"wp:attachment":[{"href":"https:\/\/www.enzo-und-ferdinand.de\/index.php\/wp-json\/wp\/v2\/media?parent=16961"}],"wp:term":[{"taxonomy":"category","embeddable":true,"href":"https:\/\/www.enzo-und-ferdinand.de\/index.php\/wp-json\/wp\/v2\/categories?post=16961"},{"taxonomy":"post_tag","embeddable":true,"href":"https:\/\/www.enzo-und-ferdinand.de\/index.php\/wp-json\/wp\/v2\/tags?post=16961"}],"curies":[{"name":"wp","href":"https:\/\/api.w.org\/{rel}","templated":true}]}}