{"id":17036,"date":"2024-05-29T06:34:35","date_gmt":"2024-05-29T04:34:35","guid":{"rendered":"https:\/\/www.enzo-und-ferdinand.de\/?p=17036"},"modified":"2024-11-01T11:01:23","modified_gmt":"2024-11-01T10:01:23","slug":"911-carrera-gts-mit-t-hybrid","status":"publish","type":"post","link":"https:\/\/www.enzo-und-ferdinand.de\/index.php\/2024\/05\/29\/911-carrera-gts-mit-t-hybrid\/","title":{"rendered":"911 Carrera GTS mit T-Hybrid"},"content":{"rendered":"\n<figure class=\"wp-block-image size-large is-resized\"><img loading=\"lazy\" decoding=\"async\" width=\"810\" height=\"540\" src=\"https:\/\/www.enzo-und-ferdinand.de\/wp-content\/uploads\/2024\/05\/S24_0909_fine-810x540.jpg\" alt=\"\" class=\"wp-image-17047\" style=\"width:880px;height:auto\" srcset=\"https:\/\/www.enzo-und-ferdinand.de\/wp-content\/uploads\/2024\/05\/S24_0909_fine-810x540.jpg 810w, https:\/\/www.enzo-und-ferdinand.de\/wp-content\/uploads\/2024\/05\/S24_0909_fine-300x200.jpg 300w, https:\/\/www.enzo-und-ferdinand.de\/wp-content\/uploads\/2024\/05\/S24_0909_fine-768x512.jpg 768w, https:\/\/www.enzo-und-ferdinand.de\/wp-content\/uploads\/2024\/05\/S24_0909_fine-120x80.jpg 120w, https:\/\/www.enzo-und-ferdinand.de\/wp-content\/uploads\/2024\/05\/S24_0909_fine.jpg 1000w\" sizes=\"auto, (max-width: 810px) 100vw, 810px\" \/><\/figure>\n\n\n\n<p class=\"wp-block-paragraph\">Der neue Carrera GTS ist der erste stra\u00dfenzugelassene Elfer, der mit einem besonders leichten Performance-Hybrid ausgestattet ist. Der neu entwickelte Antrieb mit 3,6 Liter Hubraum sorgt f\u00fcr deutlich verbesserte Fahrleistungen. Der Wagen beschleunigt in 3,0 Sekunden von null auf 100 km\/h und erreicht eine H\u00f6chstgeschwindigkeit von 312 km\/h.&nbsp;Die Basis des Hybridsystems sind aus dem Motorsport gewonnene Erkenntnisse.<\/p>\n\n\n\n<p class=\"wp-block-paragraph\">Das System verf\u00fcgt \u00fcber einen neu entwickelten elektrischen Abgasturbolader. Eine integrierte E-Maschine, die zwischen Verdichter- und Turbinenrad platziert ist, bringt den Lader blitzschnell auf Drehzahl und baut unmittelbar Ladedruck auf. Die E-Maschine im Abgasturbolader arbeitet gleichzeitig als Generator. Sie erzeugt dabei bis zu 11 kW (15 PS) elektrische Leistung. Diese Energie wird dem Abgasstrom entzogen. Der elektrische Turbolader ohne Wastegate erm\u00f6glicht den Einsatz von nur einem statt wie bisher zwei Turboladern \u2013 bei gleichzeitig verbessertem Ansprechverhalten und gesteigerter Dynamik.<\/p>\n\n\n\n<figure class=\"wp-block-image size-large is-resized\"><img loading=\"lazy\" decoding=\"async\" width=\"810\" height=\"540\" src=\"https:\/\/www.enzo-und-ferdinand.de\/wp-content\/uploads\/2024\/05\/S24_0902_fine-810x540.jpg\" alt=\"\" class=\"wp-image-17044\" style=\"width:880px;height:auto\" srcset=\"https:\/\/www.enzo-und-ferdinand.de\/wp-content\/uploads\/2024\/05\/S24_0902_fine-810x540.jpg 810w, https:\/\/www.enzo-und-ferdinand.de\/wp-content\/uploads\/2024\/05\/S24_0902_fine-300x200.jpg 300w, https:\/\/www.enzo-und-ferdinand.de\/wp-content\/uploads\/2024\/05\/S24_0902_fine-768x512.jpg 768w, https:\/\/www.enzo-und-ferdinand.de\/wp-content\/uploads\/2024\/05\/S24_0902_fine-120x80.jpg 120w, https:\/\/www.enzo-und-ferdinand.de\/wp-content\/uploads\/2024\/05\/S24_0902_fine.jpg 1000w\" sizes=\"auto, (max-width: 810px) 100vw, 810px\" \/><\/figure>\n\n\n\n<p class=\"wp-block-paragraph\">Zum Antriebsstrang geh\u00f6rt dar\u00fcber hinaus eine in das neue, verst\u00e4rkte Achtgang-Doppelkupplungsgetriebe (PDK) integrierte, permanenterregte Synchronmaschine. Sie unterst\u00fctzt den Boxermotor bereits ab Leerlaufdrehzahl mit einem Antriebsmoment von bis zu 150 Nm und stellt eine Leistung von bis zu 40 kW zur Verf\u00fcgung. Beide Elektromotoren koppelt Porsche an eine leichte und kompakte Hochvoltbatterie. Sie entspricht in Gr\u00f6\u00dfe und Gewicht etwa einer konventionellen 12 Volt-Starterbatterie, speichert aber bis zu 1,9 kWh Energie (brutto) und arbeitet mit einer Spannung von 400 Volt. F\u00fcr ein optimiertes Gesamtgewicht f\u00fchrt Porsche unter anderem die 12-V-Bordnetzbatterie als Leichtbau-Lithium-Ionen-Batterie aus.<\/p>\n\n\n\n<p class=\"wp-block-paragraph\">Herzst\u00fcck des Antriebs ist ein neu entwickelter 3,6-Liter-Boxermotor. Durch das Hochvolt-System wird der Klimakompressor elektrisch angetrieben und weil der Riementrieb entf\u00e4llt, baut der Motor deutlich kompakter. Dies schafft \u00fcber dem flachen Aggregat Bauraum f\u00fcr Pulswechselrichter und DC-DC-Wandler. Eine auf 97 Millimeter vergr\u00f6\u00dferte Bohrung und ein auf 81 Millimeter erh\u00f6hter Hub vergr\u00f6\u00dfern den Hubraum gegen\u00fcber dem Vorg\u00e4nger um 0,6 Liter. Der Motor verf\u00fcgt \u00fcber die Nockenwellenverstellung VarioCam und eine Ventilsteuerung mit Rollenschlepphebeln. Er h\u00e4lt \u00fcber das gesamte Kennfeld das ideale Mischungsverh\u00e4ltnis von Kraftstoff und Luft ein (Lambda = 1).<\/p>\n\n\n\n<figure class=\"wp-block-image size-large is-resized\"><img loading=\"lazy\" decoding=\"async\" width=\"810\" height=\"540\" src=\"https:\/\/www.enzo-und-ferdinand.de\/wp-content\/uploads\/2024\/05\/S24_0901_fine-810x540.jpg\" alt=\"\" class=\"wp-image-17043\" style=\"width:880px;height:auto\" srcset=\"https:\/\/www.enzo-und-ferdinand.de\/wp-content\/uploads\/2024\/05\/S24_0901_fine-810x540.jpg 810w, https:\/\/www.enzo-und-ferdinand.de\/wp-content\/uploads\/2024\/05\/S24_0901_fine-300x200.jpg 300w, https:\/\/www.enzo-und-ferdinand.de\/wp-content\/uploads\/2024\/05\/S24_0901_fine-768x512.jpg 768w, https:\/\/www.enzo-und-ferdinand.de\/wp-content\/uploads\/2024\/05\/S24_0901_fine-120x80.jpg 120w, https:\/\/www.enzo-und-ferdinand.de\/wp-content\/uploads\/2024\/05\/S24_0901_fine.jpg 1000w\" sizes=\"auto, (max-width: 810px) 100vw, 810px\" \/><\/figure>\n\n\n\n<p class=\"wp-block-paragraph\">Bereits ohne elektrische Unterst\u00fctzung leistet der Boxermotor 357 kW (485 PS) und 570 Nm Drehmoment. Insgesamt liegt die Systemleistung 398 kW (541 PS) und 610 Nm. Der Leistungszuwachs gegen\u00fcber dem Vorg\u00e4ngermodell betr\u00e4gt 45 kW (61 PS). Beim Sprint unterbietet der neue 911 Carrera GTS seinen Vorg\u00e4nger vor allem in der Startphase. Der effiziente Performance-Hybrid realisiert besonders dynamische Fahrwerte und senkt gleichzeitig den CO\u2082-Aussto\u00df bei deutlich geringerem Mehrgewicht gegen\u00fcber Plug-in-Hybrid-Fahrzeugen. Der Gewichtszuwachs im Vergleich zum Vorg\u00e4nger betr\u00e4gt lediglich 50 Kilogramm.<\/p>\n\n\n\n<p class=\"wp-block-paragraph\">Auch das Fahrwerk des 911 Carrera GTS wurde umfassend \u00fcberarbeitet. So geh\u00f6rt die Hinterachslenkung nun erstmals zur Serienausstattung. Sie erh\u00f6ht die Stabilit\u00e4t bei hohen Geschwindigkeiten und reduziert den Wendekreis. Die Wankstabilisierung Porsche Dynamic Chassis Control (PDCC) bindet Porsche in das Hochvoltsystem des Performance Hybrid ein. Dies erm\u00f6glicht den Einsatz einer elektrohydraulischen Steuerung, wodurch das System noch flexibler und pr\u00e4ziser arbeitet. F\u00fcr das GTS-typische Fahrverhalten sorgen das Sportfahrwerk mit variablem D\u00e4mpfersystem (PASM) und 10 Millimeter Tieferlegung.<\/p>\n\n\n\n<p class=\"wp-block-paragraph\">Den 911 Carrera GTS gibt&nbsp; es als Coup\u00e9, Targa und Cabriolet<\/p>\n\n\n\n<figure class=\"wp-block-gallery has-nested-images columns-default is-cropped wp-block-gallery-1 is-layout-flex wp-block-gallery-is-layout-flex\">\n<figure class=\"wp-block-image size-large\"><img loading=\"lazy\" decoding=\"async\" width=\"810\" height=\"540\" data-id=\"17045\" src=\"https:\/\/www.enzo-und-ferdinand.de\/wp-content\/uploads\/2024\/05\/S24_0903_fine-810x540.jpg\" alt=\"\" class=\"wp-image-17045\" srcset=\"https:\/\/www.enzo-und-ferdinand.de\/wp-content\/uploads\/2024\/05\/S24_0903_fine-810x540.jpg 810w, https:\/\/www.enzo-und-ferdinand.de\/wp-content\/uploads\/2024\/05\/S24_0903_fine-300x200.jpg 300w, https:\/\/www.enzo-und-ferdinand.de\/wp-content\/uploads\/2024\/05\/S24_0903_fine-768x512.jpg 768w, https:\/\/www.enzo-und-ferdinand.de\/wp-content\/uploads\/2024\/05\/S24_0903_fine-120x80.jpg 120w, https:\/\/www.enzo-und-ferdinand.de\/wp-content\/uploads\/2024\/05\/S24_0903_fine.jpg 1000w\" sizes=\"auto, (max-width: 810px) 100vw, 810px\" \/><\/figure>\n\n\n\n<figure class=\"wp-block-image size-large\"><img loading=\"lazy\" decoding=\"async\" width=\"810\" height=\"608\" data-id=\"17042\" src=\"https:\/\/www.enzo-und-ferdinand.de\/wp-content\/uploads\/2024\/05\/S24_0887_fine-810x608.jpg\" alt=\"\" class=\"wp-image-17042\" srcset=\"https:\/\/www.enzo-und-ferdinand.de\/wp-content\/uploads\/2024\/05\/S24_0887_fine-810x608.jpg 810w, https:\/\/www.enzo-und-ferdinand.de\/wp-content\/uploads\/2024\/05\/S24_0887_fine-300x225.jpg 300w, https:\/\/www.enzo-und-ferdinand.de\/wp-content\/uploads\/2024\/05\/S24_0887_fine-768x576.jpg 768w, https:\/\/www.enzo-und-ferdinand.de\/wp-content\/uploads\/2024\/05\/S24_0887_fine.jpg 1000w\" sizes=\"auto, (max-width: 810px) 100vw, 810px\" \/><\/figure>\n\n\n\n<figure class=\"wp-block-image size-large\"><img loading=\"lazy\" decoding=\"async\" width=\"810\" height=\"608\" data-id=\"17041\" src=\"https:\/\/www.enzo-und-ferdinand.de\/wp-content\/uploads\/2024\/05\/S24_0886_fine-810x608.jpg\" alt=\"\" class=\"wp-image-17041\" srcset=\"https:\/\/www.enzo-und-ferdinand.de\/wp-content\/uploads\/2024\/05\/S24_0886_fine-810x608.jpg 810w, https:\/\/www.enzo-und-ferdinand.de\/wp-content\/uploads\/2024\/05\/S24_0886_fine-300x225.jpg 300w, https:\/\/www.enzo-und-ferdinand.de\/wp-content\/uploads\/2024\/05\/S24_0886_fine-768x576.jpg 768w, https:\/\/www.enzo-und-ferdinand.de\/wp-content\/uploads\/2024\/05\/S24_0886_fine.jpg 1000w\" sizes=\"auto, (max-width: 810px) 100vw, 810px\" \/><\/figure>\n\n\n\n<figure class=\"wp-block-image size-large\"><img loading=\"lazy\" decoding=\"async\" width=\"810\" height=\"608\" data-id=\"17040\" src=\"https:\/\/www.enzo-und-ferdinand.de\/wp-content\/uploads\/2024\/05\/S24_0885_fine-810x608.jpg\" alt=\"\" class=\"wp-image-17040\" srcset=\"https:\/\/www.enzo-und-ferdinand.de\/wp-content\/uploads\/2024\/05\/S24_0885_fine-810x608.jpg 810w, https:\/\/www.enzo-und-ferdinand.de\/wp-content\/uploads\/2024\/05\/S24_0885_fine-300x225.jpg 300w, https:\/\/www.enzo-und-ferdinand.de\/wp-content\/uploads\/2024\/05\/S24_0885_fine-768x576.jpg 768w, https:\/\/www.enzo-und-ferdinand.de\/wp-content\/uploads\/2024\/05\/S24_0885_fine.jpg 1000w\" sizes=\"auto, (max-width: 810px) 100vw, 810px\" \/><\/figure>\n<\/figure>\n\n\n\n<p class=\"has-text-align-right has-small-font-size wp-block-paragraph\">Fotos: Porsche\/Text: Porsche, rr<\/p>\n","protected":false},"excerpt":{"rendered":"<p>Der neue Carrera GTS ist der erste stra\u00dfenzugelassene Elfer, der mit einem besonders leichten Performance-Hybrid ausgestattet ist. Der neu entwickelte Antrieb mit 3,6 Liter Hubraum sorgt f\u00fcr deutlich verbesserte Fahrleistungen. Der Wagen beschleunigt in 3,0 Sekunden von null auf 100 km\/h und erreicht eine H\u00f6chstgeschwindigkeit von 312 km\/h.\u00a0Die Basis des Hybridsystems sind aus dem Motorsport gewonnene Erkenntnisse.<\/p>\n","protected":false},"author":1,"featured_media":17046,"comment_status":"closed","ping_status":"closed","sticky":false,"template":"","format":"standard","meta":{"_crdt_document":"","ngg_post_thumbnail":0,"footnotes":""},"categories":[13,23,586],"tags":[201],"class_list":["post-17036","post","type-post","status-publish","format-standard","has-post-thumbnail","hentry","category-ikonen","category-performance","category-technologie","tag-porsche"],"yoast_head":"<!-- This site is optimized with the Yoast SEO plugin v27.5 - https:\/\/yoast.com\/product\/yoast-seo-wordpress\/ -->\n<title>911 Carrera GTS mit T-Hybrid<\/title>\n<meta name=\"description\" content=\"Porsche 911 Carrera GTS T-Hybrid Elfer Performance-Hybrid Motorsport elektrischer Abgasturbolader E-Maschine Generator PDK permanenterregte Synchronmaschine Boxermotor Hochvoltbatterie Pulswechselrichter VarioCam Wankstabilisierung Rainer Ro\u00dfbach Rainer Rossbach enzo-und-ferdinand enzo&amp;ferdinand\" \/>\n<meta name=\"robots\" content=\"index, follow, max-snippet:-1, max-image-preview:large, max-video-preview:-1\" \/>\n<link rel=\"canonical\" href=\"https:\/\/www.enzo-und-ferdinand.de\/index.php\/2024\/05\/29\/911-carrera-gts-mit-t-hybrid\/\" \/>\n<meta property=\"og:locale\" content=\"de_DE\" \/>\n<meta property=\"og:type\" content=\"article\" \/>\n<meta property=\"og:title\" content=\"911 Carrera GTS mit T-Hybrid\" \/>\n<meta property=\"og:description\" content=\"Porsche 911 Carrera GTS T-Hybrid Elfer Performance-Hybrid Motorsport elektrischer Abgasturbolader E-Maschine Generator PDK permanenterregte Synchronmaschine Boxermotor Hochvoltbatterie Pulswechselrichter VarioCam Wankstabilisierung Rainer Ro\u00dfbach Rainer Rossbach enzo-und-ferdinand enzo&amp;ferdinand\" \/>\n<meta property=\"og:url\" content=\"https:\/\/www.enzo-und-ferdinand.de\/index.php\/2024\/05\/29\/911-carrera-gts-mit-t-hybrid\/\" \/>\n<meta property=\"og:site_name\" content=\"enzo &amp; Ferdinand\" \/>\n<meta property=\"article:published_time\" content=\"2024-05-29T04:34:35+00:00\" \/>\n<meta property=\"article:modified_time\" content=\"2024-11-01T10:01:23+00:00\" \/>\n<meta property=\"og:image\" content=\"https:\/\/www.enzo-und-ferdinand.de\/wp-content\/uploads\/2024\/05\/S24_0908_fine.jpg\" \/>\n\t<meta property=\"og:image:width\" content=\"1000\" \/>\n\t<meta property=\"og:image:height\" content=\"667\" \/>\n\t<meta property=\"og:image:type\" content=\"image\/jpeg\" \/>\n<meta name=\"author\" content=\"Rainer Ro\u00dfbach\" \/>\n<meta name=\"twitter:card\" content=\"summary_large_image\" \/>\n<meta name=\"twitter:label1\" content=\"Verfasst von\" \/>\n\t<meta name=\"twitter:data1\" content=\"Rainer Ro\u00dfbach\" \/>\n\t<meta name=\"twitter:label2\" content=\"Gesch\u00e4tzte Lesezeit\" \/>\n\t<meta name=\"twitter:data2\" content=\"3\u00a0Minuten\" \/>\n<script type=\"application\/ld+json\" class=\"yoast-schema-graph\">{\"@context\":\"https:\\\/\\\/schema.org\",\"@graph\":[{\"@type\":\"Article\",\"@id\":\"https:\\\/\\\/www.enzo-und-ferdinand.de\\\/index.php\\\/2024\\\/05\\\/29\\\/911-carrera-gts-mit-t-hybrid\\\/#article\",\"isPartOf\":{\"@id\":\"https:\\\/\\\/www.enzo-und-ferdinand.de\\\/index.php\\\/2024\\\/05\\\/29\\\/911-carrera-gts-mit-t-hybrid\\\/\"},\"author\":{\"name\":\"Rainer Ro\u00dfbach\",\"@id\":\"https:\\\/\\\/www.enzo-und-ferdinand.de\\\/#\\\/schema\\\/person\\\/aff2eb9ff87705987c1b9d21fe10b095\"},\"headline\":\"911 Carrera GTS mit T-Hybrid\",\"datePublished\":\"2024-05-29T04:34:35+00:00\",\"dateModified\":\"2024-11-01T10:01:23+00:00\",\"mainEntityOfPage\":{\"@id\":\"https:\\\/\\\/www.enzo-und-ferdinand.de\\\/index.php\\\/2024\\\/05\\\/29\\\/911-carrera-gts-mit-t-hybrid\\\/\"},\"wordCount\":504,\"publisher\":{\"@id\":\"https:\\\/\\\/www.enzo-und-ferdinand.de\\\/#organization\"},\"image\":{\"@id\":\"https:\\\/\\\/www.enzo-und-ferdinand.de\\\/index.php\\\/2024\\\/05\\\/29\\\/911-carrera-gts-mit-t-hybrid\\\/#primaryimage\"},\"thumbnailUrl\":\"https:\\\/\\\/www.enzo-und-ferdinand.de\\\/wp-content\\\/uploads\\\/2024\\\/05\\\/S24_0908_fine.jpg\",\"keywords\":[\"Porsche\"],\"articleSection\":[\"Ikonen\",\"Performance\",\"Technologie\"],\"inLanguage\":\"de\"},{\"@type\":\"WebPage\",\"@id\":\"https:\\\/\\\/www.enzo-und-ferdinand.de\\\/index.php\\\/2024\\\/05\\\/29\\\/911-carrera-gts-mit-t-hybrid\\\/\",\"url\":\"https:\\\/\\\/www.enzo-und-ferdinand.de\\\/index.php\\\/2024\\\/05\\\/29\\\/911-carrera-gts-mit-t-hybrid\\\/\",\"name\":\"911 Carrera GTS mit T-Hybrid\",\"isPartOf\":{\"@id\":\"https:\\\/\\\/www.enzo-und-ferdinand.de\\\/#website\"},\"primaryImageOfPage\":{\"@id\":\"https:\\\/\\\/www.enzo-und-ferdinand.de\\\/index.php\\\/2024\\\/05\\\/29\\\/911-carrera-gts-mit-t-hybrid\\\/#primaryimage\"},\"image\":{\"@id\":\"https:\\\/\\\/www.enzo-und-ferdinand.de\\\/index.php\\\/2024\\\/05\\\/29\\\/911-carrera-gts-mit-t-hybrid\\\/#primaryimage\"},\"thumbnailUrl\":\"https:\\\/\\\/www.enzo-und-ferdinand.de\\\/wp-content\\\/uploads\\\/2024\\\/05\\\/S24_0908_fine.jpg\",\"datePublished\":\"2024-05-29T04:34:35+00:00\",\"dateModified\":\"2024-11-01T10:01:23+00:00\",\"description\":\"Porsche 911 Carrera GTS T-Hybrid Elfer Performance-Hybrid Motorsport elektrischer Abgasturbolader E-Maschine Generator PDK permanenterregte Synchronmaschine Boxermotor Hochvoltbatterie Pulswechselrichter VarioCam Wankstabilisierung Rainer Ro\u00dfbach Rainer Rossbach enzo-und-ferdinand enzo&ferdinand\",\"breadcrumb\":{\"@id\":\"https:\\\/\\\/www.enzo-und-ferdinand.de\\\/index.php\\\/2024\\\/05\\\/29\\\/911-carrera-gts-mit-t-hybrid\\\/#breadcrumb\"},\"inLanguage\":\"de\",\"potentialAction\":[{\"@type\":\"ReadAction\",\"target\":[\"https:\\\/\\\/www.enzo-und-ferdinand.de\\\/index.php\\\/2024\\\/05\\\/29\\\/911-carrera-gts-mit-t-hybrid\\\/\"]}]},{\"@type\":\"ImageObject\",\"inLanguage\":\"de\",\"@id\":\"https:\\\/\\\/www.enzo-und-ferdinand.de\\\/index.php\\\/2024\\\/05\\\/29\\\/911-carrera-gts-mit-t-hybrid\\\/#primaryimage\",\"url\":\"https:\\\/\\\/www.enzo-und-ferdinand.de\\\/wp-content\\\/uploads\\\/2024\\\/05\\\/S24_0908_fine.jpg\",\"contentUrl\":\"https:\\\/\\\/www.enzo-und-ferdinand.de\\\/wp-content\\\/uploads\\\/2024\\\/05\\\/S24_0908_fine.jpg\",\"width\":1000,\"height\":667,\"caption\":\"911 Carrera GTS mit T-Hybrid\"},{\"@type\":\"BreadcrumbList\",\"@id\":\"https:\\\/\\\/www.enzo-und-ferdinand.de\\\/index.php\\\/2024\\\/05\\\/29\\\/911-carrera-gts-mit-t-hybrid\\\/#breadcrumb\",\"itemListElement\":[{\"@type\":\"ListItem\",\"position\":1,\"name\":\"Startseite\",\"item\":\"https:\\\/\\\/www.enzo-und-ferdinand.de\\\/\"},{\"@type\":\"ListItem\",\"position\":2,\"name\":\"911 Carrera GTS mit T-Hybrid\"}]},{\"@type\":\"WebSite\",\"@id\":\"https:\\\/\\\/www.enzo-und-ferdinand.de\\\/#website\",\"url\":\"https:\\\/\\\/www.enzo-und-ferdinand.de\\\/\",\"name\":\"enzo & Ferdinand\",\"description\":\"\",\"publisher\":{\"@id\":\"https:\\\/\\\/www.enzo-und-ferdinand.de\\\/#organization\"},\"potentialAction\":[{\"@type\":\"SearchAction\",\"target\":{\"@type\":\"EntryPoint\",\"urlTemplate\":\"https:\\\/\\\/www.enzo-und-ferdinand.de\\\/?s={search_term_string}\"},\"query-input\":{\"@type\":\"PropertyValueSpecification\",\"valueRequired\":true,\"valueName\":\"search_term_string\"}}],\"inLanguage\":\"de\"},{\"@type\":\"Organization\",\"@id\":\"https:\\\/\\\/www.enzo-und-ferdinand.de\\\/#organization\",\"name\":\"enzo & Ferdinand\",\"url\":\"https:\\\/\\\/www.enzo-und-ferdinand.de\\\/\",\"logo\":{\"@type\":\"ImageObject\",\"inLanguage\":\"de\",\"@id\":\"https:\\\/\\\/www.enzo-und-ferdinand.de\\\/#\\\/schema\\\/logo\\\/image\\\/\",\"url\":\"https:\\\/\\\/www.enzo-und-ferdinand.de\\\/wp-content\\\/uploads\\\/2018\\\/12\\\/revvvs-icon.png\",\"contentUrl\":\"https:\\\/\\\/www.enzo-und-ferdinand.de\\\/wp-content\\\/uploads\\\/2018\\\/12\\\/revvvs-icon.png\",\"width\":512,\"height\":512,\"caption\":\"enzo & Ferdinand\"},\"image\":{\"@id\":\"https:\\\/\\\/www.enzo-und-ferdinand.de\\\/#\\\/schema\\\/logo\\\/image\\\/\"}},{\"@type\":\"Person\",\"@id\":\"https:\\\/\\\/www.enzo-und-ferdinand.de\\\/#\\\/schema\\\/person\\\/aff2eb9ff87705987c1b9d21fe10b095\",\"name\":\"Rainer Ro\u00dfbach\",\"image\":{\"@type\":\"ImageObject\",\"inLanguage\":\"de\",\"@id\":\"https:\\\/\\\/www.enzo-und-ferdinand.de\\\/wp-content\\\/uploads\\\/2026\\\/01\\\/Rainer-Rossbach-150x150.jpg\",\"url\":\"https:\\\/\\\/www.enzo-und-ferdinand.de\\\/wp-content\\\/uploads\\\/2026\\\/01\\\/Rainer-Rossbach-150x150.jpg\",\"contentUrl\":\"https:\\\/\\\/www.enzo-und-ferdinand.de\\\/wp-content\\\/uploads\\\/2026\\\/01\\\/Rainer-Rossbach-150x150.jpg\",\"caption\":\"Rainer Ro\u00dfbach\"},\"url\":\"https:\\\/\\\/www.enzo-und-ferdinand.de\\\/index.php\\\/author\\\/redaktion\\\/\"}]}<\/script>\n<!-- \/ Yoast SEO plugin. -->","yoast_head_json":{"title":"911 Carrera GTS mit T-Hybrid","description":"Porsche 911 Carrera GTS T-Hybrid Elfer Performance-Hybrid Motorsport elektrischer Abgasturbolader E-Maschine Generator PDK permanenterregte Synchronmaschine Boxermotor Hochvoltbatterie Pulswechselrichter VarioCam Wankstabilisierung Rainer Ro\u00dfbach Rainer Rossbach enzo-und-ferdinand enzo&ferdinand","robots":{"index":"index","follow":"follow","max-snippet":"max-snippet:-1","max-image-preview":"max-image-preview:large","max-video-preview":"max-video-preview:-1"},"canonical":"https:\/\/www.enzo-und-ferdinand.de\/index.php\/2024\/05\/29\/911-carrera-gts-mit-t-hybrid\/","og_locale":"de_DE","og_type":"article","og_title":"911 Carrera GTS mit T-Hybrid","og_description":"Porsche 911 Carrera GTS T-Hybrid Elfer Performance-Hybrid Motorsport elektrischer Abgasturbolader E-Maschine Generator PDK permanenterregte Synchronmaschine Boxermotor Hochvoltbatterie Pulswechselrichter VarioCam Wankstabilisierung Rainer Ro\u00dfbach Rainer Rossbach enzo-und-ferdinand enzo&ferdinand","og_url":"https:\/\/www.enzo-und-ferdinand.de\/index.php\/2024\/05\/29\/911-carrera-gts-mit-t-hybrid\/","og_site_name":"enzo &amp; Ferdinand","article_published_time":"2024-05-29T04:34:35+00:00","article_modified_time":"2024-11-01T10:01:23+00:00","og_image":[{"width":1000,"height":667,"url":"https:\/\/www.enzo-und-ferdinand.de\/wp-content\/uploads\/2024\/05\/S24_0908_fine.jpg","type":"image\/jpeg"}],"author":"Rainer Ro\u00dfbach","twitter_card":"summary_large_image","twitter_misc":{"Verfasst von":"Rainer Ro\u00dfbach","Gesch\u00e4tzte Lesezeit":"3\u00a0Minuten"},"schema":{"@context":"https:\/\/schema.org","@graph":[{"@type":"Article","@id":"https:\/\/www.enzo-und-ferdinand.de\/index.php\/2024\/05\/29\/911-carrera-gts-mit-t-hybrid\/#article","isPartOf":{"@id":"https:\/\/www.enzo-und-ferdinand.de\/index.php\/2024\/05\/29\/911-carrera-gts-mit-t-hybrid\/"},"author":{"name":"Rainer Ro\u00dfbach","@id":"https:\/\/www.enzo-und-ferdinand.de\/#\/schema\/person\/aff2eb9ff87705987c1b9d21fe10b095"},"headline":"911 Carrera GTS mit T-Hybrid","datePublished":"2024-05-29T04:34:35+00:00","dateModified":"2024-11-01T10:01:23+00:00","mainEntityOfPage":{"@id":"https:\/\/www.enzo-und-ferdinand.de\/index.php\/2024\/05\/29\/911-carrera-gts-mit-t-hybrid\/"},"wordCount":504,"publisher":{"@id":"https:\/\/www.enzo-und-ferdinand.de\/#organization"},"image":{"@id":"https:\/\/www.enzo-und-ferdinand.de\/index.php\/2024\/05\/29\/911-carrera-gts-mit-t-hybrid\/#primaryimage"},"thumbnailUrl":"https:\/\/www.enzo-und-ferdinand.de\/wp-content\/uploads\/2024\/05\/S24_0908_fine.jpg","keywords":["Porsche"],"articleSection":["Ikonen","Performance","Technologie"],"inLanguage":"de"},{"@type":"WebPage","@id":"https:\/\/www.enzo-und-ferdinand.de\/index.php\/2024\/05\/29\/911-carrera-gts-mit-t-hybrid\/","url":"https:\/\/www.enzo-und-ferdinand.de\/index.php\/2024\/05\/29\/911-carrera-gts-mit-t-hybrid\/","name":"911 Carrera GTS mit T-Hybrid","isPartOf":{"@id":"https:\/\/www.enzo-und-ferdinand.de\/#website"},"primaryImageOfPage":{"@id":"https:\/\/www.enzo-und-ferdinand.de\/index.php\/2024\/05\/29\/911-carrera-gts-mit-t-hybrid\/#primaryimage"},"image":{"@id":"https:\/\/www.enzo-und-ferdinand.de\/index.php\/2024\/05\/29\/911-carrera-gts-mit-t-hybrid\/#primaryimage"},"thumbnailUrl":"https:\/\/www.enzo-und-ferdinand.de\/wp-content\/uploads\/2024\/05\/S24_0908_fine.jpg","datePublished":"2024-05-29T04:34:35+00:00","dateModified":"2024-11-01T10:01:23+00:00","description":"Porsche 911 Carrera GTS T-Hybrid Elfer Performance-Hybrid Motorsport elektrischer Abgasturbolader E-Maschine Generator PDK permanenterregte Synchronmaschine Boxermotor Hochvoltbatterie Pulswechselrichter VarioCam Wankstabilisierung Rainer Ro\u00dfbach Rainer Rossbach enzo-und-ferdinand enzo&ferdinand","breadcrumb":{"@id":"https:\/\/www.enzo-und-ferdinand.de\/index.php\/2024\/05\/29\/911-carrera-gts-mit-t-hybrid\/#breadcrumb"},"inLanguage":"de","potentialAction":[{"@type":"ReadAction","target":["https:\/\/www.enzo-und-ferdinand.de\/index.php\/2024\/05\/29\/911-carrera-gts-mit-t-hybrid\/"]}]},{"@type":"ImageObject","inLanguage":"de","@id":"https:\/\/www.enzo-und-ferdinand.de\/index.php\/2024\/05\/29\/911-carrera-gts-mit-t-hybrid\/#primaryimage","url":"https:\/\/www.enzo-und-ferdinand.de\/wp-content\/uploads\/2024\/05\/S24_0908_fine.jpg","contentUrl":"https:\/\/www.enzo-und-ferdinand.de\/wp-content\/uploads\/2024\/05\/S24_0908_fine.jpg","width":1000,"height":667,"caption":"911 Carrera GTS mit T-Hybrid"},{"@type":"BreadcrumbList","@id":"https:\/\/www.enzo-und-ferdinand.de\/index.php\/2024\/05\/29\/911-carrera-gts-mit-t-hybrid\/#breadcrumb","itemListElement":[{"@type":"ListItem","position":1,"name":"Startseite","item":"https:\/\/www.enzo-und-ferdinand.de\/"},{"@type":"ListItem","position":2,"name":"911 Carrera GTS mit T-Hybrid"}]},{"@type":"WebSite","@id":"https:\/\/www.enzo-und-ferdinand.de\/#website","url":"https:\/\/www.enzo-und-ferdinand.de\/","name":"enzo & Ferdinand","description":"","publisher":{"@id":"https:\/\/www.enzo-und-ferdinand.de\/#organization"},"potentialAction":[{"@type":"SearchAction","target":{"@type":"EntryPoint","urlTemplate":"https:\/\/www.enzo-und-ferdinand.de\/?s={search_term_string}"},"query-input":{"@type":"PropertyValueSpecification","valueRequired":true,"valueName":"search_term_string"}}],"inLanguage":"de"},{"@type":"Organization","@id":"https:\/\/www.enzo-und-ferdinand.de\/#organization","name":"enzo & Ferdinand","url":"https:\/\/www.enzo-und-ferdinand.de\/","logo":{"@type":"ImageObject","inLanguage":"de","@id":"https:\/\/www.enzo-und-ferdinand.de\/#\/schema\/logo\/image\/","url":"https:\/\/www.enzo-und-ferdinand.de\/wp-content\/uploads\/2018\/12\/revvvs-icon.png","contentUrl":"https:\/\/www.enzo-und-ferdinand.de\/wp-content\/uploads\/2018\/12\/revvvs-icon.png","width":512,"height":512,"caption":"enzo & Ferdinand"},"image":{"@id":"https:\/\/www.enzo-und-ferdinand.de\/#\/schema\/logo\/image\/"}},{"@type":"Person","@id":"https:\/\/www.enzo-und-ferdinand.de\/#\/schema\/person\/aff2eb9ff87705987c1b9d21fe10b095","name":"Rainer Ro\u00dfbach","image":{"@type":"ImageObject","inLanguage":"de","@id":"https:\/\/www.enzo-und-ferdinand.de\/wp-content\/uploads\/2026\/01\/Rainer-Rossbach-150x150.jpg","url":"https:\/\/www.enzo-und-ferdinand.de\/wp-content\/uploads\/2026\/01\/Rainer-Rossbach-150x150.jpg","contentUrl":"https:\/\/www.enzo-und-ferdinand.de\/wp-content\/uploads\/2026\/01\/Rainer-Rossbach-150x150.jpg","caption":"Rainer Ro\u00dfbach"},"url":"https:\/\/www.enzo-und-ferdinand.de\/index.php\/author\/redaktion\/"}]}},"_links":{"self":[{"href":"https:\/\/www.enzo-und-ferdinand.de\/index.php\/wp-json\/wp\/v2\/posts\/17036","targetHints":{"allow":["GET"]}}],"collection":[{"href":"https:\/\/www.enzo-und-ferdinand.de\/index.php\/wp-json\/wp\/v2\/posts"}],"about":[{"href":"https:\/\/www.enzo-und-ferdinand.de\/index.php\/wp-json\/wp\/v2\/types\/post"}],"author":[{"embeddable":true,"href":"https:\/\/www.enzo-und-ferdinand.de\/index.php\/wp-json\/wp\/v2\/users\/1"}],"replies":[{"embeddable":true,"href":"https:\/\/www.enzo-und-ferdinand.de\/index.php\/wp-json\/wp\/v2\/comments?post=17036"}],"version-history":[{"count":4,"href":"https:\/\/www.enzo-und-ferdinand.de\/index.php\/wp-json\/wp\/v2\/posts\/17036\/revisions"}],"predecessor-version":[{"id":17048,"href":"https:\/\/www.enzo-und-ferdinand.de\/index.php\/wp-json\/wp\/v2\/posts\/17036\/revisions\/17048"}],"wp:featuredmedia":[{"embeddable":true,"href":"https:\/\/www.enzo-und-ferdinand.de\/index.php\/wp-json\/wp\/v2\/media\/17046"}],"wp:attachment":[{"href":"https:\/\/www.enzo-und-ferdinand.de\/index.php\/wp-json\/wp\/v2\/media?parent=17036"}],"wp:term":[{"taxonomy":"category","embeddable":true,"href":"https:\/\/www.enzo-und-ferdinand.de\/index.php\/wp-json\/wp\/v2\/categories?post=17036"},{"taxonomy":"post_tag","embeddable":true,"href":"https:\/\/www.enzo-und-ferdinand.de\/index.php\/wp-json\/wp\/v2\/tags?post=17036"}],"curies":[{"name":"wp","href":"https:\/\/api.w.org\/{rel}","templated":true}]}}