{"id":17056,"date":"2024-05-31T08:40:37","date_gmt":"2024-05-31T06:40:37","guid":{"rendered":"https:\/\/www.enzo-und-ferdinand.de\/?p=17056"},"modified":"2024-06-13T08:22:46","modified_gmt":"2024-06-13T06:22:46","slug":"bmw-m4-gt3-evo","status":"publish","type":"post","link":"https:\/\/www.enzo-und-ferdinand.de\/index.php\/2024\/05\/31\/bmw-m4-gt3-evo\/","title":{"rendered":"BMW M4 GT3 Evo"},"content":{"rendered":"\n<figure class=\"wp-block-image size-large is-resized\"><img loading=\"lazy\" decoding=\"async\" width=\"810\" height=\"608\" src=\"https:\/\/www.enzo-und-ferdinand.de\/wp-content\/uploads\/2024\/05\/P90552069_highRes_munich-ger-29th-may--810x608.jpg\" alt=\"\" class=\"wp-image-17064\" style=\"width:880px;height:auto\" srcset=\"https:\/\/www.enzo-und-ferdinand.de\/wp-content\/uploads\/2024\/05\/P90552069_highRes_munich-ger-29th-may--810x608.jpg 810w, https:\/\/www.enzo-und-ferdinand.de\/wp-content\/uploads\/2024\/05\/P90552069_highRes_munich-ger-29th-may--300x225.jpg 300w, https:\/\/www.enzo-und-ferdinand.de\/wp-content\/uploads\/2024\/05\/P90552069_highRes_munich-ger-29th-may--768x576.jpg 768w, https:\/\/www.enzo-und-ferdinand.de\/wp-content\/uploads\/2024\/05\/P90552069_highRes_munich-ger-29th-may-.jpg 1000w\" sizes=\"auto, (max-width: 810px) 100vw, 810px\" \/><\/figure>\n\n\n\n<p class=\"wp-block-paragraph\">Die Ingenieure von M Motorsport haben ihr Flaggschiff im GT-Sport angesch\u00e4rft. Ab der Saison 2025 wird der Wagen zum Einsatz kommen, genauso wie der BMW M4 GT4, von dem es ebenfalls ab n\u00e4chster Saison eine EVO-Version geben wird. Der Fokus bei der Entwicklung des GT3 EVO lag nicht unbedingt auf reiner Performance, sondern Fahrbarkeit, Effizienz und Zuverl\u00e4ssigkeit standen an oberster Stelle des Lastenhefts.&nbsp;<\/p>\n\n\n\n<p class=\"wp-block-paragraph\">Die auff\u00e4lligste Ver\u00e4nderung am Chassis ist die, das es nicht mehr klassisch lackiert ist, sondern eine deutlich leichtere kathodische Tauchlackierung verh\u00e4lt. Kleinere Aero-Au\u00dfenspiegel, gr\u00f6\u00dfere Luftausl\u00e4sse an den vorderen Radk\u00e4sten und ein ver\u00e4nderter Verstellbereich des Heckfl\u00fcgels sorgen f\u00fcr mehr aerodynamische Effizienz.<\/p>\n\n\n\n<p class=\"wp-block-paragraph\">Neue Stabilisatoren an der Vorder- und Hinterachse, gr\u00f6\u00dfere Bremsscheiben hinten sowie ein deutlich feiner und einfacher einstellbares Differenzial sorgen f\u00fcr weniger Reifen- und Bremsverschlei\u00df und damit bessere und konstantere Fahrbarkeit. Neu sind zudem die Scheinwerfer vorne und hinten im LCI-Design.<\/p>\n\n\n\n<figure class=\"wp-block-image size-large is-resized\"><img loading=\"lazy\" decoding=\"async\" width=\"810\" height=\"608\" src=\"https:\/\/www.enzo-und-ferdinand.de\/wp-content\/uploads\/2024\/05\/P90552067_highRes_munich-ger-29th-may--810x608.jpg\" alt=\"\" class=\"wp-image-17063\" style=\"width:880px;height:auto\" srcset=\"https:\/\/www.enzo-und-ferdinand.de\/wp-content\/uploads\/2024\/05\/P90552067_highRes_munich-ger-29th-may--810x608.jpg 810w, https:\/\/www.enzo-und-ferdinand.de\/wp-content\/uploads\/2024\/05\/P90552067_highRes_munich-ger-29th-may--300x225.jpg 300w, https:\/\/www.enzo-und-ferdinand.de\/wp-content\/uploads\/2024\/05\/P90552067_highRes_munich-ger-29th-may--768x576.jpg 768w, https:\/\/www.enzo-und-ferdinand.de\/wp-content\/uploads\/2024\/05\/P90552067_highRes_munich-ger-29th-may-.jpg 1000w\" sizes=\"auto, (max-width: 810px) 100vw, 810px\" \/><\/figure>\n\n\n\n<p class=\"wp-block-paragraph\">Das Design mit dem Namen \u201eInception\u201c integriert die Themen Digitalit\u00e4t und Mehrdimensionalit\u00e4t in ein kontrastreiches Mosaik. Aus vielen verschiedenen Perspektiven erscheinen die M Farben in derselben Reihenfolge wie im M Logo: hellblau links, dunkelblau in der Mitte, rot rechts \u2013 aber nun in drei pixelartigen Dimensionen. So entsteht ein asymmetrisches Gesamtdesign mit einem nicht reflektierenden mattschwarzen Bereich vor dem Fahrer. Die schwarzen Bereiche sind nicht foliert, sondern es scheint das Karbon hindurch, was zus\u00e4tzlich Gewicht spart.<\/p>\n\n\n\n<p class=\"wp-block-paragraph\">Die Testarbeit haben im wesentlichen die Werksfahrer Jens Klingmann aus Deutschland, der Kanadier Bruno Spengler und Augusto Farfus aus Brasilien \u00fcbernommen. Der Preis des Fahrzeugs betr\u00e4gt 578.000 Euro netto.<\/p>\n\n\n\n<figure class=\"wp-block-gallery has-nested-images columns-default is-cropped wp-block-gallery-1 is-layout-flex wp-block-gallery-is-layout-flex\">\n<figure class=\"wp-block-image size-large\"><img loading=\"lazy\" decoding=\"async\" width=\"810\" height=\"608\" data-id=\"17061\" src=\"https:\/\/www.enzo-und-ferdinand.de\/wp-content\/uploads\/2024\/05\/P90552059_highRes_munich-ger-29th-may--810x608.jpg\" alt=\"\" class=\"wp-image-17061\" srcset=\"https:\/\/www.enzo-und-ferdinand.de\/wp-content\/uploads\/2024\/05\/P90552059_highRes_munich-ger-29th-may--810x608.jpg 810w, https:\/\/www.enzo-und-ferdinand.de\/wp-content\/uploads\/2024\/05\/P90552059_highRes_munich-ger-29th-may--300x225.jpg 300w, https:\/\/www.enzo-und-ferdinand.de\/wp-content\/uploads\/2024\/05\/P90552059_highRes_munich-ger-29th-may--768x576.jpg 768w, https:\/\/www.enzo-und-ferdinand.de\/wp-content\/uploads\/2024\/05\/P90552059_highRes_munich-ger-29th-may-.jpg 1000w\" sizes=\"auto, (max-width: 810px) 100vw, 810px\" \/><\/figure>\n\n\n\n<figure class=\"wp-block-image size-large\"><img loading=\"lazy\" decoding=\"async\" width=\"810\" height=\"608\" data-id=\"17060\" src=\"https:\/\/www.enzo-und-ferdinand.de\/wp-content\/uploads\/2024\/05\/P90552058_highRes_munich-ger-29th-may--810x608.jpg\" alt=\"\" class=\"wp-image-17060\" srcset=\"https:\/\/www.enzo-und-ferdinand.de\/wp-content\/uploads\/2024\/05\/P90552058_highRes_munich-ger-29th-may--810x608.jpg 810w, https:\/\/www.enzo-und-ferdinand.de\/wp-content\/uploads\/2024\/05\/P90552058_highRes_munich-ger-29th-may--300x225.jpg 300w, https:\/\/www.enzo-und-ferdinand.de\/wp-content\/uploads\/2024\/05\/P90552058_highRes_munich-ger-29th-may--768x576.jpg 768w, https:\/\/www.enzo-und-ferdinand.de\/wp-content\/uploads\/2024\/05\/P90552058_highRes_munich-ger-29th-may-.jpg 1000w\" sizes=\"auto, (max-width: 810px) 100vw, 810px\" \/><\/figure>\n\n\n\n<figure class=\"wp-block-image size-large\"><img loading=\"lazy\" decoding=\"async\" width=\"810\" height=\"608\" data-id=\"17058\" src=\"https:\/\/www.enzo-und-ferdinand.de\/wp-content\/uploads\/2024\/05\/P90552052_highRes_munich-ger-29th-may--810x608.jpg\" alt=\"\" class=\"wp-image-17058\" srcset=\"https:\/\/www.enzo-und-ferdinand.de\/wp-content\/uploads\/2024\/05\/P90552052_highRes_munich-ger-29th-may--810x608.jpg 810w, https:\/\/www.enzo-und-ferdinand.de\/wp-content\/uploads\/2024\/05\/P90552052_highRes_munich-ger-29th-may--300x225.jpg 300w, https:\/\/www.enzo-und-ferdinand.de\/wp-content\/uploads\/2024\/05\/P90552052_highRes_munich-ger-29th-may--768x576.jpg 768w, https:\/\/www.enzo-und-ferdinand.de\/wp-content\/uploads\/2024\/05\/P90552052_highRes_munich-ger-29th-may-.jpg 1000w\" sizes=\"auto, (max-width: 810px) 100vw, 810px\" \/><\/figure>\n\n\n\n<figure class=\"wp-block-image size-large\"><img loading=\"lazy\" decoding=\"async\" width=\"810\" height=\"608\" data-id=\"17059\" src=\"https:\/\/www.enzo-und-ferdinand.de\/wp-content\/uploads\/2024\/05\/P90552056_highRes_munich-ger-29th-may--810x608.jpg\" alt=\"\" class=\"wp-image-17059\" srcset=\"https:\/\/www.enzo-und-ferdinand.de\/wp-content\/uploads\/2024\/05\/P90552056_highRes_munich-ger-29th-may--810x608.jpg 810w, https:\/\/www.enzo-und-ferdinand.de\/wp-content\/uploads\/2024\/05\/P90552056_highRes_munich-ger-29th-may--300x225.jpg 300w, https:\/\/www.enzo-und-ferdinand.de\/wp-content\/uploads\/2024\/05\/P90552056_highRes_munich-ger-29th-may--768x576.jpg 768w, https:\/\/www.enzo-und-ferdinand.de\/wp-content\/uploads\/2024\/05\/P90552056_highRes_munich-ger-29th-may-.jpg 1000w\" sizes=\"auto, (max-width: 810px) 100vw, 810px\" \/><\/figure>\n<\/figure>\n\n\n\n<p class=\"has-text-align-right has-small-font-size wp-block-paragraph\">&nbsp;Fotos BMW M, BMW Group\/Text: Rainer Ro\u00dfbach<\/p>\n","protected":false},"excerpt":{"rendered":"<p>Die Ingenieure von M Motorsport haben ihr Flaggschiff im GT-Sport angesch\u00e4rft. Ab der Saison 2025 wird der Wagen zum Einsatz kommen, genauso wie der BMW M4 GT4, von dem es ebenfalls ab n\u00e4chster Saison eine EVO-Version geben wird. Der Fokus bei der Entwicklung des GT3 EVO lag nicht unbedingt auf reiner Performance, sondern Fahrbarkeit, Effizienz und Zuverl\u00e4ssigkeit standen an oberster Stelle des Lastenhefts.\u00a0<\/p>\n","protected":false},"author":1,"featured_media":17062,"comment_status":"closed","ping_status":"closed","sticky":false,"template":"","format":"standard","meta":{"_crdt_document":"","ngg_post_thumbnail":0,"footnotes":""},"categories":[45],"tags":[202,982],"class_list":["post-17056","post","type-post","status-publish","format-standard","has-post-thumbnail","hentry","category-neues","tag-bmw","tag-bmw-m"],"yoast_head":"<!-- This site is optimized with the Yoast SEO plugin v27.5 - https:\/\/yoast.com\/product\/yoast-seo-wordpress\/ -->\n<title>BMW M4 GT3 Evo<\/title>\n<meta name=\"description\" content=\"BMW M4 GT3 Evo M Motorsport BMW M4 GT4 kathodische Tauchlackierung Stabilisatoren einstellbares Differenzial LCI-Design Inception Digitalit\u00e4t Mehrdimensionalit\u00e4t M Logo Karbon Jens Klingmann Bruno Spengler Augusto Farfus\" \/>\n<meta name=\"robots\" content=\"index, follow, max-snippet:-1, max-image-preview:large, max-video-preview:-1\" \/>\n<link rel=\"canonical\" href=\"https:\/\/www.enzo-und-ferdinand.de\/index.php\/2024\/05\/31\/bmw-m4-gt3-evo\/\" \/>\n<meta property=\"og:locale\" content=\"de_DE\" \/>\n<meta property=\"og:type\" content=\"article\" \/>\n<meta property=\"og:title\" content=\"BMW M4 GT3 Evo\" \/>\n<meta property=\"og:description\" content=\"BMW M4 GT3 Evo M Motorsport BMW M4 GT4 kathodische Tauchlackierung Stabilisatoren einstellbares Differenzial LCI-Design Inception Digitalit\u00e4t Mehrdimensionalit\u00e4t M Logo Karbon Jens Klingmann Bruno Spengler Augusto Farfus\" \/>\n<meta property=\"og:url\" content=\"https:\/\/www.enzo-und-ferdinand.de\/index.php\/2024\/05\/31\/bmw-m4-gt3-evo\/\" \/>\n<meta property=\"og:site_name\" content=\"enzo &amp; Ferdinand\" \/>\n<meta property=\"article:published_time\" content=\"2024-05-31T06:40:37+00:00\" \/>\n<meta property=\"article:modified_time\" content=\"2024-06-13T06:22:46+00:00\" \/>\n<meta property=\"og:image\" content=\"https:\/\/www.enzo-und-ferdinand.de\/wp-content\/uploads\/2024\/05\/P90552064_highRes_munich-ger-29th-may-.jpg\" \/>\n\t<meta property=\"og:image:width\" content=\"1000\" \/>\n\t<meta property=\"og:image:height\" content=\"750\" \/>\n\t<meta property=\"og:image:type\" content=\"image\/jpeg\" \/>\n<meta name=\"author\" content=\"Rainer Ro\u00dfbach\" \/>\n<meta name=\"twitter:card\" content=\"summary_large_image\" \/>\n<meta name=\"twitter:label1\" content=\"Verfasst von\" \/>\n\t<meta name=\"twitter:data1\" content=\"Rainer Ro\u00dfbach\" \/>\n\t<meta name=\"twitter:label2\" content=\"Gesch\u00e4tzte Lesezeit\" \/>\n\t<meta name=\"twitter:data2\" content=\"1\u00a0Minute\" \/>\n<script type=\"application\/ld+json\" class=\"yoast-schema-graph\">{\"@context\":\"https:\\\/\\\/schema.org\",\"@graph\":[{\"@type\":\"Article\",\"@id\":\"https:\\\/\\\/www.enzo-und-ferdinand.de\\\/index.php\\\/2024\\\/05\\\/31\\\/bmw-m4-gt3-evo\\\/#article\",\"isPartOf\":{\"@id\":\"https:\\\/\\\/www.enzo-und-ferdinand.de\\\/index.php\\\/2024\\\/05\\\/31\\\/bmw-m4-gt3-evo\\\/\"},\"author\":{\"name\":\"Rainer Ro\u00dfbach\",\"@id\":\"https:\\\/\\\/www.enzo-und-ferdinand.de\\\/#\\\/schema\\\/person\\\/aff2eb9ff87705987c1b9d21fe10b095\"},\"headline\":\"BMW M4 GT3 Evo\",\"datePublished\":\"2024-05-31T06:40:37+00:00\",\"dateModified\":\"2024-06-13T06:22:46+00:00\",\"mainEntityOfPage\":{\"@id\":\"https:\\\/\\\/www.enzo-und-ferdinand.de\\\/index.php\\\/2024\\\/05\\\/31\\\/bmw-m4-gt3-evo\\\/\"},\"wordCount\":279,\"publisher\":{\"@id\":\"https:\\\/\\\/www.enzo-und-ferdinand.de\\\/#organization\"},\"image\":{\"@id\":\"https:\\\/\\\/www.enzo-und-ferdinand.de\\\/index.php\\\/2024\\\/05\\\/31\\\/bmw-m4-gt3-evo\\\/#primaryimage\"},\"thumbnailUrl\":\"https:\\\/\\\/www.enzo-und-ferdinand.de\\\/wp-content\\\/uploads\\\/2024\\\/05\\\/P90552064_highRes_munich-ger-29th-may-.jpg\",\"keywords\":[\"BMW\",\"BMW M\"],\"articleSection\":[\"Neues\"],\"inLanguage\":\"de\"},{\"@type\":\"WebPage\",\"@id\":\"https:\\\/\\\/www.enzo-und-ferdinand.de\\\/index.php\\\/2024\\\/05\\\/31\\\/bmw-m4-gt3-evo\\\/\",\"url\":\"https:\\\/\\\/www.enzo-und-ferdinand.de\\\/index.php\\\/2024\\\/05\\\/31\\\/bmw-m4-gt3-evo\\\/\",\"name\":\"BMW M4 GT3 Evo\",\"isPartOf\":{\"@id\":\"https:\\\/\\\/www.enzo-und-ferdinand.de\\\/#website\"},\"primaryImageOfPage\":{\"@id\":\"https:\\\/\\\/www.enzo-und-ferdinand.de\\\/index.php\\\/2024\\\/05\\\/31\\\/bmw-m4-gt3-evo\\\/#primaryimage\"},\"image\":{\"@id\":\"https:\\\/\\\/www.enzo-und-ferdinand.de\\\/index.php\\\/2024\\\/05\\\/31\\\/bmw-m4-gt3-evo\\\/#primaryimage\"},\"thumbnailUrl\":\"https:\\\/\\\/www.enzo-und-ferdinand.de\\\/wp-content\\\/uploads\\\/2024\\\/05\\\/P90552064_highRes_munich-ger-29th-may-.jpg\",\"datePublished\":\"2024-05-31T06:40:37+00:00\",\"dateModified\":\"2024-06-13T06:22:46+00:00\",\"description\":\"BMW M4 GT3 Evo M Motorsport BMW M4 GT4 kathodische Tauchlackierung Stabilisatoren einstellbares Differenzial LCI-Design Inception Digitalit\u00e4t Mehrdimensionalit\u00e4t M Logo Karbon Jens Klingmann Bruno Spengler Augusto Farfus\",\"breadcrumb\":{\"@id\":\"https:\\\/\\\/www.enzo-und-ferdinand.de\\\/index.php\\\/2024\\\/05\\\/31\\\/bmw-m4-gt3-evo\\\/#breadcrumb\"},\"inLanguage\":\"de\",\"potentialAction\":[{\"@type\":\"ReadAction\",\"target\":[\"https:\\\/\\\/www.enzo-und-ferdinand.de\\\/index.php\\\/2024\\\/05\\\/31\\\/bmw-m4-gt3-evo\\\/\"]}]},{\"@type\":\"ImageObject\",\"inLanguage\":\"de\",\"@id\":\"https:\\\/\\\/www.enzo-und-ferdinand.de\\\/index.php\\\/2024\\\/05\\\/31\\\/bmw-m4-gt3-evo\\\/#primaryimage\",\"url\":\"https:\\\/\\\/www.enzo-und-ferdinand.de\\\/wp-content\\\/uploads\\\/2024\\\/05\\\/P90552064_highRes_munich-ger-29th-may-.jpg\",\"contentUrl\":\"https:\\\/\\\/www.enzo-und-ferdinand.de\\\/wp-content\\\/uploads\\\/2024\\\/05\\\/P90552064_highRes_munich-ger-29th-may-.jpg\",\"width\":1000,\"height\":750,\"caption\":\"BMW M4 GT3 Evo\"},{\"@type\":\"BreadcrumbList\",\"@id\":\"https:\\\/\\\/www.enzo-und-ferdinand.de\\\/index.php\\\/2024\\\/05\\\/31\\\/bmw-m4-gt3-evo\\\/#breadcrumb\",\"itemListElement\":[{\"@type\":\"ListItem\",\"position\":1,\"name\":\"Startseite\",\"item\":\"https:\\\/\\\/www.enzo-und-ferdinand.de\\\/\"},{\"@type\":\"ListItem\",\"position\":2,\"name\":\"BMW M4 GT3 Evo\"}]},{\"@type\":\"WebSite\",\"@id\":\"https:\\\/\\\/www.enzo-und-ferdinand.de\\\/#website\",\"url\":\"https:\\\/\\\/www.enzo-und-ferdinand.de\\\/\",\"name\":\"enzo & Ferdinand\",\"description\":\"\",\"publisher\":{\"@id\":\"https:\\\/\\\/www.enzo-und-ferdinand.de\\\/#organization\"},\"potentialAction\":[{\"@type\":\"SearchAction\",\"target\":{\"@type\":\"EntryPoint\",\"urlTemplate\":\"https:\\\/\\\/www.enzo-und-ferdinand.de\\\/?s={search_term_string}\"},\"query-input\":{\"@type\":\"PropertyValueSpecification\",\"valueRequired\":true,\"valueName\":\"search_term_string\"}}],\"inLanguage\":\"de\"},{\"@type\":\"Organization\",\"@id\":\"https:\\\/\\\/www.enzo-und-ferdinand.de\\\/#organization\",\"name\":\"enzo & Ferdinand\",\"url\":\"https:\\\/\\\/www.enzo-und-ferdinand.de\\\/\",\"logo\":{\"@type\":\"ImageObject\",\"inLanguage\":\"de\",\"@id\":\"https:\\\/\\\/www.enzo-und-ferdinand.de\\\/#\\\/schema\\\/logo\\\/image\\\/\",\"url\":\"https:\\\/\\\/www.enzo-und-ferdinand.de\\\/wp-content\\\/uploads\\\/2018\\\/12\\\/revvvs-icon.png\",\"contentUrl\":\"https:\\\/\\\/www.enzo-und-ferdinand.de\\\/wp-content\\\/uploads\\\/2018\\\/12\\\/revvvs-icon.png\",\"width\":512,\"height\":512,\"caption\":\"enzo & Ferdinand\"},\"image\":{\"@id\":\"https:\\\/\\\/www.enzo-und-ferdinand.de\\\/#\\\/schema\\\/logo\\\/image\\\/\"}},{\"@type\":\"Person\",\"@id\":\"https:\\\/\\\/www.enzo-und-ferdinand.de\\\/#\\\/schema\\\/person\\\/aff2eb9ff87705987c1b9d21fe10b095\",\"name\":\"Rainer Ro\u00dfbach\",\"image\":{\"@type\":\"ImageObject\",\"inLanguage\":\"de\",\"@id\":\"https:\\\/\\\/www.enzo-und-ferdinand.de\\\/wp-content\\\/uploads\\\/2026\\\/01\\\/Rainer-Rossbach-150x150.jpg\",\"url\":\"https:\\\/\\\/www.enzo-und-ferdinand.de\\\/wp-content\\\/uploads\\\/2026\\\/01\\\/Rainer-Rossbach-150x150.jpg\",\"contentUrl\":\"https:\\\/\\\/www.enzo-und-ferdinand.de\\\/wp-content\\\/uploads\\\/2026\\\/01\\\/Rainer-Rossbach-150x150.jpg\",\"caption\":\"Rainer Ro\u00dfbach\"},\"url\":\"https:\\\/\\\/www.enzo-und-ferdinand.de\\\/index.php\\\/author\\\/redaktion\\\/\"}]}<\/script>\n<!-- \/ Yoast SEO plugin. -->","yoast_head_json":{"title":"BMW M4 GT3 Evo","description":"BMW M4 GT3 Evo M Motorsport BMW M4 GT4 kathodische Tauchlackierung Stabilisatoren einstellbares Differenzial LCI-Design Inception Digitalit\u00e4t Mehrdimensionalit\u00e4t M Logo Karbon Jens Klingmann Bruno Spengler Augusto Farfus","robots":{"index":"index","follow":"follow","max-snippet":"max-snippet:-1","max-image-preview":"max-image-preview:large","max-video-preview":"max-video-preview:-1"},"canonical":"https:\/\/www.enzo-und-ferdinand.de\/index.php\/2024\/05\/31\/bmw-m4-gt3-evo\/","og_locale":"de_DE","og_type":"article","og_title":"BMW M4 GT3 Evo","og_description":"BMW M4 GT3 Evo M Motorsport BMW M4 GT4 kathodische Tauchlackierung Stabilisatoren einstellbares Differenzial LCI-Design Inception Digitalit\u00e4t Mehrdimensionalit\u00e4t M Logo Karbon Jens Klingmann Bruno Spengler Augusto Farfus","og_url":"https:\/\/www.enzo-und-ferdinand.de\/index.php\/2024\/05\/31\/bmw-m4-gt3-evo\/","og_site_name":"enzo &amp; Ferdinand","article_published_time":"2024-05-31T06:40:37+00:00","article_modified_time":"2024-06-13T06:22:46+00:00","og_image":[{"width":1000,"height":750,"url":"https:\/\/www.enzo-und-ferdinand.de\/wp-content\/uploads\/2024\/05\/P90552064_highRes_munich-ger-29th-may-.jpg","type":"image\/jpeg"}],"author":"Rainer Ro\u00dfbach","twitter_card":"summary_large_image","twitter_misc":{"Verfasst von":"Rainer Ro\u00dfbach","Gesch\u00e4tzte Lesezeit":"1\u00a0Minute"},"schema":{"@context":"https:\/\/schema.org","@graph":[{"@type":"Article","@id":"https:\/\/www.enzo-und-ferdinand.de\/index.php\/2024\/05\/31\/bmw-m4-gt3-evo\/#article","isPartOf":{"@id":"https:\/\/www.enzo-und-ferdinand.de\/index.php\/2024\/05\/31\/bmw-m4-gt3-evo\/"},"author":{"name":"Rainer Ro\u00dfbach","@id":"https:\/\/www.enzo-und-ferdinand.de\/#\/schema\/person\/aff2eb9ff87705987c1b9d21fe10b095"},"headline":"BMW M4 GT3 Evo","datePublished":"2024-05-31T06:40:37+00:00","dateModified":"2024-06-13T06:22:46+00:00","mainEntityOfPage":{"@id":"https:\/\/www.enzo-und-ferdinand.de\/index.php\/2024\/05\/31\/bmw-m4-gt3-evo\/"},"wordCount":279,"publisher":{"@id":"https:\/\/www.enzo-und-ferdinand.de\/#organization"},"image":{"@id":"https:\/\/www.enzo-und-ferdinand.de\/index.php\/2024\/05\/31\/bmw-m4-gt3-evo\/#primaryimage"},"thumbnailUrl":"https:\/\/www.enzo-und-ferdinand.de\/wp-content\/uploads\/2024\/05\/P90552064_highRes_munich-ger-29th-may-.jpg","keywords":["BMW","BMW M"],"articleSection":["Neues"],"inLanguage":"de"},{"@type":"WebPage","@id":"https:\/\/www.enzo-und-ferdinand.de\/index.php\/2024\/05\/31\/bmw-m4-gt3-evo\/","url":"https:\/\/www.enzo-und-ferdinand.de\/index.php\/2024\/05\/31\/bmw-m4-gt3-evo\/","name":"BMW M4 GT3 Evo","isPartOf":{"@id":"https:\/\/www.enzo-und-ferdinand.de\/#website"},"primaryImageOfPage":{"@id":"https:\/\/www.enzo-und-ferdinand.de\/index.php\/2024\/05\/31\/bmw-m4-gt3-evo\/#primaryimage"},"image":{"@id":"https:\/\/www.enzo-und-ferdinand.de\/index.php\/2024\/05\/31\/bmw-m4-gt3-evo\/#primaryimage"},"thumbnailUrl":"https:\/\/www.enzo-und-ferdinand.de\/wp-content\/uploads\/2024\/05\/P90552064_highRes_munich-ger-29th-may-.jpg","datePublished":"2024-05-31T06:40:37+00:00","dateModified":"2024-06-13T06:22:46+00:00","description":"BMW M4 GT3 Evo M Motorsport BMW M4 GT4 kathodische Tauchlackierung Stabilisatoren einstellbares Differenzial LCI-Design Inception Digitalit\u00e4t Mehrdimensionalit\u00e4t M Logo Karbon Jens Klingmann Bruno Spengler Augusto Farfus","breadcrumb":{"@id":"https:\/\/www.enzo-und-ferdinand.de\/index.php\/2024\/05\/31\/bmw-m4-gt3-evo\/#breadcrumb"},"inLanguage":"de","potentialAction":[{"@type":"ReadAction","target":["https:\/\/www.enzo-und-ferdinand.de\/index.php\/2024\/05\/31\/bmw-m4-gt3-evo\/"]}]},{"@type":"ImageObject","inLanguage":"de","@id":"https:\/\/www.enzo-und-ferdinand.de\/index.php\/2024\/05\/31\/bmw-m4-gt3-evo\/#primaryimage","url":"https:\/\/www.enzo-und-ferdinand.de\/wp-content\/uploads\/2024\/05\/P90552064_highRes_munich-ger-29th-may-.jpg","contentUrl":"https:\/\/www.enzo-und-ferdinand.de\/wp-content\/uploads\/2024\/05\/P90552064_highRes_munich-ger-29th-may-.jpg","width":1000,"height":750,"caption":"BMW M4 GT3 Evo"},{"@type":"BreadcrumbList","@id":"https:\/\/www.enzo-und-ferdinand.de\/index.php\/2024\/05\/31\/bmw-m4-gt3-evo\/#breadcrumb","itemListElement":[{"@type":"ListItem","position":1,"name":"Startseite","item":"https:\/\/www.enzo-und-ferdinand.de\/"},{"@type":"ListItem","position":2,"name":"BMW M4 GT3 Evo"}]},{"@type":"WebSite","@id":"https:\/\/www.enzo-und-ferdinand.de\/#website","url":"https:\/\/www.enzo-und-ferdinand.de\/","name":"enzo & Ferdinand","description":"","publisher":{"@id":"https:\/\/www.enzo-und-ferdinand.de\/#organization"},"potentialAction":[{"@type":"SearchAction","target":{"@type":"EntryPoint","urlTemplate":"https:\/\/www.enzo-und-ferdinand.de\/?s={search_term_string}"},"query-input":{"@type":"PropertyValueSpecification","valueRequired":true,"valueName":"search_term_string"}}],"inLanguage":"de"},{"@type":"Organization","@id":"https:\/\/www.enzo-und-ferdinand.de\/#organization","name":"enzo & Ferdinand","url":"https:\/\/www.enzo-und-ferdinand.de\/","logo":{"@type":"ImageObject","inLanguage":"de","@id":"https:\/\/www.enzo-und-ferdinand.de\/#\/schema\/logo\/image\/","url":"https:\/\/www.enzo-und-ferdinand.de\/wp-content\/uploads\/2018\/12\/revvvs-icon.png","contentUrl":"https:\/\/www.enzo-und-ferdinand.de\/wp-content\/uploads\/2018\/12\/revvvs-icon.png","width":512,"height":512,"caption":"enzo & Ferdinand"},"image":{"@id":"https:\/\/www.enzo-und-ferdinand.de\/#\/schema\/logo\/image\/"}},{"@type":"Person","@id":"https:\/\/www.enzo-und-ferdinand.de\/#\/schema\/person\/aff2eb9ff87705987c1b9d21fe10b095","name":"Rainer Ro\u00dfbach","image":{"@type":"ImageObject","inLanguage":"de","@id":"https:\/\/www.enzo-und-ferdinand.de\/wp-content\/uploads\/2026\/01\/Rainer-Rossbach-150x150.jpg","url":"https:\/\/www.enzo-und-ferdinand.de\/wp-content\/uploads\/2026\/01\/Rainer-Rossbach-150x150.jpg","contentUrl":"https:\/\/www.enzo-und-ferdinand.de\/wp-content\/uploads\/2026\/01\/Rainer-Rossbach-150x150.jpg","caption":"Rainer Ro\u00dfbach"},"url":"https:\/\/www.enzo-und-ferdinand.de\/index.php\/author\/redaktion\/"}]}},"_links":{"self":[{"href":"https:\/\/www.enzo-und-ferdinand.de\/index.php\/wp-json\/wp\/v2\/posts\/17056","targetHints":{"allow":["GET"]}}],"collection":[{"href":"https:\/\/www.enzo-und-ferdinand.de\/index.php\/wp-json\/wp\/v2\/posts"}],"about":[{"href":"https:\/\/www.enzo-und-ferdinand.de\/index.php\/wp-json\/wp\/v2\/types\/post"}],"author":[{"embeddable":true,"href":"https:\/\/www.enzo-und-ferdinand.de\/index.php\/wp-json\/wp\/v2\/users\/1"}],"replies":[{"embeddable":true,"href":"https:\/\/www.enzo-und-ferdinand.de\/index.php\/wp-json\/wp\/v2\/comments?post=17056"}],"version-history":[{"count":2,"href":"https:\/\/www.enzo-und-ferdinand.de\/index.php\/wp-json\/wp\/v2\/posts\/17056\/revisions"}],"predecessor-version":[{"id":17065,"href":"https:\/\/www.enzo-und-ferdinand.de\/index.php\/wp-json\/wp\/v2\/posts\/17056\/revisions\/17065"}],"wp:featuredmedia":[{"embeddable":true,"href":"https:\/\/www.enzo-und-ferdinand.de\/index.php\/wp-json\/wp\/v2\/media\/17062"}],"wp:attachment":[{"href":"https:\/\/www.enzo-und-ferdinand.de\/index.php\/wp-json\/wp\/v2\/media?parent=17056"}],"wp:term":[{"taxonomy":"category","embeddable":true,"href":"https:\/\/www.enzo-und-ferdinand.de\/index.php\/wp-json\/wp\/v2\/categories?post=17056"},{"taxonomy":"post_tag","embeddable":true,"href":"https:\/\/www.enzo-und-ferdinand.de\/index.php\/wp-json\/wp\/v2\/tags?post=17056"}],"curies":[{"name":"wp","href":"https:\/\/api.w.org\/{rel}","templated":true}]}}