{"id":17170,"date":"2024-06-14T10:26:22","date_gmt":"2024-06-14T08:26:22","guid":{"rendered":"https:\/\/www.enzo-und-ferdinand.de\/?p=17170"},"modified":"2024-11-01T10:48:02","modified_gmt":"2024-11-01T09:48:02","slug":"alpine-a290-gts-premiere-edition","status":"publish","type":"post","link":"https:\/\/www.enzo-und-ferdinand.de\/index.php\/2024\/06\/14\/alpine-a290-gts-premiere-edition\/","title":{"rendered":"Alpine A290 GTS Premiere Edition"},"content":{"rendered":"\n<figure class=\"wp-block-image size-large is-resized\"><img loading=\"lazy\" decoding=\"async\" width=\"810\" height=\"494\" src=\"https:\/\/www.enzo-und-ferdinand.de\/wp-content\/uploads\/2024\/06\/R-DAM_1573955-810x494.jpg\" alt=\"\" class=\"wp-image-17178\" style=\"width:880px;height:auto\" srcset=\"https:\/\/www.enzo-und-ferdinand.de\/wp-content\/uploads\/2024\/06\/R-DAM_1573955-810x494.jpg 810w, https:\/\/www.enzo-und-ferdinand.de\/wp-content\/uploads\/2024\/06\/R-DAM_1573955-300x183.jpg 300w, https:\/\/www.enzo-und-ferdinand.de\/wp-content\/uploads\/2024\/06\/R-DAM_1573955-768x468.jpg 768w, https:\/\/www.enzo-und-ferdinand.de\/wp-content\/uploads\/2024\/06\/R-DAM_1573955.jpg 1000w\" sizes=\"auto, (max-width: 810px) 100vw, 810px\" \/><\/figure>\n\n\n\n<p class=\"wp-block-paragraph\">Zum Marktstart des sportlichen F\u00fcnft\u00fcrers legt Alpine eine auf 1.955 Exemplare limitierte Sonderserie in vier \u201eLimited Editions\u201c auf, mit der an die Gr\u00fcndung der Marke im Jahr 1955 erinnert werden soll. Die Leistung des GTS liegt bei 220 PS. Die Plattform ist so konfiguriert, dass sie dank der ausgeglichenen Gewichtsverteilung weniger Gewicht auf die Vorderachse bringt und den Schwerpunkt senkt. Ein kompakter Motor sorgt f\u00fcr eine kleindimensionierte Frontpartie, der kurze Radstand f\u00fcr eine gute Balance, w\u00e4hrend der kurze Radstand in Verbindung mit einer breiten Spur und mit gro\u00dfdimensionierte Reifen eine agile Fahrcharakteristik erm\u00f6glicht. Die Beschleunigung von 0 auf 100 km\/h erfolgt in 6,4 Sekunden, das Drehmoment liegt bei 300 Nm. Der Motor-Hilfsrahmen ist eine Vollaluminiumkonstruktion, die zusammen mit der Batteriegr\u00f6\u00dfe zum relativ niedrigen Gewicht von 1.479 Kilogramm beitr\u00e4gt.&nbsp;<\/p>\n\n\n\n<p class=\"wp-block-paragraph\">Eine Mehrlenker-Hinterradaufh\u00e4ngung sorgt f\u00fcr ein pr\u00e4zises Handling und eine gute Kurvenstabilit\u00e4t. Spezielle Querstabilisatoren vorne und hinten unterst\u00fctzen die Balance. Eine By-Wire-Steuerung regelt den \u00dcbergang zwischen dem regenerativen Bremsen und dem hydraulischen Bremsen, die von Brembo stammen.&nbsp;<\/p>\n\n\n\n<figure class=\"wp-block-image size-large is-resized\"><img loading=\"lazy\" decoding=\"async\" width=\"810\" height=\"405\" src=\"https:\/\/www.enzo-und-ferdinand.de\/wp-content\/uploads\/2024\/06\/R-DAM_1573193-810x405.jpg\" alt=\"\" class=\"wp-image-17173\" style=\"width:880px;height:auto\" srcset=\"https:\/\/www.enzo-und-ferdinand.de\/wp-content\/uploads\/2024\/06\/R-DAM_1573193-810x405.jpg 810w, https:\/\/www.enzo-und-ferdinand.de\/wp-content\/uploads\/2024\/06\/R-DAM_1573193-300x150.jpg 300w, https:\/\/www.enzo-und-ferdinand.de\/wp-content\/uploads\/2024\/06\/R-DAM_1573193-768x384.jpg 768w, https:\/\/www.enzo-und-ferdinand.de\/wp-content\/uploads\/2024\/06\/R-DAM_1573193.jpg 1000w\" sizes=\"auto, (max-width: 810px) 100vw, 810px\" \/><\/figure>\n\n\n\n<p class=\"wp-block-paragraph\">Die Karosserie zitiert Elemente aus der Geschichte des Marke, wie etwa die etwa vier Frontscheinwerfer mit X-f\u00f6rmiger Grafik im Rallyestil. Ausgestelltu Kotfl\u00fcgel unterstreichen die sportliche Optik. Zudem stand die Aerodynamik zwecks besserer Reichweite im Fokus. Das zeigt sich in der Formgebung des vorderen Lufteinlasses, der Seitenschweller sowie des Diffusors und der R\u00fcckleuchten. Auf Spoiler wurde dagegen weitgehend verzichtet<\/p>\n\n\n\n<p class=\"wp-block-paragraph\">Das Cockpit ist fahrerorientiert ausgelegt: mit einem Drei-Speichen-Sportlenkrad mit abgeflachtem Mittelteil sowie Schaltern die dem Rennsport entlehnt sind. Die Tachodisplays zeigen dreieckige Formen. W\u00e4hrend die linke Anzeige \u00fcber die Leistungsabgabe und den Ladestand informiert, zeigt die rechte Anzeige die Geschwindigkeit an sowie eine rote Linie, die die von der Verkehrszeichenerkennung registrierten Tempolimits symbolisiert.Mit einem Drehknopf auf der linken Seite l\u00e4sst sich die Rekuperationsstufe w\u00e4hlen. Auf der rechten Seite lassen sich vier Fahrmodi einstellen, eine roter \u201eOvertake\u201c-Schalter stellt zus\u00e4tzliche Kraft f\u00fcr \u00dcberholman\u00f6ver bereit. Schalter am Lenkrad nehmen die Bedienelemente f\u00fcr die Fahrassistenzsysteme, das Telefon, den Sprachassistenten und den Anzeigemodus im digitalen Tachodisplay auf. Weitere Elemente sind Sportpedale und Fu\u00dfst\u00fctze sowie Sportsitze.<\/p>\n\n\n\n<p class=\"wp-block-paragraph\">Nat\u00fcrlich gibt es auch digitale Spielereien: eine Funktion namens \u201eCoaching\u201c erteilt Tipps zum Fahrzeugverst\u00e4ndnis, zur Nutzung der Telemetrics-Funktionen und zur Verbesserung des Fahrk\u00f6nnens. Im Mittelpunkt stehen die Grundlagen f\u00fcr das Fahren auf der Rennstrecke, wie etwa Blickf\u00fchrung, Identifizierung der Ideallinie und Bremstechniken. Je weiter die Nutzer im Programm kommen, desto kniffliger werden die Aufgaben wie etwa die Beherrschung eines driftenden Fahrzeugs.<\/p>\n\n\n\n<figure class=\"wp-block-gallery has-nested-images columns-2 is-cropped wp-block-gallery-1 is-layout-flex wp-block-gallery-is-layout-flex\">\n<figure class=\"wp-block-image size-large\"><img loading=\"lazy\" decoding=\"async\" width=\"810\" height=\"540\" data-id=\"17175\" src=\"https:\/\/www.enzo-und-ferdinand.de\/wp-content\/uploads\/2024\/06\/R-DAM_1573634-810x540.jpg\" alt=\"\" class=\"wp-image-17175\" srcset=\"https:\/\/www.enzo-und-ferdinand.de\/wp-content\/uploads\/2024\/06\/R-DAM_1573634-810x540.jpg 810w, https:\/\/www.enzo-und-ferdinand.de\/wp-content\/uploads\/2024\/06\/R-DAM_1573634-300x200.jpg 300w, https:\/\/www.enzo-und-ferdinand.de\/wp-content\/uploads\/2024\/06\/R-DAM_1573634-768x512.jpg 768w, https:\/\/www.enzo-und-ferdinand.de\/wp-content\/uploads\/2024\/06\/R-DAM_1573634-120x80.jpg 120w, https:\/\/www.enzo-und-ferdinand.de\/wp-content\/uploads\/2024\/06\/R-DAM_1573634.jpg 1000w\" sizes=\"auto, (max-width: 810px) 100vw, 810px\" \/><\/figure>\n\n\n\n<figure class=\"wp-block-image size-large\"><img loading=\"lazy\" decoding=\"async\" width=\"810\" height=\"405\" data-id=\"17174\" src=\"https:\/\/www.enzo-und-ferdinand.de\/wp-content\/uploads\/2024\/06\/R-DAM_1573403-810x405.jpg\" alt=\"\" class=\"wp-image-17174\" srcset=\"https:\/\/www.enzo-und-ferdinand.de\/wp-content\/uploads\/2024\/06\/R-DAM_1573403-810x405.jpg 810w, https:\/\/www.enzo-und-ferdinand.de\/wp-content\/uploads\/2024\/06\/R-DAM_1573403-300x150.jpg 300w, https:\/\/www.enzo-und-ferdinand.de\/wp-content\/uploads\/2024\/06\/R-DAM_1573403-768x384.jpg 768w, https:\/\/www.enzo-und-ferdinand.de\/wp-content\/uploads\/2024\/06\/R-DAM_1573403.jpg 1000w\" sizes=\"auto, (max-width: 810px) 100vw, 810px\" \/><\/figure>\n\n\n\n<figure class=\"wp-block-image size-large\"><img loading=\"lazy\" decoding=\"async\" width=\"810\" height=\"540\" data-id=\"17176\" src=\"https:\/\/www.enzo-und-ferdinand.de\/wp-content\/uploads\/2024\/06\/R-DAM_1573652-810x540.jpg\" alt=\"\" class=\"wp-image-17176\" srcset=\"https:\/\/www.enzo-und-ferdinand.de\/wp-content\/uploads\/2024\/06\/R-DAM_1573652-810x540.jpg 810w, https:\/\/www.enzo-und-ferdinand.de\/wp-content\/uploads\/2024\/06\/R-DAM_1573652-300x200.jpg 300w, https:\/\/www.enzo-und-ferdinand.de\/wp-content\/uploads\/2024\/06\/R-DAM_1573652-768x512.jpg 768w, https:\/\/www.enzo-und-ferdinand.de\/wp-content\/uploads\/2024\/06\/R-DAM_1573652-120x80.jpg 120w, https:\/\/www.enzo-und-ferdinand.de\/wp-content\/uploads\/2024\/06\/R-DAM_1573652.jpg 1000w\" sizes=\"auto, (max-width: 810px) 100vw, 810px\" \/><\/figure>\n<\/figure>\n\n\n\n<p class=\"has-text-align-right has-small-font-size wp-block-paragraph\">Fotos: Alpine\/Text: Rainer Ro\u00dfbach<\/p>\n","protected":false},"excerpt":{"rendered":"<p>Zum Marktstart des sportlichen F\u00fcnft\u00fcrers legt Alpine eine auf 1.955 Exemplare limitierte Sonderserie in vier \u201eLimited Editions\u201c auf, mit der an die Gr\u00fcndung der Marke im Jahr 1955 erinnert werden soll. Die Leistung des GTS liegt bei 220 PS. Die Plattform ist so konfiguriert, dass sie dank der ausgeglichenen Gewichtsverteilung weniger Gewicht auf die Vorderachse bringt und den Schwerpunkt senkt. Ein kompakter Motor sorgt f\u00fcr eine kleindimensionierte Frontpartie, der kurze Radstand f\u00fcr eine gute Balance, w\u00e4hrend der kurze Radstand in Verbindung mit einer breiten Spur und mit gro\u00dfdimensionierte Reifen eine agile Fahrcharakteristik erm\u00f6glicht. Die Beschleunigung von 0 auf 100 km\/h erfolgt in 6,4 Sekunden, das Drehmoment liegt bei 300 Nm.<\/p>\n","protected":false},"author":1,"featured_media":17177,"comment_status":"closed","ping_status":"closed","sticky":false,"template":"","format":"standard","meta":{"_crdt_document":"","ngg_post_thumbnail":0,"footnotes":""},"categories":[681,23],"tags":[252],"class_list":["post-17170","post","type-post","status-publish","format-standard","has-post-thumbnail","hentry","category-elektro","category-performance","tag-alpine"],"yoast_head":"<!-- This site is optimized with the Yoast SEO plugin v27.5 - https:\/\/yoast.com\/product\/yoast-seo-wordpress\/ -->\n<title>Alpine A290 GTS Premiere Edition<\/title>\n<meta name=\"description\" content=\"Alpine A290 GTS Premiere Edition F\u00fcnft\u00fcrer Vollaluminiumkonstruktion Mehrlenker-Hinterradaufh\u00e4ngung Querstabilisatoren By-Wire-Steuerung Brembo Rallye Diffusor Sportlenkrad Rekuperation Overtake Fahrassistenzs Telemetrie Rainer Ro\u00dfbach Rainer Rossbach enzo-und-ferdinand enzo&amp;ferdinand\" \/>\n<meta name=\"robots\" content=\"index, follow, max-snippet:-1, max-image-preview:large, max-video-preview:-1\" \/>\n<link rel=\"canonical\" href=\"https:\/\/www.enzo-und-ferdinand.de\/index.php\/2024\/06\/14\/alpine-a290-gts-premiere-edition\/\" \/>\n<meta property=\"og:locale\" content=\"de_DE\" \/>\n<meta property=\"og:type\" content=\"article\" \/>\n<meta property=\"og:title\" content=\"Alpine A290 GTS Premiere Edition\" \/>\n<meta property=\"og:description\" content=\"Alpine A290 GTS Premiere Edition F\u00fcnft\u00fcrer Vollaluminiumkonstruktion Mehrlenker-Hinterradaufh\u00e4ngung Querstabilisatoren By-Wire-Steuerung Brembo Rallye Diffusor Sportlenkrad Rekuperation Overtake Fahrassistenzs Telemetrie Rainer Ro\u00dfbach Rainer Rossbach enzo-und-ferdinand enzo&amp;ferdinand\" \/>\n<meta property=\"og:url\" content=\"https:\/\/www.enzo-und-ferdinand.de\/index.php\/2024\/06\/14\/alpine-a290-gts-premiere-edition\/\" \/>\n<meta property=\"og:site_name\" content=\"enzo &amp; Ferdinand\" \/>\n<meta property=\"article:published_time\" content=\"2024-06-14T08:26:22+00:00\" \/>\n<meta property=\"article:modified_time\" content=\"2024-11-01T09:48:02+00:00\" \/>\n<meta property=\"og:image\" content=\"https:\/\/www.enzo-und-ferdinand.de\/wp-content\/uploads\/2024\/06\/R-DAM_1573952.jpg\" \/>\n\t<meta property=\"og:image:width\" content=\"1000\" \/>\n\t<meta property=\"og:image:height\" content=\"658\" \/>\n\t<meta property=\"og:image:type\" content=\"image\/jpeg\" \/>\n<meta name=\"author\" content=\"Rainer Ro\u00dfbach\" \/>\n<meta name=\"twitter:card\" content=\"summary_large_image\" \/>\n<meta name=\"twitter:label1\" content=\"Verfasst von\" \/>\n\t<meta name=\"twitter:data1\" content=\"Rainer Ro\u00dfbach\" \/>\n\t<meta name=\"twitter:label2\" content=\"Gesch\u00e4tzte Lesezeit\" \/>\n\t<meta name=\"twitter:data2\" content=\"2\u00a0Minuten\" \/>\n<script type=\"application\/ld+json\" class=\"yoast-schema-graph\">{\"@context\":\"https:\\\/\\\/schema.org\",\"@graph\":[{\"@type\":\"Article\",\"@id\":\"https:\\\/\\\/www.enzo-und-ferdinand.de\\\/index.php\\\/2024\\\/06\\\/14\\\/alpine-a290-gts-premiere-edition\\\/#article\",\"isPartOf\":{\"@id\":\"https:\\\/\\\/www.enzo-und-ferdinand.de\\\/index.php\\\/2024\\\/06\\\/14\\\/alpine-a290-gts-premiere-edition\\\/\"},\"author\":{\"name\":\"Rainer Ro\u00dfbach\",\"@id\":\"https:\\\/\\\/www.enzo-und-ferdinand.de\\\/#\\\/schema\\\/person\\\/aff2eb9ff87705987c1b9d21fe10b095\"},\"headline\":\"Alpine A290 GTS Premiere Edition\",\"datePublished\":\"2024-06-14T08:26:22+00:00\",\"dateModified\":\"2024-11-01T09:48:02+00:00\",\"mainEntityOfPage\":{\"@id\":\"https:\\\/\\\/www.enzo-und-ferdinand.de\\\/index.php\\\/2024\\\/06\\\/14\\\/alpine-a290-gts-premiere-edition\\\/\"},\"wordCount\":433,\"publisher\":{\"@id\":\"https:\\\/\\\/www.enzo-und-ferdinand.de\\\/#organization\"},\"image\":{\"@id\":\"https:\\\/\\\/www.enzo-und-ferdinand.de\\\/index.php\\\/2024\\\/06\\\/14\\\/alpine-a290-gts-premiere-edition\\\/#primaryimage\"},\"thumbnailUrl\":\"https:\\\/\\\/www.enzo-und-ferdinand.de\\\/wp-content\\\/uploads\\\/2024\\\/06\\\/R-DAM_1573952.jpg\",\"keywords\":[\"Alpine\"],\"articleSection\":[\"Elektro\",\"Performance\"],\"inLanguage\":\"de\"},{\"@type\":\"WebPage\",\"@id\":\"https:\\\/\\\/www.enzo-und-ferdinand.de\\\/index.php\\\/2024\\\/06\\\/14\\\/alpine-a290-gts-premiere-edition\\\/\",\"url\":\"https:\\\/\\\/www.enzo-und-ferdinand.de\\\/index.php\\\/2024\\\/06\\\/14\\\/alpine-a290-gts-premiere-edition\\\/\",\"name\":\"Alpine A290 GTS Premiere Edition\",\"isPartOf\":{\"@id\":\"https:\\\/\\\/www.enzo-und-ferdinand.de\\\/#website\"},\"primaryImageOfPage\":{\"@id\":\"https:\\\/\\\/www.enzo-und-ferdinand.de\\\/index.php\\\/2024\\\/06\\\/14\\\/alpine-a290-gts-premiere-edition\\\/#primaryimage\"},\"image\":{\"@id\":\"https:\\\/\\\/www.enzo-und-ferdinand.de\\\/index.php\\\/2024\\\/06\\\/14\\\/alpine-a290-gts-premiere-edition\\\/#primaryimage\"},\"thumbnailUrl\":\"https:\\\/\\\/www.enzo-und-ferdinand.de\\\/wp-content\\\/uploads\\\/2024\\\/06\\\/R-DAM_1573952.jpg\",\"datePublished\":\"2024-06-14T08:26:22+00:00\",\"dateModified\":\"2024-11-01T09:48:02+00:00\",\"description\":\"Alpine A290 GTS Premiere Edition F\u00fcnft\u00fcrer Vollaluminiumkonstruktion Mehrlenker-Hinterradaufh\u00e4ngung Querstabilisatoren By-Wire-Steuerung Brembo Rallye Diffusor Sportlenkrad Rekuperation Overtake Fahrassistenzs Telemetrie Rainer Ro\u00dfbach Rainer Rossbach enzo-und-ferdinand enzo&ferdinand\",\"breadcrumb\":{\"@id\":\"https:\\\/\\\/www.enzo-und-ferdinand.de\\\/index.php\\\/2024\\\/06\\\/14\\\/alpine-a290-gts-premiere-edition\\\/#breadcrumb\"},\"inLanguage\":\"de\",\"potentialAction\":[{\"@type\":\"ReadAction\",\"target\":[\"https:\\\/\\\/www.enzo-und-ferdinand.de\\\/index.php\\\/2024\\\/06\\\/14\\\/alpine-a290-gts-premiere-edition\\\/\"]}]},{\"@type\":\"ImageObject\",\"inLanguage\":\"de\",\"@id\":\"https:\\\/\\\/www.enzo-und-ferdinand.de\\\/index.php\\\/2024\\\/06\\\/14\\\/alpine-a290-gts-premiere-edition\\\/#primaryimage\",\"url\":\"https:\\\/\\\/www.enzo-und-ferdinand.de\\\/wp-content\\\/uploads\\\/2024\\\/06\\\/R-DAM_1573952.jpg\",\"contentUrl\":\"https:\\\/\\\/www.enzo-und-ferdinand.de\\\/wp-content\\\/uploads\\\/2024\\\/06\\\/R-DAM_1573952.jpg\",\"width\":1000,\"height\":658,\"caption\":\"Alpine A290 GTS Premiere Edition\"},{\"@type\":\"BreadcrumbList\",\"@id\":\"https:\\\/\\\/www.enzo-und-ferdinand.de\\\/index.php\\\/2024\\\/06\\\/14\\\/alpine-a290-gts-premiere-edition\\\/#breadcrumb\",\"itemListElement\":[{\"@type\":\"ListItem\",\"position\":1,\"name\":\"Startseite\",\"item\":\"https:\\\/\\\/www.enzo-und-ferdinand.de\\\/\"},{\"@type\":\"ListItem\",\"position\":2,\"name\":\"Alpine A290 GTS Premiere Edition\"}]},{\"@type\":\"WebSite\",\"@id\":\"https:\\\/\\\/www.enzo-und-ferdinand.de\\\/#website\",\"url\":\"https:\\\/\\\/www.enzo-und-ferdinand.de\\\/\",\"name\":\"enzo & Ferdinand\",\"description\":\"\",\"publisher\":{\"@id\":\"https:\\\/\\\/www.enzo-und-ferdinand.de\\\/#organization\"},\"potentialAction\":[{\"@type\":\"SearchAction\",\"target\":{\"@type\":\"EntryPoint\",\"urlTemplate\":\"https:\\\/\\\/www.enzo-und-ferdinand.de\\\/?s={search_term_string}\"},\"query-input\":{\"@type\":\"PropertyValueSpecification\",\"valueRequired\":true,\"valueName\":\"search_term_string\"}}],\"inLanguage\":\"de\"},{\"@type\":\"Organization\",\"@id\":\"https:\\\/\\\/www.enzo-und-ferdinand.de\\\/#organization\",\"name\":\"enzo & Ferdinand\",\"url\":\"https:\\\/\\\/www.enzo-und-ferdinand.de\\\/\",\"logo\":{\"@type\":\"ImageObject\",\"inLanguage\":\"de\",\"@id\":\"https:\\\/\\\/www.enzo-und-ferdinand.de\\\/#\\\/schema\\\/logo\\\/image\\\/\",\"url\":\"https:\\\/\\\/www.enzo-und-ferdinand.de\\\/wp-content\\\/uploads\\\/2018\\\/12\\\/revvvs-icon.png\",\"contentUrl\":\"https:\\\/\\\/www.enzo-und-ferdinand.de\\\/wp-content\\\/uploads\\\/2018\\\/12\\\/revvvs-icon.png\",\"width\":512,\"height\":512,\"caption\":\"enzo & Ferdinand\"},\"image\":{\"@id\":\"https:\\\/\\\/www.enzo-und-ferdinand.de\\\/#\\\/schema\\\/logo\\\/image\\\/\"}},{\"@type\":\"Person\",\"@id\":\"https:\\\/\\\/www.enzo-und-ferdinand.de\\\/#\\\/schema\\\/person\\\/aff2eb9ff87705987c1b9d21fe10b095\",\"name\":\"Rainer Ro\u00dfbach\",\"image\":{\"@type\":\"ImageObject\",\"inLanguage\":\"de\",\"@id\":\"https:\\\/\\\/www.enzo-und-ferdinand.de\\\/wp-content\\\/uploads\\\/2026\\\/01\\\/Rainer-Rossbach-150x150.jpg\",\"url\":\"https:\\\/\\\/www.enzo-und-ferdinand.de\\\/wp-content\\\/uploads\\\/2026\\\/01\\\/Rainer-Rossbach-150x150.jpg\",\"contentUrl\":\"https:\\\/\\\/www.enzo-und-ferdinand.de\\\/wp-content\\\/uploads\\\/2026\\\/01\\\/Rainer-Rossbach-150x150.jpg\",\"caption\":\"Rainer Ro\u00dfbach\"},\"url\":\"https:\\\/\\\/www.enzo-und-ferdinand.de\\\/index.php\\\/author\\\/redaktion\\\/\"}]}<\/script>\n<!-- \/ Yoast SEO plugin. -->","yoast_head_json":{"title":"Alpine A290 GTS Premiere Edition","description":"Alpine A290 GTS Premiere Edition F\u00fcnft\u00fcrer Vollaluminiumkonstruktion Mehrlenker-Hinterradaufh\u00e4ngung Querstabilisatoren By-Wire-Steuerung Brembo Rallye Diffusor Sportlenkrad Rekuperation Overtake Fahrassistenzs Telemetrie Rainer Ro\u00dfbach Rainer Rossbach enzo-und-ferdinand enzo&ferdinand","robots":{"index":"index","follow":"follow","max-snippet":"max-snippet:-1","max-image-preview":"max-image-preview:large","max-video-preview":"max-video-preview:-1"},"canonical":"https:\/\/www.enzo-und-ferdinand.de\/index.php\/2024\/06\/14\/alpine-a290-gts-premiere-edition\/","og_locale":"de_DE","og_type":"article","og_title":"Alpine A290 GTS Premiere Edition","og_description":"Alpine A290 GTS Premiere Edition F\u00fcnft\u00fcrer Vollaluminiumkonstruktion Mehrlenker-Hinterradaufh\u00e4ngung Querstabilisatoren By-Wire-Steuerung Brembo Rallye Diffusor Sportlenkrad Rekuperation Overtake Fahrassistenzs Telemetrie Rainer Ro\u00dfbach Rainer Rossbach enzo-und-ferdinand enzo&ferdinand","og_url":"https:\/\/www.enzo-und-ferdinand.de\/index.php\/2024\/06\/14\/alpine-a290-gts-premiere-edition\/","og_site_name":"enzo &amp; Ferdinand","article_published_time":"2024-06-14T08:26:22+00:00","article_modified_time":"2024-11-01T09:48:02+00:00","og_image":[{"width":1000,"height":658,"url":"https:\/\/www.enzo-und-ferdinand.de\/wp-content\/uploads\/2024\/06\/R-DAM_1573952.jpg","type":"image\/jpeg"}],"author":"Rainer Ro\u00dfbach","twitter_card":"summary_large_image","twitter_misc":{"Verfasst von":"Rainer Ro\u00dfbach","Gesch\u00e4tzte Lesezeit":"2\u00a0Minuten"},"schema":{"@context":"https:\/\/schema.org","@graph":[{"@type":"Article","@id":"https:\/\/www.enzo-und-ferdinand.de\/index.php\/2024\/06\/14\/alpine-a290-gts-premiere-edition\/#article","isPartOf":{"@id":"https:\/\/www.enzo-und-ferdinand.de\/index.php\/2024\/06\/14\/alpine-a290-gts-premiere-edition\/"},"author":{"name":"Rainer Ro\u00dfbach","@id":"https:\/\/www.enzo-und-ferdinand.de\/#\/schema\/person\/aff2eb9ff87705987c1b9d21fe10b095"},"headline":"Alpine A290 GTS Premiere Edition","datePublished":"2024-06-14T08:26:22+00:00","dateModified":"2024-11-01T09:48:02+00:00","mainEntityOfPage":{"@id":"https:\/\/www.enzo-und-ferdinand.de\/index.php\/2024\/06\/14\/alpine-a290-gts-premiere-edition\/"},"wordCount":433,"publisher":{"@id":"https:\/\/www.enzo-und-ferdinand.de\/#organization"},"image":{"@id":"https:\/\/www.enzo-und-ferdinand.de\/index.php\/2024\/06\/14\/alpine-a290-gts-premiere-edition\/#primaryimage"},"thumbnailUrl":"https:\/\/www.enzo-und-ferdinand.de\/wp-content\/uploads\/2024\/06\/R-DAM_1573952.jpg","keywords":["Alpine"],"articleSection":["Elektro","Performance"],"inLanguage":"de"},{"@type":"WebPage","@id":"https:\/\/www.enzo-und-ferdinand.de\/index.php\/2024\/06\/14\/alpine-a290-gts-premiere-edition\/","url":"https:\/\/www.enzo-und-ferdinand.de\/index.php\/2024\/06\/14\/alpine-a290-gts-premiere-edition\/","name":"Alpine A290 GTS Premiere Edition","isPartOf":{"@id":"https:\/\/www.enzo-und-ferdinand.de\/#website"},"primaryImageOfPage":{"@id":"https:\/\/www.enzo-und-ferdinand.de\/index.php\/2024\/06\/14\/alpine-a290-gts-premiere-edition\/#primaryimage"},"image":{"@id":"https:\/\/www.enzo-und-ferdinand.de\/index.php\/2024\/06\/14\/alpine-a290-gts-premiere-edition\/#primaryimage"},"thumbnailUrl":"https:\/\/www.enzo-und-ferdinand.de\/wp-content\/uploads\/2024\/06\/R-DAM_1573952.jpg","datePublished":"2024-06-14T08:26:22+00:00","dateModified":"2024-11-01T09:48:02+00:00","description":"Alpine A290 GTS Premiere Edition F\u00fcnft\u00fcrer Vollaluminiumkonstruktion Mehrlenker-Hinterradaufh\u00e4ngung Querstabilisatoren By-Wire-Steuerung Brembo Rallye Diffusor Sportlenkrad Rekuperation Overtake Fahrassistenzs Telemetrie Rainer Ro\u00dfbach Rainer Rossbach enzo-und-ferdinand enzo&ferdinand","breadcrumb":{"@id":"https:\/\/www.enzo-und-ferdinand.de\/index.php\/2024\/06\/14\/alpine-a290-gts-premiere-edition\/#breadcrumb"},"inLanguage":"de","potentialAction":[{"@type":"ReadAction","target":["https:\/\/www.enzo-und-ferdinand.de\/index.php\/2024\/06\/14\/alpine-a290-gts-premiere-edition\/"]}]},{"@type":"ImageObject","inLanguage":"de","@id":"https:\/\/www.enzo-und-ferdinand.de\/index.php\/2024\/06\/14\/alpine-a290-gts-premiere-edition\/#primaryimage","url":"https:\/\/www.enzo-und-ferdinand.de\/wp-content\/uploads\/2024\/06\/R-DAM_1573952.jpg","contentUrl":"https:\/\/www.enzo-und-ferdinand.de\/wp-content\/uploads\/2024\/06\/R-DAM_1573952.jpg","width":1000,"height":658,"caption":"Alpine A290 GTS Premiere Edition"},{"@type":"BreadcrumbList","@id":"https:\/\/www.enzo-und-ferdinand.de\/index.php\/2024\/06\/14\/alpine-a290-gts-premiere-edition\/#breadcrumb","itemListElement":[{"@type":"ListItem","position":1,"name":"Startseite","item":"https:\/\/www.enzo-und-ferdinand.de\/"},{"@type":"ListItem","position":2,"name":"Alpine A290 GTS Premiere Edition"}]},{"@type":"WebSite","@id":"https:\/\/www.enzo-und-ferdinand.de\/#website","url":"https:\/\/www.enzo-und-ferdinand.de\/","name":"enzo & Ferdinand","description":"","publisher":{"@id":"https:\/\/www.enzo-und-ferdinand.de\/#organization"},"potentialAction":[{"@type":"SearchAction","target":{"@type":"EntryPoint","urlTemplate":"https:\/\/www.enzo-und-ferdinand.de\/?s={search_term_string}"},"query-input":{"@type":"PropertyValueSpecification","valueRequired":true,"valueName":"search_term_string"}}],"inLanguage":"de"},{"@type":"Organization","@id":"https:\/\/www.enzo-und-ferdinand.de\/#organization","name":"enzo & Ferdinand","url":"https:\/\/www.enzo-und-ferdinand.de\/","logo":{"@type":"ImageObject","inLanguage":"de","@id":"https:\/\/www.enzo-und-ferdinand.de\/#\/schema\/logo\/image\/","url":"https:\/\/www.enzo-und-ferdinand.de\/wp-content\/uploads\/2018\/12\/revvvs-icon.png","contentUrl":"https:\/\/www.enzo-und-ferdinand.de\/wp-content\/uploads\/2018\/12\/revvvs-icon.png","width":512,"height":512,"caption":"enzo & Ferdinand"},"image":{"@id":"https:\/\/www.enzo-und-ferdinand.de\/#\/schema\/logo\/image\/"}},{"@type":"Person","@id":"https:\/\/www.enzo-und-ferdinand.de\/#\/schema\/person\/aff2eb9ff87705987c1b9d21fe10b095","name":"Rainer Ro\u00dfbach","image":{"@type":"ImageObject","inLanguage":"de","@id":"https:\/\/www.enzo-und-ferdinand.de\/wp-content\/uploads\/2026\/01\/Rainer-Rossbach-150x150.jpg","url":"https:\/\/www.enzo-und-ferdinand.de\/wp-content\/uploads\/2026\/01\/Rainer-Rossbach-150x150.jpg","contentUrl":"https:\/\/www.enzo-und-ferdinand.de\/wp-content\/uploads\/2026\/01\/Rainer-Rossbach-150x150.jpg","caption":"Rainer Ro\u00dfbach"},"url":"https:\/\/www.enzo-und-ferdinand.de\/index.php\/author\/redaktion\/"}]}},"_links":{"self":[{"href":"https:\/\/www.enzo-und-ferdinand.de\/index.php\/wp-json\/wp\/v2\/posts\/17170","targetHints":{"allow":["GET"]}}],"collection":[{"href":"https:\/\/www.enzo-und-ferdinand.de\/index.php\/wp-json\/wp\/v2\/posts"}],"about":[{"href":"https:\/\/www.enzo-und-ferdinand.de\/index.php\/wp-json\/wp\/v2\/types\/post"}],"author":[{"embeddable":true,"href":"https:\/\/www.enzo-und-ferdinand.de\/index.php\/wp-json\/wp\/v2\/users\/1"}],"replies":[{"embeddable":true,"href":"https:\/\/www.enzo-und-ferdinand.de\/index.php\/wp-json\/wp\/v2\/comments?post=17170"}],"version-history":[{"count":3,"href":"https:\/\/www.enzo-und-ferdinand.de\/index.php\/wp-json\/wp\/v2\/posts\/17170\/revisions"}],"predecessor-version":[{"id":17179,"href":"https:\/\/www.enzo-und-ferdinand.de\/index.php\/wp-json\/wp\/v2\/posts\/17170\/revisions\/17179"}],"wp:featuredmedia":[{"embeddable":true,"href":"https:\/\/www.enzo-und-ferdinand.de\/index.php\/wp-json\/wp\/v2\/media\/17177"}],"wp:attachment":[{"href":"https:\/\/www.enzo-und-ferdinand.de\/index.php\/wp-json\/wp\/v2\/media?parent=17170"}],"wp:term":[{"taxonomy":"category","embeddable":true,"href":"https:\/\/www.enzo-und-ferdinand.de\/index.php\/wp-json\/wp\/v2\/categories?post=17170"},{"taxonomy":"post_tag","embeddable":true,"href":"https:\/\/www.enzo-und-ferdinand.de\/index.php\/wp-json\/wp\/v2\/tags?post=17170"}],"curies":[{"name":"wp","href":"https:\/\/api.w.org\/{rel}","templated":true}]}}