{"id":17192,"date":"2024-06-18T08:50:44","date_gmt":"2024-06-18T06:50:44","guid":{"rendered":"https:\/\/www.enzo-und-ferdinand.de\/?p=17192"},"modified":"2024-11-01T10:46:04","modified_gmt":"2024-11-01T09:46:04","slug":"kalmar-automotive-7-97-c1","status":"publish","type":"post","link":"https:\/\/www.enzo-und-ferdinand.de\/index.php\/2024\/06\/18\/kalmar-automotive-7-97-c1\/","title":{"rendered":"Kalmar Automotive 7-97 \u201eC1\u201c"},"content":{"rendered":"\n<figure class=\"wp-block-image size-large is-resized\"><img loading=\"lazy\" decoding=\"async\" width=\"810\" height=\"539\" src=\"https:\/\/www.enzo-und-ferdinand.de\/wp-content\/uploads\/2024\/06\/KalmarAutomotive7-97C1-810x539.jpg\" alt=\"\" class=\"wp-image-17189\" style=\"width:880px;height:auto\" srcset=\"https:\/\/www.enzo-und-ferdinand.de\/wp-content\/uploads\/2024\/06\/KalmarAutomotive7-97C1-810x539.jpg 810w, https:\/\/www.enzo-und-ferdinand.de\/wp-content\/uploads\/2024\/06\/KalmarAutomotive7-97C1-300x200.jpg 300w, https:\/\/www.enzo-und-ferdinand.de\/wp-content\/uploads\/2024\/06\/KalmarAutomotive7-97C1-768x511.jpg 768w, https:\/\/www.enzo-und-ferdinand.de\/wp-content\/uploads\/2024\/06\/KalmarAutomotive7-97C1-120x80.jpg 120w, https:\/\/www.enzo-und-ferdinand.de\/wp-content\/uploads\/2024\/06\/KalmarAutomotive7-97C1.jpg 1000w\" sizes=\"auto, (max-width: 810px) 100vw, 810px\" \/><\/figure>\n\n\n\n<p class=\"wp-block-paragraph\">Der amerikanische Restomod ist eine Hommage an den originalen Porsche 911 ST aus den 1970er Jahren, der die Leistung eines modernen Sportwagens mit dem Stil einer klassischen Ikone verbindet. Der auf dem 993 basierende \u201eC1\u201c nutzt die Vorteile der leichtesten und steifsten Karosserievariante, wobei die Regenrinnen des Spender-Elfers bei der Coup\u00e9-Karosserie entfernt wurden. Ein neu gestalteter Heckdeckel in Verbindung mit einer selbstentwickelten speziellen Verbundglasl\u00f6sung\u00a0 reduziert Auftrieb, Luftwiderstand und Windger\u00e4usche. Die Karosserie besteht aus Autoklav-Carbon-Teilen.<\/p>\n\n\n\n<p class=\"wp-block-paragraph\"><br>Der \u201eC1\u201c \u00fcbernimmt den Allradantrieb der Baureihe 993. Der Wagen wird von einem Vierliter-Motor mit 401 PS und 426 Nm Drehmoment angetrieben. Zur den technischen Konfiguration geh\u00f6ren eine 997 GT3 4,0-Liter-Kurbelwelle, Drive-by-Wire-Drosselklappen, mechanische St\u00f6\u00dfel, ein verbessertes Auspuffsystem mit doppelten \u00d6lk\u00fchlern sowie ein Motec M150-Steuerger\u00e4t (mit OBDII-Schnittstelle) und ein ma\u00dfgeschneidertes Luftfiltersystem.<br><br>Dazu gesellen sich eine adaptive aktive Federung, eine Mehrlenker-Hinterachse, ein Sechsgang-Getriebe, eine ultraleichte Lithium-Batterie und leichte dreiteilige Felgen. Optional k\u00f6nnen eine Traktionskontrolle mit Sport-Modus-Funktionalit\u00e4t, , eine leichte Keramik-Bremsanlage und ein Vorderachs-Lift-System geordert werden werden, die die Fahrbarkeit weiter verbessern und dynamische Vorteile auf der Stra\u00dfe bieten.&nbsp;<\/p>\n\n\n\n<p class=\"wp-block-paragraph\"><br>Im Innenraum gibt es eine Volllederausstattung mit Recaro-Sportsitzen, die perfekt zum Stil des F-Modell-Armaturenbretts passen. Modernes Zubeh\u00f6r wie optionalen Doppelairbag, eine Zentralverriegelung mit Fernbedienung, ein Bluetooth-Audiosystem und Scheibenwischer mit Regensensor geh\u00f6ren zur Standardausstattung. Der Schl\u00fcssel&nbsp; verf\u00fcgt \u00fcber Tasten zum \u00d6ffnen und Schlie\u00dfen des vorderen Kofferraums und der Heckklappe. Diese elektronische Entriegelung des Kofferraums entspricht derjenigen der neuesten Porsche 911-Modelle.<\/p>\n\n\n\n<p class=\"wp-block-paragraph\">Der Kalmar Automotive 7-97 \u201eC1\u201c bringt als Hecktriebler knapp 1150 kg auf die Waage und als Allradler knapp 1215 kg. Leichtere Versionen sind auf Anfrage erh\u00e4ltlich.<\/p>\n\n\n\n<figure class=\"wp-block-image size-large is-resized\"><img loading=\"lazy\" decoding=\"async\" width=\"810\" height=\"540\" src=\"https:\/\/www.enzo-und-ferdinand.de\/wp-content\/uploads\/2024\/06\/KalmarAutomotive7-97C1interior-810x540.jpg\" alt=\"\" class=\"wp-image-17190\" style=\"width:880px;height:auto\" srcset=\"https:\/\/www.enzo-und-ferdinand.de\/wp-content\/uploads\/2024\/06\/KalmarAutomotive7-97C1interior-810x540.jpg 810w, https:\/\/www.enzo-und-ferdinand.de\/wp-content\/uploads\/2024\/06\/KalmarAutomotive7-97C1interior-300x200.jpg 300w, https:\/\/www.enzo-und-ferdinand.de\/wp-content\/uploads\/2024\/06\/KalmarAutomotive7-97C1interior-768x512.jpg 768w, https:\/\/www.enzo-und-ferdinand.de\/wp-content\/uploads\/2024\/06\/KalmarAutomotive7-97C1interior-120x80.jpg 120w, https:\/\/www.enzo-und-ferdinand.de\/wp-content\/uploads\/2024\/06\/KalmarAutomotive7-97C1interior.jpg 1000w\" sizes=\"auto, (max-width: 810px) 100vw, 810px\" \/><\/figure>\n\n\n\n<p class=\"has-text-align-right has-small-font-size wp-block-paragraph\">Fotos: Kalmar\/Text: Rainer Ro\u00dfbach<\/p>\n","protected":false},"excerpt":{"rendered":"<p>Der amerikanische Restomod ist eine Hommage an den originalen Porsche 911 ST aus den 1970er Jahren, der die Leistung eines modernen Sportwagens mit dem Stil einer klassischen Ikone verbindet. Der auf dem 993 basierende \u201eC1\u201c nutzt die Vorteile der leichtesten und steifsten Karosserievariante, wobei die Regenrinnen des Spender-Elfers bei der Coup\u00e9-Karosserie entfernt wurden. Ein neu gestalteter Heckdeckel in Verbindung mit einer selbstentwickelten speziellen Verbundglasl\u00f6sung\u00a0 reduziert Auftrieb, Luftwiderstand und Windger\u00e4usche. Die Karosserie besteht aus Autoklav-Carbon-Teilen.<\/p>\n","protected":false},"author":1,"featured_media":17191,"comment_status":"closed","ping_status":"closed","sticky":false,"template":"","format":"standard","meta":{"_crdt_document":"","ngg_post_thumbnail":0,"footnotes":""},"categories":[23,685],"tags":[1230,984,142,679,583],"class_list":["post-17192","post","type-post","status-publish","format-standard","has-post-thumbnail","hentry","category-performance","category-restomod","tag-kalmar","tag-kamm-912c","tag-porsche-911-2-5-s-t","tag-restomod","tag-singer"],"yoast_head":"<!-- This site is optimized with the Yoast SEO plugin v27.5 - https:\/\/yoast.com\/product\/yoast-seo-wordpress\/ -->\n<title>Kalmar Automotive 7-97 \u201eC1\u201c<\/title>\n<meta name=\"description\" content=\"Kalmar Automotive 7-97 C1 Restomod Porsche 911 ST Porsche 993 Autoklav-Carbon Allradantrieb Vierliter-Motor doppelte \u00d6lk\u00fchler aktive Federung Mehrlenker-Hinterachse Sechsgang-Getriebe dreiteilige Felgen Traktionskontrolle. Keramik-Bremsanlage Recaro-Sportsitze F-Modell Rainer Ro\u00dfbach Rainer Rossbach enzo-und-ferdinand enzo&amp;ferdinand\" \/>\n<meta name=\"robots\" content=\"index, follow, max-snippet:-1, max-image-preview:large, max-video-preview:-1\" \/>\n<link rel=\"canonical\" href=\"https:\/\/www.enzo-und-ferdinand.de\/index.php\/2024\/06\/18\/kalmar-automotive-7-97-c1\/\" \/>\n<meta property=\"og:locale\" content=\"de_DE\" \/>\n<meta property=\"og:type\" content=\"article\" \/>\n<meta property=\"og:title\" content=\"Kalmar Automotive 7-97 \u201eC1\u201c\" \/>\n<meta property=\"og:description\" content=\"Kalmar Automotive 7-97 C1 Restomod Porsche 911 ST Porsche 993 Autoklav-Carbon Allradantrieb Vierliter-Motor doppelte \u00d6lk\u00fchler aktive Federung Mehrlenker-Hinterachse Sechsgang-Getriebe dreiteilige Felgen Traktionskontrolle. Keramik-Bremsanlage Recaro-Sportsitze F-Modell Rainer Ro\u00dfbach Rainer Rossbach enzo-und-ferdinand enzo&amp;ferdinand\" \/>\n<meta property=\"og:url\" content=\"https:\/\/www.enzo-und-ferdinand.de\/index.php\/2024\/06\/18\/kalmar-automotive-7-97-c1\/\" \/>\n<meta property=\"og:site_name\" content=\"enzo &amp; Ferdinand\" \/>\n<meta property=\"article:published_time\" content=\"2024-06-18T06:50:44+00:00\" \/>\n<meta property=\"article:modified_time\" content=\"2024-11-01T09:46:04+00:00\" \/>\n<meta property=\"og:image\" content=\"https:\/\/www.enzo-und-ferdinand.de\/wp-content\/uploads\/2024\/06\/KalmarAutomotive7-97C1rear.jpg\" \/>\n\t<meta property=\"og:image:width\" content=\"1000\" \/>\n\t<meta property=\"og:image:height\" content=\"667\" \/>\n\t<meta property=\"og:image:type\" content=\"image\/jpeg\" \/>\n<meta name=\"author\" content=\"Rainer Ro\u00dfbach\" \/>\n<meta name=\"twitter:card\" content=\"summary_large_image\" \/>\n<meta name=\"twitter:label1\" content=\"Verfasst von\" \/>\n\t<meta name=\"twitter:data1\" content=\"Rainer Ro\u00dfbach\" \/>\n\t<meta name=\"twitter:label2\" content=\"Gesch\u00e4tzte Lesezeit\" \/>\n\t<meta name=\"twitter:data2\" content=\"1\u00a0Minute\" \/>\n<script type=\"application\/ld+json\" class=\"yoast-schema-graph\">{\"@context\":\"https:\\\/\\\/schema.org\",\"@graph\":[{\"@type\":\"Article\",\"@id\":\"https:\\\/\\\/www.enzo-und-ferdinand.de\\\/index.php\\\/2024\\\/06\\\/18\\\/kalmar-automotive-7-97-c1\\\/#article\",\"isPartOf\":{\"@id\":\"https:\\\/\\\/www.enzo-und-ferdinand.de\\\/index.php\\\/2024\\\/06\\\/18\\\/kalmar-automotive-7-97-c1\\\/\"},\"author\":{\"name\":\"Rainer Ro\u00dfbach\",\"@id\":\"https:\\\/\\\/www.enzo-und-ferdinand.de\\\/#\\\/schema\\\/person\\\/aff2eb9ff87705987c1b9d21fe10b095\"},\"headline\":\"Kalmar Automotive 7-97 \u201eC1\u201c\",\"datePublished\":\"2024-06-18T06:50:44+00:00\",\"dateModified\":\"2024-11-01T09:46:04+00:00\",\"mainEntityOfPage\":{\"@id\":\"https:\\\/\\\/www.enzo-und-ferdinand.de\\\/index.php\\\/2024\\\/06\\\/18\\\/kalmar-automotive-7-97-c1\\\/\"},\"wordCount\":276,\"publisher\":{\"@id\":\"https:\\\/\\\/www.enzo-und-ferdinand.de\\\/#organization\"},\"image\":{\"@id\":\"https:\\\/\\\/www.enzo-und-ferdinand.de\\\/index.php\\\/2024\\\/06\\\/18\\\/kalmar-automotive-7-97-c1\\\/#primaryimage\"},\"thumbnailUrl\":\"https:\\\/\\\/www.enzo-und-ferdinand.de\\\/wp-content\\\/uploads\\\/2024\\\/06\\\/KalmarAutomotive7-97C1rear.jpg\",\"keywords\":[\"Kalmar\",\"Kamm 912c\",\"Porsche 911 2.5 S\\\/T\",\"Restomod\",\"Singer\"],\"articleSection\":[\"Performance\",\"Restomod\"],\"inLanguage\":\"de\"},{\"@type\":\"WebPage\",\"@id\":\"https:\\\/\\\/www.enzo-und-ferdinand.de\\\/index.php\\\/2024\\\/06\\\/18\\\/kalmar-automotive-7-97-c1\\\/\",\"url\":\"https:\\\/\\\/www.enzo-und-ferdinand.de\\\/index.php\\\/2024\\\/06\\\/18\\\/kalmar-automotive-7-97-c1\\\/\",\"name\":\"Kalmar Automotive 7-97 \u201eC1\u201c\",\"isPartOf\":{\"@id\":\"https:\\\/\\\/www.enzo-und-ferdinand.de\\\/#website\"},\"primaryImageOfPage\":{\"@id\":\"https:\\\/\\\/www.enzo-und-ferdinand.de\\\/index.php\\\/2024\\\/06\\\/18\\\/kalmar-automotive-7-97-c1\\\/#primaryimage\"},\"image\":{\"@id\":\"https:\\\/\\\/www.enzo-und-ferdinand.de\\\/index.php\\\/2024\\\/06\\\/18\\\/kalmar-automotive-7-97-c1\\\/#primaryimage\"},\"thumbnailUrl\":\"https:\\\/\\\/www.enzo-und-ferdinand.de\\\/wp-content\\\/uploads\\\/2024\\\/06\\\/KalmarAutomotive7-97C1rear.jpg\",\"datePublished\":\"2024-06-18T06:50:44+00:00\",\"dateModified\":\"2024-11-01T09:46:04+00:00\",\"description\":\"Kalmar Automotive 7-97 C1 Restomod Porsche 911 ST Porsche 993 Autoklav-Carbon Allradantrieb Vierliter-Motor doppelte \u00d6lk\u00fchler aktive Federung Mehrlenker-Hinterachse Sechsgang-Getriebe dreiteilige Felgen Traktionskontrolle. Keramik-Bremsanlage Recaro-Sportsitze F-Modell Rainer Ro\u00dfbach Rainer Rossbach enzo-und-ferdinand enzo&ferdinand\",\"breadcrumb\":{\"@id\":\"https:\\\/\\\/www.enzo-und-ferdinand.de\\\/index.php\\\/2024\\\/06\\\/18\\\/kalmar-automotive-7-97-c1\\\/#breadcrumb\"},\"inLanguage\":\"de\",\"potentialAction\":[{\"@type\":\"ReadAction\",\"target\":[\"https:\\\/\\\/www.enzo-und-ferdinand.de\\\/index.php\\\/2024\\\/06\\\/18\\\/kalmar-automotive-7-97-c1\\\/\"]}]},{\"@type\":\"ImageObject\",\"inLanguage\":\"de\",\"@id\":\"https:\\\/\\\/www.enzo-und-ferdinand.de\\\/index.php\\\/2024\\\/06\\\/18\\\/kalmar-automotive-7-97-c1\\\/#primaryimage\",\"url\":\"https:\\\/\\\/www.enzo-und-ferdinand.de\\\/wp-content\\\/uploads\\\/2024\\\/06\\\/KalmarAutomotive7-97C1rear.jpg\",\"contentUrl\":\"https:\\\/\\\/www.enzo-und-ferdinand.de\\\/wp-content\\\/uploads\\\/2024\\\/06\\\/KalmarAutomotive7-97C1rear.jpg\",\"width\":1000,\"height\":667,\"caption\":\"Kalmar Automotive 7-97 \u201eC1\u201c\"},{\"@type\":\"BreadcrumbList\",\"@id\":\"https:\\\/\\\/www.enzo-und-ferdinand.de\\\/index.php\\\/2024\\\/06\\\/18\\\/kalmar-automotive-7-97-c1\\\/#breadcrumb\",\"itemListElement\":[{\"@type\":\"ListItem\",\"position\":1,\"name\":\"Startseite\",\"item\":\"https:\\\/\\\/www.enzo-und-ferdinand.de\\\/\"},{\"@type\":\"ListItem\",\"position\":2,\"name\":\"Kalmar Automotive 7-97 \u201eC1\u201c\"}]},{\"@type\":\"WebSite\",\"@id\":\"https:\\\/\\\/www.enzo-und-ferdinand.de\\\/#website\",\"url\":\"https:\\\/\\\/www.enzo-und-ferdinand.de\\\/\",\"name\":\"enzo & Ferdinand\",\"description\":\"\",\"publisher\":{\"@id\":\"https:\\\/\\\/www.enzo-und-ferdinand.de\\\/#organization\"},\"potentialAction\":[{\"@type\":\"SearchAction\",\"target\":{\"@type\":\"EntryPoint\",\"urlTemplate\":\"https:\\\/\\\/www.enzo-und-ferdinand.de\\\/?s={search_term_string}\"},\"query-input\":{\"@type\":\"PropertyValueSpecification\",\"valueRequired\":true,\"valueName\":\"search_term_string\"}}],\"inLanguage\":\"de\"},{\"@type\":\"Organization\",\"@id\":\"https:\\\/\\\/www.enzo-und-ferdinand.de\\\/#organization\",\"name\":\"enzo & Ferdinand\",\"url\":\"https:\\\/\\\/www.enzo-und-ferdinand.de\\\/\",\"logo\":{\"@type\":\"ImageObject\",\"inLanguage\":\"de\",\"@id\":\"https:\\\/\\\/www.enzo-und-ferdinand.de\\\/#\\\/schema\\\/logo\\\/image\\\/\",\"url\":\"https:\\\/\\\/www.enzo-und-ferdinand.de\\\/wp-content\\\/uploads\\\/2018\\\/12\\\/revvvs-icon.png\",\"contentUrl\":\"https:\\\/\\\/www.enzo-und-ferdinand.de\\\/wp-content\\\/uploads\\\/2018\\\/12\\\/revvvs-icon.png\",\"width\":512,\"height\":512,\"caption\":\"enzo & Ferdinand\"},\"image\":{\"@id\":\"https:\\\/\\\/www.enzo-und-ferdinand.de\\\/#\\\/schema\\\/logo\\\/image\\\/\"}},{\"@type\":\"Person\",\"@id\":\"https:\\\/\\\/www.enzo-und-ferdinand.de\\\/#\\\/schema\\\/person\\\/aff2eb9ff87705987c1b9d21fe10b095\",\"name\":\"Rainer Ro\u00dfbach\",\"image\":{\"@type\":\"ImageObject\",\"inLanguage\":\"de\",\"@id\":\"https:\\\/\\\/www.enzo-und-ferdinand.de\\\/wp-content\\\/uploads\\\/2026\\\/01\\\/Rainer-Rossbach-150x150.jpg\",\"url\":\"https:\\\/\\\/www.enzo-und-ferdinand.de\\\/wp-content\\\/uploads\\\/2026\\\/01\\\/Rainer-Rossbach-150x150.jpg\",\"contentUrl\":\"https:\\\/\\\/www.enzo-und-ferdinand.de\\\/wp-content\\\/uploads\\\/2026\\\/01\\\/Rainer-Rossbach-150x150.jpg\",\"caption\":\"Rainer Ro\u00dfbach\"},\"url\":\"https:\\\/\\\/www.enzo-und-ferdinand.de\\\/index.php\\\/author\\\/redaktion\\\/\"}]}<\/script>\n<!-- \/ Yoast SEO plugin. -->","yoast_head_json":{"title":"Kalmar Automotive 7-97 \u201eC1\u201c","description":"Kalmar Automotive 7-97 C1 Restomod Porsche 911 ST Porsche 993 Autoklav-Carbon Allradantrieb Vierliter-Motor doppelte \u00d6lk\u00fchler aktive Federung Mehrlenker-Hinterachse Sechsgang-Getriebe dreiteilige Felgen Traktionskontrolle. Keramik-Bremsanlage Recaro-Sportsitze F-Modell Rainer Ro\u00dfbach Rainer Rossbach enzo-und-ferdinand enzo&ferdinand","robots":{"index":"index","follow":"follow","max-snippet":"max-snippet:-1","max-image-preview":"max-image-preview:large","max-video-preview":"max-video-preview:-1"},"canonical":"https:\/\/www.enzo-und-ferdinand.de\/index.php\/2024\/06\/18\/kalmar-automotive-7-97-c1\/","og_locale":"de_DE","og_type":"article","og_title":"Kalmar Automotive 7-97 \u201eC1\u201c","og_description":"Kalmar Automotive 7-97 C1 Restomod Porsche 911 ST Porsche 993 Autoklav-Carbon Allradantrieb Vierliter-Motor doppelte \u00d6lk\u00fchler aktive Federung Mehrlenker-Hinterachse Sechsgang-Getriebe dreiteilige Felgen Traktionskontrolle. Keramik-Bremsanlage Recaro-Sportsitze F-Modell Rainer Ro\u00dfbach Rainer Rossbach enzo-und-ferdinand enzo&ferdinand","og_url":"https:\/\/www.enzo-und-ferdinand.de\/index.php\/2024\/06\/18\/kalmar-automotive-7-97-c1\/","og_site_name":"enzo &amp; Ferdinand","article_published_time":"2024-06-18T06:50:44+00:00","article_modified_time":"2024-11-01T09:46:04+00:00","og_image":[{"width":1000,"height":667,"url":"https:\/\/www.enzo-und-ferdinand.de\/wp-content\/uploads\/2024\/06\/KalmarAutomotive7-97C1rear.jpg","type":"image\/jpeg"}],"author":"Rainer Ro\u00dfbach","twitter_card":"summary_large_image","twitter_misc":{"Verfasst von":"Rainer Ro\u00dfbach","Gesch\u00e4tzte Lesezeit":"1\u00a0Minute"},"schema":{"@context":"https:\/\/schema.org","@graph":[{"@type":"Article","@id":"https:\/\/www.enzo-und-ferdinand.de\/index.php\/2024\/06\/18\/kalmar-automotive-7-97-c1\/#article","isPartOf":{"@id":"https:\/\/www.enzo-und-ferdinand.de\/index.php\/2024\/06\/18\/kalmar-automotive-7-97-c1\/"},"author":{"name":"Rainer Ro\u00dfbach","@id":"https:\/\/www.enzo-und-ferdinand.de\/#\/schema\/person\/aff2eb9ff87705987c1b9d21fe10b095"},"headline":"Kalmar Automotive 7-97 \u201eC1\u201c","datePublished":"2024-06-18T06:50:44+00:00","dateModified":"2024-11-01T09:46:04+00:00","mainEntityOfPage":{"@id":"https:\/\/www.enzo-und-ferdinand.de\/index.php\/2024\/06\/18\/kalmar-automotive-7-97-c1\/"},"wordCount":276,"publisher":{"@id":"https:\/\/www.enzo-und-ferdinand.de\/#organization"},"image":{"@id":"https:\/\/www.enzo-und-ferdinand.de\/index.php\/2024\/06\/18\/kalmar-automotive-7-97-c1\/#primaryimage"},"thumbnailUrl":"https:\/\/www.enzo-und-ferdinand.de\/wp-content\/uploads\/2024\/06\/KalmarAutomotive7-97C1rear.jpg","keywords":["Kalmar","Kamm 912c","Porsche 911 2.5 S\/T","Restomod","Singer"],"articleSection":["Performance","Restomod"],"inLanguage":"de"},{"@type":"WebPage","@id":"https:\/\/www.enzo-und-ferdinand.de\/index.php\/2024\/06\/18\/kalmar-automotive-7-97-c1\/","url":"https:\/\/www.enzo-und-ferdinand.de\/index.php\/2024\/06\/18\/kalmar-automotive-7-97-c1\/","name":"Kalmar Automotive 7-97 \u201eC1\u201c","isPartOf":{"@id":"https:\/\/www.enzo-und-ferdinand.de\/#website"},"primaryImageOfPage":{"@id":"https:\/\/www.enzo-und-ferdinand.de\/index.php\/2024\/06\/18\/kalmar-automotive-7-97-c1\/#primaryimage"},"image":{"@id":"https:\/\/www.enzo-und-ferdinand.de\/index.php\/2024\/06\/18\/kalmar-automotive-7-97-c1\/#primaryimage"},"thumbnailUrl":"https:\/\/www.enzo-und-ferdinand.de\/wp-content\/uploads\/2024\/06\/KalmarAutomotive7-97C1rear.jpg","datePublished":"2024-06-18T06:50:44+00:00","dateModified":"2024-11-01T09:46:04+00:00","description":"Kalmar Automotive 7-97 C1 Restomod Porsche 911 ST Porsche 993 Autoklav-Carbon Allradantrieb Vierliter-Motor doppelte \u00d6lk\u00fchler aktive Federung Mehrlenker-Hinterachse Sechsgang-Getriebe dreiteilige Felgen Traktionskontrolle. Keramik-Bremsanlage Recaro-Sportsitze F-Modell Rainer Ro\u00dfbach Rainer Rossbach enzo-und-ferdinand enzo&ferdinand","breadcrumb":{"@id":"https:\/\/www.enzo-und-ferdinand.de\/index.php\/2024\/06\/18\/kalmar-automotive-7-97-c1\/#breadcrumb"},"inLanguage":"de","potentialAction":[{"@type":"ReadAction","target":["https:\/\/www.enzo-und-ferdinand.de\/index.php\/2024\/06\/18\/kalmar-automotive-7-97-c1\/"]}]},{"@type":"ImageObject","inLanguage":"de","@id":"https:\/\/www.enzo-und-ferdinand.de\/index.php\/2024\/06\/18\/kalmar-automotive-7-97-c1\/#primaryimage","url":"https:\/\/www.enzo-und-ferdinand.de\/wp-content\/uploads\/2024\/06\/KalmarAutomotive7-97C1rear.jpg","contentUrl":"https:\/\/www.enzo-und-ferdinand.de\/wp-content\/uploads\/2024\/06\/KalmarAutomotive7-97C1rear.jpg","width":1000,"height":667,"caption":"Kalmar Automotive 7-97 \u201eC1\u201c"},{"@type":"BreadcrumbList","@id":"https:\/\/www.enzo-und-ferdinand.de\/index.php\/2024\/06\/18\/kalmar-automotive-7-97-c1\/#breadcrumb","itemListElement":[{"@type":"ListItem","position":1,"name":"Startseite","item":"https:\/\/www.enzo-und-ferdinand.de\/"},{"@type":"ListItem","position":2,"name":"Kalmar Automotive 7-97 \u201eC1\u201c"}]},{"@type":"WebSite","@id":"https:\/\/www.enzo-und-ferdinand.de\/#website","url":"https:\/\/www.enzo-und-ferdinand.de\/","name":"enzo & Ferdinand","description":"","publisher":{"@id":"https:\/\/www.enzo-und-ferdinand.de\/#organization"},"potentialAction":[{"@type":"SearchAction","target":{"@type":"EntryPoint","urlTemplate":"https:\/\/www.enzo-und-ferdinand.de\/?s={search_term_string}"},"query-input":{"@type":"PropertyValueSpecification","valueRequired":true,"valueName":"search_term_string"}}],"inLanguage":"de"},{"@type":"Organization","@id":"https:\/\/www.enzo-und-ferdinand.de\/#organization","name":"enzo & Ferdinand","url":"https:\/\/www.enzo-und-ferdinand.de\/","logo":{"@type":"ImageObject","inLanguage":"de","@id":"https:\/\/www.enzo-und-ferdinand.de\/#\/schema\/logo\/image\/","url":"https:\/\/www.enzo-und-ferdinand.de\/wp-content\/uploads\/2018\/12\/revvvs-icon.png","contentUrl":"https:\/\/www.enzo-und-ferdinand.de\/wp-content\/uploads\/2018\/12\/revvvs-icon.png","width":512,"height":512,"caption":"enzo & Ferdinand"},"image":{"@id":"https:\/\/www.enzo-und-ferdinand.de\/#\/schema\/logo\/image\/"}},{"@type":"Person","@id":"https:\/\/www.enzo-und-ferdinand.de\/#\/schema\/person\/aff2eb9ff87705987c1b9d21fe10b095","name":"Rainer Ro\u00dfbach","image":{"@type":"ImageObject","inLanguage":"de","@id":"https:\/\/www.enzo-und-ferdinand.de\/wp-content\/uploads\/2026\/01\/Rainer-Rossbach-150x150.jpg","url":"https:\/\/www.enzo-und-ferdinand.de\/wp-content\/uploads\/2026\/01\/Rainer-Rossbach-150x150.jpg","contentUrl":"https:\/\/www.enzo-und-ferdinand.de\/wp-content\/uploads\/2026\/01\/Rainer-Rossbach-150x150.jpg","caption":"Rainer Ro\u00dfbach"},"url":"https:\/\/www.enzo-und-ferdinand.de\/index.php\/author\/redaktion\/"}]}},"_links":{"self":[{"href":"https:\/\/www.enzo-und-ferdinand.de\/index.php\/wp-json\/wp\/v2\/posts\/17192","targetHints":{"allow":["GET"]}}],"collection":[{"href":"https:\/\/www.enzo-und-ferdinand.de\/index.php\/wp-json\/wp\/v2\/posts"}],"about":[{"href":"https:\/\/www.enzo-und-ferdinand.de\/index.php\/wp-json\/wp\/v2\/types\/post"}],"author":[{"embeddable":true,"href":"https:\/\/www.enzo-und-ferdinand.de\/index.php\/wp-json\/wp\/v2\/users\/1"}],"replies":[{"embeddable":true,"href":"https:\/\/www.enzo-und-ferdinand.de\/index.php\/wp-json\/wp\/v2\/comments?post=17192"}],"version-history":[{"count":5,"href":"https:\/\/www.enzo-und-ferdinand.de\/index.php\/wp-json\/wp\/v2\/posts\/17192\/revisions"}],"predecessor-version":[{"id":17197,"href":"https:\/\/www.enzo-und-ferdinand.de\/index.php\/wp-json\/wp\/v2\/posts\/17192\/revisions\/17197"}],"wp:featuredmedia":[{"embeddable":true,"href":"https:\/\/www.enzo-und-ferdinand.de\/index.php\/wp-json\/wp\/v2\/media\/17191"}],"wp:attachment":[{"href":"https:\/\/www.enzo-und-ferdinand.de\/index.php\/wp-json\/wp\/v2\/media?parent=17192"}],"wp:term":[{"taxonomy":"category","embeddable":true,"href":"https:\/\/www.enzo-und-ferdinand.de\/index.php\/wp-json\/wp\/v2\/categories?post=17192"},{"taxonomy":"post_tag","embeddable":true,"href":"https:\/\/www.enzo-und-ferdinand.de\/index.php\/wp-json\/wp\/v2\/tags?post=17192"}],"curies":[{"name":"wp","href":"https:\/\/api.w.org\/{rel}","templated":true}]}}