{"id":17270,"date":"2024-07-01T06:57:46","date_gmt":"2024-07-01T04:57:46","guid":{"rendered":"https:\/\/www.enzo-und-ferdinand.de\/?p=17270"},"modified":"2024-11-01T10:38:33","modified_gmt":"2024-11-01T09:38:33","slug":"genesis-gran-racer-vgt-concept","status":"publish","type":"post","link":"https:\/\/www.enzo-und-ferdinand.de\/index.php\/2024\/07\/01\/genesis-gran-racer-vgt-concept\/","title":{"rendered":"Genesis Gran Racer VGT Concept"},"content":{"rendered":"\n<figure class=\"wp-block-image size-large is-resized\"><img loading=\"lazy\" decoding=\"async\" width=\"810\" height=\"480\" src=\"https:\/\/www.enzo-und-ferdinand.de\/wp-content\/uploads\/2024\/06\/670762-810x480.jpg\" alt=\"\" class=\"wp-image-17273\" style=\"width:880px;height:auto\" srcset=\"https:\/\/www.enzo-und-ferdinand.de\/wp-content\/uploads\/2024\/06\/670762-810x480.jpg 810w, https:\/\/www.enzo-und-ferdinand.de\/wp-content\/uploads\/2024\/06\/670762-300x178.jpg 300w, https:\/\/www.enzo-und-ferdinand.de\/wp-content\/uploads\/2024\/06\/670762-768x455.jpg 768w, https:\/\/www.enzo-und-ferdinand.de\/wp-content\/uploads\/2024\/06\/670762.jpg 1000w\" sizes=\"auto, (max-width: 810px) 100vw, 810px\" \/><\/figure>\n\n\n\n<p class=\"wp-block-paragraph\">Die Studie leitet sich vom X Gran Berlinetta Concept und wartet mit einer speziell angepassten Aerodynamik und Stra\u00dfenlage auf. Aktive aerodynamische Elemente, die sich elektronisch pr\u00e4zise einstellen lassen, sorgen f\u00fcr ein optimales Management des Luftstroms, w\u00e4hrend die flache Gestaltung des Unterbodens den Luftwiderstand reduziert und die Fahrzeugstabilit\u00e4t verbessert. Ein gr\u00f6\u00dferer Frontsplitter, der Heckdiffusor, die Lamellen am Frontsto\u00dff\u00e4nger und die Seitenschweller optimieren erg\u00e4nzend die aerodynamische Stabilit\u00e4t bei hohen Geschwindigkeiten.<\/p>\n\n\n\n<p class=\"wp-block-paragraph\">Der Abstand zwischen Armaturentafel und Vorderachse wurde vergr\u00f6\u00dfert. Dadurch r\u00fccken Fahrer und Antriebsstrang weiter in Richtung Heck. Der Kohlefaser-Heckfl\u00fcgel erh\u00f6ht den Abtrieb und verbessert die Stabilit\u00e4t. In den Fl\u00fcgel integriert sind, analog zum aktuellen Rennprototypen-Design, vertikale R\u00fcckleuchten integriert.&nbsp;<\/p>\n\n\n\n<figure class=\"wp-block-image size-large is-resized\"><img loading=\"lazy\" decoding=\"async\" width=\"810\" height=\"427\" src=\"https:\/\/www.enzo-und-ferdinand.de\/wp-content\/uploads\/2024\/06\/670766-810x427.jpg\" alt=\"\" class=\"wp-image-17277\" style=\"width:880px;height:auto\" srcset=\"https:\/\/www.enzo-und-ferdinand.de\/wp-content\/uploads\/2024\/06\/670766-810x427.jpg 810w, https:\/\/www.enzo-und-ferdinand.de\/wp-content\/uploads\/2024\/06\/670766-300x158.jpg 300w, https:\/\/www.enzo-und-ferdinand.de\/wp-content\/uploads\/2024\/06\/670766-768x405.jpg 768w, https:\/\/www.enzo-und-ferdinand.de\/wp-content\/uploads\/2024\/06\/670766.jpg 1000w\" sizes=\"auto, (max-width: 810px) 100vw, 810px\" \/><\/figure>\n\n\n\n<p class=\"wp-block-paragraph\">Zur Gewichtsreduktion tragen etwa die in eine Trennwand unter der Instrumententafel integrierten Schalter, der vollst\u00e4ndig integrierte \u00dcberrollk\u00e4fig, das \u00dcberrollb\u00fcgelelement hinter den Kopfst\u00fctzen und st\u00e4rkere Quertr\u00e4ger in den T\u00fcren bei.&nbsp;<\/p>\n\n\n\n<p class=\"wp-block-paragraph\">Anstelle eines konventionellen Lenkrads kommt ein ergonomisch gestaltetes Yoke-Rennlenkrad zum Einsatz, das eine intuitive Kontrolle und direkten Zugriff auf wichtige Funktionen bietet. Dessen Design verbessert die Verbindung zwischen Fahrer und Fahrzeug und erm\u00f6glicht es bessere Pr\u00e4zision.<\/p>\n\n\n\n<p class=\"wp-block-paragraph\">Angetrieben wird das Konzept durch einen Lambda II V6 Front-\/Mittel-Motor, der von einem elektrischen Kompressor (E-S\/C) unterst\u00fctzt wird. Der Hybridantrieb entwickelt eine Leistung von 1.540 PS sowie ein Drehmoment von 1.425 Nm. W\u00e4hrend der V6-Motor 870 PS und 1.071 Nm liefert, erzeugt der E-Motor vorne zus\u00e4tzlich 670 PS und 305 Nm Drehmoment.<\/p>\n\n\n\n<figure class=\"wp-block-gallery has-nested-images columns-default is-cropped wp-block-gallery-1 is-layout-flex wp-block-gallery-is-layout-flex\">\n<figure class=\"wp-block-image size-large\"><img loading=\"lazy\" decoding=\"async\" width=\"810\" height=\"490\" data-id=\"17276\" src=\"https:\/\/www.enzo-und-ferdinand.de\/wp-content\/uploads\/2024\/06\/670765-810x490.jpg\" alt=\"\" class=\"wp-image-17276\" srcset=\"https:\/\/www.enzo-und-ferdinand.de\/wp-content\/uploads\/2024\/06\/670765-810x490.jpg 810w, https:\/\/www.enzo-und-ferdinand.de\/wp-content\/uploads\/2024\/06\/670765-300x182.jpg 300w, https:\/\/www.enzo-und-ferdinand.de\/wp-content\/uploads\/2024\/06\/670765-768x465.jpg 768w, https:\/\/www.enzo-und-ferdinand.de\/wp-content\/uploads\/2024\/06\/670765.jpg 1000w\" sizes=\"auto, (max-width: 810px) 100vw, 810px\" \/><\/figure>\n\n\n\n<figure class=\"wp-block-image size-large\"><img loading=\"lazy\" decoding=\"async\" width=\"810\" height=\"459\" data-id=\"17275\" src=\"https:\/\/www.enzo-und-ferdinand.de\/wp-content\/uploads\/2024\/06\/670764-810x459.jpg\" alt=\"\" class=\"wp-image-17275\" srcset=\"https:\/\/www.enzo-und-ferdinand.de\/wp-content\/uploads\/2024\/06\/670764-810x459.jpg 810w, https:\/\/www.enzo-und-ferdinand.de\/wp-content\/uploads\/2024\/06\/670764-300x170.jpg 300w, https:\/\/www.enzo-und-ferdinand.de\/wp-content\/uploads\/2024\/06\/670764-768x435.jpg 768w, https:\/\/www.enzo-und-ferdinand.de\/wp-content\/uploads\/2024\/06\/670764.jpg 1000w\" sizes=\"auto, (max-width: 810px) 100vw, 810px\" \/><\/figure>\n<\/figure>\n\n\n\n<p class=\"has-text-align-right has-small-font-size wp-block-paragraph\">Fotos: Genesis\/Text: Rainer Ro\u00dfbach<\/p>\n","protected":false},"excerpt":{"rendered":"<p>Die Studie leitet sich vom X Gran Berlinetta Concept und wartet mit einer speziell angepassten Aerodynamik und Stra\u00dfenlage auf. Aktive aerodynamische Elemente, die sich elektronisch pr\u00e4zise einstellen lassen, sorgen f\u00fcr ein optimales Management des Luftstroms, w\u00e4hrend die flache Gestaltung des Unterbodens den Luftwiderstand reduziert und die Fahrzeugstabilit\u00e4t verbessert. Ein gr\u00f6\u00dferer Frontsplitter, der Heckdiffusor, die Lamellen am Frontsto\u00dff\u00e4nger und die Seitenschweller optimieren erg\u00e4nzend die aerodynamische Stabilit\u00e4t bei hohen Geschwindigkeiten.<\/p>\n","protected":false},"author":1,"featured_media":17279,"comment_status":"closed","ping_status":"closed","sticky":false,"template":"","format":"standard","meta":{"_crdt_document":"","ngg_post_thumbnail":0,"footnotes":""},"categories":[23,5,4],"tags":[666],"class_list":["post-17270","post","type-post","status-publish","format-standard","has-post-thumbnail","hentry","category-performance","category-rennsport","category-studien","tag-genesis"],"yoast_head":"<!-- This site is optimized with the Yoast SEO plugin v27.5 - https:\/\/yoast.com\/product\/yoast-seo-wordpress\/ -->\n<title>Genesis Gran Racer VGT Concept<\/title>\n<meta name=\"description\" content=\"Genesis Gran Racer VGT Concept Genesis X Gran Berlinetta Concept Rennprototyp \u00dcberrollk\u00e4fig Yoke-Rennlenkrad Front-Mittel-Motor Elektrischer Kompressor Hybridantrieb Rainer Ro\u00dfbach Rainer Rossbach enzo-und-ferdinand enzo&amp;ferdinand\" \/>\n<meta name=\"robots\" content=\"index, follow, max-snippet:-1, max-image-preview:large, max-video-preview:-1\" \/>\n<link rel=\"canonical\" href=\"https:\/\/www.enzo-und-ferdinand.de\/index.php\/2024\/07\/01\/genesis-gran-racer-vgt-concept\/\" \/>\n<meta property=\"og:locale\" content=\"de_DE\" \/>\n<meta property=\"og:type\" content=\"article\" \/>\n<meta property=\"og:title\" content=\"Genesis Gran Racer VGT Concept\" \/>\n<meta property=\"og:description\" content=\"Genesis Gran Racer VGT Concept Genesis X Gran Berlinetta Concept Rennprototyp \u00dcberrollk\u00e4fig Yoke-Rennlenkrad Front-Mittel-Motor Elektrischer Kompressor Hybridantrieb Rainer Ro\u00dfbach Rainer Rossbach enzo-und-ferdinand enzo&amp;ferdinand\" \/>\n<meta property=\"og:url\" content=\"https:\/\/www.enzo-und-ferdinand.de\/index.php\/2024\/07\/01\/genesis-gran-racer-vgt-concept\/\" \/>\n<meta property=\"og:site_name\" content=\"enzo &amp; Ferdinand\" \/>\n<meta property=\"article:published_time\" content=\"2024-07-01T04:57:46+00:00\" \/>\n<meta property=\"article:modified_time\" content=\"2024-11-01T09:38:33+00:00\" \/>\n<meta property=\"og:image\" content=\"https:\/\/www.enzo-und-ferdinand.de\/wp-content\/uploads\/2024\/06\/670763.jpg\" \/>\n\t<meta property=\"og:image:width\" content=\"1000\" \/>\n\t<meta property=\"og:image:height\" content=\"650\" \/>\n\t<meta property=\"og:image:type\" content=\"image\/jpeg\" \/>\n<meta name=\"author\" content=\"Rainer Ro\u00dfbach\" \/>\n<meta name=\"twitter:card\" content=\"summary_large_image\" \/>\n<meta name=\"twitter:label1\" content=\"Verfasst von\" \/>\n\t<meta name=\"twitter:data1\" content=\"Rainer Ro\u00dfbach\" \/>\n\t<meta name=\"twitter:label2\" content=\"Gesch\u00e4tzte Lesezeit\" \/>\n\t<meta name=\"twitter:data2\" content=\"1\u00a0Minute\" \/>\n<script type=\"application\/ld+json\" class=\"yoast-schema-graph\">{\"@context\":\"https:\\\/\\\/schema.org\",\"@graph\":[{\"@type\":\"Article\",\"@id\":\"https:\\\/\\\/www.enzo-und-ferdinand.de\\\/index.php\\\/2024\\\/07\\\/01\\\/genesis-gran-racer-vgt-concept\\\/#article\",\"isPartOf\":{\"@id\":\"https:\\\/\\\/www.enzo-und-ferdinand.de\\\/index.php\\\/2024\\\/07\\\/01\\\/genesis-gran-racer-vgt-concept\\\/\"},\"author\":{\"name\":\"Rainer Ro\u00dfbach\",\"@id\":\"https:\\\/\\\/www.enzo-und-ferdinand.de\\\/#\\\/schema\\\/person\\\/aff2eb9ff87705987c1b9d21fe10b095\"},\"headline\":\"Genesis Gran Racer VGT Concept\",\"datePublished\":\"2024-07-01T04:57:46+00:00\",\"dateModified\":\"2024-11-01T09:38:33+00:00\",\"mainEntityOfPage\":{\"@id\":\"https:\\\/\\\/www.enzo-und-ferdinand.de\\\/index.php\\\/2024\\\/07\\\/01\\\/genesis-gran-racer-vgt-concept\\\/\"},\"wordCount\":262,\"publisher\":{\"@id\":\"https:\\\/\\\/www.enzo-und-ferdinand.de\\\/#organization\"},\"image\":{\"@id\":\"https:\\\/\\\/www.enzo-und-ferdinand.de\\\/index.php\\\/2024\\\/07\\\/01\\\/genesis-gran-racer-vgt-concept\\\/#primaryimage\"},\"thumbnailUrl\":\"https:\\\/\\\/www.enzo-und-ferdinand.de\\\/wp-content\\\/uploads\\\/2024\\\/06\\\/670763.jpg\",\"keywords\":[\"Genesis\"],\"articleSection\":[\"Performance\",\"Rennsport\",\"Studien\"],\"inLanguage\":\"de\"},{\"@type\":\"WebPage\",\"@id\":\"https:\\\/\\\/www.enzo-und-ferdinand.de\\\/index.php\\\/2024\\\/07\\\/01\\\/genesis-gran-racer-vgt-concept\\\/\",\"url\":\"https:\\\/\\\/www.enzo-und-ferdinand.de\\\/index.php\\\/2024\\\/07\\\/01\\\/genesis-gran-racer-vgt-concept\\\/\",\"name\":\"Genesis Gran Racer VGT Concept\",\"isPartOf\":{\"@id\":\"https:\\\/\\\/www.enzo-und-ferdinand.de\\\/#website\"},\"primaryImageOfPage\":{\"@id\":\"https:\\\/\\\/www.enzo-und-ferdinand.de\\\/index.php\\\/2024\\\/07\\\/01\\\/genesis-gran-racer-vgt-concept\\\/#primaryimage\"},\"image\":{\"@id\":\"https:\\\/\\\/www.enzo-und-ferdinand.de\\\/index.php\\\/2024\\\/07\\\/01\\\/genesis-gran-racer-vgt-concept\\\/#primaryimage\"},\"thumbnailUrl\":\"https:\\\/\\\/www.enzo-und-ferdinand.de\\\/wp-content\\\/uploads\\\/2024\\\/06\\\/670763.jpg\",\"datePublished\":\"2024-07-01T04:57:46+00:00\",\"dateModified\":\"2024-11-01T09:38:33+00:00\",\"description\":\"Genesis Gran Racer VGT Concept Genesis X Gran Berlinetta Concept Rennprototyp \u00dcberrollk\u00e4fig Yoke-Rennlenkrad Front-Mittel-Motor Elektrischer Kompressor Hybridantrieb Rainer Ro\u00dfbach Rainer Rossbach enzo-und-ferdinand enzo&ferdinand\",\"breadcrumb\":{\"@id\":\"https:\\\/\\\/www.enzo-und-ferdinand.de\\\/index.php\\\/2024\\\/07\\\/01\\\/genesis-gran-racer-vgt-concept\\\/#breadcrumb\"},\"inLanguage\":\"de\",\"potentialAction\":[{\"@type\":\"ReadAction\",\"target\":[\"https:\\\/\\\/www.enzo-und-ferdinand.de\\\/index.php\\\/2024\\\/07\\\/01\\\/genesis-gran-racer-vgt-concept\\\/\"]}]},{\"@type\":\"ImageObject\",\"inLanguage\":\"de\",\"@id\":\"https:\\\/\\\/www.enzo-und-ferdinand.de\\\/index.php\\\/2024\\\/07\\\/01\\\/genesis-gran-racer-vgt-concept\\\/#primaryimage\",\"url\":\"https:\\\/\\\/www.enzo-und-ferdinand.de\\\/wp-content\\\/uploads\\\/2024\\\/06\\\/670763.jpg\",\"contentUrl\":\"https:\\\/\\\/www.enzo-und-ferdinand.de\\\/wp-content\\\/uploads\\\/2024\\\/06\\\/670763.jpg\",\"width\":1000,\"height\":650,\"caption\":\"Genesis Gran Racer VGT Concept\"},{\"@type\":\"BreadcrumbList\",\"@id\":\"https:\\\/\\\/www.enzo-und-ferdinand.de\\\/index.php\\\/2024\\\/07\\\/01\\\/genesis-gran-racer-vgt-concept\\\/#breadcrumb\",\"itemListElement\":[{\"@type\":\"ListItem\",\"position\":1,\"name\":\"Startseite\",\"item\":\"https:\\\/\\\/www.enzo-und-ferdinand.de\\\/\"},{\"@type\":\"ListItem\",\"position\":2,\"name\":\"Genesis Gran Racer VGT Concept\"}]},{\"@type\":\"WebSite\",\"@id\":\"https:\\\/\\\/www.enzo-und-ferdinand.de\\\/#website\",\"url\":\"https:\\\/\\\/www.enzo-und-ferdinand.de\\\/\",\"name\":\"enzo & Ferdinand\",\"description\":\"\",\"publisher\":{\"@id\":\"https:\\\/\\\/www.enzo-und-ferdinand.de\\\/#organization\"},\"potentialAction\":[{\"@type\":\"SearchAction\",\"target\":{\"@type\":\"EntryPoint\",\"urlTemplate\":\"https:\\\/\\\/www.enzo-und-ferdinand.de\\\/?s={search_term_string}\"},\"query-input\":{\"@type\":\"PropertyValueSpecification\",\"valueRequired\":true,\"valueName\":\"search_term_string\"}}],\"inLanguage\":\"de\"},{\"@type\":\"Organization\",\"@id\":\"https:\\\/\\\/www.enzo-und-ferdinand.de\\\/#organization\",\"name\":\"enzo & Ferdinand\",\"url\":\"https:\\\/\\\/www.enzo-und-ferdinand.de\\\/\",\"logo\":{\"@type\":\"ImageObject\",\"inLanguage\":\"de\",\"@id\":\"https:\\\/\\\/www.enzo-und-ferdinand.de\\\/#\\\/schema\\\/logo\\\/image\\\/\",\"url\":\"https:\\\/\\\/www.enzo-und-ferdinand.de\\\/wp-content\\\/uploads\\\/2018\\\/12\\\/revvvs-icon.png\",\"contentUrl\":\"https:\\\/\\\/www.enzo-und-ferdinand.de\\\/wp-content\\\/uploads\\\/2018\\\/12\\\/revvvs-icon.png\",\"width\":512,\"height\":512,\"caption\":\"enzo & Ferdinand\"},\"image\":{\"@id\":\"https:\\\/\\\/www.enzo-und-ferdinand.de\\\/#\\\/schema\\\/logo\\\/image\\\/\"}},{\"@type\":\"Person\",\"@id\":\"https:\\\/\\\/www.enzo-und-ferdinand.de\\\/#\\\/schema\\\/person\\\/aff2eb9ff87705987c1b9d21fe10b095\",\"name\":\"Rainer Ro\u00dfbach\",\"image\":{\"@type\":\"ImageObject\",\"inLanguage\":\"de\",\"@id\":\"https:\\\/\\\/www.enzo-und-ferdinand.de\\\/wp-content\\\/uploads\\\/2026\\\/01\\\/Rainer-Rossbach-150x150.jpg\",\"url\":\"https:\\\/\\\/www.enzo-und-ferdinand.de\\\/wp-content\\\/uploads\\\/2026\\\/01\\\/Rainer-Rossbach-150x150.jpg\",\"contentUrl\":\"https:\\\/\\\/www.enzo-und-ferdinand.de\\\/wp-content\\\/uploads\\\/2026\\\/01\\\/Rainer-Rossbach-150x150.jpg\",\"caption\":\"Rainer Ro\u00dfbach\"},\"url\":\"https:\\\/\\\/www.enzo-und-ferdinand.de\\\/index.php\\\/author\\\/redaktion\\\/\"}]}<\/script>\n<!-- \/ Yoast SEO plugin. -->","yoast_head_json":{"title":"Genesis Gran Racer VGT Concept","description":"Genesis Gran Racer VGT Concept Genesis X Gran Berlinetta Concept Rennprototyp \u00dcberrollk\u00e4fig Yoke-Rennlenkrad Front-Mittel-Motor Elektrischer Kompressor Hybridantrieb Rainer Ro\u00dfbach Rainer Rossbach enzo-und-ferdinand enzo&ferdinand","robots":{"index":"index","follow":"follow","max-snippet":"max-snippet:-1","max-image-preview":"max-image-preview:large","max-video-preview":"max-video-preview:-1"},"canonical":"https:\/\/www.enzo-und-ferdinand.de\/index.php\/2024\/07\/01\/genesis-gran-racer-vgt-concept\/","og_locale":"de_DE","og_type":"article","og_title":"Genesis Gran Racer VGT Concept","og_description":"Genesis Gran Racer VGT Concept Genesis X Gran Berlinetta Concept Rennprototyp \u00dcberrollk\u00e4fig Yoke-Rennlenkrad Front-Mittel-Motor Elektrischer Kompressor Hybridantrieb Rainer Ro\u00dfbach Rainer Rossbach enzo-und-ferdinand enzo&ferdinand","og_url":"https:\/\/www.enzo-und-ferdinand.de\/index.php\/2024\/07\/01\/genesis-gran-racer-vgt-concept\/","og_site_name":"enzo &amp; Ferdinand","article_published_time":"2024-07-01T04:57:46+00:00","article_modified_time":"2024-11-01T09:38:33+00:00","og_image":[{"width":1000,"height":650,"url":"https:\/\/www.enzo-und-ferdinand.de\/wp-content\/uploads\/2024\/06\/670763.jpg","type":"image\/jpeg"}],"author":"Rainer Ro\u00dfbach","twitter_card":"summary_large_image","twitter_misc":{"Verfasst von":"Rainer Ro\u00dfbach","Gesch\u00e4tzte Lesezeit":"1\u00a0Minute"},"schema":{"@context":"https:\/\/schema.org","@graph":[{"@type":"Article","@id":"https:\/\/www.enzo-und-ferdinand.de\/index.php\/2024\/07\/01\/genesis-gran-racer-vgt-concept\/#article","isPartOf":{"@id":"https:\/\/www.enzo-und-ferdinand.de\/index.php\/2024\/07\/01\/genesis-gran-racer-vgt-concept\/"},"author":{"name":"Rainer Ro\u00dfbach","@id":"https:\/\/www.enzo-und-ferdinand.de\/#\/schema\/person\/aff2eb9ff87705987c1b9d21fe10b095"},"headline":"Genesis Gran Racer VGT Concept","datePublished":"2024-07-01T04:57:46+00:00","dateModified":"2024-11-01T09:38:33+00:00","mainEntityOfPage":{"@id":"https:\/\/www.enzo-und-ferdinand.de\/index.php\/2024\/07\/01\/genesis-gran-racer-vgt-concept\/"},"wordCount":262,"publisher":{"@id":"https:\/\/www.enzo-und-ferdinand.de\/#organization"},"image":{"@id":"https:\/\/www.enzo-und-ferdinand.de\/index.php\/2024\/07\/01\/genesis-gran-racer-vgt-concept\/#primaryimage"},"thumbnailUrl":"https:\/\/www.enzo-und-ferdinand.de\/wp-content\/uploads\/2024\/06\/670763.jpg","keywords":["Genesis"],"articleSection":["Performance","Rennsport","Studien"],"inLanguage":"de"},{"@type":"WebPage","@id":"https:\/\/www.enzo-und-ferdinand.de\/index.php\/2024\/07\/01\/genesis-gran-racer-vgt-concept\/","url":"https:\/\/www.enzo-und-ferdinand.de\/index.php\/2024\/07\/01\/genesis-gran-racer-vgt-concept\/","name":"Genesis Gran Racer VGT Concept","isPartOf":{"@id":"https:\/\/www.enzo-und-ferdinand.de\/#website"},"primaryImageOfPage":{"@id":"https:\/\/www.enzo-und-ferdinand.de\/index.php\/2024\/07\/01\/genesis-gran-racer-vgt-concept\/#primaryimage"},"image":{"@id":"https:\/\/www.enzo-und-ferdinand.de\/index.php\/2024\/07\/01\/genesis-gran-racer-vgt-concept\/#primaryimage"},"thumbnailUrl":"https:\/\/www.enzo-und-ferdinand.de\/wp-content\/uploads\/2024\/06\/670763.jpg","datePublished":"2024-07-01T04:57:46+00:00","dateModified":"2024-11-01T09:38:33+00:00","description":"Genesis Gran Racer VGT Concept Genesis X Gran Berlinetta Concept Rennprototyp \u00dcberrollk\u00e4fig Yoke-Rennlenkrad Front-Mittel-Motor Elektrischer Kompressor Hybridantrieb Rainer Ro\u00dfbach Rainer Rossbach enzo-und-ferdinand enzo&ferdinand","breadcrumb":{"@id":"https:\/\/www.enzo-und-ferdinand.de\/index.php\/2024\/07\/01\/genesis-gran-racer-vgt-concept\/#breadcrumb"},"inLanguage":"de","potentialAction":[{"@type":"ReadAction","target":["https:\/\/www.enzo-und-ferdinand.de\/index.php\/2024\/07\/01\/genesis-gran-racer-vgt-concept\/"]}]},{"@type":"ImageObject","inLanguage":"de","@id":"https:\/\/www.enzo-und-ferdinand.de\/index.php\/2024\/07\/01\/genesis-gran-racer-vgt-concept\/#primaryimage","url":"https:\/\/www.enzo-und-ferdinand.de\/wp-content\/uploads\/2024\/06\/670763.jpg","contentUrl":"https:\/\/www.enzo-und-ferdinand.de\/wp-content\/uploads\/2024\/06\/670763.jpg","width":1000,"height":650,"caption":"Genesis Gran Racer VGT Concept"},{"@type":"BreadcrumbList","@id":"https:\/\/www.enzo-und-ferdinand.de\/index.php\/2024\/07\/01\/genesis-gran-racer-vgt-concept\/#breadcrumb","itemListElement":[{"@type":"ListItem","position":1,"name":"Startseite","item":"https:\/\/www.enzo-und-ferdinand.de\/"},{"@type":"ListItem","position":2,"name":"Genesis Gran Racer VGT Concept"}]},{"@type":"WebSite","@id":"https:\/\/www.enzo-und-ferdinand.de\/#website","url":"https:\/\/www.enzo-und-ferdinand.de\/","name":"enzo & Ferdinand","description":"","publisher":{"@id":"https:\/\/www.enzo-und-ferdinand.de\/#organization"},"potentialAction":[{"@type":"SearchAction","target":{"@type":"EntryPoint","urlTemplate":"https:\/\/www.enzo-und-ferdinand.de\/?s={search_term_string}"},"query-input":{"@type":"PropertyValueSpecification","valueRequired":true,"valueName":"search_term_string"}}],"inLanguage":"de"},{"@type":"Organization","@id":"https:\/\/www.enzo-und-ferdinand.de\/#organization","name":"enzo & Ferdinand","url":"https:\/\/www.enzo-und-ferdinand.de\/","logo":{"@type":"ImageObject","inLanguage":"de","@id":"https:\/\/www.enzo-und-ferdinand.de\/#\/schema\/logo\/image\/","url":"https:\/\/www.enzo-und-ferdinand.de\/wp-content\/uploads\/2018\/12\/revvvs-icon.png","contentUrl":"https:\/\/www.enzo-und-ferdinand.de\/wp-content\/uploads\/2018\/12\/revvvs-icon.png","width":512,"height":512,"caption":"enzo & Ferdinand"},"image":{"@id":"https:\/\/www.enzo-und-ferdinand.de\/#\/schema\/logo\/image\/"}},{"@type":"Person","@id":"https:\/\/www.enzo-und-ferdinand.de\/#\/schema\/person\/aff2eb9ff87705987c1b9d21fe10b095","name":"Rainer Ro\u00dfbach","image":{"@type":"ImageObject","inLanguage":"de","@id":"https:\/\/www.enzo-und-ferdinand.de\/wp-content\/uploads\/2026\/01\/Rainer-Rossbach-150x150.jpg","url":"https:\/\/www.enzo-und-ferdinand.de\/wp-content\/uploads\/2026\/01\/Rainer-Rossbach-150x150.jpg","contentUrl":"https:\/\/www.enzo-und-ferdinand.de\/wp-content\/uploads\/2026\/01\/Rainer-Rossbach-150x150.jpg","caption":"Rainer Ro\u00dfbach"},"url":"https:\/\/www.enzo-und-ferdinand.de\/index.php\/author\/redaktion\/"}]}},"_links":{"self":[{"href":"https:\/\/www.enzo-und-ferdinand.de\/index.php\/wp-json\/wp\/v2\/posts\/17270","targetHints":{"allow":["GET"]}}],"collection":[{"href":"https:\/\/www.enzo-und-ferdinand.de\/index.php\/wp-json\/wp\/v2\/posts"}],"about":[{"href":"https:\/\/www.enzo-und-ferdinand.de\/index.php\/wp-json\/wp\/v2\/types\/post"}],"author":[{"embeddable":true,"href":"https:\/\/www.enzo-und-ferdinand.de\/index.php\/wp-json\/wp\/v2\/users\/1"}],"replies":[{"embeddable":true,"href":"https:\/\/www.enzo-und-ferdinand.de\/index.php\/wp-json\/wp\/v2\/comments?post=17270"}],"version-history":[{"count":5,"href":"https:\/\/www.enzo-und-ferdinand.de\/index.php\/wp-json\/wp\/v2\/posts\/17270\/revisions"}],"predecessor-version":[{"id":17297,"href":"https:\/\/www.enzo-und-ferdinand.de\/index.php\/wp-json\/wp\/v2\/posts\/17270\/revisions\/17297"}],"wp:featuredmedia":[{"embeddable":true,"href":"https:\/\/www.enzo-und-ferdinand.de\/index.php\/wp-json\/wp\/v2\/media\/17279"}],"wp:attachment":[{"href":"https:\/\/www.enzo-und-ferdinand.de\/index.php\/wp-json\/wp\/v2\/media?parent=17270"}],"wp:term":[{"taxonomy":"category","embeddable":true,"href":"https:\/\/www.enzo-und-ferdinand.de\/index.php\/wp-json\/wp\/v2\/categories?post=17270"},{"taxonomy":"post_tag","embeddable":true,"href":"https:\/\/www.enzo-und-ferdinand.de\/index.php\/wp-json\/wp\/v2\/tags?post=17270"}],"curies":[{"name":"wp","href":"https:\/\/api.w.org\/{rel}","templated":true}]}}