{"id":17291,"date":"2024-07-03T07:15:33","date_gmt":"2024-07-03T05:15:33","guid":{"rendered":"https:\/\/www.enzo-und-ferdinand.de\/?p=17291"},"modified":"2024-11-01T10:35:45","modified_gmt":"2024-11-01T09:35:45","slug":"belmot-oldtimer-grand-prix-2024","status":"publish","type":"post","link":"https:\/\/www.enzo-und-ferdinand.de\/index.php\/2024\/07\/03\/belmot-oldtimer-grand-prix-2024\/","title":{"rendered":"Belmot-Oldtimer-Grand-Prix 2024"},"content":{"rendered":"\n<figure class=\"wp-block-image size-large is-resized\"><img loading=\"lazy\" decoding=\"async\" width=\"810\" height=\"540\" src=\"https:\/\/www.enzo-und-ferdinand.de\/wp-content\/uploads\/2024\/06\/OGP-2023_HGPCA-Startszene_Foto-GruppeC-OGP-810x540.jpg\" alt=\"\" class=\"wp-image-17289\" style=\"width:880px;height:auto\" srcset=\"https:\/\/www.enzo-und-ferdinand.de\/wp-content\/uploads\/2024\/06\/OGP-2023_HGPCA-Startszene_Foto-GruppeC-OGP-810x540.jpg 810w, https:\/\/www.enzo-und-ferdinand.de\/wp-content\/uploads\/2024\/06\/OGP-2023_HGPCA-Startszene_Foto-GruppeC-OGP-300x200.jpg 300w, https:\/\/www.enzo-und-ferdinand.de\/wp-content\/uploads\/2024\/06\/OGP-2023_HGPCA-Startszene_Foto-GruppeC-OGP-768x512.jpg 768w, https:\/\/www.enzo-und-ferdinand.de\/wp-content\/uploads\/2024\/06\/OGP-2023_HGPCA-Startszene_Foto-GruppeC-OGP-120x80.jpg 120w, https:\/\/www.enzo-und-ferdinand.de\/wp-content\/uploads\/2024\/06\/OGP-2023_HGPCA-Startszene_Foto-GruppeC-OGP.jpg 1000w\" sizes=\"auto, (max-width: 810px) 100vw, 810px\" \/><\/figure>\n\n\n\n<p class=\"wp-block-paragraph\">Die Traditionsveranstaltung findet vom 9. bis 11. August auf dem N\u00fcrburgring statt. Hunderte historische Tourenwagen und GTs, Formelfahrzeuge und Sportwagen aus der Geschichte des Motorsports werden an den Start gehen. Neben den Rennwagen sorgen gleich neben dem Fahrerlager Markenclubs und Klassiker-Parkpl\u00e4tze f\u00fcr zus\u00e4tzliche Farbe und auch die Mercedes-AMG-Arena ist f\u00fcr Klassiker reserviert.\u00a0<\/p>\n\n\n\n<p class=\"wp-block-paragraph\">Die leistungsst\u00e4rksten Boliden messen sich im Rennen der Historic Championship Can Am &amp; Sportscars und bieten besten Sound und grandioses Spektakel. Die historische Formel 1 ist gleichfalls am Start und wird durch die britische HGPCA-Serie vertreten, in der Rennwagen ab 1950 zum Einsatz kommen. Insgesamt spannt sich der Bogen der Teilnehmer von der Fr\u00fchzeit des \u201eRings\u201c in den 1920er-Jahren bis bis zu den Boliden der DTM des ausgehenden Jahrtausends. Ein weiteres Highlight sind die zweisitzigen Rennwagen und GT bis Baujahr 1965, wo Mercedes auf Porsche und Aston Martin auf Jaguar, Lotus, Ferrari und Maserati trifft.\u00a0<\/p>\n\n\n\n<p class=\"wp-block-paragraph\">Die Historische Formel Vau dagegen gibt einen R\u00fcckblick auf die gr\u00f6\u00dfte motorsportliche Nachwuchsserie aller Zeiten, deren mit VW-Boxer-Motoren best\u00fcckten Monoposti ab Mitte der 60er-Jahre einen kosteng\u00fcnstigen Einstieg in den Motorsport m\u00f6glich machten. Ein Klasse h\u00f6her ist dann die Formel 3 angesiedelt, die mit ihren Zweiliter-Triebwerken ab Mitte der 70er-Jahre eine international beachtete B\u00fchne f\u00fcr viele sp\u00e4tere Stars bot.\u00a0<\/p>\n\n\n\n<p class=\"wp-block-paragraph\">Volles Programm am N\u00fcrburgring also. Und wer mit einem historischen Fahrzeug kommt, f\u00fcr den ist ein eigener Klassiker-Parkplatz als exklusive Parkfl\u00e4che eingerichtet.<\/p>\n\n\n\n<figure class=\"wp-block-image size-large is-resized\"><img loading=\"lazy\" decoding=\"async\" width=\"810\" height=\"540\" src=\"https:\/\/www.enzo-und-ferdinand.de\/wp-content\/uploads\/2024\/06\/OGP-2023_Le-Mans-Start-Vintage-Sportscar-Trophy_Foto-GruppeC-OGP-810x540.jpg\" alt=\"\" class=\"wp-image-17290\" style=\"width:880px;height:auto\" srcset=\"https:\/\/www.enzo-und-ferdinand.de\/wp-content\/uploads\/2024\/06\/OGP-2023_Le-Mans-Start-Vintage-Sportscar-Trophy_Foto-GruppeC-OGP-810x540.jpg 810w, https:\/\/www.enzo-und-ferdinand.de\/wp-content\/uploads\/2024\/06\/OGP-2023_Le-Mans-Start-Vintage-Sportscar-Trophy_Foto-GruppeC-OGP-300x200.jpg 300w, https:\/\/www.enzo-und-ferdinand.de\/wp-content\/uploads\/2024\/06\/OGP-2023_Le-Mans-Start-Vintage-Sportscar-Trophy_Foto-GruppeC-OGP-768x512.jpg 768w, https:\/\/www.enzo-und-ferdinand.de\/wp-content\/uploads\/2024\/06\/OGP-2023_Le-Mans-Start-Vintage-Sportscar-Trophy_Foto-GruppeC-OGP-120x80.jpg 120w, https:\/\/www.enzo-und-ferdinand.de\/wp-content\/uploads\/2024\/06\/OGP-2023_Le-Mans-Start-Vintage-Sportscar-Trophy_Foto-GruppeC-OGP.jpg 1000w\" sizes=\"auto, (max-width: 810px) 100vw, 810px\" \/><\/figure>\n\n\n\n<p class=\"has-text-align-right has-small-font-size wp-block-paragraph\">Fotos: AvD, Belmot Oldtimer-Grand Prix\/Text: Rainer Ro\u00dfbach<\/p>\n","protected":false},"excerpt":{"rendered":"<p>Die Traditionsveranstaltung findet vom 9. bis 11. August auf dem N\u00fcrburgring statt. Hunderte historische Tourenwagen und GTs, Formelfahrzeuge und Sportwagen aus der Geschichte des Motorsports werden an den Start gehen. Neben den Rennwagen sorgen gleich neben dem Fahrerlager Markenclubs und Klassiker-Parkpl\u00e4tze f\u00fcr zus\u00e4tzliche Farbe und auch die Mercedes-AMG-Arena ist f\u00fcr Klassiker reserviert.\u00a0<\/p>\n","protected":false},"author":1,"featured_media":17288,"comment_status":"closed","ping_status":"closed","sticky":false,"template":"","format":"standard","meta":{"_crdt_document":"","ngg_post_thumbnail":0,"footnotes":""},"categories":[14,5,25],"tags":[329],"class_list":["post-17291","post","type-post","status-publish","format-standard","has-post-thumbnail","hentry","category-events","category-rennsport","category-rennstrecken","tag-oldtimer-grand-prix"],"yoast_head":"<!-- This site is optimized with the Yoast SEO plugin v27.5 - https:\/\/yoast.com\/product\/yoast-seo-wordpress\/ -->\n<title>Belmot-Oldtimer-Grand-Prix 2024<\/title>\n<meta name=\"description\" content=\"AvD-Oldtimer-Grand-Prix Belmot Oldtimer-Grand Prix Tourenwagen GT Formelfahrzeuge Sportwagen Motorsport Klassiker Can Am Formel 1 DTM Mercedes Porsche Aston Martin Jaguar Lotus Ferrari Maserati Formel Vau VW-Boxer Formel 3 Rainer Ro\u00dfbach Rainer Rossbach enzo-und-ferdinand enzo&amp;ferdinand\" \/>\n<meta name=\"robots\" content=\"index, follow, max-snippet:-1, max-image-preview:large, max-video-preview:-1\" \/>\n<link rel=\"canonical\" href=\"https:\/\/www.enzo-und-ferdinand.de\/index.php\/2024\/07\/03\/belmot-oldtimer-grand-prix-2024\/\" \/>\n<meta property=\"og:locale\" content=\"de_DE\" \/>\n<meta property=\"og:type\" content=\"article\" \/>\n<meta property=\"og:title\" content=\"Belmot-Oldtimer-Grand-Prix 2024\" \/>\n<meta property=\"og:description\" content=\"AvD-Oldtimer-Grand-Prix Belmot Oldtimer-Grand Prix Tourenwagen GT Formelfahrzeuge Sportwagen Motorsport Klassiker Can Am Formel 1 DTM Mercedes Porsche Aston Martin Jaguar Lotus Ferrari Maserati Formel Vau VW-Boxer Formel 3 Rainer Ro\u00dfbach Rainer Rossbach enzo-und-ferdinand enzo&amp;ferdinand\" \/>\n<meta property=\"og:url\" content=\"https:\/\/www.enzo-und-ferdinand.de\/index.php\/2024\/07\/03\/belmot-oldtimer-grand-prix-2024\/\" \/>\n<meta property=\"og:site_name\" content=\"enzo &amp; Ferdinand\" \/>\n<meta property=\"article:published_time\" content=\"2024-07-03T05:15:33+00:00\" \/>\n<meta property=\"article:modified_time\" content=\"2024-11-01T09:35:45+00:00\" \/>\n<meta property=\"og:image\" content=\"https:\/\/www.enzo-und-ferdinand.de\/wp-content\/uploads\/2024\/06\/OGP-2023_CanAm-Sportwagen_Foto-GruppeC-OGP.jpg\" \/>\n\t<meta property=\"og:image:width\" content=\"1000\" \/>\n\t<meta property=\"og:image:height\" content=\"667\" \/>\n\t<meta property=\"og:image:type\" content=\"image\/jpeg\" \/>\n<meta name=\"author\" content=\"Rainer Ro\u00dfbach\" \/>\n<meta name=\"twitter:card\" content=\"summary_large_image\" \/>\n<meta name=\"twitter:label1\" content=\"Verfasst von\" \/>\n\t<meta name=\"twitter:data1\" content=\"Rainer Ro\u00dfbach\" \/>\n\t<meta name=\"twitter:label2\" content=\"Gesch\u00e4tzte Lesezeit\" \/>\n\t<meta name=\"twitter:data2\" content=\"1\u00a0Minute\" \/>\n<script type=\"application\/ld+json\" class=\"yoast-schema-graph\">{\"@context\":\"https:\\\/\\\/schema.org\",\"@graph\":[{\"@type\":\"Article\",\"@id\":\"https:\\\/\\\/www.enzo-und-ferdinand.de\\\/index.php\\\/2024\\\/07\\\/03\\\/belmot-oldtimer-grand-prix-2024\\\/#article\",\"isPartOf\":{\"@id\":\"https:\\\/\\\/www.enzo-und-ferdinand.de\\\/index.php\\\/2024\\\/07\\\/03\\\/belmot-oldtimer-grand-prix-2024\\\/\"},\"author\":{\"name\":\"Rainer Ro\u00dfbach\",\"@id\":\"https:\\\/\\\/www.enzo-und-ferdinand.de\\\/#\\\/schema\\\/person\\\/aff2eb9ff87705987c1b9d21fe10b095\"},\"headline\":\"Belmot-Oldtimer-Grand-Prix 2024\",\"datePublished\":\"2024-07-03T05:15:33+00:00\",\"dateModified\":\"2024-11-01T09:35:45+00:00\",\"mainEntityOfPage\":{\"@id\":\"https:\\\/\\\/www.enzo-und-ferdinand.de\\\/index.php\\\/2024\\\/07\\\/03\\\/belmot-oldtimer-grand-prix-2024\\\/\"},\"wordCount\":250,\"publisher\":{\"@id\":\"https:\\\/\\\/www.enzo-und-ferdinand.de\\\/#organization\"},\"image\":{\"@id\":\"https:\\\/\\\/www.enzo-und-ferdinand.de\\\/index.php\\\/2024\\\/07\\\/03\\\/belmot-oldtimer-grand-prix-2024\\\/#primaryimage\"},\"thumbnailUrl\":\"https:\\\/\\\/www.enzo-und-ferdinand.de\\\/wp-content\\\/uploads\\\/2024\\\/06\\\/OGP-2023_CanAm-Sportwagen_Foto-GruppeC-OGP.jpg\",\"keywords\":[\"Oldtimer Grand Prix\"],\"articleSection\":[\"Events\",\"Rennsport\",\"Rennstrecken\"],\"inLanguage\":\"de\"},{\"@type\":\"WebPage\",\"@id\":\"https:\\\/\\\/www.enzo-und-ferdinand.de\\\/index.php\\\/2024\\\/07\\\/03\\\/belmot-oldtimer-grand-prix-2024\\\/\",\"url\":\"https:\\\/\\\/www.enzo-und-ferdinand.de\\\/index.php\\\/2024\\\/07\\\/03\\\/belmot-oldtimer-grand-prix-2024\\\/\",\"name\":\"Belmot-Oldtimer-Grand-Prix 2024\",\"isPartOf\":{\"@id\":\"https:\\\/\\\/www.enzo-und-ferdinand.de\\\/#website\"},\"primaryImageOfPage\":{\"@id\":\"https:\\\/\\\/www.enzo-und-ferdinand.de\\\/index.php\\\/2024\\\/07\\\/03\\\/belmot-oldtimer-grand-prix-2024\\\/#primaryimage\"},\"image\":{\"@id\":\"https:\\\/\\\/www.enzo-und-ferdinand.de\\\/index.php\\\/2024\\\/07\\\/03\\\/belmot-oldtimer-grand-prix-2024\\\/#primaryimage\"},\"thumbnailUrl\":\"https:\\\/\\\/www.enzo-und-ferdinand.de\\\/wp-content\\\/uploads\\\/2024\\\/06\\\/OGP-2023_CanAm-Sportwagen_Foto-GruppeC-OGP.jpg\",\"datePublished\":\"2024-07-03T05:15:33+00:00\",\"dateModified\":\"2024-11-01T09:35:45+00:00\",\"description\":\"AvD-Oldtimer-Grand-Prix Belmot Oldtimer-Grand Prix Tourenwagen GT Formelfahrzeuge Sportwagen Motorsport Klassiker Can Am Formel 1 DTM Mercedes Porsche Aston Martin Jaguar Lotus Ferrari Maserati Formel Vau VW-Boxer Formel 3 Rainer Ro\u00dfbach Rainer Rossbach enzo-und-ferdinand enzo&ferdinand\",\"breadcrumb\":{\"@id\":\"https:\\\/\\\/www.enzo-und-ferdinand.de\\\/index.php\\\/2024\\\/07\\\/03\\\/belmot-oldtimer-grand-prix-2024\\\/#breadcrumb\"},\"inLanguage\":\"de\",\"potentialAction\":[{\"@type\":\"ReadAction\",\"target\":[\"https:\\\/\\\/www.enzo-und-ferdinand.de\\\/index.php\\\/2024\\\/07\\\/03\\\/belmot-oldtimer-grand-prix-2024\\\/\"]}]},{\"@type\":\"ImageObject\",\"inLanguage\":\"de\",\"@id\":\"https:\\\/\\\/www.enzo-und-ferdinand.de\\\/index.php\\\/2024\\\/07\\\/03\\\/belmot-oldtimer-grand-prix-2024\\\/#primaryimage\",\"url\":\"https:\\\/\\\/www.enzo-und-ferdinand.de\\\/wp-content\\\/uploads\\\/2024\\\/06\\\/OGP-2023_CanAm-Sportwagen_Foto-GruppeC-OGP.jpg\",\"contentUrl\":\"https:\\\/\\\/www.enzo-und-ferdinand.de\\\/wp-content\\\/uploads\\\/2024\\\/06\\\/OGP-2023_CanAm-Sportwagen_Foto-GruppeC-OGP.jpg\",\"width\":1000,\"height\":667,\"caption\":\"Belmot-Oldtimer-Grand-Prix 2024\"},{\"@type\":\"BreadcrumbList\",\"@id\":\"https:\\\/\\\/www.enzo-und-ferdinand.de\\\/index.php\\\/2024\\\/07\\\/03\\\/belmot-oldtimer-grand-prix-2024\\\/#breadcrumb\",\"itemListElement\":[{\"@type\":\"ListItem\",\"position\":1,\"name\":\"Startseite\",\"item\":\"https:\\\/\\\/www.enzo-und-ferdinand.de\\\/\"},{\"@type\":\"ListItem\",\"position\":2,\"name\":\"Belmot-Oldtimer-Grand-Prix 2024\"}]},{\"@type\":\"WebSite\",\"@id\":\"https:\\\/\\\/www.enzo-und-ferdinand.de\\\/#website\",\"url\":\"https:\\\/\\\/www.enzo-und-ferdinand.de\\\/\",\"name\":\"enzo & Ferdinand\",\"description\":\"\",\"publisher\":{\"@id\":\"https:\\\/\\\/www.enzo-und-ferdinand.de\\\/#organization\"},\"potentialAction\":[{\"@type\":\"SearchAction\",\"target\":{\"@type\":\"EntryPoint\",\"urlTemplate\":\"https:\\\/\\\/www.enzo-und-ferdinand.de\\\/?s={search_term_string}\"},\"query-input\":{\"@type\":\"PropertyValueSpecification\",\"valueRequired\":true,\"valueName\":\"search_term_string\"}}],\"inLanguage\":\"de\"},{\"@type\":\"Organization\",\"@id\":\"https:\\\/\\\/www.enzo-und-ferdinand.de\\\/#organization\",\"name\":\"enzo & Ferdinand\",\"url\":\"https:\\\/\\\/www.enzo-und-ferdinand.de\\\/\",\"logo\":{\"@type\":\"ImageObject\",\"inLanguage\":\"de\",\"@id\":\"https:\\\/\\\/www.enzo-und-ferdinand.de\\\/#\\\/schema\\\/logo\\\/image\\\/\",\"url\":\"https:\\\/\\\/www.enzo-und-ferdinand.de\\\/wp-content\\\/uploads\\\/2018\\\/12\\\/revvvs-icon.png\",\"contentUrl\":\"https:\\\/\\\/www.enzo-und-ferdinand.de\\\/wp-content\\\/uploads\\\/2018\\\/12\\\/revvvs-icon.png\",\"width\":512,\"height\":512,\"caption\":\"enzo & Ferdinand\"},\"image\":{\"@id\":\"https:\\\/\\\/www.enzo-und-ferdinand.de\\\/#\\\/schema\\\/logo\\\/image\\\/\"}},{\"@type\":\"Person\",\"@id\":\"https:\\\/\\\/www.enzo-und-ferdinand.de\\\/#\\\/schema\\\/person\\\/aff2eb9ff87705987c1b9d21fe10b095\",\"name\":\"Rainer Ro\u00dfbach\",\"image\":{\"@type\":\"ImageObject\",\"inLanguage\":\"de\",\"@id\":\"https:\\\/\\\/www.enzo-und-ferdinand.de\\\/wp-content\\\/uploads\\\/2026\\\/01\\\/Rainer-Rossbach-150x150.jpg\",\"url\":\"https:\\\/\\\/www.enzo-und-ferdinand.de\\\/wp-content\\\/uploads\\\/2026\\\/01\\\/Rainer-Rossbach-150x150.jpg\",\"contentUrl\":\"https:\\\/\\\/www.enzo-und-ferdinand.de\\\/wp-content\\\/uploads\\\/2026\\\/01\\\/Rainer-Rossbach-150x150.jpg\",\"caption\":\"Rainer Ro\u00dfbach\"},\"url\":\"https:\\\/\\\/www.enzo-und-ferdinand.de\\\/index.php\\\/author\\\/redaktion\\\/\"}]}<\/script>\n<!-- \/ Yoast SEO plugin. -->","yoast_head_json":{"title":"Belmot-Oldtimer-Grand-Prix 2024","description":"AvD-Oldtimer-Grand-Prix Belmot Oldtimer-Grand Prix Tourenwagen GT Formelfahrzeuge Sportwagen Motorsport Klassiker Can Am Formel 1 DTM Mercedes Porsche Aston Martin Jaguar Lotus Ferrari Maserati Formel Vau VW-Boxer Formel 3 Rainer Ro\u00dfbach Rainer Rossbach enzo-und-ferdinand enzo&ferdinand","robots":{"index":"index","follow":"follow","max-snippet":"max-snippet:-1","max-image-preview":"max-image-preview:large","max-video-preview":"max-video-preview:-1"},"canonical":"https:\/\/www.enzo-und-ferdinand.de\/index.php\/2024\/07\/03\/belmot-oldtimer-grand-prix-2024\/","og_locale":"de_DE","og_type":"article","og_title":"Belmot-Oldtimer-Grand-Prix 2024","og_description":"AvD-Oldtimer-Grand-Prix Belmot Oldtimer-Grand Prix Tourenwagen GT Formelfahrzeuge Sportwagen Motorsport Klassiker Can Am Formel 1 DTM Mercedes Porsche Aston Martin Jaguar Lotus Ferrari Maserati Formel Vau VW-Boxer Formel 3 Rainer Ro\u00dfbach Rainer Rossbach enzo-und-ferdinand enzo&ferdinand","og_url":"https:\/\/www.enzo-und-ferdinand.de\/index.php\/2024\/07\/03\/belmot-oldtimer-grand-prix-2024\/","og_site_name":"enzo &amp; Ferdinand","article_published_time":"2024-07-03T05:15:33+00:00","article_modified_time":"2024-11-01T09:35:45+00:00","og_image":[{"width":1000,"height":667,"url":"https:\/\/www.enzo-und-ferdinand.de\/wp-content\/uploads\/2024\/06\/OGP-2023_CanAm-Sportwagen_Foto-GruppeC-OGP.jpg","type":"image\/jpeg"}],"author":"Rainer Ro\u00dfbach","twitter_card":"summary_large_image","twitter_misc":{"Verfasst von":"Rainer Ro\u00dfbach","Gesch\u00e4tzte Lesezeit":"1\u00a0Minute"},"schema":{"@context":"https:\/\/schema.org","@graph":[{"@type":"Article","@id":"https:\/\/www.enzo-und-ferdinand.de\/index.php\/2024\/07\/03\/belmot-oldtimer-grand-prix-2024\/#article","isPartOf":{"@id":"https:\/\/www.enzo-und-ferdinand.de\/index.php\/2024\/07\/03\/belmot-oldtimer-grand-prix-2024\/"},"author":{"name":"Rainer Ro\u00dfbach","@id":"https:\/\/www.enzo-und-ferdinand.de\/#\/schema\/person\/aff2eb9ff87705987c1b9d21fe10b095"},"headline":"Belmot-Oldtimer-Grand-Prix 2024","datePublished":"2024-07-03T05:15:33+00:00","dateModified":"2024-11-01T09:35:45+00:00","mainEntityOfPage":{"@id":"https:\/\/www.enzo-und-ferdinand.de\/index.php\/2024\/07\/03\/belmot-oldtimer-grand-prix-2024\/"},"wordCount":250,"publisher":{"@id":"https:\/\/www.enzo-und-ferdinand.de\/#organization"},"image":{"@id":"https:\/\/www.enzo-und-ferdinand.de\/index.php\/2024\/07\/03\/belmot-oldtimer-grand-prix-2024\/#primaryimage"},"thumbnailUrl":"https:\/\/www.enzo-und-ferdinand.de\/wp-content\/uploads\/2024\/06\/OGP-2023_CanAm-Sportwagen_Foto-GruppeC-OGP.jpg","keywords":["Oldtimer Grand Prix"],"articleSection":["Events","Rennsport","Rennstrecken"],"inLanguage":"de"},{"@type":"WebPage","@id":"https:\/\/www.enzo-und-ferdinand.de\/index.php\/2024\/07\/03\/belmot-oldtimer-grand-prix-2024\/","url":"https:\/\/www.enzo-und-ferdinand.de\/index.php\/2024\/07\/03\/belmot-oldtimer-grand-prix-2024\/","name":"Belmot-Oldtimer-Grand-Prix 2024","isPartOf":{"@id":"https:\/\/www.enzo-und-ferdinand.de\/#website"},"primaryImageOfPage":{"@id":"https:\/\/www.enzo-und-ferdinand.de\/index.php\/2024\/07\/03\/belmot-oldtimer-grand-prix-2024\/#primaryimage"},"image":{"@id":"https:\/\/www.enzo-und-ferdinand.de\/index.php\/2024\/07\/03\/belmot-oldtimer-grand-prix-2024\/#primaryimage"},"thumbnailUrl":"https:\/\/www.enzo-und-ferdinand.de\/wp-content\/uploads\/2024\/06\/OGP-2023_CanAm-Sportwagen_Foto-GruppeC-OGP.jpg","datePublished":"2024-07-03T05:15:33+00:00","dateModified":"2024-11-01T09:35:45+00:00","description":"AvD-Oldtimer-Grand-Prix Belmot Oldtimer-Grand Prix Tourenwagen GT Formelfahrzeuge Sportwagen Motorsport Klassiker Can Am Formel 1 DTM Mercedes Porsche Aston Martin Jaguar Lotus Ferrari Maserati Formel Vau VW-Boxer Formel 3 Rainer Ro\u00dfbach Rainer Rossbach enzo-und-ferdinand enzo&ferdinand","breadcrumb":{"@id":"https:\/\/www.enzo-und-ferdinand.de\/index.php\/2024\/07\/03\/belmot-oldtimer-grand-prix-2024\/#breadcrumb"},"inLanguage":"de","potentialAction":[{"@type":"ReadAction","target":["https:\/\/www.enzo-und-ferdinand.de\/index.php\/2024\/07\/03\/belmot-oldtimer-grand-prix-2024\/"]}]},{"@type":"ImageObject","inLanguage":"de","@id":"https:\/\/www.enzo-und-ferdinand.de\/index.php\/2024\/07\/03\/belmot-oldtimer-grand-prix-2024\/#primaryimage","url":"https:\/\/www.enzo-und-ferdinand.de\/wp-content\/uploads\/2024\/06\/OGP-2023_CanAm-Sportwagen_Foto-GruppeC-OGP.jpg","contentUrl":"https:\/\/www.enzo-und-ferdinand.de\/wp-content\/uploads\/2024\/06\/OGP-2023_CanAm-Sportwagen_Foto-GruppeC-OGP.jpg","width":1000,"height":667,"caption":"Belmot-Oldtimer-Grand-Prix 2024"},{"@type":"BreadcrumbList","@id":"https:\/\/www.enzo-und-ferdinand.de\/index.php\/2024\/07\/03\/belmot-oldtimer-grand-prix-2024\/#breadcrumb","itemListElement":[{"@type":"ListItem","position":1,"name":"Startseite","item":"https:\/\/www.enzo-und-ferdinand.de\/"},{"@type":"ListItem","position":2,"name":"Belmot-Oldtimer-Grand-Prix 2024"}]},{"@type":"WebSite","@id":"https:\/\/www.enzo-und-ferdinand.de\/#website","url":"https:\/\/www.enzo-und-ferdinand.de\/","name":"enzo & Ferdinand","description":"","publisher":{"@id":"https:\/\/www.enzo-und-ferdinand.de\/#organization"},"potentialAction":[{"@type":"SearchAction","target":{"@type":"EntryPoint","urlTemplate":"https:\/\/www.enzo-und-ferdinand.de\/?s={search_term_string}"},"query-input":{"@type":"PropertyValueSpecification","valueRequired":true,"valueName":"search_term_string"}}],"inLanguage":"de"},{"@type":"Organization","@id":"https:\/\/www.enzo-und-ferdinand.de\/#organization","name":"enzo & Ferdinand","url":"https:\/\/www.enzo-und-ferdinand.de\/","logo":{"@type":"ImageObject","inLanguage":"de","@id":"https:\/\/www.enzo-und-ferdinand.de\/#\/schema\/logo\/image\/","url":"https:\/\/www.enzo-und-ferdinand.de\/wp-content\/uploads\/2018\/12\/revvvs-icon.png","contentUrl":"https:\/\/www.enzo-und-ferdinand.de\/wp-content\/uploads\/2018\/12\/revvvs-icon.png","width":512,"height":512,"caption":"enzo & Ferdinand"},"image":{"@id":"https:\/\/www.enzo-und-ferdinand.de\/#\/schema\/logo\/image\/"}},{"@type":"Person","@id":"https:\/\/www.enzo-und-ferdinand.de\/#\/schema\/person\/aff2eb9ff87705987c1b9d21fe10b095","name":"Rainer Ro\u00dfbach","image":{"@type":"ImageObject","inLanguage":"de","@id":"https:\/\/www.enzo-und-ferdinand.de\/wp-content\/uploads\/2026\/01\/Rainer-Rossbach-150x150.jpg","url":"https:\/\/www.enzo-und-ferdinand.de\/wp-content\/uploads\/2026\/01\/Rainer-Rossbach-150x150.jpg","contentUrl":"https:\/\/www.enzo-und-ferdinand.de\/wp-content\/uploads\/2026\/01\/Rainer-Rossbach-150x150.jpg","caption":"Rainer Ro\u00dfbach"},"url":"https:\/\/www.enzo-und-ferdinand.de\/index.php\/author\/redaktion\/"}]}},"_links":{"self":[{"href":"https:\/\/www.enzo-und-ferdinand.de\/index.php\/wp-json\/wp\/v2\/posts\/17291","targetHints":{"allow":["GET"]}}],"collection":[{"href":"https:\/\/www.enzo-und-ferdinand.de\/index.php\/wp-json\/wp\/v2\/posts"}],"about":[{"href":"https:\/\/www.enzo-und-ferdinand.de\/index.php\/wp-json\/wp\/v2\/types\/post"}],"author":[{"embeddable":true,"href":"https:\/\/www.enzo-und-ferdinand.de\/index.php\/wp-json\/wp\/v2\/users\/1"}],"replies":[{"embeddable":true,"href":"https:\/\/www.enzo-und-ferdinand.de\/index.php\/wp-json\/wp\/v2\/comments?post=17291"}],"version-history":[{"count":3,"href":"https:\/\/www.enzo-und-ferdinand.de\/index.php\/wp-json\/wp\/v2\/posts\/17291\/revisions"}],"predecessor-version":[{"id":17294,"href":"https:\/\/www.enzo-und-ferdinand.de\/index.php\/wp-json\/wp\/v2\/posts\/17291\/revisions\/17294"}],"wp:featuredmedia":[{"embeddable":true,"href":"https:\/\/www.enzo-und-ferdinand.de\/index.php\/wp-json\/wp\/v2\/media\/17288"}],"wp:attachment":[{"href":"https:\/\/www.enzo-und-ferdinand.de\/index.php\/wp-json\/wp\/v2\/media?parent=17291"}],"wp:term":[{"taxonomy":"category","embeddable":true,"href":"https:\/\/www.enzo-und-ferdinand.de\/index.php\/wp-json\/wp\/v2\/categories?post=17291"},{"taxonomy":"post_tag","embeddable":true,"href":"https:\/\/www.enzo-und-ferdinand.de\/index.php\/wp-json\/wp\/v2\/tags?post=17291"}],"curies":[{"name":"wp","href":"https:\/\/api.w.org\/{rel}","templated":true}]}}