{"id":17439,"date":"2024-07-22T08:34:05","date_gmt":"2024-07-22T06:34:05","guid":{"rendered":"https:\/\/www.enzo-und-ferdinand.de\/?p=17439"},"modified":"2024-11-01T10:21:01","modified_gmt":"2024-11-01T09:21:01","slug":"festival-of-speed-2024","status":"publish","type":"post","link":"https:\/\/www.enzo-und-ferdinand.de\/index.php\/2024\/07\/22\/festival-of-speed-2024\/","title":{"rendered":"Festival of Speed 2024"},"content":{"rendered":"\n<figure class=\"wp-block-image size-large is-resized\"><img loading=\"lazy\" decoding=\"async\" width=\"810\" height=\"540\" src=\"https:\/\/www.enzo-und-ferdinand.de\/wp-content\/uploads\/2024\/07\/E30-Ferrari-Alfa-810x540.jpg\" alt=\"\" class=\"wp-image-17451\" style=\"width:880px;height:auto\" srcset=\"https:\/\/www.enzo-und-ferdinand.de\/wp-content\/uploads\/2024\/07\/E30-Ferrari-Alfa-810x540.jpg 810w, https:\/\/www.enzo-und-ferdinand.de\/wp-content\/uploads\/2024\/07\/E30-Ferrari-Alfa-300x200.jpg 300w, https:\/\/www.enzo-und-ferdinand.de\/wp-content\/uploads\/2024\/07\/E30-Ferrari-Alfa-768x512.jpg 768w, https:\/\/www.enzo-und-ferdinand.de\/wp-content\/uploads\/2024\/07\/E30-Ferrari-Alfa-120x80.jpg 120w, https:\/\/www.enzo-und-ferdinand.de\/wp-content\/uploads\/2024\/07\/E30-Ferrari-Alfa.jpg 1500w\" sizes=\"auto, (max-width: 810px) 100vw, 810px\" \/><figcaption class=\"wp-element-caption\"><em>BMW E30, Ferrari 186L und Alfa Romeo P3 Tipo B<\/em><\/figcaption><\/figure>\n\n\n\n<p class=\"wp-block-paragraph\">Beim diesj\u00e4hrigen Festival standen wieder alte Sport- und Formelwagen sowie moderne Rennfahrzeuge im Fokus, die ihre Performance auf der traditionellen Bergrennstrecke zeigten. Formel 1-Stars, Sportwagen- und Tourenwagen-Profis, Amateure und Testfahrer der Autohersteller traten auf der knapp zwei Kilometer langen Bergstrecke an. Die Fahrbahn ist schmal und begrenzt. Vorbei an Trib\u00fcnen, wo begeisterte Zuschauer anfeuern, jubeln und feiern, wenn bei teils infernalischem Sound \u201eschwarzes Gold\u201d verbrannt wird. <\/p>\n\n\n\n<p class=\"wp-block-paragraph\">Besonders attraktiv war \u2013 zumindest aus deutscher Sicht \u2013 das Lineup, das dem Odenw\u00e4lder Rennsportunternehmer Reinhold Joest gewidmet war. Seit 1964 als Fahrer, insbesonders aber ab 1984 als Teamchef, konnte er, neben diversen Weltmeisterschaften und Erfolgen in der amerikanischen IMSA-GTP-Serie, mit Porsche und Audi 16 mal das legend\u00e4re 24-Stunden-Rennen von Le Mans gewinnen.<\/p>\n\n\n\nngg_shortcode_0_placeholder\n\n\n\n<p class=\"wp-block-paragraph\">Das \u201eShootout\u201c \u2013 eine eigens entwickelte Kategorie \u2013 diente dem Versuch, den Rekord von 39,08 Sekunden von Max Chilton aus dem Jahr 2022 mit dem elektrischen McMurtry Sp\u00e9irling zu brechen. Der Einsitzer, saugt sich durch ein Gebl\u00e4se auf der Fahrbahn fest, \u00e4hnlich wie der Chaparral 2J und der Brabham BT46B, der im Rahmen eines Niki Lauda-Line-ups mit Tourenwagen sowie diversen Formel 1 Rennwagen des \u00d6sterreichers pr\u00e4sentiert wurde.<\/p>\n\n\n\n<figure class=\"wp-block-image size-large is-resized\"><img loading=\"lazy\" decoding=\"async\" width=\"810\" height=\"540\" src=\"https:\/\/www.enzo-und-ferdinand.de\/wp-content\/uploads\/2024\/07\/Ferrari-312T2-810x540.jpg\" alt=\"\" class=\"wp-image-17454\" style=\"width:880px;height:auto\" srcset=\"https:\/\/www.enzo-und-ferdinand.de\/wp-content\/uploads\/2024\/07\/Ferrari-312T2-810x540.jpg 810w, https:\/\/www.enzo-und-ferdinand.de\/wp-content\/uploads\/2024\/07\/Ferrari-312T2-300x200.jpg 300w, https:\/\/www.enzo-und-ferdinand.de\/wp-content\/uploads\/2024\/07\/Ferrari-312T2-768x512.jpg 768w, https:\/\/www.enzo-und-ferdinand.de\/wp-content\/uploads\/2024\/07\/Ferrari-312T2-120x80.jpg 120w, https:\/\/www.enzo-und-ferdinand.de\/wp-content\/uploads\/2024\/07\/Ferrari-312T2.jpg 1500w\" sizes=\"auto, (max-width: 810px) 100vw, 810px\" \/><figcaption class=\"wp-element-caption\"><em>Ferrari 312T2, 1977<\/em><\/figcaption><\/figure>\n\n\n\nngg_shortcode_1_placeholder\n\n\n\n<p class=\"wp-block-paragraph\">Weiterhin waren ber\u00fchmte Formel-1-Rennwagen aus vergangenen Jahren zu bewundern. Zu sehen gab es unter anderem den B.R.M. Typ 15 V16, den Maserati 250F aus dem Jahr 1954 und den Lancia-Ferrari D50, mit dem Wolfgang Graf Berghe von Trips im Training zum Gro\u00dfen Preis von Italien 1956 verungl\u00fcckte und mit dem Juan Manuel Fangio im gleichen Jahr die Automobil-Weltmeisterschaft gewonnen. Mercedes-Benz feierte 130 Jahre Motorsport nat\u00fcrlich auch mit dem zeitgen\u00f6ssischen W196 sowohl in der Monoposto-Version als auch mit der Stromlinienkarosserie.<\/p>\n\n\n\nngg_shortcode_2_placeholder\n\n\n\n<p class=\"wp-block-paragraph\">Das darauffolgende Jahrzehnt wurde vom 1964er-F1-Weltmeisterwagen von John Surtees im blau-wei\u00dfen N.A.R.T.-Design sowie Hondas&nbsp; RA 272 aus dem Jahr 1965, der beim Grand Prix in Mexiko den ersten Triumph f\u00fcr die japanische Marke errang.<\/p>\n\n\n\n<p class=\"wp-block-paragraph\">Auch der legend\u00e4re Lotus 49, der 1968 mit Graham Hill den Titel holte, war mit von der Partie und hat ebenfalls Motorsportgeschichte geschrieben. Aber die Palette der Boliden sp\u00e4terer Epochen hatten das noch getoppt. Dazu geh\u00f6rten zum Beispiel der Turbinen-Lotus 56, die Shadow-Cosworth-Modelle DN DN3, DN5, DN8, DN9, DN11, der Ligier-Cosworth JS11, der Lotus-Cosworth 77, der March-Cosworth 721X, der Renault RS 10, der Ferrari 640, der B.R.M. P180, der Ferrari 312T und so weiter. Ferrari 312T2, BRM P160E, McLaren-Cosworth MP4\/18, McLaren-TAG MP4\/2B, Jaguar-Cosworth R2, McLaren-Cosworth M23, Williams-Cosworth FW08, McLaren-Honda MP4\/6, Williams-BMW FW 26, Ferrari F2007, Lotus-Renault E20 und Ferrari SF70H.<\/p>\n\n\n\nngg_shortcode_3_placeholder\n\n\n\n<p class=\"wp-block-paragraph\">Apropos Shadow: die amerikanische Marke feierte den 50. Jahrestag der Can-Am-Meisterschaft und war mit nahezu allen Can-Am-, Formel 5000- und Formel 1 Boliden am Start, die der Rennstall den mysteri\u00f6sen Don Nichols jemals eingesetzt hat. Dieses Line-up wurde nur noch durch die nahezu komplette Palette der von Reinhold Joest in der Markenweltmeisterschaft eingesetzten Boliden von Porsche und Audi getoppt.&nbsp;<\/p>\n\n\n\nngg_shortcode_4_placeholder\n\n\n\n<p class=\"wp-block-paragraph\">Und Red Bull hatte auch was zu feiern. Vor 20 Jahren trat der Rennstall zum ersten Mal in der Formel 1 an und hatte aus diesem Anlass nicht weniger als 18 aktuellen und \u00e4lteren F1-Rennern vor Ort, sondern hat auch den Vorhang von seinem spektakul\u00e4ren Hypercar RB17 gezogen. Die letzte Kreation des genialen Konstrukteurs Adrian Newey f\u00fcr den erfolgreichen Brauseproduzenten kommt auf 1200 PS (882 kW).<\/p>\n\n\n\n<figure class=\"wp-block-image size-large is-resized\"><img loading=\"lazy\" decoding=\"async\" width=\"810\" height=\"537\" src=\"https:\/\/www.enzo-und-ferdinand.de\/wp-content\/uploads\/2024\/07\/Prototypen-810x537.jpg\" alt=\"\" class=\"wp-image-17453\" style=\"width:880px;height:auto\" srcset=\"https:\/\/www.enzo-und-ferdinand.de\/wp-content\/uploads\/2024\/07\/Prototypen-810x537.jpg 810w, https:\/\/www.enzo-und-ferdinand.de\/wp-content\/uploads\/2024\/07\/Prototypen-300x199.jpg 300w, https:\/\/www.enzo-und-ferdinand.de\/wp-content\/uploads\/2024\/07\/Prototypen-768x509.jpg 768w, https:\/\/www.enzo-und-ferdinand.de\/wp-content\/uploads\/2024\/07\/Prototypen-120x80.jpg 120w, https:\/\/www.enzo-und-ferdinand.de\/wp-content\/uploads\/2024\/07\/Prototypen.jpg 1500w\" sizes=\"auto, (max-width: 810px) 100vw, 810px\" \/><figcaption class=\"wp-element-caption\"><em>Jaguar XJR 12 (1990), Jaguar XJR-9 (1988), McLaren F1 GTR(199=) und Matra 670B (1973)<\/em><\/figcaption><\/figure>\n\n\n\nngg_shortcode_5_placeholder\n\n\n\n<p class=\"wp-block-paragraph\">Und nicht zuletzt standen das 100j\u00e4hrige Jubil\u00e4um von MG im Mittelpunkt sowie die W\u00fcrdigung gro\u00dfer Fahrer: Michael Dunlop als Rekord-Sieger bei der Isle of Man mit 29 Erfolgen und \u201eKing\u201c Richard Petty, der US-amerikanischen Rennfahrer-Legende.<\/p>\n\n\n\n<figure class=\"wp-block-image size-large is-resized\"><img loading=\"lazy\" decoding=\"async\" width=\"810\" height=\"540\" src=\"https:\/\/www.enzo-und-ferdinand.de\/wp-content\/uploads\/2024\/07\/Hyundai-I20N-Rally2-810x540.jpg\" alt=\"\" class=\"wp-image-17460\" style=\"width:880px;height:auto\" srcset=\"https:\/\/www.enzo-und-ferdinand.de\/wp-content\/uploads\/2024\/07\/Hyundai-I20N-Rally2-810x540.jpg 810w, https:\/\/www.enzo-und-ferdinand.de\/wp-content\/uploads\/2024\/07\/Hyundai-I20N-Rally2-300x200.jpg 300w, https:\/\/www.enzo-und-ferdinand.de\/wp-content\/uploads\/2024\/07\/Hyundai-I20N-Rally2-768x512.jpg 768w, https:\/\/www.enzo-und-ferdinand.de\/wp-content\/uploads\/2024\/07\/Hyundai-I20N-Rally2-120x80.jpg 120w, https:\/\/www.enzo-und-ferdinand.de\/wp-content\/uploads\/2024\/07\/Hyundai-I20N-Rally2.jpg 1500w\" sizes=\"auto, (max-width: 810px) 100vw, 810px\" \/><figcaption class=\"wp-element-caption\"><em>Hyundai I20N Rally2<\/em><\/figcaption><\/figure>\n\n\n\nngg_shortcode_6_placeholder\n\n\n\n<p class=\"wp-block-paragraph\">Rund 140.000 Besucher pro Tag kamen ins Gr\u00fcne, um sich die vielen Highlights anzuschauen: Ausstellungen, ein Concours d\u2019El\u00e9gance sowie das ber\u00fchmte Paddock,. Auch f\u00fcr Action war gesorgt: Bergrennen, Driftkhana und Rallye-Parcours durch den Wald standen boten Motorsportdemonstrationen vom Feinsten.<\/p>\n\n\n\nngg_shortcode_7_placeholder\n\n\n\n<p class=\"has-text-align-right has-small-font-size wp-block-paragraph\">Text\/Fotos: Rainer Ro\u00dfbach<\/p>\n","protected":false},"excerpt":{"rendered":"<p>Beim diesj\u00e4hrigen Festival standen wieder alte Sport- und Formelwagen sowie moderne Rennfahrzeuge im Fokus, die ihre Performance auf der traditionellen Bergrennstrecke zeigten. Formel-1-Stars, Sportwagen- und Tourenwagen-Profis, Amateure und Testfahrer der Autohersteller traten auf der knapp zwei Kilometer langen Bergstrecke an. Die Fahrbahn ist schmal und begrenzt. Vorbei an Trib\u00fcnen, wo begeisterte Zuschauer anfeuern, jubeln und feiern, wenn bei teils infernalischem Sound \u201eschwarzes Gold\u201d verbrannt wird.<\/p>\n","protected":false},"author":1,"featured_media":17458,"comment_status":"closed","ping_status":"closed","sticky":false,"template":"","format":"standard","meta":{"_crdt_document":"","ngg_post_thumbnail":0,"footnotes":""},"categories":[665,14,13,5],"tags":[26,327],"class_list":["post-17439","post","type-post","status-publish","format-standard","has-post-thumbnail","hentry","category-editionen","category-events","category-ikonen","category-rennsport","tag-festival-of-speed","tag-fos"],"yoast_head":"<!-- This site is optimized with the Yoast SEO plugin v27.5 - https:\/\/yoast.com\/product\/yoast-seo-wordpress\/ -->\n<title>Festival of Speed 2024<\/title>\n<meta name=\"description\" content=\"Festival of Speed Shootout Max Chilton McMurtry Chaparral Brabham Niki Lauda BRM Lancia-Ferrari Lancia-Ferrari Juan Manuel Fangio Mercedes-Benz Honda Lotus Shadow Ligier March Renault Ferrari McLaren Jaguar Williams Shadow Can-Am Formel 5000 Formel 1 Don Nichols Reinhold Joest Porsche Audi Red Bull Adrien Newey Concours d El\u00e9gance Rainer Ro\u00dfbach Rainer Rossbach enzo-und-ferdinand enzo&amp;ferdinand\" \/>\n<meta name=\"robots\" content=\"index, follow, max-snippet:-1, max-image-preview:large, max-video-preview:-1\" \/>\n<link rel=\"canonical\" href=\"https:\/\/www.enzo-und-ferdinand.de\/index.php\/2024\/07\/22\/festival-of-speed-2024\/\" \/>\n<meta property=\"og:locale\" content=\"de_DE\" \/>\n<meta property=\"og:type\" content=\"article\" \/>\n<meta property=\"og:title\" content=\"Festival of Speed 2024\" \/>\n<meta property=\"og:description\" content=\"Festival of Speed Shootout Max Chilton McMurtry Chaparral Brabham Niki Lauda BRM Lancia-Ferrari Lancia-Ferrari Juan Manuel Fangio Mercedes-Benz Honda Lotus Shadow Ligier March Renault Ferrari McLaren Jaguar Williams Shadow Can-Am Formel 5000 Formel 1 Don Nichols Reinhold Joest Porsche Audi Red Bull Adrien Newey Concours d El\u00e9gance Rainer Ro\u00dfbach Rainer Rossbach enzo-und-ferdinand enzo&amp;ferdinand\" \/>\n<meta property=\"og:url\" content=\"https:\/\/www.enzo-und-ferdinand.de\/index.php\/2024\/07\/22\/festival-of-speed-2024\/\" \/>\n<meta property=\"og:site_name\" content=\"enzo &amp; Ferdinand\" \/>\n<meta property=\"article:published_time\" content=\"2024-07-22T06:34:05+00:00\" \/>\n<meta property=\"article:modified_time\" content=\"2024-11-01T09:21:01+00:00\" \/>\n<meta property=\"og:image\" content=\"https:\/\/www.enzo-und-ferdinand.de\/wp-content\/uploads\/2024\/07\/Shadow-MK-III.jpg\" \/>\n\t<meta property=\"og:image:width\" content=\"1500\" \/>\n\t<meta property=\"og:image:height\" content=\"1007\" \/>\n\t<meta property=\"og:image:type\" content=\"image\/jpeg\" \/>\n<meta name=\"author\" content=\"Rainer Ro\u00dfbach\" \/>\n<meta name=\"twitter:card\" content=\"summary_large_image\" \/>\n<meta name=\"twitter:label1\" content=\"Verfasst von\" \/>\n\t<meta name=\"twitter:data1\" content=\"Rainer Ro\u00dfbach\" \/>\n\t<meta name=\"twitter:label2\" content=\"Gesch\u00e4tzte Lesezeit\" \/>\n\t<meta name=\"twitter:data2\" content=\"4\u00a0Minuten\" \/>\n<script type=\"application\/ld+json\" class=\"yoast-schema-graph\">{\"@context\":\"https:\\\/\\\/schema.org\",\"@graph\":[{\"@type\":\"Article\",\"@id\":\"https:\\\/\\\/www.enzo-und-ferdinand.de\\\/index.php\\\/2024\\\/07\\\/22\\\/festival-of-speed-2024\\\/#article\",\"isPartOf\":{\"@id\":\"https:\\\/\\\/www.enzo-und-ferdinand.de\\\/index.php\\\/2024\\\/07\\\/22\\\/festival-of-speed-2024\\\/\"},\"author\":{\"name\":\"Rainer Ro\u00dfbach\",\"@id\":\"https:\\\/\\\/www.enzo-und-ferdinand.de\\\/#\\\/schema\\\/person\\\/aff2eb9ff87705987c1b9d21fe10b095\"},\"headline\":\"Festival of Speed 2024\",\"datePublished\":\"2024-07-22T06:34:05+00:00\",\"dateModified\":\"2024-11-01T09:21:01+00:00\",\"mainEntityOfPage\":{\"@id\":\"https:\\\/\\\/www.enzo-und-ferdinand.de\\\/index.php\\\/2024\\\/07\\\/22\\\/festival-of-speed-2024\\\/\"},\"wordCount\":718,\"publisher\":{\"@id\":\"https:\\\/\\\/www.enzo-und-ferdinand.de\\\/#organization\"},\"image\":{\"@id\":\"https:\\\/\\\/www.enzo-und-ferdinand.de\\\/index.php\\\/2024\\\/07\\\/22\\\/festival-of-speed-2024\\\/#primaryimage\"},\"thumbnailUrl\":\"https:\\\/\\\/www.enzo-und-ferdinand.de\\\/wp-content\\\/uploads\\\/2024\\\/07\\\/Shadow-MK-III.jpg\",\"keywords\":[\"Festival of Speed\",\"FOS\"],\"articleSection\":[\"Editionen\",\"Events\",\"Ikonen\",\"Rennsport\"],\"inLanguage\":\"de\"},{\"@type\":\"WebPage\",\"@id\":\"https:\\\/\\\/www.enzo-und-ferdinand.de\\\/index.php\\\/2024\\\/07\\\/22\\\/festival-of-speed-2024\\\/\",\"url\":\"https:\\\/\\\/www.enzo-und-ferdinand.de\\\/index.php\\\/2024\\\/07\\\/22\\\/festival-of-speed-2024\\\/\",\"name\":\"Festival of Speed 2024\",\"isPartOf\":{\"@id\":\"https:\\\/\\\/www.enzo-und-ferdinand.de\\\/#website\"},\"primaryImageOfPage\":{\"@id\":\"https:\\\/\\\/www.enzo-und-ferdinand.de\\\/index.php\\\/2024\\\/07\\\/22\\\/festival-of-speed-2024\\\/#primaryimage\"},\"image\":{\"@id\":\"https:\\\/\\\/www.enzo-und-ferdinand.de\\\/index.php\\\/2024\\\/07\\\/22\\\/festival-of-speed-2024\\\/#primaryimage\"},\"thumbnailUrl\":\"https:\\\/\\\/www.enzo-und-ferdinand.de\\\/wp-content\\\/uploads\\\/2024\\\/07\\\/Shadow-MK-III.jpg\",\"datePublished\":\"2024-07-22T06:34:05+00:00\",\"dateModified\":\"2024-11-01T09:21:01+00:00\",\"description\":\"Festival of Speed Shootout Max Chilton McMurtry Chaparral Brabham Niki Lauda BRM Lancia-Ferrari Lancia-Ferrari Juan Manuel Fangio Mercedes-Benz Honda Lotus Shadow Ligier March Renault Ferrari McLaren Jaguar Williams Shadow Can-Am Formel 5000 Formel 1 Don Nichols Reinhold Joest Porsche Audi Red Bull Adrien Newey Concours d El\u00e9gance Rainer Ro\u00dfbach Rainer Rossbach enzo-und-ferdinand enzo&ferdinand\",\"breadcrumb\":{\"@id\":\"https:\\\/\\\/www.enzo-und-ferdinand.de\\\/index.php\\\/2024\\\/07\\\/22\\\/festival-of-speed-2024\\\/#breadcrumb\"},\"inLanguage\":\"de\",\"potentialAction\":[{\"@type\":\"ReadAction\",\"target\":[\"https:\\\/\\\/www.enzo-und-ferdinand.de\\\/index.php\\\/2024\\\/07\\\/22\\\/festival-of-speed-2024\\\/\"]}]},{\"@type\":\"ImageObject\",\"inLanguage\":\"de\",\"@id\":\"https:\\\/\\\/www.enzo-und-ferdinand.de\\\/index.php\\\/2024\\\/07\\\/22\\\/festival-of-speed-2024\\\/#primaryimage\",\"url\":\"https:\\\/\\\/www.enzo-und-ferdinand.de\\\/wp-content\\\/uploads\\\/2024\\\/07\\\/Shadow-MK-III.jpg\",\"contentUrl\":\"https:\\\/\\\/www.enzo-und-ferdinand.de\\\/wp-content\\\/uploads\\\/2024\\\/07\\\/Shadow-MK-III.jpg\",\"width\":1500,\"height\":1007,\"caption\":\"Festival of Speed 2024, AWS Shadow MK III, 1972\"},{\"@type\":\"BreadcrumbList\",\"@id\":\"https:\\\/\\\/www.enzo-und-ferdinand.de\\\/index.php\\\/2024\\\/07\\\/22\\\/festival-of-speed-2024\\\/#breadcrumb\",\"itemListElement\":[{\"@type\":\"ListItem\",\"position\":1,\"name\":\"Startseite\",\"item\":\"https:\\\/\\\/www.enzo-und-ferdinand.de\\\/\"},{\"@type\":\"ListItem\",\"position\":2,\"name\":\"Festival of Speed 2024\"}]},{\"@type\":\"WebSite\",\"@id\":\"https:\\\/\\\/www.enzo-und-ferdinand.de\\\/#website\",\"url\":\"https:\\\/\\\/www.enzo-und-ferdinand.de\\\/\",\"name\":\"enzo & Ferdinand\",\"description\":\"\",\"publisher\":{\"@id\":\"https:\\\/\\\/www.enzo-und-ferdinand.de\\\/#organization\"},\"potentialAction\":[{\"@type\":\"SearchAction\",\"target\":{\"@type\":\"EntryPoint\",\"urlTemplate\":\"https:\\\/\\\/www.enzo-und-ferdinand.de\\\/?s={search_term_string}\"},\"query-input\":{\"@type\":\"PropertyValueSpecification\",\"valueRequired\":true,\"valueName\":\"search_term_string\"}}],\"inLanguage\":\"de\"},{\"@type\":\"Organization\",\"@id\":\"https:\\\/\\\/www.enzo-und-ferdinand.de\\\/#organization\",\"name\":\"enzo & Ferdinand\",\"url\":\"https:\\\/\\\/www.enzo-und-ferdinand.de\\\/\",\"logo\":{\"@type\":\"ImageObject\",\"inLanguage\":\"de\",\"@id\":\"https:\\\/\\\/www.enzo-und-ferdinand.de\\\/#\\\/schema\\\/logo\\\/image\\\/\",\"url\":\"https:\\\/\\\/www.enzo-und-ferdinand.de\\\/wp-content\\\/uploads\\\/2018\\\/12\\\/revvvs-icon.png\",\"contentUrl\":\"https:\\\/\\\/www.enzo-und-ferdinand.de\\\/wp-content\\\/uploads\\\/2018\\\/12\\\/revvvs-icon.png\",\"width\":512,\"height\":512,\"caption\":\"enzo & Ferdinand\"},\"image\":{\"@id\":\"https:\\\/\\\/www.enzo-und-ferdinand.de\\\/#\\\/schema\\\/logo\\\/image\\\/\"}},{\"@type\":\"Person\",\"@id\":\"https:\\\/\\\/www.enzo-und-ferdinand.de\\\/#\\\/schema\\\/person\\\/aff2eb9ff87705987c1b9d21fe10b095\",\"name\":\"Rainer Ro\u00dfbach\",\"image\":{\"@type\":\"ImageObject\",\"inLanguage\":\"de\",\"@id\":\"https:\\\/\\\/www.enzo-und-ferdinand.de\\\/wp-content\\\/uploads\\\/2026\\\/01\\\/Rainer-Rossbach-150x150.jpg\",\"url\":\"https:\\\/\\\/www.enzo-und-ferdinand.de\\\/wp-content\\\/uploads\\\/2026\\\/01\\\/Rainer-Rossbach-150x150.jpg\",\"contentUrl\":\"https:\\\/\\\/www.enzo-und-ferdinand.de\\\/wp-content\\\/uploads\\\/2026\\\/01\\\/Rainer-Rossbach-150x150.jpg\",\"caption\":\"Rainer Ro\u00dfbach\"},\"url\":\"https:\\\/\\\/www.enzo-und-ferdinand.de\\\/index.php\\\/author\\\/redaktion\\\/\"}]}<\/script>\n<!-- \/ Yoast SEO plugin. -->","yoast_head_json":{"title":"Festival of Speed 2024","description":"Festival of Speed Shootout Max Chilton McMurtry Chaparral Brabham Niki Lauda BRM Lancia-Ferrari Lancia-Ferrari Juan Manuel Fangio Mercedes-Benz Honda Lotus Shadow Ligier March Renault Ferrari McLaren Jaguar Williams Shadow Can-Am Formel 5000 Formel 1 Don Nichols Reinhold Joest Porsche Audi Red Bull Adrien Newey Concours d El\u00e9gance Rainer Ro\u00dfbach Rainer Rossbach enzo-und-ferdinand enzo&ferdinand","robots":{"index":"index","follow":"follow","max-snippet":"max-snippet:-1","max-image-preview":"max-image-preview:large","max-video-preview":"max-video-preview:-1"},"canonical":"https:\/\/www.enzo-und-ferdinand.de\/index.php\/2024\/07\/22\/festival-of-speed-2024\/","og_locale":"de_DE","og_type":"article","og_title":"Festival of Speed 2024","og_description":"Festival of Speed Shootout Max Chilton McMurtry Chaparral Brabham Niki Lauda BRM Lancia-Ferrari Lancia-Ferrari Juan Manuel Fangio Mercedes-Benz Honda Lotus Shadow Ligier March Renault Ferrari McLaren Jaguar Williams Shadow Can-Am Formel 5000 Formel 1 Don Nichols Reinhold Joest Porsche Audi Red Bull Adrien Newey Concours d El\u00e9gance Rainer Ro\u00dfbach Rainer Rossbach enzo-und-ferdinand enzo&ferdinand","og_url":"https:\/\/www.enzo-und-ferdinand.de\/index.php\/2024\/07\/22\/festival-of-speed-2024\/","og_site_name":"enzo &amp; Ferdinand","article_published_time":"2024-07-22T06:34:05+00:00","article_modified_time":"2024-11-01T09:21:01+00:00","og_image":[{"width":1500,"height":1007,"url":"https:\/\/www.enzo-und-ferdinand.de\/wp-content\/uploads\/2024\/07\/Shadow-MK-III.jpg","type":"image\/jpeg"}],"author":"Rainer Ro\u00dfbach","twitter_card":"summary_large_image","twitter_misc":{"Verfasst von":"Rainer Ro\u00dfbach","Gesch\u00e4tzte Lesezeit":"4\u00a0Minuten"},"schema":{"@context":"https:\/\/schema.org","@graph":[{"@type":"Article","@id":"https:\/\/www.enzo-und-ferdinand.de\/index.php\/2024\/07\/22\/festival-of-speed-2024\/#article","isPartOf":{"@id":"https:\/\/www.enzo-und-ferdinand.de\/index.php\/2024\/07\/22\/festival-of-speed-2024\/"},"author":{"name":"Rainer Ro\u00dfbach","@id":"https:\/\/www.enzo-und-ferdinand.de\/#\/schema\/person\/aff2eb9ff87705987c1b9d21fe10b095"},"headline":"Festival of Speed 2024","datePublished":"2024-07-22T06:34:05+00:00","dateModified":"2024-11-01T09:21:01+00:00","mainEntityOfPage":{"@id":"https:\/\/www.enzo-und-ferdinand.de\/index.php\/2024\/07\/22\/festival-of-speed-2024\/"},"wordCount":718,"publisher":{"@id":"https:\/\/www.enzo-und-ferdinand.de\/#organization"},"image":{"@id":"https:\/\/www.enzo-und-ferdinand.de\/index.php\/2024\/07\/22\/festival-of-speed-2024\/#primaryimage"},"thumbnailUrl":"https:\/\/www.enzo-und-ferdinand.de\/wp-content\/uploads\/2024\/07\/Shadow-MK-III.jpg","keywords":["Festival of Speed","FOS"],"articleSection":["Editionen","Events","Ikonen","Rennsport"],"inLanguage":"de"},{"@type":"WebPage","@id":"https:\/\/www.enzo-und-ferdinand.de\/index.php\/2024\/07\/22\/festival-of-speed-2024\/","url":"https:\/\/www.enzo-und-ferdinand.de\/index.php\/2024\/07\/22\/festival-of-speed-2024\/","name":"Festival of Speed 2024","isPartOf":{"@id":"https:\/\/www.enzo-und-ferdinand.de\/#website"},"primaryImageOfPage":{"@id":"https:\/\/www.enzo-und-ferdinand.de\/index.php\/2024\/07\/22\/festival-of-speed-2024\/#primaryimage"},"image":{"@id":"https:\/\/www.enzo-und-ferdinand.de\/index.php\/2024\/07\/22\/festival-of-speed-2024\/#primaryimage"},"thumbnailUrl":"https:\/\/www.enzo-und-ferdinand.de\/wp-content\/uploads\/2024\/07\/Shadow-MK-III.jpg","datePublished":"2024-07-22T06:34:05+00:00","dateModified":"2024-11-01T09:21:01+00:00","description":"Festival of Speed Shootout Max Chilton McMurtry Chaparral Brabham Niki Lauda BRM Lancia-Ferrari Lancia-Ferrari Juan Manuel Fangio Mercedes-Benz Honda Lotus Shadow Ligier March Renault Ferrari McLaren Jaguar Williams Shadow Can-Am Formel 5000 Formel 1 Don Nichols Reinhold Joest Porsche Audi Red Bull Adrien Newey Concours d El\u00e9gance Rainer Ro\u00dfbach Rainer Rossbach enzo-und-ferdinand enzo&ferdinand","breadcrumb":{"@id":"https:\/\/www.enzo-und-ferdinand.de\/index.php\/2024\/07\/22\/festival-of-speed-2024\/#breadcrumb"},"inLanguage":"de","potentialAction":[{"@type":"ReadAction","target":["https:\/\/www.enzo-und-ferdinand.de\/index.php\/2024\/07\/22\/festival-of-speed-2024\/"]}]},{"@type":"ImageObject","inLanguage":"de","@id":"https:\/\/www.enzo-und-ferdinand.de\/index.php\/2024\/07\/22\/festival-of-speed-2024\/#primaryimage","url":"https:\/\/www.enzo-und-ferdinand.de\/wp-content\/uploads\/2024\/07\/Shadow-MK-III.jpg","contentUrl":"https:\/\/www.enzo-und-ferdinand.de\/wp-content\/uploads\/2024\/07\/Shadow-MK-III.jpg","width":1500,"height":1007,"caption":"Festival of Speed 2024, AWS Shadow MK III, 1972"},{"@type":"BreadcrumbList","@id":"https:\/\/www.enzo-und-ferdinand.de\/index.php\/2024\/07\/22\/festival-of-speed-2024\/#breadcrumb","itemListElement":[{"@type":"ListItem","position":1,"name":"Startseite","item":"https:\/\/www.enzo-und-ferdinand.de\/"},{"@type":"ListItem","position":2,"name":"Festival of Speed 2024"}]},{"@type":"WebSite","@id":"https:\/\/www.enzo-und-ferdinand.de\/#website","url":"https:\/\/www.enzo-und-ferdinand.de\/","name":"enzo & Ferdinand","description":"","publisher":{"@id":"https:\/\/www.enzo-und-ferdinand.de\/#organization"},"potentialAction":[{"@type":"SearchAction","target":{"@type":"EntryPoint","urlTemplate":"https:\/\/www.enzo-und-ferdinand.de\/?s={search_term_string}"},"query-input":{"@type":"PropertyValueSpecification","valueRequired":true,"valueName":"search_term_string"}}],"inLanguage":"de"},{"@type":"Organization","@id":"https:\/\/www.enzo-und-ferdinand.de\/#organization","name":"enzo & Ferdinand","url":"https:\/\/www.enzo-und-ferdinand.de\/","logo":{"@type":"ImageObject","inLanguage":"de","@id":"https:\/\/www.enzo-und-ferdinand.de\/#\/schema\/logo\/image\/","url":"https:\/\/www.enzo-und-ferdinand.de\/wp-content\/uploads\/2018\/12\/revvvs-icon.png","contentUrl":"https:\/\/www.enzo-und-ferdinand.de\/wp-content\/uploads\/2018\/12\/revvvs-icon.png","width":512,"height":512,"caption":"enzo & Ferdinand"},"image":{"@id":"https:\/\/www.enzo-und-ferdinand.de\/#\/schema\/logo\/image\/"}},{"@type":"Person","@id":"https:\/\/www.enzo-und-ferdinand.de\/#\/schema\/person\/aff2eb9ff87705987c1b9d21fe10b095","name":"Rainer Ro\u00dfbach","image":{"@type":"ImageObject","inLanguage":"de","@id":"https:\/\/www.enzo-und-ferdinand.de\/wp-content\/uploads\/2026\/01\/Rainer-Rossbach-150x150.jpg","url":"https:\/\/www.enzo-und-ferdinand.de\/wp-content\/uploads\/2026\/01\/Rainer-Rossbach-150x150.jpg","contentUrl":"https:\/\/www.enzo-und-ferdinand.de\/wp-content\/uploads\/2026\/01\/Rainer-Rossbach-150x150.jpg","caption":"Rainer Ro\u00dfbach"},"url":"https:\/\/www.enzo-und-ferdinand.de\/index.php\/author\/redaktion\/"}]}},"_links":{"self":[{"href":"https:\/\/www.enzo-und-ferdinand.de\/index.php\/wp-json\/wp\/v2\/posts\/17439","targetHints":{"allow":["GET"]}}],"collection":[{"href":"https:\/\/www.enzo-und-ferdinand.de\/index.php\/wp-json\/wp\/v2\/posts"}],"about":[{"href":"https:\/\/www.enzo-und-ferdinand.de\/index.php\/wp-json\/wp\/v2\/types\/post"}],"author":[{"embeddable":true,"href":"https:\/\/www.enzo-und-ferdinand.de\/index.php\/wp-json\/wp\/v2\/users\/1"}],"replies":[{"embeddable":true,"href":"https:\/\/www.enzo-und-ferdinand.de\/index.php\/wp-json\/wp\/v2\/comments?post=17439"}],"version-history":[{"count":18,"href":"https:\/\/www.enzo-und-ferdinand.de\/index.php\/wp-json\/wp\/v2\/posts\/17439\/revisions"}],"predecessor-version":[{"id":17585,"href":"https:\/\/www.enzo-und-ferdinand.de\/index.php\/wp-json\/wp\/v2\/posts\/17439\/revisions\/17585"}],"wp:featuredmedia":[{"embeddable":true,"href":"https:\/\/www.enzo-und-ferdinand.de\/index.php\/wp-json\/wp\/v2\/media\/17458"}],"wp:attachment":[{"href":"https:\/\/www.enzo-und-ferdinand.de\/index.php\/wp-json\/wp\/v2\/media?parent=17439"}],"wp:term":[{"taxonomy":"category","embeddable":true,"href":"https:\/\/www.enzo-und-ferdinand.de\/index.php\/wp-json\/wp\/v2\/categories?post=17439"},{"taxonomy":"post_tag","embeddable":true,"href":"https:\/\/www.enzo-und-ferdinand.de\/index.php\/wp-json\/wp\/v2\/tags?post=17439"}],"curies":[{"name":"wp","href":"https:\/\/api.w.org\/{rel}","templated":true}]}}