{"id":17616,"date":"2024-07-29T08:42:36","date_gmt":"2024-07-29T06:42:36","guid":{"rendered":"https:\/\/www.enzo-und-ferdinand.de\/?p=17616"},"modified":"2025-04-22T19:48:50","modified_gmt":"2025-04-22T17:48:50","slug":"toyota-alphard","status":"publish","type":"post","link":"https:\/\/www.enzo-und-ferdinand.de\/index.php\/2024\/07\/29\/toyota-alphard\/","title":{"rendered":"Toyota Alphard"},"content":{"rendered":"\n<figure class=\"wp-block-image size-large is-resized\"><img loading=\"lazy\" decoding=\"async\" width=\"810\" height=\"393\" src=\"https:\/\/www.enzo-und-ferdinand.de\/wp-content\/uploads\/2024\/07\/20230621_01_30-810x393.jpg\" alt=\"\" class=\"wp-image-17628\" style=\"width:880px;height:auto\" srcset=\"https:\/\/www.enzo-und-ferdinand.de\/wp-content\/uploads\/2024\/07\/20230621_01_30-810x393.jpg 810w, https:\/\/www.enzo-und-ferdinand.de\/wp-content\/uploads\/2024\/07\/20230621_01_30-300x146.jpg 300w, https:\/\/www.enzo-und-ferdinand.de\/wp-content\/uploads\/2024\/07\/20230621_01_30-768x373.jpg 768w, https:\/\/www.enzo-und-ferdinand.de\/wp-content\/uploads\/2024\/07\/20230621_01_30.jpg 1500w\" sizes=\"auto, (max-width: 810px) 100vw, 810px\" \/><\/figure>\n\n\n\n<p class=\"wp-block-paragraph\">W\u00e4hrend Gro\u00dfraumlimousinen auf dem europ\u00e4ischen Markt mittlerweile eine Nischenexistenz f\u00fchren, werden in Asien Fahrzeuge wieder Toyota Alphard als Symbol f\u00fcr Komfort und Luxus angesehen. In vielen asiatischen L\u00e4ndern hat sich der ger\u00e4umige Toyota einen Ruf als bevorzugtes Fahrzeug f\u00fcr VIP-Transporte und gehobene Taxi-Services erworben. Sein ger\u00e4umiges Interieur und die M\u00f6glichkeit, bequem mehrere Passagiere zu transportieren, machen ihn ideal f\u00fcr den Einsatz als Shuttle-Fahrzeug bei wichtigen Veranstaltungen oder f\u00fcr den Transport von Gesch\u00e4ftsleuten. Der Alphard ist mehr als nur ein Fahrzeug \u2013 er ist ein Statement f\u00fcr Qualit\u00e4t, Komfort und Prestige.<\/p>\n\n\n\n<p class=\"wp-block-paragraph\">Der vielseitige Wagen wurde erstmals 2002 eingef\u00fchrt und hat sich seitdem zu einem der bekanntesten Modelle in der Kategorie der Gro\u00dfraumlimousinen entwickelt. Toyota konzipierte den Alphard als Antwort auf die wachsende Nachfrage nach ger\u00e4umigen und luxuri\u00f6sen Fahrzeugen, die sowohl Familien als auch Gesch\u00e4ftsleute ansprechen sollten. Von Beginn an legte Toyota gro\u00dfen Wert auf eine Mischung aus Komfort, Sicherheit und technologischem Fortschritt. Der Alphard wurde kontinuierlich weiterentwickelt, wobei jede neue Generation bedeutende Verbesserungen in Bezug auf Ausstattung, Antrieb und Fahrkomfort erfuhr.<\/p>\n\n\n\n<figure class=\"wp-block-image size-large is-resized\"><img loading=\"lazy\" decoding=\"async\" width=\"810\" height=\"434\" src=\"https:\/\/www.enzo-und-ferdinand.de\/wp-content\/uploads\/2024\/07\/20230621_01_02-810x434.jpg\" alt=\"\" class=\"wp-image-17627\" style=\"width:880px;height:auto\" srcset=\"https:\/\/www.enzo-und-ferdinand.de\/wp-content\/uploads\/2024\/07\/20230621_01_02-810x434.jpg 810w, https:\/\/www.enzo-und-ferdinand.de\/wp-content\/uploads\/2024\/07\/20230621_01_02-300x161.jpg 300w, https:\/\/www.enzo-und-ferdinand.de\/wp-content\/uploads\/2024\/07\/20230621_01_02-768x411.jpg 768w, https:\/\/www.enzo-und-ferdinand.de\/wp-content\/uploads\/2024\/07\/20230621_01_02.jpg 1500w\" sizes=\"auto, (max-width: 810px) 100vw, 810px\" \/><\/figure>\n\n\n\n<p class=\"wp-block-paragraph\">Das Design verbindet Eleganz und Funktionalit\u00e4t. Au\u00dfen zeigt der Alphard eine markante Frontpartie mit einem gro\u00dfen K\u00fchlergrill und auff\u00e4lligen Scheinwerfern, die dem Fahrzeug einen unverwechselbaren Look verleihen. Die Karosserie des Alphard wurde aerodynamisch gestaltet, um sowohl die Fahreigenschaften zu verbessern als auch den Kraftstoffverbrauch zu optimieren.<\/p>\n\n\n\n<p class=\"wp-block-paragraph\">Im Innenraum betont der Alphard Luxus und Komfort. Hochwertige Materialien, ergonomisch gestaltete Sitze und eine Vielzahl an technologischen Features sorgen daf\u00fcr, dass sich Fahrer und Passagiere gleicherma\u00dfen wohlf\u00fchlen. Das Interieur ist gro\u00dfz\u00fcgig und die flexible Sitzkonfiguration erm\u00f6glicht es, den Raum je nach Bedarf anzupassen \u2013 sei es f\u00fcr den Transport von Passagieren oder Gep\u00e4ck.<\/p>\n\n\n\n<p class=\"wp-block-paragraph\">Die Konzeption des Toyota Alphard basiert auf der Idee, ein Fahrzeug zu schaffen, das vielf\u00e4ltige Bed\u00fcrfnisse erf\u00fcllt. Familien profitieren vom ger\u00e4umigen Innenraum, den zahlreichen Sicherheitsfeatures und vielf\u00e4ltigen Fahrerassistenzsystemen. Gesch\u00e4ftsleute sch\u00e4tzen den Alphard f\u00fcr seine luxuri\u00f6se Ausstattung und den Komfort, den er auf langen Fahrten bietet. Dar\u00fcber hinaus bietet der Alphard eine ausgewogene Fahrwerks- und D\u00e4mpfungkonfiguration.<\/p>\n\n\n\n<figure class=\"wp-block-image size-large is-resized\"><img loading=\"lazy\" decoding=\"async\" width=\"810\" height=\"456\" src=\"https:\/\/www.enzo-und-ferdinand.de\/wp-content\/uploads\/2024\/07\/20230621_01_29-810x456.jpg\" alt=\"\" class=\"wp-image-17624\" style=\"width:880px;height:auto\" srcset=\"https:\/\/www.enzo-und-ferdinand.de\/wp-content\/uploads\/2024\/07\/20230621_01_29-810x456.jpg 810w, https:\/\/www.enzo-und-ferdinand.de\/wp-content\/uploads\/2024\/07\/20230621_01_29-300x169.jpg 300w, https:\/\/www.enzo-und-ferdinand.de\/wp-content\/uploads\/2024\/07\/20230621_01_29-768x432.jpg 768w, https:\/\/www.enzo-und-ferdinand.de\/wp-content\/uploads\/2024\/07\/20230621_01_29.jpg 1500w\" sizes=\"auto, (max-width: 810px) 100vw, 810px\" \/><\/figure>\n\n\n\n<p class=\"wp-block-paragraph\">Die aktuellen Modelle sind mit Hybridantrieben ausgestattet, die sowohl die Umweltbelastung reduzieren als auch die Betriebskosten senken. Diese Kombination aus Luxus, Funktionalit\u00e4t und Umweltbewusstsein macht den Alphard zu einem herausragenden Vertreter seiner Klasse.<\/p>\n\n\n\n<p class=\"wp-block-paragraph\">Der Alphand wird von einem Toyota Hybridsystem mit einem 2,5-Liter-DOHC-Reihenvierzylindermotor angetrieben, der eine maximalen Systemleistung von 184 kW (250 PS)hat. Das Hybridsystem weist eine hervorragende Kraftstoffeffizienz auf. Neu ist ein 2WD-Antriebsstrang, die der Variante mit Vierradantrieb&nbsp; zur Seite gestellt wurde.<\/p>\n\n\n\n<p class=\"wp-block-paragraph\">Das Fahrwerk kombiniert eine MacPherson-Federbein-Vorderachse mit einer Doppelquerlenker-Hinterachse. Sto\u00dfd\u00e4mpfer, die die D\u00e4mpfungskraft mechanisch an die Frequenz der von der Fahrbahn \u00fcbertragenen Schwingungen anpassen, bieten eine verbesserte Man\u00f6vrierbarkeit und Stabilit\u00e4t sowie die Absorption unerw\u00fcnschter Vibrationen.<\/p>\n\n\n\n<p class=\"wp-block-paragraph\">Auch zur Minimierung von Fahrbahn- und Windger\u00e4uschen wurden Ma\u00dfnahmen ergriffen. Beispiele hierf\u00fcr sind neu entwickelte l\u00e4rmarme Reifen, schallabsorbierende Materialien in der Motorhaube zur Reduzierung der Stra\u00dfenger\u00e4usche und die Optimierung der Form der dem Wind ausgesetzten Teile der Motorhaube, der Au\u00dfenspiegel und der A-S\u00e4ulen zur Reduzierung der Windger\u00e4usche.&nbsp;<\/p>\n\n\n\n<figure class=\"wp-block-gallery has-nested-images columns-default is-cropped wp-block-gallery-1 is-layout-flex wp-block-gallery-is-layout-flex\">\n<figure class=\"wp-block-image size-large\"><img loading=\"lazy\" decoding=\"async\" width=\"810\" height=\"456\" data-id=\"17623\" src=\"https:\/\/www.enzo-und-ferdinand.de\/wp-content\/uploads\/2024\/07\/20230621_01_28-810x456.jpg\" alt=\"\" class=\"wp-image-17623\" srcset=\"https:\/\/www.enzo-und-ferdinand.de\/wp-content\/uploads\/2024\/07\/20230621_01_28-810x456.jpg 810w, https:\/\/www.enzo-und-ferdinand.de\/wp-content\/uploads\/2024\/07\/20230621_01_28-300x169.jpg 300w, https:\/\/www.enzo-und-ferdinand.de\/wp-content\/uploads\/2024\/07\/20230621_01_28-768x432.jpg 768w, https:\/\/www.enzo-und-ferdinand.de\/wp-content\/uploads\/2024\/07\/20230621_01_28.jpg 1500w\" sizes=\"auto, (max-width: 810px) 100vw, 810px\" \/><\/figure>\n\n\n\n<figure class=\"wp-block-image size-large\"><img loading=\"lazy\" decoding=\"async\" width=\"810\" height=\"456\" data-id=\"17622\" src=\"https:\/\/www.enzo-und-ferdinand.de\/wp-content\/uploads\/2024\/07\/20230621_01_27-810x456.jpg\" alt=\"\" class=\"wp-image-17622\" srcset=\"https:\/\/www.enzo-und-ferdinand.de\/wp-content\/uploads\/2024\/07\/20230621_01_27-810x456.jpg 810w, https:\/\/www.enzo-und-ferdinand.de\/wp-content\/uploads\/2024\/07\/20230621_01_27-300x169.jpg 300w, https:\/\/www.enzo-und-ferdinand.de\/wp-content\/uploads\/2024\/07\/20230621_01_27-768x432.jpg 768w, https:\/\/www.enzo-und-ferdinand.de\/wp-content\/uploads\/2024\/07\/20230621_01_27.jpg 1500w\" sizes=\"auto, (max-width: 810px) 100vw, 810px\" \/><\/figure>\n<\/figure>\n\n\n\n<p class=\"has-text-align-right has-small-font-size wp-block-paragraph\">Fotos: Toyota\/Text: Rainer Ro\u00dfbach<\/p>\n","protected":false},"excerpt":{"rendered":"<p>W\u00e4hrend Gro\u00dfraumlimousinen auf dem europ\u00e4ischen Markt mittlerweile eine Nischenexistenz f\u00fchren, werden in Asien Fahrzeuge wieder Toyota Alphard als Symbol f\u00fcr Komfort und Luxus angesehen. In vielen asiatischen L\u00e4ndern hat sich der ger\u00e4umige Toyota einen Ruf als bevorzugtes Fahrzeug f\u00fcr VIP-Transporte und gehobene Taxi-Services erworben. Sein ger\u00e4umiges Interieur und die M\u00f6glichkeit, bequem mehrere Passagiere zu transportieren, machen ihn ideal f\u00fcr den Einsatz als Shuttle-Fahrzeug bei wichtigen Veranstaltungen oder f\u00fcr den Transport von Gesch\u00e4ftsleuten. Der Alphard ist mehr als nur ein Fahrzeug \u2013 er ist ein Statement f\u00fcr Qualit\u00e4t, Komfort und Prestige.<\/p>\n","protected":false},"author":1,"featured_media":17631,"comment_status":"closed","ping_status":"closed","sticky":false,"template":"","format":"standard","meta":{"_crdt_document":"","ngg_post_thumbnail":0,"footnotes":""},"categories":[281],"tags":[248,1363],"class_list":["post-17616","post","type-post","status-publish","format-standard","has-post-thumbnail","hentry","category-japan","tag-toyota","tag-toyota-alphard"],"yoast_head":"<!-- This site is optimized with the Yoast SEO plugin v27.5 - https:\/\/yoast.com\/product\/yoast-seo-wordpress\/ -->\n<title>Toyota Alphard<\/title>\n<meta name=\"description\" content=\"Toyota Alphard Gro\u00dfraumlimousine Asien Japan Komfort Luxus Taxi-Service Shuttle-Fahrzeug aerodynamisch Hybridantrieb MacPherson-Vorderachse Reihenvierzylindermotor Doppelquerlenker-Hinterachse Rainer Ro\u00dfbach Rainer Rossbach enzo-und-ferdinand enzo&amp;ferdinand\" \/>\n<meta name=\"robots\" content=\"index, follow, max-snippet:-1, max-image-preview:large, max-video-preview:-1\" \/>\n<link rel=\"canonical\" href=\"https:\/\/www.enzo-und-ferdinand.de\/index.php\/2024\/07\/29\/toyota-alphard\/\" \/>\n<meta property=\"og:locale\" content=\"de_DE\" \/>\n<meta property=\"og:type\" content=\"article\" \/>\n<meta property=\"og:title\" content=\"Toyota Alphard\" \/>\n<meta property=\"og:description\" content=\"Toyota Alphard Gro\u00dfraumlimousine Asien Japan Komfort Luxus Taxi-Service Shuttle-Fahrzeug aerodynamisch Hybridantrieb MacPherson-Vorderachse Reihenvierzylindermotor Doppelquerlenker-Hinterachse Rainer Ro\u00dfbach Rainer Rossbach enzo-und-ferdinand enzo&amp;ferdinand\" \/>\n<meta property=\"og:url\" content=\"https:\/\/www.enzo-und-ferdinand.de\/index.php\/2024\/07\/29\/toyota-alphard\/\" \/>\n<meta property=\"og:site_name\" content=\"enzo &amp; Ferdinand\" \/>\n<meta property=\"article:published_time\" content=\"2024-07-29T06:42:36+00:00\" \/>\n<meta property=\"article:modified_time\" content=\"2025-04-22T17:48:50+00:00\" \/>\n<meta property=\"og:image\" content=\"https:\/\/www.enzo-und-ferdinand.de\/wp-content\/uploads\/2024\/07\/20230621_01_26.jpg\" \/>\n\t<meta property=\"og:image:width\" content=\"1500\" \/>\n\t<meta property=\"og:image:height\" content=\"1000\" \/>\n\t<meta property=\"og:image:type\" content=\"image\/jpeg\" \/>\n<meta name=\"author\" content=\"Rainer Ro\u00dfbach\" \/>\n<meta name=\"twitter:card\" content=\"summary_large_image\" \/>\n<meta name=\"twitter:label1\" content=\"Verfasst von\" \/>\n\t<meta name=\"twitter:data1\" content=\"Rainer Ro\u00dfbach\" \/>\n\t<meta name=\"twitter:label2\" content=\"Gesch\u00e4tzte Lesezeit\" \/>\n\t<meta name=\"twitter:data2\" content=\"3\u00a0Minuten\" \/>\n<script type=\"application\/ld+json\" class=\"yoast-schema-graph\">{\"@context\":\"https:\\\/\\\/schema.org\",\"@graph\":[{\"@type\":\"Article\",\"@id\":\"https:\\\/\\\/www.enzo-und-ferdinand.de\\\/index.php\\\/2024\\\/07\\\/29\\\/toyota-alphard\\\/#article\",\"isPartOf\":{\"@id\":\"https:\\\/\\\/www.enzo-und-ferdinand.de\\\/index.php\\\/2024\\\/07\\\/29\\\/toyota-alphard\\\/\"},\"author\":{\"name\":\"Rainer Ro\u00dfbach\",\"@id\":\"https:\\\/\\\/www.enzo-und-ferdinand.de\\\/#\\\/schema\\\/person\\\/aff2eb9ff87705987c1b9d21fe10b095\"},\"headline\":\"Toyota Alphard\",\"datePublished\":\"2024-07-29T06:42:36+00:00\",\"dateModified\":\"2025-04-22T17:48:50+00:00\",\"mainEntityOfPage\":{\"@id\":\"https:\\\/\\\/www.enzo-und-ferdinand.de\\\/index.php\\\/2024\\\/07\\\/29\\\/toyota-alphard\\\/\"},\"wordCount\":546,\"publisher\":{\"@id\":\"https:\\\/\\\/www.enzo-und-ferdinand.de\\\/#organization\"},\"image\":{\"@id\":\"https:\\\/\\\/www.enzo-und-ferdinand.de\\\/index.php\\\/2024\\\/07\\\/29\\\/toyota-alphard\\\/#primaryimage\"},\"thumbnailUrl\":\"https:\\\/\\\/www.enzo-und-ferdinand.de\\\/wp-content\\\/uploads\\\/2024\\\/07\\\/20230621_01_26.jpg\",\"keywords\":[\"Toyota\",\"Toyota Alphard\"],\"articleSection\":[\"Japan Design\"],\"inLanguage\":\"de\"},{\"@type\":\"WebPage\",\"@id\":\"https:\\\/\\\/www.enzo-und-ferdinand.de\\\/index.php\\\/2024\\\/07\\\/29\\\/toyota-alphard\\\/\",\"url\":\"https:\\\/\\\/www.enzo-und-ferdinand.de\\\/index.php\\\/2024\\\/07\\\/29\\\/toyota-alphard\\\/\",\"name\":\"Toyota Alphard\",\"isPartOf\":{\"@id\":\"https:\\\/\\\/www.enzo-und-ferdinand.de\\\/#website\"},\"primaryImageOfPage\":{\"@id\":\"https:\\\/\\\/www.enzo-und-ferdinand.de\\\/index.php\\\/2024\\\/07\\\/29\\\/toyota-alphard\\\/#primaryimage\"},\"image\":{\"@id\":\"https:\\\/\\\/www.enzo-und-ferdinand.de\\\/index.php\\\/2024\\\/07\\\/29\\\/toyota-alphard\\\/#primaryimage\"},\"thumbnailUrl\":\"https:\\\/\\\/www.enzo-und-ferdinand.de\\\/wp-content\\\/uploads\\\/2024\\\/07\\\/20230621_01_26.jpg\",\"datePublished\":\"2024-07-29T06:42:36+00:00\",\"dateModified\":\"2025-04-22T17:48:50+00:00\",\"description\":\"Toyota Alphard Gro\u00dfraumlimousine Asien Japan Komfort Luxus Taxi-Service Shuttle-Fahrzeug aerodynamisch Hybridantrieb MacPherson-Vorderachse Reihenvierzylindermotor Doppelquerlenker-Hinterachse Rainer Ro\u00dfbach Rainer Rossbach enzo-und-ferdinand enzo&ferdinand\",\"breadcrumb\":{\"@id\":\"https:\\\/\\\/www.enzo-und-ferdinand.de\\\/index.php\\\/2024\\\/07\\\/29\\\/toyota-alphard\\\/#breadcrumb\"},\"inLanguage\":\"de\",\"potentialAction\":[{\"@type\":\"ReadAction\",\"target\":[\"https:\\\/\\\/www.enzo-und-ferdinand.de\\\/index.php\\\/2024\\\/07\\\/29\\\/toyota-alphard\\\/\"]}]},{\"@type\":\"ImageObject\",\"inLanguage\":\"de\",\"@id\":\"https:\\\/\\\/www.enzo-und-ferdinand.de\\\/index.php\\\/2024\\\/07\\\/29\\\/toyota-alphard\\\/#primaryimage\",\"url\":\"https:\\\/\\\/www.enzo-und-ferdinand.de\\\/wp-content\\\/uploads\\\/2024\\\/07\\\/20230621_01_26.jpg\",\"contentUrl\":\"https:\\\/\\\/www.enzo-und-ferdinand.de\\\/wp-content\\\/uploads\\\/2024\\\/07\\\/20230621_01_26.jpg\",\"width\":1500,\"height\":1000,\"caption\":\"Toyota Alphard\"},{\"@type\":\"BreadcrumbList\",\"@id\":\"https:\\\/\\\/www.enzo-und-ferdinand.de\\\/index.php\\\/2024\\\/07\\\/29\\\/toyota-alphard\\\/#breadcrumb\",\"itemListElement\":[{\"@type\":\"ListItem\",\"position\":1,\"name\":\"Startseite\",\"item\":\"https:\\\/\\\/www.enzo-und-ferdinand.de\\\/\"},{\"@type\":\"ListItem\",\"position\":2,\"name\":\"Toyota Alphard\"}]},{\"@type\":\"WebSite\",\"@id\":\"https:\\\/\\\/www.enzo-und-ferdinand.de\\\/#website\",\"url\":\"https:\\\/\\\/www.enzo-und-ferdinand.de\\\/\",\"name\":\"enzo & Ferdinand\",\"description\":\"\",\"publisher\":{\"@id\":\"https:\\\/\\\/www.enzo-und-ferdinand.de\\\/#organization\"},\"potentialAction\":[{\"@type\":\"SearchAction\",\"target\":{\"@type\":\"EntryPoint\",\"urlTemplate\":\"https:\\\/\\\/www.enzo-und-ferdinand.de\\\/?s={search_term_string}\"},\"query-input\":{\"@type\":\"PropertyValueSpecification\",\"valueRequired\":true,\"valueName\":\"search_term_string\"}}],\"inLanguage\":\"de\"},{\"@type\":\"Organization\",\"@id\":\"https:\\\/\\\/www.enzo-und-ferdinand.de\\\/#organization\",\"name\":\"enzo & Ferdinand\",\"url\":\"https:\\\/\\\/www.enzo-und-ferdinand.de\\\/\",\"logo\":{\"@type\":\"ImageObject\",\"inLanguage\":\"de\",\"@id\":\"https:\\\/\\\/www.enzo-und-ferdinand.de\\\/#\\\/schema\\\/logo\\\/image\\\/\",\"url\":\"https:\\\/\\\/www.enzo-und-ferdinand.de\\\/wp-content\\\/uploads\\\/2018\\\/12\\\/revvvs-icon.png\",\"contentUrl\":\"https:\\\/\\\/www.enzo-und-ferdinand.de\\\/wp-content\\\/uploads\\\/2018\\\/12\\\/revvvs-icon.png\",\"width\":512,\"height\":512,\"caption\":\"enzo & Ferdinand\"},\"image\":{\"@id\":\"https:\\\/\\\/www.enzo-und-ferdinand.de\\\/#\\\/schema\\\/logo\\\/image\\\/\"}},{\"@type\":\"Person\",\"@id\":\"https:\\\/\\\/www.enzo-und-ferdinand.de\\\/#\\\/schema\\\/person\\\/aff2eb9ff87705987c1b9d21fe10b095\",\"name\":\"Rainer Ro\u00dfbach\",\"image\":{\"@type\":\"ImageObject\",\"inLanguage\":\"de\",\"@id\":\"https:\\\/\\\/www.enzo-und-ferdinand.de\\\/wp-content\\\/uploads\\\/2026\\\/01\\\/Rainer-Rossbach-150x150.jpg\",\"url\":\"https:\\\/\\\/www.enzo-und-ferdinand.de\\\/wp-content\\\/uploads\\\/2026\\\/01\\\/Rainer-Rossbach-150x150.jpg\",\"contentUrl\":\"https:\\\/\\\/www.enzo-und-ferdinand.de\\\/wp-content\\\/uploads\\\/2026\\\/01\\\/Rainer-Rossbach-150x150.jpg\",\"caption\":\"Rainer Ro\u00dfbach\"},\"url\":\"https:\\\/\\\/www.enzo-und-ferdinand.de\\\/index.php\\\/author\\\/redaktion\\\/\"}]}<\/script>\n<!-- \/ Yoast SEO plugin. -->","yoast_head_json":{"title":"Toyota Alphard","description":"Toyota Alphard Gro\u00dfraumlimousine Asien Japan Komfort Luxus Taxi-Service Shuttle-Fahrzeug aerodynamisch Hybridantrieb MacPherson-Vorderachse Reihenvierzylindermotor Doppelquerlenker-Hinterachse Rainer Ro\u00dfbach Rainer Rossbach enzo-und-ferdinand enzo&ferdinand","robots":{"index":"index","follow":"follow","max-snippet":"max-snippet:-1","max-image-preview":"max-image-preview:large","max-video-preview":"max-video-preview:-1"},"canonical":"https:\/\/www.enzo-und-ferdinand.de\/index.php\/2024\/07\/29\/toyota-alphard\/","og_locale":"de_DE","og_type":"article","og_title":"Toyota Alphard","og_description":"Toyota Alphard Gro\u00dfraumlimousine Asien Japan Komfort Luxus Taxi-Service Shuttle-Fahrzeug aerodynamisch Hybridantrieb MacPherson-Vorderachse Reihenvierzylindermotor Doppelquerlenker-Hinterachse Rainer Ro\u00dfbach Rainer Rossbach enzo-und-ferdinand enzo&ferdinand","og_url":"https:\/\/www.enzo-und-ferdinand.de\/index.php\/2024\/07\/29\/toyota-alphard\/","og_site_name":"enzo &amp; Ferdinand","article_published_time":"2024-07-29T06:42:36+00:00","article_modified_time":"2025-04-22T17:48:50+00:00","og_image":[{"width":1500,"height":1000,"url":"https:\/\/www.enzo-und-ferdinand.de\/wp-content\/uploads\/2024\/07\/20230621_01_26.jpg","type":"image\/jpeg"}],"author":"Rainer Ro\u00dfbach","twitter_card":"summary_large_image","twitter_misc":{"Verfasst von":"Rainer Ro\u00dfbach","Gesch\u00e4tzte Lesezeit":"3\u00a0Minuten"},"schema":{"@context":"https:\/\/schema.org","@graph":[{"@type":"Article","@id":"https:\/\/www.enzo-und-ferdinand.de\/index.php\/2024\/07\/29\/toyota-alphard\/#article","isPartOf":{"@id":"https:\/\/www.enzo-und-ferdinand.de\/index.php\/2024\/07\/29\/toyota-alphard\/"},"author":{"name":"Rainer Ro\u00dfbach","@id":"https:\/\/www.enzo-und-ferdinand.de\/#\/schema\/person\/aff2eb9ff87705987c1b9d21fe10b095"},"headline":"Toyota Alphard","datePublished":"2024-07-29T06:42:36+00:00","dateModified":"2025-04-22T17:48:50+00:00","mainEntityOfPage":{"@id":"https:\/\/www.enzo-und-ferdinand.de\/index.php\/2024\/07\/29\/toyota-alphard\/"},"wordCount":546,"publisher":{"@id":"https:\/\/www.enzo-und-ferdinand.de\/#organization"},"image":{"@id":"https:\/\/www.enzo-und-ferdinand.de\/index.php\/2024\/07\/29\/toyota-alphard\/#primaryimage"},"thumbnailUrl":"https:\/\/www.enzo-und-ferdinand.de\/wp-content\/uploads\/2024\/07\/20230621_01_26.jpg","keywords":["Toyota","Toyota Alphard"],"articleSection":["Japan Design"],"inLanguage":"de"},{"@type":"WebPage","@id":"https:\/\/www.enzo-und-ferdinand.de\/index.php\/2024\/07\/29\/toyota-alphard\/","url":"https:\/\/www.enzo-und-ferdinand.de\/index.php\/2024\/07\/29\/toyota-alphard\/","name":"Toyota Alphard","isPartOf":{"@id":"https:\/\/www.enzo-und-ferdinand.de\/#website"},"primaryImageOfPage":{"@id":"https:\/\/www.enzo-und-ferdinand.de\/index.php\/2024\/07\/29\/toyota-alphard\/#primaryimage"},"image":{"@id":"https:\/\/www.enzo-und-ferdinand.de\/index.php\/2024\/07\/29\/toyota-alphard\/#primaryimage"},"thumbnailUrl":"https:\/\/www.enzo-und-ferdinand.de\/wp-content\/uploads\/2024\/07\/20230621_01_26.jpg","datePublished":"2024-07-29T06:42:36+00:00","dateModified":"2025-04-22T17:48:50+00:00","description":"Toyota Alphard Gro\u00dfraumlimousine Asien Japan Komfort Luxus Taxi-Service Shuttle-Fahrzeug aerodynamisch Hybridantrieb MacPherson-Vorderachse Reihenvierzylindermotor Doppelquerlenker-Hinterachse Rainer Ro\u00dfbach Rainer Rossbach enzo-und-ferdinand enzo&ferdinand","breadcrumb":{"@id":"https:\/\/www.enzo-und-ferdinand.de\/index.php\/2024\/07\/29\/toyota-alphard\/#breadcrumb"},"inLanguage":"de","potentialAction":[{"@type":"ReadAction","target":["https:\/\/www.enzo-und-ferdinand.de\/index.php\/2024\/07\/29\/toyota-alphard\/"]}]},{"@type":"ImageObject","inLanguage":"de","@id":"https:\/\/www.enzo-und-ferdinand.de\/index.php\/2024\/07\/29\/toyota-alphard\/#primaryimage","url":"https:\/\/www.enzo-und-ferdinand.de\/wp-content\/uploads\/2024\/07\/20230621_01_26.jpg","contentUrl":"https:\/\/www.enzo-und-ferdinand.de\/wp-content\/uploads\/2024\/07\/20230621_01_26.jpg","width":1500,"height":1000,"caption":"Toyota Alphard"},{"@type":"BreadcrumbList","@id":"https:\/\/www.enzo-und-ferdinand.de\/index.php\/2024\/07\/29\/toyota-alphard\/#breadcrumb","itemListElement":[{"@type":"ListItem","position":1,"name":"Startseite","item":"https:\/\/www.enzo-und-ferdinand.de\/"},{"@type":"ListItem","position":2,"name":"Toyota Alphard"}]},{"@type":"WebSite","@id":"https:\/\/www.enzo-und-ferdinand.de\/#website","url":"https:\/\/www.enzo-und-ferdinand.de\/","name":"enzo & Ferdinand","description":"","publisher":{"@id":"https:\/\/www.enzo-und-ferdinand.de\/#organization"},"potentialAction":[{"@type":"SearchAction","target":{"@type":"EntryPoint","urlTemplate":"https:\/\/www.enzo-und-ferdinand.de\/?s={search_term_string}"},"query-input":{"@type":"PropertyValueSpecification","valueRequired":true,"valueName":"search_term_string"}}],"inLanguage":"de"},{"@type":"Organization","@id":"https:\/\/www.enzo-und-ferdinand.de\/#organization","name":"enzo & Ferdinand","url":"https:\/\/www.enzo-und-ferdinand.de\/","logo":{"@type":"ImageObject","inLanguage":"de","@id":"https:\/\/www.enzo-und-ferdinand.de\/#\/schema\/logo\/image\/","url":"https:\/\/www.enzo-und-ferdinand.de\/wp-content\/uploads\/2018\/12\/revvvs-icon.png","contentUrl":"https:\/\/www.enzo-und-ferdinand.de\/wp-content\/uploads\/2018\/12\/revvvs-icon.png","width":512,"height":512,"caption":"enzo & Ferdinand"},"image":{"@id":"https:\/\/www.enzo-und-ferdinand.de\/#\/schema\/logo\/image\/"}},{"@type":"Person","@id":"https:\/\/www.enzo-und-ferdinand.de\/#\/schema\/person\/aff2eb9ff87705987c1b9d21fe10b095","name":"Rainer Ro\u00dfbach","image":{"@type":"ImageObject","inLanguage":"de","@id":"https:\/\/www.enzo-und-ferdinand.de\/wp-content\/uploads\/2026\/01\/Rainer-Rossbach-150x150.jpg","url":"https:\/\/www.enzo-und-ferdinand.de\/wp-content\/uploads\/2026\/01\/Rainer-Rossbach-150x150.jpg","contentUrl":"https:\/\/www.enzo-und-ferdinand.de\/wp-content\/uploads\/2026\/01\/Rainer-Rossbach-150x150.jpg","caption":"Rainer Ro\u00dfbach"},"url":"https:\/\/www.enzo-und-ferdinand.de\/index.php\/author\/redaktion\/"}]}},"_links":{"self":[{"href":"https:\/\/www.enzo-und-ferdinand.de\/index.php\/wp-json\/wp\/v2\/posts\/17616","targetHints":{"allow":["GET"]}}],"collection":[{"href":"https:\/\/www.enzo-und-ferdinand.de\/index.php\/wp-json\/wp\/v2\/posts"}],"about":[{"href":"https:\/\/www.enzo-und-ferdinand.de\/index.php\/wp-json\/wp\/v2\/types\/post"}],"author":[{"embeddable":true,"href":"https:\/\/www.enzo-und-ferdinand.de\/index.php\/wp-json\/wp\/v2\/users\/1"}],"replies":[{"embeddable":true,"href":"https:\/\/www.enzo-und-ferdinand.de\/index.php\/wp-json\/wp\/v2\/comments?post=17616"}],"version-history":[{"count":4,"href":"https:\/\/www.enzo-und-ferdinand.de\/index.php\/wp-json\/wp\/v2\/posts\/17616\/revisions"}],"predecessor-version":[{"id":17629,"href":"https:\/\/www.enzo-und-ferdinand.de\/index.php\/wp-json\/wp\/v2\/posts\/17616\/revisions\/17629"}],"wp:featuredmedia":[{"embeddable":true,"href":"https:\/\/www.enzo-und-ferdinand.de\/index.php\/wp-json\/wp\/v2\/media\/17631"}],"wp:attachment":[{"href":"https:\/\/www.enzo-und-ferdinand.de\/index.php\/wp-json\/wp\/v2\/media?parent=17616"}],"wp:term":[{"taxonomy":"category","embeddable":true,"href":"https:\/\/www.enzo-und-ferdinand.de\/index.php\/wp-json\/wp\/v2\/categories?post=17616"},{"taxonomy":"post_tag","embeddable":true,"href":"https:\/\/www.enzo-und-ferdinand.de\/index.php\/wp-json\/wp\/v2\/tags?post=17616"}],"curies":[{"name":"wp","href":"https:\/\/api.w.org\/{rel}","templated":true}]}}