{"id":17668,"date":"2024-08-05T08:00:00","date_gmt":"2024-08-05T06:00:00","guid":{"rendered":"https:\/\/www.enzo-und-ferdinand.de\/?p=17668"},"modified":"2024-11-01T10:01:45","modified_gmt":"2024-11-01T09:01:45","slug":"50-jahre-porsche-turbo-beyond-performance","status":"publish","type":"post","link":"https:\/\/www.enzo-und-ferdinand.de\/index.php\/2024\/08\/05\/50-jahre-porsche-turbo-beyond-performance\/","title":{"rendered":"50 Jahre Porsche Turbo: \u201eBeyond Performance\u201c\u00a0"},"content":{"rendered":"\n<figure class=\"wp-block-image size-large is-resized\"><img loading=\"lazy\" decoding=\"async\" width=\"810\" height=\"540\" src=\"https:\/\/www.enzo-und-ferdinand.de\/wp-content\/uploads\/2024\/07\/S24_2358_fine-810x540.jpg\" alt=\"\" class=\"wp-image-17677\" style=\"width:880px;height:auto\" srcset=\"https:\/\/www.enzo-und-ferdinand.de\/wp-content\/uploads\/2024\/07\/S24_2358_fine-810x540.jpg 810w, https:\/\/www.enzo-und-ferdinand.de\/wp-content\/uploads\/2024\/07\/S24_2358_fine-300x200.jpg 300w, https:\/\/www.enzo-und-ferdinand.de\/wp-content\/uploads\/2024\/07\/S24_2358_fine-768x512.jpg 768w, https:\/\/www.enzo-und-ferdinand.de\/wp-content\/uploads\/2024\/07\/S24_2358_fine-120x80.jpg 120w, https:\/\/www.enzo-und-ferdinand.de\/wp-content\/uploads\/2024\/07\/S24_2358_fine.jpg 1500w\" sizes=\"auto, (max-width: 810px) 100vw, 810px\" \/><figcaption class=\"wp-element-caption\"><em>Der 911 Porsche Turbo &#8222;Nr. 1&#8220; von 1974.<\/em><\/figcaption><\/figure>\n\n\n\n<p class=\"wp-block-paragraph\">Am 30. Juli 2024 startet die Sonderausstellung im Porsche Museum. Bis zum 12. Januar 2025 werden Fahrzeuge und Exponate pr\u00e4sentiert, die den Turbo aus Zuffenhausen in einer Weise zeigen,wie es noch in keiner Ausstellung zu sehen war.<br>Geschichten&nbsp; werden erz\u00e4hlt, die zeigen, wie es ist, Herausforderungen zu meistern und immer wieder \u00fcber das Gew\u00f6hnliche hinauszugehen und Auskunft \u00fcber die st\u00e4ndige Evolution eines zeitlosen Klassikers und die Grenze des Machbaren geben.&nbsp;<br>Auf Technik-Fans warten Schnittmodelle, die die Turbo-Technologie veranschaulichen und es gibt eine 13 Meter lange Vitrine, die neben technischen Zeichnungen und Fotografien auch technische Exponate beherbergt. <\/p>\n\n\n\n<p class=\"wp-block-paragraph\">So etwa verschiedene Turbolader, ein Bypass-Ventil, Ladeluftk\u00fchler und eine K-Jetronic. Zudem k\u00f6nnen Besucher sich dort Filme und digitale Erkl\u00e4rungen zu den Themen Entwicklung, Technik und Interieur\/Exterieur an den gro\u00dfen Touchscreens ansehen.&nbsp;Weiterhin zeigt das Museum die Ausstattungskarte des Porsche 911 Turbo RSR von der IAA aus dem Jahr 1973, ebenso eine technische Zeichnung des Porsche Coup\u00e9 Typ 930, einen Spoiler vom Porsche 911 der Generation 991 mit aktiver Aerodynamik und ein Designmodell aus den fr\u00fchen Siebzigerjahren<\/p>\n\n\n\n<figure class=\"wp-block-image size-large is-resized\"><img loading=\"lazy\" decoding=\"async\" width=\"810\" height=\"540\" src=\"https:\/\/www.enzo-und-ferdinand.de\/wp-content\/uploads\/2024\/07\/S24_2357_fine-810x540.jpg\" alt=\"\" class=\"wp-image-17676\" style=\"width:880px;height:auto\" srcset=\"https:\/\/www.enzo-und-ferdinand.de\/wp-content\/uploads\/2024\/07\/S24_2357_fine-810x540.jpg 810w, https:\/\/www.enzo-und-ferdinand.de\/wp-content\/uploads\/2024\/07\/S24_2357_fine-300x200.jpg 300w, https:\/\/www.enzo-und-ferdinand.de\/wp-content\/uploads\/2024\/07\/S24_2357_fine-768x512.jpg 768w, https:\/\/www.enzo-und-ferdinand.de\/wp-content\/uploads\/2024\/07\/S24_2357_fine-120x80.jpg 120w, https:\/\/www.enzo-und-ferdinand.de\/wp-content\/uploads\/2024\/07\/S24_2357_fine.jpg 1500w\" sizes=\"auto, (max-width: 810px) 100vw, 810px\" \/><figcaption class=\"wp-element-caption\"><em>Der auf Basis des 911 Turbo entwickelte Porsche 935<\/em><\/figcaption><\/figure>\n\n\n\n<p class=\"wp-block-paragraph\">Der Fahrzeugbestand, der nat\u00fcrlich auch die erfolgreichen Turbo-Rennwagen wie den 917\/10 oder den 935 auf 911-Basis von Porsche umfasst, wird w\u00e4hrend der Dauer der Ausstellung regelm\u00e4\u00dfig gewechselt. So ist etwa ab Ende August ist ein besonderes Einzelst\u00fcck zu sehen. Der erste 911 Turbo ist ein Geschenk zum 70. Geburtstag von Louise Pi\u00ebch. Am 29. August 1974 erh\u00e4lt die Schwester von Ferry Porsche das Unikat mit schmaler Karosserie und einem 2,7-Liter-Motor. Auf dem Heck des Sportwagens mit 260 PS steht und das unterscheidet ihn von den folgenden Serienfahrzeugen, \u201eCarrera\u201c anstelle von \u201eturbo\u201c. Der Sportwagen verf\u00fcgt \u00fcber die Sonderkarosserie des 911 Carrera 2.7 und zwei Merkmale weisen darauf hin, dass es sich hierbei um ein ganz besonderes Modell handelt: der gro\u00dfe Heckfl\u00fcgel und eine Plakette auf dem Handschuhfach mit den Initialen \u201eLP\u201c und der Aufschrift \u201eTurbo-Porsche No. 1, Stuttgart-Zuffenhausen, 29. Aug. 1974\u201c.<\/p>\n\n\n\n<p class=\"wp-block-paragraph\">Ein weiteres Unikat ist ein 911 Turbo der Generation 992 in silberner Zweifarblackierung. Der 911 Turbo S \u201eDuet\u201c aus dem Jahr 2020 ist das Ergebnis einer Kooperation von Porsche mit dem Flugzeughersteller Embraer. Wer sich damals f\u00fcr den Business-Jet Phenom 300E entschieden hat, konnte einen passend dazu individualisierten 911 Turbo S erwerben.&nbsp;<\/p>\n\n\n\n<p class=\"wp-block-paragraph\">Weitere Bereiche zeigen Themen wie \u201ePrinzip Turbo\u201c, \u201eBeyond Turbo\u201c und \u201eMotorsport\u201c.&nbsp; Und auch Kindern wird das Thema Turbo n\u00e4her gebracht \u2013 es wurde f\u00fcr die Sonderausstellung erstmals ein kindgerechtes, digitales Lernabenteuer entwickelt.<\/p>\n\n\n\n<figure class=\"wp-block-gallery has-nested-images columns-2 is-cropped wp-block-gallery-1 is-layout-flex wp-block-gallery-is-layout-flex\">\n<figure class=\"wp-block-image size-large\"><img loading=\"lazy\" decoding=\"async\" width=\"810\" height=\"540\" data-id=\"17675\" src=\"https:\/\/www.enzo-und-ferdinand.de\/wp-content\/uploads\/2024\/07\/S24_2356_fine-810x540.jpg\" alt=\"\" class=\"wp-image-17675\" srcset=\"https:\/\/www.enzo-und-ferdinand.de\/wp-content\/uploads\/2024\/07\/S24_2356_fine-810x540.jpg 810w, https:\/\/www.enzo-und-ferdinand.de\/wp-content\/uploads\/2024\/07\/S24_2356_fine-300x200.jpg 300w, https:\/\/www.enzo-und-ferdinand.de\/wp-content\/uploads\/2024\/07\/S24_2356_fine-768x512.jpg 768w, https:\/\/www.enzo-und-ferdinand.de\/wp-content\/uploads\/2024\/07\/S24_2356_fine-120x80.jpg 120w, https:\/\/www.enzo-und-ferdinand.de\/wp-content\/uploads\/2024\/07\/S24_2356_fine.jpg 1500w\" sizes=\"auto, (max-width: 810px) 100vw, 810px\" \/><figcaption class=\"wp-element-caption\"><br><em>Der Porsche 911 Turbo aus dem Jahr 1976 von Ferry Porsche<\/em><\/figcaption><\/figure>\n\n\n\n<figure class=\"wp-block-image size-large\"><img loading=\"lazy\" decoding=\"async\" width=\"810\" height=\"518\" data-id=\"17674\" src=\"https:\/\/www.enzo-und-ferdinand.de\/wp-content\/uploads\/2024\/07\/S24_2350_fine-810x518.jpg\" alt=\"\" class=\"wp-image-17674\" srcset=\"https:\/\/www.enzo-und-ferdinand.de\/wp-content\/uploads\/2024\/07\/S24_2350_fine-810x518.jpg 810w, https:\/\/www.enzo-und-ferdinand.de\/wp-content\/uploads\/2024\/07\/S24_2350_fine-300x192.jpg 300w, https:\/\/www.enzo-und-ferdinand.de\/wp-content\/uploads\/2024\/07\/S24_2350_fine-768x491.jpg 768w, https:\/\/www.enzo-und-ferdinand.de\/wp-content\/uploads\/2024\/07\/S24_2350_fine-360x230.jpg 360w, https:\/\/www.enzo-und-ferdinand.de\/wp-content\/uploads\/2024\/07\/S24_2350_fine.jpg 1500w\" sizes=\"auto, (max-width: 810px) 100vw, 810px\" \/><figcaption class=\"wp-element-caption\"><em>Porsche 992 Turbo S Schnittmodell (links) und der 911 Turbo S &#8222;Duet&#8220;.<\/em><\/figcaption><\/figure>\n<\/figure>\n\n\n\n<p class=\"has-text-align-right has-small-font-size wp-block-paragraph\">Fotos: Porsche AG\/Text: Rainer Ro\u00dfbach<\/p>\n","protected":false},"excerpt":{"rendered":"<p>Am 30. Juli 2024 startet die Sonderausstellung im Porsche Museum. Bis zum 12. Januar 2025 werden Fahrzeuge und Exponate pr\u00e4sentiert, die den Turbo aus Zuffenhausen in einer Weise zeigen,wie es noch in keiner Ausstellung zu sehen war.<br \/>\nGeschichten\u00a0 werden erz\u00e4hlt, die zeigen, wie es ist, Herausforderungen zu meistern und immer wieder \u00fcber das Gew\u00f6hnliche hinauszugehen und Auskunft \u00fcber die st\u00e4ndige Evolution eines zeitlosen Klassikers und die Grenze des Machbaren geben.\u00a0<br \/>\nAuf Technik-Fans warten Schnittmodelle, die die Turbo-Technologie veranschaulichen und es gibt eine 13 Meter lange Vitrine, die neben technischen Zeichnungen und Fotografien auch technische Exponate beherbergt. <\/p>\n","protected":false},"author":1,"featured_media":17673,"comment_status":"closed","ping_status":"closed","sticky":false,"template":"","format":"standard","meta":{"_crdt_document":"","ngg_post_thumbnail":0,"footnotes":""},"categories":[14,586,24],"tags":[715],"class_list":["post-17668","post","type-post","status-publish","format-standard","has-post-thumbnail","hentry","category-events","category-technologie","category-unikate","tag-porsche-museum"],"yoast_head":"<!-- This site is optimized with the Yoast SEO plugin v27.5 - https:\/\/yoast.com\/product\/yoast-seo-wordpress\/ -->\n<title>50 Jahre Porsche Turbo: \u201eBeyond Performance\u201c\u00a0<\/title>\n<meta name=\"description\" content=\"50 Jahre Porsche Turbo Beyond Performance Sonderausstellung Porsche Museum Zuffenhausen Schnittmodelle Zeichnungen Fotografien Bypass-Ventil Ladeluftk\u00fchler K-Jetronic Typ 930 Generation 991 aktive Aerodynamik Louise Pi\u00ebch Ferry Porsche Carrera Stuttgart-Zuffenhausen Embraer Phenom 300E Rainer Ro\u00dfbach Rainer Rossbach enzo-und-ferdinand enzo&amp;ferdinand\" \/>\n<meta name=\"robots\" content=\"index, follow, max-snippet:-1, max-image-preview:large, max-video-preview:-1\" \/>\n<link rel=\"canonical\" href=\"https:\/\/www.enzo-und-ferdinand.de\/index.php\/2024\/08\/05\/50-jahre-porsche-turbo-beyond-performance\/\" \/>\n<meta property=\"og:locale\" content=\"de_DE\" \/>\n<meta property=\"og:type\" content=\"article\" \/>\n<meta property=\"og:title\" content=\"50 Jahre Porsche Turbo: \u201eBeyond Performance\u201c\u00a0\" \/>\n<meta property=\"og:description\" content=\"50 Jahre Porsche Turbo Beyond Performance Sonderausstellung Porsche Museum Zuffenhausen Schnittmodelle Zeichnungen Fotografien Bypass-Ventil Ladeluftk\u00fchler K-Jetronic Typ 930 Generation 991 aktive Aerodynamik Louise Pi\u00ebch Ferry Porsche Carrera Stuttgart-Zuffenhausen Embraer Phenom 300E Rainer Ro\u00dfbach Rainer Rossbach enzo-und-ferdinand enzo&amp;ferdinand\" \/>\n<meta property=\"og:url\" content=\"https:\/\/www.enzo-und-ferdinand.de\/index.php\/2024\/08\/05\/50-jahre-porsche-turbo-beyond-performance\/\" \/>\n<meta property=\"og:site_name\" content=\"enzo &amp; Ferdinand\" \/>\n<meta property=\"article:published_time\" content=\"2024-08-05T06:00:00+00:00\" \/>\n<meta property=\"article:modified_time\" content=\"2024-11-01T09:01:45+00:00\" \/>\n<meta property=\"og:image\" content=\"https:\/\/www.enzo-und-ferdinand.de\/wp-content\/uploads\/2024\/07\/S24_2349_fine.jpg\" \/>\n\t<meta property=\"og:image:width\" content=\"1500\" \/>\n\t<meta property=\"og:image:height\" content=\"875\" \/>\n\t<meta property=\"og:image:type\" content=\"image\/jpeg\" \/>\n<meta name=\"author\" content=\"Rainer Ro\u00dfbach\" \/>\n<meta name=\"twitter:card\" content=\"summary_large_image\" \/>\n<meta name=\"twitter:label1\" content=\"Verfasst von\" \/>\n\t<meta name=\"twitter:data1\" content=\"Rainer Ro\u00dfbach\" \/>\n\t<meta name=\"twitter:label2\" content=\"Gesch\u00e4tzte Lesezeit\" \/>\n\t<meta name=\"twitter:data2\" content=\"2\u00a0Minuten\" \/>\n<script type=\"application\/ld+json\" class=\"yoast-schema-graph\">{\"@context\":\"https:\\\/\\\/schema.org\",\"@graph\":[{\"@type\":\"Article\",\"@id\":\"https:\\\/\\\/www.enzo-und-ferdinand.de\\\/index.php\\\/2024\\\/08\\\/05\\\/50-jahre-porsche-turbo-beyond-performance\\\/#article\",\"isPartOf\":{\"@id\":\"https:\\\/\\\/www.enzo-und-ferdinand.de\\\/index.php\\\/2024\\\/08\\\/05\\\/50-jahre-porsche-turbo-beyond-performance\\\/\"},\"author\":{\"name\":\"Rainer Ro\u00dfbach\",\"@id\":\"https:\\\/\\\/www.enzo-und-ferdinand.de\\\/#\\\/schema\\\/person\\\/aff2eb9ff87705987c1b9d21fe10b095\"},\"headline\":\"50 Jahre Porsche Turbo: \u201eBeyond Performance\u201c\u00a0\",\"datePublished\":\"2024-08-05T06:00:00+00:00\",\"dateModified\":\"2024-11-01T09:01:45+00:00\",\"mainEntityOfPage\":{\"@id\":\"https:\\\/\\\/www.enzo-und-ferdinand.de\\\/index.php\\\/2024\\\/08\\\/05\\\/50-jahre-porsche-turbo-beyond-performance\\\/\"},\"wordCount\":439,\"publisher\":{\"@id\":\"https:\\\/\\\/www.enzo-und-ferdinand.de\\\/#organization\"},\"image\":{\"@id\":\"https:\\\/\\\/www.enzo-und-ferdinand.de\\\/index.php\\\/2024\\\/08\\\/05\\\/50-jahre-porsche-turbo-beyond-performance\\\/#primaryimage\"},\"thumbnailUrl\":\"https:\\\/\\\/www.enzo-und-ferdinand.de\\\/wp-content\\\/uploads\\\/2024\\\/07\\\/S24_2349_fine.jpg\",\"keywords\":[\"Porsche Museum\"],\"articleSection\":[\"Events\",\"Technologie\",\"Unikate\"],\"inLanguage\":\"de\"},{\"@type\":\"WebPage\",\"@id\":\"https:\\\/\\\/www.enzo-und-ferdinand.de\\\/index.php\\\/2024\\\/08\\\/05\\\/50-jahre-porsche-turbo-beyond-performance\\\/\",\"url\":\"https:\\\/\\\/www.enzo-und-ferdinand.de\\\/index.php\\\/2024\\\/08\\\/05\\\/50-jahre-porsche-turbo-beyond-performance\\\/\",\"name\":\"50 Jahre Porsche Turbo: \u201eBeyond Performance\u201c\u00a0\",\"isPartOf\":{\"@id\":\"https:\\\/\\\/www.enzo-und-ferdinand.de\\\/#website\"},\"primaryImageOfPage\":{\"@id\":\"https:\\\/\\\/www.enzo-und-ferdinand.de\\\/index.php\\\/2024\\\/08\\\/05\\\/50-jahre-porsche-turbo-beyond-performance\\\/#primaryimage\"},\"image\":{\"@id\":\"https:\\\/\\\/www.enzo-und-ferdinand.de\\\/index.php\\\/2024\\\/08\\\/05\\\/50-jahre-porsche-turbo-beyond-performance\\\/#primaryimage\"},\"thumbnailUrl\":\"https:\\\/\\\/www.enzo-und-ferdinand.de\\\/wp-content\\\/uploads\\\/2024\\\/07\\\/S24_2349_fine.jpg\",\"datePublished\":\"2024-08-05T06:00:00+00:00\",\"dateModified\":\"2024-11-01T09:01:45+00:00\",\"description\":\"50 Jahre Porsche Turbo Beyond Performance Sonderausstellung Porsche Museum Zuffenhausen Schnittmodelle Zeichnungen Fotografien Bypass-Ventil Ladeluftk\u00fchler K-Jetronic Typ 930 Generation 991 aktive Aerodynamik Louise Pi\u00ebch Ferry Porsche Carrera Stuttgart-Zuffenhausen Embraer Phenom 300E Rainer Ro\u00dfbach Rainer Rossbach enzo-und-ferdinand enzo&ferdinand\",\"breadcrumb\":{\"@id\":\"https:\\\/\\\/www.enzo-und-ferdinand.de\\\/index.php\\\/2024\\\/08\\\/05\\\/50-jahre-porsche-turbo-beyond-performance\\\/#breadcrumb\"},\"inLanguage\":\"de\",\"potentialAction\":[{\"@type\":\"ReadAction\",\"target\":[\"https:\\\/\\\/www.enzo-und-ferdinand.de\\\/index.php\\\/2024\\\/08\\\/05\\\/50-jahre-porsche-turbo-beyond-performance\\\/\"]}]},{\"@type\":\"ImageObject\",\"inLanguage\":\"de\",\"@id\":\"https:\\\/\\\/www.enzo-und-ferdinand.de\\\/index.php\\\/2024\\\/08\\\/05\\\/50-jahre-porsche-turbo-beyond-performance\\\/#primaryimage\",\"url\":\"https:\\\/\\\/www.enzo-und-ferdinand.de\\\/wp-content\\\/uploads\\\/2024\\\/07\\\/S24_2349_fine.jpg\",\"contentUrl\":\"https:\\\/\\\/www.enzo-und-ferdinand.de\\\/wp-content\\\/uploads\\\/2024\\\/07\\\/S24_2349_fine.jpg\",\"width\":1500,\"height\":875,\"caption\":\"50 Jahre Porsche Turbo\"},{\"@type\":\"BreadcrumbList\",\"@id\":\"https:\\\/\\\/www.enzo-und-ferdinand.de\\\/index.php\\\/2024\\\/08\\\/05\\\/50-jahre-porsche-turbo-beyond-performance\\\/#breadcrumb\",\"itemListElement\":[{\"@type\":\"ListItem\",\"position\":1,\"name\":\"Startseite\",\"item\":\"https:\\\/\\\/www.enzo-und-ferdinand.de\\\/\"},{\"@type\":\"ListItem\",\"position\":2,\"name\":\"50 Jahre Porsche Turbo: \u201eBeyond Performance\u201c\u00a0\"}]},{\"@type\":\"WebSite\",\"@id\":\"https:\\\/\\\/www.enzo-und-ferdinand.de\\\/#website\",\"url\":\"https:\\\/\\\/www.enzo-und-ferdinand.de\\\/\",\"name\":\"enzo & Ferdinand\",\"description\":\"\",\"publisher\":{\"@id\":\"https:\\\/\\\/www.enzo-und-ferdinand.de\\\/#organization\"},\"potentialAction\":[{\"@type\":\"SearchAction\",\"target\":{\"@type\":\"EntryPoint\",\"urlTemplate\":\"https:\\\/\\\/www.enzo-und-ferdinand.de\\\/?s={search_term_string}\"},\"query-input\":{\"@type\":\"PropertyValueSpecification\",\"valueRequired\":true,\"valueName\":\"search_term_string\"}}],\"inLanguage\":\"de\"},{\"@type\":\"Organization\",\"@id\":\"https:\\\/\\\/www.enzo-und-ferdinand.de\\\/#organization\",\"name\":\"enzo & Ferdinand\",\"url\":\"https:\\\/\\\/www.enzo-und-ferdinand.de\\\/\",\"logo\":{\"@type\":\"ImageObject\",\"inLanguage\":\"de\",\"@id\":\"https:\\\/\\\/www.enzo-und-ferdinand.de\\\/#\\\/schema\\\/logo\\\/image\\\/\",\"url\":\"https:\\\/\\\/www.enzo-und-ferdinand.de\\\/wp-content\\\/uploads\\\/2018\\\/12\\\/revvvs-icon.png\",\"contentUrl\":\"https:\\\/\\\/www.enzo-und-ferdinand.de\\\/wp-content\\\/uploads\\\/2018\\\/12\\\/revvvs-icon.png\",\"width\":512,\"height\":512,\"caption\":\"enzo & Ferdinand\"},\"image\":{\"@id\":\"https:\\\/\\\/www.enzo-und-ferdinand.de\\\/#\\\/schema\\\/logo\\\/image\\\/\"}},{\"@type\":\"Person\",\"@id\":\"https:\\\/\\\/www.enzo-und-ferdinand.de\\\/#\\\/schema\\\/person\\\/aff2eb9ff87705987c1b9d21fe10b095\",\"name\":\"Rainer Ro\u00dfbach\",\"image\":{\"@type\":\"ImageObject\",\"inLanguage\":\"de\",\"@id\":\"https:\\\/\\\/www.enzo-und-ferdinand.de\\\/wp-content\\\/uploads\\\/2026\\\/01\\\/Rainer-Rossbach-150x150.jpg\",\"url\":\"https:\\\/\\\/www.enzo-und-ferdinand.de\\\/wp-content\\\/uploads\\\/2026\\\/01\\\/Rainer-Rossbach-150x150.jpg\",\"contentUrl\":\"https:\\\/\\\/www.enzo-und-ferdinand.de\\\/wp-content\\\/uploads\\\/2026\\\/01\\\/Rainer-Rossbach-150x150.jpg\",\"caption\":\"Rainer Ro\u00dfbach\"},\"url\":\"https:\\\/\\\/www.enzo-und-ferdinand.de\\\/index.php\\\/author\\\/redaktion\\\/\"}]}<\/script>\n<!-- \/ Yoast SEO plugin. -->","yoast_head_json":{"title":"50 Jahre Porsche Turbo: \u201eBeyond Performance\u201c\u00a0","description":"50 Jahre Porsche Turbo Beyond Performance Sonderausstellung Porsche Museum Zuffenhausen Schnittmodelle Zeichnungen Fotografien Bypass-Ventil Ladeluftk\u00fchler K-Jetronic Typ 930 Generation 991 aktive Aerodynamik Louise Pi\u00ebch Ferry Porsche Carrera Stuttgart-Zuffenhausen Embraer Phenom 300E Rainer Ro\u00dfbach Rainer Rossbach enzo-und-ferdinand enzo&ferdinand","robots":{"index":"index","follow":"follow","max-snippet":"max-snippet:-1","max-image-preview":"max-image-preview:large","max-video-preview":"max-video-preview:-1"},"canonical":"https:\/\/www.enzo-und-ferdinand.de\/index.php\/2024\/08\/05\/50-jahre-porsche-turbo-beyond-performance\/","og_locale":"de_DE","og_type":"article","og_title":"50 Jahre Porsche Turbo: \u201eBeyond Performance\u201c\u00a0","og_description":"50 Jahre Porsche Turbo Beyond Performance Sonderausstellung Porsche Museum Zuffenhausen Schnittmodelle Zeichnungen Fotografien Bypass-Ventil Ladeluftk\u00fchler K-Jetronic Typ 930 Generation 991 aktive Aerodynamik Louise Pi\u00ebch Ferry Porsche Carrera Stuttgart-Zuffenhausen Embraer Phenom 300E Rainer Ro\u00dfbach Rainer Rossbach enzo-und-ferdinand enzo&ferdinand","og_url":"https:\/\/www.enzo-und-ferdinand.de\/index.php\/2024\/08\/05\/50-jahre-porsche-turbo-beyond-performance\/","og_site_name":"enzo &amp; Ferdinand","article_published_time":"2024-08-05T06:00:00+00:00","article_modified_time":"2024-11-01T09:01:45+00:00","og_image":[{"width":1500,"height":875,"url":"https:\/\/www.enzo-und-ferdinand.de\/wp-content\/uploads\/2024\/07\/S24_2349_fine.jpg","type":"image\/jpeg"}],"author":"Rainer Ro\u00dfbach","twitter_card":"summary_large_image","twitter_misc":{"Verfasst von":"Rainer Ro\u00dfbach","Gesch\u00e4tzte Lesezeit":"2\u00a0Minuten"},"schema":{"@context":"https:\/\/schema.org","@graph":[{"@type":"Article","@id":"https:\/\/www.enzo-und-ferdinand.de\/index.php\/2024\/08\/05\/50-jahre-porsche-turbo-beyond-performance\/#article","isPartOf":{"@id":"https:\/\/www.enzo-und-ferdinand.de\/index.php\/2024\/08\/05\/50-jahre-porsche-turbo-beyond-performance\/"},"author":{"name":"Rainer Ro\u00dfbach","@id":"https:\/\/www.enzo-und-ferdinand.de\/#\/schema\/person\/aff2eb9ff87705987c1b9d21fe10b095"},"headline":"50 Jahre Porsche Turbo: \u201eBeyond Performance\u201c\u00a0","datePublished":"2024-08-05T06:00:00+00:00","dateModified":"2024-11-01T09:01:45+00:00","mainEntityOfPage":{"@id":"https:\/\/www.enzo-und-ferdinand.de\/index.php\/2024\/08\/05\/50-jahre-porsche-turbo-beyond-performance\/"},"wordCount":439,"publisher":{"@id":"https:\/\/www.enzo-und-ferdinand.de\/#organization"},"image":{"@id":"https:\/\/www.enzo-und-ferdinand.de\/index.php\/2024\/08\/05\/50-jahre-porsche-turbo-beyond-performance\/#primaryimage"},"thumbnailUrl":"https:\/\/www.enzo-und-ferdinand.de\/wp-content\/uploads\/2024\/07\/S24_2349_fine.jpg","keywords":["Porsche Museum"],"articleSection":["Events","Technologie","Unikate"],"inLanguage":"de"},{"@type":"WebPage","@id":"https:\/\/www.enzo-und-ferdinand.de\/index.php\/2024\/08\/05\/50-jahre-porsche-turbo-beyond-performance\/","url":"https:\/\/www.enzo-und-ferdinand.de\/index.php\/2024\/08\/05\/50-jahre-porsche-turbo-beyond-performance\/","name":"50 Jahre Porsche Turbo: \u201eBeyond Performance\u201c\u00a0","isPartOf":{"@id":"https:\/\/www.enzo-und-ferdinand.de\/#website"},"primaryImageOfPage":{"@id":"https:\/\/www.enzo-und-ferdinand.de\/index.php\/2024\/08\/05\/50-jahre-porsche-turbo-beyond-performance\/#primaryimage"},"image":{"@id":"https:\/\/www.enzo-und-ferdinand.de\/index.php\/2024\/08\/05\/50-jahre-porsche-turbo-beyond-performance\/#primaryimage"},"thumbnailUrl":"https:\/\/www.enzo-und-ferdinand.de\/wp-content\/uploads\/2024\/07\/S24_2349_fine.jpg","datePublished":"2024-08-05T06:00:00+00:00","dateModified":"2024-11-01T09:01:45+00:00","description":"50 Jahre Porsche Turbo Beyond Performance Sonderausstellung Porsche Museum Zuffenhausen Schnittmodelle Zeichnungen Fotografien Bypass-Ventil Ladeluftk\u00fchler K-Jetronic Typ 930 Generation 991 aktive Aerodynamik Louise Pi\u00ebch Ferry Porsche Carrera Stuttgart-Zuffenhausen Embraer Phenom 300E Rainer Ro\u00dfbach Rainer Rossbach enzo-und-ferdinand enzo&ferdinand","breadcrumb":{"@id":"https:\/\/www.enzo-und-ferdinand.de\/index.php\/2024\/08\/05\/50-jahre-porsche-turbo-beyond-performance\/#breadcrumb"},"inLanguage":"de","potentialAction":[{"@type":"ReadAction","target":["https:\/\/www.enzo-und-ferdinand.de\/index.php\/2024\/08\/05\/50-jahre-porsche-turbo-beyond-performance\/"]}]},{"@type":"ImageObject","inLanguage":"de","@id":"https:\/\/www.enzo-und-ferdinand.de\/index.php\/2024\/08\/05\/50-jahre-porsche-turbo-beyond-performance\/#primaryimage","url":"https:\/\/www.enzo-und-ferdinand.de\/wp-content\/uploads\/2024\/07\/S24_2349_fine.jpg","contentUrl":"https:\/\/www.enzo-und-ferdinand.de\/wp-content\/uploads\/2024\/07\/S24_2349_fine.jpg","width":1500,"height":875,"caption":"50 Jahre Porsche Turbo"},{"@type":"BreadcrumbList","@id":"https:\/\/www.enzo-und-ferdinand.de\/index.php\/2024\/08\/05\/50-jahre-porsche-turbo-beyond-performance\/#breadcrumb","itemListElement":[{"@type":"ListItem","position":1,"name":"Startseite","item":"https:\/\/www.enzo-und-ferdinand.de\/"},{"@type":"ListItem","position":2,"name":"50 Jahre Porsche Turbo: \u201eBeyond Performance\u201c\u00a0"}]},{"@type":"WebSite","@id":"https:\/\/www.enzo-und-ferdinand.de\/#website","url":"https:\/\/www.enzo-und-ferdinand.de\/","name":"enzo & Ferdinand","description":"","publisher":{"@id":"https:\/\/www.enzo-und-ferdinand.de\/#organization"},"potentialAction":[{"@type":"SearchAction","target":{"@type":"EntryPoint","urlTemplate":"https:\/\/www.enzo-und-ferdinand.de\/?s={search_term_string}"},"query-input":{"@type":"PropertyValueSpecification","valueRequired":true,"valueName":"search_term_string"}}],"inLanguage":"de"},{"@type":"Organization","@id":"https:\/\/www.enzo-und-ferdinand.de\/#organization","name":"enzo & Ferdinand","url":"https:\/\/www.enzo-und-ferdinand.de\/","logo":{"@type":"ImageObject","inLanguage":"de","@id":"https:\/\/www.enzo-und-ferdinand.de\/#\/schema\/logo\/image\/","url":"https:\/\/www.enzo-und-ferdinand.de\/wp-content\/uploads\/2018\/12\/revvvs-icon.png","contentUrl":"https:\/\/www.enzo-und-ferdinand.de\/wp-content\/uploads\/2018\/12\/revvvs-icon.png","width":512,"height":512,"caption":"enzo & Ferdinand"},"image":{"@id":"https:\/\/www.enzo-und-ferdinand.de\/#\/schema\/logo\/image\/"}},{"@type":"Person","@id":"https:\/\/www.enzo-und-ferdinand.de\/#\/schema\/person\/aff2eb9ff87705987c1b9d21fe10b095","name":"Rainer Ro\u00dfbach","image":{"@type":"ImageObject","inLanguage":"de","@id":"https:\/\/www.enzo-und-ferdinand.de\/wp-content\/uploads\/2026\/01\/Rainer-Rossbach-150x150.jpg","url":"https:\/\/www.enzo-und-ferdinand.de\/wp-content\/uploads\/2026\/01\/Rainer-Rossbach-150x150.jpg","contentUrl":"https:\/\/www.enzo-und-ferdinand.de\/wp-content\/uploads\/2026\/01\/Rainer-Rossbach-150x150.jpg","caption":"Rainer Ro\u00dfbach"},"url":"https:\/\/www.enzo-und-ferdinand.de\/index.php\/author\/redaktion\/"}]}},"_links":{"self":[{"href":"https:\/\/www.enzo-und-ferdinand.de\/index.php\/wp-json\/wp\/v2\/posts\/17668","targetHints":{"allow":["GET"]}}],"collection":[{"href":"https:\/\/www.enzo-und-ferdinand.de\/index.php\/wp-json\/wp\/v2\/posts"}],"about":[{"href":"https:\/\/www.enzo-und-ferdinand.de\/index.php\/wp-json\/wp\/v2\/types\/post"}],"author":[{"embeddable":true,"href":"https:\/\/www.enzo-und-ferdinand.de\/index.php\/wp-json\/wp\/v2\/users\/1"}],"replies":[{"embeddable":true,"href":"https:\/\/www.enzo-und-ferdinand.de\/index.php\/wp-json\/wp\/v2\/comments?post=17668"}],"version-history":[{"count":5,"href":"https:\/\/www.enzo-und-ferdinand.de\/index.php\/wp-json\/wp\/v2\/posts\/17668\/revisions"}],"predecessor-version":[{"id":17679,"href":"https:\/\/www.enzo-und-ferdinand.de\/index.php\/wp-json\/wp\/v2\/posts\/17668\/revisions\/17679"}],"wp:featuredmedia":[{"embeddable":true,"href":"https:\/\/www.enzo-und-ferdinand.de\/index.php\/wp-json\/wp\/v2\/media\/17673"}],"wp:attachment":[{"href":"https:\/\/www.enzo-und-ferdinand.de\/index.php\/wp-json\/wp\/v2\/media?parent=17668"}],"wp:term":[{"taxonomy":"category","embeddable":true,"href":"https:\/\/www.enzo-und-ferdinand.de\/index.php\/wp-json\/wp\/v2\/categories?post=17668"},{"taxonomy":"post_tag","embeddable":true,"href":"https:\/\/www.enzo-und-ferdinand.de\/index.php\/wp-json\/wp\/v2\/tags?post=17668"}],"curies":[{"name":"wp","href":"https:\/\/api.w.org\/{rel}","templated":true}]}}