{"id":17689,"date":"2024-08-01T07:05:18","date_gmt":"2024-08-01T05:05:18","guid":{"rendered":"https:\/\/www.enzo-und-ferdinand.de\/?p=17689"},"modified":"2024-11-01T10:03:49","modified_gmt":"2024-11-01T09:03:49","slug":"porsche-911-gt3-rs-tribute-to-jo-siffert","status":"publish","type":"post","link":"https:\/\/www.enzo-und-ferdinand.de\/index.php\/2024\/08\/01\/porsche-911-gt3-rs-tribute-to-jo-siffert\/","title":{"rendered":"Porsche 911 GT3 RS \u201eTribute to Jo Siffert\u201c"},"content":{"rendered":"\n<figure class=\"wp-block-image size-large is-resized\"><img loading=\"lazy\" decoding=\"async\" width=\"810\" height=\"540\" src=\"https:\/\/www.enzo-und-ferdinand.de\/wp-content\/uploads\/2024\/07\/S24_2368_fine-810x540.jpg\" alt=\"\" class=\"wp-image-17686\" style=\"width:880px;height:auto\" srcset=\"https:\/\/www.enzo-und-ferdinand.de\/wp-content\/uploads\/2024\/07\/S24_2368_fine-810x540.jpg 810w, https:\/\/www.enzo-und-ferdinand.de\/wp-content\/uploads\/2024\/07\/S24_2368_fine-300x200.jpg 300w, https:\/\/www.enzo-und-ferdinand.de\/wp-content\/uploads\/2024\/07\/S24_2368_fine-768x512.jpg 768w, https:\/\/www.enzo-und-ferdinand.de\/wp-content\/uploads\/2024\/07\/S24_2368_fine-120x80.jpg 120w, https:\/\/www.enzo-und-ferdinand.de\/wp-content\/uploads\/2024\/07\/S24_2368_fine.jpg 1500w\" sizes=\"auto, (max-width: 810px) 100vw, 810px\" \/><\/figure>\n\n\n\n<p class=\"wp-block-paragraph\">Joseph \u201eJo\u201c Siffert genie\u00dft in der Motorsport-Szene selbst 50 Jahre nach seinem Tod Kultstatus. Der Schweizer, geboren in Fribourg, war ein talentierter und charismatischer Rennfahrer. Insgesamt 298 Rennen hat er in elf Jahren bestritten und wie es zu der Zeit \u00fcblich war nahm er manchmal am selben Wochenende an mehreren Wettbewerben teil. Durch den Sieg bei Zeltweg 1969 hat der Schweizer Rennfahrer die Erfolgsgeschichte des 917 eingel\u00e4utet.<\/p>\n\n\n\n<p class=\"wp-block-paragraph\">Die Erfolgsbilanz des Siebzehners ist legend\u00e4r: Neben zwei Sportwagen-Weltmeisterschaften holten Hans Herrmann und Richard Attwood 1970 den begehrten Triumph in Le Mans. Diesen bis dahin gr\u00f6\u00dften motorsportlichen Erfolg f\u00fcr Porsche konnten Helmut Marko und Gijs van Lennep 1971 wiederholen. Mit den \u00fcber 1.000 PS starken Turbo-Ausf\u00fchrungen 917\/10 und 917\/30 als Weiterentwicklung des 917 dominierten George Follmer 1972 und Mark Donohue 1973 die nordamerikanische CanAm-Serie.&nbsp;<\/p>\n\n\n\n<p class=\"wp-block-paragraph\">Die Familie von Jo Siffert war an der Entstehung des in Purwei\u00df lackierten und mit vipergr\u00fcnen Farbakzenten an den vorderen Kotfl\u00fcgeln und Teilen der Bugpartie versehenen Einzelst\u00fccks intensiv beteiligt. Auch das Mittelteil seines gro\u00dfen Heckfl\u00fcgels ist in Gr\u00fcn lackiert. Die Startnummer entspricht jener des legend\u00e4ren Siegerwagens der 1000 Kilometer von \u00d6sterreich. Die \u201e29\u201c befindet sich auf den T\u00fcren, der Fronthaube, unter dem Heckfl\u00fcgel sowie auf den Ventilkappen der Reifen. <\/p>\n\n\n\n<figure class=\"wp-block-image size-large is-resized\"><img loading=\"lazy\" decoding=\"async\" width=\"810\" height=\"540\" src=\"https:\/\/www.enzo-und-ferdinand.de\/wp-content\/uploads\/2024\/07\/S24_2367_fine-810x540.jpg\" alt=\"\" class=\"wp-image-17685\" style=\"width:880px;height:auto\" srcset=\"https:\/\/www.enzo-und-ferdinand.de\/wp-content\/uploads\/2024\/07\/S24_2367_fine-810x540.jpg 810w, https:\/\/www.enzo-und-ferdinand.de\/wp-content\/uploads\/2024\/07\/S24_2367_fine-300x200.jpg 300w, https:\/\/www.enzo-und-ferdinand.de\/wp-content\/uploads\/2024\/07\/S24_2367_fine-768x512.jpg 768w, https:\/\/www.enzo-und-ferdinand.de\/wp-content\/uploads\/2024\/07\/S24_2367_fine-120x80.jpg 120w, https:\/\/www.enzo-und-ferdinand.de\/wp-content\/uploads\/2024\/07\/S24_2367_fine.jpg 1500w\" sizes=\"auto, (max-width: 810px) 100vw, 810px\" \/><\/figure>\n\n\n\n<p class=\"wp-block-paragraph\">Der klassische Porsche-Schriftzug mit Streifen-Design auf den T\u00fcren und Seitenteilen ist ebenso vom Original-Fahrzeug inspiriert. Zeitgen\u00f6ssischen Look zeigen auch die Sponsorenaufkleber von Bosch und Shell. So befindet sich der Bosch-Decal mit der Z\u00fcndkerze auf den hinteren Radh\u00e4usern und der Shell-Aufkleber efindet sich unterhalb der Heckscheibe bei den Serviceklappen f\u00fcr \u00d6l und Wasser.\u00a0<\/p>\n\n\n\n<p class=\"wp-block-paragraph\">Auf dem Zentralverschluss der satinschwarzen Magnesium-R\u00e4der ist die Silhouette des 917KH zu sehen, genau wie auf den Sideplates des Heckfl\u00fcgels. Auf den B-S\u00e4ulen sitzt eine Plakette im Siffert-Helm-Design: dort sind der Name und die Unterschrift von Jo Siffert abgebildet.&nbsp;<\/p>\n\n\n\n<p class=\"wp-block-paragraph\">Im Innenraum dominieren Race-Tex in Schwarz und Indischrot. In die Kopfst\u00fctzen ist das rot-wei\u00dfe Helm-Motiv des Schweizer Rennfahrers gestickt. Die T\u00fcreinstiegsleisten zieren die 917er Silhouette kombiniert mit der Unterschrift Sifferts. Und auch der Fahrzeugschl\u00fcssel wurde mit hohem Aufwand individualisiert: Die Seitenwangen sind in Purwei\u00df beziehungsweise im Vipergr\u00fcn lackiert, die 917er Silhouette wurde in der jeweiligen Kontrastfarbe aufgedruckt. Auf den Deckel der Mittelkonsole und in das lederne Schl\u00fcsseletui ist die Unterschrift von Jo Siffert gepr\u00e4gt.<\/p>\n\n\n\n<p class=\"wp-block-paragraph\">Ab August 2024 ist das Fahrzeug zun\u00e4chst in den Schweizer Porsche Zentren zu sehen, bevor es eseinen Auftritt auf der Messe \u201eAuto Z\u00fcrich\u201c vom 7. bis zum 10. November 2024 hat. Der K\u00e4ufer wird unter allen Interessenten nach dem Zufallsprinzip ausgelost.<\/p>\n\n\n\n<figure class=\"wp-block-gallery has-nested-images columns-2 is-cropped wp-block-gallery-1 is-layout-flex wp-block-gallery-is-layout-flex\">\n<figure class=\"wp-block-image size-large\"><img loading=\"lazy\" decoding=\"async\" width=\"683\" height=\"1024\" data-id=\"17684\" src=\"https:\/\/www.enzo-und-ferdinand.de\/wp-content\/uploads\/2024\/07\/S24_2366_fine-683x1024.jpg\" alt=\"\" class=\"wp-image-17684\" srcset=\"https:\/\/www.enzo-und-ferdinand.de\/wp-content\/uploads\/2024\/07\/S24_2366_fine-683x1024.jpg 683w, https:\/\/www.enzo-und-ferdinand.de\/wp-content\/uploads\/2024\/07\/S24_2366_fine-200x300.jpg 200w, https:\/\/www.enzo-und-ferdinand.de\/wp-content\/uploads\/2024\/07\/S24_2366_fine-768x1152.jpg 768w, https:\/\/www.enzo-und-ferdinand.de\/wp-content\/uploads\/2024\/07\/S24_2366_fine-1024x1536.jpg 1024w, https:\/\/www.enzo-und-ferdinand.de\/wp-content\/uploads\/2024\/07\/S24_2366_fine-1365x2048.jpg 1365w, https:\/\/www.enzo-und-ferdinand.de\/wp-content\/uploads\/2024\/07\/S24_2366_fine.jpg 1500w\" sizes=\"auto, (max-width: 683px) 100vw, 683px\" \/><\/figure>\n\n\n\n<figure class=\"wp-block-image size-large\"><img loading=\"lazy\" decoding=\"async\" width=\"683\" height=\"1024\" data-id=\"17683\" src=\"https:\/\/www.enzo-und-ferdinand.de\/wp-content\/uploads\/2024\/07\/S24_2365_fine-683x1024.jpg\" alt=\"\" class=\"wp-image-17683\" srcset=\"https:\/\/www.enzo-und-ferdinand.de\/wp-content\/uploads\/2024\/07\/S24_2365_fine-683x1024.jpg 683w, https:\/\/www.enzo-und-ferdinand.de\/wp-content\/uploads\/2024\/07\/S24_2365_fine-200x300.jpg 200w, https:\/\/www.enzo-und-ferdinand.de\/wp-content\/uploads\/2024\/07\/S24_2365_fine-768x1152.jpg 768w, https:\/\/www.enzo-und-ferdinand.de\/wp-content\/uploads\/2024\/07\/S24_2365_fine-1024x1536.jpg 1024w, https:\/\/www.enzo-und-ferdinand.de\/wp-content\/uploads\/2024\/07\/S24_2365_fine-1365x2048.jpg 1365w, https:\/\/www.enzo-und-ferdinand.de\/wp-content\/uploads\/2024\/07\/S24_2365_fine.jpg 1500w\" sizes=\"auto, (max-width: 683px) 100vw, 683px\" \/><\/figure>\n\n\n\n<figure class=\"wp-block-image size-large\"><img loading=\"lazy\" decoding=\"async\" width=\"810\" height=\"540\" data-id=\"17682\" src=\"https:\/\/www.enzo-und-ferdinand.de\/wp-content\/uploads\/2024\/07\/S24_2364_fine-810x540.jpg\" alt=\"\" class=\"wp-image-17682\" srcset=\"https:\/\/www.enzo-und-ferdinand.de\/wp-content\/uploads\/2024\/07\/S24_2364_fine-810x540.jpg 810w, https:\/\/www.enzo-und-ferdinand.de\/wp-content\/uploads\/2024\/07\/S24_2364_fine-300x200.jpg 300w, https:\/\/www.enzo-und-ferdinand.de\/wp-content\/uploads\/2024\/07\/S24_2364_fine-768x512.jpg 768w, https:\/\/www.enzo-und-ferdinand.de\/wp-content\/uploads\/2024\/07\/S24_2364_fine-120x80.jpg 120w, https:\/\/www.enzo-und-ferdinand.de\/wp-content\/uploads\/2024\/07\/S24_2364_fine.jpg 1500w\" sizes=\"auto, (max-width: 810px) 100vw, 810px\" \/><\/figure>\n\n\n\n<figure class=\"wp-block-image size-large\"><img loading=\"lazy\" decoding=\"async\" width=\"810\" height=\"565\" data-id=\"17681\" src=\"https:\/\/www.enzo-und-ferdinand.de\/wp-content\/uploads\/2024\/07\/S24_2362_fine-810x565.jpg\" alt=\"\" class=\"wp-image-17681\" srcset=\"https:\/\/www.enzo-und-ferdinand.de\/wp-content\/uploads\/2024\/07\/S24_2362_fine-810x565.jpg 810w, https:\/\/www.enzo-und-ferdinand.de\/wp-content\/uploads\/2024\/07\/S24_2362_fine-300x209.jpg 300w, https:\/\/www.enzo-und-ferdinand.de\/wp-content\/uploads\/2024\/07\/S24_2362_fine-768x536.jpg 768w, https:\/\/www.enzo-und-ferdinand.de\/wp-content\/uploads\/2024\/07\/S24_2362_fine.jpg 1500w\" sizes=\"auto, (max-width: 810px) 100vw, 810px\" \/><\/figure>\n<\/figure>\n\n\n\n<p class=\"has-text-align-right has-small-font-size wp-block-paragraph\">Fotos: Porsche\/Text: Rainer Ro\u00dfbach<\/p>\n","protected":false},"excerpt":{"rendered":"<p>Joseph \u201eJo\u201c Siffert genie\u00dft in der Motorsport-Szene selbst 50 Jahre nach seinem Tod Kultstatus. Der Schweizer, geboren in Fribourg, war ein talentierter und charismatischer Rennfahrer. Insgesamt 298 Rennen hat er in elf Jahren bestritten und wie es zu der Zeit \u00fcblich war nahm er manchmal am selben Wochenende an mehreren Wettbewerben teil. Durch den Sieg bei Zeltweg 1969 hat der Schweizer Rennfahrer die Erfolgsgeschichte des 917 eingel\u00e4utet.<\/p>\n","protected":false},"author":1,"featured_media":17688,"comment_status":"closed","ping_status":"closed","sticky":false,"template":"","format":"standard","meta":{"_crdt_document":"","ngg_post_thumbnail":0,"footnotes":""},"categories":[23,24],"tags":[201],"class_list":["post-17689","post","type-post","status-publish","format-standard","has-post-thumbnail","hentry","category-performance","category-unikate","tag-porsche"],"yoast_head":"<!-- This site is optimized with the Yoast SEO plugin v27.5 - https:\/\/yoast.com\/product\/yoast-seo-wordpress\/ -->\n<title>Porsche 911 GT3 RS \u201eTribute to Jo Siffert\u201c<\/title>\n<meta name=\"description\" content=\"Porsche 911 GT3 RS Tribute to Jo Siffert Joseph Siffert Zeltweg 1969 Porsche 917 Sportwagen-Weltmeisterschaft Kurt Ahrens Hans Herrmann Richard Attwood Le Mans Helmut Marko Gijs van Lennep 917\/10 917\/30 George Follmer Mark Donohue CanAm Bosch Shell 917KH INK Lancia 037 Digital recreation CGI Computer Generated Imagery Zweiradantrieb Audi Quattro S1 E2 Rallye Monte Carlo Gruppe B Tour de Corse 1986 Henri Toivonen Sergio Cresto Kohlefaser Rainer Ro\u00dfbach Rainer Rossbach enzo-und-ferdinand enzo&amp;ferdinand\" \/>\n<meta name=\"robots\" content=\"index, follow, max-snippet:-1, max-image-preview:large, max-video-preview:-1\" \/>\n<link rel=\"canonical\" href=\"https:\/\/www.enzo-und-ferdinand.de\/index.php\/2024\/08\/01\/porsche-911-gt3-rs-tribute-to-jo-siffert\/\" \/>\n<meta property=\"og:locale\" content=\"de_DE\" \/>\n<meta property=\"og:type\" content=\"article\" \/>\n<meta property=\"og:title\" content=\"Porsche 911 GT3 RS \u201eTribute to Jo Siffert\u201c\" \/>\n<meta property=\"og:description\" content=\"Porsche 911 GT3 RS Tribute to Jo Siffert Joseph Siffert Zeltweg 1969 Porsche 917 Sportwagen-Weltmeisterschaft Kurt Ahrens Hans Herrmann Richard Attwood Le Mans Helmut Marko Gijs van Lennep 917\/10 917\/30 George Follmer Mark Donohue CanAm Bosch Shell 917KH INK Lancia 037 Digital recreation CGI Computer Generated Imagery Zweiradantrieb Audi Quattro S1 E2 Rallye Monte Carlo Gruppe B Tour de Corse 1986 Henri Toivonen Sergio Cresto Kohlefaser Rainer Ro\u00dfbach Rainer Rossbach enzo-und-ferdinand enzo&amp;ferdinand\" \/>\n<meta property=\"og:url\" content=\"https:\/\/www.enzo-und-ferdinand.de\/index.php\/2024\/08\/01\/porsche-911-gt3-rs-tribute-to-jo-siffert\/\" \/>\n<meta property=\"og:site_name\" content=\"enzo &amp; Ferdinand\" \/>\n<meta property=\"article:published_time\" content=\"2024-08-01T05:05:18+00:00\" \/>\n<meta property=\"article:modified_time\" content=\"2024-11-01T09:03:49+00:00\" \/>\n<meta property=\"og:image\" content=\"https:\/\/www.enzo-und-ferdinand.de\/wp-content\/uploads\/2024\/07\/S24_2370_fine.jpg\" \/>\n\t<meta property=\"og:image:width\" content=\"1500\" \/>\n\t<meta property=\"og:image:height\" content=\"1065\" \/>\n\t<meta property=\"og:image:type\" content=\"image\/jpeg\" \/>\n<meta name=\"author\" content=\"Rainer Ro\u00dfbach\" \/>\n<meta name=\"twitter:card\" content=\"summary_large_image\" \/>\n<meta name=\"twitter:label1\" content=\"Verfasst von\" \/>\n\t<meta name=\"twitter:data1\" content=\"Rainer Ro\u00dfbach\" \/>\n\t<meta name=\"twitter:label2\" content=\"Gesch\u00e4tzte Lesezeit\" \/>\n\t<meta name=\"twitter:data2\" content=\"2\u00a0Minuten\" \/>\n<script type=\"application\/ld+json\" class=\"yoast-schema-graph\">{\"@context\":\"https:\\\/\\\/schema.org\",\"@graph\":[{\"@type\":\"Article\",\"@id\":\"https:\\\/\\\/www.enzo-und-ferdinand.de\\\/index.php\\\/2024\\\/08\\\/01\\\/porsche-911-gt3-rs-tribute-to-jo-siffert\\\/#article\",\"isPartOf\":{\"@id\":\"https:\\\/\\\/www.enzo-und-ferdinand.de\\\/index.php\\\/2024\\\/08\\\/01\\\/porsche-911-gt3-rs-tribute-to-jo-siffert\\\/\"},\"author\":{\"name\":\"Rainer Ro\u00dfbach\",\"@id\":\"https:\\\/\\\/www.enzo-und-ferdinand.de\\\/#\\\/schema\\\/person\\\/aff2eb9ff87705987c1b9d21fe10b095\"},\"headline\":\"Porsche 911 GT3 RS \u201eTribute to Jo Siffert\u201c\",\"datePublished\":\"2024-08-01T05:05:18+00:00\",\"dateModified\":\"2024-11-01T09:03:49+00:00\",\"mainEntityOfPage\":{\"@id\":\"https:\\\/\\\/www.enzo-und-ferdinand.de\\\/index.php\\\/2024\\\/08\\\/01\\\/porsche-911-gt3-rs-tribute-to-jo-siffert\\\/\"},\"wordCount\":436,\"publisher\":{\"@id\":\"https:\\\/\\\/www.enzo-und-ferdinand.de\\\/#organization\"},\"image\":{\"@id\":\"https:\\\/\\\/www.enzo-und-ferdinand.de\\\/index.php\\\/2024\\\/08\\\/01\\\/porsche-911-gt3-rs-tribute-to-jo-siffert\\\/#primaryimage\"},\"thumbnailUrl\":\"https:\\\/\\\/www.enzo-und-ferdinand.de\\\/wp-content\\\/uploads\\\/2024\\\/07\\\/S24_2370_fine.jpg\",\"keywords\":[\"Porsche\"],\"articleSection\":[\"Performance\",\"Unikate\"],\"inLanguage\":\"de\"},{\"@type\":\"WebPage\",\"@id\":\"https:\\\/\\\/www.enzo-und-ferdinand.de\\\/index.php\\\/2024\\\/08\\\/01\\\/porsche-911-gt3-rs-tribute-to-jo-siffert\\\/\",\"url\":\"https:\\\/\\\/www.enzo-und-ferdinand.de\\\/index.php\\\/2024\\\/08\\\/01\\\/porsche-911-gt3-rs-tribute-to-jo-siffert\\\/\",\"name\":\"Porsche 911 GT3 RS \u201eTribute to Jo Siffert\u201c\",\"isPartOf\":{\"@id\":\"https:\\\/\\\/www.enzo-und-ferdinand.de\\\/#website\"},\"primaryImageOfPage\":{\"@id\":\"https:\\\/\\\/www.enzo-und-ferdinand.de\\\/index.php\\\/2024\\\/08\\\/01\\\/porsche-911-gt3-rs-tribute-to-jo-siffert\\\/#primaryimage\"},\"image\":{\"@id\":\"https:\\\/\\\/www.enzo-und-ferdinand.de\\\/index.php\\\/2024\\\/08\\\/01\\\/porsche-911-gt3-rs-tribute-to-jo-siffert\\\/#primaryimage\"},\"thumbnailUrl\":\"https:\\\/\\\/www.enzo-und-ferdinand.de\\\/wp-content\\\/uploads\\\/2024\\\/07\\\/S24_2370_fine.jpg\",\"datePublished\":\"2024-08-01T05:05:18+00:00\",\"dateModified\":\"2024-11-01T09:03:49+00:00\",\"description\":\"Porsche 911 GT3 RS Tribute to Jo Siffert Joseph Siffert Zeltweg 1969 Porsche 917 Sportwagen-Weltmeisterschaft Kurt Ahrens Hans Herrmann Richard Attwood Le Mans Helmut Marko Gijs van Lennep 917\\\/10 917\\\/30 George Follmer Mark Donohue CanAm Bosch Shell 917KH INK Lancia 037 Digital recreation CGI Computer Generated Imagery Zweiradantrieb Audi Quattro S1 E2 Rallye Monte Carlo Gruppe B Tour de Corse 1986 Henri Toivonen Sergio Cresto Kohlefaser Rainer Ro\u00dfbach Rainer Rossbach enzo-und-ferdinand enzo&ferdinand\",\"breadcrumb\":{\"@id\":\"https:\\\/\\\/www.enzo-und-ferdinand.de\\\/index.php\\\/2024\\\/08\\\/01\\\/porsche-911-gt3-rs-tribute-to-jo-siffert\\\/#breadcrumb\"},\"inLanguage\":\"de\",\"potentialAction\":[{\"@type\":\"ReadAction\",\"target\":[\"https:\\\/\\\/www.enzo-und-ferdinand.de\\\/index.php\\\/2024\\\/08\\\/01\\\/porsche-911-gt3-rs-tribute-to-jo-siffert\\\/\"]}]},{\"@type\":\"ImageObject\",\"inLanguage\":\"de\",\"@id\":\"https:\\\/\\\/www.enzo-und-ferdinand.de\\\/index.php\\\/2024\\\/08\\\/01\\\/porsche-911-gt3-rs-tribute-to-jo-siffert\\\/#primaryimage\",\"url\":\"https:\\\/\\\/www.enzo-und-ferdinand.de\\\/wp-content\\\/uploads\\\/2024\\\/07\\\/S24_2370_fine.jpg\",\"contentUrl\":\"https:\\\/\\\/www.enzo-und-ferdinand.de\\\/wp-content\\\/uploads\\\/2024\\\/07\\\/S24_2370_fine.jpg\",\"width\":1500,\"height\":1065,\"caption\":\"Porsche 911 GT3 RS \u201eTribute to Jo Siffert\u201c\"},{\"@type\":\"BreadcrumbList\",\"@id\":\"https:\\\/\\\/www.enzo-und-ferdinand.de\\\/index.php\\\/2024\\\/08\\\/01\\\/porsche-911-gt3-rs-tribute-to-jo-siffert\\\/#breadcrumb\",\"itemListElement\":[{\"@type\":\"ListItem\",\"position\":1,\"name\":\"Startseite\",\"item\":\"https:\\\/\\\/www.enzo-und-ferdinand.de\\\/\"},{\"@type\":\"ListItem\",\"position\":2,\"name\":\"Porsche 911 GT3 RS \u201eTribute to Jo Siffert\u201c\"}]},{\"@type\":\"WebSite\",\"@id\":\"https:\\\/\\\/www.enzo-und-ferdinand.de\\\/#website\",\"url\":\"https:\\\/\\\/www.enzo-und-ferdinand.de\\\/\",\"name\":\"enzo & Ferdinand\",\"description\":\"\",\"publisher\":{\"@id\":\"https:\\\/\\\/www.enzo-und-ferdinand.de\\\/#organization\"},\"potentialAction\":[{\"@type\":\"SearchAction\",\"target\":{\"@type\":\"EntryPoint\",\"urlTemplate\":\"https:\\\/\\\/www.enzo-und-ferdinand.de\\\/?s={search_term_string}\"},\"query-input\":{\"@type\":\"PropertyValueSpecification\",\"valueRequired\":true,\"valueName\":\"search_term_string\"}}],\"inLanguage\":\"de\"},{\"@type\":\"Organization\",\"@id\":\"https:\\\/\\\/www.enzo-und-ferdinand.de\\\/#organization\",\"name\":\"enzo & Ferdinand\",\"url\":\"https:\\\/\\\/www.enzo-und-ferdinand.de\\\/\",\"logo\":{\"@type\":\"ImageObject\",\"inLanguage\":\"de\",\"@id\":\"https:\\\/\\\/www.enzo-und-ferdinand.de\\\/#\\\/schema\\\/logo\\\/image\\\/\",\"url\":\"https:\\\/\\\/www.enzo-und-ferdinand.de\\\/wp-content\\\/uploads\\\/2018\\\/12\\\/revvvs-icon.png\",\"contentUrl\":\"https:\\\/\\\/www.enzo-und-ferdinand.de\\\/wp-content\\\/uploads\\\/2018\\\/12\\\/revvvs-icon.png\",\"width\":512,\"height\":512,\"caption\":\"enzo & Ferdinand\"},\"image\":{\"@id\":\"https:\\\/\\\/www.enzo-und-ferdinand.de\\\/#\\\/schema\\\/logo\\\/image\\\/\"}},{\"@type\":\"Person\",\"@id\":\"https:\\\/\\\/www.enzo-und-ferdinand.de\\\/#\\\/schema\\\/person\\\/aff2eb9ff87705987c1b9d21fe10b095\",\"name\":\"Rainer Ro\u00dfbach\",\"image\":{\"@type\":\"ImageObject\",\"inLanguage\":\"de\",\"@id\":\"https:\\\/\\\/www.enzo-und-ferdinand.de\\\/wp-content\\\/uploads\\\/2026\\\/01\\\/Rainer-Rossbach-150x150.jpg\",\"url\":\"https:\\\/\\\/www.enzo-und-ferdinand.de\\\/wp-content\\\/uploads\\\/2026\\\/01\\\/Rainer-Rossbach-150x150.jpg\",\"contentUrl\":\"https:\\\/\\\/www.enzo-und-ferdinand.de\\\/wp-content\\\/uploads\\\/2026\\\/01\\\/Rainer-Rossbach-150x150.jpg\",\"caption\":\"Rainer Ro\u00dfbach\"},\"url\":\"https:\\\/\\\/www.enzo-und-ferdinand.de\\\/index.php\\\/author\\\/redaktion\\\/\"}]}<\/script>\n<!-- \/ Yoast SEO plugin. -->","yoast_head_json":{"title":"Porsche 911 GT3 RS \u201eTribute to Jo Siffert\u201c","description":"Porsche 911 GT3 RS Tribute to Jo Siffert Joseph Siffert Zeltweg 1969 Porsche 917 Sportwagen-Weltmeisterschaft Kurt Ahrens Hans Herrmann Richard Attwood Le Mans Helmut Marko Gijs van Lennep 917\/10 917\/30 George Follmer Mark Donohue CanAm Bosch Shell 917KH INK Lancia 037 Digital recreation CGI Computer Generated Imagery Zweiradantrieb Audi Quattro S1 E2 Rallye Monte Carlo Gruppe B Tour de Corse 1986 Henri Toivonen Sergio Cresto Kohlefaser Rainer Ro\u00dfbach Rainer Rossbach enzo-und-ferdinand enzo&ferdinand","robots":{"index":"index","follow":"follow","max-snippet":"max-snippet:-1","max-image-preview":"max-image-preview:large","max-video-preview":"max-video-preview:-1"},"canonical":"https:\/\/www.enzo-und-ferdinand.de\/index.php\/2024\/08\/01\/porsche-911-gt3-rs-tribute-to-jo-siffert\/","og_locale":"de_DE","og_type":"article","og_title":"Porsche 911 GT3 RS \u201eTribute to Jo Siffert\u201c","og_description":"Porsche 911 GT3 RS Tribute to Jo Siffert Joseph Siffert Zeltweg 1969 Porsche 917 Sportwagen-Weltmeisterschaft Kurt Ahrens Hans Herrmann Richard Attwood Le Mans Helmut Marko Gijs van Lennep 917\/10 917\/30 George Follmer Mark Donohue CanAm Bosch Shell 917KH INK Lancia 037 Digital recreation CGI Computer Generated Imagery Zweiradantrieb Audi Quattro S1 E2 Rallye Monte Carlo Gruppe B Tour de Corse 1986 Henri Toivonen Sergio Cresto Kohlefaser Rainer Ro\u00dfbach Rainer Rossbach enzo-und-ferdinand enzo&ferdinand","og_url":"https:\/\/www.enzo-und-ferdinand.de\/index.php\/2024\/08\/01\/porsche-911-gt3-rs-tribute-to-jo-siffert\/","og_site_name":"enzo &amp; Ferdinand","article_published_time":"2024-08-01T05:05:18+00:00","article_modified_time":"2024-11-01T09:03:49+00:00","og_image":[{"width":1500,"height":1065,"url":"https:\/\/www.enzo-und-ferdinand.de\/wp-content\/uploads\/2024\/07\/S24_2370_fine.jpg","type":"image\/jpeg"}],"author":"Rainer Ro\u00dfbach","twitter_card":"summary_large_image","twitter_misc":{"Verfasst von":"Rainer Ro\u00dfbach","Gesch\u00e4tzte Lesezeit":"2\u00a0Minuten"},"schema":{"@context":"https:\/\/schema.org","@graph":[{"@type":"Article","@id":"https:\/\/www.enzo-und-ferdinand.de\/index.php\/2024\/08\/01\/porsche-911-gt3-rs-tribute-to-jo-siffert\/#article","isPartOf":{"@id":"https:\/\/www.enzo-und-ferdinand.de\/index.php\/2024\/08\/01\/porsche-911-gt3-rs-tribute-to-jo-siffert\/"},"author":{"name":"Rainer Ro\u00dfbach","@id":"https:\/\/www.enzo-und-ferdinand.de\/#\/schema\/person\/aff2eb9ff87705987c1b9d21fe10b095"},"headline":"Porsche 911 GT3 RS \u201eTribute to Jo Siffert\u201c","datePublished":"2024-08-01T05:05:18+00:00","dateModified":"2024-11-01T09:03:49+00:00","mainEntityOfPage":{"@id":"https:\/\/www.enzo-und-ferdinand.de\/index.php\/2024\/08\/01\/porsche-911-gt3-rs-tribute-to-jo-siffert\/"},"wordCount":436,"publisher":{"@id":"https:\/\/www.enzo-und-ferdinand.de\/#organization"},"image":{"@id":"https:\/\/www.enzo-und-ferdinand.de\/index.php\/2024\/08\/01\/porsche-911-gt3-rs-tribute-to-jo-siffert\/#primaryimage"},"thumbnailUrl":"https:\/\/www.enzo-und-ferdinand.de\/wp-content\/uploads\/2024\/07\/S24_2370_fine.jpg","keywords":["Porsche"],"articleSection":["Performance","Unikate"],"inLanguage":"de"},{"@type":"WebPage","@id":"https:\/\/www.enzo-und-ferdinand.de\/index.php\/2024\/08\/01\/porsche-911-gt3-rs-tribute-to-jo-siffert\/","url":"https:\/\/www.enzo-und-ferdinand.de\/index.php\/2024\/08\/01\/porsche-911-gt3-rs-tribute-to-jo-siffert\/","name":"Porsche 911 GT3 RS \u201eTribute to Jo Siffert\u201c","isPartOf":{"@id":"https:\/\/www.enzo-und-ferdinand.de\/#website"},"primaryImageOfPage":{"@id":"https:\/\/www.enzo-und-ferdinand.de\/index.php\/2024\/08\/01\/porsche-911-gt3-rs-tribute-to-jo-siffert\/#primaryimage"},"image":{"@id":"https:\/\/www.enzo-und-ferdinand.de\/index.php\/2024\/08\/01\/porsche-911-gt3-rs-tribute-to-jo-siffert\/#primaryimage"},"thumbnailUrl":"https:\/\/www.enzo-und-ferdinand.de\/wp-content\/uploads\/2024\/07\/S24_2370_fine.jpg","datePublished":"2024-08-01T05:05:18+00:00","dateModified":"2024-11-01T09:03:49+00:00","description":"Porsche 911 GT3 RS Tribute to Jo Siffert Joseph Siffert Zeltweg 1969 Porsche 917 Sportwagen-Weltmeisterschaft Kurt Ahrens Hans Herrmann Richard Attwood Le Mans Helmut Marko Gijs van Lennep 917\/10 917\/30 George Follmer Mark Donohue CanAm Bosch Shell 917KH INK Lancia 037 Digital recreation CGI Computer Generated Imagery Zweiradantrieb Audi Quattro S1 E2 Rallye Monte Carlo Gruppe B Tour de Corse 1986 Henri Toivonen Sergio Cresto Kohlefaser Rainer Ro\u00dfbach Rainer Rossbach enzo-und-ferdinand enzo&ferdinand","breadcrumb":{"@id":"https:\/\/www.enzo-und-ferdinand.de\/index.php\/2024\/08\/01\/porsche-911-gt3-rs-tribute-to-jo-siffert\/#breadcrumb"},"inLanguage":"de","potentialAction":[{"@type":"ReadAction","target":["https:\/\/www.enzo-und-ferdinand.de\/index.php\/2024\/08\/01\/porsche-911-gt3-rs-tribute-to-jo-siffert\/"]}]},{"@type":"ImageObject","inLanguage":"de","@id":"https:\/\/www.enzo-und-ferdinand.de\/index.php\/2024\/08\/01\/porsche-911-gt3-rs-tribute-to-jo-siffert\/#primaryimage","url":"https:\/\/www.enzo-und-ferdinand.de\/wp-content\/uploads\/2024\/07\/S24_2370_fine.jpg","contentUrl":"https:\/\/www.enzo-und-ferdinand.de\/wp-content\/uploads\/2024\/07\/S24_2370_fine.jpg","width":1500,"height":1065,"caption":"Porsche 911 GT3 RS \u201eTribute to Jo Siffert\u201c"},{"@type":"BreadcrumbList","@id":"https:\/\/www.enzo-und-ferdinand.de\/index.php\/2024\/08\/01\/porsche-911-gt3-rs-tribute-to-jo-siffert\/#breadcrumb","itemListElement":[{"@type":"ListItem","position":1,"name":"Startseite","item":"https:\/\/www.enzo-und-ferdinand.de\/"},{"@type":"ListItem","position":2,"name":"Porsche 911 GT3 RS \u201eTribute to Jo Siffert\u201c"}]},{"@type":"WebSite","@id":"https:\/\/www.enzo-und-ferdinand.de\/#website","url":"https:\/\/www.enzo-und-ferdinand.de\/","name":"enzo & Ferdinand","description":"","publisher":{"@id":"https:\/\/www.enzo-und-ferdinand.de\/#organization"},"potentialAction":[{"@type":"SearchAction","target":{"@type":"EntryPoint","urlTemplate":"https:\/\/www.enzo-und-ferdinand.de\/?s={search_term_string}"},"query-input":{"@type":"PropertyValueSpecification","valueRequired":true,"valueName":"search_term_string"}}],"inLanguage":"de"},{"@type":"Organization","@id":"https:\/\/www.enzo-und-ferdinand.de\/#organization","name":"enzo & Ferdinand","url":"https:\/\/www.enzo-und-ferdinand.de\/","logo":{"@type":"ImageObject","inLanguage":"de","@id":"https:\/\/www.enzo-und-ferdinand.de\/#\/schema\/logo\/image\/","url":"https:\/\/www.enzo-und-ferdinand.de\/wp-content\/uploads\/2018\/12\/revvvs-icon.png","contentUrl":"https:\/\/www.enzo-und-ferdinand.de\/wp-content\/uploads\/2018\/12\/revvvs-icon.png","width":512,"height":512,"caption":"enzo & Ferdinand"},"image":{"@id":"https:\/\/www.enzo-und-ferdinand.de\/#\/schema\/logo\/image\/"}},{"@type":"Person","@id":"https:\/\/www.enzo-und-ferdinand.de\/#\/schema\/person\/aff2eb9ff87705987c1b9d21fe10b095","name":"Rainer Ro\u00dfbach","image":{"@type":"ImageObject","inLanguage":"de","@id":"https:\/\/www.enzo-und-ferdinand.de\/wp-content\/uploads\/2026\/01\/Rainer-Rossbach-150x150.jpg","url":"https:\/\/www.enzo-und-ferdinand.de\/wp-content\/uploads\/2026\/01\/Rainer-Rossbach-150x150.jpg","contentUrl":"https:\/\/www.enzo-und-ferdinand.de\/wp-content\/uploads\/2026\/01\/Rainer-Rossbach-150x150.jpg","caption":"Rainer Ro\u00dfbach"},"url":"https:\/\/www.enzo-und-ferdinand.de\/index.php\/author\/redaktion\/"}]}},"_links":{"self":[{"href":"https:\/\/www.enzo-und-ferdinand.de\/index.php\/wp-json\/wp\/v2\/posts\/17689","targetHints":{"allow":["GET"]}}],"collection":[{"href":"https:\/\/www.enzo-und-ferdinand.de\/index.php\/wp-json\/wp\/v2\/posts"}],"about":[{"href":"https:\/\/www.enzo-und-ferdinand.de\/index.php\/wp-json\/wp\/v2\/types\/post"}],"author":[{"embeddable":true,"href":"https:\/\/www.enzo-und-ferdinand.de\/index.php\/wp-json\/wp\/v2\/users\/1"}],"replies":[{"embeddable":true,"href":"https:\/\/www.enzo-und-ferdinand.de\/index.php\/wp-json\/wp\/v2\/comments?post=17689"}],"version-history":[{"count":3,"href":"https:\/\/www.enzo-und-ferdinand.de\/index.php\/wp-json\/wp\/v2\/posts\/17689\/revisions"}],"predecessor-version":[{"id":17692,"href":"https:\/\/www.enzo-und-ferdinand.de\/index.php\/wp-json\/wp\/v2\/posts\/17689\/revisions\/17692"}],"wp:featuredmedia":[{"embeddable":true,"href":"https:\/\/www.enzo-und-ferdinand.de\/index.php\/wp-json\/wp\/v2\/media\/17688"}],"wp:attachment":[{"href":"https:\/\/www.enzo-und-ferdinand.de\/index.php\/wp-json\/wp\/v2\/media?parent=17689"}],"wp:term":[{"taxonomy":"category","embeddable":true,"href":"https:\/\/www.enzo-und-ferdinand.de\/index.php\/wp-json\/wp\/v2\/categories?post=17689"},{"taxonomy":"post_tag","embeddable":true,"href":"https:\/\/www.enzo-und-ferdinand.de\/index.php\/wp-json\/wp\/v2\/tags?post=17689"}],"curies":[{"name":"wp","href":"https:\/\/api.w.org\/{rel}","templated":true}]}}