{"id":17755,"date":"2024-08-15T08:51:30","date_gmt":"2024-08-15T06:51:30","guid":{"rendered":"https:\/\/www.enzo-und-ferdinand.de\/?p=17755"},"modified":"2024-11-01T09:54:23","modified_gmt":"2024-11-01T08:54:23","slug":"kindred-motorworks-ev-bronco","status":"publish","type":"post","link":"https:\/\/www.enzo-und-ferdinand.de\/index.php\/2024\/08\/15\/kindred-motorworks-ev-bronco\/","title":{"rendered":"Kindred Motorworks EV Bronco"},"content":{"rendered":"\n<figure class=\"wp-block-image size-large is-resized\"><img loading=\"lazy\" decoding=\"async\" width=\"810\" height=\"608\" src=\"https:\/\/www.enzo-und-ferdinand.de\/wp-content\/uploads\/2024\/08\/KindredEVBronco-FrontMareIsland-810x608.jpg\" alt=\"\" class=\"wp-image-17751\" style=\"width:880px;height:auto\" srcset=\"https:\/\/www.enzo-und-ferdinand.de\/wp-content\/uploads\/2024\/08\/KindredEVBronco-FrontMareIsland-810x608.jpg 810w, https:\/\/www.enzo-und-ferdinand.de\/wp-content\/uploads\/2024\/08\/KindredEVBronco-FrontMareIsland-300x225.jpg 300w, https:\/\/www.enzo-und-ferdinand.de\/wp-content\/uploads\/2024\/08\/KindredEVBronco-FrontMareIsland-768x576.jpg 768w, https:\/\/www.enzo-und-ferdinand.de\/wp-content\/uploads\/2024\/08\/KindredEVBronco-FrontMareIsland.jpg 1500w\" sizes=\"auto, (max-width: 810px) 100vw, 810px\" \/><\/figure>\n\n\n\n<p class=\"wp-block-paragraph\">Die Monterey Car Week bietet auch kleinen Herstellern die gro\u00dfe B\u00fchne. Kindred Motorworks nutzt die Gelegenheit, um ihrem elektrischen Bronco Aufmerksamkeit zu verschaffen. Bei dem elektrischen Gel\u00e4ndeg\u00e4nger im ikonischen Kleid wird der 5,0-Liter-V8 des konventionellen Ford-Modells gegen einen Zweimotoren-Allradantrieb mit einer 80-kWh-Batterie getauscht, welche Gleichstrom-Schnellladung unterst\u00fctzt. Die gesch\u00e4tzte Systemleistung liegt bei 402 PS und das Drehmoment bei 667 Nm. Der elektrische Bronco verf\u00fcgt \u00fcber eine Einzelradaufh\u00e4ngung vorne und eine Mehrlenker-Schraubenfederung hinten. Der Rahmen ist verst\u00e4rkt und pulverbeschichtet. Sperrdifferentiale vorne und hinten geh\u00f6ren ebenso zur Serienausstattung wie eine Zahnstangenlenkung mit elektrischer Servounterst\u00fctzung, Vierrad-Scheibenbremsen mit Bremskraftr\u00fcckgewinnung, eine automatische elektrische Feststellbremse und ein \u00dcberrollk\u00e4fig.<\/p>\n\n\n\n<p class=\"wp-block-paragraph\">Ein Bikinidach ist Serienausstattung, optional kann ein Hardtop mit verschlie\u00dfbarer Heckklappe gew\u00e4hlt werden. Die T\u00fcren sind abnehmbar und die Heckklappe verf\u00fcgt \u00fcber eine Soft-Opening-Funktion. Im Innenraum gibt es eine LCD-Anzeige, die von den Instrumenten des Original-Broncos inspiriert ist. Die beheizbaren Vordersitze und die hinteren Schalensitze sind mit Leder \u00fcberzogen. Alle Sitzpositionen sind mit versenkbaren Dreipunkt-Sicherheitsgurten ausgestattet. Der Einstieg erfolgt durch automatisch einklappbare Stufen mit LED-Beleuchtung.<\/p>\n\n\n\n<figure class=\"wp-block-image size-large is-resized\"><img loading=\"lazy\" decoding=\"async\" width=\"810\" height=\"608\" src=\"https:\/\/www.enzo-und-ferdinand.de\/wp-content\/uploads\/2024\/08\/KindredEVBronco-RearOutdoor-810x608.jpg\" alt=\"\" class=\"wp-image-17754\" style=\"width:880px;height:auto\" srcset=\"https:\/\/www.enzo-und-ferdinand.de\/wp-content\/uploads\/2024\/08\/KindredEVBronco-RearOutdoor-810x608.jpg 810w, https:\/\/www.enzo-und-ferdinand.de\/wp-content\/uploads\/2024\/08\/KindredEVBronco-RearOutdoor-300x225.jpg 300w, https:\/\/www.enzo-und-ferdinand.de\/wp-content\/uploads\/2024\/08\/KindredEVBronco-RearOutdoor-768x576.jpg 768w, https:\/\/www.enzo-und-ferdinand.de\/wp-content\/uploads\/2024\/08\/KindredEVBronco-RearOutdoor.jpg 1500w\" sizes=\"auto, (max-width: 810px) 100vw, 810px\" \/><\/figure>\n\n\n\n<p class=\"wp-block-paragraph\">Eine massive Schalld\u00e4mmung sorgt daf\u00fcr, dass das Premium-Audiosystem mit Subwoofer gut klingt, zudem gibt es eine serienm\u00e4\u00dfige kabellose Magsafe-Ladestation f\u00fcr das Smartphone. Ein schl\u00fcsselloser Zugang, elektrische Fensterheber und Schl\u00f6sser, Heizung, Entfrostung und Klimaanlage, zwei Getr\u00e4nkehalter und herausnehmbare Teppiche erg\u00e4nzen die Ausstattung. Hinter den Sitzen befindet sich ein Holzboden mit einem modularen Ladungssicherungssystem.<\/p>\n\n\n\n<p class=\"wp-block-paragraph\">Der Kindred Bronco ist in den USA in 11 Farben erh\u00e4ltlich, je nach Wahl der Grundfarbe entweder mit hellen cremefarbenen oder schwarzen Akzenten. Alle Innenb\u00f6den und die Innenseite der Radk\u00e4sten sind mit einer farblich abgestimmten Textur versehen.<\/p>\n\n\n\n<figure class=\"wp-block-gallery has-nested-images columns-2 is-cropped wp-block-gallery-1 is-layout-flex wp-block-gallery-is-layout-flex\">\n<figure class=\"wp-block-image size-large\"><img loading=\"lazy\" decoding=\"async\" width=\"810\" height=\"540\" data-id=\"17750\" src=\"https:\/\/www.enzo-und-ferdinand.de\/wp-content\/uploads\/2024\/08\/BRONCO_EV_InteriorDriver-810x540.jpg\" alt=\"\" class=\"wp-image-17750\" srcset=\"https:\/\/www.enzo-und-ferdinand.de\/wp-content\/uploads\/2024\/08\/BRONCO_EV_InteriorDriver-810x540.jpg 810w, https:\/\/www.enzo-und-ferdinand.de\/wp-content\/uploads\/2024\/08\/BRONCO_EV_InteriorDriver-300x200.jpg 300w, https:\/\/www.enzo-und-ferdinand.de\/wp-content\/uploads\/2024\/08\/BRONCO_EV_InteriorDriver-768x512.jpg 768w, https:\/\/www.enzo-und-ferdinand.de\/wp-content\/uploads\/2024\/08\/BRONCO_EV_InteriorDriver-120x80.jpg 120w, https:\/\/www.enzo-und-ferdinand.de\/wp-content\/uploads\/2024\/08\/BRONCO_EV_InteriorDriver.jpg 1500w\" sizes=\"auto, (max-width: 810px) 100vw, 810px\" \/><\/figure>\n\n\n\n<figure class=\"wp-block-image size-large\"><img loading=\"lazy\" decoding=\"async\" width=\"810\" height=\"529\" data-id=\"17749\" src=\"https:\/\/www.enzo-und-ferdinand.de\/wp-content\/uploads\/2024\/08\/BRONCO_EV_Engine-810x529.jpg\" alt=\"\" class=\"wp-image-17749\" srcset=\"https:\/\/www.enzo-und-ferdinand.de\/wp-content\/uploads\/2024\/08\/BRONCO_EV_Engine-810x529.jpg 810w, https:\/\/www.enzo-und-ferdinand.de\/wp-content\/uploads\/2024\/08\/BRONCO_EV_Engine-300x196.jpg 300w, https:\/\/www.enzo-und-ferdinand.de\/wp-content\/uploads\/2024\/08\/BRONCO_EV_Engine-768x501.jpg 768w, https:\/\/www.enzo-und-ferdinand.de\/wp-content\/uploads\/2024\/08\/BRONCO_EV_Engine.jpg 1500w\" sizes=\"auto, (max-width: 810px) 100vw, 810px\" \/><\/figure>\n\n\n\n<figure class=\"wp-block-image size-large\"><img loading=\"lazy\" decoding=\"async\" width=\"810\" height=\"540\" data-id=\"17748\" src=\"https:\/\/www.enzo-und-ferdinand.de\/wp-content\/uploads\/2024\/08\/BRONCO_EV_Dashboard-810x540.jpg\" alt=\"\" class=\"wp-image-17748\" srcset=\"https:\/\/www.enzo-und-ferdinand.de\/wp-content\/uploads\/2024\/08\/BRONCO_EV_Dashboard-810x540.jpg 810w, https:\/\/www.enzo-und-ferdinand.de\/wp-content\/uploads\/2024\/08\/BRONCO_EV_Dashboard-300x200.jpg 300w, https:\/\/www.enzo-und-ferdinand.de\/wp-content\/uploads\/2024\/08\/BRONCO_EV_Dashboard-768x512.jpg 768w, https:\/\/www.enzo-und-ferdinand.de\/wp-content\/uploads\/2024\/08\/BRONCO_EV_Dashboard-120x80.jpg 120w, https:\/\/www.enzo-und-ferdinand.de\/wp-content\/uploads\/2024\/08\/BRONCO_EV_Dashboard.jpg 1500w\" sizes=\"auto, (max-width: 810px) 100vw, 810px\" \/><\/figure>\n<\/figure>\n\n\n\n<p class=\"has-text-align-right has-small-font-size wp-block-paragraph\">Fotos; Kindred Motorworks\/Text: Rainer Rossbach<\/p>\n","protected":false},"excerpt":{"rendered":"<p>Die Monterey Car Week bietet auch kleinen Herstellern die gro\u00dfe B\u00fchne. Kindred Motorworks nutzt die Gelegenheit, um ihrem elektrischen Bronco Aufmerksamkeit zu verschaffen. Bei dem elektrischen Gel\u00e4ndeg\u00e4nger im ikonischen Kleid wird der 5,0-Liter-V8 des konventionellen Ford-Modells gegen einen Zweimotoren-Allradantrieb mit einer 80-kWh-Batterie getauscht, welche Gleichstrom-Schnellladung unterst\u00fctzt. Die gesch\u00e4tzte Systemleistung liegt bei 402 PS und das Drehmoment bei 667 Nm. Der elektrische Bronco verf\u00fcgt \u00fcber eine Einzelradaufh\u00e4ngung vorne und eine Mehrlenker-Schraubenfederung hinten.<\/p>\n","protected":false},"author":1,"featured_media":17752,"comment_status":"closed","ping_status":"closed","sticky":false,"template":"","format":"standard","meta":{"_crdt_document":"","ngg_post_thumbnail":0,"footnotes":""},"categories":[282,681,704],"tags":[701],"class_list":["post-17755","post","type-post","status-publish","format-standard","has-post-thumbnail","hentry","category-americana","category-elektro","category-offroad","tag-offroad"],"yoast_head":"<!-- This site is optimized with the Yoast SEO plugin v27.5 - https:\/\/yoast.com\/product\/yoast-seo-wordpress\/ -->\n<title>Kindred Motorworks EV Bronco<\/title>\n<meta name=\"description\" content=\"Zweimotoren-Allradantrieb Kindred Motorworks EV Bronco Monterey Car Week 80-kWh-Batterie Einzelradaufh\u00e4ngung Mehrlenker-Schraubenfederung Sperrdifferentiale Zahnstangenlenkung Servounterst\u00fctzung Vierrad-Scheibenbremsen \u00dcberrollk\u00e4fig Bikinidach Hardtop Porsche 911 Turbo \u201e50 Jahre\u201c limitierte Auflage Typ 930 917\/10 917\/30 Can-Am Interserie 911 Turbo S IAA 1973 Porsche 911 RSR Turbo Schottenkaro Boxermotor VTG-Biturbo-Aufladung Doppelkupplungsgetriebe PDK aktiver Allradantrieb Hinterachs-Quersperre Sportfahrwerk Rainer Ro\u00dfbach Rainer Rossbach enzo-und-ferdinand enzo&amp;ferdinand\" \/>\n<meta name=\"robots\" content=\"index, follow, max-snippet:-1, max-image-preview:large, max-video-preview:-1\" \/>\n<link rel=\"canonical\" href=\"https:\/\/www.enzo-und-ferdinand.de\/index.php\/2024\/08\/15\/kindred-motorworks-ev-bronco\/\" \/>\n<meta property=\"og:locale\" content=\"de_DE\" \/>\n<meta property=\"og:type\" content=\"article\" \/>\n<meta property=\"og:title\" content=\"Kindred Motorworks EV Bronco\" \/>\n<meta property=\"og:description\" content=\"Zweimotoren-Allradantrieb Kindred Motorworks EV Bronco Monterey Car Week 80-kWh-Batterie Einzelradaufh\u00e4ngung Mehrlenker-Schraubenfederung Sperrdifferentiale Zahnstangenlenkung Servounterst\u00fctzung Vierrad-Scheibenbremsen \u00dcberrollk\u00e4fig Bikinidach Hardtop Porsche 911 Turbo \u201e50 Jahre\u201c limitierte Auflage Typ 930 917\/10 917\/30 Can-Am Interserie 911 Turbo S IAA 1973 Porsche 911 RSR Turbo Schottenkaro Boxermotor VTG-Biturbo-Aufladung Doppelkupplungsgetriebe PDK aktiver Allradantrieb Hinterachs-Quersperre Sportfahrwerk Rainer Ro\u00dfbach Rainer Rossbach enzo-und-ferdinand enzo&amp;ferdinand\" \/>\n<meta property=\"og:url\" content=\"https:\/\/www.enzo-und-ferdinand.de\/index.php\/2024\/08\/15\/kindred-motorworks-ev-bronco\/\" \/>\n<meta property=\"og:site_name\" content=\"enzo &amp; Ferdinand\" \/>\n<meta property=\"article:published_time\" content=\"2024-08-15T06:51:30+00:00\" \/>\n<meta property=\"article:modified_time\" content=\"2024-11-01T08:54:23+00:00\" \/>\n<meta property=\"og:image\" content=\"https:\/\/www.enzo-und-ferdinand.de\/wp-content\/uploads\/2024\/08\/KindredEVBronco-HeroOutdoor.jpg\" \/>\n\t<meta property=\"og:image:width\" content=\"1500\" \/>\n\t<meta property=\"og:image:height\" content=\"1125\" \/>\n\t<meta property=\"og:image:type\" content=\"image\/jpeg\" \/>\n<meta name=\"author\" content=\"Rainer Ro\u00dfbach\" \/>\n<meta name=\"twitter:card\" content=\"summary_large_image\" \/>\n<meta name=\"twitter:label1\" content=\"Verfasst von\" \/>\n\t<meta name=\"twitter:data1\" content=\"Rainer Ro\u00dfbach\" \/>\n\t<meta name=\"twitter:label2\" content=\"Gesch\u00e4tzte Lesezeit\" \/>\n\t<meta name=\"twitter:data2\" content=\"1\u00a0Minute\" \/>\n<script type=\"application\/ld+json\" class=\"yoast-schema-graph\">{\"@context\":\"https:\\\/\\\/schema.org\",\"@graph\":[{\"@type\":\"Article\",\"@id\":\"https:\\\/\\\/www.enzo-und-ferdinand.de\\\/index.php\\\/2024\\\/08\\\/15\\\/kindred-motorworks-ev-bronco\\\/#article\",\"isPartOf\":{\"@id\":\"https:\\\/\\\/www.enzo-und-ferdinand.de\\\/index.php\\\/2024\\\/08\\\/15\\\/kindred-motorworks-ev-bronco\\\/\"},\"author\":{\"name\":\"Rainer Ro\u00dfbach\",\"@id\":\"https:\\\/\\\/www.enzo-und-ferdinand.de\\\/#\\\/schema\\\/person\\\/aff2eb9ff87705987c1b9d21fe10b095\"},\"headline\":\"Kindred Motorworks EV Bronco\",\"datePublished\":\"2024-08-15T06:51:30+00:00\",\"dateModified\":\"2024-11-01T08:54:23+00:00\",\"mainEntityOfPage\":{\"@id\":\"https:\\\/\\\/www.enzo-und-ferdinand.de\\\/index.php\\\/2024\\\/08\\\/15\\\/kindred-motorworks-ev-bronco\\\/\"},\"wordCount\":290,\"publisher\":{\"@id\":\"https:\\\/\\\/www.enzo-und-ferdinand.de\\\/#organization\"},\"image\":{\"@id\":\"https:\\\/\\\/www.enzo-und-ferdinand.de\\\/index.php\\\/2024\\\/08\\\/15\\\/kindred-motorworks-ev-bronco\\\/#primaryimage\"},\"thumbnailUrl\":\"https:\\\/\\\/www.enzo-und-ferdinand.de\\\/wp-content\\\/uploads\\\/2024\\\/08\\\/KindredEVBronco-HeroOutdoor.jpg\",\"keywords\":[\"Offroad\"],\"articleSection\":[\"Americana\",\"Elektro\",\"Offroad\"],\"inLanguage\":\"de\"},{\"@type\":\"WebPage\",\"@id\":\"https:\\\/\\\/www.enzo-und-ferdinand.de\\\/index.php\\\/2024\\\/08\\\/15\\\/kindred-motorworks-ev-bronco\\\/\",\"url\":\"https:\\\/\\\/www.enzo-und-ferdinand.de\\\/index.php\\\/2024\\\/08\\\/15\\\/kindred-motorworks-ev-bronco\\\/\",\"name\":\"Kindred Motorworks EV Bronco\",\"isPartOf\":{\"@id\":\"https:\\\/\\\/www.enzo-und-ferdinand.de\\\/#website\"},\"primaryImageOfPage\":{\"@id\":\"https:\\\/\\\/www.enzo-und-ferdinand.de\\\/index.php\\\/2024\\\/08\\\/15\\\/kindred-motorworks-ev-bronco\\\/#primaryimage\"},\"image\":{\"@id\":\"https:\\\/\\\/www.enzo-und-ferdinand.de\\\/index.php\\\/2024\\\/08\\\/15\\\/kindred-motorworks-ev-bronco\\\/#primaryimage\"},\"thumbnailUrl\":\"https:\\\/\\\/www.enzo-und-ferdinand.de\\\/wp-content\\\/uploads\\\/2024\\\/08\\\/KindredEVBronco-HeroOutdoor.jpg\",\"datePublished\":\"2024-08-15T06:51:30+00:00\",\"dateModified\":\"2024-11-01T08:54:23+00:00\",\"description\":\"Zweimotoren-Allradantrieb Kindred Motorworks EV Bronco Monterey Car Week 80-kWh-Batterie Einzelradaufh\u00e4ngung Mehrlenker-Schraubenfederung Sperrdifferentiale Zahnstangenlenkung Servounterst\u00fctzung Vierrad-Scheibenbremsen \u00dcberrollk\u00e4fig Bikinidach Hardtop Porsche 911 Turbo \u201e50 Jahre\u201c limitierte Auflage Typ 930 917\\\/10 917\\\/30 Can-Am Interserie 911 Turbo S IAA 1973 Porsche 911 RSR Turbo Schottenkaro Boxermotor VTG-Biturbo-Aufladung Doppelkupplungsgetriebe PDK aktiver Allradantrieb Hinterachs-Quersperre Sportfahrwerk Rainer Ro\u00dfbach Rainer Rossbach enzo-und-ferdinand enzo&ferdinand\",\"breadcrumb\":{\"@id\":\"https:\\\/\\\/www.enzo-und-ferdinand.de\\\/index.php\\\/2024\\\/08\\\/15\\\/kindred-motorworks-ev-bronco\\\/#breadcrumb\"},\"inLanguage\":\"de\",\"potentialAction\":[{\"@type\":\"ReadAction\",\"target\":[\"https:\\\/\\\/www.enzo-und-ferdinand.de\\\/index.php\\\/2024\\\/08\\\/15\\\/kindred-motorworks-ev-bronco\\\/\"]}]},{\"@type\":\"ImageObject\",\"inLanguage\":\"de\",\"@id\":\"https:\\\/\\\/www.enzo-und-ferdinand.de\\\/index.php\\\/2024\\\/08\\\/15\\\/kindred-motorworks-ev-bronco\\\/#primaryimage\",\"url\":\"https:\\\/\\\/www.enzo-und-ferdinand.de\\\/wp-content\\\/uploads\\\/2024\\\/08\\\/KindredEVBronco-HeroOutdoor.jpg\",\"contentUrl\":\"https:\\\/\\\/www.enzo-und-ferdinand.de\\\/wp-content\\\/uploads\\\/2024\\\/08\\\/KindredEVBronco-HeroOutdoor.jpg\",\"width\":1500,\"height\":1125,\"caption\":\"Kindred Motorworks EV Bronco\"},{\"@type\":\"BreadcrumbList\",\"@id\":\"https:\\\/\\\/www.enzo-und-ferdinand.de\\\/index.php\\\/2024\\\/08\\\/15\\\/kindred-motorworks-ev-bronco\\\/#breadcrumb\",\"itemListElement\":[{\"@type\":\"ListItem\",\"position\":1,\"name\":\"Startseite\",\"item\":\"https:\\\/\\\/www.enzo-und-ferdinand.de\\\/\"},{\"@type\":\"ListItem\",\"position\":2,\"name\":\"Kindred Motorworks EV Bronco\"}]},{\"@type\":\"WebSite\",\"@id\":\"https:\\\/\\\/www.enzo-und-ferdinand.de\\\/#website\",\"url\":\"https:\\\/\\\/www.enzo-und-ferdinand.de\\\/\",\"name\":\"enzo & Ferdinand\",\"description\":\"\",\"publisher\":{\"@id\":\"https:\\\/\\\/www.enzo-und-ferdinand.de\\\/#organization\"},\"potentialAction\":[{\"@type\":\"SearchAction\",\"target\":{\"@type\":\"EntryPoint\",\"urlTemplate\":\"https:\\\/\\\/www.enzo-und-ferdinand.de\\\/?s={search_term_string}\"},\"query-input\":{\"@type\":\"PropertyValueSpecification\",\"valueRequired\":true,\"valueName\":\"search_term_string\"}}],\"inLanguage\":\"de\"},{\"@type\":\"Organization\",\"@id\":\"https:\\\/\\\/www.enzo-und-ferdinand.de\\\/#organization\",\"name\":\"enzo & Ferdinand\",\"url\":\"https:\\\/\\\/www.enzo-und-ferdinand.de\\\/\",\"logo\":{\"@type\":\"ImageObject\",\"inLanguage\":\"de\",\"@id\":\"https:\\\/\\\/www.enzo-und-ferdinand.de\\\/#\\\/schema\\\/logo\\\/image\\\/\",\"url\":\"https:\\\/\\\/www.enzo-und-ferdinand.de\\\/wp-content\\\/uploads\\\/2018\\\/12\\\/revvvs-icon.png\",\"contentUrl\":\"https:\\\/\\\/www.enzo-und-ferdinand.de\\\/wp-content\\\/uploads\\\/2018\\\/12\\\/revvvs-icon.png\",\"width\":512,\"height\":512,\"caption\":\"enzo & Ferdinand\"},\"image\":{\"@id\":\"https:\\\/\\\/www.enzo-und-ferdinand.de\\\/#\\\/schema\\\/logo\\\/image\\\/\"}},{\"@type\":\"Person\",\"@id\":\"https:\\\/\\\/www.enzo-und-ferdinand.de\\\/#\\\/schema\\\/person\\\/aff2eb9ff87705987c1b9d21fe10b095\",\"name\":\"Rainer Ro\u00dfbach\",\"image\":{\"@type\":\"ImageObject\",\"inLanguage\":\"de\",\"@id\":\"https:\\\/\\\/www.enzo-und-ferdinand.de\\\/wp-content\\\/uploads\\\/2026\\\/01\\\/Rainer-Rossbach-150x150.jpg\",\"url\":\"https:\\\/\\\/www.enzo-und-ferdinand.de\\\/wp-content\\\/uploads\\\/2026\\\/01\\\/Rainer-Rossbach-150x150.jpg\",\"contentUrl\":\"https:\\\/\\\/www.enzo-und-ferdinand.de\\\/wp-content\\\/uploads\\\/2026\\\/01\\\/Rainer-Rossbach-150x150.jpg\",\"caption\":\"Rainer Ro\u00dfbach\"},\"url\":\"https:\\\/\\\/www.enzo-und-ferdinand.de\\\/index.php\\\/author\\\/redaktion\\\/\"}]}<\/script>\n<!-- \/ Yoast SEO plugin. -->","yoast_head_json":{"title":"Kindred Motorworks EV Bronco","description":"Zweimotoren-Allradantrieb Kindred Motorworks EV Bronco Monterey Car Week 80-kWh-Batterie Einzelradaufh\u00e4ngung Mehrlenker-Schraubenfederung Sperrdifferentiale Zahnstangenlenkung Servounterst\u00fctzung Vierrad-Scheibenbremsen \u00dcberrollk\u00e4fig Bikinidach Hardtop Porsche 911 Turbo \u201e50 Jahre\u201c limitierte Auflage Typ 930 917\/10 917\/30 Can-Am Interserie 911 Turbo S IAA 1973 Porsche 911 RSR Turbo Schottenkaro Boxermotor VTG-Biturbo-Aufladung Doppelkupplungsgetriebe PDK aktiver Allradantrieb Hinterachs-Quersperre Sportfahrwerk Rainer Ro\u00dfbach Rainer Rossbach enzo-und-ferdinand enzo&ferdinand","robots":{"index":"index","follow":"follow","max-snippet":"max-snippet:-1","max-image-preview":"max-image-preview:large","max-video-preview":"max-video-preview:-1"},"canonical":"https:\/\/www.enzo-und-ferdinand.de\/index.php\/2024\/08\/15\/kindred-motorworks-ev-bronco\/","og_locale":"de_DE","og_type":"article","og_title":"Kindred Motorworks EV Bronco","og_description":"Zweimotoren-Allradantrieb Kindred Motorworks EV Bronco Monterey Car Week 80-kWh-Batterie Einzelradaufh\u00e4ngung Mehrlenker-Schraubenfederung Sperrdifferentiale Zahnstangenlenkung Servounterst\u00fctzung Vierrad-Scheibenbremsen \u00dcberrollk\u00e4fig Bikinidach Hardtop Porsche 911 Turbo \u201e50 Jahre\u201c limitierte Auflage Typ 930 917\/10 917\/30 Can-Am Interserie 911 Turbo S IAA 1973 Porsche 911 RSR Turbo Schottenkaro Boxermotor VTG-Biturbo-Aufladung Doppelkupplungsgetriebe PDK aktiver Allradantrieb Hinterachs-Quersperre Sportfahrwerk Rainer Ro\u00dfbach Rainer Rossbach enzo-und-ferdinand enzo&ferdinand","og_url":"https:\/\/www.enzo-und-ferdinand.de\/index.php\/2024\/08\/15\/kindred-motorworks-ev-bronco\/","og_site_name":"enzo &amp; Ferdinand","article_published_time":"2024-08-15T06:51:30+00:00","article_modified_time":"2024-11-01T08:54:23+00:00","og_image":[{"width":1500,"height":1125,"url":"https:\/\/www.enzo-und-ferdinand.de\/wp-content\/uploads\/2024\/08\/KindredEVBronco-HeroOutdoor.jpg","type":"image\/jpeg"}],"author":"Rainer Ro\u00dfbach","twitter_card":"summary_large_image","twitter_misc":{"Verfasst von":"Rainer Ro\u00dfbach","Gesch\u00e4tzte Lesezeit":"1\u00a0Minute"},"schema":{"@context":"https:\/\/schema.org","@graph":[{"@type":"Article","@id":"https:\/\/www.enzo-und-ferdinand.de\/index.php\/2024\/08\/15\/kindred-motorworks-ev-bronco\/#article","isPartOf":{"@id":"https:\/\/www.enzo-und-ferdinand.de\/index.php\/2024\/08\/15\/kindred-motorworks-ev-bronco\/"},"author":{"name":"Rainer Ro\u00dfbach","@id":"https:\/\/www.enzo-und-ferdinand.de\/#\/schema\/person\/aff2eb9ff87705987c1b9d21fe10b095"},"headline":"Kindred Motorworks EV Bronco","datePublished":"2024-08-15T06:51:30+00:00","dateModified":"2024-11-01T08:54:23+00:00","mainEntityOfPage":{"@id":"https:\/\/www.enzo-und-ferdinand.de\/index.php\/2024\/08\/15\/kindred-motorworks-ev-bronco\/"},"wordCount":290,"publisher":{"@id":"https:\/\/www.enzo-und-ferdinand.de\/#organization"},"image":{"@id":"https:\/\/www.enzo-und-ferdinand.de\/index.php\/2024\/08\/15\/kindred-motorworks-ev-bronco\/#primaryimage"},"thumbnailUrl":"https:\/\/www.enzo-und-ferdinand.de\/wp-content\/uploads\/2024\/08\/KindredEVBronco-HeroOutdoor.jpg","keywords":["Offroad"],"articleSection":["Americana","Elektro","Offroad"],"inLanguage":"de"},{"@type":"WebPage","@id":"https:\/\/www.enzo-und-ferdinand.de\/index.php\/2024\/08\/15\/kindred-motorworks-ev-bronco\/","url":"https:\/\/www.enzo-und-ferdinand.de\/index.php\/2024\/08\/15\/kindred-motorworks-ev-bronco\/","name":"Kindred Motorworks EV Bronco","isPartOf":{"@id":"https:\/\/www.enzo-und-ferdinand.de\/#website"},"primaryImageOfPage":{"@id":"https:\/\/www.enzo-und-ferdinand.de\/index.php\/2024\/08\/15\/kindred-motorworks-ev-bronco\/#primaryimage"},"image":{"@id":"https:\/\/www.enzo-und-ferdinand.de\/index.php\/2024\/08\/15\/kindred-motorworks-ev-bronco\/#primaryimage"},"thumbnailUrl":"https:\/\/www.enzo-und-ferdinand.de\/wp-content\/uploads\/2024\/08\/KindredEVBronco-HeroOutdoor.jpg","datePublished":"2024-08-15T06:51:30+00:00","dateModified":"2024-11-01T08:54:23+00:00","description":"Zweimotoren-Allradantrieb Kindred Motorworks EV Bronco Monterey Car Week 80-kWh-Batterie Einzelradaufh\u00e4ngung Mehrlenker-Schraubenfederung Sperrdifferentiale Zahnstangenlenkung Servounterst\u00fctzung Vierrad-Scheibenbremsen \u00dcberrollk\u00e4fig Bikinidach Hardtop Porsche 911 Turbo \u201e50 Jahre\u201c limitierte Auflage Typ 930 917\/10 917\/30 Can-Am Interserie 911 Turbo S IAA 1973 Porsche 911 RSR Turbo Schottenkaro Boxermotor VTG-Biturbo-Aufladung Doppelkupplungsgetriebe PDK aktiver Allradantrieb Hinterachs-Quersperre Sportfahrwerk Rainer Ro\u00dfbach Rainer Rossbach enzo-und-ferdinand enzo&ferdinand","breadcrumb":{"@id":"https:\/\/www.enzo-und-ferdinand.de\/index.php\/2024\/08\/15\/kindred-motorworks-ev-bronco\/#breadcrumb"},"inLanguage":"de","potentialAction":[{"@type":"ReadAction","target":["https:\/\/www.enzo-und-ferdinand.de\/index.php\/2024\/08\/15\/kindred-motorworks-ev-bronco\/"]}]},{"@type":"ImageObject","inLanguage":"de","@id":"https:\/\/www.enzo-und-ferdinand.de\/index.php\/2024\/08\/15\/kindred-motorworks-ev-bronco\/#primaryimage","url":"https:\/\/www.enzo-und-ferdinand.de\/wp-content\/uploads\/2024\/08\/KindredEVBronco-HeroOutdoor.jpg","contentUrl":"https:\/\/www.enzo-und-ferdinand.de\/wp-content\/uploads\/2024\/08\/KindredEVBronco-HeroOutdoor.jpg","width":1500,"height":1125,"caption":"Kindred Motorworks EV Bronco"},{"@type":"BreadcrumbList","@id":"https:\/\/www.enzo-und-ferdinand.de\/index.php\/2024\/08\/15\/kindred-motorworks-ev-bronco\/#breadcrumb","itemListElement":[{"@type":"ListItem","position":1,"name":"Startseite","item":"https:\/\/www.enzo-und-ferdinand.de\/"},{"@type":"ListItem","position":2,"name":"Kindred Motorworks EV Bronco"}]},{"@type":"WebSite","@id":"https:\/\/www.enzo-und-ferdinand.de\/#website","url":"https:\/\/www.enzo-und-ferdinand.de\/","name":"enzo & Ferdinand","description":"","publisher":{"@id":"https:\/\/www.enzo-und-ferdinand.de\/#organization"},"potentialAction":[{"@type":"SearchAction","target":{"@type":"EntryPoint","urlTemplate":"https:\/\/www.enzo-und-ferdinand.de\/?s={search_term_string}"},"query-input":{"@type":"PropertyValueSpecification","valueRequired":true,"valueName":"search_term_string"}}],"inLanguage":"de"},{"@type":"Organization","@id":"https:\/\/www.enzo-und-ferdinand.de\/#organization","name":"enzo & Ferdinand","url":"https:\/\/www.enzo-und-ferdinand.de\/","logo":{"@type":"ImageObject","inLanguage":"de","@id":"https:\/\/www.enzo-und-ferdinand.de\/#\/schema\/logo\/image\/","url":"https:\/\/www.enzo-und-ferdinand.de\/wp-content\/uploads\/2018\/12\/revvvs-icon.png","contentUrl":"https:\/\/www.enzo-und-ferdinand.de\/wp-content\/uploads\/2018\/12\/revvvs-icon.png","width":512,"height":512,"caption":"enzo & Ferdinand"},"image":{"@id":"https:\/\/www.enzo-und-ferdinand.de\/#\/schema\/logo\/image\/"}},{"@type":"Person","@id":"https:\/\/www.enzo-und-ferdinand.de\/#\/schema\/person\/aff2eb9ff87705987c1b9d21fe10b095","name":"Rainer Ro\u00dfbach","image":{"@type":"ImageObject","inLanguage":"de","@id":"https:\/\/www.enzo-und-ferdinand.de\/wp-content\/uploads\/2026\/01\/Rainer-Rossbach-150x150.jpg","url":"https:\/\/www.enzo-und-ferdinand.de\/wp-content\/uploads\/2026\/01\/Rainer-Rossbach-150x150.jpg","contentUrl":"https:\/\/www.enzo-und-ferdinand.de\/wp-content\/uploads\/2026\/01\/Rainer-Rossbach-150x150.jpg","caption":"Rainer Ro\u00dfbach"},"url":"https:\/\/www.enzo-und-ferdinand.de\/index.php\/author\/redaktion\/"}]}},"_links":{"self":[{"href":"https:\/\/www.enzo-und-ferdinand.de\/index.php\/wp-json\/wp\/v2\/posts\/17755","targetHints":{"allow":["GET"]}}],"collection":[{"href":"https:\/\/www.enzo-und-ferdinand.de\/index.php\/wp-json\/wp\/v2\/posts"}],"about":[{"href":"https:\/\/www.enzo-und-ferdinand.de\/index.php\/wp-json\/wp\/v2\/types\/post"}],"author":[{"embeddable":true,"href":"https:\/\/www.enzo-und-ferdinand.de\/index.php\/wp-json\/wp\/v2\/users\/1"}],"replies":[{"embeddable":true,"href":"https:\/\/www.enzo-und-ferdinand.de\/index.php\/wp-json\/wp\/v2\/comments?post=17755"}],"version-history":[{"count":4,"href":"https:\/\/www.enzo-und-ferdinand.de\/index.php\/wp-json\/wp\/v2\/posts\/17755\/revisions"}],"predecessor-version":[{"id":17759,"href":"https:\/\/www.enzo-und-ferdinand.de\/index.php\/wp-json\/wp\/v2\/posts\/17755\/revisions\/17759"}],"wp:featuredmedia":[{"embeddable":true,"href":"https:\/\/www.enzo-und-ferdinand.de\/index.php\/wp-json\/wp\/v2\/media\/17752"}],"wp:attachment":[{"href":"https:\/\/www.enzo-und-ferdinand.de\/index.php\/wp-json\/wp\/v2\/media?parent=17755"}],"wp:term":[{"taxonomy":"category","embeddable":true,"href":"https:\/\/www.enzo-und-ferdinand.de\/index.php\/wp-json\/wp\/v2\/categories?post=17755"},{"taxonomy":"post_tag","embeddable":true,"href":"https:\/\/www.enzo-und-ferdinand.de\/index.php\/wp-json\/wp\/v2\/tags?post=17755"}],"curies":[{"name":"wp","href":"https:\/\/api.w.org\/{rel}","templated":true}]}}