{"id":17766,"date":"2024-08-16T09:10:08","date_gmt":"2024-08-16T07:10:08","guid":{"rendered":"https:\/\/www.enzo-und-ferdinand.de\/?p=17766"},"modified":"2024-11-01T09:53:18","modified_gmt":"2024-11-01T08:53:18","slug":"porsche-911-turbo-50-jahre","status":"publish","type":"post","link":"https:\/\/www.enzo-und-ferdinand.de\/index.php\/2024\/08\/16\/porsche-911-turbo-50-jahre\/","title":{"rendered":"Porsche 911 Turbo \u201e50 Jahre\u201c"},"content":{"rendered":"\n<figure class=\"wp-block-image size-large is-resized\"><img loading=\"lazy\" decoding=\"async\" width=\"810\" height=\"540\" src=\"https:\/\/www.enzo-und-ferdinand.de\/wp-content\/uploads\/2024\/08\/S24_2398_fine-810x540.jpg\" alt=\"\" class=\"wp-image-17760\" style=\"width:880px;height:auto\" srcset=\"https:\/\/www.enzo-und-ferdinand.de\/wp-content\/uploads\/2024\/08\/S24_2398_fine-810x540.jpg 810w, https:\/\/www.enzo-und-ferdinand.de\/wp-content\/uploads\/2024\/08\/S24_2398_fine-300x200.jpg 300w, https:\/\/www.enzo-und-ferdinand.de\/wp-content\/uploads\/2024\/08\/S24_2398_fine-768x512.jpg 768w, https:\/\/www.enzo-und-ferdinand.de\/wp-content\/uploads\/2024\/08\/S24_2398_fine-120x80.jpg 120w, https:\/\/www.enzo-und-ferdinand.de\/wp-content\/uploads\/2024\/08\/S24_2398_fine.jpg 1500w\" sizes=\"auto, (max-width: 810px) 100vw, 810px\" \/><\/figure>\n\n\n\n<p class=\"wp-block-paragraph\">Mit einer auf 1.974 Exemplare limitierten Auflage zelebriert Porsche den 50. Geburtstag seiner Ikone. Das Design zitiert historische 911 Turbo Modelle, bietet aber auch herausragende Performance und edle Materialien mit exklusiven Design-Elementen. Der Porsche 911 Turbo (Typ 930) setzte bei bei seiner Vorstellung im Jahr 1974 neue Ma\u00dfst\u00e4be. Als Resultat der erfolgreichen Turbo-Rennwagen 917\/10 und 917\/30 in der nordamerikanischen Can-Am und in der europ\u00e4ischen Interserie integrierte der Stuttgarter Sportwagenbauer erstmals die Turbo-Technologie in einen Seriensportwagen und verband sie mit\u00a0 einer bis dahin f\u00fcr nicht m\u00f6glich gehaltenen Alltagstauglichkeit.<\/p>\n\n\n\n<p class=\"wp-block-paragraph\">Das Jubil\u00e4umsmodell nutzt als Basis den 2019 vorgestellten 911 Turbo S. Eine seitliche Folierung greift das historische Dekor des 1973 auf der IAA&nbsp; vorgestellten Porsche 911 RSR Turbo auf. Basisfarbton ist der den Porsche-Turbo-Modellen vorbehaltene \u201eTon Turbonit\u201c, in dem auch der Einleger im Heckdeckel, der Tankdeckelverschluss und das Porsche-Wappen gehalten sind.<\/p>\n\n\n\n<p class=\"wp-block-paragraph\">Die Historie zitieren untern anderem Heckfl\u00fcgelblatt, Heckunterteil, Spiegelfu\u00df und Lufteinlassblenden in Anthrazitgrau. Ein Badge auf dem Heckdeckelgitter zeigt ein Turbolader-Icon und die Jahreszahlen \u201e1974-2024\u201c. Der LED-T\u00fcrprojektor projiziert bei ge\u00f6ffneter T\u00fcr das Icon eines Turboladers auf den Boden neben dem Fahrzeug. Serienm\u00e4\u00dfig rollt der 911 Turbo 50 Jahre auf 911 Turbo S Exclusive Design R\u00e4dern, gleichfalls in Turbonit.<\/p>\n\n\n\n<p class=\"wp-block-paragraph\">Im Interieur findet das traditionelle Schottenkaro auf den Mittelbahnen der Sitzbez\u00fcge und den T\u00fcrinnenverkleidungen Verwendung. Zus\u00e4tzliche Kontraste in Turbonit etwa bei den Sicherheitsgurten, Bedienelementen, Ziern\u00e4hten, Zierleisten mit Dekoreinleger in schwarzem Leder und demPorsche-Wappen auf dem GT-Sportlenkrad. Ein beleuchteter \u201eturbo 50\u201c-Schriftzug findet sich in den in schwarzen Aluminium-T\u00fcreinstiegsleisten. Auch in die Kopfst\u00fctzen der Sportsitze ist der Schriftzug eingestickt und \u00fcber dem Handschuhfach ist eine Jubil\u00e4umsplakette aus Aluminium angebracht, die neben dem Schriftzug \u201eturbo 50\u201c die individuelle Produktionsnummer tr\u00e4gt. Auf der Schalttafel sitzt eine analoge Porsche Design Subsecond Uhr im \u201eturbo 50\u201c-Design.<\/p>\n\n\n\n<figure class=\"wp-block-image size-large is-resized\"><img loading=\"lazy\" decoding=\"async\" width=\"810\" height=\"540\" src=\"https:\/\/www.enzo-und-ferdinand.de\/wp-content\/uploads\/2024\/08\/S24_2401_fine-810x540.jpg\" alt=\"\" class=\"wp-image-17761\" style=\"width:880px;height:auto\" srcset=\"https:\/\/www.enzo-und-ferdinand.de\/wp-content\/uploads\/2024\/08\/S24_2401_fine-810x540.jpg 810w, https:\/\/www.enzo-und-ferdinand.de\/wp-content\/uploads\/2024\/08\/S24_2401_fine-300x200.jpg 300w, https:\/\/www.enzo-und-ferdinand.de\/wp-content\/uploads\/2024\/08\/S24_2401_fine-768x512.jpg 768w, https:\/\/www.enzo-und-ferdinand.de\/wp-content\/uploads\/2024\/08\/S24_2401_fine-120x80.jpg 120w, https:\/\/www.enzo-und-ferdinand.de\/wp-content\/uploads\/2024\/08\/S24_2401_fine.jpg 1500w\" sizes=\"auto, (max-width: 810px) 100vw, 810px\" \/><\/figure>\n\n\n\n<p class=\"wp-block-paragraph\">Optional gibt es ein Heritage Design Paket , das an die 911 Turbo-Modelle der 70er Jahre erinnert. Die Basisfarbe des Pakets nennt sich \u201eAventuringr\u00fcnmetallic\u201c, jedoch stehen alle Serienfarben und Farben aus dem Programm \u201eFarbe nach Wahl\u201c zur Verf\u00fcgung. Speziell am Heritage-Paket ist eine Dekorgrafik in Seidenglanz-Wei\u00df, die aus drei Elementen besteht: eine individuell w\u00e4hlbare Startnummer, dem Schriftzug \u201e50 Jahre turbo\u201c und einem \u201ePorsche\u201c Schriftzug. Minimalisten k\u00f6nnen auf die Grafik ganz oder teilweise verzichten.<\/p>\n\n\n\n<p class=\"wp-block-paragraph\">Fronthaube sowie Radzierdeckeln der in Brilliantsilber und Wei\u00df lackierten Sport-Classic-R\u00e4dertragen tragen das historische Porsche Wappen von 1964, w\u00e4hrend die Schriftz\u00fcge \u201eturbo 50\u201c und \u201ePorsche\u201c am Heck in Gold ausgef\u00fchrt sind. Im Innenraum veredeln weiteres Leder und Details in Schottenkaro das Jubil\u00e4umsmodell. So sind die Zierblende der Schalttafel, der Handschuhkasten und die Einleger der Sitzr\u00fcckenlehnen mit dem klassischen Muster bezogen. Auf dem Lenkrad ist das historische Porsche-Wappen montiert, das Ablagefach der Mittelkonsole tr\u00e4gt den in Leder gepr\u00e4gten Schriftzug \u201ePorsche Exclusive Manufaktur\u201c. Die Skalen im Kombiinstrument und der Sport Chrono Uhr im Heritage Design Paket sind in gr\u00fcn ausgef\u00fchrt.<\/p>\n\n\n\n<p class=\"wp-block-paragraph\">Technisch greift der Porsche 911 Turbo 50 Jahre auf die des seit 2019 gebauten 911 Turbo S zur\u00fcck. Sein 3,7-Liter-Boxermotor mit VTG-Biturbo-Aufladung leistet 478 kW (650 PS) und mobilisiert 800 Newtonmeter Drehmoment. Bei einem Leergewicht von 1.640 Kilogramm ergibt sich ein Leistungsgewicht von 2,52 kg\/PS. F\u00fcr den Sprint von 0 auf 100 km\/h ben\u00f6tigt der 911 Turbo 50 2,7 Sekunden, Tempo 200 ist nach 8,9 Sekunden erreicht. F\u00fcr die Kraft\u00fcbertragung sorgen das 8-Gang-Doppelkupplungsgetriebe (PDK) und der aktive Allradantrieb Porsche Traction Management (PTM) samt Porsche Torque Vectoring Plus (PTV Plus) inklusive elektronisch geregelter Hinterachs-Quersperre mit vollvariabler Momentenverteilung. Serienm\u00e4\u00dfig ist eine Sportabgasanlage mit schwarzen Endrohren verbaut. Das Porsche Active Suspension Management (PASM) Sportfahrwerk mit einer Tieferlegung um 10 Millimeter sowie das Liftsystem an der Vorderachse geh\u00f6ren ebenso zum Serienumfang wie abgedunkelten LED-Matrix-Hauptscheinwerfer inklusive Porsche Dynamic Light System Plus. Die Bremss\u00e4ttel der serienm\u00e4\u00dfigen PCCB-Bremsanlage sind in schwarz ausgef\u00fchrt.<\/p>\n\n\n\n<p class=\"wp-block-paragraph\">Exklusives Gimmick istein speziell gestalteter Zeitmesser als Hommage an das Jubil\u00e4umsmodell. Der 911 Turbo \u201e50 Jahre\u201c ist ab sofort bestellbar. Die Auslieferungen beginnen im Herbst 2024. Vorab zu sehen ist es in der aktuellen Sonderausstellung \u201eBeyond Performance \u2013 50 Jahre Porsche Turbo\u201c im Porsche Museum in Stuttgart-Zuffenhausen.<\/p>\n\n\n\n<figure class=\"wp-block-gallery has-nested-images columns-2 is-cropped wp-block-gallery-1 is-layout-flex wp-block-gallery-is-layout-flex\">\n<figure class=\"wp-block-image size-large\"><img loading=\"lazy\" decoding=\"async\" width=\"810\" height=\"608\" data-id=\"17764\" src=\"https:\/\/www.enzo-und-ferdinand.de\/wp-content\/uploads\/2024\/08\/S24_2409_fine-810x608.jpg\" alt=\"\" class=\"wp-image-17764\" srcset=\"https:\/\/www.enzo-und-ferdinand.de\/wp-content\/uploads\/2024\/08\/S24_2409_fine-810x608.jpg 810w, https:\/\/www.enzo-und-ferdinand.de\/wp-content\/uploads\/2024\/08\/S24_2409_fine-300x225.jpg 300w, https:\/\/www.enzo-und-ferdinand.de\/wp-content\/uploads\/2024\/08\/S24_2409_fine-768x576.jpg 768w, https:\/\/www.enzo-und-ferdinand.de\/wp-content\/uploads\/2024\/08\/S24_2409_fine.jpg 1500w\" sizes=\"auto, (max-width: 810px) 100vw, 810px\" \/><\/figure>\n\n\n\n<figure class=\"wp-block-image size-large\"><img loading=\"lazy\" decoding=\"async\" width=\"810\" height=\"608\" data-id=\"17762\" src=\"https:\/\/www.enzo-und-ferdinand.de\/wp-content\/uploads\/2024\/08\/S24_2403_fine-810x608.jpg\" alt=\"\" class=\"wp-image-17762\" srcset=\"https:\/\/www.enzo-und-ferdinand.de\/wp-content\/uploads\/2024\/08\/S24_2403_fine-810x608.jpg 810w, https:\/\/www.enzo-und-ferdinand.de\/wp-content\/uploads\/2024\/08\/S24_2403_fine-300x225.jpg 300w, https:\/\/www.enzo-und-ferdinand.de\/wp-content\/uploads\/2024\/08\/S24_2403_fine-768x576.jpg 768w, https:\/\/www.enzo-und-ferdinand.de\/wp-content\/uploads\/2024\/08\/S24_2403_fine.jpg 1500w\" sizes=\"auto, (max-width: 810px) 100vw, 810px\" \/><\/figure>\n\n\n\n<figure class=\"wp-block-image size-large\"><img loading=\"lazy\" decoding=\"async\" width=\"810\" height=\"608\" data-id=\"17763\" src=\"https:\/\/www.enzo-und-ferdinand.de\/wp-content\/uploads\/2024\/08\/S24_2408_fine-810x608.jpg\" alt=\"\" class=\"wp-image-17763\" srcset=\"https:\/\/www.enzo-und-ferdinand.de\/wp-content\/uploads\/2024\/08\/S24_2408_fine-810x608.jpg 810w, https:\/\/www.enzo-und-ferdinand.de\/wp-content\/uploads\/2024\/08\/S24_2408_fine-300x225.jpg 300w, https:\/\/www.enzo-und-ferdinand.de\/wp-content\/uploads\/2024\/08\/S24_2408_fine-768x576.jpg 768w, https:\/\/www.enzo-und-ferdinand.de\/wp-content\/uploads\/2024\/08\/S24_2408_fine.jpg 1500w\" sizes=\"auto, (max-width: 810px) 100vw, 810px\" \/><\/figure>\n<\/figure>\n\n\n\n<p class=\"has-text-align-right has-small-font-size wp-block-paragraph\">Fotos: Porsche\/Text: Rainer Rossbach<\/p>\n","protected":false},"excerpt":{"rendered":"<p>Mit einer auf 1.974 Exemplare limitierten Auflage zelebriert Porsche den 50. Geburtstag seiner Ikone. Das Design zitiert historische 911 Turbo Modelle, bietet aber auch herausragende Performance und edle Materialien mit exklusiven Design-Elementen. Der Porsche 911 Turbo (Typ 930) setzte bei bei seiner Vorstellung im Jahr 1974 neue Ma\u00dfst\u00e4be. Als Resultat der erfolgreichen Turbo-Rennwagen 917\/10 und 917\/30 in der nordamerikanischen Can-Am und in der europ\u00e4ischen Interserie integrierte der Stuttgarter Sportwagenbauer erstmals die Turbo-Technologie in einen Seriensportwagen und verband sie mit\u00a0 einer bis dahin f\u00fcr nicht m\u00f6glich gehaltenen Alltagstauglichkeit.<\/p>\n","protected":false},"author":1,"featured_media":17765,"comment_status":"closed","ping_status":"closed","sticky":false,"template":"","format":"standard","meta":{"_crdt_document":"","ngg_post_thumbnail":0,"footnotes":""},"categories":[665,23],"tags":[],"class_list":["post-17766","post","type-post","status-publish","format-standard","has-post-thumbnail","hentry","category-editionen","category-performance"],"yoast_head":"<!-- This site is optimized with the Yoast SEO plugin v27.5 - https:\/\/yoast.com\/product\/yoast-seo-wordpress\/ -->\n<title>Porsche 911 Turbo \u201e50 Jahre\u201c<\/title>\n<meta name=\"description\" content=\"Porsche 911 Turbo \u201e50 Jahre\u201c limitierte Auflage Typ 930 917\/10 917\/30 Can-Am Interserie 911 Turbo S IAA 1973 Porsche 911 RSR Turbo Schottenkaro Boxermotor VTG-Biturbo-Aufladung Doppelkupplungsgetriebe PDK aktiver Allradantrieb Hinterachs-Quersperre Sportfahrwerk Rainer Ro\u00dfbach Rainer Rossbach enzo-und-ferdinand enzo&amp;ferdinand\" \/>\n<meta name=\"robots\" content=\"index, follow, max-snippet:-1, max-image-preview:large, max-video-preview:-1\" \/>\n<link rel=\"canonical\" href=\"https:\/\/www.enzo-und-ferdinand.de\/index.php\/2024\/08\/16\/porsche-911-turbo-50-jahre\/\" \/>\n<meta property=\"og:locale\" content=\"de_DE\" \/>\n<meta property=\"og:type\" content=\"article\" \/>\n<meta property=\"og:title\" content=\"Porsche 911 Turbo \u201e50 Jahre\u201c\" \/>\n<meta property=\"og:description\" content=\"Porsche 911 Turbo \u201e50 Jahre\u201c limitierte Auflage Typ 930 917\/10 917\/30 Can-Am Interserie 911 Turbo S IAA 1973 Porsche 911 RSR Turbo Schottenkaro Boxermotor VTG-Biturbo-Aufladung Doppelkupplungsgetriebe PDK aktiver Allradantrieb Hinterachs-Quersperre Sportfahrwerk Rainer Ro\u00dfbach Rainer Rossbach enzo-und-ferdinand enzo&amp;ferdinand\" \/>\n<meta property=\"og:url\" content=\"https:\/\/www.enzo-und-ferdinand.de\/index.php\/2024\/08\/16\/porsche-911-turbo-50-jahre\/\" \/>\n<meta property=\"og:site_name\" content=\"enzo &amp; Ferdinand\" \/>\n<meta property=\"article:published_time\" content=\"2024-08-16T07:10:08+00:00\" \/>\n<meta property=\"article:modified_time\" content=\"2024-11-01T08:53:18+00:00\" \/>\n<meta property=\"og:image\" content=\"https:\/\/www.enzo-und-ferdinand.de\/wp-content\/uploads\/2024\/08\/S24_2413_fine.jpg\" \/>\n\t<meta property=\"og:image:width\" content=\"1500\" \/>\n\t<meta property=\"og:image:height\" content=\"1002\" \/>\n\t<meta property=\"og:image:type\" content=\"image\/jpeg\" \/>\n<meta name=\"author\" content=\"Rainer Ro\u00dfbach\" \/>\n<meta name=\"twitter:card\" content=\"summary_large_image\" \/>\n<meta name=\"twitter:label1\" content=\"Verfasst von\" \/>\n\t<meta name=\"twitter:data1\" content=\"Rainer Ro\u00dfbach\" \/>\n\t<meta name=\"twitter:label2\" content=\"Gesch\u00e4tzte Lesezeit\" \/>\n\t<meta name=\"twitter:data2\" content=\"3\u00a0Minuten\" \/>\n<script type=\"application\/ld+json\" class=\"yoast-schema-graph\">{\"@context\":\"https:\\\/\\\/schema.org\",\"@graph\":[{\"@type\":\"Article\",\"@id\":\"https:\\\/\\\/www.enzo-und-ferdinand.de\\\/index.php\\\/2024\\\/08\\\/16\\\/porsche-911-turbo-50-jahre\\\/#article\",\"isPartOf\":{\"@id\":\"https:\\\/\\\/www.enzo-und-ferdinand.de\\\/index.php\\\/2024\\\/08\\\/16\\\/porsche-911-turbo-50-jahre\\\/\"},\"author\":{\"name\":\"Rainer Ro\u00dfbach\",\"@id\":\"https:\\\/\\\/www.enzo-und-ferdinand.de\\\/#\\\/schema\\\/person\\\/aff2eb9ff87705987c1b9d21fe10b095\"},\"headline\":\"Porsche 911 Turbo \u201e50 Jahre\u201c\",\"datePublished\":\"2024-08-16T07:10:08+00:00\",\"dateModified\":\"2024-11-01T08:53:18+00:00\",\"mainEntityOfPage\":{\"@id\":\"https:\\\/\\\/www.enzo-und-ferdinand.de\\\/index.php\\\/2024\\\/08\\\/16\\\/porsche-911-turbo-50-jahre\\\/\"},\"wordCount\":660,\"publisher\":{\"@id\":\"https:\\\/\\\/www.enzo-und-ferdinand.de\\\/#organization\"},\"image\":{\"@id\":\"https:\\\/\\\/www.enzo-und-ferdinand.de\\\/index.php\\\/2024\\\/08\\\/16\\\/porsche-911-turbo-50-jahre\\\/#primaryimage\"},\"thumbnailUrl\":\"https:\\\/\\\/www.enzo-und-ferdinand.de\\\/wp-content\\\/uploads\\\/2024\\\/08\\\/S24_2413_fine.jpg\",\"articleSection\":[\"Editionen\",\"Performance\"],\"inLanguage\":\"de\"},{\"@type\":\"WebPage\",\"@id\":\"https:\\\/\\\/www.enzo-und-ferdinand.de\\\/index.php\\\/2024\\\/08\\\/16\\\/porsche-911-turbo-50-jahre\\\/\",\"url\":\"https:\\\/\\\/www.enzo-und-ferdinand.de\\\/index.php\\\/2024\\\/08\\\/16\\\/porsche-911-turbo-50-jahre\\\/\",\"name\":\"Porsche 911 Turbo \u201e50 Jahre\u201c\",\"isPartOf\":{\"@id\":\"https:\\\/\\\/www.enzo-und-ferdinand.de\\\/#website\"},\"primaryImageOfPage\":{\"@id\":\"https:\\\/\\\/www.enzo-und-ferdinand.de\\\/index.php\\\/2024\\\/08\\\/16\\\/porsche-911-turbo-50-jahre\\\/#primaryimage\"},\"image\":{\"@id\":\"https:\\\/\\\/www.enzo-und-ferdinand.de\\\/index.php\\\/2024\\\/08\\\/16\\\/porsche-911-turbo-50-jahre\\\/#primaryimage\"},\"thumbnailUrl\":\"https:\\\/\\\/www.enzo-und-ferdinand.de\\\/wp-content\\\/uploads\\\/2024\\\/08\\\/S24_2413_fine.jpg\",\"datePublished\":\"2024-08-16T07:10:08+00:00\",\"dateModified\":\"2024-11-01T08:53:18+00:00\",\"description\":\"Porsche 911 Turbo \u201e50 Jahre\u201c limitierte Auflage Typ 930 917\\\/10 917\\\/30 Can-Am Interserie 911 Turbo S IAA 1973 Porsche 911 RSR Turbo Schottenkaro Boxermotor VTG-Biturbo-Aufladung Doppelkupplungsgetriebe PDK aktiver Allradantrieb Hinterachs-Quersperre Sportfahrwerk Rainer Ro\u00dfbach Rainer Rossbach enzo-und-ferdinand enzo&ferdinand\",\"breadcrumb\":{\"@id\":\"https:\\\/\\\/www.enzo-und-ferdinand.de\\\/index.php\\\/2024\\\/08\\\/16\\\/porsche-911-turbo-50-jahre\\\/#breadcrumb\"},\"inLanguage\":\"de\",\"potentialAction\":[{\"@type\":\"ReadAction\",\"target\":[\"https:\\\/\\\/www.enzo-und-ferdinand.de\\\/index.php\\\/2024\\\/08\\\/16\\\/porsche-911-turbo-50-jahre\\\/\"]}]},{\"@type\":\"ImageObject\",\"inLanguage\":\"de\",\"@id\":\"https:\\\/\\\/www.enzo-und-ferdinand.de\\\/index.php\\\/2024\\\/08\\\/16\\\/porsche-911-turbo-50-jahre\\\/#primaryimage\",\"url\":\"https:\\\/\\\/www.enzo-und-ferdinand.de\\\/wp-content\\\/uploads\\\/2024\\\/08\\\/S24_2413_fine.jpg\",\"contentUrl\":\"https:\\\/\\\/www.enzo-und-ferdinand.de\\\/wp-content\\\/uploads\\\/2024\\\/08\\\/S24_2413_fine.jpg\",\"width\":1500,\"height\":1002,\"caption\":\"Porsche 911 Turbo \u201e50 Jahre\u201c\"},{\"@type\":\"BreadcrumbList\",\"@id\":\"https:\\\/\\\/www.enzo-und-ferdinand.de\\\/index.php\\\/2024\\\/08\\\/16\\\/porsche-911-turbo-50-jahre\\\/#breadcrumb\",\"itemListElement\":[{\"@type\":\"ListItem\",\"position\":1,\"name\":\"Startseite\",\"item\":\"https:\\\/\\\/www.enzo-und-ferdinand.de\\\/\"},{\"@type\":\"ListItem\",\"position\":2,\"name\":\"Porsche 911 Turbo \u201e50 Jahre\u201c\"}]},{\"@type\":\"WebSite\",\"@id\":\"https:\\\/\\\/www.enzo-und-ferdinand.de\\\/#website\",\"url\":\"https:\\\/\\\/www.enzo-und-ferdinand.de\\\/\",\"name\":\"enzo & Ferdinand\",\"description\":\"\",\"publisher\":{\"@id\":\"https:\\\/\\\/www.enzo-und-ferdinand.de\\\/#organization\"},\"potentialAction\":[{\"@type\":\"SearchAction\",\"target\":{\"@type\":\"EntryPoint\",\"urlTemplate\":\"https:\\\/\\\/www.enzo-und-ferdinand.de\\\/?s={search_term_string}\"},\"query-input\":{\"@type\":\"PropertyValueSpecification\",\"valueRequired\":true,\"valueName\":\"search_term_string\"}}],\"inLanguage\":\"de\"},{\"@type\":\"Organization\",\"@id\":\"https:\\\/\\\/www.enzo-und-ferdinand.de\\\/#organization\",\"name\":\"enzo & Ferdinand\",\"url\":\"https:\\\/\\\/www.enzo-und-ferdinand.de\\\/\",\"logo\":{\"@type\":\"ImageObject\",\"inLanguage\":\"de\",\"@id\":\"https:\\\/\\\/www.enzo-und-ferdinand.de\\\/#\\\/schema\\\/logo\\\/image\\\/\",\"url\":\"https:\\\/\\\/www.enzo-und-ferdinand.de\\\/wp-content\\\/uploads\\\/2018\\\/12\\\/revvvs-icon.png\",\"contentUrl\":\"https:\\\/\\\/www.enzo-und-ferdinand.de\\\/wp-content\\\/uploads\\\/2018\\\/12\\\/revvvs-icon.png\",\"width\":512,\"height\":512,\"caption\":\"enzo & Ferdinand\"},\"image\":{\"@id\":\"https:\\\/\\\/www.enzo-und-ferdinand.de\\\/#\\\/schema\\\/logo\\\/image\\\/\"}},{\"@type\":\"Person\",\"@id\":\"https:\\\/\\\/www.enzo-und-ferdinand.de\\\/#\\\/schema\\\/person\\\/aff2eb9ff87705987c1b9d21fe10b095\",\"name\":\"Rainer Ro\u00dfbach\",\"image\":{\"@type\":\"ImageObject\",\"inLanguage\":\"de\",\"@id\":\"https:\\\/\\\/www.enzo-und-ferdinand.de\\\/wp-content\\\/uploads\\\/2026\\\/01\\\/Rainer-Rossbach-150x150.jpg\",\"url\":\"https:\\\/\\\/www.enzo-und-ferdinand.de\\\/wp-content\\\/uploads\\\/2026\\\/01\\\/Rainer-Rossbach-150x150.jpg\",\"contentUrl\":\"https:\\\/\\\/www.enzo-und-ferdinand.de\\\/wp-content\\\/uploads\\\/2026\\\/01\\\/Rainer-Rossbach-150x150.jpg\",\"caption\":\"Rainer Ro\u00dfbach\"},\"url\":\"https:\\\/\\\/www.enzo-und-ferdinand.de\\\/index.php\\\/author\\\/redaktion\\\/\"}]}<\/script>\n<!-- \/ Yoast SEO plugin. -->","yoast_head_json":{"title":"Porsche 911 Turbo \u201e50 Jahre\u201c","description":"Porsche 911 Turbo \u201e50 Jahre\u201c limitierte Auflage Typ 930 917\/10 917\/30 Can-Am Interserie 911 Turbo S IAA 1973 Porsche 911 RSR Turbo Schottenkaro Boxermotor VTG-Biturbo-Aufladung Doppelkupplungsgetriebe PDK aktiver Allradantrieb Hinterachs-Quersperre Sportfahrwerk Rainer Ro\u00dfbach Rainer Rossbach enzo-und-ferdinand enzo&ferdinand","robots":{"index":"index","follow":"follow","max-snippet":"max-snippet:-1","max-image-preview":"max-image-preview:large","max-video-preview":"max-video-preview:-1"},"canonical":"https:\/\/www.enzo-und-ferdinand.de\/index.php\/2024\/08\/16\/porsche-911-turbo-50-jahre\/","og_locale":"de_DE","og_type":"article","og_title":"Porsche 911 Turbo \u201e50 Jahre\u201c","og_description":"Porsche 911 Turbo \u201e50 Jahre\u201c limitierte Auflage Typ 930 917\/10 917\/30 Can-Am Interserie 911 Turbo S IAA 1973 Porsche 911 RSR Turbo Schottenkaro Boxermotor VTG-Biturbo-Aufladung Doppelkupplungsgetriebe PDK aktiver Allradantrieb Hinterachs-Quersperre Sportfahrwerk Rainer Ro\u00dfbach Rainer Rossbach enzo-und-ferdinand enzo&ferdinand","og_url":"https:\/\/www.enzo-und-ferdinand.de\/index.php\/2024\/08\/16\/porsche-911-turbo-50-jahre\/","og_site_name":"enzo &amp; Ferdinand","article_published_time":"2024-08-16T07:10:08+00:00","article_modified_time":"2024-11-01T08:53:18+00:00","og_image":[{"width":1500,"height":1002,"url":"https:\/\/www.enzo-und-ferdinand.de\/wp-content\/uploads\/2024\/08\/S24_2413_fine.jpg","type":"image\/jpeg"}],"author":"Rainer Ro\u00dfbach","twitter_card":"summary_large_image","twitter_misc":{"Verfasst von":"Rainer Ro\u00dfbach","Gesch\u00e4tzte Lesezeit":"3\u00a0Minuten"},"schema":{"@context":"https:\/\/schema.org","@graph":[{"@type":"Article","@id":"https:\/\/www.enzo-und-ferdinand.de\/index.php\/2024\/08\/16\/porsche-911-turbo-50-jahre\/#article","isPartOf":{"@id":"https:\/\/www.enzo-und-ferdinand.de\/index.php\/2024\/08\/16\/porsche-911-turbo-50-jahre\/"},"author":{"name":"Rainer Ro\u00dfbach","@id":"https:\/\/www.enzo-und-ferdinand.de\/#\/schema\/person\/aff2eb9ff87705987c1b9d21fe10b095"},"headline":"Porsche 911 Turbo \u201e50 Jahre\u201c","datePublished":"2024-08-16T07:10:08+00:00","dateModified":"2024-11-01T08:53:18+00:00","mainEntityOfPage":{"@id":"https:\/\/www.enzo-und-ferdinand.de\/index.php\/2024\/08\/16\/porsche-911-turbo-50-jahre\/"},"wordCount":660,"publisher":{"@id":"https:\/\/www.enzo-und-ferdinand.de\/#organization"},"image":{"@id":"https:\/\/www.enzo-und-ferdinand.de\/index.php\/2024\/08\/16\/porsche-911-turbo-50-jahre\/#primaryimage"},"thumbnailUrl":"https:\/\/www.enzo-und-ferdinand.de\/wp-content\/uploads\/2024\/08\/S24_2413_fine.jpg","articleSection":["Editionen","Performance"],"inLanguage":"de"},{"@type":"WebPage","@id":"https:\/\/www.enzo-und-ferdinand.de\/index.php\/2024\/08\/16\/porsche-911-turbo-50-jahre\/","url":"https:\/\/www.enzo-und-ferdinand.de\/index.php\/2024\/08\/16\/porsche-911-turbo-50-jahre\/","name":"Porsche 911 Turbo \u201e50 Jahre\u201c","isPartOf":{"@id":"https:\/\/www.enzo-und-ferdinand.de\/#website"},"primaryImageOfPage":{"@id":"https:\/\/www.enzo-und-ferdinand.de\/index.php\/2024\/08\/16\/porsche-911-turbo-50-jahre\/#primaryimage"},"image":{"@id":"https:\/\/www.enzo-und-ferdinand.de\/index.php\/2024\/08\/16\/porsche-911-turbo-50-jahre\/#primaryimage"},"thumbnailUrl":"https:\/\/www.enzo-und-ferdinand.de\/wp-content\/uploads\/2024\/08\/S24_2413_fine.jpg","datePublished":"2024-08-16T07:10:08+00:00","dateModified":"2024-11-01T08:53:18+00:00","description":"Porsche 911 Turbo \u201e50 Jahre\u201c limitierte Auflage Typ 930 917\/10 917\/30 Can-Am Interserie 911 Turbo S IAA 1973 Porsche 911 RSR Turbo Schottenkaro Boxermotor VTG-Biturbo-Aufladung Doppelkupplungsgetriebe PDK aktiver Allradantrieb Hinterachs-Quersperre Sportfahrwerk Rainer Ro\u00dfbach Rainer Rossbach enzo-und-ferdinand enzo&ferdinand","breadcrumb":{"@id":"https:\/\/www.enzo-und-ferdinand.de\/index.php\/2024\/08\/16\/porsche-911-turbo-50-jahre\/#breadcrumb"},"inLanguage":"de","potentialAction":[{"@type":"ReadAction","target":["https:\/\/www.enzo-und-ferdinand.de\/index.php\/2024\/08\/16\/porsche-911-turbo-50-jahre\/"]}]},{"@type":"ImageObject","inLanguage":"de","@id":"https:\/\/www.enzo-und-ferdinand.de\/index.php\/2024\/08\/16\/porsche-911-turbo-50-jahre\/#primaryimage","url":"https:\/\/www.enzo-und-ferdinand.de\/wp-content\/uploads\/2024\/08\/S24_2413_fine.jpg","contentUrl":"https:\/\/www.enzo-und-ferdinand.de\/wp-content\/uploads\/2024\/08\/S24_2413_fine.jpg","width":1500,"height":1002,"caption":"Porsche 911 Turbo \u201e50 Jahre\u201c"},{"@type":"BreadcrumbList","@id":"https:\/\/www.enzo-und-ferdinand.de\/index.php\/2024\/08\/16\/porsche-911-turbo-50-jahre\/#breadcrumb","itemListElement":[{"@type":"ListItem","position":1,"name":"Startseite","item":"https:\/\/www.enzo-und-ferdinand.de\/"},{"@type":"ListItem","position":2,"name":"Porsche 911 Turbo \u201e50 Jahre\u201c"}]},{"@type":"WebSite","@id":"https:\/\/www.enzo-und-ferdinand.de\/#website","url":"https:\/\/www.enzo-und-ferdinand.de\/","name":"enzo & Ferdinand","description":"","publisher":{"@id":"https:\/\/www.enzo-und-ferdinand.de\/#organization"},"potentialAction":[{"@type":"SearchAction","target":{"@type":"EntryPoint","urlTemplate":"https:\/\/www.enzo-und-ferdinand.de\/?s={search_term_string}"},"query-input":{"@type":"PropertyValueSpecification","valueRequired":true,"valueName":"search_term_string"}}],"inLanguage":"de"},{"@type":"Organization","@id":"https:\/\/www.enzo-und-ferdinand.de\/#organization","name":"enzo & Ferdinand","url":"https:\/\/www.enzo-und-ferdinand.de\/","logo":{"@type":"ImageObject","inLanguage":"de","@id":"https:\/\/www.enzo-und-ferdinand.de\/#\/schema\/logo\/image\/","url":"https:\/\/www.enzo-und-ferdinand.de\/wp-content\/uploads\/2018\/12\/revvvs-icon.png","contentUrl":"https:\/\/www.enzo-und-ferdinand.de\/wp-content\/uploads\/2018\/12\/revvvs-icon.png","width":512,"height":512,"caption":"enzo & Ferdinand"},"image":{"@id":"https:\/\/www.enzo-und-ferdinand.de\/#\/schema\/logo\/image\/"}},{"@type":"Person","@id":"https:\/\/www.enzo-und-ferdinand.de\/#\/schema\/person\/aff2eb9ff87705987c1b9d21fe10b095","name":"Rainer Ro\u00dfbach","image":{"@type":"ImageObject","inLanguage":"de","@id":"https:\/\/www.enzo-und-ferdinand.de\/wp-content\/uploads\/2026\/01\/Rainer-Rossbach-150x150.jpg","url":"https:\/\/www.enzo-und-ferdinand.de\/wp-content\/uploads\/2026\/01\/Rainer-Rossbach-150x150.jpg","contentUrl":"https:\/\/www.enzo-und-ferdinand.de\/wp-content\/uploads\/2026\/01\/Rainer-Rossbach-150x150.jpg","caption":"Rainer Ro\u00dfbach"},"url":"https:\/\/www.enzo-und-ferdinand.de\/index.php\/author\/redaktion\/"}]}},"_links":{"self":[{"href":"https:\/\/www.enzo-und-ferdinand.de\/index.php\/wp-json\/wp\/v2\/posts\/17766","targetHints":{"allow":["GET"]}}],"collection":[{"href":"https:\/\/www.enzo-und-ferdinand.de\/index.php\/wp-json\/wp\/v2\/posts"}],"about":[{"href":"https:\/\/www.enzo-und-ferdinand.de\/index.php\/wp-json\/wp\/v2\/types\/post"}],"author":[{"embeddable":true,"href":"https:\/\/www.enzo-und-ferdinand.de\/index.php\/wp-json\/wp\/v2\/users\/1"}],"replies":[{"embeddable":true,"href":"https:\/\/www.enzo-und-ferdinand.de\/index.php\/wp-json\/wp\/v2\/comments?post=17766"}],"version-history":[{"count":4,"href":"https:\/\/www.enzo-und-ferdinand.de\/index.php\/wp-json\/wp\/v2\/posts\/17766\/revisions"}],"predecessor-version":[{"id":17855,"href":"https:\/\/www.enzo-und-ferdinand.de\/index.php\/wp-json\/wp\/v2\/posts\/17766\/revisions\/17855"}],"wp:featuredmedia":[{"embeddable":true,"href":"https:\/\/www.enzo-und-ferdinand.de\/index.php\/wp-json\/wp\/v2\/media\/17765"}],"wp:attachment":[{"href":"https:\/\/www.enzo-und-ferdinand.de\/index.php\/wp-json\/wp\/v2\/media?parent=17766"}],"wp:term":[{"taxonomy":"category","embeddable":true,"href":"https:\/\/www.enzo-und-ferdinand.de\/index.php\/wp-json\/wp\/v2\/categories?post=17766"},{"taxonomy":"post_tag","embeddable":true,"href":"https:\/\/www.enzo-und-ferdinand.de\/index.php\/wp-json\/wp\/v2\/tags?post=17766"}],"curies":[{"name":"wp","href":"https:\/\/api.w.org\/{rel}","templated":true}]}}