{"id":17915,"date":"2024-08-27T08:14:37","date_gmt":"2024-08-27T06:14:37","guid":{"rendered":"https:\/\/www.enzo-und-ferdinand.de\/?p=17915"},"modified":"2024-11-01T11:56:17","modified_gmt":"2024-11-01T10:56:17","slug":"mercedes-amg-gt3-edition-130y","status":"publish","type":"post","link":"https:\/\/www.enzo-und-ferdinand.de\/index.php\/2024\/08\/27\/mercedes-amg-gt3-edition-130y\/","title":{"rendered":"Mercedes-AMG GT3 Edition \u201e130Y\u201c"},"content":{"rendered":"\n<figure class=\"wp-block-image size-large is-resized\"><img loading=\"lazy\" decoding=\"async\" width=\"810\" height=\"608\" src=\"https:\/\/www.enzo-und-ferdinand.de\/wp-content\/uploads\/2024\/08\/2024_AMGGT3130Y_image_3_4front_5_4-810x608.jpg\" alt=\"\" class=\"wp-image-17917\" style=\"width:880px;height:auto\" srcset=\"https:\/\/www.enzo-und-ferdinand.de\/wp-content\/uploads\/2024\/08\/2024_AMGGT3130Y_image_3_4front_5_4-810x608.jpg 810w, https:\/\/www.enzo-und-ferdinand.de\/wp-content\/uploads\/2024\/08\/2024_AMGGT3130Y_image_3_4front_5_4-300x225.jpg 300w, https:\/\/www.enzo-und-ferdinand.de\/wp-content\/uploads\/2024\/08\/2024_AMGGT3130Y_image_3_4front_5_4-768x576.jpg 768w, https:\/\/www.enzo-und-ferdinand.de\/wp-content\/uploads\/2024\/08\/2024_AMGGT3130Y_image_3_4front_5_4.jpg 1500w\" sizes=\"auto, (max-width: 810px) 100vw, 810px\" \/><\/figure>\n\n\n\n<p class=\"wp-block-paragraph\">Der auf 13 Exemplare limitierte GT3-Version ist zugleich die letzte Variante mit Saugmotor. Seit 130 Jahre Jahren ist die Marke mit dem Stern im Motorsport aktiv. Der erste automobile Wettbewerb, f\u00fchrt am 22. Juli 1894 von Paris nach Rouen und endet mit dem Sieg eines Daimler-Lizenzmotors. Diesen historischen Meilensteins feiert die limitierte Edition \u201e130Y Motorsport\u201c mit modernsten Motorsporttechnologien und traditionellen Designmerkmale der legend\u00e4ren Rennwagen aus den 1950er Jahren. Seine Leistung macht den nicht homologierten GT3-Fahrzeug, zum st\u00e4rksten Exemplar, das je in Affalterbach gebaut wurde. Der V8-Saugmotor wurde auf eine neue Leisstungsebene gebracht. Ohne Airrestriktor und mit einer speziellen Abgasanlage entwickelt der V8 seine Spitzenleistung von 680 PS (500 kW).<\/p>\n\n\n\n<figure class=\"wp-block-image size-large is-resized\"><img loading=\"lazy\" decoding=\"async\" width=\"810\" height=\"570\" src=\"https:\/\/www.enzo-und-ferdinand.de\/wp-content\/uploads\/2024\/08\/2024_AMGGT3130Y_image_engine_bay_5_4-810x570.jpg\" alt=\"\" class=\"wp-image-17921\" style=\"width:880px;height:auto\" srcset=\"https:\/\/www.enzo-und-ferdinand.de\/wp-content\/uploads\/2024\/08\/2024_AMGGT3130Y_image_engine_bay_5_4-810x570.jpg 810w, https:\/\/www.enzo-und-ferdinand.de\/wp-content\/uploads\/2024\/08\/2024_AMGGT3130Y_image_engine_bay_5_4-300x211.jpg 300w, https:\/\/www.enzo-und-ferdinand.de\/wp-content\/uploads\/2024\/08\/2024_AMGGT3130Y_image_engine_bay_5_4-768x540.jpg 768w, https:\/\/www.enzo-und-ferdinand.de\/wp-content\/uploads\/2024\/08\/2024_AMGGT3130Y_image_engine_bay_5_4.jpg 1500w\" sizes=\"auto, (max-width: 810px) 100vw, 810px\" \/><\/figure>\n\n\n\n<p class=\"wp-block-paragraph\">Da der Wagen keinerlei Beschr\u00e4nkungen durch Homologatios-Vorschriften unterliegt, kommt eine Aero-Update und ein Drag Reduction-System zum Einsatz, das deutlich leistungsf\u00e4higeres, als das des Basismodells. Die Aerodynamikkomponenten erh\u00f6hen den Abtrieb um 15 Prozent. Um dies zu erreichen, wurden der Frontsplitter und die Luftausl\u00e4sse in den vorderen Kotfl\u00fcgeln neu gestaltet. \u00c4nderungen an den Seitenschwellern, dem Unterboden und dem Heckdiffusor erh\u00f6hen gleichfalls den Abtrieb. Der breitere Heckfl\u00fcgel verbessert ebenfalls die Aero-Balance bei.\u00a0<\/p>\n\n\n\n<p class=\"wp-block-paragraph\">Das Drag Reduction System (DRS), ist von denen der Formel 1 und der Klasse 1-DTM inspiriert.  Auf Knopfdruck f\u00e4hrt das Hauptelement des Heckfl\u00fcgels in eine flache Position und der Luftwiderstand wird reduziert. Um die Aerobalance zu erhalten, werden gleichzeitig aktive Elemente am vorderen Boden ausgefahren. Dank dieser Technik sind trotz des hohen Abtriebs Spitzengeschwindigkeiten von \u00fcber 315 Stundenkilometern m\u00f6glich. Bei Querbeschleunigung oder Verz\u00f6gerung kehren die aktiven Elemente sofort in ihre urspr\u00fcngliche Abtriebsposition zur\u00fcck.\u00a0<\/p>\n\n\n\n<figure class=\"wp-block-image size-large is-resized\"><img loading=\"lazy\" decoding=\"async\" width=\"810\" height=\"582\" src=\"https:\/\/www.enzo-und-ferdinand.de\/wp-content\/uploads\/2024\/08\/2024_AMGGT3130Y_image_3_4rear_5_4-810x582.jpg\" alt=\"\" class=\"wp-image-17918\" style=\"width:880px;height:auto\" srcset=\"https:\/\/www.enzo-und-ferdinand.de\/wp-content\/uploads\/2024\/08\/2024_AMGGT3130Y_image_3_4rear_5_4-810x582.jpg 810w, https:\/\/www.enzo-und-ferdinand.de\/wp-content\/uploads\/2024\/08\/2024_AMGGT3130Y_image_3_4rear_5_4-300x216.jpg 300w, https:\/\/www.enzo-und-ferdinand.de\/wp-content\/uploads\/2024\/08\/2024_AMGGT3130Y_image_3_4rear_5_4-768x552.jpg 768w, https:\/\/www.enzo-und-ferdinand.de\/wp-content\/uploads\/2024\/08\/2024_AMGGT3130Y_image_3_4rear_5_4.jpg 1500w\" sizes=\"auto, (max-width: 810px) 100vw, 810px\" \/><\/figure>\n\n\n\n<p class=\"wp-block-paragraph\">Auch die Hochleistungsbremsanlage ist von der K\u00f6nigsklasse inspiriert. Im Gegensatz zu den im GT3-Reglement vorgeschriebenen Stahlscheiben sind die Bremsscheiben des Sondermodells aus Carbon. Sie machen das Editionsmodell deutlich leichter ist als die homologierte GT3-Version.<\/p>\n\n\n\n<p class=\"wp-block-paragraph\">Die Kraft\u00fcbertragung erfolgt \u00fcber ein sequenzielles Sechsgang-Renngetriebe mit modifizierten \u00dcbersetzungen. Wie \u00fcblich bei Mercedes-AMG Rennfahrzeugen ist das Transaxle-Getriebe an der Hinterachse montiert und \u00fcber ein Kohlefaser-Drehmomentrohr verwindungssteif und drehmomentfest mit dem Motor verbunden. Das Fahrwerk verf\u00fcgt \u00fcber einstellbare 4-Wege-Motorsportsto\u00dfd\u00e4mpfer.&nbsp;<\/p>\n\n\n\n<p class=\"wp-block-paragraph\">Das Sammlerst\u00fcck weist alle Sicherheitsattribute des Wettbewerbs-GT3 auf: eine mit dem Chassis verbundene Kohlefaser-Sicherheitszelle, einen F\u00fcnf-Punkt-Gurt, Sicherheitsnetze, einen Stahl-\u00dcberrollk\u00e4fig, eine Feuerl\u00f6schanlage, einen Sicherheitstank und eine Notluke. Zur Ausstattung geh\u00f6ren auch ein effektives Renn-ABS und eine mehrfach einstellbare Traktionskontrolle. Gewichtsoptimierte 18-Zoll-Magnesiumfelgen, der gro\u00dffl\u00e4chige Einsatz von Carbon-Elementen sowie ein AMG Wappen sind Elemente der Neuzeit.&nbsp;<\/p>\n\n\n\n<figure class=\"wp-block-image size-large is-resized\"><img loading=\"lazy\" decoding=\"async\" width=\"810\" height=\"608\" src=\"https:\/\/www.enzo-und-ferdinand.de\/wp-content\/uploads\/2024\/08\/2024_AMGGT3130Y_image_rear_wing_5_4-810x608.jpg\" alt=\"\" class=\"wp-image-17924\" style=\"width:880px;height:auto\" srcset=\"https:\/\/www.enzo-und-ferdinand.de\/wp-content\/uploads\/2024\/08\/2024_AMGGT3130Y_image_rear_wing_5_4-810x608.jpg 810w, https:\/\/www.enzo-und-ferdinand.de\/wp-content\/uploads\/2024\/08\/2024_AMGGT3130Y_image_rear_wing_5_4-300x225.jpg 300w, https:\/\/www.enzo-und-ferdinand.de\/wp-content\/uploads\/2024\/08\/2024_AMGGT3130Y_image_rear_wing_5_4-768x576.jpg 768w, https:\/\/www.enzo-und-ferdinand.de\/wp-content\/uploads\/2024\/08\/2024_AMGGT3130Y_image_rear_wing_5_4.jpg 1500w\" sizes=\"auto, (max-width: 810px) 100vw, 810px\" \/><\/figure>\n\n\n\n<p class=\"wp-block-paragraph\">Optisch hingegen orientiert sich der Wagen am Mercedes-Benz 300 SL W 194 aus dem Jahr 1952. Deren Grundfarbe waren Silber und blaue Rauten auf den vorderen Kotfl\u00fcgeln sowie die farbige Umrandung des K\u00fchlergrills. So sahen die Siegerfahrzeuge von Hans Klenk und Karl Kling bei der Carrera Panamericana 1952 sowie der von Hermann Lang und Fritz Riess bei den 24 Stunden von Le Mans des gleichen Jahrs aus.&nbsp;<\/p>\n\n\n\n<p class=\"wp-block-paragraph\">Die Verbindung von Tradition und Moderne zeigt sich auch im Interieur. Ein Bosch DDU 10 Cockpit-Display mit vergr\u00f6\u00dfertem Bildschirm und hochaufl\u00f6sender Grafik unterst\u00fctzt die Bedienung des Fahrzeugs. Optisch orientiert sich derInnenraum dagegen an den Mercedes-Benz SLR 300 Modellen von 1955, die mit denen unter anderen Juan Manuel Fangio und Stirling Moss Erfolge bei der Langstreckenweltmeisterschaft erzielten.&nbsp;<\/p>\n\n\n\n<p class=\"wp-block-paragraph\">So sind die Sitzbez\u00fcgen mit dem traditionellen blauem Karostoff bezogen und weisen braunes Leder an den Kopfst\u00fctzenpolstern und T\u00fcrschlaufen auf. Das speziell entwickelte Lenkrad mit eloxierten Tasten und Griffen ist aus Walnussholz und nat\u00fcrlich tr\u00e4gt jedes der limitierten Sondermodelle eine Editionsplakette an der Mittelkonsole.<\/p>\n\n\n\n<p class=\"wp-block-paragraph\">Zum Gesamtpaket geh\u00f6rt neben einer speziell&nbsp; entwickelten Fahrzeugabdeckung auch eine komplette Rennausr\u00fcstung f\u00fcr den Fahrer. Es umfasst einen personalisierten Rennanzug, Handschuhe, Rennunterw\u00e4sche und Schuhe. Erg\u00e4nzt wird die Rennausr\u00fcstung durch einen individuell gestalteten Helm von BELL. Zus\u00e4tzlich erh\u00e4lt der Kunde eine Tasche, die das blaue Karomuster tr\u00e4gt und Platz f\u00fcr die gesamte Rennausr\u00fcstung bietet. Obendrauf gibt es noch ein Modell im Ma\u00dfstab 1:8 mit personalisiertem Echtheitszertifikat.<\/p>\n\n\n\n<p class=\"wp-block-paragraph\">Seine Leistungsf\u00e4higkeit hat der Wagen schon am 17. Februar 2024 auf dem Mount Panorama Circuit in Australien unter Beweis gestellt. Werksfahrer Jules Gounon aus Andorra&nbsp; unterbot den bestehenden Rundenrekord mit einer Zeit von 1.56,605 Minutenum 2,074 Sekunden.<\/p>\n\n\n\n<figure class=\"wp-block-gallery has-nested-images columns-default is-cropped wp-block-gallery-1 is-layout-flex wp-block-gallery-is-layout-flex\">\n<figure class=\"wp-block-image size-large\"><img loading=\"lazy\" decoding=\"async\" width=\"810\" height=\"608\" data-id=\"17925\" src=\"https:\/\/www.enzo-und-ferdinand.de\/wp-content\/uploads\/2024\/08\/2024_AMGGT3130Y_image_seat_5_4-810x608.jpg\" alt=\"\" class=\"wp-image-17925\" srcset=\"https:\/\/www.enzo-und-ferdinand.de\/wp-content\/uploads\/2024\/08\/2024_AMGGT3130Y_image_seat_5_4-810x608.jpg 810w, https:\/\/www.enzo-und-ferdinand.de\/wp-content\/uploads\/2024\/08\/2024_AMGGT3130Y_image_seat_5_4-300x225.jpg 300w, https:\/\/www.enzo-und-ferdinand.de\/wp-content\/uploads\/2024\/08\/2024_AMGGT3130Y_image_seat_5_4-768x576.jpg 768w, https:\/\/www.enzo-und-ferdinand.de\/wp-content\/uploads\/2024\/08\/2024_AMGGT3130Y_image_seat_5_4.jpg 1500w\" sizes=\"auto, (max-width: 810px) 100vw, 810px\" \/><\/figure>\n\n\n\n<figure class=\"wp-block-image size-large\"><img loading=\"lazy\" decoding=\"async\" width=\"810\" height=\"608\" data-id=\"17920\" src=\"https:\/\/www.enzo-und-ferdinand.de\/wp-content\/uploads\/2024\/08\/2024_AMGGT3130Y_image_cockpit_5_4-810x608.jpg\" alt=\"\" class=\"wp-image-17920\" srcset=\"https:\/\/www.enzo-und-ferdinand.de\/wp-content\/uploads\/2024\/08\/2024_AMGGT3130Y_image_cockpit_5_4-810x608.jpg 810w, https:\/\/www.enzo-und-ferdinand.de\/wp-content\/uploads\/2024\/08\/2024_AMGGT3130Y_image_cockpit_5_4-300x225.jpg 300w, https:\/\/www.enzo-und-ferdinand.de\/wp-content\/uploads\/2024\/08\/2024_AMGGT3130Y_image_cockpit_5_4-768x576.jpg 768w, https:\/\/www.enzo-und-ferdinand.de\/wp-content\/uploads\/2024\/08\/2024_AMGGT3130Y_image_cockpit_5_4.jpg 1500w\" sizes=\"auto, (max-width: 810px) 100vw, 810px\" \/><\/figure>\n<\/figure>\n\n\n\n<p class=\"has-text-align-right has-small-font-size wp-block-paragraph\">Fotos: Mercedes-AMG\/Text: Rainer Ro\u00dfbach<\/p>\n","protected":false},"excerpt":{"rendered":"<p>Der auf 13 Exemplare limitierte GT3-Version ist zugleich die letzte Variante mit Saugmotor. Seit 130 Jahre Jahren ist die Marke mit dem Stern im Motorsport aktiv. Der erste automobile Wettbewerb, f\u00fchrt am 22. Juli 1894 von Paris nach Rouen und endet mit dem Sieg eines Daimler-Lizenzmotors. Diesen historischen Meilensteins feiert die limitierte Edition \u201e130Y Motorsport\u201c mit modernsten Motorsporttechnologien und traditionellen Designmerkmale der legend\u00e4ren Rennwagen aus den 1950er Jahren. Seine Leistung macht den nicht homologierten GT3-Fahrzeug, zum st\u00e4rksten Exemplar, das je in Affalterbach gebaut wurde. Der V8-Saugmotor wurde auf eine neue Leisstungsebene gebracht. Ohne Airrestriktor und mit einer speziellen Abgasanlage entwickelt der V8 seine Spitzenleistung von 680 PS (500 kW<\/p>\n","protected":false},"author":1,"featured_media":17923,"comment_status":"closed","ping_status":"closed","sticky":false,"template":"","format":"standard","meta":{"_crdt_document":"","ngg_post_thumbnail":0,"footnotes":""},"categories":[665,23],"tags":[206],"class_list":["post-17915","post","type-post","status-publish","format-standard","has-post-thumbnail","hentry","category-editionen","category-performance","tag-amg"],"yoast_head":"<!-- This site is optimized with the Yoast SEO plugin v27.5 - https:\/\/yoast.com\/product\/yoast-seo-wordpress\/ -->\n<title>Mercedes-AMG GT3 Edition \u201e130Y\u201c<\/title>\n<meta name=\"description\" content=\"Mercedes-AMG GT3 Edition 130Y Paris-Rouen Affalterbach Frontsplitter Luftausl\u00e4sse Heckdiffusor DRS Formel 1 Klasse 1-DTM Hochleistungsbremsanlage Sechsgang-Renngetriebe Transaxle Kohlefaser-Drehmomentrohr Sicherheitszelle \u00dcberrollk\u00e4fig Mercedes-Benz 300 SL W 194 Hans Klenk Karl Kling Carrera Panamericana 1952 Hermann Lang Fritz Riess 24 Stunden von Le Mans Mercedes-Benz SLR 300 Juan Manuel Fangio Stirling Moss Langstreckenweltmeisterschaft Mount Panorama Circuit Australien Jules Gounon Rainer Ro\u00dfbach Rainer Rossbach enzo-und-ferdinand enzo&amp;ferdinand\" \/>\n<meta name=\"robots\" content=\"index, follow, max-snippet:-1, max-image-preview:large, max-video-preview:-1\" \/>\n<link rel=\"canonical\" href=\"https:\/\/www.enzo-und-ferdinand.de\/index.php\/2024\/08\/27\/mercedes-amg-gt3-edition-130y\/\" \/>\n<meta property=\"og:locale\" content=\"de_DE\" \/>\n<meta property=\"og:type\" content=\"article\" \/>\n<meta property=\"og:title\" content=\"Mercedes-AMG GT3 Edition \u201e130Y\u201c\" \/>\n<meta property=\"og:description\" content=\"Mercedes-AMG GT3 Edition 130Y Paris-Rouen Affalterbach Frontsplitter Luftausl\u00e4sse Heckdiffusor DRS Formel 1 Klasse 1-DTM Hochleistungsbremsanlage Sechsgang-Renngetriebe Transaxle Kohlefaser-Drehmomentrohr Sicherheitszelle \u00dcberrollk\u00e4fig Mercedes-Benz 300 SL W 194 Hans Klenk Karl Kling Carrera Panamericana 1952 Hermann Lang Fritz Riess 24 Stunden von Le Mans Mercedes-Benz SLR 300 Juan Manuel Fangio Stirling Moss Langstreckenweltmeisterschaft Mount Panorama Circuit Australien Jules Gounon Rainer Ro\u00dfbach Rainer Rossbach enzo-und-ferdinand enzo&amp;ferdinand\" \/>\n<meta property=\"og:url\" content=\"https:\/\/www.enzo-und-ferdinand.de\/index.php\/2024\/08\/27\/mercedes-amg-gt3-edition-130y\/\" \/>\n<meta property=\"og:site_name\" content=\"enzo &amp; Ferdinand\" \/>\n<meta property=\"article:published_time\" content=\"2024-08-27T06:14:37+00:00\" \/>\n<meta property=\"article:modified_time\" content=\"2024-11-01T10:56:17+00:00\" \/>\n<meta property=\"og:image\" content=\"https:\/\/www.enzo-und-ferdinand.de\/wp-content\/uploads\/2024\/08\/2024_AMGGT3130Y_image_group_V_5_4.jpg\" \/>\n\t<meta property=\"og:image:width\" content=\"1500\" \/>\n\t<meta property=\"og:image:height\" content=\"1125\" \/>\n\t<meta property=\"og:image:type\" content=\"image\/jpeg\" \/>\n<meta name=\"author\" content=\"Rainer Ro\u00dfbach\" \/>\n<meta name=\"twitter:card\" content=\"summary_large_image\" \/>\n<meta name=\"twitter:label1\" content=\"Verfasst von\" \/>\n\t<meta name=\"twitter:data1\" content=\"Rainer Ro\u00dfbach\" \/>\n\t<meta name=\"twitter:label2\" content=\"Gesch\u00e4tzte Lesezeit\" \/>\n\t<meta name=\"twitter:data2\" content=\"3\u00a0Minuten\" \/>\n<script type=\"application\/ld+json\" class=\"yoast-schema-graph\">{\"@context\":\"https:\\\/\\\/schema.org\",\"@graph\":[{\"@type\":\"Article\",\"@id\":\"https:\\\/\\\/www.enzo-und-ferdinand.de\\\/index.php\\\/2024\\\/08\\\/27\\\/mercedes-amg-gt3-edition-130y\\\/#article\",\"isPartOf\":{\"@id\":\"https:\\\/\\\/www.enzo-und-ferdinand.de\\\/index.php\\\/2024\\\/08\\\/27\\\/mercedes-amg-gt3-edition-130y\\\/\"},\"author\":{\"name\":\"Rainer Ro\u00dfbach\",\"@id\":\"https:\\\/\\\/www.enzo-und-ferdinand.de\\\/#\\\/schema\\\/person\\\/aff2eb9ff87705987c1b9d21fe10b095\"},\"headline\":\"Mercedes-AMG GT3 Edition \u201e130Y\u201c\",\"datePublished\":\"2024-08-27T06:14:37+00:00\",\"dateModified\":\"2024-11-01T10:56:17+00:00\",\"mainEntityOfPage\":{\"@id\":\"https:\\\/\\\/www.enzo-und-ferdinand.de\\\/index.php\\\/2024\\\/08\\\/27\\\/mercedes-amg-gt3-edition-130y\\\/\"},\"wordCount\":697,\"publisher\":{\"@id\":\"https:\\\/\\\/www.enzo-und-ferdinand.de\\\/#organization\"},\"image\":{\"@id\":\"https:\\\/\\\/www.enzo-und-ferdinand.de\\\/index.php\\\/2024\\\/08\\\/27\\\/mercedes-amg-gt3-edition-130y\\\/#primaryimage\"},\"thumbnailUrl\":\"https:\\\/\\\/www.enzo-und-ferdinand.de\\\/wp-content\\\/uploads\\\/2024\\\/08\\\/2024_AMGGT3130Y_image_group_V_5_4.jpg\",\"keywords\":[\"AMG\"],\"articleSection\":[\"Editionen\",\"Performance\"],\"inLanguage\":\"de\"},{\"@type\":\"WebPage\",\"@id\":\"https:\\\/\\\/www.enzo-und-ferdinand.de\\\/index.php\\\/2024\\\/08\\\/27\\\/mercedes-amg-gt3-edition-130y\\\/\",\"url\":\"https:\\\/\\\/www.enzo-und-ferdinand.de\\\/index.php\\\/2024\\\/08\\\/27\\\/mercedes-amg-gt3-edition-130y\\\/\",\"name\":\"Mercedes-AMG GT3 Edition \u201e130Y\u201c\",\"isPartOf\":{\"@id\":\"https:\\\/\\\/www.enzo-und-ferdinand.de\\\/#website\"},\"primaryImageOfPage\":{\"@id\":\"https:\\\/\\\/www.enzo-und-ferdinand.de\\\/index.php\\\/2024\\\/08\\\/27\\\/mercedes-amg-gt3-edition-130y\\\/#primaryimage\"},\"image\":{\"@id\":\"https:\\\/\\\/www.enzo-und-ferdinand.de\\\/index.php\\\/2024\\\/08\\\/27\\\/mercedes-amg-gt3-edition-130y\\\/#primaryimage\"},\"thumbnailUrl\":\"https:\\\/\\\/www.enzo-und-ferdinand.de\\\/wp-content\\\/uploads\\\/2024\\\/08\\\/2024_AMGGT3130Y_image_group_V_5_4.jpg\",\"datePublished\":\"2024-08-27T06:14:37+00:00\",\"dateModified\":\"2024-11-01T10:56:17+00:00\",\"description\":\"Mercedes-AMG GT3 Edition 130Y Paris-Rouen Affalterbach Frontsplitter Luftausl\u00e4sse Heckdiffusor DRS Formel 1 Klasse 1-DTM Hochleistungsbremsanlage Sechsgang-Renngetriebe Transaxle Kohlefaser-Drehmomentrohr Sicherheitszelle \u00dcberrollk\u00e4fig Mercedes-Benz 300 SL W 194 Hans Klenk Karl Kling Carrera Panamericana 1952 Hermann Lang Fritz Riess 24 Stunden von Le Mans Mercedes-Benz SLR 300 Juan Manuel Fangio Stirling Moss Langstreckenweltmeisterschaft Mount Panorama Circuit Australien Jules Gounon Rainer Ro\u00dfbach Rainer Rossbach enzo-und-ferdinand enzo&ferdinand\",\"breadcrumb\":{\"@id\":\"https:\\\/\\\/www.enzo-und-ferdinand.de\\\/index.php\\\/2024\\\/08\\\/27\\\/mercedes-amg-gt3-edition-130y\\\/#breadcrumb\"},\"inLanguage\":\"de\",\"potentialAction\":[{\"@type\":\"ReadAction\",\"target\":[\"https:\\\/\\\/www.enzo-und-ferdinand.de\\\/index.php\\\/2024\\\/08\\\/27\\\/mercedes-amg-gt3-edition-130y\\\/\"]}]},{\"@type\":\"ImageObject\",\"inLanguage\":\"de\",\"@id\":\"https:\\\/\\\/www.enzo-und-ferdinand.de\\\/index.php\\\/2024\\\/08\\\/27\\\/mercedes-amg-gt3-edition-130y\\\/#primaryimage\",\"url\":\"https:\\\/\\\/www.enzo-und-ferdinand.de\\\/wp-content\\\/uploads\\\/2024\\\/08\\\/2024_AMGGT3130Y_image_group_V_5_4.jpg\",\"contentUrl\":\"https:\\\/\\\/www.enzo-und-ferdinand.de\\\/wp-content\\\/uploads\\\/2024\\\/08\\\/2024_AMGGT3130Y_image_group_V_5_4.jpg\",\"width\":1500,\"height\":1125,\"caption\":\"Mercedes-AMG GT3 Edition \u201e130Y\u201c\"},{\"@type\":\"BreadcrumbList\",\"@id\":\"https:\\\/\\\/www.enzo-und-ferdinand.de\\\/index.php\\\/2024\\\/08\\\/27\\\/mercedes-amg-gt3-edition-130y\\\/#breadcrumb\",\"itemListElement\":[{\"@type\":\"ListItem\",\"position\":1,\"name\":\"Startseite\",\"item\":\"https:\\\/\\\/www.enzo-und-ferdinand.de\\\/\"},{\"@type\":\"ListItem\",\"position\":2,\"name\":\"Mercedes-AMG GT3 Edition \u201e130Y\u201c\"}]},{\"@type\":\"WebSite\",\"@id\":\"https:\\\/\\\/www.enzo-und-ferdinand.de\\\/#website\",\"url\":\"https:\\\/\\\/www.enzo-und-ferdinand.de\\\/\",\"name\":\"enzo & Ferdinand\",\"description\":\"\",\"publisher\":{\"@id\":\"https:\\\/\\\/www.enzo-und-ferdinand.de\\\/#organization\"},\"potentialAction\":[{\"@type\":\"SearchAction\",\"target\":{\"@type\":\"EntryPoint\",\"urlTemplate\":\"https:\\\/\\\/www.enzo-und-ferdinand.de\\\/?s={search_term_string}\"},\"query-input\":{\"@type\":\"PropertyValueSpecification\",\"valueRequired\":true,\"valueName\":\"search_term_string\"}}],\"inLanguage\":\"de\"},{\"@type\":\"Organization\",\"@id\":\"https:\\\/\\\/www.enzo-und-ferdinand.de\\\/#organization\",\"name\":\"enzo & Ferdinand\",\"url\":\"https:\\\/\\\/www.enzo-und-ferdinand.de\\\/\",\"logo\":{\"@type\":\"ImageObject\",\"inLanguage\":\"de\",\"@id\":\"https:\\\/\\\/www.enzo-und-ferdinand.de\\\/#\\\/schema\\\/logo\\\/image\\\/\",\"url\":\"https:\\\/\\\/www.enzo-und-ferdinand.de\\\/wp-content\\\/uploads\\\/2018\\\/12\\\/revvvs-icon.png\",\"contentUrl\":\"https:\\\/\\\/www.enzo-und-ferdinand.de\\\/wp-content\\\/uploads\\\/2018\\\/12\\\/revvvs-icon.png\",\"width\":512,\"height\":512,\"caption\":\"enzo & Ferdinand\"},\"image\":{\"@id\":\"https:\\\/\\\/www.enzo-und-ferdinand.de\\\/#\\\/schema\\\/logo\\\/image\\\/\"}},{\"@type\":\"Person\",\"@id\":\"https:\\\/\\\/www.enzo-und-ferdinand.de\\\/#\\\/schema\\\/person\\\/aff2eb9ff87705987c1b9d21fe10b095\",\"name\":\"Rainer Ro\u00dfbach\",\"image\":{\"@type\":\"ImageObject\",\"inLanguage\":\"de\",\"@id\":\"https:\\\/\\\/www.enzo-und-ferdinand.de\\\/wp-content\\\/uploads\\\/2026\\\/01\\\/Rainer-Rossbach-150x150.jpg\",\"url\":\"https:\\\/\\\/www.enzo-und-ferdinand.de\\\/wp-content\\\/uploads\\\/2026\\\/01\\\/Rainer-Rossbach-150x150.jpg\",\"contentUrl\":\"https:\\\/\\\/www.enzo-und-ferdinand.de\\\/wp-content\\\/uploads\\\/2026\\\/01\\\/Rainer-Rossbach-150x150.jpg\",\"caption\":\"Rainer Ro\u00dfbach\"},\"url\":\"https:\\\/\\\/www.enzo-und-ferdinand.de\\\/index.php\\\/author\\\/redaktion\\\/\"}]}<\/script>\n<!-- \/ Yoast SEO plugin. -->","yoast_head_json":{"title":"Mercedes-AMG GT3 Edition \u201e130Y\u201c","description":"Mercedes-AMG GT3 Edition 130Y Paris-Rouen Affalterbach Frontsplitter Luftausl\u00e4sse Heckdiffusor DRS Formel 1 Klasse 1-DTM Hochleistungsbremsanlage Sechsgang-Renngetriebe Transaxle Kohlefaser-Drehmomentrohr Sicherheitszelle \u00dcberrollk\u00e4fig Mercedes-Benz 300 SL W 194 Hans Klenk Karl Kling Carrera Panamericana 1952 Hermann Lang Fritz Riess 24 Stunden von Le Mans Mercedes-Benz SLR 300 Juan Manuel Fangio Stirling Moss Langstreckenweltmeisterschaft Mount Panorama Circuit Australien Jules Gounon Rainer Ro\u00dfbach Rainer Rossbach enzo-und-ferdinand enzo&ferdinand","robots":{"index":"index","follow":"follow","max-snippet":"max-snippet:-1","max-image-preview":"max-image-preview:large","max-video-preview":"max-video-preview:-1"},"canonical":"https:\/\/www.enzo-und-ferdinand.de\/index.php\/2024\/08\/27\/mercedes-amg-gt3-edition-130y\/","og_locale":"de_DE","og_type":"article","og_title":"Mercedes-AMG GT3 Edition \u201e130Y\u201c","og_description":"Mercedes-AMG GT3 Edition 130Y Paris-Rouen Affalterbach Frontsplitter Luftausl\u00e4sse Heckdiffusor DRS Formel 1 Klasse 1-DTM Hochleistungsbremsanlage Sechsgang-Renngetriebe Transaxle Kohlefaser-Drehmomentrohr Sicherheitszelle \u00dcberrollk\u00e4fig Mercedes-Benz 300 SL W 194 Hans Klenk Karl Kling Carrera Panamericana 1952 Hermann Lang Fritz Riess 24 Stunden von Le Mans Mercedes-Benz SLR 300 Juan Manuel Fangio Stirling Moss Langstreckenweltmeisterschaft Mount Panorama Circuit Australien Jules Gounon Rainer Ro\u00dfbach Rainer Rossbach enzo-und-ferdinand enzo&ferdinand","og_url":"https:\/\/www.enzo-und-ferdinand.de\/index.php\/2024\/08\/27\/mercedes-amg-gt3-edition-130y\/","og_site_name":"enzo &amp; Ferdinand","article_published_time":"2024-08-27T06:14:37+00:00","article_modified_time":"2024-11-01T10:56:17+00:00","og_image":[{"width":1500,"height":1125,"url":"https:\/\/www.enzo-und-ferdinand.de\/wp-content\/uploads\/2024\/08\/2024_AMGGT3130Y_image_group_V_5_4.jpg","type":"image\/jpeg"}],"author":"Rainer Ro\u00dfbach","twitter_card":"summary_large_image","twitter_misc":{"Verfasst von":"Rainer Ro\u00dfbach","Gesch\u00e4tzte Lesezeit":"3\u00a0Minuten"},"schema":{"@context":"https:\/\/schema.org","@graph":[{"@type":"Article","@id":"https:\/\/www.enzo-und-ferdinand.de\/index.php\/2024\/08\/27\/mercedes-amg-gt3-edition-130y\/#article","isPartOf":{"@id":"https:\/\/www.enzo-und-ferdinand.de\/index.php\/2024\/08\/27\/mercedes-amg-gt3-edition-130y\/"},"author":{"name":"Rainer Ro\u00dfbach","@id":"https:\/\/www.enzo-und-ferdinand.de\/#\/schema\/person\/aff2eb9ff87705987c1b9d21fe10b095"},"headline":"Mercedes-AMG GT3 Edition \u201e130Y\u201c","datePublished":"2024-08-27T06:14:37+00:00","dateModified":"2024-11-01T10:56:17+00:00","mainEntityOfPage":{"@id":"https:\/\/www.enzo-und-ferdinand.de\/index.php\/2024\/08\/27\/mercedes-amg-gt3-edition-130y\/"},"wordCount":697,"publisher":{"@id":"https:\/\/www.enzo-und-ferdinand.de\/#organization"},"image":{"@id":"https:\/\/www.enzo-und-ferdinand.de\/index.php\/2024\/08\/27\/mercedes-amg-gt3-edition-130y\/#primaryimage"},"thumbnailUrl":"https:\/\/www.enzo-und-ferdinand.de\/wp-content\/uploads\/2024\/08\/2024_AMGGT3130Y_image_group_V_5_4.jpg","keywords":["AMG"],"articleSection":["Editionen","Performance"],"inLanguage":"de"},{"@type":"WebPage","@id":"https:\/\/www.enzo-und-ferdinand.de\/index.php\/2024\/08\/27\/mercedes-amg-gt3-edition-130y\/","url":"https:\/\/www.enzo-und-ferdinand.de\/index.php\/2024\/08\/27\/mercedes-amg-gt3-edition-130y\/","name":"Mercedes-AMG GT3 Edition \u201e130Y\u201c","isPartOf":{"@id":"https:\/\/www.enzo-und-ferdinand.de\/#website"},"primaryImageOfPage":{"@id":"https:\/\/www.enzo-und-ferdinand.de\/index.php\/2024\/08\/27\/mercedes-amg-gt3-edition-130y\/#primaryimage"},"image":{"@id":"https:\/\/www.enzo-und-ferdinand.de\/index.php\/2024\/08\/27\/mercedes-amg-gt3-edition-130y\/#primaryimage"},"thumbnailUrl":"https:\/\/www.enzo-und-ferdinand.de\/wp-content\/uploads\/2024\/08\/2024_AMGGT3130Y_image_group_V_5_4.jpg","datePublished":"2024-08-27T06:14:37+00:00","dateModified":"2024-11-01T10:56:17+00:00","description":"Mercedes-AMG GT3 Edition 130Y Paris-Rouen Affalterbach Frontsplitter Luftausl\u00e4sse Heckdiffusor DRS Formel 1 Klasse 1-DTM Hochleistungsbremsanlage Sechsgang-Renngetriebe Transaxle Kohlefaser-Drehmomentrohr Sicherheitszelle \u00dcberrollk\u00e4fig Mercedes-Benz 300 SL W 194 Hans Klenk Karl Kling Carrera Panamericana 1952 Hermann Lang Fritz Riess 24 Stunden von Le Mans Mercedes-Benz SLR 300 Juan Manuel Fangio Stirling Moss Langstreckenweltmeisterschaft Mount Panorama Circuit Australien Jules Gounon Rainer Ro\u00dfbach Rainer Rossbach enzo-und-ferdinand enzo&ferdinand","breadcrumb":{"@id":"https:\/\/www.enzo-und-ferdinand.de\/index.php\/2024\/08\/27\/mercedes-amg-gt3-edition-130y\/#breadcrumb"},"inLanguage":"de","potentialAction":[{"@type":"ReadAction","target":["https:\/\/www.enzo-und-ferdinand.de\/index.php\/2024\/08\/27\/mercedes-amg-gt3-edition-130y\/"]}]},{"@type":"ImageObject","inLanguage":"de","@id":"https:\/\/www.enzo-und-ferdinand.de\/index.php\/2024\/08\/27\/mercedes-amg-gt3-edition-130y\/#primaryimage","url":"https:\/\/www.enzo-und-ferdinand.de\/wp-content\/uploads\/2024\/08\/2024_AMGGT3130Y_image_group_V_5_4.jpg","contentUrl":"https:\/\/www.enzo-und-ferdinand.de\/wp-content\/uploads\/2024\/08\/2024_AMGGT3130Y_image_group_V_5_4.jpg","width":1500,"height":1125,"caption":"Mercedes-AMG GT3 Edition \u201e130Y\u201c"},{"@type":"BreadcrumbList","@id":"https:\/\/www.enzo-und-ferdinand.de\/index.php\/2024\/08\/27\/mercedes-amg-gt3-edition-130y\/#breadcrumb","itemListElement":[{"@type":"ListItem","position":1,"name":"Startseite","item":"https:\/\/www.enzo-und-ferdinand.de\/"},{"@type":"ListItem","position":2,"name":"Mercedes-AMG GT3 Edition \u201e130Y\u201c"}]},{"@type":"WebSite","@id":"https:\/\/www.enzo-und-ferdinand.de\/#website","url":"https:\/\/www.enzo-und-ferdinand.de\/","name":"enzo & Ferdinand","description":"","publisher":{"@id":"https:\/\/www.enzo-und-ferdinand.de\/#organization"},"potentialAction":[{"@type":"SearchAction","target":{"@type":"EntryPoint","urlTemplate":"https:\/\/www.enzo-und-ferdinand.de\/?s={search_term_string}"},"query-input":{"@type":"PropertyValueSpecification","valueRequired":true,"valueName":"search_term_string"}}],"inLanguage":"de"},{"@type":"Organization","@id":"https:\/\/www.enzo-und-ferdinand.de\/#organization","name":"enzo & Ferdinand","url":"https:\/\/www.enzo-und-ferdinand.de\/","logo":{"@type":"ImageObject","inLanguage":"de","@id":"https:\/\/www.enzo-und-ferdinand.de\/#\/schema\/logo\/image\/","url":"https:\/\/www.enzo-und-ferdinand.de\/wp-content\/uploads\/2018\/12\/revvvs-icon.png","contentUrl":"https:\/\/www.enzo-und-ferdinand.de\/wp-content\/uploads\/2018\/12\/revvvs-icon.png","width":512,"height":512,"caption":"enzo & Ferdinand"},"image":{"@id":"https:\/\/www.enzo-und-ferdinand.de\/#\/schema\/logo\/image\/"}},{"@type":"Person","@id":"https:\/\/www.enzo-und-ferdinand.de\/#\/schema\/person\/aff2eb9ff87705987c1b9d21fe10b095","name":"Rainer Ro\u00dfbach","image":{"@type":"ImageObject","inLanguage":"de","@id":"https:\/\/www.enzo-und-ferdinand.de\/wp-content\/uploads\/2026\/01\/Rainer-Rossbach-150x150.jpg","url":"https:\/\/www.enzo-und-ferdinand.de\/wp-content\/uploads\/2026\/01\/Rainer-Rossbach-150x150.jpg","contentUrl":"https:\/\/www.enzo-und-ferdinand.de\/wp-content\/uploads\/2026\/01\/Rainer-Rossbach-150x150.jpg","caption":"Rainer Ro\u00dfbach"},"url":"https:\/\/www.enzo-und-ferdinand.de\/index.php\/author\/redaktion\/"}]}},"_links":{"self":[{"href":"https:\/\/www.enzo-und-ferdinand.de\/index.php\/wp-json\/wp\/v2\/posts\/17915","targetHints":{"allow":["GET"]}}],"collection":[{"href":"https:\/\/www.enzo-und-ferdinand.de\/index.php\/wp-json\/wp\/v2\/posts"}],"about":[{"href":"https:\/\/www.enzo-und-ferdinand.de\/index.php\/wp-json\/wp\/v2\/types\/post"}],"author":[{"embeddable":true,"href":"https:\/\/www.enzo-und-ferdinand.de\/index.php\/wp-json\/wp\/v2\/users\/1"}],"replies":[{"embeddable":true,"href":"https:\/\/www.enzo-und-ferdinand.de\/index.php\/wp-json\/wp\/v2\/comments?post=17915"}],"version-history":[{"count":2,"href":"https:\/\/www.enzo-und-ferdinand.de\/index.php\/wp-json\/wp\/v2\/posts\/17915\/revisions"}],"predecessor-version":[{"id":17927,"href":"https:\/\/www.enzo-und-ferdinand.de\/index.php\/wp-json\/wp\/v2\/posts\/17915\/revisions\/17927"}],"wp:featuredmedia":[{"embeddable":true,"href":"https:\/\/www.enzo-und-ferdinand.de\/index.php\/wp-json\/wp\/v2\/media\/17923"}],"wp:attachment":[{"href":"https:\/\/www.enzo-und-ferdinand.de\/index.php\/wp-json\/wp\/v2\/media?parent=17915"}],"wp:term":[{"taxonomy":"category","embeddable":true,"href":"https:\/\/www.enzo-und-ferdinand.de\/index.php\/wp-json\/wp\/v2\/categories?post=17915"},{"taxonomy":"post_tag","embeddable":true,"href":"https:\/\/www.enzo-und-ferdinand.de\/index.php\/wp-json\/wp\/v2\/tags?post=17915"}],"curies":[{"name":"wp","href":"https:\/\/api.w.org\/{rel}","templated":true}]}}