{"id":17995,"date":"2024-09-06T08:32:22","date_gmt":"2024-09-06T06:32:22","guid":{"rendered":"https:\/\/www.enzo-und-ferdinand.de\/?p=17995"},"modified":"2024-11-01T12:04:27","modified_gmt":"2024-11-01T11:04:27","slug":"renault-17-electric-restomod-x-ora-ito","status":"publish","type":"post","link":"https:\/\/www.enzo-und-ferdinand.de\/index.php\/2024\/09\/06\/renault-17-electric-restomod-x-ora-ito\/","title":{"rendered":"Renault\u00a017 electric restomod x Ora \u00cfto"},"content":{"rendered":"\n<figure class=\"wp-block-image size-large is-resized\"><img loading=\"lazy\" decoding=\"async\" width=\"810\" height=\"540\" src=\"https:\/\/www.enzo-und-ferdinand.de\/wp-content\/uploads\/2024\/09\/R-DAM_1593973-810x540.jpg\" alt=\"\" class=\"wp-image-18000\" style=\"width:880px;height:auto\" srcset=\"https:\/\/www.enzo-und-ferdinand.de\/wp-content\/uploads\/2024\/09\/R-DAM_1593973-810x540.jpg 810w, https:\/\/www.enzo-und-ferdinand.de\/wp-content\/uploads\/2024\/09\/R-DAM_1593973-300x200.jpg 300w, https:\/\/www.enzo-und-ferdinand.de\/wp-content\/uploads\/2024\/09\/R-DAM_1593973-768x512.jpg 768w, https:\/\/www.enzo-und-ferdinand.de\/wp-content\/uploads\/2024\/09\/R-DAM_1593973-120x80.jpg 120w, https:\/\/www.enzo-und-ferdinand.de\/wp-content\/uploads\/2024\/09\/R-DAM_1593973.jpg 1500w\" sizes=\"auto, (max-width: 810px) 100vw, 810px\" \/><\/figure>\n\n\n\n<p class=\"wp-block-paragraph\">Der urspr\u00fcngliche Renault&nbsp;17 zeigte ein sportliches Design mit vier Rundscheinwerfern, rahmenlosen Fenstern und einer Coup\u00e9-Karosserie. Der restomod verf\u00fcgt \u00fcber eine identische Kabine, T\u00fcren, Fenster, Verglasung, Dichtungen und Unterboden. Das Einzelst\u00fcck spiegelt die Geschichte und den Charakter des originalen Renault&nbsp;17 wider und verbindet den klassischen Charme des Originals mit Technologien und Materialien von heute.<\/p>\n\n\n\n<p class=\"wp-block-paragraph\">Die Karosserie wurde um 17 Zentimeter verbreitert, die Scheinwerfer bestehen aus vier rechteckigen Modulen mit abgerundeten Ecken, die R\u00fcckleuchten bestehen aus einem einzigen Lichtband. Das Karbonfaser-Chassis mit seinen b\u00fcndig abschlie\u00dfenden Konturen sorgt f\u00fcr ein Gesamtgewicht von 1,4&nbsp;Tonnen. Im Fahrzeugheck befindet sich ein 199&nbsp;kW&nbsp;\/&nbsp;270&nbsp;PS starker Elektromotor. Die Lackfarbe nennt sich \u201eGalactic Brown\u201c.<\/p>\n\n\n\n<figure class=\"wp-block-gallery has-nested-images columns-2 is-cropped wp-block-gallery-1 is-layout-flex wp-block-gallery-is-layout-flex\">\n<figure class=\"wp-block-image size-large\"><img loading=\"lazy\" decoding=\"async\" width=\"810\" height=\"540\" data-id=\"18003\" src=\"https:\/\/www.enzo-und-ferdinand.de\/wp-content\/uploads\/2024\/09\/R-DAM_1593982-810x540.jpg\" alt=\"\" class=\"wp-image-18003\" srcset=\"https:\/\/www.enzo-und-ferdinand.de\/wp-content\/uploads\/2024\/09\/R-DAM_1593982-810x540.jpg 810w, https:\/\/www.enzo-und-ferdinand.de\/wp-content\/uploads\/2024\/09\/R-DAM_1593982-300x200.jpg 300w, https:\/\/www.enzo-und-ferdinand.de\/wp-content\/uploads\/2024\/09\/R-DAM_1593982-768x512.jpg 768w, https:\/\/www.enzo-und-ferdinand.de\/wp-content\/uploads\/2024\/09\/R-DAM_1593982-120x80.jpg 120w, https:\/\/www.enzo-und-ferdinand.de\/wp-content\/uploads\/2024\/09\/R-DAM_1593982.jpg 1500w\" sizes=\"auto, (max-width: 810px) 100vw, 810px\" \/><\/figure>\n\n\n\n<figure class=\"wp-block-image size-large\"><img loading=\"lazy\" decoding=\"async\" width=\"810\" height=\"540\" data-id=\"18002\" src=\"https:\/\/www.enzo-und-ferdinand.de\/wp-content\/uploads\/2024\/09\/R-DAM_1593979-810x540.jpg\" alt=\"\" class=\"wp-image-18002\" srcset=\"https:\/\/www.enzo-und-ferdinand.de\/wp-content\/uploads\/2024\/09\/R-DAM_1593979-810x540.jpg 810w, https:\/\/www.enzo-und-ferdinand.de\/wp-content\/uploads\/2024\/09\/R-DAM_1593979-300x200.jpg 300w, https:\/\/www.enzo-und-ferdinand.de\/wp-content\/uploads\/2024\/09\/R-DAM_1593979-768x512.jpg 768w, https:\/\/www.enzo-und-ferdinand.de\/wp-content\/uploads\/2024\/09\/R-DAM_1593979-120x80.jpg 120w, https:\/\/www.enzo-und-ferdinand.de\/wp-content\/uploads\/2024\/09\/R-DAM_1593979.jpg 1500w\" sizes=\"auto, (max-width: 810px) 100vw, 810px\" \/><\/figure>\n\n\n\n<figure class=\"wp-block-image size-large\"><img loading=\"lazy\" decoding=\"async\" width=\"810\" height=\"540\" data-id=\"18001\" src=\"https:\/\/www.enzo-und-ferdinand.de\/wp-content\/uploads\/2024\/09\/R-DAM_1593976-810x540.jpg\" alt=\"\" class=\"wp-image-18001\" srcset=\"https:\/\/www.enzo-und-ferdinand.de\/wp-content\/uploads\/2024\/09\/R-DAM_1593976-810x540.jpg 810w, https:\/\/www.enzo-und-ferdinand.de\/wp-content\/uploads\/2024\/09\/R-DAM_1593976-300x200.jpg 300w, https:\/\/www.enzo-und-ferdinand.de\/wp-content\/uploads\/2024\/09\/R-DAM_1593976-768x512.jpg 768w, https:\/\/www.enzo-und-ferdinand.de\/wp-content\/uploads\/2024\/09\/R-DAM_1593976-120x80.jpg 120w, https:\/\/www.enzo-und-ferdinand.de\/wp-content\/uploads\/2024\/09\/R-DAM_1593976.jpg 1500w\" sizes=\"auto, (max-width: 810px) 100vw, 810px\" \/><\/figure>\n<\/figure>\n\n\n\n<p class=\"wp-block-paragraph\">Im Innenraum pflegt der elektrische R17 den Stil eines Touring-Modells: komfortable Sitze, eine komplette Ausstattung sowie eine hochwertige Verarbeitung mit \u00c4nderungen am Armaturenbrett und der Mittelkonsole. Die Sitzbez\u00fcge bestehen aus einer Mischung aus feiner Merinowolle und dickem Wollboucl\u00e9. Ein zentraler Bildschirm sowie vier kleine geometrische Bildschirme hinter dem Lenkrad versorgen Fahrerinnen und Fahrer mit Informationen und sind von den Instrumentenanzeigen des Originals inspiriert.<\/p>\n\n\n\n<p class=\"wp-block-paragraph\">Der R17 electric restomod x Ora \u00cfto ist zun\u00e4chst bis zum 11. September im Maison5 in Paris zu sehen. Anschlie\u00dfend wird das Showcar vom 12. bis 15. September beim \u201eChantilly Arts &amp; Elegant Richard Mille\u201c pr\u00e4sentiert, bevor es vom 14. bis 20. Oktober auf dem Renault Stand des Pariser Automobilsalons ausgestellt wird.<\/p>\n\n\n\n<figure class=\"wp-block-gallery has-nested-images columns-2 is-cropped wp-block-gallery-2 is-layout-flex wp-block-gallery-is-layout-flex\">\n<figure class=\"wp-block-image size-large\"><img loading=\"lazy\" decoding=\"async\" width=\"810\" height=\"884\" data-id=\"18006\" src=\"https:\/\/www.enzo-und-ferdinand.de\/wp-content\/uploads\/2024\/09\/R-DAM_1593991-810x884.jpg\" alt=\"\" class=\"wp-image-18006\" srcset=\"https:\/\/www.enzo-und-ferdinand.de\/wp-content\/uploads\/2024\/09\/R-DAM_1593991-810x884.jpg 810w, https:\/\/www.enzo-und-ferdinand.de\/wp-content\/uploads\/2024\/09\/R-DAM_1593991-275x300.jpg 275w, https:\/\/www.enzo-und-ferdinand.de\/wp-content\/uploads\/2024\/09\/R-DAM_1593991-768x838.jpg 768w, https:\/\/www.enzo-und-ferdinand.de\/wp-content\/uploads\/2024\/09\/R-DAM_1593991-1407x1536.jpg 1407w, https:\/\/www.enzo-und-ferdinand.de\/wp-content\/uploads\/2024\/09\/R-DAM_1593991.jpg 1500w\" sizes=\"auto, (max-width: 810px) 100vw, 810px\" \/><\/figure>\n\n\n\n<figure class=\"wp-block-image size-large\"><img loading=\"lazy\" decoding=\"async\" width=\"810\" height=\"884\" data-id=\"18005\" src=\"https:\/\/www.enzo-und-ferdinand.de\/wp-content\/uploads\/2024\/09\/R-DAM_1594000-810x884.jpg\" alt=\"\" class=\"wp-image-18005\" srcset=\"https:\/\/www.enzo-und-ferdinand.de\/wp-content\/uploads\/2024\/09\/R-DAM_1594000-810x884.jpg 810w, https:\/\/www.enzo-und-ferdinand.de\/wp-content\/uploads\/2024\/09\/R-DAM_1594000-275x300.jpg 275w, https:\/\/www.enzo-und-ferdinand.de\/wp-content\/uploads\/2024\/09\/R-DAM_1594000-768x838.jpg 768w, https:\/\/www.enzo-und-ferdinand.de\/wp-content\/uploads\/2024\/09\/R-DAM_1594000-1407x1536.jpg 1407w, https:\/\/www.enzo-und-ferdinand.de\/wp-content\/uploads\/2024\/09\/R-DAM_1594000.jpg 1500w\" sizes=\"auto, (max-width: 810px) 100vw, 810px\" \/><\/figure>\n\n\n\n<figure class=\"wp-block-image size-large\"><img loading=\"lazy\" decoding=\"async\" width=\"810\" height=\"649\" data-id=\"17998\" src=\"https:\/\/www.enzo-und-ferdinand.de\/wp-content\/uploads\/2024\/09\/COA19730350101-810x649.jpg\" alt=\"\" class=\"wp-image-17998\" srcset=\"https:\/\/www.enzo-und-ferdinand.de\/wp-content\/uploads\/2024\/09\/COA19730350101-810x649.jpg 810w, https:\/\/www.enzo-und-ferdinand.de\/wp-content\/uploads\/2024\/09\/COA19730350101-300x240.jpg 300w, https:\/\/www.enzo-und-ferdinand.de\/wp-content\/uploads\/2024\/09\/COA19730350101-768x615.jpg 768w, https:\/\/www.enzo-und-ferdinand.de\/wp-content\/uploads\/2024\/09\/COA19730350101.jpg 1500w\" sizes=\"auto, (max-width: 810px) 100vw, 810px\" \/><\/figure>\n<\/figure>\n\n\n\n<p class=\"has-text-align-right has-small-font-size wp-block-paragraph\">Fotos: Renault\/Text: Rainer Ro\u00dfbach<\/p>\n","protected":false},"excerpt":{"rendered":"<p>Der urspr\u00fcngliche Renault\u00a017 zeigte ein sportliches Design mit vier Rundscheinwerfern, rahmenlosen Fenstern und einer Coup\u00e9-Karosserie. Der restomod verf\u00fcgt \u00fcber eine identische Kabine, T\u00fcren, Fenster, Verglasung, Dichtungen und Unterboden. Das Einzelst\u00fcck spiegelt die Geschichte und den Charakter des originalen Renault\u00a017 wider und verbindet den klassischen Charme des Originals mit Technologien und Materialien von heute.<\/p>\n","protected":false},"author":1,"featured_media":17999,"comment_status":"closed","ping_status":"closed","sticky":false,"template":"","format":"standard","meta":{"_crdt_document":"","ngg_post_thumbnail":0,"footnotes":""},"categories":[681,685],"tags":[190,679],"class_list":["post-17995","post","type-post","status-publish","format-standard","has-post-thumbnail","hentry","category-elektro","category-restomod","tag-renault","tag-restomod"],"yoast_head":"<!-- This site is optimized with the Yoast SEO plugin v27.5 - https:\/\/yoast.com\/product\/yoast-seo-wordpress\/ -->\n<title>Renault\u00a017 electric restomod x Ora \u00cfto<\/title>\n<meta name=\"description\" content=\"Renault\u00a017 electric restomod x Ora \u00cfto Renault\u00a017 Karbonfaser-Chassis Elektromotor Maison5 Chantilly Arts &amp; Elegant Richard Mille Pariser Automobilsalon Rainer Rossbach Rainer Ro\u00dfbach enzo-und-ferdinand enzo&amp;ferdinand\" \/>\n<meta name=\"robots\" content=\"index, follow, max-snippet:-1, max-image-preview:large, max-video-preview:-1\" \/>\n<link rel=\"canonical\" href=\"https:\/\/www.enzo-und-ferdinand.de\/index.php\/2024\/09\/06\/renault-17-electric-restomod-x-ora-ito\/\" \/>\n<meta property=\"og:locale\" content=\"de_DE\" \/>\n<meta property=\"og:type\" content=\"article\" \/>\n<meta property=\"og:title\" content=\"Renault\u00a017 electric restomod x Ora \u00cfto\" \/>\n<meta property=\"og:description\" content=\"Renault\u00a017 electric restomod x Ora \u00cfto Renault\u00a017 Karbonfaser-Chassis Elektromotor Maison5 Chantilly Arts &amp; Elegant Richard Mille Pariser Automobilsalon Rainer Rossbach Rainer Ro\u00dfbach enzo-und-ferdinand enzo&amp;ferdinand\" \/>\n<meta property=\"og:url\" content=\"https:\/\/www.enzo-und-ferdinand.de\/index.php\/2024\/09\/06\/renault-17-electric-restomod-x-ora-ito\/\" \/>\n<meta property=\"og:site_name\" content=\"enzo &amp; Ferdinand\" \/>\n<meta property=\"article:published_time\" content=\"2024-09-06T06:32:22+00:00\" \/>\n<meta property=\"article:modified_time\" content=\"2024-11-01T11:04:27+00:00\" \/>\n<meta property=\"og:image\" content=\"https:\/\/www.enzo-und-ferdinand.de\/wp-content\/uploads\/2024\/09\/R-DAM_1593970.jpg\" \/>\n\t<meta property=\"og:image:width\" content=\"1500\" \/>\n\t<meta property=\"og:image:height\" content=\"1001\" \/>\n\t<meta property=\"og:image:type\" content=\"image\/jpeg\" \/>\n<meta name=\"author\" content=\"Rainer Ro\u00dfbach\" \/>\n<meta name=\"twitter:card\" content=\"summary_large_image\" \/>\n<meta name=\"twitter:label1\" content=\"Verfasst von\" \/>\n\t<meta name=\"twitter:data1\" content=\"Rainer Ro\u00dfbach\" \/>\n\t<meta name=\"twitter:label2\" content=\"Gesch\u00e4tzte Lesezeit\" \/>\n\t<meta name=\"twitter:data2\" content=\"1\u00a0Minute\" \/>\n<script type=\"application\/ld+json\" class=\"yoast-schema-graph\">{\"@context\":\"https:\\\/\\\/schema.org\",\"@graph\":[{\"@type\":\"Article\",\"@id\":\"https:\\\/\\\/www.enzo-und-ferdinand.de\\\/index.php\\\/2024\\\/09\\\/06\\\/renault-17-electric-restomod-x-ora-ito\\\/#article\",\"isPartOf\":{\"@id\":\"https:\\\/\\\/www.enzo-und-ferdinand.de\\\/index.php\\\/2024\\\/09\\\/06\\\/renault-17-electric-restomod-x-ora-ito\\\/\"},\"author\":{\"name\":\"Rainer Ro\u00dfbach\",\"@id\":\"https:\\\/\\\/www.enzo-und-ferdinand.de\\\/#\\\/schema\\\/person\\\/aff2eb9ff87705987c1b9d21fe10b095\"},\"headline\":\"Renault\u00a017 electric restomod x Ora \u00cfto\",\"datePublished\":\"2024-09-06T06:32:22+00:00\",\"dateModified\":\"2024-11-01T11:04:27+00:00\",\"mainEntityOfPage\":{\"@id\":\"https:\\\/\\\/www.enzo-und-ferdinand.de\\\/index.php\\\/2024\\\/09\\\/06\\\/renault-17-electric-restomod-x-ora-ito\\\/\"},\"wordCount\":246,\"publisher\":{\"@id\":\"https:\\\/\\\/www.enzo-und-ferdinand.de\\\/#organization\"},\"image\":{\"@id\":\"https:\\\/\\\/www.enzo-und-ferdinand.de\\\/index.php\\\/2024\\\/09\\\/06\\\/renault-17-electric-restomod-x-ora-ito\\\/#primaryimage\"},\"thumbnailUrl\":\"https:\\\/\\\/www.enzo-und-ferdinand.de\\\/wp-content\\\/uploads\\\/2024\\\/09\\\/R-DAM_1593970.jpg\",\"keywords\":[\"Renault\",\"Restomod\"],\"articleSection\":[\"Elektro\",\"Restomod\"],\"inLanguage\":\"de\"},{\"@type\":\"WebPage\",\"@id\":\"https:\\\/\\\/www.enzo-und-ferdinand.de\\\/index.php\\\/2024\\\/09\\\/06\\\/renault-17-electric-restomod-x-ora-ito\\\/\",\"url\":\"https:\\\/\\\/www.enzo-und-ferdinand.de\\\/index.php\\\/2024\\\/09\\\/06\\\/renault-17-electric-restomod-x-ora-ito\\\/\",\"name\":\"Renault\u00a017 electric restomod x Ora \u00cfto\",\"isPartOf\":{\"@id\":\"https:\\\/\\\/www.enzo-und-ferdinand.de\\\/#website\"},\"primaryImageOfPage\":{\"@id\":\"https:\\\/\\\/www.enzo-und-ferdinand.de\\\/index.php\\\/2024\\\/09\\\/06\\\/renault-17-electric-restomod-x-ora-ito\\\/#primaryimage\"},\"image\":{\"@id\":\"https:\\\/\\\/www.enzo-und-ferdinand.de\\\/index.php\\\/2024\\\/09\\\/06\\\/renault-17-electric-restomod-x-ora-ito\\\/#primaryimage\"},\"thumbnailUrl\":\"https:\\\/\\\/www.enzo-und-ferdinand.de\\\/wp-content\\\/uploads\\\/2024\\\/09\\\/R-DAM_1593970.jpg\",\"datePublished\":\"2024-09-06T06:32:22+00:00\",\"dateModified\":\"2024-11-01T11:04:27+00:00\",\"description\":\"Renault\u00a017 electric restomod x Ora \u00cfto Renault\u00a017 Karbonfaser-Chassis Elektromotor Maison5 Chantilly Arts & Elegant Richard Mille Pariser Automobilsalon Rainer Rossbach Rainer Ro\u00dfbach enzo-und-ferdinand enzo&ferdinand\",\"breadcrumb\":{\"@id\":\"https:\\\/\\\/www.enzo-und-ferdinand.de\\\/index.php\\\/2024\\\/09\\\/06\\\/renault-17-electric-restomod-x-ora-ito\\\/#breadcrumb\"},\"inLanguage\":\"de\",\"potentialAction\":[{\"@type\":\"ReadAction\",\"target\":[\"https:\\\/\\\/www.enzo-und-ferdinand.de\\\/index.php\\\/2024\\\/09\\\/06\\\/renault-17-electric-restomod-x-ora-ito\\\/\"]}]},{\"@type\":\"ImageObject\",\"inLanguage\":\"de\",\"@id\":\"https:\\\/\\\/www.enzo-und-ferdinand.de\\\/index.php\\\/2024\\\/09\\\/06\\\/renault-17-electric-restomod-x-ora-ito\\\/#primaryimage\",\"url\":\"https:\\\/\\\/www.enzo-und-ferdinand.de\\\/wp-content\\\/uploads\\\/2024\\\/09\\\/R-DAM_1593970.jpg\",\"contentUrl\":\"https:\\\/\\\/www.enzo-und-ferdinand.de\\\/wp-content\\\/uploads\\\/2024\\\/09\\\/R-DAM_1593970.jpg\",\"width\":1500,\"height\":1001,\"caption\":\"Renault 17 electric restomod x Ora \u00cfto\"},{\"@type\":\"BreadcrumbList\",\"@id\":\"https:\\\/\\\/www.enzo-und-ferdinand.de\\\/index.php\\\/2024\\\/09\\\/06\\\/renault-17-electric-restomod-x-ora-ito\\\/#breadcrumb\",\"itemListElement\":[{\"@type\":\"ListItem\",\"position\":1,\"name\":\"Startseite\",\"item\":\"https:\\\/\\\/www.enzo-und-ferdinand.de\\\/\"},{\"@type\":\"ListItem\",\"position\":2,\"name\":\"Renault\u00a017 electric restomod x Ora \u00cfto\"}]},{\"@type\":\"WebSite\",\"@id\":\"https:\\\/\\\/www.enzo-und-ferdinand.de\\\/#website\",\"url\":\"https:\\\/\\\/www.enzo-und-ferdinand.de\\\/\",\"name\":\"enzo & Ferdinand\",\"description\":\"\",\"publisher\":{\"@id\":\"https:\\\/\\\/www.enzo-und-ferdinand.de\\\/#organization\"},\"potentialAction\":[{\"@type\":\"SearchAction\",\"target\":{\"@type\":\"EntryPoint\",\"urlTemplate\":\"https:\\\/\\\/www.enzo-und-ferdinand.de\\\/?s={search_term_string}\"},\"query-input\":{\"@type\":\"PropertyValueSpecification\",\"valueRequired\":true,\"valueName\":\"search_term_string\"}}],\"inLanguage\":\"de\"},{\"@type\":\"Organization\",\"@id\":\"https:\\\/\\\/www.enzo-und-ferdinand.de\\\/#organization\",\"name\":\"enzo & Ferdinand\",\"url\":\"https:\\\/\\\/www.enzo-und-ferdinand.de\\\/\",\"logo\":{\"@type\":\"ImageObject\",\"inLanguage\":\"de\",\"@id\":\"https:\\\/\\\/www.enzo-und-ferdinand.de\\\/#\\\/schema\\\/logo\\\/image\\\/\",\"url\":\"https:\\\/\\\/www.enzo-und-ferdinand.de\\\/wp-content\\\/uploads\\\/2018\\\/12\\\/revvvs-icon.png\",\"contentUrl\":\"https:\\\/\\\/www.enzo-und-ferdinand.de\\\/wp-content\\\/uploads\\\/2018\\\/12\\\/revvvs-icon.png\",\"width\":512,\"height\":512,\"caption\":\"enzo & Ferdinand\"},\"image\":{\"@id\":\"https:\\\/\\\/www.enzo-und-ferdinand.de\\\/#\\\/schema\\\/logo\\\/image\\\/\"}},{\"@type\":\"Person\",\"@id\":\"https:\\\/\\\/www.enzo-und-ferdinand.de\\\/#\\\/schema\\\/person\\\/aff2eb9ff87705987c1b9d21fe10b095\",\"name\":\"Rainer Ro\u00dfbach\",\"image\":{\"@type\":\"ImageObject\",\"inLanguage\":\"de\",\"@id\":\"https:\\\/\\\/www.enzo-und-ferdinand.de\\\/wp-content\\\/uploads\\\/2026\\\/01\\\/Rainer-Rossbach-150x150.jpg\",\"url\":\"https:\\\/\\\/www.enzo-und-ferdinand.de\\\/wp-content\\\/uploads\\\/2026\\\/01\\\/Rainer-Rossbach-150x150.jpg\",\"contentUrl\":\"https:\\\/\\\/www.enzo-und-ferdinand.de\\\/wp-content\\\/uploads\\\/2026\\\/01\\\/Rainer-Rossbach-150x150.jpg\",\"caption\":\"Rainer Ro\u00dfbach\"},\"url\":\"https:\\\/\\\/www.enzo-und-ferdinand.de\\\/index.php\\\/author\\\/redaktion\\\/\"}]}<\/script>\n<!-- \/ Yoast SEO plugin. -->","yoast_head_json":{"title":"Renault\u00a017 electric restomod x Ora \u00cfto","description":"Renault\u00a017 electric restomod x Ora \u00cfto Renault\u00a017 Karbonfaser-Chassis Elektromotor Maison5 Chantilly Arts & Elegant Richard Mille Pariser Automobilsalon Rainer Rossbach Rainer Ro\u00dfbach enzo-und-ferdinand enzo&ferdinand","robots":{"index":"index","follow":"follow","max-snippet":"max-snippet:-1","max-image-preview":"max-image-preview:large","max-video-preview":"max-video-preview:-1"},"canonical":"https:\/\/www.enzo-und-ferdinand.de\/index.php\/2024\/09\/06\/renault-17-electric-restomod-x-ora-ito\/","og_locale":"de_DE","og_type":"article","og_title":"Renault\u00a017 electric restomod x Ora \u00cfto","og_description":"Renault\u00a017 electric restomod x Ora \u00cfto Renault\u00a017 Karbonfaser-Chassis Elektromotor Maison5 Chantilly Arts & Elegant Richard Mille Pariser Automobilsalon Rainer Rossbach Rainer Ro\u00dfbach enzo-und-ferdinand enzo&ferdinand","og_url":"https:\/\/www.enzo-und-ferdinand.de\/index.php\/2024\/09\/06\/renault-17-electric-restomod-x-ora-ito\/","og_site_name":"enzo &amp; Ferdinand","article_published_time":"2024-09-06T06:32:22+00:00","article_modified_time":"2024-11-01T11:04:27+00:00","og_image":[{"width":1500,"height":1001,"url":"https:\/\/www.enzo-und-ferdinand.de\/wp-content\/uploads\/2024\/09\/R-DAM_1593970.jpg","type":"image\/jpeg"}],"author":"Rainer Ro\u00dfbach","twitter_card":"summary_large_image","twitter_misc":{"Verfasst von":"Rainer Ro\u00dfbach","Gesch\u00e4tzte Lesezeit":"1\u00a0Minute"},"schema":{"@context":"https:\/\/schema.org","@graph":[{"@type":"Article","@id":"https:\/\/www.enzo-und-ferdinand.de\/index.php\/2024\/09\/06\/renault-17-electric-restomod-x-ora-ito\/#article","isPartOf":{"@id":"https:\/\/www.enzo-und-ferdinand.de\/index.php\/2024\/09\/06\/renault-17-electric-restomod-x-ora-ito\/"},"author":{"name":"Rainer Ro\u00dfbach","@id":"https:\/\/www.enzo-und-ferdinand.de\/#\/schema\/person\/aff2eb9ff87705987c1b9d21fe10b095"},"headline":"Renault\u00a017 electric restomod x Ora \u00cfto","datePublished":"2024-09-06T06:32:22+00:00","dateModified":"2024-11-01T11:04:27+00:00","mainEntityOfPage":{"@id":"https:\/\/www.enzo-und-ferdinand.de\/index.php\/2024\/09\/06\/renault-17-electric-restomod-x-ora-ito\/"},"wordCount":246,"publisher":{"@id":"https:\/\/www.enzo-und-ferdinand.de\/#organization"},"image":{"@id":"https:\/\/www.enzo-und-ferdinand.de\/index.php\/2024\/09\/06\/renault-17-electric-restomod-x-ora-ito\/#primaryimage"},"thumbnailUrl":"https:\/\/www.enzo-und-ferdinand.de\/wp-content\/uploads\/2024\/09\/R-DAM_1593970.jpg","keywords":["Renault","Restomod"],"articleSection":["Elektro","Restomod"],"inLanguage":"de"},{"@type":"WebPage","@id":"https:\/\/www.enzo-und-ferdinand.de\/index.php\/2024\/09\/06\/renault-17-electric-restomod-x-ora-ito\/","url":"https:\/\/www.enzo-und-ferdinand.de\/index.php\/2024\/09\/06\/renault-17-electric-restomod-x-ora-ito\/","name":"Renault\u00a017 electric restomod x Ora \u00cfto","isPartOf":{"@id":"https:\/\/www.enzo-und-ferdinand.de\/#website"},"primaryImageOfPage":{"@id":"https:\/\/www.enzo-und-ferdinand.de\/index.php\/2024\/09\/06\/renault-17-electric-restomod-x-ora-ito\/#primaryimage"},"image":{"@id":"https:\/\/www.enzo-und-ferdinand.de\/index.php\/2024\/09\/06\/renault-17-electric-restomod-x-ora-ito\/#primaryimage"},"thumbnailUrl":"https:\/\/www.enzo-und-ferdinand.de\/wp-content\/uploads\/2024\/09\/R-DAM_1593970.jpg","datePublished":"2024-09-06T06:32:22+00:00","dateModified":"2024-11-01T11:04:27+00:00","description":"Renault\u00a017 electric restomod x Ora \u00cfto Renault\u00a017 Karbonfaser-Chassis Elektromotor Maison5 Chantilly Arts & Elegant Richard Mille Pariser Automobilsalon Rainer Rossbach Rainer Ro\u00dfbach enzo-und-ferdinand enzo&ferdinand","breadcrumb":{"@id":"https:\/\/www.enzo-und-ferdinand.de\/index.php\/2024\/09\/06\/renault-17-electric-restomod-x-ora-ito\/#breadcrumb"},"inLanguage":"de","potentialAction":[{"@type":"ReadAction","target":["https:\/\/www.enzo-und-ferdinand.de\/index.php\/2024\/09\/06\/renault-17-electric-restomod-x-ora-ito\/"]}]},{"@type":"ImageObject","inLanguage":"de","@id":"https:\/\/www.enzo-und-ferdinand.de\/index.php\/2024\/09\/06\/renault-17-electric-restomod-x-ora-ito\/#primaryimage","url":"https:\/\/www.enzo-und-ferdinand.de\/wp-content\/uploads\/2024\/09\/R-DAM_1593970.jpg","contentUrl":"https:\/\/www.enzo-und-ferdinand.de\/wp-content\/uploads\/2024\/09\/R-DAM_1593970.jpg","width":1500,"height":1001,"caption":"Renault 17 electric restomod x Ora \u00cfto"},{"@type":"BreadcrumbList","@id":"https:\/\/www.enzo-und-ferdinand.de\/index.php\/2024\/09\/06\/renault-17-electric-restomod-x-ora-ito\/#breadcrumb","itemListElement":[{"@type":"ListItem","position":1,"name":"Startseite","item":"https:\/\/www.enzo-und-ferdinand.de\/"},{"@type":"ListItem","position":2,"name":"Renault\u00a017 electric restomod x Ora \u00cfto"}]},{"@type":"WebSite","@id":"https:\/\/www.enzo-und-ferdinand.de\/#website","url":"https:\/\/www.enzo-und-ferdinand.de\/","name":"enzo & Ferdinand","description":"","publisher":{"@id":"https:\/\/www.enzo-und-ferdinand.de\/#organization"},"potentialAction":[{"@type":"SearchAction","target":{"@type":"EntryPoint","urlTemplate":"https:\/\/www.enzo-und-ferdinand.de\/?s={search_term_string}"},"query-input":{"@type":"PropertyValueSpecification","valueRequired":true,"valueName":"search_term_string"}}],"inLanguage":"de"},{"@type":"Organization","@id":"https:\/\/www.enzo-und-ferdinand.de\/#organization","name":"enzo & Ferdinand","url":"https:\/\/www.enzo-und-ferdinand.de\/","logo":{"@type":"ImageObject","inLanguage":"de","@id":"https:\/\/www.enzo-und-ferdinand.de\/#\/schema\/logo\/image\/","url":"https:\/\/www.enzo-und-ferdinand.de\/wp-content\/uploads\/2018\/12\/revvvs-icon.png","contentUrl":"https:\/\/www.enzo-und-ferdinand.de\/wp-content\/uploads\/2018\/12\/revvvs-icon.png","width":512,"height":512,"caption":"enzo & Ferdinand"},"image":{"@id":"https:\/\/www.enzo-und-ferdinand.de\/#\/schema\/logo\/image\/"}},{"@type":"Person","@id":"https:\/\/www.enzo-und-ferdinand.de\/#\/schema\/person\/aff2eb9ff87705987c1b9d21fe10b095","name":"Rainer Ro\u00dfbach","image":{"@type":"ImageObject","inLanguage":"de","@id":"https:\/\/www.enzo-und-ferdinand.de\/wp-content\/uploads\/2026\/01\/Rainer-Rossbach-150x150.jpg","url":"https:\/\/www.enzo-und-ferdinand.de\/wp-content\/uploads\/2026\/01\/Rainer-Rossbach-150x150.jpg","contentUrl":"https:\/\/www.enzo-und-ferdinand.de\/wp-content\/uploads\/2026\/01\/Rainer-Rossbach-150x150.jpg","caption":"Rainer Ro\u00dfbach"},"url":"https:\/\/www.enzo-und-ferdinand.de\/index.php\/author\/redaktion\/"}]}},"_links":{"self":[{"href":"https:\/\/www.enzo-und-ferdinand.de\/index.php\/wp-json\/wp\/v2\/posts\/17995","targetHints":{"allow":["GET"]}}],"collection":[{"href":"https:\/\/www.enzo-und-ferdinand.de\/index.php\/wp-json\/wp\/v2\/posts"}],"about":[{"href":"https:\/\/www.enzo-und-ferdinand.de\/index.php\/wp-json\/wp\/v2\/types\/post"}],"author":[{"embeddable":true,"href":"https:\/\/www.enzo-und-ferdinand.de\/index.php\/wp-json\/wp\/v2\/users\/1"}],"replies":[{"embeddable":true,"href":"https:\/\/www.enzo-und-ferdinand.de\/index.php\/wp-json\/wp\/v2\/comments?post=17995"}],"version-history":[{"count":3,"href":"https:\/\/www.enzo-und-ferdinand.de\/index.php\/wp-json\/wp\/v2\/posts\/17995\/revisions"}],"predecessor-version":[{"id":18007,"href":"https:\/\/www.enzo-und-ferdinand.de\/index.php\/wp-json\/wp\/v2\/posts\/17995\/revisions\/18007"}],"wp:featuredmedia":[{"embeddable":true,"href":"https:\/\/www.enzo-und-ferdinand.de\/index.php\/wp-json\/wp\/v2\/media\/17999"}],"wp:attachment":[{"href":"https:\/\/www.enzo-und-ferdinand.de\/index.php\/wp-json\/wp\/v2\/media?parent=17995"}],"wp:term":[{"taxonomy":"category","embeddable":true,"href":"https:\/\/www.enzo-und-ferdinand.de\/index.php\/wp-json\/wp\/v2\/categories?post=17995"},{"taxonomy":"post_tag","embeddable":true,"href":"https:\/\/www.enzo-und-ferdinand.de\/index.php\/wp-json\/wp\/v2\/tags?post=17995"}],"curies":[{"name":"wp","href":"https:\/\/api.w.org\/{rel}","templated":true}]}}