{"id":18160,"date":"2024-10-01T09:20:46","date_gmt":"2024-10-01T07:20:46","guid":{"rendered":"https:\/\/www.enzo-und-ferdinand.de\/?p=18160"},"modified":"2025-02-19T22:45:44","modified_gmt":"2025-02-19T21:45:44","slug":"superheroes-im-nrw-forum-in-duesseldorf","status":"publish","type":"post","link":"https:\/\/www.enzo-und-ferdinand.de\/index.php\/2024\/10\/01\/superheroes-im-nrw-forum-in-duesseldorf\/","title":{"rendered":"\u201eSuperheroes\u201c im NRW-Forum in D\u00fcsseldorf"},"content":{"rendered":"\n<figure class=\"wp-block-image size-large is-resized\"><img loading=\"lazy\" decoding=\"async\" width=\"810\" height=\"541\" src=\"https:\/\/www.enzo-und-ferdinand.de\/wp-content\/uploads\/2024\/10\/Akira-Actionfigur.-\u00a9-Katsuhiro-OtomoKodansha-TMS-Entertainment.-Foto-Alice-Consonni-810x541.jpg\" alt=\"\" class=\"wp-image-18167\" style=\"width:880px;height:auto\" srcset=\"https:\/\/www.enzo-und-ferdinand.de\/wp-content\/uploads\/2024\/10\/Akira-Actionfigur.-\u00a9-Katsuhiro-OtomoKodansha-TMS-Entertainment.-Foto-Alice-Consonni-810x541.jpg 810w, https:\/\/www.enzo-und-ferdinand.de\/wp-content\/uploads\/2024\/10\/Akira-Actionfigur.-\u00a9-Katsuhiro-OtomoKodansha-TMS-Entertainment.-Foto-Alice-Consonni-300x200.jpg 300w, https:\/\/www.enzo-und-ferdinand.de\/wp-content\/uploads\/2024\/10\/Akira-Actionfigur.-\u00a9-Katsuhiro-OtomoKodansha-TMS-Entertainment.-Foto-Alice-Consonni-768x513.jpg 768w, https:\/\/www.enzo-und-ferdinand.de\/wp-content\/uploads\/2024\/10\/Akira-Actionfigur.-\u00a9-Katsuhiro-OtomoKodansha-TMS-Entertainment.-Foto-Alice-Consonni-120x80.jpg 120w, https:\/\/www.enzo-und-ferdinand.de\/wp-content\/uploads\/2024\/10\/Akira-Actionfigur.-\u00a9-Katsuhiro-OtomoKodansha-TMS-Entertainment.-Foto-Alice-Consonni.jpg 1500w\" sizes=\"auto, (max-width: 810px) 100vw, 810px\" \/><figcaption class=\"wp-element-caption\">Akira<strong>\/\u00a9<\/strong> Alice Consonni<\/figcaption><\/figure>\n\n\n\n<p class=\"wp-block-paragraph\">Superhelden m\u00fcssen beweglich sein: den Eingangsbereich der Ausstellung im NRW-Forum dominiert das <a title=\"Batmobile\" href=\"https:\/\/www.enzo-und-ferdinand.de\/index.php\/2024\/03\/20\/batmobile-1989\/\">Batmobile<\/a> aus Tim Burtons Film von 1989. Das tiefschwarze, raketenbefeuerte Gef\u00e4hrt ist eins der ikonischsten Fahrzeug der Comic-Historie. \u00c4hnlich dystopisch wie beim Fledermaus-Mann entwickelt sich die Story des japanischen Manga \u201eAkira\u201c, dessen Hauptfiguren auf Motorr\u00e4dern ihre Konflikte in einem gewaltdominierten Tokio austragen. Aber das ist nur ein Nebenaspekt der Ausstellung, die auf 1200 Quadratmetern dem gesamten popkulturellen Universum der Superhelden und deren Widersachern breiten Raum gibt.<\/p>\n\n\n\n<p class=\"wp-block-paragraph\">Im ewigen Kampf zwischen Gut gegen B\u00f6se retten Superhelden und Superheldinnen seit 100 Jahren immer wieder die Menschheit. Ausgestattet mit einem ausgepr\u00e4gten moralischen Kompass, \u00fcbermenschlichen F\u00e4higkeiten oder High-Tech-Ausr\u00fcstung, verk\u00f6rpern sie den Wunsch nach Gerechtigkeit. Die ersten Geschichten entstanden in den 1930er Jahren in den USA und haben sich seitdem zu einem weltweiten Ph\u00e4nomen der Popkultur entwickelt. \u00dcbernat\u00fcrliche F\u00e4higkeiten verleihen den Helden Superkr\u00e4fte: Sie klettern m\u00fchelos W\u00e4nde hoch, k\u00f6nnen fliegen, absorbieren Energien, sind nahezu unverwundbar oder lesen  Gedanken&nbsp; \u2013 im Comic ist alles m\u00f6glich und der Fantasie sind keine Grenzen gesetzt.&nbsp;<\/p>\n\n\n\n<figure class=\"wp-block-image size-large is-resized\"><img loading=\"lazy\" decoding=\"async\" width=\"810\" height=\"566\" src=\"https:\/\/www.enzo-und-ferdinand.de\/wp-content\/uploads\/2024\/10\/DSC_4657-810x566.jpg\" alt=\"\" class=\"wp-image-18171\" style=\"width:880px;height:auto\" srcset=\"https:\/\/www.enzo-und-ferdinand.de\/wp-content\/uploads\/2024\/10\/DSC_4657-810x566.jpg 810w, https:\/\/www.enzo-und-ferdinand.de\/wp-content\/uploads\/2024\/10\/DSC_4657-300x210.jpg 300w, https:\/\/www.enzo-und-ferdinand.de\/wp-content\/uploads\/2024\/10\/DSC_4657-768x537.jpg 768w, https:\/\/www.enzo-und-ferdinand.de\/wp-content\/uploads\/2024\/10\/DSC_4657.jpg 1500w\" sizes=\"auto, (max-width: 810px) 100vw, 810px\" \/><figcaption class=\"wp-element-caption\">Nic Klein: Thor<\/figcaption><\/figure>\n\n\n\n<p class=\"wp-block-paragraph\">Als popkulturelles Ph\u00e4nomen provozieren sie aber auch Imitationen und Parodien wie etwa beim bayrischen Tracht Man, der bewaffnet mit Kn\u00f6delkanone und Ma\u00dfkrug auf Verbrecherjagd geht. Auch r\u00fcckt Diversit\u00e4t in den Blick: YouNeek Studios steht stellvertretend f\u00fcr die wachsende Comic-Szene in Afrika und Helden aus der queren Community nehmen den Kampf gegen ihre Widersacher auf. Die Gr\u00f6\u00dfen des amerikanischen Underground-Comics wie Robert Crumb und Gilbert Shelton sind mit Fritz the Cat und den Freak Brothers   und ihrem speziellen Blick auf die Alternativ-Kultur  der 1970er Jahre vertreten.<\/p>\n\n\n\n<p class=\"wp-block-paragraph\">Die Schau spannt einen lustvollen Bogen von der griechischen Mythologie \u00fcber literarische Vorl\u00e4uferwie Zorro und Phantom bis zu den gro\u00dfen Comicverlagen Marvel und DC. Neben Comic-Heften liegt der Fokus auf Originalzeichnungen, Skulpturen und Action Toys sowie Filmausschnitten und Kunstinstallationen.<\/p>\n\n\n\n<figure class=\"wp-block-image size-large is-resized\"><img loading=\"lazy\" decoding=\"async\" width=\"810\" height=\"540\" src=\"https:\/\/www.enzo-und-ferdinand.de\/wp-content\/uploads\/2024\/10\/DSC_4681-1-810x540.jpg\" alt=\"\" class=\"wp-image-18180\" style=\"width:880px;height:auto\" srcset=\"https:\/\/www.enzo-und-ferdinand.de\/wp-content\/uploads\/2024\/10\/DSC_4681-1-810x540.jpg 810w, https:\/\/www.enzo-und-ferdinand.de\/wp-content\/uploads\/2024\/10\/DSC_4681-1-300x200.jpg 300w, https:\/\/www.enzo-und-ferdinand.de\/wp-content\/uploads\/2024\/10\/DSC_4681-1-768x512.jpg 768w, https:\/\/www.enzo-und-ferdinand.de\/wp-content\/uploads\/2024\/10\/DSC_4681-1-120x80.jpg 120w, https:\/\/www.enzo-und-ferdinand.de\/wp-content\/uploads\/2024\/10\/DSC_4681-1.jpg 1500w\" sizes=\"auto, (max-width: 810px) 100vw, 810px\" \/><\/figure>\n\n\n\n<p class=\"wp-block-paragraph\">Viele Originalwerke ber\u00fchmter Zeichner und Zeichnerinnen wie Jim Aparo, Jo\u00eblle Jones und Jim Steranko stehen im Dialog mit zeitgen\u00f6ssischen Positionen von K\u00fcnstlerinnen und K\u00fcnstlern wie Sebastian Utzni, Patricia Waller, LuYang, William Pope.L, und Barbara Hammer. Dem in D\u00fcsseldorf geborenen gro\u00dfartigen Comic-Zeichner Nic Klein widmet die Schau einen eigenen Raum mit  grandiosen Originalzeichnungen f\u00fcr Marvel und DC: Hulk, Thor, Captain America oder Punisher.<\/p>\n\n\n\n<p class=\"wp-block-paragraph\">Jenseits der US-amerikanische Szene haben sich eigenst\u00e4ndige Comic-Kulturen etabliert wie etwa die japanische Manga- und Anime-Kultur, deren Hero-Serien wie Sailor Moon, Saint Seiya und My Hero Academia andere perspektiven und eigenst\u00e4ndige Positionen entwickelt haben. Das kann der Besucher mittels seltener Action Toys, Manga-Heften oder Bildern des Hongkonger Cosplay-Fotografen Thurstan Redding in der ganzen F\u00fclle entdecken.&nbsp;<\/p>\n\n\n\n<p class=\"wp-block-paragraph\"><a title=\"Superheroes\" href=\"https:\/\/www.nrw-forum.de\/presse\/superheroes\" target=\"_blank\" rel=\"\">Superheroes<\/a>, NRW-Forum D\u00fcsseldorf,&nbsp; Ehrenhof 2, bis 11. Mai 2025<\/p>\n\n\n\n<figure class=\"wp-block-gallery has-nested-images columns-default is-cropped wp-block-gallery-1 is-layout-flex wp-block-gallery-is-layout-flex\">\n<figure class=\"wp-block-image size-large\"><img loading=\"lazy\" decoding=\"async\" width=\"725\" height=\"1024\" data-id=\"18176\" src=\"https:\/\/www.enzo-und-ferdinand.de\/wp-content\/uploads\/2024\/10\/DSC_4649-725x1024.jpg\" alt=\"\" class=\"wp-image-18176\" srcset=\"https:\/\/www.enzo-und-ferdinand.de\/wp-content\/uploads\/2024\/10\/DSC_4649-725x1024.jpg 725w, https:\/\/www.enzo-und-ferdinand.de\/wp-content\/uploads\/2024\/10\/DSC_4649-212x300.jpg 212w, https:\/\/www.enzo-und-ferdinand.de\/wp-content\/uploads\/2024\/10\/DSC_4649-768x1085.jpg 768w, https:\/\/www.enzo-und-ferdinand.de\/wp-content\/uploads\/2024\/10\/DSC_4649.jpg 1000w\" sizes=\"auto, (max-width: 725px) 100vw, 725px\" \/><\/figure>\n\n\n\n<figure class=\"wp-block-image size-large\"><img loading=\"lazy\" decoding=\"async\" width=\"810\" height=\"926\" data-id=\"18170\" src=\"https:\/\/www.enzo-und-ferdinand.de\/wp-content\/uploads\/2024\/10\/DSC_4648-810x926.jpg\" alt=\"\" class=\"wp-image-18170\" srcset=\"https:\/\/www.enzo-und-ferdinand.de\/wp-content\/uploads\/2024\/10\/DSC_4648-810x926.jpg 810w, https:\/\/www.enzo-und-ferdinand.de\/wp-content\/uploads\/2024\/10\/DSC_4648-263x300.jpg 263w, https:\/\/www.enzo-und-ferdinand.de\/wp-content\/uploads\/2024\/10\/DSC_4648-768x878.jpg 768w, https:\/\/www.enzo-und-ferdinand.de\/wp-content\/uploads\/2024\/10\/DSC_4648-1344x1536.jpg 1344w, https:\/\/www.enzo-und-ferdinand.de\/wp-content\/uploads\/2024\/10\/DSC_4648.jpg 1500w\" sizes=\"auto, (max-width: 810px) 100vw, 810px\" \/><\/figure>\n\n\n\n<figure class=\"wp-block-image size-large\"><img loading=\"lazy\" decoding=\"async\" width=\"810\" height=\"1024\" data-id=\"18177\" src=\"https:\/\/www.enzo-und-ferdinand.de\/wp-content\/uploads\/2024\/10\/DSC_4654-810x1024.jpg\" alt=\"\" class=\"wp-image-18177\" srcset=\"https:\/\/www.enzo-und-ferdinand.de\/wp-content\/uploads\/2024\/10\/DSC_4654-810x1024.jpg 810w, https:\/\/www.enzo-und-ferdinand.de\/wp-content\/uploads\/2024\/10\/DSC_4654-237x300.jpg 237w, https:\/\/www.enzo-und-ferdinand.de\/wp-content\/uploads\/2024\/10\/DSC_4654-768x971.jpg 768w, https:\/\/www.enzo-und-ferdinand.de\/wp-content\/uploads\/2024\/10\/DSC_4654.jpg 1000w\" sizes=\"auto, (max-width: 810px) 100vw, 810px\" \/><\/figure>\n<\/figure>\n\n\n\n<p class=\"has-text-align-left has-small-font-size wp-block-paragraph\"><\/p>\n\n\n\n<figure class=\"wp-block-gallery has-nested-images columns-2 is-cropped wp-block-gallery-2 is-layout-flex wp-block-gallery-is-layout-flex\">\n<figure class=\"wp-block-image size-large\"><img loading=\"lazy\" decoding=\"async\" width=\"695\" height=\"1024\" data-id=\"18188\" src=\"https:\/\/www.enzo-und-ferdinand.de\/wp-content\/uploads\/2024\/10\/DSC_4665-1-695x1024.jpg\" alt=\"\" class=\"wp-image-18188\" srcset=\"https:\/\/www.enzo-und-ferdinand.de\/wp-content\/uploads\/2024\/10\/DSC_4665-1-695x1024.jpg 695w, https:\/\/www.enzo-und-ferdinand.de\/wp-content\/uploads\/2024\/10\/DSC_4665-1-204x300.jpg 204w, https:\/\/www.enzo-und-ferdinand.de\/wp-content\/uploads\/2024\/10\/DSC_4665-1-768x1132.jpg 768w, https:\/\/www.enzo-und-ferdinand.de\/wp-content\/uploads\/2024\/10\/DSC_4665-1.jpg 1000w\" sizes=\"auto, (max-width: 695px) 100vw, 695px\" \/><\/figure>\n\n\n\n<figure class=\"wp-block-image size-large\"><img loading=\"lazy\" decoding=\"async\" width=\"752\" height=\"1024\" data-id=\"18186\" src=\"https:\/\/www.enzo-und-ferdinand.de\/wp-content\/uploads\/2024\/10\/DSC_4656-1-752x1024.jpg\" alt=\"\" class=\"wp-image-18186\" srcset=\"https:\/\/www.enzo-und-ferdinand.de\/wp-content\/uploads\/2024\/10\/DSC_4656-1-752x1024.jpg 752w, https:\/\/www.enzo-und-ferdinand.de\/wp-content\/uploads\/2024\/10\/DSC_4656-1-220x300.jpg 220w, https:\/\/www.enzo-und-ferdinand.de\/wp-content\/uploads\/2024\/10\/DSC_4656-1-768x1045.jpg 768w, https:\/\/www.enzo-und-ferdinand.de\/wp-content\/uploads\/2024\/10\/DSC_4656-1.jpg 1000w\" sizes=\"auto, (max-width: 752px) 100vw, 752px\" \/><\/figure>\n\n\n\n<figure class=\"wp-block-image size-large\"><img loading=\"lazy\" decoding=\"async\" width=\"810\" height=\"618\" data-id=\"18178\" src=\"https:\/\/www.enzo-und-ferdinand.de\/wp-content\/uploads\/2024\/10\/DSC_4658-810x618.jpg\" alt=\"\" class=\"wp-image-18178\" srcset=\"https:\/\/www.enzo-und-ferdinand.de\/wp-content\/uploads\/2024\/10\/DSC_4658-810x618.jpg 810w, https:\/\/www.enzo-und-ferdinand.de\/wp-content\/uploads\/2024\/10\/DSC_4658-300x229.jpg 300w, https:\/\/www.enzo-und-ferdinand.de\/wp-content\/uploads\/2024\/10\/DSC_4658-768x586.jpg 768w, https:\/\/www.enzo-und-ferdinand.de\/wp-content\/uploads\/2024\/10\/DSC_4658.jpg 1500w\" sizes=\"auto, (max-width: 810px) 100vw, 810px\" \/><\/figure>\n<\/figure>\n\n\n\n<p class=\"has-text-align-right has-small-font-size wp-block-paragraph\">Fotos: NRW Kulturforum\/Alice Consonni (1), Rainer Ro\u00dfbach\/Text: Rainer Ro\u00dfbach<\/p>\n","protected":false},"excerpt":{"rendered":"<p>Superhelden m\u00fcssen beweglich sein: den Eingangsbereich der Ausstellung im NRW-Forum dominiert das Batmobile aus Tim Burtons Film von 1989. Das tiefschwarze, raketenbefeuerte Gef\u00e4hrt ist eins der ikonischsten Fahrzeug der Comic-Historie. \u00c4hnlich dystopisch wie beim Fledermaus-Mann entwickelt sich die Story des japanischen Manga \u201eAkira\u201c, dessen Hauptfiguren auf Motorr\u00e4dern ihre Konflikte in einem gewaltdominierten Tokio austragen. Aber das ist nur ein Nebenaspekt der Ausstellung, die auf 1200 Quadratmetern dem gesamten popkulturellen Universum der Superhelden und deren Widersachern breiten Raum gibt.<\/p>\n","protected":false},"author":1,"featured_media":18169,"comment_status":"closed","ping_status":"closed","sticky":false,"template":"","format":"standard","meta":{"_crdt_document":"","ngg_post_thumbnail":0,"footnotes":""},"categories":[548,400,14],"tags":[1288,610,616,1231,645],"class_list":["post-18160","post","type-post","status-publish","format-standard","has-post-thumbnail","hentry","category-automobile-kunst-plastic-porsche","category-buch","category-events","tag-akira","tag-ausstellung","tag-automobile-kunst","tag-batmobile","tag-museum"],"yoast_head":"<!-- This site is optimized with the Yoast SEO plugin v27.5 - https:\/\/yoast.com\/product\/yoast-seo-wordpress\/ -->\n<title>\u201eSuperheroes\u201c im NRW-Forum in D\u00fcsseldorf<\/title>\n<meta name=\"description\" content=\"Superheroes NRW-Forum D\u00fcsseldorf Tim Burton Batman Akira Jim Aparo Jo\u00eblle Jones Jim Steranko Sebastian Utzni Patricia Waller LuYang William Pope Barbara Hammer Nic Klein Marvel DC Hulk Thor Captain America Punisher Manga Anime Thurstan Redding Rainer Ro\u00dfbach Rainer Rossbach enzo-und-ferdinand enzo&amp;ferdinand\" \/>\n<meta name=\"robots\" content=\"index, follow, max-snippet:-1, max-image-preview:large, max-video-preview:-1\" \/>\n<link rel=\"canonical\" href=\"https:\/\/www.enzo-und-ferdinand.de\/index.php\/2024\/10\/01\/superheroes-im-nrw-forum-in-duesseldorf\/\" \/>\n<meta property=\"og:locale\" content=\"de_DE\" \/>\n<meta property=\"og:type\" content=\"article\" \/>\n<meta property=\"og:title\" content=\"\u201eSuperheroes\u201c im NRW-Forum in D\u00fcsseldorf\" \/>\n<meta property=\"og:description\" content=\"Superheroes NRW-Forum D\u00fcsseldorf Tim Burton Batman Akira Jim Aparo Jo\u00eblle Jones Jim Steranko Sebastian Utzni Patricia Waller LuYang William Pope Barbara Hammer Nic Klein Marvel DC Hulk Thor Captain America Punisher Manga Anime Thurstan Redding Rainer Ro\u00dfbach Rainer Rossbach enzo-und-ferdinand enzo&amp;ferdinand\" \/>\n<meta property=\"og:url\" content=\"https:\/\/www.enzo-und-ferdinand.de\/index.php\/2024\/10\/01\/superheroes-im-nrw-forum-in-duesseldorf\/\" \/>\n<meta property=\"og:site_name\" content=\"enzo &amp; Ferdinand\" \/>\n<meta property=\"article:published_time\" content=\"2024-10-01T07:20:46+00:00\" \/>\n<meta property=\"article:modified_time\" content=\"2025-02-19T21:45:44+00:00\" \/>\n<meta property=\"og:image\" content=\"https:\/\/www.enzo-und-ferdinand.de\/wp-content\/uploads\/2024\/10\/DSC_4645.jpg\" \/>\n\t<meta property=\"og:image:width\" content=\"1500\" \/>\n\t<meta property=\"og:image:height\" content=\"1000\" \/>\n\t<meta property=\"og:image:type\" content=\"image\/jpeg\" \/>\n<meta name=\"author\" content=\"Rainer Ro\u00dfbach\" \/>\n<meta name=\"twitter:card\" content=\"summary_large_image\" \/>\n<meta name=\"twitter:label1\" content=\"Verfasst von\" \/>\n\t<meta name=\"twitter:data1\" content=\"Rainer Ro\u00dfbach\" \/>\n\t<meta name=\"twitter:label2\" content=\"Gesch\u00e4tzte Lesezeit\" \/>\n\t<meta name=\"twitter:data2\" content=\"2\u00a0Minuten\" \/>\n<script type=\"application\/ld+json\" class=\"yoast-schema-graph\">{\"@context\":\"https:\\\/\\\/schema.org\",\"@graph\":[{\"@type\":\"Article\",\"@id\":\"https:\\\/\\\/www.enzo-und-ferdinand.de\\\/index.php\\\/2024\\\/10\\\/01\\\/superheroes-im-nrw-forum-in-duesseldorf\\\/#article\",\"isPartOf\":{\"@id\":\"https:\\\/\\\/www.enzo-und-ferdinand.de\\\/index.php\\\/2024\\\/10\\\/01\\\/superheroes-im-nrw-forum-in-duesseldorf\\\/\"},\"author\":{\"name\":\"Rainer Ro\u00dfbach\",\"@id\":\"https:\\\/\\\/www.enzo-und-ferdinand.de\\\/#\\\/schema\\\/person\\\/aff2eb9ff87705987c1b9d21fe10b095\"},\"headline\":\"\u201eSuperheroes\u201c im NRW-Forum in D\u00fcsseldorf\",\"datePublished\":\"2024-10-01T07:20:46+00:00\",\"dateModified\":\"2025-02-19T21:45:44+00:00\",\"mainEntityOfPage\":{\"@id\":\"https:\\\/\\\/www.enzo-und-ferdinand.de\\\/index.php\\\/2024\\\/10\\\/01\\\/superheroes-im-nrw-forum-in-duesseldorf\\\/\"},\"wordCount\":477,\"publisher\":{\"@id\":\"https:\\\/\\\/www.enzo-und-ferdinand.de\\\/#organization\"},\"image\":{\"@id\":\"https:\\\/\\\/www.enzo-und-ferdinand.de\\\/index.php\\\/2024\\\/10\\\/01\\\/superheroes-im-nrw-forum-in-duesseldorf\\\/#primaryimage\"},\"thumbnailUrl\":\"https:\\\/\\\/www.enzo-und-ferdinand.de\\\/wp-content\\\/uploads\\\/2024\\\/10\\\/DSC_4645.jpg\",\"keywords\":[\"Akira\",\"Ausstellung\",\"automobile Kunst\",\"Batmobile\",\"Museum\"],\"articleSection\":[\"Automobile Kunst\",\"B\u00fccher\",\"Events\"],\"inLanguage\":\"de\"},{\"@type\":\"WebPage\",\"@id\":\"https:\\\/\\\/www.enzo-und-ferdinand.de\\\/index.php\\\/2024\\\/10\\\/01\\\/superheroes-im-nrw-forum-in-duesseldorf\\\/\",\"url\":\"https:\\\/\\\/www.enzo-und-ferdinand.de\\\/index.php\\\/2024\\\/10\\\/01\\\/superheroes-im-nrw-forum-in-duesseldorf\\\/\",\"name\":\"\u201eSuperheroes\u201c im NRW-Forum in D\u00fcsseldorf\",\"isPartOf\":{\"@id\":\"https:\\\/\\\/www.enzo-und-ferdinand.de\\\/#website\"},\"primaryImageOfPage\":{\"@id\":\"https:\\\/\\\/www.enzo-und-ferdinand.de\\\/index.php\\\/2024\\\/10\\\/01\\\/superheroes-im-nrw-forum-in-duesseldorf\\\/#primaryimage\"},\"image\":{\"@id\":\"https:\\\/\\\/www.enzo-und-ferdinand.de\\\/index.php\\\/2024\\\/10\\\/01\\\/superheroes-im-nrw-forum-in-duesseldorf\\\/#primaryimage\"},\"thumbnailUrl\":\"https:\\\/\\\/www.enzo-und-ferdinand.de\\\/wp-content\\\/uploads\\\/2024\\\/10\\\/DSC_4645.jpg\",\"datePublished\":\"2024-10-01T07:20:46+00:00\",\"dateModified\":\"2025-02-19T21:45:44+00:00\",\"description\":\"Superheroes NRW-Forum D\u00fcsseldorf Tim Burton Batman Akira Jim Aparo Jo\u00eblle Jones Jim Steranko Sebastian Utzni Patricia Waller LuYang William Pope Barbara Hammer Nic Klein Marvel DC Hulk Thor Captain America Punisher Manga Anime Thurstan Redding Rainer Ro\u00dfbach Rainer Rossbach enzo-und-ferdinand enzo&ferdinand\",\"breadcrumb\":{\"@id\":\"https:\\\/\\\/www.enzo-und-ferdinand.de\\\/index.php\\\/2024\\\/10\\\/01\\\/superheroes-im-nrw-forum-in-duesseldorf\\\/#breadcrumb\"},\"inLanguage\":\"de\",\"potentialAction\":[{\"@type\":\"ReadAction\",\"target\":[\"https:\\\/\\\/www.enzo-und-ferdinand.de\\\/index.php\\\/2024\\\/10\\\/01\\\/superheroes-im-nrw-forum-in-duesseldorf\\\/\"]}]},{\"@type\":\"ImageObject\",\"inLanguage\":\"de\",\"@id\":\"https:\\\/\\\/www.enzo-und-ferdinand.de\\\/index.php\\\/2024\\\/10\\\/01\\\/superheroes-im-nrw-forum-in-duesseldorf\\\/#primaryimage\",\"url\":\"https:\\\/\\\/www.enzo-und-ferdinand.de\\\/wp-content\\\/uploads\\\/2024\\\/10\\\/DSC_4645.jpg\",\"contentUrl\":\"https:\\\/\\\/www.enzo-und-ferdinand.de\\\/wp-content\\\/uploads\\\/2024\\\/10\\\/DSC_4645.jpg\",\"width\":1500,\"height\":1000,\"caption\":\"\u201eSuperheroes\u201c NRW-Forum\"},{\"@type\":\"BreadcrumbList\",\"@id\":\"https:\\\/\\\/www.enzo-und-ferdinand.de\\\/index.php\\\/2024\\\/10\\\/01\\\/superheroes-im-nrw-forum-in-duesseldorf\\\/#breadcrumb\",\"itemListElement\":[{\"@type\":\"ListItem\",\"position\":1,\"name\":\"Startseite\",\"item\":\"https:\\\/\\\/www.enzo-und-ferdinand.de\\\/\"},{\"@type\":\"ListItem\",\"position\":2,\"name\":\"\u201eSuperheroes\u201c im NRW-Forum in D\u00fcsseldorf\"}]},{\"@type\":\"WebSite\",\"@id\":\"https:\\\/\\\/www.enzo-und-ferdinand.de\\\/#website\",\"url\":\"https:\\\/\\\/www.enzo-und-ferdinand.de\\\/\",\"name\":\"enzo & Ferdinand\",\"description\":\"\",\"publisher\":{\"@id\":\"https:\\\/\\\/www.enzo-und-ferdinand.de\\\/#organization\"},\"potentialAction\":[{\"@type\":\"SearchAction\",\"target\":{\"@type\":\"EntryPoint\",\"urlTemplate\":\"https:\\\/\\\/www.enzo-und-ferdinand.de\\\/?s={search_term_string}\"},\"query-input\":{\"@type\":\"PropertyValueSpecification\",\"valueRequired\":true,\"valueName\":\"search_term_string\"}}],\"inLanguage\":\"de\"},{\"@type\":\"Organization\",\"@id\":\"https:\\\/\\\/www.enzo-und-ferdinand.de\\\/#organization\",\"name\":\"enzo & Ferdinand\",\"url\":\"https:\\\/\\\/www.enzo-und-ferdinand.de\\\/\",\"logo\":{\"@type\":\"ImageObject\",\"inLanguage\":\"de\",\"@id\":\"https:\\\/\\\/www.enzo-und-ferdinand.de\\\/#\\\/schema\\\/logo\\\/image\\\/\",\"url\":\"https:\\\/\\\/www.enzo-und-ferdinand.de\\\/wp-content\\\/uploads\\\/2018\\\/12\\\/revvvs-icon.png\",\"contentUrl\":\"https:\\\/\\\/www.enzo-und-ferdinand.de\\\/wp-content\\\/uploads\\\/2018\\\/12\\\/revvvs-icon.png\",\"width\":512,\"height\":512,\"caption\":\"enzo & Ferdinand\"},\"image\":{\"@id\":\"https:\\\/\\\/www.enzo-und-ferdinand.de\\\/#\\\/schema\\\/logo\\\/image\\\/\"}},{\"@type\":\"Person\",\"@id\":\"https:\\\/\\\/www.enzo-und-ferdinand.de\\\/#\\\/schema\\\/person\\\/aff2eb9ff87705987c1b9d21fe10b095\",\"name\":\"Rainer Ro\u00dfbach\",\"image\":{\"@type\":\"ImageObject\",\"inLanguage\":\"de\",\"@id\":\"https:\\\/\\\/www.enzo-und-ferdinand.de\\\/wp-content\\\/uploads\\\/2026\\\/01\\\/Rainer-Rossbach-150x150.jpg\",\"url\":\"https:\\\/\\\/www.enzo-und-ferdinand.de\\\/wp-content\\\/uploads\\\/2026\\\/01\\\/Rainer-Rossbach-150x150.jpg\",\"contentUrl\":\"https:\\\/\\\/www.enzo-und-ferdinand.de\\\/wp-content\\\/uploads\\\/2026\\\/01\\\/Rainer-Rossbach-150x150.jpg\",\"caption\":\"Rainer Ro\u00dfbach\"},\"url\":\"https:\\\/\\\/www.enzo-und-ferdinand.de\\\/index.php\\\/author\\\/redaktion\\\/\"}]}<\/script>\n<!-- \/ Yoast SEO plugin. -->","yoast_head_json":{"title":"\u201eSuperheroes\u201c im NRW-Forum in D\u00fcsseldorf","description":"Superheroes NRW-Forum D\u00fcsseldorf Tim Burton Batman Akira Jim Aparo Jo\u00eblle Jones Jim Steranko Sebastian Utzni Patricia Waller LuYang William Pope Barbara Hammer Nic Klein Marvel DC Hulk Thor Captain America Punisher Manga Anime Thurstan Redding Rainer Ro\u00dfbach Rainer Rossbach enzo-und-ferdinand enzo&ferdinand","robots":{"index":"index","follow":"follow","max-snippet":"max-snippet:-1","max-image-preview":"max-image-preview:large","max-video-preview":"max-video-preview:-1"},"canonical":"https:\/\/www.enzo-und-ferdinand.de\/index.php\/2024\/10\/01\/superheroes-im-nrw-forum-in-duesseldorf\/","og_locale":"de_DE","og_type":"article","og_title":"\u201eSuperheroes\u201c im NRW-Forum in D\u00fcsseldorf","og_description":"Superheroes NRW-Forum D\u00fcsseldorf Tim Burton Batman Akira Jim Aparo Jo\u00eblle Jones Jim Steranko Sebastian Utzni Patricia Waller LuYang William Pope Barbara Hammer Nic Klein Marvel DC Hulk Thor Captain America Punisher Manga Anime Thurstan Redding Rainer Ro\u00dfbach Rainer Rossbach enzo-und-ferdinand enzo&ferdinand","og_url":"https:\/\/www.enzo-und-ferdinand.de\/index.php\/2024\/10\/01\/superheroes-im-nrw-forum-in-duesseldorf\/","og_site_name":"enzo &amp; Ferdinand","article_published_time":"2024-10-01T07:20:46+00:00","article_modified_time":"2025-02-19T21:45:44+00:00","og_image":[{"width":1500,"height":1000,"url":"https:\/\/www.enzo-und-ferdinand.de\/wp-content\/uploads\/2024\/10\/DSC_4645.jpg","type":"image\/jpeg"}],"author":"Rainer Ro\u00dfbach","twitter_card":"summary_large_image","twitter_misc":{"Verfasst von":"Rainer Ro\u00dfbach","Gesch\u00e4tzte Lesezeit":"2\u00a0Minuten"},"schema":{"@context":"https:\/\/schema.org","@graph":[{"@type":"Article","@id":"https:\/\/www.enzo-und-ferdinand.de\/index.php\/2024\/10\/01\/superheroes-im-nrw-forum-in-duesseldorf\/#article","isPartOf":{"@id":"https:\/\/www.enzo-und-ferdinand.de\/index.php\/2024\/10\/01\/superheroes-im-nrw-forum-in-duesseldorf\/"},"author":{"name":"Rainer Ro\u00dfbach","@id":"https:\/\/www.enzo-und-ferdinand.de\/#\/schema\/person\/aff2eb9ff87705987c1b9d21fe10b095"},"headline":"\u201eSuperheroes\u201c im NRW-Forum in D\u00fcsseldorf","datePublished":"2024-10-01T07:20:46+00:00","dateModified":"2025-02-19T21:45:44+00:00","mainEntityOfPage":{"@id":"https:\/\/www.enzo-und-ferdinand.de\/index.php\/2024\/10\/01\/superheroes-im-nrw-forum-in-duesseldorf\/"},"wordCount":477,"publisher":{"@id":"https:\/\/www.enzo-und-ferdinand.de\/#organization"},"image":{"@id":"https:\/\/www.enzo-und-ferdinand.de\/index.php\/2024\/10\/01\/superheroes-im-nrw-forum-in-duesseldorf\/#primaryimage"},"thumbnailUrl":"https:\/\/www.enzo-und-ferdinand.de\/wp-content\/uploads\/2024\/10\/DSC_4645.jpg","keywords":["Akira","Ausstellung","automobile Kunst","Batmobile","Museum"],"articleSection":["Automobile Kunst","B\u00fccher","Events"],"inLanguage":"de"},{"@type":"WebPage","@id":"https:\/\/www.enzo-und-ferdinand.de\/index.php\/2024\/10\/01\/superheroes-im-nrw-forum-in-duesseldorf\/","url":"https:\/\/www.enzo-und-ferdinand.de\/index.php\/2024\/10\/01\/superheroes-im-nrw-forum-in-duesseldorf\/","name":"\u201eSuperheroes\u201c im NRW-Forum in D\u00fcsseldorf","isPartOf":{"@id":"https:\/\/www.enzo-und-ferdinand.de\/#website"},"primaryImageOfPage":{"@id":"https:\/\/www.enzo-und-ferdinand.de\/index.php\/2024\/10\/01\/superheroes-im-nrw-forum-in-duesseldorf\/#primaryimage"},"image":{"@id":"https:\/\/www.enzo-und-ferdinand.de\/index.php\/2024\/10\/01\/superheroes-im-nrw-forum-in-duesseldorf\/#primaryimage"},"thumbnailUrl":"https:\/\/www.enzo-und-ferdinand.de\/wp-content\/uploads\/2024\/10\/DSC_4645.jpg","datePublished":"2024-10-01T07:20:46+00:00","dateModified":"2025-02-19T21:45:44+00:00","description":"Superheroes NRW-Forum D\u00fcsseldorf Tim Burton Batman Akira Jim Aparo Jo\u00eblle Jones Jim Steranko Sebastian Utzni Patricia Waller LuYang William Pope Barbara Hammer Nic Klein Marvel DC Hulk Thor Captain America Punisher Manga Anime Thurstan Redding Rainer Ro\u00dfbach Rainer Rossbach enzo-und-ferdinand enzo&ferdinand","breadcrumb":{"@id":"https:\/\/www.enzo-und-ferdinand.de\/index.php\/2024\/10\/01\/superheroes-im-nrw-forum-in-duesseldorf\/#breadcrumb"},"inLanguage":"de","potentialAction":[{"@type":"ReadAction","target":["https:\/\/www.enzo-und-ferdinand.de\/index.php\/2024\/10\/01\/superheroes-im-nrw-forum-in-duesseldorf\/"]}]},{"@type":"ImageObject","inLanguage":"de","@id":"https:\/\/www.enzo-und-ferdinand.de\/index.php\/2024\/10\/01\/superheroes-im-nrw-forum-in-duesseldorf\/#primaryimage","url":"https:\/\/www.enzo-und-ferdinand.de\/wp-content\/uploads\/2024\/10\/DSC_4645.jpg","contentUrl":"https:\/\/www.enzo-und-ferdinand.de\/wp-content\/uploads\/2024\/10\/DSC_4645.jpg","width":1500,"height":1000,"caption":"\u201eSuperheroes\u201c NRW-Forum"},{"@type":"BreadcrumbList","@id":"https:\/\/www.enzo-und-ferdinand.de\/index.php\/2024\/10\/01\/superheroes-im-nrw-forum-in-duesseldorf\/#breadcrumb","itemListElement":[{"@type":"ListItem","position":1,"name":"Startseite","item":"https:\/\/www.enzo-und-ferdinand.de\/"},{"@type":"ListItem","position":2,"name":"\u201eSuperheroes\u201c im NRW-Forum in D\u00fcsseldorf"}]},{"@type":"WebSite","@id":"https:\/\/www.enzo-und-ferdinand.de\/#website","url":"https:\/\/www.enzo-und-ferdinand.de\/","name":"enzo & Ferdinand","description":"","publisher":{"@id":"https:\/\/www.enzo-und-ferdinand.de\/#organization"},"potentialAction":[{"@type":"SearchAction","target":{"@type":"EntryPoint","urlTemplate":"https:\/\/www.enzo-und-ferdinand.de\/?s={search_term_string}"},"query-input":{"@type":"PropertyValueSpecification","valueRequired":true,"valueName":"search_term_string"}}],"inLanguage":"de"},{"@type":"Organization","@id":"https:\/\/www.enzo-und-ferdinand.de\/#organization","name":"enzo & Ferdinand","url":"https:\/\/www.enzo-und-ferdinand.de\/","logo":{"@type":"ImageObject","inLanguage":"de","@id":"https:\/\/www.enzo-und-ferdinand.de\/#\/schema\/logo\/image\/","url":"https:\/\/www.enzo-und-ferdinand.de\/wp-content\/uploads\/2018\/12\/revvvs-icon.png","contentUrl":"https:\/\/www.enzo-und-ferdinand.de\/wp-content\/uploads\/2018\/12\/revvvs-icon.png","width":512,"height":512,"caption":"enzo & Ferdinand"},"image":{"@id":"https:\/\/www.enzo-und-ferdinand.de\/#\/schema\/logo\/image\/"}},{"@type":"Person","@id":"https:\/\/www.enzo-und-ferdinand.de\/#\/schema\/person\/aff2eb9ff87705987c1b9d21fe10b095","name":"Rainer Ro\u00dfbach","image":{"@type":"ImageObject","inLanguage":"de","@id":"https:\/\/www.enzo-und-ferdinand.de\/wp-content\/uploads\/2026\/01\/Rainer-Rossbach-150x150.jpg","url":"https:\/\/www.enzo-und-ferdinand.de\/wp-content\/uploads\/2026\/01\/Rainer-Rossbach-150x150.jpg","contentUrl":"https:\/\/www.enzo-und-ferdinand.de\/wp-content\/uploads\/2026\/01\/Rainer-Rossbach-150x150.jpg","caption":"Rainer Ro\u00dfbach"},"url":"https:\/\/www.enzo-und-ferdinand.de\/index.php\/author\/redaktion\/"}]}},"_links":{"self":[{"href":"https:\/\/www.enzo-und-ferdinand.de\/index.php\/wp-json\/wp\/v2\/posts\/18160","targetHints":{"allow":["GET"]}}],"collection":[{"href":"https:\/\/www.enzo-und-ferdinand.de\/index.php\/wp-json\/wp\/v2\/posts"}],"about":[{"href":"https:\/\/www.enzo-und-ferdinand.de\/index.php\/wp-json\/wp\/v2\/types\/post"}],"author":[{"embeddable":true,"href":"https:\/\/www.enzo-und-ferdinand.de\/index.php\/wp-json\/wp\/v2\/users\/1"}],"replies":[{"embeddable":true,"href":"https:\/\/www.enzo-und-ferdinand.de\/index.php\/wp-json\/wp\/v2\/comments?post=18160"}],"version-history":[{"count":12,"href":"https:\/\/www.enzo-und-ferdinand.de\/index.php\/wp-json\/wp\/v2\/posts\/18160\/revisions"}],"predecessor-version":[{"id":19618,"href":"https:\/\/www.enzo-und-ferdinand.de\/index.php\/wp-json\/wp\/v2\/posts\/18160\/revisions\/19618"}],"wp:featuredmedia":[{"embeddable":true,"href":"https:\/\/www.enzo-und-ferdinand.de\/index.php\/wp-json\/wp\/v2\/media\/18169"}],"wp:attachment":[{"href":"https:\/\/www.enzo-und-ferdinand.de\/index.php\/wp-json\/wp\/v2\/media?parent=18160"}],"wp:term":[{"taxonomy":"category","embeddable":true,"href":"https:\/\/www.enzo-und-ferdinand.de\/index.php\/wp-json\/wp\/v2\/categories?post=18160"},{"taxonomy":"post_tag","embeddable":true,"href":"https:\/\/www.enzo-und-ferdinand.de\/index.php\/wp-json\/wp\/v2\/tags?post=18160"}],"curies":[{"name":"wp","href":"https:\/\/api.w.org\/{rel}","templated":true}]}}