{"id":18192,"date":"2024-10-02T09:28:44","date_gmt":"2024-10-02T07:28:44","guid":{"rendered":"https:\/\/www.enzo-und-ferdinand.de\/?p=18192"},"modified":"2024-11-01T12:19:28","modified_gmt":"2024-11-01T11:19:28","slug":"das-bmw-e1-e2-electric-vehicle-concept-1992","status":"publish","type":"post","link":"https:\/\/www.enzo-und-ferdinand.de\/index.php\/2024\/10\/02\/das-bmw-e1-e2-electric-vehicle-concept-1992\/","title":{"rendered":"BMW E1\/E2 EV Concepts (1992)"},"content":{"rendered":"\n<figure class=\"wp-block-image size-large is-resized\"><img loading=\"lazy\" decoding=\"async\" width=\"810\" height=\"540\" src=\"https:\/\/www.enzo-und-ferdinand.de\/wp-content\/uploads\/2024\/10\/1991-BMW-E2-Concept-810x540.jpg\" alt=\"\" class=\"wp-image-18196\" style=\"width:880px;height:auto\" srcset=\"https:\/\/www.enzo-und-ferdinand.de\/wp-content\/uploads\/2024\/10\/1991-BMW-E2-Concept-810x540.jpg 810w, https:\/\/www.enzo-und-ferdinand.de\/wp-content\/uploads\/2024\/10\/1991-BMW-E2-Concept-300x200.jpg 300w, https:\/\/www.enzo-und-ferdinand.de\/wp-content\/uploads\/2024\/10\/1991-BMW-E2-Concept-768x512.jpg 768w, https:\/\/www.enzo-und-ferdinand.de\/wp-content\/uploads\/2024\/10\/1991-BMW-E2-Concept-120x80.jpg 120w, https:\/\/www.enzo-und-ferdinand.de\/wp-content\/uploads\/2024\/10\/1991-BMW-E2-Concept.jpg 1500w\" sizes=\"auto, (max-width: 810px) 100vw, 810px\" \/><figcaption class=\"wp-element-caption\"><em>BMW E2\/ <strong>\u00a9<\/strong>Petersen Auto<\/em>motive <em>Museun<\/em><\/figcaption><\/figure>\n\n\n\n<p class=\"wp-block-paragraph\">Die in den fr\u00fchen 1990er Jahren entworfenen BMW E1 und E2 Elektrofahrzeuge waren innovative, aber dennoch alltagstaugliche Fahrzeuge, die die damaligen Bestrebungen von BMW in Bezug auf Elektrofahrzeuge veranschaulichten. Das erste Modell, der BMW E1, wurde in Deutschland von der BMW Technik GmbH entwickelt und von einem 45 PS starken, b\u00fcrstenlosen Gleichstrommotor an der Hinterachse angetrieben. Die damalige Batterietechnologie war Natrium-Schwefel, und zwei voll funktionsf\u00e4hige E1-Prototypen dienten als Pr\u00fcfstand f\u00fcr die fr\u00fche Entwicklung der Elektromobilit\u00e4tstechnologie.<\/p>\n\n\n\n<p class=\"wp-block-paragraph\">Die zweite, gr\u00f6\u00dfere Version mit dem Namen BMW E2 stammt aus der Feder des kalifornischen BMW-Designb\u00fcros Designworks in Kalifornien&nbsp; und wurde 1991 auf der Los Angeles International Auto Show vorgestellt. Laut Chuck Pelly, dem Gr\u00fcnder und damaligen Pr\u00e4sidenten von Designworks\/USA, war es die Absicht des Studios, dem E2 eine athletische Haltung zu verleihen, mit breit ausgestellten Kotfl\u00fcgeln und m\u00f6glichst weit nach au\u00dfen verlegten Reifen. Auch die Motorhaube und der Sto\u00dff\u00e4nger wurden verst\u00e4rkt. \u201eEs handelte sich um eine Karosserie\u201c, so Pelly, \u201edie im Vergleich zum urspr\u00fcnglichen E1 ein traditionelleres BMW Styling aufweist\u201c. Sie ist auch l\u00e4nger, breiter und niedriger und hat eine glattere Gesamtform.<\/p>\n\n\n\n<p class=\"wp-block-paragraph\">Im Inneren des E2 gab es vier Sitzpl\u00e4tze mit Stauraum hinter dem R\u00fccksitz. Das abgerundete Armaturenbrett enthielt Fahrer- und Beifahrerairbags sowie einen Tachometer, eine Reichweitenanzeige und eine Uhr. Vorw\u00e4rts- und R\u00fcckw\u00e4rtsgang sowie eine elektrische Handbremse waren ebenfalls vorhanden.<\/p>\n\n\n\n<p class=\"wp-block-paragraph\">Da die Projekte E1 und E2 Mitte der 1990er Jahre nicht dem Zeitgeist entsprachen wurden die Projektre eingestellt, aber beide Fahrzeuge blieben als fr\u00fche Studien der Elektromobilit\u00e4t erhalten.<\/p>\n\n\n\n<figure class=\"wp-block-gallery has-nested-images columns-2 is-cropped wp-block-gallery-1 is-layout-flex wp-block-gallery-is-layout-flex\">\n<figure class=\"wp-block-image size-large\"><img loading=\"lazy\" decoding=\"async\" width=\"810\" height=\"540\" data-id=\"18200\" src=\"https:\/\/www.enzo-und-ferdinand.de\/wp-content\/uploads\/2024\/10\/P90108489_highRes_bmw-e1-12-2012-810x540.jpg\" alt=\"\" class=\"wp-image-18200\" srcset=\"https:\/\/www.enzo-und-ferdinand.de\/wp-content\/uploads\/2024\/10\/P90108489_highRes_bmw-e1-12-2012-810x540.jpg 810w, https:\/\/www.enzo-und-ferdinand.de\/wp-content\/uploads\/2024\/10\/P90108489_highRes_bmw-e1-12-2012-300x200.jpg 300w, https:\/\/www.enzo-und-ferdinand.de\/wp-content\/uploads\/2024\/10\/P90108489_highRes_bmw-e1-12-2012-768x512.jpg 768w, https:\/\/www.enzo-und-ferdinand.de\/wp-content\/uploads\/2024\/10\/P90108489_highRes_bmw-e1-12-2012-120x80.jpg 120w, https:\/\/www.enzo-und-ferdinand.de\/wp-content\/uploads\/2024\/10\/P90108489_highRes_bmw-e1-12-2012.jpg 1500w\" sizes=\"auto, (max-width: 810px) 100vw, 810px\" \/><figcaption class=\"wp-element-caption\"><em>BMW E1\/<strong>\u00a9<\/strong>\u00a0BMW Group<\/em><\/figcaption><\/figure>\n\n\n\n<figure class=\"wp-block-image size-large\"><img loading=\"lazy\" decoding=\"async\" width=\"810\" height=\"540\" data-id=\"18199\" src=\"https:\/\/www.enzo-und-ferdinand.de\/wp-content\/uploads\/2024\/10\/P90108484_highRes_bmw-e1-12-2012-810x540.jpg\" alt=\"\" class=\"wp-image-18199\" srcset=\"https:\/\/www.enzo-und-ferdinand.de\/wp-content\/uploads\/2024\/10\/P90108484_highRes_bmw-e1-12-2012-810x540.jpg 810w, https:\/\/www.enzo-und-ferdinand.de\/wp-content\/uploads\/2024\/10\/P90108484_highRes_bmw-e1-12-2012-300x200.jpg 300w, https:\/\/www.enzo-und-ferdinand.de\/wp-content\/uploads\/2024\/10\/P90108484_highRes_bmw-e1-12-2012-768x512.jpg 768w, https:\/\/www.enzo-und-ferdinand.de\/wp-content\/uploads\/2024\/10\/P90108484_highRes_bmw-e1-12-2012-120x80.jpg 120w, https:\/\/www.enzo-und-ferdinand.de\/wp-content\/uploads\/2024\/10\/P90108484_highRes_bmw-e1-12-2012.jpg 1500w\" sizes=\"auto, (max-width: 810px) 100vw, 810px\" \/><\/figure>\n\n\n\n<figure class=\"wp-block-image size-large\"><img loading=\"lazy\" decoding=\"async\" width=\"810\" height=\"540\" data-id=\"18201\" src=\"https:\/\/www.enzo-und-ferdinand.de\/wp-content\/uploads\/2024\/10\/P90108490_highRes_bmw-e1-12-2012-810x540.jpg\" alt=\"\" class=\"wp-image-18201\" srcset=\"https:\/\/www.enzo-und-ferdinand.de\/wp-content\/uploads\/2024\/10\/P90108490_highRes_bmw-e1-12-2012-810x540.jpg 810w, https:\/\/www.enzo-und-ferdinand.de\/wp-content\/uploads\/2024\/10\/P90108490_highRes_bmw-e1-12-2012-300x200.jpg 300w, https:\/\/www.enzo-und-ferdinand.de\/wp-content\/uploads\/2024\/10\/P90108490_highRes_bmw-e1-12-2012-768x512.jpg 768w, https:\/\/www.enzo-und-ferdinand.de\/wp-content\/uploads\/2024\/10\/P90108490_highRes_bmw-e1-12-2012-120x80.jpg 120w, https:\/\/www.enzo-und-ferdinand.de\/wp-content\/uploads\/2024\/10\/P90108490_highRes_bmw-e1-12-2012.jpg 1500w\" sizes=\"auto, (max-width: 810px) 100vw, 810px\" \/><\/figure>\n<\/figure>\n\n\n\n<p class=\"has-text-align-right has-small-font-size wp-block-paragraph\">Fotos: BMW E2: Petersen Museum (2), BMW E1: BMW Group (3)\/Text: Rainer Ro\u00dfbach<\/p>\n","protected":false},"excerpt":{"rendered":"<p>Die in den fr\u00fchen 1990er Jahren entworfenen BMW E1 und E2 Elektrofahrzeuge waren innovative, aber dennoch alltagstaugliche Fahrzeuge, die die damaligen Bestrebungen von BMW in Bezug auf Elektrofahrzeuge veranschaulichten. Das erste Modell, der BMW E1, wurde in Deutschland von der BMW Technik GmbH entwickelt und von einem 45 PS starken, b\u00fcrstenlosen Gleichstrommotor an der Hinterachse angetrieben. Die damalige Batterietechnologie war Natrium-Schwefel, und zwei voll funktionsf\u00e4hige E1-Prototypen dienten als Pr\u00fcfstand f\u00fcr die fr\u00fche Entwicklung der Elektromobilit\u00e4tstechnologie.<\/p>\n","protected":false},"author":1,"featured_media":18197,"comment_status":"closed","ping_status":"closed","sticky":false,"template":"","format":"standard","meta":{"_crdt_document":"","ngg_post_thumbnail":0,"footnotes":""},"categories":[681,4],"tags":[202,510],"class_list":["post-18192","post","type-post","status-publish","format-standard","has-post-thumbnail","hentry","category-elektro","category-studien","tag-bmw","tag-elektro"],"yoast_head":"<!-- This site is optimized with the Yoast SEO plugin v27.5 - https:\/\/yoast.com\/product\/yoast-seo-wordpress\/ -->\n<title>BMW E1\/E2 EV Concepts (1992)<\/title>\n<meta name=\"description\" content=\"BMW E1 BMW E2 Elektrofahrzeug BMW Technik GmbH Natrium-Schwefel-Batterie Designworks Chuck Pelly Rainer Ro\u00dfbach Rainer Rossbach enzo-und-ferdinand enzo&amp;ferdinand\" \/>\n<meta name=\"robots\" content=\"index, follow, max-snippet:-1, max-image-preview:large, max-video-preview:-1\" \/>\n<link rel=\"canonical\" href=\"https:\/\/www.enzo-und-ferdinand.de\/index.php\/2024\/10\/02\/das-bmw-e1-e2-electric-vehicle-concept-1992\/\" \/>\n<meta property=\"og:locale\" content=\"de_DE\" \/>\n<meta property=\"og:type\" content=\"article\" \/>\n<meta property=\"og:title\" content=\"BMW E1\/E2 EV Concepts (1992)\" \/>\n<meta property=\"og:description\" content=\"BMW E1 BMW E2 Elektrofahrzeug BMW Technik GmbH Natrium-Schwefel-Batterie Designworks Chuck Pelly Rainer Ro\u00dfbach Rainer Rossbach enzo-und-ferdinand enzo&amp;ferdinand\" \/>\n<meta property=\"og:url\" content=\"https:\/\/www.enzo-und-ferdinand.de\/index.php\/2024\/10\/02\/das-bmw-e1-e2-electric-vehicle-concept-1992\/\" \/>\n<meta property=\"og:site_name\" content=\"enzo &amp; Ferdinand\" \/>\n<meta property=\"article:published_time\" content=\"2024-10-02T07:28:44+00:00\" \/>\n<meta property=\"article:modified_time\" content=\"2024-11-01T11:19:28+00:00\" \/>\n<meta property=\"og:image\" content=\"https:\/\/www.enzo-und-ferdinand.de\/wp-content\/uploads\/2024\/10\/1991BMWE2Concept_0005_MTK00464.jpg\" \/>\n\t<meta property=\"og:image:width\" content=\"1500\" \/>\n\t<meta property=\"og:image:height\" content=\"1000\" \/>\n\t<meta property=\"og:image:type\" content=\"image\/jpeg\" \/>\n<meta name=\"author\" content=\"Rainer Ro\u00dfbach\" \/>\n<meta name=\"twitter:card\" content=\"summary_large_image\" \/>\n<meta name=\"twitter:label1\" content=\"Verfasst von\" \/>\n\t<meta name=\"twitter:data1\" content=\"Rainer Ro\u00dfbach\" \/>\n\t<meta name=\"twitter:label2\" content=\"Gesch\u00e4tzte Lesezeit\" \/>\n\t<meta name=\"twitter:data2\" content=\"1\u00a0Minute\" \/>\n<script type=\"application\/ld+json\" class=\"yoast-schema-graph\">{\"@context\":\"https:\\\/\\\/schema.org\",\"@graph\":[{\"@type\":\"Article\",\"@id\":\"https:\\\/\\\/www.enzo-und-ferdinand.de\\\/index.php\\\/2024\\\/10\\\/02\\\/das-bmw-e1-e2-electric-vehicle-concept-1992\\\/#article\",\"isPartOf\":{\"@id\":\"https:\\\/\\\/www.enzo-und-ferdinand.de\\\/index.php\\\/2024\\\/10\\\/02\\\/das-bmw-e1-e2-electric-vehicle-concept-1992\\\/\"},\"author\":{\"name\":\"Rainer Ro\u00dfbach\",\"@id\":\"https:\\\/\\\/www.enzo-und-ferdinand.de\\\/#\\\/schema\\\/person\\\/aff2eb9ff87705987c1b9d21fe10b095\"},\"headline\":\"BMW E1\\\/E2 EV Concepts (1992)\",\"datePublished\":\"2024-10-02T07:28:44+00:00\",\"dateModified\":\"2024-11-01T11:19:28+00:00\",\"mainEntityOfPage\":{\"@id\":\"https:\\\/\\\/www.enzo-und-ferdinand.de\\\/index.php\\\/2024\\\/10\\\/02\\\/das-bmw-e1-e2-electric-vehicle-concept-1992\\\/\"},\"wordCount\":298,\"publisher\":{\"@id\":\"https:\\\/\\\/www.enzo-und-ferdinand.de\\\/#organization\"},\"image\":{\"@id\":\"https:\\\/\\\/www.enzo-und-ferdinand.de\\\/index.php\\\/2024\\\/10\\\/02\\\/das-bmw-e1-e2-electric-vehicle-concept-1992\\\/#primaryimage\"},\"thumbnailUrl\":\"https:\\\/\\\/www.enzo-und-ferdinand.de\\\/wp-content\\\/uploads\\\/2024\\\/10\\\/1991BMWE2Concept_0005_MTK00464.jpg\",\"keywords\":[\"BMW\",\"Elektro\"],\"articleSection\":[\"Elektro\",\"Studien\"],\"inLanguage\":\"de\"},{\"@type\":\"WebPage\",\"@id\":\"https:\\\/\\\/www.enzo-und-ferdinand.de\\\/index.php\\\/2024\\\/10\\\/02\\\/das-bmw-e1-e2-electric-vehicle-concept-1992\\\/\",\"url\":\"https:\\\/\\\/www.enzo-und-ferdinand.de\\\/index.php\\\/2024\\\/10\\\/02\\\/das-bmw-e1-e2-electric-vehicle-concept-1992\\\/\",\"name\":\"BMW E1\\\/E2 EV Concepts (1992)\",\"isPartOf\":{\"@id\":\"https:\\\/\\\/www.enzo-und-ferdinand.de\\\/#website\"},\"primaryImageOfPage\":{\"@id\":\"https:\\\/\\\/www.enzo-und-ferdinand.de\\\/index.php\\\/2024\\\/10\\\/02\\\/das-bmw-e1-e2-electric-vehicle-concept-1992\\\/#primaryimage\"},\"image\":{\"@id\":\"https:\\\/\\\/www.enzo-und-ferdinand.de\\\/index.php\\\/2024\\\/10\\\/02\\\/das-bmw-e1-e2-electric-vehicle-concept-1992\\\/#primaryimage\"},\"thumbnailUrl\":\"https:\\\/\\\/www.enzo-und-ferdinand.de\\\/wp-content\\\/uploads\\\/2024\\\/10\\\/1991BMWE2Concept_0005_MTK00464.jpg\",\"datePublished\":\"2024-10-02T07:28:44+00:00\",\"dateModified\":\"2024-11-01T11:19:28+00:00\",\"description\":\"BMW E1 BMW E2 Elektrofahrzeug BMW Technik GmbH Natrium-Schwefel-Batterie Designworks Chuck Pelly Rainer Ro\u00dfbach Rainer Rossbach enzo-und-ferdinand enzo&ferdinand\",\"breadcrumb\":{\"@id\":\"https:\\\/\\\/www.enzo-und-ferdinand.de\\\/index.php\\\/2024\\\/10\\\/02\\\/das-bmw-e1-e2-electric-vehicle-concept-1992\\\/#breadcrumb\"},\"inLanguage\":\"de\",\"potentialAction\":[{\"@type\":\"ReadAction\",\"target\":[\"https:\\\/\\\/www.enzo-und-ferdinand.de\\\/index.php\\\/2024\\\/10\\\/02\\\/das-bmw-e1-e2-electric-vehicle-concept-1992\\\/\"]}]},{\"@type\":\"ImageObject\",\"inLanguage\":\"de\",\"@id\":\"https:\\\/\\\/www.enzo-und-ferdinand.de\\\/index.php\\\/2024\\\/10\\\/02\\\/das-bmw-e1-e2-electric-vehicle-concept-1992\\\/#primaryimage\",\"url\":\"https:\\\/\\\/www.enzo-und-ferdinand.de\\\/wp-content\\\/uploads\\\/2024\\\/10\\\/1991BMWE2Concept_0005_MTK00464.jpg\",\"contentUrl\":\"https:\\\/\\\/www.enzo-und-ferdinand.de\\\/wp-content\\\/uploads\\\/2024\\\/10\\\/1991BMWE2Concept_0005_MTK00464.jpg\",\"width\":1500,\"height\":1000,\"caption\":\"BMW E2\"},{\"@type\":\"BreadcrumbList\",\"@id\":\"https:\\\/\\\/www.enzo-und-ferdinand.de\\\/index.php\\\/2024\\\/10\\\/02\\\/das-bmw-e1-e2-electric-vehicle-concept-1992\\\/#breadcrumb\",\"itemListElement\":[{\"@type\":\"ListItem\",\"position\":1,\"name\":\"Startseite\",\"item\":\"https:\\\/\\\/www.enzo-und-ferdinand.de\\\/\"},{\"@type\":\"ListItem\",\"position\":2,\"name\":\"BMW E1\\\/E2 EV Concepts (1992)\"}]},{\"@type\":\"WebSite\",\"@id\":\"https:\\\/\\\/www.enzo-und-ferdinand.de\\\/#website\",\"url\":\"https:\\\/\\\/www.enzo-und-ferdinand.de\\\/\",\"name\":\"enzo & Ferdinand\",\"description\":\"\",\"publisher\":{\"@id\":\"https:\\\/\\\/www.enzo-und-ferdinand.de\\\/#organization\"},\"potentialAction\":[{\"@type\":\"SearchAction\",\"target\":{\"@type\":\"EntryPoint\",\"urlTemplate\":\"https:\\\/\\\/www.enzo-und-ferdinand.de\\\/?s={search_term_string}\"},\"query-input\":{\"@type\":\"PropertyValueSpecification\",\"valueRequired\":true,\"valueName\":\"search_term_string\"}}],\"inLanguage\":\"de\"},{\"@type\":\"Organization\",\"@id\":\"https:\\\/\\\/www.enzo-und-ferdinand.de\\\/#organization\",\"name\":\"enzo & Ferdinand\",\"url\":\"https:\\\/\\\/www.enzo-und-ferdinand.de\\\/\",\"logo\":{\"@type\":\"ImageObject\",\"inLanguage\":\"de\",\"@id\":\"https:\\\/\\\/www.enzo-und-ferdinand.de\\\/#\\\/schema\\\/logo\\\/image\\\/\",\"url\":\"https:\\\/\\\/www.enzo-und-ferdinand.de\\\/wp-content\\\/uploads\\\/2018\\\/12\\\/revvvs-icon.png\",\"contentUrl\":\"https:\\\/\\\/www.enzo-und-ferdinand.de\\\/wp-content\\\/uploads\\\/2018\\\/12\\\/revvvs-icon.png\",\"width\":512,\"height\":512,\"caption\":\"enzo & Ferdinand\"},\"image\":{\"@id\":\"https:\\\/\\\/www.enzo-und-ferdinand.de\\\/#\\\/schema\\\/logo\\\/image\\\/\"}},{\"@type\":\"Person\",\"@id\":\"https:\\\/\\\/www.enzo-und-ferdinand.de\\\/#\\\/schema\\\/person\\\/aff2eb9ff87705987c1b9d21fe10b095\",\"name\":\"Rainer Ro\u00dfbach\",\"image\":{\"@type\":\"ImageObject\",\"inLanguage\":\"de\",\"@id\":\"https:\\\/\\\/www.enzo-und-ferdinand.de\\\/wp-content\\\/uploads\\\/2026\\\/01\\\/Rainer-Rossbach-150x150.jpg\",\"url\":\"https:\\\/\\\/www.enzo-und-ferdinand.de\\\/wp-content\\\/uploads\\\/2026\\\/01\\\/Rainer-Rossbach-150x150.jpg\",\"contentUrl\":\"https:\\\/\\\/www.enzo-und-ferdinand.de\\\/wp-content\\\/uploads\\\/2026\\\/01\\\/Rainer-Rossbach-150x150.jpg\",\"caption\":\"Rainer Ro\u00dfbach\"},\"url\":\"https:\\\/\\\/www.enzo-und-ferdinand.de\\\/index.php\\\/author\\\/redaktion\\\/\"}]}<\/script>\n<!-- \/ Yoast SEO plugin. -->","yoast_head_json":{"title":"BMW E1\/E2 EV Concepts (1992)","description":"BMW E1 BMW E2 Elektrofahrzeug BMW Technik GmbH Natrium-Schwefel-Batterie Designworks Chuck Pelly Rainer Ro\u00dfbach Rainer Rossbach enzo-und-ferdinand enzo&ferdinand","robots":{"index":"index","follow":"follow","max-snippet":"max-snippet:-1","max-image-preview":"max-image-preview:large","max-video-preview":"max-video-preview:-1"},"canonical":"https:\/\/www.enzo-und-ferdinand.de\/index.php\/2024\/10\/02\/das-bmw-e1-e2-electric-vehicle-concept-1992\/","og_locale":"de_DE","og_type":"article","og_title":"BMW E1\/E2 EV Concepts (1992)","og_description":"BMW E1 BMW E2 Elektrofahrzeug BMW Technik GmbH Natrium-Schwefel-Batterie Designworks Chuck Pelly Rainer Ro\u00dfbach Rainer Rossbach enzo-und-ferdinand enzo&ferdinand","og_url":"https:\/\/www.enzo-und-ferdinand.de\/index.php\/2024\/10\/02\/das-bmw-e1-e2-electric-vehicle-concept-1992\/","og_site_name":"enzo &amp; Ferdinand","article_published_time":"2024-10-02T07:28:44+00:00","article_modified_time":"2024-11-01T11:19:28+00:00","og_image":[{"width":1500,"height":1000,"url":"https:\/\/www.enzo-und-ferdinand.de\/wp-content\/uploads\/2024\/10\/1991BMWE2Concept_0005_MTK00464.jpg","type":"image\/jpeg"}],"author":"Rainer Ro\u00dfbach","twitter_card":"summary_large_image","twitter_misc":{"Verfasst von":"Rainer Ro\u00dfbach","Gesch\u00e4tzte Lesezeit":"1\u00a0Minute"},"schema":{"@context":"https:\/\/schema.org","@graph":[{"@type":"Article","@id":"https:\/\/www.enzo-und-ferdinand.de\/index.php\/2024\/10\/02\/das-bmw-e1-e2-electric-vehicle-concept-1992\/#article","isPartOf":{"@id":"https:\/\/www.enzo-und-ferdinand.de\/index.php\/2024\/10\/02\/das-bmw-e1-e2-electric-vehicle-concept-1992\/"},"author":{"name":"Rainer Ro\u00dfbach","@id":"https:\/\/www.enzo-und-ferdinand.de\/#\/schema\/person\/aff2eb9ff87705987c1b9d21fe10b095"},"headline":"BMW E1\/E2 EV Concepts (1992)","datePublished":"2024-10-02T07:28:44+00:00","dateModified":"2024-11-01T11:19:28+00:00","mainEntityOfPage":{"@id":"https:\/\/www.enzo-und-ferdinand.de\/index.php\/2024\/10\/02\/das-bmw-e1-e2-electric-vehicle-concept-1992\/"},"wordCount":298,"publisher":{"@id":"https:\/\/www.enzo-und-ferdinand.de\/#organization"},"image":{"@id":"https:\/\/www.enzo-und-ferdinand.de\/index.php\/2024\/10\/02\/das-bmw-e1-e2-electric-vehicle-concept-1992\/#primaryimage"},"thumbnailUrl":"https:\/\/www.enzo-und-ferdinand.de\/wp-content\/uploads\/2024\/10\/1991BMWE2Concept_0005_MTK00464.jpg","keywords":["BMW","Elektro"],"articleSection":["Elektro","Studien"],"inLanguage":"de"},{"@type":"WebPage","@id":"https:\/\/www.enzo-und-ferdinand.de\/index.php\/2024\/10\/02\/das-bmw-e1-e2-electric-vehicle-concept-1992\/","url":"https:\/\/www.enzo-und-ferdinand.de\/index.php\/2024\/10\/02\/das-bmw-e1-e2-electric-vehicle-concept-1992\/","name":"BMW E1\/E2 EV Concepts (1992)","isPartOf":{"@id":"https:\/\/www.enzo-und-ferdinand.de\/#website"},"primaryImageOfPage":{"@id":"https:\/\/www.enzo-und-ferdinand.de\/index.php\/2024\/10\/02\/das-bmw-e1-e2-electric-vehicle-concept-1992\/#primaryimage"},"image":{"@id":"https:\/\/www.enzo-und-ferdinand.de\/index.php\/2024\/10\/02\/das-bmw-e1-e2-electric-vehicle-concept-1992\/#primaryimage"},"thumbnailUrl":"https:\/\/www.enzo-und-ferdinand.de\/wp-content\/uploads\/2024\/10\/1991BMWE2Concept_0005_MTK00464.jpg","datePublished":"2024-10-02T07:28:44+00:00","dateModified":"2024-11-01T11:19:28+00:00","description":"BMW E1 BMW E2 Elektrofahrzeug BMW Technik GmbH Natrium-Schwefel-Batterie Designworks Chuck Pelly Rainer Ro\u00dfbach Rainer Rossbach enzo-und-ferdinand enzo&ferdinand","breadcrumb":{"@id":"https:\/\/www.enzo-und-ferdinand.de\/index.php\/2024\/10\/02\/das-bmw-e1-e2-electric-vehicle-concept-1992\/#breadcrumb"},"inLanguage":"de","potentialAction":[{"@type":"ReadAction","target":["https:\/\/www.enzo-und-ferdinand.de\/index.php\/2024\/10\/02\/das-bmw-e1-e2-electric-vehicle-concept-1992\/"]}]},{"@type":"ImageObject","inLanguage":"de","@id":"https:\/\/www.enzo-und-ferdinand.de\/index.php\/2024\/10\/02\/das-bmw-e1-e2-electric-vehicle-concept-1992\/#primaryimage","url":"https:\/\/www.enzo-und-ferdinand.de\/wp-content\/uploads\/2024\/10\/1991BMWE2Concept_0005_MTK00464.jpg","contentUrl":"https:\/\/www.enzo-und-ferdinand.de\/wp-content\/uploads\/2024\/10\/1991BMWE2Concept_0005_MTK00464.jpg","width":1500,"height":1000,"caption":"BMW E2"},{"@type":"BreadcrumbList","@id":"https:\/\/www.enzo-und-ferdinand.de\/index.php\/2024\/10\/02\/das-bmw-e1-e2-electric-vehicle-concept-1992\/#breadcrumb","itemListElement":[{"@type":"ListItem","position":1,"name":"Startseite","item":"https:\/\/www.enzo-und-ferdinand.de\/"},{"@type":"ListItem","position":2,"name":"BMW E1\/E2 EV Concepts (1992)"}]},{"@type":"WebSite","@id":"https:\/\/www.enzo-und-ferdinand.de\/#website","url":"https:\/\/www.enzo-und-ferdinand.de\/","name":"enzo & Ferdinand","description":"","publisher":{"@id":"https:\/\/www.enzo-und-ferdinand.de\/#organization"},"potentialAction":[{"@type":"SearchAction","target":{"@type":"EntryPoint","urlTemplate":"https:\/\/www.enzo-und-ferdinand.de\/?s={search_term_string}"},"query-input":{"@type":"PropertyValueSpecification","valueRequired":true,"valueName":"search_term_string"}}],"inLanguage":"de"},{"@type":"Organization","@id":"https:\/\/www.enzo-und-ferdinand.de\/#organization","name":"enzo & Ferdinand","url":"https:\/\/www.enzo-und-ferdinand.de\/","logo":{"@type":"ImageObject","inLanguage":"de","@id":"https:\/\/www.enzo-und-ferdinand.de\/#\/schema\/logo\/image\/","url":"https:\/\/www.enzo-und-ferdinand.de\/wp-content\/uploads\/2018\/12\/revvvs-icon.png","contentUrl":"https:\/\/www.enzo-und-ferdinand.de\/wp-content\/uploads\/2018\/12\/revvvs-icon.png","width":512,"height":512,"caption":"enzo & Ferdinand"},"image":{"@id":"https:\/\/www.enzo-und-ferdinand.de\/#\/schema\/logo\/image\/"}},{"@type":"Person","@id":"https:\/\/www.enzo-und-ferdinand.de\/#\/schema\/person\/aff2eb9ff87705987c1b9d21fe10b095","name":"Rainer Ro\u00dfbach","image":{"@type":"ImageObject","inLanguage":"de","@id":"https:\/\/www.enzo-und-ferdinand.de\/wp-content\/uploads\/2026\/01\/Rainer-Rossbach-150x150.jpg","url":"https:\/\/www.enzo-und-ferdinand.de\/wp-content\/uploads\/2026\/01\/Rainer-Rossbach-150x150.jpg","contentUrl":"https:\/\/www.enzo-und-ferdinand.de\/wp-content\/uploads\/2026\/01\/Rainer-Rossbach-150x150.jpg","caption":"Rainer Ro\u00dfbach"},"url":"https:\/\/www.enzo-und-ferdinand.de\/index.php\/author\/redaktion\/"}]}},"_links":{"self":[{"href":"https:\/\/www.enzo-und-ferdinand.de\/index.php\/wp-json\/wp\/v2\/posts\/18192","targetHints":{"allow":["GET"]}}],"collection":[{"href":"https:\/\/www.enzo-und-ferdinand.de\/index.php\/wp-json\/wp\/v2\/posts"}],"about":[{"href":"https:\/\/www.enzo-und-ferdinand.de\/index.php\/wp-json\/wp\/v2\/types\/post"}],"author":[{"embeddable":true,"href":"https:\/\/www.enzo-und-ferdinand.de\/index.php\/wp-json\/wp\/v2\/users\/1"}],"replies":[{"embeddable":true,"href":"https:\/\/www.enzo-und-ferdinand.de\/index.php\/wp-json\/wp\/v2\/comments?post=18192"}],"version-history":[{"count":8,"href":"https:\/\/www.enzo-und-ferdinand.de\/index.php\/wp-json\/wp\/v2\/posts\/18192\/revisions"}],"predecessor-version":[{"id":18206,"href":"https:\/\/www.enzo-und-ferdinand.de\/index.php\/wp-json\/wp\/v2\/posts\/18192\/revisions\/18206"}],"wp:featuredmedia":[{"embeddable":true,"href":"https:\/\/www.enzo-und-ferdinand.de\/index.php\/wp-json\/wp\/v2\/media\/18197"}],"wp:attachment":[{"href":"https:\/\/www.enzo-und-ferdinand.de\/index.php\/wp-json\/wp\/v2\/media?parent=18192"}],"wp:term":[{"taxonomy":"category","embeddable":true,"href":"https:\/\/www.enzo-und-ferdinand.de\/index.php\/wp-json\/wp\/v2\/categories?post=18192"},{"taxonomy":"post_tag","embeddable":true,"href":"https:\/\/www.enzo-und-ferdinand.de\/index.php\/wp-json\/wp\/v2\/tags?post=18192"}],"curies":[{"name":"wp","href":"https:\/\/api.w.org\/{rel}","templated":true}]}}