{"id":18295,"date":"2024-10-11T11:11:29","date_gmt":"2024-10-11T09:11:29","guid":{"rendered":"https:\/\/www.enzo-und-ferdinand.de\/?p=18295"},"modified":"2024-11-01T12:30:49","modified_gmt":"2024-11-01T11:30:49","slug":"alpine-a390_ss","status":"publish","type":"post","link":"https:\/\/www.enzo-und-ferdinand.de\/index.php\/2024\/10\/11\/alpine-a390_ss\/","title":{"rendered":"Alpine A390_\u00df"},"content":{"rendered":"\n<figure class=\"wp-block-image size-large is-resized\"><img loading=\"lazy\" decoding=\"async\" width=\"810\" height=\"540\" src=\"https:\/\/www.enzo-und-ferdinand.de\/wp-content\/uploads\/2024\/10\/R-DAM_1608448-810x540.jpg\" alt=\"\" class=\"wp-image-18288\" style=\"width:880px;height:auto\" srcset=\"https:\/\/www.enzo-und-ferdinand.de\/wp-content\/uploads\/2024\/10\/R-DAM_1608448-810x540.jpg 810w, https:\/\/www.enzo-und-ferdinand.de\/wp-content\/uploads\/2024\/10\/R-DAM_1608448-300x200.jpg 300w, https:\/\/www.enzo-und-ferdinand.de\/wp-content\/uploads\/2024\/10\/R-DAM_1608448-768x512.jpg 768w, https:\/\/www.enzo-und-ferdinand.de\/wp-content\/uploads\/2024\/10\/R-DAM_1608448-120x80.jpg 120w, https:\/\/www.enzo-und-ferdinand.de\/wp-content\/uploads\/2024\/10\/R-DAM_1608448.jpg 1500w\" sizes=\"auto, (max-width: 810px) 100vw, 810px\" \/><\/figure>\n\n\n\n<p class=\"wp-block-paragraph\">Das Showcar, das auf dem Pariser Automobilsalon 2024 enth\u00fcllt wird, ist ein Vorgeschmack auf einen zuk\u00fcnftigen Sport Fastback. Das Elektroauto konzipiert basiert auf der stark modifizierten, konzerneigenen Plattform AmpR Medium. Die Batterien befinden sich unter dem Fahrgastraum und bieten einen niedrigen Schwerpunkt und eine gute Stra\u00dfenlage. Beim Antrieb kommen drei von Alpine entwickelte Elektromotoren \u2013 einer vorne und zwei hinten \u2013 zum Einsatz, die ihre Kraft \u00fcber ein nicht permanentes AWD-System auf alle vier R\u00e4der \u00fcbertragen.&nbsp;<\/p>\n\n\n\n<p class=\"wp-block-paragraph\">Den Achsantrieb steuert das Drehmoment-Management-System Active Torque Vectoring. Es regelt die Verteilung des Drehmoments zwischen Vorder- und Hinterachse sowie zwischen dem linken und dem rechten Hinterrad und optimiert so das Fahrverhalten in L\u00e4ngsrichtung sowie die Kurvendynamik. Zugleich bietet es Sicherheit, unabh\u00e4ngig von der Bodenhaftung der einzelnen R\u00e4der.\u00a0<\/p>\n\n\n\n<p class=\"wp-block-paragraph\">Der Fahrzeugboden besteht aus Hochleistungs-Carbon. Er setzt sich aus einer Vielzahl von dreieckigen Elementen zusammen und wird komplett aus recycelten Materialien aus der Luftfahrt- und Photovoltaikindustrie hergestellt. Die Kopfst\u00fctzen der Sitze entstehen im 3D-Druck. F\u00fcr deren Produktion wird ein Elastomer auf Biobasis verwendet, das teilweise aus Rizinussamen hergestellt wird.<\/p>\n\n\n\n<p class=\"wp-block-paragraph\">Trotz des Studiencharakters bietet die A390_\u03b2 einen Ausblick auf das k\u00fcnftige Serienmodell f\u00fcr die Stra\u00dfe. Die Karosserie entspricht bereits zu 85 Prozent dem des zuk\u00fcnftigen Serienmodells und zeigt eine flie\u00dfende und sportliche Form mit einem ger\u00e4umigen Interieur, w\u00e4hrend die Silhouette mit der abfallenden Heckscheibe zur Aerodynamik des Fahrzeugs beitr\u00e4gt. Bewegliche Lackpartikel oszillieren zwischen hellen Blaut\u00f6nen und tieferen Schattierungen, die die Linien Kontraste akzentuieren.<\/p>\n\n\n\n<figure class=\"wp-block-image size-large is-resized\"><img loading=\"lazy\" decoding=\"async\" width=\"810\" height=\"540\" src=\"https:\/\/www.enzo-und-ferdinand.de\/wp-content\/uploads\/2024\/10\/R-DAM_1608460-810x540.jpg\" alt=\"\" class=\"wp-image-18289\" style=\"width:880px;height:auto\" srcset=\"https:\/\/www.enzo-und-ferdinand.de\/wp-content\/uploads\/2024\/10\/R-DAM_1608460-810x540.jpg 810w, https:\/\/www.enzo-und-ferdinand.de\/wp-content\/uploads\/2024\/10\/R-DAM_1608460-300x200.jpg 300w, https:\/\/www.enzo-und-ferdinand.de\/wp-content\/uploads\/2024\/10\/R-DAM_1608460-768x512.jpg 768w, https:\/\/www.enzo-und-ferdinand.de\/wp-content\/uploads\/2024\/10\/R-DAM_1608460-120x80.jpg 120w, https:\/\/www.enzo-und-ferdinand.de\/wp-content\/uploads\/2024\/10\/R-DAM_1608460.jpg 1500w\" sizes=\"auto, (max-width: 810px) 100vw, 810px\" \/><\/figure>\n\n\n\n<p class=\"wp-block-paragraph\">Die Lichtsignatur besteht aus einer Vielzahl leuchtender Dreiecke unter dem vorderen und hinteren Lichtband. Schlanke Lichtleisten an Front und Heck erzeugen optische Leichtigkeit. Ein Aerodymamik-Element leitet den Luftstrom \u00fcber den oberen Teil des Fahrzeugs und der K\u00fchlergrill ist mikroperforiert. Breite seitliche Hutzen beschleunigen den Luftstrom zus\u00e4tzlich.<\/p>\n\n\n\n<p class=\"wp-block-paragraph\">Die Gestaltung des Hecks greift die Flosse des Alpine-Hypercars f\u00fcr Le Mans auf. Ein beleuchtetes Lichtband l\u00e4sst sich mit dem Heckdiffusor um 80 mm ein- und ausfahren. Dadurch verwandelt sich die A390_\u03b2 von einem Kurz- in ein Lang-Heck, um den Luftwiderstandsbeiwert zu verringern und die Reichweite zu erh\u00f6hen.<\/p>\n\n\n\n<p class=\"wp-block-paragraph\">W\u00e4hrend das \u00c4u\u00dfere seriennah ist, ist das Interieur rein konzeptionell. Das Cockpit der A390_\u03b2 will die Fahrerin und den Fahrer mit dem Auto eins werden lassen. Es besteht aus einem leuchtenden Dreieck, das die Fahrachse darstellt. Hinter dem Lenkrad befinden sich drei nacheinander angeordnete Glaslamellen, die einen holografischen Effekt erzeugen und eine dynamische, mehrdimensionale Darstellung der Fahrinformationen erm\u00f6glichen.<\/p>\n\n\n\n<p class=\"wp-block-paragraph\">Das kompakte Lenkrad ist von der Formel 1 inspiriert und verf\u00fcgt \u00fcber zwei verschiedene Geometrien, die den Wechsel zwischen dem allt\u00e4glichen Fahren und extremer Sportlichkeit erm\u00f6glichen. Gestartet wir der Wagen mit einem Schl\u00fcssel in Form eines Eiskristalls, der in die Mitte des Lenkrads eingesetzt wird. Ein aus der Formel 1 abgeleiteter \u201eOvertake\u201c-Button am Lenkrad ruft mit einer leichten Ber\u00fchrung die volle Motorleistung ab. Weitere Lenkradtasten erlauben die Anpassung der hydraulischen Federung, die Dosierung der regenerativen Bremsen und die Einstellung der Multimedia-Modi.<\/p>\n\n\n\n<p class=\"wp-block-paragraph\">Auch der Fahrersitz entspricht dem Vorbild aus der Formel 1 und bietet zwei Fahrpositionen: eine f\u00fcr den Alltag und eine f\u00fcr sportliche Leistungen. Aktivieren l\u00e4sst sich die F1-Sitzposition mit einer von der Luftfahrt inspirierten Steuerung, die sich rechts neben dem Sitz befindet. Die Pedale werden angehoben und das Lenkrad gestrafft. Der Sitz schwebt fast \u00fcber dem Boden. Beifahrerin oder Beifahrer werden zum Co-Piloten mittels einer vor ihnen schwebenden Glasscheibe, auf der Informationen \u00fcber den Stra\u00dfenverlauf angezeigt werden.<\/p>\n\n\n\n<p class=\"wp-block-paragraph\">Die normale Sitzposition f\u00fcr den Alltag ist hoch, die Pedale befinden sich nahe am Boden und die Vordersitze sind mit einem zweifarbigen Vierpunkt-Sabelt-Gurt ausgestattet, der gleichfalls von der Formel 1 inspiriert ist.<\/p>\n\n\n\n<figure class=\"wp-block-gallery has-nested-images columns-2 is-cropped wp-block-gallery-1 is-layout-flex wp-block-gallery-is-layout-flex\">\n<figure class=\"wp-block-image size-large\"><img loading=\"lazy\" decoding=\"async\" width=\"810\" height=\"540\" data-id=\"18292\" src=\"https:\/\/www.enzo-und-ferdinand.de\/wp-content\/uploads\/2024\/10\/R-DAM_1608661-810x540.jpg\" alt=\"\" class=\"wp-image-18292\" srcset=\"https:\/\/www.enzo-und-ferdinand.de\/wp-content\/uploads\/2024\/10\/R-DAM_1608661-810x540.jpg 810w, https:\/\/www.enzo-und-ferdinand.de\/wp-content\/uploads\/2024\/10\/R-DAM_1608661-300x200.jpg 300w, https:\/\/www.enzo-und-ferdinand.de\/wp-content\/uploads\/2024\/10\/R-DAM_1608661-768x512.jpg 768w, https:\/\/www.enzo-und-ferdinand.de\/wp-content\/uploads\/2024\/10\/R-DAM_1608661-120x80.jpg 120w, https:\/\/www.enzo-und-ferdinand.de\/wp-content\/uploads\/2024\/10\/R-DAM_1608661.jpg 1500w\" sizes=\"auto, (max-width: 810px) 100vw, 810px\" \/><\/figure>\n\n\n\n<figure class=\"wp-block-image size-large\"><img loading=\"lazy\" decoding=\"async\" width=\"810\" height=\"456\" data-id=\"18287\" src=\"https:\/\/www.enzo-und-ferdinand.de\/wp-content\/uploads\/2024\/10\/R-DAM_1607833-810x456.jpg\" alt=\"\" class=\"wp-image-18287\" srcset=\"https:\/\/www.enzo-und-ferdinand.de\/wp-content\/uploads\/2024\/10\/R-DAM_1607833-810x456.jpg 810w, https:\/\/www.enzo-und-ferdinand.de\/wp-content\/uploads\/2024\/10\/R-DAM_1607833-300x169.jpg 300w, https:\/\/www.enzo-und-ferdinand.de\/wp-content\/uploads\/2024\/10\/R-DAM_1607833-768x432.jpg 768w, https:\/\/www.enzo-und-ferdinand.de\/wp-content\/uploads\/2024\/10\/R-DAM_1607833.jpg 1500w\" sizes=\"auto, (max-width: 810px) 100vw, 810px\" \/><\/figure>\n\n\n\n<figure class=\"wp-block-image size-large\"><img loading=\"lazy\" decoding=\"async\" width=\"810\" height=\"456\" data-id=\"18286\" src=\"https:\/\/www.enzo-und-ferdinand.de\/wp-content\/uploads\/2024\/10\/R-DAM_1607809-810x456.jpg\" alt=\"\" class=\"wp-image-18286\" srcset=\"https:\/\/www.enzo-und-ferdinand.de\/wp-content\/uploads\/2024\/10\/R-DAM_1607809-810x456.jpg 810w, https:\/\/www.enzo-und-ferdinand.de\/wp-content\/uploads\/2024\/10\/R-DAM_1607809-300x169.jpg 300w, https:\/\/www.enzo-und-ferdinand.de\/wp-content\/uploads\/2024\/10\/R-DAM_1607809-768x432.jpg 768w, https:\/\/www.enzo-und-ferdinand.de\/wp-content\/uploads\/2024\/10\/R-DAM_1607809.jpg 1500w\" sizes=\"auto, (max-width: 810px) 100vw, 810px\" \/><\/figure>\n\n\n\n<figure class=\"wp-block-image size-large\"><img loading=\"lazy\" decoding=\"async\" width=\"810\" height=\"456\" data-id=\"18285\" src=\"https:\/\/www.enzo-und-ferdinand.de\/wp-content\/uploads\/2024\/10\/R-DAM_1607746-810x456.jpg\" alt=\"\" class=\"wp-image-18285\" srcset=\"https:\/\/www.enzo-und-ferdinand.de\/wp-content\/uploads\/2024\/10\/R-DAM_1607746-810x456.jpg 810w, https:\/\/www.enzo-und-ferdinand.de\/wp-content\/uploads\/2024\/10\/R-DAM_1607746-300x169.jpg 300w, https:\/\/www.enzo-und-ferdinand.de\/wp-content\/uploads\/2024\/10\/R-DAM_1607746-768x432.jpg 768w, https:\/\/www.enzo-und-ferdinand.de\/wp-content\/uploads\/2024\/10\/R-DAM_1607746.jpg 1500w\" sizes=\"auto, (max-width: 810px) 100vw, 810px\" \/><\/figure>\n<\/figure>\n\n\n\n<p class=\"has-text-align-right has-small-font-size wp-block-paragraph\">Fotos: Alpine\/Text: Rainer Ro\u00dfbach<\/p>\n","protected":false},"excerpt":{"rendered":"<p>Das Showcar, das auf dem Pariser Automobilsalon 2024 enth\u00fcllt wird, ist ein Vorgeschmack auf einen zuk\u00fcnftigen Sport Fastback. Das Elektroauto konzipiert basiert auf der stark modifizierten, konzerneigenen Plattform AmpR Medium. Die Batterien befinden sich unter dem Fahrgastraum und bieten einen niedrigen Schwerpunkt und eine gute Stra\u00dfenlage. Beim Antrieb kommen drei von Alpine entwickelte Elektromotoren \u2013 einer vorne und zwei hinten \u2013 zum Einsatz, die ihre Kraft \u00fcber ein nicht permanentes AWD-System auf alle vier R\u00e4der \u00fcbertragen.<\/p>\n","protected":false},"author":1,"featured_media":18284,"comment_status":"closed","ping_status":"closed","sticky":false,"template":"","format":"standard","meta":{"_crdt_document":"","ngg_post_thumbnail":0,"footnotes":""},"categories":[681,4],"tags":[],"class_list":["post-18295","post","type-post","status-publish","format-standard","has-post-thumbnail","hentry","category-elektro","category-studien"],"yoast_head":"<!-- This site is optimized with the Yoast SEO plugin v27.5 - https:\/\/yoast.com\/product\/yoast-seo-wordpress\/ -->\n<title>Alpine A390_\u00df<\/title>\n<meta name=\"description\" content=\"Pariser Automobilsalon Sport Fastback Elektro WD ctive Torque Vectoring Carbon Luftfahrt Photovoltaik Rizinus Alpine-Hypercar Overtake Rainer Ro\u00dfbach Rainer Rossbach enzo-und-ferdinand enzo&amp;ferdinand\" \/>\n<meta name=\"robots\" content=\"index, follow, max-snippet:-1, max-image-preview:large, max-video-preview:-1\" \/>\n<link rel=\"canonical\" href=\"https:\/\/www.enzo-und-ferdinand.de\/index.php\/2024\/10\/11\/alpine-a390_ss\/\" \/>\n<meta property=\"og:locale\" content=\"de_DE\" \/>\n<meta property=\"og:type\" content=\"article\" \/>\n<meta property=\"og:title\" content=\"Alpine A390_\u00df\" \/>\n<meta property=\"og:description\" content=\"Pariser Automobilsalon Sport Fastback Elektro WD ctive Torque Vectoring Carbon Luftfahrt Photovoltaik Rizinus Alpine-Hypercar Overtake Rainer Ro\u00dfbach Rainer Rossbach enzo-und-ferdinand enzo&amp;ferdinand\" \/>\n<meta property=\"og:url\" content=\"https:\/\/www.enzo-und-ferdinand.de\/index.php\/2024\/10\/11\/alpine-a390_ss\/\" \/>\n<meta property=\"og:site_name\" content=\"enzo &amp; Ferdinand\" \/>\n<meta property=\"article:published_time\" content=\"2024-10-11T09:11:29+00:00\" \/>\n<meta property=\"article:modified_time\" content=\"2024-11-01T11:30:49+00:00\" \/>\n<meta property=\"og:image\" content=\"https:\/\/www.enzo-und-ferdinand.de\/wp-content\/uploads\/2024\/10\/R-DAM_1607740.jpg\" \/>\n\t<meta property=\"og:image:width\" content=\"1500\" \/>\n\t<meta property=\"og:image:height\" content=\"844\" \/>\n\t<meta property=\"og:image:type\" content=\"image\/jpeg\" \/>\n<meta name=\"author\" content=\"Rainer Ro\u00dfbach\" \/>\n<meta name=\"twitter:card\" content=\"summary_large_image\" \/>\n<meta name=\"twitter:label1\" content=\"Verfasst von\" \/>\n\t<meta name=\"twitter:data1\" content=\"Rainer Ro\u00dfbach\" \/>\n\t<meta name=\"twitter:label2\" content=\"Gesch\u00e4tzte Lesezeit\" \/>\n\t<meta name=\"twitter:data2\" content=\"3\u00a0Minuten\" \/>\n<script type=\"application\/ld+json\" class=\"yoast-schema-graph\">{\"@context\":\"https:\\\/\\\/schema.org\",\"@graph\":[{\"@type\":\"Article\",\"@id\":\"https:\\\/\\\/www.enzo-und-ferdinand.de\\\/index.php\\\/2024\\\/10\\\/11\\\/alpine-a390_ss\\\/#article\",\"isPartOf\":{\"@id\":\"https:\\\/\\\/www.enzo-und-ferdinand.de\\\/index.php\\\/2024\\\/10\\\/11\\\/alpine-a390_ss\\\/\"},\"author\":{\"name\":\"Rainer Ro\u00dfbach\",\"@id\":\"https:\\\/\\\/www.enzo-und-ferdinand.de\\\/#\\\/schema\\\/person\\\/aff2eb9ff87705987c1b9d21fe10b095\"},\"headline\":\"Alpine A390_\u00df\",\"datePublished\":\"2024-10-11T09:11:29+00:00\",\"dateModified\":\"2024-11-01T11:30:49+00:00\",\"mainEntityOfPage\":{\"@id\":\"https:\\\/\\\/www.enzo-und-ferdinand.de\\\/index.php\\\/2024\\\/10\\\/11\\\/alpine-a390_ss\\\/\"},\"wordCount\":615,\"publisher\":{\"@id\":\"https:\\\/\\\/www.enzo-und-ferdinand.de\\\/#organization\"},\"image\":{\"@id\":\"https:\\\/\\\/www.enzo-und-ferdinand.de\\\/index.php\\\/2024\\\/10\\\/11\\\/alpine-a390_ss\\\/#primaryimage\"},\"thumbnailUrl\":\"https:\\\/\\\/www.enzo-und-ferdinand.de\\\/wp-content\\\/uploads\\\/2024\\\/10\\\/R-DAM_1607740.jpg\",\"articleSection\":[\"Elektro\",\"Studien\"],\"inLanguage\":\"de\"},{\"@type\":\"WebPage\",\"@id\":\"https:\\\/\\\/www.enzo-und-ferdinand.de\\\/index.php\\\/2024\\\/10\\\/11\\\/alpine-a390_ss\\\/\",\"url\":\"https:\\\/\\\/www.enzo-und-ferdinand.de\\\/index.php\\\/2024\\\/10\\\/11\\\/alpine-a390_ss\\\/\",\"name\":\"Alpine A390_\u00df\",\"isPartOf\":{\"@id\":\"https:\\\/\\\/www.enzo-und-ferdinand.de\\\/#website\"},\"primaryImageOfPage\":{\"@id\":\"https:\\\/\\\/www.enzo-und-ferdinand.de\\\/index.php\\\/2024\\\/10\\\/11\\\/alpine-a390_ss\\\/#primaryimage\"},\"image\":{\"@id\":\"https:\\\/\\\/www.enzo-und-ferdinand.de\\\/index.php\\\/2024\\\/10\\\/11\\\/alpine-a390_ss\\\/#primaryimage\"},\"thumbnailUrl\":\"https:\\\/\\\/www.enzo-und-ferdinand.de\\\/wp-content\\\/uploads\\\/2024\\\/10\\\/R-DAM_1607740.jpg\",\"datePublished\":\"2024-10-11T09:11:29+00:00\",\"dateModified\":\"2024-11-01T11:30:49+00:00\",\"description\":\"Pariser Automobilsalon Sport Fastback Elektro WD ctive Torque Vectoring Carbon Luftfahrt Photovoltaik Rizinus Alpine-Hypercar Overtake Rainer Ro\u00dfbach Rainer Rossbach enzo-und-ferdinand enzo&ferdinand\",\"breadcrumb\":{\"@id\":\"https:\\\/\\\/www.enzo-und-ferdinand.de\\\/index.php\\\/2024\\\/10\\\/11\\\/alpine-a390_ss\\\/#breadcrumb\"},\"inLanguage\":\"de\",\"potentialAction\":[{\"@type\":\"ReadAction\",\"target\":[\"https:\\\/\\\/www.enzo-und-ferdinand.de\\\/index.php\\\/2024\\\/10\\\/11\\\/alpine-a390_ss\\\/\"]}]},{\"@type\":\"ImageObject\",\"inLanguage\":\"de\",\"@id\":\"https:\\\/\\\/www.enzo-und-ferdinand.de\\\/index.php\\\/2024\\\/10\\\/11\\\/alpine-a390_ss\\\/#primaryimage\",\"url\":\"https:\\\/\\\/www.enzo-und-ferdinand.de\\\/wp-content\\\/uploads\\\/2024\\\/10\\\/R-DAM_1607740.jpg\",\"contentUrl\":\"https:\\\/\\\/www.enzo-und-ferdinand.de\\\/wp-content\\\/uploads\\\/2024\\\/10\\\/R-DAM_1607740.jpg\",\"width\":1500,\"height\":844,\"caption\":\"Alpine A390_\u00df\"},{\"@type\":\"BreadcrumbList\",\"@id\":\"https:\\\/\\\/www.enzo-und-ferdinand.de\\\/index.php\\\/2024\\\/10\\\/11\\\/alpine-a390_ss\\\/#breadcrumb\",\"itemListElement\":[{\"@type\":\"ListItem\",\"position\":1,\"name\":\"Startseite\",\"item\":\"https:\\\/\\\/www.enzo-und-ferdinand.de\\\/\"},{\"@type\":\"ListItem\",\"position\":2,\"name\":\"Alpine A390_\u00df\"}]},{\"@type\":\"WebSite\",\"@id\":\"https:\\\/\\\/www.enzo-und-ferdinand.de\\\/#website\",\"url\":\"https:\\\/\\\/www.enzo-und-ferdinand.de\\\/\",\"name\":\"enzo & Ferdinand\",\"description\":\"\",\"publisher\":{\"@id\":\"https:\\\/\\\/www.enzo-und-ferdinand.de\\\/#organization\"},\"potentialAction\":[{\"@type\":\"SearchAction\",\"target\":{\"@type\":\"EntryPoint\",\"urlTemplate\":\"https:\\\/\\\/www.enzo-und-ferdinand.de\\\/?s={search_term_string}\"},\"query-input\":{\"@type\":\"PropertyValueSpecification\",\"valueRequired\":true,\"valueName\":\"search_term_string\"}}],\"inLanguage\":\"de\"},{\"@type\":\"Organization\",\"@id\":\"https:\\\/\\\/www.enzo-und-ferdinand.de\\\/#organization\",\"name\":\"enzo & Ferdinand\",\"url\":\"https:\\\/\\\/www.enzo-und-ferdinand.de\\\/\",\"logo\":{\"@type\":\"ImageObject\",\"inLanguage\":\"de\",\"@id\":\"https:\\\/\\\/www.enzo-und-ferdinand.de\\\/#\\\/schema\\\/logo\\\/image\\\/\",\"url\":\"https:\\\/\\\/www.enzo-und-ferdinand.de\\\/wp-content\\\/uploads\\\/2018\\\/12\\\/revvvs-icon.png\",\"contentUrl\":\"https:\\\/\\\/www.enzo-und-ferdinand.de\\\/wp-content\\\/uploads\\\/2018\\\/12\\\/revvvs-icon.png\",\"width\":512,\"height\":512,\"caption\":\"enzo & Ferdinand\"},\"image\":{\"@id\":\"https:\\\/\\\/www.enzo-und-ferdinand.de\\\/#\\\/schema\\\/logo\\\/image\\\/\"}},{\"@type\":\"Person\",\"@id\":\"https:\\\/\\\/www.enzo-und-ferdinand.de\\\/#\\\/schema\\\/person\\\/aff2eb9ff87705987c1b9d21fe10b095\",\"name\":\"Rainer Ro\u00dfbach\",\"image\":{\"@type\":\"ImageObject\",\"inLanguage\":\"de\",\"@id\":\"https:\\\/\\\/www.enzo-und-ferdinand.de\\\/wp-content\\\/uploads\\\/2026\\\/01\\\/Rainer-Rossbach-150x150.jpg\",\"url\":\"https:\\\/\\\/www.enzo-und-ferdinand.de\\\/wp-content\\\/uploads\\\/2026\\\/01\\\/Rainer-Rossbach-150x150.jpg\",\"contentUrl\":\"https:\\\/\\\/www.enzo-und-ferdinand.de\\\/wp-content\\\/uploads\\\/2026\\\/01\\\/Rainer-Rossbach-150x150.jpg\",\"caption\":\"Rainer Ro\u00dfbach\"},\"url\":\"https:\\\/\\\/www.enzo-und-ferdinand.de\\\/index.php\\\/author\\\/redaktion\\\/\"}]}<\/script>\n<!-- \/ Yoast SEO plugin. -->","yoast_head_json":{"title":"Alpine A390_\u00df","description":"Pariser Automobilsalon Sport Fastback Elektro WD ctive Torque Vectoring Carbon Luftfahrt Photovoltaik Rizinus Alpine-Hypercar Overtake Rainer Ro\u00dfbach Rainer Rossbach enzo-und-ferdinand enzo&ferdinand","robots":{"index":"index","follow":"follow","max-snippet":"max-snippet:-1","max-image-preview":"max-image-preview:large","max-video-preview":"max-video-preview:-1"},"canonical":"https:\/\/www.enzo-und-ferdinand.de\/index.php\/2024\/10\/11\/alpine-a390_ss\/","og_locale":"de_DE","og_type":"article","og_title":"Alpine A390_\u00df","og_description":"Pariser Automobilsalon Sport Fastback Elektro WD ctive Torque Vectoring Carbon Luftfahrt Photovoltaik Rizinus Alpine-Hypercar Overtake Rainer Ro\u00dfbach Rainer Rossbach enzo-und-ferdinand enzo&ferdinand","og_url":"https:\/\/www.enzo-und-ferdinand.de\/index.php\/2024\/10\/11\/alpine-a390_ss\/","og_site_name":"enzo &amp; Ferdinand","article_published_time":"2024-10-11T09:11:29+00:00","article_modified_time":"2024-11-01T11:30:49+00:00","og_image":[{"width":1500,"height":844,"url":"https:\/\/www.enzo-und-ferdinand.de\/wp-content\/uploads\/2024\/10\/R-DAM_1607740.jpg","type":"image\/jpeg"}],"author":"Rainer Ro\u00dfbach","twitter_card":"summary_large_image","twitter_misc":{"Verfasst von":"Rainer Ro\u00dfbach","Gesch\u00e4tzte Lesezeit":"3\u00a0Minuten"},"schema":{"@context":"https:\/\/schema.org","@graph":[{"@type":"Article","@id":"https:\/\/www.enzo-und-ferdinand.de\/index.php\/2024\/10\/11\/alpine-a390_ss\/#article","isPartOf":{"@id":"https:\/\/www.enzo-und-ferdinand.de\/index.php\/2024\/10\/11\/alpine-a390_ss\/"},"author":{"name":"Rainer Ro\u00dfbach","@id":"https:\/\/www.enzo-und-ferdinand.de\/#\/schema\/person\/aff2eb9ff87705987c1b9d21fe10b095"},"headline":"Alpine A390_\u00df","datePublished":"2024-10-11T09:11:29+00:00","dateModified":"2024-11-01T11:30:49+00:00","mainEntityOfPage":{"@id":"https:\/\/www.enzo-und-ferdinand.de\/index.php\/2024\/10\/11\/alpine-a390_ss\/"},"wordCount":615,"publisher":{"@id":"https:\/\/www.enzo-und-ferdinand.de\/#organization"},"image":{"@id":"https:\/\/www.enzo-und-ferdinand.de\/index.php\/2024\/10\/11\/alpine-a390_ss\/#primaryimage"},"thumbnailUrl":"https:\/\/www.enzo-und-ferdinand.de\/wp-content\/uploads\/2024\/10\/R-DAM_1607740.jpg","articleSection":["Elektro","Studien"],"inLanguage":"de"},{"@type":"WebPage","@id":"https:\/\/www.enzo-und-ferdinand.de\/index.php\/2024\/10\/11\/alpine-a390_ss\/","url":"https:\/\/www.enzo-und-ferdinand.de\/index.php\/2024\/10\/11\/alpine-a390_ss\/","name":"Alpine A390_\u00df","isPartOf":{"@id":"https:\/\/www.enzo-und-ferdinand.de\/#website"},"primaryImageOfPage":{"@id":"https:\/\/www.enzo-und-ferdinand.de\/index.php\/2024\/10\/11\/alpine-a390_ss\/#primaryimage"},"image":{"@id":"https:\/\/www.enzo-und-ferdinand.de\/index.php\/2024\/10\/11\/alpine-a390_ss\/#primaryimage"},"thumbnailUrl":"https:\/\/www.enzo-und-ferdinand.de\/wp-content\/uploads\/2024\/10\/R-DAM_1607740.jpg","datePublished":"2024-10-11T09:11:29+00:00","dateModified":"2024-11-01T11:30:49+00:00","description":"Pariser Automobilsalon Sport Fastback Elektro WD ctive Torque Vectoring Carbon Luftfahrt Photovoltaik Rizinus Alpine-Hypercar Overtake Rainer Ro\u00dfbach Rainer Rossbach enzo-und-ferdinand enzo&ferdinand","breadcrumb":{"@id":"https:\/\/www.enzo-und-ferdinand.de\/index.php\/2024\/10\/11\/alpine-a390_ss\/#breadcrumb"},"inLanguage":"de","potentialAction":[{"@type":"ReadAction","target":["https:\/\/www.enzo-und-ferdinand.de\/index.php\/2024\/10\/11\/alpine-a390_ss\/"]}]},{"@type":"ImageObject","inLanguage":"de","@id":"https:\/\/www.enzo-und-ferdinand.de\/index.php\/2024\/10\/11\/alpine-a390_ss\/#primaryimage","url":"https:\/\/www.enzo-und-ferdinand.de\/wp-content\/uploads\/2024\/10\/R-DAM_1607740.jpg","contentUrl":"https:\/\/www.enzo-und-ferdinand.de\/wp-content\/uploads\/2024\/10\/R-DAM_1607740.jpg","width":1500,"height":844,"caption":"Alpine A390_\u00df"},{"@type":"BreadcrumbList","@id":"https:\/\/www.enzo-und-ferdinand.de\/index.php\/2024\/10\/11\/alpine-a390_ss\/#breadcrumb","itemListElement":[{"@type":"ListItem","position":1,"name":"Startseite","item":"https:\/\/www.enzo-und-ferdinand.de\/"},{"@type":"ListItem","position":2,"name":"Alpine A390_\u00df"}]},{"@type":"WebSite","@id":"https:\/\/www.enzo-und-ferdinand.de\/#website","url":"https:\/\/www.enzo-und-ferdinand.de\/","name":"enzo & Ferdinand","description":"","publisher":{"@id":"https:\/\/www.enzo-und-ferdinand.de\/#organization"},"potentialAction":[{"@type":"SearchAction","target":{"@type":"EntryPoint","urlTemplate":"https:\/\/www.enzo-und-ferdinand.de\/?s={search_term_string}"},"query-input":{"@type":"PropertyValueSpecification","valueRequired":true,"valueName":"search_term_string"}}],"inLanguage":"de"},{"@type":"Organization","@id":"https:\/\/www.enzo-und-ferdinand.de\/#organization","name":"enzo & Ferdinand","url":"https:\/\/www.enzo-und-ferdinand.de\/","logo":{"@type":"ImageObject","inLanguage":"de","@id":"https:\/\/www.enzo-und-ferdinand.de\/#\/schema\/logo\/image\/","url":"https:\/\/www.enzo-und-ferdinand.de\/wp-content\/uploads\/2018\/12\/revvvs-icon.png","contentUrl":"https:\/\/www.enzo-und-ferdinand.de\/wp-content\/uploads\/2018\/12\/revvvs-icon.png","width":512,"height":512,"caption":"enzo & Ferdinand"},"image":{"@id":"https:\/\/www.enzo-und-ferdinand.de\/#\/schema\/logo\/image\/"}},{"@type":"Person","@id":"https:\/\/www.enzo-und-ferdinand.de\/#\/schema\/person\/aff2eb9ff87705987c1b9d21fe10b095","name":"Rainer Ro\u00dfbach","image":{"@type":"ImageObject","inLanguage":"de","@id":"https:\/\/www.enzo-und-ferdinand.de\/wp-content\/uploads\/2026\/01\/Rainer-Rossbach-150x150.jpg","url":"https:\/\/www.enzo-und-ferdinand.de\/wp-content\/uploads\/2026\/01\/Rainer-Rossbach-150x150.jpg","contentUrl":"https:\/\/www.enzo-und-ferdinand.de\/wp-content\/uploads\/2026\/01\/Rainer-Rossbach-150x150.jpg","caption":"Rainer Ro\u00dfbach"},"url":"https:\/\/www.enzo-und-ferdinand.de\/index.php\/author\/redaktion\/"}]}},"_links":{"self":[{"href":"https:\/\/www.enzo-und-ferdinand.de\/index.php\/wp-json\/wp\/v2\/posts\/18295","targetHints":{"allow":["GET"]}}],"collection":[{"href":"https:\/\/www.enzo-und-ferdinand.de\/index.php\/wp-json\/wp\/v2\/posts"}],"about":[{"href":"https:\/\/www.enzo-und-ferdinand.de\/index.php\/wp-json\/wp\/v2\/types\/post"}],"author":[{"embeddable":true,"href":"https:\/\/www.enzo-und-ferdinand.de\/index.php\/wp-json\/wp\/v2\/users\/1"}],"replies":[{"embeddable":true,"href":"https:\/\/www.enzo-und-ferdinand.de\/index.php\/wp-json\/wp\/v2\/comments?post=18295"}],"version-history":[{"count":5,"href":"https:\/\/www.enzo-und-ferdinand.de\/index.php\/wp-json\/wp\/v2\/posts\/18295\/revisions"}],"predecessor-version":[{"id":18464,"href":"https:\/\/www.enzo-und-ferdinand.de\/index.php\/wp-json\/wp\/v2\/posts\/18295\/revisions\/18464"}],"wp:featuredmedia":[{"embeddable":true,"href":"https:\/\/www.enzo-und-ferdinand.de\/index.php\/wp-json\/wp\/v2\/media\/18284"}],"wp:attachment":[{"href":"https:\/\/www.enzo-und-ferdinand.de\/index.php\/wp-json\/wp\/v2\/media?parent=18295"}],"wp:term":[{"taxonomy":"category","embeddable":true,"href":"https:\/\/www.enzo-und-ferdinand.de\/index.php\/wp-json\/wp\/v2\/categories?post=18295"},{"taxonomy":"post_tag","embeddable":true,"href":"https:\/\/www.enzo-und-ferdinand.de\/index.php\/wp-json\/wp\/v2\/tags?post=18295"}],"curies":[{"name":"wp","href":"https:\/\/api.w.org\/{rel}","templated":true}]}}