{"id":18314,"date":"2024-10-15T10:40:09","date_gmt":"2024-10-15T08:40:09","guid":{"rendered":"https:\/\/www.enzo-und-ferdinand.de\/?p=18314"},"modified":"2024-11-01T12:38:10","modified_gmt":"2024-11-01T11:38:10","slug":"renault-4-e-tech-electric","status":"publish","type":"post","link":"https:\/\/www.enzo-und-ferdinand.de\/index.php\/2024\/10\/15\/renault-4-e-tech-electric\/","title":{"rendered":"Renault 4 E-Tech Electric"},"content":{"rendered":"\n<figure class=\"wp-block-image size-large is-resized\"><img loading=\"lazy\" decoding=\"async\" width=\"810\" height=\"605\" src=\"https:\/\/www.enzo-und-ferdinand.de\/wp-content\/uploads\/2024\/10\/RENAULT-4-E-TECH-ELECTRIC-3-810x605.jpg\" alt=\"\" class=\"wp-image-18320\" style=\"width:880px;height:auto\" srcset=\"https:\/\/www.enzo-und-ferdinand.de\/wp-content\/uploads\/2024\/10\/RENAULT-4-E-TECH-ELECTRIC-3-810x605.jpg 810w, https:\/\/www.enzo-und-ferdinand.de\/wp-content\/uploads\/2024\/10\/RENAULT-4-E-TECH-ELECTRIC-3-300x224.jpg 300w, https:\/\/www.enzo-und-ferdinand.de\/wp-content\/uploads\/2024\/10\/RENAULT-4-E-TECH-ELECTRIC-3-768x574.jpg 768w, https:\/\/www.enzo-und-ferdinand.de\/wp-content\/uploads\/2024\/10\/RENAULT-4-E-TECH-ELECTRIC-3.jpg 1500w\" sizes=\"auto, (max-width: 810px) 100vw, 810px\" \/><\/figure>\n\n\n\n<p class=\"wp-block-paragraph\">Als vielseitig einsetzbares und funktionales Gef\u00e4hrt avancierte der klassische Renault 4 mit 8.135.424 Einheiten zum viertmeistverkauften Auto. Seine Philosophie lie\u00df sich mit einem Wort beschreiben: Vielseitigkeit. Als Elektroauto f\u00fcr jeden Bedarf tritt der neue Renault 4 E-Tech Electric in diese Fu\u00dfstapfen und wartet mit einem au\u00dfergew\u00f6hnlich gro\u00dfen Kofferraum und einem\u00a0 modularen Layout auf. Er bietet 420 Liter Ladevolumen, eine niedrige Ladekante, viele Ablagef\u00e4cher, eine umklappbare R\u00fccksitzbank und einen Beifahrersitz, der sich flach umklappen l\u00e4sst. Gleichzeitig sorgen die erh\u00f6hte Bodenfreiheit und eine Traktionskontrolle f\u00fcr ein komfortables Fahrverhalten. Diese Eigenschaften sowie der gro\u00dfz\u00fcgige Innenraum, der niedrige Schwerpunkt, die gute Stra\u00dfenlage und die Reichweite von bis zu 400 Kilometern durch die spezielle AmpR Small Plattform machen den Retro-Renault zum Alltags-Allrounder.<\/p>\n\n\n\n<p class=\"wp-block-paragraph\">Das Design lehnt sich an den originalen Renault 4 an \u2013 eine Reminiszenz an das elektrische Zeitalter sind die durchgehend beleuchtete Einfassung des Grills sowie das beleuchtete Logo. Die Frontpartie besteht aus einem einzigen 1,45 Meter langen St\u00fcck. Die Akzente am Heck setzen dreiteilige Leuchten. Die Heckklappe wurde bis in den Sto\u00dff\u00e4nger hinein verl\u00e4ngert: So konnten eine gr\u00f6\u00dfere Lade\u00f6ffnung und eine niedrigere Ladekante realisiert werden.&nbsp; Auch das Dach zitiert das charakteristische Design des historischen Modells, jetzt aber mit einer Dachreling.<\/p>\n\n\n\n<figure class=\"wp-block-image size-large is-resized\"><img loading=\"lazy\" decoding=\"async\" width=\"810\" height=\"605\" src=\"https:\/\/www.enzo-und-ferdinand.de\/wp-content\/uploads\/2024\/10\/RENAULT-4-E-TECH-ELECTRIC-4-810x605.jpg\" alt=\"\" class=\"wp-image-18319\" style=\"width:880px;height:auto\" srcset=\"https:\/\/www.enzo-und-ferdinand.de\/wp-content\/uploads\/2024\/10\/RENAULT-4-E-TECH-ELECTRIC-4-810x605.jpg 810w, https:\/\/www.enzo-und-ferdinand.de\/wp-content\/uploads\/2024\/10\/RENAULT-4-E-TECH-ELECTRIC-4-300x224.jpg 300w, https:\/\/www.enzo-und-ferdinand.de\/wp-content\/uploads\/2024\/10\/RENAULT-4-E-TECH-ELECTRIC-4-768x574.jpg 768w, https:\/\/www.enzo-und-ferdinand.de\/wp-content\/uploads\/2024\/10\/RENAULT-4-E-TECH-ELECTRIC-4.jpg 1500w\" sizes=\"auto, (max-width: 810px) 100vw, 810px\" \/><\/figure>\n\n\n\n<p class=\"wp-block-paragraph\">In den Renault 4 E-Tech Electric integriert ist ein bidirektionales 11-kW-Wechselstrom-Ladeger\u00e4t, das mit V2L (Vehicle-to-Load) und V2G (Vehicle-to-Grid) kompatibel ist. Auf diese Weise kann das Fahrzeug Energie speichern und wieder abgeben und kann auch \u00fcber die Mobilize-Dienste Strom in das \u00f6ffentliche Stromnetz einspeist. Eine breite Palette von Diensten vereinfacht das Laden und Fahren im Alltag: intelligentes Laden mit Mobilize Smart Charge, Zugang zu \u00fcber 500.000 Ladepunkten in 25 europ\u00e4ischen L\u00e4ndern mit Mobilize Charge Pass und das automatische Laden ohne Ladekarte oder Kreditkarte mit der Funktion Plug &amp; Charge.<\/p>\n\n\n\n<p class=\"wp-block-paragraph\">Der Wagen wird in Europa in der ElectriCity von Ampere gebaut. Die Montage erfolgt in Maubeuge, der Motor in Cl\u00e9on und die Batterie ab M\u00e4rz 2025 in Douai. 75 Prozent der Zulieferer befinden sich in einem Umkreis von 300 Kilometern um den ElectriCity-Komplex. Diese kurzen Lieferwege f\u00f6rdern eine wettbewerbsf\u00e4hige Produktion vor Ort, sichern Arbeitspl\u00e4tze und verringern die Auswirkungen auf die Umwelt. Renault verspricht f\u00fcr das Auto eine Recyclingquote von 88,6 Prozent.&nbsp;<\/p>\n\n\n\n<figure class=\"wp-block-image size-large is-resized\"><img loading=\"lazy\" decoding=\"async\" width=\"810\" height=\"603\" src=\"https:\/\/www.enzo-und-ferdinand.de\/wp-content\/uploads\/2024\/10\/RENAULT-4-E-TECH-ELECTRIC-2-810x603.jpg\" alt=\"\" class=\"wp-image-18318\" style=\"width:880px;height:auto\" srcset=\"https:\/\/www.enzo-und-ferdinand.de\/wp-content\/uploads\/2024\/10\/RENAULT-4-E-TECH-ELECTRIC-2-810x603.jpg 810w, https:\/\/www.enzo-und-ferdinand.de\/wp-content\/uploads\/2024\/10\/RENAULT-4-E-TECH-ELECTRIC-2-300x223.jpg 300w, https:\/\/www.enzo-und-ferdinand.de\/wp-content\/uploads\/2024\/10\/RENAULT-4-E-TECH-ELECTRIC-2-768x572.jpg 768w, https:\/\/www.enzo-und-ferdinand.de\/wp-content\/uploads\/2024\/10\/RENAULT-4-E-TECH-ELECTRIC-2.jpg 1500w\" sizes=\"auto, (max-width: 810px) 100vw, 810px\" \/><\/figure>\n\n\n\n<p class=\"has-text-align-right has-small-font-size wp-block-paragraph\">Fotos: Renault\/Text: Rainer Ro\u00dfbach<\/p>\n","protected":false},"excerpt":{"rendered":"<p>Als vielseitig einsetzbares und funktionales Gef\u00e4hrt avancierte der klassische Renault 4 mit 8.135.424 Einheiten zum viertmeistverkauften Auto. Seine Philosophie lie\u00df sich mit einem Wort beschreiben: Vielseitigkeit. Als Elektroauto f\u00fcr jeden Bedarf tritt der neue Renault 4 E-Tech Electric in diese Fu\u00dfstapfen und wartet mit einem au\u00dfergew\u00f6hnlich gro\u00dfen Kofferraum und einem\u00a0 modularen Layout auf. Er bietet 420 Liter Ladevolumen, eine niedrige Ladekante, viele Ablagef\u00e4cher, eine umklappbare R\u00fccksitzbank und einen Beifahrersitz, der sich flach umklappen l\u00e4sst. Gleichzeitig sorgen die erh\u00f6hte Bodenfreiheit und eine Traktionskontrolle f\u00fcr ein komfortables Fahrverhalten. Diese Eigenschaften sowie der gro\u00dfz\u00fcgige Innenraum, der niedrige Schwerpunkt, die gute Stra\u00dfenlage und die Reichweite von bis zu 400 Kilometern durch die spezielle AmpR Small Plattform machen den Retro-Renault zum Alltags-Allrounder.<\/p>\n","protected":false},"author":1,"featured_media":18317,"comment_status":"closed","ping_status":"closed","sticky":false,"template":"","format":"standard","meta":{"_crdt_document":"","ngg_post_thumbnail":0,"footnotes":""},"categories":[681,45],"tags":[510,190],"class_list":["post-18314","post","type-post","status-publish","format-standard","has-post-thumbnail","hentry","category-elektro","category-neues","tag-elektro","tag-renault"],"yoast_head":"<!-- This site is optimized with the Yoast SEO plugin v27.5 - https:\/\/yoast.com\/product\/yoast-seo-wordpress\/ -->\n<title>Renault 4 E-Tech Electric<\/title>\n<meta name=\"description\" content=\"Renault 4 E-Tech Electric Elektroauto Traktionskontrolle bidirektional 11-kW-Wechselstrom-Ladeger\u00e4t Mobilize Smart Charge ElectriCity Maubeuge Cl\u00e9on Douai Recycling Rainer Ro\u00dfbach Rainer Rossbach enzo-und-ferdinand enzo&amp;ferdinand\" \/>\n<meta name=\"robots\" content=\"index, follow, max-snippet:-1, max-image-preview:large, max-video-preview:-1\" \/>\n<link rel=\"canonical\" href=\"https:\/\/www.enzo-und-ferdinand.de\/index.php\/2024\/10\/15\/renault-4-e-tech-electric\/\" \/>\n<meta property=\"og:locale\" content=\"de_DE\" \/>\n<meta property=\"og:type\" content=\"article\" \/>\n<meta property=\"og:title\" content=\"Renault 4 E-Tech Electric\" \/>\n<meta property=\"og:description\" content=\"Renault 4 E-Tech Electric Elektroauto Traktionskontrolle bidirektional 11-kW-Wechselstrom-Ladeger\u00e4t Mobilize Smart Charge ElectriCity Maubeuge Cl\u00e9on Douai Recycling Rainer Ro\u00dfbach Rainer Rossbach enzo-und-ferdinand enzo&amp;ferdinand\" \/>\n<meta property=\"og:url\" content=\"https:\/\/www.enzo-und-ferdinand.de\/index.php\/2024\/10\/15\/renault-4-e-tech-electric\/\" \/>\n<meta property=\"og:site_name\" content=\"enzo &amp; Ferdinand\" \/>\n<meta property=\"article:published_time\" content=\"2024-10-15T08:40:09+00:00\" \/>\n<meta property=\"article:modified_time\" content=\"2024-11-01T11:38:10+00:00\" \/>\n<meta property=\"og:image\" content=\"https:\/\/www.enzo-und-ferdinand.de\/wp-content\/uploads\/2024\/10\/RENAULT-4-E-TECH-ELECTRIC-1.jpg\" \/>\n\t<meta property=\"og:image:width\" content=\"1500\" \/>\n\t<meta property=\"og:image:height\" content=\"1001\" \/>\n\t<meta property=\"og:image:type\" content=\"image\/jpeg\" \/>\n<meta name=\"author\" content=\"Rainer Ro\u00dfbach\" \/>\n<meta name=\"twitter:card\" content=\"summary_large_image\" \/>\n<meta name=\"twitter:label1\" content=\"Verfasst von\" \/>\n\t<meta name=\"twitter:data1\" content=\"Rainer Ro\u00dfbach\" \/>\n\t<meta name=\"twitter:label2\" content=\"Gesch\u00e4tzte Lesezeit\" \/>\n\t<meta name=\"twitter:data2\" content=\"2\u00a0Minuten\" \/>\n<script type=\"application\/ld+json\" class=\"yoast-schema-graph\">{\"@context\":\"https:\\\/\\\/schema.org\",\"@graph\":[{\"@type\":\"Article\",\"@id\":\"https:\\\/\\\/www.enzo-und-ferdinand.de\\\/index.php\\\/2024\\\/10\\\/15\\\/renault-4-e-tech-electric\\\/#article\",\"isPartOf\":{\"@id\":\"https:\\\/\\\/www.enzo-und-ferdinand.de\\\/index.php\\\/2024\\\/10\\\/15\\\/renault-4-e-tech-electric\\\/\"},\"author\":{\"name\":\"Rainer Ro\u00dfbach\",\"@id\":\"https:\\\/\\\/www.enzo-und-ferdinand.de\\\/#\\\/schema\\\/person\\\/aff2eb9ff87705987c1b9d21fe10b095\"},\"headline\":\"Renault 4 E-Tech Electric\",\"datePublished\":\"2024-10-15T08:40:09+00:00\",\"dateModified\":\"2024-11-01T11:38:10+00:00\",\"mainEntityOfPage\":{\"@id\":\"https:\\\/\\\/www.enzo-und-ferdinand.de\\\/index.php\\\/2024\\\/10\\\/15\\\/renault-4-e-tech-electric\\\/\"},\"wordCount\":383,\"publisher\":{\"@id\":\"https:\\\/\\\/www.enzo-und-ferdinand.de\\\/#organization\"},\"image\":{\"@id\":\"https:\\\/\\\/www.enzo-und-ferdinand.de\\\/index.php\\\/2024\\\/10\\\/15\\\/renault-4-e-tech-electric\\\/#primaryimage\"},\"thumbnailUrl\":\"https:\\\/\\\/www.enzo-und-ferdinand.de\\\/wp-content\\\/uploads\\\/2024\\\/10\\\/RENAULT-4-E-TECH-ELECTRIC-1.jpg\",\"keywords\":[\"Elektro\",\"Renault\"],\"articleSection\":[\"Elektro\",\"Neues\"],\"inLanguage\":\"de\"},{\"@type\":\"WebPage\",\"@id\":\"https:\\\/\\\/www.enzo-und-ferdinand.de\\\/index.php\\\/2024\\\/10\\\/15\\\/renault-4-e-tech-electric\\\/\",\"url\":\"https:\\\/\\\/www.enzo-und-ferdinand.de\\\/index.php\\\/2024\\\/10\\\/15\\\/renault-4-e-tech-electric\\\/\",\"name\":\"Renault 4 E-Tech Electric\",\"isPartOf\":{\"@id\":\"https:\\\/\\\/www.enzo-und-ferdinand.de\\\/#website\"},\"primaryImageOfPage\":{\"@id\":\"https:\\\/\\\/www.enzo-und-ferdinand.de\\\/index.php\\\/2024\\\/10\\\/15\\\/renault-4-e-tech-electric\\\/#primaryimage\"},\"image\":{\"@id\":\"https:\\\/\\\/www.enzo-und-ferdinand.de\\\/index.php\\\/2024\\\/10\\\/15\\\/renault-4-e-tech-electric\\\/#primaryimage\"},\"thumbnailUrl\":\"https:\\\/\\\/www.enzo-und-ferdinand.de\\\/wp-content\\\/uploads\\\/2024\\\/10\\\/RENAULT-4-E-TECH-ELECTRIC-1.jpg\",\"datePublished\":\"2024-10-15T08:40:09+00:00\",\"dateModified\":\"2024-11-01T11:38:10+00:00\",\"description\":\"Renault 4 E-Tech Electric Elektroauto Traktionskontrolle bidirektional 11-kW-Wechselstrom-Ladeger\u00e4t Mobilize Smart Charge ElectriCity Maubeuge Cl\u00e9on Douai Recycling Rainer Ro\u00dfbach Rainer Rossbach enzo-und-ferdinand enzo&ferdinand\",\"breadcrumb\":{\"@id\":\"https:\\\/\\\/www.enzo-und-ferdinand.de\\\/index.php\\\/2024\\\/10\\\/15\\\/renault-4-e-tech-electric\\\/#breadcrumb\"},\"inLanguage\":\"de\",\"potentialAction\":[{\"@type\":\"ReadAction\",\"target\":[\"https:\\\/\\\/www.enzo-und-ferdinand.de\\\/index.php\\\/2024\\\/10\\\/15\\\/renault-4-e-tech-electric\\\/\"]}]},{\"@type\":\"ImageObject\",\"inLanguage\":\"de\",\"@id\":\"https:\\\/\\\/www.enzo-und-ferdinand.de\\\/index.php\\\/2024\\\/10\\\/15\\\/renault-4-e-tech-electric\\\/#primaryimage\",\"url\":\"https:\\\/\\\/www.enzo-und-ferdinand.de\\\/wp-content\\\/uploads\\\/2024\\\/10\\\/RENAULT-4-E-TECH-ELECTRIC-1.jpg\",\"contentUrl\":\"https:\\\/\\\/www.enzo-und-ferdinand.de\\\/wp-content\\\/uploads\\\/2024\\\/10\\\/RENAULT-4-E-TECH-ELECTRIC-1.jpg\",\"width\":1500,\"height\":1001,\"caption\":\"Renault 4 E-Tech Electric\"},{\"@type\":\"BreadcrumbList\",\"@id\":\"https:\\\/\\\/www.enzo-und-ferdinand.de\\\/index.php\\\/2024\\\/10\\\/15\\\/renault-4-e-tech-electric\\\/#breadcrumb\",\"itemListElement\":[{\"@type\":\"ListItem\",\"position\":1,\"name\":\"Startseite\",\"item\":\"https:\\\/\\\/www.enzo-und-ferdinand.de\\\/\"},{\"@type\":\"ListItem\",\"position\":2,\"name\":\"Renault 4 E-Tech Electric\"}]},{\"@type\":\"WebSite\",\"@id\":\"https:\\\/\\\/www.enzo-und-ferdinand.de\\\/#website\",\"url\":\"https:\\\/\\\/www.enzo-und-ferdinand.de\\\/\",\"name\":\"enzo & Ferdinand\",\"description\":\"\",\"publisher\":{\"@id\":\"https:\\\/\\\/www.enzo-und-ferdinand.de\\\/#organization\"},\"potentialAction\":[{\"@type\":\"SearchAction\",\"target\":{\"@type\":\"EntryPoint\",\"urlTemplate\":\"https:\\\/\\\/www.enzo-und-ferdinand.de\\\/?s={search_term_string}\"},\"query-input\":{\"@type\":\"PropertyValueSpecification\",\"valueRequired\":true,\"valueName\":\"search_term_string\"}}],\"inLanguage\":\"de\"},{\"@type\":\"Organization\",\"@id\":\"https:\\\/\\\/www.enzo-und-ferdinand.de\\\/#organization\",\"name\":\"enzo & Ferdinand\",\"url\":\"https:\\\/\\\/www.enzo-und-ferdinand.de\\\/\",\"logo\":{\"@type\":\"ImageObject\",\"inLanguage\":\"de\",\"@id\":\"https:\\\/\\\/www.enzo-und-ferdinand.de\\\/#\\\/schema\\\/logo\\\/image\\\/\",\"url\":\"https:\\\/\\\/www.enzo-und-ferdinand.de\\\/wp-content\\\/uploads\\\/2018\\\/12\\\/revvvs-icon.png\",\"contentUrl\":\"https:\\\/\\\/www.enzo-und-ferdinand.de\\\/wp-content\\\/uploads\\\/2018\\\/12\\\/revvvs-icon.png\",\"width\":512,\"height\":512,\"caption\":\"enzo & Ferdinand\"},\"image\":{\"@id\":\"https:\\\/\\\/www.enzo-und-ferdinand.de\\\/#\\\/schema\\\/logo\\\/image\\\/\"}},{\"@type\":\"Person\",\"@id\":\"https:\\\/\\\/www.enzo-und-ferdinand.de\\\/#\\\/schema\\\/person\\\/aff2eb9ff87705987c1b9d21fe10b095\",\"name\":\"Rainer Ro\u00dfbach\",\"image\":{\"@type\":\"ImageObject\",\"inLanguage\":\"de\",\"@id\":\"https:\\\/\\\/www.enzo-und-ferdinand.de\\\/wp-content\\\/uploads\\\/2026\\\/01\\\/Rainer-Rossbach-150x150.jpg\",\"url\":\"https:\\\/\\\/www.enzo-und-ferdinand.de\\\/wp-content\\\/uploads\\\/2026\\\/01\\\/Rainer-Rossbach-150x150.jpg\",\"contentUrl\":\"https:\\\/\\\/www.enzo-und-ferdinand.de\\\/wp-content\\\/uploads\\\/2026\\\/01\\\/Rainer-Rossbach-150x150.jpg\",\"caption\":\"Rainer Ro\u00dfbach\"},\"url\":\"https:\\\/\\\/www.enzo-und-ferdinand.de\\\/index.php\\\/author\\\/redaktion\\\/\"}]}<\/script>\n<!-- \/ Yoast SEO plugin. -->","yoast_head_json":{"title":"Renault 4 E-Tech Electric","description":"Renault 4 E-Tech Electric Elektroauto Traktionskontrolle bidirektional 11-kW-Wechselstrom-Ladeger\u00e4t Mobilize Smart Charge ElectriCity Maubeuge Cl\u00e9on Douai Recycling Rainer Ro\u00dfbach Rainer Rossbach enzo-und-ferdinand enzo&ferdinand","robots":{"index":"index","follow":"follow","max-snippet":"max-snippet:-1","max-image-preview":"max-image-preview:large","max-video-preview":"max-video-preview:-1"},"canonical":"https:\/\/www.enzo-und-ferdinand.de\/index.php\/2024\/10\/15\/renault-4-e-tech-electric\/","og_locale":"de_DE","og_type":"article","og_title":"Renault 4 E-Tech Electric","og_description":"Renault 4 E-Tech Electric Elektroauto Traktionskontrolle bidirektional 11-kW-Wechselstrom-Ladeger\u00e4t Mobilize Smart Charge ElectriCity Maubeuge Cl\u00e9on Douai Recycling Rainer Ro\u00dfbach Rainer Rossbach enzo-und-ferdinand enzo&ferdinand","og_url":"https:\/\/www.enzo-und-ferdinand.de\/index.php\/2024\/10\/15\/renault-4-e-tech-electric\/","og_site_name":"enzo &amp; Ferdinand","article_published_time":"2024-10-15T08:40:09+00:00","article_modified_time":"2024-11-01T11:38:10+00:00","og_image":[{"width":1500,"height":1001,"url":"https:\/\/www.enzo-und-ferdinand.de\/wp-content\/uploads\/2024\/10\/RENAULT-4-E-TECH-ELECTRIC-1.jpg","type":"image\/jpeg"}],"author":"Rainer Ro\u00dfbach","twitter_card":"summary_large_image","twitter_misc":{"Verfasst von":"Rainer Ro\u00dfbach","Gesch\u00e4tzte Lesezeit":"2\u00a0Minuten"},"schema":{"@context":"https:\/\/schema.org","@graph":[{"@type":"Article","@id":"https:\/\/www.enzo-und-ferdinand.de\/index.php\/2024\/10\/15\/renault-4-e-tech-electric\/#article","isPartOf":{"@id":"https:\/\/www.enzo-und-ferdinand.de\/index.php\/2024\/10\/15\/renault-4-e-tech-electric\/"},"author":{"name":"Rainer Ro\u00dfbach","@id":"https:\/\/www.enzo-und-ferdinand.de\/#\/schema\/person\/aff2eb9ff87705987c1b9d21fe10b095"},"headline":"Renault 4 E-Tech Electric","datePublished":"2024-10-15T08:40:09+00:00","dateModified":"2024-11-01T11:38:10+00:00","mainEntityOfPage":{"@id":"https:\/\/www.enzo-und-ferdinand.de\/index.php\/2024\/10\/15\/renault-4-e-tech-electric\/"},"wordCount":383,"publisher":{"@id":"https:\/\/www.enzo-und-ferdinand.de\/#organization"},"image":{"@id":"https:\/\/www.enzo-und-ferdinand.de\/index.php\/2024\/10\/15\/renault-4-e-tech-electric\/#primaryimage"},"thumbnailUrl":"https:\/\/www.enzo-und-ferdinand.de\/wp-content\/uploads\/2024\/10\/RENAULT-4-E-TECH-ELECTRIC-1.jpg","keywords":["Elektro","Renault"],"articleSection":["Elektro","Neues"],"inLanguage":"de"},{"@type":"WebPage","@id":"https:\/\/www.enzo-und-ferdinand.de\/index.php\/2024\/10\/15\/renault-4-e-tech-electric\/","url":"https:\/\/www.enzo-und-ferdinand.de\/index.php\/2024\/10\/15\/renault-4-e-tech-electric\/","name":"Renault 4 E-Tech Electric","isPartOf":{"@id":"https:\/\/www.enzo-und-ferdinand.de\/#website"},"primaryImageOfPage":{"@id":"https:\/\/www.enzo-und-ferdinand.de\/index.php\/2024\/10\/15\/renault-4-e-tech-electric\/#primaryimage"},"image":{"@id":"https:\/\/www.enzo-und-ferdinand.de\/index.php\/2024\/10\/15\/renault-4-e-tech-electric\/#primaryimage"},"thumbnailUrl":"https:\/\/www.enzo-und-ferdinand.de\/wp-content\/uploads\/2024\/10\/RENAULT-4-E-TECH-ELECTRIC-1.jpg","datePublished":"2024-10-15T08:40:09+00:00","dateModified":"2024-11-01T11:38:10+00:00","description":"Renault 4 E-Tech Electric Elektroauto Traktionskontrolle bidirektional 11-kW-Wechselstrom-Ladeger\u00e4t Mobilize Smart Charge ElectriCity Maubeuge Cl\u00e9on Douai Recycling Rainer Ro\u00dfbach Rainer Rossbach enzo-und-ferdinand enzo&ferdinand","breadcrumb":{"@id":"https:\/\/www.enzo-und-ferdinand.de\/index.php\/2024\/10\/15\/renault-4-e-tech-electric\/#breadcrumb"},"inLanguage":"de","potentialAction":[{"@type":"ReadAction","target":["https:\/\/www.enzo-und-ferdinand.de\/index.php\/2024\/10\/15\/renault-4-e-tech-electric\/"]}]},{"@type":"ImageObject","inLanguage":"de","@id":"https:\/\/www.enzo-und-ferdinand.de\/index.php\/2024\/10\/15\/renault-4-e-tech-electric\/#primaryimage","url":"https:\/\/www.enzo-und-ferdinand.de\/wp-content\/uploads\/2024\/10\/RENAULT-4-E-TECH-ELECTRIC-1.jpg","contentUrl":"https:\/\/www.enzo-und-ferdinand.de\/wp-content\/uploads\/2024\/10\/RENAULT-4-E-TECH-ELECTRIC-1.jpg","width":1500,"height":1001,"caption":"Renault 4 E-Tech Electric"},{"@type":"BreadcrumbList","@id":"https:\/\/www.enzo-und-ferdinand.de\/index.php\/2024\/10\/15\/renault-4-e-tech-electric\/#breadcrumb","itemListElement":[{"@type":"ListItem","position":1,"name":"Startseite","item":"https:\/\/www.enzo-und-ferdinand.de\/"},{"@type":"ListItem","position":2,"name":"Renault 4 E-Tech Electric"}]},{"@type":"WebSite","@id":"https:\/\/www.enzo-und-ferdinand.de\/#website","url":"https:\/\/www.enzo-und-ferdinand.de\/","name":"enzo & Ferdinand","description":"","publisher":{"@id":"https:\/\/www.enzo-und-ferdinand.de\/#organization"},"potentialAction":[{"@type":"SearchAction","target":{"@type":"EntryPoint","urlTemplate":"https:\/\/www.enzo-und-ferdinand.de\/?s={search_term_string}"},"query-input":{"@type":"PropertyValueSpecification","valueRequired":true,"valueName":"search_term_string"}}],"inLanguage":"de"},{"@type":"Organization","@id":"https:\/\/www.enzo-und-ferdinand.de\/#organization","name":"enzo & Ferdinand","url":"https:\/\/www.enzo-und-ferdinand.de\/","logo":{"@type":"ImageObject","inLanguage":"de","@id":"https:\/\/www.enzo-und-ferdinand.de\/#\/schema\/logo\/image\/","url":"https:\/\/www.enzo-und-ferdinand.de\/wp-content\/uploads\/2018\/12\/revvvs-icon.png","contentUrl":"https:\/\/www.enzo-und-ferdinand.de\/wp-content\/uploads\/2018\/12\/revvvs-icon.png","width":512,"height":512,"caption":"enzo & Ferdinand"},"image":{"@id":"https:\/\/www.enzo-und-ferdinand.de\/#\/schema\/logo\/image\/"}},{"@type":"Person","@id":"https:\/\/www.enzo-und-ferdinand.de\/#\/schema\/person\/aff2eb9ff87705987c1b9d21fe10b095","name":"Rainer Ro\u00dfbach","image":{"@type":"ImageObject","inLanguage":"de","@id":"https:\/\/www.enzo-und-ferdinand.de\/wp-content\/uploads\/2026\/01\/Rainer-Rossbach-150x150.jpg","url":"https:\/\/www.enzo-und-ferdinand.de\/wp-content\/uploads\/2026\/01\/Rainer-Rossbach-150x150.jpg","contentUrl":"https:\/\/www.enzo-und-ferdinand.de\/wp-content\/uploads\/2026\/01\/Rainer-Rossbach-150x150.jpg","caption":"Rainer Ro\u00dfbach"},"url":"https:\/\/www.enzo-und-ferdinand.de\/index.php\/author\/redaktion\/"}]}},"_links":{"self":[{"href":"https:\/\/www.enzo-und-ferdinand.de\/index.php\/wp-json\/wp\/v2\/posts\/18314","targetHints":{"allow":["GET"]}}],"collection":[{"href":"https:\/\/www.enzo-und-ferdinand.de\/index.php\/wp-json\/wp\/v2\/posts"}],"about":[{"href":"https:\/\/www.enzo-und-ferdinand.de\/index.php\/wp-json\/wp\/v2\/types\/post"}],"author":[{"embeddable":true,"href":"https:\/\/www.enzo-und-ferdinand.de\/index.php\/wp-json\/wp\/v2\/users\/1"}],"replies":[{"embeddable":true,"href":"https:\/\/www.enzo-und-ferdinand.de\/index.php\/wp-json\/wp\/v2\/comments?post=18314"}],"version-history":[{"count":4,"href":"https:\/\/www.enzo-und-ferdinand.de\/index.php\/wp-json\/wp\/v2\/posts\/18314\/revisions"}],"predecessor-version":[{"id":18341,"href":"https:\/\/www.enzo-und-ferdinand.de\/index.php\/wp-json\/wp\/v2\/posts\/18314\/revisions\/18341"}],"wp:featuredmedia":[{"embeddable":true,"href":"https:\/\/www.enzo-und-ferdinand.de\/index.php\/wp-json\/wp\/v2\/media\/18317"}],"wp:attachment":[{"href":"https:\/\/www.enzo-und-ferdinand.de\/index.php\/wp-json\/wp\/v2\/media?parent=18314"}],"wp:term":[{"taxonomy":"category","embeddable":true,"href":"https:\/\/www.enzo-und-ferdinand.de\/index.php\/wp-json\/wp\/v2\/categories?post=18314"},{"taxonomy":"post_tag","embeddable":true,"href":"https:\/\/www.enzo-und-ferdinand.de\/index.php\/wp-json\/wp\/v2\/tags?post=18314"}],"curies":[{"name":"wp","href":"https:\/\/api.w.org\/{rel}","templated":true}]}}