{"id":18370,"date":"2024-10-22T09:45:22","date_gmt":"2024-10-22T07:45:22","guid":{"rendered":"https:\/\/www.enzo-und-ferdinand.de\/?p=18370"},"modified":"2024-11-01T12:43:51","modified_gmt":"2024-11-01T11:43:51","slug":"porsche-911-gt3-911-gt3-touring","status":"publish","type":"post","link":"https:\/\/www.enzo-und-ferdinand.de\/index.php\/2024\/10\/22\/porsche-911-gt3-911-gt3-touring\/","title":{"rendered":"Porsche 911 GT3\/911 GT3 Touring"},"content":{"rendered":"\n<figure class=\"wp-block-image size-large is-resized\"><img loading=\"lazy\" decoding=\"async\" width=\"810\" height=\"534\" src=\"https:\/\/www.enzo-und-ferdinand.de\/wp-content\/uploads\/2024\/10\/298380_1920x1440-810x534.jpg\" alt=\"\" class=\"wp-image-18376\" style=\"width:880px;height:auto\" srcset=\"https:\/\/www.enzo-und-ferdinand.de\/wp-content\/uploads\/2024\/10\/298380_1920x1440-810x534.jpg 810w, https:\/\/www.enzo-und-ferdinand.de\/wp-content\/uploads\/2024\/10\/298380_1920x1440-300x198.jpg 300w, https:\/\/www.enzo-und-ferdinand.de\/wp-content\/uploads\/2024\/10\/298380_1920x1440-768x506.jpg 768w, https:\/\/www.enzo-und-ferdinand.de\/wp-content\/uploads\/2024\/10\/298380_1920x1440-120x80.jpg 120w, https:\/\/www.enzo-und-ferdinand.de\/wp-content\/uploads\/2024\/10\/298380_1920x1440.jpg 1500w\" sizes=\"auto, (max-width: 810px) 100vw, 810px\" \/><\/figure>\n\n\n\n<p class=\"wp-block-paragraph\">Der rundstreckentaugliche Stra\u00dfensportwagen deb\u00fctiert zu seinem 25. Jubil\u00e4um mit einer neuen Leichtbaustrategie, einem frei saugenden 4,0-Liter-Boxermotor mit 375 kW (510 PS) und 450 Nm sowie neuenOptionen. Erstmals ist f\u00fcr den 911 GT3 ein Weissach-Paket erh\u00e4ltlich, mit dem man das Fahrzeug individueller f\u00fcr den Einsatz auf Rundstrecken konfigurieren kann. Dar\u00fcber hinaus erh\u00e4lt der Sportwagen eine umfangreichere Serienausstattung. Ein gesch\u00e4rftes Design an Front und Heck sowie eine daran angepasste Aerodynamik erh\u00f6hen die Funktion des Frontdiffusors und der Buglippe, modifizierte Finnen am Unterboden erh\u00f6hen den Abtrieb und optimieren den Luftstrom. Die Lufteinlassfl\u00e4che&nbsp; ist vergr\u00f6\u00dfert und am Heck sind Diffusor, Lufteinl\u00e4sse und Heckdeckel neu gestaltet. Der Heckfl\u00fcgel des 911 GT3 erh\u00e4lt neue, angewinkelte Sideplates.<\/p>\n\n\n\n<p class=\"wp-block-paragraph\">An der Doppelquerlenker-Vorderachse setzt Porsche speziell entwickelte, aerodynamisch geformte L\u00e4ngslenker mit Tropfenprofil ein. Sie erh\u00f6hen bei hohen Geschwindigkeiten den Abtrieb im Radhaus und verbessern die Bremsenk\u00fchlung. Damit die Abtriebsbalance zwischen Vorder- und Hinterachse auch beim Bremsen aus hohen Geschwindigkeiten erhalten bleibt, reduzierten die Fahrwerk-Ingenieure das Nicken (Antidive). An der Vorderachse des neuen 911 GT3 wurde zu diesem Zweck das vordere Kugelgelenk des unteren L\u00e4ngslenkers nach unten versetzt. Diese Modifikationen \u00fcbernimmt der 911 GT3 vom aktuellen 911 GT3 RS. Serienm\u00e4\u00dfig rollt der 911 GT3 auf Sportreifen mit verbesserter Nasshaftung in den Dimensionen 255\/35 ZR 20 vorn und 315\/30 ZR 21 hinten, optional sind Track-Reifen mit Stra\u00dfenzulassung erh\u00e4ltlich.&nbsp;<\/p>\n\n\n\n<figure class=\"wp-block-image size-large is-resized\"><img loading=\"lazy\" decoding=\"async\" width=\"810\" height=\"529\" src=\"https:\/\/www.enzo-und-ferdinand.de\/wp-content\/uploads\/2024\/10\/298493_1920x1440-810x529.jpg\" alt=\"\" class=\"wp-image-18384\" style=\"width:880px;height:auto\" srcset=\"https:\/\/www.enzo-und-ferdinand.de\/wp-content\/uploads\/2024\/10\/298493_1920x1440-810x529.jpg 810w, https:\/\/www.enzo-und-ferdinand.de\/wp-content\/uploads\/2024\/10\/298493_1920x1440-300x196.jpg 300w, https:\/\/www.enzo-und-ferdinand.de\/wp-content\/uploads\/2024\/10\/298493_1920x1440-768x501.jpg 768w, https:\/\/www.enzo-und-ferdinand.de\/wp-content\/uploads\/2024\/10\/298493_1920x1440.jpg 1500w\" sizes=\"auto, (max-width: 810px) 100vw, 810px\" \/><\/figure>\n\n\n\n<p class=\"wp-block-paragraph\">Zum agilen Fahrverhalten tr\u00e4gt der&nbsp; konsequente Leichtbau bei. Ein neues Aluminium-Leichtbaurad reduziert die ungefederten Massen und die optionalen Magnesium-R\u00e4der reduziert das Gewicht weiter. Die Einsparung betr\u00e4gt neun Kilogramm und die neue 40-Ah-Lithium-Ionen-Leichtbau-Batterie steht f\u00fcr ein weiteres Minus von vier Kilogramm. Das agile und direkte Fahrverhalten ist direkte Folge seines geringen Gesamtgewichts. So reduziert ein neues Aluminium-Leichtbaurad die ungefederten Massen im Vergleich zum Radsatz des Vorg\u00e4ngers in Summe um mehr als 1,5 Kilogramm. Optional stehen mit dem Weissach-Paket respektive dem Leichtbau-Paket Magnesium-R\u00e4der zur Wahl und die sparen weiter neun Kilogramm ein. Eine neue 40-Ah-Lithium-Ionen-Leichtbau-Batterie tr\u00e4gt mit rund vier Kilogramm zur weiteren Gewichtseinsparung ein. In der leichtesten Konfiguration wiegt der neue 911 GT3 so nur 1.420 Kilogramm.<\/p>\n\n\n\n<p class=\"wp-block-paragraph\">Der Vier-Liter-Saugmotor ist mit zwei Partikelfiltern und vier Katalysatoren ausgestattet. Trotz dieser leistungsf\u00e4higen Abgasreinigung bleiben die emotionale Klangkulisse sowie die Motorleistung des Sechszylinder-Boxers auf dem gewohnten Niveau. Die Zylinderk\u00f6pfe wurden \u00fcberarbeitet, die sch\u00e4rferen Nockenwellen vom 911 GT3 RS sorgen f\u00fcr eine dynamischere Leistungsentfaltung im oberen Drehzahlbereich.<\/p>\n\n\n\n<p class=\"wp-block-paragraph\">Zus\u00e4tzlich kommen str\u00f6mungsoptimierte Einzeldrosselklappen sowie optimierte \u00d6lk\u00fchler zum Einsatz. Der Boxer leistet unver\u00e4ndert 375 kW (510 PS). Zudem verf\u00fcgen sowohl das Sieben-Gang-Doppelkupplungsgetriebe (PDK) als auch das 6-Gang-GT-Schaltgetriebe \u00fcber eine um acht Prozent k\u00fcrzere Achs\u00fcbersetzung. Beide Getriebeoptionen sind sowohl f\u00fcr den 911 GT3 als auch f\u00fcr den 911 GT3 mit Touring-Paket verf\u00fcgbar. Der neue 911 GT3 beschleunigt mit PDK in 3,4 Sekunden auf Tempo 100 und erreicht eine H\u00f6chstgeschwindigkeit von 311 km\/h (Handschaltgetriebe: 3,9 s; 313 km\/h).<\/p>\n\n\n\n<figure class=\"wp-block-image size-large is-resized\"><img loading=\"lazy\" decoding=\"async\" width=\"810\" height=\"456\" src=\"https:\/\/www.enzo-und-ferdinand.de\/wp-content\/uploads\/2024\/10\/298484_1920x1440-810x456.jpg\" alt=\"\" class=\"wp-image-18380\" style=\"width:880px;height:auto\" srcset=\"https:\/\/www.enzo-und-ferdinand.de\/wp-content\/uploads\/2024\/10\/298484_1920x1440-810x456.jpg 810w, https:\/\/www.enzo-und-ferdinand.de\/wp-content\/uploads\/2024\/10\/298484_1920x1440-300x169.jpg 300w, https:\/\/www.enzo-und-ferdinand.de\/wp-content\/uploads\/2024\/10\/298484_1920x1440-768x432.jpg 768w, https:\/\/www.enzo-und-ferdinand.de\/wp-content\/uploads\/2024\/10\/298484_1920x1440.jpg 1500w\" sizes=\"auto, (max-width: 810px) 100vw, 810px\" \/><\/figure>\n\n\n\n<p class=\"wp-block-paragraph\">Porsche bietet verschiedene Ausstattungspakete an. Mit dem Weissach-Paket kann der 911 GT3 individuell f\u00fcr den Einsatz auf Rundstrecken konfiguriert werden. Stabilisator, Koppelstangen und Schubfeld an der Hinterachse bestehen ebenso aus CfK wie Dach, Sideplates des Heckfl\u00fcgels, Au\u00dfenspiegelschale, Spiegeldreieck und die Airblades im Frontbereich. Zus\u00e4tzliche Leder- und Race-Tex-Bez\u00fcge werten den Innenraum optisch auf. Erstmals ist die Oberseite der Schalttafel mit reflexionsarmem Racetex bezogen. T\u00fcrzuziehgriffe aus CfK und Ablagenetze ver\u00e4ndern auch die T\u00fcrinnenverkleidungen in Richtung Leichtbau. Optional sind ein CfK-\u00dcberrollk\u00e4fig und die Magnesium-Leichtbau-Schmieder\u00e4der erh\u00e4ltlich.<\/p>\n\n\n\n<p class=\"wp-block-paragraph\">F\u00fcr den 911 GT3 mit Touring-Paket bietet Porsche auch ein Leichtbau-Paket an. Hier bestehen das in Wagenfarbe lackierte Dach sowie Stabilisator, Koppelstangen und Schubfeld an der Hinterachse aus CFK. Au\u00dferdem sind Leichtbau-Magnesium-Schmieder\u00e4der und Leichtbau-T\u00fcrverkleidungen Bestandteil des Pakets. In Verbindung mit dem serienm\u00e4\u00dfigen Sechs-Gang-GT-Sportschaltgetriebe kommt der verk\u00fcrzte Schalthebel aus dem 911 S\/T zum Einsatz. Hier weist eine Plakette mit der Aufschrift \u201eLeichtbau\u201c auf das Paket hin.<\/p>\n\n\n\n<p class=\"wp-block-paragraph\">Ohne Aufpreis ist f\u00fcr den 911 GT3 mit Heckfl\u00fcgel das Clubsportpaket f\u00fcr den Rennstreckeneinsatz erh\u00e4ltlich. Es beinhaltet einen verschraubten \u00dcberrollk\u00e4fig aus Stahl im Heckbereich, einen 6-Punkt-Gurt f\u00fcr den Fahrer und einen Handfeuerl\u00f6scher. Voraussetzung hierf\u00fcr sind die optionalen Leichtbau-Sportschalensitze.<\/p>\n\n\n\n<p class=\"wp-block-paragraph\">Der neue Porsche 911 GT3 und der neue Porsche 911 GT3 mit Touring-Paket k\u00f6nnen ab Ende des Jahres bestellt werden.<\/p>\n\n\n\n<figure class=\"wp-block-gallery has-nested-images columns-2 is-cropped wp-block-gallery-1 is-layout-flex wp-block-gallery-is-layout-flex\">\n<figure class=\"wp-block-image size-large\"><img loading=\"lazy\" decoding=\"async\" width=\"810\" height=\"456\" data-id=\"18377\" src=\"https:\/\/www.enzo-und-ferdinand.de\/wp-content\/uploads\/2024\/10\/298384_1920x1280-810x456.jpg\" alt=\"\" class=\"wp-image-18377\" srcset=\"https:\/\/www.enzo-und-ferdinand.de\/wp-content\/uploads\/2024\/10\/298384_1920x1280-810x456.jpg 810w, https:\/\/www.enzo-und-ferdinand.de\/wp-content\/uploads\/2024\/10\/298384_1920x1280-300x169.jpg 300w, https:\/\/www.enzo-und-ferdinand.de\/wp-content\/uploads\/2024\/10\/298384_1920x1280-768x432.jpg 768w, https:\/\/www.enzo-und-ferdinand.de\/wp-content\/uploads\/2024\/10\/298384_1920x1280.jpg 1500w\" sizes=\"auto, (max-width: 810px) 100vw, 810px\" \/><\/figure>\n\n\n\n<figure class=\"wp-block-image size-large\"><img loading=\"lazy\" decoding=\"async\" width=\"810\" height=\"456\" data-id=\"18381\" src=\"https:\/\/www.enzo-und-ferdinand.de\/wp-content\/uploads\/2024\/10\/298489_1920x1440-810x456.jpg\" alt=\"\" class=\"wp-image-18381\" srcset=\"https:\/\/www.enzo-und-ferdinand.de\/wp-content\/uploads\/2024\/10\/298489_1920x1440-810x456.jpg 810w, https:\/\/www.enzo-und-ferdinand.de\/wp-content\/uploads\/2024\/10\/298489_1920x1440-300x169.jpg 300w, https:\/\/www.enzo-und-ferdinand.de\/wp-content\/uploads\/2024\/10\/298489_1920x1440-768x432.jpg 768w, https:\/\/www.enzo-und-ferdinand.de\/wp-content\/uploads\/2024\/10\/298489_1920x1440.jpg 1500w\" sizes=\"auto, (max-width: 810px) 100vw, 810px\" \/><\/figure>\n\n\n\n<figure class=\"wp-block-image size-large\"><img loading=\"lazy\" decoding=\"async\" width=\"810\" height=\"456\" data-id=\"18378\" src=\"https:\/\/www.enzo-und-ferdinand.de\/wp-content\/uploads\/2024\/10\/298385_1920x1250-810x456.jpg\" alt=\"\" class=\"wp-image-18378\" srcset=\"https:\/\/www.enzo-und-ferdinand.de\/wp-content\/uploads\/2024\/10\/298385_1920x1250-810x456.jpg 810w, https:\/\/www.enzo-und-ferdinand.de\/wp-content\/uploads\/2024\/10\/298385_1920x1250-300x169.jpg 300w, https:\/\/www.enzo-und-ferdinand.de\/wp-content\/uploads\/2024\/10\/298385_1920x1250-768x433.jpg 768w, https:\/\/www.enzo-und-ferdinand.de\/wp-content\/uploads\/2024\/10\/298385_1920x1250.jpg 1500w\" sizes=\"auto, (max-width: 810px) 100vw, 810px\" \/><\/figure>\n\n\n\n<figure class=\"wp-block-image size-large\"><img loading=\"lazy\" decoding=\"async\" width=\"810\" height=\"456\" data-id=\"18379\" src=\"https:\/\/www.enzo-und-ferdinand.de\/wp-content\/uploads\/2024\/10\/298404_1920x1280-810x456.jpg\" alt=\"\" class=\"wp-image-18379\" srcset=\"https:\/\/www.enzo-und-ferdinand.de\/wp-content\/uploads\/2024\/10\/298404_1920x1280-810x456.jpg 810w, https:\/\/www.enzo-und-ferdinand.de\/wp-content\/uploads\/2024\/10\/298404_1920x1280-300x169.jpg 300w, https:\/\/www.enzo-und-ferdinand.de\/wp-content\/uploads\/2024\/10\/298404_1920x1280-768x432.jpg 768w, https:\/\/www.enzo-und-ferdinand.de\/wp-content\/uploads\/2024\/10\/298404_1920x1280.jpg 1500w\" sizes=\"auto, (max-width: 810px) 100vw, 810px\" \/><\/figure>\n<\/figure>\n\n\n\n<p class=\"has-text-align-right has-small-font-size wp-block-paragraph\">Fotos: Porsche\/Text: Porsche, rr<\/p>\n","protected":false},"excerpt":{"rendered":"<p>Der rundstreckentaugliche Stra\u00dfensportwagen deb\u00fctiert zu seinem 25. Jubil\u00e4um mit einer neuen Leichtbaustrategie, einem frei saugenden 4,0-Liter-Boxermotor mit 375 kW (510 PS) und 450 Nm sowie neuenOptionen. Erstmals ist f\u00fcr den 911 GT3 ein Weissach-Paket erh\u00e4ltlich, mit dem man das Fahrzeug individueller f\u00fcr den Einsatz auf Rundstrecken konfigurieren kann. Dar\u00fcber hinaus erh\u00e4lt der Sportwagen eine umfangreichere Serienausstattung. Ein gesch\u00e4rftes Design an Front und Heck sowie eine daran angepasste Aerodynamik erh\u00f6hen die Funktion des Frontdiffusors und der Buglippe, modifizierte Finnen am Unterboden erh\u00f6hen den Abtrieb und optimieren den Luftstrom. Die Lufteinlassfl\u00e4che\u00a0 ist vergr\u00f6\u00dfert und am Heck sind Diffusor, Lufteinl\u00e4sse und Heckdeckel neu gestaltet. Der Heckfl\u00fcgel des 911 GT3 erh\u00e4lt neue, angewinkelte Sideplates.<\/p>\n","protected":false},"author":1,"featured_media":18375,"comment_status":"closed","ping_status":"open","sticky":false,"template":"","format":"standard","meta":{"_crdt_document":"","ngg_post_thumbnail":0,"footnotes":""},"categories":[13,23],"tags":[201,356],"class_list":["post-18370","post","type-post","status-publish","format-standard","has-post-thumbnail","hentry","category-ikonen","category-performance","tag-porsche","tag-porsche-911-gt3"],"yoast_head":"<!-- This site is optimized with the Yoast SEO plugin v27.5 - https:\/\/yoast.com\/product\/yoast-seo-wordpress\/ -->\n<title>Porsche 911 GT3\/911 GT3 Touring<\/title>\n<meta name=\"description\" content=\"Porsche 911 GT3 911 GT3 Touring Rundstrecke Leichtbau Vier-Liter-Boxermotor Weissach-Paket Aerodynamik Diffusor Sideplates Doppelquerlenker-Vorderachse Aluminium-Leichtbaurad Magnesium-R\u00e4der Lithium-Ionen-Leichtbau-Batterie Sechszylinder Einzeldrosselklappen PDK Airblades CfK Touring-Paket Clubsport \u00dcberrollk\u00e4fig Rainer Ro\u00dfbach Rainer Rossbach enzo-und-ferdinand enzo&amp;ferdinand\" \/>\n<meta name=\"robots\" content=\"index, follow, max-snippet:-1, max-image-preview:large, max-video-preview:-1\" \/>\n<link rel=\"canonical\" href=\"https:\/\/www.enzo-und-ferdinand.de\/index.php\/2024\/10\/22\/porsche-911-gt3-911-gt3-touring\/\" \/>\n<meta property=\"og:locale\" content=\"de_DE\" \/>\n<meta property=\"og:type\" content=\"article\" \/>\n<meta property=\"og:title\" content=\"Porsche 911 GT3\/911 GT3 Touring\" \/>\n<meta property=\"og:description\" content=\"Porsche 911 GT3 911 GT3 Touring Rundstrecke Leichtbau Vier-Liter-Boxermotor Weissach-Paket Aerodynamik Diffusor Sideplates Doppelquerlenker-Vorderachse Aluminium-Leichtbaurad Magnesium-R\u00e4der Lithium-Ionen-Leichtbau-Batterie Sechszylinder Einzeldrosselklappen PDK Airblades CfK Touring-Paket Clubsport \u00dcberrollk\u00e4fig Rainer Ro\u00dfbach Rainer Rossbach enzo-und-ferdinand enzo&amp;ferdinand\" \/>\n<meta property=\"og:url\" content=\"https:\/\/www.enzo-und-ferdinand.de\/index.php\/2024\/10\/22\/porsche-911-gt3-911-gt3-touring\/\" \/>\n<meta property=\"og:site_name\" content=\"enzo &amp; Ferdinand\" \/>\n<meta property=\"article:published_time\" content=\"2024-10-22T07:45:22+00:00\" \/>\n<meta property=\"article:modified_time\" content=\"2024-11-01T11:43:51+00:00\" \/>\n<meta property=\"og:image\" content=\"https:\/\/www.enzo-und-ferdinand.de\/wp-content\/uploads\/2024\/10\/298378_1920x1237.jpg\" \/>\n\t<meta property=\"og:image:width\" content=\"1500\" \/>\n\t<meta property=\"og:image:height\" content=\"1007\" \/>\n\t<meta property=\"og:image:type\" content=\"image\/jpeg\" \/>\n<meta name=\"author\" content=\"Rainer Ro\u00dfbach\" \/>\n<meta name=\"twitter:card\" content=\"summary_large_image\" \/>\n<meta name=\"twitter:label1\" content=\"Verfasst von\" \/>\n\t<meta name=\"twitter:data1\" content=\"Rainer Ro\u00dfbach\" \/>\n\t<meta name=\"twitter:label2\" content=\"Gesch\u00e4tzte Lesezeit\" \/>\n\t<meta name=\"twitter:data2\" content=\"4\u00a0Minuten\" \/>\n<script type=\"application\/ld+json\" class=\"yoast-schema-graph\">{\"@context\":\"https:\\\/\\\/schema.org\",\"@graph\":[{\"@type\":\"Article\",\"@id\":\"https:\\\/\\\/www.enzo-und-ferdinand.de\\\/index.php\\\/2024\\\/10\\\/22\\\/porsche-911-gt3-911-gt3-touring\\\/#article\",\"isPartOf\":{\"@id\":\"https:\\\/\\\/www.enzo-und-ferdinand.de\\\/index.php\\\/2024\\\/10\\\/22\\\/porsche-911-gt3-911-gt3-touring\\\/\"},\"author\":{\"name\":\"Rainer Ro\u00dfbach\",\"@id\":\"https:\\\/\\\/www.enzo-und-ferdinand.de\\\/#\\\/schema\\\/person\\\/aff2eb9ff87705987c1b9d21fe10b095\"},\"headline\":\"Porsche 911 GT3\\\/911 GT3 Touring\",\"datePublished\":\"2024-10-22T07:45:22+00:00\",\"dateModified\":\"2024-11-01T11:43:51+00:00\",\"mainEntityOfPage\":{\"@id\":\"https:\\\/\\\/www.enzo-und-ferdinand.de\\\/index.php\\\/2024\\\/10\\\/22\\\/porsche-911-gt3-911-gt3-touring\\\/\"},\"wordCount\":711,\"publisher\":{\"@id\":\"https:\\\/\\\/www.enzo-und-ferdinand.de\\\/#organization\"},\"image\":{\"@id\":\"https:\\\/\\\/www.enzo-und-ferdinand.de\\\/index.php\\\/2024\\\/10\\\/22\\\/porsche-911-gt3-911-gt3-touring\\\/#primaryimage\"},\"thumbnailUrl\":\"https:\\\/\\\/www.enzo-und-ferdinand.de\\\/wp-content\\\/uploads\\\/2024\\\/10\\\/298378_1920x1237.jpg\",\"keywords\":[\"Porsche\",\"Porsche 911 GT3\"],\"articleSection\":[\"Ikonen\",\"Performance\"],\"inLanguage\":\"de\"},{\"@type\":\"WebPage\",\"@id\":\"https:\\\/\\\/www.enzo-und-ferdinand.de\\\/index.php\\\/2024\\\/10\\\/22\\\/porsche-911-gt3-911-gt3-touring\\\/\",\"url\":\"https:\\\/\\\/www.enzo-und-ferdinand.de\\\/index.php\\\/2024\\\/10\\\/22\\\/porsche-911-gt3-911-gt3-touring\\\/\",\"name\":\"Porsche 911 GT3\\\/911 GT3 Touring\",\"isPartOf\":{\"@id\":\"https:\\\/\\\/www.enzo-und-ferdinand.de\\\/#website\"},\"primaryImageOfPage\":{\"@id\":\"https:\\\/\\\/www.enzo-und-ferdinand.de\\\/index.php\\\/2024\\\/10\\\/22\\\/porsche-911-gt3-911-gt3-touring\\\/#primaryimage\"},\"image\":{\"@id\":\"https:\\\/\\\/www.enzo-und-ferdinand.de\\\/index.php\\\/2024\\\/10\\\/22\\\/porsche-911-gt3-911-gt3-touring\\\/#primaryimage\"},\"thumbnailUrl\":\"https:\\\/\\\/www.enzo-und-ferdinand.de\\\/wp-content\\\/uploads\\\/2024\\\/10\\\/298378_1920x1237.jpg\",\"datePublished\":\"2024-10-22T07:45:22+00:00\",\"dateModified\":\"2024-11-01T11:43:51+00:00\",\"description\":\"Porsche 911 GT3 911 GT3 Touring Rundstrecke Leichtbau Vier-Liter-Boxermotor Weissach-Paket Aerodynamik Diffusor Sideplates Doppelquerlenker-Vorderachse Aluminium-Leichtbaurad Magnesium-R\u00e4der Lithium-Ionen-Leichtbau-Batterie Sechszylinder Einzeldrosselklappen PDK Airblades CfK Touring-Paket Clubsport \u00dcberrollk\u00e4fig Rainer Ro\u00dfbach Rainer Rossbach enzo-und-ferdinand enzo&ferdinand\",\"breadcrumb\":{\"@id\":\"https:\\\/\\\/www.enzo-und-ferdinand.de\\\/index.php\\\/2024\\\/10\\\/22\\\/porsche-911-gt3-911-gt3-touring\\\/#breadcrumb\"},\"inLanguage\":\"de\",\"potentialAction\":[{\"@type\":\"ReadAction\",\"target\":[\"https:\\\/\\\/www.enzo-und-ferdinand.de\\\/index.php\\\/2024\\\/10\\\/22\\\/porsche-911-gt3-911-gt3-touring\\\/\"]}]},{\"@type\":\"ImageObject\",\"inLanguage\":\"de\",\"@id\":\"https:\\\/\\\/www.enzo-und-ferdinand.de\\\/index.php\\\/2024\\\/10\\\/22\\\/porsche-911-gt3-911-gt3-touring\\\/#primaryimage\",\"url\":\"https:\\\/\\\/www.enzo-und-ferdinand.de\\\/wp-content\\\/uploads\\\/2024\\\/10\\\/298378_1920x1237.jpg\",\"contentUrl\":\"https:\\\/\\\/www.enzo-und-ferdinand.de\\\/wp-content\\\/uploads\\\/2024\\\/10\\\/298378_1920x1237.jpg\",\"width\":1500,\"height\":1007,\"caption\":\"Porsche 911 GT3\\\/911 GT3 Touring\"},{\"@type\":\"BreadcrumbList\",\"@id\":\"https:\\\/\\\/www.enzo-und-ferdinand.de\\\/index.php\\\/2024\\\/10\\\/22\\\/porsche-911-gt3-911-gt3-touring\\\/#breadcrumb\",\"itemListElement\":[{\"@type\":\"ListItem\",\"position\":1,\"name\":\"Startseite\",\"item\":\"https:\\\/\\\/www.enzo-und-ferdinand.de\\\/\"},{\"@type\":\"ListItem\",\"position\":2,\"name\":\"Porsche 911 GT3\\\/911 GT3 Touring\"}]},{\"@type\":\"WebSite\",\"@id\":\"https:\\\/\\\/www.enzo-und-ferdinand.de\\\/#website\",\"url\":\"https:\\\/\\\/www.enzo-und-ferdinand.de\\\/\",\"name\":\"enzo & Ferdinand\",\"description\":\"\",\"publisher\":{\"@id\":\"https:\\\/\\\/www.enzo-und-ferdinand.de\\\/#organization\"},\"potentialAction\":[{\"@type\":\"SearchAction\",\"target\":{\"@type\":\"EntryPoint\",\"urlTemplate\":\"https:\\\/\\\/www.enzo-und-ferdinand.de\\\/?s={search_term_string}\"},\"query-input\":{\"@type\":\"PropertyValueSpecification\",\"valueRequired\":true,\"valueName\":\"search_term_string\"}}],\"inLanguage\":\"de\"},{\"@type\":\"Organization\",\"@id\":\"https:\\\/\\\/www.enzo-und-ferdinand.de\\\/#organization\",\"name\":\"enzo & Ferdinand\",\"url\":\"https:\\\/\\\/www.enzo-und-ferdinand.de\\\/\",\"logo\":{\"@type\":\"ImageObject\",\"inLanguage\":\"de\",\"@id\":\"https:\\\/\\\/www.enzo-und-ferdinand.de\\\/#\\\/schema\\\/logo\\\/image\\\/\",\"url\":\"https:\\\/\\\/www.enzo-und-ferdinand.de\\\/wp-content\\\/uploads\\\/2018\\\/12\\\/revvvs-icon.png\",\"contentUrl\":\"https:\\\/\\\/www.enzo-und-ferdinand.de\\\/wp-content\\\/uploads\\\/2018\\\/12\\\/revvvs-icon.png\",\"width\":512,\"height\":512,\"caption\":\"enzo & Ferdinand\"},\"image\":{\"@id\":\"https:\\\/\\\/www.enzo-und-ferdinand.de\\\/#\\\/schema\\\/logo\\\/image\\\/\"}},{\"@type\":\"Person\",\"@id\":\"https:\\\/\\\/www.enzo-und-ferdinand.de\\\/#\\\/schema\\\/person\\\/aff2eb9ff87705987c1b9d21fe10b095\",\"name\":\"Rainer Ro\u00dfbach\",\"image\":{\"@type\":\"ImageObject\",\"inLanguage\":\"de\",\"@id\":\"https:\\\/\\\/www.enzo-und-ferdinand.de\\\/wp-content\\\/uploads\\\/2026\\\/01\\\/Rainer-Rossbach-150x150.jpg\",\"url\":\"https:\\\/\\\/www.enzo-und-ferdinand.de\\\/wp-content\\\/uploads\\\/2026\\\/01\\\/Rainer-Rossbach-150x150.jpg\",\"contentUrl\":\"https:\\\/\\\/www.enzo-und-ferdinand.de\\\/wp-content\\\/uploads\\\/2026\\\/01\\\/Rainer-Rossbach-150x150.jpg\",\"caption\":\"Rainer Ro\u00dfbach\"},\"url\":\"https:\\\/\\\/www.enzo-und-ferdinand.de\\\/index.php\\\/author\\\/redaktion\\\/\"}]}<\/script>\n<!-- \/ Yoast SEO plugin. -->","yoast_head_json":{"title":"Porsche 911 GT3\/911 GT3 Touring","description":"Porsche 911 GT3 911 GT3 Touring Rundstrecke Leichtbau Vier-Liter-Boxermotor Weissach-Paket Aerodynamik Diffusor Sideplates Doppelquerlenker-Vorderachse Aluminium-Leichtbaurad Magnesium-R\u00e4der Lithium-Ionen-Leichtbau-Batterie Sechszylinder Einzeldrosselklappen PDK Airblades CfK Touring-Paket Clubsport \u00dcberrollk\u00e4fig Rainer Ro\u00dfbach Rainer Rossbach enzo-und-ferdinand enzo&ferdinand","robots":{"index":"index","follow":"follow","max-snippet":"max-snippet:-1","max-image-preview":"max-image-preview:large","max-video-preview":"max-video-preview:-1"},"canonical":"https:\/\/www.enzo-und-ferdinand.de\/index.php\/2024\/10\/22\/porsche-911-gt3-911-gt3-touring\/","og_locale":"de_DE","og_type":"article","og_title":"Porsche 911 GT3\/911 GT3 Touring","og_description":"Porsche 911 GT3 911 GT3 Touring Rundstrecke Leichtbau Vier-Liter-Boxermotor Weissach-Paket Aerodynamik Diffusor Sideplates Doppelquerlenker-Vorderachse Aluminium-Leichtbaurad Magnesium-R\u00e4der Lithium-Ionen-Leichtbau-Batterie Sechszylinder Einzeldrosselklappen PDK Airblades CfK Touring-Paket Clubsport \u00dcberrollk\u00e4fig Rainer Ro\u00dfbach Rainer Rossbach enzo-und-ferdinand enzo&ferdinand","og_url":"https:\/\/www.enzo-und-ferdinand.de\/index.php\/2024\/10\/22\/porsche-911-gt3-911-gt3-touring\/","og_site_name":"enzo &amp; Ferdinand","article_published_time":"2024-10-22T07:45:22+00:00","article_modified_time":"2024-11-01T11:43:51+00:00","og_image":[{"width":1500,"height":1007,"url":"https:\/\/www.enzo-und-ferdinand.de\/wp-content\/uploads\/2024\/10\/298378_1920x1237.jpg","type":"image\/jpeg"}],"author":"Rainer Ro\u00dfbach","twitter_card":"summary_large_image","twitter_misc":{"Verfasst von":"Rainer Ro\u00dfbach","Gesch\u00e4tzte Lesezeit":"4\u00a0Minuten"},"schema":{"@context":"https:\/\/schema.org","@graph":[{"@type":"Article","@id":"https:\/\/www.enzo-und-ferdinand.de\/index.php\/2024\/10\/22\/porsche-911-gt3-911-gt3-touring\/#article","isPartOf":{"@id":"https:\/\/www.enzo-und-ferdinand.de\/index.php\/2024\/10\/22\/porsche-911-gt3-911-gt3-touring\/"},"author":{"name":"Rainer Ro\u00dfbach","@id":"https:\/\/www.enzo-und-ferdinand.de\/#\/schema\/person\/aff2eb9ff87705987c1b9d21fe10b095"},"headline":"Porsche 911 GT3\/911 GT3 Touring","datePublished":"2024-10-22T07:45:22+00:00","dateModified":"2024-11-01T11:43:51+00:00","mainEntityOfPage":{"@id":"https:\/\/www.enzo-und-ferdinand.de\/index.php\/2024\/10\/22\/porsche-911-gt3-911-gt3-touring\/"},"wordCount":711,"publisher":{"@id":"https:\/\/www.enzo-und-ferdinand.de\/#organization"},"image":{"@id":"https:\/\/www.enzo-und-ferdinand.de\/index.php\/2024\/10\/22\/porsche-911-gt3-911-gt3-touring\/#primaryimage"},"thumbnailUrl":"https:\/\/www.enzo-und-ferdinand.de\/wp-content\/uploads\/2024\/10\/298378_1920x1237.jpg","keywords":["Porsche","Porsche 911 GT3"],"articleSection":["Ikonen","Performance"],"inLanguage":"de"},{"@type":"WebPage","@id":"https:\/\/www.enzo-und-ferdinand.de\/index.php\/2024\/10\/22\/porsche-911-gt3-911-gt3-touring\/","url":"https:\/\/www.enzo-und-ferdinand.de\/index.php\/2024\/10\/22\/porsche-911-gt3-911-gt3-touring\/","name":"Porsche 911 GT3\/911 GT3 Touring","isPartOf":{"@id":"https:\/\/www.enzo-und-ferdinand.de\/#website"},"primaryImageOfPage":{"@id":"https:\/\/www.enzo-und-ferdinand.de\/index.php\/2024\/10\/22\/porsche-911-gt3-911-gt3-touring\/#primaryimage"},"image":{"@id":"https:\/\/www.enzo-und-ferdinand.de\/index.php\/2024\/10\/22\/porsche-911-gt3-911-gt3-touring\/#primaryimage"},"thumbnailUrl":"https:\/\/www.enzo-und-ferdinand.de\/wp-content\/uploads\/2024\/10\/298378_1920x1237.jpg","datePublished":"2024-10-22T07:45:22+00:00","dateModified":"2024-11-01T11:43:51+00:00","description":"Porsche 911 GT3 911 GT3 Touring Rundstrecke Leichtbau Vier-Liter-Boxermotor Weissach-Paket Aerodynamik Diffusor Sideplates Doppelquerlenker-Vorderachse Aluminium-Leichtbaurad Magnesium-R\u00e4der Lithium-Ionen-Leichtbau-Batterie Sechszylinder Einzeldrosselklappen PDK Airblades CfK Touring-Paket Clubsport \u00dcberrollk\u00e4fig Rainer Ro\u00dfbach Rainer Rossbach enzo-und-ferdinand enzo&ferdinand","breadcrumb":{"@id":"https:\/\/www.enzo-und-ferdinand.de\/index.php\/2024\/10\/22\/porsche-911-gt3-911-gt3-touring\/#breadcrumb"},"inLanguage":"de","potentialAction":[{"@type":"ReadAction","target":["https:\/\/www.enzo-und-ferdinand.de\/index.php\/2024\/10\/22\/porsche-911-gt3-911-gt3-touring\/"]}]},{"@type":"ImageObject","inLanguage":"de","@id":"https:\/\/www.enzo-und-ferdinand.de\/index.php\/2024\/10\/22\/porsche-911-gt3-911-gt3-touring\/#primaryimage","url":"https:\/\/www.enzo-und-ferdinand.de\/wp-content\/uploads\/2024\/10\/298378_1920x1237.jpg","contentUrl":"https:\/\/www.enzo-und-ferdinand.de\/wp-content\/uploads\/2024\/10\/298378_1920x1237.jpg","width":1500,"height":1007,"caption":"Porsche 911 GT3\/911 GT3 Touring"},{"@type":"BreadcrumbList","@id":"https:\/\/www.enzo-und-ferdinand.de\/index.php\/2024\/10\/22\/porsche-911-gt3-911-gt3-touring\/#breadcrumb","itemListElement":[{"@type":"ListItem","position":1,"name":"Startseite","item":"https:\/\/www.enzo-und-ferdinand.de\/"},{"@type":"ListItem","position":2,"name":"Porsche 911 GT3\/911 GT3 Touring"}]},{"@type":"WebSite","@id":"https:\/\/www.enzo-und-ferdinand.de\/#website","url":"https:\/\/www.enzo-und-ferdinand.de\/","name":"enzo & Ferdinand","description":"","publisher":{"@id":"https:\/\/www.enzo-und-ferdinand.de\/#organization"},"potentialAction":[{"@type":"SearchAction","target":{"@type":"EntryPoint","urlTemplate":"https:\/\/www.enzo-und-ferdinand.de\/?s={search_term_string}"},"query-input":{"@type":"PropertyValueSpecification","valueRequired":true,"valueName":"search_term_string"}}],"inLanguage":"de"},{"@type":"Organization","@id":"https:\/\/www.enzo-und-ferdinand.de\/#organization","name":"enzo & Ferdinand","url":"https:\/\/www.enzo-und-ferdinand.de\/","logo":{"@type":"ImageObject","inLanguage":"de","@id":"https:\/\/www.enzo-und-ferdinand.de\/#\/schema\/logo\/image\/","url":"https:\/\/www.enzo-und-ferdinand.de\/wp-content\/uploads\/2018\/12\/revvvs-icon.png","contentUrl":"https:\/\/www.enzo-und-ferdinand.de\/wp-content\/uploads\/2018\/12\/revvvs-icon.png","width":512,"height":512,"caption":"enzo & Ferdinand"},"image":{"@id":"https:\/\/www.enzo-und-ferdinand.de\/#\/schema\/logo\/image\/"}},{"@type":"Person","@id":"https:\/\/www.enzo-und-ferdinand.de\/#\/schema\/person\/aff2eb9ff87705987c1b9d21fe10b095","name":"Rainer Ro\u00dfbach","image":{"@type":"ImageObject","inLanguage":"de","@id":"https:\/\/www.enzo-und-ferdinand.de\/wp-content\/uploads\/2026\/01\/Rainer-Rossbach-150x150.jpg","url":"https:\/\/www.enzo-und-ferdinand.de\/wp-content\/uploads\/2026\/01\/Rainer-Rossbach-150x150.jpg","contentUrl":"https:\/\/www.enzo-und-ferdinand.de\/wp-content\/uploads\/2026\/01\/Rainer-Rossbach-150x150.jpg","caption":"Rainer Ro\u00dfbach"},"url":"https:\/\/www.enzo-und-ferdinand.de\/index.php\/author\/redaktion\/"}]}},"_links":{"self":[{"href":"https:\/\/www.enzo-und-ferdinand.de\/index.php\/wp-json\/wp\/v2\/posts\/18370","targetHints":{"allow":["GET"]}}],"collection":[{"href":"https:\/\/www.enzo-und-ferdinand.de\/index.php\/wp-json\/wp\/v2\/posts"}],"about":[{"href":"https:\/\/www.enzo-und-ferdinand.de\/index.php\/wp-json\/wp\/v2\/types\/post"}],"author":[{"embeddable":true,"href":"https:\/\/www.enzo-und-ferdinand.de\/index.php\/wp-json\/wp\/v2\/users\/1"}],"replies":[{"embeddable":true,"href":"https:\/\/www.enzo-und-ferdinand.de\/index.php\/wp-json\/wp\/v2\/comments?post=18370"}],"version-history":[{"count":5,"href":"https:\/\/www.enzo-und-ferdinand.de\/index.php\/wp-json\/wp\/v2\/posts\/18370\/revisions"}],"predecessor-version":[{"id":18386,"href":"https:\/\/www.enzo-und-ferdinand.de\/index.php\/wp-json\/wp\/v2\/posts\/18370\/revisions\/18386"}],"wp:featuredmedia":[{"embeddable":true,"href":"https:\/\/www.enzo-und-ferdinand.de\/index.php\/wp-json\/wp\/v2\/media\/18375"}],"wp:attachment":[{"href":"https:\/\/www.enzo-und-ferdinand.de\/index.php\/wp-json\/wp\/v2\/media?parent=18370"}],"wp:term":[{"taxonomy":"category","embeddable":true,"href":"https:\/\/www.enzo-und-ferdinand.de\/index.php\/wp-json\/wp\/v2\/categories?post=18370"},{"taxonomy":"post_tag","embeddable":true,"href":"https:\/\/www.enzo-und-ferdinand.de\/index.php\/wp-json\/wp\/v2\/tags?post=18370"}],"curies":[{"name":"wp","href":"https:\/\/api.w.org\/{rel}","templated":true}]}}