{"id":18831,"date":"2024-12-16T07:21:06","date_gmt":"2024-12-16T06:21:06","guid":{"rendered":"https:\/\/www.enzo-und-ferdinand.de\/?p=18831"},"modified":"2024-12-16T07:24:26","modified_gmt":"2024-12-16T06:24:26","slug":"renault-5-turbo-3e-2","status":"publish","type":"post","link":"https:\/\/www.enzo-und-ferdinand.de\/index.php\/2024\/12\/16\/renault-5-turbo-3e-2\/","title":{"rendered":"Renault 5 Turbo 3E"},"content":{"rendered":"\n<figure class=\"wp-block-image size-large is-resized\"><img loading=\"lazy\" decoding=\"async\" width=\"810\" height=\"539\" src=\"https:\/\/www.enzo-und-ferdinand.de\/wp-content\/uploads\/2024\/12\/Renault-5-Turbo-3E-4-810x539.jpg\" alt=\"\" class=\"wp-image-18829\" style=\"width:880px;height:auto\" srcset=\"https:\/\/www.enzo-und-ferdinand.de\/wp-content\/uploads\/2024\/12\/Renault-5-Turbo-3E-4-810x539.jpg 810w, https:\/\/www.enzo-und-ferdinand.de\/wp-content\/uploads\/2024\/12\/Renault-5-Turbo-3E-4-300x200.jpg 300w, https:\/\/www.enzo-und-ferdinand.de\/wp-content\/uploads\/2024\/12\/Renault-5-Turbo-3E-4-768x511.jpg 768w, https:\/\/www.enzo-und-ferdinand.de\/wp-content\/uploads\/2024\/12\/Renault-5-Turbo-3E-4-120x80.jpg 120w, https:\/\/www.enzo-und-ferdinand.de\/wp-content\/uploads\/2024\/12\/Renault-5-Turbo-3E-4.jpg 1503w\" sizes=\"auto, (max-width: 810px) 100vw, 810px\" \/><\/figure>\n\n\n\n<p class=\"wp-block-paragraph\">Den Franzosen muss man zugute halten, dass sie dem Thema \u201eElektroauto\u201c mit dem neuen R5 und dem Alpine 290_\u00df einen besonderen Spin gegeben haben. Und jetzt legen sie nochmal nach: Nach 46 Jahren wird es wieder einen \u201eBackenturbo\u201c geben. Der wird auf dem 2022er Showcar basieren und sich formal am historischen Vorbild orientieren \u2013 bis hin zu den Farben, in denen die Werksrallyeautos damals lackiert waren. Die Leistung wird \u00fcppig ausfallen: Wie sein legend\u00e4rer Vorg\u00e4nger wird er \u00fcber die Hinterachse angetrieben. Statt eines klassischen Verbrenners kommen zwei Elektromotoren zum Einsatz, die in die Hinterr\u00e4der integriert sind und eine Gesamtleistung von mehr als 500 PS liefern. Damit sprintet der Renault 5 Turbo 3E in 3,5 Sekunden von null auf 100 km\/h.<\/p>\n\n\n\n<figure class=\"wp-block-image size-large is-resized\"><img loading=\"lazy\" decoding=\"async\" width=\"810\" height=\"540\" src=\"https:\/\/www.enzo-und-ferdinand.de\/wp-content\/uploads\/2024\/12\/Renault-5-Turbo-3E-1-810x540.jpg\" alt=\"\" class=\"wp-image-18826\" style=\"width:880px;height:auto\" srcset=\"https:\/\/www.enzo-und-ferdinand.de\/wp-content\/uploads\/2024\/12\/Renault-5-Turbo-3E-1-810x540.jpg 810w, https:\/\/www.enzo-und-ferdinand.de\/wp-content\/uploads\/2024\/12\/Renault-5-Turbo-3E-1-300x200.jpg 300w, https:\/\/www.enzo-und-ferdinand.de\/wp-content\/uploads\/2024\/12\/Renault-5-Turbo-3E-1-768x512.jpg 768w, https:\/\/www.enzo-und-ferdinand.de\/wp-content\/uploads\/2024\/12\/Renault-5-Turbo-3E-1-120x80.jpg 120w, https:\/\/www.enzo-und-ferdinand.de\/wp-content\/uploads\/2024\/12\/Renault-5-Turbo-3E-1.jpg 1500w\" sizes=\"auto, (max-width: 810px) 100vw, 810px\" \/><\/figure>\n\n\n\n<p class=\"wp-block-paragraph\">Renault nennt die Gestaltung des kompakten Sportwagens \u201eretro-futuristisch\u201c. Das heisst, dass Elemente, die beim Vorbild technisch begr\u00fcndet waren, wie etwa die gro\u00dfen Lufteinl\u00e4sse vor den Hinterr\u00e4dern, hier ins fast comic-hafte verfremdet sind. Winkelf\u00f6rmige Eins\u00e4tze in diesen \u00d6ffnungen, digital inspirierte, scharf gezeichnete Schweller und Frontmodule sprechen die Sprache von Computerspielen.&nbsp; Gleiches gilt f\u00fcr den gewaltigen Diffusor im Heck. Die Struktur des Fahrzeugs besteht aus Karbon und ist damit leicht sowie extrem steif und machen den Renault 5 Turbo 3E mit seiner gewaltigen Leistung zu einer echten \u201ePocket Rocket\u201c.<\/p>\n\n\n\n<figure class=\"wp-block-gallery has-nested-images columns-default is-cropped wp-block-gallery-1 is-layout-flex wp-block-gallery-is-layout-flex\">\n<figure class=\"wp-block-image size-large\"><img loading=\"lazy\" decoding=\"async\" width=\"810\" height=\"540\" data-id=\"18830\" src=\"https:\/\/www.enzo-und-ferdinand.de\/wp-content\/uploads\/2024\/12\/Renault-5-Turbo-3E-810x540.jpg\" alt=\"\" class=\"wp-image-18830\" srcset=\"https:\/\/www.enzo-und-ferdinand.de\/wp-content\/uploads\/2024\/12\/Renault-5-Turbo-3E-810x540.jpg 810w, https:\/\/www.enzo-und-ferdinand.de\/wp-content\/uploads\/2024\/12\/Renault-5-Turbo-3E-300x200.jpg 300w, https:\/\/www.enzo-und-ferdinand.de\/wp-content\/uploads\/2024\/12\/Renault-5-Turbo-3E-768x512.jpg 768w, https:\/\/www.enzo-und-ferdinand.de\/wp-content\/uploads\/2024\/12\/Renault-5-Turbo-3E-120x80.jpg 120w, https:\/\/www.enzo-und-ferdinand.de\/wp-content\/uploads\/2024\/12\/Renault-5-Turbo-3E.jpg 1500w\" sizes=\"auto, (max-width: 810px) 100vw, 810px\" \/><\/figure>\n\n\n\n<figure class=\"wp-block-image size-large\"><img loading=\"lazy\" decoding=\"async\" width=\"810\" height=\"540\" data-id=\"18827\" src=\"https:\/\/www.enzo-und-ferdinand.de\/wp-content\/uploads\/2024\/12\/Renault-5-Turbo-3E-2-810x540.jpg\" alt=\"\" class=\"wp-image-18827\" srcset=\"https:\/\/www.enzo-und-ferdinand.de\/wp-content\/uploads\/2024\/12\/Renault-5-Turbo-3E-2-810x540.jpg 810w, https:\/\/www.enzo-und-ferdinand.de\/wp-content\/uploads\/2024\/12\/Renault-5-Turbo-3E-2-300x200.jpg 300w, https:\/\/www.enzo-und-ferdinand.de\/wp-content\/uploads\/2024\/12\/Renault-5-Turbo-3E-2-768x512.jpg 768w, https:\/\/www.enzo-und-ferdinand.de\/wp-content\/uploads\/2024\/12\/Renault-5-Turbo-3E-2-120x80.jpg 120w, https:\/\/www.enzo-und-ferdinand.de\/wp-content\/uploads\/2024\/12\/Renault-5-Turbo-3E-2.jpg 1500w\" sizes=\"auto, (max-width: 810px) 100vw, 810px\" \/><\/figure>\n<\/figure>\n\n\n\n<p class=\"has-text-align-right has-small-font-size wp-block-paragraph\">Fotos: Renault\/Text: Rainer Ro\u00dfbach<\/p>\n","protected":false},"excerpt":{"rendered":"<p>Den Franzosen muss man zugute halten, dass sie dem Thema \u201eElektroauto\u201c mit dem neuen R5 und dem Alpine 290_\u00df einen besonderen Spin gegeben haben. Und jetzt legen sie nochmal nach: Nach 46 Jahren wird es wieder einen \u201eBackenturbo\u201c geben. Der wird auf dem 2022er Showcar basieren und sich formal am historischen Vorbild orientieren \u2013 bis hin zu den Farben, in denen die Werksrallyeautos damals lackiert waren. Die Leistung wird \u00fcppig ausfallen: Wie sein legend\u00e4rer Vorg\u00e4nger wird er \u00fcber die Hinterachse angetrieben. Statt eines klassischen Verbrenners kommen zwei Elektromotoren zum Einsatz, die in die Hinterr\u00e4der integriert sind und eine Gesamtleistung von mehr als 500 PS liefern. Damit sprintet der Renault 5 Turbo 3E in 3,5 Sekunden von null auf 100 km\/h.<\/p>\n","protected":false},"author":1,"featured_media":18828,"comment_status":"closed","ping_status":"closed","sticky":false,"template":"","format":"standard","meta":{"_crdt_document":"","ngg_post_thumbnail":0,"footnotes":""},"categories":[681,23],"tags":[252,190,1242],"class_list":["post-18831","post","type-post","status-publish","format-standard","has-post-thumbnail","hentry","category-elektro","category-performance","tag-alpine","tag-renault","tag-renault-5-turbo-3e"],"yoast_head":"<!-- This site is optimized with the Yoast SEO plugin v27.5 - https:\/\/yoast.com\/product\/yoast-seo-wordpress\/ -->\n<title>Renault 5 Turbo 3E<\/title>\n<meta name=\"description\" content=\"Rainer Ro\u00dfbach Rainer Rossbach enzo-und-ferdinand enzo&amp;ferdinand Renault 5 Turbo 3E Elektroauto R5 Alpine \u00df290 Backenturbo Rallye retro-futuristisch Diffusor Karbon Pocket Rocket\" \/>\n<meta name=\"robots\" content=\"index, follow, max-snippet:-1, max-image-preview:large, max-video-preview:-1\" \/>\n<link rel=\"canonical\" href=\"https:\/\/www.enzo-und-ferdinand.de\/index.php\/2024\/12\/16\/renault-5-turbo-3e-2\/\" \/>\n<meta property=\"og:locale\" content=\"de_DE\" \/>\n<meta property=\"og:type\" content=\"article\" \/>\n<meta property=\"og:title\" content=\"Renault 5 Turbo 3E\" \/>\n<meta property=\"og:description\" content=\"Rainer Ro\u00dfbach Rainer Rossbach enzo-und-ferdinand enzo&amp;ferdinand Renault 5 Turbo 3E Elektroauto R5 Alpine \u00df290 Backenturbo Rallye retro-futuristisch Diffusor Karbon Pocket Rocket\" \/>\n<meta property=\"og:url\" content=\"https:\/\/www.enzo-und-ferdinand.de\/index.php\/2024\/12\/16\/renault-5-turbo-3e-2\/\" \/>\n<meta property=\"og:site_name\" content=\"enzo &amp; Ferdinand\" \/>\n<meta property=\"article:published_time\" content=\"2024-12-16T06:21:06+00:00\" \/>\n<meta property=\"article:modified_time\" content=\"2024-12-16T06:24:26+00:00\" \/>\n<meta property=\"og:image\" content=\"https:\/\/www.enzo-und-ferdinand.de\/wp-content\/uploads\/2024\/12\/Renault-5-Turbo-3E-3.jpg\" \/>\n\t<meta property=\"og:image:width\" content=\"1500\" \/>\n\t<meta property=\"og:image:height\" content=\"1000\" \/>\n\t<meta property=\"og:image:type\" content=\"image\/jpeg\" \/>\n<meta name=\"author\" content=\"Rainer Ro\u00dfbach\" \/>\n<meta name=\"twitter:card\" content=\"summary_large_image\" \/>\n<meta name=\"twitter:label1\" content=\"Verfasst von\" \/>\n\t<meta name=\"twitter:data1\" content=\"Rainer Ro\u00dfbach\" \/>\n\t<meta name=\"twitter:label2\" content=\"Gesch\u00e4tzte Lesezeit\" \/>\n\t<meta name=\"twitter:data2\" content=\"1\u00a0Minute\" \/>\n<script type=\"application\/ld+json\" class=\"yoast-schema-graph\">{\"@context\":\"https:\\\/\\\/schema.org\",\"@graph\":[{\"@type\":\"Article\",\"@id\":\"https:\\\/\\\/www.enzo-und-ferdinand.de\\\/index.php\\\/2024\\\/12\\\/16\\\/renault-5-turbo-3e-2\\\/#article\",\"isPartOf\":{\"@id\":\"https:\\\/\\\/www.enzo-und-ferdinand.de\\\/index.php\\\/2024\\\/12\\\/16\\\/renault-5-turbo-3e-2\\\/\"},\"author\":{\"name\":\"Rainer Ro\u00dfbach\",\"@id\":\"https:\\\/\\\/www.enzo-und-ferdinand.de\\\/#\\\/schema\\\/person\\\/aff2eb9ff87705987c1b9d21fe10b095\"},\"headline\":\"Renault 5 Turbo 3E\",\"datePublished\":\"2024-12-16T06:21:06+00:00\",\"dateModified\":\"2024-12-16T06:24:26+00:00\",\"mainEntityOfPage\":{\"@id\":\"https:\\\/\\\/www.enzo-und-ferdinand.de\\\/index.php\\\/2024\\\/12\\\/16\\\/renault-5-turbo-3e-2\\\/\"},\"wordCount\":220,\"publisher\":{\"@id\":\"https:\\\/\\\/www.enzo-und-ferdinand.de\\\/#organization\"},\"image\":{\"@id\":\"https:\\\/\\\/www.enzo-und-ferdinand.de\\\/index.php\\\/2024\\\/12\\\/16\\\/renault-5-turbo-3e-2\\\/#primaryimage\"},\"thumbnailUrl\":\"https:\\\/\\\/www.enzo-und-ferdinand.de\\\/wp-content\\\/uploads\\\/2024\\\/12\\\/Renault-5-Turbo-3E-3.jpg\",\"keywords\":[\"Alpine\",\"Renault\",\"Renault 5 Turbo 3E\"],\"articleSection\":[\"Elektro\",\"Performance\"],\"inLanguage\":\"de\"},{\"@type\":\"WebPage\",\"@id\":\"https:\\\/\\\/www.enzo-und-ferdinand.de\\\/index.php\\\/2024\\\/12\\\/16\\\/renault-5-turbo-3e-2\\\/\",\"url\":\"https:\\\/\\\/www.enzo-und-ferdinand.de\\\/index.php\\\/2024\\\/12\\\/16\\\/renault-5-turbo-3e-2\\\/\",\"name\":\"Renault 5 Turbo 3E\",\"isPartOf\":{\"@id\":\"https:\\\/\\\/www.enzo-und-ferdinand.de\\\/#website\"},\"primaryImageOfPage\":{\"@id\":\"https:\\\/\\\/www.enzo-und-ferdinand.de\\\/index.php\\\/2024\\\/12\\\/16\\\/renault-5-turbo-3e-2\\\/#primaryimage\"},\"image\":{\"@id\":\"https:\\\/\\\/www.enzo-und-ferdinand.de\\\/index.php\\\/2024\\\/12\\\/16\\\/renault-5-turbo-3e-2\\\/#primaryimage\"},\"thumbnailUrl\":\"https:\\\/\\\/www.enzo-und-ferdinand.de\\\/wp-content\\\/uploads\\\/2024\\\/12\\\/Renault-5-Turbo-3E-3.jpg\",\"datePublished\":\"2024-12-16T06:21:06+00:00\",\"dateModified\":\"2024-12-16T06:24:26+00:00\",\"description\":\"Rainer Ro\u00dfbach Rainer Rossbach enzo-und-ferdinand enzo&ferdinand Renault 5 Turbo 3E Elektroauto R5 Alpine \u00df290 Backenturbo Rallye retro-futuristisch Diffusor Karbon Pocket Rocket\",\"breadcrumb\":{\"@id\":\"https:\\\/\\\/www.enzo-und-ferdinand.de\\\/index.php\\\/2024\\\/12\\\/16\\\/renault-5-turbo-3e-2\\\/#breadcrumb\"},\"inLanguage\":\"de\",\"potentialAction\":[{\"@type\":\"ReadAction\",\"target\":[\"https:\\\/\\\/www.enzo-und-ferdinand.de\\\/index.php\\\/2024\\\/12\\\/16\\\/renault-5-turbo-3e-2\\\/\"]}]},{\"@type\":\"ImageObject\",\"inLanguage\":\"de\",\"@id\":\"https:\\\/\\\/www.enzo-und-ferdinand.de\\\/index.php\\\/2024\\\/12\\\/16\\\/renault-5-turbo-3e-2\\\/#primaryimage\",\"url\":\"https:\\\/\\\/www.enzo-und-ferdinand.de\\\/wp-content\\\/uploads\\\/2024\\\/12\\\/Renault-5-Turbo-3E-3.jpg\",\"contentUrl\":\"https:\\\/\\\/www.enzo-und-ferdinand.de\\\/wp-content\\\/uploads\\\/2024\\\/12\\\/Renault-5-Turbo-3E-3.jpg\",\"width\":1500,\"height\":1000,\"caption\":\"Renault 5 Turbo 3E\"},{\"@type\":\"BreadcrumbList\",\"@id\":\"https:\\\/\\\/www.enzo-und-ferdinand.de\\\/index.php\\\/2024\\\/12\\\/16\\\/renault-5-turbo-3e-2\\\/#breadcrumb\",\"itemListElement\":[{\"@type\":\"ListItem\",\"position\":1,\"name\":\"Startseite\",\"item\":\"https:\\\/\\\/www.enzo-und-ferdinand.de\\\/\"},{\"@type\":\"ListItem\",\"position\":2,\"name\":\"Renault 5 Turbo 3E\"}]},{\"@type\":\"WebSite\",\"@id\":\"https:\\\/\\\/www.enzo-und-ferdinand.de\\\/#website\",\"url\":\"https:\\\/\\\/www.enzo-und-ferdinand.de\\\/\",\"name\":\"enzo & Ferdinand\",\"description\":\"\",\"publisher\":{\"@id\":\"https:\\\/\\\/www.enzo-und-ferdinand.de\\\/#organization\"},\"potentialAction\":[{\"@type\":\"SearchAction\",\"target\":{\"@type\":\"EntryPoint\",\"urlTemplate\":\"https:\\\/\\\/www.enzo-und-ferdinand.de\\\/?s={search_term_string}\"},\"query-input\":{\"@type\":\"PropertyValueSpecification\",\"valueRequired\":true,\"valueName\":\"search_term_string\"}}],\"inLanguage\":\"de\"},{\"@type\":\"Organization\",\"@id\":\"https:\\\/\\\/www.enzo-und-ferdinand.de\\\/#organization\",\"name\":\"enzo & Ferdinand\",\"url\":\"https:\\\/\\\/www.enzo-und-ferdinand.de\\\/\",\"logo\":{\"@type\":\"ImageObject\",\"inLanguage\":\"de\",\"@id\":\"https:\\\/\\\/www.enzo-und-ferdinand.de\\\/#\\\/schema\\\/logo\\\/image\\\/\",\"url\":\"https:\\\/\\\/www.enzo-und-ferdinand.de\\\/wp-content\\\/uploads\\\/2018\\\/12\\\/revvvs-icon.png\",\"contentUrl\":\"https:\\\/\\\/www.enzo-und-ferdinand.de\\\/wp-content\\\/uploads\\\/2018\\\/12\\\/revvvs-icon.png\",\"width\":512,\"height\":512,\"caption\":\"enzo & Ferdinand\"},\"image\":{\"@id\":\"https:\\\/\\\/www.enzo-und-ferdinand.de\\\/#\\\/schema\\\/logo\\\/image\\\/\"}},{\"@type\":\"Person\",\"@id\":\"https:\\\/\\\/www.enzo-und-ferdinand.de\\\/#\\\/schema\\\/person\\\/aff2eb9ff87705987c1b9d21fe10b095\",\"name\":\"Rainer Ro\u00dfbach\",\"image\":{\"@type\":\"ImageObject\",\"inLanguage\":\"de\",\"@id\":\"https:\\\/\\\/www.enzo-und-ferdinand.de\\\/wp-content\\\/uploads\\\/2026\\\/01\\\/Rainer-Rossbach-150x150.jpg\",\"url\":\"https:\\\/\\\/www.enzo-und-ferdinand.de\\\/wp-content\\\/uploads\\\/2026\\\/01\\\/Rainer-Rossbach-150x150.jpg\",\"contentUrl\":\"https:\\\/\\\/www.enzo-und-ferdinand.de\\\/wp-content\\\/uploads\\\/2026\\\/01\\\/Rainer-Rossbach-150x150.jpg\",\"caption\":\"Rainer Ro\u00dfbach\"},\"url\":\"https:\\\/\\\/www.enzo-und-ferdinand.de\\\/index.php\\\/author\\\/redaktion\\\/\"}]}<\/script>\n<!-- \/ Yoast SEO plugin. -->","yoast_head_json":{"title":"Renault 5 Turbo 3E","description":"Rainer Ro\u00dfbach Rainer Rossbach enzo-und-ferdinand enzo&ferdinand Renault 5 Turbo 3E Elektroauto R5 Alpine \u00df290 Backenturbo Rallye retro-futuristisch Diffusor Karbon Pocket Rocket","robots":{"index":"index","follow":"follow","max-snippet":"max-snippet:-1","max-image-preview":"max-image-preview:large","max-video-preview":"max-video-preview:-1"},"canonical":"https:\/\/www.enzo-und-ferdinand.de\/index.php\/2024\/12\/16\/renault-5-turbo-3e-2\/","og_locale":"de_DE","og_type":"article","og_title":"Renault 5 Turbo 3E","og_description":"Rainer Ro\u00dfbach Rainer Rossbach enzo-und-ferdinand enzo&ferdinand Renault 5 Turbo 3E Elektroauto R5 Alpine \u00df290 Backenturbo Rallye retro-futuristisch Diffusor Karbon Pocket Rocket","og_url":"https:\/\/www.enzo-und-ferdinand.de\/index.php\/2024\/12\/16\/renault-5-turbo-3e-2\/","og_site_name":"enzo &amp; Ferdinand","article_published_time":"2024-12-16T06:21:06+00:00","article_modified_time":"2024-12-16T06:24:26+00:00","og_image":[{"width":1500,"height":1000,"url":"https:\/\/www.enzo-und-ferdinand.de\/wp-content\/uploads\/2024\/12\/Renault-5-Turbo-3E-3.jpg","type":"image\/jpeg"}],"author":"Rainer Ro\u00dfbach","twitter_card":"summary_large_image","twitter_misc":{"Verfasst von":"Rainer Ro\u00dfbach","Gesch\u00e4tzte Lesezeit":"1\u00a0Minute"},"schema":{"@context":"https:\/\/schema.org","@graph":[{"@type":"Article","@id":"https:\/\/www.enzo-und-ferdinand.de\/index.php\/2024\/12\/16\/renault-5-turbo-3e-2\/#article","isPartOf":{"@id":"https:\/\/www.enzo-und-ferdinand.de\/index.php\/2024\/12\/16\/renault-5-turbo-3e-2\/"},"author":{"name":"Rainer Ro\u00dfbach","@id":"https:\/\/www.enzo-und-ferdinand.de\/#\/schema\/person\/aff2eb9ff87705987c1b9d21fe10b095"},"headline":"Renault 5 Turbo 3E","datePublished":"2024-12-16T06:21:06+00:00","dateModified":"2024-12-16T06:24:26+00:00","mainEntityOfPage":{"@id":"https:\/\/www.enzo-und-ferdinand.de\/index.php\/2024\/12\/16\/renault-5-turbo-3e-2\/"},"wordCount":220,"publisher":{"@id":"https:\/\/www.enzo-und-ferdinand.de\/#organization"},"image":{"@id":"https:\/\/www.enzo-und-ferdinand.de\/index.php\/2024\/12\/16\/renault-5-turbo-3e-2\/#primaryimage"},"thumbnailUrl":"https:\/\/www.enzo-und-ferdinand.de\/wp-content\/uploads\/2024\/12\/Renault-5-Turbo-3E-3.jpg","keywords":["Alpine","Renault","Renault 5 Turbo 3E"],"articleSection":["Elektro","Performance"],"inLanguage":"de"},{"@type":"WebPage","@id":"https:\/\/www.enzo-und-ferdinand.de\/index.php\/2024\/12\/16\/renault-5-turbo-3e-2\/","url":"https:\/\/www.enzo-und-ferdinand.de\/index.php\/2024\/12\/16\/renault-5-turbo-3e-2\/","name":"Renault 5 Turbo 3E","isPartOf":{"@id":"https:\/\/www.enzo-und-ferdinand.de\/#website"},"primaryImageOfPage":{"@id":"https:\/\/www.enzo-und-ferdinand.de\/index.php\/2024\/12\/16\/renault-5-turbo-3e-2\/#primaryimage"},"image":{"@id":"https:\/\/www.enzo-und-ferdinand.de\/index.php\/2024\/12\/16\/renault-5-turbo-3e-2\/#primaryimage"},"thumbnailUrl":"https:\/\/www.enzo-und-ferdinand.de\/wp-content\/uploads\/2024\/12\/Renault-5-Turbo-3E-3.jpg","datePublished":"2024-12-16T06:21:06+00:00","dateModified":"2024-12-16T06:24:26+00:00","description":"Rainer Ro\u00dfbach Rainer Rossbach enzo-und-ferdinand enzo&ferdinand Renault 5 Turbo 3E Elektroauto R5 Alpine \u00df290 Backenturbo Rallye retro-futuristisch Diffusor Karbon Pocket Rocket","breadcrumb":{"@id":"https:\/\/www.enzo-und-ferdinand.de\/index.php\/2024\/12\/16\/renault-5-turbo-3e-2\/#breadcrumb"},"inLanguage":"de","potentialAction":[{"@type":"ReadAction","target":["https:\/\/www.enzo-und-ferdinand.de\/index.php\/2024\/12\/16\/renault-5-turbo-3e-2\/"]}]},{"@type":"ImageObject","inLanguage":"de","@id":"https:\/\/www.enzo-und-ferdinand.de\/index.php\/2024\/12\/16\/renault-5-turbo-3e-2\/#primaryimage","url":"https:\/\/www.enzo-und-ferdinand.de\/wp-content\/uploads\/2024\/12\/Renault-5-Turbo-3E-3.jpg","contentUrl":"https:\/\/www.enzo-und-ferdinand.de\/wp-content\/uploads\/2024\/12\/Renault-5-Turbo-3E-3.jpg","width":1500,"height":1000,"caption":"Renault 5 Turbo 3E"},{"@type":"BreadcrumbList","@id":"https:\/\/www.enzo-und-ferdinand.de\/index.php\/2024\/12\/16\/renault-5-turbo-3e-2\/#breadcrumb","itemListElement":[{"@type":"ListItem","position":1,"name":"Startseite","item":"https:\/\/www.enzo-und-ferdinand.de\/"},{"@type":"ListItem","position":2,"name":"Renault 5 Turbo 3E"}]},{"@type":"WebSite","@id":"https:\/\/www.enzo-und-ferdinand.de\/#website","url":"https:\/\/www.enzo-und-ferdinand.de\/","name":"enzo & Ferdinand","description":"","publisher":{"@id":"https:\/\/www.enzo-und-ferdinand.de\/#organization"},"potentialAction":[{"@type":"SearchAction","target":{"@type":"EntryPoint","urlTemplate":"https:\/\/www.enzo-und-ferdinand.de\/?s={search_term_string}"},"query-input":{"@type":"PropertyValueSpecification","valueRequired":true,"valueName":"search_term_string"}}],"inLanguage":"de"},{"@type":"Organization","@id":"https:\/\/www.enzo-und-ferdinand.de\/#organization","name":"enzo & Ferdinand","url":"https:\/\/www.enzo-und-ferdinand.de\/","logo":{"@type":"ImageObject","inLanguage":"de","@id":"https:\/\/www.enzo-und-ferdinand.de\/#\/schema\/logo\/image\/","url":"https:\/\/www.enzo-und-ferdinand.de\/wp-content\/uploads\/2018\/12\/revvvs-icon.png","contentUrl":"https:\/\/www.enzo-und-ferdinand.de\/wp-content\/uploads\/2018\/12\/revvvs-icon.png","width":512,"height":512,"caption":"enzo & Ferdinand"},"image":{"@id":"https:\/\/www.enzo-und-ferdinand.de\/#\/schema\/logo\/image\/"}},{"@type":"Person","@id":"https:\/\/www.enzo-und-ferdinand.de\/#\/schema\/person\/aff2eb9ff87705987c1b9d21fe10b095","name":"Rainer Ro\u00dfbach","image":{"@type":"ImageObject","inLanguage":"de","@id":"https:\/\/www.enzo-und-ferdinand.de\/wp-content\/uploads\/2026\/01\/Rainer-Rossbach-150x150.jpg","url":"https:\/\/www.enzo-und-ferdinand.de\/wp-content\/uploads\/2026\/01\/Rainer-Rossbach-150x150.jpg","contentUrl":"https:\/\/www.enzo-und-ferdinand.de\/wp-content\/uploads\/2026\/01\/Rainer-Rossbach-150x150.jpg","caption":"Rainer Ro\u00dfbach"},"url":"https:\/\/www.enzo-und-ferdinand.de\/index.php\/author\/redaktion\/"}]}},"_links":{"self":[{"href":"https:\/\/www.enzo-und-ferdinand.de\/index.php\/wp-json\/wp\/v2\/posts\/18831","targetHints":{"allow":["GET"]}}],"collection":[{"href":"https:\/\/www.enzo-und-ferdinand.de\/index.php\/wp-json\/wp\/v2\/posts"}],"about":[{"href":"https:\/\/www.enzo-und-ferdinand.de\/index.php\/wp-json\/wp\/v2\/types\/post"}],"author":[{"embeddable":true,"href":"https:\/\/www.enzo-und-ferdinand.de\/index.php\/wp-json\/wp\/v2\/users\/1"}],"replies":[{"embeddable":true,"href":"https:\/\/www.enzo-und-ferdinand.de\/index.php\/wp-json\/wp\/v2\/comments?post=18831"}],"version-history":[{"count":7,"href":"https:\/\/www.enzo-und-ferdinand.de\/index.php\/wp-json\/wp\/v2\/posts\/18831\/revisions"}],"predecessor-version":[{"id":18852,"href":"https:\/\/www.enzo-und-ferdinand.de\/index.php\/wp-json\/wp\/v2\/posts\/18831\/revisions\/18852"}],"wp:featuredmedia":[{"embeddable":true,"href":"https:\/\/www.enzo-und-ferdinand.de\/index.php\/wp-json\/wp\/v2\/media\/18828"}],"wp:attachment":[{"href":"https:\/\/www.enzo-und-ferdinand.de\/index.php\/wp-json\/wp\/v2\/media?parent=18831"}],"wp:term":[{"taxonomy":"category","embeddable":true,"href":"https:\/\/www.enzo-und-ferdinand.de\/index.php\/wp-json\/wp\/v2\/categories?post=18831"},{"taxonomy":"post_tag","embeddable":true,"href":"https:\/\/www.enzo-und-ferdinand.de\/index.php\/wp-json\/wp\/v2\/tags?post=18831"}],"curies":[{"name":"wp","href":"https:\/\/api.w.org\/{rel}","templated":true}]}}