{"id":19224,"date":"2025-02-03T08:00:00","date_gmt":"2025-02-03T07:00:00","guid":{"rendered":"https:\/\/www.enzo-und-ferdinand.de\/?p=19224"},"modified":"2025-02-02T21:18:23","modified_gmt":"2025-02-02T20:18:23","slug":"bmw-m3-cs-touring","status":"publish","type":"post","link":"https:\/\/www.enzo-und-ferdinand.de\/index.php\/2025\/02\/03\/bmw-m3-cs-touring\/","title":{"rendered":"BMW\u00a0M3\u00a0CS\u00a0Touring"},"content":{"rendered":"\n<figure class=\"wp-block-image size-large is-resized\"><img loading=\"lazy\" decoding=\"async\" width=\"810\" height=\"455\" src=\"https:\/\/www.enzo-und-ferdinand.de\/wp-content\/uploads\/2025\/01\/P90584947_highRes_the-first-ever-bmw-m-810x455.jpg\" alt=\"\" class=\"wp-image-19238\" style=\"width:880px;height:auto\" srcset=\"https:\/\/www.enzo-und-ferdinand.de\/wp-content\/uploads\/2025\/01\/P90584947_highRes_the-first-ever-bmw-m-810x455.jpg 810w, https:\/\/www.enzo-und-ferdinand.de\/wp-content\/uploads\/2025\/01\/P90584947_highRes_the-first-ever-bmw-m-300x169.jpg 300w, https:\/\/www.enzo-und-ferdinand.de\/wp-content\/uploads\/2025\/01\/P90584947_highRes_the-first-ever-bmw-m-768x432.jpg 768w, https:\/\/www.enzo-und-ferdinand.de\/wp-content\/uploads\/2025\/01\/P90584947_highRes_the-first-ever-bmw-m.jpg 1500w\" sizes=\"auto, (max-width: 810px) 100vw, 810px\" \/><\/figure>\n\n\n\n<p class=\"wp-block-paragraph\">Der neue Performance-Kombi kn\u00fcpft an den Erfolg des BMW&nbsp;M3&nbsp;Competition&nbsp;Touring mit M&nbsp;xDrive an. Ein 405&nbsp;kW\/550&nbsp;PS starker Reihensechszylinder-Motor, eine dynamische Fahrwerksabstimmung und ein mit vielen carbonfaserverst\u00e4rktem Komponenten optimiertes Gewicht schaffen die Voraussetzungen f\u00fcr echtes Rennsport-Feeling. Das variable Raumangebot indes sorgt f\u00fcr gute Alltagstauglichkeit. Insgesamt aber steht die Leistungscharakteristik des Motors sowie der Kraft\u00fcbertragung im Mittelpunkt. So absolviert der potente Touring den Spurt aus dem Stand auf Tempo 100 in 3,5 Sekunden. Beim 3,0 Liter-Reihensechszylinder-Triebwerk steht die Performance auf der Rennstrecke im Zentrum und es greift auf zahlreiche Technologie aus dem Motorsport zu.&nbsp;<\/p>\n\n\n\n<p class=\"wp-block-paragraph\">Dazu z\u00e4hlen ein steifes Kurbelgeh\u00e4use in buchsenloser Closed-Deck-Bauweise, eine geschmiedete Leichtbau-Kurbelwelle und ein im 3D-Druck-Verfahren gefertigter Zylinderkopf-Kern. Auf den gewichtsoptimierten Zylinderlaufbahnen sorgt eine im Lichtbogendrahtspritz-Verfahren (LDS) aufgebrachte Eisenbeschichtung f\u00fcr reduzierte Reibleistungsverluste. Auch K\u00fchlsystem und \u00d6lversorgung sind f\u00fcr konstant hohe Belastungen ausgelegt. Eine Steigerung des maximalen Ladedrucks der beiden Mono-Scroll-Turbolader auf 2,1&nbsp;bar&nbsp; erm\u00f6glichen die Leistung auf 405&nbsp;kW\/550&nbsp;PS. Das maximale Drehmoment wird bei 6.250 Umdrehungen erreicht, die H\u00f6chstdrehzahl liegt bei 7.200 Umdrehungen, die H\u00f6chstgeschwindigkeit ist elektronisch auf 300 km\/h limitiert. Eine Motorlagerung mit erh\u00f6hter Federrate bindet die Antriebseinheit besonders straff an die Fahrzeugstruktur. Den passenden Sound liefert eine Abgasanlage mit elektrisch gesteuerten Klappen und gewichtsoptimiertem Titan-Endschalld\u00e4mpfer, deren Akustik mittels des M Setup Menu gew\u00e4hlt werden kann.<\/p>\n\n\n\n<figure class=\"wp-block-image size-large is-resized\"><img loading=\"lazy\" decoding=\"async\" width=\"810\" height=\"455\" src=\"https:\/\/www.enzo-und-ferdinand.de\/wp-content\/uploads\/2025\/01\/P90584929_highRes_the-first-ever-bmw-m-810x455.jpg\" alt=\"\" class=\"wp-image-19237\" style=\"width:880px;height:auto\" srcset=\"https:\/\/www.enzo-und-ferdinand.de\/wp-content\/uploads\/2025\/01\/P90584929_highRes_the-first-ever-bmw-m-810x455.jpg 810w, https:\/\/www.enzo-und-ferdinand.de\/wp-content\/uploads\/2025\/01\/P90584929_highRes_the-first-ever-bmw-m-300x169.jpg 300w, https:\/\/www.enzo-und-ferdinand.de\/wp-content\/uploads\/2025\/01\/P90584929_highRes_the-first-ever-bmw-m-768x432.jpg 768w, https:\/\/www.enzo-und-ferdinand.de\/wp-content\/uploads\/2025\/01\/P90584929_highRes_the-first-ever-bmw-m.jpg 1500w\" sizes=\"auto, (max-width: 810px) 100vw, 810px\" \/><\/figure>\n\n\n\n<p class=\"wp-block-paragraph\">Geschaltet wird mit einem 8-Gang-M&nbsp;Steptronic-Getriebe, das drei deutlich unterscheidbare Modi abietet. Neben einer komfortorientieren und einer sportlichen Auspr\u00e4gung l\u00e4sst sich auch eine speziell f\u00fcr den Einsatz auf der Rennstrecke optimierte Einstellung anw\u00e4hlen.&nbsp;Der Allradantrieb verteilt das Antriebsmoment mithilfe einer elektronisch gesteuerten Lamellenkupplung im Verteilergetriebe stufenlos und vollvariabel zwischen den Vorder- und Hinterr\u00e4dern, wobei die Auslegung spezifisch hinterradbetont ist. So kann etwa \u00fcber das M Setup Men\u00fc der Modus 4WD Sport gew\u00e4hlt werden, in dem ein deutlich h\u00f6herer Anteil des Antriebsmoments an die Hinterr\u00e4der geleitet wird. Daneben gibt es f\u00fcr die Puristen einen 2WD-Modus, der einen klassischen Hinterradantrieb simuliert.<\/p>\n\n\n\n<figure class=\"wp-block-image size-large is-resized\"><img loading=\"lazy\" decoding=\"async\" width=\"810\" height=\"455\" src=\"https:\/\/www.enzo-und-ferdinand.de\/wp-content\/uploads\/2025\/01\/P90584879_highRes_the-first-ever-bmw-m-810x455.jpg\" alt=\"\" class=\"wp-image-19229\" style=\"width:880px;height:auto\" srcset=\"https:\/\/www.enzo-und-ferdinand.de\/wp-content\/uploads\/2025\/01\/P90584879_highRes_the-first-ever-bmw-m-810x455.jpg 810w, https:\/\/www.enzo-und-ferdinand.de\/wp-content\/uploads\/2025\/01\/P90584879_highRes_the-first-ever-bmw-m-300x169.jpg 300w, https:\/\/www.enzo-und-ferdinand.de\/wp-content\/uploads\/2025\/01\/P90584879_highRes_the-first-ever-bmw-m-768x432.jpg 768w, https:\/\/www.enzo-und-ferdinand.de\/wp-content\/uploads\/2025\/01\/P90584879_highRes_the-first-ever-bmw-m.jpg 1500w\" sizes=\"auto, (max-width: 810px) 100vw, 810px\" \/><\/figure>\n\n\n\n<p class=\"wp-block-paragraph\">Die Fahrwerkstechnik erlaubt Einstellungen an der Fahrstabilit\u00e4tsregelung DSC und des M\u00a0Dynamic Mode gezielt f\u00fcr die Rennstrecke. Elektronisch geregelte Sto\u00dfd\u00e4mpfer des adaptiven Fahrwerks, die Lenkung und das integrierte Bremssystem sind entsprechend abgestimmt. Der Verz\u00f6gerung dient die M Compound Bremsanlage mit wahlweise rot oder schwarz lackierten Bremss\u00e4tteln. Optional gibt es zudem eine M Carbon-Keramik Bremsanlage mit Bremss\u00e4tteln in Rot oder Gold. Geschmiedete Leichtmetallr\u00e4der in den Gr\u00f6\u00dfen 19 Zoll an der Vorder- sowie 20 Zoll an der Hinterachse und werden serienm\u00e4\u00dfig mit einer Track-Bereifung in den Dimensionen 275\/35 ZR19 vorn und 285\/30 ZR20 hinten best\u00fcckt. Alternativ ist\u00a0 ohne Aufpreis eine Sport-Bereifung in den gleichen Dimensionen erh\u00e4ltlich. Au\u00dferdem wird optional eine Ultra-Track-Bereifung angeboten.<\/p>\n\n\n\n<p class=\"wp-block-paragraph\">Intelligenter Leichtbau tr\u00e4gt ma\u00dfgeblich zu den Performance-Eigenschaften des BMW&nbsp;M3&nbsp;CS&nbsp;Touring bei. Die Gewichtsoptimierung wird durch den Einsatz von carbonfaserverst\u00e4rktem Kunststoff (CFK) erreicht. Aus dem Werkstoff sind die Motorhaube, der Frontsplitter, der vordere Lufteinl\u00e4ss, die Au\u00dfenspiegelkappen sowieder Heckdiffusor gefertigt.<\/p>\n\n\n\n<p class=\"wp-block-paragraph\">Im auf Performance ausgelegten Cockpit tragen Carbon Schalensitze sowie Schaltwippen am Lenkrad, Interieurleisten und die Mittelkonsole, die ebenfalls aus CFK bestehen, zur weiteren Gewichtsoptimierung bei. Insgesamt f\u00fchren die Ma\u00dfnahmen zu einer Reduzierung des Gewichts um rund 15 Kilogramm. Die Karosseriesteifigkeit wird mithilfe einer optionalen Pr\u00e4zisionsstrebe f\u00fcr den Motorraum gesteigert. Im BMW&nbsp;M3&nbsp;CS&nbsp;Touring trifft konzentrierte Performance auf einen variabel nutzbaren Innenraum, dessen Stauvolumen von 500 auf bis zu 1.510&nbsp;Liter erweitert werden kann.<\/p>\n\n\n\n<p class=\"wp-block-paragraph\">Der Touring wird wahlweise mit einer Lackierung in British Racing Green, Laguna Seca Blue, Frozen Solid White oder Saphirschwarz metallic angeboten. Das Dach und der Dachkantenspoiler hingegen sind in hochgl\u00e4nzendem Schwarz ausgef\u00fchrt. Ein exklusives Designmerkmal ist die rote Einfassung f\u00fcr den Dachkantenspoiler. Die Modellschriftz\u00fcge an Front und Heck sowie gelb leuchtende LED-Scheinwerfer schaffen eine optische Verbindung zu GT-Rennfahrzeugen.<\/p>\n\n\n\n<figure class=\"wp-block-gallery has-nested-images columns-2 is-cropped wp-block-gallery-1 is-layout-flex wp-block-gallery-is-layout-flex\">\n<figure class=\"wp-block-image size-large\"><img loading=\"lazy\" decoding=\"async\" width=\"810\" height=\"455\" data-id=\"19230\" src=\"https:\/\/www.enzo-und-ferdinand.de\/wp-content\/uploads\/2025\/01\/P90584885_highRes_the-first-ever-bmw-m-810x455.jpg\" alt=\"\" class=\"wp-image-19230\" srcset=\"https:\/\/www.enzo-und-ferdinand.de\/wp-content\/uploads\/2025\/01\/P90584885_highRes_the-first-ever-bmw-m-810x455.jpg 810w, https:\/\/www.enzo-und-ferdinand.de\/wp-content\/uploads\/2025\/01\/P90584885_highRes_the-first-ever-bmw-m-300x169.jpg 300w, https:\/\/www.enzo-und-ferdinand.de\/wp-content\/uploads\/2025\/01\/P90584885_highRes_the-first-ever-bmw-m-768x432.jpg 768w, https:\/\/www.enzo-und-ferdinand.de\/wp-content\/uploads\/2025\/01\/P90584885_highRes_the-first-ever-bmw-m.jpg 1500w\" sizes=\"auto, (max-width: 810px) 100vw, 810px\" \/><\/figure>\n\n\n\n<figure class=\"wp-block-image size-large\"><img loading=\"lazy\" decoding=\"async\" width=\"810\" height=\"455\" data-id=\"19233\" src=\"https:\/\/www.enzo-und-ferdinand.de\/wp-content\/uploads\/2025\/01\/P90584890_highRes_the-first-ever-bmw-m-810x455.jpg\" alt=\"\" class=\"wp-image-19233\" srcset=\"https:\/\/www.enzo-und-ferdinand.de\/wp-content\/uploads\/2025\/01\/P90584890_highRes_the-first-ever-bmw-m-810x455.jpg 810w, https:\/\/www.enzo-und-ferdinand.de\/wp-content\/uploads\/2025\/01\/P90584890_highRes_the-first-ever-bmw-m-300x169.jpg 300w, https:\/\/www.enzo-und-ferdinand.de\/wp-content\/uploads\/2025\/01\/P90584890_highRes_the-first-ever-bmw-m-768x432.jpg 768w, https:\/\/www.enzo-und-ferdinand.de\/wp-content\/uploads\/2025\/01\/P90584890_highRes_the-first-ever-bmw-m.jpg 1500w\" sizes=\"auto, (max-width: 810px) 100vw, 810px\" \/><\/figure>\n\n\n\n<figure class=\"wp-block-image size-large\"><img loading=\"lazy\" decoding=\"async\" width=\"810\" height=\"455\" data-id=\"19235\" src=\"https:\/\/www.enzo-und-ferdinand.de\/wp-content\/uploads\/2025\/01\/P90584893_highRes_the-first-ever-bmw-m-810x455.jpg\" alt=\"\" class=\"wp-image-19235\" srcset=\"https:\/\/www.enzo-und-ferdinand.de\/wp-content\/uploads\/2025\/01\/P90584893_highRes_the-first-ever-bmw-m-810x455.jpg 810w, https:\/\/www.enzo-und-ferdinand.de\/wp-content\/uploads\/2025\/01\/P90584893_highRes_the-first-ever-bmw-m-300x169.jpg 300w, https:\/\/www.enzo-und-ferdinand.de\/wp-content\/uploads\/2025\/01\/P90584893_highRes_the-first-ever-bmw-m-768x432.jpg 768w, https:\/\/www.enzo-und-ferdinand.de\/wp-content\/uploads\/2025\/01\/P90584893_highRes_the-first-ever-bmw-m.jpg 1500w\" sizes=\"auto, (max-width: 810px) 100vw, 810px\" \/><\/figure>\n\n\n\n<figure class=\"wp-block-image size-large\"><img loading=\"lazy\" decoding=\"async\" width=\"810\" height=\"455\" data-id=\"19231\" src=\"https:\/\/www.enzo-und-ferdinand.de\/wp-content\/uploads\/2025\/01\/P90584886_highRes_the-first-ever-bmw-m-810x455.jpg\" alt=\"\" class=\"wp-image-19231\" srcset=\"https:\/\/www.enzo-und-ferdinand.de\/wp-content\/uploads\/2025\/01\/P90584886_highRes_the-first-ever-bmw-m-810x455.jpg 810w, https:\/\/www.enzo-und-ferdinand.de\/wp-content\/uploads\/2025\/01\/P90584886_highRes_the-first-ever-bmw-m-300x169.jpg 300w, https:\/\/www.enzo-und-ferdinand.de\/wp-content\/uploads\/2025\/01\/P90584886_highRes_the-first-ever-bmw-m-768x432.jpg 768w, https:\/\/www.enzo-und-ferdinand.de\/wp-content\/uploads\/2025\/01\/P90584886_highRes_the-first-ever-bmw-m.jpg 1500w\" sizes=\"auto, (max-width: 810px) 100vw, 810px\" \/><\/figure>\n\n\n\n<figure class=\"wp-block-image size-large\"><img loading=\"lazy\" decoding=\"async\" width=\"810\" height=\"455\" data-id=\"19234\" src=\"https:\/\/www.enzo-und-ferdinand.de\/wp-content\/uploads\/2025\/01\/P90584891_highRes_the-first-ever-bmw-m-810x455.jpg\" alt=\"\" class=\"wp-image-19234\" srcset=\"https:\/\/www.enzo-und-ferdinand.de\/wp-content\/uploads\/2025\/01\/P90584891_highRes_the-first-ever-bmw-m-810x455.jpg 810w, https:\/\/www.enzo-und-ferdinand.de\/wp-content\/uploads\/2025\/01\/P90584891_highRes_the-first-ever-bmw-m-300x169.jpg 300w, https:\/\/www.enzo-und-ferdinand.de\/wp-content\/uploads\/2025\/01\/P90584891_highRes_the-first-ever-bmw-m-768x432.jpg 768w, https:\/\/www.enzo-und-ferdinand.de\/wp-content\/uploads\/2025\/01\/P90584891_highRes_the-first-ever-bmw-m.jpg 1500w\" sizes=\"auto, (max-width: 810px) 100vw, 810px\" \/><\/figure>\n\n\n\n<figure class=\"wp-block-image size-large\"><img loading=\"lazy\" decoding=\"async\" width=\"810\" height=\"455\" data-id=\"19236\" src=\"https:\/\/www.enzo-und-ferdinand.de\/wp-content\/uploads\/2025\/01\/P90584894_highRes_the-first-ever-bmw-m-810x455.jpg\" alt=\"\" class=\"wp-image-19236\" srcset=\"https:\/\/www.enzo-und-ferdinand.de\/wp-content\/uploads\/2025\/01\/P90584894_highRes_the-first-ever-bmw-m-810x455.jpg 810w, https:\/\/www.enzo-und-ferdinand.de\/wp-content\/uploads\/2025\/01\/P90584894_highRes_the-first-ever-bmw-m-300x169.jpg 300w, https:\/\/www.enzo-und-ferdinand.de\/wp-content\/uploads\/2025\/01\/P90584894_highRes_the-first-ever-bmw-m-768x432.jpg 768w, https:\/\/www.enzo-und-ferdinand.de\/wp-content\/uploads\/2025\/01\/P90584894_highRes_the-first-ever-bmw-m.jpg 1500w\" sizes=\"auto, (max-width: 810px) 100vw, 810px\" \/><\/figure>\n\n\n\n<figure class=\"wp-block-image size-large\"><img loading=\"lazy\" decoding=\"async\" width=\"810\" height=\"455\" data-id=\"19228\" src=\"https:\/\/www.enzo-und-ferdinand.de\/wp-content\/uploads\/2025\/01\/P90584878_highRes_the-first-ever-bmw-m-810x455.jpg\" alt=\"\" class=\"wp-image-19228\" srcset=\"https:\/\/www.enzo-und-ferdinand.de\/wp-content\/uploads\/2025\/01\/P90584878_highRes_the-first-ever-bmw-m-810x455.jpg 810w, https:\/\/www.enzo-und-ferdinand.de\/wp-content\/uploads\/2025\/01\/P90584878_highRes_the-first-ever-bmw-m-300x169.jpg 300w, https:\/\/www.enzo-und-ferdinand.de\/wp-content\/uploads\/2025\/01\/P90584878_highRes_the-first-ever-bmw-m-768x432.jpg 768w, https:\/\/www.enzo-und-ferdinand.de\/wp-content\/uploads\/2025\/01\/P90584878_highRes_the-first-ever-bmw-m.jpg 1500w\" sizes=\"auto, (max-width: 810px) 100vw, 810px\" \/><\/figure>\n\n\n\n<figure class=\"wp-block-image size-large\"><img loading=\"lazy\" decoding=\"async\" width=\"810\" height=\"455\" data-id=\"19227\" src=\"https:\/\/www.enzo-und-ferdinand.de\/wp-content\/uploads\/2025\/01\/P90584872_highRes_the-first-ever-bmw-m-810x455.jpg\" alt=\"\" class=\"wp-image-19227\" srcset=\"https:\/\/www.enzo-und-ferdinand.de\/wp-content\/uploads\/2025\/01\/P90584872_highRes_the-first-ever-bmw-m-810x455.jpg 810w, https:\/\/www.enzo-und-ferdinand.de\/wp-content\/uploads\/2025\/01\/P90584872_highRes_the-first-ever-bmw-m-300x169.jpg 300w, https:\/\/www.enzo-und-ferdinand.de\/wp-content\/uploads\/2025\/01\/P90584872_highRes_the-first-ever-bmw-m-768x432.jpg 768w, https:\/\/www.enzo-und-ferdinand.de\/wp-content\/uploads\/2025\/01\/P90584872_highRes_the-first-ever-bmw-m.jpg 1500w\" sizes=\"auto, (max-width: 810px) 100vw, 810px\" \/><\/figure>\n<\/figure>\n\n\n\n<p class=\"has-text-align-right has-small-font-size wp-block-paragraph\">Fotos: BMW Group\/Text: Rainer Ro\u00dfbach<\/p>\n\n\n\n<p class=\"wp-block-paragraph\"><\/p>\n","protected":false},"excerpt":{"rendered":"<p>Der neue Performance-Kombi kn\u00fcpft an den Erfolg des BMW\u00a0M3\u00a0Competition\u00a0Touring mit M\u00a0xDrive an. Ein 405\u00a0kW\/550\u00a0PS starker Reihensechszylinder-Motor, eine dynamische Fahrwerksabstimmung und ein mit vielen carbonfaserverst\u00e4rktem Komponenten optimiertes Gewicht schaffen die Voraussetzungen f\u00fcr echtes Rennsport-Feeling. Das variable Raumangebot indes sorgt f\u00fcr gute Alltagstauglichkeit. Insgesamt aber steht die Leistungscharakteristik des Motors sowie der Kraft\u00fcbertragung im Mittelpunkt. So absolviert der potente Touring den Spurt aus dem Stand auf Tempo 100 in 3,5 Sekunden. Beim 3,0 Liter-Reihensechszylinder-Triebwerk steht die Performance auf der Rennstrecke im Zentrum und es greift auf zahlreiche Technologie aus dem Motorsport zu.\u00a0<\/p>\n","protected":false},"author":1,"featured_media":19239,"comment_status":"closed","ping_status":"closed","sticky":false,"template":"","format":"standard","meta":{"_crdt_document":"","ngg_post_thumbnail":0,"footnotes":""},"categories":[13,23,586],"tags":[202],"class_list":["post-19224","post","type-post","status-publish","format-standard","has-post-thumbnail","hentry","category-ikonen","category-performance","category-technologie","tag-bmw"],"yoast_head":"<!-- This site is optimized with the Yoast SEO plugin v27.5 - https:\/\/yoast.com\/product\/yoast-seo-wordpress\/ -->\n<title>BMW\u00a0M3\u00a0CS\u00a0Touring<\/title>\n<meta name=\"description\" content=\"Rainer Ro\u00dfbach Rainer Rossbach enzo-und-ferdinand enzo&amp;ferdinand BMW\u00a0M3\u00a0CS\u00a0Touring Performance M\u00a0xDrive Reihensechszylinder Closed-Deck-Bauweise geschmiedet 3D-Druck Mono-Scroll-Turbolader Titan-Endschalld\u00e4mpfer 8-Gang-M\u00a0Steptronic-Getriebe Allradantrieb Fahrstabilit\u00e4tsregelung Rennstrecke Carbon-Keramik Leichtbau carbon CFK Heckdiffusor Schalensitze Pr\u00e4zisionsstrebe LED GT-Rennwagen\" \/>\n<meta name=\"robots\" content=\"index, follow, max-snippet:-1, max-image-preview:large, max-video-preview:-1\" \/>\n<link rel=\"canonical\" href=\"https:\/\/www.enzo-und-ferdinand.de\/index.php\/2025\/02\/03\/bmw-m3-cs-touring\/\" \/>\n<meta property=\"og:locale\" content=\"de_DE\" \/>\n<meta property=\"og:type\" content=\"article\" \/>\n<meta property=\"og:title\" content=\"BMW\u00a0M3\u00a0CS\u00a0Touring\" \/>\n<meta property=\"og:description\" content=\"Rainer Ro\u00dfbach Rainer Rossbach enzo-und-ferdinand enzo&amp;ferdinand BMW\u00a0M3\u00a0CS\u00a0Touring Performance M\u00a0xDrive Reihensechszylinder Closed-Deck-Bauweise geschmiedet 3D-Druck Mono-Scroll-Turbolader Titan-Endschalld\u00e4mpfer 8-Gang-M\u00a0Steptronic-Getriebe Allradantrieb Fahrstabilit\u00e4tsregelung Rennstrecke Carbon-Keramik Leichtbau carbon CFK Heckdiffusor Schalensitze Pr\u00e4zisionsstrebe LED GT-Rennwagen\" \/>\n<meta property=\"og:url\" content=\"https:\/\/www.enzo-und-ferdinand.de\/index.php\/2025\/02\/03\/bmw-m3-cs-touring\/\" \/>\n<meta property=\"og:site_name\" content=\"enzo &amp; Ferdinand\" \/>\n<meta property=\"article:published_time\" content=\"2025-02-03T07:00:00+00:00\" \/>\n<meta property=\"og:image\" content=\"https:\/\/www.enzo-und-ferdinand.de\/wp-content\/uploads\/2025\/01\/P90584976_highRes_the-first-ever-bmw-m.jpg\" \/>\n\t<meta property=\"og:image:width\" content=\"1500\" \/>\n\t<meta property=\"og:image:height\" content=\"1000\" \/>\n\t<meta property=\"og:image:type\" content=\"image\/jpeg\" \/>\n<meta name=\"author\" content=\"Rainer Ro\u00dfbach\" \/>\n<meta name=\"twitter:card\" content=\"summary_large_image\" \/>\n<meta name=\"twitter:label1\" content=\"Verfasst von\" \/>\n\t<meta name=\"twitter:data1\" content=\"Rainer Ro\u00dfbach\" \/>\n\t<meta name=\"twitter:label2\" content=\"Gesch\u00e4tzte Lesezeit\" \/>\n\t<meta name=\"twitter:data2\" content=\"3\u00a0Minuten\" \/>\n<script type=\"application\/ld+json\" class=\"yoast-schema-graph\">{\"@context\":\"https:\\\/\\\/schema.org\",\"@graph\":[{\"@type\":\"Article\",\"@id\":\"https:\\\/\\\/www.enzo-und-ferdinand.de\\\/index.php\\\/2025\\\/02\\\/03\\\/bmw-m3-cs-touring\\\/#article\",\"isPartOf\":{\"@id\":\"https:\\\/\\\/www.enzo-und-ferdinand.de\\\/index.php\\\/2025\\\/02\\\/03\\\/bmw-m3-cs-touring\\\/\"},\"author\":{\"name\":\"Rainer Ro\u00dfbach\",\"@id\":\"https:\\\/\\\/www.enzo-und-ferdinand.de\\\/#\\\/schema\\\/person\\\/aff2eb9ff87705987c1b9d21fe10b095\"},\"headline\":\"BMW\u00a0M3\u00a0CS\u00a0Touring\",\"datePublished\":\"2025-02-03T07:00:00+00:00\",\"mainEntityOfPage\":{\"@id\":\"https:\\\/\\\/www.enzo-und-ferdinand.de\\\/index.php\\\/2025\\\/02\\\/03\\\/bmw-m3-cs-touring\\\/\"},\"wordCount\":661,\"publisher\":{\"@id\":\"https:\\\/\\\/www.enzo-und-ferdinand.de\\\/#organization\"},\"image\":{\"@id\":\"https:\\\/\\\/www.enzo-und-ferdinand.de\\\/index.php\\\/2025\\\/02\\\/03\\\/bmw-m3-cs-touring\\\/#primaryimage\"},\"thumbnailUrl\":\"https:\\\/\\\/www.enzo-und-ferdinand.de\\\/wp-content\\\/uploads\\\/2025\\\/01\\\/P90584976_highRes_the-first-ever-bmw-m.jpg\",\"keywords\":[\"BMW\"],\"articleSection\":[\"Ikonen\",\"Performance\",\"Technologie\"],\"inLanguage\":\"de\"},{\"@type\":\"WebPage\",\"@id\":\"https:\\\/\\\/www.enzo-und-ferdinand.de\\\/index.php\\\/2025\\\/02\\\/03\\\/bmw-m3-cs-touring\\\/\",\"url\":\"https:\\\/\\\/www.enzo-und-ferdinand.de\\\/index.php\\\/2025\\\/02\\\/03\\\/bmw-m3-cs-touring\\\/\",\"name\":\"BMW\u00a0M3\u00a0CS\u00a0Touring\",\"isPartOf\":{\"@id\":\"https:\\\/\\\/www.enzo-und-ferdinand.de\\\/#website\"},\"primaryImageOfPage\":{\"@id\":\"https:\\\/\\\/www.enzo-und-ferdinand.de\\\/index.php\\\/2025\\\/02\\\/03\\\/bmw-m3-cs-touring\\\/#primaryimage\"},\"image\":{\"@id\":\"https:\\\/\\\/www.enzo-und-ferdinand.de\\\/index.php\\\/2025\\\/02\\\/03\\\/bmw-m3-cs-touring\\\/#primaryimage\"},\"thumbnailUrl\":\"https:\\\/\\\/www.enzo-und-ferdinand.de\\\/wp-content\\\/uploads\\\/2025\\\/01\\\/P90584976_highRes_the-first-ever-bmw-m.jpg\",\"datePublished\":\"2025-02-03T07:00:00+00:00\",\"description\":\"Rainer Ro\u00dfbach Rainer Rossbach enzo-und-ferdinand enzo&ferdinand BMW\u00a0M3\u00a0CS\u00a0Touring Performance M\u00a0xDrive Reihensechszylinder Closed-Deck-Bauweise geschmiedet 3D-Druck Mono-Scroll-Turbolader Titan-Endschalld\u00e4mpfer 8-Gang-M\u00a0Steptronic-Getriebe Allradantrieb Fahrstabilit\u00e4tsregelung Rennstrecke Carbon-Keramik Leichtbau carbon CFK Heckdiffusor Schalensitze Pr\u00e4zisionsstrebe LED GT-Rennwagen\",\"breadcrumb\":{\"@id\":\"https:\\\/\\\/www.enzo-und-ferdinand.de\\\/index.php\\\/2025\\\/02\\\/03\\\/bmw-m3-cs-touring\\\/#breadcrumb\"},\"inLanguage\":\"de\",\"potentialAction\":[{\"@type\":\"ReadAction\",\"target\":[\"https:\\\/\\\/www.enzo-und-ferdinand.de\\\/index.php\\\/2025\\\/02\\\/03\\\/bmw-m3-cs-touring\\\/\"]}]},{\"@type\":\"ImageObject\",\"inLanguage\":\"de\",\"@id\":\"https:\\\/\\\/www.enzo-und-ferdinand.de\\\/index.php\\\/2025\\\/02\\\/03\\\/bmw-m3-cs-touring\\\/#primaryimage\",\"url\":\"https:\\\/\\\/www.enzo-und-ferdinand.de\\\/wp-content\\\/uploads\\\/2025\\\/01\\\/P90584976_highRes_the-first-ever-bmw-m.jpg\",\"contentUrl\":\"https:\\\/\\\/www.enzo-und-ferdinand.de\\\/wp-content\\\/uploads\\\/2025\\\/01\\\/P90584976_highRes_the-first-ever-bmw-m.jpg\",\"width\":1500,\"height\":1000,\"caption\":\"BMW M3 CS Touring\"},{\"@type\":\"BreadcrumbList\",\"@id\":\"https:\\\/\\\/www.enzo-und-ferdinand.de\\\/index.php\\\/2025\\\/02\\\/03\\\/bmw-m3-cs-touring\\\/#breadcrumb\",\"itemListElement\":[{\"@type\":\"ListItem\",\"position\":1,\"name\":\"Startseite\",\"item\":\"https:\\\/\\\/www.enzo-und-ferdinand.de\\\/\"},{\"@type\":\"ListItem\",\"position\":2,\"name\":\"BMW\u00a0M3\u00a0CS\u00a0Touring\"}]},{\"@type\":\"WebSite\",\"@id\":\"https:\\\/\\\/www.enzo-und-ferdinand.de\\\/#website\",\"url\":\"https:\\\/\\\/www.enzo-und-ferdinand.de\\\/\",\"name\":\"enzo & Ferdinand\",\"description\":\"\",\"publisher\":{\"@id\":\"https:\\\/\\\/www.enzo-und-ferdinand.de\\\/#organization\"},\"potentialAction\":[{\"@type\":\"SearchAction\",\"target\":{\"@type\":\"EntryPoint\",\"urlTemplate\":\"https:\\\/\\\/www.enzo-und-ferdinand.de\\\/?s={search_term_string}\"},\"query-input\":{\"@type\":\"PropertyValueSpecification\",\"valueRequired\":true,\"valueName\":\"search_term_string\"}}],\"inLanguage\":\"de\"},{\"@type\":\"Organization\",\"@id\":\"https:\\\/\\\/www.enzo-und-ferdinand.de\\\/#organization\",\"name\":\"enzo & Ferdinand\",\"url\":\"https:\\\/\\\/www.enzo-und-ferdinand.de\\\/\",\"logo\":{\"@type\":\"ImageObject\",\"inLanguage\":\"de\",\"@id\":\"https:\\\/\\\/www.enzo-und-ferdinand.de\\\/#\\\/schema\\\/logo\\\/image\\\/\",\"url\":\"https:\\\/\\\/www.enzo-und-ferdinand.de\\\/wp-content\\\/uploads\\\/2018\\\/12\\\/revvvs-icon.png\",\"contentUrl\":\"https:\\\/\\\/www.enzo-und-ferdinand.de\\\/wp-content\\\/uploads\\\/2018\\\/12\\\/revvvs-icon.png\",\"width\":512,\"height\":512,\"caption\":\"enzo & Ferdinand\"},\"image\":{\"@id\":\"https:\\\/\\\/www.enzo-und-ferdinand.de\\\/#\\\/schema\\\/logo\\\/image\\\/\"}},{\"@type\":\"Person\",\"@id\":\"https:\\\/\\\/www.enzo-und-ferdinand.de\\\/#\\\/schema\\\/person\\\/aff2eb9ff87705987c1b9d21fe10b095\",\"name\":\"Rainer Ro\u00dfbach\",\"image\":{\"@type\":\"ImageObject\",\"inLanguage\":\"de\",\"@id\":\"https:\\\/\\\/www.enzo-und-ferdinand.de\\\/wp-content\\\/uploads\\\/2026\\\/01\\\/Rainer-Rossbach-150x150.jpg\",\"url\":\"https:\\\/\\\/www.enzo-und-ferdinand.de\\\/wp-content\\\/uploads\\\/2026\\\/01\\\/Rainer-Rossbach-150x150.jpg\",\"contentUrl\":\"https:\\\/\\\/www.enzo-und-ferdinand.de\\\/wp-content\\\/uploads\\\/2026\\\/01\\\/Rainer-Rossbach-150x150.jpg\",\"caption\":\"Rainer Ro\u00dfbach\"},\"url\":\"https:\\\/\\\/www.enzo-und-ferdinand.de\\\/index.php\\\/author\\\/redaktion\\\/\"}]}<\/script>\n<!-- \/ Yoast SEO plugin. -->","yoast_head_json":{"title":"BMW\u00a0M3\u00a0CS\u00a0Touring","description":"Rainer Ro\u00dfbach Rainer Rossbach enzo-und-ferdinand enzo&ferdinand BMW\u00a0M3\u00a0CS\u00a0Touring Performance M\u00a0xDrive Reihensechszylinder Closed-Deck-Bauweise geschmiedet 3D-Druck Mono-Scroll-Turbolader Titan-Endschalld\u00e4mpfer 8-Gang-M\u00a0Steptronic-Getriebe Allradantrieb Fahrstabilit\u00e4tsregelung Rennstrecke Carbon-Keramik Leichtbau carbon CFK Heckdiffusor Schalensitze Pr\u00e4zisionsstrebe LED GT-Rennwagen","robots":{"index":"index","follow":"follow","max-snippet":"max-snippet:-1","max-image-preview":"max-image-preview:large","max-video-preview":"max-video-preview:-1"},"canonical":"https:\/\/www.enzo-und-ferdinand.de\/index.php\/2025\/02\/03\/bmw-m3-cs-touring\/","og_locale":"de_DE","og_type":"article","og_title":"BMW\u00a0M3\u00a0CS\u00a0Touring","og_description":"Rainer Ro\u00dfbach Rainer Rossbach enzo-und-ferdinand enzo&ferdinand BMW\u00a0M3\u00a0CS\u00a0Touring Performance M\u00a0xDrive Reihensechszylinder Closed-Deck-Bauweise geschmiedet 3D-Druck Mono-Scroll-Turbolader Titan-Endschalld\u00e4mpfer 8-Gang-M\u00a0Steptronic-Getriebe Allradantrieb Fahrstabilit\u00e4tsregelung Rennstrecke Carbon-Keramik Leichtbau carbon CFK Heckdiffusor Schalensitze Pr\u00e4zisionsstrebe LED GT-Rennwagen","og_url":"https:\/\/www.enzo-und-ferdinand.de\/index.php\/2025\/02\/03\/bmw-m3-cs-touring\/","og_site_name":"enzo &amp; Ferdinand","article_published_time":"2025-02-03T07:00:00+00:00","og_image":[{"width":1500,"height":1000,"url":"https:\/\/www.enzo-und-ferdinand.de\/wp-content\/uploads\/2025\/01\/P90584976_highRes_the-first-ever-bmw-m.jpg","type":"image\/jpeg"}],"author":"Rainer Ro\u00dfbach","twitter_card":"summary_large_image","twitter_misc":{"Verfasst von":"Rainer Ro\u00dfbach","Gesch\u00e4tzte Lesezeit":"3\u00a0Minuten"},"schema":{"@context":"https:\/\/schema.org","@graph":[{"@type":"Article","@id":"https:\/\/www.enzo-und-ferdinand.de\/index.php\/2025\/02\/03\/bmw-m3-cs-touring\/#article","isPartOf":{"@id":"https:\/\/www.enzo-und-ferdinand.de\/index.php\/2025\/02\/03\/bmw-m3-cs-touring\/"},"author":{"name":"Rainer Ro\u00dfbach","@id":"https:\/\/www.enzo-und-ferdinand.de\/#\/schema\/person\/aff2eb9ff87705987c1b9d21fe10b095"},"headline":"BMW\u00a0M3\u00a0CS\u00a0Touring","datePublished":"2025-02-03T07:00:00+00:00","mainEntityOfPage":{"@id":"https:\/\/www.enzo-und-ferdinand.de\/index.php\/2025\/02\/03\/bmw-m3-cs-touring\/"},"wordCount":661,"publisher":{"@id":"https:\/\/www.enzo-und-ferdinand.de\/#organization"},"image":{"@id":"https:\/\/www.enzo-und-ferdinand.de\/index.php\/2025\/02\/03\/bmw-m3-cs-touring\/#primaryimage"},"thumbnailUrl":"https:\/\/www.enzo-und-ferdinand.de\/wp-content\/uploads\/2025\/01\/P90584976_highRes_the-first-ever-bmw-m.jpg","keywords":["BMW"],"articleSection":["Ikonen","Performance","Technologie"],"inLanguage":"de"},{"@type":"WebPage","@id":"https:\/\/www.enzo-und-ferdinand.de\/index.php\/2025\/02\/03\/bmw-m3-cs-touring\/","url":"https:\/\/www.enzo-und-ferdinand.de\/index.php\/2025\/02\/03\/bmw-m3-cs-touring\/","name":"BMW\u00a0M3\u00a0CS\u00a0Touring","isPartOf":{"@id":"https:\/\/www.enzo-und-ferdinand.de\/#website"},"primaryImageOfPage":{"@id":"https:\/\/www.enzo-und-ferdinand.de\/index.php\/2025\/02\/03\/bmw-m3-cs-touring\/#primaryimage"},"image":{"@id":"https:\/\/www.enzo-und-ferdinand.de\/index.php\/2025\/02\/03\/bmw-m3-cs-touring\/#primaryimage"},"thumbnailUrl":"https:\/\/www.enzo-und-ferdinand.de\/wp-content\/uploads\/2025\/01\/P90584976_highRes_the-first-ever-bmw-m.jpg","datePublished":"2025-02-03T07:00:00+00:00","description":"Rainer Ro\u00dfbach Rainer Rossbach enzo-und-ferdinand enzo&ferdinand BMW\u00a0M3\u00a0CS\u00a0Touring Performance M\u00a0xDrive Reihensechszylinder Closed-Deck-Bauweise geschmiedet 3D-Druck Mono-Scroll-Turbolader Titan-Endschalld\u00e4mpfer 8-Gang-M\u00a0Steptronic-Getriebe Allradantrieb Fahrstabilit\u00e4tsregelung Rennstrecke Carbon-Keramik Leichtbau carbon CFK Heckdiffusor Schalensitze Pr\u00e4zisionsstrebe LED GT-Rennwagen","breadcrumb":{"@id":"https:\/\/www.enzo-und-ferdinand.de\/index.php\/2025\/02\/03\/bmw-m3-cs-touring\/#breadcrumb"},"inLanguage":"de","potentialAction":[{"@type":"ReadAction","target":["https:\/\/www.enzo-und-ferdinand.de\/index.php\/2025\/02\/03\/bmw-m3-cs-touring\/"]}]},{"@type":"ImageObject","inLanguage":"de","@id":"https:\/\/www.enzo-und-ferdinand.de\/index.php\/2025\/02\/03\/bmw-m3-cs-touring\/#primaryimage","url":"https:\/\/www.enzo-und-ferdinand.de\/wp-content\/uploads\/2025\/01\/P90584976_highRes_the-first-ever-bmw-m.jpg","contentUrl":"https:\/\/www.enzo-und-ferdinand.de\/wp-content\/uploads\/2025\/01\/P90584976_highRes_the-first-ever-bmw-m.jpg","width":1500,"height":1000,"caption":"BMW M3 CS Touring"},{"@type":"BreadcrumbList","@id":"https:\/\/www.enzo-und-ferdinand.de\/index.php\/2025\/02\/03\/bmw-m3-cs-touring\/#breadcrumb","itemListElement":[{"@type":"ListItem","position":1,"name":"Startseite","item":"https:\/\/www.enzo-und-ferdinand.de\/"},{"@type":"ListItem","position":2,"name":"BMW\u00a0M3\u00a0CS\u00a0Touring"}]},{"@type":"WebSite","@id":"https:\/\/www.enzo-und-ferdinand.de\/#website","url":"https:\/\/www.enzo-und-ferdinand.de\/","name":"enzo & Ferdinand","description":"","publisher":{"@id":"https:\/\/www.enzo-und-ferdinand.de\/#organization"},"potentialAction":[{"@type":"SearchAction","target":{"@type":"EntryPoint","urlTemplate":"https:\/\/www.enzo-und-ferdinand.de\/?s={search_term_string}"},"query-input":{"@type":"PropertyValueSpecification","valueRequired":true,"valueName":"search_term_string"}}],"inLanguage":"de"},{"@type":"Organization","@id":"https:\/\/www.enzo-und-ferdinand.de\/#organization","name":"enzo & Ferdinand","url":"https:\/\/www.enzo-und-ferdinand.de\/","logo":{"@type":"ImageObject","inLanguage":"de","@id":"https:\/\/www.enzo-und-ferdinand.de\/#\/schema\/logo\/image\/","url":"https:\/\/www.enzo-und-ferdinand.de\/wp-content\/uploads\/2018\/12\/revvvs-icon.png","contentUrl":"https:\/\/www.enzo-und-ferdinand.de\/wp-content\/uploads\/2018\/12\/revvvs-icon.png","width":512,"height":512,"caption":"enzo & Ferdinand"},"image":{"@id":"https:\/\/www.enzo-und-ferdinand.de\/#\/schema\/logo\/image\/"}},{"@type":"Person","@id":"https:\/\/www.enzo-und-ferdinand.de\/#\/schema\/person\/aff2eb9ff87705987c1b9d21fe10b095","name":"Rainer Ro\u00dfbach","image":{"@type":"ImageObject","inLanguage":"de","@id":"https:\/\/www.enzo-und-ferdinand.de\/wp-content\/uploads\/2026\/01\/Rainer-Rossbach-150x150.jpg","url":"https:\/\/www.enzo-und-ferdinand.de\/wp-content\/uploads\/2026\/01\/Rainer-Rossbach-150x150.jpg","contentUrl":"https:\/\/www.enzo-und-ferdinand.de\/wp-content\/uploads\/2026\/01\/Rainer-Rossbach-150x150.jpg","caption":"Rainer Ro\u00dfbach"},"url":"https:\/\/www.enzo-und-ferdinand.de\/index.php\/author\/redaktion\/"}]}},"_links":{"self":[{"href":"https:\/\/www.enzo-und-ferdinand.de\/index.php\/wp-json\/wp\/v2\/posts\/19224","targetHints":{"allow":["GET"]}}],"collection":[{"href":"https:\/\/www.enzo-und-ferdinand.de\/index.php\/wp-json\/wp\/v2\/posts"}],"about":[{"href":"https:\/\/www.enzo-und-ferdinand.de\/index.php\/wp-json\/wp\/v2\/types\/post"}],"author":[{"embeddable":true,"href":"https:\/\/www.enzo-und-ferdinand.de\/index.php\/wp-json\/wp\/v2\/users\/1"}],"replies":[{"embeddable":true,"href":"https:\/\/www.enzo-und-ferdinand.de\/index.php\/wp-json\/wp\/v2\/comments?post=19224"}],"version-history":[{"count":3,"href":"https:\/\/www.enzo-und-ferdinand.de\/index.php\/wp-json\/wp\/v2\/posts\/19224\/revisions"}],"predecessor-version":[{"id":19240,"href":"https:\/\/www.enzo-und-ferdinand.de\/index.php\/wp-json\/wp\/v2\/posts\/19224\/revisions\/19240"}],"wp:featuredmedia":[{"embeddable":true,"href":"https:\/\/www.enzo-und-ferdinand.de\/index.php\/wp-json\/wp\/v2\/media\/19239"}],"wp:attachment":[{"href":"https:\/\/www.enzo-und-ferdinand.de\/index.php\/wp-json\/wp\/v2\/media?parent=19224"}],"wp:term":[{"taxonomy":"category","embeddable":true,"href":"https:\/\/www.enzo-und-ferdinand.de\/index.php\/wp-json\/wp\/v2\/categories?post=19224"},{"taxonomy":"post_tag","embeddable":true,"href":"https:\/\/www.enzo-und-ferdinand.de\/index.php\/wp-json\/wp\/v2\/tags?post=19224"}],"curies":[{"name":"wp","href":"https:\/\/api.w.org\/{rel}","templated":true}]}}