{"id":19596,"date":"2025-02-20T07:24:00","date_gmt":"2025-02-20T06:24:00","guid":{"rendered":"https:\/\/www.enzo-und-ferdinand.de\/?p=19596"},"modified":"2025-02-20T07:24:02","modified_gmt":"2025-02-20T06:24:02","slug":"autobianchi-a112-giovani-1973","status":"publish","type":"post","link":"https:\/\/www.enzo-und-ferdinand.de\/index.php\/2025\/02\/20\/autobianchi-a112-giovani-1973\/","title":{"rendered":"Autobianchi A112 \u201eGiovani\u201c (1973)"},"content":{"rendered":"\n<figure class=\"wp-block-image size-large is-resized\"><img loading=\"lazy\" decoding=\"async\" width=\"810\" height=\"538\" src=\"https:\/\/www.enzo-und-ferdinand.de\/wp-content\/uploads\/2025\/02\/A112-Giovani-1-810x538.jpg\" alt=\"\" class=\"wp-image-19600\" style=\"width:880px;height:auto\" srcset=\"https:\/\/www.enzo-und-ferdinand.de\/wp-content\/uploads\/2025\/02\/A112-Giovani-1-810x538.jpg 810w, https:\/\/www.enzo-und-ferdinand.de\/wp-content\/uploads\/2025\/02\/A112-Giovani-1-300x199.jpg 300w, https:\/\/www.enzo-und-ferdinand.de\/wp-content\/uploads\/2025\/02\/A112-Giovani-1-768x510.jpg 768w, https:\/\/www.enzo-und-ferdinand.de\/wp-content\/uploads\/2025\/02\/A112-Giovani-1-120x80.jpg 120w, https:\/\/www.enzo-und-ferdinand.de\/wp-content\/uploads\/2025\/02\/A112-Giovani-1.jpg 1500w\" sizes=\"auto, (max-width: 810px) 100vw, 810px\" \/><\/figure>\n\n\n\n<p class=\"wp-block-paragraph\">Der Prototyp mit Targa-Dach wurde von Pininfarina als Konzeptfahrzeug auf der Basis des Autobianchi A112 Abarth realisiert. Inspiriert gab sich die Kreation des Turiner Karosseriebauers von den amerikanischen Dune Buggies \u2013 Strand- und Freizeitfahrzeuge, die in den 70er Jahren angesagt waren.\u00a0Das Fahrzeug richtete sich an eine junge Kundschaft und sollte ein Auto mit ansprechenden Linien und guten Fahrleistungen sein, das vor allem f\u00fcr den Freizeitgebrauch geeignet war und gleichzeitig niedrige Herstellungs- und Betriebskosten aufwies.\u00a0.\u00a0<\/p>\n\n\n\n<p class=\"wp-block-paragraph\">Das Basisprodukt, der Autobianchi A112, war ein zuverl\u00e4ssiges, in Gro\u00dfserie produziertes, sparsames Auto mit kleinem Motor, das sich vor allem in der Abarth-Version einer gro\u00dfen Fangemeinde erfreute. Das Ergebnis war ein zweisitziges Cabriolet mit abnehmbarem Hardtop und scharfen Linien. Die Karosserie besteht optisch aus zwei \u00fcbereinander liegenden Schalen. Durch diese Querschnittsdifferenz entsteht ein \u00dcberhang, der das gesamte Fahrzeug mit Ausnahme des Vorderwagens an der G\u00fcrtellinie begrenzt und eine robuste Schutzstruktur um die Fahrgastzelle herum erm\u00f6glicht. Die Frontpartie wird durch den K\u00fchlergrill mit eingelassenen Scheinwerfern und dezentralem Lufteinlass f\u00fcr den K\u00fchler in Form des Autobianchi-Logos gepr\u00e4gt. Das Heck wird von einem gro\u00dfen \u00dcberrollb\u00fcgel gebildet, der eine gro\u00dfe beheizbare Heckscheibe integriert. Die Innenausstattung ist, dem Design des Wagens entsprechend schlicht und besteht aus einfachen Metall- und Stoffelementen.&nbsp;<\/p>\n\n\n\n<p class=\"wp-block-paragraph\">Das Armaturenbrett, die Innenverkleidung, die Sto\u00dff\u00e4nger und das abnehmbare Dach sind gleichfalls aus Kunststoff. Jedes Detail wurde hinsichtlich des Gewicht und der Kosten entwickelt, zudem sollten m\u00f6glichst viele Komponenten aus der Serienproduktion verwendet werden. So fehlt etwa eine Heckklappe und Scheinwerfer, R\u00e4der, Scheibenwischer, T\u00fcr- und Fenstergriffe sind die gleichen wie beim A112. Die Instrumentierung stammt vom Abarth mit einem gro\u00dfen runden Tachometer und Drehzahlmesser sowie Kilometerz\u00e4hler, Tankanzeige und Wasserthermometer. Voltmeter, Thermometer und \u00d6ldruckanzeige sind in der Mitte angeordnet. Eine Serienfertigung wurde \u00fcberlegt, aber letztlich verworfen.<\/p>\n\n\n\n<figure class=\"wp-block-image size-large is-resized\"><img loading=\"lazy\" decoding=\"async\" width=\"810\" height=\"538\" src=\"https:\/\/www.enzo-und-ferdinand.de\/wp-content\/uploads\/2025\/02\/A112-Giovani-3-810x538.jpg\" alt=\"\" class=\"wp-image-19602\" style=\"width:880px;height:auto\" srcset=\"https:\/\/www.enzo-und-ferdinand.de\/wp-content\/uploads\/2025\/02\/A112-Giovani-3-810x538.jpg 810w, https:\/\/www.enzo-und-ferdinand.de\/wp-content\/uploads\/2025\/02\/A112-Giovani-3-300x199.jpg 300w, https:\/\/www.enzo-und-ferdinand.de\/wp-content\/uploads\/2025\/02\/A112-Giovani-3-768x510.jpg 768w, https:\/\/www.enzo-und-ferdinand.de\/wp-content\/uploads\/2025\/02\/A112-Giovani-3-120x80.jpg 120w, https:\/\/www.enzo-und-ferdinand.de\/wp-content\/uploads\/2025\/02\/A112-Giovani-3.jpg 1500w\" sizes=\"auto, (max-width: 810px) 100vw, 810px\" \/><\/figure>\n\n\n\n<p class=\"has-text-align-right has-small-font-size wp-block-paragraph\">Fotos\/Text: Rainer Rossbach<\/p>\n","protected":false},"excerpt":{"rendered":"<p>Der Prototyp mit Targa-Dach wurde von Pininfarina als Konzeptfahrzeug auf der Basis des Autobianchi A112 Abarth realisiert. Inspiriert gab sich die Kreation des Turiner Karosseriebauers von den amerikanischen Dune Buggies \u2013 Strand- und Freizeitfahrzeuge, die in den 70er Jahren angesagt waren.\u00a0Das Fahrzeug richtete sich an eine junge Kundschaft und sollte ein Auto mit ansprechenden Linien und guten Fahrleistungen sein, das vor allem f\u00fcr den Freizeitgebrauch geeignet war und gleichzeitig niedrige Herstellungs- und Betriebskosten aufwies.\u00a0<\/p>\n","protected":false},"author":1,"featured_media":19601,"comment_status":"closed","ping_status":"closed","sticky":false,"template":"","format":"standard","meta":{"_crdt_document":"","ngg_post_thumbnail":0,"footnotes":""},"categories":[4,24],"tags":[425,265],"class_list":["post-19596","post","type-post","status-publish","format-standard","has-post-thumbnail","hentry","category-studien","category-unikate","tag-autobianchi","tag-pininfarina"],"yoast_head":"<!-- This site is optimized with the Yoast SEO plugin v27.5 - https:\/\/yoast.com\/product\/yoast-seo-wordpress\/ -->\n<title>Autobianchi A112 \u201eGiovani\u201c (1973)<\/title>\n<meta name=\"description\" content=\"Rainer Ro\u00dfbach Rainer Rossbach enzo-und-ferdinand enzo&amp;ferdinand Autobianchi A112 Giovani Targa Pininfarina Konzeptfahrzeug Abarth Dune Buggy Cabriolet\" \/>\n<meta name=\"robots\" content=\"index, follow, max-snippet:-1, max-image-preview:large, max-video-preview:-1\" \/>\n<link rel=\"canonical\" href=\"https:\/\/www.enzo-und-ferdinand.de\/index.php\/2025\/02\/20\/autobianchi-a112-giovani-1973\/\" \/>\n<meta property=\"og:locale\" content=\"de_DE\" \/>\n<meta property=\"og:type\" content=\"article\" \/>\n<meta property=\"og:title\" content=\"Autobianchi A112 \u201eGiovani\u201c (1973)\" \/>\n<meta property=\"og:description\" content=\"Rainer Ro\u00dfbach Rainer Rossbach enzo-und-ferdinand enzo&amp;ferdinand Autobianchi A112 Giovani Targa Pininfarina Konzeptfahrzeug Abarth Dune Buggy Cabriolet\" \/>\n<meta property=\"og:url\" content=\"https:\/\/www.enzo-und-ferdinand.de\/index.php\/2025\/02\/20\/autobianchi-a112-giovani-1973\/\" \/>\n<meta property=\"og:site_name\" content=\"enzo &amp; Ferdinand\" \/>\n<meta property=\"article:published_time\" content=\"2025-02-20T06:24:00+00:00\" \/>\n<meta property=\"article:modified_time\" content=\"2025-02-20T06:24:02+00:00\" \/>\n<meta property=\"og:image\" content=\"https:\/\/www.enzo-und-ferdinand.de\/wp-content\/uploads\/2025\/02\/A112-Giovani-2.jpg\" \/>\n\t<meta property=\"og:image:width\" content=\"1500\" \/>\n\t<meta property=\"og:image:height\" content=\"998\" \/>\n\t<meta property=\"og:image:type\" content=\"image\/jpeg\" \/>\n<meta name=\"author\" content=\"Rainer Ro\u00dfbach\" \/>\n<meta name=\"twitter:card\" content=\"summary_large_image\" \/>\n<meta name=\"twitter:label1\" content=\"Verfasst von\" \/>\n\t<meta name=\"twitter:data1\" content=\"Rainer Ro\u00dfbach\" \/>\n\t<meta name=\"twitter:label2\" content=\"Gesch\u00e4tzte Lesezeit\" \/>\n\t<meta name=\"twitter:data2\" content=\"2\u00a0Minuten\" \/>\n<script type=\"application\/ld+json\" class=\"yoast-schema-graph\">{\"@context\":\"https:\\\/\\\/schema.org\",\"@graph\":[{\"@type\":\"Article\",\"@id\":\"https:\\\/\\\/www.enzo-und-ferdinand.de\\\/index.php\\\/2025\\\/02\\\/20\\\/autobianchi-a112-giovani-1973\\\/#article\",\"isPartOf\":{\"@id\":\"https:\\\/\\\/www.enzo-und-ferdinand.de\\\/index.php\\\/2025\\\/02\\\/20\\\/autobianchi-a112-giovani-1973\\\/\"},\"author\":{\"name\":\"Rainer Ro\u00dfbach\",\"@id\":\"https:\\\/\\\/www.enzo-und-ferdinand.de\\\/#\\\/schema\\\/person\\\/aff2eb9ff87705987c1b9d21fe10b095\"},\"headline\":\"Autobianchi A112 \u201eGiovani\u201c (1973)\",\"datePublished\":\"2025-02-20T06:24:00+00:00\",\"dateModified\":\"2025-02-20T06:24:02+00:00\",\"mainEntityOfPage\":{\"@id\":\"https:\\\/\\\/www.enzo-und-ferdinand.de\\\/index.php\\\/2025\\\/02\\\/20\\\/autobianchi-a112-giovani-1973\\\/\"},\"wordCount\":312,\"publisher\":{\"@id\":\"https:\\\/\\\/www.enzo-und-ferdinand.de\\\/#organization\"},\"image\":{\"@id\":\"https:\\\/\\\/www.enzo-und-ferdinand.de\\\/index.php\\\/2025\\\/02\\\/20\\\/autobianchi-a112-giovani-1973\\\/#primaryimage\"},\"thumbnailUrl\":\"https:\\\/\\\/www.enzo-und-ferdinand.de\\\/wp-content\\\/uploads\\\/2025\\\/02\\\/A112-Giovani-2.jpg\",\"keywords\":[\"Autobianchi\",\"Pininfarina\"],\"articleSection\":[\"Studien\",\"Unikate\"],\"inLanguage\":\"de\"},{\"@type\":\"WebPage\",\"@id\":\"https:\\\/\\\/www.enzo-und-ferdinand.de\\\/index.php\\\/2025\\\/02\\\/20\\\/autobianchi-a112-giovani-1973\\\/\",\"url\":\"https:\\\/\\\/www.enzo-und-ferdinand.de\\\/index.php\\\/2025\\\/02\\\/20\\\/autobianchi-a112-giovani-1973\\\/\",\"name\":\"Autobianchi A112 \u201eGiovani\u201c (1973)\",\"isPartOf\":{\"@id\":\"https:\\\/\\\/www.enzo-und-ferdinand.de\\\/#website\"},\"primaryImageOfPage\":{\"@id\":\"https:\\\/\\\/www.enzo-und-ferdinand.de\\\/index.php\\\/2025\\\/02\\\/20\\\/autobianchi-a112-giovani-1973\\\/#primaryimage\"},\"image\":{\"@id\":\"https:\\\/\\\/www.enzo-und-ferdinand.de\\\/index.php\\\/2025\\\/02\\\/20\\\/autobianchi-a112-giovani-1973\\\/#primaryimage\"},\"thumbnailUrl\":\"https:\\\/\\\/www.enzo-und-ferdinand.de\\\/wp-content\\\/uploads\\\/2025\\\/02\\\/A112-Giovani-2.jpg\",\"datePublished\":\"2025-02-20T06:24:00+00:00\",\"dateModified\":\"2025-02-20T06:24:02+00:00\",\"description\":\"Rainer Ro\u00dfbach Rainer Rossbach enzo-und-ferdinand enzo&ferdinand Autobianchi A112 Giovani Targa Pininfarina Konzeptfahrzeug Abarth Dune Buggy Cabriolet\",\"breadcrumb\":{\"@id\":\"https:\\\/\\\/www.enzo-und-ferdinand.de\\\/index.php\\\/2025\\\/02\\\/20\\\/autobianchi-a112-giovani-1973\\\/#breadcrumb\"},\"inLanguage\":\"de\",\"potentialAction\":[{\"@type\":\"ReadAction\",\"target\":[\"https:\\\/\\\/www.enzo-und-ferdinand.de\\\/index.php\\\/2025\\\/02\\\/20\\\/autobianchi-a112-giovani-1973\\\/\"]}]},{\"@type\":\"ImageObject\",\"inLanguage\":\"de\",\"@id\":\"https:\\\/\\\/www.enzo-und-ferdinand.de\\\/index.php\\\/2025\\\/02\\\/20\\\/autobianchi-a112-giovani-1973\\\/#primaryimage\",\"url\":\"https:\\\/\\\/www.enzo-und-ferdinand.de\\\/wp-content\\\/uploads\\\/2025\\\/02\\\/A112-Giovani-2.jpg\",\"contentUrl\":\"https:\\\/\\\/www.enzo-und-ferdinand.de\\\/wp-content\\\/uploads\\\/2025\\\/02\\\/A112-Giovani-2.jpg\",\"width\":1500,\"height\":998,\"caption\":\"Autobianchi A112; Giovani; Pininfarina; 1973\"},{\"@type\":\"BreadcrumbList\",\"@id\":\"https:\\\/\\\/www.enzo-und-ferdinand.de\\\/index.php\\\/2025\\\/02\\\/20\\\/autobianchi-a112-giovani-1973\\\/#breadcrumb\",\"itemListElement\":[{\"@type\":\"ListItem\",\"position\":1,\"name\":\"Startseite\",\"item\":\"https:\\\/\\\/www.enzo-und-ferdinand.de\\\/\"},{\"@type\":\"ListItem\",\"position\":2,\"name\":\"Autobianchi A112 \u201eGiovani\u201c (1973)\"}]},{\"@type\":\"WebSite\",\"@id\":\"https:\\\/\\\/www.enzo-und-ferdinand.de\\\/#website\",\"url\":\"https:\\\/\\\/www.enzo-und-ferdinand.de\\\/\",\"name\":\"enzo & Ferdinand\",\"description\":\"\",\"publisher\":{\"@id\":\"https:\\\/\\\/www.enzo-und-ferdinand.de\\\/#organization\"},\"potentialAction\":[{\"@type\":\"SearchAction\",\"target\":{\"@type\":\"EntryPoint\",\"urlTemplate\":\"https:\\\/\\\/www.enzo-und-ferdinand.de\\\/?s={search_term_string}\"},\"query-input\":{\"@type\":\"PropertyValueSpecification\",\"valueRequired\":true,\"valueName\":\"search_term_string\"}}],\"inLanguage\":\"de\"},{\"@type\":\"Organization\",\"@id\":\"https:\\\/\\\/www.enzo-und-ferdinand.de\\\/#organization\",\"name\":\"enzo & Ferdinand\",\"url\":\"https:\\\/\\\/www.enzo-und-ferdinand.de\\\/\",\"logo\":{\"@type\":\"ImageObject\",\"inLanguage\":\"de\",\"@id\":\"https:\\\/\\\/www.enzo-und-ferdinand.de\\\/#\\\/schema\\\/logo\\\/image\\\/\",\"url\":\"https:\\\/\\\/www.enzo-und-ferdinand.de\\\/wp-content\\\/uploads\\\/2018\\\/12\\\/revvvs-icon.png\",\"contentUrl\":\"https:\\\/\\\/www.enzo-und-ferdinand.de\\\/wp-content\\\/uploads\\\/2018\\\/12\\\/revvvs-icon.png\",\"width\":512,\"height\":512,\"caption\":\"enzo & Ferdinand\"},\"image\":{\"@id\":\"https:\\\/\\\/www.enzo-und-ferdinand.de\\\/#\\\/schema\\\/logo\\\/image\\\/\"}},{\"@type\":\"Person\",\"@id\":\"https:\\\/\\\/www.enzo-und-ferdinand.de\\\/#\\\/schema\\\/person\\\/aff2eb9ff87705987c1b9d21fe10b095\",\"name\":\"Rainer Ro\u00dfbach\",\"image\":{\"@type\":\"ImageObject\",\"inLanguage\":\"de\",\"@id\":\"https:\\\/\\\/www.enzo-und-ferdinand.de\\\/wp-content\\\/uploads\\\/2026\\\/01\\\/Rainer-Rossbach-150x150.jpg\",\"url\":\"https:\\\/\\\/www.enzo-und-ferdinand.de\\\/wp-content\\\/uploads\\\/2026\\\/01\\\/Rainer-Rossbach-150x150.jpg\",\"contentUrl\":\"https:\\\/\\\/www.enzo-und-ferdinand.de\\\/wp-content\\\/uploads\\\/2026\\\/01\\\/Rainer-Rossbach-150x150.jpg\",\"caption\":\"Rainer Ro\u00dfbach\"},\"url\":\"https:\\\/\\\/www.enzo-und-ferdinand.de\\\/index.php\\\/author\\\/redaktion\\\/\"}]}<\/script>\n<!-- \/ Yoast SEO plugin. -->","yoast_head_json":{"title":"Autobianchi A112 \u201eGiovani\u201c (1973)","description":"Rainer Ro\u00dfbach Rainer Rossbach enzo-und-ferdinand enzo&ferdinand Autobianchi A112 Giovani Targa Pininfarina Konzeptfahrzeug Abarth Dune Buggy Cabriolet","robots":{"index":"index","follow":"follow","max-snippet":"max-snippet:-1","max-image-preview":"max-image-preview:large","max-video-preview":"max-video-preview:-1"},"canonical":"https:\/\/www.enzo-und-ferdinand.de\/index.php\/2025\/02\/20\/autobianchi-a112-giovani-1973\/","og_locale":"de_DE","og_type":"article","og_title":"Autobianchi A112 \u201eGiovani\u201c (1973)","og_description":"Rainer Ro\u00dfbach Rainer Rossbach enzo-und-ferdinand enzo&ferdinand Autobianchi A112 Giovani Targa Pininfarina Konzeptfahrzeug Abarth Dune Buggy Cabriolet","og_url":"https:\/\/www.enzo-und-ferdinand.de\/index.php\/2025\/02\/20\/autobianchi-a112-giovani-1973\/","og_site_name":"enzo &amp; Ferdinand","article_published_time":"2025-02-20T06:24:00+00:00","article_modified_time":"2025-02-20T06:24:02+00:00","og_image":[{"width":1500,"height":998,"url":"https:\/\/www.enzo-und-ferdinand.de\/wp-content\/uploads\/2025\/02\/A112-Giovani-2.jpg","type":"image\/jpeg"}],"author":"Rainer Ro\u00dfbach","twitter_card":"summary_large_image","twitter_misc":{"Verfasst von":"Rainer Ro\u00dfbach","Gesch\u00e4tzte Lesezeit":"2\u00a0Minuten"},"schema":{"@context":"https:\/\/schema.org","@graph":[{"@type":"Article","@id":"https:\/\/www.enzo-und-ferdinand.de\/index.php\/2025\/02\/20\/autobianchi-a112-giovani-1973\/#article","isPartOf":{"@id":"https:\/\/www.enzo-und-ferdinand.de\/index.php\/2025\/02\/20\/autobianchi-a112-giovani-1973\/"},"author":{"name":"Rainer Ro\u00dfbach","@id":"https:\/\/www.enzo-und-ferdinand.de\/#\/schema\/person\/aff2eb9ff87705987c1b9d21fe10b095"},"headline":"Autobianchi A112 \u201eGiovani\u201c (1973)","datePublished":"2025-02-20T06:24:00+00:00","dateModified":"2025-02-20T06:24:02+00:00","mainEntityOfPage":{"@id":"https:\/\/www.enzo-und-ferdinand.de\/index.php\/2025\/02\/20\/autobianchi-a112-giovani-1973\/"},"wordCount":312,"publisher":{"@id":"https:\/\/www.enzo-und-ferdinand.de\/#organization"},"image":{"@id":"https:\/\/www.enzo-und-ferdinand.de\/index.php\/2025\/02\/20\/autobianchi-a112-giovani-1973\/#primaryimage"},"thumbnailUrl":"https:\/\/www.enzo-und-ferdinand.de\/wp-content\/uploads\/2025\/02\/A112-Giovani-2.jpg","keywords":["Autobianchi","Pininfarina"],"articleSection":["Studien","Unikate"],"inLanguage":"de"},{"@type":"WebPage","@id":"https:\/\/www.enzo-und-ferdinand.de\/index.php\/2025\/02\/20\/autobianchi-a112-giovani-1973\/","url":"https:\/\/www.enzo-und-ferdinand.de\/index.php\/2025\/02\/20\/autobianchi-a112-giovani-1973\/","name":"Autobianchi A112 \u201eGiovani\u201c (1973)","isPartOf":{"@id":"https:\/\/www.enzo-und-ferdinand.de\/#website"},"primaryImageOfPage":{"@id":"https:\/\/www.enzo-und-ferdinand.de\/index.php\/2025\/02\/20\/autobianchi-a112-giovani-1973\/#primaryimage"},"image":{"@id":"https:\/\/www.enzo-und-ferdinand.de\/index.php\/2025\/02\/20\/autobianchi-a112-giovani-1973\/#primaryimage"},"thumbnailUrl":"https:\/\/www.enzo-und-ferdinand.de\/wp-content\/uploads\/2025\/02\/A112-Giovani-2.jpg","datePublished":"2025-02-20T06:24:00+00:00","dateModified":"2025-02-20T06:24:02+00:00","description":"Rainer Ro\u00dfbach Rainer Rossbach enzo-und-ferdinand enzo&ferdinand Autobianchi A112 Giovani Targa Pininfarina Konzeptfahrzeug Abarth Dune Buggy Cabriolet","breadcrumb":{"@id":"https:\/\/www.enzo-und-ferdinand.de\/index.php\/2025\/02\/20\/autobianchi-a112-giovani-1973\/#breadcrumb"},"inLanguage":"de","potentialAction":[{"@type":"ReadAction","target":["https:\/\/www.enzo-und-ferdinand.de\/index.php\/2025\/02\/20\/autobianchi-a112-giovani-1973\/"]}]},{"@type":"ImageObject","inLanguage":"de","@id":"https:\/\/www.enzo-und-ferdinand.de\/index.php\/2025\/02\/20\/autobianchi-a112-giovani-1973\/#primaryimage","url":"https:\/\/www.enzo-und-ferdinand.de\/wp-content\/uploads\/2025\/02\/A112-Giovani-2.jpg","contentUrl":"https:\/\/www.enzo-und-ferdinand.de\/wp-content\/uploads\/2025\/02\/A112-Giovani-2.jpg","width":1500,"height":998,"caption":"Autobianchi A112; Giovani; Pininfarina; 1973"},{"@type":"BreadcrumbList","@id":"https:\/\/www.enzo-und-ferdinand.de\/index.php\/2025\/02\/20\/autobianchi-a112-giovani-1973\/#breadcrumb","itemListElement":[{"@type":"ListItem","position":1,"name":"Startseite","item":"https:\/\/www.enzo-und-ferdinand.de\/"},{"@type":"ListItem","position":2,"name":"Autobianchi A112 \u201eGiovani\u201c (1973)"}]},{"@type":"WebSite","@id":"https:\/\/www.enzo-und-ferdinand.de\/#website","url":"https:\/\/www.enzo-und-ferdinand.de\/","name":"enzo & Ferdinand","description":"","publisher":{"@id":"https:\/\/www.enzo-und-ferdinand.de\/#organization"},"potentialAction":[{"@type":"SearchAction","target":{"@type":"EntryPoint","urlTemplate":"https:\/\/www.enzo-und-ferdinand.de\/?s={search_term_string}"},"query-input":{"@type":"PropertyValueSpecification","valueRequired":true,"valueName":"search_term_string"}}],"inLanguage":"de"},{"@type":"Organization","@id":"https:\/\/www.enzo-und-ferdinand.de\/#organization","name":"enzo & Ferdinand","url":"https:\/\/www.enzo-und-ferdinand.de\/","logo":{"@type":"ImageObject","inLanguage":"de","@id":"https:\/\/www.enzo-und-ferdinand.de\/#\/schema\/logo\/image\/","url":"https:\/\/www.enzo-und-ferdinand.de\/wp-content\/uploads\/2018\/12\/revvvs-icon.png","contentUrl":"https:\/\/www.enzo-und-ferdinand.de\/wp-content\/uploads\/2018\/12\/revvvs-icon.png","width":512,"height":512,"caption":"enzo & Ferdinand"},"image":{"@id":"https:\/\/www.enzo-und-ferdinand.de\/#\/schema\/logo\/image\/"}},{"@type":"Person","@id":"https:\/\/www.enzo-und-ferdinand.de\/#\/schema\/person\/aff2eb9ff87705987c1b9d21fe10b095","name":"Rainer Ro\u00dfbach","image":{"@type":"ImageObject","inLanguage":"de","@id":"https:\/\/www.enzo-und-ferdinand.de\/wp-content\/uploads\/2026\/01\/Rainer-Rossbach-150x150.jpg","url":"https:\/\/www.enzo-und-ferdinand.de\/wp-content\/uploads\/2026\/01\/Rainer-Rossbach-150x150.jpg","contentUrl":"https:\/\/www.enzo-und-ferdinand.de\/wp-content\/uploads\/2026\/01\/Rainer-Rossbach-150x150.jpg","caption":"Rainer Ro\u00dfbach"},"url":"https:\/\/www.enzo-und-ferdinand.de\/index.php\/author\/redaktion\/"}]}},"_links":{"self":[{"href":"https:\/\/www.enzo-und-ferdinand.de\/index.php\/wp-json\/wp\/v2\/posts\/19596","targetHints":{"allow":["GET"]}}],"collection":[{"href":"https:\/\/www.enzo-und-ferdinand.de\/index.php\/wp-json\/wp\/v2\/posts"}],"about":[{"href":"https:\/\/www.enzo-und-ferdinand.de\/index.php\/wp-json\/wp\/v2\/types\/post"}],"author":[{"embeddable":true,"href":"https:\/\/www.enzo-und-ferdinand.de\/index.php\/wp-json\/wp\/v2\/users\/1"}],"replies":[{"embeddable":true,"href":"https:\/\/www.enzo-und-ferdinand.de\/index.php\/wp-json\/wp\/v2\/comments?post=19596"}],"version-history":[{"count":5,"href":"https:\/\/www.enzo-und-ferdinand.de\/index.php\/wp-json\/wp\/v2\/posts\/19596\/revisions"}],"predecessor-version":[{"id":19604,"href":"https:\/\/www.enzo-und-ferdinand.de\/index.php\/wp-json\/wp\/v2\/posts\/19596\/revisions\/19604"}],"wp:featuredmedia":[{"embeddable":true,"href":"https:\/\/www.enzo-und-ferdinand.de\/index.php\/wp-json\/wp\/v2\/media\/19601"}],"wp:attachment":[{"href":"https:\/\/www.enzo-und-ferdinand.de\/index.php\/wp-json\/wp\/v2\/media?parent=19596"}],"wp:term":[{"taxonomy":"category","embeddable":true,"href":"https:\/\/www.enzo-und-ferdinand.de\/index.php\/wp-json\/wp\/v2\/categories?post=19596"},{"taxonomy":"post_tag","embeddable":true,"href":"https:\/\/www.enzo-und-ferdinand.de\/index.php\/wp-json\/wp\/v2\/tags?post=19596"}],"curies":[{"name":"wp","href":"https:\/\/api.w.org\/{rel}","templated":true}]}}