{"id":19619,"date":"2025-02-21T09:27:38","date_gmt":"2025-02-21T08:27:38","guid":{"rendered":"https:\/\/www.enzo-und-ferdinand.de\/?p=19619"},"modified":"2025-06-19T08:22:41","modified_gmt":"2025-06-19T06:22:41","slug":"shotaro-kanedas-akira-bike-von-belbel","status":"publish","type":"post","link":"https:\/\/www.enzo-und-ferdinand.de\/index.php\/2025\/02\/21\/shotaro-kanedas-akira-bike-von-belbel\/","title":{"rendered":"Shotaro Kanedas \u201eAkira\u201c-Bike von Bel&amp;Bel"},"content":{"rendered":"\n<figure class=\"wp-block-image size-large is-resized\"><img loading=\"lazy\" decoding=\"async\" width=\"810\" height=\"540\" src=\"https:\/\/www.enzo-und-ferdinand.de\/wp-content\/uploads\/2025\/02\/Akira-5-810x540.jpg\" alt=\"\" class=\"wp-image-19622\" style=\"width:880px;height:auto\" srcset=\"https:\/\/www.enzo-und-ferdinand.de\/wp-content\/uploads\/2025\/02\/Akira-5-810x540.jpg 810w, https:\/\/www.enzo-und-ferdinand.de\/wp-content\/uploads\/2025\/02\/Akira-5-300x200.jpg 300w, https:\/\/www.enzo-und-ferdinand.de\/wp-content\/uploads\/2025\/02\/Akira-5-768x512.jpg 768w, https:\/\/www.enzo-und-ferdinand.de\/wp-content\/uploads\/2025\/02\/Akira-5-120x80.jpg 120w, https:\/\/www.enzo-und-ferdinand.de\/wp-content\/uploads\/2025\/02\/Akira-5.jpg 1500w\" sizes=\"auto, (max-width: 810px) 100vw, 810px\" \/><\/figure>\n\n\n\n<p class=\"wp-block-paragraph\">Das in Barcelona ans\u00e4ssige Kreativstudio Bel&amp;Bel hat das legend\u00e4re Anime-Motorrad es als echtes und funktionales Motorrad mit Neon-Licht-Reifen und einer aufklappbaren Karosserie gebaut. Das Zweirad ist in gleichen leuchtende Rotton lackiert, wie das Vorbild und auch die Aufkleber, etwa von Canon, Citizen, Shoei und Arai sowie der United States Air Force entsprechen dem Original.&nbsp;<\/p>\n\n\n\n<p class=\"wp-block-paragraph\">Bel&amp;Bel startet eine Auftragsproduktion des Cyberpunk-Motorrads und bietet damit wenigen Enthusiasten die Chance, das echte Akira-Motorrad zu fahren. Technisch verf\u00fcgt das Bike \u00fcber einen R\u00fcckw\u00e4rtsgang und einen Zweimotoren- und Zweiradantrieb, zudem wird ein ektronisch gesteuertes Antiblockiersystem verbaut. Der Motor soll bis zu 200 PS leisten und, wie alle technischen Komponenten, von High-End-Motorradherstellern stammen. Das Akira-Bike ist als Hybridmotorrad ausgelegt, da es auch \u00fcber einen Elektromotor verf\u00fcgt.<\/p>\n\n\n\n<p class=\"wp-block-paragraph\">Das Motorger\u00e4usch kombiniert einen MiG-21-Kampfjet mit einem Harley-Davidson-Motorrad von 1927. Kurbelwelle und das Getriebe, das auf der linken Seite des Motors sichtbar angebracht ist, sind ebenso typisch f\u00fcr die \u00c4sthetik wie die leuchtenden Licht-Ringe um die Felgen.<\/p>\n\n\n\n<p class=\"wp-block-paragraph\">Aktuell kann das limitierte Shotaro Kaneda&#8217;s Akira Bike von Bel&amp;Bel zu einem Startpreis von 24.000 Euro geordert werden.<\/p>\n\n\n\n<figure class=\"wp-block-image size-large is-resized\"><img loading=\"lazy\" decoding=\"async\" width=\"810\" height=\"540\" src=\"https:\/\/www.enzo-und-ferdinand.de\/wp-content\/uploads\/2025\/02\/Akira-2-810x540.png\" alt=\"\" class=\"wp-image-19624\" style=\"width:880px;height:auto\" srcset=\"https:\/\/www.enzo-und-ferdinand.de\/wp-content\/uploads\/2025\/02\/Akira-2-810x540.png 810w, https:\/\/www.enzo-und-ferdinand.de\/wp-content\/uploads\/2025\/02\/Akira-2-300x200.png 300w, https:\/\/www.enzo-und-ferdinand.de\/wp-content\/uploads\/2025\/02\/Akira-2-768x512.png 768w, https:\/\/www.enzo-und-ferdinand.de\/wp-content\/uploads\/2025\/02\/Akira-2-120x80.png 120w, https:\/\/www.enzo-und-ferdinand.de\/wp-content\/uploads\/2025\/02\/Akira-2.png 1500w\" sizes=\"auto, (max-width: 810px) 100vw, 810px\" \/><\/figure>\n\n\n\n<p class=\"has-text-align-right has-small-font-size wp-block-paragraph\">Fotos: Bel&amp;Bel\/Text: Rainer Ro\u00dfbach<\/p>\n\n\n\n<p class=\"wp-block-paragraph\"><\/p>\n","protected":false},"excerpt":{"rendered":"<p>Das in Barcelona ans\u00e4ssige Kreativstudio Bel&#038;Bel hat das legend\u00e4re Anime-Motorrad es als echtes und funktionales Motorrad mit Neon-Licht-Reifen und einer aufklappbaren Karosserie gebaut. Das Zweirad ist in gleichen leuchtende Rotton lackiert, wie das Vorbild und auch die Aufkleber, etwa von Canon, Citizen, Shoei und Arai sowie der United States Air Force entsprechen dem Original.\u00a0<\/p>\n","protected":false},"author":1,"featured_media":19623,"comment_status":"closed","ping_status":"closed","sticky":false,"template":"","format":"standard","meta":{"_crdt_document":"","ngg_post_thumbnail":0,"footnotes":""},"categories":[665,281,1370],"tags":[1288],"class_list":["post-19619","post","type-post","status-publish","format-standard","has-post-thumbnail","hentry","category-editionen","category-japan","category-zweirad","tag-akira"],"yoast_head":"<!-- This site is optimized with the Yoast SEO plugin v27.5 - https:\/\/yoast.com\/product\/yoast-seo-wordpress\/ -->\n<title>Shotaro Kanedas \u201eAkira\u201c-Bike von Bel&amp;Bel<\/title>\n<meta name=\"description\" content=\"Rainer Ro\u00dfbach Rainer Rossbach enzo-und-ferdinand enzo&amp;ferdinand Shotaro Kaneda Akira-Bike Bel&amp;Bel Barcelona Neon aufklappbar Canon Citizen Shoei Arai United States Air Force Cyberpunk Zweiradantrieb Antiblockiersystem Hybridmotorrad Elektromotor MiG 21 Harley Davidson\" \/>\n<meta name=\"robots\" content=\"index, follow, max-snippet:-1, max-image-preview:large, max-video-preview:-1\" \/>\n<link rel=\"canonical\" href=\"https:\/\/www.enzo-und-ferdinand.de\/index.php\/2025\/02\/21\/shotaro-kanedas-akira-bike-von-belbel\/\" \/>\n<meta property=\"og:locale\" content=\"de_DE\" \/>\n<meta property=\"og:type\" content=\"article\" \/>\n<meta property=\"og:title\" content=\"Shotaro Kanedas \u201eAkira\u201c-Bike von Bel&amp;Bel\" \/>\n<meta property=\"og:description\" content=\"Rainer Ro\u00dfbach Rainer Rossbach enzo-und-ferdinand enzo&amp;ferdinand Shotaro Kaneda Akira-Bike Bel&amp;Bel Barcelona Neon aufklappbar Canon Citizen Shoei Arai United States Air Force Cyberpunk Zweiradantrieb Antiblockiersystem Hybridmotorrad Elektromotor MiG 21 Harley Davidson\" \/>\n<meta property=\"og:url\" content=\"https:\/\/www.enzo-und-ferdinand.de\/index.php\/2025\/02\/21\/shotaro-kanedas-akira-bike-von-belbel\/\" \/>\n<meta property=\"og:site_name\" content=\"enzo &amp; Ferdinand\" \/>\n<meta property=\"article:published_time\" content=\"2025-02-21T08:27:38+00:00\" \/>\n<meta property=\"article:modified_time\" content=\"2025-06-19T06:22:41+00:00\" \/>\n<meta property=\"og:image\" content=\"https:\/\/www.enzo-und-ferdinand.de\/wp-content\/uploads\/2025\/02\/Akira-1.png\" \/>\n\t<meta property=\"og:image:width\" content=\"1500\" \/>\n\t<meta property=\"og:image:height\" content=\"1000\" \/>\n\t<meta property=\"og:image:type\" content=\"image\/png\" \/>\n<meta name=\"author\" content=\"Rainer Ro\u00dfbach\" \/>\n<meta name=\"twitter:card\" content=\"summary_large_image\" \/>\n<meta name=\"twitter:label1\" content=\"Verfasst von\" \/>\n\t<meta name=\"twitter:data1\" content=\"Rainer Ro\u00dfbach\" \/>\n\t<meta name=\"twitter:label2\" content=\"Gesch\u00e4tzte Lesezeit\" \/>\n\t<meta name=\"twitter:data2\" content=\"1\u00a0Minute\" \/>\n<script type=\"application\/ld+json\" class=\"yoast-schema-graph\">{\"@context\":\"https:\\\/\\\/schema.org\",\"@graph\":[{\"@type\":\"Article\",\"@id\":\"https:\\\/\\\/www.enzo-und-ferdinand.de\\\/index.php\\\/2025\\\/02\\\/21\\\/shotaro-kanedas-akira-bike-von-belbel\\\/#article\",\"isPartOf\":{\"@id\":\"https:\\\/\\\/www.enzo-und-ferdinand.de\\\/index.php\\\/2025\\\/02\\\/21\\\/shotaro-kanedas-akira-bike-von-belbel\\\/\"},\"author\":{\"name\":\"Rainer Ro\u00dfbach\",\"@id\":\"https:\\\/\\\/www.enzo-und-ferdinand.de\\\/#\\\/schema\\\/person\\\/aff2eb9ff87705987c1b9d21fe10b095\"},\"headline\":\"Shotaro Kanedas \u201eAkira\u201c-Bike von Bel&amp;Bel\",\"datePublished\":\"2025-02-21T08:27:38+00:00\",\"dateModified\":\"2025-06-19T06:22:41+00:00\",\"mainEntityOfPage\":{\"@id\":\"https:\\\/\\\/www.enzo-und-ferdinand.de\\\/index.php\\\/2025\\\/02\\\/21\\\/shotaro-kanedas-akira-bike-von-belbel\\\/\"},\"wordCount\":205,\"publisher\":{\"@id\":\"https:\\\/\\\/www.enzo-und-ferdinand.de\\\/#organization\"},\"image\":{\"@id\":\"https:\\\/\\\/www.enzo-und-ferdinand.de\\\/index.php\\\/2025\\\/02\\\/21\\\/shotaro-kanedas-akira-bike-von-belbel\\\/#primaryimage\"},\"thumbnailUrl\":\"https:\\\/\\\/www.enzo-und-ferdinand.de\\\/wp-content\\\/uploads\\\/2025\\\/02\\\/Akira-1.png\",\"keywords\":[\"Akira\"],\"articleSection\":[\"Editionen\",\"Japan Design\",\"Zweirad\"],\"inLanguage\":\"de\"},{\"@type\":\"WebPage\",\"@id\":\"https:\\\/\\\/www.enzo-und-ferdinand.de\\\/index.php\\\/2025\\\/02\\\/21\\\/shotaro-kanedas-akira-bike-von-belbel\\\/\",\"url\":\"https:\\\/\\\/www.enzo-und-ferdinand.de\\\/index.php\\\/2025\\\/02\\\/21\\\/shotaro-kanedas-akira-bike-von-belbel\\\/\",\"name\":\"Shotaro Kanedas \u201eAkira\u201c-Bike von Bel&Bel\",\"isPartOf\":{\"@id\":\"https:\\\/\\\/www.enzo-und-ferdinand.de\\\/#website\"},\"primaryImageOfPage\":{\"@id\":\"https:\\\/\\\/www.enzo-und-ferdinand.de\\\/index.php\\\/2025\\\/02\\\/21\\\/shotaro-kanedas-akira-bike-von-belbel\\\/#primaryimage\"},\"image\":{\"@id\":\"https:\\\/\\\/www.enzo-und-ferdinand.de\\\/index.php\\\/2025\\\/02\\\/21\\\/shotaro-kanedas-akira-bike-von-belbel\\\/#primaryimage\"},\"thumbnailUrl\":\"https:\\\/\\\/www.enzo-und-ferdinand.de\\\/wp-content\\\/uploads\\\/2025\\\/02\\\/Akira-1.png\",\"datePublished\":\"2025-02-21T08:27:38+00:00\",\"dateModified\":\"2025-06-19T06:22:41+00:00\",\"description\":\"Rainer Ro\u00dfbach Rainer Rossbach enzo-und-ferdinand enzo&ferdinand Shotaro Kaneda Akira-Bike Bel&Bel Barcelona Neon aufklappbar Canon Citizen Shoei Arai United States Air Force Cyberpunk Zweiradantrieb Antiblockiersystem Hybridmotorrad Elektromotor MiG 21 Harley Davidson\",\"breadcrumb\":{\"@id\":\"https:\\\/\\\/www.enzo-und-ferdinand.de\\\/index.php\\\/2025\\\/02\\\/21\\\/shotaro-kanedas-akira-bike-von-belbel\\\/#breadcrumb\"},\"inLanguage\":\"de\",\"potentialAction\":[{\"@type\":\"ReadAction\",\"target\":[\"https:\\\/\\\/www.enzo-und-ferdinand.de\\\/index.php\\\/2025\\\/02\\\/21\\\/shotaro-kanedas-akira-bike-von-belbel\\\/\"]}]},{\"@type\":\"ImageObject\",\"inLanguage\":\"de\",\"@id\":\"https:\\\/\\\/www.enzo-und-ferdinand.de\\\/index.php\\\/2025\\\/02\\\/21\\\/shotaro-kanedas-akira-bike-von-belbel\\\/#primaryimage\",\"url\":\"https:\\\/\\\/www.enzo-und-ferdinand.de\\\/wp-content\\\/uploads\\\/2025\\\/02\\\/Akira-1.png\",\"contentUrl\":\"https:\\\/\\\/www.enzo-und-ferdinand.de\\\/wp-content\\\/uploads\\\/2025\\\/02\\\/Akira-1.png\",\"width\":1500,\"height\":1000,\"caption\":\"Shotaro Kanedas \u201eAkira\u201c-Bike von Bel&Bel\"},{\"@type\":\"BreadcrumbList\",\"@id\":\"https:\\\/\\\/www.enzo-und-ferdinand.de\\\/index.php\\\/2025\\\/02\\\/21\\\/shotaro-kanedas-akira-bike-von-belbel\\\/#breadcrumb\",\"itemListElement\":[{\"@type\":\"ListItem\",\"position\":1,\"name\":\"Startseite\",\"item\":\"https:\\\/\\\/www.enzo-und-ferdinand.de\\\/\"},{\"@type\":\"ListItem\",\"position\":2,\"name\":\"Shotaro Kanedas \u201eAkira\u201c-Bike von Bel&amp;Bel\"}]},{\"@type\":\"WebSite\",\"@id\":\"https:\\\/\\\/www.enzo-und-ferdinand.de\\\/#website\",\"url\":\"https:\\\/\\\/www.enzo-und-ferdinand.de\\\/\",\"name\":\"enzo & Ferdinand\",\"description\":\"\",\"publisher\":{\"@id\":\"https:\\\/\\\/www.enzo-und-ferdinand.de\\\/#organization\"},\"potentialAction\":[{\"@type\":\"SearchAction\",\"target\":{\"@type\":\"EntryPoint\",\"urlTemplate\":\"https:\\\/\\\/www.enzo-und-ferdinand.de\\\/?s={search_term_string}\"},\"query-input\":{\"@type\":\"PropertyValueSpecification\",\"valueRequired\":true,\"valueName\":\"search_term_string\"}}],\"inLanguage\":\"de\"},{\"@type\":\"Organization\",\"@id\":\"https:\\\/\\\/www.enzo-und-ferdinand.de\\\/#organization\",\"name\":\"enzo & Ferdinand\",\"url\":\"https:\\\/\\\/www.enzo-und-ferdinand.de\\\/\",\"logo\":{\"@type\":\"ImageObject\",\"inLanguage\":\"de\",\"@id\":\"https:\\\/\\\/www.enzo-und-ferdinand.de\\\/#\\\/schema\\\/logo\\\/image\\\/\",\"url\":\"https:\\\/\\\/www.enzo-und-ferdinand.de\\\/wp-content\\\/uploads\\\/2018\\\/12\\\/revvvs-icon.png\",\"contentUrl\":\"https:\\\/\\\/www.enzo-und-ferdinand.de\\\/wp-content\\\/uploads\\\/2018\\\/12\\\/revvvs-icon.png\",\"width\":512,\"height\":512,\"caption\":\"enzo & Ferdinand\"},\"image\":{\"@id\":\"https:\\\/\\\/www.enzo-und-ferdinand.de\\\/#\\\/schema\\\/logo\\\/image\\\/\"}},{\"@type\":\"Person\",\"@id\":\"https:\\\/\\\/www.enzo-und-ferdinand.de\\\/#\\\/schema\\\/person\\\/aff2eb9ff87705987c1b9d21fe10b095\",\"name\":\"Rainer Ro\u00dfbach\",\"image\":{\"@type\":\"ImageObject\",\"inLanguage\":\"de\",\"@id\":\"https:\\\/\\\/www.enzo-und-ferdinand.de\\\/wp-content\\\/uploads\\\/2026\\\/01\\\/Rainer-Rossbach-150x150.jpg\",\"url\":\"https:\\\/\\\/www.enzo-und-ferdinand.de\\\/wp-content\\\/uploads\\\/2026\\\/01\\\/Rainer-Rossbach-150x150.jpg\",\"contentUrl\":\"https:\\\/\\\/www.enzo-und-ferdinand.de\\\/wp-content\\\/uploads\\\/2026\\\/01\\\/Rainer-Rossbach-150x150.jpg\",\"caption\":\"Rainer Ro\u00dfbach\"},\"url\":\"https:\\\/\\\/www.enzo-und-ferdinand.de\\\/index.php\\\/author\\\/redaktion\\\/\"}]}<\/script>\n<!-- \/ Yoast SEO plugin. -->","yoast_head_json":{"title":"Shotaro Kanedas \u201eAkira\u201c-Bike von Bel&Bel","description":"Rainer Ro\u00dfbach Rainer Rossbach enzo-und-ferdinand enzo&ferdinand Shotaro Kaneda Akira-Bike Bel&Bel Barcelona Neon aufklappbar Canon Citizen Shoei Arai United States Air Force Cyberpunk Zweiradantrieb Antiblockiersystem Hybridmotorrad Elektromotor MiG 21 Harley Davidson","robots":{"index":"index","follow":"follow","max-snippet":"max-snippet:-1","max-image-preview":"max-image-preview:large","max-video-preview":"max-video-preview:-1"},"canonical":"https:\/\/www.enzo-und-ferdinand.de\/index.php\/2025\/02\/21\/shotaro-kanedas-akira-bike-von-belbel\/","og_locale":"de_DE","og_type":"article","og_title":"Shotaro Kanedas \u201eAkira\u201c-Bike von Bel&Bel","og_description":"Rainer Ro\u00dfbach Rainer Rossbach enzo-und-ferdinand enzo&ferdinand Shotaro Kaneda Akira-Bike Bel&Bel Barcelona Neon aufklappbar Canon Citizen Shoei Arai United States Air Force Cyberpunk Zweiradantrieb Antiblockiersystem Hybridmotorrad Elektromotor MiG 21 Harley Davidson","og_url":"https:\/\/www.enzo-und-ferdinand.de\/index.php\/2025\/02\/21\/shotaro-kanedas-akira-bike-von-belbel\/","og_site_name":"enzo &amp; Ferdinand","article_published_time":"2025-02-21T08:27:38+00:00","article_modified_time":"2025-06-19T06:22:41+00:00","og_image":[{"width":1500,"height":1000,"url":"https:\/\/www.enzo-und-ferdinand.de\/wp-content\/uploads\/2025\/02\/Akira-1.png","type":"image\/png"}],"author":"Rainer Ro\u00dfbach","twitter_card":"summary_large_image","twitter_misc":{"Verfasst von":"Rainer Ro\u00dfbach","Gesch\u00e4tzte Lesezeit":"1\u00a0Minute"},"schema":{"@context":"https:\/\/schema.org","@graph":[{"@type":"Article","@id":"https:\/\/www.enzo-und-ferdinand.de\/index.php\/2025\/02\/21\/shotaro-kanedas-akira-bike-von-belbel\/#article","isPartOf":{"@id":"https:\/\/www.enzo-und-ferdinand.de\/index.php\/2025\/02\/21\/shotaro-kanedas-akira-bike-von-belbel\/"},"author":{"name":"Rainer Ro\u00dfbach","@id":"https:\/\/www.enzo-und-ferdinand.de\/#\/schema\/person\/aff2eb9ff87705987c1b9d21fe10b095"},"headline":"Shotaro Kanedas \u201eAkira\u201c-Bike von Bel&amp;Bel","datePublished":"2025-02-21T08:27:38+00:00","dateModified":"2025-06-19T06:22:41+00:00","mainEntityOfPage":{"@id":"https:\/\/www.enzo-und-ferdinand.de\/index.php\/2025\/02\/21\/shotaro-kanedas-akira-bike-von-belbel\/"},"wordCount":205,"publisher":{"@id":"https:\/\/www.enzo-und-ferdinand.de\/#organization"},"image":{"@id":"https:\/\/www.enzo-und-ferdinand.de\/index.php\/2025\/02\/21\/shotaro-kanedas-akira-bike-von-belbel\/#primaryimage"},"thumbnailUrl":"https:\/\/www.enzo-und-ferdinand.de\/wp-content\/uploads\/2025\/02\/Akira-1.png","keywords":["Akira"],"articleSection":["Editionen","Japan Design","Zweirad"],"inLanguage":"de"},{"@type":"WebPage","@id":"https:\/\/www.enzo-und-ferdinand.de\/index.php\/2025\/02\/21\/shotaro-kanedas-akira-bike-von-belbel\/","url":"https:\/\/www.enzo-und-ferdinand.de\/index.php\/2025\/02\/21\/shotaro-kanedas-akira-bike-von-belbel\/","name":"Shotaro Kanedas \u201eAkira\u201c-Bike von Bel&Bel","isPartOf":{"@id":"https:\/\/www.enzo-und-ferdinand.de\/#website"},"primaryImageOfPage":{"@id":"https:\/\/www.enzo-und-ferdinand.de\/index.php\/2025\/02\/21\/shotaro-kanedas-akira-bike-von-belbel\/#primaryimage"},"image":{"@id":"https:\/\/www.enzo-und-ferdinand.de\/index.php\/2025\/02\/21\/shotaro-kanedas-akira-bike-von-belbel\/#primaryimage"},"thumbnailUrl":"https:\/\/www.enzo-und-ferdinand.de\/wp-content\/uploads\/2025\/02\/Akira-1.png","datePublished":"2025-02-21T08:27:38+00:00","dateModified":"2025-06-19T06:22:41+00:00","description":"Rainer Ro\u00dfbach Rainer Rossbach enzo-und-ferdinand enzo&ferdinand Shotaro Kaneda Akira-Bike Bel&Bel Barcelona Neon aufklappbar Canon Citizen Shoei Arai United States Air Force Cyberpunk Zweiradantrieb Antiblockiersystem Hybridmotorrad Elektromotor MiG 21 Harley Davidson","breadcrumb":{"@id":"https:\/\/www.enzo-und-ferdinand.de\/index.php\/2025\/02\/21\/shotaro-kanedas-akira-bike-von-belbel\/#breadcrumb"},"inLanguage":"de","potentialAction":[{"@type":"ReadAction","target":["https:\/\/www.enzo-und-ferdinand.de\/index.php\/2025\/02\/21\/shotaro-kanedas-akira-bike-von-belbel\/"]}]},{"@type":"ImageObject","inLanguage":"de","@id":"https:\/\/www.enzo-und-ferdinand.de\/index.php\/2025\/02\/21\/shotaro-kanedas-akira-bike-von-belbel\/#primaryimage","url":"https:\/\/www.enzo-und-ferdinand.de\/wp-content\/uploads\/2025\/02\/Akira-1.png","contentUrl":"https:\/\/www.enzo-und-ferdinand.de\/wp-content\/uploads\/2025\/02\/Akira-1.png","width":1500,"height":1000,"caption":"Shotaro Kanedas \u201eAkira\u201c-Bike von Bel&Bel"},{"@type":"BreadcrumbList","@id":"https:\/\/www.enzo-und-ferdinand.de\/index.php\/2025\/02\/21\/shotaro-kanedas-akira-bike-von-belbel\/#breadcrumb","itemListElement":[{"@type":"ListItem","position":1,"name":"Startseite","item":"https:\/\/www.enzo-und-ferdinand.de\/"},{"@type":"ListItem","position":2,"name":"Shotaro Kanedas \u201eAkira\u201c-Bike von Bel&amp;Bel"}]},{"@type":"WebSite","@id":"https:\/\/www.enzo-und-ferdinand.de\/#website","url":"https:\/\/www.enzo-und-ferdinand.de\/","name":"enzo & Ferdinand","description":"","publisher":{"@id":"https:\/\/www.enzo-und-ferdinand.de\/#organization"},"potentialAction":[{"@type":"SearchAction","target":{"@type":"EntryPoint","urlTemplate":"https:\/\/www.enzo-und-ferdinand.de\/?s={search_term_string}"},"query-input":{"@type":"PropertyValueSpecification","valueRequired":true,"valueName":"search_term_string"}}],"inLanguage":"de"},{"@type":"Organization","@id":"https:\/\/www.enzo-und-ferdinand.de\/#organization","name":"enzo & Ferdinand","url":"https:\/\/www.enzo-und-ferdinand.de\/","logo":{"@type":"ImageObject","inLanguage":"de","@id":"https:\/\/www.enzo-und-ferdinand.de\/#\/schema\/logo\/image\/","url":"https:\/\/www.enzo-und-ferdinand.de\/wp-content\/uploads\/2018\/12\/revvvs-icon.png","contentUrl":"https:\/\/www.enzo-und-ferdinand.de\/wp-content\/uploads\/2018\/12\/revvvs-icon.png","width":512,"height":512,"caption":"enzo & Ferdinand"},"image":{"@id":"https:\/\/www.enzo-und-ferdinand.de\/#\/schema\/logo\/image\/"}},{"@type":"Person","@id":"https:\/\/www.enzo-und-ferdinand.de\/#\/schema\/person\/aff2eb9ff87705987c1b9d21fe10b095","name":"Rainer Ro\u00dfbach","image":{"@type":"ImageObject","inLanguage":"de","@id":"https:\/\/www.enzo-und-ferdinand.de\/wp-content\/uploads\/2026\/01\/Rainer-Rossbach-150x150.jpg","url":"https:\/\/www.enzo-und-ferdinand.de\/wp-content\/uploads\/2026\/01\/Rainer-Rossbach-150x150.jpg","contentUrl":"https:\/\/www.enzo-und-ferdinand.de\/wp-content\/uploads\/2026\/01\/Rainer-Rossbach-150x150.jpg","caption":"Rainer Ro\u00dfbach"},"url":"https:\/\/www.enzo-und-ferdinand.de\/index.php\/author\/redaktion\/"}]}},"_links":{"self":[{"href":"https:\/\/www.enzo-und-ferdinand.de\/index.php\/wp-json\/wp\/v2\/posts\/19619","targetHints":{"allow":["GET"]}}],"collection":[{"href":"https:\/\/www.enzo-und-ferdinand.de\/index.php\/wp-json\/wp\/v2\/posts"}],"about":[{"href":"https:\/\/www.enzo-und-ferdinand.de\/index.php\/wp-json\/wp\/v2\/types\/post"}],"author":[{"embeddable":true,"href":"https:\/\/www.enzo-und-ferdinand.de\/index.php\/wp-json\/wp\/v2\/users\/1"}],"replies":[{"embeddable":true,"href":"https:\/\/www.enzo-und-ferdinand.de\/index.php\/wp-json\/wp\/v2\/comments?post=19619"}],"version-history":[{"count":3,"href":"https:\/\/www.enzo-und-ferdinand.de\/index.php\/wp-json\/wp\/v2\/posts\/19619\/revisions"}],"predecessor-version":[{"id":19625,"href":"https:\/\/www.enzo-und-ferdinand.de\/index.php\/wp-json\/wp\/v2\/posts\/19619\/revisions\/19625"}],"wp:featuredmedia":[{"embeddable":true,"href":"https:\/\/www.enzo-und-ferdinand.de\/index.php\/wp-json\/wp\/v2\/media\/19623"}],"wp:attachment":[{"href":"https:\/\/www.enzo-und-ferdinand.de\/index.php\/wp-json\/wp\/v2\/media?parent=19619"}],"wp:term":[{"taxonomy":"category","embeddable":true,"href":"https:\/\/www.enzo-und-ferdinand.de\/index.php\/wp-json\/wp\/v2\/categories?post=19619"},{"taxonomy":"post_tag","embeddable":true,"href":"https:\/\/www.enzo-und-ferdinand.de\/index.php\/wp-json\/wp\/v2\/tags?post=19619"}],"curies":[{"name":"wp","href":"https:\/\/api.w.org\/{rel}","templated":true}]}}