{"id":19641,"date":"2025-02-24T07:57:32","date_gmt":"2025-02-24T06:57:32","guid":{"rendered":"https:\/\/www.enzo-und-ferdinand.de\/?p=19641"},"modified":"2025-02-24T07:57:34","modified_gmt":"2025-02-24T06:57:34","slug":"bmw-gen6-hochvoltbatteriekonzept","status":"publish","type":"post","link":"https:\/\/www.enzo-und-ferdinand.de\/index.php\/2025\/02\/24\/bmw-gen6-hochvoltbatteriekonzept\/","title":{"rendered":"BMW Gen6 Hochvoltbatteriekonzept"},"content":{"rendered":"\n<figure class=\"wp-block-image size-large is-resized\"><img loading=\"lazy\" decoding=\"async\" width=\"810\" height=\"540\" src=\"https:\/\/www.enzo-und-ferdinand.de\/wp-content\/uploads\/2025\/02\/P90587601_highRes_bmw-electric-engine--810x540.jpg\" alt=\"\" class=\"wp-image-19644\" style=\"width:880px;height:auto\" srcset=\"https:\/\/www.enzo-und-ferdinand.de\/wp-content\/uploads\/2025\/02\/P90587601_highRes_bmw-electric-engine--810x540.jpg 810w, https:\/\/www.enzo-und-ferdinand.de\/wp-content\/uploads\/2025\/02\/P90587601_highRes_bmw-electric-engine--300x200.jpg 300w, https:\/\/www.enzo-und-ferdinand.de\/wp-content\/uploads\/2025\/02\/P90587601_highRes_bmw-electric-engine--768x512.jpg 768w, https:\/\/www.enzo-und-ferdinand.de\/wp-content\/uploads\/2025\/02\/P90587601_highRes_bmw-electric-engine--120x80.jpg 120w, https:\/\/www.enzo-und-ferdinand.de\/wp-content\/uploads\/2025\/02\/P90587601_highRes_bmw-electric-engine-.jpg 1500w\" sizes=\"auto, (max-width: 810px) 100vw, 810px\" \/><figcaption class=\"wp-element-caption\"><em>BMW Elektrische Antriebsmaschine 6. Generation (Hinterachse)<\/em><\/figcaption><\/figure>\n\n\n\n<p class=\"wp-block-paragraph\">Mit der neuen 6. Generation der BMW eDrive Technologie, der sogenannten \u201eGen6\u201c, gelingt der BMW Group ein gro\u00dfer technologischer Sprung in der Elektromobilit\u00e4t. Zu den produktseitigen Verbesserungen z\u00e4hlen eine 30 Prozent h\u00f6here Ladegeschwindigkeit und 30 Prozent gr\u00f6\u00dfere Reichweite \u2013 modellspezifisch sogar mehr. Dar\u00fcber hinaus verf\u00fcgt das Hochvoltbatteriekonzept der Gen6 erstmals \u00fcber die neue 800-Volt-Technologie. Die Gen6 wird ab diesem Jahr in der Neuen Klasse zum ersten Mal eingesetzt und in der Folge das vollelektrische Produktportfolio der BMW Group antreiben.&nbsp;<\/p>\n\n\n\n<p class=\"wp-block-paragraph\">Das grundlegend neue Konzept f\u00fcr die Hochvoltbatterien der Gen6 findet Anwendung in allen Fahrzeugsegmenten \u2013 bis hin zu den Hochleistungs-Modellen der BMW M GmbH. Durch ihr neues, noch flacheres Design l\u00e4sst sich die Hochvoltbatterie unabh\u00e4ngig von der Fahrzeugh\u00f6he in unterschiedliche Modelle integrieren. Dabei \u00fcbernimmt die Hochvoltbatterie in den Karosserien der Neuen Klasse die Rolle eines Strukturbauteils&nbsp; (\u201ePack-to-open-Body\u201c). Die neuen Rundzellen werden direkt in die Hochvoltbatterie integriert (\u201eCell-to-Pack\u201c). Im Vergleich mit ihren Vorg\u00e4ngern verf\u00fcgt die neue BMW Rundzelle \u00fcber eine 20 Prozent h\u00f6here Energiedichte. Das Laden ist zudem k\u00fcnftig in beide Richtungen m\u00f6glich: F\u00fcr die Gen6 ist bidirektionales Laden bereits als Serienangebot best\u00e4tigt.<\/p>\n\n\n\n<figure class=\"wp-block-image size-large is-resized\"><img loading=\"lazy\" decoding=\"async\" width=\"810\" height=\"456\" src=\"https:\/\/www.enzo-und-ferdinand.de\/wp-content\/uploads\/2025\/02\/P90588162_highRes_high-voltage-battery-810x456.jpg\" alt=\"\" class=\"wp-image-19646\" style=\"width:880px;height:auto\" srcset=\"https:\/\/www.enzo-und-ferdinand.de\/wp-content\/uploads\/2025\/02\/P90588162_highRes_high-voltage-battery-810x456.jpg 810w, https:\/\/www.enzo-und-ferdinand.de\/wp-content\/uploads\/2025\/02\/P90588162_highRes_high-voltage-battery-300x169.jpg 300w, https:\/\/www.enzo-und-ferdinand.de\/wp-content\/uploads\/2025\/02\/P90588162_highRes_high-voltage-battery-768x432.jpg 768w, https:\/\/www.enzo-und-ferdinand.de\/wp-content\/uploads\/2025\/02\/P90588162_highRes_high-voltage-battery.jpg 1500w\" sizes=\"auto, (max-width: 810px) 100vw, 810px\" \/><figcaption class=\"wp-element-caption\"><em>Hochvoltbatterie mit Energy Master (Gen6)<\/em><\/figcaption><\/figure>\n\n\n\n<p class=\"wp-block-paragraph\">Der BMW Energy Master ist Schaltzentrale der neuen echnologie. Er sitzt auf der Hochvoltbatterie und fungiert als Schnittstelle f\u00fcr die Hoch- und Niedervolt-Stromversorgung sowie f\u00fcr die Daten aus der Hochvoltbatterie. Dar\u00fcber hinaus steuert er die Stromzufuhr der E-Maschine und des Bordnetzes. Zudem sorgt er f\u00fcr einen sicheren und intelligenten Betrieb der Hochvoltbatterie. Beim Bordnetz, inklusive seiner elektronischen Sicherungen, hat die BMW Group eine ganze Reihe neuer Patente angemeldet. Sowohl die Hard- als auch die Software wurden vollst\u00e4ndig inhouse bei&nbsp; BMW entwickelt. Das sorgt daf\u00fcr, dass technologische Weiterentwicklungen und Updates f\u00fcr die Fahrzeuge mittels Remote-Software-Upgrades unabh\u00e4ngig und in Echtzeit umgesetzt werden k\u00f6nnen.<\/p>\n\n\n\n<figure class=\"wp-block-gallery has-nested-images columns-default is-cropped wp-block-gallery-1 is-layout-flex wp-block-gallery-is-layout-flex\">\n<figure class=\"wp-block-image size-large\"><img loading=\"lazy\" decoding=\"async\" width=\"810\" height=\"591\" data-id=\"19647\" src=\"https:\/\/www.enzo-und-ferdinand.de\/wp-content\/uploads\/2025\/02\/P90588163_highRes_bmw-energy-master-810x591.jpg\" alt=\"\" class=\"wp-image-19647\" srcset=\"https:\/\/www.enzo-und-ferdinand.de\/wp-content\/uploads\/2025\/02\/P90588163_highRes_bmw-energy-master-810x591.jpg 810w, https:\/\/www.enzo-und-ferdinand.de\/wp-content\/uploads\/2025\/02\/P90588163_highRes_bmw-energy-master-300x219.jpg 300w, https:\/\/www.enzo-und-ferdinand.de\/wp-content\/uploads\/2025\/02\/P90588163_highRes_bmw-energy-master-768x561.jpg 768w, https:\/\/www.enzo-und-ferdinand.de\/wp-content\/uploads\/2025\/02\/P90588163_highRes_bmw-energy-master.jpg 1500w\" sizes=\"auto, (max-width: 810px) 100vw, 810px\" \/><figcaption class=\"wp-element-caption\"><em>BMW Energy Maste<\/em><\/figcaption><\/figure>\n\n\n\n<figure class=\"wp-block-image size-large\"><img loading=\"lazy\" decoding=\"async\" width=\"810\" height=\"540\" data-id=\"19643\" src=\"https:\/\/www.enzo-und-ferdinand.de\/wp-content\/uploads\/2025\/02\/P90587600_highRes_bmw-electric-engine--810x540.jpg\" alt=\"\" class=\"wp-image-19643\" srcset=\"https:\/\/www.enzo-und-ferdinand.de\/wp-content\/uploads\/2025\/02\/P90587600_highRes_bmw-electric-engine--810x540.jpg 810w, https:\/\/www.enzo-und-ferdinand.de\/wp-content\/uploads\/2025\/02\/P90587600_highRes_bmw-electric-engine--300x200.jpg 300w, https:\/\/www.enzo-und-ferdinand.de\/wp-content\/uploads\/2025\/02\/P90587600_highRes_bmw-electric-engine--768x512.jpg 768w, https:\/\/www.enzo-und-ferdinand.de\/wp-content\/uploads\/2025\/02\/P90587600_highRes_bmw-electric-engine--120x80.jpg 120w, https:\/\/www.enzo-und-ferdinand.de\/wp-content\/uploads\/2025\/02\/P90587600_highRes_bmw-electric-engine-.jpg 1500w\" sizes=\"auto, (max-width: 810px) 100vw, 810px\" \/><figcaption class=\"wp-element-caption\"><em>BMW Elektrische Antriebsmaschine 6. Generation Vorderachse<\/em><\/figcaption><\/figure>\n<\/figure>\n\n\n\n<p class=\"has-text-align-right has-small-font-size wp-block-paragraph\">Fotos: BMW Group\/Text: Rainer Ro\u00dfbach<\/p>\n\n\n\n<p class=\"wp-block-paragraph\"><\/p>\n","protected":false},"excerpt":{"rendered":"<p>Mit der neuen 6. Generation der BMW eDrive Technologie, der sogenannten \u201eGen6\u201c, gelingt der BMW Group ein gro\u00dfer technologischer Sprung in der Elektromobilit\u00e4t. Zu den produktseitigen Verbesserungen z\u00e4hlen eine 30 Prozent h\u00f6here Ladegeschwindigkeit und 30 Prozent gr\u00f6\u00dfere Reichweite \u2013 modellspezifisch sogar mehr. Dar\u00fcber hinaus verf\u00fcgt das Hochvoltbatteriekonzept der Gen6 erstmals \u00fcber die neue 800-Volt-Technologie. Die Gen6 wird ab diesem Jahr in der Neuen Klasse zum ersten Mal eingesetzt und in der Folge das vollelektrische Produktportfolio der BMW Group antreiben.\u00a0<\/p>\n","protected":false},"author":1,"featured_media":19645,"comment_status":"closed","ping_status":"closed","sticky":false,"template":"","format":"standard","meta":{"_crdt_document":"","ngg_post_thumbnail":0,"footnotes":""},"categories":[681,586],"tags":[202],"class_list":["post-19641","post","type-post","status-publish","format-standard","has-post-thumbnail","hentry","category-elektro","category-technologie","tag-bmw"],"yoast_head":"<!-- This site is optimized with the Yoast SEO plugin v27.5 - https:\/\/yoast.com\/product\/yoast-seo-wordpress\/ -->\n<title>BMW Gen6 Hochvoltbatteriekonzept<\/title>\n<meta name=\"description\" content=\"BMW Gen6 Elektromobilit\u00e4t BMW eDrive Technologie Hochvoltbatteriekonzept 800-Volt-Technologie Neue Klasse BMW M GmbH Pack-to-open-Body Cell-to-Pack BMW Rundzelle bidirektionales Laden BMW Energy Master Remote-Software-Upgrade\" \/>\n<meta name=\"robots\" content=\"index, follow, max-snippet:-1, max-image-preview:large, max-video-preview:-1\" \/>\n<link rel=\"canonical\" href=\"https:\/\/www.enzo-und-ferdinand.de\/index.php\/2025\/02\/24\/bmw-gen6-hochvoltbatteriekonzept\/\" \/>\n<meta property=\"og:locale\" content=\"de_DE\" \/>\n<meta property=\"og:type\" content=\"article\" \/>\n<meta property=\"og:title\" content=\"BMW Gen6 Hochvoltbatteriekonzept\" \/>\n<meta property=\"og:description\" content=\"BMW Gen6 Elektromobilit\u00e4t BMW eDrive Technologie Hochvoltbatteriekonzept 800-Volt-Technologie Neue Klasse BMW M GmbH Pack-to-open-Body Cell-to-Pack BMW Rundzelle bidirektionales Laden BMW Energy Master Remote-Software-Upgrade\" \/>\n<meta property=\"og:url\" content=\"https:\/\/www.enzo-und-ferdinand.de\/index.php\/2025\/02\/24\/bmw-gen6-hochvoltbatteriekonzept\/\" \/>\n<meta property=\"og:site_name\" content=\"enzo &amp; Ferdinand\" \/>\n<meta property=\"article:published_time\" content=\"2025-02-24T06:57:32+00:00\" \/>\n<meta property=\"article:modified_time\" content=\"2025-02-24T06:57:34+00:00\" \/>\n<meta property=\"og:image\" content=\"https:\/\/www.enzo-und-ferdinand.de\/wp-content\/uploads\/2025\/02\/P90588063_highRes_e-engine-production-.jpg\" \/>\n\t<meta property=\"og:image:width\" content=\"1500\" \/>\n\t<meta property=\"og:image:height\" content=\"1000\" \/>\n\t<meta property=\"og:image:type\" content=\"image\/jpeg\" \/>\n<meta name=\"author\" content=\"Rainer Ro\u00dfbach\" \/>\n<meta name=\"twitter:card\" content=\"summary_large_image\" \/>\n<meta name=\"twitter:label1\" content=\"Verfasst von\" \/>\n\t<meta name=\"twitter:data1\" content=\"Rainer Ro\u00dfbach\" \/>\n\t<meta name=\"twitter:label2\" content=\"Gesch\u00e4tzte Lesezeit\" \/>\n\t<meta name=\"twitter:data2\" content=\"2\u00a0Minuten\" \/>\n<script type=\"application\/ld+json\" class=\"yoast-schema-graph\">{\"@context\":\"https:\\\/\\\/schema.org\",\"@graph\":[{\"@type\":\"Article\",\"@id\":\"https:\\\/\\\/www.enzo-und-ferdinand.de\\\/index.php\\\/2025\\\/02\\\/24\\\/bmw-gen6-hochvoltbatteriekonzept\\\/#article\",\"isPartOf\":{\"@id\":\"https:\\\/\\\/www.enzo-und-ferdinand.de\\\/index.php\\\/2025\\\/02\\\/24\\\/bmw-gen6-hochvoltbatteriekonzept\\\/\"},\"author\":{\"name\":\"Rainer Ro\u00dfbach\",\"@id\":\"https:\\\/\\\/www.enzo-und-ferdinand.de\\\/#\\\/schema\\\/person\\\/aff2eb9ff87705987c1b9d21fe10b095\"},\"headline\":\"BMW Gen6 Hochvoltbatteriekonzept\",\"datePublished\":\"2025-02-24T06:57:32+00:00\",\"dateModified\":\"2025-02-24T06:57:34+00:00\",\"mainEntityOfPage\":{\"@id\":\"https:\\\/\\\/www.enzo-und-ferdinand.de\\\/index.php\\\/2025\\\/02\\\/24\\\/bmw-gen6-hochvoltbatteriekonzept\\\/\"},\"wordCount\":334,\"publisher\":{\"@id\":\"https:\\\/\\\/www.enzo-und-ferdinand.de\\\/#organization\"},\"image\":{\"@id\":\"https:\\\/\\\/www.enzo-und-ferdinand.de\\\/index.php\\\/2025\\\/02\\\/24\\\/bmw-gen6-hochvoltbatteriekonzept\\\/#primaryimage\"},\"thumbnailUrl\":\"https:\\\/\\\/www.enzo-und-ferdinand.de\\\/wp-content\\\/uploads\\\/2025\\\/02\\\/P90588063_highRes_e-engine-production-.jpg\",\"keywords\":[\"BMW\"],\"articleSection\":[\"Elektro\",\"Technologie\"],\"inLanguage\":\"de\"},{\"@type\":\"WebPage\",\"@id\":\"https:\\\/\\\/www.enzo-und-ferdinand.de\\\/index.php\\\/2025\\\/02\\\/24\\\/bmw-gen6-hochvoltbatteriekonzept\\\/\",\"url\":\"https:\\\/\\\/www.enzo-und-ferdinand.de\\\/index.php\\\/2025\\\/02\\\/24\\\/bmw-gen6-hochvoltbatteriekonzept\\\/\",\"name\":\"BMW Gen6 Hochvoltbatteriekonzept\",\"isPartOf\":{\"@id\":\"https:\\\/\\\/www.enzo-und-ferdinand.de\\\/#website\"},\"primaryImageOfPage\":{\"@id\":\"https:\\\/\\\/www.enzo-und-ferdinand.de\\\/index.php\\\/2025\\\/02\\\/24\\\/bmw-gen6-hochvoltbatteriekonzept\\\/#primaryimage\"},\"image\":{\"@id\":\"https:\\\/\\\/www.enzo-und-ferdinand.de\\\/index.php\\\/2025\\\/02\\\/24\\\/bmw-gen6-hochvoltbatteriekonzept\\\/#primaryimage\"},\"thumbnailUrl\":\"https:\\\/\\\/www.enzo-und-ferdinand.de\\\/wp-content\\\/uploads\\\/2025\\\/02\\\/P90588063_highRes_e-engine-production-.jpg\",\"datePublished\":\"2025-02-24T06:57:32+00:00\",\"dateModified\":\"2025-02-24T06:57:34+00:00\",\"description\":\"BMW Gen6 Elektromobilit\u00e4t BMW eDrive Technologie Hochvoltbatteriekonzept 800-Volt-Technologie Neue Klasse BMW M GmbH Pack-to-open-Body Cell-to-Pack BMW Rundzelle bidirektionales Laden BMW Energy Master Remote-Software-Upgrade\",\"breadcrumb\":{\"@id\":\"https:\\\/\\\/www.enzo-und-ferdinand.de\\\/index.php\\\/2025\\\/02\\\/24\\\/bmw-gen6-hochvoltbatteriekonzept\\\/#breadcrumb\"},\"inLanguage\":\"de\",\"potentialAction\":[{\"@type\":\"ReadAction\",\"target\":[\"https:\\\/\\\/www.enzo-und-ferdinand.de\\\/index.php\\\/2025\\\/02\\\/24\\\/bmw-gen6-hochvoltbatteriekonzept\\\/\"]}]},{\"@type\":\"ImageObject\",\"inLanguage\":\"de\",\"@id\":\"https:\\\/\\\/www.enzo-und-ferdinand.de\\\/index.php\\\/2025\\\/02\\\/24\\\/bmw-gen6-hochvoltbatteriekonzept\\\/#primaryimage\",\"url\":\"https:\\\/\\\/www.enzo-und-ferdinand.de\\\/wp-content\\\/uploads\\\/2025\\\/02\\\/P90588063_highRes_e-engine-production-.jpg\",\"contentUrl\":\"https:\\\/\\\/www.enzo-und-ferdinand.de\\\/wp-content\\\/uploads\\\/2025\\\/02\\\/P90588063_highRes_e-engine-production-.jpg\",\"width\":1500,\"height\":1000,\"caption\":\"BMW Gen6 Hochvoltbatteriekonzept\"},{\"@type\":\"BreadcrumbList\",\"@id\":\"https:\\\/\\\/www.enzo-und-ferdinand.de\\\/index.php\\\/2025\\\/02\\\/24\\\/bmw-gen6-hochvoltbatteriekonzept\\\/#breadcrumb\",\"itemListElement\":[{\"@type\":\"ListItem\",\"position\":1,\"name\":\"Startseite\",\"item\":\"https:\\\/\\\/www.enzo-und-ferdinand.de\\\/\"},{\"@type\":\"ListItem\",\"position\":2,\"name\":\"BMW Gen6 Hochvoltbatteriekonzept\"}]},{\"@type\":\"WebSite\",\"@id\":\"https:\\\/\\\/www.enzo-und-ferdinand.de\\\/#website\",\"url\":\"https:\\\/\\\/www.enzo-und-ferdinand.de\\\/\",\"name\":\"enzo & Ferdinand\",\"description\":\"\",\"publisher\":{\"@id\":\"https:\\\/\\\/www.enzo-und-ferdinand.de\\\/#organization\"},\"potentialAction\":[{\"@type\":\"SearchAction\",\"target\":{\"@type\":\"EntryPoint\",\"urlTemplate\":\"https:\\\/\\\/www.enzo-und-ferdinand.de\\\/?s={search_term_string}\"},\"query-input\":{\"@type\":\"PropertyValueSpecification\",\"valueRequired\":true,\"valueName\":\"search_term_string\"}}],\"inLanguage\":\"de\"},{\"@type\":\"Organization\",\"@id\":\"https:\\\/\\\/www.enzo-und-ferdinand.de\\\/#organization\",\"name\":\"enzo & Ferdinand\",\"url\":\"https:\\\/\\\/www.enzo-und-ferdinand.de\\\/\",\"logo\":{\"@type\":\"ImageObject\",\"inLanguage\":\"de\",\"@id\":\"https:\\\/\\\/www.enzo-und-ferdinand.de\\\/#\\\/schema\\\/logo\\\/image\\\/\",\"url\":\"https:\\\/\\\/www.enzo-und-ferdinand.de\\\/wp-content\\\/uploads\\\/2018\\\/12\\\/revvvs-icon.png\",\"contentUrl\":\"https:\\\/\\\/www.enzo-und-ferdinand.de\\\/wp-content\\\/uploads\\\/2018\\\/12\\\/revvvs-icon.png\",\"width\":512,\"height\":512,\"caption\":\"enzo & Ferdinand\"},\"image\":{\"@id\":\"https:\\\/\\\/www.enzo-und-ferdinand.de\\\/#\\\/schema\\\/logo\\\/image\\\/\"}},{\"@type\":\"Person\",\"@id\":\"https:\\\/\\\/www.enzo-und-ferdinand.de\\\/#\\\/schema\\\/person\\\/aff2eb9ff87705987c1b9d21fe10b095\",\"name\":\"Rainer Ro\u00dfbach\",\"image\":{\"@type\":\"ImageObject\",\"inLanguage\":\"de\",\"@id\":\"https:\\\/\\\/www.enzo-und-ferdinand.de\\\/wp-content\\\/uploads\\\/2026\\\/01\\\/Rainer-Rossbach-150x150.jpg\",\"url\":\"https:\\\/\\\/www.enzo-und-ferdinand.de\\\/wp-content\\\/uploads\\\/2026\\\/01\\\/Rainer-Rossbach-150x150.jpg\",\"contentUrl\":\"https:\\\/\\\/www.enzo-und-ferdinand.de\\\/wp-content\\\/uploads\\\/2026\\\/01\\\/Rainer-Rossbach-150x150.jpg\",\"caption\":\"Rainer Ro\u00dfbach\"},\"url\":\"https:\\\/\\\/www.enzo-und-ferdinand.de\\\/index.php\\\/author\\\/redaktion\\\/\"}]}<\/script>\n<!-- \/ Yoast SEO plugin. -->","yoast_head_json":{"title":"BMW Gen6 Hochvoltbatteriekonzept","description":"BMW Gen6 Elektromobilit\u00e4t BMW eDrive Technologie Hochvoltbatteriekonzept 800-Volt-Technologie Neue Klasse BMW M GmbH Pack-to-open-Body Cell-to-Pack BMW Rundzelle bidirektionales Laden BMW Energy Master Remote-Software-Upgrade","robots":{"index":"index","follow":"follow","max-snippet":"max-snippet:-1","max-image-preview":"max-image-preview:large","max-video-preview":"max-video-preview:-1"},"canonical":"https:\/\/www.enzo-und-ferdinand.de\/index.php\/2025\/02\/24\/bmw-gen6-hochvoltbatteriekonzept\/","og_locale":"de_DE","og_type":"article","og_title":"BMW Gen6 Hochvoltbatteriekonzept","og_description":"BMW Gen6 Elektromobilit\u00e4t BMW eDrive Technologie Hochvoltbatteriekonzept 800-Volt-Technologie Neue Klasse BMW M GmbH Pack-to-open-Body Cell-to-Pack BMW Rundzelle bidirektionales Laden BMW Energy Master Remote-Software-Upgrade","og_url":"https:\/\/www.enzo-und-ferdinand.de\/index.php\/2025\/02\/24\/bmw-gen6-hochvoltbatteriekonzept\/","og_site_name":"enzo &amp; Ferdinand","article_published_time":"2025-02-24T06:57:32+00:00","article_modified_time":"2025-02-24T06:57:34+00:00","og_image":[{"width":1500,"height":1000,"url":"https:\/\/www.enzo-und-ferdinand.de\/wp-content\/uploads\/2025\/02\/P90588063_highRes_e-engine-production-.jpg","type":"image\/jpeg"}],"author":"Rainer Ro\u00dfbach","twitter_card":"summary_large_image","twitter_misc":{"Verfasst von":"Rainer Ro\u00dfbach","Gesch\u00e4tzte Lesezeit":"2\u00a0Minuten"},"schema":{"@context":"https:\/\/schema.org","@graph":[{"@type":"Article","@id":"https:\/\/www.enzo-und-ferdinand.de\/index.php\/2025\/02\/24\/bmw-gen6-hochvoltbatteriekonzept\/#article","isPartOf":{"@id":"https:\/\/www.enzo-und-ferdinand.de\/index.php\/2025\/02\/24\/bmw-gen6-hochvoltbatteriekonzept\/"},"author":{"name":"Rainer Ro\u00dfbach","@id":"https:\/\/www.enzo-und-ferdinand.de\/#\/schema\/person\/aff2eb9ff87705987c1b9d21fe10b095"},"headline":"BMW Gen6 Hochvoltbatteriekonzept","datePublished":"2025-02-24T06:57:32+00:00","dateModified":"2025-02-24T06:57:34+00:00","mainEntityOfPage":{"@id":"https:\/\/www.enzo-und-ferdinand.de\/index.php\/2025\/02\/24\/bmw-gen6-hochvoltbatteriekonzept\/"},"wordCount":334,"publisher":{"@id":"https:\/\/www.enzo-und-ferdinand.de\/#organization"},"image":{"@id":"https:\/\/www.enzo-und-ferdinand.de\/index.php\/2025\/02\/24\/bmw-gen6-hochvoltbatteriekonzept\/#primaryimage"},"thumbnailUrl":"https:\/\/www.enzo-und-ferdinand.de\/wp-content\/uploads\/2025\/02\/P90588063_highRes_e-engine-production-.jpg","keywords":["BMW"],"articleSection":["Elektro","Technologie"],"inLanguage":"de"},{"@type":"WebPage","@id":"https:\/\/www.enzo-und-ferdinand.de\/index.php\/2025\/02\/24\/bmw-gen6-hochvoltbatteriekonzept\/","url":"https:\/\/www.enzo-und-ferdinand.de\/index.php\/2025\/02\/24\/bmw-gen6-hochvoltbatteriekonzept\/","name":"BMW Gen6 Hochvoltbatteriekonzept","isPartOf":{"@id":"https:\/\/www.enzo-und-ferdinand.de\/#website"},"primaryImageOfPage":{"@id":"https:\/\/www.enzo-und-ferdinand.de\/index.php\/2025\/02\/24\/bmw-gen6-hochvoltbatteriekonzept\/#primaryimage"},"image":{"@id":"https:\/\/www.enzo-und-ferdinand.de\/index.php\/2025\/02\/24\/bmw-gen6-hochvoltbatteriekonzept\/#primaryimage"},"thumbnailUrl":"https:\/\/www.enzo-und-ferdinand.de\/wp-content\/uploads\/2025\/02\/P90588063_highRes_e-engine-production-.jpg","datePublished":"2025-02-24T06:57:32+00:00","dateModified":"2025-02-24T06:57:34+00:00","description":"BMW Gen6 Elektromobilit\u00e4t BMW eDrive Technologie Hochvoltbatteriekonzept 800-Volt-Technologie Neue Klasse BMW M GmbH Pack-to-open-Body Cell-to-Pack BMW Rundzelle bidirektionales Laden BMW Energy Master Remote-Software-Upgrade","breadcrumb":{"@id":"https:\/\/www.enzo-und-ferdinand.de\/index.php\/2025\/02\/24\/bmw-gen6-hochvoltbatteriekonzept\/#breadcrumb"},"inLanguage":"de","potentialAction":[{"@type":"ReadAction","target":["https:\/\/www.enzo-und-ferdinand.de\/index.php\/2025\/02\/24\/bmw-gen6-hochvoltbatteriekonzept\/"]}]},{"@type":"ImageObject","inLanguage":"de","@id":"https:\/\/www.enzo-und-ferdinand.de\/index.php\/2025\/02\/24\/bmw-gen6-hochvoltbatteriekonzept\/#primaryimage","url":"https:\/\/www.enzo-und-ferdinand.de\/wp-content\/uploads\/2025\/02\/P90588063_highRes_e-engine-production-.jpg","contentUrl":"https:\/\/www.enzo-und-ferdinand.de\/wp-content\/uploads\/2025\/02\/P90588063_highRes_e-engine-production-.jpg","width":1500,"height":1000,"caption":"BMW Gen6 Hochvoltbatteriekonzept"},{"@type":"BreadcrumbList","@id":"https:\/\/www.enzo-und-ferdinand.de\/index.php\/2025\/02\/24\/bmw-gen6-hochvoltbatteriekonzept\/#breadcrumb","itemListElement":[{"@type":"ListItem","position":1,"name":"Startseite","item":"https:\/\/www.enzo-und-ferdinand.de\/"},{"@type":"ListItem","position":2,"name":"BMW Gen6 Hochvoltbatteriekonzept"}]},{"@type":"WebSite","@id":"https:\/\/www.enzo-und-ferdinand.de\/#website","url":"https:\/\/www.enzo-und-ferdinand.de\/","name":"enzo & Ferdinand","description":"","publisher":{"@id":"https:\/\/www.enzo-und-ferdinand.de\/#organization"},"potentialAction":[{"@type":"SearchAction","target":{"@type":"EntryPoint","urlTemplate":"https:\/\/www.enzo-und-ferdinand.de\/?s={search_term_string}"},"query-input":{"@type":"PropertyValueSpecification","valueRequired":true,"valueName":"search_term_string"}}],"inLanguage":"de"},{"@type":"Organization","@id":"https:\/\/www.enzo-und-ferdinand.de\/#organization","name":"enzo & Ferdinand","url":"https:\/\/www.enzo-und-ferdinand.de\/","logo":{"@type":"ImageObject","inLanguage":"de","@id":"https:\/\/www.enzo-und-ferdinand.de\/#\/schema\/logo\/image\/","url":"https:\/\/www.enzo-und-ferdinand.de\/wp-content\/uploads\/2018\/12\/revvvs-icon.png","contentUrl":"https:\/\/www.enzo-und-ferdinand.de\/wp-content\/uploads\/2018\/12\/revvvs-icon.png","width":512,"height":512,"caption":"enzo & Ferdinand"},"image":{"@id":"https:\/\/www.enzo-und-ferdinand.de\/#\/schema\/logo\/image\/"}},{"@type":"Person","@id":"https:\/\/www.enzo-und-ferdinand.de\/#\/schema\/person\/aff2eb9ff87705987c1b9d21fe10b095","name":"Rainer Ro\u00dfbach","image":{"@type":"ImageObject","inLanguage":"de","@id":"https:\/\/www.enzo-und-ferdinand.de\/wp-content\/uploads\/2026\/01\/Rainer-Rossbach-150x150.jpg","url":"https:\/\/www.enzo-und-ferdinand.de\/wp-content\/uploads\/2026\/01\/Rainer-Rossbach-150x150.jpg","contentUrl":"https:\/\/www.enzo-und-ferdinand.de\/wp-content\/uploads\/2026\/01\/Rainer-Rossbach-150x150.jpg","caption":"Rainer Ro\u00dfbach"},"url":"https:\/\/www.enzo-und-ferdinand.de\/index.php\/author\/redaktion\/"}]}},"_links":{"self":[{"href":"https:\/\/www.enzo-und-ferdinand.de\/index.php\/wp-json\/wp\/v2\/posts\/19641","targetHints":{"allow":["GET"]}}],"collection":[{"href":"https:\/\/www.enzo-und-ferdinand.de\/index.php\/wp-json\/wp\/v2\/posts"}],"about":[{"href":"https:\/\/www.enzo-und-ferdinand.de\/index.php\/wp-json\/wp\/v2\/types\/post"}],"author":[{"embeddable":true,"href":"https:\/\/www.enzo-und-ferdinand.de\/index.php\/wp-json\/wp\/v2\/users\/1"}],"replies":[{"embeddable":true,"href":"https:\/\/www.enzo-und-ferdinand.de\/index.php\/wp-json\/wp\/v2\/comments?post=19641"}],"version-history":[{"count":4,"href":"https:\/\/www.enzo-und-ferdinand.de\/index.php\/wp-json\/wp\/v2\/posts\/19641\/revisions"}],"predecessor-version":[{"id":19650,"href":"https:\/\/www.enzo-und-ferdinand.de\/index.php\/wp-json\/wp\/v2\/posts\/19641\/revisions\/19650"}],"wp:featuredmedia":[{"embeddable":true,"href":"https:\/\/www.enzo-und-ferdinand.de\/index.php\/wp-json\/wp\/v2\/media\/19645"}],"wp:attachment":[{"href":"https:\/\/www.enzo-und-ferdinand.de\/index.php\/wp-json\/wp\/v2\/media?parent=19641"}],"wp:term":[{"taxonomy":"category","embeddable":true,"href":"https:\/\/www.enzo-und-ferdinand.de\/index.php\/wp-json\/wp\/v2\/categories?post=19641"},{"taxonomy":"post_tag","embeddable":true,"href":"https:\/\/www.enzo-und-ferdinand.de\/index.php\/wp-json\/wp\/v2\/tags?post=19641"}],"curies":[{"name":"wp","href":"https:\/\/api.w.org\/{rel}","templated":true}]}}