{"id":19742,"date":"2025-03-14T08:12:42","date_gmt":"2025-03-14T07:12:42","guid":{"rendered":"https:\/\/www.enzo-und-ferdinand.de\/?p=19742"},"modified":"2025-03-14T08:12:44","modified_gmt":"2025-03-14T07:12:44","slug":"lotus-emira-turbo-se-emira-v6","status":"publish","type":"post","link":"https:\/\/www.enzo-und-ferdinand.de\/index.php\/2025\/03\/14\/lotus-emira-turbo-se-emira-v6\/","title":{"rendered":"Lotus Emira Turbo SE\/Emira V6"},"content":{"rendered":"\n<figure class=\"wp-block-image size-large is-resized\"><img loading=\"lazy\" decoding=\"async\" width=\"810\" height=\"540\" src=\"https:\/\/www.enzo-und-ferdinand.de\/wp-content\/uploads\/2025\/03\/Lotus_Emira_V6_Atlantis-Blue-rear-810x540.jpg\" alt=\"\" class=\"wp-image-19744\" style=\"width:880px;height:auto\" srcset=\"https:\/\/www.enzo-und-ferdinand.de\/wp-content\/uploads\/2025\/03\/Lotus_Emira_V6_Atlantis-Blue-rear-810x540.jpg 810w, https:\/\/www.enzo-und-ferdinand.de\/wp-content\/uploads\/2025\/03\/Lotus_Emira_V6_Atlantis-Blue-rear-300x200.jpg 300w, https:\/\/www.enzo-und-ferdinand.de\/wp-content\/uploads\/2025\/03\/Lotus_Emira_V6_Atlantis-Blue-rear-768x512.jpg 768w, https:\/\/www.enzo-und-ferdinand.de\/wp-content\/uploads\/2025\/03\/Lotus_Emira_V6_Atlantis-Blue-rear-120x80.jpg 120w, https:\/\/www.enzo-und-ferdinand.de\/wp-content\/uploads\/2025\/03\/Lotus_Emira_V6_Atlantis-Blue-rear.jpg 1500w\" sizes=\"auto, (max-width: 810px) 100vw, 810px\" \/><\/figure>\n\n\n\n<p class=\"wp-block-paragraph\">Lotus hat seine Emira-Produktpalette \u00fcberarbeitet und bietet nun neben dem Emira V6 auch den neuen, leistungsst\u00e4rkeren Emira Turbo SE an. Beide bauen auf der fr\u00fcheren First Editions auf. Der Namen des neuen Emira Turbo SE leitet sich aus der Geschichte der Firma ab. Sein Antrieb ist ein Zweiliter-Turbo-Vierzylinder-Reihenmotor als Hommage an das Jahr 1980, in der der Turbo zum ersten Mal von Lotus eingesetzt wurde. Der Vier-Zylinder-Turbomotor des SE mit variabler Geometrie und einem 8-Gang-DCT-Getriebe, die beide vom Technologiepartner AMG stammen, entwickelt eine nun auf 400 PS gestiegene Leistung sowie ein um 50 Nm auf 480 Nm erh\u00f6htes Drehmoment. Damit erzielt der Wagen jetzt eine H\u00f6chstgeschwindigkeit von 290 km\/h&nbsp; und eine Beschleunigung von 0-100 km\/h in vier Sekunden.&nbsp;<\/p>\n\n\n\n<p class=\"wp-block-paragraph\">Serienm\u00e4\u00dfig kommt der SE&nbsp; mit dem Lotus Drivers Pac, das unter anderem ein Sportfahrwerk, verst\u00e4rkte, gelochte und bel\u00fcftete zweiteilige Bremsscheiben sowie eine Startkontrolle umfasst. Designmerkmale sind lackierte 20-Zoll-Schmieder\u00e4der, ein Dachhimmel aus Alcantara, rote Bremss\u00e4ttel, neue \u201eEmira Turbo SE\u201c-Schriftz\u00fcge, ein schwarzes Lotus-Branding sowie schwarze Lotus-Schriftz\u00fcge und Endrohre.<\/p>\n\n\n\n<p class=\"wp-block-paragraph\">Der Emira V6 hingegen hat einen gleichfalls 400 PS starken, ladungsgek\u00fchlten und aufgeladenen 3,5-Liter-V6-Motor, der entweder mit einem serienm\u00e4\u00dfigen Sechsgang-Schaltgetriebe oder einem optionalen Sechsgang-Automatikgetriebe kombiniert wird. Die Leistungsmerkmale des V6 sind wie gelochte und bel\u00fcftete zweiteilige Bremsscheiben sowie Touring-Fahrwerk und Sperrdifferenzial. Spezielle Designmerkmalen des Sechszylinder sind etwa Dachhimmel, A-S\u00e4ulen und Dachkante in schwarzem, technisch wirkenden Stoff sowie ein neues Modellbranding.<\/p>\n\n\n\n<figure class=\"wp-block-image size-large is-resized\"><img loading=\"lazy\" decoding=\"async\" width=\"810\" height=\"540\" src=\"https:\/\/www.enzo-und-ferdinand.de\/wp-content\/uploads\/2025\/03\/Lotus_Emira_Vivid_Red_lineup_2025-810x540.jpg\" alt=\"\" class=\"wp-image-19746\" style=\"width:880px;height:auto\" srcset=\"https:\/\/www.enzo-und-ferdinand.de\/wp-content\/uploads\/2025\/03\/Lotus_Emira_Vivid_Red_lineup_2025-810x540.jpg 810w, https:\/\/www.enzo-und-ferdinand.de\/wp-content\/uploads\/2025\/03\/Lotus_Emira_Vivid_Red_lineup_2025-300x200.jpg 300w, https:\/\/www.enzo-und-ferdinand.de\/wp-content\/uploads\/2025\/03\/Lotus_Emira_Vivid_Red_lineup_2025-768x512.jpg 768w, https:\/\/www.enzo-und-ferdinand.de\/wp-content\/uploads\/2025\/03\/Lotus_Emira_Vivid_Red_lineup_2025-120x80.jpg 120w, https:\/\/www.enzo-und-ferdinand.de\/wp-content\/uploads\/2025\/03\/Lotus_Emira_Vivid_Red_lineup_2025.jpg 1500w\" sizes=\"auto, (max-width: 810px) 100vw, 810px\" \/><\/figure>\n\n\n\n<p class=\"has-text-align-right has-small-font-size wp-block-paragraph\">Fotos: Lotus\/Text: Rainer Ro\u00dfbach<\/p>\n","protected":false},"excerpt":{"rendered":"<p>Lotus hat seine Emira-Produktpalette \u00fcberarbeitet und bietet nun neben dem Emira V6 auch den neuen, leistungsst\u00e4rkeren Emira Turbo SE an. Beide bauen auf der fr\u00fcheren First Editions auf. Der Namen des neuen Emira Turbo SE leitet sich aus der Geschichte der Firma ab. Sein Antrieb ist ein Zweiliter-Turbo-Vierzylinder-Reihenmotor als Hommage an das Jahr 1980, in der der Turbo zum ersten Mal von Lotus eingesetzt wurde. Der Vier-Zylinder-Turbomotor des SE mit variabler Geometrie und einem 8-Gang-DCT-Getriebe, die beide vom Technologiepartner AMG stammen, entwickelt eine nun auf 400 PS gestiegene Leistung sowie ein um 50 Nm auf 480 Nm erh\u00f6htes Drehmoment. Damit erzielt der Wagen jetzt eine H\u00f6chstgeschwindigkeit von 290 km\/h\u00a0 und eine Beschleunigung von 0-100 km\/h in vier Sekunden.\u00a0<\/p>\n","protected":false},"author":1,"featured_media":19745,"comment_status":"closed","ping_status":"closed","sticky":false,"template":"","format":"standard","meta":{"_crdt_document":"","ngg_post_thumbnail":0,"footnotes":""},"categories":[23],"tags":[336],"class_list":["post-19742","post","type-post","status-publish","format-standard","has-post-thumbnail","hentry","category-performance","tag-lotus"],"yoast_head":"<!-- This site is optimized with the Yoast SEO plugin v27.5 - https:\/\/yoast.com\/product\/yoast-seo-wordpress\/ -->\n<title>Lotus Emira Turbo SE\/Emira V6<\/title>\n<meta name=\"description\" content=\"Rainer Ro\u00dfbach Rainer Rossbach enzo-und-ferdinand enzo&amp;ferdinand Lotus Emira Turbo SE Lotus Emira V6 Zweiliter-Turbo-Vierzylinder-Reihenmotor AMG Lotus Drivers Pac Sportfahrwerk bel\u00fcftete zweiteilige Bremsscheiben V6-Motor Sperrdifferenzial\" \/>\n<meta name=\"robots\" content=\"index, follow, max-snippet:-1, max-image-preview:large, max-video-preview:-1\" \/>\n<link rel=\"canonical\" href=\"https:\/\/www.enzo-und-ferdinand.de\/index.php\/2025\/03\/14\/lotus-emira-turbo-se-emira-v6\/\" \/>\n<meta property=\"og:locale\" content=\"de_DE\" \/>\n<meta property=\"og:type\" content=\"article\" \/>\n<meta property=\"og:title\" content=\"Lotus Emira Turbo SE\/Emira V6\" \/>\n<meta property=\"og:description\" content=\"Rainer Ro\u00dfbach Rainer Rossbach enzo-und-ferdinand enzo&amp;ferdinand Lotus Emira Turbo SE Lotus Emira V6 Zweiliter-Turbo-Vierzylinder-Reihenmotor AMG Lotus Drivers Pac Sportfahrwerk bel\u00fcftete zweiteilige Bremsscheiben V6-Motor Sperrdifferenzial\" \/>\n<meta property=\"og:url\" content=\"https:\/\/www.enzo-und-ferdinand.de\/index.php\/2025\/03\/14\/lotus-emira-turbo-se-emira-v6\/\" \/>\n<meta property=\"og:site_name\" content=\"enzo &amp; Ferdinand\" \/>\n<meta property=\"article:published_time\" content=\"2025-03-14T07:12:42+00:00\" \/>\n<meta property=\"article:modified_time\" content=\"2025-03-14T07:12:44+00:00\" \/>\n<meta property=\"og:image\" content=\"https:\/\/www.enzo-und-ferdinand.de\/wp-content\/uploads\/2025\/03\/Lotus_Emira_V6_Atlantis-Blue.jpg\" \/>\n\t<meta property=\"og:image:width\" content=\"1500\" \/>\n\t<meta property=\"og:image:height\" content=\"1000\" \/>\n\t<meta property=\"og:image:type\" content=\"image\/jpeg\" \/>\n<meta name=\"author\" content=\"Rainer Ro\u00dfbach\" \/>\n<meta name=\"twitter:card\" content=\"summary_large_image\" \/>\n<meta name=\"twitter:label1\" content=\"Verfasst von\" \/>\n\t<meta name=\"twitter:data1\" content=\"Rainer Ro\u00dfbach\" \/>\n\t<meta name=\"twitter:label2\" content=\"Gesch\u00e4tzte Lesezeit\" \/>\n\t<meta name=\"twitter:data2\" content=\"1\u00a0Minute\" \/>\n<script type=\"application\/ld+json\" class=\"yoast-schema-graph\">{\"@context\":\"https:\\\/\\\/schema.org\",\"@graph\":[{\"@type\":\"Article\",\"@id\":\"https:\\\/\\\/www.enzo-und-ferdinand.de\\\/index.php\\\/2025\\\/03\\\/14\\\/lotus-emira-turbo-se-emira-v6\\\/#article\",\"isPartOf\":{\"@id\":\"https:\\\/\\\/www.enzo-und-ferdinand.de\\\/index.php\\\/2025\\\/03\\\/14\\\/lotus-emira-turbo-se-emira-v6\\\/\"},\"author\":{\"name\":\"Rainer Ro\u00dfbach\",\"@id\":\"https:\\\/\\\/www.enzo-und-ferdinand.de\\\/#\\\/schema\\\/person\\\/aff2eb9ff87705987c1b9d21fe10b095\"},\"headline\":\"Lotus Emira Turbo SE\\\/Emira V6\",\"datePublished\":\"2025-03-14T07:12:42+00:00\",\"dateModified\":\"2025-03-14T07:12:44+00:00\",\"mainEntityOfPage\":{\"@id\":\"https:\\\/\\\/www.enzo-und-ferdinand.de\\\/index.php\\\/2025\\\/03\\\/14\\\/lotus-emira-turbo-se-emira-v6\\\/\"},\"wordCount\":252,\"publisher\":{\"@id\":\"https:\\\/\\\/www.enzo-und-ferdinand.de\\\/#organization\"},\"image\":{\"@id\":\"https:\\\/\\\/www.enzo-und-ferdinand.de\\\/index.php\\\/2025\\\/03\\\/14\\\/lotus-emira-turbo-se-emira-v6\\\/#primaryimage\"},\"thumbnailUrl\":\"https:\\\/\\\/www.enzo-und-ferdinand.de\\\/wp-content\\\/uploads\\\/2025\\\/03\\\/Lotus_Emira_V6_Atlantis-Blue.jpg\",\"keywords\":[\"Lotus\"],\"articleSection\":[\"Performance\"],\"inLanguage\":\"de\"},{\"@type\":\"WebPage\",\"@id\":\"https:\\\/\\\/www.enzo-und-ferdinand.de\\\/index.php\\\/2025\\\/03\\\/14\\\/lotus-emira-turbo-se-emira-v6\\\/\",\"url\":\"https:\\\/\\\/www.enzo-und-ferdinand.de\\\/index.php\\\/2025\\\/03\\\/14\\\/lotus-emira-turbo-se-emira-v6\\\/\",\"name\":\"Lotus Emira Turbo SE\\\/Emira V6\",\"isPartOf\":{\"@id\":\"https:\\\/\\\/www.enzo-und-ferdinand.de\\\/#website\"},\"primaryImageOfPage\":{\"@id\":\"https:\\\/\\\/www.enzo-und-ferdinand.de\\\/index.php\\\/2025\\\/03\\\/14\\\/lotus-emira-turbo-se-emira-v6\\\/#primaryimage\"},\"image\":{\"@id\":\"https:\\\/\\\/www.enzo-und-ferdinand.de\\\/index.php\\\/2025\\\/03\\\/14\\\/lotus-emira-turbo-se-emira-v6\\\/#primaryimage\"},\"thumbnailUrl\":\"https:\\\/\\\/www.enzo-und-ferdinand.de\\\/wp-content\\\/uploads\\\/2025\\\/03\\\/Lotus_Emira_V6_Atlantis-Blue.jpg\",\"datePublished\":\"2025-03-14T07:12:42+00:00\",\"dateModified\":\"2025-03-14T07:12:44+00:00\",\"description\":\"Rainer Ro\u00dfbach Rainer Rossbach enzo-und-ferdinand enzo&ferdinand Lotus Emira Turbo SE Lotus Emira V6 Zweiliter-Turbo-Vierzylinder-Reihenmotor AMG Lotus Drivers Pac Sportfahrwerk bel\u00fcftete zweiteilige Bremsscheiben V6-Motor Sperrdifferenzial\",\"breadcrumb\":{\"@id\":\"https:\\\/\\\/www.enzo-und-ferdinand.de\\\/index.php\\\/2025\\\/03\\\/14\\\/lotus-emira-turbo-se-emira-v6\\\/#breadcrumb\"},\"inLanguage\":\"de\",\"potentialAction\":[{\"@type\":\"ReadAction\",\"target\":[\"https:\\\/\\\/www.enzo-und-ferdinand.de\\\/index.php\\\/2025\\\/03\\\/14\\\/lotus-emira-turbo-se-emira-v6\\\/\"]}]},{\"@type\":\"ImageObject\",\"inLanguage\":\"de\",\"@id\":\"https:\\\/\\\/www.enzo-und-ferdinand.de\\\/index.php\\\/2025\\\/03\\\/14\\\/lotus-emira-turbo-se-emira-v6\\\/#primaryimage\",\"url\":\"https:\\\/\\\/www.enzo-und-ferdinand.de\\\/wp-content\\\/uploads\\\/2025\\\/03\\\/Lotus_Emira_V6_Atlantis-Blue.jpg\",\"contentUrl\":\"https:\\\/\\\/www.enzo-und-ferdinand.de\\\/wp-content\\\/uploads\\\/2025\\\/03\\\/Lotus_Emira_V6_Atlantis-Blue.jpg\",\"width\":1500,\"height\":1000,\"caption\":\"Lotus Emira\"},{\"@type\":\"BreadcrumbList\",\"@id\":\"https:\\\/\\\/www.enzo-und-ferdinand.de\\\/index.php\\\/2025\\\/03\\\/14\\\/lotus-emira-turbo-se-emira-v6\\\/#breadcrumb\",\"itemListElement\":[{\"@type\":\"ListItem\",\"position\":1,\"name\":\"Startseite\",\"item\":\"https:\\\/\\\/www.enzo-und-ferdinand.de\\\/\"},{\"@type\":\"ListItem\",\"position\":2,\"name\":\"Lotus Emira Turbo SE\\\/Emira V6\"}]},{\"@type\":\"WebSite\",\"@id\":\"https:\\\/\\\/www.enzo-und-ferdinand.de\\\/#website\",\"url\":\"https:\\\/\\\/www.enzo-und-ferdinand.de\\\/\",\"name\":\"enzo & Ferdinand\",\"description\":\"\",\"publisher\":{\"@id\":\"https:\\\/\\\/www.enzo-und-ferdinand.de\\\/#organization\"},\"potentialAction\":[{\"@type\":\"SearchAction\",\"target\":{\"@type\":\"EntryPoint\",\"urlTemplate\":\"https:\\\/\\\/www.enzo-und-ferdinand.de\\\/?s={search_term_string}\"},\"query-input\":{\"@type\":\"PropertyValueSpecification\",\"valueRequired\":true,\"valueName\":\"search_term_string\"}}],\"inLanguage\":\"de\"},{\"@type\":\"Organization\",\"@id\":\"https:\\\/\\\/www.enzo-und-ferdinand.de\\\/#organization\",\"name\":\"enzo & Ferdinand\",\"url\":\"https:\\\/\\\/www.enzo-und-ferdinand.de\\\/\",\"logo\":{\"@type\":\"ImageObject\",\"inLanguage\":\"de\",\"@id\":\"https:\\\/\\\/www.enzo-und-ferdinand.de\\\/#\\\/schema\\\/logo\\\/image\\\/\",\"url\":\"https:\\\/\\\/www.enzo-und-ferdinand.de\\\/wp-content\\\/uploads\\\/2018\\\/12\\\/revvvs-icon.png\",\"contentUrl\":\"https:\\\/\\\/www.enzo-und-ferdinand.de\\\/wp-content\\\/uploads\\\/2018\\\/12\\\/revvvs-icon.png\",\"width\":512,\"height\":512,\"caption\":\"enzo & Ferdinand\"},\"image\":{\"@id\":\"https:\\\/\\\/www.enzo-und-ferdinand.de\\\/#\\\/schema\\\/logo\\\/image\\\/\"}},{\"@type\":\"Person\",\"@id\":\"https:\\\/\\\/www.enzo-und-ferdinand.de\\\/#\\\/schema\\\/person\\\/aff2eb9ff87705987c1b9d21fe10b095\",\"name\":\"Rainer Ro\u00dfbach\",\"image\":{\"@type\":\"ImageObject\",\"inLanguage\":\"de\",\"@id\":\"https:\\\/\\\/www.enzo-und-ferdinand.de\\\/wp-content\\\/uploads\\\/2026\\\/01\\\/Rainer-Rossbach-150x150.jpg\",\"url\":\"https:\\\/\\\/www.enzo-und-ferdinand.de\\\/wp-content\\\/uploads\\\/2026\\\/01\\\/Rainer-Rossbach-150x150.jpg\",\"contentUrl\":\"https:\\\/\\\/www.enzo-und-ferdinand.de\\\/wp-content\\\/uploads\\\/2026\\\/01\\\/Rainer-Rossbach-150x150.jpg\",\"caption\":\"Rainer Ro\u00dfbach\"},\"url\":\"https:\\\/\\\/www.enzo-und-ferdinand.de\\\/index.php\\\/author\\\/redaktion\\\/\"}]}<\/script>\n<!-- \/ Yoast SEO plugin. -->","yoast_head_json":{"title":"Lotus Emira Turbo SE\/Emira V6","description":"Rainer Ro\u00dfbach Rainer Rossbach enzo-und-ferdinand enzo&ferdinand Lotus Emira Turbo SE Lotus Emira V6 Zweiliter-Turbo-Vierzylinder-Reihenmotor AMG Lotus Drivers Pac Sportfahrwerk bel\u00fcftete zweiteilige Bremsscheiben V6-Motor Sperrdifferenzial","robots":{"index":"index","follow":"follow","max-snippet":"max-snippet:-1","max-image-preview":"max-image-preview:large","max-video-preview":"max-video-preview:-1"},"canonical":"https:\/\/www.enzo-und-ferdinand.de\/index.php\/2025\/03\/14\/lotus-emira-turbo-se-emira-v6\/","og_locale":"de_DE","og_type":"article","og_title":"Lotus Emira Turbo SE\/Emira V6","og_description":"Rainer Ro\u00dfbach Rainer Rossbach enzo-und-ferdinand enzo&ferdinand Lotus Emira Turbo SE Lotus Emira V6 Zweiliter-Turbo-Vierzylinder-Reihenmotor AMG Lotus Drivers Pac Sportfahrwerk bel\u00fcftete zweiteilige Bremsscheiben V6-Motor Sperrdifferenzial","og_url":"https:\/\/www.enzo-und-ferdinand.de\/index.php\/2025\/03\/14\/lotus-emira-turbo-se-emira-v6\/","og_site_name":"enzo &amp; Ferdinand","article_published_time":"2025-03-14T07:12:42+00:00","article_modified_time":"2025-03-14T07:12:44+00:00","og_image":[{"width":1500,"height":1000,"url":"https:\/\/www.enzo-und-ferdinand.de\/wp-content\/uploads\/2025\/03\/Lotus_Emira_V6_Atlantis-Blue.jpg","type":"image\/jpeg"}],"author":"Rainer Ro\u00dfbach","twitter_card":"summary_large_image","twitter_misc":{"Verfasst von":"Rainer Ro\u00dfbach","Gesch\u00e4tzte Lesezeit":"1\u00a0Minute"},"schema":{"@context":"https:\/\/schema.org","@graph":[{"@type":"Article","@id":"https:\/\/www.enzo-und-ferdinand.de\/index.php\/2025\/03\/14\/lotus-emira-turbo-se-emira-v6\/#article","isPartOf":{"@id":"https:\/\/www.enzo-und-ferdinand.de\/index.php\/2025\/03\/14\/lotus-emira-turbo-se-emira-v6\/"},"author":{"name":"Rainer Ro\u00dfbach","@id":"https:\/\/www.enzo-und-ferdinand.de\/#\/schema\/person\/aff2eb9ff87705987c1b9d21fe10b095"},"headline":"Lotus Emira Turbo SE\/Emira V6","datePublished":"2025-03-14T07:12:42+00:00","dateModified":"2025-03-14T07:12:44+00:00","mainEntityOfPage":{"@id":"https:\/\/www.enzo-und-ferdinand.de\/index.php\/2025\/03\/14\/lotus-emira-turbo-se-emira-v6\/"},"wordCount":252,"publisher":{"@id":"https:\/\/www.enzo-und-ferdinand.de\/#organization"},"image":{"@id":"https:\/\/www.enzo-und-ferdinand.de\/index.php\/2025\/03\/14\/lotus-emira-turbo-se-emira-v6\/#primaryimage"},"thumbnailUrl":"https:\/\/www.enzo-und-ferdinand.de\/wp-content\/uploads\/2025\/03\/Lotus_Emira_V6_Atlantis-Blue.jpg","keywords":["Lotus"],"articleSection":["Performance"],"inLanguage":"de"},{"@type":"WebPage","@id":"https:\/\/www.enzo-und-ferdinand.de\/index.php\/2025\/03\/14\/lotus-emira-turbo-se-emira-v6\/","url":"https:\/\/www.enzo-und-ferdinand.de\/index.php\/2025\/03\/14\/lotus-emira-turbo-se-emira-v6\/","name":"Lotus Emira Turbo SE\/Emira V6","isPartOf":{"@id":"https:\/\/www.enzo-und-ferdinand.de\/#website"},"primaryImageOfPage":{"@id":"https:\/\/www.enzo-und-ferdinand.de\/index.php\/2025\/03\/14\/lotus-emira-turbo-se-emira-v6\/#primaryimage"},"image":{"@id":"https:\/\/www.enzo-und-ferdinand.de\/index.php\/2025\/03\/14\/lotus-emira-turbo-se-emira-v6\/#primaryimage"},"thumbnailUrl":"https:\/\/www.enzo-und-ferdinand.de\/wp-content\/uploads\/2025\/03\/Lotus_Emira_V6_Atlantis-Blue.jpg","datePublished":"2025-03-14T07:12:42+00:00","dateModified":"2025-03-14T07:12:44+00:00","description":"Rainer Ro\u00dfbach Rainer Rossbach enzo-und-ferdinand enzo&ferdinand Lotus Emira Turbo SE Lotus Emira V6 Zweiliter-Turbo-Vierzylinder-Reihenmotor AMG Lotus Drivers Pac Sportfahrwerk bel\u00fcftete zweiteilige Bremsscheiben V6-Motor Sperrdifferenzial","breadcrumb":{"@id":"https:\/\/www.enzo-und-ferdinand.de\/index.php\/2025\/03\/14\/lotus-emira-turbo-se-emira-v6\/#breadcrumb"},"inLanguage":"de","potentialAction":[{"@type":"ReadAction","target":["https:\/\/www.enzo-und-ferdinand.de\/index.php\/2025\/03\/14\/lotus-emira-turbo-se-emira-v6\/"]}]},{"@type":"ImageObject","inLanguage":"de","@id":"https:\/\/www.enzo-und-ferdinand.de\/index.php\/2025\/03\/14\/lotus-emira-turbo-se-emira-v6\/#primaryimage","url":"https:\/\/www.enzo-und-ferdinand.de\/wp-content\/uploads\/2025\/03\/Lotus_Emira_V6_Atlantis-Blue.jpg","contentUrl":"https:\/\/www.enzo-und-ferdinand.de\/wp-content\/uploads\/2025\/03\/Lotus_Emira_V6_Atlantis-Blue.jpg","width":1500,"height":1000,"caption":"Lotus Emira"},{"@type":"BreadcrumbList","@id":"https:\/\/www.enzo-und-ferdinand.de\/index.php\/2025\/03\/14\/lotus-emira-turbo-se-emira-v6\/#breadcrumb","itemListElement":[{"@type":"ListItem","position":1,"name":"Startseite","item":"https:\/\/www.enzo-und-ferdinand.de\/"},{"@type":"ListItem","position":2,"name":"Lotus Emira Turbo SE\/Emira V6"}]},{"@type":"WebSite","@id":"https:\/\/www.enzo-und-ferdinand.de\/#website","url":"https:\/\/www.enzo-und-ferdinand.de\/","name":"enzo & Ferdinand","description":"","publisher":{"@id":"https:\/\/www.enzo-und-ferdinand.de\/#organization"},"potentialAction":[{"@type":"SearchAction","target":{"@type":"EntryPoint","urlTemplate":"https:\/\/www.enzo-und-ferdinand.de\/?s={search_term_string}"},"query-input":{"@type":"PropertyValueSpecification","valueRequired":true,"valueName":"search_term_string"}}],"inLanguage":"de"},{"@type":"Organization","@id":"https:\/\/www.enzo-und-ferdinand.de\/#organization","name":"enzo & Ferdinand","url":"https:\/\/www.enzo-und-ferdinand.de\/","logo":{"@type":"ImageObject","inLanguage":"de","@id":"https:\/\/www.enzo-und-ferdinand.de\/#\/schema\/logo\/image\/","url":"https:\/\/www.enzo-und-ferdinand.de\/wp-content\/uploads\/2018\/12\/revvvs-icon.png","contentUrl":"https:\/\/www.enzo-und-ferdinand.de\/wp-content\/uploads\/2018\/12\/revvvs-icon.png","width":512,"height":512,"caption":"enzo & Ferdinand"},"image":{"@id":"https:\/\/www.enzo-und-ferdinand.de\/#\/schema\/logo\/image\/"}},{"@type":"Person","@id":"https:\/\/www.enzo-und-ferdinand.de\/#\/schema\/person\/aff2eb9ff87705987c1b9d21fe10b095","name":"Rainer Ro\u00dfbach","image":{"@type":"ImageObject","inLanguage":"de","@id":"https:\/\/www.enzo-und-ferdinand.de\/wp-content\/uploads\/2026\/01\/Rainer-Rossbach-150x150.jpg","url":"https:\/\/www.enzo-und-ferdinand.de\/wp-content\/uploads\/2026\/01\/Rainer-Rossbach-150x150.jpg","contentUrl":"https:\/\/www.enzo-und-ferdinand.de\/wp-content\/uploads\/2026\/01\/Rainer-Rossbach-150x150.jpg","caption":"Rainer Ro\u00dfbach"},"url":"https:\/\/www.enzo-und-ferdinand.de\/index.php\/author\/redaktion\/"}]}},"_links":{"self":[{"href":"https:\/\/www.enzo-und-ferdinand.de\/index.php\/wp-json\/wp\/v2\/posts\/19742","targetHints":{"allow":["GET"]}}],"collection":[{"href":"https:\/\/www.enzo-und-ferdinand.de\/index.php\/wp-json\/wp\/v2\/posts"}],"about":[{"href":"https:\/\/www.enzo-und-ferdinand.de\/index.php\/wp-json\/wp\/v2\/types\/post"}],"author":[{"embeddable":true,"href":"https:\/\/www.enzo-und-ferdinand.de\/index.php\/wp-json\/wp\/v2\/users\/1"}],"replies":[{"embeddable":true,"href":"https:\/\/www.enzo-und-ferdinand.de\/index.php\/wp-json\/wp\/v2\/comments?post=19742"}],"version-history":[{"count":2,"href":"https:\/\/www.enzo-und-ferdinand.de\/index.php\/wp-json\/wp\/v2\/posts\/19742\/revisions"}],"predecessor-version":[{"id":19747,"href":"https:\/\/www.enzo-und-ferdinand.de\/index.php\/wp-json\/wp\/v2\/posts\/19742\/revisions\/19747"}],"wp:featuredmedia":[{"embeddable":true,"href":"https:\/\/www.enzo-und-ferdinand.de\/index.php\/wp-json\/wp\/v2\/media\/19745"}],"wp:attachment":[{"href":"https:\/\/www.enzo-und-ferdinand.de\/index.php\/wp-json\/wp\/v2\/media?parent=19742"}],"wp:term":[{"taxonomy":"category","embeddable":true,"href":"https:\/\/www.enzo-und-ferdinand.de\/index.php\/wp-json\/wp\/v2\/categories?post=19742"},{"taxonomy":"post_tag","embeddable":true,"href":"https:\/\/www.enzo-und-ferdinand.de\/index.php\/wp-json\/wp\/v2\/tags?post=19742"}],"curies":[{"name":"wp","href":"https:\/\/api.w.org\/{rel}","templated":true}]}}