{"id":19748,"date":"2025-03-12T07:59:23","date_gmt":"2025-03-12T06:59:23","guid":{"rendered":"https:\/\/www.enzo-und-ferdinand.de\/?p=19748"},"modified":"2025-03-12T07:59:25","modified_gmt":"2025-03-12T06:59:25","slug":"bmw-m-hybrid-v8-jubilaeumsfarben","status":"publish","type":"post","link":"https:\/\/www.enzo-und-ferdinand.de\/index.php\/2025\/03\/12\/bmw-m-hybrid-v8-jubilaeumsfarben\/","title":{"rendered":"BMW M Hybrid V8: Jubil\u00e4umsfarben"},"content":{"rendered":"\n<figure class=\"wp-block-image size-large is-resized\"><img loading=\"lazy\" decoding=\"async\" width=\"810\" height=\"540\" src=\"https:\/\/www.enzo-und-ferdinand.de\/wp-content\/uploads\/2025\/03\/P90591067_highRes_starke-usa-10-march--810x540.jpg\" alt=\"BMW M Hybrid V8 Team RLL, BMW 3.0 CSL\" class=\"wp-image-19751\" style=\"width:880px;height:auto\" srcset=\"https:\/\/www.enzo-und-ferdinand.de\/wp-content\/uploads\/2025\/03\/P90591067_highRes_starke-usa-10-march--810x540.jpg 810w, https:\/\/www.enzo-und-ferdinand.de\/wp-content\/uploads\/2025\/03\/P90591067_highRes_starke-usa-10-march--300x200.jpg 300w, https:\/\/www.enzo-und-ferdinand.de\/wp-content\/uploads\/2025\/03\/P90591067_highRes_starke-usa-10-march--768x512.jpg 768w, https:\/\/www.enzo-und-ferdinand.de\/wp-content\/uploads\/2025\/03\/P90591067_highRes_starke-usa-10-march--120x80.jpg 120w, https:\/\/www.enzo-und-ferdinand.de\/wp-content\/uploads\/2025\/03\/P90591067_highRes_starke-usa-10-march-.jpg 1500w\" sizes=\"auto, (max-width: 810px) 100vw, 810px\" \/><\/figure>\n\n\n\n<p class=\"wp-block-paragraph\">BMW of North America feiert in diesem Jahr seinen 50. Geburtstag, und die 12 Stunden von Sebring in Florida spielen in dieser Historie eine besondere Rolle. Denn die Geschichte von BMW of North America begann 1975 mit dem Sieg des BMW 3.0 CSL in Sebring. Entsprechend gehen die beiden BMW M Hybrid V8 des BMW M Teams RLL in dieser Saison ab dem zweiten Rennen der IMSA WeatherTech SportsCar Championship (IWSC) mit einer besonderen Folierung an den Start.<\/p>\n\n\n\n<p class=\"wp-block-paragraph\">1975 war f\u00fcr BMW in Nordamerika ein bedeutendes Jahr: BMW of North America wurde am 15. M\u00e4rz gegr\u00fcndet, und nur wenige Tage sp\u00e4ter folgte mit dem Sebring-Erfolg des BMW 3.0 CSL der erste gro\u00dfe BMW Sieg in einem Sportwagenrennen in den USA. Der Triumph kam damals im ersten Rennen \u00fcberhaupt, das die BMW Motorsport GmbH und das neu gegr\u00fcndete BMW of North America gemeinsam bestritten haben. <\/p>\n\n\n\n<figure class=\"wp-block-image size-large is-resized\"><img loading=\"lazy\" decoding=\"async\" width=\"810\" height=\"540\" src=\"https:\/\/www.enzo-und-ferdinand.de\/wp-content\/uploads\/2025\/03\/P90591073_highRes_starke-usa-10-march--810x540.jpg\" alt=\"BMW M Hybrid V8 Team RLL, BMW 3.0 CSL\" class=\"wp-image-19754\" style=\"width:880px;height:auto\" srcset=\"https:\/\/www.enzo-und-ferdinand.de\/wp-content\/uploads\/2025\/03\/P90591073_highRes_starke-usa-10-march--810x540.jpg 810w, https:\/\/www.enzo-und-ferdinand.de\/wp-content\/uploads\/2025\/03\/P90591073_highRes_starke-usa-10-march--300x200.jpg 300w, https:\/\/www.enzo-und-ferdinand.de\/wp-content\/uploads\/2025\/03\/P90591073_highRes_starke-usa-10-march--768x512.jpg 768w, https:\/\/www.enzo-und-ferdinand.de\/wp-content\/uploads\/2025\/03\/P90591073_highRes_starke-usa-10-march--120x80.jpg 120w, https:\/\/www.enzo-und-ferdinand.de\/wp-content\/uploads\/2025\/03\/P90591073_highRes_starke-usa-10-march-.jpg 1500w\" sizes=\"auto, (max-width: 810px) 100vw, 810px\" \/><\/figure>\n\n\n\n<p class=\"wp-block-paragraph\">Auf den Tag genau 50 Jahre sp\u00e4ter erinnert die Farbgebung der BMW M Hybrid V8 bei den 12 Stunden von Sebring an ein halbes Jahrhundert der Rennsporterfolge in Nordamerika. Sie zeigt die wichtigsten Meilensteine von 1975 bis heute, eingebunden in die Streckensilhouette von Sebring. Als Zeitzeugen sind Jochen Neerpasch, Mitbegr\u00fcnder und erster Gesch\u00e4ftsf\u00fchrer der BMW Motorsport GmbH, sowie Brian Redman (USA), Sebring-Sieger von 1975, beim Jubil\u00e4um mit vor Ort. Die beiden BMW M Hybrid V8 werden die Jubil\u00e4ums-Designs auch im weiteren Saisonverlauf der IWSC tragen.<\/p>\n\n\n\n<p class=\"wp-block-paragraph\">Die 12 Stunden von Sebring markieren die zweite Veranstaltung der IWSC-Saison 2025. Bei dem Langstreckenklassiker in Florida m\u00f6chten die BMW M Motorsport Teams die Erfolgsgeschichte fortschreiben. Das BMW M Team RLL k\u00e4mpfte mit den beiden in der GTP-Klasse eingesetzten BMW M Hybrid V8 bereits beim Saisonauftakt im Januar in Daytona (USA) um das Gesamtpodium.<\/p>\n\n\n\n<figure class=\"wp-block-gallery has-nested-images columns-2 is-cropped wp-block-gallery-1 is-layout-flex wp-block-gallery-is-layout-flex\">\n<figure class=\"wp-block-image size-large\"><img loading=\"lazy\" decoding=\"async\" width=\"810\" height=\"540\" data-id=\"19755\" src=\"https:\/\/www.enzo-und-ferdinand.de\/wp-content\/uploads\/2025\/03\/P90591075_highRes_starke-usa-10-march--810x540.jpg\" alt=\"BMW M Hybrid V8 Team RLL\" class=\"wp-image-19755\" srcset=\"https:\/\/www.enzo-und-ferdinand.de\/wp-content\/uploads\/2025\/03\/P90591075_highRes_starke-usa-10-march--810x540.jpg 810w, https:\/\/www.enzo-und-ferdinand.de\/wp-content\/uploads\/2025\/03\/P90591075_highRes_starke-usa-10-march--300x200.jpg 300w, https:\/\/www.enzo-und-ferdinand.de\/wp-content\/uploads\/2025\/03\/P90591075_highRes_starke-usa-10-march--768x512.jpg 768w, https:\/\/www.enzo-und-ferdinand.de\/wp-content\/uploads\/2025\/03\/P90591075_highRes_starke-usa-10-march--120x80.jpg 120w, https:\/\/www.enzo-und-ferdinand.de\/wp-content\/uploads\/2025\/03\/P90591075_highRes_starke-usa-10-march-.jpg 1500w\" sizes=\"auto, (max-width: 810px) 100vw, 810px\" \/><\/figure>\n\n\n\n<figure class=\"wp-block-image size-large\"><img loading=\"lazy\" decoding=\"async\" width=\"810\" height=\"540\" data-id=\"19752\" src=\"https:\/\/www.enzo-und-ferdinand.de\/wp-content\/uploads\/2025\/03\/P90591068_highRes_starke-usa-10-march--810x540.jpg\" alt=\"BMW M Hybrid V8 Team RLL\" class=\"wp-image-19752\" srcset=\"https:\/\/www.enzo-und-ferdinand.de\/wp-content\/uploads\/2025\/03\/P90591068_highRes_starke-usa-10-march--810x540.jpg 810w, https:\/\/www.enzo-und-ferdinand.de\/wp-content\/uploads\/2025\/03\/P90591068_highRes_starke-usa-10-march--300x200.jpg 300w, https:\/\/www.enzo-und-ferdinand.de\/wp-content\/uploads\/2025\/03\/P90591068_highRes_starke-usa-10-march--768x512.jpg 768w, https:\/\/www.enzo-und-ferdinand.de\/wp-content\/uploads\/2025\/03\/P90591068_highRes_starke-usa-10-march--120x80.jpg 120w, https:\/\/www.enzo-und-ferdinand.de\/wp-content\/uploads\/2025\/03\/P90591068_highRes_starke-usa-10-march-.jpg 1500w\" sizes=\"auto, (max-width: 810px) 100vw, 810px\" \/><\/figure>\n\n\n\n<figure class=\"wp-block-image size-large\"><img loading=\"lazy\" decoding=\"async\" width=\"810\" height=\"540\" data-id=\"19756\" src=\"https:\/\/www.enzo-und-ferdinand.de\/wp-content\/uploads\/2025\/03\/P90591082_highRes_starke-usa-10-march--810x540.jpg\" alt=\"BMW M Hybrid V8 Team RLL\" class=\"wp-image-19756\" srcset=\"https:\/\/www.enzo-und-ferdinand.de\/wp-content\/uploads\/2025\/03\/P90591082_highRes_starke-usa-10-march--810x540.jpg 810w, https:\/\/www.enzo-und-ferdinand.de\/wp-content\/uploads\/2025\/03\/P90591082_highRes_starke-usa-10-march--300x200.jpg 300w, https:\/\/www.enzo-und-ferdinand.de\/wp-content\/uploads\/2025\/03\/P90591082_highRes_starke-usa-10-march--768x512.jpg 768w, https:\/\/www.enzo-und-ferdinand.de\/wp-content\/uploads\/2025\/03\/P90591082_highRes_starke-usa-10-march--120x80.jpg 120w, https:\/\/www.enzo-und-ferdinand.de\/wp-content\/uploads\/2025\/03\/P90591082_highRes_starke-usa-10-march-.jpg 1500w\" sizes=\"auto, (max-width: 810px) 100vw, 810px\" \/><\/figure>\n<\/figure>\n\n\n\n<p class=\"has-text-align-right has-small-font-size wp-block-paragraph\">Fotos: BMW Group \/Text:BMW Group, rr<\/p>\n","protected":false},"excerpt":{"rendered":"<p>BMW of North America feiert in diesem Jahr seinen 50. Geburtstag, und die 12 Stunden von Sebring in Florida spielen in dieser Historie eine besondere Rolle. Denn die Geschichte von BMW of North America begann 1975 mit dem Sieg des BMW 3.0 CSL in Sebring. Entsprechend gehen die beiden BMW M Hybrid V8 des BMW M Teams RLL in dieser Saison ab dem zweiten Rennen der IMSA WeatherTech SportsCar Championship (IWSC) mit einer besonderen Folierung an den Start.<\/p>\n","protected":false},"author":1,"featured_media":19753,"comment_status":"closed","ping_status":"closed","sticky":false,"template":"","format":"standard","meta":{"_crdt_document":"","ngg_post_thumbnail":0,"footnotes":""},"categories":[703,23,5],"tags":[635],"class_list":["post-19748","post","type-post","status-publish","format-standard","has-post-thumbnail","hentry","category-hypercar","category-performance","category-rennsport","tag-wec"],"yoast_head":"<!-- This site is optimized with the Yoast SEO plugin v27.5 - https:\/\/yoast.com\/product\/yoast-seo-wordpress\/ -->\n<title>BMW M Hybrid V8: Jubil\u00e4umsfarben<\/title>\n<meta name=\"description\" content=\"BMW M Hybrid V8 Jubil\u00e4um BMW of North America 12 Stunden von Sebring BMW CSL BMW Motorsport GmbH Jochen Neerpasch Brian Redman IWSC IMSA BMW M Team RLL Daytona USA\" \/>\n<meta name=\"robots\" content=\"index, follow, max-snippet:-1, max-image-preview:large, max-video-preview:-1\" \/>\n<link rel=\"canonical\" href=\"https:\/\/www.enzo-und-ferdinand.de\/index.php\/2025\/03\/12\/bmw-m-hybrid-v8-jubilaeumsfarben\/\" \/>\n<meta property=\"og:locale\" content=\"de_DE\" \/>\n<meta property=\"og:type\" content=\"article\" \/>\n<meta property=\"og:title\" content=\"BMW M Hybrid V8: Jubil\u00e4umsfarben\" \/>\n<meta property=\"og:description\" content=\"BMW M Hybrid V8 Jubil\u00e4um BMW of North America 12 Stunden von Sebring BMW CSL BMW Motorsport GmbH Jochen Neerpasch Brian Redman IWSC IMSA BMW M Team RLL Daytona USA\" \/>\n<meta property=\"og:url\" content=\"https:\/\/www.enzo-und-ferdinand.de\/index.php\/2025\/03\/12\/bmw-m-hybrid-v8-jubilaeumsfarben\/\" \/>\n<meta property=\"og:site_name\" content=\"enzo &amp; Ferdinand\" \/>\n<meta property=\"article:published_time\" content=\"2025-03-12T06:59:23+00:00\" \/>\n<meta property=\"article:modified_time\" content=\"2025-03-12T06:59:25+00:00\" \/>\n<meta property=\"og:image\" content=\"https:\/\/www.enzo-und-ferdinand.de\/wp-content\/uploads\/2025\/03\/P90591071_highRes_starke-usa-10-march-.jpg\" \/>\n\t<meta property=\"og:image:width\" content=\"1500\" \/>\n\t<meta property=\"og:image:height\" content=\"1000\" \/>\n\t<meta property=\"og:image:type\" content=\"image\/jpeg\" \/>\n<meta name=\"author\" content=\"Rainer Ro\u00dfbach\" \/>\n<meta name=\"twitter:card\" content=\"summary_large_image\" \/>\n<meta name=\"twitter:label1\" content=\"Verfasst von\" \/>\n\t<meta name=\"twitter:data1\" content=\"Rainer Ro\u00dfbach\" \/>\n\t<meta name=\"twitter:label2\" content=\"Gesch\u00e4tzte Lesezeit\" \/>\n\t<meta name=\"twitter:data2\" content=\"1\u00a0Minute\" \/>\n<script type=\"application\/ld+json\" class=\"yoast-schema-graph\">{\"@context\":\"https:\\\/\\\/schema.org\",\"@graph\":[{\"@type\":\"Article\",\"@id\":\"https:\\\/\\\/www.enzo-und-ferdinand.de\\\/index.php\\\/2025\\\/03\\\/12\\\/bmw-m-hybrid-v8-jubilaeumsfarben\\\/#article\",\"isPartOf\":{\"@id\":\"https:\\\/\\\/www.enzo-und-ferdinand.de\\\/index.php\\\/2025\\\/03\\\/12\\\/bmw-m-hybrid-v8-jubilaeumsfarben\\\/\"},\"author\":{\"name\":\"Rainer Ro\u00dfbach\",\"@id\":\"https:\\\/\\\/www.enzo-und-ferdinand.de\\\/#\\\/schema\\\/person\\\/aff2eb9ff87705987c1b9d21fe10b095\"},\"headline\":\"BMW M Hybrid V8: Jubil\u00e4umsfarben\",\"datePublished\":\"2025-03-12T06:59:23+00:00\",\"dateModified\":\"2025-03-12T06:59:25+00:00\",\"mainEntityOfPage\":{\"@id\":\"https:\\\/\\\/www.enzo-und-ferdinand.de\\\/index.php\\\/2025\\\/03\\\/12\\\/bmw-m-hybrid-v8-jubilaeumsfarben\\\/\"},\"wordCount\":297,\"publisher\":{\"@id\":\"https:\\\/\\\/www.enzo-und-ferdinand.de\\\/#organization\"},\"image\":{\"@id\":\"https:\\\/\\\/www.enzo-und-ferdinand.de\\\/index.php\\\/2025\\\/03\\\/12\\\/bmw-m-hybrid-v8-jubilaeumsfarben\\\/#primaryimage\"},\"thumbnailUrl\":\"https:\\\/\\\/www.enzo-und-ferdinand.de\\\/wp-content\\\/uploads\\\/2025\\\/03\\\/P90591071_highRes_starke-usa-10-march-.jpg\",\"keywords\":[\"WEC\"],\"articleSection\":[\"Hypercar\",\"Performance\",\"Rennsport\"],\"inLanguage\":\"de\"},{\"@type\":\"WebPage\",\"@id\":\"https:\\\/\\\/www.enzo-und-ferdinand.de\\\/index.php\\\/2025\\\/03\\\/12\\\/bmw-m-hybrid-v8-jubilaeumsfarben\\\/\",\"url\":\"https:\\\/\\\/www.enzo-und-ferdinand.de\\\/index.php\\\/2025\\\/03\\\/12\\\/bmw-m-hybrid-v8-jubilaeumsfarben\\\/\",\"name\":\"BMW M Hybrid V8: Jubil\u00e4umsfarben\",\"isPartOf\":{\"@id\":\"https:\\\/\\\/www.enzo-und-ferdinand.de\\\/#website\"},\"primaryImageOfPage\":{\"@id\":\"https:\\\/\\\/www.enzo-und-ferdinand.de\\\/index.php\\\/2025\\\/03\\\/12\\\/bmw-m-hybrid-v8-jubilaeumsfarben\\\/#primaryimage\"},\"image\":{\"@id\":\"https:\\\/\\\/www.enzo-und-ferdinand.de\\\/index.php\\\/2025\\\/03\\\/12\\\/bmw-m-hybrid-v8-jubilaeumsfarben\\\/#primaryimage\"},\"thumbnailUrl\":\"https:\\\/\\\/www.enzo-und-ferdinand.de\\\/wp-content\\\/uploads\\\/2025\\\/03\\\/P90591071_highRes_starke-usa-10-march-.jpg\",\"datePublished\":\"2025-03-12T06:59:23+00:00\",\"dateModified\":\"2025-03-12T06:59:25+00:00\",\"description\":\"BMW M Hybrid V8 Jubil\u00e4um BMW of North America 12 Stunden von Sebring BMW CSL BMW Motorsport GmbH Jochen Neerpasch Brian Redman IWSC IMSA BMW M Team RLL Daytona USA\",\"breadcrumb\":{\"@id\":\"https:\\\/\\\/www.enzo-und-ferdinand.de\\\/index.php\\\/2025\\\/03\\\/12\\\/bmw-m-hybrid-v8-jubilaeumsfarben\\\/#breadcrumb\"},\"inLanguage\":\"de\",\"potentialAction\":[{\"@type\":\"ReadAction\",\"target\":[\"https:\\\/\\\/www.enzo-und-ferdinand.de\\\/index.php\\\/2025\\\/03\\\/12\\\/bmw-m-hybrid-v8-jubilaeumsfarben\\\/\"]}]},{\"@type\":\"ImageObject\",\"inLanguage\":\"de\",\"@id\":\"https:\\\/\\\/www.enzo-und-ferdinand.de\\\/index.php\\\/2025\\\/03\\\/12\\\/bmw-m-hybrid-v8-jubilaeumsfarben\\\/#primaryimage\",\"url\":\"https:\\\/\\\/www.enzo-und-ferdinand.de\\\/wp-content\\\/uploads\\\/2025\\\/03\\\/P90591071_highRes_starke-usa-10-march-.jpg\",\"contentUrl\":\"https:\\\/\\\/www.enzo-und-ferdinand.de\\\/wp-content\\\/uploads\\\/2025\\\/03\\\/P90591071_highRes_starke-usa-10-march-.jpg\",\"width\":1500,\"height\":1000,\"caption\":\"BMW M Hybrid V8 Team RLL\"},{\"@type\":\"BreadcrumbList\",\"@id\":\"https:\\\/\\\/www.enzo-und-ferdinand.de\\\/index.php\\\/2025\\\/03\\\/12\\\/bmw-m-hybrid-v8-jubilaeumsfarben\\\/#breadcrumb\",\"itemListElement\":[{\"@type\":\"ListItem\",\"position\":1,\"name\":\"Startseite\",\"item\":\"https:\\\/\\\/www.enzo-und-ferdinand.de\\\/\"},{\"@type\":\"ListItem\",\"position\":2,\"name\":\"BMW M Hybrid V8: Jubil\u00e4umsfarben\"}]},{\"@type\":\"WebSite\",\"@id\":\"https:\\\/\\\/www.enzo-und-ferdinand.de\\\/#website\",\"url\":\"https:\\\/\\\/www.enzo-und-ferdinand.de\\\/\",\"name\":\"enzo & Ferdinand\",\"description\":\"\",\"publisher\":{\"@id\":\"https:\\\/\\\/www.enzo-und-ferdinand.de\\\/#organization\"},\"potentialAction\":[{\"@type\":\"SearchAction\",\"target\":{\"@type\":\"EntryPoint\",\"urlTemplate\":\"https:\\\/\\\/www.enzo-und-ferdinand.de\\\/?s={search_term_string}\"},\"query-input\":{\"@type\":\"PropertyValueSpecification\",\"valueRequired\":true,\"valueName\":\"search_term_string\"}}],\"inLanguage\":\"de\"},{\"@type\":\"Organization\",\"@id\":\"https:\\\/\\\/www.enzo-und-ferdinand.de\\\/#organization\",\"name\":\"enzo & Ferdinand\",\"url\":\"https:\\\/\\\/www.enzo-und-ferdinand.de\\\/\",\"logo\":{\"@type\":\"ImageObject\",\"inLanguage\":\"de\",\"@id\":\"https:\\\/\\\/www.enzo-und-ferdinand.de\\\/#\\\/schema\\\/logo\\\/image\\\/\",\"url\":\"https:\\\/\\\/www.enzo-und-ferdinand.de\\\/wp-content\\\/uploads\\\/2018\\\/12\\\/revvvs-icon.png\",\"contentUrl\":\"https:\\\/\\\/www.enzo-und-ferdinand.de\\\/wp-content\\\/uploads\\\/2018\\\/12\\\/revvvs-icon.png\",\"width\":512,\"height\":512,\"caption\":\"enzo & Ferdinand\"},\"image\":{\"@id\":\"https:\\\/\\\/www.enzo-und-ferdinand.de\\\/#\\\/schema\\\/logo\\\/image\\\/\"}},{\"@type\":\"Person\",\"@id\":\"https:\\\/\\\/www.enzo-und-ferdinand.de\\\/#\\\/schema\\\/person\\\/aff2eb9ff87705987c1b9d21fe10b095\",\"name\":\"Rainer Ro\u00dfbach\",\"image\":{\"@type\":\"ImageObject\",\"inLanguage\":\"de\",\"@id\":\"https:\\\/\\\/www.enzo-und-ferdinand.de\\\/wp-content\\\/uploads\\\/2026\\\/01\\\/Rainer-Rossbach-150x150.jpg\",\"url\":\"https:\\\/\\\/www.enzo-und-ferdinand.de\\\/wp-content\\\/uploads\\\/2026\\\/01\\\/Rainer-Rossbach-150x150.jpg\",\"contentUrl\":\"https:\\\/\\\/www.enzo-und-ferdinand.de\\\/wp-content\\\/uploads\\\/2026\\\/01\\\/Rainer-Rossbach-150x150.jpg\",\"caption\":\"Rainer Ro\u00dfbach\"},\"url\":\"https:\\\/\\\/www.enzo-und-ferdinand.de\\\/index.php\\\/author\\\/redaktion\\\/\"}]}<\/script>\n<!-- \/ Yoast SEO plugin. -->","yoast_head_json":{"title":"BMW M Hybrid V8: Jubil\u00e4umsfarben","description":"BMW M Hybrid V8 Jubil\u00e4um BMW of North America 12 Stunden von Sebring BMW CSL BMW Motorsport GmbH Jochen Neerpasch Brian Redman IWSC IMSA BMW M Team RLL Daytona USA","robots":{"index":"index","follow":"follow","max-snippet":"max-snippet:-1","max-image-preview":"max-image-preview:large","max-video-preview":"max-video-preview:-1"},"canonical":"https:\/\/www.enzo-und-ferdinand.de\/index.php\/2025\/03\/12\/bmw-m-hybrid-v8-jubilaeumsfarben\/","og_locale":"de_DE","og_type":"article","og_title":"BMW M Hybrid V8: Jubil\u00e4umsfarben","og_description":"BMW M Hybrid V8 Jubil\u00e4um BMW of North America 12 Stunden von Sebring BMW CSL BMW Motorsport GmbH Jochen Neerpasch Brian Redman IWSC IMSA BMW M Team RLL Daytona USA","og_url":"https:\/\/www.enzo-und-ferdinand.de\/index.php\/2025\/03\/12\/bmw-m-hybrid-v8-jubilaeumsfarben\/","og_site_name":"enzo &amp; Ferdinand","article_published_time":"2025-03-12T06:59:23+00:00","article_modified_time":"2025-03-12T06:59:25+00:00","og_image":[{"width":1500,"height":1000,"url":"https:\/\/www.enzo-und-ferdinand.de\/wp-content\/uploads\/2025\/03\/P90591071_highRes_starke-usa-10-march-.jpg","type":"image\/jpeg"}],"author":"Rainer Ro\u00dfbach","twitter_card":"summary_large_image","twitter_misc":{"Verfasst von":"Rainer Ro\u00dfbach","Gesch\u00e4tzte Lesezeit":"1\u00a0Minute"},"schema":{"@context":"https:\/\/schema.org","@graph":[{"@type":"Article","@id":"https:\/\/www.enzo-und-ferdinand.de\/index.php\/2025\/03\/12\/bmw-m-hybrid-v8-jubilaeumsfarben\/#article","isPartOf":{"@id":"https:\/\/www.enzo-und-ferdinand.de\/index.php\/2025\/03\/12\/bmw-m-hybrid-v8-jubilaeumsfarben\/"},"author":{"name":"Rainer Ro\u00dfbach","@id":"https:\/\/www.enzo-und-ferdinand.de\/#\/schema\/person\/aff2eb9ff87705987c1b9d21fe10b095"},"headline":"BMW M Hybrid V8: Jubil\u00e4umsfarben","datePublished":"2025-03-12T06:59:23+00:00","dateModified":"2025-03-12T06:59:25+00:00","mainEntityOfPage":{"@id":"https:\/\/www.enzo-und-ferdinand.de\/index.php\/2025\/03\/12\/bmw-m-hybrid-v8-jubilaeumsfarben\/"},"wordCount":297,"publisher":{"@id":"https:\/\/www.enzo-und-ferdinand.de\/#organization"},"image":{"@id":"https:\/\/www.enzo-und-ferdinand.de\/index.php\/2025\/03\/12\/bmw-m-hybrid-v8-jubilaeumsfarben\/#primaryimage"},"thumbnailUrl":"https:\/\/www.enzo-und-ferdinand.de\/wp-content\/uploads\/2025\/03\/P90591071_highRes_starke-usa-10-march-.jpg","keywords":["WEC"],"articleSection":["Hypercar","Performance","Rennsport"],"inLanguage":"de"},{"@type":"WebPage","@id":"https:\/\/www.enzo-und-ferdinand.de\/index.php\/2025\/03\/12\/bmw-m-hybrid-v8-jubilaeumsfarben\/","url":"https:\/\/www.enzo-und-ferdinand.de\/index.php\/2025\/03\/12\/bmw-m-hybrid-v8-jubilaeumsfarben\/","name":"BMW M Hybrid V8: Jubil\u00e4umsfarben","isPartOf":{"@id":"https:\/\/www.enzo-und-ferdinand.de\/#website"},"primaryImageOfPage":{"@id":"https:\/\/www.enzo-und-ferdinand.de\/index.php\/2025\/03\/12\/bmw-m-hybrid-v8-jubilaeumsfarben\/#primaryimage"},"image":{"@id":"https:\/\/www.enzo-und-ferdinand.de\/index.php\/2025\/03\/12\/bmw-m-hybrid-v8-jubilaeumsfarben\/#primaryimage"},"thumbnailUrl":"https:\/\/www.enzo-und-ferdinand.de\/wp-content\/uploads\/2025\/03\/P90591071_highRes_starke-usa-10-march-.jpg","datePublished":"2025-03-12T06:59:23+00:00","dateModified":"2025-03-12T06:59:25+00:00","description":"BMW M Hybrid V8 Jubil\u00e4um BMW of North America 12 Stunden von Sebring BMW CSL BMW Motorsport GmbH Jochen Neerpasch Brian Redman IWSC IMSA BMW M Team RLL Daytona USA","breadcrumb":{"@id":"https:\/\/www.enzo-und-ferdinand.de\/index.php\/2025\/03\/12\/bmw-m-hybrid-v8-jubilaeumsfarben\/#breadcrumb"},"inLanguage":"de","potentialAction":[{"@type":"ReadAction","target":["https:\/\/www.enzo-und-ferdinand.de\/index.php\/2025\/03\/12\/bmw-m-hybrid-v8-jubilaeumsfarben\/"]}]},{"@type":"ImageObject","inLanguage":"de","@id":"https:\/\/www.enzo-und-ferdinand.de\/index.php\/2025\/03\/12\/bmw-m-hybrid-v8-jubilaeumsfarben\/#primaryimage","url":"https:\/\/www.enzo-und-ferdinand.de\/wp-content\/uploads\/2025\/03\/P90591071_highRes_starke-usa-10-march-.jpg","contentUrl":"https:\/\/www.enzo-und-ferdinand.de\/wp-content\/uploads\/2025\/03\/P90591071_highRes_starke-usa-10-march-.jpg","width":1500,"height":1000,"caption":"BMW M Hybrid V8 Team RLL"},{"@type":"BreadcrumbList","@id":"https:\/\/www.enzo-und-ferdinand.de\/index.php\/2025\/03\/12\/bmw-m-hybrid-v8-jubilaeumsfarben\/#breadcrumb","itemListElement":[{"@type":"ListItem","position":1,"name":"Startseite","item":"https:\/\/www.enzo-und-ferdinand.de\/"},{"@type":"ListItem","position":2,"name":"BMW M Hybrid V8: Jubil\u00e4umsfarben"}]},{"@type":"WebSite","@id":"https:\/\/www.enzo-und-ferdinand.de\/#website","url":"https:\/\/www.enzo-und-ferdinand.de\/","name":"enzo & Ferdinand","description":"","publisher":{"@id":"https:\/\/www.enzo-und-ferdinand.de\/#organization"},"potentialAction":[{"@type":"SearchAction","target":{"@type":"EntryPoint","urlTemplate":"https:\/\/www.enzo-und-ferdinand.de\/?s={search_term_string}"},"query-input":{"@type":"PropertyValueSpecification","valueRequired":true,"valueName":"search_term_string"}}],"inLanguage":"de"},{"@type":"Organization","@id":"https:\/\/www.enzo-und-ferdinand.de\/#organization","name":"enzo & Ferdinand","url":"https:\/\/www.enzo-und-ferdinand.de\/","logo":{"@type":"ImageObject","inLanguage":"de","@id":"https:\/\/www.enzo-und-ferdinand.de\/#\/schema\/logo\/image\/","url":"https:\/\/www.enzo-und-ferdinand.de\/wp-content\/uploads\/2018\/12\/revvvs-icon.png","contentUrl":"https:\/\/www.enzo-und-ferdinand.de\/wp-content\/uploads\/2018\/12\/revvvs-icon.png","width":512,"height":512,"caption":"enzo & Ferdinand"},"image":{"@id":"https:\/\/www.enzo-und-ferdinand.de\/#\/schema\/logo\/image\/"}},{"@type":"Person","@id":"https:\/\/www.enzo-und-ferdinand.de\/#\/schema\/person\/aff2eb9ff87705987c1b9d21fe10b095","name":"Rainer Ro\u00dfbach","image":{"@type":"ImageObject","inLanguage":"de","@id":"https:\/\/www.enzo-und-ferdinand.de\/wp-content\/uploads\/2026\/01\/Rainer-Rossbach-150x150.jpg","url":"https:\/\/www.enzo-und-ferdinand.de\/wp-content\/uploads\/2026\/01\/Rainer-Rossbach-150x150.jpg","contentUrl":"https:\/\/www.enzo-und-ferdinand.de\/wp-content\/uploads\/2026\/01\/Rainer-Rossbach-150x150.jpg","caption":"Rainer Ro\u00dfbach"},"url":"https:\/\/www.enzo-und-ferdinand.de\/index.php\/author\/redaktion\/"}]}},"_links":{"self":[{"href":"https:\/\/www.enzo-und-ferdinand.de\/index.php\/wp-json\/wp\/v2\/posts\/19748","targetHints":{"allow":["GET"]}}],"collection":[{"href":"https:\/\/www.enzo-und-ferdinand.de\/index.php\/wp-json\/wp\/v2\/posts"}],"about":[{"href":"https:\/\/www.enzo-und-ferdinand.de\/index.php\/wp-json\/wp\/v2\/types\/post"}],"author":[{"embeddable":true,"href":"https:\/\/www.enzo-und-ferdinand.de\/index.php\/wp-json\/wp\/v2\/users\/1"}],"replies":[{"embeddable":true,"href":"https:\/\/www.enzo-und-ferdinand.de\/index.php\/wp-json\/wp\/v2\/comments?post=19748"}],"version-history":[{"count":3,"href":"https:\/\/www.enzo-und-ferdinand.de\/index.php\/wp-json\/wp\/v2\/posts\/19748\/revisions"}],"predecessor-version":[{"id":19757,"href":"https:\/\/www.enzo-und-ferdinand.de\/index.php\/wp-json\/wp\/v2\/posts\/19748\/revisions\/19757"}],"wp:featuredmedia":[{"embeddable":true,"href":"https:\/\/www.enzo-und-ferdinand.de\/index.php\/wp-json\/wp\/v2\/media\/19753"}],"wp:attachment":[{"href":"https:\/\/www.enzo-und-ferdinand.de\/index.php\/wp-json\/wp\/v2\/media?parent=19748"}],"wp:term":[{"taxonomy":"category","embeddable":true,"href":"https:\/\/www.enzo-und-ferdinand.de\/index.php\/wp-json\/wp\/v2\/categories?post=19748"},{"taxonomy":"post_tag","embeddable":true,"href":"https:\/\/www.enzo-und-ferdinand.de\/index.php\/wp-json\/wp\/v2\/tags?post=19748"}],"curies":[{"name":"wp","href":"https:\/\/api.w.org\/{rel}","templated":true}]}}