{"id":19863,"date":"2025-04-01T09:39:53","date_gmt":"2025-04-01T07:39:53","guid":{"rendered":"https:\/\/www.enzo-und-ferdinand.de\/?p=19863"},"modified":"2025-04-01T09:39:55","modified_gmt":"2025-04-01T07:39:55","slug":"mazda-6e","status":"publish","type":"post","link":"https:\/\/www.enzo-und-ferdinand.de\/index.php\/2025\/04\/01\/mazda-6e\/","title":{"rendered":"Mazda 6e"},"content":{"rendered":"\n<figure class=\"wp-block-image size-large is-resized\"><img loading=\"lazy\" decoding=\"async\" width=\"810\" height=\"540\" src=\"https:\/\/www.enzo-und-ferdinand.de\/wp-content\/uploads\/2025\/04\/all-new_mazda6e_src_still_002_highres-810x540.jpg\" alt=\"Mazda 6e\" class=\"wp-image-19866\" style=\"width:810px;height:auto\" srcset=\"https:\/\/www.enzo-und-ferdinand.de\/wp-content\/uploads\/2025\/04\/all-new_mazda6e_src_still_002_highres-810x540.jpg 810w, https:\/\/www.enzo-und-ferdinand.de\/wp-content\/uploads\/2025\/04\/all-new_mazda6e_src_still_002_highres-300x200.jpg 300w, https:\/\/www.enzo-und-ferdinand.de\/wp-content\/uploads\/2025\/04\/all-new_mazda6e_src_still_002_highres-768x512.jpg 768w, https:\/\/www.enzo-und-ferdinand.de\/wp-content\/uploads\/2025\/04\/all-new_mazda6e_src_still_002_highres-120x80.jpg 120w, https:\/\/www.enzo-und-ferdinand.de\/wp-content\/uploads\/2025\/04\/all-new_mazda6e_src_still_002_highres.jpg 1500w\" sizes=\"auto, (max-width: 810px) 100vw, 810px\" \/><\/figure>\n\n\n\n<p class=\"wp-block-paragraph\">Das vollelektrische Mittelklassemodell orientiert sich, laut Jo Stenuit, Direktor des europ\u00e4ischen Mazda Designstudios im hessischen Oberursel, an der markeneigenen Philosophie des Authentic Modern\u2018. Die sportliche Silhouette ist von einem Coup\u00e9 inspiriert und m\u00fcndet in einem kurzen Heck, das eine limousinenartige Erscheinung mit der Praktikabilit\u00e4t eines f\u00fcnft\u00fcrigen Schr\u00e4gheckmodells verbindet. Die Designsprache soll sich in flie\u00dfenden Oberfl\u00e4chen und dem flachen Profil widerspiegeln, deren dynamische Pr\u00e4senz durch parallel verlaufende Linien an den Flanken betont werden. Daraus ergibt sich eine nahtlose, flie\u00dfende Form, die die aerodynamische Eleganz des Fahrzeugs und das Gef\u00fchl der Bewegung unterstreichen soll.&nbsp;&nbsp;<\/p>\n\n\n\n<p class=\"wp-block-paragraph\">Die unteren T\u00fcrverkleidungen ist, laut Designteam, von der Gischt eines \u00fcber das Wasser gleitenden Schnellbootes inspiriert und verst\u00e4rkt den Eindruck flie\u00dfender Geschwindigkeit. Das Heck wird gepr\u00e4gt von vier markanten zylindrischen R\u00fcckleuchten. Rahmenlose T\u00fcren und integrierte T\u00fcrgriffe unterstreichen den nahtlosen Look, der elektrisch ausfahrbare Heckspoiler verbessert die Aerodynamik und Stabilit\u00e4t bei hohen Geschwindigkeiten.<\/p>\n\n\n\n<figure class=\"wp-block-image size-large\"><img loading=\"lazy\" decoding=\"async\" width=\"810\" height=\"540\" src=\"https:\/\/www.enzo-und-ferdinand.de\/wp-content\/uploads\/2025\/04\/all-new_mazda6e_src_still_016_highres-810x540.jpg\" alt=\"Mazda 6e\" class=\"wp-image-19867\" srcset=\"https:\/\/www.enzo-und-ferdinand.de\/wp-content\/uploads\/2025\/04\/all-new_mazda6e_src_still_016_highres-810x540.jpg 810w, https:\/\/www.enzo-und-ferdinand.de\/wp-content\/uploads\/2025\/04\/all-new_mazda6e_src_still_016_highres-300x200.jpg 300w, https:\/\/www.enzo-und-ferdinand.de\/wp-content\/uploads\/2025\/04\/all-new_mazda6e_src_still_016_highres-768x512.jpg 768w, https:\/\/www.enzo-und-ferdinand.de\/wp-content\/uploads\/2025\/04\/all-new_mazda6e_src_still_016_highres-120x80.jpg 120w, https:\/\/www.enzo-und-ferdinand.de\/wp-content\/uploads\/2025\/04\/all-new_mazda6e_src_still_016_highres.jpg 1500w\" sizes=\"auto, (max-width: 810px) 100vw, 810px\" \/><\/figure>\n\n\n\n<p class=\"wp-block-paragraph\">Im Innenraum&nbsp; erstreckt sich&nbsp; die schwebende, horizontale Armaturentafel \u00fcber die gesamte Breite und soll ein Gef\u00fchl von Offenheit und Leichtigkeit vermitteln. Der gestalterische Fokus liegt auf einer minimalistischen \u00c4sthetik, bei der Kn\u00f6pfe und Bildschirme werden durch eine intuitive Anordnung der Bedienelemente ersetzt sitzt.<\/p>\n\n\n\n<p class=\"wp-block-paragraph\">Die Limousine hat ein serienm\u00e4\u00dfiges Panorama-Glasdach, das den Innenraum mit nat\u00fcrlichem Tageslicht durchstr\u00f6mt, get\u00f6ntes Glas und die W\u00e4rmed\u00e4mmung sorgen f\u00fcr Wohlbefinden. Eine Ambientebeleuchtung mit 64 individuell einstellbaren Farben bietet Einstellungen f\u00fcr eine gediegene Atmosph\u00e4re.<\/p>\n\n\n\n<p class=\"wp-block-paragraph\">Die Monoform-Vordersitze haben integrierte Kopfst\u00fctzen und k\u00f6nnen in verschiedenen Polsterungen wie etwa: wei\u00dfem oder schwarzem Kunstleder oder in Nappaleder und Velourledernachbildung gew\u00e4hlt werden.&nbsp;&nbsp;<\/p>\n\n\n\n<p class=\"wp-block-paragraph\">Der Mazda6e wird in Deutschland ab dem 1. April 2025 zu Preisen ab 44.900 Euro angeboten.&nbsp;<\/p>\n\n\n\n<figure class=\"wp-block-image size-large\"><img loading=\"lazy\" decoding=\"async\" width=\"810\" height=\"540\" src=\"https:\/\/www.enzo-und-ferdinand.de\/wp-content\/uploads\/2025\/04\/all-new_mazda6e_src_int_001_highres-810x540.jpg\" alt=\"Mazda 6e\" class=\"wp-image-19865\" srcset=\"https:\/\/www.enzo-und-ferdinand.de\/wp-content\/uploads\/2025\/04\/all-new_mazda6e_src_int_001_highres-810x540.jpg 810w, https:\/\/www.enzo-und-ferdinand.de\/wp-content\/uploads\/2025\/04\/all-new_mazda6e_src_int_001_highres-300x200.jpg 300w, https:\/\/www.enzo-und-ferdinand.de\/wp-content\/uploads\/2025\/04\/all-new_mazda6e_src_int_001_highres-768x512.jpg 768w, https:\/\/www.enzo-und-ferdinand.de\/wp-content\/uploads\/2025\/04\/all-new_mazda6e_src_int_001_highres-120x80.jpg 120w, https:\/\/www.enzo-und-ferdinand.de\/wp-content\/uploads\/2025\/04\/all-new_mazda6e_src_int_001_highres.jpg 1500w\" sizes=\"auto, (max-width: 810px) 100vw, 810px\" \/><\/figure>\n\n\n\n<p class=\"has-text-align-right has-small-font-size wp-block-paragraph\">Fotos: Mazda\/Text: Rainer Ro\u00dfbach<\/p>\n","protected":false},"excerpt":{"rendered":"<p>Das vollelektrische Mittelklassemodell orientiert sich, laut Jo Stenuit, Direktor des europ\u00e4ischen Mazda Designstudios im hessischen Oberursel, an der markeneigenen Philosophie des Authentic Modern\u2018. Die sportliche Silhouette ist von einem Coup\u00e9 inspiriert und m\u00fcndet in einem kurzen Heck, das eine limousinenartige Erscheinung mit der Praktikabilit\u00e4t eines f\u00fcnft\u00fcrigen Schr\u00e4gheckmodells verbindet. Die Designsprache soll sich in flie\u00dfenden Oberfl\u00e4chen und dem flachen Profil widerspiegeln, deren dynamische Pr\u00e4senz durch parallel verlaufende Linien an den Flanken betont werden. Daraus ergibt sich eine nahtlose, flie\u00dfende Form, die die aerodynamische Eleganz des Fahrzeugs und das Gef\u00fchl der Bewegung unterstreichen soll.\u00a0\u00a0<\/p>\n","protected":false},"author":1,"featured_media":19868,"comment_status":"closed","ping_status":"closed","sticky":false,"template":"","format":"standard","meta":{"_crdt_document":"","ngg_post_thumbnail":0,"footnotes":""},"categories":[681,281],"tags":[513],"class_list":["post-19863","post","type-post","status-publish","format-standard","has-post-thumbnail","hentry","category-elektro","category-japan","tag-mazda"],"yoast_head":"<!-- This site is optimized with the Yoast SEO plugin v27.5 - https:\/\/yoast.com\/product\/yoast-seo-wordpress\/ -->\n<title>Mazda 6e<\/title>\n<meta name=\"description\" content=\"Mazda 6e vollelektrisch Mittelklasse Jo Stenuit Oberursel Authentic Modern Schnellboot schwebende Armaturentafel Panorama-Glasdach Ambientebeleuchtung\" \/>\n<meta name=\"robots\" content=\"index, follow, max-snippet:-1, max-image-preview:large, max-video-preview:-1\" \/>\n<link rel=\"canonical\" href=\"https:\/\/www.enzo-und-ferdinand.de\/index.php\/2025\/04\/01\/mazda-6e\/\" \/>\n<meta property=\"og:locale\" content=\"de_DE\" \/>\n<meta property=\"og:type\" content=\"article\" \/>\n<meta property=\"og:title\" content=\"Mazda 6e\" \/>\n<meta property=\"og:description\" content=\"Mazda 6e vollelektrisch Mittelklasse Jo Stenuit Oberursel Authentic Modern Schnellboot schwebende Armaturentafel Panorama-Glasdach Ambientebeleuchtung\" \/>\n<meta property=\"og:url\" content=\"https:\/\/www.enzo-und-ferdinand.de\/index.php\/2025\/04\/01\/mazda-6e\/\" \/>\n<meta property=\"og:site_name\" content=\"enzo &amp; Ferdinand\" \/>\n<meta property=\"article:published_time\" content=\"2025-04-01T07:39:53+00:00\" \/>\n<meta property=\"article:modified_time\" content=\"2025-04-01T07:39:55+00:00\" \/>\n<meta property=\"og:image\" content=\"https:\/\/www.enzo-und-ferdinand.de\/wp-content\/uploads\/2025\/04\/all-new_mazda6e_src_still_017_highres.jpg\" \/>\n\t<meta property=\"og:image:width\" content=\"1500\" \/>\n\t<meta property=\"og:image:height\" content=\"1000\" \/>\n\t<meta property=\"og:image:type\" content=\"image\/jpeg\" \/>\n<meta name=\"author\" content=\"Rainer Ro\u00dfbach\" \/>\n<meta name=\"twitter:card\" content=\"summary_large_image\" \/>\n<meta name=\"twitter:label1\" content=\"Verfasst von\" \/>\n\t<meta name=\"twitter:data1\" content=\"Rainer Ro\u00dfbach\" \/>\n\t<meta name=\"twitter:label2\" content=\"Gesch\u00e4tzte Lesezeit\" \/>\n\t<meta name=\"twitter:data2\" content=\"2\u00a0Minuten\" \/>\n<script type=\"application\/ld+json\" class=\"yoast-schema-graph\">{\"@context\":\"https:\\\/\\\/schema.org\",\"@graph\":[{\"@type\":\"Article\",\"@id\":\"https:\\\/\\\/www.enzo-und-ferdinand.de\\\/index.php\\\/2025\\\/04\\\/01\\\/mazda-6e\\\/#article\",\"isPartOf\":{\"@id\":\"https:\\\/\\\/www.enzo-und-ferdinand.de\\\/index.php\\\/2025\\\/04\\\/01\\\/mazda-6e\\\/\"},\"author\":{\"name\":\"Rainer Ro\u00dfbach\",\"@id\":\"https:\\\/\\\/www.enzo-und-ferdinand.de\\\/#\\\/schema\\\/person\\\/aff2eb9ff87705987c1b9d21fe10b095\"},\"headline\":\"Mazda 6e\",\"datePublished\":\"2025-04-01T07:39:53+00:00\",\"dateModified\":\"2025-04-01T07:39:55+00:00\",\"mainEntityOfPage\":{\"@id\":\"https:\\\/\\\/www.enzo-und-ferdinand.de\\\/index.php\\\/2025\\\/04\\\/01\\\/mazda-6e\\\/\"},\"wordCount\":306,\"publisher\":{\"@id\":\"https:\\\/\\\/www.enzo-und-ferdinand.de\\\/#organization\"},\"image\":{\"@id\":\"https:\\\/\\\/www.enzo-und-ferdinand.de\\\/index.php\\\/2025\\\/04\\\/01\\\/mazda-6e\\\/#primaryimage\"},\"thumbnailUrl\":\"https:\\\/\\\/www.enzo-und-ferdinand.de\\\/wp-content\\\/uploads\\\/2025\\\/04\\\/all-new_mazda6e_src_still_017_highres.jpg\",\"keywords\":[\"Mazda\"],\"articleSection\":[\"Elektro\",\"Japan Design\"],\"inLanguage\":\"de\"},{\"@type\":\"WebPage\",\"@id\":\"https:\\\/\\\/www.enzo-und-ferdinand.de\\\/index.php\\\/2025\\\/04\\\/01\\\/mazda-6e\\\/\",\"url\":\"https:\\\/\\\/www.enzo-und-ferdinand.de\\\/index.php\\\/2025\\\/04\\\/01\\\/mazda-6e\\\/\",\"name\":\"Mazda 6e\",\"isPartOf\":{\"@id\":\"https:\\\/\\\/www.enzo-und-ferdinand.de\\\/#website\"},\"primaryImageOfPage\":{\"@id\":\"https:\\\/\\\/www.enzo-und-ferdinand.de\\\/index.php\\\/2025\\\/04\\\/01\\\/mazda-6e\\\/#primaryimage\"},\"image\":{\"@id\":\"https:\\\/\\\/www.enzo-und-ferdinand.de\\\/index.php\\\/2025\\\/04\\\/01\\\/mazda-6e\\\/#primaryimage\"},\"thumbnailUrl\":\"https:\\\/\\\/www.enzo-und-ferdinand.de\\\/wp-content\\\/uploads\\\/2025\\\/04\\\/all-new_mazda6e_src_still_017_highres.jpg\",\"datePublished\":\"2025-04-01T07:39:53+00:00\",\"dateModified\":\"2025-04-01T07:39:55+00:00\",\"description\":\"Mazda 6e vollelektrisch Mittelklasse Jo Stenuit Oberursel Authentic Modern Schnellboot schwebende Armaturentafel Panorama-Glasdach Ambientebeleuchtung\",\"breadcrumb\":{\"@id\":\"https:\\\/\\\/www.enzo-und-ferdinand.de\\\/index.php\\\/2025\\\/04\\\/01\\\/mazda-6e\\\/#breadcrumb\"},\"inLanguage\":\"de\",\"potentialAction\":[{\"@type\":\"ReadAction\",\"target\":[\"https:\\\/\\\/www.enzo-und-ferdinand.de\\\/index.php\\\/2025\\\/04\\\/01\\\/mazda-6e\\\/\"]}]},{\"@type\":\"ImageObject\",\"inLanguage\":\"de\",\"@id\":\"https:\\\/\\\/www.enzo-und-ferdinand.de\\\/index.php\\\/2025\\\/04\\\/01\\\/mazda-6e\\\/#primaryimage\",\"url\":\"https:\\\/\\\/www.enzo-und-ferdinand.de\\\/wp-content\\\/uploads\\\/2025\\\/04\\\/all-new_mazda6e_src_still_017_highres.jpg\",\"contentUrl\":\"https:\\\/\\\/www.enzo-und-ferdinand.de\\\/wp-content\\\/uploads\\\/2025\\\/04\\\/all-new_mazda6e_src_still_017_highres.jpg\",\"width\":1500,\"height\":1000,\"caption\":\"Mazda 6e\"},{\"@type\":\"BreadcrumbList\",\"@id\":\"https:\\\/\\\/www.enzo-und-ferdinand.de\\\/index.php\\\/2025\\\/04\\\/01\\\/mazda-6e\\\/#breadcrumb\",\"itemListElement\":[{\"@type\":\"ListItem\",\"position\":1,\"name\":\"Startseite\",\"item\":\"https:\\\/\\\/www.enzo-und-ferdinand.de\\\/\"},{\"@type\":\"ListItem\",\"position\":2,\"name\":\"Mazda 6e\"}]},{\"@type\":\"WebSite\",\"@id\":\"https:\\\/\\\/www.enzo-und-ferdinand.de\\\/#website\",\"url\":\"https:\\\/\\\/www.enzo-und-ferdinand.de\\\/\",\"name\":\"enzo & Ferdinand\",\"description\":\"\",\"publisher\":{\"@id\":\"https:\\\/\\\/www.enzo-und-ferdinand.de\\\/#organization\"},\"potentialAction\":[{\"@type\":\"SearchAction\",\"target\":{\"@type\":\"EntryPoint\",\"urlTemplate\":\"https:\\\/\\\/www.enzo-und-ferdinand.de\\\/?s={search_term_string}\"},\"query-input\":{\"@type\":\"PropertyValueSpecification\",\"valueRequired\":true,\"valueName\":\"search_term_string\"}}],\"inLanguage\":\"de\"},{\"@type\":\"Organization\",\"@id\":\"https:\\\/\\\/www.enzo-und-ferdinand.de\\\/#organization\",\"name\":\"enzo & Ferdinand\",\"url\":\"https:\\\/\\\/www.enzo-und-ferdinand.de\\\/\",\"logo\":{\"@type\":\"ImageObject\",\"inLanguage\":\"de\",\"@id\":\"https:\\\/\\\/www.enzo-und-ferdinand.de\\\/#\\\/schema\\\/logo\\\/image\\\/\",\"url\":\"https:\\\/\\\/www.enzo-und-ferdinand.de\\\/wp-content\\\/uploads\\\/2018\\\/12\\\/revvvs-icon.png\",\"contentUrl\":\"https:\\\/\\\/www.enzo-und-ferdinand.de\\\/wp-content\\\/uploads\\\/2018\\\/12\\\/revvvs-icon.png\",\"width\":512,\"height\":512,\"caption\":\"enzo & Ferdinand\"},\"image\":{\"@id\":\"https:\\\/\\\/www.enzo-und-ferdinand.de\\\/#\\\/schema\\\/logo\\\/image\\\/\"}},{\"@type\":\"Person\",\"@id\":\"https:\\\/\\\/www.enzo-und-ferdinand.de\\\/#\\\/schema\\\/person\\\/aff2eb9ff87705987c1b9d21fe10b095\",\"name\":\"Rainer Ro\u00dfbach\",\"image\":{\"@type\":\"ImageObject\",\"inLanguage\":\"de\",\"@id\":\"https:\\\/\\\/www.enzo-und-ferdinand.de\\\/wp-content\\\/uploads\\\/2026\\\/01\\\/Rainer-Rossbach-150x150.jpg\",\"url\":\"https:\\\/\\\/www.enzo-und-ferdinand.de\\\/wp-content\\\/uploads\\\/2026\\\/01\\\/Rainer-Rossbach-150x150.jpg\",\"contentUrl\":\"https:\\\/\\\/www.enzo-und-ferdinand.de\\\/wp-content\\\/uploads\\\/2026\\\/01\\\/Rainer-Rossbach-150x150.jpg\",\"caption\":\"Rainer Ro\u00dfbach\"},\"url\":\"https:\\\/\\\/www.enzo-und-ferdinand.de\\\/index.php\\\/author\\\/redaktion\\\/\"}]}<\/script>\n<!-- \/ Yoast SEO plugin. -->","yoast_head_json":{"title":"Mazda 6e","description":"Mazda 6e vollelektrisch Mittelklasse Jo Stenuit Oberursel Authentic Modern Schnellboot schwebende Armaturentafel Panorama-Glasdach Ambientebeleuchtung","robots":{"index":"index","follow":"follow","max-snippet":"max-snippet:-1","max-image-preview":"max-image-preview:large","max-video-preview":"max-video-preview:-1"},"canonical":"https:\/\/www.enzo-und-ferdinand.de\/index.php\/2025\/04\/01\/mazda-6e\/","og_locale":"de_DE","og_type":"article","og_title":"Mazda 6e","og_description":"Mazda 6e vollelektrisch Mittelklasse Jo Stenuit Oberursel Authentic Modern Schnellboot schwebende Armaturentafel Panorama-Glasdach Ambientebeleuchtung","og_url":"https:\/\/www.enzo-und-ferdinand.de\/index.php\/2025\/04\/01\/mazda-6e\/","og_site_name":"enzo &amp; Ferdinand","article_published_time":"2025-04-01T07:39:53+00:00","article_modified_time":"2025-04-01T07:39:55+00:00","og_image":[{"width":1500,"height":1000,"url":"https:\/\/www.enzo-und-ferdinand.de\/wp-content\/uploads\/2025\/04\/all-new_mazda6e_src_still_017_highres.jpg","type":"image\/jpeg"}],"author":"Rainer Ro\u00dfbach","twitter_card":"summary_large_image","twitter_misc":{"Verfasst von":"Rainer Ro\u00dfbach","Gesch\u00e4tzte Lesezeit":"2\u00a0Minuten"},"schema":{"@context":"https:\/\/schema.org","@graph":[{"@type":"Article","@id":"https:\/\/www.enzo-und-ferdinand.de\/index.php\/2025\/04\/01\/mazda-6e\/#article","isPartOf":{"@id":"https:\/\/www.enzo-und-ferdinand.de\/index.php\/2025\/04\/01\/mazda-6e\/"},"author":{"name":"Rainer Ro\u00dfbach","@id":"https:\/\/www.enzo-und-ferdinand.de\/#\/schema\/person\/aff2eb9ff87705987c1b9d21fe10b095"},"headline":"Mazda 6e","datePublished":"2025-04-01T07:39:53+00:00","dateModified":"2025-04-01T07:39:55+00:00","mainEntityOfPage":{"@id":"https:\/\/www.enzo-und-ferdinand.de\/index.php\/2025\/04\/01\/mazda-6e\/"},"wordCount":306,"publisher":{"@id":"https:\/\/www.enzo-und-ferdinand.de\/#organization"},"image":{"@id":"https:\/\/www.enzo-und-ferdinand.de\/index.php\/2025\/04\/01\/mazda-6e\/#primaryimage"},"thumbnailUrl":"https:\/\/www.enzo-und-ferdinand.de\/wp-content\/uploads\/2025\/04\/all-new_mazda6e_src_still_017_highres.jpg","keywords":["Mazda"],"articleSection":["Elektro","Japan Design"],"inLanguage":"de"},{"@type":"WebPage","@id":"https:\/\/www.enzo-und-ferdinand.de\/index.php\/2025\/04\/01\/mazda-6e\/","url":"https:\/\/www.enzo-und-ferdinand.de\/index.php\/2025\/04\/01\/mazda-6e\/","name":"Mazda 6e","isPartOf":{"@id":"https:\/\/www.enzo-und-ferdinand.de\/#website"},"primaryImageOfPage":{"@id":"https:\/\/www.enzo-und-ferdinand.de\/index.php\/2025\/04\/01\/mazda-6e\/#primaryimage"},"image":{"@id":"https:\/\/www.enzo-und-ferdinand.de\/index.php\/2025\/04\/01\/mazda-6e\/#primaryimage"},"thumbnailUrl":"https:\/\/www.enzo-und-ferdinand.de\/wp-content\/uploads\/2025\/04\/all-new_mazda6e_src_still_017_highres.jpg","datePublished":"2025-04-01T07:39:53+00:00","dateModified":"2025-04-01T07:39:55+00:00","description":"Mazda 6e vollelektrisch Mittelklasse Jo Stenuit Oberursel Authentic Modern Schnellboot schwebende Armaturentafel Panorama-Glasdach Ambientebeleuchtung","breadcrumb":{"@id":"https:\/\/www.enzo-und-ferdinand.de\/index.php\/2025\/04\/01\/mazda-6e\/#breadcrumb"},"inLanguage":"de","potentialAction":[{"@type":"ReadAction","target":["https:\/\/www.enzo-und-ferdinand.de\/index.php\/2025\/04\/01\/mazda-6e\/"]}]},{"@type":"ImageObject","inLanguage":"de","@id":"https:\/\/www.enzo-und-ferdinand.de\/index.php\/2025\/04\/01\/mazda-6e\/#primaryimage","url":"https:\/\/www.enzo-und-ferdinand.de\/wp-content\/uploads\/2025\/04\/all-new_mazda6e_src_still_017_highres.jpg","contentUrl":"https:\/\/www.enzo-und-ferdinand.de\/wp-content\/uploads\/2025\/04\/all-new_mazda6e_src_still_017_highres.jpg","width":1500,"height":1000,"caption":"Mazda 6e"},{"@type":"BreadcrumbList","@id":"https:\/\/www.enzo-und-ferdinand.de\/index.php\/2025\/04\/01\/mazda-6e\/#breadcrumb","itemListElement":[{"@type":"ListItem","position":1,"name":"Startseite","item":"https:\/\/www.enzo-und-ferdinand.de\/"},{"@type":"ListItem","position":2,"name":"Mazda 6e"}]},{"@type":"WebSite","@id":"https:\/\/www.enzo-und-ferdinand.de\/#website","url":"https:\/\/www.enzo-und-ferdinand.de\/","name":"enzo & Ferdinand","description":"","publisher":{"@id":"https:\/\/www.enzo-und-ferdinand.de\/#organization"},"potentialAction":[{"@type":"SearchAction","target":{"@type":"EntryPoint","urlTemplate":"https:\/\/www.enzo-und-ferdinand.de\/?s={search_term_string}"},"query-input":{"@type":"PropertyValueSpecification","valueRequired":true,"valueName":"search_term_string"}}],"inLanguage":"de"},{"@type":"Organization","@id":"https:\/\/www.enzo-und-ferdinand.de\/#organization","name":"enzo & Ferdinand","url":"https:\/\/www.enzo-und-ferdinand.de\/","logo":{"@type":"ImageObject","inLanguage":"de","@id":"https:\/\/www.enzo-und-ferdinand.de\/#\/schema\/logo\/image\/","url":"https:\/\/www.enzo-und-ferdinand.de\/wp-content\/uploads\/2018\/12\/revvvs-icon.png","contentUrl":"https:\/\/www.enzo-und-ferdinand.de\/wp-content\/uploads\/2018\/12\/revvvs-icon.png","width":512,"height":512,"caption":"enzo & Ferdinand"},"image":{"@id":"https:\/\/www.enzo-und-ferdinand.de\/#\/schema\/logo\/image\/"}},{"@type":"Person","@id":"https:\/\/www.enzo-und-ferdinand.de\/#\/schema\/person\/aff2eb9ff87705987c1b9d21fe10b095","name":"Rainer Ro\u00dfbach","image":{"@type":"ImageObject","inLanguage":"de","@id":"https:\/\/www.enzo-und-ferdinand.de\/wp-content\/uploads\/2026\/01\/Rainer-Rossbach-150x150.jpg","url":"https:\/\/www.enzo-und-ferdinand.de\/wp-content\/uploads\/2026\/01\/Rainer-Rossbach-150x150.jpg","contentUrl":"https:\/\/www.enzo-und-ferdinand.de\/wp-content\/uploads\/2026\/01\/Rainer-Rossbach-150x150.jpg","caption":"Rainer Ro\u00dfbach"},"url":"https:\/\/www.enzo-und-ferdinand.de\/index.php\/author\/redaktion\/"}]}},"_links":{"self":[{"href":"https:\/\/www.enzo-und-ferdinand.de\/index.php\/wp-json\/wp\/v2\/posts\/19863","targetHints":{"allow":["GET"]}}],"collection":[{"href":"https:\/\/www.enzo-und-ferdinand.de\/index.php\/wp-json\/wp\/v2\/posts"}],"about":[{"href":"https:\/\/www.enzo-und-ferdinand.de\/index.php\/wp-json\/wp\/v2\/types\/post"}],"author":[{"embeddable":true,"href":"https:\/\/www.enzo-und-ferdinand.de\/index.php\/wp-json\/wp\/v2\/users\/1"}],"replies":[{"embeddable":true,"href":"https:\/\/www.enzo-und-ferdinand.de\/index.php\/wp-json\/wp\/v2\/comments?post=19863"}],"version-history":[{"count":2,"href":"https:\/\/www.enzo-und-ferdinand.de\/index.php\/wp-json\/wp\/v2\/posts\/19863\/revisions"}],"predecessor-version":[{"id":19869,"href":"https:\/\/www.enzo-und-ferdinand.de\/index.php\/wp-json\/wp\/v2\/posts\/19863\/revisions\/19869"}],"wp:featuredmedia":[{"embeddable":true,"href":"https:\/\/www.enzo-und-ferdinand.de\/index.php\/wp-json\/wp\/v2\/media\/19868"}],"wp:attachment":[{"href":"https:\/\/www.enzo-und-ferdinand.de\/index.php\/wp-json\/wp\/v2\/media?parent=19863"}],"wp:term":[{"taxonomy":"category","embeddable":true,"href":"https:\/\/www.enzo-und-ferdinand.de\/index.php\/wp-json\/wp\/v2\/categories?post=19863"},{"taxonomy":"post_tag","embeddable":true,"href":"https:\/\/www.enzo-und-ferdinand.de\/index.php\/wp-json\/wp\/v2\/tags?post=19863"}],"curies":[{"name":"wp","href":"https:\/\/api.w.org\/{rel}","templated":true}]}}