{"id":19957,"date":"2025-04-15T08:24:38","date_gmt":"2025-04-15T06:24:38","guid":{"rendered":"https:\/\/www.enzo-und-ferdinand.de\/?p=19957"},"modified":"2025-04-15T08:24:45","modified_gmt":"2025-04-15T06:24:45","slug":"porsche-911-gt3-r-evo-fuer-2026","status":"publish","type":"post","link":"https:\/\/www.enzo-und-ferdinand.de\/index.php\/2025\/04\/15\/porsche-911-gt3-r-evo-fuer-2026\/","title":{"rendered":"Porsche 911 GT3 R Evo f\u00fcr 2026"},"content":{"rendered":"\n<figure class=\"wp-block-image size-large\"><img loading=\"lazy\" decoding=\"async\" width=\"810\" height=\"540\" src=\"https:\/\/www.enzo-und-ferdinand.de\/wp-content\/uploads\/2025\/04\/311739_3000x1916-810x540.jpg\" alt=\"Porsche 911 GT3 R f\u00fcr 2026\" class=\"wp-image-19955\" srcset=\"https:\/\/www.enzo-und-ferdinand.de\/wp-content\/uploads\/2025\/04\/311739_3000x1916-810x540.jpg 810w, https:\/\/www.enzo-und-ferdinand.de\/wp-content\/uploads\/2025\/04\/311739_3000x1916-300x200.jpg 300w, https:\/\/www.enzo-und-ferdinand.de\/wp-content\/uploads\/2025\/04\/311739_3000x1916-768x512.jpg 768w, https:\/\/www.enzo-und-ferdinand.de\/wp-content\/uploads\/2025\/04\/311739_3000x1916-120x80.jpg 120w, https:\/\/www.enzo-und-ferdinand.de\/wp-content\/uploads\/2025\/04\/311739_3000x1916.jpg 1500w\" sizes=\"auto, (max-width: 810px) 100vw, 810px\" \/><\/figure>\n\n\n\n<p class=\"wp-block-paragraph\">Am kommenden Wochenende geht das Versuchsprogramm f\u00fcr den auf Basis des aktuellen GT3-Rennwagens entwickelten Kundensport-Elfer erstmals unter Wettbewerbsbedingungen weiter. Der erste Testeinsatz findet\u00a0 am 19. und 20. April im belgischen Spa-Francorchamps statt. Die Evolution des Porsche 911 GT3 R basiert auf dem erfolgreichen Vorg\u00e4nger und wird im Sommer vorgestellt. Bei der Entwicklung dieser Variante f\u00fcr das Einsatzjahr 2026 legten die Ingenieure besonderes Augenmerk auf eine verbesserte Fahrbarkeit. \u00dcber eine Ver\u00e4nderung aerodynamischer Elemente soll die sogenannte Pitch-Sensitivit\u00e4t verbessert werden, also das Verhalten der Front beim Bremsen und Beschleunigen. Neben wichtigen Software-Updates standen beispielsweise auch Ver\u00e4nderungen am Lenksystem auf der Liste der Ingenieure aus Weissach.\u00a0<\/p>\n\n\n\n<p class=\"wp-block-paragraph\">Das weiterentwickelte Modell f\u00fcr den internationalen GT3-Kundensport tritt in gro\u00dfe Fu\u00dfstapfen. Der aktuelle Porsche 911 GT3 R feierte bei seinen Eins\u00e4tzen seit Beginn der Saison 2023 zahlreiche Erfolge \u2013 so etwa den Sieg in der LMGT3-Klasse bei den 24 Stunden von Le Mans, den Gewinn der FIA Endurance Trophy im Rahmen der FIA Langstrecken-Weltmeisterschaft WEC, den Triumph in allen GTD-Pro-Wertungen der nordamerikanischen IMSA WeatherTech SportsCar Championship, den ersten Titel f\u00fcr Porsche in der DTM sowie den Herstellertitel f\u00fcr Porsche in der Intercontinental GT Challenge. Zuletzt sicherte sich das Kundenteam AO Racing mit dem bis zu 416 kW (565 PS) starken Neunelfer den Sieg in der GTD Pro-Klasse bei den 12 Stunden von Sebring in den USA.<\/p>\n\n\n\n<figure class=\"wp-block-image size-large\"><img loading=\"lazy\" decoding=\"async\" width=\"810\" height=\"540\" src=\"https:\/\/www.enzo-und-ferdinand.de\/wp-content\/uploads\/2025\/04\/311740_3000x1916-810x540.jpg\" alt=\"Porsche 911 GT3 R f\u00fcr 2026\" class=\"wp-image-19956\" srcset=\"https:\/\/www.enzo-und-ferdinand.de\/wp-content\/uploads\/2025\/04\/311740_3000x1916-810x540.jpg 810w, https:\/\/www.enzo-und-ferdinand.de\/wp-content\/uploads\/2025\/04\/311740_3000x1916-300x200.jpg 300w, https:\/\/www.enzo-und-ferdinand.de\/wp-content\/uploads\/2025\/04\/311740_3000x1916-768x512.jpg 768w, https:\/\/www.enzo-und-ferdinand.de\/wp-content\/uploads\/2025\/04\/311740_3000x1916-120x80.jpg 120w, https:\/\/www.enzo-und-ferdinand.de\/wp-content\/uploads\/2025\/04\/311740_3000x1916.jpg 1500w\" sizes=\"auto, (max-width: 810px) 100vw, 810px\" \/><\/figure>\n\n\n\n<p class=\"has-text-align-right has-small-font-size wp-block-paragraph\">Fotos: Porsche\/Text: Porsche, rr<\/p>\n\n\n\n<p class=\"wp-block-paragraph\"><\/p>\n","protected":false},"excerpt":{"rendered":"<p>Am kommenden Wochenende geht das Versuchsprogramm f\u00fcr den auf Basis des aktuellen GT3-Rennwagens entwickelten Kundensport-Elfer erstmals unter Wettbewerbsbedingungen weiter. Der erste Testeinsatz findet\u00a0 am 19. und 20. April im belgischen Spa-Francorchamps statt. Die Evolution des Porsche 911 GT3 R basiert auf dem erfolgreichen Vorg\u00e4nger und wird im Sommer vorgestellt. Bei der Entwicklung dieser Variante f\u00fcr das Einsatzjahr 2026 legten die Ingenieure besonderes Augenmerk auf eine verbesserte Fahrbarkeit. \u00dcber eine Ver\u00e4nderung aerodynamischer Elemente soll die sogenannte Pitch-Sensitivit\u00e4t verbessert werden, also das Verhalten der Front beim Bremsen und Beschleunigen. Neben wichtigen Software-Updates standen beispielsweise auch Ver\u00e4nderungen am Lenksystem auf der Liste der Ingenieure aus Weissach.\u00a0<\/p>\n","protected":false},"author":1,"featured_media":19954,"comment_status":"closed","ping_status":"closed","sticky":false,"template":"","format":"standard","meta":{"_crdt_document":"","ngg_post_thumbnail":0,"footnotes":""},"categories":[23,5],"tags":[201,356],"class_list":["post-19957","post","type-post","status-publish","format-standard","has-post-thumbnail","hentry","category-performance","category-rennsport","tag-porsche","tag-porsche-911-gt3"],"yoast_head":"<!-- This site is optimized with the Yoast SEO plugin v27.5 - https:\/\/yoast.com\/product\/yoast-seo-wordpress\/ -->\n<title>Porsche 911 GT3 R f\u00fcr 2026<\/title>\n<meta name=\"description\" content=\"Rainer Ro\u00dfbach Rainer Rossbach enzo-und-ferdinand enzo&amp;ferdinand Porsche 911 GT3 R 2026 GT3-Rennwagen Kundensport Spa-Francorchamps Software-Update Weissach LMGT3 Le Mans FIA Langstrecken-Weltmeisterschaft WEC IMSA WeatherTech SportsCar Championship Sebring USA\" \/>\n<meta name=\"robots\" content=\"index, follow, max-snippet:-1, max-image-preview:large, max-video-preview:-1\" \/>\n<link rel=\"canonical\" href=\"https:\/\/www.enzo-und-ferdinand.de\/index.php\/2025\/04\/15\/porsche-911-gt3-r-evo-fuer-2026\/\" \/>\n<meta property=\"og:locale\" content=\"de_DE\" \/>\n<meta property=\"og:type\" content=\"article\" \/>\n<meta property=\"og:title\" content=\"Porsche 911 GT3 R f\u00fcr 2026\" \/>\n<meta property=\"og:description\" content=\"Rainer Ro\u00dfbach Rainer Rossbach enzo-und-ferdinand enzo&amp;ferdinand Porsche 911 GT3 R 2026 GT3-Rennwagen Kundensport Spa-Francorchamps Software-Update Weissach LMGT3 Le Mans FIA Langstrecken-Weltmeisterschaft WEC IMSA WeatherTech SportsCar Championship Sebring USA\" \/>\n<meta property=\"og:url\" content=\"https:\/\/www.enzo-und-ferdinand.de\/index.php\/2025\/04\/15\/porsche-911-gt3-r-evo-fuer-2026\/\" \/>\n<meta property=\"og:site_name\" content=\"enzo &amp; Ferdinand\" \/>\n<meta property=\"article:published_time\" content=\"2025-04-15T06:24:38+00:00\" \/>\n<meta property=\"article:modified_time\" content=\"2025-04-15T06:24:45+00:00\" \/>\n<meta property=\"og:image\" content=\"https:\/\/www.enzo-und-ferdinand.de\/wp-content\/uploads\/2025\/04\/311737_3000x1916.jpg\" \/>\n\t<meta property=\"og:image:width\" content=\"1500\" \/>\n\t<meta property=\"og:image:height\" content=\"1000\" \/>\n\t<meta property=\"og:image:type\" content=\"image\/jpeg\" \/>\n<meta name=\"author\" content=\"Rainer Ro\u00dfbach\" \/>\n<meta name=\"twitter:card\" content=\"summary_large_image\" \/>\n<meta name=\"twitter:label1\" content=\"Verfasst von\" \/>\n\t<meta name=\"twitter:data1\" content=\"Rainer Ro\u00dfbach\" \/>\n\t<meta name=\"twitter:label2\" content=\"Gesch\u00e4tzte Lesezeit\" \/>\n\t<meta name=\"twitter:data2\" content=\"1\u00a0Minute\" \/>\n<script type=\"application\/ld+json\" class=\"yoast-schema-graph\">{\"@context\":\"https:\\\/\\\/schema.org\",\"@graph\":[{\"@type\":\"Article\",\"@id\":\"https:\\\/\\\/www.enzo-und-ferdinand.de\\\/index.php\\\/2025\\\/04\\\/15\\\/porsche-911-gt3-r-evo-fuer-2026\\\/#article\",\"isPartOf\":{\"@id\":\"https:\\\/\\\/www.enzo-und-ferdinand.de\\\/index.php\\\/2025\\\/04\\\/15\\\/porsche-911-gt3-r-evo-fuer-2026\\\/\"},\"author\":{\"name\":\"Rainer Ro\u00dfbach\",\"@id\":\"https:\\\/\\\/www.enzo-und-ferdinand.de\\\/#\\\/schema\\\/person\\\/aff2eb9ff87705987c1b9d21fe10b095\"},\"headline\":\"Porsche 911 GT3 R Evo f\u00fcr 2026\",\"datePublished\":\"2025-04-15T06:24:38+00:00\",\"dateModified\":\"2025-04-15T06:24:45+00:00\",\"mainEntityOfPage\":{\"@id\":\"https:\\\/\\\/www.enzo-und-ferdinand.de\\\/index.php\\\/2025\\\/04\\\/15\\\/porsche-911-gt3-r-evo-fuer-2026\\\/\"},\"wordCount\":234,\"publisher\":{\"@id\":\"https:\\\/\\\/www.enzo-und-ferdinand.de\\\/#organization\"},\"image\":{\"@id\":\"https:\\\/\\\/www.enzo-und-ferdinand.de\\\/index.php\\\/2025\\\/04\\\/15\\\/porsche-911-gt3-r-evo-fuer-2026\\\/#primaryimage\"},\"thumbnailUrl\":\"https:\\\/\\\/www.enzo-und-ferdinand.de\\\/wp-content\\\/uploads\\\/2025\\\/04\\\/311737_3000x1916.jpg\",\"keywords\":[\"Porsche\",\"Porsche 911 GT3\"],\"articleSection\":[\"Performance\",\"Rennsport\"],\"inLanguage\":\"de\"},{\"@type\":\"WebPage\",\"@id\":\"https:\\\/\\\/www.enzo-und-ferdinand.de\\\/index.php\\\/2025\\\/04\\\/15\\\/porsche-911-gt3-r-evo-fuer-2026\\\/\",\"url\":\"https:\\\/\\\/www.enzo-und-ferdinand.de\\\/index.php\\\/2025\\\/04\\\/15\\\/porsche-911-gt3-r-evo-fuer-2026\\\/\",\"name\":\"Porsche 911 GT3 R f\u00fcr 2026\",\"isPartOf\":{\"@id\":\"https:\\\/\\\/www.enzo-und-ferdinand.de\\\/#website\"},\"primaryImageOfPage\":{\"@id\":\"https:\\\/\\\/www.enzo-und-ferdinand.de\\\/index.php\\\/2025\\\/04\\\/15\\\/porsche-911-gt3-r-evo-fuer-2026\\\/#primaryimage\"},\"image\":{\"@id\":\"https:\\\/\\\/www.enzo-und-ferdinand.de\\\/index.php\\\/2025\\\/04\\\/15\\\/porsche-911-gt3-r-evo-fuer-2026\\\/#primaryimage\"},\"thumbnailUrl\":\"https:\\\/\\\/www.enzo-und-ferdinand.de\\\/wp-content\\\/uploads\\\/2025\\\/04\\\/311737_3000x1916.jpg\",\"datePublished\":\"2025-04-15T06:24:38+00:00\",\"dateModified\":\"2025-04-15T06:24:45+00:00\",\"description\":\"Rainer Ro\u00dfbach Rainer Rossbach enzo-und-ferdinand enzo&ferdinand Porsche 911 GT3 R 2026 GT3-Rennwagen Kundensport Spa-Francorchamps Software-Update Weissach LMGT3 Le Mans FIA Langstrecken-Weltmeisterschaft WEC IMSA WeatherTech SportsCar Championship Sebring USA\",\"breadcrumb\":{\"@id\":\"https:\\\/\\\/www.enzo-und-ferdinand.de\\\/index.php\\\/2025\\\/04\\\/15\\\/porsche-911-gt3-r-evo-fuer-2026\\\/#breadcrumb\"},\"inLanguage\":\"de\",\"potentialAction\":[{\"@type\":\"ReadAction\",\"target\":[\"https:\\\/\\\/www.enzo-und-ferdinand.de\\\/index.php\\\/2025\\\/04\\\/15\\\/porsche-911-gt3-r-evo-fuer-2026\\\/\"]}]},{\"@type\":\"ImageObject\",\"inLanguage\":\"de\",\"@id\":\"https:\\\/\\\/www.enzo-und-ferdinand.de\\\/index.php\\\/2025\\\/04\\\/15\\\/porsche-911-gt3-r-evo-fuer-2026\\\/#primaryimage\",\"url\":\"https:\\\/\\\/www.enzo-und-ferdinand.de\\\/wp-content\\\/uploads\\\/2025\\\/04\\\/311737_3000x1916.jpg\",\"contentUrl\":\"https:\\\/\\\/www.enzo-und-ferdinand.de\\\/wp-content\\\/uploads\\\/2025\\\/04\\\/311737_3000x1916.jpg\",\"width\":1500,\"height\":1000,\"caption\":\"Porsche 911 GT3 R f\u00fcr 2026\"},{\"@type\":\"BreadcrumbList\",\"@id\":\"https:\\\/\\\/www.enzo-und-ferdinand.de\\\/index.php\\\/2025\\\/04\\\/15\\\/porsche-911-gt3-r-evo-fuer-2026\\\/#breadcrumb\",\"itemListElement\":[{\"@type\":\"ListItem\",\"position\":1,\"name\":\"Startseite\",\"item\":\"https:\\\/\\\/www.enzo-und-ferdinand.de\\\/\"},{\"@type\":\"ListItem\",\"position\":2,\"name\":\"Porsche 911 GT3 R Evo f\u00fcr 2026\"}]},{\"@type\":\"WebSite\",\"@id\":\"https:\\\/\\\/www.enzo-und-ferdinand.de\\\/#website\",\"url\":\"https:\\\/\\\/www.enzo-und-ferdinand.de\\\/\",\"name\":\"enzo & Ferdinand\",\"description\":\"\",\"publisher\":{\"@id\":\"https:\\\/\\\/www.enzo-und-ferdinand.de\\\/#organization\"},\"potentialAction\":[{\"@type\":\"SearchAction\",\"target\":{\"@type\":\"EntryPoint\",\"urlTemplate\":\"https:\\\/\\\/www.enzo-und-ferdinand.de\\\/?s={search_term_string}\"},\"query-input\":{\"@type\":\"PropertyValueSpecification\",\"valueRequired\":true,\"valueName\":\"search_term_string\"}}],\"inLanguage\":\"de\"},{\"@type\":\"Organization\",\"@id\":\"https:\\\/\\\/www.enzo-und-ferdinand.de\\\/#organization\",\"name\":\"enzo & Ferdinand\",\"url\":\"https:\\\/\\\/www.enzo-und-ferdinand.de\\\/\",\"logo\":{\"@type\":\"ImageObject\",\"inLanguage\":\"de\",\"@id\":\"https:\\\/\\\/www.enzo-und-ferdinand.de\\\/#\\\/schema\\\/logo\\\/image\\\/\",\"url\":\"https:\\\/\\\/www.enzo-und-ferdinand.de\\\/wp-content\\\/uploads\\\/2018\\\/12\\\/revvvs-icon.png\",\"contentUrl\":\"https:\\\/\\\/www.enzo-und-ferdinand.de\\\/wp-content\\\/uploads\\\/2018\\\/12\\\/revvvs-icon.png\",\"width\":512,\"height\":512,\"caption\":\"enzo & Ferdinand\"},\"image\":{\"@id\":\"https:\\\/\\\/www.enzo-und-ferdinand.de\\\/#\\\/schema\\\/logo\\\/image\\\/\"}},{\"@type\":\"Person\",\"@id\":\"https:\\\/\\\/www.enzo-und-ferdinand.de\\\/#\\\/schema\\\/person\\\/aff2eb9ff87705987c1b9d21fe10b095\",\"name\":\"Rainer Ro\u00dfbach\",\"image\":{\"@type\":\"ImageObject\",\"inLanguage\":\"de\",\"@id\":\"https:\\\/\\\/www.enzo-und-ferdinand.de\\\/wp-content\\\/uploads\\\/2026\\\/01\\\/Rainer-Rossbach-150x150.jpg\",\"url\":\"https:\\\/\\\/www.enzo-und-ferdinand.de\\\/wp-content\\\/uploads\\\/2026\\\/01\\\/Rainer-Rossbach-150x150.jpg\",\"contentUrl\":\"https:\\\/\\\/www.enzo-und-ferdinand.de\\\/wp-content\\\/uploads\\\/2026\\\/01\\\/Rainer-Rossbach-150x150.jpg\",\"caption\":\"Rainer Ro\u00dfbach\"},\"url\":\"https:\\\/\\\/www.enzo-und-ferdinand.de\\\/index.php\\\/author\\\/redaktion\\\/\"}]}<\/script>\n<!-- \/ Yoast SEO plugin. -->","yoast_head_json":{"title":"Porsche 911 GT3 R f\u00fcr 2026","description":"Rainer Ro\u00dfbach Rainer Rossbach enzo-und-ferdinand enzo&ferdinand Porsche 911 GT3 R 2026 GT3-Rennwagen Kundensport Spa-Francorchamps Software-Update Weissach LMGT3 Le Mans FIA Langstrecken-Weltmeisterschaft WEC IMSA WeatherTech SportsCar Championship Sebring USA","robots":{"index":"index","follow":"follow","max-snippet":"max-snippet:-1","max-image-preview":"max-image-preview:large","max-video-preview":"max-video-preview:-1"},"canonical":"https:\/\/www.enzo-und-ferdinand.de\/index.php\/2025\/04\/15\/porsche-911-gt3-r-evo-fuer-2026\/","og_locale":"de_DE","og_type":"article","og_title":"Porsche 911 GT3 R f\u00fcr 2026","og_description":"Rainer Ro\u00dfbach Rainer Rossbach enzo-und-ferdinand enzo&ferdinand Porsche 911 GT3 R 2026 GT3-Rennwagen Kundensport Spa-Francorchamps Software-Update Weissach LMGT3 Le Mans FIA Langstrecken-Weltmeisterschaft WEC IMSA WeatherTech SportsCar Championship Sebring USA","og_url":"https:\/\/www.enzo-und-ferdinand.de\/index.php\/2025\/04\/15\/porsche-911-gt3-r-evo-fuer-2026\/","og_site_name":"enzo &amp; Ferdinand","article_published_time":"2025-04-15T06:24:38+00:00","article_modified_time":"2025-04-15T06:24:45+00:00","og_image":[{"width":1500,"height":1000,"url":"https:\/\/www.enzo-und-ferdinand.de\/wp-content\/uploads\/2025\/04\/311737_3000x1916.jpg","type":"image\/jpeg"}],"author":"Rainer Ro\u00dfbach","twitter_card":"summary_large_image","twitter_misc":{"Verfasst von":"Rainer Ro\u00dfbach","Gesch\u00e4tzte Lesezeit":"1\u00a0Minute"},"schema":{"@context":"https:\/\/schema.org","@graph":[{"@type":"Article","@id":"https:\/\/www.enzo-und-ferdinand.de\/index.php\/2025\/04\/15\/porsche-911-gt3-r-evo-fuer-2026\/#article","isPartOf":{"@id":"https:\/\/www.enzo-und-ferdinand.de\/index.php\/2025\/04\/15\/porsche-911-gt3-r-evo-fuer-2026\/"},"author":{"name":"Rainer Ro\u00dfbach","@id":"https:\/\/www.enzo-und-ferdinand.de\/#\/schema\/person\/aff2eb9ff87705987c1b9d21fe10b095"},"headline":"Porsche 911 GT3 R Evo f\u00fcr 2026","datePublished":"2025-04-15T06:24:38+00:00","dateModified":"2025-04-15T06:24:45+00:00","mainEntityOfPage":{"@id":"https:\/\/www.enzo-und-ferdinand.de\/index.php\/2025\/04\/15\/porsche-911-gt3-r-evo-fuer-2026\/"},"wordCount":234,"publisher":{"@id":"https:\/\/www.enzo-und-ferdinand.de\/#organization"},"image":{"@id":"https:\/\/www.enzo-und-ferdinand.de\/index.php\/2025\/04\/15\/porsche-911-gt3-r-evo-fuer-2026\/#primaryimage"},"thumbnailUrl":"https:\/\/www.enzo-und-ferdinand.de\/wp-content\/uploads\/2025\/04\/311737_3000x1916.jpg","keywords":["Porsche","Porsche 911 GT3"],"articleSection":["Performance","Rennsport"],"inLanguage":"de"},{"@type":"WebPage","@id":"https:\/\/www.enzo-und-ferdinand.de\/index.php\/2025\/04\/15\/porsche-911-gt3-r-evo-fuer-2026\/","url":"https:\/\/www.enzo-und-ferdinand.de\/index.php\/2025\/04\/15\/porsche-911-gt3-r-evo-fuer-2026\/","name":"Porsche 911 GT3 R f\u00fcr 2026","isPartOf":{"@id":"https:\/\/www.enzo-und-ferdinand.de\/#website"},"primaryImageOfPage":{"@id":"https:\/\/www.enzo-und-ferdinand.de\/index.php\/2025\/04\/15\/porsche-911-gt3-r-evo-fuer-2026\/#primaryimage"},"image":{"@id":"https:\/\/www.enzo-und-ferdinand.de\/index.php\/2025\/04\/15\/porsche-911-gt3-r-evo-fuer-2026\/#primaryimage"},"thumbnailUrl":"https:\/\/www.enzo-und-ferdinand.de\/wp-content\/uploads\/2025\/04\/311737_3000x1916.jpg","datePublished":"2025-04-15T06:24:38+00:00","dateModified":"2025-04-15T06:24:45+00:00","description":"Rainer Ro\u00dfbach Rainer Rossbach enzo-und-ferdinand enzo&ferdinand Porsche 911 GT3 R 2026 GT3-Rennwagen Kundensport Spa-Francorchamps Software-Update Weissach LMGT3 Le Mans FIA Langstrecken-Weltmeisterschaft WEC IMSA WeatherTech SportsCar Championship Sebring USA","breadcrumb":{"@id":"https:\/\/www.enzo-und-ferdinand.de\/index.php\/2025\/04\/15\/porsche-911-gt3-r-evo-fuer-2026\/#breadcrumb"},"inLanguage":"de","potentialAction":[{"@type":"ReadAction","target":["https:\/\/www.enzo-und-ferdinand.de\/index.php\/2025\/04\/15\/porsche-911-gt3-r-evo-fuer-2026\/"]}]},{"@type":"ImageObject","inLanguage":"de","@id":"https:\/\/www.enzo-und-ferdinand.de\/index.php\/2025\/04\/15\/porsche-911-gt3-r-evo-fuer-2026\/#primaryimage","url":"https:\/\/www.enzo-und-ferdinand.de\/wp-content\/uploads\/2025\/04\/311737_3000x1916.jpg","contentUrl":"https:\/\/www.enzo-und-ferdinand.de\/wp-content\/uploads\/2025\/04\/311737_3000x1916.jpg","width":1500,"height":1000,"caption":"Porsche 911 GT3 R f\u00fcr 2026"},{"@type":"BreadcrumbList","@id":"https:\/\/www.enzo-und-ferdinand.de\/index.php\/2025\/04\/15\/porsche-911-gt3-r-evo-fuer-2026\/#breadcrumb","itemListElement":[{"@type":"ListItem","position":1,"name":"Startseite","item":"https:\/\/www.enzo-und-ferdinand.de\/"},{"@type":"ListItem","position":2,"name":"Porsche 911 GT3 R Evo f\u00fcr 2026"}]},{"@type":"WebSite","@id":"https:\/\/www.enzo-und-ferdinand.de\/#website","url":"https:\/\/www.enzo-und-ferdinand.de\/","name":"enzo & Ferdinand","description":"","publisher":{"@id":"https:\/\/www.enzo-und-ferdinand.de\/#organization"},"potentialAction":[{"@type":"SearchAction","target":{"@type":"EntryPoint","urlTemplate":"https:\/\/www.enzo-und-ferdinand.de\/?s={search_term_string}"},"query-input":{"@type":"PropertyValueSpecification","valueRequired":true,"valueName":"search_term_string"}}],"inLanguage":"de"},{"@type":"Organization","@id":"https:\/\/www.enzo-und-ferdinand.de\/#organization","name":"enzo & Ferdinand","url":"https:\/\/www.enzo-und-ferdinand.de\/","logo":{"@type":"ImageObject","inLanguage":"de","@id":"https:\/\/www.enzo-und-ferdinand.de\/#\/schema\/logo\/image\/","url":"https:\/\/www.enzo-und-ferdinand.de\/wp-content\/uploads\/2018\/12\/revvvs-icon.png","contentUrl":"https:\/\/www.enzo-und-ferdinand.de\/wp-content\/uploads\/2018\/12\/revvvs-icon.png","width":512,"height":512,"caption":"enzo & Ferdinand"},"image":{"@id":"https:\/\/www.enzo-und-ferdinand.de\/#\/schema\/logo\/image\/"}},{"@type":"Person","@id":"https:\/\/www.enzo-und-ferdinand.de\/#\/schema\/person\/aff2eb9ff87705987c1b9d21fe10b095","name":"Rainer Ro\u00dfbach","image":{"@type":"ImageObject","inLanguage":"de","@id":"https:\/\/www.enzo-und-ferdinand.de\/wp-content\/uploads\/2026\/01\/Rainer-Rossbach-150x150.jpg","url":"https:\/\/www.enzo-und-ferdinand.de\/wp-content\/uploads\/2026\/01\/Rainer-Rossbach-150x150.jpg","contentUrl":"https:\/\/www.enzo-und-ferdinand.de\/wp-content\/uploads\/2026\/01\/Rainer-Rossbach-150x150.jpg","caption":"Rainer Ro\u00dfbach"},"url":"https:\/\/www.enzo-und-ferdinand.de\/index.php\/author\/redaktion\/"}]}},"_links":{"self":[{"href":"https:\/\/www.enzo-und-ferdinand.de\/index.php\/wp-json\/wp\/v2\/posts\/19957","targetHints":{"allow":["GET"]}}],"collection":[{"href":"https:\/\/www.enzo-und-ferdinand.de\/index.php\/wp-json\/wp\/v2\/posts"}],"about":[{"href":"https:\/\/www.enzo-und-ferdinand.de\/index.php\/wp-json\/wp\/v2\/types\/post"}],"author":[{"embeddable":true,"href":"https:\/\/www.enzo-und-ferdinand.de\/index.php\/wp-json\/wp\/v2\/users\/1"}],"replies":[{"embeddable":true,"href":"https:\/\/www.enzo-und-ferdinand.de\/index.php\/wp-json\/wp\/v2\/comments?post=19957"}],"version-history":[{"count":2,"href":"https:\/\/www.enzo-und-ferdinand.de\/index.php\/wp-json\/wp\/v2\/posts\/19957\/revisions"}],"predecessor-version":[{"id":19959,"href":"https:\/\/www.enzo-und-ferdinand.de\/index.php\/wp-json\/wp\/v2\/posts\/19957\/revisions\/19959"}],"wp:featuredmedia":[{"embeddable":true,"href":"https:\/\/www.enzo-und-ferdinand.de\/index.php\/wp-json\/wp\/v2\/media\/19954"}],"wp:attachment":[{"href":"https:\/\/www.enzo-und-ferdinand.de\/index.php\/wp-json\/wp\/v2\/media?parent=19957"}],"wp:term":[{"taxonomy":"category","embeddable":true,"href":"https:\/\/www.enzo-und-ferdinand.de\/index.php\/wp-json\/wp\/v2\/categories?post=19957"},{"taxonomy":"post_tag","embeddable":true,"href":"https:\/\/www.enzo-und-ferdinand.de\/index.php\/wp-json\/wp\/v2\/tags?post=19957"}],"curies":[{"name":"wp","href":"https:\/\/api.w.org\/{rel}","templated":true}]}}