{"id":19982,"date":"2025-04-18T10:03:06","date_gmt":"2025-04-18T08:03:06","guid":{"rendered":"https:\/\/www.enzo-und-ferdinand.de\/?p=19982"},"modified":"2025-04-18T10:03:08","modified_gmt":"2025-04-18T08:03:08","slug":"renault-embleme","status":"publish","type":"post","link":"https:\/\/www.enzo-und-ferdinand.de\/index.php\/2025\/04\/18\/renault-embleme\/","title":{"rendered":"Renault Embl\u00e8me"},"content":{"rendered":"\n<figure class=\"wp-block-image size-large\"><img loading=\"lazy\" decoding=\"async\" width=\"810\" height=\"540\" src=\"https:\/\/www.enzo-und-ferdinand.de\/wp-content\/uploads\/2025\/04\/Renault-Embleme-27-810x540.jpg\" alt=\"Renault Embleme\" class=\"wp-image-19991\" srcset=\"https:\/\/www.enzo-und-ferdinand.de\/wp-content\/uploads\/2025\/04\/Renault-Embleme-27-810x540.jpg 810w, https:\/\/www.enzo-und-ferdinand.de\/wp-content\/uploads\/2025\/04\/Renault-Embleme-27-300x200.jpg 300w, https:\/\/www.enzo-und-ferdinand.de\/wp-content\/uploads\/2025\/04\/Renault-Embleme-27-768x512.jpg 768w, https:\/\/www.enzo-und-ferdinand.de\/wp-content\/uploads\/2025\/04\/Renault-Embleme-27-120x80.jpg 120w, https:\/\/www.enzo-und-ferdinand.de\/wp-content\/uploads\/2025\/04\/Renault-Embleme-27.jpg 1500w\" sizes=\"auto, (max-width: 810px) 100vw, 810px\" \/><\/figure>\n\n\n\n<p class=\"wp-block-paragraph\">Der Prototyp mit Dual-Energy-Antrieb mit Batterie und Brennstoffzelle hebt die Dekarbonisierung auf ein neues Niveau. Als Vision eines CO<sub>2<\/sub>-armen Familienautos st\u00f6\u00dft er \u00fcber seinen gesamten Lebenszyklus 90 Prozent weniger Treibhausgase aus, als der zugrunde liegende Vergleichswert von 2019. In den vergangenen Jahren wurden enorme Fortschritte bei der Energiedichte der Batterien erzielt, die in vollelektrischen Fahrzeugen zum Einsatz kommen. Bisher reicht dies aber noch nicht aus, um in puncto Reichweite und Fahrzeit mit Fahrzeugen mit Verbrennungsmotor mithalten zu k\u00f6nnen. Deshalb wurden im Rahmen des Projekts Embl\u00e8me auch die M\u00f6glichkeiten von Wasserstoff untersucht.&nbsp;<\/p>\n\n\n\n<p class=\"wp-block-paragraph\">Wasserstoff ist ein geruchloses, farbloses und nicht korrosives Gas, das bei der Verbrennung in einem Verbrennungsmotor oder der Oxidation in einer Brennstoffzelle Strom erzeugt. Dabei entsteht lediglich Wasser. Es gibt bew\u00e4hrte L\u00f6sungen f\u00fcr die Speicherung und Herstellung von Wasserstoff, und das Tanken an einer Wasserstofftankstelle geht schnell: ein Kilogramm pro Minute (ein Wert, der in Zukunft steigen wird).Eine Brennstoffzelle mit einer Batterie zu kombinieren, bietet die M\u00f6glichkeit, die Vorteile beider Technologien zu nutzen und eine h\u00f6here Reichweite zu erzielen. Beide Quellen verf\u00fcgen dabei \u00fcber gen\u00fcgend Leistung, um das Fahrzeug auf der Stra\u00dfe zu halten.<\/p>\n\n\n\n<figure class=\"wp-block-image size-large\"><img loading=\"lazy\" decoding=\"async\" width=\"810\" height=\"540\" src=\"https:\/\/www.enzo-und-ferdinand.de\/wp-content\/uploads\/2025\/04\/Renault-Embleme-24-810x540.jpg\" alt=\"Renault Embleme\" class=\"wp-image-19990\" srcset=\"https:\/\/www.enzo-und-ferdinand.de\/wp-content\/uploads\/2025\/04\/Renault-Embleme-24-810x540.jpg 810w, https:\/\/www.enzo-und-ferdinand.de\/wp-content\/uploads\/2025\/04\/Renault-Embleme-24-300x200.jpg 300w, https:\/\/www.enzo-und-ferdinand.de\/wp-content\/uploads\/2025\/04\/Renault-Embleme-24-768x512.jpg 768w, https:\/\/www.enzo-und-ferdinand.de\/wp-content\/uploads\/2025\/04\/Renault-Embleme-24-120x80.jpg 120w, https:\/\/www.enzo-und-ferdinand.de\/wp-content\/uploads\/2025\/04\/Renault-Embleme-24.jpg 1500w\" sizes=\"auto, (max-width: 810px) 100vw, 810px\" \/><\/figure>\n\n\n\n<p class=\"wp-block-paragraph\">Der Dual-Energy-Elektroantrieb des Renault Embl\u00e8me nutzt eine Batterie, die nur halb so gro\u00df ist wie die in heutigen Elektroautos verwendeten Langstreckenbatterien, erzielt damit aber die gleiche Reichweite. Durch diese L\u00f6sung werden die CO<sub>2<\/sub>-Emissionen verringert. Das Dual-Energy-System umfasst eine 40-kWh-NMC-Batterie (Nickel-Mangan-Kobalt), die unter dem Fahrzeugboden untergebracht ist, und einer 30-kW-PEMFC-Brennstoffzelle, die mit CO<sub>2<\/sub>-armen Wasserstoff aus einem 2,8-kg-Tank unter der Motorhaube versorgt wird. Die beiden Energiequellen treiben einen Elektromotor mit gewickeltem Rotor an, der ohne seltene Erden auskommt.<\/p>\n\n\n\n<p class=\"wp-block-paragraph\">Die auf der Plattform AmpR Medium basierende Architektur mit Hinterradantrieb beherbergt die verschiedenen Komponenten des Antriebsstrangs (Elektromotor, Batterie, Brennstoffzelle und Wasserstofftank) und sorgt f\u00fcr einen niedrigen Schwerpunkt und eine ideale Gewichtsverteilung.<\/p>\n\n\n\n<p class=\"wp-block-paragraph\">Im Alltag funktioniert das Fahrzeug wie ein herk\u00f6mmliches Elektroauto: Die Batterie wird durch regeneratives Bremsen, Photovoltaikzellen auf dem Dach oder \u00fcber eine Ladestation aufgeladen. Die Reichweite betr\u00e4gt mehrere hundert Kilometer und ist mehr als ausreichend f\u00fcr allt\u00e4gliche Fahrten. Bei l\u00e4ngeren Fahrten nutzt der Antrieb verst\u00e4rkt das Wasserstoff-Brennstoffzellensystem, um die Ladezeiten zu minimieren.<\/p>\n\n\n\n<figure class=\"wp-block-gallery has-nested-images columns-2 is-cropped wp-block-gallery-1 is-layout-flex wp-block-gallery-is-layout-flex\">\n<figure class=\"wp-block-image size-large\"><img loading=\"lazy\" decoding=\"async\" width=\"810\" height=\"540\" data-id=\"19986\" src=\"https:\/\/www.enzo-und-ferdinand.de\/wp-content\/uploads\/2025\/04\/Renault-Embleme-11-810x540.jpg\" alt=\"Renault Embleme\" class=\"wp-image-19986\" srcset=\"https:\/\/www.enzo-und-ferdinand.de\/wp-content\/uploads\/2025\/04\/Renault-Embleme-11-810x540.jpg 810w, https:\/\/www.enzo-und-ferdinand.de\/wp-content\/uploads\/2025\/04\/Renault-Embleme-11-300x200.jpg 300w, https:\/\/www.enzo-und-ferdinand.de\/wp-content\/uploads\/2025\/04\/Renault-Embleme-11-768x512.jpg 768w, https:\/\/www.enzo-und-ferdinand.de\/wp-content\/uploads\/2025\/04\/Renault-Embleme-11-120x80.jpg 120w, https:\/\/www.enzo-und-ferdinand.de\/wp-content\/uploads\/2025\/04\/Renault-Embleme-11.jpg 1500w\" sizes=\"auto, (max-width: 810px) 100vw, 810px\" \/><\/figure>\n\n\n\n<figure class=\"wp-block-image size-large\"><img loading=\"lazy\" decoding=\"async\" width=\"810\" height=\"540\" data-id=\"19989\" src=\"https:\/\/www.enzo-und-ferdinand.de\/wp-content\/uploads\/2025\/04\/Renault-Embleme-19-810x540.jpg\" alt=\"Renault Embleme\" class=\"wp-image-19989\" srcset=\"https:\/\/www.enzo-und-ferdinand.de\/wp-content\/uploads\/2025\/04\/Renault-Embleme-19-810x540.jpg 810w, https:\/\/www.enzo-und-ferdinand.de\/wp-content\/uploads\/2025\/04\/Renault-Embleme-19-300x200.jpg 300w, https:\/\/www.enzo-und-ferdinand.de\/wp-content\/uploads\/2025\/04\/Renault-Embleme-19-768x512.jpg 768w, https:\/\/www.enzo-und-ferdinand.de\/wp-content\/uploads\/2025\/04\/Renault-Embleme-19-120x80.jpg 120w, https:\/\/www.enzo-und-ferdinand.de\/wp-content\/uploads\/2025\/04\/Renault-Embleme-19.jpg 1500w\" sizes=\"auto, (max-width: 810px) 100vw, 810px\" \/><\/figure>\n\n\n\n<figure class=\"wp-block-image size-large\"><img loading=\"lazy\" decoding=\"async\" width=\"810\" height=\"540\" data-id=\"19987\" src=\"https:\/\/www.enzo-und-ferdinand.de\/wp-content\/uploads\/2025\/04\/Renault-Embleme-14-810x540.jpg\" alt=\"Renault Embleme\" class=\"wp-image-19987\" srcset=\"https:\/\/www.enzo-und-ferdinand.de\/wp-content\/uploads\/2025\/04\/Renault-Embleme-14-810x540.jpg 810w, https:\/\/www.enzo-und-ferdinand.de\/wp-content\/uploads\/2025\/04\/Renault-Embleme-14-300x200.jpg 300w, https:\/\/www.enzo-und-ferdinand.de\/wp-content\/uploads\/2025\/04\/Renault-Embleme-14-768x512.jpg 768w, https:\/\/www.enzo-und-ferdinand.de\/wp-content\/uploads\/2025\/04\/Renault-Embleme-14-120x80.jpg 120w, https:\/\/www.enzo-und-ferdinand.de\/wp-content\/uploads\/2025\/04\/Renault-Embleme-14.jpg 1500w\" sizes=\"auto, (max-width: 810px) 100vw, 810px\" \/><\/figure>\n<\/figure>\n\n\n\n<p class=\"wp-block-paragraph\">Durch diese Konfiguration steigt die Vielseitigkeit des Renault Embl\u00e8me: Eine Strecke von bis zu 1.000 Kilometern legt er ohne CO<sub>2<\/sub>-\u00c4q.-Auspuffemissionen zur\u00fcck, und das genauso schnell wie ein Fahrzeug mit Verbrennungsmotor: ohne Aufladen, mit nur zwei Stopps zum Betanken mit Wasserstoff \u2013 in jeweils unter f\u00fcnf Minuten \u2013 f\u00fcr 350 Kilometer Reichweite. Auf einer Fahrt zwischen Paris und Marseille werden 75 Prozent des Stroms, den das Fahrzeug verbraucht, von der Brennstoffzelle erzeugt, wobei au\u00dfer Wasser keine Emissionen entstehen.<\/p>\n\n\n\n<p class=\"wp-block-paragraph\">Das Multimediasystem verf\u00fcgt \u00fcber einen Routenplaner, der die von der Brennstoffzelle gelieferte Leistung berechnet, um die Nutzung der Batterie zu optimieren und den Ladezustand zu erhalten.<\/p>\n\n\n\n<p class=\"wp-block-paragraph\">Durch die Kombination der Eigenschaften von Elektrizit\u00e4t und Wasserstoff bietet das duale Energiesystem alle Vorteile des elektrischen Fahrens (sofortige Beschleunigung, ger\u00e4uschloser Betrieb, keine Vibrationen) und stellt eine attraktive Alternative zum reinen Elektroantrieb dar, auch wenn sie sich derzeit noch um in der Erprobung befindet.<\/p>\n\n\n\n<p class=\"wp-block-paragraph\">Auch im Innenraum setzen die Entwickler auf nat\u00fcrliche und auch recycelte Materialien. Tierleder&nbsp; wird nicht verwendet \u2013das Cockpit mit Leinen und Flachs verkleidet. Die T\u00fcrverkleidungen sowie die Mittelkonsole bestehen aus Ananasfasern und da auf Klebstoffe verzichtet wird, vereinfacht sich das Recycling.&nbsp;<\/p>\n\n\n\n<figure class=\"wp-block-gallery has-nested-images columns-2 is-cropped wp-block-gallery-2 is-layout-flex wp-block-gallery-is-layout-flex\">\n<figure class=\"wp-block-image size-large\"><img loading=\"lazy\" decoding=\"async\" width=\"810\" height=\"540\" data-id=\"19984\" src=\"https:\/\/www.enzo-und-ferdinand.de\/wp-content\/uploads\/2025\/04\/Renault-Embleme-1-810x540.jpg\" alt=\"Renault Embleme\" class=\"wp-image-19984\" srcset=\"https:\/\/www.enzo-und-ferdinand.de\/wp-content\/uploads\/2025\/04\/Renault-Embleme-1-810x540.jpg 810w, https:\/\/www.enzo-und-ferdinand.de\/wp-content\/uploads\/2025\/04\/Renault-Embleme-1-300x200.jpg 300w, https:\/\/www.enzo-und-ferdinand.de\/wp-content\/uploads\/2025\/04\/Renault-Embleme-1-768x512.jpg 768w, https:\/\/www.enzo-und-ferdinand.de\/wp-content\/uploads\/2025\/04\/Renault-Embleme-1-120x80.jpg 120w, https:\/\/www.enzo-und-ferdinand.de\/wp-content\/uploads\/2025\/04\/Renault-Embleme-1.jpg 1500w\" sizes=\"auto, (max-width: 810px) 100vw, 810px\" \/><\/figure>\n\n\n\n<figure class=\"wp-block-image size-large\"><img loading=\"lazy\" decoding=\"async\" width=\"810\" height=\"540\" data-id=\"19988\" src=\"https:\/\/www.enzo-und-ferdinand.de\/wp-content\/uploads\/2025\/04\/Renault-Embleme-16-810x540.jpg\" alt=\"Renault Embleme\" class=\"wp-image-19988\" srcset=\"https:\/\/www.enzo-und-ferdinand.de\/wp-content\/uploads\/2025\/04\/Renault-Embleme-16-810x540.jpg 810w, https:\/\/www.enzo-und-ferdinand.de\/wp-content\/uploads\/2025\/04\/Renault-Embleme-16-300x200.jpg 300w, https:\/\/www.enzo-und-ferdinand.de\/wp-content\/uploads\/2025\/04\/Renault-Embleme-16-768x512.jpg 768w, https:\/\/www.enzo-und-ferdinand.de\/wp-content\/uploads\/2025\/04\/Renault-Embleme-16-120x80.jpg 120w, https:\/\/www.enzo-und-ferdinand.de\/wp-content\/uploads\/2025\/04\/Renault-Embleme-16.jpg 1500w\" sizes=\"auto, (max-width: 810px) 100vw, 810px\" \/><\/figure>\n\n\n\n<figure class=\"wp-block-image size-large\"><img loading=\"lazy\" decoding=\"async\" width=\"810\" height=\"540\" data-id=\"19985\" src=\"https:\/\/www.enzo-und-ferdinand.de\/wp-content\/uploads\/2025\/04\/Renault-Embleme-4-810x540.jpg\" alt=\"Renault Embleme\" class=\"wp-image-19985\" srcset=\"https:\/\/www.enzo-und-ferdinand.de\/wp-content\/uploads\/2025\/04\/Renault-Embleme-4-810x540.jpg 810w, https:\/\/www.enzo-und-ferdinand.de\/wp-content\/uploads\/2025\/04\/Renault-Embleme-4-300x200.jpg 300w, https:\/\/www.enzo-und-ferdinand.de\/wp-content\/uploads\/2025\/04\/Renault-Embleme-4-768x512.jpg 768w, https:\/\/www.enzo-und-ferdinand.de\/wp-content\/uploads\/2025\/04\/Renault-Embleme-4-120x80.jpg 120w, https:\/\/www.enzo-und-ferdinand.de\/wp-content\/uploads\/2025\/04\/Renault-Embleme-4.jpg 1500w\" sizes=\"auto, (max-width: 810px) 100vw, 810px\" \/><\/figure>\n<\/figure>\n\n\n\n<p class=\"has-text-align-right has-small-font-size wp-block-paragraph\">Fotos: Renault\/Text: Rainer Ro\u00dfbach<\/p>\n","protected":false},"excerpt":{"rendered":"<p>Der Prototyp mit Dual-Energy-Antrieb mit Batterie und Brennstoffzelle hebt die Dekarbonisierung auf ein neues Niveau. Als Vision eines CO2-armen Familienautos st\u00f6\u00dft er \u00fcber seinen gesamten Lebenszyklus 90 Prozent weniger Treibhausgase aus, als der zugrunde liegende Vergleichswert von 2019. In den vergangenen Jahren wurden enorme Fortschritte bei der Energiedichte der Batterien erzielt, die in vollelektrischen Fahrzeugen zum Einsatz kommen. Bisher reicht dies aber noch nicht aus, um in puncto Reichweite und Fahrzeit mit Fahrzeugen mit Verbrennungsmotor mithalten zu k\u00f6nnen. Deshalb wurden im Rahmen des Projekts Embl\u00e8me auch die M\u00f6glichkeiten von Wasserstoff untersucht.\u00a0<\/p>\n","protected":false},"author":1,"featured_media":19992,"comment_status":"closed","ping_status":"closed","sticky":false,"template":"","format":"standard","meta":{"_crdt_document":"","ngg_post_thumbnail":0,"footnotes":""},"categories":[681,586,1237],"tags":[190],"class_list":["post-19982","post","type-post","status-publish","format-standard","has-post-thumbnail","hentry","category-elektro","category-technologie","category-wasserstoff","tag-renault"],"yoast_head":"<!-- This site is optimized with the Yoast SEO plugin v27.5 - https:\/\/yoast.com\/product\/yoast-seo-wordpress\/ -->\n<title>Renault Embl\u00e8me<\/title>\n<meta name=\"description\" content=\"Rainer Ro\u00dfbach Rainer Rossbach enzo-und-ferdinand enzo&amp;ferdinand Renault Embl\u00e8me Prototyp Dual-Energy Batterie Brennstoffzelle Dekarbonisierung Wasserstoff Nickel-Mangan-Kobalt AmpR Medium regenerative Bremsen Photovoltaikzellen Leinen Flachs Ananasfasern Recycling\" \/>\n<meta name=\"robots\" content=\"index, follow, max-snippet:-1, max-image-preview:large, max-video-preview:-1\" \/>\n<link rel=\"canonical\" href=\"https:\/\/www.enzo-und-ferdinand.de\/index.php\/2025\/04\/18\/renault-embleme\/\" \/>\n<meta property=\"og:locale\" content=\"de_DE\" \/>\n<meta property=\"og:type\" content=\"article\" \/>\n<meta property=\"og:title\" content=\"Renault Embl\u00e8me\" \/>\n<meta property=\"og:description\" content=\"Rainer Ro\u00dfbach Rainer Rossbach enzo-und-ferdinand enzo&amp;ferdinand Renault Embl\u00e8me Prototyp Dual-Energy Batterie Brennstoffzelle Dekarbonisierung Wasserstoff Nickel-Mangan-Kobalt AmpR Medium regenerative Bremsen Photovoltaikzellen Leinen Flachs Ananasfasern Recycling\" \/>\n<meta property=\"og:url\" content=\"https:\/\/www.enzo-und-ferdinand.de\/index.php\/2025\/04\/18\/renault-embleme\/\" \/>\n<meta property=\"og:site_name\" content=\"enzo &amp; Ferdinand\" \/>\n<meta property=\"article:published_time\" content=\"2025-04-18T08:03:06+00:00\" \/>\n<meta property=\"article:modified_time\" content=\"2025-04-18T08:03:08+00:00\" \/>\n<meta property=\"og:image\" content=\"https:\/\/www.enzo-und-ferdinand.de\/wp-content\/uploads\/2025\/04\/Renault-Embleme-32.jpg\" \/>\n\t<meta property=\"og:image:width\" content=\"1500\" \/>\n\t<meta property=\"og:image:height\" content=\"1000\" \/>\n\t<meta property=\"og:image:type\" content=\"image\/jpeg\" \/>\n<meta name=\"author\" content=\"Rainer Ro\u00dfbach\" \/>\n<meta name=\"twitter:card\" content=\"summary_large_image\" \/>\n<meta name=\"twitter:label1\" content=\"Verfasst von\" \/>\n\t<meta name=\"twitter:data1\" content=\"Rainer Ro\u00dfbach\" \/>\n\t<meta name=\"twitter:label2\" content=\"Gesch\u00e4tzte Lesezeit\" \/>\n\t<meta name=\"twitter:data2\" content=\"3\u00a0Minuten\" \/>\n<script type=\"application\/ld+json\" class=\"yoast-schema-graph\">{\"@context\":\"https:\\\/\\\/schema.org\",\"@graph\":[{\"@type\":\"Article\",\"@id\":\"https:\\\/\\\/www.enzo-und-ferdinand.de\\\/index.php\\\/2025\\\/04\\\/18\\\/renault-embleme\\\/#article\",\"isPartOf\":{\"@id\":\"https:\\\/\\\/www.enzo-und-ferdinand.de\\\/index.php\\\/2025\\\/04\\\/18\\\/renault-embleme\\\/\"},\"author\":{\"name\":\"Rainer Ro\u00dfbach\",\"@id\":\"https:\\\/\\\/www.enzo-und-ferdinand.de\\\/#\\\/schema\\\/person\\\/aff2eb9ff87705987c1b9d21fe10b095\"},\"headline\":\"Renault Embl\u00e8me\",\"datePublished\":\"2025-04-18T08:03:06+00:00\",\"dateModified\":\"2025-04-18T08:03:08+00:00\",\"mainEntityOfPage\":{\"@id\":\"https:\\\/\\\/www.enzo-und-ferdinand.de\\\/index.php\\\/2025\\\/04\\\/18\\\/renault-embleme\\\/\"},\"wordCount\":575,\"publisher\":{\"@id\":\"https:\\\/\\\/www.enzo-und-ferdinand.de\\\/#organization\"},\"image\":{\"@id\":\"https:\\\/\\\/www.enzo-und-ferdinand.de\\\/index.php\\\/2025\\\/04\\\/18\\\/renault-embleme\\\/#primaryimage\"},\"thumbnailUrl\":\"https:\\\/\\\/www.enzo-und-ferdinand.de\\\/wp-content\\\/uploads\\\/2025\\\/04\\\/Renault-Embleme-32.jpg\",\"keywords\":[\"Renault\"],\"articleSection\":[\"Elektro\",\"Technologie\",\"Wasserstoff\"],\"inLanguage\":\"de\"},{\"@type\":\"WebPage\",\"@id\":\"https:\\\/\\\/www.enzo-und-ferdinand.de\\\/index.php\\\/2025\\\/04\\\/18\\\/renault-embleme\\\/\",\"url\":\"https:\\\/\\\/www.enzo-und-ferdinand.de\\\/index.php\\\/2025\\\/04\\\/18\\\/renault-embleme\\\/\",\"name\":\"Renault Embl\u00e8me\",\"isPartOf\":{\"@id\":\"https:\\\/\\\/www.enzo-und-ferdinand.de\\\/#website\"},\"primaryImageOfPage\":{\"@id\":\"https:\\\/\\\/www.enzo-und-ferdinand.de\\\/index.php\\\/2025\\\/04\\\/18\\\/renault-embleme\\\/#primaryimage\"},\"image\":{\"@id\":\"https:\\\/\\\/www.enzo-und-ferdinand.de\\\/index.php\\\/2025\\\/04\\\/18\\\/renault-embleme\\\/#primaryimage\"},\"thumbnailUrl\":\"https:\\\/\\\/www.enzo-und-ferdinand.de\\\/wp-content\\\/uploads\\\/2025\\\/04\\\/Renault-Embleme-32.jpg\",\"datePublished\":\"2025-04-18T08:03:06+00:00\",\"dateModified\":\"2025-04-18T08:03:08+00:00\",\"description\":\"Rainer Ro\u00dfbach Rainer Rossbach enzo-und-ferdinand enzo&ferdinand Renault Embl\u00e8me Prototyp Dual-Energy Batterie Brennstoffzelle Dekarbonisierung Wasserstoff Nickel-Mangan-Kobalt AmpR Medium regenerative Bremsen Photovoltaikzellen Leinen Flachs Ananasfasern Recycling\",\"breadcrumb\":{\"@id\":\"https:\\\/\\\/www.enzo-und-ferdinand.de\\\/index.php\\\/2025\\\/04\\\/18\\\/renault-embleme\\\/#breadcrumb\"},\"inLanguage\":\"de\",\"potentialAction\":[{\"@type\":\"ReadAction\",\"target\":[\"https:\\\/\\\/www.enzo-und-ferdinand.de\\\/index.php\\\/2025\\\/04\\\/18\\\/renault-embleme\\\/\"]}]},{\"@type\":\"ImageObject\",\"inLanguage\":\"de\",\"@id\":\"https:\\\/\\\/www.enzo-und-ferdinand.de\\\/index.php\\\/2025\\\/04\\\/18\\\/renault-embleme\\\/#primaryimage\",\"url\":\"https:\\\/\\\/www.enzo-und-ferdinand.de\\\/wp-content\\\/uploads\\\/2025\\\/04\\\/Renault-Embleme-32.jpg\",\"contentUrl\":\"https:\\\/\\\/www.enzo-und-ferdinand.de\\\/wp-content\\\/uploads\\\/2025\\\/04\\\/Renault-Embleme-32.jpg\",\"width\":1500,\"height\":1000,\"caption\":\"Renault Embleme\"},{\"@type\":\"BreadcrumbList\",\"@id\":\"https:\\\/\\\/www.enzo-und-ferdinand.de\\\/index.php\\\/2025\\\/04\\\/18\\\/renault-embleme\\\/#breadcrumb\",\"itemListElement\":[{\"@type\":\"ListItem\",\"position\":1,\"name\":\"Startseite\",\"item\":\"https:\\\/\\\/www.enzo-und-ferdinand.de\\\/\"},{\"@type\":\"ListItem\",\"position\":2,\"name\":\"Renault Embl\u00e8me\"}]},{\"@type\":\"WebSite\",\"@id\":\"https:\\\/\\\/www.enzo-und-ferdinand.de\\\/#website\",\"url\":\"https:\\\/\\\/www.enzo-und-ferdinand.de\\\/\",\"name\":\"enzo & Ferdinand\",\"description\":\"\",\"publisher\":{\"@id\":\"https:\\\/\\\/www.enzo-und-ferdinand.de\\\/#organization\"},\"potentialAction\":[{\"@type\":\"SearchAction\",\"target\":{\"@type\":\"EntryPoint\",\"urlTemplate\":\"https:\\\/\\\/www.enzo-und-ferdinand.de\\\/?s={search_term_string}\"},\"query-input\":{\"@type\":\"PropertyValueSpecification\",\"valueRequired\":true,\"valueName\":\"search_term_string\"}}],\"inLanguage\":\"de\"},{\"@type\":\"Organization\",\"@id\":\"https:\\\/\\\/www.enzo-und-ferdinand.de\\\/#organization\",\"name\":\"enzo & Ferdinand\",\"url\":\"https:\\\/\\\/www.enzo-und-ferdinand.de\\\/\",\"logo\":{\"@type\":\"ImageObject\",\"inLanguage\":\"de\",\"@id\":\"https:\\\/\\\/www.enzo-und-ferdinand.de\\\/#\\\/schema\\\/logo\\\/image\\\/\",\"url\":\"https:\\\/\\\/www.enzo-und-ferdinand.de\\\/wp-content\\\/uploads\\\/2018\\\/12\\\/revvvs-icon.png\",\"contentUrl\":\"https:\\\/\\\/www.enzo-und-ferdinand.de\\\/wp-content\\\/uploads\\\/2018\\\/12\\\/revvvs-icon.png\",\"width\":512,\"height\":512,\"caption\":\"enzo & Ferdinand\"},\"image\":{\"@id\":\"https:\\\/\\\/www.enzo-und-ferdinand.de\\\/#\\\/schema\\\/logo\\\/image\\\/\"}},{\"@type\":\"Person\",\"@id\":\"https:\\\/\\\/www.enzo-und-ferdinand.de\\\/#\\\/schema\\\/person\\\/aff2eb9ff87705987c1b9d21fe10b095\",\"name\":\"Rainer Ro\u00dfbach\",\"image\":{\"@type\":\"ImageObject\",\"inLanguage\":\"de\",\"@id\":\"https:\\\/\\\/www.enzo-und-ferdinand.de\\\/wp-content\\\/uploads\\\/2026\\\/01\\\/Rainer-Rossbach-150x150.jpg\",\"url\":\"https:\\\/\\\/www.enzo-und-ferdinand.de\\\/wp-content\\\/uploads\\\/2026\\\/01\\\/Rainer-Rossbach-150x150.jpg\",\"contentUrl\":\"https:\\\/\\\/www.enzo-und-ferdinand.de\\\/wp-content\\\/uploads\\\/2026\\\/01\\\/Rainer-Rossbach-150x150.jpg\",\"caption\":\"Rainer Ro\u00dfbach\"},\"url\":\"https:\\\/\\\/www.enzo-und-ferdinand.de\\\/index.php\\\/author\\\/redaktion\\\/\"}]}<\/script>\n<!-- \/ Yoast SEO plugin. -->","yoast_head_json":{"title":"Renault Embl\u00e8me","description":"Rainer Ro\u00dfbach Rainer Rossbach enzo-und-ferdinand enzo&ferdinand Renault Embl\u00e8me Prototyp Dual-Energy Batterie Brennstoffzelle Dekarbonisierung Wasserstoff Nickel-Mangan-Kobalt AmpR Medium regenerative Bremsen Photovoltaikzellen Leinen Flachs Ananasfasern Recycling","robots":{"index":"index","follow":"follow","max-snippet":"max-snippet:-1","max-image-preview":"max-image-preview:large","max-video-preview":"max-video-preview:-1"},"canonical":"https:\/\/www.enzo-und-ferdinand.de\/index.php\/2025\/04\/18\/renault-embleme\/","og_locale":"de_DE","og_type":"article","og_title":"Renault Embl\u00e8me","og_description":"Rainer Ro\u00dfbach Rainer Rossbach enzo-und-ferdinand enzo&ferdinand Renault Embl\u00e8me Prototyp Dual-Energy Batterie Brennstoffzelle Dekarbonisierung Wasserstoff Nickel-Mangan-Kobalt AmpR Medium regenerative Bremsen Photovoltaikzellen Leinen Flachs Ananasfasern Recycling","og_url":"https:\/\/www.enzo-und-ferdinand.de\/index.php\/2025\/04\/18\/renault-embleme\/","og_site_name":"enzo &amp; Ferdinand","article_published_time":"2025-04-18T08:03:06+00:00","article_modified_time":"2025-04-18T08:03:08+00:00","og_image":[{"width":1500,"height":1000,"url":"https:\/\/www.enzo-und-ferdinand.de\/wp-content\/uploads\/2025\/04\/Renault-Embleme-32.jpg","type":"image\/jpeg"}],"author":"Rainer Ro\u00dfbach","twitter_card":"summary_large_image","twitter_misc":{"Verfasst von":"Rainer Ro\u00dfbach","Gesch\u00e4tzte Lesezeit":"3\u00a0Minuten"},"schema":{"@context":"https:\/\/schema.org","@graph":[{"@type":"Article","@id":"https:\/\/www.enzo-und-ferdinand.de\/index.php\/2025\/04\/18\/renault-embleme\/#article","isPartOf":{"@id":"https:\/\/www.enzo-und-ferdinand.de\/index.php\/2025\/04\/18\/renault-embleme\/"},"author":{"name":"Rainer Ro\u00dfbach","@id":"https:\/\/www.enzo-und-ferdinand.de\/#\/schema\/person\/aff2eb9ff87705987c1b9d21fe10b095"},"headline":"Renault Embl\u00e8me","datePublished":"2025-04-18T08:03:06+00:00","dateModified":"2025-04-18T08:03:08+00:00","mainEntityOfPage":{"@id":"https:\/\/www.enzo-und-ferdinand.de\/index.php\/2025\/04\/18\/renault-embleme\/"},"wordCount":575,"publisher":{"@id":"https:\/\/www.enzo-und-ferdinand.de\/#organization"},"image":{"@id":"https:\/\/www.enzo-und-ferdinand.de\/index.php\/2025\/04\/18\/renault-embleme\/#primaryimage"},"thumbnailUrl":"https:\/\/www.enzo-und-ferdinand.de\/wp-content\/uploads\/2025\/04\/Renault-Embleme-32.jpg","keywords":["Renault"],"articleSection":["Elektro","Technologie","Wasserstoff"],"inLanguage":"de"},{"@type":"WebPage","@id":"https:\/\/www.enzo-und-ferdinand.de\/index.php\/2025\/04\/18\/renault-embleme\/","url":"https:\/\/www.enzo-und-ferdinand.de\/index.php\/2025\/04\/18\/renault-embleme\/","name":"Renault Embl\u00e8me","isPartOf":{"@id":"https:\/\/www.enzo-und-ferdinand.de\/#website"},"primaryImageOfPage":{"@id":"https:\/\/www.enzo-und-ferdinand.de\/index.php\/2025\/04\/18\/renault-embleme\/#primaryimage"},"image":{"@id":"https:\/\/www.enzo-und-ferdinand.de\/index.php\/2025\/04\/18\/renault-embleme\/#primaryimage"},"thumbnailUrl":"https:\/\/www.enzo-und-ferdinand.de\/wp-content\/uploads\/2025\/04\/Renault-Embleme-32.jpg","datePublished":"2025-04-18T08:03:06+00:00","dateModified":"2025-04-18T08:03:08+00:00","description":"Rainer Ro\u00dfbach Rainer Rossbach enzo-und-ferdinand enzo&ferdinand Renault Embl\u00e8me Prototyp Dual-Energy Batterie Brennstoffzelle Dekarbonisierung Wasserstoff Nickel-Mangan-Kobalt AmpR Medium regenerative Bremsen Photovoltaikzellen Leinen Flachs Ananasfasern Recycling","breadcrumb":{"@id":"https:\/\/www.enzo-und-ferdinand.de\/index.php\/2025\/04\/18\/renault-embleme\/#breadcrumb"},"inLanguage":"de","potentialAction":[{"@type":"ReadAction","target":["https:\/\/www.enzo-und-ferdinand.de\/index.php\/2025\/04\/18\/renault-embleme\/"]}]},{"@type":"ImageObject","inLanguage":"de","@id":"https:\/\/www.enzo-und-ferdinand.de\/index.php\/2025\/04\/18\/renault-embleme\/#primaryimage","url":"https:\/\/www.enzo-und-ferdinand.de\/wp-content\/uploads\/2025\/04\/Renault-Embleme-32.jpg","contentUrl":"https:\/\/www.enzo-und-ferdinand.de\/wp-content\/uploads\/2025\/04\/Renault-Embleme-32.jpg","width":1500,"height":1000,"caption":"Renault Embleme"},{"@type":"BreadcrumbList","@id":"https:\/\/www.enzo-und-ferdinand.de\/index.php\/2025\/04\/18\/renault-embleme\/#breadcrumb","itemListElement":[{"@type":"ListItem","position":1,"name":"Startseite","item":"https:\/\/www.enzo-und-ferdinand.de\/"},{"@type":"ListItem","position":2,"name":"Renault Embl\u00e8me"}]},{"@type":"WebSite","@id":"https:\/\/www.enzo-und-ferdinand.de\/#website","url":"https:\/\/www.enzo-und-ferdinand.de\/","name":"enzo & Ferdinand","description":"","publisher":{"@id":"https:\/\/www.enzo-und-ferdinand.de\/#organization"},"potentialAction":[{"@type":"SearchAction","target":{"@type":"EntryPoint","urlTemplate":"https:\/\/www.enzo-und-ferdinand.de\/?s={search_term_string}"},"query-input":{"@type":"PropertyValueSpecification","valueRequired":true,"valueName":"search_term_string"}}],"inLanguage":"de"},{"@type":"Organization","@id":"https:\/\/www.enzo-und-ferdinand.de\/#organization","name":"enzo & Ferdinand","url":"https:\/\/www.enzo-und-ferdinand.de\/","logo":{"@type":"ImageObject","inLanguage":"de","@id":"https:\/\/www.enzo-und-ferdinand.de\/#\/schema\/logo\/image\/","url":"https:\/\/www.enzo-und-ferdinand.de\/wp-content\/uploads\/2018\/12\/revvvs-icon.png","contentUrl":"https:\/\/www.enzo-und-ferdinand.de\/wp-content\/uploads\/2018\/12\/revvvs-icon.png","width":512,"height":512,"caption":"enzo & Ferdinand"},"image":{"@id":"https:\/\/www.enzo-und-ferdinand.de\/#\/schema\/logo\/image\/"}},{"@type":"Person","@id":"https:\/\/www.enzo-und-ferdinand.de\/#\/schema\/person\/aff2eb9ff87705987c1b9d21fe10b095","name":"Rainer Ro\u00dfbach","image":{"@type":"ImageObject","inLanguage":"de","@id":"https:\/\/www.enzo-und-ferdinand.de\/wp-content\/uploads\/2026\/01\/Rainer-Rossbach-150x150.jpg","url":"https:\/\/www.enzo-und-ferdinand.de\/wp-content\/uploads\/2026\/01\/Rainer-Rossbach-150x150.jpg","contentUrl":"https:\/\/www.enzo-und-ferdinand.de\/wp-content\/uploads\/2026\/01\/Rainer-Rossbach-150x150.jpg","caption":"Rainer Ro\u00dfbach"},"url":"https:\/\/www.enzo-und-ferdinand.de\/index.php\/author\/redaktion\/"}]}},"_links":{"self":[{"href":"https:\/\/www.enzo-und-ferdinand.de\/index.php\/wp-json\/wp\/v2\/posts\/19982","targetHints":{"allow":["GET"]}}],"collection":[{"href":"https:\/\/www.enzo-und-ferdinand.de\/index.php\/wp-json\/wp\/v2\/posts"}],"about":[{"href":"https:\/\/www.enzo-und-ferdinand.de\/index.php\/wp-json\/wp\/v2\/types\/post"}],"author":[{"embeddable":true,"href":"https:\/\/www.enzo-und-ferdinand.de\/index.php\/wp-json\/wp\/v2\/users\/1"}],"replies":[{"embeddable":true,"href":"https:\/\/www.enzo-und-ferdinand.de\/index.php\/wp-json\/wp\/v2\/comments?post=19982"}],"version-history":[{"count":2,"href":"https:\/\/www.enzo-und-ferdinand.de\/index.php\/wp-json\/wp\/v2\/posts\/19982\/revisions"}],"predecessor-version":[{"id":19993,"href":"https:\/\/www.enzo-und-ferdinand.de\/index.php\/wp-json\/wp\/v2\/posts\/19982\/revisions\/19993"}],"wp:featuredmedia":[{"embeddable":true,"href":"https:\/\/www.enzo-und-ferdinand.de\/index.php\/wp-json\/wp\/v2\/media\/19992"}],"wp:attachment":[{"href":"https:\/\/www.enzo-und-ferdinand.de\/index.php\/wp-json\/wp\/v2\/media?parent=19982"}],"wp:term":[{"taxonomy":"category","embeddable":true,"href":"https:\/\/www.enzo-und-ferdinand.de\/index.php\/wp-json\/wp\/v2\/categories?post=19982"},{"taxonomy":"post_tag","embeddable":true,"href":"https:\/\/www.enzo-und-ferdinand.de\/index.php\/wp-json\/wp\/v2\/tags?post=19982"}],"curies":[{"name":"wp","href":"https:\/\/api.w.org\/{rel}","templated":true}]}}