{"id":2006,"date":"2018-12-28T11:44:13","date_gmt":"2018-12-28T10:44:13","guid":{"rendered":"http:\/\/www.enzo-und-ferdinand.de\/?p=2006"},"modified":"2025-12-27T15:27:45","modified_gmt":"2025-12-27T14:27:45","slug":"porsche-718-cayman-t-boxster-t","status":"publish","type":"post","link":"https:\/\/www.enzo-und-ferdinand.de\/index.php\/2018\/12\/28\/porsche-718-cayman-t-boxster-t\/","title":{"rendered":"Porsche 718 Cayman T\/Boxster T"},"content":{"rendered":"\n<figure class=\"wp-block-image\"><img loading=\"lazy\" decoding=\"async\" width=\"810\" height=\"535\" src=\"https:\/\/www.enzo-und-ferdinand.de\/wp-content\/uploads\/2018\/12\/718T-4.jpg\" alt=\"\" class=\"wp-image-2009\" srcset=\"https:\/\/www.enzo-und-ferdinand.de\/wp-content\/uploads\/2018\/12\/718T-4.jpg 810w, https:\/\/www.enzo-und-ferdinand.de\/wp-content\/uploads\/2018\/12\/718T-4-300x198.jpg 300w, https:\/\/www.enzo-und-ferdinand.de\/wp-content\/uploads\/2018\/12\/718T-4-768x507.jpg 768w, https:\/\/www.enzo-und-ferdinand.de\/wp-content\/uploads\/2018\/12\/718T-4-120x80.jpg 120w\" sizes=\"auto, (max-width: 810px) 100vw, 810px\" \/><\/figure>\n\n\n\n<p class=\"wp-block-paragraph\">Ende der 1960er Jahre steht das \u201eT\u201c f\u00fcr die Einstiegselfer. Damals stand \u201eT\u201c f\u00fcr Verzicht auf Leistung und Ausstattung. Bei den neuen Mittelmotorsportwagen gleichen Namens ist das nicht mehr so: Hier haben die Ingenieure und Designer das Leistungsgewicht in den Blick genommen und die Wagen so abgespeckt und modifiziert, dass nicht zuletzt bessere Performance das Ergebnis ist.<\/p>\n\n\n\n<p class=\"wp-block-paragraph\">Im Zentrum befindet sich ein 300 PS starker Turbo-Vier-Zylinder-Boxer. Dieses Kraftwerk wird mit \u201ePerformance\u201c-Elementen kombiniert. Dazu geh\u00f6ren 20 Zoll gro\u00dfe Leichtmetallr\u00e4der, das PASM genannte Sportfahrwerk inklusive 20 Millimeter Tieferlegung, ein verk\u00fcrzter Schalthebel mit rotem Schaltschema und das Sport-Chrono-Paket. Als Getriebe kommen entweder ein Sechs-Gang-Schaltgetriebe und Porsche Torque Vectoring (PTV) inklusive mechanischer Hinterachsquersperre zum Einsatz oder, optional, das Doppelkupplungsgetriebe PDK.<\/p>\n\n\n\n<p class=\"wp-block-paragraph\">Der Turbo-Boxermotor beschleunigt den Zweisitzer in 5,1 Sekunden, mit PDK sind es nur&nbsp; 4,7 Sekunden bis auf 100 Stundenkilometer. Der Vortrieb endet bei einer H\u00f6chstgeschwindigkeit von 275 km\/h. Besonders sind die dynamischen Getriebelager. Diese minimieren die Schwingungen im Motor- und Getriebebereich.<\/p>\n\n\n\n<figure class=\"wp-block-image\"><img loading=\"lazy\" decoding=\"async\" width=\"810\" height=\"535\" src=\"https:\/\/www.enzo-und-ferdinand.de\/wp-content\/uploads\/2018\/12\/718T-2.jpg\" alt=\"\" class=\"wp-image-2010\" srcset=\"https:\/\/www.enzo-und-ferdinand.de\/wp-content\/uploads\/2018\/12\/718T-2.jpg 810w, https:\/\/www.enzo-und-ferdinand.de\/wp-content\/uploads\/2018\/12\/718T-2-300x198.jpg 300w, https:\/\/www.enzo-und-ferdinand.de\/wp-content\/uploads\/2018\/12\/718T-2-768x507.jpg 768w, https:\/\/www.enzo-und-ferdinand.de\/wp-content\/uploads\/2018\/12\/718T-2-120x80.jpg 120w\" sizes=\"auto, (max-width: 810px) 100vw, 810px\" \/><\/figure>\n\n\n\n<p class=\"wp-block-paragraph\">Die Ausstattung gibt sich puristisch: farbige \u00d6ffnerschlaufen in Textil ersetzten die Hebel und die Sportsitze mit elektrischer 2-Wege-Verstellung haben schwarze Sport-Tex-Mittelbahnen, in deren Kopfst\u00fctzen ein \u201e718\u201c-Schriftzug eingestickt ist. Das Porsche-Communication-Management-Modul&nbsp; wird durch ein gro\u00dfes Ablagefach ersetzt, wobei dieser Verzicht weitgehend virtuell ist, weil das Entertainmentsystem ohne Aufpreis wieder hinzubestellt werden kann.&nbsp;<\/p>\n\n\n\n<p class=\"wp-block-paragraph\">\u201eBoxster T\u201c- oder \u201eCayman T\u201c-Schriftz\u00fcge in wei\u00df zieren die schwarzen Zifferbl\u00e4tter der Instrumente, die Blenden der Schalttafel und Mittelkonsole sind in gl\u00e4nzendem Schwarz lackiert und auch auf den T\u00fcreinstiegsleisten finden sich \u201eBoxster T\u201c- oder \u201eCayman T\u201c-Schriftz\u00fcge. Gesteuert wird mit einem GT-Sportlenkrad, das 360 Millimeter im Durchmesser misst. Erkennen kann man die \u201eT\u201c-Varianten an den grauen Schalen der Au\u00dfenspiegel und, nat\u00fcrlich, an den Schriftz\u00fcgen auf der Motorhaube. Bei genaueren Hinsehen ist auch die Auspuffanlage mit schwarz verchromten Doppelendrohren typisch f\u00fcr die Modellvarianten.<\/p>\n\n\n\n<p class=\"wp-block-paragraph\">Als Farben werden Schwarz, Indischrot, Racinggelb und Wei\u00df sowie die Metallic-Farben Carrarawei\u00df, Tiefschwarz und GT-Silber angeboten. Lavaorange und Miamiblau m\u00fcssen zus\u00e4tzlich bezahlt werden. Der Porsche 718 Cayman T kostet ab 63 047 Euro zu haben, die Preise des 718 Boxster T beginnen bei 65 070 Euro.<\/p>\n\n\n\n<figure class=\"wp-block-image\"><img loading=\"lazy\" decoding=\"async\" width=\"810\" height=\"535\" src=\"https:\/\/www.enzo-und-ferdinand.de\/wp-content\/uploads\/2018\/12\/718T-1.jpg\" alt=\"\" class=\"wp-image-2011\" srcset=\"https:\/\/www.enzo-und-ferdinand.de\/wp-content\/uploads\/2018\/12\/718T-1.jpg 810w, https:\/\/www.enzo-und-ferdinand.de\/wp-content\/uploads\/2018\/12\/718T-1-300x198.jpg 300w, https:\/\/www.enzo-und-ferdinand.de\/wp-content\/uploads\/2018\/12\/718T-1-768x507.jpg 768w, https:\/\/www.enzo-und-ferdinand.de\/wp-content\/uploads\/2018\/12\/718T-1-120x80.jpg 120w\" sizes=\"auto, (max-width: 810px) 100vw, 810px\" \/><\/figure>\n\n\n\n<p class=\"has-text-align-center has-small-font-size wp-block-paragraph\">Fotos: Porsche\/Text: Rainer Ro\u00dfbach<\/p>\n","protected":false},"excerpt":{"rendered":"<p>Ende der 1960er Jahre steht das \u201eT\u201c f\u00fcr die Einstiegselfer. Damals stand \u201eT\u201c f\u00fcr Verzicht auf Leistung und Ausstattung. Bei den neuen Mittelmotorsportwagen gleichen Namens ist das nicht mehr so: Hier haben die Ingenieure und Designer das Leistungsgewicht in den Blick genommen und die Wagen so abgespeckt und modifiziert, dass nicht zuletzt bessere Performance das Ergebnis ist.<\/p>\n<p>Im Zentrum befindet sich ein 300 PS starker Turbo-Vier-Zylinder-Boxer. Dieses Kraftwerk wird mit \u201ePerformance\u201c-Elementen kombiniert. Dazu geh\u00f6ren 20 Zoll gro\u00dfe Leichtmetallr\u00e4der, das PASM genannte Sportfahrwerk inklusive 20 Millimeter Tieferlegung, ein verk\u00fcrzter Schalthebel mit rotem Schaltschema und das Sport-Chrono-Paket. Als Getriebe kommen entweder ein Sechs-Gang-Schaltgetriebe und Porsche Torque Vectoring (PTV) inklusive mechanischer Hinterachsquersperre zum Einsatz oder, optional, das Doppelkupplungsgetriebe PDK.<\/p>\n","protected":false},"author":1,"featured_media":2008,"comment_status":"closed","ping_status":"closed","sticky":false,"template":"","format":"standard","meta":{"_crdt_document":"","ngg_post_thumbnail":0,"footnotes":""},"categories":[23],"tags":[201,71,482],"class_list":["post-2006","post","type-post","status-publish","format-standard","has-post-thumbnail","hentry","category-performance","tag-porsche","tag-porsche-718-cayman-t-boxster-t","tag-porsche-boxster"],"yoast_head":"<!-- This site is optimized with the Yoast SEO plugin v27.5 - https:\/\/yoast.com\/product\/yoast-seo-wordpress\/ -->\n<title>Porsche 718 Cayman T\/Boxster T<\/title>\n<meta name=\"description\" content=\"Porsche 718 Cayman T Boxster T\" \/>\n<meta name=\"robots\" content=\"index, follow, max-snippet:-1, max-image-preview:large, max-video-preview:-1\" \/>\n<link rel=\"canonical\" href=\"https:\/\/www.enzo-und-ferdinand.de\/index.php\/2018\/12\/28\/porsche-718-cayman-t-boxster-t\/\" \/>\n<meta property=\"og:locale\" content=\"de_DE\" \/>\n<meta property=\"og:type\" content=\"article\" \/>\n<meta property=\"og:title\" content=\"Porsche 718 Cayman T\/Boxster T\" \/>\n<meta property=\"og:description\" content=\"Porsche 718 Cayman T Boxster T\" \/>\n<meta property=\"og:url\" content=\"https:\/\/www.enzo-und-ferdinand.de\/index.php\/2018\/12\/28\/porsche-718-cayman-t-boxster-t\/\" \/>\n<meta property=\"og:site_name\" content=\"enzo &amp; Ferdinand\" \/>\n<meta property=\"article:published_time\" content=\"2018-12-28T10:44:13+00:00\" \/>\n<meta property=\"article:modified_time\" content=\"2025-12-27T14:27:45+00:00\" \/>\n<meta property=\"og:image\" content=\"https:\/\/www.enzo-und-ferdinand.de\/wp-content\/uploads\/2018\/12\/718T-3.jpg\" \/>\n\t<meta property=\"og:image:width\" content=\"810\" \/>\n\t<meta property=\"og:image:height\" content=\"535\" \/>\n\t<meta property=\"og:image:type\" content=\"image\/jpeg\" \/>\n<meta name=\"author\" content=\"Rainer Ro\u00dfbach\" \/>\n<meta name=\"twitter:card\" content=\"summary_large_image\" \/>\n<meta name=\"twitter:label1\" content=\"Verfasst von\" \/>\n\t<meta name=\"twitter:data1\" content=\"Rainer Ro\u00dfbach\" \/>\n\t<meta name=\"twitter:label2\" content=\"Gesch\u00e4tzte Lesezeit\" \/>\n\t<meta name=\"twitter:data2\" content=\"3\u00a0Minuten\" \/>\n<script type=\"application\/ld+json\" class=\"yoast-schema-graph\">{\"@context\":\"https:\\\/\\\/schema.org\",\"@graph\":[{\"@type\":\"Article\",\"@id\":\"https:\\\/\\\/www.enzo-und-ferdinand.de\\\/index.php\\\/2018\\\/12\\\/28\\\/porsche-718-cayman-t-boxster-t\\\/#article\",\"isPartOf\":{\"@id\":\"https:\\\/\\\/www.enzo-und-ferdinand.de\\\/index.php\\\/2018\\\/12\\\/28\\\/porsche-718-cayman-t-boxster-t\\\/\"},\"author\":{\"name\":\"Rainer Ro\u00dfbach\",\"@id\":\"https:\\\/\\\/www.enzo-und-ferdinand.de\\\/#\\\/schema\\\/person\\\/aff2eb9ff87705987c1b9d21fe10b095\"},\"headline\":\"Porsche 718 Cayman T\\\/Boxster T\",\"datePublished\":\"2018-12-28T10:44:13+00:00\",\"dateModified\":\"2025-12-27T14:27:45+00:00\",\"mainEntityOfPage\":{\"@id\":\"https:\\\/\\\/www.enzo-und-ferdinand.de\\\/index.php\\\/2018\\\/12\\\/28\\\/porsche-718-cayman-t-boxster-t\\\/\"},\"wordCount\":362,\"publisher\":{\"@id\":\"https:\\\/\\\/www.enzo-und-ferdinand.de\\\/#organization\"},\"image\":{\"@id\":\"https:\\\/\\\/www.enzo-und-ferdinand.de\\\/index.php\\\/2018\\\/12\\\/28\\\/porsche-718-cayman-t-boxster-t\\\/#primaryimage\"},\"thumbnailUrl\":\"https:\\\/\\\/www.enzo-und-ferdinand.de\\\/wp-content\\\/uploads\\\/2018\\\/12\\\/718T-3.jpg\",\"keywords\":[\"Porsche\",\"Porsche 718 Cayman T\\\/Boxster T\",\"Porsche Boxster\"],\"articleSection\":[\"Performance\"],\"inLanguage\":\"de\"},{\"@type\":\"WebPage\",\"@id\":\"https:\\\/\\\/www.enzo-und-ferdinand.de\\\/index.php\\\/2018\\\/12\\\/28\\\/porsche-718-cayman-t-boxster-t\\\/\",\"url\":\"https:\\\/\\\/www.enzo-und-ferdinand.de\\\/index.php\\\/2018\\\/12\\\/28\\\/porsche-718-cayman-t-boxster-t\\\/\",\"name\":\"Porsche 718 Cayman T\\\/Boxster T\",\"isPartOf\":{\"@id\":\"https:\\\/\\\/www.enzo-und-ferdinand.de\\\/#website\"},\"primaryImageOfPage\":{\"@id\":\"https:\\\/\\\/www.enzo-und-ferdinand.de\\\/index.php\\\/2018\\\/12\\\/28\\\/porsche-718-cayman-t-boxster-t\\\/#primaryimage\"},\"image\":{\"@id\":\"https:\\\/\\\/www.enzo-und-ferdinand.de\\\/index.php\\\/2018\\\/12\\\/28\\\/porsche-718-cayman-t-boxster-t\\\/#primaryimage\"},\"thumbnailUrl\":\"https:\\\/\\\/www.enzo-und-ferdinand.de\\\/wp-content\\\/uploads\\\/2018\\\/12\\\/718T-3.jpg\",\"datePublished\":\"2018-12-28T10:44:13+00:00\",\"dateModified\":\"2025-12-27T14:27:45+00:00\",\"description\":\"Porsche 718 Cayman T Boxster T\",\"breadcrumb\":{\"@id\":\"https:\\\/\\\/www.enzo-und-ferdinand.de\\\/index.php\\\/2018\\\/12\\\/28\\\/porsche-718-cayman-t-boxster-t\\\/#breadcrumb\"},\"inLanguage\":\"de\",\"potentialAction\":[{\"@type\":\"ReadAction\",\"target\":[\"https:\\\/\\\/www.enzo-und-ferdinand.de\\\/index.php\\\/2018\\\/12\\\/28\\\/porsche-718-cayman-t-boxster-t\\\/\"]}]},{\"@type\":\"ImageObject\",\"inLanguage\":\"de\",\"@id\":\"https:\\\/\\\/www.enzo-und-ferdinand.de\\\/index.php\\\/2018\\\/12\\\/28\\\/porsche-718-cayman-t-boxster-t\\\/#primaryimage\",\"url\":\"https:\\\/\\\/www.enzo-und-ferdinand.de\\\/wp-content\\\/uploads\\\/2018\\\/12\\\/718T-3.jpg\",\"contentUrl\":\"https:\\\/\\\/www.enzo-und-ferdinand.de\\\/wp-content\\\/uploads\\\/2018\\\/12\\\/718T-3.jpg\",\"width\":810,\"height\":535,\"caption\":\"Porsche 718 Cayman T\\\/Boxster T\"},{\"@type\":\"BreadcrumbList\",\"@id\":\"https:\\\/\\\/www.enzo-und-ferdinand.de\\\/index.php\\\/2018\\\/12\\\/28\\\/porsche-718-cayman-t-boxster-t\\\/#breadcrumb\",\"itemListElement\":[{\"@type\":\"ListItem\",\"position\":1,\"name\":\"Startseite\",\"item\":\"https:\\\/\\\/www.enzo-und-ferdinand.de\\\/\"},{\"@type\":\"ListItem\",\"position\":2,\"name\":\"Porsche 718 Cayman T\\\/Boxster T\"}]},{\"@type\":\"WebSite\",\"@id\":\"https:\\\/\\\/www.enzo-und-ferdinand.de\\\/#website\",\"url\":\"https:\\\/\\\/www.enzo-und-ferdinand.de\\\/\",\"name\":\"enzo & Ferdinand\",\"description\":\"\",\"publisher\":{\"@id\":\"https:\\\/\\\/www.enzo-und-ferdinand.de\\\/#organization\"},\"potentialAction\":[{\"@type\":\"SearchAction\",\"target\":{\"@type\":\"EntryPoint\",\"urlTemplate\":\"https:\\\/\\\/www.enzo-und-ferdinand.de\\\/?s={search_term_string}\"},\"query-input\":{\"@type\":\"PropertyValueSpecification\",\"valueRequired\":true,\"valueName\":\"search_term_string\"}}],\"inLanguage\":\"de\"},{\"@type\":\"Organization\",\"@id\":\"https:\\\/\\\/www.enzo-und-ferdinand.de\\\/#organization\",\"name\":\"enzo & Ferdinand\",\"url\":\"https:\\\/\\\/www.enzo-und-ferdinand.de\\\/\",\"logo\":{\"@type\":\"ImageObject\",\"inLanguage\":\"de\",\"@id\":\"https:\\\/\\\/www.enzo-und-ferdinand.de\\\/#\\\/schema\\\/logo\\\/image\\\/\",\"url\":\"https:\\\/\\\/www.enzo-und-ferdinand.de\\\/wp-content\\\/uploads\\\/2018\\\/12\\\/revvvs-icon.png\",\"contentUrl\":\"https:\\\/\\\/www.enzo-und-ferdinand.de\\\/wp-content\\\/uploads\\\/2018\\\/12\\\/revvvs-icon.png\",\"width\":512,\"height\":512,\"caption\":\"enzo & Ferdinand\"},\"image\":{\"@id\":\"https:\\\/\\\/www.enzo-und-ferdinand.de\\\/#\\\/schema\\\/logo\\\/image\\\/\"}},{\"@type\":\"Person\",\"@id\":\"https:\\\/\\\/www.enzo-und-ferdinand.de\\\/#\\\/schema\\\/person\\\/aff2eb9ff87705987c1b9d21fe10b095\",\"name\":\"Rainer Ro\u00dfbach\",\"image\":{\"@type\":\"ImageObject\",\"inLanguage\":\"de\",\"@id\":\"https:\\\/\\\/www.enzo-und-ferdinand.de\\\/wp-content\\\/uploads\\\/2026\\\/01\\\/Rainer-Rossbach-150x150.jpg\",\"url\":\"https:\\\/\\\/www.enzo-und-ferdinand.de\\\/wp-content\\\/uploads\\\/2026\\\/01\\\/Rainer-Rossbach-150x150.jpg\",\"contentUrl\":\"https:\\\/\\\/www.enzo-und-ferdinand.de\\\/wp-content\\\/uploads\\\/2026\\\/01\\\/Rainer-Rossbach-150x150.jpg\",\"caption\":\"Rainer Ro\u00dfbach\"},\"url\":\"https:\\\/\\\/www.enzo-und-ferdinand.de\\\/index.php\\\/author\\\/redaktion\\\/\"}]}<\/script>\n<!-- \/ Yoast SEO plugin. -->","yoast_head_json":{"title":"Porsche 718 Cayman T\/Boxster T","description":"Porsche 718 Cayman T Boxster T","robots":{"index":"index","follow":"follow","max-snippet":"max-snippet:-1","max-image-preview":"max-image-preview:large","max-video-preview":"max-video-preview:-1"},"canonical":"https:\/\/www.enzo-und-ferdinand.de\/index.php\/2018\/12\/28\/porsche-718-cayman-t-boxster-t\/","og_locale":"de_DE","og_type":"article","og_title":"Porsche 718 Cayman T\/Boxster T","og_description":"Porsche 718 Cayman T Boxster T","og_url":"https:\/\/www.enzo-und-ferdinand.de\/index.php\/2018\/12\/28\/porsche-718-cayman-t-boxster-t\/","og_site_name":"enzo &amp; Ferdinand","article_published_time":"2018-12-28T10:44:13+00:00","article_modified_time":"2025-12-27T14:27:45+00:00","og_image":[{"width":810,"height":535,"url":"https:\/\/www.enzo-und-ferdinand.de\/wp-content\/uploads\/2018\/12\/718T-3.jpg","type":"image\/jpeg"}],"author":"Rainer Ro\u00dfbach","twitter_card":"summary_large_image","twitter_misc":{"Verfasst von":"Rainer Ro\u00dfbach","Gesch\u00e4tzte Lesezeit":"3\u00a0Minuten"},"schema":{"@context":"https:\/\/schema.org","@graph":[{"@type":"Article","@id":"https:\/\/www.enzo-und-ferdinand.de\/index.php\/2018\/12\/28\/porsche-718-cayman-t-boxster-t\/#article","isPartOf":{"@id":"https:\/\/www.enzo-und-ferdinand.de\/index.php\/2018\/12\/28\/porsche-718-cayman-t-boxster-t\/"},"author":{"name":"Rainer Ro\u00dfbach","@id":"https:\/\/www.enzo-und-ferdinand.de\/#\/schema\/person\/aff2eb9ff87705987c1b9d21fe10b095"},"headline":"Porsche 718 Cayman T\/Boxster T","datePublished":"2018-12-28T10:44:13+00:00","dateModified":"2025-12-27T14:27:45+00:00","mainEntityOfPage":{"@id":"https:\/\/www.enzo-und-ferdinand.de\/index.php\/2018\/12\/28\/porsche-718-cayman-t-boxster-t\/"},"wordCount":362,"publisher":{"@id":"https:\/\/www.enzo-und-ferdinand.de\/#organization"},"image":{"@id":"https:\/\/www.enzo-und-ferdinand.de\/index.php\/2018\/12\/28\/porsche-718-cayman-t-boxster-t\/#primaryimage"},"thumbnailUrl":"https:\/\/www.enzo-und-ferdinand.de\/wp-content\/uploads\/2018\/12\/718T-3.jpg","keywords":["Porsche","Porsche 718 Cayman T\/Boxster T","Porsche Boxster"],"articleSection":["Performance"],"inLanguage":"de"},{"@type":"WebPage","@id":"https:\/\/www.enzo-und-ferdinand.de\/index.php\/2018\/12\/28\/porsche-718-cayman-t-boxster-t\/","url":"https:\/\/www.enzo-und-ferdinand.de\/index.php\/2018\/12\/28\/porsche-718-cayman-t-boxster-t\/","name":"Porsche 718 Cayman T\/Boxster T","isPartOf":{"@id":"https:\/\/www.enzo-und-ferdinand.de\/#website"},"primaryImageOfPage":{"@id":"https:\/\/www.enzo-und-ferdinand.de\/index.php\/2018\/12\/28\/porsche-718-cayman-t-boxster-t\/#primaryimage"},"image":{"@id":"https:\/\/www.enzo-und-ferdinand.de\/index.php\/2018\/12\/28\/porsche-718-cayman-t-boxster-t\/#primaryimage"},"thumbnailUrl":"https:\/\/www.enzo-und-ferdinand.de\/wp-content\/uploads\/2018\/12\/718T-3.jpg","datePublished":"2018-12-28T10:44:13+00:00","dateModified":"2025-12-27T14:27:45+00:00","description":"Porsche 718 Cayman T Boxster T","breadcrumb":{"@id":"https:\/\/www.enzo-und-ferdinand.de\/index.php\/2018\/12\/28\/porsche-718-cayman-t-boxster-t\/#breadcrumb"},"inLanguage":"de","potentialAction":[{"@type":"ReadAction","target":["https:\/\/www.enzo-und-ferdinand.de\/index.php\/2018\/12\/28\/porsche-718-cayman-t-boxster-t\/"]}]},{"@type":"ImageObject","inLanguage":"de","@id":"https:\/\/www.enzo-und-ferdinand.de\/index.php\/2018\/12\/28\/porsche-718-cayman-t-boxster-t\/#primaryimage","url":"https:\/\/www.enzo-und-ferdinand.de\/wp-content\/uploads\/2018\/12\/718T-3.jpg","contentUrl":"https:\/\/www.enzo-und-ferdinand.de\/wp-content\/uploads\/2018\/12\/718T-3.jpg","width":810,"height":535,"caption":"Porsche 718 Cayman T\/Boxster T"},{"@type":"BreadcrumbList","@id":"https:\/\/www.enzo-und-ferdinand.de\/index.php\/2018\/12\/28\/porsche-718-cayman-t-boxster-t\/#breadcrumb","itemListElement":[{"@type":"ListItem","position":1,"name":"Startseite","item":"https:\/\/www.enzo-und-ferdinand.de\/"},{"@type":"ListItem","position":2,"name":"Porsche 718 Cayman T\/Boxster T"}]},{"@type":"WebSite","@id":"https:\/\/www.enzo-und-ferdinand.de\/#website","url":"https:\/\/www.enzo-und-ferdinand.de\/","name":"enzo & Ferdinand","description":"","publisher":{"@id":"https:\/\/www.enzo-und-ferdinand.de\/#organization"},"potentialAction":[{"@type":"SearchAction","target":{"@type":"EntryPoint","urlTemplate":"https:\/\/www.enzo-und-ferdinand.de\/?s={search_term_string}"},"query-input":{"@type":"PropertyValueSpecification","valueRequired":true,"valueName":"search_term_string"}}],"inLanguage":"de"},{"@type":"Organization","@id":"https:\/\/www.enzo-und-ferdinand.de\/#organization","name":"enzo & Ferdinand","url":"https:\/\/www.enzo-und-ferdinand.de\/","logo":{"@type":"ImageObject","inLanguage":"de","@id":"https:\/\/www.enzo-und-ferdinand.de\/#\/schema\/logo\/image\/","url":"https:\/\/www.enzo-und-ferdinand.de\/wp-content\/uploads\/2018\/12\/revvvs-icon.png","contentUrl":"https:\/\/www.enzo-und-ferdinand.de\/wp-content\/uploads\/2018\/12\/revvvs-icon.png","width":512,"height":512,"caption":"enzo & Ferdinand"},"image":{"@id":"https:\/\/www.enzo-und-ferdinand.de\/#\/schema\/logo\/image\/"}},{"@type":"Person","@id":"https:\/\/www.enzo-und-ferdinand.de\/#\/schema\/person\/aff2eb9ff87705987c1b9d21fe10b095","name":"Rainer Ro\u00dfbach","image":{"@type":"ImageObject","inLanguage":"de","@id":"https:\/\/www.enzo-und-ferdinand.de\/wp-content\/uploads\/2026\/01\/Rainer-Rossbach-150x150.jpg","url":"https:\/\/www.enzo-und-ferdinand.de\/wp-content\/uploads\/2026\/01\/Rainer-Rossbach-150x150.jpg","contentUrl":"https:\/\/www.enzo-und-ferdinand.de\/wp-content\/uploads\/2026\/01\/Rainer-Rossbach-150x150.jpg","caption":"Rainer Ro\u00dfbach"},"url":"https:\/\/www.enzo-und-ferdinand.de\/index.php\/author\/redaktion\/"}]}},"_links":{"self":[{"href":"https:\/\/www.enzo-und-ferdinand.de\/index.php\/wp-json\/wp\/v2\/posts\/2006","targetHints":{"allow":["GET"]}}],"collection":[{"href":"https:\/\/www.enzo-und-ferdinand.de\/index.php\/wp-json\/wp\/v2\/posts"}],"about":[{"href":"https:\/\/www.enzo-und-ferdinand.de\/index.php\/wp-json\/wp\/v2\/types\/post"}],"author":[{"embeddable":true,"href":"https:\/\/www.enzo-und-ferdinand.de\/index.php\/wp-json\/wp\/v2\/users\/1"}],"replies":[{"embeddable":true,"href":"https:\/\/www.enzo-und-ferdinand.de\/index.php\/wp-json\/wp\/v2\/comments?post=2006"}],"version-history":[{"count":9,"href":"https:\/\/www.enzo-und-ferdinand.de\/index.php\/wp-json\/wp\/v2\/posts\/2006\/revisions"}],"predecessor-version":[{"id":12413,"href":"https:\/\/www.enzo-und-ferdinand.de\/index.php\/wp-json\/wp\/v2\/posts\/2006\/revisions\/12413"}],"wp:featuredmedia":[{"embeddable":true,"href":"https:\/\/www.enzo-und-ferdinand.de\/index.php\/wp-json\/wp\/v2\/media\/2008"}],"wp:attachment":[{"href":"https:\/\/www.enzo-und-ferdinand.de\/index.php\/wp-json\/wp\/v2\/media?parent=2006"}],"wp:term":[{"taxonomy":"category","embeddable":true,"href":"https:\/\/www.enzo-und-ferdinand.de\/index.php\/wp-json\/wp\/v2\/categories?post=2006"},{"taxonomy":"post_tag","embeddable":true,"href":"https:\/\/www.enzo-und-ferdinand.de\/index.php\/wp-json\/wp\/v2\/tags?post=2006"}],"curies":[{"name":"wp","href":"https:\/\/api.w.org\/{rel}","templated":true}]}}