{"id":20162,"date":"2025-05-14T08:17:30","date_gmt":"2025-05-14T06:17:30","guid":{"rendered":"https:\/\/www.enzo-und-ferdinand.de\/?p=20162"},"modified":"2025-06-19T08:24:04","modified_gmt":"2025-06-19T06:24:04","slug":"skoda-slavia-b","status":"publish","type":"post","link":"https:\/\/www.enzo-und-ferdinand.de\/index.php\/2025\/05\/14\/skoda-slavia-b\/","title":{"rendered":"\u0160koda Slavia B"},"content":{"rendered":"\n<figure class=\"wp-block-image size-large\"><img loading=\"lazy\" decoding=\"async\" width=\"810\" height=\"540\" src=\"https:\/\/www.enzo-und-ferdinand.de\/wp-content\/uploads\/2025\/05\/Skoda-Slavia-B-6-810x540.jpg\" alt=\"\u0160koda Slavia B\" class=\"wp-image-20168\" srcset=\"https:\/\/www.enzo-und-ferdinand.de\/wp-content\/uploads\/2025\/05\/Skoda-Slavia-B-6-810x540.jpg 810w, https:\/\/www.enzo-und-ferdinand.de\/wp-content\/uploads\/2025\/05\/Skoda-Slavia-B-6-300x200.jpg 300w, https:\/\/www.enzo-und-ferdinand.de\/wp-content\/uploads\/2025\/05\/Skoda-Slavia-B-6-768x512.jpg 768w, https:\/\/www.enzo-und-ferdinand.de\/wp-content\/uploads\/2025\/05\/Skoda-Slavia-B-6-120x80.jpg 120w, https:\/\/www.enzo-und-ferdinand.de\/wp-content\/uploads\/2025\/05\/Skoda-Slavia-B-6.jpg 1500w\" sizes=\"auto, (max-width: 810px) 100vw, 810px\" \/><\/figure>\n\n\n\n<p class=\"wp-block-paragraph\">Das Motorrad Slavia B von 1899 gibt das Vorbild f\u00fcr ein futuristisches und elektrisches Caf\u00e9 Racer-Konzept. Das von dem franz\u00f6sischen Designer Romain Bucaille entwickelte Motorrad beh\u00e4lt das urspr\u00fcngliche Rahmendesign des Vorg\u00e4ngermodells bei. Beim Modell von 1899 umschlie\u00dft der Rahmen den Verbrennungsmotor, um ihn vor dem Kontakt mit der Stra\u00dfenoberfl\u00e4che zu sch\u00fctzen. Bei dem neu gestalteten Konzept-Zweirad hat der Designer die Position des Motors beibehalten und eine offene Struktur entwickelt, in dem der Motor sitzt.<\/p>\n\n\n\n<figure class=\"wp-block-image size-large\"><img loading=\"lazy\" decoding=\"async\" width=\"810\" height=\"540\" src=\"https:\/\/www.enzo-und-ferdinand.de\/wp-content\/uploads\/2025\/05\/Skoda-Slavia-B-2-810x540.jpg\" alt=\"\u0160koda Slavia B\" class=\"wp-image-20166\" srcset=\"https:\/\/www.enzo-und-ferdinand.de\/wp-content\/uploads\/2025\/05\/Skoda-Slavia-B-2-810x540.jpg 810w, https:\/\/www.enzo-und-ferdinand.de\/wp-content\/uploads\/2025\/05\/Skoda-Slavia-B-2-300x200.jpg 300w, https:\/\/www.enzo-und-ferdinand.de\/wp-content\/uploads\/2025\/05\/Skoda-Slavia-B-2-768x512.jpg 768w, https:\/\/www.enzo-und-ferdinand.de\/wp-content\/uploads\/2025\/05\/Skoda-Slavia-B-2-120x80.jpg 120w, https:\/\/www.enzo-und-ferdinand.de\/wp-content\/uploads\/2025\/05\/Skoda-Slavia-B-2.jpg 1500w\" sizes=\"auto, (max-width: 810px) 100vw, 810px\" \/><\/figure>\n\n\n\n<p class=\"wp-block-paragraph\">An der Vorderseite des Konzeptmotorrads \u0160koda Slavia B kommen die Ideen von V\u00e1clav Laurin, dem Designer des Vorg\u00e4ngermodells, neu zum Tragen. Eine vertikale Linie trennt den vorderen und den hinteren Teil als Versuch, die Silhouette des Rahmens zu betonen. Modern ist die Interpretation des Logos, das in der Luft zu schweben scheint, direkt \u00fcber dem Raum des Motors. Der Sitz scheint zu schweben und es gibt eine in den Rahmen integrierte lederne Werkzeugtasche. Die R\u00e4der tragen gro\u00dfe F\u00e4cherspeiche, der Sitz aus Metall ist mit Leder bezogen. Der Motortr\u00e4ger leuchtet in Neongr\u00fcn und das Armaturenbrett befindet sich auf gleicher H\u00f6he wie der Sitz.<\/p>\n\n\n\n<figure class=\"wp-block-image size-large is-resized\"><img loading=\"lazy\" decoding=\"async\" width=\"810\" height=\"461\" src=\"https:\/\/www.enzo-und-ferdinand.de\/wp-content\/uploads\/2025\/05\/Skoda-Slavia-B-1-810x461.jpg\" alt=\"\u0160koda Slavia B\" class=\"wp-image-20165\" style=\"width:810px;height:auto\" srcset=\"https:\/\/www.enzo-und-ferdinand.de\/wp-content\/uploads\/2025\/05\/Skoda-Slavia-B-1-810x461.jpg 810w, https:\/\/www.enzo-und-ferdinand.de\/wp-content\/uploads\/2025\/05\/Skoda-Slavia-B-1-300x171.jpg 300w, https:\/\/www.enzo-und-ferdinand.de\/wp-content\/uploads\/2025\/05\/Skoda-Slavia-B-1-768x437.jpg 768w, https:\/\/www.enzo-und-ferdinand.de\/wp-content\/uploads\/2025\/05\/Skoda-Slavia-B-1.jpg 1500w\" sizes=\"auto, (max-width: 810px) 100vw, 810px\" \/><\/figure>\n\n\n\n<p class=\"wp-block-paragraph\">Die Slavia B. war das zweite Motorradmodell des Unternehmens, das damals noch als Laurin &amp; Klement firmierte. Der Rahmen entsprach dem eines Fahrrads, hatte keine Gangschaltung und die Motorleistung wurde per Flachriemen \u00fcbertragen. Mit dem&nbsp; historischen Modell nahm der Werksfahrer Narcis Podsedn\u00ed\u010dek 1901 am Rennen Paris-Berlin teil.<\/p>\n\n\n\n<figure class=\"wp-block-image size-large is-resized\"><img loading=\"lazy\" decoding=\"async\" width=\"810\" height=\"540\" src=\"https:\/\/www.enzo-und-ferdinand.de\/wp-content\/uploads\/2025\/05\/Skoda-Slavia-B-7-810x540.jpg\" alt=\"\u0160koda Slavia B\" class=\"wp-image-20169\" style=\"width:810px;height:auto\" srcset=\"https:\/\/www.enzo-und-ferdinand.de\/wp-content\/uploads\/2025\/05\/Skoda-Slavia-B-7-810x540.jpg 810w, https:\/\/www.enzo-und-ferdinand.de\/wp-content\/uploads\/2025\/05\/Skoda-Slavia-B-7-300x200.jpg 300w, https:\/\/www.enzo-und-ferdinand.de\/wp-content\/uploads\/2025\/05\/Skoda-Slavia-B-7-768x512.jpg 768w, https:\/\/www.enzo-und-ferdinand.de\/wp-content\/uploads\/2025\/05\/Skoda-Slavia-B-7-120x80.jpg 120w, https:\/\/www.enzo-und-ferdinand.de\/wp-content\/uploads\/2025\/05\/Skoda-Slavia-B-7.jpg 1500w\" sizes=\"auto, (max-width: 810px) 100vw, 810px\" \/><figcaption class=\"wp-element-caption\"><em>\u0160koda Slavia B (1901)<\/em><\/figcaption><\/figure>\n\n\n\n<p class=\"has-text-align-right has-small-font-size wp-block-paragraph\">Fotos: \u0160koda Auto\/Text: Rainer Rossbach<\/p>\n\n\n\n<p class=\"wp-block-paragraph\"><\/p>\n","protected":false},"excerpt":{"rendered":"<p>Das Motorrad Slavia B von 1899 gibt das Vorbild f\u00fcr ein futuristisches und elektrisches Caf\u00e9 Racer-Konzept. Das von dem franz\u00f6sischen Designer Romain Bucaille entwickelte Motorrad beh\u00e4lt das urspr\u00fcngliche Rahmendesign des Vorg\u00e4ngermodells bei. Beim Modell von 1899 umschlie\u00dft der Rahmen den Verbrennungsmotor, um ihn vor dem Kontakt mit der Stra\u00dfenoberfl\u00e4che zu sch\u00fctzen. Bei dem neu gestalteten Konzept-Zweirad hat der Designer die Position des Motors beibehalten und eine offene Struktur entwickelt, in dem der Motor sitzt.<\/p>\n","protected":false},"author":1,"featured_media":20167,"comment_status":"closed","ping_status":"closed","sticky":false,"template":"","format":"standard","meta":{"_crdt_document":"","ngg_post_thumbnail":0,"footnotes":""},"categories":[681,4,586,1370],"tags":[688,571],"class_list":["post-20162","post","type-post","status-publish","format-standard","has-post-thumbnail","hentry","category-elektro","category-studien","category-technologie","category-zweirad","tag-motorrad","tag-skoda-2"],"yoast_head":"<!-- This site is optimized with the Yoast SEO plugin v27.5 - https:\/\/yoast.com\/product\/yoast-seo-wordpress\/ -->\n<title>\u0160koda Slavia B<\/title>\n<meta name=\"description\" content=\"Rainer Ro\u00dfbach Rainer Rossbach enzo-und-ferdinand enzo&amp;ferdinand Enzo \u0160koda Slavia B Caf\u00e9 Racer-Konzept Romain Bucaille V\u00e1clav Laurin Neongr\u00fcn Laurin &amp; Klement Fahrrad Flachriemen Narcis Podsedn\u00ed\u010dek Rennen Paris-Berlin\" \/>\n<meta name=\"robots\" content=\"index, follow, max-snippet:-1, max-image-preview:large, max-video-preview:-1\" \/>\n<link rel=\"canonical\" href=\"https:\/\/www.enzo-und-ferdinand.de\/index.php\/2025\/05\/14\/skoda-slavia-b\/\" \/>\n<meta property=\"og:locale\" content=\"de_DE\" \/>\n<meta property=\"og:type\" content=\"article\" \/>\n<meta property=\"og:title\" content=\"\u0160koda Slavia B\" \/>\n<meta property=\"og:description\" content=\"Rainer Ro\u00dfbach Rainer Rossbach enzo-und-ferdinand enzo&amp;ferdinand Enzo \u0160koda Slavia B Caf\u00e9 Racer-Konzept Romain Bucaille V\u00e1clav Laurin Neongr\u00fcn Laurin &amp; Klement Fahrrad Flachriemen Narcis Podsedn\u00ed\u010dek Rennen Paris-Berlin\" \/>\n<meta property=\"og:url\" content=\"https:\/\/www.enzo-und-ferdinand.de\/index.php\/2025\/05\/14\/skoda-slavia-b\/\" \/>\n<meta property=\"og:site_name\" content=\"enzo &amp; Ferdinand\" \/>\n<meta property=\"article:published_time\" content=\"2025-05-14T06:17:30+00:00\" \/>\n<meta property=\"article:modified_time\" content=\"2025-06-19T06:24:04+00:00\" \/>\n<meta property=\"og:image\" content=\"https:\/\/www.enzo-und-ferdinand.de\/wp-content\/uploads\/2025\/05\/Skoda-Slavia-B-4.jpg\" \/>\n\t<meta property=\"og:image:width\" content=\"1500\" \/>\n\t<meta property=\"og:image:height\" content=\"1000\" \/>\n\t<meta property=\"og:image:type\" content=\"image\/jpeg\" \/>\n<meta name=\"author\" content=\"Rainer Ro\u00dfbach\" \/>\n<meta name=\"twitter:card\" content=\"summary_large_image\" \/>\n<meta name=\"twitter:label1\" content=\"Verfasst von\" \/>\n\t<meta name=\"twitter:data1\" content=\"Rainer Ro\u00dfbach\" \/>\n\t<meta name=\"twitter:label2\" content=\"Gesch\u00e4tzte Lesezeit\" \/>\n\t<meta name=\"twitter:data2\" content=\"1\u00a0Minute\" \/>\n<script type=\"application\/ld+json\" class=\"yoast-schema-graph\">{\"@context\":\"https:\\\/\\\/schema.org\",\"@graph\":[{\"@type\":\"Article\",\"@id\":\"https:\\\/\\\/www.enzo-und-ferdinand.de\\\/index.php\\\/2025\\\/05\\\/14\\\/skoda-slavia-b\\\/#article\",\"isPartOf\":{\"@id\":\"https:\\\/\\\/www.enzo-und-ferdinand.de\\\/index.php\\\/2025\\\/05\\\/14\\\/skoda-slavia-b\\\/\"},\"author\":{\"name\":\"Rainer Ro\u00dfbach\",\"@id\":\"https:\\\/\\\/www.enzo-und-ferdinand.de\\\/#\\\/schema\\\/person\\\/aff2eb9ff87705987c1b9d21fe10b095\"},\"headline\":\"\u0160koda Slavia B\",\"datePublished\":\"2025-05-14T06:17:30+00:00\",\"dateModified\":\"2025-06-19T06:24:04+00:00\",\"mainEntityOfPage\":{\"@id\":\"https:\\\/\\\/www.enzo-und-ferdinand.de\\\/index.php\\\/2025\\\/05\\\/14\\\/skoda-slavia-b\\\/\"},\"wordCount\":251,\"publisher\":{\"@id\":\"https:\\\/\\\/www.enzo-und-ferdinand.de\\\/#organization\"},\"image\":{\"@id\":\"https:\\\/\\\/www.enzo-und-ferdinand.de\\\/index.php\\\/2025\\\/05\\\/14\\\/skoda-slavia-b\\\/#primaryimage\"},\"thumbnailUrl\":\"https:\\\/\\\/www.enzo-und-ferdinand.de\\\/wp-content\\\/uploads\\\/2025\\\/05\\\/Skoda-Slavia-B-4.jpg\",\"keywords\":[\"Motorrad\",\"\u0160koda\"],\"articleSection\":[\"Elektro\",\"Studien\",\"Technologie\",\"Zweirad\"],\"inLanguage\":\"de\"},{\"@type\":\"WebPage\",\"@id\":\"https:\\\/\\\/www.enzo-und-ferdinand.de\\\/index.php\\\/2025\\\/05\\\/14\\\/skoda-slavia-b\\\/\",\"url\":\"https:\\\/\\\/www.enzo-und-ferdinand.de\\\/index.php\\\/2025\\\/05\\\/14\\\/skoda-slavia-b\\\/\",\"name\":\"\u0160koda Slavia B\",\"isPartOf\":{\"@id\":\"https:\\\/\\\/www.enzo-und-ferdinand.de\\\/#website\"},\"primaryImageOfPage\":{\"@id\":\"https:\\\/\\\/www.enzo-und-ferdinand.de\\\/index.php\\\/2025\\\/05\\\/14\\\/skoda-slavia-b\\\/#primaryimage\"},\"image\":{\"@id\":\"https:\\\/\\\/www.enzo-und-ferdinand.de\\\/index.php\\\/2025\\\/05\\\/14\\\/skoda-slavia-b\\\/#primaryimage\"},\"thumbnailUrl\":\"https:\\\/\\\/www.enzo-und-ferdinand.de\\\/wp-content\\\/uploads\\\/2025\\\/05\\\/Skoda-Slavia-B-4.jpg\",\"datePublished\":\"2025-05-14T06:17:30+00:00\",\"dateModified\":\"2025-06-19T06:24:04+00:00\",\"description\":\"Rainer Ro\u00dfbach Rainer Rossbach enzo-und-ferdinand enzo&ferdinand Enzo \u0160koda Slavia B Caf\u00e9 Racer-Konzept Romain Bucaille V\u00e1clav Laurin Neongr\u00fcn Laurin & Klement Fahrrad Flachriemen Narcis Podsedn\u00ed\u010dek Rennen Paris-Berlin\",\"breadcrumb\":{\"@id\":\"https:\\\/\\\/www.enzo-und-ferdinand.de\\\/index.php\\\/2025\\\/05\\\/14\\\/skoda-slavia-b\\\/#breadcrumb\"},\"inLanguage\":\"de\",\"potentialAction\":[{\"@type\":\"ReadAction\",\"target\":[\"https:\\\/\\\/www.enzo-und-ferdinand.de\\\/index.php\\\/2025\\\/05\\\/14\\\/skoda-slavia-b\\\/\"]}]},{\"@type\":\"ImageObject\",\"inLanguage\":\"de\",\"@id\":\"https:\\\/\\\/www.enzo-und-ferdinand.de\\\/index.php\\\/2025\\\/05\\\/14\\\/skoda-slavia-b\\\/#primaryimage\",\"url\":\"https:\\\/\\\/www.enzo-und-ferdinand.de\\\/wp-content\\\/uploads\\\/2025\\\/05\\\/Skoda-Slavia-B-4.jpg\",\"contentUrl\":\"https:\\\/\\\/www.enzo-und-ferdinand.de\\\/wp-content\\\/uploads\\\/2025\\\/05\\\/Skoda-Slavia-B-4.jpg\",\"width\":1500,\"height\":1000,\"caption\":\"\u0160koda Slavia B\"},{\"@type\":\"BreadcrumbList\",\"@id\":\"https:\\\/\\\/www.enzo-und-ferdinand.de\\\/index.php\\\/2025\\\/05\\\/14\\\/skoda-slavia-b\\\/#breadcrumb\",\"itemListElement\":[{\"@type\":\"ListItem\",\"position\":1,\"name\":\"Startseite\",\"item\":\"https:\\\/\\\/www.enzo-und-ferdinand.de\\\/\"},{\"@type\":\"ListItem\",\"position\":2,\"name\":\"\u0160koda Slavia B\"}]},{\"@type\":\"WebSite\",\"@id\":\"https:\\\/\\\/www.enzo-und-ferdinand.de\\\/#website\",\"url\":\"https:\\\/\\\/www.enzo-und-ferdinand.de\\\/\",\"name\":\"enzo & Ferdinand\",\"description\":\"\",\"publisher\":{\"@id\":\"https:\\\/\\\/www.enzo-und-ferdinand.de\\\/#organization\"},\"potentialAction\":[{\"@type\":\"SearchAction\",\"target\":{\"@type\":\"EntryPoint\",\"urlTemplate\":\"https:\\\/\\\/www.enzo-und-ferdinand.de\\\/?s={search_term_string}\"},\"query-input\":{\"@type\":\"PropertyValueSpecification\",\"valueRequired\":true,\"valueName\":\"search_term_string\"}}],\"inLanguage\":\"de\"},{\"@type\":\"Organization\",\"@id\":\"https:\\\/\\\/www.enzo-und-ferdinand.de\\\/#organization\",\"name\":\"enzo & Ferdinand\",\"url\":\"https:\\\/\\\/www.enzo-und-ferdinand.de\\\/\",\"logo\":{\"@type\":\"ImageObject\",\"inLanguage\":\"de\",\"@id\":\"https:\\\/\\\/www.enzo-und-ferdinand.de\\\/#\\\/schema\\\/logo\\\/image\\\/\",\"url\":\"https:\\\/\\\/www.enzo-und-ferdinand.de\\\/wp-content\\\/uploads\\\/2018\\\/12\\\/revvvs-icon.png\",\"contentUrl\":\"https:\\\/\\\/www.enzo-und-ferdinand.de\\\/wp-content\\\/uploads\\\/2018\\\/12\\\/revvvs-icon.png\",\"width\":512,\"height\":512,\"caption\":\"enzo & Ferdinand\"},\"image\":{\"@id\":\"https:\\\/\\\/www.enzo-und-ferdinand.de\\\/#\\\/schema\\\/logo\\\/image\\\/\"}},{\"@type\":\"Person\",\"@id\":\"https:\\\/\\\/www.enzo-und-ferdinand.de\\\/#\\\/schema\\\/person\\\/aff2eb9ff87705987c1b9d21fe10b095\",\"name\":\"Rainer Ro\u00dfbach\",\"image\":{\"@type\":\"ImageObject\",\"inLanguage\":\"de\",\"@id\":\"https:\\\/\\\/www.enzo-und-ferdinand.de\\\/wp-content\\\/uploads\\\/2026\\\/01\\\/Rainer-Rossbach-150x150.jpg\",\"url\":\"https:\\\/\\\/www.enzo-und-ferdinand.de\\\/wp-content\\\/uploads\\\/2026\\\/01\\\/Rainer-Rossbach-150x150.jpg\",\"contentUrl\":\"https:\\\/\\\/www.enzo-und-ferdinand.de\\\/wp-content\\\/uploads\\\/2026\\\/01\\\/Rainer-Rossbach-150x150.jpg\",\"caption\":\"Rainer Ro\u00dfbach\"},\"url\":\"https:\\\/\\\/www.enzo-und-ferdinand.de\\\/index.php\\\/author\\\/redaktion\\\/\"}]}<\/script>\n<!-- \/ Yoast SEO plugin. -->","yoast_head_json":{"title":"\u0160koda Slavia B","description":"Rainer Ro\u00dfbach Rainer Rossbach enzo-und-ferdinand enzo&ferdinand Enzo \u0160koda Slavia B Caf\u00e9 Racer-Konzept Romain Bucaille V\u00e1clav Laurin Neongr\u00fcn Laurin & Klement Fahrrad Flachriemen Narcis Podsedn\u00ed\u010dek Rennen Paris-Berlin","robots":{"index":"index","follow":"follow","max-snippet":"max-snippet:-1","max-image-preview":"max-image-preview:large","max-video-preview":"max-video-preview:-1"},"canonical":"https:\/\/www.enzo-und-ferdinand.de\/index.php\/2025\/05\/14\/skoda-slavia-b\/","og_locale":"de_DE","og_type":"article","og_title":"\u0160koda Slavia B","og_description":"Rainer Ro\u00dfbach Rainer Rossbach enzo-und-ferdinand enzo&ferdinand Enzo \u0160koda Slavia B Caf\u00e9 Racer-Konzept Romain Bucaille V\u00e1clav Laurin Neongr\u00fcn Laurin & Klement Fahrrad Flachriemen Narcis Podsedn\u00ed\u010dek Rennen Paris-Berlin","og_url":"https:\/\/www.enzo-und-ferdinand.de\/index.php\/2025\/05\/14\/skoda-slavia-b\/","og_site_name":"enzo &amp; Ferdinand","article_published_time":"2025-05-14T06:17:30+00:00","article_modified_time":"2025-06-19T06:24:04+00:00","og_image":[{"width":1500,"height":1000,"url":"https:\/\/www.enzo-und-ferdinand.de\/wp-content\/uploads\/2025\/05\/Skoda-Slavia-B-4.jpg","type":"image\/jpeg"}],"author":"Rainer Ro\u00dfbach","twitter_card":"summary_large_image","twitter_misc":{"Verfasst von":"Rainer Ro\u00dfbach","Gesch\u00e4tzte Lesezeit":"1\u00a0Minute"},"schema":{"@context":"https:\/\/schema.org","@graph":[{"@type":"Article","@id":"https:\/\/www.enzo-und-ferdinand.de\/index.php\/2025\/05\/14\/skoda-slavia-b\/#article","isPartOf":{"@id":"https:\/\/www.enzo-und-ferdinand.de\/index.php\/2025\/05\/14\/skoda-slavia-b\/"},"author":{"name":"Rainer Ro\u00dfbach","@id":"https:\/\/www.enzo-und-ferdinand.de\/#\/schema\/person\/aff2eb9ff87705987c1b9d21fe10b095"},"headline":"\u0160koda Slavia B","datePublished":"2025-05-14T06:17:30+00:00","dateModified":"2025-06-19T06:24:04+00:00","mainEntityOfPage":{"@id":"https:\/\/www.enzo-und-ferdinand.de\/index.php\/2025\/05\/14\/skoda-slavia-b\/"},"wordCount":251,"publisher":{"@id":"https:\/\/www.enzo-und-ferdinand.de\/#organization"},"image":{"@id":"https:\/\/www.enzo-und-ferdinand.de\/index.php\/2025\/05\/14\/skoda-slavia-b\/#primaryimage"},"thumbnailUrl":"https:\/\/www.enzo-und-ferdinand.de\/wp-content\/uploads\/2025\/05\/Skoda-Slavia-B-4.jpg","keywords":["Motorrad","\u0160koda"],"articleSection":["Elektro","Studien","Technologie","Zweirad"],"inLanguage":"de"},{"@type":"WebPage","@id":"https:\/\/www.enzo-und-ferdinand.de\/index.php\/2025\/05\/14\/skoda-slavia-b\/","url":"https:\/\/www.enzo-und-ferdinand.de\/index.php\/2025\/05\/14\/skoda-slavia-b\/","name":"\u0160koda Slavia B","isPartOf":{"@id":"https:\/\/www.enzo-und-ferdinand.de\/#website"},"primaryImageOfPage":{"@id":"https:\/\/www.enzo-und-ferdinand.de\/index.php\/2025\/05\/14\/skoda-slavia-b\/#primaryimage"},"image":{"@id":"https:\/\/www.enzo-und-ferdinand.de\/index.php\/2025\/05\/14\/skoda-slavia-b\/#primaryimage"},"thumbnailUrl":"https:\/\/www.enzo-und-ferdinand.de\/wp-content\/uploads\/2025\/05\/Skoda-Slavia-B-4.jpg","datePublished":"2025-05-14T06:17:30+00:00","dateModified":"2025-06-19T06:24:04+00:00","description":"Rainer Ro\u00dfbach Rainer Rossbach enzo-und-ferdinand enzo&ferdinand Enzo \u0160koda Slavia B Caf\u00e9 Racer-Konzept Romain Bucaille V\u00e1clav Laurin Neongr\u00fcn Laurin & Klement Fahrrad Flachriemen Narcis Podsedn\u00ed\u010dek Rennen Paris-Berlin","breadcrumb":{"@id":"https:\/\/www.enzo-und-ferdinand.de\/index.php\/2025\/05\/14\/skoda-slavia-b\/#breadcrumb"},"inLanguage":"de","potentialAction":[{"@type":"ReadAction","target":["https:\/\/www.enzo-und-ferdinand.de\/index.php\/2025\/05\/14\/skoda-slavia-b\/"]}]},{"@type":"ImageObject","inLanguage":"de","@id":"https:\/\/www.enzo-und-ferdinand.de\/index.php\/2025\/05\/14\/skoda-slavia-b\/#primaryimage","url":"https:\/\/www.enzo-und-ferdinand.de\/wp-content\/uploads\/2025\/05\/Skoda-Slavia-B-4.jpg","contentUrl":"https:\/\/www.enzo-und-ferdinand.de\/wp-content\/uploads\/2025\/05\/Skoda-Slavia-B-4.jpg","width":1500,"height":1000,"caption":"\u0160koda Slavia B"},{"@type":"BreadcrumbList","@id":"https:\/\/www.enzo-und-ferdinand.de\/index.php\/2025\/05\/14\/skoda-slavia-b\/#breadcrumb","itemListElement":[{"@type":"ListItem","position":1,"name":"Startseite","item":"https:\/\/www.enzo-und-ferdinand.de\/"},{"@type":"ListItem","position":2,"name":"\u0160koda Slavia B"}]},{"@type":"WebSite","@id":"https:\/\/www.enzo-und-ferdinand.de\/#website","url":"https:\/\/www.enzo-und-ferdinand.de\/","name":"enzo & Ferdinand","description":"","publisher":{"@id":"https:\/\/www.enzo-und-ferdinand.de\/#organization"},"potentialAction":[{"@type":"SearchAction","target":{"@type":"EntryPoint","urlTemplate":"https:\/\/www.enzo-und-ferdinand.de\/?s={search_term_string}"},"query-input":{"@type":"PropertyValueSpecification","valueRequired":true,"valueName":"search_term_string"}}],"inLanguage":"de"},{"@type":"Organization","@id":"https:\/\/www.enzo-und-ferdinand.de\/#organization","name":"enzo & Ferdinand","url":"https:\/\/www.enzo-und-ferdinand.de\/","logo":{"@type":"ImageObject","inLanguage":"de","@id":"https:\/\/www.enzo-und-ferdinand.de\/#\/schema\/logo\/image\/","url":"https:\/\/www.enzo-und-ferdinand.de\/wp-content\/uploads\/2018\/12\/revvvs-icon.png","contentUrl":"https:\/\/www.enzo-und-ferdinand.de\/wp-content\/uploads\/2018\/12\/revvvs-icon.png","width":512,"height":512,"caption":"enzo & Ferdinand"},"image":{"@id":"https:\/\/www.enzo-und-ferdinand.de\/#\/schema\/logo\/image\/"}},{"@type":"Person","@id":"https:\/\/www.enzo-und-ferdinand.de\/#\/schema\/person\/aff2eb9ff87705987c1b9d21fe10b095","name":"Rainer Ro\u00dfbach","image":{"@type":"ImageObject","inLanguage":"de","@id":"https:\/\/www.enzo-und-ferdinand.de\/wp-content\/uploads\/2026\/01\/Rainer-Rossbach-150x150.jpg","url":"https:\/\/www.enzo-und-ferdinand.de\/wp-content\/uploads\/2026\/01\/Rainer-Rossbach-150x150.jpg","contentUrl":"https:\/\/www.enzo-und-ferdinand.de\/wp-content\/uploads\/2026\/01\/Rainer-Rossbach-150x150.jpg","caption":"Rainer Ro\u00dfbach"},"url":"https:\/\/www.enzo-und-ferdinand.de\/index.php\/author\/redaktion\/"}]}},"_links":{"self":[{"href":"https:\/\/www.enzo-und-ferdinand.de\/index.php\/wp-json\/wp\/v2\/posts\/20162","targetHints":{"allow":["GET"]}}],"collection":[{"href":"https:\/\/www.enzo-und-ferdinand.de\/index.php\/wp-json\/wp\/v2\/posts"}],"about":[{"href":"https:\/\/www.enzo-und-ferdinand.de\/index.php\/wp-json\/wp\/v2\/types\/post"}],"author":[{"embeddable":true,"href":"https:\/\/www.enzo-und-ferdinand.de\/index.php\/wp-json\/wp\/v2\/users\/1"}],"replies":[{"embeddable":true,"href":"https:\/\/www.enzo-und-ferdinand.de\/index.php\/wp-json\/wp\/v2\/comments?post=20162"}],"version-history":[{"count":3,"href":"https:\/\/www.enzo-und-ferdinand.de\/index.php\/wp-json\/wp\/v2\/posts\/20162\/revisions"}],"predecessor-version":[{"id":20170,"href":"https:\/\/www.enzo-und-ferdinand.de\/index.php\/wp-json\/wp\/v2\/posts\/20162\/revisions\/20170"}],"wp:featuredmedia":[{"embeddable":true,"href":"https:\/\/www.enzo-und-ferdinand.de\/index.php\/wp-json\/wp\/v2\/media\/20167"}],"wp:attachment":[{"href":"https:\/\/www.enzo-und-ferdinand.de\/index.php\/wp-json\/wp\/v2\/media?parent=20162"}],"wp:term":[{"taxonomy":"category","embeddable":true,"href":"https:\/\/www.enzo-und-ferdinand.de\/index.php\/wp-json\/wp\/v2\/categories?post=20162"},{"taxonomy":"post_tag","embeddable":true,"href":"https:\/\/www.enzo-und-ferdinand.de\/index.php\/wp-json\/wp\/v2\/tags?post=20162"}],"curies":[{"name":"wp","href":"https:\/\/api.w.org\/{rel}","templated":true}]}}