{"id":20198,"date":"2025-05-19T07:28:24","date_gmt":"2025-05-19T05:28:24","guid":{"rendered":"https:\/\/www.enzo-und-ferdinand.de\/?p=20198"},"modified":"2025-05-19T07:28:25","modified_gmt":"2025-05-19T05:28:25","slug":"klein-vision-aircar","status":"publish","type":"post","link":"https:\/\/www.enzo-und-ferdinand.de\/index.php\/2025\/05\/19\/klein-vision-aircar\/","title":{"rendered":"Klein Vision \u201eAirCar\u201c"},"content":{"rendered":"\n<figure class=\"wp-block-image size-large\"><img loading=\"lazy\" decoding=\"async\" width=\"810\" height=\"540\" src=\"https:\/\/www.enzo-und-ferdinand.de\/wp-content\/uploads\/2025\/05\/Klein-Vision-AirCar4-810x540.png\" alt=\"Klein Vision AirCar\" class=\"wp-image-20195\" srcset=\"https:\/\/www.enzo-und-ferdinand.de\/wp-content\/uploads\/2025\/05\/Klein-Vision-AirCar4-810x540.png 810w, https:\/\/www.enzo-und-ferdinand.de\/wp-content\/uploads\/2025\/05\/Klein-Vision-AirCar4-300x200.png 300w, https:\/\/www.enzo-und-ferdinand.de\/wp-content\/uploads\/2025\/05\/Klein-Vision-AirCar4-768x512.png 768w, https:\/\/www.enzo-und-ferdinand.de\/wp-content\/uploads\/2025\/05\/Klein-Vision-AirCar4-120x80.png 120w, https:\/\/www.enzo-und-ferdinand.de\/wp-content\/uploads\/2025\/05\/Klein-Vision-AirCar4.png 1500w\" sizes=\"auto, (max-width: 810px) 100vw, 810px\" \/><\/figure>\n\n\n\n<p class=\"wp-block-paragraph\">Im Jahr 2022 erhielt das fliegende Auto von der slowakischen Verkehrsbeh\u00f6rde sein Luftt\u00fcchtigkeitszeugnis. Es hatte 70 Stunden mit den Standards der Europ\u00e4ischen Agentur f\u00fcr Flugsicherheit kompatiblen Flugtests absolviert, was 200 Starts und Landungen entspricht. F\u00fcr das Vorserienmodell, das Ende des Sommers 2025 fliegen wird, haben die Ingenieure die Leistung auf 300 PS gebracht. Das Modell ist vollst\u00e4ndig aus Verbundwerkstoffen gefertigt und kann eine Reisegeschwindigkeit von bis zu 150 Knoten und eine Reichweite von 600 Seemeilen erreichen.&nbsp;<\/p>\n\n\n\n<p class=\"wp-block-paragraph\">Nach der ersten Produktion wird es eine Reihe weitere Modellen geben. Die Serie wird Drei- und Viersitzer, ein zweimotoriges Modell und eine amphibische Version geben. Wenn es nicht in der Luft ist, k\u00f6nnen die Besitzer das AirCar wie ein normales Auto auf der Stra\u00dfe bewegen. Die Fl\u00fcgel lassen sich einklappen, wenn es landet, und ausklappen, wenn es abheben soll. Seine Karosserie hat einen freiliegenden Propeller und ein angehobenes Heck. Wann das fliegende Superauto im Handel erh\u00e4ltlich sein wird, steht noch nicht fest.<\/p>\n\n\n\n<figure class=\"wp-block-image size-large\"><img loading=\"lazy\" decoding=\"async\" width=\"810\" height=\"540\" src=\"https:\/\/www.enzo-und-ferdinand.de\/wp-content\/uploads\/2025\/05\/Klein-Vision-AirCar1-810x540.png\" alt=\"Klein Vision AirCar\" class=\"wp-image-20196\" srcset=\"https:\/\/www.enzo-und-ferdinand.de\/wp-content\/uploads\/2025\/05\/Klein-Vision-AirCar1-810x540.png 810w, https:\/\/www.enzo-und-ferdinand.de\/wp-content\/uploads\/2025\/05\/Klein-Vision-AirCar1-300x200.png 300w, https:\/\/www.enzo-und-ferdinand.de\/wp-content\/uploads\/2025\/05\/Klein-Vision-AirCar1-768x512.png 768w, https:\/\/www.enzo-und-ferdinand.de\/wp-content\/uploads\/2025\/05\/Klein-Vision-AirCar1-120x80.png 120w, https:\/\/www.enzo-und-ferdinand.de\/wp-content\/uploads\/2025\/05\/Klein-Vision-AirCar1.png 1500w\" sizes=\"auto, (max-width: 810px) 100vw, 810px\" \/><\/figure>\n\n\n\n<p class=\"has-text-align-right has-small-font-size wp-block-paragraph\">Fotos: Klein Vision\/Text: Rainer Ro\u00dfbach<\/p>\n\n\n\n<p class=\"wp-block-paragraph\"><\/p>\n","protected":false},"excerpt":{"rendered":"<p>Im Jahr 2022 erhielt das fliegende Auto von der slowakischen Verkehrsbeh\u00f6rde sein Luftt\u00fcchtigkeitszeugnis. Es hatte 70 Stunden mit den Standards der Europ\u00e4ischen Agentur f\u00fcr Flugsicherheit kompatiblen Flugtests absolviert, was 200 Starts und Landungen entspricht. F\u00fcr das Vorserienmodell, das Ende des Sommers 2025 fliegen wird, haben die Ingenieure die Leistung auf 300 PS gebracht. Das Modell ist vollst\u00e4ndig aus Verbundwerkstoffen gefertigt und kann eine Reisegeschwindigkeit von bis zu 150 Knoten und eine Reichweite von 600 Seemeilen erreichen.\u00a0<\/p>\n","protected":false},"author":1,"featured_media":20194,"comment_status":"closed","ping_status":"closed","sticky":false,"template":"","format":"standard","meta":{"_crdt_document":"","ngg_post_thumbnail":0,"footnotes":""},"categories":[586],"tags":[667],"class_list":["post-20198","post","type-post","status-publish","format-standard","has-post-thumbnail","hentry","category-technologie","tag-flugauto"],"yoast_head":"<!-- This site is optimized with the Yoast SEO plugin v27.5 - https:\/\/yoast.com\/product\/yoast-seo-wordpress\/ -->\n<title>Klein Vision \u201eAirCar\u201c<\/title>\n<meta name=\"description\" content=\"Rainer Ro\u00dfbach Rainer Rossbach enzo-und-ferdinand enzo&amp;ferdinand Enzo Klein Vision AirCar fliegendes Auto slowakische Verkehrsbeh\u00f6rde Europ\u00e4ische Agentur f\u00fcr Flugsicherheit Vorserienmodell Verbundwerkstoffe amphibisch\" \/>\n<meta name=\"robots\" content=\"index, follow, max-snippet:-1, max-image-preview:large, max-video-preview:-1\" \/>\n<link rel=\"canonical\" href=\"https:\/\/www.enzo-und-ferdinand.de\/index.php\/2025\/05\/19\/klein-vision-aircar\/\" \/>\n<meta property=\"og:locale\" content=\"de_DE\" \/>\n<meta property=\"og:type\" content=\"article\" \/>\n<meta property=\"og:title\" content=\"Klein Vision \u201eAirCar\u201c\" \/>\n<meta property=\"og:description\" content=\"Rainer Ro\u00dfbach Rainer Rossbach enzo-und-ferdinand enzo&amp;ferdinand Enzo Klein Vision AirCar fliegendes Auto slowakische Verkehrsbeh\u00f6rde Europ\u00e4ische Agentur f\u00fcr Flugsicherheit Vorserienmodell Verbundwerkstoffe amphibisch\" \/>\n<meta property=\"og:url\" content=\"https:\/\/www.enzo-und-ferdinand.de\/index.php\/2025\/05\/19\/klein-vision-aircar\/\" \/>\n<meta property=\"og:site_name\" content=\"enzo &amp; Ferdinand\" \/>\n<meta property=\"article:published_time\" content=\"2025-05-19T05:28:24+00:00\" \/>\n<meta property=\"article:modified_time\" content=\"2025-05-19T05:28:25+00:00\" \/>\n<meta property=\"og:image\" content=\"https:\/\/www.enzo-und-ferdinand.de\/wp-content\/uploads\/2025\/05\/Klein-Vision-AirCar3.png\" \/>\n\t<meta property=\"og:image:width\" content=\"1500\" \/>\n\t<meta property=\"og:image:height\" content=\"1000\" \/>\n\t<meta property=\"og:image:type\" content=\"image\/png\" \/>\n<meta name=\"author\" content=\"Rainer Ro\u00dfbach\" \/>\n<meta name=\"twitter:card\" content=\"summary_large_image\" \/>\n<meta name=\"twitter:label1\" content=\"Verfasst von\" \/>\n\t<meta name=\"twitter:data1\" content=\"Rainer Ro\u00dfbach\" \/>\n\t<meta name=\"twitter:label2\" content=\"Gesch\u00e4tzte Lesezeit\" \/>\n\t<meta name=\"twitter:data2\" content=\"1\u00a0Minute\" \/>\n<script type=\"application\/ld+json\" class=\"yoast-schema-graph\">{\"@context\":\"https:\\\/\\\/schema.org\",\"@graph\":[{\"@type\":\"Article\",\"@id\":\"https:\\\/\\\/www.enzo-und-ferdinand.de\\\/index.php\\\/2025\\\/05\\\/19\\\/klein-vision-aircar\\\/#article\",\"isPartOf\":{\"@id\":\"https:\\\/\\\/www.enzo-und-ferdinand.de\\\/index.php\\\/2025\\\/05\\\/19\\\/klein-vision-aircar\\\/\"},\"author\":{\"name\":\"Rainer Ro\u00dfbach\",\"@id\":\"https:\\\/\\\/www.enzo-und-ferdinand.de\\\/#\\\/schema\\\/person\\\/aff2eb9ff87705987c1b9d21fe10b095\"},\"headline\":\"Klein Vision \u201eAirCar\u201c\",\"datePublished\":\"2025-05-19T05:28:24+00:00\",\"dateModified\":\"2025-05-19T05:28:25+00:00\",\"mainEntityOfPage\":{\"@id\":\"https:\\\/\\\/www.enzo-und-ferdinand.de\\\/index.php\\\/2025\\\/05\\\/19\\\/klein-vision-aircar\\\/\"},\"wordCount\":172,\"publisher\":{\"@id\":\"https:\\\/\\\/www.enzo-und-ferdinand.de\\\/#organization\"},\"image\":{\"@id\":\"https:\\\/\\\/www.enzo-und-ferdinand.de\\\/index.php\\\/2025\\\/05\\\/19\\\/klein-vision-aircar\\\/#primaryimage\"},\"thumbnailUrl\":\"https:\\\/\\\/www.enzo-und-ferdinand.de\\\/wp-content\\\/uploads\\\/2025\\\/05\\\/Klein-Vision-AirCar3.png\",\"keywords\":[\"Flugauto\"],\"articleSection\":[\"Technologie\"],\"inLanguage\":\"de\"},{\"@type\":\"WebPage\",\"@id\":\"https:\\\/\\\/www.enzo-und-ferdinand.de\\\/index.php\\\/2025\\\/05\\\/19\\\/klein-vision-aircar\\\/\",\"url\":\"https:\\\/\\\/www.enzo-und-ferdinand.de\\\/index.php\\\/2025\\\/05\\\/19\\\/klein-vision-aircar\\\/\",\"name\":\"Klein Vision \u201eAirCar\u201c\",\"isPartOf\":{\"@id\":\"https:\\\/\\\/www.enzo-und-ferdinand.de\\\/#website\"},\"primaryImageOfPage\":{\"@id\":\"https:\\\/\\\/www.enzo-und-ferdinand.de\\\/index.php\\\/2025\\\/05\\\/19\\\/klein-vision-aircar\\\/#primaryimage\"},\"image\":{\"@id\":\"https:\\\/\\\/www.enzo-und-ferdinand.de\\\/index.php\\\/2025\\\/05\\\/19\\\/klein-vision-aircar\\\/#primaryimage\"},\"thumbnailUrl\":\"https:\\\/\\\/www.enzo-und-ferdinand.de\\\/wp-content\\\/uploads\\\/2025\\\/05\\\/Klein-Vision-AirCar3.png\",\"datePublished\":\"2025-05-19T05:28:24+00:00\",\"dateModified\":\"2025-05-19T05:28:25+00:00\",\"description\":\"Rainer Ro\u00dfbach Rainer Rossbach enzo-und-ferdinand enzo&ferdinand Enzo Klein Vision AirCar fliegendes Auto slowakische Verkehrsbeh\u00f6rde Europ\u00e4ische Agentur f\u00fcr Flugsicherheit Vorserienmodell Verbundwerkstoffe amphibisch\",\"breadcrumb\":{\"@id\":\"https:\\\/\\\/www.enzo-und-ferdinand.de\\\/index.php\\\/2025\\\/05\\\/19\\\/klein-vision-aircar\\\/#breadcrumb\"},\"inLanguage\":\"de\",\"potentialAction\":[{\"@type\":\"ReadAction\",\"target\":[\"https:\\\/\\\/www.enzo-und-ferdinand.de\\\/index.php\\\/2025\\\/05\\\/19\\\/klein-vision-aircar\\\/\"]}]},{\"@type\":\"ImageObject\",\"inLanguage\":\"de\",\"@id\":\"https:\\\/\\\/www.enzo-und-ferdinand.de\\\/index.php\\\/2025\\\/05\\\/19\\\/klein-vision-aircar\\\/#primaryimage\",\"url\":\"https:\\\/\\\/www.enzo-und-ferdinand.de\\\/wp-content\\\/uploads\\\/2025\\\/05\\\/Klein-Vision-AirCar3.png\",\"contentUrl\":\"https:\\\/\\\/www.enzo-und-ferdinand.de\\\/wp-content\\\/uploads\\\/2025\\\/05\\\/Klein-Vision-AirCar3.png\",\"width\":1500,\"height\":1000,\"caption\":\"Klein Vision AirCar\"},{\"@type\":\"BreadcrumbList\",\"@id\":\"https:\\\/\\\/www.enzo-und-ferdinand.de\\\/index.php\\\/2025\\\/05\\\/19\\\/klein-vision-aircar\\\/#breadcrumb\",\"itemListElement\":[{\"@type\":\"ListItem\",\"position\":1,\"name\":\"Startseite\",\"item\":\"https:\\\/\\\/www.enzo-und-ferdinand.de\\\/\"},{\"@type\":\"ListItem\",\"position\":2,\"name\":\"Klein Vision \u201eAirCar\u201c\"}]},{\"@type\":\"WebSite\",\"@id\":\"https:\\\/\\\/www.enzo-und-ferdinand.de\\\/#website\",\"url\":\"https:\\\/\\\/www.enzo-und-ferdinand.de\\\/\",\"name\":\"enzo & Ferdinand\",\"description\":\"\",\"publisher\":{\"@id\":\"https:\\\/\\\/www.enzo-und-ferdinand.de\\\/#organization\"},\"potentialAction\":[{\"@type\":\"SearchAction\",\"target\":{\"@type\":\"EntryPoint\",\"urlTemplate\":\"https:\\\/\\\/www.enzo-und-ferdinand.de\\\/?s={search_term_string}\"},\"query-input\":{\"@type\":\"PropertyValueSpecification\",\"valueRequired\":true,\"valueName\":\"search_term_string\"}}],\"inLanguage\":\"de\"},{\"@type\":\"Organization\",\"@id\":\"https:\\\/\\\/www.enzo-und-ferdinand.de\\\/#organization\",\"name\":\"enzo & Ferdinand\",\"url\":\"https:\\\/\\\/www.enzo-und-ferdinand.de\\\/\",\"logo\":{\"@type\":\"ImageObject\",\"inLanguage\":\"de\",\"@id\":\"https:\\\/\\\/www.enzo-und-ferdinand.de\\\/#\\\/schema\\\/logo\\\/image\\\/\",\"url\":\"https:\\\/\\\/www.enzo-und-ferdinand.de\\\/wp-content\\\/uploads\\\/2018\\\/12\\\/revvvs-icon.png\",\"contentUrl\":\"https:\\\/\\\/www.enzo-und-ferdinand.de\\\/wp-content\\\/uploads\\\/2018\\\/12\\\/revvvs-icon.png\",\"width\":512,\"height\":512,\"caption\":\"enzo & Ferdinand\"},\"image\":{\"@id\":\"https:\\\/\\\/www.enzo-und-ferdinand.de\\\/#\\\/schema\\\/logo\\\/image\\\/\"}},{\"@type\":\"Person\",\"@id\":\"https:\\\/\\\/www.enzo-und-ferdinand.de\\\/#\\\/schema\\\/person\\\/aff2eb9ff87705987c1b9d21fe10b095\",\"name\":\"Rainer Ro\u00dfbach\",\"image\":{\"@type\":\"ImageObject\",\"inLanguage\":\"de\",\"@id\":\"https:\\\/\\\/www.enzo-und-ferdinand.de\\\/wp-content\\\/uploads\\\/2026\\\/01\\\/Rainer-Rossbach-150x150.jpg\",\"url\":\"https:\\\/\\\/www.enzo-und-ferdinand.de\\\/wp-content\\\/uploads\\\/2026\\\/01\\\/Rainer-Rossbach-150x150.jpg\",\"contentUrl\":\"https:\\\/\\\/www.enzo-und-ferdinand.de\\\/wp-content\\\/uploads\\\/2026\\\/01\\\/Rainer-Rossbach-150x150.jpg\",\"caption\":\"Rainer Ro\u00dfbach\"},\"url\":\"https:\\\/\\\/www.enzo-und-ferdinand.de\\\/index.php\\\/author\\\/redaktion\\\/\"}]}<\/script>\n<!-- \/ Yoast SEO plugin. -->","yoast_head_json":{"title":"Klein Vision \u201eAirCar\u201c","description":"Rainer Ro\u00dfbach Rainer Rossbach enzo-und-ferdinand enzo&ferdinand Enzo Klein Vision AirCar fliegendes Auto slowakische Verkehrsbeh\u00f6rde Europ\u00e4ische Agentur f\u00fcr Flugsicherheit Vorserienmodell Verbundwerkstoffe amphibisch","robots":{"index":"index","follow":"follow","max-snippet":"max-snippet:-1","max-image-preview":"max-image-preview:large","max-video-preview":"max-video-preview:-1"},"canonical":"https:\/\/www.enzo-und-ferdinand.de\/index.php\/2025\/05\/19\/klein-vision-aircar\/","og_locale":"de_DE","og_type":"article","og_title":"Klein Vision \u201eAirCar\u201c","og_description":"Rainer Ro\u00dfbach Rainer Rossbach enzo-und-ferdinand enzo&ferdinand Enzo Klein Vision AirCar fliegendes Auto slowakische Verkehrsbeh\u00f6rde Europ\u00e4ische Agentur f\u00fcr Flugsicherheit Vorserienmodell Verbundwerkstoffe amphibisch","og_url":"https:\/\/www.enzo-und-ferdinand.de\/index.php\/2025\/05\/19\/klein-vision-aircar\/","og_site_name":"enzo &amp; Ferdinand","article_published_time":"2025-05-19T05:28:24+00:00","article_modified_time":"2025-05-19T05:28:25+00:00","og_image":[{"width":1500,"height":1000,"url":"https:\/\/www.enzo-und-ferdinand.de\/wp-content\/uploads\/2025\/05\/Klein-Vision-AirCar3.png","type":"image\/png"}],"author":"Rainer Ro\u00dfbach","twitter_card":"summary_large_image","twitter_misc":{"Verfasst von":"Rainer Ro\u00dfbach","Gesch\u00e4tzte Lesezeit":"1\u00a0Minute"},"schema":{"@context":"https:\/\/schema.org","@graph":[{"@type":"Article","@id":"https:\/\/www.enzo-und-ferdinand.de\/index.php\/2025\/05\/19\/klein-vision-aircar\/#article","isPartOf":{"@id":"https:\/\/www.enzo-und-ferdinand.de\/index.php\/2025\/05\/19\/klein-vision-aircar\/"},"author":{"name":"Rainer Ro\u00dfbach","@id":"https:\/\/www.enzo-und-ferdinand.de\/#\/schema\/person\/aff2eb9ff87705987c1b9d21fe10b095"},"headline":"Klein Vision \u201eAirCar\u201c","datePublished":"2025-05-19T05:28:24+00:00","dateModified":"2025-05-19T05:28:25+00:00","mainEntityOfPage":{"@id":"https:\/\/www.enzo-und-ferdinand.de\/index.php\/2025\/05\/19\/klein-vision-aircar\/"},"wordCount":172,"publisher":{"@id":"https:\/\/www.enzo-und-ferdinand.de\/#organization"},"image":{"@id":"https:\/\/www.enzo-und-ferdinand.de\/index.php\/2025\/05\/19\/klein-vision-aircar\/#primaryimage"},"thumbnailUrl":"https:\/\/www.enzo-und-ferdinand.de\/wp-content\/uploads\/2025\/05\/Klein-Vision-AirCar3.png","keywords":["Flugauto"],"articleSection":["Technologie"],"inLanguage":"de"},{"@type":"WebPage","@id":"https:\/\/www.enzo-und-ferdinand.de\/index.php\/2025\/05\/19\/klein-vision-aircar\/","url":"https:\/\/www.enzo-und-ferdinand.de\/index.php\/2025\/05\/19\/klein-vision-aircar\/","name":"Klein Vision \u201eAirCar\u201c","isPartOf":{"@id":"https:\/\/www.enzo-und-ferdinand.de\/#website"},"primaryImageOfPage":{"@id":"https:\/\/www.enzo-und-ferdinand.de\/index.php\/2025\/05\/19\/klein-vision-aircar\/#primaryimage"},"image":{"@id":"https:\/\/www.enzo-und-ferdinand.de\/index.php\/2025\/05\/19\/klein-vision-aircar\/#primaryimage"},"thumbnailUrl":"https:\/\/www.enzo-und-ferdinand.de\/wp-content\/uploads\/2025\/05\/Klein-Vision-AirCar3.png","datePublished":"2025-05-19T05:28:24+00:00","dateModified":"2025-05-19T05:28:25+00:00","description":"Rainer Ro\u00dfbach Rainer Rossbach enzo-und-ferdinand enzo&ferdinand Enzo Klein Vision AirCar fliegendes Auto slowakische Verkehrsbeh\u00f6rde Europ\u00e4ische Agentur f\u00fcr Flugsicherheit Vorserienmodell Verbundwerkstoffe amphibisch","breadcrumb":{"@id":"https:\/\/www.enzo-und-ferdinand.de\/index.php\/2025\/05\/19\/klein-vision-aircar\/#breadcrumb"},"inLanguage":"de","potentialAction":[{"@type":"ReadAction","target":["https:\/\/www.enzo-und-ferdinand.de\/index.php\/2025\/05\/19\/klein-vision-aircar\/"]}]},{"@type":"ImageObject","inLanguage":"de","@id":"https:\/\/www.enzo-und-ferdinand.de\/index.php\/2025\/05\/19\/klein-vision-aircar\/#primaryimage","url":"https:\/\/www.enzo-und-ferdinand.de\/wp-content\/uploads\/2025\/05\/Klein-Vision-AirCar3.png","contentUrl":"https:\/\/www.enzo-und-ferdinand.de\/wp-content\/uploads\/2025\/05\/Klein-Vision-AirCar3.png","width":1500,"height":1000,"caption":"Klein Vision AirCar"},{"@type":"BreadcrumbList","@id":"https:\/\/www.enzo-und-ferdinand.de\/index.php\/2025\/05\/19\/klein-vision-aircar\/#breadcrumb","itemListElement":[{"@type":"ListItem","position":1,"name":"Startseite","item":"https:\/\/www.enzo-und-ferdinand.de\/"},{"@type":"ListItem","position":2,"name":"Klein Vision \u201eAirCar\u201c"}]},{"@type":"WebSite","@id":"https:\/\/www.enzo-und-ferdinand.de\/#website","url":"https:\/\/www.enzo-und-ferdinand.de\/","name":"enzo & Ferdinand","description":"","publisher":{"@id":"https:\/\/www.enzo-und-ferdinand.de\/#organization"},"potentialAction":[{"@type":"SearchAction","target":{"@type":"EntryPoint","urlTemplate":"https:\/\/www.enzo-und-ferdinand.de\/?s={search_term_string}"},"query-input":{"@type":"PropertyValueSpecification","valueRequired":true,"valueName":"search_term_string"}}],"inLanguage":"de"},{"@type":"Organization","@id":"https:\/\/www.enzo-und-ferdinand.de\/#organization","name":"enzo & Ferdinand","url":"https:\/\/www.enzo-und-ferdinand.de\/","logo":{"@type":"ImageObject","inLanguage":"de","@id":"https:\/\/www.enzo-und-ferdinand.de\/#\/schema\/logo\/image\/","url":"https:\/\/www.enzo-und-ferdinand.de\/wp-content\/uploads\/2018\/12\/revvvs-icon.png","contentUrl":"https:\/\/www.enzo-und-ferdinand.de\/wp-content\/uploads\/2018\/12\/revvvs-icon.png","width":512,"height":512,"caption":"enzo & Ferdinand"},"image":{"@id":"https:\/\/www.enzo-und-ferdinand.de\/#\/schema\/logo\/image\/"}},{"@type":"Person","@id":"https:\/\/www.enzo-und-ferdinand.de\/#\/schema\/person\/aff2eb9ff87705987c1b9d21fe10b095","name":"Rainer Ro\u00dfbach","image":{"@type":"ImageObject","inLanguage":"de","@id":"https:\/\/www.enzo-und-ferdinand.de\/wp-content\/uploads\/2026\/01\/Rainer-Rossbach-150x150.jpg","url":"https:\/\/www.enzo-und-ferdinand.de\/wp-content\/uploads\/2026\/01\/Rainer-Rossbach-150x150.jpg","contentUrl":"https:\/\/www.enzo-und-ferdinand.de\/wp-content\/uploads\/2026\/01\/Rainer-Rossbach-150x150.jpg","caption":"Rainer Ro\u00dfbach"},"url":"https:\/\/www.enzo-und-ferdinand.de\/index.php\/author\/redaktion\/"}]}},"_links":{"self":[{"href":"https:\/\/www.enzo-und-ferdinand.de\/index.php\/wp-json\/wp\/v2\/posts\/20198","targetHints":{"allow":["GET"]}}],"collection":[{"href":"https:\/\/www.enzo-und-ferdinand.de\/index.php\/wp-json\/wp\/v2\/posts"}],"about":[{"href":"https:\/\/www.enzo-und-ferdinand.de\/index.php\/wp-json\/wp\/v2\/types\/post"}],"author":[{"embeddable":true,"href":"https:\/\/www.enzo-und-ferdinand.de\/index.php\/wp-json\/wp\/v2\/users\/1"}],"replies":[{"embeddable":true,"href":"https:\/\/www.enzo-und-ferdinand.de\/index.php\/wp-json\/wp\/v2\/comments?post=20198"}],"version-history":[{"count":2,"href":"https:\/\/www.enzo-und-ferdinand.de\/index.php\/wp-json\/wp\/v2\/posts\/20198\/revisions"}],"predecessor-version":[{"id":20200,"href":"https:\/\/www.enzo-und-ferdinand.de\/index.php\/wp-json\/wp\/v2\/posts\/20198\/revisions\/20200"}],"wp:featuredmedia":[{"embeddable":true,"href":"https:\/\/www.enzo-und-ferdinand.de\/index.php\/wp-json\/wp\/v2\/media\/20194"}],"wp:attachment":[{"href":"https:\/\/www.enzo-und-ferdinand.de\/index.php\/wp-json\/wp\/v2\/media?parent=20198"}],"wp:term":[{"taxonomy":"category","embeddable":true,"href":"https:\/\/www.enzo-und-ferdinand.de\/index.php\/wp-json\/wp\/v2\/categories?post=20198"},{"taxonomy":"post_tag","embeddable":true,"href":"https:\/\/www.enzo-und-ferdinand.de\/index.php\/wp-json\/wp\/v2\/tags?post=20198"}],"curies":[{"name":"wp","href":"https:\/\/api.w.org\/{rel}","templated":true}]}}