{"id":20391,"date":"2025-06-17T07:25:52","date_gmt":"2025-06-17T05:25:52","guid":{"rendered":"https:\/\/www.enzo-und-ferdinand.de\/?p=20391"},"modified":"2025-07-08T06:41:36","modified_gmt":"2025-07-08T04:41:36","slug":"ferrari-296-speciale","status":"publish","type":"post","link":"https:\/\/www.enzo-und-ferdinand.de\/index.php\/2025\/06\/17\/ferrari-296-speciale\/","title":{"rendered":"Ferrari 296 Speciale"},"content":{"rendered":"\n<figure class=\"wp-block-image size-large\"><img loading=\"lazy\" decoding=\"async\" width=\"810\" height=\"540\" src=\"https:\/\/www.enzo-und-ferdinand.de\/wp-content\/uploads\/2025\/06\/296_WEC00001_1024x768-810x540.jpg\" alt=\"\" class=\"wp-image-20385\" srcset=\"https:\/\/www.enzo-und-ferdinand.de\/wp-content\/uploads\/2025\/06\/296_WEC00001_1024x768-810x540.jpg 810w, https:\/\/www.enzo-und-ferdinand.de\/wp-content\/uploads\/2025\/06\/296_WEC00001_1024x768-300x200.jpg 300w, https:\/\/www.enzo-und-ferdinand.de\/wp-content\/uploads\/2025\/06\/296_WEC00001_1024x768-768x512.jpg 768w, https:\/\/www.enzo-und-ferdinand.de\/wp-content\/uploads\/2025\/06\/296_WEC00001_1024x768-120x80.jpg 120w, https:\/\/www.enzo-und-ferdinand.de\/wp-content\/uploads\/2025\/06\/296_WEC00001_1024x768.jpg 1500w\" sizes=\"auto, (max-width: 810px) 100vw, 810px\" \/><\/figure>\n\n\n\n<p class=\"wp-block-paragraph\">Diese Fahrzeug-Spezifikation bleibt Kunden vorbehalten, die an offiziellen Motorsportaktivit\u00e4ten von Ferrari teilnehmen.Sie wurde inspiriert vom 499P, dem Gesamtsieger des 24-Stunden-Rennens von Le Mans der Jahre 2023, 2024 und auch 2025 in der Kategorie Hypercar. Die exklusive Edition der treibt die Weiterentwicklung des 296 GTB voran und setzt Ma\u00dfst\u00e4be. Der Plug-in-Hybridantrieb kombiniert einen 120-Grad-Twin-Turbo-V6 mit einem Elektromotor und liefert eine Systemleistung von 648 kW (880 PS). Der Verbrenner wurde leichter gemacht und mit Komponenten aufgewertet, die ebenfalls aus der Formel 1 stammen, w\u00e4hrend das 8-Gang-DCT-Getriebe mit der Ferrari Fast-Shift- Strategie optimiert wurde, um das elektrische Drehmoment maximal zu nutzen und Gangwechsel noch schneller und einnehmender zu gestalten. Im Vergleich zum 296 GTB wurden das Gewicht reduziert und der aerodynamische Abtrieb um 20 Prozent erh\u00f6ht. Das Chassis erhielt ebenfalls eine \u00dcberarbeitung f\u00fcr ein pr\u00e4ziseres Verhalten auf der Rennstrecke. In die kompakten Abmessungen und das Design des Modells integrierte man hochentwickelte technische L\u00f6sungen, wie Gamma-Fl\u00fcgel, geteilte Splitter und einen gro\u00dfen Diffusor.<\/p>\n\n\n\n<figure class=\"wp-block-image size-large\"><img loading=\"lazy\" decoding=\"async\" width=\"810\" height=\"540\" src=\"https:\/\/www.enzo-und-ferdinand.de\/wp-content\/uploads\/2025\/06\/296_WEC00010_1024x768-810x540.jpg\" alt=\"\" class=\"wp-image-20389\" srcset=\"https:\/\/www.enzo-und-ferdinand.de\/wp-content\/uploads\/2025\/06\/296_WEC00010_1024x768-810x540.jpg 810w, https:\/\/www.enzo-und-ferdinand.de\/wp-content\/uploads\/2025\/06\/296_WEC00010_1024x768-300x200.jpg 300w, https:\/\/www.enzo-und-ferdinand.de\/wp-content\/uploads\/2025\/06\/296_WEC00010_1024x768-768x512.jpg 768w, https:\/\/www.enzo-und-ferdinand.de\/wp-content\/uploads\/2025\/06\/296_WEC00010_1024x768-120x80.jpg 120w, https:\/\/www.enzo-und-ferdinand.de\/wp-content\/uploads\/2025\/06\/296_WEC00010_1024x768.jpg 1500w\" sizes=\"auto, (max-width: 810px) 100vw, 810px\" \/><\/figure>\n\n\n\n<p class=\"wp-block-paragraph\">Der Piloti Ferrari 296 Speciale wird in vier vom Rennsport inspirierten Farben angeboten: Rosso Scuderia, Blu Tour De France, Nero Daytona und Argento N\u00fcrburgring. Die vom 499P inspirierten und in Giallo Modena gehaltenen Karosseriedetails umfassen ein handgemaltes WEC-Logo, die italienische Flagge auf der vorderen Sto\u00dfstange und eine vom Kunden individuell anpassbare Nummer. Das in Le Mans vorgestellte Modell tr\u00e4gt die Nummer 51, mit der Alessandro Pier Guidi, James Calado und Antonio Giovinazzi 2023 den Sieg auf dieser Strecke errangen.<\/p>\n\n\n\n<p class=\"wp-block-paragraph\">Im Innenraum gibt es mit thermogeformtem, schwarzem Alcantara und Eins\u00e4tzen bezogene Rennsitze, die aus dem gleichen feuerfesten Stoff wie die offiziellen Rennanz\u00fcge bestehen. Die Fahrzeugnummer befindet sich auch auf dem Karbon-Interieur, w\u00e4hrend die aus Metall gefertigten Oberfl\u00e4chen des Fu\u00dfraums auf Wunsch individuell angepasst werden k\u00f6nnen. Abgerundet werden die M\u00f6glichkeiten der Personalisierung durch eine individuelle Plakette aus Karbon und eine Karbon-Einstiegsleiste mit exklusiver, pers\u00f6nlich anpassbarer Beschriftung.<\/p>\n\n\n\n<figure class=\"wp-block-gallery has-nested-images columns-2 is-cropped wp-block-gallery-1 is-layout-flex wp-block-gallery-is-layout-flex\">\n<figure class=\"wp-block-image size-large\"><img loading=\"lazy\" decoding=\"async\" width=\"810\" height=\"540\" data-id=\"20388\" src=\"https:\/\/www.enzo-und-ferdinand.de\/wp-content\/uploads\/2025\/06\/296_WEC00006_1024x768-810x540.jpg\" alt=\"\" class=\"wp-image-20388\" srcset=\"https:\/\/www.enzo-und-ferdinand.de\/wp-content\/uploads\/2025\/06\/296_WEC00006_1024x768-810x540.jpg 810w, https:\/\/www.enzo-und-ferdinand.de\/wp-content\/uploads\/2025\/06\/296_WEC00006_1024x768-300x200.jpg 300w, https:\/\/www.enzo-und-ferdinand.de\/wp-content\/uploads\/2025\/06\/296_WEC00006_1024x768-768x512.jpg 768w, https:\/\/www.enzo-und-ferdinand.de\/wp-content\/uploads\/2025\/06\/296_WEC00006_1024x768-120x80.jpg 120w, https:\/\/www.enzo-und-ferdinand.de\/wp-content\/uploads\/2025\/06\/296_WEC00006_1024x768.jpg 1500w\" sizes=\"auto, (max-width: 810px) 100vw, 810px\" \/><\/figure>\n\n\n\n<figure class=\"wp-block-image size-large\"><img loading=\"lazy\" decoding=\"async\" width=\"810\" height=\"540\" data-id=\"20390\" src=\"https:\/\/www.enzo-und-ferdinand.de\/wp-content\/uploads\/2025\/06\/296_WEC00036_1024x768-810x540.jpg\" alt=\"\" class=\"wp-image-20390\" srcset=\"https:\/\/www.enzo-und-ferdinand.de\/wp-content\/uploads\/2025\/06\/296_WEC00036_1024x768-810x540.jpg 810w, https:\/\/www.enzo-und-ferdinand.de\/wp-content\/uploads\/2025\/06\/296_WEC00036_1024x768-300x200.jpg 300w, https:\/\/www.enzo-und-ferdinand.de\/wp-content\/uploads\/2025\/06\/296_WEC00036_1024x768-768x512.jpg 768w, https:\/\/www.enzo-und-ferdinand.de\/wp-content\/uploads\/2025\/06\/296_WEC00036_1024x768-120x80.jpg 120w, https:\/\/www.enzo-und-ferdinand.de\/wp-content\/uploads\/2025\/06\/296_WEC00036_1024x768.jpg 1500w\" sizes=\"auto, (max-width: 810px) 100vw, 810px\" \/><\/figure>\n\n\n\n<figure class=\"wp-block-image size-large\"><img loading=\"lazy\" decoding=\"async\" width=\"810\" height=\"540\" data-id=\"20387\" src=\"https:\/\/www.enzo-und-ferdinand.de\/wp-content\/uploads\/2025\/06\/296_WEC00003_1024x768-810x540.jpg\" alt=\"\" class=\"wp-image-20387\" srcset=\"https:\/\/www.enzo-und-ferdinand.de\/wp-content\/uploads\/2025\/06\/296_WEC00003_1024x768-810x540.jpg 810w, https:\/\/www.enzo-und-ferdinand.de\/wp-content\/uploads\/2025\/06\/296_WEC00003_1024x768-300x200.jpg 300w, https:\/\/www.enzo-und-ferdinand.de\/wp-content\/uploads\/2025\/06\/296_WEC00003_1024x768-768x512.jpg 768w, https:\/\/www.enzo-und-ferdinand.de\/wp-content\/uploads\/2025\/06\/296_WEC00003_1024x768-120x80.jpg 120w, https:\/\/www.enzo-und-ferdinand.de\/wp-content\/uploads\/2025\/06\/296_WEC00003_1024x768.jpg 1500w\" sizes=\"auto, (max-width: 810px) 100vw, 810px\" \/><\/figure>\n<\/figure>\n\n\n\n<p class=\"has-text-align-right has-small-font-size wp-block-paragraph\">Fotos: Ferrari\/Text: Rainer Ro\u00dfbach<\/p>\n","protected":false},"excerpt":{"rendered":"<p>Diese Fahrzeug-Spezifikation bleibt Kunden vorbehalten, die an offiziellen Motorsportaktivit\u00e4ten von Ferrari teilnehmen.Sie wurde inspiriert vom 499P, dem Gesamtsieger des 24-Stunden-Rennens von Le Mans der Jahre 2023, 2024 und auch 2025 in der Kategorie Hypercar. Die exklusive Edition der treibt die Weiterentwicklung des 296 GTB voran und setzt Ma\u00dfst\u00e4be. Der Plug-in-Hybridantrieb kombiniert einen 120-Grad-Twin-Turbo-V6 mit einem Elektromotor und liefert eine Systemleistung von 648 kW (880 PS). <\/p>\n","protected":false},"author":1,"featured_media":20386,"comment_status":"closed","ping_status":"open","sticky":false,"template":"","format":"standard","meta":{"_crdt_document":"","ngg_post_thumbnail":0,"footnotes":""},"categories":[665,23,5],"tags":[184],"class_list":["post-20391","post","type-post","status-publish","format-standard","has-post-thumbnail","hentry","category-editionen","category-performance","category-rennsport","tag-ferrari"],"yoast_head":"<!-- This site is optimized with the Yoast SEO plugin v27.5 - https:\/\/yoast.com\/product\/yoast-seo-wordpress\/ -->\n<title>Ferrari 296 Speciale<\/title>\n<meta name=\"description\" content=\"Rainer Ro\u00dfbach Rainer Rossbach enzo-und-ferdinand enzo&amp;ferdinand Enzo Ferrari 296 Speciale Motorsport Ferrari 499P 24-Stunden-Rennens von Le Mans Hypercar Plug-in-Hybrid 120-Grad-Twin-Turbo-V6 DCT-Getriebe Splitter Diffusor Alcantara Rennsitze Karbon\" \/>\n<meta name=\"robots\" content=\"index, follow, max-snippet:-1, max-image-preview:large, max-video-preview:-1\" \/>\n<link rel=\"canonical\" href=\"https:\/\/www.enzo-und-ferdinand.de\/index.php\/2025\/06\/17\/ferrari-296-speciale\/\" \/>\n<meta property=\"og:locale\" content=\"de_DE\" \/>\n<meta property=\"og:type\" content=\"article\" \/>\n<meta property=\"og:title\" content=\"Ferrari 296 Speciale\" \/>\n<meta property=\"og:description\" content=\"Rainer Ro\u00dfbach Rainer Rossbach enzo-und-ferdinand enzo&amp;ferdinand Enzo Ferrari 296 Speciale Motorsport Ferrari 499P 24-Stunden-Rennens von Le Mans Hypercar Plug-in-Hybrid 120-Grad-Twin-Turbo-V6 DCT-Getriebe Splitter Diffusor Alcantara Rennsitze Karbon\" \/>\n<meta property=\"og:url\" content=\"https:\/\/www.enzo-und-ferdinand.de\/index.php\/2025\/06\/17\/ferrari-296-speciale\/\" \/>\n<meta property=\"og:site_name\" content=\"enzo &amp; Ferdinand\" \/>\n<meta property=\"article:published_time\" content=\"2025-06-17T05:25:52+00:00\" \/>\n<meta property=\"article:modified_time\" content=\"2025-07-08T04:41:36+00:00\" \/>\n<meta property=\"og:image\" content=\"https:\/\/www.enzo-und-ferdinand.de\/wp-content\/uploads\/2025\/06\/296_WEC00002_1024x768.jpg\" \/>\n\t<meta property=\"og:image:width\" content=\"1500\" \/>\n\t<meta property=\"og:image:height\" content=\"1000\" \/>\n\t<meta property=\"og:image:type\" content=\"image\/jpeg\" \/>\n<meta name=\"author\" content=\"Rainer Ro\u00dfbach\" \/>\n<meta name=\"twitter:card\" content=\"summary_large_image\" \/>\n<meta name=\"twitter:label1\" content=\"Verfasst von\" \/>\n\t<meta name=\"twitter:data1\" content=\"Rainer Ro\u00dfbach\" \/>\n\t<meta name=\"twitter:label2\" content=\"Gesch\u00e4tzte Lesezeit\" \/>\n\t<meta name=\"twitter:data2\" content=\"2\u00a0Minuten\" \/>\n<script type=\"application\/ld+json\" class=\"yoast-schema-graph\">{\"@context\":\"https:\\\/\\\/schema.org\",\"@graph\":[{\"@type\":\"Article\",\"@id\":\"https:\\\/\\\/www.enzo-und-ferdinand.de\\\/index.php\\\/2025\\\/06\\\/17\\\/ferrari-296-speciale\\\/#article\",\"isPartOf\":{\"@id\":\"https:\\\/\\\/www.enzo-und-ferdinand.de\\\/index.php\\\/2025\\\/06\\\/17\\\/ferrari-296-speciale\\\/\"},\"author\":{\"name\":\"Rainer Ro\u00dfbach\",\"@id\":\"https:\\\/\\\/www.enzo-und-ferdinand.de\\\/#\\\/schema\\\/person\\\/aff2eb9ff87705987c1b9d21fe10b095\"},\"headline\":\"Ferrari 296 Speciale\",\"datePublished\":\"2025-06-17T05:25:52+00:00\",\"dateModified\":\"2025-07-08T04:41:36+00:00\",\"mainEntityOfPage\":{\"@id\":\"https:\\\/\\\/www.enzo-und-ferdinand.de\\\/index.php\\\/2025\\\/06\\\/17\\\/ferrari-296-speciale\\\/\"},\"wordCount\":320,\"publisher\":{\"@id\":\"https:\\\/\\\/www.enzo-und-ferdinand.de\\\/#organization\"},\"image\":{\"@id\":\"https:\\\/\\\/www.enzo-und-ferdinand.de\\\/index.php\\\/2025\\\/06\\\/17\\\/ferrari-296-speciale\\\/#primaryimage\"},\"thumbnailUrl\":\"https:\\\/\\\/www.enzo-und-ferdinand.de\\\/wp-content\\\/uploads\\\/2025\\\/06\\\/296_WEC00002_1024x768.jpg\",\"keywords\":[\"Ferrari\"],\"articleSection\":[\"Editionen\",\"Performance\",\"Rennsport\"],\"inLanguage\":\"de\"},{\"@type\":\"WebPage\",\"@id\":\"https:\\\/\\\/www.enzo-und-ferdinand.de\\\/index.php\\\/2025\\\/06\\\/17\\\/ferrari-296-speciale\\\/\",\"url\":\"https:\\\/\\\/www.enzo-und-ferdinand.de\\\/index.php\\\/2025\\\/06\\\/17\\\/ferrari-296-speciale\\\/\",\"name\":\"Ferrari 296 Speciale\",\"isPartOf\":{\"@id\":\"https:\\\/\\\/www.enzo-und-ferdinand.de\\\/#website\"},\"primaryImageOfPage\":{\"@id\":\"https:\\\/\\\/www.enzo-und-ferdinand.de\\\/index.php\\\/2025\\\/06\\\/17\\\/ferrari-296-speciale\\\/#primaryimage\"},\"image\":{\"@id\":\"https:\\\/\\\/www.enzo-und-ferdinand.de\\\/index.php\\\/2025\\\/06\\\/17\\\/ferrari-296-speciale\\\/#primaryimage\"},\"thumbnailUrl\":\"https:\\\/\\\/www.enzo-und-ferdinand.de\\\/wp-content\\\/uploads\\\/2025\\\/06\\\/296_WEC00002_1024x768.jpg\",\"datePublished\":\"2025-06-17T05:25:52+00:00\",\"dateModified\":\"2025-07-08T04:41:36+00:00\",\"description\":\"Rainer Ro\u00dfbach Rainer Rossbach enzo-und-ferdinand enzo&ferdinand Enzo Ferrari 296 Speciale Motorsport Ferrari 499P 24-Stunden-Rennens von Le Mans Hypercar Plug-in-Hybrid 120-Grad-Twin-Turbo-V6 DCT-Getriebe Splitter Diffusor Alcantara Rennsitze Karbon\",\"breadcrumb\":{\"@id\":\"https:\\\/\\\/www.enzo-und-ferdinand.de\\\/index.php\\\/2025\\\/06\\\/17\\\/ferrari-296-speciale\\\/#breadcrumb\"},\"inLanguage\":\"de\",\"potentialAction\":[{\"@type\":\"ReadAction\",\"target\":[\"https:\\\/\\\/www.enzo-und-ferdinand.de\\\/index.php\\\/2025\\\/06\\\/17\\\/ferrari-296-speciale\\\/\"]}]},{\"@type\":\"ImageObject\",\"inLanguage\":\"de\",\"@id\":\"https:\\\/\\\/www.enzo-und-ferdinand.de\\\/index.php\\\/2025\\\/06\\\/17\\\/ferrari-296-speciale\\\/#primaryimage\",\"url\":\"https:\\\/\\\/www.enzo-und-ferdinand.de\\\/wp-content\\\/uploads\\\/2025\\\/06\\\/296_WEC00002_1024x768.jpg\",\"contentUrl\":\"https:\\\/\\\/www.enzo-und-ferdinand.de\\\/wp-content\\\/uploads\\\/2025\\\/06\\\/296_WEC00002_1024x768.jpg\",\"width\":1500,\"height\":1000},{\"@type\":\"BreadcrumbList\",\"@id\":\"https:\\\/\\\/www.enzo-und-ferdinand.de\\\/index.php\\\/2025\\\/06\\\/17\\\/ferrari-296-speciale\\\/#breadcrumb\",\"itemListElement\":[{\"@type\":\"ListItem\",\"position\":1,\"name\":\"Startseite\",\"item\":\"https:\\\/\\\/www.enzo-und-ferdinand.de\\\/\"},{\"@type\":\"ListItem\",\"position\":2,\"name\":\"Ferrari 296 Speciale\"}]},{\"@type\":\"WebSite\",\"@id\":\"https:\\\/\\\/www.enzo-und-ferdinand.de\\\/#website\",\"url\":\"https:\\\/\\\/www.enzo-und-ferdinand.de\\\/\",\"name\":\"enzo & Ferdinand\",\"description\":\"\",\"publisher\":{\"@id\":\"https:\\\/\\\/www.enzo-und-ferdinand.de\\\/#organization\"},\"potentialAction\":[{\"@type\":\"SearchAction\",\"target\":{\"@type\":\"EntryPoint\",\"urlTemplate\":\"https:\\\/\\\/www.enzo-und-ferdinand.de\\\/?s={search_term_string}\"},\"query-input\":{\"@type\":\"PropertyValueSpecification\",\"valueRequired\":true,\"valueName\":\"search_term_string\"}}],\"inLanguage\":\"de\"},{\"@type\":\"Organization\",\"@id\":\"https:\\\/\\\/www.enzo-und-ferdinand.de\\\/#organization\",\"name\":\"enzo & Ferdinand\",\"url\":\"https:\\\/\\\/www.enzo-und-ferdinand.de\\\/\",\"logo\":{\"@type\":\"ImageObject\",\"inLanguage\":\"de\",\"@id\":\"https:\\\/\\\/www.enzo-und-ferdinand.de\\\/#\\\/schema\\\/logo\\\/image\\\/\",\"url\":\"https:\\\/\\\/www.enzo-und-ferdinand.de\\\/wp-content\\\/uploads\\\/2018\\\/12\\\/revvvs-icon.png\",\"contentUrl\":\"https:\\\/\\\/www.enzo-und-ferdinand.de\\\/wp-content\\\/uploads\\\/2018\\\/12\\\/revvvs-icon.png\",\"width\":512,\"height\":512,\"caption\":\"enzo & Ferdinand\"},\"image\":{\"@id\":\"https:\\\/\\\/www.enzo-und-ferdinand.de\\\/#\\\/schema\\\/logo\\\/image\\\/\"}},{\"@type\":\"Person\",\"@id\":\"https:\\\/\\\/www.enzo-und-ferdinand.de\\\/#\\\/schema\\\/person\\\/aff2eb9ff87705987c1b9d21fe10b095\",\"name\":\"Rainer Ro\u00dfbach\",\"image\":{\"@type\":\"ImageObject\",\"inLanguage\":\"de\",\"@id\":\"https:\\\/\\\/www.enzo-und-ferdinand.de\\\/wp-content\\\/uploads\\\/2026\\\/01\\\/Rainer-Rossbach-150x150.jpg\",\"url\":\"https:\\\/\\\/www.enzo-und-ferdinand.de\\\/wp-content\\\/uploads\\\/2026\\\/01\\\/Rainer-Rossbach-150x150.jpg\",\"contentUrl\":\"https:\\\/\\\/www.enzo-und-ferdinand.de\\\/wp-content\\\/uploads\\\/2026\\\/01\\\/Rainer-Rossbach-150x150.jpg\",\"caption\":\"Rainer Ro\u00dfbach\"},\"url\":\"https:\\\/\\\/www.enzo-und-ferdinand.de\\\/index.php\\\/author\\\/redaktion\\\/\"}]}<\/script>\n<!-- \/ Yoast SEO plugin. -->","yoast_head_json":{"title":"Ferrari 296 Speciale","description":"Rainer Ro\u00dfbach Rainer Rossbach enzo-und-ferdinand enzo&ferdinand Enzo Ferrari 296 Speciale Motorsport Ferrari 499P 24-Stunden-Rennens von Le Mans Hypercar Plug-in-Hybrid 120-Grad-Twin-Turbo-V6 DCT-Getriebe Splitter Diffusor Alcantara Rennsitze Karbon","robots":{"index":"index","follow":"follow","max-snippet":"max-snippet:-1","max-image-preview":"max-image-preview:large","max-video-preview":"max-video-preview:-1"},"canonical":"https:\/\/www.enzo-und-ferdinand.de\/index.php\/2025\/06\/17\/ferrari-296-speciale\/","og_locale":"de_DE","og_type":"article","og_title":"Ferrari 296 Speciale","og_description":"Rainer Ro\u00dfbach Rainer Rossbach enzo-und-ferdinand enzo&ferdinand Enzo Ferrari 296 Speciale Motorsport Ferrari 499P 24-Stunden-Rennens von Le Mans Hypercar Plug-in-Hybrid 120-Grad-Twin-Turbo-V6 DCT-Getriebe Splitter Diffusor Alcantara Rennsitze Karbon","og_url":"https:\/\/www.enzo-und-ferdinand.de\/index.php\/2025\/06\/17\/ferrari-296-speciale\/","og_site_name":"enzo &amp; Ferdinand","article_published_time":"2025-06-17T05:25:52+00:00","article_modified_time":"2025-07-08T04:41:36+00:00","og_image":[{"width":1500,"height":1000,"url":"https:\/\/www.enzo-und-ferdinand.de\/wp-content\/uploads\/2025\/06\/296_WEC00002_1024x768.jpg","type":"image\/jpeg"}],"author":"Rainer Ro\u00dfbach","twitter_card":"summary_large_image","twitter_misc":{"Verfasst von":"Rainer Ro\u00dfbach","Gesch\u00e4tzte Lesezeit":"2\u00a0Minuten"},"schema":{"@context":"https:\/\/schema.org","@graph":[{"@type":"Article","@id":"https:\/\/www.enzo-und-ferdinand.de\/index.php\/2025\/06\/17\/ferrari-296-speciale\/#article","isPartOf":{"@id":"https:\/\/www.enzo-und-ferdinand.de\/index.php\/2025\/06\/17\/ferrari-296-speciale\/"},"author":{"name":"Rainer Ro\u00dfbach","@id":"https:\/\/www.enzo-und-ferdinand.de\/#\/schema\/person\/aff2eb9ff87705987c1b9d21fe10b095"},"headline":"Ferrari 296 Speciale","datePublished":"2025-06-17T05:25:52+00:00","dateModified":"2025-07-08T04:41:36+00:00","mainEntityOfPage":{"@id":"https:\/\/www.enzo-und-ferdinand.de\/index.php\/2025\/06\/17\/ferrari-296-speciale\/"},"wordCount":320,"publisher":{"@id":"https:\/\/www.enzo-und-ferdinand.de\/#organization"},"image":{"@id":"https:\/\/www.enzo-und-ferdinand.de\/index.php\/2025\/06\/17\/ferrari-296-speciale\/#primaryimage"},"thumbnailUrl":"https:\/\/www.enzo-und-ferdinand.de\/wp-content\/uploads\/2025\/06\/296_WEC00002_1024x768.jpg","keywords":["Ferrari"],"articleSection":["Editionen","Performance","Rennsport"],"inLanguage":"de"},{"@type":"WebPage","@id":"https:\/\/www.enzo-und-ferdinand.de\/index.php\/2025\/06\/17\/ferrari-296-speciale\/","url":"https:\/\/www.enzo-und-ferdinand.de\/index.php\/2025\/06\/17\/ferrari-296-speciale\/","name":"Ferrari 296 Speciale","isPartOf":{"@id":"https:\/\/www.enzo-und-ferdinand.de\/#website"},"primaryImageOfPage":{"@id":"https:\/\/www.enzo-und-ferdinand.de\/index.php\/2025\/06\/17\/ferrari-296-speciale\/#primaryimage"},"image":{"@id":"https:\/\/www.enzo-und-ferdinand.de\/index.php\/2025\/06\/17\/ferrari-296-speciale\/#primaryimage"},"thumbnailUrl":"https:\/\/www.enzo-und-ferdinand.de\/wp-content\/uploads\/2025\/06\/296_WEC00002_1024x768.jpg","datePublished":"2025-06-17T05:25:52+00:00","dateModified":"2025-07-08T04:41:36+00:00","description":"Rainer Ro\u00dfbach Rainer Rossbach enzo-und-ferdinand enzo&ferdinand Enzo Ferrari 296 Speciale Motorsport Ferrari 499P 24-Stunden-Rennens von Le Mans Hypercar Plug-in-Hybrid 120-Grad-Twin-Turbo-V6 DCT-Getriebe Splitter Diffusor Alcantara Rennsitze Karbon","breadcrumb":{"@id":"https:\/\/www.enzo-und-ferdinand.de\/index.php\/2025\/06\/17\/ferrari-296-speciale\/#breadcrumb"},"inLanguage":"de","potentialAction":[{"@type":"ReadAction","target":["https:\/\/www.enzo-und-ferdinand.de\/index.php\/2025\/06\/17\/ferrari-296-speciale\/"]}]},{"@type":"ImageObject","inLanguage":"de","@id":"https:\/\/www.enzo-und-ferdinand.de\/index.php\/2025\/06\/17\/ferrari-296-speciale\/#primaryimage","url":"https:\/\/www.enzo-und-ferdinand.de\/wp-content\/uploads\/2025\/06\/296_WEC00002_1024x768.jpg","contentUrl":"https:\/\/www.enzo-und-ferdinand.de\/wp-content\/uploads\/2025\/06\/296_WEC00002_1024x768.jpg","width":1500,"height":1000},{"@type":"BreadcrumbList","@id":"https:\/\/www.enzo-und-ferdinand.de\/index.php\/2025\/06\/17\/ferrari-296-speciale\/#breadcrumb","itemListElement":[{"@type":"ListItem","position":1,"name":"Startseite","item":"https:\/\/www.enzo-und-ferdinand.de\/"},{"@type":"ListItem","position":2,"name":"Ferrari 296 Speciale"}]},{"@type":"WebSite","@id":"https:\/\/www.enzo-und-ferdinand.de\/#website","url":"https:\/\/www.enzo-und-ferdinand.de\/","name":"enzo & Ferdinand","description":"","publisher":{"@id":"https:\/\/www.enzo-und-ferdinand.de\/#organization"},"potentialAction":[{"@type":"SearchAction","target":{"@type":"EntryPoint","urlTemplate":"https:\/\/www.enzo-und-ferdinand.de\/?s={search_term_string}"},"query-input":{"@type":"PropertyValueSpecification","valueRequired":true,"valueName":"search_term_string"}}],"inLanguage":"de"},{"@type":"Organization","@id":"https:\/\/www.enzo-und-ferdinand.de\/#organization","name":"enzo & Ferdinand","url":"https:\/\/www.enzo-und-ferdinand.de\/","logo":{"@type":"ImageObject","inLanguage":"de","@id":"https:\/\/www.enzo-und-ferdinand.de\/#\/schema\/logo\/image\/","url":"https:\/\/www.enzo-und-ferdinand.de\/wp-content\/uploads\/2018\/12\/revvvs-icon.png","contentUrl":"https:\/\/www.enzo-und-ferdinand.de\/wp-content\/uploads\/2018\/12\/revvvs-icon.png","width":512,"height":512,"caption":"enzo & Ferdinand"},"image":{"@id":"https:\/\/www.enzo-und-ferdinand.de\/#\/schema\/logo\/image\/"}},{"@type":"Person","@id":"https:\/\/www.enzo-und-ferdinand.de\/#\/schema\/person\/aff2eb9ff87705987c1b9d21fe10b095","name":"Rainer Ro\u00dfbach","image":{"@type":"ImageObject","inLanguage":"de","@id":"https:\/\/www.enzo-und-ferdinand.de\/wp-content\/uploads\/2026\/01\/Rainer-Rossbach-150x150.jpg","url":"https:\/\/www.enzo-und-ferdinand.de\/wp-content\/uploads\/2026\/01\/Rainer-Rossbach-150x150.jpg","contentUrl":"https:\/\/www.enzo-und-ferdinand.de\/wp-content\/uploads\/2026\/01\/Rainer-Rossbach-150x150.jpg","caption":"Rainer Ro\u00dfbach"},"url":"https:\/\/www.enzo-und-ferdinand.de\/index.php\/author\/redaktion\/"}]}},"_links":{"self":[{"href":"https:\/\/www.enzo-und-ferdinand.de\/index.php\/wp-json\/wp\/v2\/posts\/20391","targetHints":{"allow":["GET"]}}],"collection":[{"href":"https:\/\/www.enzo-und-ferdinand.de\/index.php\/wp-json\/wp\/v2\/posts"}],"about":[{"href":"https:\/\/www.enzo-und-ferdinand.de\/index.php\/wp-json\/wp\/v2\/types\/post"}],"author":[{"embeddable":true,"href":"https:\/\/www.enzo-und-ferdinand.de\/index.php\/wp-json\/wp\/v2\/users\/1"}],"replies":[{"embeddable":true,"href":"https:\/\/www.enzo-und-ferdinand.de\/index.php\/wp-json\/wp\/v2\/comments?post=20391"}],"version-history":[{"count":3,"href":"https:\/\/www.enzo-und-ferdinand.de\/index.php\/wp-json\/wp\/v2\/posts\/20391\/revisions"}],"predecessor-version":[{"id":20546,"href":"https:\/\/www.enzo-und-ferdinand.de\/index.php\/wp-json\/wp\/v2\/posts\/20391\/revisions\/20546"}],"wp:featuredmedia":[{"embeddable":true,"href":"https:\/\/www.enzo-und-ferdinand.de\/index.php\/wp-json\/wp\/v2\/media\/20386"}],"wp:attachment":[{"href":"https:\/\/www.enzo-und-ferdinand.de\/index.php\/wp-json\/wp\/v2\/media?parent=20391"}],"wp:term":[{"taxonomy":"category","embeddable":true,"href":"https:\/\/www.enzo-und-ferdinand.de\/index.php\/wp-json\/wp\/v2\/categories?post=20391"},{"taxonomy":"post_tag","embeddable":true,"href":"https:\/\/www.enzo-und-ferdinand.de\/index.php\/wp-json\/wp\/v2\/tags?post=20391"}],"curies":[{"name":"wp","href":"https:\/\/api.w.org\/{rel}","templated":true}]}}