{"id":20423,"date":"2025-06-19T18:26:32","date_gmt":"2025-06-19T16:26:32","guid":{"rendered":"https:\/\/www.enzo-und-ferdinand.de\/?p=20423"},"modified":"2025-06-20T07:40:38","modified_gmt":"2025-06-20T05:40:38","slug":"belmot-oldtimer-grand-prix-2025","status":"publish","type":"post","link":"https:\/\/www.enzo-und-ferdinand.de\/index.php\/2025\/06\/19\/belmot-oldtimer-grand-prix-2025\/","title":{"rendered":"Belmot Oldtimer-Grand-Prix 2025"},"content":{"rendered":"\n<figure class=\"wp-block-image size-large\"><img loading=\"lazy\" decoding=\"async\" width=\"810\" height=\"540\" src=\"https:\/\/www.enzo-und-ferdinand.de\/wp-content\/uploads\/2025\/06\/Cistoric-Championship-CanAm-and-Sportscars-OGP2024_Foto-OGP-GruppeC-810x540.jpg\" alt=\"Oldtimer-Grand-Prix 2025\" class=\"wp-image-20420\" srcset=\"https:\/\/www.enzo-und-ferdinand.de\/wp-content\/uploads\/2025\/06\/Cistoric-Championship-CanAm-and-Sportscars-OGP2024_Foto-OGP-GruppeC-810x540.jpg 810w, https:\/\/www.enzo-und-ferdinand.de\/wp-content\/uploads\/2025\/06\/Cistoric-Championship-CanAm-and-Sportscars-OGP2024_Foto-OGP-GruppeC-300x200.jpg 300w, https:\/\/www.enzo-und-ferdinand.de\/wp-content\/uploads\/2025\/06\/Cistoric-Championship-CanAm-and-Sportscars-OGP2024_Foto-OGP-GruppeC-768x512.jpg 768w, https:\/\/www.enzo-und-ferdinand.de\/wp-content\/uploads\/2025\/06\/Cistoric-Championship-CanAm-and-Sportscars-OGP2024_Foto-OGP-GruppeC-120x80.jpg 120w, https:\/\/www.enzo-und-ferdinand.de\/wp-content\/uploads\/2025\/06\/Cistoric-Championship-CanAm-and-Sportscars-OGP2024_Foto-OGP-GruppeC.jpg 1500w\" sizes=\"auto, (max-width: 810px) 100vw, 810px\" \/><\/figure>\n\n\n\n<p class=\"wp-block-paragraph\">Am ersten August-Wochenende vom 1. bis zum 3. August 2025 k\u00f6nnen Klassik-Liebhaber beim traditionellen Oldtimer-Grand-Prix in diesem Jahr neben den bew\u00e4hrten Highlights auch die R\u00fcckkehr der Formel-1-Boliden genie\u00dfen. Die britischen \u201eMasters Racing Legends\u201c absolvieren am Ring zwei Meisterschaftsl\u00e4ufe, die in die Zeit der Cosworth-DFV-Motoren entf\u00fchren. Zwischen 1966 und 1985 lieferten in diesen Rennwagen Piloten wie Jackie Stewart, Emerson Fittipaldi oder Niki Lauda spektakul\u00e4re Rennen, und es konnten hier \u2013 wie die Organisatoren der Serie betonen \u2013 \u201ekreative Autodesigner Rennen gewinnen, lange bevor Windkan\u00e4le und Energy- Drinks erfunden wurden\u201c. F\u00fcr Motorsport-und Historic-Fans nicht minder emotional d\u00fcrfte au\u00dferdem die zweite Masters-Serie sein, die sich den Sportwagen-Legenden der Jahre 1982 bis 1993 widmet: Die erst seit diesem Jahr ausgetragene \u201eMasters Group C\u201c ist f\u00fcr Gruppe-C- und IMSA-Boliden ausgeschrieben: Porsche 962, Mazda 787B, Lancia LC2 oder Toyota 87C kehren hier auf die Strecke zur\u00fcck.<\/p>\n\n\n\n<p class=\"wp-block-paragraph\">Auch die Vorg\u00e4nger der Cosworth-Formel-1-\u00c4ra sind beim BELMOT Oldtimer-Grand-Prix dabei: Die britische HGPCA pr\u00e4sentiert ein Feld von Frontmotor-Monoposti, die in die Kindertage der seit 1950 ausgetragenen K\u00f6nigsklasse zur\u00fcckf\u00fchren. Maserati 250F, Ferrari 246 Dino und andere sind die automobilen Zeitzeugen dieser \u00c4ra. Die deutsche Formelgeschichte feiert im ADAC Graf Berghe von Trips Pokal ein Revival, der zum Beispiel die motorsportliche Heimat f\u00fcr Formel-3-Rennwagen der 70er und 80er ist.<\/p>\n\n\n\n<p class=\"wp-block-paragraph\">F\u00fcr Begeisterung sorgen bei vielen Besuchern die Rennen der Tourenwagenklassen, die die deutsche Motorsportvergangenheit in dieser Kategorie aufleben lassen. F\u00fcr volle Trib\u00fcnen sorgt etwa das DRM-Revial, bei dessen L\u00e4ufen die BMW M1 und 2002, die Ford Escort und Turbo-Capris, Porsche 935 und 911 f\u00fcr Action auf der Strecke sorgen. Ebenso beliebt sind die Tourenwagen der \u201eGolden \u00c4ra\u201c, bei denen es ein Wiedersehen mit vielen unvergessenen Fahrzeugen der wohl sch\u00f6nsten DTM-Jahre gibt. Und erstmals wird es ein f\u00fcr STW-Fahrzeuge reserviertes Rennen geben.&nbsp;<\/p>\n\n\n\n<p class=\"wp-block-paragraph\">Die sch\u00f6nsten Klassiker bilden den emotionalen H\u00f6hepunkt des Events Der H\u00f6hepunkt des Rennwochenendes ist f\u00fcr viele Besucher der Lauf der zweisitzigen Rennsportwagen und GT bis 1971 am Samstagabend. Was hier in der einbrechenden Abendd\u00e4mmerung zu erleben ist, war einst in Le Mans und bei anderen Langstrecken-\u00a0 Klassikern am Start. Das handverlesene Feld des Einladungsrennens ist ein Defilee der vielleicht sch\u00f6nsten je gebauten Rennsportfahrzeuge. Dazu z\u00e4hlen Aston Martin, Bizzarini, Elva, Ferrari, Jaguar, Lotus und Porsche. In weiteren Wettbewerben sind Tourenwagen, GT und Sportwagen sowie CanAm und Sportprototypen und erstmals auch wieder historische Motorr\u00e4der am Start.\u00a0<\/p>\n\n\n\n<p class=\"wp-block-paragraph\">Wer diese Zeitreise live erleben m\u00f6chte, kann sich sein Ticket im Onlineshop auf der Homepage unter <a href=\"https:\/\/oldtimergrandprix.com\/\" target=\"_blank\" rel=\"noreferrer noopener\">https:\/\/oldtimergrandprix.com\/<\/a> sichern.<\/p>\n\n\n\n<figure class=\"wp-block-image size-large\"><img loading=\"lazy\" decoding=\"async\" width=\"810\" height=\"549\" src=\"https:\/\/www.enzo-und-ferdinand.de\/wp-content\/uploads\/2025\/06\/TW-Goldene-Aera_OGP-2024_Foto-OGP-GruppeC-810x549.jpg\" alt=\"Oldtimer-Grand-Prix 2025\" class=\"wp-image-20422\" srcset=\"https:\/\/www.enzo-und-ferdinand.de\/wp-content\/uploads\/2025\/06\/TW-Goldene-Aera_OGP-2024_Foto-OGP-GruppeC-810x549.jpg 810w, https:\/\/www.enzo-und-ferdinand.de\/wp-content\/uploads\/2025\/06\/TW-Goldene-Aera_OGP-2024_Foto-OGP-GruppeC-300x203.jpg 300w, https:\/\/www.enzo-und-ferdinand.de\/wp-content\/uploads\/2025\/06\/TW-Goldene-Aera_OGP-2024_Foto-OGP-GruppeC-768x521.jpg 768w, https:\/\/www.enzo-und-ferdinand.de\/wp-content\/uploads\/2025\/06\/TW-Goldene-Aera_OGP-2024_Foto-OGP-GruppeC-120x80.jpg 120w, https:\/\/www.enzo-und-ferdinand.de\/wp-content\/uploads\/2025\/06\/TW-Goldene-Aera_OGP-2024_Foto-OGP-GruppeC.jpg 1500w\" sizes=\"auto, (max-width: 810px) 100vw, 810px\" \/><\/figure>\n\n\n\n<p class=\"has-text-align-right has-small-font-size wp-block-paragraph\">Fotos: AvD-Oldtimer-Grand-Prix\/Text: AvD-Oldtimer-Grand-Prix, rr<\/p>\n\n\n\n<p class=\"wp-block-paragraph\"><\/p>\n","protected":false},"excerpt":{"rendered":"<p>Am ersten August-Wochenende vom 1. bis zum 3. August 2025 k\u00f6nnen Klassik-Liebhaber beim traditionellen Oldtimer-Grand-Prix in diesem Jahr neben den bew\u00e4hrten Highlights auch die R\u00fcckkehr der Formel-1-Boliden genie\u00dfen. Die britischen \u201eMasters Racing Legends\u201c absolvieren am Ring zwei Meisterschaftsl\u00e4ufe, die in die Zeit der Cosworth-DFV-Motoren entf\u00fchren. Zwischen 1966 und 1985 lieferten in diesen Rennwagen Piloten wie Jackie Stewart, Emerson Fittipaldi oder Niki Lauda spektakul\u00e4re Rennen, und es konnten hier \u2013 wie die Organisatoren der Serie betonen \u2013 \u201ekreative Autodesigner Rennen gewinnen, lange bevor Windkan\u00e4le und Energy- Drinks erfunden wurden\u201c.<\/p>\n","protected":false},"author":1,"featured_media":20421,"comment_status":"closed","ping_status":"open","sticky":false,"template":"","format":"standard","meta":{"_crdt_document":"","ngg_post_thumbnail":0,"footnotes":""},"categories":[14,13,5],"tags":[],"class_list":["post-20423","post","type-post","status-publish","format-standard","has-post-thumbnail","hentry","category-events","category-ikonen","category-rennsport"],"yoast_head":"<!-- This site is optimized with the Yoast SEO plugin v27.5 - https:\/\/yoast.com\/product\/yoast-seo-wordpress\/ -->\n<title>Belmot Oldtimer-Grand-Prix 2025<\/title>\n<meta name=\"description\" content=\"Rainer Ro\u00dfbach Rainer Rossbach enzo-und-ferdinand enzo&amp;ferdinand Enzo BELMOT Oldtimer-Grand-Prix 2025 Zeitreise Formel 1 Gruppe C IMSA CanAm DRM DTM Tourenwagen, GT Formelfahrzeuge Masters Racing Legends Cosworth DFV Jackie Stewart Emerson Fittipaldi Niki Lauda Masters Group C Porsche 962 Mazda 787B Lancia LC2 Toyota 87C Frontmotor-Monoposti Maserati 250F Ferrari 246 Dino Graf Berghe von Trips Pokal Aston Martin Bizzarini Ferrari Jaguar Lotus Porsche\" \/>\n<meta name=\"robots\" content=\"index, follow, max-snippet:-1, max-image-preview:large, max-video-preview:-1\" \/>\n<link rel=\"canonical\" href=\"https:\/\/www.enzo-und-ferdinand.de\/index.php\/2025\/06\/19\/belmot-oldtimer-grand-prix-2025\/\" \/>\n<meta property=\"og:locale\" content=\"de_DE\" \/>\n<meta property=\"og:type\" content=\"article\" \/>\n<meta property=\"og:title\" content=\"Belmot Oldtimer-Grand-Prix 2025\" \/>\n<meta property=\"og:description\" content=\"Rainer Ro\u00dfbach Rainer Rossbach enzo-und-ferdinand enzo&amp;ferdinand Enzo BELMOT Oldtimer-Grand-Prix 2025 Zeitreise Formel 1 Gruppe C IMSA CanAm DRM DTM Tourenwagen, GT Formelfahrzeuge Masters Racing Legends Cosworth DFV Jackie Stewart Emerson Fittipaldi Niki Lauda Masters Group C Porsche 962 Mazda 787B Lancia LC2 Toyota 87C Frontmotor-Monoposti Maserati 250F Ferrari 246 Dino Graf Berghe von Trips Pokal Aston Martin Bizzarini Ferrari Jaguar Lotus Porsche\" \/>\n<meta property=\"og:url\" content=\"https:\/\/www.enzo-und-ferdinand.de\/index.php\/2025\/06\/19\/belmot-oldtimer-grand-prix-2025\/\" \/>\n<meta property=\"og:site_name\" content=\"enzo &amp; Ferdinand\" \/>\n<meta property=\"article:published_time\" content=\"2025-06-19T16:26:32+00:00\" \/>\n<meta property=\"article:modified_time\" content=\"2025-06-20T05:40:38+00:00\" \/>\n<meta property=\"og:image\" content=\"https:\/\/www.enzo-und-ferdinand.de\/wp-content\/uploads\/2025\/06\/Masters-Legends_OGP22_Foto-OGP-GruppeC.jpg\" \/>\n\t<meta property=\"og:image:width\" content=\"1500\" \/>\n\t<meta property=\"og:image:height\" content=\"1000\" \/>\n\t<meta property=\"og:image:type\" content=\"image\/jpeg\" \/>\n<meta name=\"author\" content=\"Rainer Ro\u00dfbach\" \/>\n<meta name=\"twitter:card\" content=\"summary_large_image\" \/>\n<meta name=\"twitter:label1\" content=\"Verfasst von\" \/>\n\t<meta name=\"twitter:data1\" content=\"Rainer Ro\u00dfbach\" \/>\n\t<meta name=\"twitter:label2\" content=\"Gesch\u00e4tzte Lesezeit\" \/>\n\t<meta name=\"twitter:data2\" content=\"2\u00a0Minuten\" \/>\n<script type=\"application\/ld+json\" class=\"yoast-schema-graph\">{\"@context\":\"https:\\\/\\\/schema.org\",\"@graph\":[{\"@type\":\"Article\",\"@id\":\"https:\\\/\\\/www.enzo-und-ferdinand.de\\\/index.php\\\/2025\\\/06\\\/19\\\/belmot-oldtimer-grand-prix-2025\\\/#article\",\"isPartOf\":{\"@id\":\"https:\\\/\\\/www.enzo-und-ferdinand.de\\\/index.php\\\/2025\\\/06\\\/19\\\/belmot-oldtimer-grand-prix-2025\\\/\"},\"author\":{\"name\":\"Rainer Ro\u00dfbach\",\"@id\":\"https:\\\/\\\/www.enzo-und-ferdinand.de\\\/#\\\/schema\\\/person\\\/aff2eb9ff87705987c1b9d21fe10b095\"},\"headline\":\"Belmot Oldtimer-Grand-Prix 2025\",\"datePublished\":\"2025-06-19T16:26:32+00:00\",\"dateModified\":\"2025-06-20T05:40:38+00:00\",\"mainEntityOfPage\":{\"@id\":\"https:\\\/\\\/www.enzo-und-ferdinand.de\\\/index.php\\\/2025\\\/06\\\/19\\\/belmot-oldtimer-grand-prix-2025\\\/\"},\"wordCount\":433,\"publisher\":{\"@id\":\"https:\\\/\\\/www.enzo-und-ferdinand.de\\\/#organization\"},\"image\":{\"@id\":\"https:\\\/\\\/www.enzo-und-ferdinand.de\\\/index.php\\\/2025\\\/06\\\/19\\\/belmot-oldtimer-grand-prix-2025\\\/#primaryimage\"},\"thumbnailUrl\":\"https:\\\/\\\/www.enzo-und-ferdinand.de\\\/wp-content\\\/uploads\\\/2025\\\/06\\\/Masters-Legends_OGP22_Foto-OGP-GruppeC.jpg\",\"articleSection\":[\"Events\",\"Ikonen\",\"Rennsport\"],\"inLanguage\":\"de\"},{\"@type\":\"WebPage\",\"@id\":\"https:\\\/\\\/www.enzo-und-ferdinand.de\\\/index.php\\\/2025\\\/06\\\/19\\\/belmot-oldtimer-grand-prix-2025\\\/\",\"url\":\"https:\\\/\\\/www.enzo-und-ferdinand.de\\\/index.php\\\/2025\\\/06\\\/19\\\/belmot-oldtimer-grand-prix-2025\\\/\",\"name\":\"Belmot Oldtimer-Grand-Prix 2025\",\"isPartOf\":{\"@id\":\"https:\\\/\\\/www.enzo-und-ferdinand.de\\\/#website\"},\"primaryImageOfPage\":{\"@id\":\"https:\\\/\\\/www.enzo-und-ferdinand.de\\\/index.php\\\/2025\\\/06\\\/19\\\/belmot-oldtimer-grand-prix-2025\\\/#primaryimage\"},\"image\":{\"@id\":\"https:\\\/\\\/www.enzo-und-ferdinand.de\\\/index.php\\\/2025\\\/06\\\/19\\\/belmot-oldtimer-grand-prix-2025\\\/#primaryimage\"},\"thumbnailUrl\":\"https:\\\/\\\/www.enzo-und-ferdinand.de\\\/wp-content\\\/uploads\\\/2025\\\/06\\\/Masters-Legends_OGP22_Foto-OGP-GruppeC.jpg\",\"datePublished\":\"2025-06-19T16:26:32+00:00\",\"dateModified\":\"2025-06-20T05:40:38+00:00\",\"description\":\"Rainer Ro\u00dfbach Rainer Rossbach enzo-und-ferdinand enzo&ferdinand Enzo BELMOT Oldtimer-Grand-Prix 2025 Zeitreise Formel 1 Gruppe C IMSA CanAm DRM DTM Tourenwagen, GT Formelfahrzeuge Masters Racing Legends Cosworth DFV Jackie Stewart Emerson Fittipaldi Niki Lauda Masters Group C Porsche 962 Mazda 787B Lancia LC2 Toyota 87C Frontmotor-Monoposti Maserati 250F Ferrari 246 Dino Graf Berghe von Trips Pokal Aston Martin Bizzarini Ferrari Jaguar Lotus Porsche\",\"breadcrumb\":{\"@id\":\"https:\\\/\\\/www.enzo-und-ferdinand.de\\\/index.php\\\/2025\\\/06\\\/19\\\/belmot-oldtimer-grand-prix-2025\\\/#breadcrumb\"},\"inLanguage\":\"de\",\"potentialAction\":[{\"@type\":\"ReadAction\",\"target\":[\"https:\\\/\\\/www.enzo-und-ferdinand.de\\\/index.php\\\/2025\\\/06\\\/19\\\/belmot-oldtimer-grand-prix-2025\\\/\"]}]},{\"@type\":\"ImageObject\",\"inLanguage\":\"de\",\"@id\":\"https:\\\/\\\/www.enzo-und-ferdinand.de\\\/index.php\\\/2025\\\/06\\\/19\\\/belmot-oldtimer-grand-prix-2025\\\/#primaryimage\",\"url\":\"https:\\\/\\\/www.enzo-und-ferdinand.de\\\/wp-content\\\/uploads\\\/2025\\\/06\\\/Masters-Legends_OGP22_Foto-OGP-GruppeC.jpg\",\"contentUrl\":\"https:\\\/\\\/www.enzo-und-ferdinand.de\\\/wp-content\\\/uploads\\\/2025\\\/06\\\/Masters-Legends_OGP22_Foto-OGP-GruppeC.jpg\",\"width\":1500,\"height\":1000,\"caption\":\"Oldtimer-Grand-Prix 2025\"},{\"@type\":\"BreadcrumbList\",\"@id\":\"https:\\\/\\\/www.enzo-und-ferdinand.de\\\/index.php\\\/2025\\\/06\\\/19\\\/belmot-oldtimer-grand-prix-2025\\\/#breadcrumb\",\"itemListElement\":[{\"@type\":\"ListItem\",\"position\":1,\"name\":\"Startseite\",\"item\":\"https:\\\/\\\/www.enzo-und-ferdinand.de\\\/\"},{\"@type\":\"ListItem\",\"position\":2,\"name\":\"Belmot Oldtimer-Grand-Prix 2025\"}]},{\"@type\":\"WebSite\",\"@id\":\"https:\\\/\\\/www.enzo-und-ferdinand.de\\\/#website\",\"url\":\"https:\\\/\\\/www.enzo-und-ferdinand.de\\\/\",\"name\":\"enzo & Ferdinand\",\"description\":\"\",\"publisher\":{\"@id\":\"https:\\\/\\\/www.enzo-und-ferdinand.de\\\/#organization\"},\"potentialAction\":[{\"@type\":\"SearchAction\",\"target\":{\"@type\":\"EntryPoint\",\"urlTemplate\":\"https:\\\/\\\/www.enzo-und-ferdinand.de\\\/?s={search_term_string}\"},\"query-input\":{\"@type\":\"PropertyValueSpecification\",\"valueRequired\":true,\"valueName\":\"search_term_string\"}}],\"inLanguage\":\"de\"},{\"@type\":\"Organization\",\"@id\":\"https:\\\/\\\/www.enzo-und-ferdinand.de\\\/#organization\",\"name\":\"enzo & Ferdinand\",\"url\":\"https:\\\/\\\/www.enzo-und-ferdinand.de\\\/\",\"logo\":{\"@type\":\"ImageObject\",\"inLanguage\":\"de\",\"@id\":\"https:\\\/\\\/www.enzo-und-ferdinand.de\\\/#\\\/schema\\\/logo\\\/image\\\/\",\"url\":\"https:\\\/\\\/www.enzo-und-ferdinand.de\\\/wp-content\\\/uploads\\\/2018\\\/12\\\/revvvs-icon.png\",\"contentUrl\":\"https:\\\/\\\/www.enzo-und-ferdinand.de\\\/wp-content\\\/uploads\\\/2018\\\/12\\\/revvvs-icon.png\",\"width\":512,\"height\":512,\"caption\":\"enzo & Ferdinand\"},\"image\":{\"@id\":\"https:\\\/\\\/www.enzo-und-ferdinand.de\\\/#\\\/schema\\\/logo\\\/image\\\/\"}},{\"@type\":\"Person\",\"@id\":\"https:\\\/\\\/www.enzo-und-ferdinand.de\\\/#\\\/schema\\\/person\\\/aff2eb9ff87705987c1b9d21fe10b095\",\"name\":\"Rainer Ro\u00dfbach\",\"image\":{\"@type\":\"ImageObject\",\"inLanguage\":\"de\",\"@id\":\"https:\\\/\\\/www.enzo-und-ferdinand.de\\\/wp-content\\\/uploads\\\/2026\\\/01\\\/Rainer-Rossbach-150x150.jpg\",\"url\":\"https:\\\/\\\/www.enzo-und-ferdinand.de\\\/wp-content\\\/uploads\\\/2026\\\/01\\\/Rainer-Rossbach-150x150.jpg\",\"contentUrl\":\"https:\\\/\\\/www.enzo-und-ferdinand.de\\\/wp-content\\\/uploads\\\/2026\\\/01\\\/Rainer-Rossbach-150x150.jpg\",\"caption\":\"Rainer Ro\u00dfbach\"},\"url\":\"https:\\\/\\\/www.enzo-und-ferdinand.de\\\/index.php\\\/author\\\/redaktion\\\/\"}]}<\/script>\n<!-- \/ Yoast SEO plugin. -->","yoast_head_json":{"title":"Belmot Oldtimer-Grand-Prix 2025","description":"Rainer Ro\u00dfbach Rainer Rossbach enzo-und-ferdinand enzo&ferdinand Enzo BELMOT Oldtimer-Grand-Prix 2025 Zeitreise Formel 1 Gruppe C IMSA CanAm DRM DTM Tourenwagen, GT Formelfahrzeuge Masters Racing Legends Cosworth DFV Jackie Stewart Emerson Fittipaldi Niki Lauda Masters Group C Porsche 962 Mazda 787B Lancia LC2 Toyota 87C Frontmotor-Monoposti Maserati 250F Ferrari 246 Dino Graf Berghe von Trips Pokal Aston Martin Bizzarini Ferrari Jaguar Lotus Porsche","robots":{"index":"index","follow":"follow","max-snippet":"max-snippet:-1","max-image-preview":"max-image-preview:large","max-video-preview":"max-video-preview:-1"},"canonical":"https:\/\/www.enzo-und-ferdinand.de\/index.php\/2025\/06\/19\/belmot-oldtimer-grand-prix-2025\/","og_locale":"de_DE","og_type":"article","og_title":"Belmot Oldtimer-Grand-Prix 2025","og_description":"Rainer Ro\u00dfbach Rainer Rossbach enzo-und-ferdinand enzo&ferdinand Enzo BELMOT Oldtimer-Grand-Prix 2025 Zeitreise Formel 1 Gruppe C IMSA CanAm DRM DTM Tourenwagen, GT Formelfahrzeuge Masters Racing Legends Cosworth DFV Jackie Stewart Emerson Fittipaldi Niki Lauda Masters Group C Porsche 962 Mazda 787B Lancia LC2 Toyota 87C Frontmotor-Monoposti Maserati 250F Ferrari 246 Dino Graf Berghe von Trips Pokal Aston Martin Bizzarini Ferrari Jaguar Lotus Porsche","og_url":"https:\/\/www.enzo-und-ferdinand.de\/index.php\/2025\/06\/19\/belmot-oldtimer-grand-prix-2025\/","og_site_name":"enzo &amp; Ferdinand","article_published_time":"2025-06-19T16:26:32+00:00","article_modified_time":"2025-06-20T05:40:38+00:00","og_image":[{"width":1500,"height":1000,"url":"https:\/\/www.enzo-und-ferdinand.de\/wp-content\/uploads\/2025\/06\/Masters-Legends_OGP22_Foto-OGP-GruppeC.jpg","type":"image\/jpeg"}],"author":"Rainer Ro\u00dfbach","twitter_card":"summary_large_image","twitter_misc":{"Verfasst von":"Rainer Ro\u00dfbach","Gesch\u00e4tzte Lesezeit":"2\u00a0Minuten"},"schema":{"@context":"https:\/\/schema.org","@graph":[{"@type":"Article","@id":"https:\/\/www.enzo-und-ferdinand.de\/index.php\/2025\/06\/19\/belmot-oldtimer-grand-prix-2025\/#article","isPartOf":{"@id":"https:\/\/www.enzo-und-ferdinand.de\/index.php\/2025\/06\/19\/belmot-oldtimer-grand-prix-2025\/"},"author":{"name":"Rainer Ro\u00dfbach","@id":"https:\/\/www.enzo-und-ferdinand.de\/#\/schema\/person\/aff2eb9ff87705987c1b9d21fe10b095"},"headline":"Belmot Oldtimer-Grand-Prix 2025","datePublished":"2025-06-19T16:26:32+00:00","dateModified":"2025-06-20T05:40:38+00:00","mainEntityOfPage":{"@id":"https:\/\/www.enzo-und-ferdinand.de\/index.php\/2025\/06\/19\/belmot-oldtimer-grand-prix-2025\/"},"wordCount":433,"publisher":{"@id":"https:\/\/www.enzo-und-ferdinand.de\/#organization"},"image":{"@id":"https:\/\/www.enzo-und-ferdinand.de\/index.php\/2025\/06\/19\/belmot-oldtimer-grand-prix-2025\/#primaryimage"},"thumbnailUrl":"https:\/\/www.enzo-und-ferdinand.de\/wp-content\/uploads\/2025\/06\/Masters-Legends_OGP22_Foto-OGP-GruppeC.jpg","articleSection":["Events","Ikonen","Rennsport"],"inLanguage":"de"},{"@type":"WebPage","@id":"https:\/\/www.enzo-und-ferdinand.de\/index.php\/2025\/06\/19\/belmot-oldtimer-grand-prix-2025\/","url":"https:\/\/www.enzo-und-ferdinand.de\/index.php\/2025\/06\/19\/belmot-oldtimer-grand-prix-2025\/","name":"Belmot Oldtimer-Grand-Prix 2025","isPartOf":{"@id":"https:\/\/www.enzo-und-ferdinand.de\/#website"},"primaryImageOfPage":{"@id":"https:\/\/www.enzo-und-ferdinand.de\/index.php\/2025\/06\/19\/belmot-oldtimer-grand-prix-2025\/#primaryimage"},"image":{"@id":"https:\/\/www.enzo-und-ferdinand.de\/index.php\/2025\/06\/19\/belmot-oldtimer-grand-prix-2025\/#primaryimage"},"thumbnailUrl":"https:\/\/www.enzo-und-ferdinand.de\/wp-content\/uploads\/2025\/06\/Masters-Legends_OGP22_Foto-OGP-GruppeC.jpg","datePublished":"2025-06-19T16:26:32+00:00","dateModified":"2025-06-20T05:40:38+00:00","description":"Rainer Ro\u00dfbach Rainer Rossbach enzo-und-ferdinand enzo&ferdinand Enzo BELMOT Oldtimer-Grand-Prix 2025 Zeitreise Formel 1 Gruppe C IMSA CanAm DRM DTM Tourenwagen, GT Formelfahrzeuge Masters Racing Legends Cosworth DFV Jackie Stewart Emerson Fittipaldi Niki Lauda Masters Group C Porsche 962 Mazda 787B Lancia LC2 Toyota 87C Frontmotor-Monoposti Maserati 250F Ferrari 246 Dino Graf Berghe von Trips Pokal Aston Martin Bizzarini Ferrari Jaguar Lotus Porsche","breadcrumb":{"@id":"https:\/\/www.enzo-und-ferdinand.de\/index.php\/2025\/06\/19\/belmot-oldtimer-grand-prix-2025\/#breadcrumb"},"inLanguage":"de","potentialAction":[{"@type":"ReadAction","target":["https:\/\/www.enzo-und-ferdinand.de\/index.php\/2025\/06\/19\/belmot-oldtimer-grand-prix-2025\/"]}]},{"@type":"ImageObject","inLanguage":"de","@id":"https:\/\/www.enzo-und-ferdinand.de\/index.php\/2025\/06\/19\/belmot-oldtimer-grand-prix-2025\/#primaryimage","url":"https:\/\/www.enzo-und-ferdinand.de\/wp-content\/uploads\/2025\/06\/Masters-Legends_OGP22_Foto-OGP-GruppeC.jpg","contentUrl":"https:\/\/www.enzo-und-ferdinand.de\/wp-content\/uploads\/2025\/06\/Masters-Legends_OGP22_Foto-OGP-GruppeC.jpg","width":1500,"height":1000,"caption":"Oldtimer-Grand-Prix 2025"},{"@type":"BreadcrumbList","@id":"https:\/\/www.enzo-und-ferdinand.de\/index.php\/2025\/06\/19\/belmot-oldtimer-grand-prix-2025\/#breadcrumb","itemListElement":[{"@type":"ListItem","position":1,"name":"Startseite","item":"https:\/\/www.enzo-und-ferdinand.de\/"},{"@type":"ListItem","position":2,"name":"Belmot Oldtimer-Grand-Prix 2025"}]},{"@type":"WebSite","@id":"https:\/\/www.enzo-und-ferdinand.de\/#website","url":"https:\/\/www.enzo-und-ferdinand.de\/","name":"enzo & Ferdinand","description":"","publisher":{"@id":"https:\/\/www.enzo-und-ferdinand.de\/#organization"},"potentialAction":[{"@type":"SearchAction","target":{"@type":"EntryPoint","urlTemplate":"https:\/\/www.enzo-und-ferdinand.de\/?s={search_term_string}"},"query-input":{"@type":"PropertyValueSpecification","valueRequired":true,"valueName":"search_term_string"}}],"inLanguage":"de"},{"@type":"Organization","@id":"https:\/\/www.enzo-und-ferdinand.de\/#organization","name":"enzo & Ferdinand","url":"https:\/\/www.enzo-und-ferdinand.de\/","logo":{"@type":"ImageObject","inLanguage":"de","@id":"https:\/\/www.enzo-und-ferdinand.de\/#\/schema\/logo\/image\/","url":"https:\/\/www.enzo-und-ferdinand.de\/wp-content\/uploads\/2018\/12\/revvvs-icon.png","contentUrl":"https:\/\/www.enzo-und-ferdinand.de\/wp-content\/uploads\/2018\/12\/revvvs-icon.png","width":512,"height":512,"caption":"enzo & Ferdinand"},"image":{"@id":"https:\/\/www.enzo-und-ferdinand.de\/#\/schema\/logo\/image\/"}},{"@type":"Person","@id":"https:\/\/www.enzo-und-ferdinand.de\/#\/schema\/person\/aff2eb9ff87705987c1b9d21fe10b095","name":"Rainer Ro\u00dfbach","image":{"@type":"ImageObject","inLanguage":"de","@id":"https:\/\/www.enzo-und-ferdinand.de\/wp-content\/uploads\/2026\/01\/Rainer-Rossbach-150x150.jpg","url":"https:\/\/www.enzo-und-ferdinand.de\/wp-content\/uploads\/2026\/01\/Rainer-Rossbach-150x150.jpg","contentUrl":"https:\/\/www.enzo-und-ferdinand.de\/wp-content\/uploads\/2026\/01\/Rainer-Rossbach-150x150.jpg","caption":"Rainer Ro\u00dfbach"},"url":"https:\/\/www.enzo-und-ferdinand.de\/index.php\/author\/redaktion\/"}]}},"_links":{"self":[{"href":"https:\/\/www.enzo-und-ferdinand.de\/index.php\/wp-json\/wp\/v2\/posts\/20423","targetHints":{"allow":["GET"]}}],"collection":[{"href":"https:\/\/www.enzo-und-ferdinand.de\/index.php\/wp-json\/wp\/v2\/posts"}],"about":[{"href":"https:\/\/www.enzo-und-ferdinand.de\/index.php\/wp-json\/wp\/v2\/types\/post"}],"author":[{"embeddable":true,"href":"https:\/\/www.enzo-und-ferdinand.de\/index.php\/wp-json\/wp\/v2\/users\/1"}],"replies":[{"embeddable":true,"href":"https:\/\/www.enzo-und-ferdinand.de\/index.php\/wp-json\/wp\/v2\/comments?post=20423"}],"version-history":[{"count":2,"href":"https:\/\/www.enzo-und-ferdinand.de\/index.php\/wp-json\/wp\/v2\/posts\/20423\/revisions"}],"predecessor-version":[{"id":20425,"href":"https:\/\/www.enzo-und-ferdinand.de\/index.php\/wp-json\/wp\/v2\/posts\/20423\/revisions\/20425"}],"wp:featuredmedia":[{"embeddable":true,"href":"https:\/\/www.enzo-und-ferdinand.de\/index.php\/wp-json\/wp\/v2\/media\/20421"}],"wp:attachment":[{"href":"https:\/\/www.enzo-und-ferdinand.de\/index.php\/wp-json\/wp\/v2\/media?parent=20423"}],"wp:term":[{"taxonomy":"category","embeddable":true,"href":"https:\/\/www.enzo-und-ferdinand.de\/index.php\/wp-json\/wp\/v2\/categories?post=20423"},{"taxonomy":"post_tag","embeddable":true,"href":"https:\/\/www.enzo-und-ferdinand.de\/index.php\/wp-json\/wp\/v2\/tags?post=20423"}],"curies":[{"name":"wp","href":"https:\/\/api.w.org\/{rel}","templated":true}]}}