{"id":20487,"date":"2025-07-01T08:39:34","date_gmt":"2025-07-01T06:39:34","guid":{"rendered":"https:\/\/www.enzo-und-ferdinand.de\/?p=20487"},"modified":"2026-03-26T13:10:13","modified_gmt":"2026-03-26T12:10:13","slug":"bmw-m3-gt2-art-car-jeff-koons","status":"publish","type":"post","link":"https:\/\/www.enzo-und-ferdinand.de\/index.php\/2025\/07\/01\/bmw-m3-gt2-art-car-jeff-koons\/","title":{"rendered":"BMW M3 GT2 Art Car \u201eJeff Koons\u201c"},"content":{"rendered":"\n<figure class=\"wp-block-image size-large\"><img loading=\"lazy\" decoding=\"async\" width=\"810\" height=\"537\" src=\"https:\/\/www.enzo-und-ferdinand.de\/wp-content\/uploads\/2025\/07\/BMW-M3-GT2-Koons-2-810x537.jpg\" alt=\"\" class=\"wp-image-20494\" srcset=\"https:\/\/www.enzo-und-ferdinand.de\/wp-content\/uploads\/2025\/07\/BMW-M3-GT2-Koons-2-810x537.jpg 810w, https:\/\/www.enzo-und-ferdinand.de\/wp-content\/uploads\/2025\/07\/BMW-M3-GT2-Koons-2-300x199.jpg 300w, https:\/\/www.enzo-und-ferdinand.de\/wp-content\/uploads\/2025\/07\/BMW-M3-GT2-Koons-2-768x509.jpg 768w, https:\/\/www.enzo-und-ferdinand.de\/wp-content\/uploads\/2025\/07\/BMW-M3-GT2-Koons-2-120x80.jpg 120w, https:\/\/www.enzo-und-ferdinand.de\/wp-content\/uploads\/2025\/07\/BMW-M3-GT2-Koons-2.jpg 1500w\" sizes=\"auto, (max-width: 810px) 100vw, 810px\" \/><\/figure>\n\n\n\n<p class=\"wp-block-paragraph\">Seit der Ank\u00fcndigung am 2. Februar 2010 stand fest, dass der amerikanische K\u00fcnstler Jeff Koons das 17. Art Car f\u00fcr die Teilnahme an den 24 Stunden von Le Mans 2010 gestalten wird. Der K\u00fcnstler reiste zu diesem Zweck mehrmals nach Deutschland, um mit den Designern und Ingenieuren von BMW Material- und Anwendungsoptionen, die einen wesentlichen Einfluss auf die Optimierung der \u00e4sthetischen und aerodynamischen Merkmale des Rennwagens haben, einer gr\u00fcndlichen Pr\u00fcfung zu unterziehen. Durch die Arbeit mit dreidimensionalen CAD-Modellen des BMW M3 GT2 konnte Koons die Grafiken auf die Oberfl\u00e4chen des Autos projizieren und aus allen Blickrichtungen pr\u00fcfen. Unter der direkten Leitung und Aufsicht von Koons wurde sein BMW Art Car mit Hilfe eines Teams von BMW Ingenieuren und Designern bei Schmid Design, nahe M\u00fcnchen produziert.&nbsp;<\/p>\n\n\n\n<figure class=\"wp-block-image size-large is-resized\"><img loading=\"lazy\" decoding=\"async\" width=\"810\" height=\"536\" src=\"https:\/\/www.enzo-und-ferdinand.de\/wp-content\/uploads\/2025\/07\/BMW-M3-GT2-Koons-5-810x536.jpg\" alt=\"\" class=\"wp-image-20490\" style=\"width:810px;height:auto\" srcset=\"https:\/\/www.enzo-und-ferdinand.de\/wp-content\/uploads\/2025\/07\/BMW-M3-GT2-Koons-5-810x536.jpg 810w, https:\/\/www.enzo-und-ferdinand.de\/wp-content\/uploads\/2025\/07\/BMW-M3-GT2-Koons-5-300x199.jpg 300w, https:\/\/www.enzo-und-ferdinand.de\/wp-content\/uploads\/2025\/07\/BMW-M3-GT2-Koons-5-768x508.jpg 768w, https:\/\/www.enzo-und-ferdinand.de\/wp-content\/uploads\/2025\/07\/BMW-M3-GT2-Koons-5-120x80.jpg 120w, https:\/\/www.enzo-und-ferdinand.de\/wp-content\/uploads\/2025\/07\/BMW-M3-GT2-Koons-5.jpg 1500w\" sizes=\"auto, (max-width: 810px) 100vw, 810px\" \/><\/figure>\n\n\n\n<p class=\"wp-block-paragraph\">Die Herausforderung bei der Herstellung des BMW Art Cars lag in der Verwendung eines leichten Materials und eines Designs, das die Aerodynamik und das Gewicht des Rennwagens nicht negativ beeinflusst. Auch die Zeitplanung war ein wichtiges Thema, da zwischen den ersten Designskizzen und der Weltpremiere&nbsp; nur zwei Monate lagen. Aus diesem Grund wurde entschieden, Digitaldruck auf Vinyl zu verwenden. Anschlie\u00dfend wurde eine doppelte Klarlackschicht aufgetragen, um die Farben zur Geltung zu bringen. Um Koons\u2018 Design, das aus Hunderten von dynamischen Linien besteht, auf das Auto zu \u00fcbertragen, wurden f\u00fcr den Druckprozess CAD-Designs von 3D in 2D \u00fcbersetzt und anschlie\u00dfend in penibler Detailarbeit auf das gesamte Auto sowie auf einzelne Ersatzteile aufgetragen. Das Design von Koons ist von vielen hellen Kontrastfarben gepr\u00e4gt, um der kraftvollen \u00c4sthetik Ausdruck zu verleihen.&nbsp; An den hinteren Seitenteilen und auf der R\u00fcckseite des Autos befinden sich explosionsartige Grafiken, die die Kraft des Autos widerspiegeln sollen. Die zwei grafischen Ringe auf der R\u00fcckseite des Autos sind Ausdruck f\u00fcr die rasante Beschleunigung. Das 17. BMW Art Cars wurde von Jeff Koons am 1. Juni 2010 im Pariser Centre Pompidou enth\u00fcllt und signiert.&nbsp;<\/p>\n\n\n\n<figure class=\"wp-block-gallery has-nested-images columns-2 is-cropped wp-block-gallery-1 is-layout-flex wp-block-gallery-is-layout-flex\">\n<figure class=\"wp-block-image size-large\"><img loading=\"lazy\" decoding=\"async\" width=\"810\" height=\"536\" data-id=\"20492\" src=\"https:\/\/www.enzo-und-ferdinand.de\/wp-content\/uploads\/2025\/07\/BMW-M3-GT2-Koons-3-810x536.jpg\" alt=\"\" class=\"wp-image-20492\" srcset=\"https:\/\/www.enzo-und-ferdinand.de\/wp-content\/uploads\/2025\/07\/BMW-M3-GT2-Koons-3-810x536.jpg 810w, https:\/\/www.enzo-und-ferdinand.de\/wp-content\/uploads\/2025\/07\/BMW-M3-GT2-Koons-3-300x199.jpg 300w, https:\/\/www.enzo-und-ferdinand.de\/wp-content\/uploads\/2025\/07\/BMW-M3-GT2-Koons-3-768x508.jpg 768w, https:\/\/www.enzo-und-ferdinand.de\/wp-content\/uploads\/2025\/07\/BMW-M3-GT2-Koons-3-120x80.jpg 120w, https:\/\/www.enzo-und-ferdinand.de\/wp-content\/uploads\/2025\/07\/BMW-M3-GT2-Koons-3.jpg 1500w\" sizes=\"auto, (max-width: 810px) 100vw, 810px\" \/><\/figure>\n\n\n\n<figure class=\"wp-block-image size-large\"><img loading=\"lazy\" decoding=\"async\" width=\"810\" height=\"537\" data-id=\"20489\" src=\"https:\/\/www.enzo-und-ferdinand.de\/wp-content\/uploads\/2025\/07\/BMW-M3-GT2-Koons-4-810x537.jpg\" alt=\"\" class=\"wp-image-20489\" srcset=\"https:\/\/www.enzo-und-ferdinand.de\/wp-content\/uploads\/2025\/07\/BMW-M3-GT2-Koons-4-810x537.jpg 810w, https:\/\/www.enzo-und-ferdinand.de\/wp-content\/uploads\/2025\/07\/BMW-M3-GT2-Koons-4-300x199.jpg 300w, https:\/\/www.enzo-und-ferdinand.de\/wp-content\/uploads\/2025\/07\/BMW-M3-GT2-Koons-4-768x509.jpg 768w, https:\/\/www.enzo-und-ferdinand.de\/wp-content\/uploads\/2025\/07\/BMW-M3-GT2-Koons-4-120x80.jpg 120w, https:\/\/www.enzo-und-ferdinand.de\/wp-content\/uploads\/2025\/07\/BMW-M3-GT2-Koons-4.jpg 1411w\" sizes=\"auto, (max-width: 810px) 100vw, 810px\" \/><\/figure>\n\n\n\n<figure class=\"wp-block-image size-large\"><img loading=\"lazy\" decoding=\"async\" width=\"810\" height=\"537\" data-id=\"20493\" src=\"https:\/\/www.enzo-und-ferdinand.de\/wp-content\/uploads\/2025\/07\/BMW-M3-GT2-Koons-6-810x537.jpg\" alt=\"\" class=\"wp-image-20493\" srcset=\"https:\/\/www.enzo-und-ferdinand.de\/wp-content\/uploads\/2025\/07\/BMW-M3-GT2-Koons-6-810x537.jpg 810w, https:\/\/www.enzo-und-ferdinand.de\/wp-content\/uploads\/2025\/07\/BMW-M3-GT2-Koons-6-300x199.jpg 300w, https:\/\/www.enzo-und-ferdinand.de\/wp-content\/uploads\/2025\/07\/BMW-M3-GT2-Koons-6-768x509.jpg 768w, https:\/\/www.enzo-und-ferdinand.de\/wp-content\/uploads\/2025\/07\/BMW-M3-GT2-Koons-6-120x80.jpg 120w, https:\/\/www.enzo-und-ferdinand.de\/wp-content\/uploads\/2025\/07\/BMW-M3-GT2-Koons-6.jpg 1500w\" sizes=\"auto, (max-width: 810px) 100vw, 810px\" \/><\/figure>\n<\/figure>\n\n\n\n<p class=\"has-text-align-right has-small-font-size wp-block-paragraph\">Fotos\/Text: Rainer Rossbach<\/p>\n","protected":false},"excerpt":{"rendered":"<p>Seit der Ank\u00fcndigung am 2. Februar 2010 stand fest, dass der amerikanische K\u00fcnstler Jeff Koons das 17. Art Car f\u00fcr die Teilnahme an den 24 Stunden von Le Mans 2010 gestalten wird. Der K\u00fcnstler reiste zu diesem Zweck mehrmals nach Deutschland, um mit den Designern und Ingenieuren von BMW Material- und Anwendungsoptionen, die einen wesentlichen Einfluss auf die Optimierung der \u00e4sthetischen und aerodynamischen Merkmale des Rennwagens haben, einer gr\u00fcndlichen Pr\u00fcfung zu unterziehen. Durch die Arbeit mit dreidimensionalen CAD-Modellen des BMW M3 GT2 konnte Koons die Grafiken auf die Oberfl\u00e4chen des Autos projizieren und aus allen Blickrichtungen pr\u00fcfen. Unter der direkten Leitung und Aufsicht von Koons wurde sein BMW Art Car mit Hilfe eines Teams von BMW Ingenieuren und Designern bei Schmid Design, nahe M\u00fcnchen produziert.\u00a0<\/p>\n","protected":false},"author":1,"featured_media":20491,"comment_status":"closed","ping_status":"open","sticky":false,"template":"","format":"standard","meta":{"_crdt_document":"","ngg_post_thumbnail":0,"footnotes":""},"categories":[548,24],"tags":[643,108],"class_list":["post-20487","post","type-post","status-publish","format-standard","has-post-thumbnail","hentry","category-automobile-kunst-plastic-porsche","category-unikate","tag-art-car","tag-bmw-m1-andy-warhol-1979"],"yoast_head":"<!-- This site is optimized with the Yoast SEO plugin v27.5 - https:\/\/yoast.com\/product\/yoast-seo-wordpress\/ -->\n<title>BMW M3 GT2 Art Car \u201eJeff Koons\u201c<\/title>\n<meta name=\"description\" content=\"Rainer Ro\u00dfbach Rainer Rossbach enzo-und-ferdinand enzo&amp;ferdinand Enzo BMW M3 GT2 Art Car Jeff Koons Team BMW Motorsport 24-Stunden-Rennen von Le Mans CAD Digitaldruck Vinyl Paris Centre Pompidou\" \/>\n<meta name=\"robots\" content=\"index, follow, max-snippet:-1, max-image-preview:large, max-video-preview:-1\" \/>\n<link rel=\"canonical\" href=\"https:\/\/www.enzo-und-ferdinand.de\/index.php\/2025\/07\/01\/bmw-m3-gt2-art-car-jeff-koons\/\" \/>\n<meta property=\"og:locale\" content=\"de_DE\" \/>\n<meta property=\"og:type\" content=\"article\" \/>\n<meta property=\"og:title\" content=\"BMW M3 GT2 Art Car \u201eJeff Koons\u201c\" \/>\n<meta property=\"og:description\" content=\"Rainer Ro\u00dfbach Rainer Rossbach enzo-und-ferdinand enzo&amp;ferdinand Enzo BMW M3 GT2 Art Car Jeff Koons Team BMW Motorsport 24-Stunden-Rennen von Le Mans CAD Digitaldruck Vinyl Paris Centre Pompidou\" \/>\n<meta property=\"og:url\" content=\"https:\/\/www.enzo-und-ferdinand.de\/index.php\/2025\/07\/01\/bmw-m3-gt2-art-car-jeff-koons\/\" \/>\n<meta property=\"og:site_name\" content=\"enzo &amp; Ferdinand\" \/>\n<meta property=\"article:published_time\" content=\"2025-07-01T06:39:34+00:00\" \/>\n<meta property=\"article:modified_time\" content=\"2026-03-26T12:10:13+00:00\" \/>\n<meta property=\"og:image\" content=\"https:\/\/www.enzo-und-ferdinand.de\/wp-content\/uploads\/2025\/07\/BMW-M3-GT2-Koons-1.jpg\" \/>\n\t<meta property=\"og:image:width\" content=\"1500\" \/>\n\t<meta property=\"og:image:height\" content=\"994\" \/>\n\t<meta property=\"og:image:type\" content=\"image\/jpeg\" \/>\n<meta name=\"author\" content=\"Rainer Ro\u00dfbach\" \/>\n<meta name=\"twitter:card\" content=\"summary_large_image\" \/>\n<meta name=\"twitter:label1\" content=\"Verfasst von\" \/>\n\t<meta name=\"twitter:data1\" content=\"Rainer Ro\u00dfbach\" \/>\n\t<meta name=\"twitter:label2\" content=\"Gesch\u00e4tzte Lesezeit\" \/>\n\t<meta name=\"twitter:data2\" content=\"3\u00a0Minuten\" \/>\n<script type=\"application\/ld+json\" class=\"yoast-schema-graph\">{\"@context\":\"https:\\\/\\\/schema.org\",\"@graph\":[{\"@type\":\"Article\",\"@id\":\"https:\\\/\\\/www.enzo-und-ferdinand.de\\\/index.php\\\/2025\\\/07\\\/01\\\/bmw-m3-gt2-art-car-jeff-koons\\\/#article\",\"isPartOf\":{\"@id\":\"https:\\\/\\\/www.enzo-und-ferdinand.de\\\/index.php\\\/2025\\\/07\\\/01\\\/bmw-m3-gt2-art-car-jeff-koons\\\/\"},\"author\":{\"name\":\"Rainer Ro\u00dfbach\",\"@id\":\"https:\\\/\\\/www.enzo-und-ferdinand.de\\\/#\\\/schema\\\/person\\\/aff2eb9ff87705987c1b9d21fe10b095\"},\"headline\":\"BMW M3 GT2 Art Car \u201eJeff Koons\u201c\",\"datePublished\":\"2025-07-01T06:39:34+00:00\",\"dateModified\":\"2026-03-26T12:10:13+00:00\",\"mainEntityOfPage\":{\"@id\":\"https:\\\/\\\/www.enzo-und-ferdinand.de\\\/index.php\\\/2025\\\/07\\\/01\\\/bmw-m3-gt2-art-car-jeff-koons\\\/\"},\"wordCount\":333,\"publisher\":{\"@id\":\"https:\\\/\\\/www.enzo-und-ferdinand.de\\\/#organization\"},\"image\":{\"@id\":\"https:\\\/\\\/www.enzo-und-ferdinand.de\\\/index.php\\\/2025\\\/07\\\/01\\\/bmw-m3-gt2-art-car-jeff-koons\\\/#primaryimage\"},\"thumbnailUrl\":\"https:\\\/\\\/www.enzo-und-ferdinand.de\\\/wp-content\\\/uploads\\\/2025\\\/07\\\/BMW-M3-GT2-Koons-1.jpg\",\"keywords\":[\"Art Car\",\"BMW M1 \u201eAndy Warhol\u201c (1979)\"],\"articleSection\":[\"Automobile Kunst\",\"Unikate\"],\"inLanguage\":\"de\"},{\"@type\":\"WebPage\",\"@id\":\"https:\\\/\\\/www.enzo-und-ferdinand.de\\\/index.php\\\/2025\\\/07\\\/01\\\/bmw-m3-gt2-art-car-jeff-koons\\\/\",\"url\":\"https:\\\/\\\/www.enzo-und-ferdinand.de\\\/index.php\\\/2025\\\/07\\\/01\\\/bmw-m3-gt2-art-car-jeff-koons\\\/\",\"name\":\"BMW M3 GT2 Art Car \u201eJeff Koons\u201c\",\"isPartOf\":{\"@id\":\"https:\\\/\\\/www.enzo-und-ferdinand.de\\\/#website\"},\"primaryImageOfPage\":{\"@id\":\"https:\\\/\\\/www.enzo-und-ferdinand.de\\\/index.php\\\/2025\\\/07\\\/01\\\/bmw-m3-gt2-art-car-jeff-koons\\\/#primaryimage\"},\"image\":{\"@id\":\"https:\\\/\\\/www.enzo-und-ferdinand.de\\\/index.php\\\/2025\\\/07\\\/01\\\/bmw-m3-gt2-art-car-jeff-koons\\\/#primaryimage\"},\"thumbnailUrl\":\"https:\\\/\\\/www.enzo-und-ferdinand.de\\\/wp-content\\\/uploads\\\/2025\\\/07\\\/BMW-M3-GT2-Koons-1.jpg\",\"datePublished\":\"2025-07-01T06:39:34+00:00\",\"dateModified\":\"2026-03-26T12:10:13+00:00\",\"description\":\"Rainer Ro\u00dfbach Rainer Rossbach enzo-und-ferdinand enzo&ferdinand Enzo BMW M3 GT2 Art Car Jeff Koons Team BMW Motorsport 24-Stunden-Rennen von Le Mans CAD Digitaldruck Vinyl Paris Centre Pompidou\",\"breadcrumb\":{\"@id\":\"https:\\\/\\\/www.enzo-und-ferdinand.de\\\/index.php\\\/2025\\\/07\\\/01\\\/bmw-m3-gt2-art-car-jeff-koons\\\/#breadcrumb\"},\"inLanguage\":\"de\",\"potentialAction\":[{\"@type\":\"ReadAction\",\"target\":[\"https:\\\/\\\/www.enzo-und-ferdinand.de\\\/index.php\\\/2025\\\/07\\\/01\\\/bmw-m3-gt2-art-car-jeff-koons\\\/\"]}]},{\"@type\":\"ImageObject\",\"inLanguage\":\"de\",\"@id\":\"https:\\\/\\\/www.enzo-und-ferdinand.de\\\/index.php\\\/2025\\\/07\\\/01\\\/bmw-m3-gt2-art-car-jeff-koons\\\/#primaryimage\",\"url\":\"https:\\\/\\\/www.enzo-und-ferdinand.de\\\/wp-content\\\/uploads\\\/2025\\\/07\\\/BMW-M3-GT2-Koons-1.jpg\",\"contentUrl\":\"https:\\\/\\\/www.enzo-und-ferdinand.de\\\/wp-content\\\/uploads\\\/2025\\\/07\\\/BMW-M3-GT2-Koons-1.jpg\",\"width\":1500,\"height\":994,\"caption\":\"BMW M3 GT2 Art Car \u201eJeff Koons\u201c\"},{\"@type\":\"BreadcrumbList\",\"@id\":\"https:\\\/\\\/www.enzo-und-ferdinand.de\\\/index.php\\\/2025\\\/07\\\/01\\\/bmw-m3-gt2-art-car-jeff-koons\\\/#breadcrumb\",\"itemListElement\":[{\"@type\":\"ListItem\",\"position\":1,\"name\":\"Startseite\",\"item\":\"https:\\\/\\\/www.enzo-und-ferdinand.de\\\/\"},{\"@type\":\"ListItem\",\"position\":2,\"name\":\"BMW M3 GT2 Art Car \u201eJeff Koons\u201c\"}]},{\"@type\":\"WebSite\",\"@id\":\"https:\\\/\\\/www.enzo-und-ferdinand.de\\\/#website\",\"url\":\"https:\\\/\\\/www.enzo-und-ferdinand.de\\\/\",\"name\":\"enzo & Ferdinand\",\"description\":\"\",\"publisher\":{\"@id\":\"https:\\\/\\\/www.enzo-und-ferdinand.de\\\/#organization\"},\"potentialAction\":[{\"@type\":\"SearchAction\",\"target\":{\"@type\":\"EntryPoint\",\"urlTemplate\":\"https:\\\/\\\/www.enzo-und-ferdinand.de\\\/?s={search_term_string}\"},\"query-input\":{\"@type\":\"PropertyValueSpecification\",\"valueRequired\":true,\"valueName\":\"search_term_string\"}}],\"inLanguage\":\"de\"},{\"@type\":\"Organization\",\"@id\":\"https:\\\/\\\/www.enzo-und-ferdinand.de\\\/#organization\",\"name\":\"enzo & Ferdinand\",\"url\":\"https:\\\/\\\/www.enzo-und-ferdinand.de\\\/\",\"logo\":{\"@type\":\"ImageObject\",\"inLanguage\":\"de\",\"@id\":\"https:\\\/\\\/www.enzo-und-ferdinand.de\\\/#\\\/schema\\\/logo\\\/image\\\/\",\"url\":\"https:\\\/\\\/www.enzo-und-ferdinand.de\\\/wp-content\\\/uploads\\\/2018\\\/12\\\/revvvs-icon.png\",\"contentUrl\":\"https:\\\/\\\/www.enzo-und-ferdinand.de\\\/wp-content\\\/uploads\\\/2018\\\/12\\\/revvvs-icon.png\",\"width\":512,\"height\":512,\"caption\":\"enzo & Ferdinand\"},\"image\":{\"@id\":\"https:\\\/\\\/www.enzo-und-ferdinand.de\\\/#\\\/schema\\\/logo\\\/image\\\/\"}},{\"@type\":\"Person\",\"@id\":\"https:\\\/\\\/www.enzo-und-ferdinand.de\\\/#\\\/schema\\\/person\\\/aff2eb9ff87705987c1b9d21fe10b095\",\"name\":\"Rainer Ro\u00dfbach\",\"image\":{\"@type\":\"ImageObject\",\"inLanguage\":\"de\",\"@id\":\"https:\\\/\\\/www.enzo-und-ferdinand.de\\\/wp-content\\\/uploads\\\/2026\\\/01\\\/Rainer-Rossbach-150x150.jpg\",\"url\":\"https:\\\/\\\/www.enzo-und-ferdinand.de\\\/wp-content\\\/uploads\\\/2026\\\/01\\\/Rainer-Rossbach-150x150.jpg\",\"contentUrl\":\"https:\\\/\\\/www.enzo-und-ferdinand.de\\\/wp-content\\\/uploads\\\/2026\\\/01\\\/Rainer-Rossbach-150x150.jpg\",\"caption\":\"Rainer Ro\u00dfbach\"},\"url\":\"https:\\\/\\\/www.enzo-und-ferdinand.de\\\/index.php\\\/author\\\/redaktion\\\/\"}]}<\/script>\n<!-- \/ Yoast SEO plugin. -->","yoast_head_json":{"title":"BMW M3 GT2 Art Car \u201eJeff Koons\u201c","description":"Rainer Ro\u00dfbach Rainer Rossbach enzo-und-ferdinand enzo&ferdinand Enzo BMW M3 GT2 Art Car Jeff Koons Team BMW Motorsport 24-Stunden-Rennen von Le Mans CAD Digitaldruck Vinyl Paris Centre Pompidou","robots":{"index":"index","follow":"follow","max-snippet":"max-snippet:-1","max-image-preview":"max-image-preview:large","max-video-preview":"max-video-preview:-1"},"canonical":"https:\/\/www.enzo-und-ferdinand.de\/index.php\/2025\/07\/01\/bmw-m3-gt2-art-car-jeff-koons\/","og_locale":"de_DE","og_type":"article","og_title":"BMW M3 GT2 Art Car \u201eJeff Koons\u201c","og_description":"Rainer Ro\u00dfbach Rainer Rossbach enzo-und-ferdinand enzo&ferdinand Enzo BMW M3 GT2 Art Car Jeff Koons Team BMW Motorsport 24-Stunden-Rennen von Le Mans CAD Digitaldruck Vinyl Paris Centre Pompidou","og_url":"https:\/\/www.enzo-und-ferdinand.de\/index.php\/2025\/07\/01\/bmw-m3-gt2-art-car-jeff-koons\/","og_site_name":"enzo &amp; Ferdinand","article_published_time":"2025-07-01T06:39:34+00:00","article_modified_time":"2026-03-26T12:10:13+00:00","og_image":[{"width":1500,"height":994,"url":"https:\/\/www.enzo-und-ferdinand.de\/wp-content\/uploads\/2025\/07\/BMW-M3-GT2-Koons-1.jpg","type":"image\/jpeg"}],"author":"Rainer Ro\u00dfbach","twitter_card":"summary_large_image","twitter_misc":{"Verfasst von":"Rainer Ro\u00dfbach","Gesch\u00e4tzte Lesezeit":"3\u00a0Minuten"},"schema":{"@context":"https:\/\/schema.org","@graph":[{"@type":"Article","@id":"https:\/\/www.enzo-und-ferdinand.de\/index.php\/2025\/07\/01\/bmw-m3-gt2-art-car-jeff-koons\/#article","isPartOf":{"@id":"https:\/\/www.enzo-und-ferdinand.de\/index.php\/2025\/07\/01\/bmw-m3-gt2-art-car-jeff-koons\/"},"author":{"name":"Rainer Ro\u00dfbach","@id":"https:\/\/www.enzo-und-ferdinand.de\/#\/schema\/person\/aff2eb9ff87705987c1b9d21fe10b095"},"headline":"BMW M3 GT2 Art Car \u201eJeff Koons\u201c","datePublished":"2025-07-01T06:39:34+00:00","dateModified":"2026-03-26T12:10:13+00:00","mainEntityOfPage":{"@id":"https:\/\/www.enzo-und-ferdinand.de\/index.php\/2025\/07\/01\/bmw-m3-gt2-art-car-jeff-koons\/"},"wordCount":333,"publisher":{"@id":"https:\/\/www.enzo-und-ferdinand.de\/#organization"},"image":{"@id":"https:\/\/www.enzo-und-ferdinand.de\/index.php\/2025\/07\/01\/bmw-m3-gt2-art-car-jeff-koons\/#primaryimage"},"thumbnailUrl":"https:\/\/www.enzo-und-ferdinand.de\/wp-content\/uploads\/2025\/07\/BMW-M3-GT2-Koons-1.jpg","keywords":["Art Car","BMW M1 \u201eAndy Warhol\u201c (1979)"],"articleSection":["Automobile Kunst","Unikate"],"inLanguage":"de"},{"@type":"WebPage","@id":"https:\/\/www.enzo-und-ferdinand.de\/index.php\/2025\/07\/01\/bmw-m3-gt2-art-car-jeff-koons\/","url":"https:\/\/www.enzo-und-ferdinand.de\/index.php\/2025\/07\/01\/bmw-m3-gt2-art-car-jeff-koons\/","name":"BMW M3 GT2 Art Car \u201eJeff Koons\u201c","isPartOf":{"@id":"https:\/\/www.enzo-und-ferdinand.de\/#website"},"primaryImageOfPage":{"@id":"https:\/\/www.enzo-und-ferdinand.de\/index.php\/2025\/07\/01\/bmw-m3-gt2-art-car-jeff-koons\/#primaryimage"},"image":{"@id":"https:\/\/www.enzo-und-ferdinand.de\/index.php\/2025\/07\/01\/bmw-m3-gt2-art-car-jeff-koons\/#primaryimage"},"thumbnailUrl":"https:\/\/www.enzo-und-ferdinand.de\/wp-content\/uploads\/2025\/07\/BMW-M3-GT2-Koons-1.jpg","datePublished":"2025-07-01T06:39:34+00:00","dateModified":"2026-03-26T12:10:13+00:00","description":"Rainer Ro\u00dfbach Rainer Rossbach enzo-und-ferdinand enzo&ferdinand Enzo BMW M3 GT2 Art Car Jeff Koons Team BMW Motorsport 24-Stunden-Rennen von Le Mans CAD Digitaldruck Vinyl Paris Centre Pompidou","breadcrumb":{"@id":"https:\/\/www.enzo-und-ferdinand.de\/index.php\/2025\/07\/01\/bmw-m3-gt2-art-car-jeff-koons\/#breadcrumb"},"inLanguage":"de","potentialAction":[{"@type":"ReadAction","target":["https:\/\/www.enzo-und-ferdinand.de\/index.php\/2025\/07\/01\/bmw-m3-gt2-art-car-jeff-koons\/"]}]},{"@type":"ImageObject","inLanguage":"de","@id":"https:\/\/www.enzo-und-ferdinand.de\/index.php\/2025\/07\/01\/bmw-m3-gt2-art-car-jeff-koons\/#primaryimage","url":"https:\/\/www.enzo-und-ferdinand.de\/wp-content\/uploads\/2025\/07\/BMW-M3-GT2-Koons-1.jpg","contentUrl":"https:\/\/www.enzo-und-ferdinand.de\/wp-content\/uploads\/2025\/07\/BMW-M3-GT2-Koons-1.jpg","width":1500,"height":994,"caption":"BMW M3 GT2 Art Car \u201eJeff Koons\u201c"},{"@type":"BreadcrumbList","@id":"https:\/\/www.enzo-und-ferdinand.de\/index.php\/2025\/07\/01\/bmw-m3-gt2-art-car-jeff-koons\/#breadcrumb","itemListElement":[{"@type":"ListItem","position":1,"name":"Startseite","item":"https:\/\/www.enzo-und-ferdinand.de\/"},{"@type":"ListItem","position":2,"name":"BMW M3 GT2 Art Car \u201eJeff Koons\u201c"}]},{"@type":"WebSite","@id":"https:\/\/www.enzo-und-ferdinand.de\/#website","url":"https:\/\/www.enzo-und-ferdinand.de\/","name":"enzo & Ferdinand","description":"","publisher":{"@id":"https:\/\/www.enzo-und-ferdinand.de\/#organization"},"potentialAction":[{"@type":"SearchAction","target":{"@type":"EntryPoint","urlTemplate":"https:\/\/www.enzo-und-ferdinand.de\/?s={search_term_string}"},"query-input":{"@type":"PropertyValueSpecification","valueRequired":true,"valueName":"search_term_string"}}],"inLanguage":"de"},{"@type":"Organization","@id":"https:\/\/www.enzo-und-ferdinand.de\/#organization","name":"enzo & Ferdinand","url":"https:\/\/www.enzo-und-ferdinand.de\/","logo":{"@type":"ImageObject","inLanguage":"de","@id":"https:\/\/www.enzo-und-ferdinand.de\/#\/schema\/logo\/image\/","url":"https:\/\/www.enzo-und-ferdinand.de\/wp-content\/uploads\/2018\/12\/revvvs-icon.png","contentUrl":"https:\/\/www.enzo-und-ferdinand.de\/wp-content\/uploads\/2018\/12\/revvvs-icon.png","width":512,"height":512,"caption":"enzo & Ferdinand"},"image":{"@id":"https:\/\/www.enzo-und-ferdinand.de\/#\/schema\/logo\/image\/"}},{"@type":"Person","@id":"https:\/\/www.enzo-und-ferdinand.de\/#\/schema\/person\/aff2eb9ff87705987c1b9d21fe10b095","name":"Rainer Ro\u00dfbach","image":{"@type":"ImageObject","inLanguage":"de","@id":"https:\/\/www.enzo-und-ferdinand.de\/wp-content\/uploads\/2026\/01\/Rainer-Rossbach-150x150.jpg","url":"https:\/\/www.enzo-und-ferdinand.de\/wp-content\/uploads\/2026\/01\/Rainer-Rossbach-150x150.jpg","contentUrl":"https:\/\/www.enzo-und-ferdinand.de\/wp-content\/uploads\/2026\/01\/Rainer-Rossbach-150x150.jpg","caption":"Rainer Ro\u00dfbach"},"url":"https:\/\/www.enzo-und-ferdinand.de\/index.php\/author\/redaktion\/"}]}},"_links":{"self":[{"href":"https:\/\/www.enzo-und-ferdinand.de\/index.php\/wp-json\/wp\/v2\/posts\/20487","targetHints":{"allow":["GET"]}}],"collection":[{"href":"https:\/\/www.enzo-und-ferdinand.de\/index.php\/wp-json\/wp\/v2\/posts"}],"about":[{"href":"https:\/\/www.enzo-und-ferdinand.de\/index.php\/wp-json\/wp\/v2\/types\/post"}],"author":[{"embeddable":true,"href":"https:\/\/www.enzo-und-ferdinand.de\/index.php\/wp-json\/wp\/v2\/users\/1"}],"replies":[{"embeddable":true,"href":"https:\/\/www.enzo-und-ferdinand.de\/index.php\/wp-json\/wp\/v2\/comments?post=20487"}],"version-history":[{"count":2,"href":"https:\/\/www.enzo-und-ferdinand.de\/index.php\/wp-json\/wp\/v2\/posts\/20487\/revisions"}],"predecessor-version":[{"id":20495,"href":"https:\/\/www.enzo-und-ferdinand.de\/index.php\/wp-json\/wp\/v2\/posts\/20487\/revisions\/20495"}],"wp:featuredmedia":[{"embeddable":true,"href":"https:\/\/www.enzo-und-ferdinand.de\/index.php\/wp-json\/wp\/v2\/media\/20491"}],"wp:attachment":[{"href":"https:\/\/www.enzo-und-ferdinand.de\/index.php\/wp-json\/wp\/v2\/media?parent=20487"}],"wp:term":[{"taxonomy":"category","embeddable":true,"href":"https:\/\/www.enzo-und-ferdinand.de\/index.php\/wp-json\/wp\/v2\/categories?post=20487"},{"taxonomy":"post_tag","embeddable":true,"href":"https:\/\/www.enzo-und-ferdinand.de\/index.php\/wp-json\/wp\/v2\/tags?post=20487"}],"curies":[{"name":"wp","href":"https:\/\/api.w.org\/{rel}","templated":true}]}}