{"id":20509,"date":"2025-07-03T07:26:19","date_gmt":"2025-07-03T05:26:19","guid":{"rendered":"https:\/\/www.enzo-und-ferdinand.de\/?p=20509"},"modified":"2026-03-26T13:07:59","modified_gmt":"2026-03-26T12:07:59","slug":"ferrari-296-gt3-evo","status":"publish","type":"post","link":"https:\/\/www.enzo-und-ferdinand.de\/index.php\/2025\/07\/03\/ferrari-296-gt3-evo\/","title":{"rendered":"Ferrari 296 GT3 Evo"},"content":{"rendered":"\n<figure class=\"wp-block-image size-large\"><img loading=\"lazy\" decoding=\"async\" width=\"810\" height=\"540\" src=\"https:\/\/www.enzo-und-ferdinand.de\/wp-content\/uploads\/2025\/07\/Ferrari_296_GT3_Evo_hero_side-810x540.jpg\" alt=\"Ferrari 296 GT3 Evo\" class=\"wp-image-20507\" srcset=\"https:\/\/www.enzo-und-ferdinand.de\/wp-content\/uploads\/2025\/07\/Ferrari_296_GT3_Evo_hero_side-810x540.jpg 810w, https:\/\/www.enzo-und-ferdinand.de\/wp-content\/uploads\/2025\/07\/Ferrari_296_GT3_Evo_hero_side-300x200.jpg 300w, https:\/\/www.enzo-und-ferdinand.de\/wp-content\/uploads\/2025\/07\/Ferrari_296_GT3_Evo_hero_side-768x512.jpg 768w, https:\/\/www.enzo-und-ferdinand.de\/wp-content\/uploads\/2025\/07\/Ferrari_296_GT3_Evo_hero_side-120x80.jpg 120w, https:\/\/www.enzo-und-ferdinand.de\/wp-content\/uploads\/2025\/07\/Ferrari_296_GT3_Evo_hero_side.jpg 1500w\" sizes=\"auto, (max-width: 810px) 100vw, 810px\" \/><\/figure>\n\n\n\n<p class=\"wp-block-paragraph\">Der Rennwagen baut auf den Erfahrungen mit dem 296 LMGT3 der Saison 2024 in der FIA WEC und dem 296 GT3 auf, der seit seinem Deb\u00fct f\u00fcnf Titel gewonnen hat, darunter Fahrer- und Teamtitel in der Pro-Klasse des GT World Challenge Endurance Cup \u2013 der Referenzmeisterschaft f\u00fcr GT3-Fahrzeuge \u2013 sowie Siege bei den 24 Stunden vom N\u00fcrburgring und den 24 Stunden von Daytona. Die Statistik umfasst insgesamt 140 Siege, 405 Podiumspl\u00e4tze und 56 Pole-Positions in 343 Rennen. Der V6-Verbrennungsmotor des 296 GT3 Evo bleibt gegen\u00fcber der Vorg\u00e4ngerversion unver\u00e4ndert. Er beh\u00e4lt die 120\u00b0-V-Konfiguration mit den im V positionierten Turboladern bei, was Vorteile in Bezug auf Kompaktheit und Gewichtsreduzierung bietet und dazu beitr\u00e4gt, ein extrem hohes Leistungsniveau zu erreichen. Der zuverl\u00e4ssige und leistungsstarke Motor wird seit seiner Einf\u00fchrung f\u00fcr seine Leistungsentfaltung und sein Drehmoment gesch\u00e4tzt.<\/p>\n\n\n\n<p class=\"wp-block-paragraph\">Der Motor befindet sich in derselben Position wie im 296 GT3, weiter vorne und tiefer als in der Stra\u00dfenversion. Diese Position tr\u00e4gt dazu bei, den Schwerpunkt zu senken und die Torsionssteifigkeit zu verbessern. Er wurde au\u00dferdem um 2\u00b0 geneigt, um mehr Platz f\u00fcr den Heckdiffusor zu schaffen. Was das Getriebe betrifft, so verf\u00fcgt der 296 GT3 Evo \u00fcber eine neue \u00dcbersetzungsstufe, die nach der Analyse der w\u00e4hrend der zweij\u00e4hrigen Nutzung des Fahrzeugs gesammelten Daten optimiert wurde, um die Drehmomentabgabe sowohl bei niedrigen als auch bei hohen Drehzahlen zu verbessern.<\/p>\n\n\n\n<figure class=\"wp-block-image size-large\"><img loading=\"lazy\" decoding=\"async\" width=\"810\" height=\"540\" src=\"https:\/\/www.enzo-und-ferdinand.de\/wp-content\/uploads\/2025\/07\/Ferrari_296_GT3_Evo_detail_wing_1-810x540.jpg\" alt=\"Ferrari 296 GT3 Evo\" class=\"wp-image-20505\" srcset=\"https:\/\/www.enzo-und-ferdinand.de\/wp-content\/uploads\/2025\/07\/Ferrari_296_GT3_Evo_detail_wing_1-810x540.jpg 810w, https:\/\/www.enzo-und-ferdinand.de\/wp-content\/uploads\/2025\/07\/Ferrari_296_GT3_Evo_detail_wing_1-300x200.jpg 300w, https:\/\/www.enzo-und-ferdinand.de\/wp-content\/uploads\/2025\/07\/Ferrari_296_GT3_Evo_detail_wing_1-768x512.jpg 768w, https:\/\/www.enzo-und-ferdinand.de\/wp-content\/uploads\/2025\/07\/Ferrari_296_GT3_Evo_detail_wing_1-120x80.jpg 120w, https:\/\/www.enzo-und-ferdinand.de\/wp-content\/uploads\/2025\/07\/Ferrari_296_GT3_Evo_detail_wing_1.jpg 1500w\" sizes=\"auto, (max-width: 810px) 100vw, 810px\" \/><\/figure>\n\n\n\n<p class=\"wp-block-paragraph\">Das Ziel der Ferrari-Ingenieure bei der Weiterentwicklung der Aerodynamik war es, ein vorhersehbareres und stabileres Ansprechverhalten des Fahrzeugs in allen Rennsituationen zu gew\u00e4hrleisten und gleichzeitig die Leistung des Standard-296 GT3 in Bezug auf vertikale Belastung und Effizienz beizubehalten. In technischer Hinsicht konzentrierte sich das Aerodynamikteam auf die Verbesserung der Stabilit\u00e4t der vertikalen Frontlast, wenn sich der 296 GT3 Evo im Windschatten eines anderen Fahrzeugs befindet, sowie auf die aerodynamische Empfindlichkeit, etwa die Minimierung aerodynamischer Lastschwankungen.<\/p>\n\n\n\n<p class=\"wp-block-paragraph\">Fast die gesamte Karosserie wurde weiterentwickelt. Die Profile des Splitters und des vorderen Bodens wurden \u00fcberarbeitet, und die Expansionsvolumina und Wirbelgeneratoren wurden optimiert. Auch die Anbauteile an der Frontsto\u00dfstange wurden modifiziert, um den besten Leistungskompromiss zu erzielen. Eine weitere bedeutende Verbesserung ergab sich aus einer gr\u00fcndlichen und sorgf\u00e4ltigen \u00dcberarbeitung des Heckdiffusors, dessen Expansionsvolumina und Anzahl der Kan\u00e4le modifiziert wurden. Das dritte Element, das einer Weiterentwicklung unterzogen wurde, waren die L\u00fcftungsschlitze an den vorderen Radk\u00e4sten, die in Synergie mit dem vorderen Unterboden entwickelt wurden, um sicherzustellen, dass sowohl bei freier Fahrt als auch im Windschatten anderer Fahrzeuge saubere Luft in die hinteren Lufteinl\u00e4sse gelangt.<\/p>\n\n\n\n<p class=\"wp-block-paragraph\">Der 296 GT3 Evo ist an zwei Lufteinl\u00e4ssen in der Fronthaube zu erkennen, die die K\u00fchlung der Bremsen und des Cockpits verbessern, sowie an dem neuen Heckfl\u00fcgel, der erhebliche \u00c4nderungen erfahren hat. Die St\u00fctzstruktur wurde zusammen mit den Seitenverkleidungen neu gestaltet. Der Spoiler ist nun mit einem Schnellverstellmechanismus ausgestattet, der erstmals in der LMGT3 eingef\u00fchrt wurde und es erm\u00f6glicht, den Spoilerwinkel mit einer einfachen Schraube einzustellen, wodurch die Fahrleistung auf der Rennstrecke, die bereits ein charakteristisches Merkmal des 296 GT3 ist, weiter verbessert wird.<\/p>\n\n\n\n<figure class=\"wp-block-image size-large\"><img loading=\"lazy\" decoding=\"async\" width=\"810\" height=\"540\" src=\"https:\/\/www.enzo-und-ferdinand.de\/wp-content\/uploads\/2025\/07\/Ferrari_296_GT3_Evo_detail_front-810x540.jpg\" alt=\"Ferrari 296 GT3 Evo\" class=\"wp-image-20503\" srcset=\"https:\/\/www.enzo-und-ferdinand.de\/wp-content\/uploads\/2025\/07\/Ferrari_296_GT3_Evo_detail_front-810x540.jpg 810w, https:\/\/www.enzo-und-ferdinand.de\/wp-content\/uploads\/2025\/07\/Ferrari_296_GT3_Evo_detail_front-300x200.jpg 300w, https:\/\/www.enzo-und-ferdinand.de\/wp-content\/uploads\/2025\/07\/Ferrari_296_GT3_Evo_detail_front-768x512.jpg 768w, https:\/\/www.enzo-und-ferdinand.de\/wp-content\/uploads\/2025\/07\/Ferrari_296_GT3_Evo_detail_front-120x80.jpg 120w, https:\/\/www.enzo-und-ferdinand.de\/wp-content\/uploads\/2025\/07\/Ferrari_296_GT3_Evo_detail_front.jpg 1500w\" sizes=\"auto, (max-width: 810px) 100vw, 810px\" \/><\/figure>\n\n\n\n<p class=\"wp-block-paragraph\">Die Entwicklung des Evolutionspakets umfasste auch die interne Aerodynamik, insbesondere die K\u00fchlung der vorderen Bremsen. Dank der Optimierung der Kan\u00e4le, die Luft vom Sto\u00dff\u00e4nger zu den Scheiben leiten, und der Einf\u00fchrung von zwei dynamischen Lufteinl\u00e4ssen auf der Motorhaube hat sich der Gesamtluftstrom zu den Vorderradbremsen im Vergleich zum 296 GT3 um mehr als 20 Prozent erh\u00f6ht. Auch die Lenkungspumpe profitiert von einer besseren und effektiveren K\u00fchlung dank der Einf\u00fchrung von zwei Naca-Lufteinl\u00e4ssen im Unterboden.<\/p>\n\n\n\n<p class=\"wp-block-paragraph\">Die gesamte Karosserie der hinteren Radk\u00e4sten stammt aus dem LMGT3, der sich durch eine vertikalere Kr\u00fcmmung an der Vorderseite auszeichnet, wodurch die verschiedenen Reifentypen verschiedener Hersteller, die in GT-Meisterschaften weltweit verwendet werden, leichter untergebracht werden k\u00f6nnen. Auch die R\u00fcckspiegel profitieren von dieser Erfahrung und wurden dank einer Reihe von Studien und Berechnungen zur Untersuchung der Frequenzen und Schwingungsmodi der Au\u00dfenspiegel in der aktuellen Version weiter verbessert. Diese neuen Teile wurden nach innen versetzt, wodurch sich ihr Winkel ver\u00e4ndert hat und gleichzeitig die Sicht verbessert wurde.<\/p>\n\n\n\n<p class=\"wp-block-paragraph\">Sowohl die Kinematik der Vorder- als auch der Hinterradaufh\u00e4ngung wurde modifiziert, um die Belastung der Komponenten zu reduzieren und die Zuverl\u00e4ssigkeit zu verbessern. Gleichzeitig sorgt das neue Design f\u00fcr ein verbundenes dynamisches Ansprechverhalten zwischen Vorder- und Hinterachse und erleichtert die Einstellvorg\u00e4nge in der Box.<\/p>\n\n\n\n<p class=\"wp-block-paragraph\">Intuitivit\u00e4t, Sichtbarkeit und Zug\u00e4nglichkeit sind die Grundprinzipien, nach denen das Cockpit des 296 GT3 entwickelt wurde, ohne dabei grundlegende Aspekte wie Sicherheit und Komfort zu vernachl\u00e4ssigen. Der 296 GT3 Evo beh\u00e4lt diese grundlegenden Eigenschaften bei, verbessert jedoch die Klimaanlage erheblich, die mit einem zus\u00e4tzlichen Ventilator ausgestattet wurde, um sie noch effektiver zu machen.<\/p>\n\n\n\n<p class=\"wp-block-paragraph\">Der 296 GT3 Evo, dessen Homologationsprozess abgeschlossen sein wird, sobald die letzten aerodynamischen Verfeinerungen vorgenommen wurden, wird in der Saison 2026 sein Deb\u00fct geben und auch als Upgrade-Kit f\u00fcr diejenigen erh\u00e4ltlich sein, die mit dem 296 GT3 antreten.<\/p>\n\n\n\n<figure class=\"wp-block-image size-large\"><img loading=\"lazy\" decoding=\"async\" width=\"810\" height=\"540\" src=\"https:\/\/www.enzo-und-ferdinand.de\/wp-content\/uploads\/2025\/07\/Ferrari_296_GT3_Evo_interior-810x540.jpg\" alt=\"Ferrari 296 GT3 Evo\" class=\"wp-image-20508\" srcset=\"https:\/\/www.enzo-und-ferdinand.de\/wp-content\/uploads\/2025\/07\/Ferrari_296_GT3_Evo_interior-810x540.jpg 810w, https:\/\/www.enzo-und-ferdinand.de\/wp-content\/uploads\/2025\/07\/Ferrari_296_GT3_Evo_interior-300x200.jpg 300w, https:\/\/www.enzo-und-ferdinand.de\/wp-content\/uploads\/2025\/07\/Ferrari_296_GT3_Evo_interior-768x512.jpg 768w, https:\/\/www.enzo-und-ferdinand.de\/wp-content\/uploads\/2025\/07\/Ferrari_296_GT3_Evo_interior-120x80.jpg 120w, https:\/\/www.enzo-und-ferdinand.de\/wp-content\/uploads\/2025\/07\/Ferrari_296_GT3_Evo_interior.jpg 1500w\" sizes=\"auto, (max-width: 810px) 100vw, 810px\" \/><\/figure>\n\n\n\n<p class=\"has-text-align-right has-small-font-size wp-block-paragraph\">Fotos: Ferrari\/Text: Rainer Rossbach<\/p>\n","protected":false},"excerpt":{"rendered":"<p>Der Rennwagen baut auf den Erfahrungen mit dem 296 LMGT3 der Saison 2024 in der FIA WEC und dem 296 GT3 auf, der seit seinem Deb\u00fct f\u00fcnf Titel gewonnen hat, darunter Fahrer- und Teamtitel in der Pro-Klasse des GT World Challenge Endurance Cup \u2013 der Referenzmeisterschaft f\u00fcr GT3-Fahrzeuge \u2013 sowie Siege bei den 24 Stunden vom N\u00fcrburgring und den 24 Stunden von Daytona. Die Statistik umfasst insgesamt 140 Siege, 405 Podiumspl\u00e4tze und 56 Pole-Positions in 343 Rennen. Der V6-Verbrennungsmotor des 296 GT3 Evo bleibt gegen\u00fcber der Vorg\u00e4ngerversion unver\u00e4ndert. Er beh\u00e4lt die 120\u00b0-V-Konfiguration mit den im V positionierten Turboladern bei, was Vorteile in Bezug auf Kompaktheit und Gewichtsreduzierung bietet und dazu beitr\u00e4gt, ein extrem hohes Leistungsniveau zu erreichen. Der zuverl\u00e4ssige und leistungsstarke Motor wird seit seiner Einf\u00fchrung f\u00fcr seine Leistungsentfaltung und sein Drehmoment gesch\u00e4tzt.<\/p>\n","protected":false},"author":1,"featured_media":20506,"comment_status":"closed","ping_status":"open","sticky":false,"template":"","format":"standard","meta":{"_crdt_document":"","ngg_post_thumbnail":0,"footnotes":""},"categories":[23,5,586],"tags":[184],"class_list":["post-20509","post","type-post","status-publish","format-standard","has-post-thumbnail","hentry","category-performance","category-rennsport","category-technologie","tag-ferrari"],"yoast_head":"<!-- This site is optimized with the Yoast SEO plugin v27.5 - https:\/\/yoast.com\/product\/yoast-seo-wordpress\/ -->\n<title>Ferrari 296 GT3 Evo<\/title>\n<meta name=\"description\" content=\"Rainer Ro\u00dfbach Rainer Rossbach enzo-und-ferdinand enzo&amp;ferdinand Enzo Ferrari 296 GT3 Evo 296 LMGT3 296 GT3 GT World Challenge Endurance Cup V6-Verbrennungsmotor Turbolader Torsionssteifigkeit Heckdiffusor Aerodynamik Schnellverstellmechanismus Naca-Lufteinl\u00e4sse Homologation\" \/>\n<meta name=\"robots\" content=\"index, follow, max-snippet:-1, max-image-preview:large, max-video-preview:-1\" \/>\n<link rel=\"canonical\" href=\"https:\/\/www.enzo-und-ferdinand.de\/index.php\/2025\/07\/03\/ferrari-296-gt3-evo\/\" \/>\n<meta property=\"og:locale\" content=\"de_DE\" \/>\n<meta property=\"og:type\" content=\"article\" \/>\n<meta property=\"og:title\" content=\"Ferrari 296 GT3 Evo\" \/>\n<meta property=\"og:description\" content=\"Rainer Ro\u00dfbach Rainer Rossbach enzo-und-ferdinand enzo&amp;ferdinand Enzo Ferrari 296 GT3 Evo 296 LMGT3 296 GT3 GT World Challenge Endurance Cup V6-Verbrennungsmotor Turbolader Torsionssteifigkeit Heckdiffusor Aerodynamik Schnellverstellmechanismus Naca-Lufteinl\u00e4sse Homologation\" \/>\n<meta property=\"og:url\" content=\"https:\/\/www.enzo-und-ferdinand.de\/index.php\/2025\/07\/03\/ferrari-296-gt3-evo\/\" \/>\n<meta property=\"og:site_name\" content=\"enzo &amp; Ferdinand\" \/>\n<meta property=\"article:published_time\" content=\"2025-07-03T05:26:19+00:00\" \/>\n<meta property=\"article:modified_time\" content=\"2026-03-26T12:07:59+00:00\" \/>\n<meta property=\"og:image\" content=\"https:\/\/www.enzo-und-ferdinand.de\/wp-content\/uploads\/2025\/07\/Ferrari_296_GT3_Evo_hero_front.jpg\" \/>\n\t<meta property=\"og:image:width\" content=\"1500\" \/>\n\t<meta property=\"og:image:height\" content=\"1000\" \/>\n\t<meta property=\"og:image:type\" content=\"image\/jpeg\" \/>\n<meta name=\"author\" content=\"Rainer Ro\u00dfbach\" \/>\n<meta name=\"twitter:card\" content=\"summary_large_image\" \/>\n<meta name=\"twitter:label1\" content=\"Verfasst von\" \/>\n\t<meta name=\"twitter:data1\" content=\"Rainer Ro\u00dfbach\" \/>\n\t<meta name=\"twitter:label2\" content=\"Gesch\u00e4tzte Lesezeit\" \/>\n\t<meta name=\"twitter:data2\" content=\"6\u00a0Minuten\" \/>\n<script type=\"application\/ld+json\" class=\"yoast-schema-graph\">{\"@context\":\"https:\\\/\\\/schema.org\",\"@graph\":[{\"@type\":\"Article\",\"@id\":\"https:\\\/\\\/www.enzo-und-ferdinand.de\\\/index.php\\\/2025\\\/07\\\/03\\\/ferrari-296-gt3-evo\\\/#article\",\"isPartOf\":{\"@id\":\"https:\\\/\\\/www.enzo-und-ferdinand.de\\\/index.php\\\/2025\\\/07\\\/03\\\/ferrari-296-gt3-evo\\\/\"},\"author\":{\"name\":\"Rainer Ro\u00dfbach\",\"@id\":\"https:\\\/\\\/www.enzo-und-ferdinand.de\\\/#\\\/schema\\\/person\\\/aff2eb9ff87705987c1b9d21fe10b095\"},\"headline\":\"Ferrari 296 GT3 Evo\",\"datePublished\":\"2025-07-03T05:26:19+00:00\",\"dateModified\":\"2026-03-26T12:07:59+00:00\",\"mainEntityOfPage\":{\"@id\":\"https:\\\/\\\/www.enzo-und-ferdinand.de\\\/index.php\\\/2025\\\/07\\\/03\\\/ferrari-296-gt3-evo\\\/\"},\"wordCount\":827,\"publisher\":{\"@id\":\"https:\\\/\\\/www.enzo-und-ferdinand.de\\\/#organization\"},\"image\":{\"@id\":\"https:\\\/\\\/www.enzo-und-ferdinand.de\\\/index.php\\\/2025\\\/07\\\/03\\\/ferrari-296-gt3-evo\\\/#primaryimage\"},\"thumbnailUrl\":\"https:\\\/\\\/www.enzo-und-ferdinand.de\\\/wp-content\\\/uploads\\\/2025\\\/07\\\/Ferrari_296_GT3_Evo_hero_front.jpg\",\"keywords\":[\"Ferrari\"],\"articleSection\":[\"Performance\",\"Rennsport\",\"Technologie\"],\"inLanguage\":\"de\"},{\"@type\":\"WebPage\",\"@id\":\"https:\\\/\\\/www.enzo-und-ferdinand.de\\\/index.php\\\/2025\\\/07\\\/03\\\/ferrari-296-gt3-evo\\\/\",\"url\":\"https:\\\/\\\/www.enzo-und-ferdinand.de\\\/index.php\\\/2025\\\/07\\\/03\\\/ferrari-296-gt3-evo\\\/\",\"name\":\"Ferrari 296 GT3 Evo\",\"isPartOf\":{\"@id\":\"https:\\\/\\\/www.enzo-und-ferdinand.de\\\/#website\"},\"primaryImageOfPage\":{\"@id\":\"https:\\\/\\\/www.enzo-und-ferdinand.de\\\/index.php\\\/2025\\\/07\\\/03\\\/ferrari-296-gt3-evo\\\/#primaryimage\"},\"image\":{\"@id\":\"https:\\\/\\\/www.enzo-und-ferdinand.de\\\/index.php\\\/2025\\\/07\\\/03\\\/ferrari-296-gt3-evo\\\/#primaryimage\"},\"thumbnailUrl\":\"https:\\\/\\\/www.enzo-und-ferdinand.de\\\/wp-content\\\/uploads\\\/2025\\\/07\\\/Ferrari_296_GT3_Evo_hero_front.jpg\",\"datePublished\":\"2025-07-03T05:26:19+00:00\",\"dateModified\":\"2026-03-26T12:07:59+00:00\",\"description\":\"Rainer Ro\u00dfbach Rainer Rossbach enzo-und-ferdinand enzo&ferdinand Enzo Ferrari 296 GT3 Evo 296 LMGT3 296 GT3 GT World Challenge Endurance Cup V6-Verbrennungsmotor Turbolader Torsionssteifigkeit Heckdiffusor Aerodynamik Schnellverstellmechanismus Naca-Lufteinl\u00e4sse Homologation\",\"breadcrumb\":{\"@id\":\"https:\\\/\\\/www.enzo-und-ferdinand.de\\\/index.php\\\/2025\\\/07\\\/03\\\/ferrari-296-gt3-evo\\\/#breadcrumb\"},\"inLanguage\":\"de\",\"potentialAction\":[{\"@type\":\"ReadAction\",\"target\":[\"https:\\\/\\\/www.enzo-und-ferdinand.de\\\/index.php\\\/2025\\\/07\\\/03\\\/ferrari-296-gt3-evo\\\/\"]}]},{\"@type\":\"ImageObject\",\"inLanguage\":\"de\",\"@id\":\"https:\\\/\\\/www.enzo-und-ferdinand.de\\\/index.php\\\/2025\\\/07\\\/03\\\/ferrari-296-gt3-evo\\\/#primaryimage\",\"url\":\"https:\\\/\\\/www.enzo-und-ferdinand.de\\\/wp-content\\\/uploads\\\/2025\\\/07\\\/Ferrari_296_GT3_Evo_hero_front.jpg\",\"contentUrl\":\"https:\\\/\\\/www.enzo-und-ferdinand.de\\\/wp-content\\\/uploads\\\/2025\\\/07\\\/Ferrari_296_GT3_Evo_hero_front.jpg\",\"width\":1500,\"height\":1000,\"caption\":\"Ferrari 296 GT3 Evo\"},{\"@type\":\"BreadcrumbList\",\"@id\":\"https:\\\/\\\/www.enzo-und-ferdinand.de\\\/index.php\\\/2025\\\/07\\\/03\\\/ferrari-296-gt3-evo\\\/#breadcrumb\",\"itemListElement\":[{\"@type\":\"ListItem\",\"position\":1,\"name\":\"Startseite\",\"item\":\"https:\\\/\\\/www.enzo-und-ferdinand.de\\\/\"},{\"@type\":\"ListItem\",\"position\":2,\"name\":\"Ferrari 296 GT3 Evo\"}]},{\"@type\":\"WebSite\",\"@id\":\"https:\\\/\\\/www.enzo-und-ferdinand.de\\\/#website\",\"url\":\"https:\\\/\\\/www.enzo-und-ferdinand.de\\\/\",\"name\":\"enzo & Ferdinand\",\"description\":\"\",\"publisher\":{\"@id\":\"https:\\\/\\\/www.enzo-und-ferdinand.de\\\/#organization\"},\"potentialAction\":[{\"@type\":\"SearchAction\",\"target\":{\"@type\":\"EntryPoint\",\"urlTemplate\":\"https:\\\/\\\/www.enzo-und-ferdinand.de\\\/?s={search_term_string}\"},\"query-input\":{\"@type\":\"PropertyValueSpecification\",\"valueRequired\":true,\"valueName\":\"search_term_string\"}}],\"inLanguage\":\"de\"},{\"@type\":\"Organization\",\"@id\":\"https:\\\/\\\/www.enzo-und-ferdinand.de\\\/#organization\",\"name\":\"enzo & Ferdinand\",\"url\":\"https:\\\/\\\/www.enzo-und-ferdinand.de\\\/\",\"logo\":{\"@type\":\"ImageObject\",\"inLanguage\":\"de\",\"@id\":\"https:\\\/\\\/www.enzo-und-ferdinand.de\\\/#\\\/schema\\\/logo\\\/image\\\/\",\"url\":\"https:\\\/\\\/www.enzo-und-ferdinand.de\\\/wp-content\\\/uploads\\\/2018\\\/12\\\/revvvs-icon.png\",\"contentUrl\":\"https:\\\/\\\/www.enzo-und-ferdinand.de\\\/wp-content\\\/uploads\\\/2018\\\/12\\\/revvvs-icon.png\",\"width\":512,\"height\":512,\"caption\":\"enzo & Ferdinand\"},\"image\":{\"@id\":\"https:\\\/\\\/www.enzo-und-ferdinand.de\\\/#\\\/schema\\\/logo\\\/image\\\/\"}},{\"@type\":\"Person\",\"@id\":\"https:\\\/\\\/www.enzo-und-ferdinand.de\\\/#\\\/schema\\\/person\\\/aff2eb9ff87705987c1b9d21fe10b095\",\"name\":\"Rainer Ro\u00dfbach\",\"image\":{\"@type\":\"ImageObject\",\"inLanguage\":\"de\",\"@id\":\"https:\\\/\\\/www.enzo-und-ferdinand.de\\\/wp-content\\\/uploads\\\/2026\\\/01\\\/Rainer-Rossbach-150x150.jpg\",\"url\":\"https:\\\/\\\/www.enzo-und-ferdinand.de\\\/wp-content\\\/uploads\\\/2026\\\/01\\\/Rainer-Rossbach-150x150.jpg\",\"contentUrl\":\"https:\\\/\\\/www.enzo-und-ferdinand.de\\\/wp-content\\\/uploads\\\/2026\\\/01\\\/Rainer-Rossbach-150x150.jpg\",\"caption\":\"Rainer Ro\u00dfbach\"},\"url\":\"https:\\\/\\\/www.enzo-und-ferdinand.de\\\/index.php\\\/author\\\/redaktion\\\/\"}]}<\/script>\n<!-- \/ Yoast SEO plugin. -->","yoast_head_json":{"title":"Ferrari 296 GT3 Evo","description":"Rainer Ro\u00dfbach Rainer Rossbach enzo-und-ferdinand enzo&ferdinand Enzo Ferrari 296 GT3 Evo 296 LMGT3 296 GT3 GT World Challenge Endurance Cup V6-Verbrennungsmotor Turbolader Torsionssteifigkeit Heckdiffusor Aerodynamik Schnellverstellmechanismus Naca-Lufteinl\u00e4sse Homologation","robots":{"index":"index","follow":"follow","max-snippet":"max-snippet:-1","max-image-preview":"max-image-preview:large","max-video-preview":"max-video-preview:-1"},"canonical":"https:\/\/www.enzo-und-ferdinand.de\/index.php\/2025\/07\/03\/ferrari-296-gt3-evo\/","og_locale":"de_DE","og_type":"article","og_title":"Ferrari 296 GT3 Evo","og_description":"Rainer Ro\u00dfbach Rainer Rossbach enzo-und-ferdinand enzo&ferdinand Enzo Ferrari 296 GT3 Evo 296 LMGT3 296 GT3 GT World Challenge Endurance Cup V6-Verbrennungsmotor Turbolader Torsionssteifigkeit Heckdiffusor Aerodynamik Schnellverstellmechanismus Naca-Lufteinl\u00e4sse Homologation","og_url":"https:\/\/www.enzo-und-ferdinand.de\/index.php\/2025\/07\/03\/ferrari-296-gt3-evo\/","og_site_name":"enzo &amp; Ferdinand","article_published_time":"2025-07-03T05:26:19+00:00","article_modified_time":"2026-03-26T12:07:59+00:00","og_image":[{"width":1500,"height":1000,"url":"https:\/\/www.enzo-und-ferdinand.de\/wp-content\/uploads\/2025\/07\/Ferrari_296_GT3_Evo_hero_front.jpg","type":"image\/jpeg"}],"author":"Rainer Ro\u00dfbach","twitter_card":"summary_large_image","twitter_misc":{"Verfasst von":"Rainer Ro\u00dfbach","Gesch\u00e4tzte Lesezeit":"6\u00a0Minuten"},"schema":{"@context":"https:\/\/schema.org","@graph":[{"@type":"Article","@id":"https:\/\/www.enzo-und-ferdinand.de\/index.php\/2025\/07\/03\/ferrari-296-gt3-evo\/#article","isPartOf":{"@id":"https:\/\/www.enzo-und-ferdinand.de\/index.php\/2025\/07\/03\/ferrari-296-gt3-evo\/"},"author":{"name":"Rainer Ro\u00dfbach","@id":"https:\/\/www.enzo-und-ferdinand.de\/#\/schema\/person\/aff2eb9ff87705987c1b9d21fe10b095"},"headline":"Ferrari 296 GT3 Evo","datePublished":"2025-07-03T05:26:19+00:00","dateModified":"2026-03-26T12:07:59+00:00","mainEntityOfPage":{"@id":"https:\/\/www.enzo-und-ferdinand.de\/index.php\/2025\/07\/03\/ferrari-296-gt3-evo\/"},"wordCount":827,"publisher":{"@id":"https:\/\/www.enzo-und-ferdinand.de\/#organization"},"image":{"@id":"https:\/\/www.enzo-und-ferdinand.de\/index.php\/2025\/07\/03\/ferrari-296-gt3-evo\/#primaryimage"},"thumbnailUrl":"https:\/\/www.enzo-und-ferdinand.de\/wp-content\/uploads\/2025\/07\/Ferrari_296_GT3_Evo_hero_front.jpg","keywords":["Ferrari"],"articleSection":["Performance","Rennsport","Technologie"],"inLanguage":"de"},{"@type":"WebPage","@id":"https:\/\/www.enzo-und-ferdinand.de\/index.php\/2025\/07\/03\/ferrari-296-gt3-evo\/","url":"https:\/\/www.enzo-und-ferdinand.de\/index.php\/2025\/07\/03\/ferrari-296-gt3-evo\/","name":"Ferrari 296 GT3 Evo","isPartOf":{"@id":"https:\/\/www.enzo-und-ferdinand.de\/#website"},"primaryImageOfPage":{"@id":"https:\/\/www.enzo-und-ferdinand.de\/index.php\/2025\/07\/03\/ferrari-296-gt3-evo\/#primaryimage"},"image":{"@id":"https:\/\/www.enzo-und-ferdinand.de\/index.php\/2025\/07\/03\/ferrari-296-gt3-evo\/#primaryimage"},"thumbnailUrl":"https:\/\/www.enzo-und-ferdinand.de\/wp-content\/uploads\/2025\/07\/Ferrari_296_GT3_Evo_hero_front.jpg","datePublished":"2025-07-03T05:26:19+00:00","dateModified":"2026-03-26T12:07:59+00:00","description":"Rainer Ro\u00dfbach Rainer Rossbach enzo-und-ferdinand enzo&ferdinand Enzo Ferrari 296 GT3 Evo 296 LMGT3 296 GT3 GT World Challenge Endurance Cup V6-Verbrennungsmotor Turbolader Torsionssteifigkeit Heckdiffusor Aerodynamik Schnellverstellmechanismus Naca-Lufteinl\u00e4sse Homologation","breadcrumb":{"@id":"https:\/\/www.enzo-und-ferdinand.de\/index.php\/2025\/07\/03\/ferrari-296-gt3-evo\/#breadcrumb"},"inLanguage":"de","potentialAction":[{"@type":"ReadAction","target":["https:\/\/www.enzo-und-ferdinand.de\/index.php\/2025\/07\/03\/ferrari-296-gt3-evo\/"]}]},{"@type":"ImageObject","inLanguage":"de","@id":"https:\/\/www.enzo-und-ferdinand.de\/index.php\/2025\/07\/03\/ferrari-296-gt3-evo\/#primaryimage","url":"https:\/\/www.enzo-und-ferdinand.de\/wp-content\/uploads\/2025\/07\/Ferrari_296_GT3_Evo_hero_front.jpg","contentUrl":"https:\/\/www.enzo-und-ferdinand.de\/wp-content\/uploads\/2025\/07\/Ferrari_296_GT3_Evo_hero_front.jpg","width":1500,"height":1000,"caption":"Ferrari 296 GT3 Evo"},{"@type":"BreadcrumbList","@id":"https:\/\/www.enzo-und-ferdinand.de\/index.php\/2025\/07\/03\/ferrari-296-gt3-evo\/#breadcrumb","itemListElement":[{"@type":"ListItem","position":1,"name":"Startseite","item":"https:\/\/www.enzo-und-ferdinand.de\/"},{"@type":"ListItem","position":2,"name":"Ferrari 296 GT3 Evo"}]},{"@type":"WebSite","@id":"https:\/\/www.enzo-und-ferdinand.de\/#website","url":"https:\/\/www.enzo-und-ferdinand.de\/","name":"enzo & Ferdinand","description":"","publisher":{"@id":"https:\/\/www.enzo-und-ferdinand.de\/#organization"},"potentialAction":[{"@type":"SearchAction","target":{"@type":"EntryPoint","urlTemplate":"https:\/\/www.enzo-und-ferdinand.de\/?s={search_term_string}"},"query-input":{"@type":"PropertyValueSpecification","valueRequired":true,"valueName":"search_term_string"}}],"inLanguage":"de"},{"@type":"Organization","@id":"https:\/\/www.enzo-und-ferdinand.de\/#organization","name":"enzo & Ferdinand","url":"https:\/\/www.enzo-und-ferdinand.de\/","logo":{"@type":"ImageObject","inLanguage":"de","@id":"https:\/\/www.enzo-und-ferdinand.de\/#\/schema\/logo\/image\/","url":"https:\/\/www.enzo-und-ferdinand.de\/wp-content\/uploads\/2018\/12\/revvvs-icon.png","contentUrl":"https:\/\/www.enzo-und-ferdinand.de\/wp-content\/uploads\/2018\/12\/revvvs-icon.png","width":512,"height":512,"caption":"enzo & Ferdinand"},"image":{"@id":"https:\/\/www.enzo-und-ferdinand.de\/#\/schema\/logo\/image\/"}},{"@type":"Person","@id":"https:\/\/www.enzo-und-ferdinand.de\/#\/schema\/person\/aff2eb9ff87705987c1b9d21fe10b095","name":"Rainer Ro\u00dfbach","image":{"@type":"ImageObject","inLanguage":"de","@id":"https:\/\/www.enzo-und-ferdinand.de\/wp-content\/uploads\/2026\/01\/Rainer-Rossbach-150x150.jpg","url":"https:\/\/www.enzo-und-ferdinand.de\/wp-content\/uploads\/2026\/01\/Rainer-Rossbach-150x150.jpg","contentUrl":"https:\/\/www.enzo-und-ferdinand.de\/wp-content\/uploads\/2026\/01\/Rainer-Rossbach-150x150.jpg","caption":"Rainer Ro\u00dfbach"},"url":"https:\/\/www.enzo-und-ferdinand.de\/index.php\/author\/redaktion\/"}]}},"_links":{"self":[{"href":"https:\/\/www.enzo-und-ferdinand.de\/index.php\/wp-json\/wp\/v2\/posts\/20509","targetHints":{"allow":["GET"]}}],"collection":[{"href":"https:\/\/www.enzo-und-ferdinand.de\/index.php\/wp-json\/wp\/v2\/posts"}],"about":[{"href":"https:\/\/www.enzo-und-ferdinand.de\/index.php\/wp-json\/wp\/v2\/types\/post"}],"author":[{"embeddable":true,"href":"https:\/\/www.enzo-und-ferdinand.de\/index.php\/wp-json\/wp\/v2\/users\/1"}],"replies":[{"embeddable":true,"href":"https:\/\/www.enzo-und-ferdinand.de\/index.php\/wp-json\/wp\/v2\/comments?post=20509"}],"version-history":[{"count":3,"href":"https:\/\/www.enzo-und-ferdinand.de\/index.php\/wp-json\/wp\/v2\/posts\/20509\/revisions"}],"predecessor-version":[{"id":20512,"href":"https:\/\/www.enzo-und-ferdinand.de\/index.php\/wp-json\/wp\/v2\/posts\/20509\/revisions\/20512"}],"wp:featuredmedia":[{"embeddable":true,"href":"https:\/\/www.enzo-und-ferdinand.de\/index.php\/wp-json\/wp\/v2\/media\/20506"}],"wp:attachment":[{"href":"https:\/\/www.enzo-und-ferdinand.de\/index.php\/wp-json\/wp\/v2\/media?parent=20509"}],"wp:term":[{"taxonomy":"category","embeddable":true,"href":"https:\/\/www.enzo-und-ferdinand.de\/index.php\/wp-json\/wp\/v2\/categories?post=20509"},{"taxonomy":"post_tag","embeddable":true,"href":"https:\/\/www.enzo-und-ferdinand.de\/index.php\/wp-json\/wp\/v2\/tags?post=20509"}],"curies":[{"name":"wp","href":"https:\/\/api.w.org\/{rel}","templated":true}]}}