{"id":20589,"date":"2025-07-15T09:21:16","date_gmt":"2025-07-15T07:21:16","guid":{"rendered":"https:\/\/www.enzo-und-ferdinand.de\/?p=20589"},"modified":"2026-03-26T12:58:00","modified_gmt":"2026-03-26T11:58:00","slug":"citroen-pluriel-2002","status":"publish","type":"post","link":"https:\/\/www.enzo-und-ferdinand.de\/index.php\/2025\/07\/15\/citroen-pluriel-2002\/","title":{"rendered":"Citro\u00ebn Pluriel (2002)"},"content":{"rendered":"\n<figure class=\"wp-block-image size-large\"><img loading=\"lazy\" decoding=\"async\" width=\"810\" height=\"540\" src=\"https:\/\/www.enzo-und-ferdinand.de\/wp-content\/uploads\/2025\/07\/Citroen-Pluriel-C3-1-810x540.jpg\" alt=\"Citroe\u0308n C3 Pluriel\" class=\"wp-image-20593\" srcset=\"https:\/\/www.enzo-und-ferdinand.de\/wp-content\/uploads\/2025\/07\/Citroen-Pluriel-C3-1-810x540.jpg 810w, https:\/\/www.enzo-und-ferdinand.de\/wp-content\/uploads\/2025\/07\/Citroen-Pluriel-C3-1-300x200.jpg 300w, https:\/\/www.enzo-und-ferdinand.de\/wp-content\/uploads\/2025\/07\/Citroen-Pluriel-C3-1-768x512.jpg 768w, https:\/\/www.enzo-und-ferdinand.de\/wp-content\/uploads\/2025\/07\/Citroen-Pluriel-C3-1-120x80.jpg 120w, https:\/\/www.enzo-und-ferdinand.de\/wp-content\/uploads\/2025\/07\/Citroen-Pluriel-C3-1.jpg 1500w\" sizes=\"auto, (max-width: 810px) 100vw, 810px\" \/><\/figure>\n\n\n\n<p class=\"wp-block-paragraph\">Eine Kommode vom Flohmarkt im Cabrio mitnehmen: Unm\u00f6glich! Unm\u00f6glich? Auf der IAA vor 1999 in Frankfurt zeigte Citro\u00ebn die Studie Pluriel. Dieser Verwandlungsk\u00fcnstler konnte als geschlossene Limousine, Cabrio-Limousine, viersitziges Cabrio und als Pick-Up gefahren werden und zeigte die vielseitigen M\u00f6glichkeiten eines praktischen und leicht ver\u00e4nderbaren Fahrzeugs. Dank seiner inneren und \u00e4u\u00dferen Variabilit\u00e4t konnte er je nach Situation oder Laune schnell und ohne komplizierte Umbauten von einer Variante in die andere verwandelt werden.<\/p>\n\n\n\n<p class=\"wp-block-paragraph\">Die Wandelbarkeit war dem versenkbaren Rolldach sowie den herausnehmbaren Seitenb\u00fcgeln aus Aluminium zu verdanken. Zudem war die nach unten \u00f6ffnende Heckklappe so ausgelegt, dass sie mit 100 Kilogramm belastet werden konnte. Nach dem Ausbau der R\u00fccksitze diente sie als Verl\u00e4ngerung des Ladebodens und erm\u00f6glichte so den Transport auch von sperrigen Lasten.<\/p>\n\n\n\n<p class=\"wp-block-paragraph\">Wenn das gro\u00dfe Textildach geschlossen war, fuhr man eine dreit\u00fcrige Kompaktlimousine. Wollte man eine Cabrio-Limousine haben, gen\u00fcgte ein Knopfdruck zur Bet\u00e4tigung des elektrischen Schiebedaches und der Fensterheber. Sobald das Schiebedach auf die Heckscheibe zur\u00fcckgefaltet war, verschwand es im doppelten Boden. Die beiden seitlichen Dachtr\u00e4ger blieben aufgesteckt, liessen aber Wind und Sonne freie Bahn. Doch es ging noch mehr: Die beiden Aluminiumb\u00f6gen waren durch ein sehr einfach zu bet\u00e4tigendes Befestigungssystem leicht demontierbar. So wurde das Fahrzeug mit wenigen Handgriffen zum offenen Pickup.<\/p>\n\n\n\n<p class=\"wp-block-paragraph\">Die Fondsitzbank des Pluriel war im doppelten Boden versenkbar und bot damit in jeder Variante die M\u00f6glichkeit, den Laderaum zu vergr\u00f6\u00dfern und sie von einem Viersitzer in einen Zweisitzer zu verwandeln. Die Kofferraumklappe verl\u00e4ngerte die Ladefl\u00e4che, womit der Transport von langen Gegenst\u00e4nden erleichtert wurde. Und damit der Kofferraum jederzeit benutzbar blieb, gab eine verschiebbare Platte Zugang zum doppelten Boden, ohne den Laderaum ausr\u00e4umen zu m\u00fcssen.<\/p>\n\n\n\n<p class=\"wp-block-paragraph\">Der Pluriel war ein Alles-in-Einem Auto. Er wollte den Komfort einer Limousine mit dem Freizeitvergn\u00fcgen und Naturerlebnis eines Cabriolet und der praktischen Vielseitigkeit eines Pickup verbinden. Sein Ziel war es, neue L\u00f6sungen aufzuzeigen, die dem Wandel des Bedarfs, der Erwartungen und des Geschmacks des Publikums von morgen entsprachen.<\/p>\n\n\n\n<p class=\"wp-block-paragraph\">Auf dem 2002er Pariser Automobil-Salon zeigte Citro\u00ebn nun das Serienfahrzeug, das mit seiner intelligenten Konzeption an die besten Zeiten der franz\u00f6sischen Firma ankn\u00fcpfte. Das galt auch f\u00fcr den Preis: Etwa 15 000 Euro machten den \u201ePluriel\u201c zu einem der g\u00fcnstigsten Cabrios auf dem Deutschen Markt. Den Pick-Up und die viersitzige Limousine gab es gratis dazu. Trotz des intelligenten und variablen Designs war dem \u201ePluriel\u201c nur begrenzter Erfolg verg\u00f6nnt. Er blieb ein Unverstandener.<\/p>\n\n\n\n<p class=\"has-text-align-right has-small-font-size wp-block-paragraph\"><em>Fotos: Citro\u00ebn, Stellantis\/Text: <\/em>Rainer Ro\u00dfbach<\/p>\n","protected":false},"excerpt":{"rendered":"<p>Eine Kommode vom Flohmarkt im Cabrio mitnehmen: Unm\u00f6glich! Unm\u00f6glich? Auf der IAA vor 1999 in Frankfurt zeigte Citro\u00ebn die Studie Pluriel. Dieser Verwandlungsk\u00fcnstler konnte als geschlossene Limousine, Cabrio-Limousine, viersitziges Cabrio und als Pick-Up gefahren werden und zeigte die vielseitigen M\u00f6glichkeiten eines praktischen und leicht ver\u00e4nderbaren Fahrzeugs. Dank seiner inneren und \u00e4u\u00dferen Variabilit\u00e4t konnte er je nach Situation oder Laune schnell und ohne komplizierte Umbauten von einer Variante in die andere verwandelt werden.<\/p>\n","protected":false},"author":1,"featured_media":20592,"comment_status":"closed","ping_status":"open","sticky":false,"template":"","format":"standard","meta":{"_crdt_document":"","ngg_post_thumbnail":0,"footnotes":""},"categories":[45],"tags":[217],"class_list":["post-20589","post","type-post","status-publish","format-standard","has-post-thumbnail","hentry","category-neues","tag-citroen"],"yoast_head":"<!-- This site is optimized with the Yoast SEO plugin v27.5 - https:\/\/yoast.com\/product\/yoast-seo-wordpress\/ -->\n<title>Citro\u00ebn Pluriel (2002)<\/title>\n<meta name=\"description\" content=\"Rainer Ro\u00dfbach Rainer Rossbach enzo-und-ferdinand enzo&amp;ferdinand Enzo Citro\u00ebn Pluriel IAA 1999 Limousine Cabrio-Limousine Pick-Up Variabilit\u00e4t versenkbares Rolldach Ladeboden Textildach doppelter Boden\" \/>\n<meta name=\"robots\" content=\"index, follow, max-snippet:-1, max-image-preview:large, max-video-preview:-1\" \/>\n<link rel=\"canonical\" href=\"https:\/\/www.enzo-und-ferdinand.de\/index.php\/2025\/07\/15\/citroen-pluriel-2002\/\" \/>\n<meta property=\"og:locale\" content=\"de_DE\" \/>\n<meta property=\"og:type\" content=\"article\" \/>\n<meta property=\"og:title\" content=\"Citro\u00ebn Pluriel (2002)\" \/>\n<meta property=\"og:description\" content=\"Rainer Ro\u00dfbach Rainer Rossbach enzo-und-ferdinand enzo&amp;ferdinand Enzo Citro\u00ebn Pluriel IAA 1999 Limousine Cabrio-Limousine Pick-Up Variabilit\u00e4t versenkbares Rolldach Ladeboden Textildach doppelter Boden\" \/>\n<meta property=\"og:url\" content=\"https:\/\/www.enzo-und-ferdinand.de\/index.php\/2025\/07\/15\/citroen-pluriel-2002\/\" \/>\n<meta property=\"og:site_name\" content=\"enzo &amp; Ferdinand\" \/>\n<meta property=\"article:published_time\" content=\"2025-07-15T07:21:16+00:00\" \/>\n<meta property=\"article:modified_time\" content=\"2026-03-26T11:58:00+00:00\" \/>\n<meta property=\"og:image\" content=\"https:\/\/www.enzo-und-ferdinand.de\/wp-content\/uploads\/2025\/07\/Citroen-C\u00a7-Pluriel-3.jpg\" \/>\n\t<meta property=\"og:image:width\" content=\"1500\" \/>\n\t<meta property=\"og:image:height\" content=\"973\" \/>\n\t<meta property=\"og:image:type\" content=\"image\/jpeg\" \/>\n<meta name=\"author\" content=\"Rainer Ro\u00dfbach\" \/>\n<meta name=\"twitter:card\" content=\"summary_large_image\" \/>\n<meta name=\"twitter:label1\" content=\"Verfasst von\" \/>\n\t<meta name=\"twitter:data1\" content=\"Rainer Ro\u00dfbach\" \/>\n\t<meta name=\"twitter:label2\" content=\"Gesch\u00e4tzte Lesezeit\" \/>\n\t<meta name=\"twitter:data2\" content=\"3\u00a0Minuten\" \/>\n<script type=\"application\/ld+json\" class=\"yoast-schema-graph\">{\"@context\":\"https:\\\/\\\/schema.org\",\"@graph\":[{\"@type\":\"Article\",\"@id\":\"https:\\\/\\\/www.enzo-und-ferdinand.de\\\/index.php\\\/2025\\\/07\\\/15\\\/citroen-pluriel-2002\\\/#article\",\"isPartOf\":{\"@id\":\"https:\\\/\\\/www.enzo-und-ferdinand.de\\\/index.php\\\/2025\\\/07\\\/15\\\/citroen-pluriel-2002\\\/\"},\"author\":{\"name\":\"Rainer Ro\u00dfbach\",\"@id\":\"https:\\\/\\\/www.enzo-und-ferdinand.de\\\/#\\\/schema\\\/person\\\/aff2eb9ff87705987c1b9d21fe10b095\"},\"headline\":\"Citro\u00ebn Pluriel (2002)\",\"datePublished\":\"2025-07-15T07:21:16+00:00\",\"dateModified\":\"2026-03-26T11:58:00+00:00\",\"mainEntityOfPage\":{\"@id\":\"https:\\\/\\\/www.enzo-und-ferdinand.de\\\/index.php\\\/2025\\\/07\\\/15\\\/citroen-pluriel-2002\\\/\"},\"wordCount\":431,\"publisher\":{\"@id\":\"https:\\\/\\\/www.enzo-und-ferdinand.de\\\/#organization\"},\"image\":{\"@id\":\"https:\\\/\\\/www.enzo-und-ferdinand.de\\\/index.php\\\/2025\\\/07\\\/15\\\/citroen-pluriel-2002\\\/#primaryimage\"},\"thumbnailUrl\":\"https:\\\/\\\/www.enzo-und-ferdinand.de\\\/wp-content\\\/uploads\\\/2025\\\/07\\\/Citroen-C\u00a7-Pluriel-3.jpg\",\"keywords\":[\"Citro\u00ebn\"],\"articleSection\":[\"Neues\"],\"inLanguage\":\"de\"},{\"@type\":\"WebPage\",\"@id\":\"https:\\\/\\\/www.enzo-und-ferdinand.de\\\/index.php\\\/2025\\\/07\\\/15\\\/citroen-pluriel-2002\\\/\",\"url\":\"https:\\\/\\\/www.enzo-und-ferdinand.de\\\/index.php\\\/2025\\\/07\\\/15\\\/citroen-pluriel-2002\\\/\",\"name\":\"Citro\u00ebn Pluriel (2002)\",\"isPartOf\":{\"@id\":\"https:\\\/\\\/www.enzo-und-ferdinand.de\\\/#website\"},\"primaryImageOfPage\":{\"@id\":\"https:\\\/\\\/www.enzo-und-ferdinand.de\\\/index.php\\\/2025\\\/07\\\/15\\\/citroen-pluriel-2002\\\/#primaryimage\"},\"image\":{\"@id\":\"https:\\\/\\\/www.enzo-und-ferdinand.de\\\/index.php\\\/2025\\\/07\\\/15\\\/citroen-pluriel-2002\\\/#primaryimage\"},\"thumbnailUrl\":\"https:\\\/\\\/www.enzo-und-ferdinand.de\\\/wp-content\\\/uploads\\\/2025\\\/07\\\/Citroen-C\u00a7-Pluriel-3.jpg\",\"datePublished\":\"2025-07-15T07:21:16+00:00\",\"dateModified\":\"2026-03-26T11:58:00+00:00\",\"description\":\"Rainer Ro\u00dfbach Rainer Rossbach enzo-und-ferdinand enzo&ferdinand Enzo Citro\u00ebn Pluriel IAA 1999 Limousine Cabrio-Limousine Pick-Up Variabilit\u00e4t versenkbares Rolldach Ladeboden Textildach doppelter Boden\",\"breadcrumb\":{\"@id\":\"https:\\\/\\\/www.enzo-und-ferdinand.de\\\/index.php\\\/2025\\\/07\\\/15\\\/citroen-pluriel-2002\\\/#breadcrumb\"},\"inLanguage\":\"de\",\"potentialAction\":[{\"@type\":\"ReadAction\",\"target\":[\"https:\\\/\\\/www.enzo-und-ferdinand.de\\\/index.php\\\/2025\\\/07\\\/15\\\/citroen-pluriel-2002\\\/\"]}]},{\"@type\":\"ImageObject\",\"inLanguage\":\"de\",\"@id\":\"https:\\\/\\\/www.enzo-und-ferdinand.de\\\/index.php\\\/2025\\\/07\\\/15\\\/citroen-pluriel-2002\\\/#primaryimage\",\"url\":\"https:\\\/\\\/www.enzo-und-ferdinand.de\\\/wp-content\\\/uploads\\\/2025\\\/07\\\/Citroen-C\u00a7-Pluriel-3.jpg\",\"contentUrl\":\"https:\\\/\\\/www.enzo-und-ferdinand.de\\\/wp-content\\\/uploads\\\/2025\\\/07\\\/Citroen-C\u00a7-Pluriel-3.jpg\",\"width\":1500,\"height\":973,\"caption\":\"Citroe\u0308n C3 Pluriel\"},{\"@type\":\"BreadcrumbList\",\"@id\":\"https:\\\/\\\/www.enzo-und-ferdinand.de\\\/index.php\\\/2025\\\/07\\\/15\\\/citroen-pluriel-2002\\\/#breadcrumb\",\"itemListElement\":[{\"@type\":\"ListItem\",\"position\":1,\"name\":\"Startseite\",\"item\":\"https:\\\/\\\/www.enzo-und-ferdinand.de\\\/\"},{\"@type\":\"ListItem\",\"position\":2,\"name\":\"Citro\u00ebn Pluriel (2002)\"}]},{\"@type\":\"WebSite\",\"@id\":\"https:\\\/\\\/www.enzo-und-ferdinand.de\\\/#website\",\"url\":\"https:\\\/\\\/www.enzo-und-ferdinand.de\\\/\",\"name\":\"enzo & Ferdinand\",\"description\":\"\",\"publisher\":{\"@id\":\"https:\\\/\\\/www.enzo-und-ferdinand.de\\\/#organization\"},\"potentialAction\":[{\"@type\":\"SearchAction\",\"target\":{\"@type\":\"EntryPoint\",\"urlTemplate\":\"https:\\\/\\\/www.enzo-und-ferdinand.de\\\/?s={search_term_string}\"},\"query-input\":{\"@type\":\"PropertyValueSpecification\",\"valueRequired\":true,\"valueName\":\"search_term_string\"}}],\"inLanguage\":\"de\"},{\"@type\":\"Organization\",\"@id\":\"https:\\\/\\\/www.enzo-und-ferdinand.de\\\/#organization\",\"name\":\"enzo & Ferdinand\",\"url\":\"https:\\\/\\\/www.enzo-und-ferdinand.de\\\/\",\"logo\":{\"@type\":\"ImageObject\",\"inLanguage\":\"de\",\"@id\":\"https:\\\/\\\/www.enzo-und-ferdinand.de\\\/#\\\/schema\\\/logo\\\/image\\\/\",\"url\":\"https:\\\/\\\/www.enzo-und-ferdinand.de\\\/wp-content\\\/uploads\\\/2018\\\/12\\\/revvvs-icon.png\",\"contentUrl\":\"https:\\\/\\\/www.enzo-und-ferdinand.de\\\/wp-content\\\/uploads\\\/2018\\\/12\\\/revvvs-icon.png\",\"width\":512,\"height\":512,\"caption\":\"enzo & Ferdinand\"},\"image\":{\"@id\":\"https:\\\/\\\/www.enzo-und-ferdinand.de\\\/#\\\/schema\\\/logo\\\/image\\\/\"}},{\"@type\":\"Person\",\"@id\":\"https:\\\/\\\/www.enzo-und-ferdinand.de\\\/#\\\/schema\\\/person\\\/aff2eb9ff87705987c1b9d21fe10b095\",\"name\":\"Rainer Ro\u00dfbach\",\"image\":{\"@type\":\"ImageObject\",\"inLanguage\":\"de\",\"@id\":\"https:\\\/\\\/www.enzo-und-ferdinand.de\\\/wp-content\\\/uploads\\\/2026\\\/01\\\/Rainer-Rossbach-150x150.jpg\",\"url\":\"https:\\\/\\\/www.enzo-und-ferdinand.de\\\/wp-content\\\/uploads\\\/2026\\\/01\\\/Rainer-Rossbach-150x150.jpg\",\"contentUrl\":\"https:\\\/\\\/www.enzo-und-ferdinand.de\\\/wp-content\\\/uploads\\\/2026\\\/01\\\/Rainer-Rossbach-150x150.jpg\",\"caption\":\"Rainer Ro\u00dfbach\"},\"url\":\"https:\\\/\\\/www.enzo-und-ferdinand.de\\\/index.php\\\/author\\\/redaktion\\\/\"}]}<\/script>\n<!-- \/ Yoast SEO plugin. -->","yoast_head_json":{"title":"Citro\u00ebn Pluriel (2002)","description":"Rainer Ro\u00dfbach Rainer Rossbach enzo-und-ferdinand enzo&ferdinand Enzo Citro\u00ebn Pluriel IAA 1999 Limousine Cabrio-Limousine Pick-Up Variabilit\u00e4t versenkbares Rolldach Ladeboden Textildach doppelter Boden","robots":{"index":"index","follow":"follow","max-snippet":"max-snippet:-1","max-image-preview":"max-image-preview:large","max-video-preview":"max-video-preview:-1"},"canonical":"https:\/\/www.enzo-und-ferdinand.de\/index.php\/2025\/07\/15\/citroen-pluriel-2002\/","og_locale":"de_DE","og_type":"article","og_title":"Citro\u00ebn Pluriel (2002)","og_description":"Rainer Ro\u00dfbach Rainer Rossbach enzo-und-ferdinand enzo&ferdinand Enzo Citro\u00ebn Pluriel IAA 1999 Limousine Cabrio-Limousine Pick-Up Variabilit\u00e4t versenkbares Rolldach Ladeboden Textildach doppelter Boden","og_url":"https:\/\/www.enzo-und-ferdinand.de\/index.php\/2025\/07\/15\/citroen-pluriel-2002\/","og_site_name":"enzo &amp; Ferdinand","article_published_time":"2025-07-15T07:21:16+00:00","article_modified_time":"2026-03-26T11:58:00+00:00","og_image":[{"width":1500,"height":973,"url":"https:\/\/www.enzo-und-ferdinand.de\/wp-content\/uploads\/2025\/07\/Citroen-C\u00a7-Pluriel-3.jpg","type":"image\/jpeg"}],"author":"Rainer Ro\u00dfbach","twitter_card":"summary_large_image","twitter_misc":{"Verfasst von":"Rainer Ro\u00dfbach","Gesch\u00e4tzte Lesezeit":"3\u00a0Minuten"},"schema":{"@context":"https:\/\/schema.org","@graph":[{"@type":"Article","@id":"https:\/\/www.enzo-und-ferdinand.de\/index.php\/2025\/07\/15\/citroen-pluriel-2002\/#article","isPartOf":{"@id":"https:\/\/www.enzo-und-ferdinand.de\/index.php\/2025\/07\/15\/citroen-pluriel-2002\/"},"author":{"name":"Rainer Ro\u00dfbach","@id":"https:\/\/www.enzo-und-ferdinand.de\/#\/schema\/person\/aff2eb9ff87705987c1b9d21fe10b095"},"headline":"Citro\u00ebn Pluriel (2002)","datePublished":"2025-07-15T07:21:16+00:00","dateModified":"2026-03-26T11:58:00+00:00","mainEntityOfPage":{"@id":"https:\/\/www.enzo-und-ferdinand.de\/index.php\/2025\/07\/15\/citroen-pluriel-2002\/"},"wordCount":431,"publisher":{"@id":"https:\/\/www.enzo-und-ferdinand.de\/#organization"},"image":{"@id":"https:\/\/www.enzo-und-ferdinand.de\/index.php\/2025\/07\/15\/citroen-pluriel-2002\/#primaryimage"},"thumbnailUrl":"https:\/\/www.enzo-und-ferdinand.de\/wp-content\/uploads\/2025\/07\/Citroen-C\u00a7-Pluriel-3.jpg","keywords":["Citro\u00ebn"],"articleSection":["Neues"],"inLanguage":"de"},{"@type":"WebPage","@id":"https:\/\/www.enzo-und-ferdinand.de\/index.php\/2025\/07\/15\/citroen-pluriel-2002\/","url":"https:\/\/www.enzo-und-ferdinand.de\/index.php\/2025\/07\/15\/citroen-pluriel-2002\/","name":"Citro\u00ebn Pluriel (2002)","isPartOf":{"@id":"https:\/\/www.enzo-und-ferdinand.de\/#website"},"primaryImageOfPage":{"@id":"https:\/\/www.enzo-und-ferdinand.de\/index.php\/2025\/07\/15\/citroen-pluriel-2002\/#primaryimage"},"image":{"@id":"https:\/\/www.enzo-und-ferdinand.de\/index.php\/2025\/07\/15\/citroen-pluriel-2002\/#primaryimage"},"thumbnailUrl":"https:\/\/www.enzo-und-ferdinand.de\/wp-content\/uploads\/2025\/07\/Citroen-C\u00a7-Pluriel-3.jpg","datePublished":"2025-07-15T07:21:16+00:00","dateModified":"2026-03-26T11:58:00+00:00","description":"Rainer Ro\u00dfbach Rainer Rossbach enzo-und-ferdinand enzo&ferdinand Enzo Citro\u00ebn Pluriel IAA 1999 Limousine Cabrio-Limousine Pick-Up Variabilit\u00e4t versenkbares Rolldach Ladeboden Textildach doppelter Boden","breadcrumb":{"@id":"https:\/\/www.enzo-und-ferdinand.de\/index.php\/2025\/07\/15\/citroen-pluriel-2002\/#breadcrumb"},"inLanguage":"de","potentialAction":[{"@type":"ReadAction","target":["https:\/\/www.enzo-und-ferdinand.de\/index.php\/2025\/07\/15\/citroen-pluriel-2002\/"]}]},{"@type":"ImageObject","inLanguage":"de","@id":"https:\/\/www.enzo-und-ferdinand.de\/index.php\/2025\/07\/15\/citroen-pluriel-2002\/#primaryimage","url":"https:\/\/www.enzo-und-ferdinand.de\/wp-content\/uploads\/2025\/07\/Citroen-C\u00a7-Pluriel-3.jpg","contentUrl":"https:\/\/www.enzo-und-ferdinand.de\/wp-content\/uploads\/2025\/07\/Citroen-C\u00a7-Pluriel-3.jpg","width":1500,"height":973,"caption":"Citroe\u0308n C3 Pluriel"},{"@type":"BreadcrumbList","@id":"https:\/\/www.enzo-und-ferdinand.de\/index.php\/2025\/07\/15\/citroen-pluriel-2002\/#breadcrumb","itemListElement":[{"@type":"ListItem","position":1,"name":"Startseite","item":"https:\/\/www.enzo-und-ferdinand.de\/"},{"@type":"ListItem","position":2,"name":"Citro\u00ebn Pluriel (2002)"}]},{"@type":"WebSite","@id":"https:\/\/www.enzo-und-ferdinand.de\/#website","url":"https:\/\/www.enzo-und-ferdinand.de\/","name":"enzo & Ferdinand","description":"","publisher":{"@id":"https:\/\/www.enzo-und-ferdinand.de\/#organization"},"potentialAction":[{"@type":"SearchAction","target":{"@type":"EntryPoint","urlTemplate":"https:\/\/www.enzo-und-ferdinand.de\/?s={search_term_string}"},"query-input":{"@type":"PropertyValueSpecification","valueRequired":true,"valueName":"search_term_string"}}],"inLanguage":"de"},{"@type":"Organization","@id":"https:\/\/www.enzo-und-ferdinand.de\/#organization","name":"enzo & Ferdinand","url":"https:\/\/www.enzo-und-ferdinand.de\/","logo":{"@type":"ImageObject","inLanguage":"de","@id":"https:\/\/www.enzo-und-ferdinand.de\/#\/schema\/logo\/image\/","url":"https:\/\/www.enzo-und-ferdinand.de\/wp-content\/uploads\/2018\/12\/revvvs-icon.png","contentUrl":"https:\/\/www.enzo-und-ferdinand.de\/wp-content\/uploads\/2018\/12\/revvvs-icon.png","width":512,"height":512,"caption":"enzo & Ferdinand"},"image":{"@id":"https:\/\/www.enzo-und-ferdinand.de\/#\/schema\/logo\/image\/"}},{"@type":"Person","@id":"https:\/\/www.enzo-und-ferdinand.de\/#\/schema\/person\/aff2eb9ff87705987c1b9d21fe10b095","name":"Rainer Ro\u00dfbach","image":{"@type":"ImageObject","inLanguage":"de","@id":"https:\/\/www.enzo-und-ferdinand.de\/wp-content\/uploads\/2026\/01\/Rainer-Rossbach-150x150.jpg","url":"https:\/\/www.enzo-und-ferdinand.de\/wp-content\/uploads\/2026\/01\/Rainer-Rossbach-150x150.jpg","contentUrl":"https:\/\/www.enzo-und-ferdinand.de\/wp-content\/uploads\/2026\/01\/Rainer-Rossbach-150x150.jpg","caption":"Rainer Ro\u00dfbach"},"url":"https:\/\/www.enzo-und-ferdinand.de\/index.php\/author\/redaktion\/"}]}},"_links":{"self":[{"href":"https:\/\/www.enzo-und-ferdinand.de\/index.php\/wp-json\/wp\/v2\/posts\/20589","targetHints":{"allow":["GET"]}}],"collection":[{"href":"https:\/\/www.enzo-und-ferdinand.de\/index.php\/wp-json\/wp\/v2\/posts"}],"about":[{"href":"https:\/\/www.enzo-und-ferdinand.de\/index.php\/wp-json\/wp\/v2\/types\/post"}],"author":[{"embeddable":true,"href":"https:\/\/www.enzo-und-ferdinand.de\/index.php\/wp-json\/wp\/v2\/users\/1"}],"replies":[{"embeddable":true,"href":"https:\/\/www.enzo-und-ferdinand.de\/index.php\/wp-json\/wp\/v2\/comments?post=20589"}],"version-history":[{"count":3,"href":"https:\/\/www.enzo-und-ferdinand.de\/index.php\/wp-json\/wp\/v2\/posts\/20589\/revisions"}],"predecessor-version":[{"id":20594,"href":"https:\/\/www.enzo-und-ferdinand.de\/index.php\/wp-json\/wp\/v2\/posts\/20589\/revisions\/20594"}],"wp:featuredmedia":[{"embeddable":true,"href":"https:\/\/www.enzo-und-ferdinand.de\/index.php\/wp-json\/wp\/v2\/media\/20592"}],"wp:attachment":[{"href":"https:\/\/www.enzo-und-ferdinand.de\/index.php\/wp-json\/wp\/v2\/media?parent=20589"}],"wp:term":[{"taxonomy":"category","embeddable":true,"href":"https:\/\/www.enzo-und-ferdinand.de\/index.php\/wp-json\/wp\/v2\/categories?post=20589"},{"taxonomy":"post_tag","embeddable":true,"href":"https:\/\/www.enzo-und-ferdinand.de\/index.php\/wp-json\/wp\/v2\/tags?post=20589"}],"curies":[{"name":"wp","href":"https:\/\/api.w.org\/{rel}","templated":true}]}}