{"id":20595,"date":"2025-07-16T08:34:25","date_gmt":"2025-07-16T06:34:25","guid":{"rendered":"https:\/\/www.enzo-und-ferdinand.de\/?p=20595"},"modified":"2026-03-26T12:56:46","modified_gmt":"2026-03-26T11:56:46","slug":"honda-imas-2003","status":"publish","type":"post","link":"https:\/\/www.enzo-und-ferdinand.de\/index.php\/2025\/07\/16\/honda-imas-2003\/","title":{"rendered":"Honda Imas Concept (2003)"},"content":{"rendered":"\n<figure class=\"wp-block-image size-large\"><img loading=\"lazy\" decoding=\"async\" width=\"810\" height=\"608\" src=\"https:\/\/www.enzo-und-ferdinand.de\/wp-content\/uploads\/2025\/07\/2003_Honda_ImasConcept2-810x608.jpg\" alt=\"Honda Imas Concept\" class=\"wp-image-20599\" srcset=\"https:\/\/www.enzo-und-ferdinand.de\/wp-content\/uploads\/2025\/07\/2003_Honda_ImasConcept2-810x608.jpg 810w, https:\/\/www.enzo-und-ferdinand.de\/wp-content\/uploads\/2025\/07\/2003_Honda_ImasConcept2-300x225.jpg 300w, https:\/\/www.enzo-und-ferdinand.de\/wp-content\/uploads\/2025\/07\/2003_Honda_ImasConcept2-768x576.jpg 768w, https:\/\/www.enzo-und-ferdinand.de\/wp-content\/uploads\/2025\/07\/2003_Honda_ImasConcept2.jpg 1500w\" sizes=\"auto, (max-width: 810px) 100vw, 810px\" \/><\/figure>\n\n\n\n<p class=\"wp-block-paragraph\">Das Sportwagen-Konzept sollte umweltfreundliche Leistung mit dem Fahrspa\u00df eines Sportwagens in einem modernen, leichten, aerodynamischen Paket vereinen. Der auf au\u00dferordentliche Aerodynamik ausgelegte IMAS hatte eine Karbonfaserkarosserie und ein Gewicht von nur 700 kg. Pr\u00e4zise geformte aerodynamische Konturen und ein transparenter Spoiler mit eingebauten Heckleuchten trugen zum au\u00dfergew\u00f6hnlichen Cw-Wert von 0,20 bei. Der Mix von kantiger Linienf\u00fchrung und glatten Fl\u00e4chen sorgte f\u00fcr eine au\u00dferordentlich windschl\u00fcpfrige Form.&nbsp;<\/p>\n\n\n\n<p class=\"wp-block-paragraph\">Eine gro\u00dfz\u00fcgige Glaskuppel, schmale, kristallin wirkende Frontleuchten sowie ein Frontspoiler betonten die Sportlichkeit. Die F\u00fcnfspeichen-Aluminiumfelgen, verkleidete Hinterr\u00e4der sowie der Doppelspoiler im Heck unterstrichen den dynamischen Eindruck des Fahrzeugs.<\/p>\n\n\n\n<figure class=\"wp-block-image size-large\"><img loading=\"lazy\" decoding=\"async\" width=\"810\" height=\"608\" src=\"https:\/\/www.enzo-und-ferdinand.de\/wp-content\/uploads\/2025\/07\/2003_Honda_ImasConcept3-810x608.jpg\" alt=\"Honda Imas Concept\" class=\"wp-image-20600\" srcset=\"https:\/\/www.enzo-und-ferdinand.de\/wp-content\/uploads\/2025\/07\/2003_Honda_ImasConcept3-810x608.jpg 810w, https:\/\/www.enzo-und-ferdinand.de\/wp-content\/uploads\/2025\/07\/2003_Honda_ImasConcept3-300x225.jpg 300w, https:\/\/www.enzo-und-ferdinand.de\/wp-content\/uploads\/2025\/07\/2003_Honda_ImasConcept3-768x576.jpg 768w, https:\/\/www.enzo-und-ferdinand.de\/wp-content\/uploads\/2025\/07\/2003_Honda_ImasConcept3.jpg 1500w\" sizes=\"auto, (max-width: 810px) 100vw, 810px\" \/><\/figure>\n\n\n\n<p class=\"wp-block-paragraph\">Das effiziente Triebwerk war eine Weiterentwicklung des IMA-Systems von Honda. Das Ergebnis war ein sportliches und dabei sparsames und umweltfreundliches Fahrzeug. Sein Antrieb verband einen 2.0 l-Benzinmotor mit einem kompakten und gewichtsarmen Elektromotor, der beim Beschleunigen die Leistung steigerte und die ansonsten beim Bremsen verloren gehende Energie aufnahm.<\/p>\n\n\n\n<p class=\"wp-block-paragraph\">Dank seines besonders geringen Gewichts und seiner herausragenden Aerodynamik kam der IMAS mit nur 2,5 Liter Kraftstoff 100 km weit. Das Handling wurde durch ein wellenloses VGS-Lenksystem optimiert. Die \u201eDrive-by-wire\u201c-Technologie sorgte f\u00fcr ein direktes Ansprechverhalten.<\/p>\n\n\n\n<p class=\"wp-block-paragraph\">Der auf Leichtigkeit ausgelegte Innenraum war bewusst n\u00fcchtern gehalten und erinnerte mit seiner Rahmenstruktur aus Aluminium an ein Rennrad mit polierten Elementen. Eine ultrad\u00fcnne, transparente Instrumententafel und ein Navigationsmonitor boten detaillierte Informationen mit Bildern von einer CCD-Kamera, die zeigte, was neben und hinter dem Fahrzeug geschieht. Zum bequemen Ein- und Ausladen diente eine oben und unten teilbare Heckklappe.<\/p>\n\n\n\n<figure class=\"wp-block-image size-large\"><img loading=\"lazy\" decoding=\"async\" width=\"810\" height=\"503\" src=\"https:\/\/www.enzo-und-ferdinand.de\/wp-content\/uploads\/2025\/07\/2003_Honda_ImasConcept4-810x503.jpg\" alt=\"Honda Imas Concept\" class=\"wp-image-20601\" srcset=\"https:\/\/www.enzo-und-ferdinand.de\/wp-content\/uploads\/2025\/07\/2003_Honda_ImasConcept4-810x503.jpg 810w, https:\/\/www.enzo-und-ferdinand.de\/wp-content\/uploads\/2025\/07\/2003_Honda_ImasConcept4-300x186.jpg 300w, https:\/\/www.enzo-und-ferdinand.de\/wp-content\/uploads\/2025\/07\/2003_Honda_ImasConcept4-768x477.jpg 768w, https:\/\/www.enzo-und-ferdinand.de\/wp-content\/uploads\/2025\/07\/2003_Honda_ImasConcept4.jpg 1500w\" sizes=\"auto, (max-width: 810px) 100vw, 810px\" \/><\/figure>\n\n\n\n<p class=\"has-text-align-right has-small-font-size wp-block-paragraph\">Fotos:Honda\/Text: Rainer Rossbach<\/p>\n","protected":false},"excerpt":{"rendered":"<p>Das Sportwagen-Konzept sollte umweltfreundliche Leistung mit dem Fahrspa\u00df eines Sportwagens in einem modernen, leichten, aerodynamischen Paket vereinen. Der auf au\u00dferordentliche Aerodynamik ausgelegte IMAS hatte eine Karbonfaserkarosserie und ein Gewicht von nur 700 kg. Pr\u00e4zise geformte aerodynamische Konturen und ein transparenter Spoiler mit eingebauten Heckleuchten trugen zum au\u00dfergew\u00f6hnlichen Cw-Wert von 0,20 bei. Der Mix von kantiger Linienf\u00fchrung und glatten Fl\u00e4chen sorgte f\u00fcr eine au\u00dferordentlich windschl\u00fcpfrige Form.\u00a0<\/p>\n","protected":false},"author":1,"featured_media":20598,"comment_status":"closed","ping_status":"open","sticky":false,"template":"","format":"standard","meta":{"_crdt_document":"","ngg_post_thumbnail":0,"footnotes":""},"categories":[281,4,586],"tags":[247],"class_list":["post-20595","post","type-post","status-publish","format-standard","has-post-thumbnail","hentry","category-japan","category-studien","category-technologie","tag-honda"],"yoast_head":"<!-- This site is optimized with the Yoast SEO plugin v27.5 - https:\/\/yoast.com\/product\/yoast-seo-wordpress\/ -->\n<title>Honda Imas (2003)<\/title>\n<meta name=\"description\" content=\"Rainer Ro\u00dfbach Rainer Rossbach enzo-und-ferdinand enzo&amp;ferdinand Enzo Honda Imas Aerodynamik Karbonfaserkarosserie Glaskuppel Doppelspoiler IMA Elektromotor VGS-Lenksystem Drive-by-wire Aluminium CCD-Kamera teilbare Heckklappe\" \/>\n<meta name=\"robots\" content=\"index, follow, max-snippet:-1, max-image-preview:large, max-video-preview:-1\" \/>\n<link rel=\"canonical\" href=\"https:\/\/www.enzo-und-ferdinand.de\/index.php\/2025\/07\/16\/honda-imas-2003\/\" \/>\n<meta property=\"og:locale\" content=\"de_DE\" \/>\n<meta property=\"og:type\" content=\"article\" \/>\n<meta property=\"og:title\" content=\"Honda Imas (2003)\" \/>\n<meta property=\"og:description\" content=\"Rainer Ro\u00dfbach Rainer Rossbach enzo-und-ferdinand enzo&amp;ferdinand Enzo Honda Imas Aerodynamik Karbonfaserkarosserie Glaskuppel Doppelspoiler IMA Elektromotor VGS-Lenksystem Drive-by-wire Aluminium CCD-Kamera teilbare Heckklappe\" \/>\n<meta property=\"og:url\" content=\"https:\/\/www.enzo-und-ferdinand.de\/index.php\/2025\/07\/16\/honda-imas-2003\/\" \/>\n<meta property=\"og:site_name\" content=\"enzo &amp; Ferdinand\" \/>\n<meta property=\"article:published_time\" content=\"2025-07-16T06:34:25+00:00\" \/>\n<meta property=\"article:modified_time\" content=\"2026-03-26T11:56:46+00:00\" \/>\n<meta property=\"og:image\" content=\"https:\/\/www.enzo-und-ferdinand.de\/wp-content\/uploads\/2025\/07\/2003_Honda_ImasConcept1.jpg\" \/>\n\t<meta property=\"og:image:width\" content=\"1500\" \/>\n\t<meta property=\"og:image:height\" content=\"1125\" \/>\n\t<meta property=\"og:image:type\" content=\"image\/jpeg\" \/>\n<meta name=\"author\" content=\"Rainer Ro\u00dfbach\" \/>\n<meta name=\"twitter:card\" content=\"summary_large_image\" \/>\n<meta name=\"twitter:label1\" content=\"Verfasst von\" \/>\n\t<meta name=\"twitter:data1\" content=\"Rainer Ro\u00dfbach\" \/>\n\t<meta name=\"twitter:label2\" content=\"Gesch\u00e4tzte Lesezeit\" \/>\n\t<meta name=\"twitter:data2\" content=\"3\u00a0Minuten\" \/>\n<script type=\"application\/ld+json\" class=\"yoast-schema-graph\">{\"@context\":\"https:\\\/\\\/schema.org\",\"@graph\":[{\"@type\":\"Article\",\"@id\":\"https:\\\/\\\/www.enzo-und-ferdinand.de\\\/index.php\\\/2025\\\/07\\\/16\\\/honda-imas-2003\\\/#article\",\"isPartOf\":{\"@id\":\"https:\\\/\\\/www.enzo-und-ferdinand.de\\\/index.php\\\/2025\\\/07\\\/16\\\/honda-imas-2003\\\/\"},\"author\":{\"name\":\"Rainer Ro\u00dfbach\",\"@id\":\"https:\\\/\\\/www.enzo-und-ferdinand.de\\\/#\\\/schema\\\/person\\\/aff2eb9ff87705987c1b9d21fe10b095\"},\"headline\":\"Honda Imas Concept (2003)\",\"datePublished\":\"2025-07-16T06:34:25+00:00\",\"dateModified\":\"2026-03-26T11:56:46+00:00\",\"mainEntityOfPage\":{\"@id\":\"https:\\\/\\\/www.enzo-und-ferdinand.de\\\/index.php\\\/2025\\\/07\\\/16\\\/honda-imas-2003\\\/\"},\"wordCount\":255,\"publisher\":{\"@id\":\"https:\\\/\\\/www.enzo-und-ferdinand.de\\\/#organization\"},\"image\":{\"@id\":\"https:\\\/\\\/www.enzo-und-ferdinand.de\\\/index.php\\\/2025\\\/07\\\/16\\\/honda-imas-2003\\\/#primaryimage\"},\"thumbnailUrl\":\"https:\\\/\\\/www.enzo-und-ferdinand.de\\\/wp-content\\\/uploads\\\/2025\\\/07\\\/2003_Honda_ImasConcept1.jpg\",\"keywords\":[\"Honda\"],\"articleSection\":[\"Japan Design\",\"Studien\",\"Technologie\"],\"inLanguage\":\"de\"},{\"@type\":\"WebPage\",\"@id\":\"https:\\\/\\\/www.enzo-und-ferdinand.de\\\/index.php\\\/2025\\\/07\\\/16\\\/honda-imas-2003\\\/\",\"url\":\"https:\\\/\\\/www.enzo-und-ferdinand.de\\\/index.php\\\/2025\\\/07\\\/16\\\/honda-imas-2003\\\/\",\"name\":\"Honda Imas (2003)\",\"isPartOf\":{\"@id\":\"https:\\\/\\\/www.enzo-und-ferdinand.de\\\/#website\"},\"primaryImageOfPage\":{\"@id\":\"https:\\\/\\\/www.enzo-und-ferdinand.de\\\/index.php\\\/2025\\\/07\\\/16\\\/honda-imas-2003\\\/#primaryimage\"},\"image\":{\"@id\":\"https:\\\/\\\/www.enzo-und-ferdinand.de\\\/index.php\\\/2025\\\/07\\\/16\\\/honda-imas-2003\\\/#primaryimage\"},\"thumbnailUrl\":\"https:\\\/\\\/www.enzo-und-ferdinand.de\\\/wp-content\\\/uploads\\\/2025\\\/07\\\/2003_Honda_ImasConcept1.jpg\",\"datePublished\":\"2025-07-16T06:34:25+00:00\",\"dateModified\":\"2026-03-26T11:56:46+00:00\",\"description\":\"Rainer Ro\u00dfbach Rainer Rossbach enzo-und-ferdinand enzo&ferdinand Enzo Honda Imas Aerodynamik Karbonfaserkarosserie Glaskuppel Doppelspoiler IMA Elektromotor VGS-Lenksystem Drive-by-wire Aluminium CCD-Kamera teilbare Heckklappe\",\"breadcrumb\":{\"@id\":\"https:\\\/\\\/www.enzo-und-ferdinand.de\\\/index.php\\\/2025\\\/07\\\/16\\\/honda-imas-2003\\\/#breadcrumb\"},\"inLanguage\":\"de\",\"potentialAction\":[{\"@type\":\"ReadAction\",\"target\":[\"https:\\\/\\\/www.enzo-und-ferdinand.de\\\/index.php\\\/2025\\\/07\\\/16\\\/honda-imas-2003\\\/\"]}]},{\"@type\":\"ImageObject\",\"inLanguage\":\"de\",\"@id\":\"https:\\\/\\\/www.enzo-und-ferdinand.de\\\/index.php\\\/2025\\\/07\\\/16\\\/honda-imas-2003\\\/#primaryimage\",\"url\":\"https:\\\/\\\/www.enzo-und-ferdinand.de\\\/wp-content\\\/uploads\\\/2025\\\/07\\\/2003_Honda_ImasConcept1.jpg\",\"contentUrl\":\"https:\\\/\\\/www.enzo-und-ferdinand.de\\\/wp-content\\\/uploads\\\/2025\\\/07\\\/2003_Honda_ImasConcept1.jpg\",\"width\":1500,\"height\":1125,\"caption\":\"Honda Imas Concept\"},{\"@type\":\"BreadcrumbList\",\"@id\":\"https:\\\/\\\/www.enzo-und-ferdinand.de\\\/index.php\\\/2025\\\/07\\\/16\\\/honda-imas-2003\\\/#breadcrumb\",\"itemListElement\":[{\"@type\":\"ListItem\",\"position\":1,\"name\":\"Startseite\",\"item\":\"https:\\\/\\\/www.enzo-und-ferdinand.de\\\/\"},{\"@type\":\"ListItem\",\"position\":2,\"name\":\"Honda Imas Concept (2003)\"}]},{\"@type\":\"WebSite\",\"@id\":\"https:\\\/\\\/www.enzo-und-ferdinand.de\\\/#website\",\"url\":\"https:\\\/\\\/www.enzo-und-ferdinand.de\\\/\",\"name\":\"enzo & Ferdinand\",\"description\":\"\",\"publisher\":{\"@id\":\"https:\\\/\\\/www.enzo-und-ferdinand.de\\\/#organization\"},\"potentialAction\":[{\"@type\":\"SearchAction\",\"target\":{\"@type\":\"EntryPoint\",\"urlTemplate\":\"https:\\\/\\\/www.enzo-und-ferdinand.de\\\/?s={search_term_string}\"},\"query-input\":{\"@type\":\"PropertyValueSpecification\",\"valueRequired\":true,\"valueName\":\"search_term_string\"}}],\"inLanguage\":\"de\"},{\"@type\":\"Organization\",\"@id\":\"https:\\\/\\\/www.enzo-und-ferdinand.de\\\/#organization\",\"name\":\"enzo & Ferdinand\",\"url\":\"https:\\\/\\\/www.enzo-und-ferdinand.de\\\/\",\"logo\":{\"@type\":\"ImageObject\",\"inLanguage\":\"de\",\"@id\":\"https:\\\/\\\/www.enzo-und-ferdinand.de\\\/#\\\/schema\\\/logo\\\/image\\\/\",\"url\":\"https:\\\/\\\/www.enzo-und-ferdinand.de\\\/wp-content\\\/uploads\\\/2018\\\/12\\\/revvvs-icon.png\",\"contentUrl\":\"https:\\\/\\\/www.enzo-und-ferdinand.de\\\/wp-content\\\/uploads\\\/2018\\\/12\\\/revvvs-icon.png\",\"width\":512,\"height\":512,\"caption\":\"enzo & Ferdinand\"},\"image\":{\"@id\":\"https:\\\/\\\/www.enzo-und-ferdinand.de\\\/#\\\/schema\\\/logo\\\/image\\\/\"}},{\"@type\":\"Person\",\"@id\":\"https:\\\/\\\/www.enzo-und-ferdinand.de\\\/#\\\/schema\\\/person\\\/aff2eb9ff87705987c1b9d21fe10b095\",\"name\":\"Rainer Ro\u00dfbach\",\"image\":{\"@type\":\"ImageObject\",\"inLanguage\":\"de\",\"@id\":\"https:\\\/\\\/www.enzo-und-ferdinand.de\\\/wp-content\\\/uploads\\\/2026\\\/01\\\/Rainer-Rossbach-150x150.jpg\",\"url\":\"https:\\\/\\\/www.enzo-und-ferdinand.de\\\/wp-content\\\/uploads\\\/2026\\\/01\\\/Rainer-Rossbach-150x150.jpg\",\"contentUrl\":\"https:\\\/\\\/www.enzo-und-ferdinand.de\\\/wp-content\\\/uploads\\\/2026\\\/01\\\/Rainer-Rossbach-150x150.jpg\",\"caption\":\"Rainer Ro\u00dfbach\"},\"url\":\"https:\\\/\\\/www.enzo-und-ferdinand.de\\\/index.php\\\/author\\\/redaktion\\\/\"}]}<\/script>\n<!-- \/ Yoast SEO plugin. -->","yoast_head_json":{"title":"Honda Imas (2003)","description":"Rainer Ro\u00dfbach Rainer Rossbach enzo-und-ferdinand enzo&ferdinand Enzo Honda Imas Aerodynamik Karbonfaserkarosserie Glaskuppel Doppelspoiler IMA Elektromotor VGS-Lenksystem Drive-by-wire Aluminium CCD-Kamera teilbare Heckklappe","robots":{"index":"index","follow":"follow","max-snippet":"max-snippet:-1","max-image-preview":"max-image-preview:large","max-video-preview":"max-video-preview:-1"},"canonical":"https:\/\/www.enzo-und-ferdinand.de\/index.php\/2025\/07\/16\/honda-imas-2003\/","og_locale":"de_DE","og_type":"article","og_title":"Honda Imas (2003)","og_description":"Rainer Ro\u00dfbach Rainer Rossbach enzo-und-ferdinand enzo&ferdinand Enzo Honda Imas Aerodynamik Karbonfaserkarosserie Glaskuppel Doppelspoiler IMA Elektromotor VGS-Lenksystem Drive-by-wire Aluminium CCD-Kamera teilbare Heckklappe","og_url":"https:\/\/www.enzo-und-ferdinand.de\/index.php\/2025\/07\/16\/honda-imas-2003\/","og_site_name":"enzo &amp; Ferdinand","article_published_time":"2025-07-16T06:34:25+00:00","article_modified_time":"2026-03-26T11:56:46+00:00","og_image":[{"width":1500,"height":1125,"url":"https:\/\/www.enzo-und-ferdinand.de\/wp-content\/uploads\/2025\/07\/2003_Honda_ImasConcept1.jpg","type":"image\/jpeg"}],"author":"Rainer Ro\u00dfbach","twitter_card":"summary_large_image","twitter_misc":{"Verfasst von":"Rainer Ro\u00dfbach","Gesch\u00e4tzte Lesezeit":"3\u00a0Minuten"},"schema":{"@context":"https:\/\/schema.org","@graph":[{"@type":"Article","@id":"https:\/\/www.enzo-und-ferdinand.de\/index.php\/2025\/07\/16\/honda-imas-2003\/#article","isPartOf":{"@id":"https:\/\/www.enzo-und-ferdinand.de\/index.php\/2025\/07\/16\/honda-imas-2003\/"},"author":{"name":"Rainer Ro\u00dfbach","@id":"https:\/\/www.enzo-und-ferdinand.de\/#\/schema\/person\/aff2eb9ff87705987c1b9d21fe10b095"},"headline":"Honda Imas Concept (2003)","datePublished":"2025-07-16T06:34:25+00:00","dateModified":"2026-03-26T11:56:46+00:00","mainEntityOfPage":{"@id":"https:\/\/www.enzo-und-ferdinand.de\/index.php\/2025\/07\/16\/honda-imas-2003\/"},"wordCount":255,"publisher":{"@id":"https:\/\/www.enzo-und-ferdinand.de\/#organization"},"image":{"@id":"https:\/\/www.enzo-und-ferdinand.de\/index.php\/2025\/07\/16\/honda-imas-2003\/#primaryimage"},"thumbnailUrl":"https:\/\/www.enzo-und-ferdinand.de\/wp-content\/uploads\/2025\/07\/2003_Honda_ImasConcept1.jpg","keywords":["Honda"],"articleSection":["Japan Design","Studien","Technologie"],"inLanguage":"de"},{"@type":"WebPage","@id":"https:\/\/www.enzo-und-ferdinand.de\/index.php\/2025\/07\/16\/honda-imas-2003\/","url":"https:\/\/www.enzo-und-ferdinand.de\/index.php\/2025\/07\/16\/honda-imas-2003\/","name":"Honda Imas (2003)","isPartOf":{"@id":"https:\/\/www.enzo-und-ferdinand.de\/#website"},"primaryImageOfPage":{"@id":"https:\/\/www.enzo-und-ferdinand.de\/index.php\/2025\/07\/16\/honda-imas-2003\/#primaryimage"},"image":{"@id":"https:\/\/www.enzo-und-ferdinand.de\/index.php\/2025\/07\/16\/honda-imas-2003\/#primaryimage"},"thumbnailUrl":"https:\/\/www.enzo-und-ferdinand.de\/wp-content\/uploads\/2025\/07\/2003_Honda_ImasConcept1.jpg","datePublished":"2025-07-16T06:34:25+00:00","dateModified":"2026-03-26T11:56:46+00:00","description":"Rainer Ro\u00dfbach Rainer Rossbach enzo-und-ferdinand enzo&ferdinand Enzo Honda Imas Aerodynamik Karbonfaserkarosserie Glaskuppel Doppelspoiler IMA Elektromotor VGS-Lenksystem Drive-by-wire Aluminium CCD-Kamera teilbare Heckklappe","breadcrumb":{"@id":"https:\/\/www.enzo-und-ferdinand.de\/index.php\/2025\/07\/16\/honda-imas-2003\/#breadcrumb"},"inLanguage":"de","potentialAction":[{"@type":"ReadAction","target":["https:\/\/www.enzo-und-ferdinand.de\/index.php\/2025\/07\/16\/honda-imas-2003\/"]}]},{"@type":"ImageObject","inLanguage":"de","@id":"https:\/\/www.enzo-und-ferdinand.de\/index.php\/2025\/07\/16\/honda-imas-2003\/#primaryimage","url":"https:\/\/www.enzo-und-ferdinand.de\/wp-content\/uploads\/2025\/07\/2003_Honda_ImasConcept1.jpg","contentUrl":"https:\/\/www.enzo-und-ferdinand.de\/wp-content\/uploads\/2025\/07\/2003_Honda_ImasConcept1.jpg","width":1500,"height":1125,"caption":"Honda Imas Concept"},{"@type":"BreadcrumbList","@id":"https:\/\/www.enzo-und-ferdinand.de\/index.php\/2025\/07\/16\/honda-imas-2003\/#breadcrumb","itemListElement":[{"@type":"ListItem","position":1,"name":"Startseite","item":"https:\/\/www.enzo-und-ferdinand.de\/"},{"@type":"ListItem","position":2,"name":"Honda Imas Concept (2003)"}]},{"@type":"WebSite","@id":"https:\/\/www.enzo-und-ferdinand.de\/#website","url":"https:\/\/www.enzo-und-ferdinand.de\/","name":"enzo & Ferdinand","description":"","publisher":{"@id":"https:\/\/www.enzo-und-ferdinand.de\/#organization"},"potentialAction":[{"@type":"SearchAction","target":{"@type":"EntryPoint","urlTemplate":"https:\/\/www.enzo-und-ferdinand.de\/?s={search_term_string}"},"query-input":{"@type":"PropertyValueSpecification","valueRequired":true,"valueName":"search_term_string"}}],"inLanguage":"de"},{"@type":"Organization","@id":"https:\/\/www.enzo-und-ferdinand.de\/#organization","name":"enzo & Ferdinand","url":"https:\/\/www.enzo-und-ferdinand.de\/","logo":{"@type":"ImageObject","inLanguage":"de","@id":"https:\/\/www.enzo-und-ferdinand.de\/#\/schema\/logo\/image\/","url":"https:\/\/www.enzo-und-ferdinand.de\/wp-content\/uploads\/2018\/12\/revvvs-icon.png","contentUrl":"https:\/\/www.enzo-und-ferdinand.de\/wp-content\/uploads\/2018\/12\/revvvs-icon.png","width":512,"height":512,"caption":"enzo & Ferdinand"},"image":{"@id":"https:\/\/www.enzo-und-ferdinand.de\/#\/schema\/logo\/image\/"}},{"@type":"Person","@id":"https:\/\/www.enzo-und-ferdinand.de\/#\/schema\/person\/aff2eb9ff87705987c1b9d21fe10b095","name":"Rainer Ro\u00dfbach","image":{"@type":"ImageObject","inLanguage":"de","@id":"https:\/\/www.enzo-und-ferdinand.de\/wp-content\/uploads\/2026\/01\/Rainer-Rossbach-150x150.jpg","url":"https:\/\/www.enzo-und-ferdinand.de\/wp-content\/uploads\/2026\/01\/Rainer-Rossbach-150x150.jpg","contentUrl":"https:\/\/www.enzo-und-ferdinand.de\/wp-content\/uploads\/2026\/01\/Rainer-Rossbach-150x150.jpg","caption":"Rainer Ro\u00dfbach"},"url":"https:\/\/www.enzo-und-ferdinand.de\/index.php\/author\/redaktion\/"}]}},"_links":{"self":[{"href":"https:\/\/www.enzo-und-ferdinand.de\/index.php\/wp-json\/wp\/v2\/posts\/20595","targetHints":{"allow":["GET"]}}],"collection":[{"href":"https:\/\/www.enzo-und-ferdinand.de\/index.php\/wp-json\/wp\/v2\/posts"}],"about":[{"href":"https:\/\/www.enzo-und-ferdinand.de\/index.php\/wp-json\/wp\/v2\/types\/post"}],"author":[{"embeddable":true,"href":"https:\/\/www.enzo-und-ferdinand.de\/index.php\/wp-json\/wp\/v2\/users\/1"}],"replies":[{"embeddable":true,"href":"https:\/\/www.enzo-und-ferdinand.de\/index.php\/wp-json\/wp\/v2\/comments?post=20595"}],"version-history":[{"count":4,"href":"https:\/\/www.enzo-und-ferdinand.de\/index.php\/wp-json\/wp\/v2\/posts\/20595\/revisions"}],"predecessor-version":[{"id":20603,"href":"https:\/\/www.enzo-und-ferdinand.de\/index.php\/wp-json\/wp\/v2\/posts\/20595\/revisions\/20603"}],"wp:featuredmedia":[{"embeddable":true,"href":"https:\/\/www.enzo-und-ferdinand.de\/index.php\/wp-json\/wp\/v2\/media\/20598"}],"wp:attachment":[{"href":"https:\/\/www.enzo-und-ferdinand.de\/index.php\/wp-json\/wp\/v2\/media?parent=20595"}],"wp:term":[{"taxonomy":"category","embeddable":true,"href":"https:\/\/www.enzo-und-ferdinand.de\/index.php\/wp-json\/wp\/v2\/categories?post=20595"},{"taxonomy":"post_tag","embeddable":true,"href":"https:\/\/www.enzo-und-ferdinand.de\/index.php\/wp-json\/wp\/v2\/tags?post=20595"}],"curies":[{"name":"wp","href":"https:\/\/api.w.org\/{rel}","templated":true}]}}