{"id":20604,"date":"2025-07-17T08:07:41","date_gmt":"2025-07-17T06:07:41","guid":{"rendered":"https:\/\/www.enzo-und-ferdinand.de\/?p=20604"},"modified":"2026-03-26T12:55:39","modified_gmt":"2026-03-26T11:55:39","slug":"nissan-370z-nismo-2015","status":"publish","type":"post","link":"https:\/\/www.enzo-und-ferdinand.de\/index.php\/2025\/07\/17\/nissan-370z-nismo-2015\/","title":{"rendered":"Nissan 370Z Nismo (2015)"},"content":{"rendered":"\n<figure class=\"wp-block-image size-large\"><img loading=\"lazy\" decoding=\"async\" width=\"810\" height=\"506\" src=\"https:\/\/www.enzo-und-ferdinand.de\/wp-content\/uploads\/2025\/07\/Nissan-370Z-Nismo-6-810x506.jpg\" alt=\"Nissan 370Z Nismo\" class=\"wp-image-20612\" srcset=\"https:\/\/www.enzo-und-ferdinand.de\/wp-content\/uploads\/2025\/07\/Nissan-370Z-Nismo-6-810x506.jpg 810w, https:\/\/www.enzo-und-ferdinand.de\/wp-content\/uploads\/2025\/07\/Nissan-370Z-Nismo-6-300x187.jpg 300w, https:\/\/www.enzo-und-ferdinand.de\/wp-content\/uploads\/2025\/07\/Nissan-370Z-Nismo-6-768x480.jpg 768w, https:\/\/www.enzo-und-ferdinand.de\/wp-content\/uploads\/2025\/07\/Nissan-370Z-Nismo-6.jpg 1500w\" sizes=\"auto, (max-width: 810px) 100vw, 810px\" \/><\/figure>\n\n\n\n<p class=\"wp-block-paragraph\">Der neue Modelljahrgang des japanischen Sportwagens wurde mit einer ganzen Reihe urspr\u00fcnglich f\u00fcr das Nismo Topmodell GT-R entwickelten Design- und Technikfeatures aufgewertet. Neben einer noch sportlicheren Optik und einem neuen Aerodynamik Paket erhielten die Kunden ein neu abgestimmtes Sportfahrwerk, mehr Seitenhalt spendende Recaro-Sitze im schlanken Schalendesign und einen besser gegen Fahrbahnger\u00e4usche isolierten Innenraum. Ein gr\u00f6\u00dferer zentraler Lufteinlass und neue, vor den Radh\u00e4usern angebrachte \u201eKiemen\u201c versorgten den Motor mit Atemluft. Neue LED Hypercolor-Tagfahrleuchten, schwarz get\u00f6nte Scheinwerfergeh\u00e4use, eine rot eingef\u00e4rbte untere Spoilerlippe, umgestaltete Seitenschweller und R\u00fcckspiegel sowie zus\u00e4tzliche Nismo Schriftz\u00fcge frischten das Design auf. Abgerundet wurden die Modifikationen durch neu gestylte 19-Zoll-Leichtmetallr\u00e4der von RAYS in einem schwarz\/silbernen Finish.<\/p>\n\n\n\n<figure class=\"wp-block-image size-large is-resized\"><img loading=\"lazy\" decoding=\"async\" width=\"810\" height=\"540\" src=\"https:\/\/www.enzo-und-ferdinand.de\/wp-content\/uploads\/2025\/07\/Nissan-370Z-Nismo-5-810x540.jpg\" alt=\"Nissan 370Z Nismo\" class=\"wp-image-20611\" style=\"width:810px;height:auto\" srcset=\"https:\/\/www.enzo-und-ferdinand.de\/wp-content\/uploads\/2025\/07\/Nissan-370Z-Nismo-5-810x540.jpg 810w, https:\/\/www.enzo-und-ferdinand.de\/wp-content\/uploads\/2025\/07\/Nissan-370Z-Nismo-5-300x200.jpg 300w, https:\/\/www.enzo-und-ferdinand.de\/wp-content\/uploads\/2025\/07\/Nissan-370Z-Nismo-5-768x512.jpg 768w, https:\/\/www.enzo-und-ferdinand.de\/wp-content\/uploads\/2025\/07\/Nissan-370Z-Nismo-5-120x80.jpg 120w, https:\/\/www.enzo-und-ferdinand.de\/wp-content\/uploads\/2025\/07\/Nissan-370Z-Nismo-5.jpg 1500w\" sizes=\"auto, (max-width: 810px) 100vw, 810px\" \/><\/figure>\n\n\n\n<p class=\"wp-block-paragraph\">Als Teil eines komplett neu entwickelten Aerodynamik-Pakets montierte Nissan dem 370Z Nismo einen neuen Hecksto\u00dff\u00e4nger inklusive eines verkleinerten Heckspoilers. Im Zusammenspiel mit der neuen Frontsch\u00fcrze erzeugte das Fl\u00fcgelprofil bei hohen Geschwindigkeiten mehr Abtrieb als das bisherige Leitblech. Zugleich konnten die Nismo-Ingenieure durch diese Form des \u201edownsizing\u201c den Abtrieb gleichm\u00e4\u00dfiger auf Vorder- und Hinterachse verteilen. Das dr\u00fcckte sich f\u00fcr den Fahrer in einem ausgewogeneren Handling aus. Das Aero-Paket des 370Z Nismo erzeugte nun mehr Abtrieb, als die versammelte Klassenkonkurrenz aufzubieten hatte. Damit K\u00e4ufer eines 370Z Nismo das Potenzial von Antrieb und Fahrwerk auch wirklich voll aussch\u00f6pfen konnten, nahmen sie auf neuen Recaro-Sitzen Platz. Der Sitz basierte auf dem Recaro Sportster, der die Eigenschaften eines Sportsitzes mit denen einer reinrassigen Rennschale kombinierte. Die optimale K\u00f6rperunterst\u00fctzung durch ausgepr\u00e4gte Seitenwangen bewirkte einen verbesserten Sitzkomfort und Seitenhalt in schnellen Kurven. Durch die Wahl eines neuen Sitzrahmens &#8211; einer Schalenkonstruktion anstelle eines konventionellen Rohrrahmens aus Stahl- konnte Nissan dar\u00fcber hinaus Gewicht einsparen und die Steifigkeit erh\u00f6hen. Analog zum Lenkrad des 370Z Nismo waren sie mit rotem und schwarzem Leder sowie Alcantara bezogen.<\/p>\n\n\n\n<figure class=\"wp-block-image size-large\"><img loading=\"lazy\" decoding=\"async\" width=\"810\" height=\"543\" src=\"https:\/\/www.enzo-und-ferdinand.de\/wp-content\/uploads\/2025\/07\/Nissan-370Z-Nismo-3-810x543.jpg\" alt=\"Nissan 370Z Nismo\" class=\"wp-image-20607\" srcset=\"https:\/\/www.enzo-und-ferdinand.de\/wp-content\/uploads\/2025\/07\/Nissan-370Z-Nismo-3-810x543.jpg 810w, https:\/\/www.enzo-und-ferdinand.de\/wp-content\/uploads\/2025\/07\/Nissan-370Z-Nismo-3-300x201.jpg 300w, https:\/\/www.enzo-und-ferdinand.de\/wp-content\/uploads\/2025\/07\/Nissan-370Z-Nismo-3-768x515.jpg 768w, https:\/\/www.enzo-und-ferdinand.de\/wp-content\/uploads\/2025\/07\/Nissan-370Z-Nismo-3-120x80.jpg 120w, https:\/\/www.enzo-und-ferdinand.de\/wp-content\/uploads\/2025\/07\/Nissan-370Z-Nismo-3.jpg 1500w\" sizes=\"auto, (max-width: 810px) 100vw, 810px\" \/><\/figure>\n\n\n\n<p class=\"wp-block-paragraph\">Angetrieben wird der aufgefrischte Nissan 370Z Nismo von dem unver\u00e4ndert 253 kW (344 PS) starken 3,7-Liter-Sechszylinder. Der V6-Motor lieferte reichlich Drehmoment schon aus niedrigen Drehzahlen und bot ein breites nutzbares Drehzahlband. Wie schon im Vorg\u00e4ngermodell beschleunigte das Voll-Alu-Triebwerk den Hecktriebler in nur 5,2 Sekunden aus dem Stand auf Tempo 100. Die zweiflutige Nismo-Abgasanlage lieferte dazu den passenden Soundtrack. Der nur als Coup\u00e9 und mit manuellem Sechsganggetriebe erh\u00e4ltliche 370Z Nismo erhielt im Rahmen der f\u00fcr den gesamten 370Z Modelljahrgang 2015 eingeplanten \u00c4nderungen auch ein neues Fahrwerks-Set-up. Zur Harmonisierung des Abrollkomforts hatte Nismo die Feder\/D\u00e4mpfer-Raten an der Hinterachse ge\u00e4ndert; neue Teppiche und st\u00e4rker abgedichtete hintere Radk\u00e4sten minimierten Fahrbahnger\u00e4usche.<\/p>\n\n\n\n<figure class=\"wp-block-gallery has-nested-images columns-default is-cropped wp-block-gallery-1 is-layout-flex wp-block-gallery-is-layout-flex\">\n<figure class=\"wp-block-image size-large\"><img loading=\"lazy\" decoding=\"async\" width=\"810\" height=\"540\" data-id=\"20613\" src=\"https:\/\/www.enzo-und-ferdinand.de\/wp-content\/uploads\/2025\/07\/Nissan-370Z-Nismo-7-810x540.jpg\" alt=\"Nissan 370Z Nismo\" class=\"wp-image-20613\" srcset=\"https:\/\/www.enzo-und-ferdinand.de\/wp-content\/uploads\/2025\/07\/Nissan-370Z-Nismo-7-810x540.jpg 810w, https:\/\/www.enzo-und-ferdinand.de\/wp-content\/uploads\/2025\/07\/Nissan-370Z-Nismo-7-300x200.jpg 300w, https:\/\/www.enzo-und-ferdinand.de\/wp-content\/uploads\/2025\/07\/Nissan-370Z-Nismo-7-768x512.jpg 768w, https:\/\/www.enzo-und-ferdinand.de\/wp-content\/uploads\/2025\/07\/Nissan-370Z-Nismo-7-120x80.jpg 120w, https:\/\/www.enzo-und-ferdinand.de\/wp-content\/uploads\/2025\/07\/Nissan-370Z-Nismo-7.jpg 1500w\" sizes=\"auto, (max-width: 810px) 100vw, 810px\" \/><\/figure>\n\n\n\n<figure class=\"wp-block-image size-large\"><img loading=\"lazy\" decoding=\"async\" width=\"810\" height=\"540\" data-id=\"20610\" src=\"https:\/\/www.enzo-und-ferdinand.de\/wp-content\/uploads\/2025\/07\/Nissan-370Z-Nismo-4-810x540.jpg\" alt=\"Nissan 370Z Nismo\" class=\"wp-image-20610\" srcset=\"https:\/\/www.enzo-und-ferdinand.de\/wp-content\/uploads\/2025\/07\/Nissan-370Z-Nismo-4-810x540.jpg 810w, https:\/\/www.enzo-und-ferdinand.de\/wp-content\/uploads\/2025\/07\/Nissan-370Z-Nismo-4-300x200.jpg 300w, https:\/\/www.enzo-und-ferdinand.de\/wp-content\/uploads\/2025\/07\/Nissan-370Z-Nismo-4-768x512.jpg 768w, https:\/\/www.enzo-und-ferdinand.de\/wp-content\/uploads\/2025\/07\/Nissan-370Z-Nismo-4-120x80.jpg 120w, https:\/\/www.enzo-und-ferdinand.de\/wp-content\/uploads\/2025\/07\/Nissan-370Z-Nismo-4.jpg 1500w\" sizes=\"auto, (max-width: 810px) 100vw, 810px\" \/><\/figure>\n\n\n\n<figure class=\"wp-block-image size-large\"><img loading=\"lazy\" decoding=\"async\" width=\"810\" height=\"540\" data-id=\"20615\" src=\"https:\/\/www.enzo-und-ferdinand.de\/wp-content\/uploads\/2025\/07\/Nissan-370Z-Nismo-9-810x540.jpg\" alt=\"Nissan 370Z Nismo\" class=\"wp-image-20615\" srcset=\"https:\/\/www.enzo-und-ferdinand.de\/wp-content\/uploads\/2025\/07\/Nissan-370Z-Nismo-9-810x540.jpg 810w, https:\/\/www.enzo-und-ferdinand.de\/wp-content\/uploads\/2025\/07\/Nissan-370Z-Nismo-9-300x200.jpg 300w, https:\/\/www.enzo-und-ferdinand.de\/wp-content\/uploads\/2025\/07\/Nissan-370Z-Nismo-9-768x512.jpg 768w, https:\/\/www.enzo-und-ferdinand.de\/wp-content\/uploads\/2025\/07\/Nissan-370Z-Nismo-9-120x80.jpg 120w, https:\/\/www.enzo-und-ferdinand.de\/wp-content\/uploads\/2025\/07\/Nissan-370Z-Nismo-9.jpg 1500w\" sizes=\"auto, (max-width: 810px) 100vw, 810px\" \/><\/figure>\n\n\n\n<figure class=\"wp-block-image size-large\"><img loading=\"lazy\" decoding=\"async\" width=\"810\" height=\"493\" data-id=\"20614\" src=\"https:\/\/www.enzo-und-ferdinand.de\/wp-content\/uploads\/2025\/07\/Nissan-370Z-Nismo-8-810x493.jpg\" alt=\"Nissan 370Z Nismo\" class=\"wp-image-20614\" srcset=\"https:\/\/www.enzo-und-ferdinand.de\/wp-content\/uploads\/2025\/07\/Nissan-370Z-Nismo-8-810x493.jpg 810w, https:\/\/www.enzo-und-ferdinand.de\/wp-content\/uploads\/2025\/07\/Nissan-370Z-Nismo-8-300x183.jpg 300w, https:\/\/www.enzo-und-ferdinand.de\/wp-content\/uploads\/2025\/07\/Nissan-370Z-Nismo-8-768x467.jpg 768w, https:\/\/www.enzo-und-ferdinand.de\/wp-content\/uploads\/2025\/07\/Nissan-370Z-Nismo-8.jpg 1500w\" sizes=\"auto, (max-width: 810px) 100vw, 810px\" \/><\/figure>\n\n\n\n<figure class=\"wp-block-image size-large\"><img loading=\"lazy\" decoding=\"async\" width=\"810\" height=\"540\" data-id=\"20609\" src=\"https:\/\/www.enzo-und-ferdinand.de\/wp-content\/uploads\/2025\/07\/Nissan-370Z-Nismo-1-810x540.jpg\" alt=\"Nissan 370Z Nismo\" class=\"wp-image-20609\" srcset=\"https:\/\/www.enzo-und-ferdinand.de\/wp-content\/uploads\/2025\/07\/Nissan-370Z-Nismo-1-810x540.jpg 810w, https:\/\/www.enzo-und-ferdinand.de\/wp-content\/uploads\/2025\/07\/Nissan-370Z-Nismo-1-300x200.jpg 300w, https:\/\/www.enzo-und-ferdinand.de\/wp-content\/uploads\/2025\/07\/Nissan-370Z-Nismo-1-768x512.jpg 768w, https:\/\/www.enzo-und-ferdinand.de\/wp-content\/uploads\/2025\/07\/Nissan-370Z-Nismo-1-120x80.jpg 120w, https:\/\/www.enzo-und-ferdinand.de\/wp-content\/uploads\/2025\/07\/Nissan-370Z-Nismo-1.jpg 1500w\" sizes=\"auto, (max-width: 810px) 100vw, 810px\" \/><\/figure>\n<\/figure>\n\n\n\n<p class=\"has-text-align-right has-small-font-size wp-block-paragraph\">Fotos: Nissan\/Text: Rainer Ro\u00dfbach<\/p>\n\n\n\n<p class=\"wp-block-paragraph\"><\/p>\n","protected":false},"excerpt":{"rendered":"<p>Der neue Modelljahrgang des japanischen Sportwagens wurde mit einer ganzen Reihe urspr\u00fcnglich f\u00fcr das Nismo Topmodell GT-R entwickelten Design- und Technikfeatures aufgewertet. Neben einer noch sportlicheren Optik und einem neuen Aerodynamik Paket erhielten die Kunden ein neu abgestimmtes Sportfahrwerk, mehr Seitenhalt spendende Recaro-Sitze im schlanken Schalendesign und einen besser gegen Fahrbahnger\u00e4usche isolierten Innenraum. Ein gr\u00f6\u00dferer zentraler Lufteinlass und neue, vor den Radh\u00e4usern angebrachte \u201eKiemen\u201c versorgten den Motor mit Atemluft. Neue LED Hypercolor-Tagfahrleuchten, schwarz get\u00f6nte Scheinwerfergeh\u00e4use, eine rot eingef\u00e4rbte untere Spoilerlippe, umgestaltete Seitenschweller und R\u00fcckspiegel sowie zus\u00e4tzliche Nismo Schriftz\u00fcge frischten das Design auf. Abgerundet wurden die Modifikationen durch neu gestylte 19-Zoll-Leichtmetallr\u00e4der von RAYS in einem schwarz\/silbernen Finish.<\/p>\n","protected":false},"author":1,"featured_media":20617,"comment_status":"closed","ping_status":"open","sticky":false,"template":"","format":"standard","meta":{"_crdt_document":"","ngg_post_thumbnail":0,"footnotes":""},"categories":[281,23],"tags":[200],"class_list":["post-20604","post","type-post","status-publish","format-standard","has-post-thumbnail","hentry","category-japan","category-performance","tag-nissan"],"yoast_head":"<!-- This site is optimized with the Yoast SEO plugin v27.5 - https:\/\/yoast.com\/product\/yoast-seo-wordpress\/ -->\n<title>Nissan 370Z Nismo (2015)<\/title>\n<meta name=\"description\" content=\"Rainer Ro\u00dfbach Rainer Rossbach enzo-und-ferdinand enzo&amp;ferdinand Enzo Nissan 370Z Nismo Nismo GT-R Hypercolor-Tagfahrleuchten Aero-Paket Sechszylinder Voll-Alu-Triebwerk Heckantrieb zweiflutig Sechsganggetriebe\" \/>\n<meta name=\"robots\" content=\"index, follow, max-snippet:-1, max-image-preview:large, max-video-preview:-1\" \/>\n<link rel=\"canonical\" href=\"https:\/\/www.enzo-und-ferdinand.de\/index.php\/2025\/07\/17\/nissan-370z-nismo-2015\/\" \/>\n<meta property=\"og:locale\" content=\"de_DE\" \/>\n<meta property=\"og:type\" content=\"article\" \/>\n<meta property=\"og:title\" content=\"Nissan 370Z Nismo (2015)\" \/>\n<meta property=\"og:description\" content=\"Rainer Ro\u00dfbach Rainer Rossbach enzo-und-ferdinand enzo&amp;ferdinand Enzo Nissan 370Z Nismo Nismo GT-R Hypercolor-Tagfahrleuchten Aero-Paket Sechszylinder Voll-Alu-Triebwerk Heckantrieb zweiflutig Sechsganggetriebe\" \/>\n<meta property=\"og:url\" content=\"https:\/\/www.enzo-und-ferdinand.de\/index.php\/2025\/07\/17\/nissan-370z-nismo-2015\/\" \/>\n<meta property=\"og:site_name\" content=\"enzo &amp; Ferdinand\" \/>\n<meta property=\"article:published_time\" content=\"2025-07-17T06:07:41+00:00\" \/>\n<meta property=\"article:modified_time\" content=\"2026-03-26T11:55:39+00:00\" \/>\n<meta property=\"og:image\" content=\"https:\/\/www.enzo-und-ferdinand.de\/wp-content\/uploads\/2025\/07\/Nissan-370Z-Nismo-2.jpg\" \/>\n\t<meta property=\"og:image:width\" content=\"1500\" \/>\n\t<meta property=\"og:image:height\" content=\"1000\" \/>\n\t<meta property=\"og:image:type\" content=\"image\/jpeg\" \/>\n<meta name=\"author\" content=\"Rainer Ro\u00dfbach\" \/>\n<meta name=\"twitter:card\" content=\"summary_large_image\" \/>\n<meta name=\"twitter:label1\" content=\"Verfasst von\" \/>\n\t<meta name=\"twitter:data1\" content=\"Rainer Ro\u00dfbach\" \/>\n\t<meta name=\"twitter:label2\" content=\"Gesch\u00e4tzte Lesezeit\" \/>\n\t<meta name=\"twitter:data2\" content=\"4\u00a0Minuten\" \/>\n<script type=\"application\/ld+json\" class=\"yoast-schema-graph\">{\"@context\":\"https:\\\/\\\/schema.org\",\"@graph\":[{\"@type\":\"Article\",\"@id\":\"https:\\\/\\\/www.enzo-und-ferdinand.de\\\/index.php\\\/2025\\\/07\\\/17\\\/nissan-370z-nismo-2015\\\/#article\",\"isPartOf\":{\"@id\":\"https:\\\/\\\/www.enzo-und-ferdinand.de\\\/index.php\\\/2025\\\/07\\\/17\\\/nissan-370z-nismo-2015\\\/\"},\"author\":{\"name\":\"Rainer Ro\u00dfbach\",\"@id\":\"https:\\\/\\\/www.enzo-und-ferdinand.de\\\/#\\\/schema\\\/person\\\/aff2eb9ff87705987c1b9d21fe10b095\"},\"headline\":\"Nissan 370Z Nismo (2015)\",\"datePublished\":\"2025-07-17T06:07:41+00:00\",\"dateModified\":\"2026-03-26T11:55:39+00:00\",\"mainEntityOfPage\":{\"@id\":\"https:\\\/\\\/www.enzo-und-ferdinand.de\\\/index.php\\\/2025\\\/07\\\/17\\\/nissan-370z-nismo-2015\\\/\"},\"wordCount\":430,\"publisher\":{\"@id\":\"https:\\\/\\\/www.enzo-und-ferdinand.de\\\/#organization\"},\"image\":{\"@id\":\"https:\\\/\\\/www.enzo-und-ferdinand.de\\\/index.php\\\/2025\\\/07\\\/17\\\/nissan-370z-nismo-2015\\\/#primaryimage\"},\"thumbnailUrl\":\"https:\\\/\\\/www.enzo-und-ferdinand.de\\\/wp-content\\\/uploads\\\/2025\\\/07\\\/Nissan-370Z-Nismo-2.jpg\",\"keywords\":[\"Nissan\"],\"articleSection\":[\"Japan Design\",\"Performance\"],\"inLanguage\":\"de\"},{\"@type\":\"WebPage\",\"@id\":\"https:\\\/\\\/www.enzo-und-ferdinand.de\\\/index.php\\\/2025\\\/07\\\/17\\\/nissan-370z-nismo-2015\\\/\",\"url\":\"https:\\\/\\\/www.enzo-und-ferdinand.de\\\/index.php\\\/2025\\\/07\\\/17\\\/nissan-370z-nismo-2015\\\/\",\"name\":\"Nissan 370Z Nismo (2015)\",\"isPartOf\":{\"@id\":\"https:\\\/\\\/www.enzo-und-ferdinand.de\\\/#website\"},\"primaryImageOfPage\":{\"@id\":\"https:\\\/\\\/www.enzo-und-ferdinand.de\\\/index.php\\\/2025\\\/07\\\/17\\\/nissan-370z-nismo-2015\\\/#primaryimage\"},\"image\":{\"@id\":\"https:\\\/\\\/www.enzo-und-ferdinand.de\\\/index.php\\\/2025\\\/07\\\/17\\\/nissan-370z-nismo-2015\\\/#primaryimage\"},\"thumbnailUrl\":\"https:\\\/\\\/www.enzo-und-ferdinand.de\\\/wp-content\\\/uploads\\\/2025\\\/07\\\/Nissan-370Z-Nismo-2.jpg\",\"datePublished\":\"2025-07-17T06:07:41+00:00\",\"dateModified\":\"2026-03-26T11:55:39+00:00\",\"description\":\"Rainer Ro\u00dfbach Rainer Rossbach enzo-und-ferdinand enzo&ferdinand Enzo Nissan 370Z Nismo Nismo GT-R Hypercolor-Tagfahrleuchten Aero-Paket Sechszylinder Voll-Alu-Triebwerk Heckantrieb zweiflutig Sechsganggetriebe\",\"breadcrumb\":{\"@id\":\"https:\\\/\\\/www.enzo-und-ferdinand.de\\\/index.php\\\/2025\\\/07\\\/17\\\/nissan-370z-nismo-2015\\\/#breadcrumb\"},\"inLanguage\":\"de\",\"potentialAction\":[{\"@type\":\"ReadAction\",\"target\":[\"https:\\\/\\\/www.enzo-und-ferdinand.de\\\/index.php\\\/2025\\\/07\\\/17\\\/nissan-370z-nismo-2015\\\/\"]}]},{\"@type\":\"ImageObject\",\"inLanguage\":\"de\",\"@id\":\"https:\\\/\\\/www.enzo-und-ferdinand.de\\\/index.php\\\/2025\\\/07\\\/17\\\/nissan-370z-nismo-2015\\\/#primaryimage\",\"url\":\"https:\\\/\\\/www.enzo-und-ferdinand.de\\\/wp-content\\\/uploads\\\/2025\\\/07\\\/Nissan-370Z-Nismo-2.jpg\",\"contentUrl\":\"https:\\\/\\\/www.enzo-und-ferdinand.de\\\/wp-content\\\/uploads\\\/2025\\\/07\\\/Nissan-370Z-Nismo-2.jpg\",\"width\":1500,\"height\":1000,\"caption\":\"Nissan 370Z Nismo\"},{\"@type\":\"BreadcrumbList\",\"@id\":\"https:\\\/\\\/www.enzo-und-ferdinand.de\\\/index.php\\\/2025\\\/07\\\/17\\\/nissan-370z-nismo-2015\\\/#breadcrumb\",\"itemListElement\":[{\"@type\":\"ListItem\",\"position\":1,\"name\":\"Startseite\",\"item\":\"https:\\\/\\\/www.enzo-und-ferdinand.de\\\/\"},{\"@type\":\"ListItem\",\"position\":2,\"name\":\"Nissan 370Z Nismo (2015)\"}]},{\"@type\":\"WebSite\",\"@id\":\"https:\\\/\\\/www.enzo-und-ferdinand.de\\\/#website\",\"url\":\"https:\\\/\\\/www.enzo-und-ferdinand.de\\\/\",\"name\":\"enzo & Ferdinand\",\"description\":\"\",\"publisher\":{\"@id\":\"https:\\\/\\\/www.enzo-und-ferdinand.de\\\/#organization\"},\"potentialAction\":[{\"@type\":\"SearchAction\",\"target\":{\"@type\":\"EntryPoint\",\"urlTemplate\":\"https:\\\/\\\/www.enzo-und-ferdinand.de\\\/?s={search_term_string}\"},\"query-input\":{\"@type\":\"PropertyValueSpecification\",\"valueRequired\":true,\"valueName\":\"search_term_string\"}}],\"inLanguage\":\"de\"},{\"@type\":\"Organization\",\"@id\":\"https:\\\/\\\/www.enzo-und-ferdinand.de\\\/#organization\",\"name\":\"enzo & Ferdinand\",\"url\":\"https:\\\/\\\/www.enzo-und-ferdinand.de\\\/\",\"logo\":{\"@type\":\"ImageObject\",\"inLanguage\":\"de\",\"@id\":\"https:\\\/\\\/www.enzo-und-ferdinand.de\\\/#\\\/schema\\\/logo\\\/image\\\/\",\"url\":\"https:\\\/\\\/www.enzo-und-ferdinand.de\\\/wp-content\\\/uploads\\\/2018\\\/12\\\/revvvs-icon.png\",\"contentUrl\":\"https:\\\/\\\/www.enzo-und-ferdinand.de\\\/wp-content\\\/uploads\\\/2018\\\/12\\\/revvvs-icon.png\",\"width\":512,\"height\":512,\"caption\":\"enzo & Ferdinand\"},\"image\":{\"@id\":\"https:\\\/\\\/www.enzo-und-ferdinand.de\\\/#\\\/schema\\\/logo\\\/image\\\/\"}},{\"@type\":\"Person\",\"@id\":\"https:\\\/\\\/www.enzo-und-ferdinand.de\\\/#\\\/schema\\\/person\\\/aff2eb9ff87705987c1b9d21fe10b095\",\"name\":\"Rainer Ro\u00dfbach\",\"image\":{\"@type\":\"ImageObject\",\"inLanguage\":\"de\",\"@id\":\"https:\\\/\\\/www.enzo-und-ferdinand.de\\\/wp-content\\\/uploads\\\/2026\\\/01\\\/Rainer-Rossbach-150x150.jpg\",\"url\":\"https:\\\/\\\/www.enzo-und-ferdinand.de\\\/wp-content\\\/uploads\\\/2026\\\/01\\\/Rainer-Rossbach-150x150.jpg\",\"contentUrl\":\"https:\\\/\\\/www.enzo-und-ferdinand.de\\\/wp-content\\\/uploads\\\/2026\\\/01\\\/Rainer-Rossbach-150x150.jpg\",\"caption\":\"Rainer Ro\u00dfbach\"},\"url\":\"https:\\\/\\\/www.enzo-und-ferdinand.de\\\/index.php\\\/author\\\/redaktion\\\/\"}]}<\/script>\n<!-- \/ Yoast SEO plugin. -->","yoast_head_json":{"title":"Nissan 370Z Nismo (2015)","description":"Rainer Ro\u00dfbach Rainer Rossbach enzo-und-ferdinand enzo&ferdinand Enzo Nissan 370Z Nismo Nismo GT-R Hypercolor-Tagfahrleuchten Aero-Paket Sechszylinder Voll-Alu-Triebwerk Heckantrieb zweiflutig Sechsganggetriebe","robots":{"index":"index","follow":"follow","max-snippet":"max-snippet:-1","max-image-preview":"max-image-preview:large","max-video-preview":"max-video-preview:-1"},"canonical":"https:\/\/www.enzo-und-ferdinand.de\/index.php\/2025\/07\/17\/nissan-370z-nismo-2015\/","og_locale":"de_DE","og_type":"article","og_title":"Nissan 370Z Nismo (2015)","og_description":"Rainer Ro\u00dfbach Rainer Rossbach enzo-und-ferdinand enzo&ferdinand Enzo Nissan 370Z Nismo Nismo GT-R Hypercolor-Tagfahrleuchten Aero-Paket Sechszylinder Voll-Alu-Triebwerk Heckantrieb zweiflutig Sechsganggetriebe","og_url":"https:\/\/www.enzo-und-ferdinand.de\/index.php\/2025\/07\/17\/nissan-370z-nismo-2015\/","og_site_name":"enzo &amp; Ferdinand","article_published_time":"2025-07-17T06:07:41+00:00","article_modified_time":"2026-03-26T11:55:39+00:00","og_image":[{"width":1500,"height":1000,"url":"https:\/\/www.enzo-und-ferdinand.de\/wp-content\/uploads\/2025\/07\/Nissan-370Z-Nismo-2.jpg","type":"image\/jpeg"}],"author":"Rainer Ro\u00dfbach","twitter_card":"summary_large_image","twitter_misc":{"Verfasst von":"Rainer Ro\u00dfbach","Gesch\u00e4tzte Lesezeit":"4\u00a0Minuten"},"schema":{"@context":"https:\/\/schema.org","@graph":[{"@type":"Article","@id":"https:\/\/www.enzo-und-ferdinand.de\/index.php\/2025\/07\/17\/nissan-370z-nismo-2015\/#article","isPartOf":{"@id":"https:\/\/www.enzo-und-ferdinand.de\/index.php\/2025\/07\/17\/nissan-370z-nismo-2015\/"},"author":{"name":"Rainer Ro\u00dfbach","@id":"https:\/\/www.enzo-und-ferdinand.de\/#\/schema\/person\/aff2eb9ff87705987c1b9d21fe10b095"},"headline":"Nissan 370Z Nismo (2015)","datePublished":"2025-07-17T06:07:41+00:00","dateModified":"2026-03-26T11:55:39+00:00","mainEntityOfPage":{"@id":"https:\/\/www.enzo-und-ferdinand.de\/index.php\/2025\/07\/17\/nissan-370z-nismo-2015\/"},"wordCount":430,"publisher":{"@id":"https:\/\/www.enzo-und-ferdinand.de\/#organization"},"image":{"@id":"https:\/\/www.enzo-und-ferdinand.de\/index.php\/2025\/07\/17\/nissan-370z-nismo-2015\/#primaryimage"},"thumbnailUrl":"https:\/\/www.enzo-und-ferdinand.de\/wp-content\/uploads\/2025\/07\/Nissan-370Z-Nismo-2.jpg","keywords":["Nissan"],"articleSection":["Japan Design","Performance"],"inLanguage":"de"},{"@type":"WebPage","@id":"https:\/\/www.enzo-und-ferdinand.de\/index.php\/2025\/07\/17\/nissan-370z-nismo-2015\/","url":"https:\/\/www.enzo-und-ferdinand.de\/index.php\/2025\/07\/17\/nissan-370z-nismo-2015\/","name":"Nissan 370Z Nismo (2015)","isPartOf":{"@id":"https:\/\/www.enzo-und-ferdinand.de\/#website"},"primaryImageOfPage":{"@id":"https:\/\/www.enzo-und-ferdinand.de\/index.php\/2025\/07\/17\/nissan-370z-nismo-2015\/#primaryimage"},"image":{"@id":"https:\/\/www.enzo-und-ferdinand.de\/index.php\/2025\/07\/17\/nissan-370z-nismo-2015\/#primaryimage"},"thumbnailUrl":"https:\/\/www.enzo-und-ferdinand.de\/wp-content\/uploads\/2025\/07\/Nissan-370Z-Nismo-2.jpg","datePublished":"2025-07-17T06:07:41+00:00","dateModified":"2026-03-26T11:55:39+00:00","description":"Rainer Ro\u00dfbach Rainer Rossbach enzo-und-ferdinand enzo&ferdinand Enzo Nissan 370Z Nismo Nismo GT-R Hypercolor-Tagfahrleuchten Aero-Paket Sechszylinder Voll-Alu-Triebwerk Heckantrieb zweiflutig Sechsganggetriebe","breadcrumb":{"@id":"https:\/\/www.enzo-und-ferdinand.de\/index.php\/2025\/07\/17\/nissan-370z-nismo-2015\/#breadcrumb"},"inLanguage":"de","potentialAction":[{"@type":"ReadAction","target":["https:\/\/www.enzo-und-ferdinand.de\/index.php\/2025\/07\/17\/nissan-370z-nismo-2015\/"]}]},{"@type":"ImageObject","inLanguage":"de","@id":"https:\/\/www.enzo-und-ferdinand.de\/index.php\/2025\/07\/17\/nissan-370z-nismo-2015\/#primaryimage","url":"https:\/\/www.enzo-und-ferdinand.de\/wp-content\/uploads\/2025\/07\/Nissan-370Z-Nismo-2.jpg","contentUrl":"https:\/\/www.enzo-und-ferdinand.de\/wp-content\/uploads\/2025\/07\/Nissan-370Z-Nismo-2.jpg","width":1500,"height":1000,"caption":"Nissan 370Z Nismo"},{"@type":"BreadcrumbList","@id":"https:\/\/www.enzo-und-ferdinand.de\/index.php\/2025\/07\/17\/nissan-370z-nismo-2015\/#breadcrumb","itemListElement":[{"@type":"ListItem","position":1,"name":"Startseite","item":"https:\/\/www.enzo-und-ferdinand.de\/"},{"@type":"ListItem","position":2,"name":"Nissan 370Z Nismo (2015)"}]},{"@type":"WebSite","@id":"https:\/\/www.enzo-und-ferdinand.de\/#website","url":"https:\/\/www.enzo-und-ferdinand.de\/","name":"enzo & Ferdinand","description":"","publisher":{"@id":"https:\/\/www.enzo-und-ferdinand.de\/#organization"},"potentialAction":[{"@type":"SearchAction","target":{"@type":"EntryPoint","urlTemplate":"https:\/\/www.enzo-und-ferdinand.de\/?s={search_term_string}"},"query-input":{"@type":"PropertyValueSpecification","valueRequired":true,"valueName":"search_term_string"}}],"inLanguage":"de"},{"@type":"Organization","@id":"https:\/\/www.enzo-und-ferdinand.de\/#organization","name":"enzo & Ferdinand","url":"https:\/\/www.enzo-und-ferdinand.de\/","logo":{"@type":"ImageObject","inLanguage":"de","@id":"https:\/\/www.enzo-und-ferdinand.de\/#\/schema\/logo\/image\/","url":"https:\/\/www.enzo-und-ferdinand.de\/wp-content\/uploads\/2018\/12\/revvvs-icon.png","contentUrl":"https:\/\/www.enzo-und-ferdinand.de\/wp-content\/uploads\/2018\/12\/revvvs-icon.png","width":512,"height":512,"caption":"enzo & Ferdinand"},"image":{"@id":"https:\/\/www.enzo-und-ferdinand.de\/#\/schema\/logo\/image\/"}},{"@type":"Person","@id":"https:\/\/www.enzo-und-ferdinand.de\/#\/schema\/person\/aff2eb9ff87705987c1b9d21fe10b095","name":"Rainer Ro\u00dfbach","image":{"@type":"ImageObject","inLanguage":"de","@id":"https:\/\/www.enzo-und-ferdinand.de\/wp-content\/uploads\/2026\/01\/Rainer-Rossbach-150x150.jpg","url":"https:\/\/www.enzo-und-ferdinand.de\/wp-content\/uploads\/2026\/01\/Rainer-Rossbach-150x150.jpg","contentUrl":"https:\/\/www.enzo-und-ferdinand.de\/wp-content\/uploads\/2026\/01\/Rainer-Rossbach-150x150.jpg","caption":"Rainer Ro\u00dfbach"},"url":"https:\/\/www.enzo-und-ferdinand.de\/index.php\/author\/redaktion\/"}]}},"_links":{"self":[{"href":"https:\/\/www.enzo-und-ferdinand.de\/index.php\/wp-json\/wp\/v2\/posts\/20604","targetHints":{"allow":["GET"]}}],"collection":[{"href":"https:\/\/www.enzo-und-ferdinand.de\/index.php\/wp-json\/wp\/v2\/posts"}],"about":[{"href":"https:\/\/www.enzo-und-ferdinand.de\/index.php\/wp-json\/wp\/v2\/types\/post"}],"author":[{"embeddable":true,"href":"https:\/\/www.enzo-und-ferdinand.de\/index.php\/wp-json\/wp\/v2\/users\/1"}],"replies":[{"embeddable":true,"href":"https:\/\/www.enzo-und-ferdinand.de\/index.php\/wp-json\/wp\/v2\/comments?post=20604"}],"version-history":[{"count":2,"href":"https:\/\/www.enzo-und-ferdinand.de\/index.php\/wp-json\/wp\/v2\/posts\/20604\/revisions"}],"predecessor-version":[{"id":20616,"href":"https:\/\/www.enzo-und-ferdinand.de\/index.php\/wp-json\/wp\/v2\/posts\/20604\/revisions\/20616"}],"wp:featuredmedia":[{"embeddable":true,"href":"https:\/\/www.enzo-und-ferdinand.de\/index.php\/wp-json\/wp\/v2\/media\/20617"}],"wp:attachment":[{"href":"https:\/\/www.enzo-und-ferdinand.de\/index.php\/wp-json\/wp\/v2\/media?parent=20604"}],"wp:term":[{"taxonomy":"category","embeddable":true,"href":"https:\/\/www.enzo-und-ferdinand.de\/index.php\/wp-json\/wp\/v2\/categories?post=20604"},{"taxonomy":"post_tag","embeddable":true,"href":"https:\/\/www.enzo-und-ferdinand.de\/index.php\/wp-json\/wp\/v2\/tags?post=20604"}],"curies":[{"name":"wp","href":"https:\/\/api.w.org\/{rel}","templated":true}]}}