{"id":20637,"date":"2025-07-23T09:25:42","date_gmt":"2025-07-23T07:25:42","guid":{"rendered":"https:\/\/www.enzo-und-ferdinand.de\/?p=20637"},"modified":"2026-03-26T12:54:03","modified_gmt":"2026-03-26T11:54:03","slug":"bandit9-ducati-821","status":"publish","type":"post","link":"https:\/\/www.enzo-und-ferdinand.de\/index.php\/2025\/07\/23\/bandit9-ducati-821\/","title":{"rendered":"Bandit9 Ducati 821"},"content":{"rendered":"\n<figure class=\"wp-block-image size-large\"><img loading=\"lazy\" decoding=\"async\" width=\"810\" height=\"540\" src=\"https:\/\/www.enzo-und-ferdinand.de\/wp-content\/uploads\/2025\/07\/Bandit9-Ducati-821-1-810x540.jpg\" alt=\"Bandit9 Ducati 821\" class=\"wp-image-20632\" srcset=\"https:\/\/www.enzo-und-ferdinand.de\/wp-content\/uploads\/2025\/07\/Bandit9-Ducati-821-1-810x540.jpg 810w, https:\/\/www.enzo-und-ferdinand.de\/wp-content\/uploads\/2025\/07\/Bandit9-Ducati-821-1-300x200.jpg 300w, https:\/\/www.enzo-und-ferdinand.de\/wp-content\/uploads\/2025\/07\/Bandit9-Ducati-821-1-768x512.jpg 768w, https:\/\/www.enzo-und-ferdinand.de\/wp-content\/uploads\/2025\/07\/Bandit9-Ducati-821-1-120x80.jpg 120w, https:\/\/www.enzo-und-ferdinand.de\/wp-content\/uploads\/2025\/07\/Bandit9-Ducati-821-1.jpg 1500w\" sizes=\"auto, (max-width: 810px) 100vw, 810px\" \/><\/figure>\n\n\n\n<p class=\"wp-block-paragraph\">Das Custom-Bike gl\u00e4nzt mit einer polierten Aluminiumoberfl\u00e4che: Jedes Teil des ma\u00dfgefertigten Fahrzeugs auf Basis der Ducati Monster 821 wurde neu gestaltet, \u00fcberarbeitet und von Hand gefertigt. Das Karosseriedesign besteht zum einen aus einer reflektierenden Aluminium-Hauptfl\u00e4che, w\u00e4hrend das Heck und der Sitz aus Kohlefaser gefertigt sind. Als Beleuchtung dient eine elegante LED-Einheit, zudem findet eine Einarm-Schwinge Verwendung, der Tankdeckel besteht ebenfalls aus Aluminium genau wie eine Reihe von polierten und handgefertigten Komponenten wie Gabelabdeckungen und Schrauben.<\/p>\n\n\n\n<p class=\"wp-block-paragraph\">Weitere individuell gefertigte Elemente sind der Auspuff, der Schalld\u00e4mpfer sowie die Fu\u00dfrasten, die ihrerseits zu einem einheitlichen Erscheinungsbild der Bandit9-Ducati 821 Motorrads beitragen.&nbsp;Ein geringes Gewicht von etwa 175 Kilogramm und die Technik verleihen dem Motorrad ein pr\u00e4zises Handling. Der Antrieb der Bandit9 Ducati 821 erfolgt mittels eines 821-ccm-V-Twin-Motor mit acht Ventilen, der 110 PS und ein Drehmoment von 89 Nm entwickelt. Die Beschleunigung erfolgt in 3,3 Sekunden von 0 auf 100 km\/h und dieH\u00f6chstgeschwindigkeit liegt bei 201 km\/h. Ein Stahlgitterrahmen mit Aluminiumguss-Profilen sorgt f\u00fcr die strukturelle Steifigkeit und die Vorderradaufh\u00e4ngung erfolgt mittels 43-mm-Sachs-Gabeln. Am Heck verf\u00fcgt das Bike \u00fcber ein Sachs-Monofederbein mit einstellbarer Vorspannung und Zugstufe. Die Bremsanlage besteht aus zwei 320-mm-Brembo-Monoblock-Radialbremss\u00e4ttel vorne und einer 245-mm-Brembo-Scheibe hinten und ist mit ABS ausgestattet.<\/p>\n\n\n\n<p class=\"wp-block-paragraph\">Bislang sind neun Exemplare des Modells gebaut worden.<\/p>\n\n\n\n<figure class=\"wp-block-gallery has-nested-images columns-2 is-cropped wp-block-gallery-1 is-layout-flex wp-block-gallery-is-layout-flex\">\n<figure class=\"wp-block-image size-large\"><img loading=\"lazy\" decoding=\"async\" width=\"810\" height=\"453\" data-id=\"20636\" src=\"https:\/\/www.enzo-und-ferdinand.de\/wp-content\/uploads\/2025\/07\/Bandit9-Ducati-821-5-810x453.jpg\" alt=\"Bandit9 Ducati 821\" class=\"wp-image-20636\" srcset=\"https:\/\/www.enzo-und-ferdinand.de\/wp-content\/uploads\/2025\/07\/Bandit9-Ducati-821-5-810x453.jpg 810w, https:\/\/www.enzo-und-ferdinand.de\/wp-content\/uploads\/2025\/07\/Bandit9-Ducati-821-5-300x168.jpg 300w, https:\/\/www.enzo-und-ferdinand.de\/wp-content\/uploads\/2025\/07\/Bandit9-Ducati-821-5-768x430.jpg 768w, https:\/\/www.enzo-und-ferdinand.de\/wp-content\/uploads\/2025\/07\/Bandit9-Ducati-821-5.jpg 1500w\" sizes=\"auto, (max-width: 810px) 100vw, 810px\" \/><\/figure>\n\n\n\n<figure class=\"wp-block-image size-large\"><img loading=\"lazy\" decoding=\"async\" width=\"810\" height=\"453\" data-id=\"20635\" src=\"https:\/\/www.enzo-und-ferdinand.de\/wp-content\/uploads\/2025\/07\/Bandit9-Ducati-821-4-810x453.jpg\" alt=\"Bandit9 Ducati 821\" class=\"wp-image-20635\" srcset=\"https:\/\/www.enzo-und-ferdinand.de\/wp-content\/uploads\/2025\/07\/Bandit9-Ducati-821-4-810x453.jpg 810w, https:\/\/www.enzo-und-ferdinand.de\/wp-content\/uploads\/2025\/07\/Bandit9-Ducati-821-4-300x168.jpg 300w, https:\/\/www.enzo-und-ferdinand.de\/wp-content\/uploads\/2025\/07\/Bandit9-Ducati-821-4-768x430.jpg 768w, https:\/\/www.enzo-und-ferdinand.de\/wp-content\/uploads\/2025\/07\/Bandit9-Ducati-821-4.jpg 1500w\" sizes=\"auto, (max-width: 810px) 100vw, 810px\" \/><\/figure>\n\n\n\n<figure class=\"wp-block-image size-large\"><img loading=\"lazy\" decoding=\"async\" width=\"810\" height=\"589\" data-id=\"20634\" src=\"https:\/\/www.enzo-und-ferdinand.de\/wp-content\/uploads\/2025\/07\/Bandit9-Ducati-821-3-810x589.jpg\" alt=\"Bandit9 Ducati 821\" class=\"wp-image-20634\" srcset=\"https:\/\/www.enzo-und-ferdinand.de\/wp-content\/uploads\/2025\/07\/Bandit9-Ducati-821-3-810x589.jpg 810w, https:\/\/www.enzo-und-ferdinand.de\/wp-content\/uploads\/2025\/07\/Bandit9-Ducati-821-3-300x218.jpg 300w, https:\/\/www.enzo-und-ferdinand.de\/wp-content\/uploads\/2025\/07\/Bandit9-Ducati-821-3-768x558.jpg 768w, https:\/\/www.enzo-und-ferdinand.de\/wp-content\/uploads\/2025\/07\/Bandit9-Ducati-821-3.jpg 1500w\" sizes=\"auto, (max-width: 810px) 100vw, 810px\" \/><\/figure>\n<\/figure>\n\n\n\n<p class=\"has-text-align-right has-small-font-size wp-block-paragraph\">Fotos: Bandit 9\/Text: Rainer Ro\u00dfbach<\/p>\n\n\n\n<p class=\"wp-block-paragraph\"><\/p>\n","protected":false},"excerpt":{"rendered":"<p>Das Custom-Bike gl\u00e4nzt mit einer polierten Aluminiumoberfl\u00e4che: Jedes Teil des ma\u00dfgefertigten Fahrzeugs auf Basis der Ducati Monster 821 wurde neu gestaltet, \u00fcberarbeitet und von Hand gefertigt. Das Karosseriedesign besteht zum einen aus einer reflektierenden Aluminium-Hauptfl\u00e4che, w\u00e4hrend das Heck und der Sitz aus Kohlefaser gefertigt sind. Als Beleuchtung dient eine elegante LED-Einheit, zudem findet eine Einarm-Schwinge Verwendung, der Tankdeckel besteht ebenfalls aus Aluminium genau wie eine Reihe von polierten und handgefertigten Komponenten wie Gabelabdeckungen und Schrauben.<\/p>\n","protected":false},"author":1,"featured_media":20633,"comment_status":"closed","ping_status":"open","sticky":false,"template":"","format":"standard","meta":{"_crdt_document":"","ngg_post_thumbnail":0,"footnotes":""},"categories":[665,1370],"tags":[1361,1378,688],"class_list":["post-20637","post","type-post","status-publish","format-standard","has-post-thumbnail","hentry","category-editionen","category-zweirad","tag-bandit9","tag-ducati","tag-motorrad"],"yoast_head":"<!-- This site is optimized with the Yoast SEO plugin v27.5 - https:\/\/yoast.com\/product\/yoast-seo-wordpress\/ -->\n<title>Bandit9 Ducati 821<\/title>\n<meta name=\"description\" content=\"Rainer Ro\u00dfbach Rainer Rossbach enzo-und-ferdinand enzo&amp;ferdinand Enzo Bandit9 Ducati 821 Custom-Bike Aluminium Ducati Monster 821 Kohlefaser Einarm-Schwinge V2 Stahlrahmen Sachs-Gabeln Sachs-Monofederbein Brembo-Monoblock ABS\" \/>\n<meta name=\"robots\" content=\"index, follow, max-snippet:-1, max-image-preview:large, max-video-preview:-1\" \/>\n<link rel=\"canonical\" href=\"https:\/\/www.enzo-und-ferdinand.de\/index.php\/2025\/07\/23\/bandit9-ducati-821\/\" \/>\n<meta property=\"og:locale\" content=\"de_DE\" \/>\n<meta property=\"og:type\" content=\"article\" \/>\n<meta property=\"og:title\" content=\"Bandit9 Ducati 821\" \/>\n<meta property=\"og:description\" content=\"Rainer Ro\u00dfbach Rainer Rossbach enzo-und-ferdinand enzo&amp;ferdinand Enzo Bandit9 Ducati 821 Custom-Bike Aluminium Ducati Monster 821 Kohlefaser Einarm-Schwinge V2 Stahlrahmen Sachs-Gabeln Sachs-Monofederbein Brembo-Monoblock ABS\" \/>\n<meta property=\"og:url\" content=\"https:\/\/www.enzo-und-ferdinand.de\/index.php\/2025\/07\/23\/bandit9-ducati-821\/\" \/>\n<meta property=\"og:site_name\" content=\"enzo &amp; Ferdinand\" \/>\n<meta property=\"article:published_time\" content=\"2025-07-23T07:25:42+00:00\" \/>\n<meta property=\"article:modified_time\" content=\"2026-03-26T11:54:03+00:00\" \/>\n<meta property=\"og:image\" content=\"https:\/\/www.enzo-und-ferdinand.de\/wp-content\/uploads\/2025\/07\/Bandit9-Ducati-821-2.jpg\" \/>\n\t<meta property=\"og:image:width\" content=\"1500\" \/>\n\t<meta property=\"og:image:height\" content=\"1000\" \/>\n\t<meta property=\"og:image:type\" content=\"image\/jpeg\" \/>\n<meta name=\"author\" content=\"Rainer Ro\u00dfbach\" \/>\n<meta name=\"twitter:card\" content=\"summary_large_image\" \/>\n<meta name=\"twitter:label1\" content=\"Verfasst von\" \/>\n\t<meta name=\"twitter:data1\" content=\"Rainer Ro\u00dfbach\" \/>\n\t<meta name=\"twitter:label2\" content=\"Gesch\u00e4tzte Lesezeit\" \/>\n\t<meta name=\"twitter:data2\" content=\"3\u00a0Minuten\" \/>\n<script type=\"application\/ld+json\" class=\"yoast-schema-graph\">{\"@context\":\"https:\\\/\\\/schema.org\",\"@graph\":[{\"@type\":\"Article\",\"@id\":\"https:\\\/\\\/www.enzo-und-ferdinand.de\\\/index.php\\\/2025\\\/07\\\/23\\\/bandit9-ducati-821\\\/#article\",\"isPartOf\":{\"@id\":\"https:\\\/\\\/www.enzo-und-ferdinand.de\\\/index.php\\\/2025\\\/07\\\/23\\\/bandit9-ducati-821\\\/\"},\"author\":{\"name\":\"Rainer Ro\u00dfbach\",\"@id\":\"https:\\\/\\\/www.enzo-und-ferdinand.de\\\/#\\\/schema\\\/person\\\/aff2eb9ff87705987c1b9d21fe10b095\"},\"headline\":\"Bandit9 Ducati 821\",\"datePublished\":\"2025-07-23T07:25:42+00:00\",\"dateModified\":\"2026-03-26T11:54:03+00:00\",\"mainEntityOfPage\":{\"@id\":\"https:\\\/\\\/www.enzo-und-ferdinand.de\\\/index.php\\\/2025\\\/07\\\/23\\\/bandit9-ducati-821\\\/\"},\"wordCount\":221,\"publisher\":{\"@id\":\"https:\\\/\\\/www.enzo-und-ferdinand.de\\\/#organization\"},\"image\":{\"@id\":\"https:\\\/\\\/www.enzo-und-ferdinand.de\\\/index.php\\\/2025\\\/07\\\/23\\\/bandit9-ducati-821\\\/#primaryimage\"},\"thumbnailUrl\":\"https:\\\/\\\/www.enzo-und-ferdinand.de\\\/wp-content\\\/uploads\\\/2025\\\/07\\\/Bandit9-Ducati-821-2.jpg\",\"keywords\":[\"Bandit9\",\"Ducati\",\"Motorrad\"],\"articleSection\":[\"Editionen\",\"Zweirad\"],\"inLanguage\":\"de\"},{\"@type\":\"WebPage\",\"@id\":\"https:\\\/\\\/www.enzo-und-ferdinand.de\\\/index.php\\\/2025\\\/07\\\/23\\\/bandit9-ducati-821\\\/\",\"url\":\"https:\\\/\\\/www.enzo-und-ferdinand.de\\\/index.php\\\/2025\\\/07\\\/23\\\/bandit9-ducati-821\\\/\",\"name\":\"Bandit9 Ducati 821\",\"isPartOf\":{\"@id\":\"https:\\\/\\\/www.enzo-und-ferdinand.de\\\/#website\"},\"primaryImageOfPage\":{\"@id\":\"https:\\\/\\\/www.enzo-und-ferdinand.de\\\/index.php\\\/2025\\\/07\\\/23\\\/bandit9-ducati-821\\\/#primaryimage\"},\"image\":{\"@id\":\"https:\\\/\\\/www.enzo-und-ferdinand.de\\\/index.php\\\/2025\\\/07\\\/23\\\/bandit9-ducati-821\\\/#primaryimage\"},\"thumbnailUrl\":\"https:\\\/\\\/www.enzo-und-ferdinand.de\\\/wp-content\\\/uploads\\\/2025\\\/07\\\/Bandit9-Ducati-821-2.jpg\",\"datePublished\":\"2025-07-23T07:25:42+00:00\",\"dateModified\":\"2026-03-26T11:54:03+00:00\",\"description\":\"Rainer Ro\u00dfbach Rainer Rossbach enzo-und-ferdinand enzo&ferdinand Enzo Bandit9 Ducati 821 Custom-Bike Aluminium Ducati Monster 821 Kohlefaser Einarm-Schwinge V2 Stahlrahmen Sachs-Gabeln Sachs-Monofederbein Brembo-Monoblock ABS\",\"breadcrumb\":{\"@id\":\"https:\\\/\\\/www.enzo-und-ferdinand.de\\\/index.php\\\/2025\\\/07\\\/23\\\/bandit9-ducati-821\\\/#breadcrumb\"},\"inLanguage\":\"de\",\"potentialAction\":[{\"@type\":\"ReadAction\",\"target\":[\"https:\\\/\\\/www.enzo-und-ferdinand.de\\\/index.php\\\/2025\\\/07\\\/23\\\/bandit9-ducati-821\\\/\"]}]},{\"@type\":\"ImageObject\",\"inLanguage\":\"de\",\"@id\":\"https:\\\/\\\/www.enzo-und-ferdinand.de\\\/index.php\\\/2025\\\/07\\\/23\\\/bandit9-ducati-821\\\/#primaryimage\",\"url\":\"https:\\\/\\\/www.enzo-und-ferdinand.de\\\/wp-content\\\/uploads\\\/2025\\\/07\\\/Bandit9-Ducati-821-2.jpg\",\"contentUrl\":\"https:\\\/\\\/www.enzo-und-ferdinand.de\\\/wp-content\\\/uploads\\\/2025\\\/07\\\/Bandit9-Ducati-821-2.jpg\",\"width\":1500,\"height\":1000,\"caption\":\"Bandit9 Ducati 821\"},{\"@type\":\"BreadcrumbList\",\"@id\":\"https:\\\/\\\/www.enzo-und-ferdinand.de\\\/index.php\\\/2025\\\/07\\\/23\\\/bandit9-ducati-821\\\/#breadcrumb\",\"itemListElement\":[{\"@type\":\"ListItem\",\"position\":1,\"name\":\"Startseite\",\"item\":\"https:\\\/\\\/www.enzo-und-ferdinand.de\\\/\"},{\"@type\":\"ListItem\",\"position\":2,\"name\":\"Bandit9 Ducati 821\"}]},{\"@type\":\"WebSite\",\"@id\":\"https:\\\/\\\/www.enzo-und-ferdinand.de\\\/#website\",\"url\":\"https:\\\/\\\/www.enzo-und-ferdinand.de\\\/\",\"name\":\"enzo & Ferdinand\",\"description\":\"\",\"publisher\":{\"@id\":\"https:\\\/\\\/www.enzo-und-ferdinand.de\\\/#organization\"},\"potentialAction\":[{\"@type\":\"SearchAction\",\"target\":{\"@type\":\"EntryPoint\",\"urlTemplate\":\"https:\\\/\\\/www.enzo-und-ferdinand.de\\\/?s={search_term_string}\"},\"query-input\":{\"@type\":\"PropertyValueSpecification\",\"valueRequired\":true,\"valueName\":\"search_term_string\"}}],\"inLanguage\":\"de\"},{\"@type\":\"Organization\",\"@id\":\"https:\\\/\\\/www.enzo-und-ferdinand.de\\\/#organization\",\"name\":\"enzo & Ferdinand\",\"url\":\"https:\\\/\\\/www.enzo-und-ferdinand.de\\\/\",\"logo\":{\"@type\":\"ImageObject\",\"inLanguage\":\"de\",\"@id\":\"https:\\\/\\\/www.enzo-und-ferdinand.de\\\/#\\\/schema\\\/logo\\\/image\\\/\",\"url\":\"https:\\\/\\\/www.enzo-und-ferdinand.de\\\/wp-content\\\/uploads\\\/2018\\\/12\\\/revvvs-icon.png\",\"contentUrl\":\"https:\\\/\\\/www.enzo-und-ferdinand.de\\\/wp-content\\\/uploads\\\/2018\\\/12\\\/revvvs-icon.png\",\"width\":512,\"height\":512,\"caption\":\"enzo & Ferdinand\"},\"image\":{\"@id\":\"https:\\\/\\\/www.enzo-und-ferdinand.de\\\/#\\\/schema\\\/logo\\\/image\\\/\"}},{\"@type\":\"Person\",\"@id\":\"https:\\\/\\\/www.enzo-und-ferdinand.de\\\/#\\\/schema\\\/person\\\/aff2eb9ff87705987c1b9d21fe10b095\",\"name\":\"Rainer Ro\u00dfbach\",\"image\":{\"@type\":\"ImageObject\",\"inLanguage\":\"de\",\"@id\":\"https:\\\/\\\/www.enzo-und-ferdinand.de\\\/wp-content\\\/uploads\\\/2026\\\/01\\\/Rainer-Rossbach-150x150.jpg\",\"url\":\"https:\\\/\\\/www.enzo-und-ferdinand.de\\\/wp-content\\\/uploads\\\/2026\\\/01\\\/Rainer-Rossbach-150x150.jpg\",\"contentUrl\":\"https:\\\/\\\/www.enzo-und-ferdinand.de\\\/wp-content\\\/uploads\\\/2026\\\/01\\\/Rainer-Rossbach-150x150.jpg\",\"caption\":\"Rainer Ro\u00dfbach\"},\"url\":\"https:\\\/\\\/www.enzo-und-ferdinand.de\\\/index.php\\\/author\\\/redaktion\\\/\"}]}<\/script>\n<!-- \/ Yoast SEO plugin. -->","yoast_head_json":{"title":"Bandit9 Ducati 821","description":"Rainer Ro\u00dfbach Rainer Rossbach enzo-und-ferdinand enzo&ferdinand Enzo Bandit9 Ducati 821 Custom-Bike Aluminium Ducati Monster 821 Kohlefaser Einarm-Schwinge V2 Stahlrahmen Sachs-Gabeln Sachs-Monofederbein Brembo-Monoblock ABS","robots":{"index":"index","follow":"follow","max-snippet":"max-snippet:-1","max-image-preview":"max-image-preview:large","max-video-preview":"max-video-preview:-1"},"canonical":"https:\/\/www.enzo-und-ferdinand.de\/index.php\/2025\/07\/23\/bandit9-ducati-821\/","og_locale":"de_DE","og_type":"article","og_title":"Bandit9 Ducati 821","og_description":"Rainer Ro\u00dfbach Rainer Rossbach enzo-und-ferdinand enzo&ferdinand Enzo Bandit9 Ducati 821 Custom-Bike Aluminium Ducati Monster 821 Kohlefaser Einarm-Schwinge V2 Stahlrahmen Sachs-Gabeln Sachs-Monofederbein Brembo-Monoblock ABS","og_url":"https:\/\/www.enzo-und-ferdinand.de\/index.php\/2025\/07\/23\/bandit9-ducati-821\/","og_site_name":"enzo &amp; Ferdinand","article_published_time":"2025-07-23T07:25:42+00:00","article_modified_time":"2026-03-26T11:54:03+00:00","og_image":[{"width":1500,"height":1000,"url":"https:\/\/www.enzo-und-ferdinand.de\/wp-content\/uploads\/2025\/07\/Bandit9-Ducati-821-2.jpg","type":"image\/jpeg"}],"author":"Rainer Ro\u00dfbach","twitter_card":"summary_large_image","twitter_misc":{"Verfasst von":"Rainer Ro\u00dfbach","Gesch\u00e4tzte Lesezeit":"3\u00a0Minuten"},"schema":{"@context":"https:\/\/schema.org","@graph":[{"@type":"Article","@id":"https:\/\/www.enzo-und-ferdinand.de\/index.php\/2025\/07\/23\/bandit9-ducati-821\/#article","isPartOf":{"@id":"https:\/\/www.enzo-und-ferdinand.de\/index.php\/2025\/07\/23\/bandit9-ducati-821\/"},"author":{"name":"Rainer Ro\u00dfbach","@id":"https:\/\/www.enzo-und-ferdinand.de\/#\/schema\/person\/aff2eb9ff87705987c1b9d21fe10b095"},"headline":"Bandit9 Ducati 821","datePublished":"2025-07-23T07:25:42+00:00","dateModified":"2026-03-26T11:54:03+00:00","mainEntityOfPage":{"@id":"https:\/\/www.enzo-und-ferdinand.de\/index.php\/2025\/07\/23\/bandit9-ducati-821\/"},"wordCount":221,"publisher":{"@id":"https:\/\/www.enzo-und-ferdinand.de\/#organization"},"image":{"@id":"https:\/\/www.enzo-und-ferdinand.de\/index.php\/2025\/07\/23\/bandit9-ducati-821\/#primaryimage"},"thumbnailUrl":"https:\/\/www.enzo-und-ferdinand.de\/wp-content\/uploads\/2025\/07\/Bandit9-Ducati-821-2.jpg","keywords":["Bandit9","Ducati","Motorrad"],"articleSection":["Editionen","Zweirad"],"inLanguage":"de"},{"@type":"WebPage","@id":"https:\/\/www.enzo-und-ferdinand.de\/index.php\/2025\/07\/23\/bandit9-ducati-821\/","url":"https:\/\/www.enzo-und-ferdinand.de\/index.php\/2025\/07\/23\/bandit9-ducati-821\/","name":"Bandit9 Ducati 821","isPartOf":{"@id":"https:\/\/www.enzo-und-ferdinand.de\/#website"},"primaryImageOfPage":{"@id":"https:\/\/www.enzo-und-ferdinand.de\/index.php\/2025\/07\/23\/bandit9-ducati-821\/#primaryimage"},"image":{"@id":"https:\/\/www.enzo-und-ferdinand.de\/index.php\/2025\/07\/23\/bandit9-ducati-821\/#primaryimage"},"thumbnailUrl":"https:\/\/www.enzo-und-ferdinand.de\/wp-content\/uploads\/2025\/07\/Bandit9-Ducati-821-2.jpg","datePublished":"2025-07-23T07:25:42+00:00","dateModified":"2026-03-26T11:54:03+00:00","description":"Rainer Ro\u00dfbach Rainer Rossbach enzo-und-ferdinand enzo&ferdinand Enzo Bandit9 Ducati 821 Custom-Bike Aluminium Ducati Monster 821 Kohlefaser Einarm-Schwinge V2 Stahlrahmen Sachs-Gabeln Sachs-Monofederbein Brembo-Monoblock ABS","breadcrumb":{"@id":"https:\/\/www.enzo-und-ferdinand.de\/index.php\/2025\/07\/23\/bandit9-ducati-821\/#breadcrumb"},"inLanguage":"de","potentialAction":[{"@type":"ReadAction","target":["https:\/\/www.enzo-und-ferdinand.de\/index.php\/2025\/07\/23\/bandit9-ducati-821\/"]}]},{"@type":"ImageObject","inLanguage":"de","@id":"https:\/\/www.enzo-und-ferdinand.de\/index.php\/2025\/07\/23\/bandit9-ducati-821\/#primaryimage","url":"https:\/\/www.enzo-und-ferdinand.de\/wp-content\/uploads\/2025\/07\/Bandit9-Ducati-821-2.jpg","contentUrl":"https:\/\/www.enzo-und-ferdinand.de\/wp-content\/uploads\/2025\/07\/Bandit9-Ducati-821-2.jpg","width":1500,"height":1000,"caption":"Bandit9 Ducati 821"},{"@type":"BreadcrumbList","@id":"https:\/\/www.enzo-und-ferdinand.de\/index.php\/2025\/07\/23\/bandit9-ducati-821\/#breadcrumb","itemListElement":[{"@type":"ListItem","position":1,"name":"Startseite","item":"https:\/\/www.enzo-und-ferdinand.de\/"},{"@type":"ListItem","position":2,"name":"Bandit9 Ducati 821"}]},{"@type":"WebSite","@id":"https:\/\/www.enzo-und-ferdinand.de\/#website","url":"https:\/\/www.enzo-und-ferdinand.de\/","name":"enzo & Ferdinand","description":"","publisher":{"@id":"https:\/\/www.enzo-und-ferdinand.de\/#organization"},"potentialAction":[{"@type":"SearchAction","target":{"@type":"EntryPoint","urlTemplate":"https:\/\/www.enzo-und-ferdinand.de\/?s={search_term_string}"},"query-input":{"@type":"PropertyValueSpecification","valueRequired":true,"valueName":"search_term_string"}}],"inLanguage":"de"},{"@type":"Organization","@id":"https:\/\/www.enzo-und-ferdinand.de\/#organization","name":"enzo & Ferdinand","url":"https:\/\/www.enzo-und-ferdinand.de\/","logo":{"@type":"ImageObject","inLanguage":"de","@id":"https:\/\/www.enzo-und-ferdinand.de\/#\/schema\/logo\/image\/","url":"https:\/\/www.enzo-und-ferdinand.de\/wp-content\/uploads\/2018\/12\/revvvs-icon.png","contentUrl":"https:\/\/www.enzo-und-ferdinand.de\/wp-content\/uploads\/2018\/12\/revvvs-icon.png","width":512,"height":512,"caption":"enzo & Ferdinand"},"image":{"@id":"https:\/\/www.enzo-und-ferdinand.de\/#\/schema\/logo\/image\/"}},{"@type":"Person","@id":"https:\/\/www.enzo-und-ferdinand.de\/#\/schema\/person\/aff2eb9ff87705987c1b9d21fe10b095","name":"Rainer Ro\u00dfbach","image":{"@type":"ImageObject","inLanguage":"de","@id":"https:\/\/www.enzo-und-ferdinand.de\/wp-content\/uploads\/2026\/01\/Rainer-Rossbach-150x150.jpg","url":"https:\/\/www.enzo-und-ferdinand.de\/wp-content\/uploads\/2026\/01\/Rainer-Rossbach-150x150.jpg","contentUrl":"https:\/\/www.enzo-und-ferdinand.de\/wp-content\/uploads\/2026\/01\/Rainer-Rossbach-150x150.jpg","caption":"Rainer Ro\u00dfbach"},"url":"https:\/\/www.enzo-und-ferdinand.de\/index.php\/author\/redaktion\/"}]}},"_links":{"self":[{"href":"https:\/\/www.enzo-und-ferdinand.de\/index.php\/wp-json\/wp\/v2\/posts\/20637","targetHints":{"allow":["GET"]}}],"collection":[{"href":"https:\/\/www.enzo-und-ferdinand.de\/index.php\/wp-json\/wp\/v2\/posts"}],"about":[{"href":"https:\/\/www.enzo-und-ferdinand.de\/index.php\/wp-json\/wp\/v2\/types\/post"}],"author":[{"embeddable":true,"href":"https:\/\/www.enzo-und-ferdinand.de\/index.php\/wp-json\/wp\/v2\/users\/1"}],"replies":[{"embeddable":true,"href":"https:\/\/www.enzo-und-ferdinand.de\/index.php\/wp-json\/wp\/v2\/comments?post=20637"}],"version-history":[{"count":3,"href":"https:\/\/www.enzo-und-ferdinand.de\/index.php\/wp-json\/wp\/v2\/posts\/20637\/revisions"}],"predecessor-version":[{"id":20640,"href":"https:\/\/www.enzo-und-ferdinand.de\/index.php\/wp-json\/wp\/v2\/posts\/20637\/revisions\/20640"}],"wp:featuredmedia":[{"embeddable":true,"href":"https:\/\/www.enzo-und-ferdinand.de\/index.php\/wp-json\/wp\/v2\/media\/20633"}],"wp:attachment":[{"href":"https:\/\/www.enzo-und-ferdinand.de\/index.php\/wp-json\/wp\/v2\/media?parent=20637"}],"wp:term":[{"taxonomy":"category","embeddable":true,"href":"https:\/\/www.enzo-und-ferdinand.de\/index.php\/wp-json\/wp\/v2\/categories?post=20637"},{"taxonomy":"post_tag","embeddable":true,"href":"https:\/\/www.enzo-und-ferdinand.de\/index.php\/wp-json\/wp\/v2\/tags?post=20637"}],"curies":[{"name":"wp","href":"https:\/\/api.w.org\/{rel}","templated":true}]}}