{"id":20701,"date":"2025-08-05T08:00:00","date_gmt":"2025-08-05T06:00:00","guid":{"rendered":"https:\/\/www.enzo-und-ferdinand.de\/?p=20701"},"modified":"2026-03-26T12:47:01","modified_gmt":"2026-03-26T11:47:01","slug":"porsche-911-cup-2026","status":"publish","type":"post","link":"https:\/\/www.enzo-und-ferdinand.de\/index.php\/2025\/08\/05\/porsche-911-cup-2026\/","title":{"rendered":"Porsche 911 \u201eCup\u201c 2026"},"content":{"rendered":"\n<figure class=\"wp-block-image size-large\"><img loading=\"lazy\" decoding=\"async\" width=\"810\" height=\"540\" src=\"https:\/\/www.enzo-und-ferdinand.de\/wp-content\/uploads\/2025\/07\/321906_4488x2992-810x540.jpg\" alt=\"Porsche 911 \u201eCup\u201c 2026\" class=\"wp-image-20695\" srcset=\"https:\/\/www.enzo-und-ferdinand.de\/wp-content\/uploads\/2025\/07\/321906_4488x2992-810x540.jpg 810w, https:\/\/www.enzo-und-ferdinand.de\/wp-content\/uploads\/2025\/07\/321906_4488x2992-300x200.jpg 300w, https:\/\/www.enzo-und-ferdinand.de\/wp-content\/uploads\/2025\/07\/321906_4488x2992-768x512.jpg 768w, https:\/\/www.enzo-und-ferdinand.de\/wp-content\/uploads\/2025\/07\/321906_4488x2992-120x80.jpg 120w, https:\/\/www.enzo-und-ferdinand.de\/wp-content\/uploads\/2025\/07\/321906_4488x2992.jpg 1500w\" sizes=\"auto, (max-width: 810px) 100vw, 810px\" \/><\/figure>\n\n\n\n<p class=\"wp-block-paragraph\">Der neue Markenpokal-Rennwagen auf Basis der aktuellen Neunelfer-Generation 992.2 hat seine Entwicklungsphase bereits weitgehend abgeschlossen und wird im Sommer der \u00d6ffentlichkeit pr\u00e4sentiert. Ab Saisonbeginn 2026 kommt der Rennwagen im Porsche Mobil 1 Supercup sowie in ausgew\u00e4hlten Carrera Cup-Serien zum Einsatz. Seit 1990 ist der Porsche 911 die Basis f\u00fcr die Markenpokal-Rennserien des Stuttgarter Unternehmens. Was seinerzeit mit dem deutschen Porsche Carrera Cup begann und sich drei Jahre sp\u00e4ter auf den Porsche Supercup im Rahmen ausgew\u00e4hlter Formel-1-Grand Prix ausweitete, hat sich l\u00e4ngst zu einer weltweiten Erfolgsgeschichte entwickelt. <\/p>\n\n\n\n<p class=\"wp-block-paragraph\">In der laufenden Saison finden Carrera Cup-Wettbewerbe in mehr als zw\u00f6lf L\u00e4ndern auf der ganzen Welt statt: von Japan und Asien \u00fcber Australien und den Mittleren Osten bis nach Nord- und S\u00fcdamerika sowie in Europa.\u00a0 Hinzu kommen 23 von Porsche sanktionierte Sprint beziehungsweise Endurance Challenges und Trophies, die ihre Rennen ebenfalls mit dem 911 GT3 Cup austragen. Dies spiegelt sich auch in den Produktionszahlen wider: Mit nunmehr 5.381 Einheiten z\u00e4hlen die Markenpokal-Fahrzeuge auf 911-Basis zu den meistgebauten Rennwagen weltweit.<\/p>\n\n\n\n<figure class=\"wp-block-image size-large\"><img loading=\"lazy\" decoding=\"async\" width=\"810\" height=\"540\" src=\"https:\/\/www.enzo-und-ferdinand.de\/wp-content\/uploads\/2025\/07\/321922_4488x2992-810x540.jpg\" alt=\"Porsche 911 \u201eCup\u201c 2026\" class=\"wp-image-20700\" srcset=\"https:\/\/www.enzo-und-ferdinand.de\/wp-content\/uploads\/2025\/07\/321922_4488x2992-810x540.jpg 810w, https:\/\/www.enzo-und-ferdinand.de\/wp-content\/uploads\/2025\/07\/321922_4488x2992-300x200.jpg 300w, https:\/\/www.enzo-und-ferdinand.de\/wp-content\/uploads\/2025\/07\/321922_4488x2992-768x512.jpg 768w, https:\/\/www.enzo-und-ferdinand.de\/wp-content\/uploads\/2025\/07\/321922_4488x2992-120x80.jpg 120w, https:\/\/www.enzo-und-ferdinand.de\/wp-content\/uploads\/2025\/07\/321922_4488x2992.jpg 1500w\" sizes=\"auto, (max-width: 810px) 100vw, 810px\" \/><\/figure>\n\n\n\n<p class=\"wp-block-paragraph\">Die Cup-Fahrzeuge laufen im Stammwerk Stuttgart-Zuffenhausen Seite an Seite mit 911-Serienmodellen vom Band. Allein vom aktuellen Modell, das zur Saison 2021 deb\u00fctierte, waren es 1.130 Exemplare. Die Produktion eines Porsche 911 GT3 Cup der Generation 992.1 dauerte knapp acht Stunden.<\/p>\n\n\n\n<p class=\"wp-block-paragraph\">Die Arbeiten am neuen Wettbewerbsger\u00e4t haben bei Porsche Motorsport in Weissach im Januar 2024 begonnen. Wie seine Vorg\u00e4ngergenerationen kombiniert auch der 911 Cup wieder Serientechnik mit hochkar\u00e4tigen Motorsportattributen, die ihn mehr denn je in einen reinrassigen Rennwagen verwandeln. Der Schwerpunkt der Entwicklung lag unter anderem auf einer verbesserten Aerodynamik der Frontpartie, die sich positiv auf die Fahrbarkeit auswirkt. Hinzu kommen zahlreiche Verbesserungen zum Beispiel in den Bereichen Sicherheit und Elektronik, bei den Bremsen, der Kraft\u00fcbertragung und dem Sechszylinder-Boxermotor sowie beim Fahrzeughandling.&nbsp;<\/p>\n\n\n\n<p class=\"wp-block-paragraph\">F\u00fcr die Entwicklung des neuen 911 Cup inklusive aller Pr\u00fcfstandl\u00e4ufe hat Porsche Motorsport ausschlie\u00dflich jenen eFuel-Blend verwendet, der auch im Porsche Mobil 1 Supercup (PMSC) zum Einsatz kommt. Testfahrten fanden auf dem italienischen Grand-Prix-Kurs in Monza, auf dem Lausitzring in Brandenburg und auf der hauseigenen Strecke des Entwicklungszentrums Weissach statt. A<\/p>\n\n\n\n<p class=\"wp-block-paragraph\">Der 2025 im Porsche Mobil 1 Supercup (PMSC) eingesetzte eFuel-Blend erf\u00fcllt technisch die Anforderungen des neuen \u201eF\u00e9d\u00e9ration Internationale de l&#8217;Automobile (FIA) Appendix J\u201c f\u00fcr erneuerbaren (\u201eAdvanced Sustainable\u201c) Kraftstoff und entspricht mit allen kombinierten CO\u2082-Minderungs-Ma\u00dfnahmen* einer gesamtheitlichen CO\u2082-\u00c4qivalente-Reduktion von 66 Prozent gegen\u00fcber einem fossilen Kraftstoff-\u00c4quivalent.&nbsp;<\/p>\n\n\n\n<p class=\"wp-block-paragraph\">Der gr\u00f6\u00dfte Anteil der Komponenten entf\u00e4llt auf erneuerbares, synthetisches Rohbenzin, das sogenannte MtG (Methanol-to-Gasoline). Andere Blending-Komponenten sind zum Beispiel erneuerbares, abfall- beziehungsweise reststoffbasiertes Ethanol, um unter anderem den Sauerstoffanteil im Kraftstoff und die Oktanzahl zu erh\u00f6hen. Diese betr\u00e4gt 100,5 ROZ.&nbsp;<\/p>\n\n\n\n<figure class=\"wp-block-gallery has-nested-images columns-2 is-cropped wp-block-gallery-1 is-layout-flex wp-block-gallery-is-layout-flex\">\n<figure class=\"wp-block-image size-large\"><img loading=\"lazy\" decoding=\"async\" width=\"810\" height=\"540\" data-id=\"20698\" src=\"https:\/\/www.enzo-und-ferdinand.de\/wp-content\/uploads\/2025\/07\/321918_4488x2992-810x540.jpg\" alt=\"Porsche 911 \u201eCup\u201c 2026\" class=\"wp-image-20698\" srcset=\"https:\/\/www.enzo-und-ferdinand.de\/wp-content\/uploads\/2025\/07\/321918_4488x2992-810x540.jpg 810w, https:\/\/www.enzo-und-ferdinand.de\/wp-content\/uploads\/2025\/07\/321918_4488x2992-300x200.jpg 300w, https:\/\/www.enzo-und-ferdinand.de\/wp-content\/uploads\/2025\/07\/321918_4488x2992-768x512.jpg 768w, https:\/\/www.enzo-und-ferdinand.de\/wp-content\/uploads\/2025\/07\/321918_4488x2992-120x80.jpg 120w, https:\/\/www.enzo-und-ferdinand.de\/wp-content\/uploads\/2025\/07\/321918_4488x2992.jpg 1500w\" sizes=\"auto, (max-width: 810px) 100vw, 810px\" \/><\/figure>\n\n\n\n<figure class=\"wp-block-image size-large\"><img loading=\"lazy\" decoding=\"async\" width=\"810\" height=\"456\" data-id=\"20696\" src=\"https:\/\/www.enzo-und-ferdinand.de\/wp-content\/uploads\/2025\/07\/321912_4488x2992-810x456.jpg\" alt=\"Porsche 911 \u201eCup\u201c 2026\" class=\"wp-image-20696\" srcset=\"https:\/\/www.enzo-und-ferdinand.de\/wp-content\/uploads\/2025\/07\/321912_4488x2992-810x456.jpg 810w, https:\/\/www.enzo-und-ferdinand.de\/wp-content\/uploads\/2025\/07\/321912_4488x2992-300x169.jpg 300w, https:\/\/www.enzo-und-ferdinand.de\/wp-content\/uploads\/2025\/07\/321912_4488x2992-768x432.jpg 768w, https:\/\/www.enzo-und-ferdinand.de\/wp-content\/uploads\/2025\/07\/321912_4488x2992.jpg 1500w\" sizes=\"auto, (max-width: 810px) 100vw, 810px\" \/><\/figure>\n\n\n\n<figure class=\"wp-block-image size-large\"><img loading=\"lazy\" decoding=\"async\" width=\"810\" height=\"456\" data-id=\"20697\" src=\"https:\/\/www.enzo-und-ferdinand.de\/wp-content\/uploads\/2025\/07\/321915_4488x2992-810x456.jpg\" alt=\"Porsche 911 \u201eCup\u201c 2026\" class=\"wp-image-20697\" srcset=\"https:\/\/www.enzo-und-ferdinand.de\/wp-content\/uploads\/2025\/07\/321915_4488x2992-810x456.jpg 810w, https:\/\/www.enzo-und-ferdinand.de\/wp-content\/uploads\/2025\/07\/321915_4488x2992-300x169.jpg 300w, https:\/\/www.enzo-und-ferdinand.de\/wp-content\/uploads\/2025\/07\/321915_4488x2992-768x432.jpg 768w, https:\/\/www.enzo-und-ferdinand.de\/wp-content\/uploads\/2025\/07\/321915_4488x2992.jpg 1500w\" sizes=\"auto, (max-width: 810px) 100vw, 810px\" \/><\/figure>\n<\/figure>\n\n\n\n<p class=\"has-text-align-right has-small-font-size wp-block-paragraph\">Fotos: Porsche\/Text: Porsche, rr<\/p>\n","protected":false},"excerpt":{"rendered":"<p>Der neue Markenpokal-Rennwagen auf Basis der aktuellen Neunelfer-Generation 992.2 hat seine Entwicklungsphase bereits weitgehend abgeschlossen und wird im Sommer der \u00d6ffentlichkeit pr\u00e4sentiert. Ab Saisonbeginn 2026 kommt der Rennwagen im Porsche Mobil 1 Supercup sowie in ausgew\u00e4hlten Carrera Cup-Serien zum Einsatz. Seit 1990 ist der Porsche 911 die Basis f\u00fcr die Markenpokal-Rennserien des Stuttgarter Unternehmens. Was seinerzeit mit dem deutschen Porsche Carrera Cup begann und sich drei Jahre sp\u00e4ter auf den Porsche Supercup im Rahmen ausgew\u00e4hlter Formel-1-Grand Prix ausweitete, hat sich l\u00e4ngst zu einer weltweiten Erfolgsgeschichte entwickelt. <\/p>\n","protected":false},"author":1,"featured_media":20699,"comment_status":"closed","ping_status":"open","sticky":false,"template":"","format":"standard","meta":{"_crdt_document":"","ngg_post_thumbnail":0,"footnotes":""},"categories":[23,5],"tags":[201],"class_list":["post-20701","post","type-post","status-publish","format-standard","has-post-thumbnail","hentry","category-performance","category-rennsport","tag-porsche"],"yoast_head":"<!-- This site is optimized with the Yoast SEO plugin v27.5 - https:\/\/yoast.com\/product\/yoast-seo-wordpress\/ -->\n<title>Porsche 911 \u201eCup\u201c 2026<\/title>\n<meta name=\"description\" content=\"Rainer Ro\u00dfbach Rainer Rossbach enzo-und-ferdinand enzo&amp;ferdinand Enzo Porsche 911 Cup Markenpokal Porsche Mobil 1 Supercup Carrera Cup Endurance Challenges Stuttgart-Zuffenhausen Porsche 911 GT3 Cup Weissach Aerodynamik Sechszylinder-Boxermotor Monza Lausitzring eFuel-Blend FIA Methanol-to-Gasoline Ethanol\" \/>\n<meta name=\"robots\" content=\"index, follow, max-snippet:-1, max-image-preview:large, max-video-preview:-1\" \/>\n<link rel=\"canonical\" href=\"https:\/\/www.enzo-und-ferdinand.de\/index.php\/2025\/08\/05\/porsche-911-cup-2026\/\" \/>\n<meta property=\"og:locale\" content=\"de_DE\" \/>\n<meta property=\"og:type\" content=\"article\" \/>\n<meta property=\"og:title\" content=\"Porsche 911 \u201eCup\u201c 2026\" \/>\n<meta property=\"og:description\" content=\"Rainer Ro\u00dfbach Rainer Rossbach enzo-und-ferdinand enzo&amp;ferdinand Enzo Porsche 911 Cup Markenpokal Porsche Mobil 1 Supercup Carrera Cup Endurance Challenges Stuttgart-Zuffenhausen Porsche 911 GT3 Cup Weissach Aerodynamik Sechszylinder-Boxermotor Monza Lausitzring eFuel-Blend FIA Methanol-to-Gasoline Ethanol\" \/>\n<meta property=\"og:url\" content=\"https:\/\/www.enzo-und-ferdinand.de\/index.php\/2025\/08\/05\/porsche-911-cup-2026\/\" \/>\n<meta property=\"og:site_name\" content=\"enzo &amp; Ferdinand\" \/>\n<meta property=\"article:published_time\" content=\"2025-08-05T06:00:00+00:00\" \/>\n<meta property=\"article:modified_time\" content=\"2026-03-26T11:47:01+00:00\" \/>\n<meta property=\"og:image\" content=\"https:\/\/www.enzo-und-ferdinand.de\/wp-content\/uploads\/2025\/07\/321920_4488x2992.jpg\" \/>\n\t<meta property=\"og:image:width\" content=\"1500\" \/>\n\t<meta property=\"og:image:height\" content=\"1000\" \/>\n\t<meta property=\"og:image:type\" content=\"image\/jpeg\" \/>\n<meta name=\"author\" content=\"Rainer Ro\u00dfbach\" \/>\n<meta name=\"twitter:card\" content=\"summary_large_image\" \/>\n<meta name=\"twitter:label1\" content=\"Verfasst von\" \/>\n\t<meta name=\"twitter:data1\" content=\"Rainer Ro\u00dfbach\" \/>\n\t<meta name=\"twitter:label2\" content=\"Gesch\u00e4tzte Lesezeit\" \/>\n\t<meta name=\"twitter:data2\" content=\"4\u00a0Minuten\" \/>\n<script type=\"application\/ld+json\" class=\"yoast-schema-graph\">{\"@context\":\"https:\\\/\\\/schema.org\",\"@graph\":[{\"@type\":\"Article\",\"@id\":\"https:\\\/\\\/www.enzo-und-ferdinand.de\\\/index.php\\\/2025\\\/08\\\/05\\\/porsche-911-cup-2026\\\/#article\",\"isPartOf\":{\"@id\":\"https:\\\/\\\/www.enzo-und-ferdinand.de\\\/index.php\\\/2025\\\/08\\\/05\\\/porsche-911-cup-2026\\\/\"},\"author\":{\"name\":\"Rainer Ro\u00dfbach\",\"@id\":\"https:\\\/\\\/www.enzo-und-ferdinand.de\\\/#\\\/schema\\\/person\\\/aff2eb9ff87705987c1b9d21fe10b095\"},\"headline\":\"Porsche 911 \u201eCup\u201c 2026\",\"datePublished\":\"2025-08-05T06:00:00+00:00\",\"dateModified\":\"2026-03-26T11:47:01+00:00\",\"mainEntityOfPage\":{\"@id\":\"https:\\\/\\\/www.enzo-und-ferdinand.de\\\/index.php\\\/2025\\\/08\\\/05\\\/porsche-911-cup-2026\\\/\"},\"wordCount\":446,\"publisher\":{\"@id\":\"https:\\\/\\\/www.enzo-und-ferdinand.de\\\/#organization\"},\"image\":{\"@id\":\"https:\\\/\\\/www.enzo-und-ferdinand.de\\\/index.php\\\/2025\\\/08\\\/05\\\/porsche-911-cup-2026\\\/#primaryimage\"},\"thumbnailUrl\":\"https:\\\/\\\/www.enzo-und-ferdinand.de\\\/wp-content\\\/uploads\\\/2025\\\/07\\\/321920_4488x2992.jpg\",\"keywords\":[\"Porsche\"],\"articleSection\":[\"Performance\",\"Rennsport\"],\"inLanguage\":\"de\"},{\"@type\":\"WebPage\",\"@id\":\"https:\\\/\\\/www.enzo-und-ferdinand.de\\\/index.php\\\/2025\\\/08\\\/05\\\/porsche-911-cup-2026\\\/\",\"url\":\"https:\\\/\\\/www.enzo-und-ferdinand.de\\\/index.php\\\/2025\\\/08\\\/05\\\/porsche-911-cup-2026\\\/\",\"name\":\"Porsche 911 \u201eCup\u201c 2026\",\"isPartOf\":{\"@id\":\"https:\\\/\\\/www.enzo-und-ferdinand.de\\\/#website\"},\"primaryImageOfPage\":{\"@id\":\"https:\\\/\\\/www.enzo-und-ferdinand.de\\\/index.php\\\/2025\\\/08\\\/05\\\/porsche-911-cup-2026\\\/#primaryimage\"},\"image\":{\"@id\":\"https:\\\/\\\/www.enzo-und-ferdinand.de\\\/index.php\\\/2025\\\/08\\\/05\\\/porsche-911-cup-2026\\\/#primaryimage\"},\"thumbnailUrl\":\"https:\\\/\\\/www.enzo-und-ferdinand.de\\\/wp-content\\\/uploads\\\/2025\\\/07\\\/321920_4488x2992.jpg\",\"datePublished\":\"2025-08-05T06:00:00+00:00\",\"dateModified\":\"2026-03-26T11:47:01+00:00\",\"description\":\"Rainer Ro\u00dfbach Rainer Rossbach enzo-und-ferdinand enzo&ferdinand Enzo Porsche 911 Cup Markenpokal Porsche Mobil 1 Supercup Carrera Cup Endurance Challenges Stuttgart-Zuffenhausen Porsche 911 GT3 Cup Weissach Aerodynamik Sechszylinder-Boxermotor Monza Lausitzring eFuel-Blend FIA Methanol-to-Gasoline Ethanol\",\"breadcrumb\":{\"@id\":\"https:\\\/\\\/www.enzo-und-ferdinand.de\\\/index.php\\\/2025\\\/08\\\/05\\\/porsche-911-cup-2026\\\/#breadcrumb\"},\"inLanguage\":\"de\",\"potentialAction\":[{\"@type\":\"ReadAction\",\"target\":[\"https:\\\/\\\/www.enzo-und-ferdinand.de\\\/index.php\\\/2025\\\/08\\\/05\\\/porsche-911-cup-2026\\\/\"]}]},{\"@type\":\"ImageObject\",\"inLanguage\":\"de\",\"@id\":\"https:\\\/\\\/www.enzo-und-ferdinand.de\\\/index.php\\\/2025\\\/08\\\/05\\\/porsche-911-cup-2026\\\/#primaryimage\",\"url\":\"https:\\\/\\\/www.enzo-und-ferdinand.de\\\/wp-content\\\/uploads\\\/2025\\\/07\\\/321920_4488x2992.jpg\",\"contentUrl\":\"https:\\\/\\\/www.enzo-und-ferdinand.de\\\/wp-content\\\/uploads\\\/2025\\\/07\\\/321920_4488x2992.jpg\",\"width\":1500,\"height\":1000,\"caption\":\"Porsche 911 \u201eCup\u201c 2026\"},{\"@type\":\"BreadcrumbList\",\"@id\":\"https:\\\/\\\/www.enzo-und-ferdinand.de\\\/index.php\\\/2025\\\/08\\\/05\\\/porsche-911-cup-2026\\\/#breadcrumb\",\"itemListElement\":[{\"@type\":\"ListItem\",\"position\":1,\"name\":\"Startseite\",\"item\":\"https:\\\/\\\/www.enzo-und-ferdinand.de\\\/\"},{\"@type\":\"ListItem\",\"position\":2,\"name\":\"Porsche 911 \u201eCup\u201c 2026\"}]},{\"@type\":\"WebSite\",\"@id\":\"https:\\\/\\\/www.enzo-und-ferdinand.de\\\/#website\",\"url\":\"https:\\\/\\\/www.enzo-und-ferdinand.de\\\/\",\"name\":\"enzo & Ferdinand\",\"description\":\"\",\"publisher\":{\"@id\":\"https:\\\/\\\/www.enzo-und-ferdinand.de\\\/#organization\"},\"potentialAction\":[{\"@type\":\"SearchAction\",\"target\":{\"@type\":\"EntryPoint\",\"urlTemplate\":\"https:\\\/\\\/www.enzo-und-ferdinand.de\\\/?s={search_term_string}\"},\"query-input\":{\"@type\":\"PropertyValueSpecification\",\"valueRequired\":true,\"valueName\":\"search_term_string\"}}],\"inLanguage\":\"de\"},{\"@type\":\"Organization\",\"@id\":\"https:\\\/\\\/www.enzo-und-ferdinand.de\\\/#organization\",\"name\":\"enzo & Ferdinand\",\"url\":\"https:\\\/\\\/www.enzo-und-ferdinand.de\\\/\",\"logo\":{\"@type\":\"ImageObject\",\"inLanguage\":\"de\",\"@id\":\"https:\\\/\\\/www.enzo-und-ferdinand.de\\\/#\\\/schema\\\/logo\\\/image\\\/\",\"url\":\"https:\\\/\\\/www.enzo-und-ferdinand.de\\\/wp-content\\\/uploads\\\/2018\\\/12\\\/revvvs-icon.png\",\"contentUrl\":\"https:\\\/\\\/www.enzo-und-ferdinand.de\\\/wp-content\\\/uploads\\\/2018\\\/12\\\/revvvs-icon.png\",\"width\":512,\"height\":512,\"caption\":\"enzo & Ferdinand\"},\"image\":{\"@id\":\"https:\\\/\\\/www.enzo-und-ferdinand.de\\\/#\\\/schema\\\/logo\\\/image\\\/\"}},{\"@type\":\"Person\",\"@id\":\"https:\\\/\\\/www.enzo-und-ferdinand.de\\\/#\\\/schema\\\/person\\\/aff2eb9ff87705987c1b9d21fe10b095\",\"name\":\"Rainer Ro\u00dfbach\",\"image\":{\"@type\":\"ImageObject\",\"inLanguage\":\"de\",\"@id\":\"https:\\\/\\\/www.enzo-und-ferdinand.de\\\/wp-content\\\/uploads\\\/2026\\\/01\\\/Rainer-Rossbach-150x150.jpg\",\"url\":\"https:\\\/\\\/www.enzo-und-ferdinand.de\\\/wp-content\\\/uploads\\\/2026\\\/01\\\/Rainer-Rossbach-150x150.jpg\",\"contentUrl\":\"https:\\\/\\\/www.enzo-und-ferdinand.de\\\/wp-content\\\/uploads\\\/2026\\\/01\\\/Rainer-Rossbach-150x150.jpg\",\"caption\":\"Rainer Ro\u00dfbach\"},\"url\":\"https:\\\/\\\/www.enzo-und-ferdinand.de\\\/index.php\\\/author\\\/redaktion\\\/\"}]}<\/script>\n<!-- \/ Yoast SEO plugin. -->","yoast_head_json":{"title":"Porsche 911 \u201eCup\u201c 2026","description":"Rainer Ro\u00dfbach Rainer Rossbach enzo-und-ferdinand enzo&ferdinand Enzo Porsche 911 Cup Markenpokal Porsche Mobil 1 Supercup Carrera Cup Endurance Challenges Stuttgart-Zuffenhausen Porsche 911 GT3 Cup Weissach Aerodynamik Sechszylinder-Boxermotor Monza Lausitzring eFuel-Blend FIA Methanol-to-Gasoline Ethanol","robots":{"index":"index","follow":"follow","max-snippet":"max-snippet:-1","max-image-preview":"max-image-preview:large","max-video-preview":"max-video-preview:-1"},"canonical":"https:\/\/www.enzo-und-ferdinand.de\/index.php\/2025\/08\/05\/porsche-911-cup-2026\/","og_locale":"de_DE","og_type":"article","og_title":"Porsche 911 \u201eCup\u201c 2026","og_description":"Rainer Ro\u00dfbach Rainer Rossbach enzo-und-ferdinand enzo&ferdinand Enzo Porsche 911 Cup Markenpokal Porsche Mobil 1 Supercup Carrera Cup Endurance Challenges Stuttgart-Zuffenhausen Porsche 911 GT3 Cup Weissach Aerodynamik Sechszylinder-Boxermotor Monza Lausitzring eFuel-Blend FIA Methanol-to-Gasoline Ethanol","og_url":"https:\/\/www.enzo-und-ferdinand.de\/index.php\/2025\/08\/05\/porsche-911-cup-2026\/","og_site_name":"enzo &amp; Ferdinand","article_published_time":"2025-08-05T06:00:00+00:00","article_modified_time":"2026-03-26T11:47:01+00:00","og_image":[{"width":1500,"height":1000,"url":"https:\/\/www.enzo-und-ferdinand.de\/wp-content\/uploads\/2025\/07\/321920_4488x2992.jpg","type":"image\/jpeg"}],"author":"Rainer Ro\u00dfbach","twitter_card":"summary_large_image","twitter_misc":{"Verfasst von":"Rainer Ro\u00dfbach","Gesch\u00e4tzte Lesezeit":"4\u00a0Minuten"},"schema":{"@context":"https:\/\/schema.org","@graph":[{"@type":"Article","@id":"https:\/\/www.enzo-und-ferdinand.de\/index.php\/2025\/08\/05\/porsche-911-cup-2026\/#article","isPartOf":{"@id":"https:\/\/www.enzo-und-ferdinand.de\/index.php\/2025\/08\/05\/porsche-911-cup-2026\/"},"author":{"name":"Rainer Ro\u00dfbach","@id":"https:\/\/www.enzo-und-ferdinand.de\/#\/schema\/person\/aff2eb9ff87705987c1b9d21fe10b095"},"headline":"Porsche 911 \u201eCup\u201c 2026","datePublished":"2025-08-05T06:00:00+00:00","dateModified":"2026-03-26T11:47:01+00:00","mainEntityOfPage":{"@id":"https:\/\/www.enzo-und-ferdinand.de\/index.php\/2025\/08\/05\/porsche-911-cup-2026\/"},"wordCount":446,"publisher":{"@id":"https:\/\/www.enzo-und-ferdinand.de\/#organization"},"image":{"@id":"https:\/\/www.enzo-und-ferdinand.de\/index.php\/2025\/08\/05\/porsche-911-cup-2026\/#primaryimage"},"thumbnailUrl":"https:\/\/www.enzo-und-ferdinand.de\/wp-content\/uploads\/2025\/07\/321920_4488x2992.jpg","keywords":["Porsche"],"articleSection":["Performance","Rennsport"],"inLanguage":"de"},{"@type":"WebPage","@id":"https:\/\/www.enzo-und-ferdinand.de\/index.php\/2025\/08\/05\/porsche-911-cup-2026\/","url":"https:\/\/www.enzo-und-ferdinand.de\/index.php\/2025\/08\/05\/porsche-911-cup-2026\/","name":"Porsche 911 \u201eCup\u201c 2026","isPartOf":{"@id":"https:\/\/www.enzo-und-ferdinand.de\/#website"},"primaryImageOfPage":{"@id":"https:\/\/www.enzo-und-ferdinand.de\/index.php\/2025\/08\/05\/porsche-911-cup-2026\/#primaryimage"},"image":{"@id":"https:\/\/www.enzo-und-ferdinand.de\/index.php\/2025\/08\/05\/porsche-911-cup-2026\/#primaryimage"},"thumbnailUrl":"https:\/\/www.enzo-und-ferdinand.de\/wp-content\/uploads\/2025\/07\/321920_4488x2992.jpg","datePublished":"2025-08-05T06:00:00+00:00","dateModified":"2026-03-26T11:47:01+00:00","description":"Rainer Ro\u00dfbach Rainer Rossbach enzo-und-ferdinand enzo&ferdinand Enzo Porsche 911 Cup Markenpokal Porsche Mobil 1 Supercup Carrera Cup Endurance Challenges Stuttgart-Zuffenhausen Porsche 911 GT3 Cup Weissach Aerodynamik Sechszylinder-Boxermotor Monza Lausitzring eFuel-Blend FIA Methanol-to-Gasoline Ethanol","breadcrumb":{"@id":"https:\/\/www.enzo-und-ferdinand.de\/index.php\/2025\/08\/05\/porsche-911-cup-2026\/#breadcrumb"},"inLanguage":"de","potentialAction":[{"@type":"ReadAction","target":["https:\/\/www.enzo-und-ferdinand.de\/index.php\/2025\/08\/05\/porsche-911-cup-2026\/"]}]},{"@type":"ImageObject","inLanguage":"de","@id":"https:\/\/www.enzo-und-ferdinand.de\/index.php\/2025\/08\/05\/porsche-911-cup-2026\/#primaryimage","url":"https:\/\/www.enzo-und-ferdinand.de\/wp-content\/uploads\/2025\/07\/321920_4488x2992.jpg","contentUrl":"https:\/\/www.enzo-und-ferdinand.de\/wp-content\/uploads\/2025\/07\/321920_4488x2992.jpg","width":1500,"height":1000,"caption":"Porsche 911 \u201eCup\u201c 2026"},{"@type":"BreadcrumbList","@id":"https:\/\/www.enzo-und-ferdinand.de\/index.php\/2025\/08\/05\/porsche-911-cup-2026\/#breadcrumb","itemListElement":[{"@type":"ListItem","position":1,"name":"Startseite","item":"https:\/\/www.enzo-und-ferdinand.de\/"},{"@type":"ListItem","position":2,"name":"Porsche 911 \u201eCup\u201c 2026"}]},{"@type":"WebSite","@id":"https:\/\/www.enzo-und-ferdinand.de\/#website","url":"https:\/\/www.enzo-und-ferdinand.de\/","name":"enzo & Ferdinand","description":"","publisher":{"@id":"https:\/\/www.enzo-und-ferdinand.de\/#organization"},"potentialAction":[{"@type":"SearchAction","target":{"@type":"EntryPoint","urlTemplate":"https:\/\/www.enzo-und-ferdinand.de\/?s={search_term_string}"},"query-input":{"@type":"PropertyValueSpecification","valueRequired":true,"valueName":"search_term_string"}}],"inLanguage":"de"},{"@type":"Organization","@id":"https:\/\/www.enzo-und-ferdinand.de\/#organization","name":"enzo & Ferdinand","url":"https:\/\/www.enzo-und-ferdinand.de\/","logo":{"@type":"ImageObject","inLanguage":"de","@id":"https:\/\/www.enzo-und-ferdinand.de\/#\/schema\/logo\/image\/","url":"https:\/\/www.enzo-und-ferdinand.de\/wp-content\/uploads\/2018\/12\/revvvs-icon.png","contentUrl":"https:\/\/www.enzo-und-ferdinand.de\/wp-content\/uploads\/2018\/12\/revvvs-icon.png","width":512,"height":512,"caption":"enzo & Ferdinand"},"image":{"@id":"https:\/\/www.enzo-und-ferdinand.de\/#\/schema\/logo\/image\/"}},{"@type":"Person","@id":"https:\/\/www.enzo-und-ferdinand.de\/#\/schema\/person\/aff2eb9ff87705987c1b9d21fe10b095","name":"Rainer Ro\u00dfbach","image":{"@type":"ImageObject","inLanguage":"de","@id":"https:\/\/www.enzo-und-ferdinand.de\/wp-content\/uploads\/2026\/01\/Rainer-Rossbach-150x150.jpg","url":"https:\/\/www.enzo-und-ferdinand.de\/wp-content\/uploads\/2026\/01\/Rainer-Rossbach-150x150.jpg","contentUrl":"https:\/\/www.enzo-und-ferdinand.de\/wp-content\/uploads\/2026\/01\/Rainer-Rossbach-150x150.jpg","caption":"Rainer Ro\u00dfbach"},"url":"https:\/\/www.enzo-und-ferdinand.de\/index.php\/author\/redaktion\/"}]}},"_links":{"self":[{"href":"https:\/\/www.enzo-und-ferdinand.de\/index.php\/wp-json\/wp\/v2\/posts\/20701","targetHints":{"allow":["GET"]}}],"collection":[{"href":"https:\/\/www.enzo-und-ferdinand.de\/index.php\/wp-json\/wp\/v2\/posts"}],"about":[{"href":"https:\/\/www.enzo-und-ferdinand.de\/index.php\/wp-json\/wp\/v2\/types\/post"}],"author":[{"embeddable":true,"href":"https:\/\/www.enzo-und-ferdinand.de\/index.php\/wp-json\/wp\/v2\/users\/1"}],"replies":[{"embeddable":true,"href":"https:\/\/www.enzo-und-ferdinand.de\/index.php\/wp-json\/wp\/v2\/comments?post=20701"}],"version-history":[{"count":2,"href":"https:\/\/www.enzo-und-ferdinand.de\/index.php\/wp-json\/wp\/v2\/posts\/20701\/revisions"}],"predecessor-version":[{"id":20703,"href":"https:\/\/www.enzo-und-ferdinand.de\/index.php\/wp-json\/wp\/v2\/posts\/20701\/revisions\/20703"}],"wp:featuredmedia":[{"embeddable":true,"href":"https:\/\/www.enzo-und-ferdinand.de\/index.php\/wp-json\/wp\/v2\/media\/20699"}],"wp:attachment":[{"href":"https:\/\/www.enzo-und-ferdinand.de\/index.php\/wp-json\/wp\/v2\/media?parent=20701"}],"wp:term":[{"taxonomy":"category","embeddable":true,"href":"https:\/\/www.enzo-und-ferdinand.de\/index.php\/wp-json\/wp\/v2\/categories?post=20701"},{"taxonomy":"post_tag","embeddable":true,"href":"https:\/\/www.enzo-und-ferdinand.de\/index.php\/wp-json\/wp\/v2\/tags?post=20701"}],"curies":[{"name":"wp","href":"https:\/\/api.w.org\/{rel}","templated":true}]}}