{"id":20756,"date":"2025-08-12T08:15:18","date_gmt":"2025-08-12T06:15:18","guid":{"rendered":"https:\/\/www.enzo-und-ferdinand.de\/?p=20756"},"modified":"2025-08-12T08:17:01","modified_gmt":"2025-08-12T06:17:01","slug":"citroen-c6-2005","status":"publish","type":"post","link":"https:\/\/www.enzo-und-ferdinand.de\/index.php\/2025\/08\/12\/citroen-c6-2005\/","title":{"rendered":"\u00a0Citro\u00ebn C6 (2005)"},"content":{"rendered":"\n<figure class=\"wp-block-image size-large\"><img loading=\"lazy\" decoding=\"async\" width=\"810\" height=\"540\" src=\"https:\/\/www.enzo-und-ferdinand.de\/wp-content\/uploads\/2025\/08\/CC6_CD_1105_06.jpg-810x540.jpg\" alt=\"Citro\u00ebn C6\" class=\"wp-image-20752\" srcset=\"https:\/\/www.enzo-und-ferdinand.de\/wp-content\/uploads\/2025\/08\/CC6_CD_1105_06.jpg-810x540.jpg 810w, https:\/\/www.enzo-und-ferdinand.de\/wp-content\/uploads\/2025\/08\/CC6_CD_1105_06.jpg-300x200.jpg 300w, https:\/\/www.enzo-und-ferdinand.de\/wp-content\/uploads\/2025\/08\/CC6_CD_1105_06.jpg-768x512.jpg 768w, https:\/\/www.enzo-und-ferdinand.de\/wp-content\/uploads\/2025\/08\/CC6_CD_1105_06.jpg-120x80.jpg 120w, https:\/\/www.enzo-und-ferdinand.de\/wp-content\/uploads\/2025\/08\/CC6_CD_1105_06.jpg.jpg 1500w\" sizes=\"auto, (max-width: 810px) 100vw, 810px\" \/><\/figure>\n\n\n\n<p class=\"wp-block-paragraph\">Mit der gro\u00dfen Limousine kehrte das franz\u00f6sische Traditionsunternehmen Anfangs der 2000er-Jahre in das Segment der komfortablen Reiselimousinen zur\u00fcck. Flie\u00dfende und elegante Formen, avantgardistisches Design und Bequemlichkeit f\u00fcr die Passagiere waren in der Vergangenheit die pr\u00e4genden Merkmale der franz\u00f6sischen Limousinen: Dieser Tradition erwies der neue C6 seine Reverenz. Ein coup\u00e9artiges Dach spannte sich \u00fcber den Wagenk\u00f6rper und zeichnete eine Silhouette, wie sie zuletzt bei der DS zu sehen war. Ein langer Radstand sowie ein aerodynamisch wirkendes Profil verband die Form des C6 dar\u00fcber hinaus mit der seiner direkten Vorfahren CX und XM.<\/p>\n\n\n\n<p class=\"wp-block-paragraph\">Die Front der Limousine entsprach dem aktuellen Citro\u00ebn-Markengesichts. Der kr\u00e4ftige, chromgefa\u00dfte Doppelwinkel sowie die langen, weit in die Kotfl\u00fcgel gezogenen Leuchten variierten das Thema, welches der kleine Konzernbruder C4 vorgegeben hat. Chromumrandete Seitenscheiben, rahmenlosen Seitent\u00fcren sowie kr\u00e4ftig ausgeformte, runde Radh\u00e4user betonten das coup\u00e9artige Profil.<\/p>\n\n\n\n<figure class=\"wp-block-image size-large\"><img loading=\"lazy\" decoding=\"async\" width=\"810\" height=\"524\" src=\"https:\/\/www.enzo-und-ferdinand.de\/wp-content\/uploads\/2025\/08\/citroen-c6-004-810x524.jpg\" alt=\"Citro\u00ebn C6\" class=\"wp-image-20753\" srcset=\"https:\/\/www.enzo-und-ferdinand.de\/wp-content\/uploads\/2025\/08\/citroen-c6-004-810x524.jpg 810w, https:\/\/www.enzo-und-ferdinand.de\/wp-content\/uploads\/2025\/08\/citroen-c6-004-300x194.jpg 300w, https:\/\/www.enzo-und-ferdinand.de\/wp-content\/uploads\/2025\/08\/citroen-c6-004-768x497.jpg 768w, https:\/\/www.enzo-und-ferdinand.de\/wp-content\/uploads\/2025\/08\/citroen-c6-004-850x550.jpg 850w, https:\/\/www.enzo-und-ferdinand.de\/wp-content\/uploads\/2025\/08\/citroen-c6-004.jpg 1500w\" sizes=\"auto, (max-width: 810px) 100vw, 810px\" \/><\/figure>\n\n\n\n<p class=\"wp-block-paragraph\">Das Heck \u00fcberraschte \u2013 gew\u00f6lbte, ungew\u00f6hnlich geformte Heckleuchten sa\u00dfen oben auf den Kotfl\u00fcgeln und reichten bis zum Rand des Sto\u00dff\u00e4ngers, der durch eine Chromleiste betont wurde. Die Heckscheibe war konkav geformt, und die im Bogen zum Sto\u00dff\u00e4nger abfallende Kofferraumklappe schlo\u00df die Wagensilhouette mit einem weichen Akzent ab. Ein verstellbarer Spoiler sorgte geschwindigkeitsabh\u00e4ngig f\u00fcr Abtrieb.<\/p>\n\n\n\n<p class=\"wp-block-paragraph\">Im ger\u00e4umigen Interieur fand sich ein klar gegliedertes Armaturenbrett, gro\u00dfz\u00fcgig dimensionierte Sitze und hochwertige Materialien. Der Fahrerplatz war v\u00f6llig neu konzipiert und verband ein \u00fcbersichtliches Kombiinstrument f\u00fcr den Fahrer mit einem gro\u00dfen Bildschirm in der Mitte des Armaturenbretts und einem Head-up-Display. Letzteres blendete wichtige Fahrinformationen wie Geschwindigkeit und Navigationsanweisungen in das vom Fahrer wahrgenommene Bild der Stra\u00dfe ein und diente so der aktiven Sicherheit.<\/p>\n\n\n\n<p class=\"wp-block-paragraph\">Verbundglas-Seitenscheiben schirmten L\u00e4rmbelastungen von au\u00dfen ab und die auf Wunsch elektrisch verschiebbaren Fondsitze waren so einstellbar, dass sich jeder optimal entspannen konnte. Und um das Wohlbefinden weiter zu verbessern, war der C6 mit einer Vierzonen-Klimaanlage (links\/rechts \u2013 vorne\/hinten) ausgestattet. Ein System sanfter Luftverteilung mit zahlreichen Ausstr\u00f6mern wurde speziell entwickelt, um eine homogene Luftschicht zu erzeugen, welche f\u00fcr hohen Temperaturkomfort sorgte.<\/p>\n\n\n\n<figure class=\"wp-block-image size-large\"><img loading=\"lazy\" decoding=\"async\" width=\"810\" height=\"537\" src=\"https:\/\/www.enzo-und-ferdinand.de\/wp-content\/uploads\/2025\/08\/citroen-c6-020-810x537.jpg\" alt=\"Citro\u00ebn C6\" class=\"wp-image-20754\" srcset=\"https:\/\/www.enzo-und-ferdinand.de\/wp-content\/uploads\/2025\/08\/citroen-c6-020-810x537.jpg 810w, https:\/\/www.enzo-und-ferdinand.de\/wp-content\/uploads\/2025\/08\/citroen-c6-020-300x199.jpg 300w, https:\/\/www.enzo-und-ferdinand.de\/wp-content\/uploads\/2025\/08\/citroen-c6-020-768x509.jpg 768w, https:\/\/www.enzo-und-ferdinand.de\/wp-content\/uploads\/2025\/08\/citroen-c6-020-120x80.jpg 120w, https:\/\/www.enzo-und-ferdinand.de\/wp-content\/uploads\/2025\/08\/citroen-c6-020.jpg 1500w\" sizes=\"auto, (max-width: 810px) 100vw, 810px\" \/><\/figure>\n\n\n\n<p class=\"wp-block-paragraph\">Zus\u00e4tzlich zu den bereits im C4 und im C5 angebotenen Fahrhilfen wie dem AFIL-Spurassistenten (Alarm bei Fahrbahnabweichung per Infrarot-Linienerkennung), der vorderen und hinteren Einparkhilfe, den mitlenkenden Xenon-Scheinwerfern und dem Geschwindigkeitsregler und -begrenzer verf\u00fcgte der Citro\u00ebn C6 exklusiv \u00fcber eine elektrische Parkbremse.<\/p>\n\n\n\n<p class=\"wp-block-paragraph\">Der Antrieb erfolgte wahlweise durch zwei V6-Motoren (ein Benziner, ein Diesel), die Elastizit\u00e4t und Fahrkomfort versprachen: der Dreiliter-Benziner entwickelt 211 PS, w\u00e4hrend ein neue 2,7-Liter HDi mit Partikelfilter 204 PS leistete. Beide wurden in Verbindung mit einem Sechsgang-Automatikgetriebe angeboten. Eine neue aktive Federung mit variabler D\u00e4mpfung verdichtete die Synthese von Komfort, Stra\u00dfenlage und Dynamik auf ein neues Niveau.<\/p>\n\n\n\n<p class=\"wp-block-paragraph\">Mit dem Citro\u00ebn C6 erreichte die Erneuerung der Marke eine neue Stufe. Die Limousine verf\u00fcgte \u00fcber alle Attribute einer Oberklasse-Limousine \u2013 Eleganz, Raffinesse, Prestige \u2013 und verband sie mit emotionaler St\u00e4rke.<\/p>\n\n\n\n<figure class=\"wp-block-image size-large is-resized\"><img loading=\"lazy\" decoding=\"async\" width=\"810\" height=\"537\" src=\"https:\/\/www.enzo-und-ferdinand.de\/wp-content\/uploads\/2025\/08\/citroen-c6-034-810x537.jpg\" alt=\"Citro\u00ebn C6\" class=\"wp-image-20755\" style=\"width:810px;height:auto\" srcset=\"https:\/\/www.enzo-und-ferdinand.de\/wp-content\/uploads\/2025\/08\/citroen-c6-034-810x537.jpg 810w, https:\/\/www.enzo-und-ferdinand.de\/wp-content\/uploads\/2025\/08\/citroen-c6-034-300x199.jpg 300w, https:\/\/www.enzo-und-ferdinand.de\/wp-content\/uploads\/2025\/08\/citroen-c6-034-768x509.jpg 768w, https:\/\/www.enzo-und-ferdinand.de\/wp-content\/uploads\/2025\/08\/citroen-c6-034-120x80.jpg 120w, https:\/\/www.enzo-und-ferdinand.de\/wp-content\/uploads\/2025\/08\/citroen-c6-034.jpg 1500w\" sizes=\"auto, (max-width: 810px) 100vw, 810px\" \/><\/figure>\n\n\n\n<p class=\"wp-block-paragraph\">Fotos:&nbsp; Citro\u00ebn\/Text: Rainer Ro\u00dfbach<\/p>\n","protected":false},"excerpt":{"rendered":"<p>Mit der gro\u00dfen Limousine kehrte das franz\u00f6sische Traditionsunternehmen Anfangs der 2000er-Jahre in das Segment der komfortablen Reiselimousinen zur\u00fcck. Flie\u00dfende und elegante Formen, avantgardistisches Design und Bequemlichkeit f\u00fcr die Passagiere waren in der Vergangenheit die pr\u00e4genden Merkmale der franz\u00f6sischen Limousinen: Dieser Tradition erwies der neue C6 seine Reverenz. Ein coup\u00e9artiges Dach spannte sich \u00fcber den Wagenk\u00f6rper und zeichnete eine Silhouette, wie sie zuletzt bei der DS zu sehen war. Ein langer Radstand sowie ein aerodynamisch wirkendes Profil verband die Form des C6 dar\u00fcber hinaus mit der seiner direkten Vorfahren CX und XM.<\/p>\n","protected":false},"author":1,"featured_media":20751,"comment_status":"closed","ping_status":"open","sticky":false,"template":"","format":"standard","meta":{"_crdt_document":"","ngg_post_thumbnail":0,"footnotes":""},"categories":[13],"tags":[217],"class_list":["post-20756","post","type-post","status-publish","format-standard","has-post-thumbnail","hentry","category-ikonen","tag-citroen"],"yoast_head":"<!-- This site is optimized with the Yoast SEO plugin v27.5 - https:\/\/yoast.com\/product\/yoast-seo-wordpress\/ -->\n<title>\u00a0Citro\u00ebn C6 (2005)<\/title>\n<meta name=\"description\" content=\"Rainer Ro\u00dfbach Rainer Rossbach enzo-und-ferdinand enzo&amp;ferdinand Enzo Citro\u00ebn C6 Limousine DS CX XM Head-up-Display verschiebbare Fondsitze AFIL-Spurassistent Xenon V6 HDi aktive Federung variable D\u00e4mpfung Oberklasse-Limousine\" \/>\n<meta name=\"robots\" content=\"index, follow, max-snippet:-1, max-image-preview:large, max-video-preview:-1\" \/>\n<link rel=\"canonical\" href=\"https:\/\/www.enzo-und-ferdinand.de\/index.php\/2025\/08\/12\/citroen-c6-2005\/\" \/>\n<meta property=\"og:locale\" content=\"de_DE\" \/>\n<meta property=\"og:type\" content=\"article\" \/>\n<meta property=\"og:title\" content=\"\u00a0Citro\u00ebn C6 (2005)\" \/>\n<meta property=\"og:description\" content=\"Rainer Ro\u00dfbach Rainer Rossbach enzo-und-ferdinand enzo&amp;ferdinand Enzo Citro\u00ebn C6 Limousine DS CX XM Head-up-Display verschiebbare Fondsitze AFIL-Spurassistent Xenon V6 HDi aktive Federung variable D\u00e4mpfung Oberklasse-Limousine\" \/>\n<meta property=\"og:url\" content=\"https:\/\/www.enzo-und-ferdinand.de\/index.php\/2025\/08\/12\/citroen-c6-2005\/\" \/>\n<meta property=\"og:site_name\" content=\"enzo &amp; Ferdinand\" \/>\n<meta property=\"article:published_time\" content=\"2025-08-12T06:15:18+00:00\" \/>\n<meta property=\"article:modified_time\" content=\"2025-08-12T06:17:01+00:00\" \/>\n<meta property=\"og:image\" content=\"https:\/\/www.enzo-und-ferdinand.de\/wp-content\/uploads\/2025\/08\/09079001_03.jpg.jpg\" \/>\n\t<meta property=\"og:image:width\" content=\"1500\" \/>\n\t<meta property=\"og:image:height\" content=\"998\" \/>\n\t<meta property=\"og:image:type\" content=\"image\/jpeg\" \/>\n<meta name=\"author\" content=\"Rainer Ro\u00dfbach\" \/>\n<meta name=\"twitter:card\" content=\"summary_large_image\" \/>\n<meta name=\"twitter:label1\" content=\"Verfasst von\" \/>\n\t<meta name=\"twitter:data1\" content=\"Rainer Ro\u00dfbach\" \/>\n\t<meta name=\"twitter:label2\" content=\"Gesch\u00e4tzte Lesezeit\" \/>\n\t<meta name=\"twitter:data2\" content=\"2\u00a0Minuten\" \/>\n<script type=\"application\/ld+json\" class=\"yoast-schema-graph\">{\"@context\":\"https:\\\/\\\/schema.org\",\"@graph\":[{\"@type\":\"Article\",\"@id\":\"https:\\\/\\\/www.enzo-und-ferdinand.de\\\/index.php\\\/2025\\\/08\\\/12\\\/citroen-c6-2005\\\/#article\",\"isPartOf\":{\"@id\":\"https:\\\/\\\/www.enzo-und-ferdinand.de\\\/index.php\\\/2025\\\/08\\\/12\\\/citroen-c6-2005\\\/\"},\"author\":{\"name\":\"Rainer Ro\u00dfbach\",\"@id\":\"https:\\\/\\\/www.enzo-und-ferdinand.de\\\/#\\\/schema\\\/person\\\/aff2eb9ff87705987c1b9d21fe10b095\"},\"headline\":\"\u00a0Citro\u00ebn C6 (2005)\",\"datePublished\":\"2025-08-12T06:15:18+00:00\",\"dateModified\":\"2025-08-12T06:17:01+00:00\",\"mainEntityOfPage\":{\"@id\":\"https:\\\/\\\/www.enzo-und-ferdinand.de\\\/index.php\\\/2025\\\/08\\\/12\\\/citroen-c6-2005\\\/\"},\"wordCount\":500,\"publisher\":{\"@id\":\"https:\\\/\\\/www.enzo-und-ferdinand.de\\\/#organization\"},\"image\":{\"@id\":\"https:\\\/\\\/www.enzo-und-ferdinand.de\\\/index.php\\\/2025\\\/08\\\/12\\\/citroen-c6-2005\\\/#primaryimage\"},\"thumbnailUrl\":\"https:\\\/\\\/www.enzo-und-ferdinand.de\\\/wp-content\\\/uploads\\\/2025\\\/08\\\/09079001_03.jpg.jpg\",\"keywords\":[\"Citro\u00ebn\"],\"articleSection\":[\"Ikonen\"],\"inLanguage\":\"de\"},{\"@type\":\"WebPage\",\"@id\":\"https:\\\/\\\/www.enzo-und-ferdinand.de\\\/index.php\\\/2025\\\/08\\\/12\\\/citroen-c6-2005\\\/\",\"url\":\"https:\\\/\\\/www.enzo-und-ferdinand.de\\\/index.php\\\/2025\\\/08\\\/12\\\/citroen-c6-2005\\\/\",\"name\":\"\u00a0Citro\u00ebn C6 (2005)\",\"isPartOf\":{\"@id\":\"https:\\\/\\\/www.enzo-und-ferdinand.de\\\/#website\"},\"primaryImageOfPage\":{\"@id\":\"https:\\\/\\\/www.enzo-und-ferdinand.de\\\/index.php\\\/2025\\\/08\\\/12\\\/citroen-c6-2005\\\/#primaryimage\"},\"image\":{\"@id\":\"https:\\\/\\\/www.enzo-und-ferdinand.de\\\/index.php\\\/2025\\\/08\\\/12\\\/citroen-c6-2005\\\/#primaryimage\"},\"thumbnailUrl\":\"https:\\\/\\\/www.enzo-und-ferdinand.de\\\/wp-content\\\/uploads\\\/2025\\\/08\\\/09079001_03.jpg.jpg\",\"datePublished\":\"2025-08-12T06:15:18+00:00\",\"dateModified\":\"2025-08-12T06:17:01+00:00\",\"description\":\"Rainer Ro\u00dfbach Rainer Rossbach enzo-und-ferdinand enzo&ferdinand Enzo Citro\u00ebn C6 Limousine DS CX XM Head-up-Display verschiebbare Fondsitze AFIL-Spurassistent Xenon V6 HDi aktive Federung variable D\u00e4mpfung Oberklasse-Limousine\",\"breadcrumb\":{\"@id\":\"https:\\\/\\\/www.enzo-und-ferdinand.de\\\/index.php\\\/2025\\\/08\\\/12\\\/citroen-c6-2005\\\/#breadcrumb\"},\"inLanguage\":\"de\",\"potentialAction\":[{\"@type\":\"ReadAction\",\"target\":[\"https:\\\/\\\/www.enzo-und-ferdinand.de\\\/index.php\\\/2025\\\/08\\\/12\\\/citroen-c6-2005\\\/\"]}]},{\"@type\":\"ImageObject\",\"inLanguage\":\"de\",\"@id\":\"https:\\\/\\\/www.enzo-und-ferdinand.de\\\/index.php\\\/2025\\\/08\\\/12\\\/citroen-c6-2005\\\/#primaryimage\",\"url\":\"https:\\\/\\\/www.enzo-und-ferdinand.de\\\/wp-content\\\/uploads\\\/2025\\\/08\\\/09079001_03.jpg.jpg\",\"contentUrl\":\"https:\\\/\\\/www.enzo-und-ferdinand.de\\\/wp-content\\\/uploads\\\/2025\\\/08\\\/09079001_03.jpg.jpg\",\"width\":1500,\"height\":998,\"caption\":\"Citro\u00ebn C6\"},{\"@type\":\"BreadcrumbList\",\"@id\":\"https:\\\/\\\/www.enzo-und-ferdinand.de\\\/index.php\\\/2025\\\/08\\\/12\\\/citroen-c6-2005\\\/#breadcrumb\",\"itemListElement\":[{\"@type\":\"ListItem\",\"position\":1,\"name\":\"Startseite\",\"item\":\"https:\\\/\\\/www.enzo-und-ferdinand.de\\\/\"},{\"@type\":\"ListItem\",\"position\":2,\"name\":\"\u00a0Citro\u00ebn C6 (2005)\"}]},{\"@type\":\"WebSite\",\"@id\":\"https:\\\/\\\/www.enzo-und-ferdinand.de\\\/#website\",\"url\":\"https:\\\/\\\/www.enzo-und-ferdinand.de\\\/\",\"name\":\"enzo & Ferdinand\",\"description\":\"\",\"publisher\":{\"@id\":\"https:\\\/\\\/www.enzo-und-ferdinand.de\\\/#organization\"},\"potentialAction\":[{\"@type\":\"SearchAction\",\"target\":{\"@type\":\"EntryPoint\",\"urlTemplate\":\"https:\\\/\\\/www.enzo-und-ferdinand.de\\\/?s={search_term_string}\"},\"query-input\":{\"@type\":\"PropertyValueSpecification\",\"valueRequired\":true,\"valueName\":\"search_term_string\"}}],\"inLanguage\":\"de\"},{\"@type\":\"Organization\",\"@id\":\"https:\\\/\\\/www.enzo-und-ferdinand.de\\\/#organization\",\"name\":\"enzo & Ferdinand\",\"url\":\"https:\\\/\\\/www.enzo-und-ferdinand.de\\\/\",\"logo\":{\"@type\":\"ImageObject\",\"inLanguage\":\"de\",\"@id\":\"https:\\\/\\\/www.enzo-und-ferdinand.de\\\/#\\\/schema\\\/logo\\\/image\\\/\",\"url\":\"https:\\\/\\\/www.enzo-und-ferdinand.de\\\/wp-content\\\/uploads\\\/2018\\\/12\\\/revvvs-icon.png\",\"contentUrl\":\"https:\\\/\\\/www.enzo-und-ferdinand.de\\\/wp-content\\\/uploads\\\/2018\\\/12\\\/revvvs-icon.png\",\"width\":512,\"height\":512,\"caption\":\"enzo & Ferdinand\"},\"image\":{\"@id\":\"https:\\\/\\\/www.enzo-und-ferdinand.de\\\/#\\\/schema\\\/logo\\\/image\\\/\"}},{\"@type\":\"Person\",\"@id\":\"https:\\\/\\\/www.enzo-und-ferdinand.de\\\/#\\\/schema\\\/person\\\/aff2eb9ff87705987c1b9d21fe10b095\",\"name\":\"Rainer Ro\u00dfbach\",\"image\":{\"@type\":\"ImageObject\",\"inLanguage\":\"de\",\"@id\":\"https:\\\/\\\/www.enzo-und-ferdinand.de\\\/wp-content\\\/uploads\\\/2026\\\/01\\\/Rainer-Rossbach-150x150.jpg\",\"url\":\"https:\\\/\\\/www.enzo-und-ferdinand.de\\\/wp-content\\\/uploads\\\/2026\\\/01\\\/Rainer-Rossbach-150x150.jpg\",\"contentUrl\":\"https:\\\/\\\/www.enzo-und-ferdinand.de\\\/wp-content\\\/uploads\\\/2026\\\/01\\\/Rainer-Rossbach-150x150.jpg\",\"caption\":\"Rainer Ro\u00dfbach\"},\"url\":\"https:\\\/\\\/www.enzo-und-ferdinand.de\\\/index.php\\\/author\\\/redaktion\\\/\"}]}<\/script>\n<!-- \/ Yoast SEO plugin. -->","yoast_head_json":{"title":"\u00a0Citro\u00ebn C6 (2005)","description":"Rainer Ro\u00dfbach Rainer Rossbach enzo-und-ferdinand enzo&ferdinand Enzo Citro\u00ebn C6 Limousine DS CX XM Head-up-Display verschiebbare Fondsitze AFIL-Spurassistent Xenon V6 HDi aktive Federung variable D\u00e4mpfung Oberklasse-Limousine","robots":{"index":"index","follow":"follow","max-snippet":"max-snippet:-1","max-image-preview":"max-image-preview:large","max-video-preview":"max-video-preview:-1"},"canonical":"https:\/\/www.enzo-und-ferdinand.de\/index.php\/2025\/08\/12\/citroen-c6-2005\/","og_locale":"de_DE","og_type":"article","og_title":"\u00a0Citro\u00ebn C6 (2005)","og_description":"Rainer Ro\u00dfbach Rainer Rossbach enzo-und-ferdinand enzo&ferdinand Enzo Citro\u00ebn C6 Limousine DS CX XM Head-up-Display verschiebbare Fondsitze AFIL-Spurassistent Xenon V6 HDi aktive Federung variable D\u00e4mpfung Oberklasse-Limousine","og_url":"https:\/\/www.enzo-und-ferdinand.de\/index.php\/2025\/08\/12\/citroen-c6-2005\/","og_site_name":"enzo &amp; Ferdinand","article_published_time":"2025-08-12T06:15:18+00:00","article_modified_time":"2025-08-12T06:17:01+00:00","og_image":[{"width":1500,"height":998,"url":"https:\/\/www.enzo-und-ferdinand.de\/wp-content\/uploads\/2025\/08\/09079001_03.jpg.jpg","type":"image\/jpeg"}],"author":"Rainer Ro\u00dfbach","twitter_card":"summary_large_image","twitter_misc":{"Verfasst von":"Rainer Ro\u00dfbach","Gesch\u00e4tzte Lesezeit":"2\u00a0Minuten"},"schema":{"@context":"https:\/\/schema.org","@graph":[{"@type":"Article","@id":"https:\/\/www.enzo-und-ferdinand.de\/index.php\/2025\/08\/12\/citroen-c6-2005\/#article","isPartOf":{"@id":"https:\/\/www.enzo-und-ferdinand.de\/index.php\/2025\/08\/12\/citroen-c6-2005\/"},"author":{"name":"Rainer Ro\u00dfbach","@id":"https:\/\/www.enzo-und-ferdinand.de\/#\/schema\/person\/aff2eb9ff87705987c1b9d21fe10b095"},"headline":"\u00a0Citro\u00ebn C6 (2005)","datePublished":"2025-08-12T06:15:18+00:00","dateModified":"2025-08-12T06:17:01+00:00","mainEntityOfPage":{"@id":"https:\/\/www.enzo-und-ferdinand.de\/index.php\/2025\/08\/12\/citroen-c6-2005\/"},"wordCount":500,"publisher":{"@id":"https:\/\/www.enzo-und-ferdinand.de\/#organization"},"image":{"@id":"https:\/\/www.enzo-und-ferdinand.de\/index.php\/2025\/08\/12\/citroen-c6-2005\/#primaryimage"},"thumbnailUrl":"https:\/\/www.enzo-und-ferdinand.de\/wp-content\/uploads\/2025\/08\/09079001_03.jpg.jpg","keywords":["Citro\u00ebn"],"articleSection":["Ikonen"],"inLanguage":"de"},{"@type":"WebPage","@id":"https:\/\/www.enzo-und-ferdinand.de\/index.php\/2025\/08\/12\/citroen-c6-2005\/","url":"https:\/\/www.enzo-und-ferdinand.de\/index.php\/2025\/08\/12\/citroen-c6-2005\/","name":"\u00a0Citro\u00ebn C6 (2005)","isPartOf":{"@id":"https:\/\/www.enzo-und-ferdinand.de\/#website"},"primaryImageOfPage":{"@id":"https:\/\/www.enzo-und-ferdinand.de\/index.php\/2025\/08\/12\/citroen-c6-2005\/#primaryimage"},"image":{"@id":"https:\/\/www.enzo-und-ferdinand.de\/index.php\/2025\/08\/12\/citroen-c6-2005\/#primaryimage"},"thumbnailUrl":"https:\/\/www.enzo-und-ferdinand.de\/wp-content\/uploads\/2025\/08\/09079001_03.jpg.jpg","datePublished":"2025-08-12T06:15:18+00:00","dateModified":"2025-08-12T06:17:01+00:00","description":"Rainer Ro\u00dfbach Rainer Rossbach enzo-und-ferdinand enzo&ferdinand Enzo Citro\u00ebn C6 Limousine DS CX XM Head-up-Display verschiebbare Fondsitze AFIL-Spurassistent Xenon V6 HDi aktive Federung variable D\u00e4mpfung Oberklasse-Limousine","breadcrumb":{"@id":"https:\/\/www.enzo-und-ferdinand.de\/index.php\/2025\/08\/12\/citroen-c6-2005\/#breadcrumb"},"inLanguage":"de","potentialAction":[{"@type":"ReadAction","target":["https:\/\/www.enzo-und-ferdinand.de\/index.php\/2025\/08\/12\/citroen-c6-2005\/"]}]},{"@type":"ImageObject","inLanguage":"de","@id":"https:\/\/www.enzo-und-ferdinand.de\/index.php\/2025\/08\/12\/citroen-c6-2005\/#primaryimage","url":"https:\/\/www.enzo-und-ferdinand.de\/wp-content\/uploads\/2025\/08\/09079001_03.jpg.jpg","contentUrl":"https:\/\/www.enzo-und-ferdinand.de\/wp-content\/uploads\/2025\/08\/09079001_03.jpg.jpg","width":1500,"height":998,"caption":"Citro\u00ebn C6"},{"@type":"BreadcrumbList","@id":"https:\/\/www.enzo-und-ferdinand.de\/index.php\/2025\/08\/12\/citroen-c6-2005\/#breadcrumb","itemListElement":[{"@type":"ListItem","position":1,"name":"Startseite","item":"https:\/\/www.enzo-und-ferdinand.de\/"},{"@type":"ListItem","position":2,"name":"\u00a0Citro\u00ebn C6 (2005)"}]},{"@type":"WebSite","@id":"https:\/\/www.enzo-und-ferdinand.de\/#website","url":"https:\/\/www.enzo-und-ferdinand.de\/","name":"enzo & Ferdinand","description":"","publisher":{"@id":"https:\/\/www.enzo-und-ferdinand.de\/#organization"},"potentialAction":[{"@type":"SearchAction","target":{"@type":"EntryPoint","urlTemplate":"https:\/\/www.enzo-und-ferdinand.de\/?s={search_term_string}"},"query-input":{"@type":"PropertyValueSpecification","valueRequired":true,"valueName":"search_term_string"}}],"inLanguage":"de"},{"@type":"Organization","@id":"https:\/\/www.enzo-und-ferdinand.de\/#organization","name":"enzo & Ferdinand","url":"https:\/\/www.enzo-und-ferdinand.de\/","logo":{"@type":"ImageObject","inLanguage":"de","@id":"https:\/\/www.enzo-und-ferdinand.de\/#\/schema\/logo\/image\/","url":"https:\/\/www.enzo-und-ferdinand.de\/wp-content\/uploads\/2018\/12\/revvvs-icon.png","contentUrl":"https:\/\/www.enzo-und-ferdinand.de\/wp-content\/uploads\/2018\/12\/revvvs-icon.png","width":512,"height":512,"caption":"enzo & Ferdinand"},"image":{"@id":"https:\/\/www.enzo-und-ferdinand.de\/#\/schema\/logo\/image\/"}},{"@type":"Person","@id":"https:\/\/www.enzo-und-ferdinand.de\/#\/schema\/person\/aff2eb9ff87705987c1b9d21fe10b095","name":"Rainer Ro\u00dfbach","image":{"@type":"ImageObject","inLanguage":"de","@id":"https:\/\/www.enzo-und-ferdinand.de\/wp-content\/uploads\/2026\/01\/Rainer-Rossbach-150x150.jpg","url":"https:\/\/www.enzo-und-ferdinand.de\/wp-content\/uploads\/2026\/01\/Rainer-Rossbach-150x150.jpg","contentUrl":"https:\/\/www.enzo-und-ferdinand.de\/wp-content\/uploads\/2026\/01\/Rainer-Rossbach-150x150.jpg","caption":"Rainer Ro\u00dfbach"},"url":"https:\/\/www.enzo-und-ferdinand.de\/index.php\/author\/redaktion\/"}]}},"_links":{"self":[{"href":"https:\/\/www.enzo-und-ferdinand.de\/index.php\/wp-json\/wp\/v2\/posts\/20756","targetHints":{"allow":["GET"]}}],"collection":[{"href":"https:\/\/www.enzo-und-ferdinand.de\/index.php\/wp-json\/wp\/v2\/posts"}],"about":[{"href":"https:\/\/www.enzo-und-ferdinand.de\/index.php\/wp-json\/wp\/v2\/types\/post"}],"author":[{"embeddable":true,"href":"https:\/\/www.enzo-und-ferdinand.de\/index.php\/wp-json\/wp\/v2\/users\/1"}],"replies":[{"embeddable":true,"href":"https:\/\/www.enzo-und-ferdinand.de\/index.php\/wp-json\/wp\/v2\/comments?post=20756"}],"version-history":[{"count":4,"href":"https:\/\/www.enzo-und-ferdinand.de\/index.php\/wp-json\/wp\/v2\/posts\/20756\/revisions"}],"predecessor-version":[{"id":20811,"href":"https:\/\/www.enzo-und-ferdinand.de\/index.php\/wp-json\/wp\/v2\/posts\/20756\/revisions\/20811"}],"wp:featuredmedia":[{"embeddable":true,"href":"https:\/\/www.enzo-und-ferdinand.de\/index.php\/wp-json\/wp\/v2\/media\/20751"}],"wp:attachment":[{"href":"https:\/\/www.enzo-und-ferdinand.de\/index.php\/wp-json\/wp\/v2\/media?parent=20756"}],"wp:term":[{"taxonomy":"category","embeddable":true,"href":"https:\/\/www.enzo-und-ferdinand.de\/index.php\/wp-json\/wp\/v2\/categories?post=20756"},{"taxonomy":"post_tag","embeddable":true,"href":"https:\/\/www.enzo-und-ferdinand.de\/index.php\/wp-json\/wp\/v2\/tags?post=20756"}],"curies":[{"name":"wp","href":"https:\/\/api.w.org\/{rel}","templated":true}]}}