{"id":20762,"date":"2025-08-11T08:50:09","date_gmt":"2025-08-11T06:50:09","guid":{"rendered":"https:\/\/www.enzo-und-ferdinand.de\/?p=20762"},"modified":"2025-08-11T08:50:10","modified_gmt":"2025-08-11T06:50:10","slug":"belmot-oldtimer-grand-prix-2025-2","status":"publish","type":"post","link":"https:\/\/www.enzo-und-ferdinand.de\/index.php\/2025\/08\/11\/belmot-oldtimer-grand-prix-2025-2\/","title":{"rendered":"Belmot Oldtimer Grand Prix 2025"},"content":{"rendered":"\n<figure class=\"wp-block-image size-large\"><img loading=\"lazy\" decoding=\"async\" width=\"810\" height=\"536\" src=\"https:\/\/www.enzo-und-ferdinand.de\/wp-content\/uploads\/2025\/08\/Einfuehrungsrunde-810x536.jpg\" alt=\"Einf\u00fchrungsrunde OGP 2015\" class=\"wp-image-20761\" srcset=\"https:\/\/www.enzo-und-ferdinand.de\/wp-content\/uploads\/2025\/08\/Einfuehrungsrunde-810x536.jpg 810w, https:\/\/www.enzo-und-ferdinand.de\/wp-content\/uploads\/2025\/08\/Einfuehrungsrunde-300x198.jpg 300w, https:\/\/www.enzo-und-ferdinand.de\/wp-content\/uploads\/2025\/08\/Einfuehrungsrunde-768x508.jpg 768w, https:\/\/www.enzo-und-ferdinand.de\/wp-content\/uploads\/2025\/08\/Einfuehrungsrunde-120x80.jpg 120w, https:\/\/www.enzo-und-ferdinand.de\/wp-content\/uploads\/2025\/08\/Einfuehrungsrunde.jpg 1500w\" sizes=\"auto, (max-width: 810px) 100vw, 810px\" \/><\/figure>\n\n\n\n<p class=\"wp-block-paragraph\">Mehr als 40.000 Besucher erlebten am ersten August-Wochenende die Traditionsveranstaltung am N\u00fcrburgring. F\u00fcr einen der H\u00f6hepunkte sorgten die legend\u00e4ren Formel-1-Rennwagen des unvergessenen Frank Williams und seines Konstrukteurs Patrick Head. Der Williams-Rennstall, damals in Grove (Gro\u00dfbritannien) beheimatet, hatte von 1979 bis 1982 mit dem FW07 Renngeschichte geschrieben: In der Konstrukteurs-Meisterschaft holten die Briten zwei Titel, wurden einmal Vize-Champion, gewannen zwei Automobil-Weltmeisterschaften (Alan Jones, Keke Rosberg) sowie die Podiumspl\u00e4tze zwei und drei im Endklassement der Fahrerwertung (Carlos Reutemann, Jones). Diese Erfolgsserie machte Williams zum Top-Team in der K\u00f6nigsklasse.<\/p>\n\n\n\n<p class=\"wp-block-paragraph\">Die Historic Grand Prix Car Association (HGPCA) hatte in diesem Jahr nur die Grand Prix-Frontmotor-Boliden bis 1966 zum OGP gebracht, da die Mittelmotorwagen am letzten Juli-Wochenende in Oulton Park um den Gold Cup fuhren. John Spiers (Maserati 250F) war am Samstag bei nassen Bedingungen der Beste, ihm gelang es, Richard Wilson im Ferrari 246 Dino in der letzten Runde zu \u00fcberholen, w\u00e4hrend Eddie McGuire (Scarab) und Rod Jolley im Lister-Jaguar \u201eMonzanapolis\u201c die Pl\u00e4tze belegten.<\/p>\n\n\n\n<figure class=\"wp-block-image size-large\"><img loading=\"lazy\" decoding=\"async\" width=\"810\" height=\"540\" src=\"https:\/\/www.enzo-und-ferdinand.de\/wp-content\/uploads\/2025\/08\/Maserati-250F-OGP25-810x540.jpg\" alt=\"\" class=\"wp-image-20807\" srcset=\"https:\/\/www.enzo-und-ferdinand.de\/wp-content\/uploads\/2025\/08\/Maserati-250F-OGP25-810x540.jpg 810w, https:\/\/www.enzo-und-ferdinand.de\/wp-content\/uploads\/2025\/08\/Maserati-250F-OGP25-300x200.jpg 300w, https:\/\/www.enzo-und-ferdinand.de\/wp-content\/uploads\/2025\/08\/Maserati-250F-OGP25-768x512.jpg 768w, https:\/\/www.enzo-und-ferdinand.de\/wp-content\/uploads\/2025\/08\/Maserati-250F-OGP25-120x80.jpg 120w, https:\/\/www.enzo-und-ferdinand.de\/wp-content\/uploads\/2025\/08\/Maserati-250F-OGP25.jpg 1500w\" sizes=\"auto, (max-width: 810px) 100vw, 810px\" \/><figcaption class=\"wp-element-caption\"><em>Maserati 250F<\/em><\/figcaption><\/figure>\n\n\n\n<p class=\"wp-block-paragraph\">Die Tourenwagen-Fraktion \u201eGolden \u00c4ra\u201c meldete Hochkonjunktur: Mehr als 40 Fahrzeuge aller Epochen standen bereit, und erstmals ging ein Feld, bestehend aus Super-Tourenwagen, an den Start. Prominente Piloten wie Kris\u202fNissen, Roland Asch, Kurt Thiim, Volker Strycek, Altfrid Heger und viele mehr erinnerten in ihren legend\u00e4ren BMW-, Opel- und Mercedes-Boliden an gute, alte Zeiten und sorgten zwischendurch in einer Autogrammstunde f\u00fcr Publicity.<\/p>\n\n\n\n<p class=\"wp-block-paragraph\">Beide Rennen des Graf Berghe von Trips Pokals, organisiert von HRA, Marcel Biehls Organisation f\u00fcr die kleineren Einsitzer-Kategorien, gewann souver\u00e4n der junge D\u00e4ne Alexander Weiss in einem Ralt-Alfa Romeo RT35. Am Samstag lag Weiss weit vor Elio Cocciarelli (Ralt-Alfa Romeo RT3). Am Sonntag belegte Ralf Gorals Reynard-Opel den zweiten Platz vor Daniel Hornung in einem Dallara-Alfa Romeo 388.<\/p>\n\n\n\n<p class=\"wp-block-paragraph\">Normalerweise sind die DRM- und CanAm-Rennen der H\u00f6hepunkt des Oldtimer Grand Prix, doch dieses Jahr waren die Teilnehmerzahlen etwas r\u00fcckl\u00e4ufig. Beide DRM-Rennen wurden von den Gruppe 5 Zakspeed Capri Turbos von Peter M\u00fccke und Ronny Scheer gewonnen. &nbsp;<\/p>\n\n\n\n<figure class=\"wp-block-image size-large\"><img loading=\"lazy\" decoding=\"async\" width=\"810\" height=\"540\" src=\"https:\/\/www.enzo-und-ferdinand.de\/wp-content\/uploads\/2025\/08\/Porsche-962C-810x540.jpg\" alt=\"\" class=\"wp-image-20808\" srcset=\"https:\/\/www.enzo-und-ferdinand.de\/wp-content\/uploads\/2025\/08\/Porsche-962C-810x540.jpg 810w, https:\/\/www.enzo-und-ferdinand.de\/wp-content\/uploads\/2025\/08\/Porsche-962C-300x200.jpg 300w, https:\/\/www.enzo-und-ferdinand.de\/wp-content\/uploads\/2025\/08\/Porsche-962C-768x512.jpg 768w, https:\/\/www.enzo-und-ferdinand.de\/wp-content\/uploads\/2025\/08\/Porsche-962C-120x80.jpg 120w, https:\/\/www.enzo-und-ferdinand.de\/wp-content\/uploads\/2025\/08\/Porsche-962C.jpg 1500w\" sizes=\"auto, (max-width: 810px) 100vw, 810px\" \/><figcaption class=\"wp-element-caption\"><em>Porsche 962C<\/em><\/figcaption><\/figure>\n\n\n\n<p class=\"wp-block-paragraph\">Nach einem fulminanten Auftritt im Jahr 2024 starteten in diesem Jahr leider nur wenige CanAm-Fahrzeuge in der FHR Historic Championship CanAm &amp; Sportscars. Das erste Rennen begann trocken. Lokalmatador Klaus Abbelen k\u00e4mpfte im ehemaligen Andretti Dauer Porsche 962C mit Silvio Kalbs Lola T296 um die F\u00fchrung. Bei wechselnden Bedingungen entschied sich Abbelen f\u00fcr Regenreifen, was sich jedoch als falsche Wahl herausstellte. Der Boxenstopp dauerte l\u00e4nger als geplant, so dass Abbelen auf den achten Gesamtrang zur\u00fcckfiel. Das zweite Rennen gewann Abbelen souver\u00e4n, allerdings erfuhr er harte Konkurrenz durch den Lola-Piloten Georg Hallau (T212).<\/p>\n\n\n\n<p class=\"wp-block-paragraph\">Die Fahrergemeinschaft Historischer Rennsport (FHR) bestritt in den Kategorien \u201e1965\u201c und \u201e1981\u201c zwei weitere Programmpunkte in der Historischen Meisterschaft.&nbsp;Der Ford GT40 von Griesemann dominierte beide Male und gewann anschlie\u00dfend mit einem 911 RS das Langstreckenrennen des Championats von \u201e1981\u201c.<\/p>\n\n\n\n<p class=\"wp-block-paragraph\">Ein weiterer H\u00f6hepunkt war das Rennen der zweisitzigen Sportwagen und GTs bis 1971 am Samstagabend. Am Start: Porsche 904 GTS, Mercedes 300\u202fSL, Aston Martin DB4 GT, Ferrari\u202f250\u202fGT SWB und&nbsp; weitere legend\u00e4re Rennwagen, die in der Abendd\u00e4mmerung echtes Le Mans-Flair auf der Strecke vermittelten.<\/p>\n\n\n\n<figure class=\"wp-block-image size-large\"><img loading=\"lazy\" decoding=\"async\" width=\"810\" height=\"540\" src=\"https:\/\/www.enzo-und-ferdinand.de\/wp-content\/uploads\/2025\/08\/Aston-Martin-DB4-GT-810x540.jpg\" alt=\"\" class=\"wp-image-20809\" srcset=\"https:\/\/www.enzo-und-ferdinand.de\/wp-content\/uploads\/2025\/08\/Aston-Martin-DB4-GT-810x540.jpg 810w, https:\/\/www.enzo-und-ferdinand.de\/wp-content\/uploads\/2025\/08\/Aston-Martin-DB4-GT-300x200.jpg 300w, https:\/\/www.enzo-und-ferdinand.de\/wp-content\/uploads\/2025\/08\/Aston-Martin-DB4-GT-768x512.jpg 768w, https:\/\/www.enzo-und-ferdinand.de\/wp-content\/uploads\/2025\/08\/Aston-Martin-DB4-GT-120x80.jpg 120w, https:\/\/www.enzo-und-ferdinand.de\/wp-content\/uploads\/2025\/08\/Aston-Martin-DB4-GT.jpg 1500w\" sizes=\"auto, (max-width: 810px) 100vw, 810px\" \/><figcaption class=\"wp-element-caption\"><em>Aston Martin DB4 GT<\/em><\/figcaption><\/figure>\n\n\n\n<p class=\"wp-block-paragraph\">Von starkem Beifall begleitet: Die Zweirad-Fraktion gab nach l\u00e4ngerer Pause ihr Comeback beim OGP, von den Fans besonders herzlich begr\u00fc\u00dft. Rennmaschinen aus sechs Jahrzehnten vermittelten Motorsportgeschichte &#8211; und sorgten nicht nur f\u00fcr Furore auf der Strecke, sondern eroberten sich die Herzen ihrer Bewunderer auch im \u201eAlten Fahrerlager\u201c, denn legend\u00e4re Maschinen von BMW, Yamaha, Ducati,&nbsp;NSU und anderer namhafter Hersteller waren hautnah zu bewundern.<\/p>\n\n\n\n<p class=\"wp-block-paragraph\">Der diesj\u00e4hrige Oldtimer Grand Prix bot weit mehr als nur diverse Rennen mit der Pr\u00e4sentation hochkar\u00e4tiger Fahrzeuge, der OGP war eine Zeitreise und ein Erlebnis f\u00fcr die historische Rennsport-Fangemeinde.<\/p>\n\n\n\n<p class=\"has-text-align-right has-small-font-size wp-block-paragraph\">Text: J\u00f6rg-Thomas F\u00f6disch\/Fotos: Rainer Rossbach<\/p>\n\n\n\nngg_shortcode_0_placeholder\n","protected":false},"excerpt":{"rendered":"<p>Mehr als 40 000 Besucher erlebten am ersten August-Wochenende die Traditionsveranstaltung am N\u00fcrburgring. F\u00fcr einen der H\u00f6hepunkte sorgten die legend\u00e4ren Formel-1-Rennwagen des unvergessenen Frank Williams und seines Konstrukteurs Patrick Head. Der Williams-Rennstall, damals in Grove (Gro\u00dfbritannien) beheimatet, hatte von 1979 bis 1982 mit dem FW07 Renngeschichte geschrieben: In der Konstrukteurs-Meisterschaft holten die Briten zwei Titel, wurden einmal Vize-Champion, gewannen zwei Automobil-Weltmeisterschaften (Alan Jones, Keke Rosberg) sowie die Podiumspl\u00e4tze zwei und drei im Endklassement der Fahrerwertung (Carlos Reutemann, Jones). Diese Erfolgsserie machte Williams zum Top-Team in der K\u00f6nigsklasse.<\/p>\n","protected":false},"author":1,"featured_media":20760,"comment_status":"closed","ping_status":"open","sticky":false,"template":"","format":"standard","meta":{"_crdt_document":"","ngg_post_thumbnail":0,"footnotes":""},"categories":[14,13,5],"tags":[],"class_list":["post-20762","post","type-post","status-publish","format-standard","has-post-thumbnail","hentry","category-events","category-ikonen","category-rennsport"],"yoast_head":"<!-- This site is optimized with the Yoast SEO plugin v27.5 - https:\/\/yoast.com\/product\/yoast-seo-wordpress\/ -->\n<title>Belmot Oldtimer Grand Prix 2025<\/title>\n<meta name=\"description\" content=\"Rainer Ro\u00dfbach Rainer Rossbach enzo-und-ferdinand enzo&amp;ferdinand Enzo Oldtimer-Grand Prix Formel 1 N\u00fcrburgring Frank Williams FW07 Historic Grand Prix Car Association (HGPCA) Maserati 250F Ferrari 246 Dino Super-Tourenwagen Graf Berghe von Trips Pokal Ralt-Alfa Romeo DRM CanAm Gruppe 5 Zakspeed Capri Turbo Porsche 962C Lola T296 Ford GT40 Porsche 911 RS Ducati\" \/>\n<meta name=\"robots\" content=\"index, follow, max-snippet:-1, max-image-preview:large, max-video-preview:-1\" \/>\n<link rel=\"canonical\" href=\"https:\/\/www.enzo-und-ferdinand.de\/index.php\/2025\/08\/11\/belmot-oldtimer-grand-prix-2025-2\/\" \/>\n<meta property=\"og:locale\" content=\"de_DE\" \/>\n<meta property=\"og:type\" content=\"article\" \/>\n<meta property=\"og:title\" content=\"Belmot Oldtimer Grand Prix 2025\" \/>\n<meta property=\"og:description\" content=\"Rainer Ro\u00dfbach Rainer Rossbach enzo-und-ferdinand enzo&amp;ferdinand Enzo Oldtimer-Grand Prix Formel 1 N\u00fcrburgring Frank Williams FW07 Historic Grand Prix Car Association (HGPCA) Maserati 250F Ferrari 246 Dino Super-Tourenwagen Graf Berghe von Trips Pokal Ralt-Alfa Romeo DRM CanAm Gruppe 5 Zakspeed Capri Turbo Porsche 962C Lola T296 Ford GT40 Porsche 911 RS Ducati\" \/>\n<meta property=\"og:url\" content=\"https:\/\/www.enzo-und-ferdinand.de\/index.php\/2025\/08\/11\/belmot-oldtimer-grand-prix-2025-2\/\" \/>\n<meta property=\"og:site_name\" content=\"enzo &amp; Ferdinand\" \/>\n<meta property=\"article:published_time\" content=\"2025-08-11T06:50:09+00:00\" \/>\n<meta property=\"article:modified_time\" content=\"2025-08-11T06:50:10+00:00\" \/>\n<meta property=\"og:image\" content=\"https:\/\/www.enzo-und-ferdinand.de\/wp-content\/uploads\/2025\/08\/DSC_2791-Kopie.jpg\" \/>\n\t<meta property=\"og:image:width\" content=\"1500\" \/>\n\t<meta property=\"og:image:height\" content=\"1000\" \/>\n\t<meta property=\"og:image:type\" content=\"image\/jpeg\" \/>\n<meta name=\"author\" content=\"Rainer Ro\u00dfbach\" \/>\n<meta name=\"twitter:card\" content=\"summary_large_image\" \/>\n<meta name=\"twitter:label1\" content=\"Verfasst von\" \/>\n\t<meta name=\"twitter:data1\" content=\"Rainer Ro\u00dfbach\" \/>\n\t<meta name=\"twitter:label2\" content=\"Gesch\u00e4tzte Lesezeit\" \/>\n\t<meta name=\"twitter:data2\" content=\"3\u00a0Minuten\" \/>\n<script type=\"application\/ld+json\" class=\"yoast-schema-graph\">{\"@context\":\"https:\\\/\\\/schema.org\",\"@graph\":[{\"@type\":\"Article\",\"@id\":\"https:\\\/\\\/www.enzo-und-ferdinand.de\\\/index.php\\\/2025\\\/08\\\/11\\\/belmot-oldtimer-grand-prix-2025-2\\\/#article\",\"isPartOf\":{\"@id\":\"https:\\\/\\\/www.enzo-und-ferdinand.de\\\/index.php\\\/2025\\\/08\\\/11\\\/belmot-oldtimer-grand-prix-2025-2\\\/\"},\"author\":{\"name\":\"Rainer Ro\u00dfbach\",\"@id\":\"https:\\\/\\\/www.enzo-und-ferdinand.de\\\/#\\\/schema\\\/person\\\/aff2eb9ff87705987c1b9d21fe10b095\"},\"headline\":\"Belmot Oldtimer Grand Prix 2025\",\"datePublished\":\"2025-08-11T06:50:09+00:00\",\"dateModified\":\"2025-08-11T06:50:10+00:00\",\"mainEntityOfPage\":{\"@id\":\"https:\\\/\\\/www.enzo-und-ferdinand.de\\\/index.php\\\/2025\\\/08\\\/11\\\/belmot-oldtimer-grand-prix-2025-2\\\/\"},\"wordCount\":639,\"publisher\":{\"@id\":\"https:\\\/\\\/www.enzo-und-ferdinand.de\\\/#organization\"},\"image\":{\"@id\":\"https:\\\/\\\/www.enzo-und-ferdinand.de\\\/index.php\\\/2025\\\/08\\\/11\\\/belmot-oldtimer-grand-prix-2025-2\\\/#primaryimage\"},\"thumbnailUrl\":\"https:\\\/\\\/www.enzo-und-ferdinand.de\\\/wp-content\\\/uploads\\\/2025\\\/08\\\/DSC_2791-Kopie.jpg\",\"articleSection\":[\"Events\",\"Ikonen\",\"Rennsport\"],\"inLanguage\":\"de\"},{\"@type\":\"WebPage\",\"@id\":\"https:\\\/\\\/www.enzo-und-ferdinand.de\\\/index.php\\\/2025\\\/08\\\/11\\\/belmot-oldtimer-grand-prix-2025-2\\\/\",\"url\":\"https:\\\/\\\/www.enzo-und-ferdinand.de\\\/index.php\\\/2025\\\/08\\\/11\\\/belmot-oldtimer-grand-prix-2025-2\\\/\",\"name\":\"Belmot Oldtimer Grand Prix 2025\",\"isPartOf\":{\"@id\":\"https:\\\/\\\/www.enzo-und-ferdinand.de\\\/#website\"},\"primaryImageOfPage\":{\"@id\":\"https:\\\/\\\/www.enzo-und-ferdinand.de\\\/index.php\\\/2025\\\/08\\\/11\\\/belmot-oldtimer-grand-prix-2025-2\\\/#primaryimage\"},\"image\":{\"@id\":\"https:\\\/\\\/www.enzo-und-ferdinand.de\\\/index.php\\\/2025\\\/08\\\/11\\\/belmot-oldtimer-grand-prix-2025-2\\\/#primaryimage\"},\"thumbnailUrl\":\"https:\\\/\\\/www.enzo-und-ferdinand.de\\\/wp-content\\\/uploads\\\/2025\\\/08\\\/DSC_2791-Kopie.jpg\",\"datePublished\":\"2025-08-11T06:50:09+00:00\",\"dateModified\":\"2025-08-11T06:50:10+00:00\",\"description\":\"Rainer Ro\u00dfbach Rainer Rossbach enzo-und-ferdinand enzo&ferdinand Enzo Oldtimer-Grand Prix Formel 1 N\u00fcrburgring Frank Williams FW07 Historic Grand Prix Car Association (HGPCA) Maserati 250F Ferrari 246 Dino Super-Tourenwagen Graf Berghe von Trips Pokal Ralt-Alfa Romeo DRM CanAm Gruppe 5 Zakspeed Capri Turbo Porsche 962C Lola T296 Ford GT40 Porsche 911 RS Ducati\",\"breadcrumb\":{\"@id\":\"https:\\\/\\\/www.enzo-und-ferdinand.de\\\/index.php\\\/2025\\\/08\\\/11\\\/belmot-oldtimer-grand-prix-2025-2\\\/#breadcrumb\"},\"inLanguage\":\"de\",\"potentialAction\":[{\"@type\":\"ReadAction\",\"target\":[\"https:\\\/\\\/www.enzo-und-ferdinand.de\\\/index.php\\\/2025\\\/08\\\/11\\\/belmot-oldtimer-grand-prix-2025-2\\\/\"]}]},{\"@type\":\"ImageObject\",\"inLanguage\":\"de\",\"@id\":\"https:\\\/\\\/www.enzo-und-ferdinand.de\\\/index.php\\\/2025\\\/08\\\/11\\\/belmot-oldtimer-grand-prix-2025-2\\\/#primaryimage\",\"url\":\"https:\\\/\\\/www.enzo-und-ferdinand.de\\\/wp-content\\\/uploads\\\/2025\\\/08\\\/DSC_2791-Kopie.jpg\",\"contentUrl\":\"https:\\\/\\\/www.enzo-und-ferdinand.de\\\/wp-content\\\/uploads\\\/2025\\\/08\\\/DSC_2791-Kopie.jpg\",\"width\":1500,\"height\":1000,\"caption\":\"Boxengasse OGP 2025\"},{\"@type\":\"BreadcrumbList\",\"@id\":\"https:\\\/\\\/www.enzo-und-ferdinand.de\\\/index.php\\\/2025\\\/08\\\/11\\\/belmot-oldtimer-grand-prix-2025-2\\\/#breadcrumb\",\"itemListElement\":[{\"@type\":\"ListItem\",\"position\":1,\"name\":\"Startseite\",\"item\":\"https:\\\/\\\/www.enzo-und-ferdinand.de\\\/\"},{\"@type\":\"ListItem\",\"position\":2,\"name\":\"Belmot Oldtimer Grand Prix 2025\"}]},{\"@type\":\"WebSite\",\"@id\":\"https:\\\/\\\/www.enzo-und-ferdinand.de\\\/#website\",\"url\":\"https:\\\/\\\/www.enzo-und-ferdinand.de\\\/\",\"name\":\"enzo & Ferdinand\",\"description\":\"\",\"publisher\":{\"@id\":\"https:\\\/\\\/www.enzo-und-ferdinand.de\\\/#organization\"},\"potentialAction\":[{\"@type\":\"SearchAction\",\"target\":{\"@type\":\"EntryPoint\",\"urlTemplate\":\"https:\\\/\\\/www.enzo-und-ferdinand.de\\\/?s={search_term_string}\"},\"query-input\":{\"@type\":\"PropertyValueSpecification\",\"valueRequired\":true,\"valueName\":\"search_term_string\"}}],\"inLanguage\":\"de\"},{\"@type\":\"Organization\",\"@id\":\"https:\\\/\\\/www.enzo-und-ferdinand.de\\\/#organization\",\"name\":\"enzo & Ferdinand\",\"url\":\"https:\\\/\\\/www.enzo-und-ferdinand.de\\\/\",\"logo\":{\"@type\":\"ImageObject\",\"inLanguage\":\"de\",\"@id\":\"https:\\\/\\\/www.enzo-und-ferdinand.de\\\/#\\\/schema\\\/logo\\\/image\\\/\",\"url\":\"https:\\\/\\\/www.enzo-und-ferdinand.de\\\/wp-content\\\/uploads\\\/2018\\\/12\\\/revvvs-icon.png\",\"contentUrl\":\"https:\\\/\\\/www.enzo-und-ferdinand.de\\\/wp-content\\\/uploads\\\/2018\\\/12\\\/revvvs-icon.png\",\"width\":512,\"height\":512,\"caption\":\"enzo & Ferdinand\"},\"image\":{\"@id\":\"https:\\\/\\\/www.enzo-und-ferdinand.de\\\/#\\\/schema\\\/logo\\\/image\\\/\"}},{\"@type\":\"Person\",\"@id\":\"https:\\\/\\\/www.enzo-und-ferdinand.de\\\/#\\\/schema\\\/person\\\/aff2eb9ff87705987c1b9d21fe10b095\",\"name\":\"Rainer Ro\u00dfbach\",\"image\":{\"@type\":\"ImageObject\",\"inLanguage\":\"de\",\"@id\":\"https:\\\/\\\/www.enzo-und-ferdinand.de\\\/wp-content\\\/uploads\\\/2026\\\/01\\\/Rainer-Rossbach-150x150.jpg\",\"url\":\"https:\\\/\\\/www.enzo-und-ferdinand.de\\\/wp-content\\\/uploads\\\/2026\\\/01\\\/Rainer-Rossbach-150x150.jpg\",\"contentUrl\":\"https:\\\/\\\/www.enzo-und-ferdinand.de\\\/wp-content\\\/uploads\\\/2026\\\/01\\\/Rainer-Rossbach-150x150.jpg\",\"caption\":\"Rainer Ro\u00dfbach\"},\"url\":\"https:\\\/\\\/www.enzo-und-ferdinand.de\\\/index.php\\\/author\\\/redaktion\\\/\"}]}<\/script>\n<!-- \/ Yoast SEO plugin. -->","yoast_head_json":{"title":"Belmot Oldtimer Grand Prix 2025","description":"Rainer Ro\u00dfbach Rainer Rossbach enzo-und-ferdinand enzo&ferdinand Enzo Oldtimer-Grand Prix Formel 1 N\u00fcrburgring Frank Williams FW07 Historic Grand Prix Car Association (HGPCA) Maserati 250F Ferrari 246 Dino Super-Tourenwagen Graf Berghe von Trips Pokal Ralt-Alfa Romeo DRM CanAm Gruppe 5 Zakspeed Capri Turbo Porsche 962C Lola T296 Ford GT40 Porsche 911 RS Ducati","robots":{"index":"index","follow":"follow","max-snippet":"max-snippet:-1","max-image-preview":"max-image-preview:large","max-video-preview":"max-video-preview:-1"},"canonical":"https:\/\/www.enzo-und-ferdinand.de\/index.php\/2025\/08\/11\/belmot-oldtimer-grand-prix-2025-2\/","og_locale":"de_DE","og_type":"article","og_title":"Belmot Oldtimer Grand Prix 2025","og_description":"Rainer Ro\u00dfbach Rainer Rossbach enzo-und-ferdinand enzo&ferdinand Enzo Oldtimer-Grand Prix Formel 1 N\u00fcrburgring Frank Williams FW07 Historic Grand Prix Car Association (HGPCA) Maserati 250F Ferrari 246 Dino Super-Tourenwagen Graf Berghe von Trips Pokal Ralt-Alfa Romeo DRM CanAm Gruppe 5 Zakspeed Capri Turbo Porsche 962C Lola T296 Ford GT40 Porsche 911 RS Ducati","og_url":"https:\/\/www.enzo-und-ferdinand.de\/index.php\/2025\/08\/11\/belmot-oldtimer-grand-prix-2025-2\/","og_site_name":"enzo &amp; Ferdinand","article_published_time":"2025-08-11T06:50:09+00:00","article_modified_time":"2025-08-11T06:50:10+00:00","og_image":[{"width":1500,"height":1000,"url":"https:\/\/www.enzo-und-ferdinand.de\/wp-content\/uploads\/2025\/08\/DSC_2791-Kopie.jpg","type":"image\/jpeg"}],"author":"Rainer Ro\u00dfbach","twitter_card":"summary_large_image","twitter_misc":{"Verfasst von":"Rainer Ro\u00dfbach","Gesch\u00e4tzte Lesezeit":"3\u00a0Minuten"},"schema":{"@context":"https:\/\/schema.org","@graph":[{"@type":"Article","@id":"https:\/\/www.enzo-und-ferdinand.de\/index.php\/2025\/08\/11\/belmot-oldtimer-grand-prix-2025-2\/#article","isPartOf":{"@id":"https:\/\/www.enzo-und-ferdinand.de\/index.php\/2025\/08\/11\/belmot-oldtimer-grand-prix-2025-2\/"},"author":{"name":"Rainer Ro\u00dfbach","@id":"https:\/\/www.enzo-und-ferdinand.de\/#\/schema\/person\/aff2eb9ff87705987c1b9d21fe10b095"},"headline":"Belmot Oldtimer Grand Prix 2025","datePublished":"2025-08-11T06:50:09+00:00","dateModified":"2025-08-11T06:50:10+00:00","mainEntityOfPage":{"@id":"https:\/\/www.enzo-und-ferdinand.de\/index.php\/2025\/08\/11\/belmot-oldtimer-grand-prix-2025-2\/"},"wordCount":639,"publisher":{"@id":"https:\/\/www.enzo-und-ferdinand.de\/#organization"},"image":{"@id":"https:\/\/www.enzo-und-ferdinand.de\/index.php\/2025\/08\/11\/belmot-oldtimer-grand-prix-2025-2\/#primaryimage"},"thumbnailUrl":"https:\/\/www.enzo-und-ferdinand.de\/wp-content\/uploads\/2025\/08\/DSC_2791-Kopie.jpg","articleSection":["Events","Ikonen","Rennsport"],"inLanguage":"de"},{"@type":"WebPage","@id":"https:\/\/www.enzo-und-ferdinand.de\/index.php\/2025\/08\/11\/belmot-oldtimer-grand-prix-2025-2\/","url":"https:\/\/www.enzo-und-ferdinand.de\/index.php\/2025\/08\/11\/belmot-oldtimer-grand-prix-2025-2\/","name":"Belmot Oldtimer Grand Prix 2025","isPartOf":{"@id":"https:\/\/www.enzo-und-ferdinand.de\/#website"},"primaryImageOfPage":{"@id":"https:\/\/www.enzo-und-ferdinand.de\/index.php\/2025\/08\/11\/belmot-oldtimer-grand-prix-2025-2\/#primaryimage"},"image":{"@id":"https:\/\/www.enzo-und-ferdinand.de\/index.php\/2025\/08\/11\/belmot-oldtimer-grand-prix-2025-2\/#primaryimage"},"thumbnailUrl":"https:\/\/www.enzo-und-ferdinand.de\/wp-content\/uploads\/2025\/08\/DSC_2791-Kopie.jpg","datePublished":"2025-08-11T06:50:09+00:00","dateModified":"2025-08-11T06:50:10+00:00","description":"Rainer Ro\u00dfbach Rainer Rossbach enzo-und-ferdinand enzo&ferdinand Enzo Oldtimer-Grand Prix Formel 1 N\u00fcrburgring Frank Williams FW07 Historic Grand Prix Car Association (HGPCA) Maserati 250F Ferrari 246 Dino Super-Tourenwagen Graf Berghe von Trips Pokal Ralt-Alfa Romeo DRM CanAm Gruppe 5 Zakspeed Capri Turbo Porsche 962C Lola T296 Ford GT40 Porsche 911 RS Ducati","breadcrumb":{"@id":"https:\/\/www.enzo-und-ferdinand.de\/index.php\/2025\/08\/11\/belmot-oldtimer-grand-prix-2025-2\/#breadcrumb"},"inLanguage":"de","potentialAction":[{"@type":"ReadAction","target":["https:\/\/www.enzo-und-ferdinand.de\/index.php\/2025\/08\/11\/belmot-oldtimer-grand-prix-2025-2\/"]}]},{"@type":"ImageObject","inLanguage":"de","@id":"https:\/\/www.enzo-und-ferdinand.de\/index.php\/2025\/08\/11\/belmot-oldtimer-grand-prix-2025-2\/#primaryimage","url":"https:\/\/www.enzo-und-ferdinand.de\/wp-content\/uploads\/2025\/08\/DSC_2791-Kopie.jpg","contentUrl":"https:\/\/www.enzo-und-ferdinand.de\/wp-content\/uploads\/2025\/08\/DSC_2791-Kopie.jpg","width":1500,"height":1000,"caption":"Boxengasse OGP 2025"},{"@type":"BreadcrumbList","@id":"https:\/\/www.enzo-und-ferdinand.de\/index.php\/2025\/08\/11\/belmot-oldtimer-grand-prix-2025-2\/#breadcrumb","itemListElement":[{"@type":"ListItem","position":1,"name":"Startseite","item":"https:\/\/www.enzo-und-ferdinand.de\/"},{"@type":"ListItem","position":2,"name":"Belmot Oldtimer Grand Prix 2025"}]},{"@type":"WebSite","@id":"https:\/\/www.enzo-und-ferdinand.de\/#website","url":"https:\/\/www.enzo-und-ferdinand.de\/","name":"enzo & Ferdinand","description":"","publisher":{"@id":"https:\/\/www.enzo-und-ferdinand.de\/#organization"},"potentialAction":[{"@type":"SearchAction","target":{"@type":"EntryPoint","urlTemplate":"https:\/\/www.enzo-und-ferdinand.de\/?s={search_term_string}"},"query-input":{"@type":"PropertyValueSpecification","valueRequired":true,"valueName":"search_term_string"}}],"inLanguage":"de"},{"@type":"Organization","@id":"https:\/\/www.enzo-und-ferdinand.de\/#organization","name":"enzo & Ferdinand","url":"https:\/\/www.enzo-und-ferdinand.de\/","logo":{"@type":"ImageObject","inLanguage":"de","@id":"https:\/\/www.enzo-und-ferdinand.de\/#\/schema\/logo\/image\/","url":"https:\/\/www.enzo-und-ferdinand.de\/wp-content\/uploads\/2018\/12\/revvvs-icon.png","contentUrl":"https:\/\/www.enzo-und-ferdinand.de\/wp-content\/uploads\/2018\/12\/revvvs-icon.png","width":512,"height":512,"caption":"enzo & Ferdinand"},"image":{"@id":"https:\/\/www.enzo-und-ferdinand.de\/#\/schema\/logo\/image\/"}},{"@type":"Person","@id":"https:\/\/www.enzo-und-ferdinand.de\/#\/schema\/person\/aff2eb9ff87705987c1b9d21fe10b095","name":"Rainer Ro\u00dfbach","image":{"@type":"ImageObject","inLanguage":"de","@id":"https:\/\/www.enzo-und-ferdinand.de\/wp-content\/uploads\/2026\/01\/Rainer-Rossbach-150x150.jpg","url":"https:\/\/www.enzo-und-ferdinand.de\/wp-content\/uploads\/2026\/01\/Rainer-Rossbach-150x150.jpg","contentUrl":"https:\/\/www.enzo-und-ferdinand.de\/wp-content\/uploads\/2026\/01\/Rainer-Rossbach-150x150.jpg","caption":"Rainer Ro\u00dfbach"},"url":"https:\/\/www.enzo-und-ferdinand.de\/index.php\/author\/redaktion\/"}]}},"_links":{"self":[{"href":"https:\/\/www.enzo-und-ferdinand.de\/index.php\/wp-json\/wp\/v2\/posts\/20762","targetHints":{"allow":["GET"]}}],"collection":[{"href":"https:\/\/www.enzo-und-ferdinand.de\/index.php\/wp-json\/wp\/v2\/posts"}],"about":[{"href":"https:\/\/www.enzo-und-ferdinand.de\/index.php\/wp-json\/wp\/v2\/types\/post"}],"author":[{"embeddable":true,"href":"https:\/\/www.enzo-und-ferdinand.de\/index.php\/wp-json\/wp\/v2\/users\/1"}],"replies":[{"embeddable":true,"href":"https:\/\/www.enzo-und-ferdinand.de\/index.php\/wp-json\/wp\/v2\/comments?post=20762"}],"version-history":[{"count":6,"href":"https:\/\/www.enzo-und-ferdinand.de\/index.php\/wp-json\/wp\/v2\/posts\/20762\/revisions"}],"predecessor-version":[{"id":20810,"href":"https:\/\/www.enzo-und-ferdinand.de\/index.php\/wp-json\/wp\/v2\/posts\/20762\/revisions\/20810"}],"wp:featuredmedia":[{"embeddable":true,"href":"https:\/\/www.enzo-und-ferdinand.de\/index.php\/wp-json\/wp\/v2\/media\/20760"}],"wp:attachment":[{"href":"https:\/\/www.enzo-und-ferdinand.de\/index.php\/wp-json\/wp\/v2\/media?parent=20762"}],"wp:term":[{"taxonomy":"category","embeddable":true,"href":"https:\/\/www.enzo-und-ferdinand.de\/index.php\/wp-json\/wp\/v2\/categories?post=20762"},{"taxonomy":"post_tag","embeddable":true,"href":"https:\/\/www.enzo-und-ferdinand.de\/index.php\/wp-json\/wp\/v2\/tags?post=20762"}],"curies":[{"name":"wp","href":"https:\/\/api.w.org\/{rel}","templated":true}]}}