{"id":208,"date":"2018-12-01T09:52:18","date_gmt":"2018-12-01T08:52:18","guid":{"rendered":"http:\/\/www.enzo-und-ferdinand.de\/?p=208"},"modified":"2025-10-28T09:34:30","modified_gmt":"2025-10-28T08:34:30","slug":"effeffe-berlinetta","status":"publish","type":"post","link":"https:\/\/www.enzo-und-ferdinand.de\/index.php\/2018\/12\/01\/effeffe-berlinetta\/","title":{"rendered":"Effeffe Berlinetta"},"content":{"rendered":"\n<figure class=\"wp-block-image\"><img loading=\"lazy\" decoding=\"async\" width=\"1024\" height=\"583\" src=\"https:\/\/www.enzo-und-ferdinand.de\/wp-content\/uploads\/2018\/12\/2015-8-effeffe-1-1024x583.jpg\" alt=\"\" class=\"wp-image-209\" srcset=\"https:\/\/www.enzo-und-ferdinand.de\/wp-content\/uploads\/2018\/12\/2015-8-effeffe-1.jpg 1024w, https:\/\/www.enzo-und-ferdinand.de\/wp-content\/uploads\/2018\/12\/2015-8-effeffe-1-300x171.jpg 300w, https:\/\/www.enzo-und-ferdinand.de\/wp-content\/uploads\/2018\/12\/2015-8-effeffe-1-768x437.jpg 768w\" sizes=\"auto, (max-width: 1024px) 100vw, 1024px\" \/><\/figure>\n\n\n\n<p class=\"wp-block-paragraph\">Pr\u00e4chtigen 1950er Jahre-Stil haben die Br\u00fcder Frigerio mit der Effeffe-Berlinetta <br>auf die R\u00e4der gestellt. Der kompakte Zweiter aus der Via San Giuseppe in Verano nahe Monza ist eine \u00fcberaus inspirierte Interpretation klassischer Zagato-Coup\u00e9s und legend\u00e4rer OSCAs der Nachkriegsjahre. <br>Klassische Rundinstrumente auf einem lackierten Tr\u00e4ger, das Holzvolant, die Alumniniumverkleidung der Lenks\u00e4ule, handbezogene Lederschalensitze, Wollteppiche, Kippschalter und filigrane T\u00fcr\u00f6ffner aus poliertem Metall zeigen Stil weit jenseits der zeitgen\u00f6ssischen Plastikkultur.<\/p>\n\n\n\n<!--more-->\n\n\n\n<figure class=\"wp-block-image\"><img loading=\"lazy\" decoding=\"async\" width=\"1024\" height=\"583\" src=\"https:\/\/www.enzo-und-ferdinand.de\/wp-content\/uploads\/2018\/12\/2015-8-effeffe-5-1024x583.jpg\" alt=\"\" class=\"wp-image-211\" srcset=\"https:\/\/www.enzo-und-ferdinand.de\/wp-content\/uploads\/2018\/12\/2015-8-effeffe-5.jpg 1024w, https:\/\/www.enzo-und-ferdinand.de\/wp-content\/uploads\/2018\/12\/2015-8-effeffe-5-300x171.jpg 300w, https:\/\/www.enzo-und-ferdinand.de\/wp-content\/uploads\/2018\/12\/2015-8-effeffe-5-768x437.jpg 768w\" sizes=\"auto, (max-width: 1024px) 100vw, 1024px\" \/><\/figure>\n\n\n\n<p class=\"wp-block-paragraph\">Selbstverst\u00e4ndlich ist auch die Aluminium-Karosserie des nur knapp vier Meter langen und lediglich 156 Zentimeter breiten Zweisitzers handgeformt. Mit dem Gewicht von lediglich 840 Kilogramm hat der 170 PS starke Doppelvergaser-Motor leichtes Spiel. Der komplett neu aufgebaute Vierzylinder mit zwei oberliegenden Nockenwellen ist auch schon ein Klassiker. Er stammt aus dem Alfa Romeo 2000 und hat wenig M\u00fche mit der Berlinetta: 240 Stundenkilometer Spitze sollen es je nach \u00dcbersetzung sein. <br>Zeitgem\u00e4\u00df hingegen sind Fahrwerk und Chassis. Der am Computer entwickelte Rohrrahmen tr\u00e4gt doppelte Querlenker vorne \u2013 mit einer ganz speziellen Anlenkung des Federbeins \u2013, eine ausgefeilte Achskinematik hinten und moderne Scheibenbremsen. Das sorgt f\u00fcr zeitgen\u00f6ssische Fahreigenschaften.<\/p>\n\n\n\n<figure class=\"wp-block-image\"><img loading=\"lazy\" decoding=\"async\" width=\"1024\" height=\"583\" src=\"https:\/\/www.enzo-und-ferdinand.de\/wp-content\/uploads\/2018\/12\/2015-8-effeffe-2-1024x583.jpg\" alt=\"\" class=\"wp-image-213\" srcset=\"https:\/\/www.enzo-und-ferdinand.de\/wp-content\/uploads\/2018\/12\/2015-8-effeffe-2.jpg 1024w, https:\/\/www.enzo-und-ferdinand.de\/wp-content\/uploads\/2018\/12\/2015-8-effeffe-2-300x171.jpg 300w, https:\/\/www.enzo-und-ferdinand.de\/wp-content\/uploads\/2018\/12\/2015-8-effeffe-2-768x437.jpg 768w\" sizes=\"auto, (max-width: 1024px) 100vw, 1024px\" \/><\/figure>\n\n\n\n<p class=\"wp-block-paragraph\">Selbstverst\u00e4ndlich ist auch die Aluminium-Karosserie des nur knapp vier Meter langen und lediglich 156 Zentimeter breiten Zweisitzers handgeformt. Mit dem Gewicht von lediglich 840 Kilogramm hat der 170 PS starke Doppelvergaser-Motor leichtes Spiel. Der komplett neu aufgebaute Vierzylinder mit zwei oberliegenden Nockenwellen ist auch schon ein Klassiker. Er stammt aus dem Alfa Romeo 2000 und hat wenig M\u00fche mit der Berlinetta: 240 Stundenkilometer Spitze sollen es je nach \u00dcbersetzung sein. <br>Zeitgem\u00e4\u00df hingegen sind Fahrwerk und Chassis. Der am Computer entwickelte Rohrrahmen tr\u00e4gt doppelte Querlenker vorne \u2013 mit einer ganz speziellen Anlenkung des Federbeins \u2013, eine ausgefeilte Achskinematik hinten und moderne Scheibenbremsen. Das sorgt f\u00fcr zeitgen\u00f6ssische Fahreigenschaften.<\/p>\n\n\n\n<p class=\"has-text-align-right has-small-font-size wp-block-paragraph\">Fotos: Effeffe\/Text: Rainer Ro\u00dfbach<\/p>\n\n\n\n<p class=\"wp-block-paragraph\">&nbsp;<\/p>\n","protected":false},"excerpt":{"rendered":"<p>Pr\u00e4chtigen 1950er Jahre-Stil haben die Br\u00fcder Frigerio mit der Effeffe-Berlinetta auf die R\u00e4der gestellt. Der kompakte Zweiter aus der Via San Giuseppe in Verano nahe Monza ist eine \u00fcberaus inspirierte Interpretation klassischer Zagato-Coup\u00e9s und legend\u00e4rer OSCAs der Nachkriegsjahre. Klassische Rundinstrumente auf einem lackierten Tr\u00e4ger, das Holzvolant, die Alumniniumverkleidung der Lenks\u00e4ule, handbezogene Lederschalensitze, Wollteppiche, Kippschalter und filigrane T\u00fcr\u00f6ffner aus poliertem Metall zeigen Stil weit jenseits der zeitgen\u00f6ssischen Plastikkultur.<\/p>\n","protected":false},"author":1,"featured_media":215,"comment_status":"closed","ping_status":"closed","sticky":false,"template":"","format":"standard","meta":{"_crdt_document":"","ngg_post_thumbnail":0,"footnotes":""},"categories":[4],"tags":[648,15],"class_list":["post-208","post","type-post","status-publish","format-standard","has-post-thumbnail","hentry","category-studien","tag-effeffe","tag-effeffe-berlinetta"],"yoast_head":"<!-- This site is optimized with the Yoast SEO plugin v27.5 - https:\/\/yoast.com\/product\/yoast-seo-wordpress\/ -->\n<title>Effeffe Berlinetta<\/title>\n<meta name=\"description\" content=\"Fratelli Frigerio Effeffe Berlinetta Alfa Romeo 2000 Zagato OSCA\" \/>\n<meta name=\"robots\" content=\"index, follow, max-snippet:-1, max-image-preview:large, max-video-preview:-1\" \/>\n<link rel=\"canonical\" href=\"https:\/\/www.enzo-und-ferdinand.de\/index.php\/2018\/12\/01\/effeffe-berlinetta\/\" \/>\n<meta property=\"og:locale\" content=\"de_DE\" \/>\n<meta property=\"og:type\" content=\"article\" \/>\n<meta property=\"og:title\" content=\"Effeffe Berlinetta\" \/>\n<meta property=\"og:description\" content=\"Fratelli Frigerio Effeffe Berlinetta Alfa Romeo 2000 Zagato OSCA\" \/>\n<meta property=\"og:url\" content=\"https:\/\/www.enzo-und-ferdinand.de\/index.php\/2018\/12\/01\/effeffe-berlinetta\/\" \/>\n<meta property=\"og:site_name\" content=\"enzo &amp; Ferdinand\" \/>\n<meta property=\"article:published_time\" content=\"2018-12-01T08:52:18+00:00\" \/>\n<meta property=\"article:modified_time\" content=\"2025-10-28T08:34:30+00:00\" \/>\n<meta property=\"og:image\" content=\"https:\/\/www.enzo-und-ferdinand.de\/wp-content\/uploads\/2018\/12\/2015-8-effeffe-4.jpg\" \/>\n\t<meta property=\"og:image:width\" content=\"1024\" \/>\n\t<meta property=\"og:image:height\" content=\"583\" \/>\n\t<meta property=\"og:image:type\" content=\"image\/jpeg\" \/>\n<meta name=\"author\" content=\"Rainer Ro\u00dfbach\" \/>\n<meta name=\"twitter:card\" content=\"summary_large_image\" \/>\n<meta name=\"twitter:label1\" content=\"Verfasst von\" \/>\n\t<meta name=\"twitter:data1\" content=\"Rainer Ro\u00dfbach\" \/>\n\t<meta name=\"twitter:label2\" content=\"Gesch\u00e4tzte Lesezeit\" \/>\n\t<meta name=\"twitter:data2\" content=\"3\u00a0Minuten\" \/>\n<script type=\"application\/ld+json\" class=\"yoast-schema-graph\">{\"@context\":\"https:\\\/\\\/schema.org\",\"@graph\":[{\"@type\":\"Article\",\"@id\":\"https:\\\/\\\/www.enzo-und-ferdinand.de\\\/index.php\\\/2018\\\/12\\\/01\\\/effeffe-berlinetta\\\/#article\",\"isPartOf\":{\"@id\":\"https:\\\/\\\/www.enzo-und-ferdinand.de\\\/index.php\\\/2018\\\/12\\\/01\\\/effeffe-berlinetta\\\/\"},\"author\":{\"name\":\"Rainer Ro\u00dfbach\",\"@id\":\"https:\\\/\\\/www.enzo-und-ferdinand.de\\\/#\\\/schema\\\/person\\\/aff2eb9ff87705987c1b9d21fe10b095\"},\"headline\":\"Effeffe Berlinetta\",\"datePublished\":\"2018-12-01T08:52:18+00:00\",\"dateModified\":\"2025-10-28T08:34:30+00:00\",\"mainEntityOfPage\":{\"@id\":\"https:\\\/\\\/www.enzo-und-ferdinand.de\\\/index.php\\\/2018\\\/12\\\/01\\\/effeffe-berlinetta\\\/\"},\"wordCount\":294,\"publisher\":{\"@id\":\"https:\\\/\\\/www.enzo-und-ferdinand.de\\\/#organization\"},\"image\":{\"@id\":\"https:\\\/\\\/www.enzo-und-ferdinand.de\\\/index.php\\\/2018\\\/12\\\/01\\\/effeffe-berlinetta\\\/#primaryimage\"},\"thumbnailUrl\":\"https:\\\/\\\/www.enzo-und-ferdinand.de\\\/wp-content\\\/uploads\\\/2018\\\/12\\\/2015-8-effeffe-4.jpg\",\"keywords\":[\"Effeffe\",\"Effeffe Berlinetta\"],\"articleSection\":[\"Studien\"],\"inLanguage\":\"de\"},{\"@type\":\"WebPage\",\"@id\":\"https:\\\/\\\/www.enzo-und-ferdinand.de\\\/index.php\\\/2018\\\/12\\\/01\\\/effeffe-berlinetta\\\/\",\"url\":\"https:\\\/\\\/www.enzo-und-ferdinand.de\\\/index.php\\\/2018\\\/12\\\/01\\\/effeffe-berlinetta\\\/\",\"name\":\"Effeffe Berlinetta\",\"isPartOf\":{\"@id\":\"https:\\\/\\\/www.enzo-und-ferdinand.de\\\/#website\"},\"primaryImageOfPage\":{\"@id\":\"https:\\\/\\\/www.enzo-und-ferdinand.de\\\/index.php\\\/2018\\\/12\\\/01\\\/effeffe-berlinetta\\\/#primaryimage\"},\"image\":{\"@id\":\"https:\\\/\\\/www.enzo-und-ferdinand.de\\\/index.php\\\/2018\\\/12\\\/01\\\/effeffe-berlinetta\\\/#primaryimage\"},\"thumbnailUrl\":\"https:\\\/\\\/www.enzo-und-ferdinand.de\\\/wp-content\\\/uploads\\\/2018\\\/12\\\/2015-8-effeffe-4.jpg\",\"datePublished\":\"2018-12-01T08:52:18+00:00\",\"dateModified\":\"2025-10-28T08:34:30+00:00\",\"description\":\"Fratelli Frigerio Effeffe Berlinetta Alfa Romeo 2000 Zagato OSCA\",\"breadcrumb\":{\"@id\":\"https:\\\/\\\/www.enzo-und-ferdinand.de\\\/index.php\\\/2018\\\/12\\\/01\\\/effeffe-berlinetta\\\/#breadcrumb\"},\"inLanguage\":\"de\",\"potentialAction\":[{\"@type\":\"ReadAction\",\"target\":[\"https:\\\/\\\/www.enzo-und-ferdinand.de\\\/index.php\\\/2018\\\/12\\\/01\\\/effeffe-berlinetta\\\/\"]}]},{\"@type\":\"ImageObject\",\"inLanguage\":\"de\",\"@id\":\"https:\\\/\\\/www.enzo-und-ferdinand.de\\\/index.php\\\/2018\\\/12\\\/01\\\/effeffe-berlinetta\\\/#primaryimage\",\"url\":\"https:\\\/\\\/www.enzo-und-ferdinand.de\\\/wp-content\\\/uploads\\\/2018\\\/12\\\/2015-8-effeffe-4.jpg\",\"contentUrl\":\"https:\\\/\\\/www.enzo-und-ferdinand.de\\\/wp-content\\\/uploads\\\/2018\\\/12\\\/2015-8-effeffe-4.jpg\",\"width\":1024,\"height\":583},{\"@type\":\"BreadcrumbList\",\"@id\":\"https:\\\/\\\/www.enzo-und-ferdinand.de\\\/index.php\\\/2018\\\/12\\\/01\\\/effeffe-berlinetta\\\/#breadcrumb\",\"itemListElement\":[{\"@type\":\"ListItem\",\"position\":1,\"name\":\"Startseite\",\"item\":\"https:\\\/\\\/www.enzo-und-ferdinand.de\\\/\"},{\"@type\":\"ListItem\",\"position\":2,\"name\":\"Effeffe Berlinetta\"}]},{\"@type\":\"WebSite\",\"@id\":\"https:\\\/\\\/www.enzo-und-ferdinand.de\\\/#website\",\"url\":\"https:\\\/\\\/www.enzo-und-ferdinand.de\\\/\",\"name\":\"enzo & Ferdinand\",\"description\":\"\",\"publisher\":{\"@id\":\"https:\\\/\\\/www.enzo-und-ferdinand.de\\\/#organization\"},\"potentialAction\":[{\"@type\":\"SearchAction\",\"target\":{\"@type\":\"EntryPoint\",\"urlTemplate\":\"https:\\\/\\\/www.enzo-und-ferdinand.de\\\/?s={search_term_string}\"},\"query-input\":{\"@type\":\"PropertyValueSpecification\",\"valueRequired\":true,\"valueName\":\"search_term_string\"}}],\"inLanguage\":\"de\"},{\"@type\":\"Organization\",\"@id\":\"https:\\\/\\\/www.enzo-und-ferdinand.de\\\/#organization\",\"name\":\"enzo & Ferdinand\",\"url\":\"https:\\\/\\\/www.enzo-und-ferdinand.de\\\/\",\"logo\":{\"@type\":\"ImageObject\",\"inLanguage\":\"de\",\"@id\":\"https:\\\/\\\/www.enzo-und-ferdinand.de\\\/#\\\/schema\\\/logo\\\/image\\\/\",\"url\":\"https:\\\/\\\/www.enzo-und-ferdinand.de\\\/wp-content\\\/uploads\\\/2018\\\/12\\\/revvvs-icon.png\",\"contentUrl\":\"https:\\\/\\\/www.enzo-und-ferdinand.de\\\/wp-content\\\/uploads\\\/2018\\\/12\\\/revvvs-icon.png\",\"width\":512,\"height\":512,\"caption\":\"enzo & Ferdinand\"},\"image\":{\"@id\":\"https:\\\/\\\/www.enzo-und-ferdinand.de\\\/#\\\/schema\\\/logo\\\/image\\\/\"}},{\"@type\":\"Person\",\"@id\":\"https:\\\/\\\/www.enzo-und-ferdinand.de\\\/#\\\/schema\\\/person\\\/aff2eb9ff87705987c1b9d21fe10b095\",\"name\":\"Rainer Ro\u00dfbach\",\"image\":{\"@type\":\"ImageObject\",\"inLanguage\":\"de\",\"@id\":\"https:\\\/\\\/www.enzo-und-ferdinand.de\\\/wp-content\\\/uploads\\\/2026\\\/01\\\/Rainer-Rossbach-150x150.jpg\",\"url\":\"https:\\\/\\\/www.enzo-und-ferdinand.de\\\/wp-content\\\/uploads\\\/2026\\\/01\\\/Rainer-Rossbach-150x150.jpg\",\"contentUrl\":\"https:\\\/\\\/www.enzo-und-ferdinand.de\\\/wp-content\\\/uploads\\\/2026\\\/01\\\/Rainer-Rossbach-150x150.jpg\",\"caption\":\"Rainer Ro\u00dfbach\"},\"url\":\"https:\\\/\\\/www.enzo-und-ferdinand.de\\\/index.php\\\/author\\\/redaktion\\\/\"}]}<\/script>\n<!-- \/ Yoast SEO plugin. -->","yoast_head_json":{"title":"Effeffe Berlinetta","description":"Fratelli Frigerio Effeffe Berlinetta Alfa Romeo 2000 Zagato OSCA","robots":{"index":"index","follow":"follow","max-snippet":"max-snippet:-1","max-image-preview":"max-image-preview:large","max-video-preview":"max-video-preview:-1"},"canonical":"https:\/\/www.enzo-und-ferdinand.de\/index.php\/2018\/12\/01\/effeffe-berlinetta\/","og_locale":"de_DE","og_type":"article","og_title":"Effeffe Berlinetta","og_description":"Fratelli Frigerio Effeffe Berlinetta Alfa Romeo 2000 Zagato OSCA","og_url":"https:\/\/www.enzo-und-ferdinand.de\/index.php\/2018\/12\/01\/effeffe-berlinetta\/","og_site_name":"enzo &amp; Ferdinand","article_published_time":"2018-12-01T08:52:18+00:00","article_modified_time":"2025-10-28T08:34:30+00:00","og_image":[{"width":1024,"height":583,"url":"https:\/\/www.enzo-und-ferdinand.de\/wp-content\/uploads\/2018\/12\/2015-8-effeffe-4.jpg","type":"image\/jpeg"}],"author":"Rainer Ro\u00dfbach","twitter_card":"summary_large_image","twitter_misc":{"Verfasst von":"Rainer Ro\u00dfbach","Gesch\u00e4tzte Lesezeit":"3\u00a0Minuten"},"schema":{"@context":"https:\/\/schema.org","@graph":[{"@type":"Article","@id":"https:\/\/www.enzo-und-ferdinand.de\/index.php\/2018\/12\/01\/effeffe-berlinetta\/#article","isPartOf":{"@id":"https:\/\/www.enzo-und-ferdinand.de\/index.php\/2018\/12\/01\/effeffe-berlinetta\/"},"author":{"name":"Rainer Ro\u00dfbach","@id":"https:\/\/www.enzo-und-ferdinand.de\/#\/schema\/person\/aff2eb9ff87705987c1b9d21fe10b095"},"headline":"Effeffe Berlinetta","datePublished":"2018-12-01T08:52:18+00:00","dateModified":"2025-10-28T08:34:30+00:00","mainEntityOfPage":{"@id":"https:\/\/www.enzo-und-ferdinand.de\/index.php\/2018\/12\/01\/effeffe-berlinetta\/"},"wordCount":294,"publisher":{"@id":"https:\/\/www.enzo-und-ferdinand.de\/#organization"},"image":{"@id":"https:\/\/www.enzo-und-ferdinand.de\/index.php\/2018\/12\/01\/effeffe-berlinetta\/#primaryimage"},"thumbnailUrl":"https:\/\/www.enzo-und-ferdinand.de\/wp-content\/uploads\/2018\/12\/2015-8-effeffe-4.jpg","keywords":["Effeffe","Effeffe Berlinetta"],"articleSection":["Studien"],"inLanguage":"de"},{"@type":"WebPage","@id":"https:\/\/www.enzo-und-ferdinand.de\/index.php\/2018\/12\/01\/effeffe-berlinetta\/","url":"https:\/\/www.enzo-und-ferdinand.de\/index.php\/2018\/12\/01\/effeffe-berlinetta\/","name":"Effeffe Berlinetta","isPartOf":{"@id":"https:\/\/www.enzo-und-ferdinand.de\/#website"},"primaryImageOfPage":{"@id":"https:\/\/www.enzo-und-ferdinand.de\/index.php\/2018\/12\/01\/effeffe-berlinetta\/#primaryimage"},"image":{"@id":"https:\/\/www.enzo-und-ferdinand.de\/index.php\/2018\/12\/01\/effeffe-berlinetta\/#primaryimage"},"thumbnailUrl":"https:\/\/www.enzo-und-ferdinand.de\/wp-content\/uploads\/2018\/12\/2015-8-effeffe-4.jpg","datePublished":"2018-12-01T08:52:18+00:00","dateModified":"2025-10-28T08:34:30+00:00","description":"Fratelli Frigerio Effeffe Berlinetta Alfa Romeo 2000 Zagato OSCA","breadcrumb":{"@id":"https:\/\/www.enzo-und-ferdinand.de\/index.php\/2018\/12\/01\/effeffe-berlinetta\/#breadcrumb"},"inLanguage":"de","potentialAction":[{"@type":"ReadAction","target":["https:\/\/www.enzo-und-ferdinand.de\/index.php\/2018\/12\/01\/effeffe-berlinetta\/"]}]},{"@type":"ImageObject","inLanguage":"de","@id":"https:\/\/www.enzo-und-ferdinand.de\/index.php\/2018\/12\/01\/effeffe-berlinetta\/#primaryimage","url":"https:\/\/www.enzo-und-ferdinand.de\/wp-content\/uploads\/2018\/12\/2015-8-effeffe-4.jpg","contentUrl":"https:\/\/www.enzo-und-ferdinand.de\/wp-content\/uploads\/2018\/12\/2015-8-effeffe-4.jpg","width":1024,"height":583},{"@type":"BreadcrumbList","@id":"https:\/\/www.enzo-und-ferdinand.de\/index.php\/2018\/12\/01\/effeffe-berlinetta\/#breadcrumb","itemListElement":[{"@type":"ListItem","position":1,"name":"Startseite","item":"https:\/\/www.enzo-und-ferdinand.de\/"},{"@type":"ListItem","position":2,"name":"Effeffe Berlinetta"}]},{"@type":"WebSite","@id":"https:\/\/www.enzo-und-ferdinand.de\/#website","url":"https:\/\/www.enzo-und-ferdinand.de\/","name":"enzo & Ferdinand","description":"","publisher":{"@id":"https:\/\/www.enzo-und-ferdinand.de\/#organization"},"potentialAction":[{"@type":"SearchAction","target":{"@type":"EntryPoint","urlTemplate":"https:\/\/www.enzo-und-ferdinand.de\/?s={search_term_string}"},"query-input":{"@type":"PropertyValueSpecification","valueRequired":true,"valueName":"search_term_string"}}],"inLanguage":"de"},{"@type":"Organization","@id":"https:\/\/www.enzo-und-ferdinand.de\/#organization","name":"enzo & Ferdinand","url":"https:\/\/www.enzo-und-ferdinand.de\/","logo":{"@type":"ImageObject","inLanguage":"de","@id":"https:\/\/www.enzo-und-ferdinand.de\/#\/schema\/logo\/image\/","url":"https:\/\/www.enzo-und-ferdinand.de\/wp-content\/uploads\/2018\/12\/revvvs-icon.png","contentUrl":"https:\/\/www.enzo-und-ferdinand.de\/wp-content\/uploads\/2018\/12\/revvvs-icon.png","width":512,"height":512,"caption":"enzo & Ferdinand"},"image":{"@id":"https:\/\/www.enzo-und-ferdinand.de\/#\/schema\/logo\/image\/"}},{"@type":"Person","@id":"https:\/\/www.enzo-und-ferdinand.de\/#\/schema\/person\/aff2eb9ff87705987c1b9d21fe10b095","name":"Rainer Ro\u00dfbach","image":{"@type":"ImageObject","inLanguage":"de","@id":"https:\/\/www.enzo-und-ferdinand.de\/wp-content\/uploads\/2026\/01\/Rainer-Rossbach-150x150.jpg","url":"https:\/\/www.enzo-und-ferdinand.de\/wp-content\/uploads\/2026\/01\/Rainer-Rossbach-150x150.jpg","contentUrl":"https:\/\/www.enzo-und-ferdinand.de\/wp-content\/uploads\/2026\/01\/Rainer-Rossbach-150x150.jpg","caption":"Rainer Ro\u00dfbach"},"url":"https:\/\/www.enzo-und-ferdinand.de\/index.php\/author\/redaktion\/"}]}},"_links":{"self":[{"href":"https:\/\/www.enzo-und-ferdinand.de\/index.php\/wp-json\/wp\/v2\/posts\/208","targetHints":{"allow":["GET"]}}],"collection":[{"href":"https:\/\/www.enzo-und-ferdinand.de\/index.php\/wp-json\/wp\/v2\/posts"}],"about":[{"href":"https:\/\/www.enzo-und-ferdinand.de\/index.php\/wp-json\/wp\/v2\/types\/post"}],"author":[{"embeddable":true,"href":"https:\/\/www.enzo-und-ferdinand.de\/index.php\/wp-json\/wp\/v2\/users\/1"}],"replies":[{"embeddable":true,"href":"https:\/\/www.enzo-und-ferdinand.de\/index.php\/wp-json\/wp\/v2\/comments?post=208"}],"version-history":[{"count":7,"href":"https:\/\/www.enzo-und-ferdinand.de\/index.php\/wp-json\/wp\/v2\/posts\/208\/revisions"}],"predecessor-version":[{"id":12187,"href":"https:\/\/www.enzo-und-ferdinand.de\/index.php\/wp-json\/wp\/v2\/posts\/208\/revisions\/12187"}],"wp:featuredmedia":[{"embeddable":true,"href":"https:\/\/www.enzo-und-ferdinand.de\/index.php\/wp-json\/wp\/v2\/media\/215"}],"wp:attachment":[{"href":"https:\/\/www.enzo-und-ferdinand.de\/index.php\/wp-json\/wp\/v2\/media?parent=208"}],"wp:term":[{"taxonomy":"category","embeddable":true,"href":"https:\/\/www.enzo-und-ferdinand.de\/index.php\/wp-json\/wp\/v2\/categories?post=208"},{"taxonomy":"post_tag","embeddable":true,"href":"https:\/\/www.enzo-und-ferdinand.de\/index.php\/wp-json\/wp\/v2\/tags?post=208"}],"curies":[{"name":"wp","href":"https:\/\/api.w.org\/{rel}","templated":true}]}}