{"id":20822,"date":"2025-08-14T09:16:23","date_gmt":"2025-08-14T07:16:23","guid":{"rendered":"https:\/\/www.enzo-und-ferdinand.de\/?p=20822"},"modified":"2025-08-14T09:16:25","modified_gmt":"2025-08-14T07:16:25","slug":"bentley-batur-cabriolet-mulliner","status":"publish","type":"post","link":"https:\/\/www.enzo-und-ferdinand.de\/index.php\/2025\/08\/14\/bentley-batur-cabriolet-mulliner\/","title":{"rendered":"Bentley Batur Cabriolet \u201eMulliner\u201c"},"content":{"rendered":"\n<figure class=\"wp-block-image size-large\"><img loading=\"lazy\" decoding=\"async\" width=\"810\" height=\"540\" src=\"https:\/\/www.enzo-und-ferdinand.de\/wp-content\/uploads\/2025\/08\/First-Customer-Batur-Convertible-Complete-2-810x540.jpg\" alt=\"Bentley Batur Cabriolet \u201eMulliner\u201c\" class=\"wp-image-20826\" srcset=\"https:\/\/www.enzo-und-ferdinand.de\/wp-content\/uploads\/2025\/08\/First-Customer-Batur-Convertible-Complete-2-810x540.jpg 810w, https:\/\/www.enzo-und-ferdinand.de\/wp-content\/uploads\/2025\/08\/First-Customer-Batur-Convertible-Complete-2-300x200.jpg 300w, https:\/\/www.enzo-und-ferdinand.de\/wp-content\/uploads\/2025\/08\/First-Customer-Batur-Convertible-Complete-2-768x512.jpg 768w, https:\/\/www.enzo-und-ferdinand.de\/wp-content\/uploads\/2025\/08\/First-Customer-Batur-Convertible-Complete-2-120x80.jpg 120w, https:\/\/www.enzo-und-ferdinand.de\/wp-content\/uploads\/2025\/08\/First-Customer-Batur-Convertible-Complete-2.jpg 1500w\" sizes=\"auto, (max-width: 810px) 100vw, 810px\" \/><\/figure>\n\n\n\n<p class=\"wp-block-paragraph\">Die hauseigenen Ausstatter der englischen Nobelmarke haben mit dem Batur Cabriolet ein echtes Unikat entwickelt. Der offene Zweisitzer tr\u00e4gt eine Au\u00dfenlackierung in \u201eOpalite\u201c mit Akzenten in \u201eBeluga\u201c und \u201eMandarin\u201c. Im Innenraumist das Cockpit des Fahrers und der Fahrgastraum in kontrastierenden Farben gehalten. Die silberne Lackierung des Cabrios mit dem 740 PS starken W12-Antriebsstrang wird durch einen schwarzen Rennstreifen geteilt, der auf beiden Seiten von mandarinenfarbenen Nadelstreifen eingefasst ist. Der schwarze Akzent\u00a0 beginnt am K\u00fchler und verl\u00e4uft nach hinten \u00fcber die Motorhaube, bevor er entlang des Hecks bis zum Bentley-Logo weiterf\u00fchrt. Der K\u00fchlergrill ist in \u201eBeluga\u201c mit mandarinenfarbenen Akzenten gehalten\u00a0 und die F\u00fcnfspeichen-Leichtmetallr\u00e4dern tragen die gleichen Farben.<\/p>\n\n\n\n<figure class=\"wp-block-image size-large\"><img loading=\"lazy\" decoding=\"async\" width=\"810\" height=\"540\" src=\"https:\/\/www.enzo-und-ferdinand.de\/wp-content\/uploads\/2025\/08\/First-Customer-Batur-Convertible-Complete-3-810x540.jpg\" alt=\"Bentley Batur Cabriolet \u201eMulliner\u201c\" class=\"wp-image-20827\" srcset=\"https:\/\/www.enzo-und-ferdinand.de\/wp-content\/uploads\/2025\/08\/First-Customer-Batur-Convertible-Complete-3-810x540.jpg 810w, https:\/\/www.enzo-und-ferdinand.de\/wp-content\/uploads\/2025\/08\/First-Customer-Batur-Convertible-Complete-3-300x200.jpg 300w, https:\/\/www.enzo-und-ferdinand.de\/wp-content\/uploads\/2025\/08\/First-Customer-Batur-Convertible-Complete-3-768x512.jpg 768w, https:\/\/www.enzo-und-ferdinand.de\/wp-content\/uploads\/2025\/08\/First-Customer-Batur-Convertible-Complete-3-120x80.jpg 120w, https:\/\/www.enzo-und-ferdinand.de\/wp-content\/uploads\/2025\/08\/First-Customer-Batur-Convertible-Complete-3.jpg 1500w\" sizes=\"auto, (max-width: 810px) 100vw, 810px\" \/><\/figure>\n\n\n\n<p class=\"wp-block-paragraph\">Innen gibt es ein fahrerorientiertes Cockpit, das optisch durch zwei kontrastierende Farbt\u00f6ne vom Beifahrerbereich getrennt ist: Schwarz f\u00fcr den Fahrer und Leinen f\u00fcr den Beifahrer. Der Fahrersitz ist mit schwarzem Leder und Alcantara bezogen, wobei ein spezielles Mulliner-Batur-Muster auf den Sitzpolstern und T\u00fcreins\u00e4tzen in Leinen und mandarinenfarbenen Kontrastn\u00e4hten hervorgehoben ist. Der Beifahrer indes nimmt auf einem Sportsitz aus Leinenleder und Alcantara mit gleichfalls mandarinfarbenen Details Platz. Details wie die passenden Schl\u00fcsselanh\u00e4nger und Sicherheitsgurte tragen das gleiche Farbschema. Die Armaturentafel und die T\u00fcrverkleidungen sind in einem satinschwarzen Finish gehalten, w\u00e4hrend die Mittelkonsole mit \u201eBeluga\u201c-Furnier bezogen ist. Die \u00e4u\u00dferen Zifferblattrahmen sind&nbsp; gleichfalls im silbernen Grundton gehalten, w\u00e4hrend die Zifferbl\u00e4tter in hellem Titan ausgef\u00fchrt schimmern.&nbsp; &nbsp; &nbsp; &nbsp; &nbsp;<\/p>\n\n\n\n<p class=\"wp-block-paragraph\">Das Lenkrad tr\u00e4gt Beluga-Leder mit Innenfl\u00e4chen in Leinen und mandarinfarbenen Ziern\u00e4hten w\u00e4hrend der obere Teil aus mechanisch bearbeitetem Titan besteht. Weitere Elemente aus dem hochwertigen Metall sind die Schaltwippen, die Drehregler an den Lenkradspeichen, der Drehregler auf der Mittelkonsole, die Regler f\u00fcr die Bel\u00fcftungsd\u00fcsen und der Innenring der Bel\u00fcftungsd\u00fcsen. Die beleuchteten Einstiegsleisten zeigen das Batur-Typenschild und die Seriennummer. Ein eigens gefertigtes zweiteiliges Gep\u00e4ckset entspricht der britischen Gestaltungstradition genau wie die zwei ma\u00dfgeschneiderten Schl\u00fcsseletuis.<\/p>\n\n\n\n<figure class=\"wp-block-gallery has-nested-images columns-2 is-cropped wp-block-gallery-1 is-layout-flex wp-block-gallery-is-layout-flex\">\n<figure class=\"wp-block-image size-large\"><img loading=\"lazy\" decoding=\"async\" width=\"810\" height=\"540\" data-id=\"20830\" src=\"https:\/\/www.enzo-und-ferdinand.de\/wp-content\/uploads\/2025\/08\/First-Customer-Batur-Convertible-Complete-12-810x540.jpg\" alt=\"Bentley Batur Cabriolet \u201eMulliner\u201c\" class=\"wp-image-20830\" srcset=\"https:\/\/www.enzo-und-ferdinand.de\/wp-content\/uploads\/2025\/08\/First-Customer-Batur-Convertible-Complete-12-810x540.jpg 810w, https:\/\/www.enzo-und-ferdinand.de\/wp-content\/uploads\/2025\/08\/First-Customer-Batur-Convertible-Complete-12-300x200.jpg 300w, https:\/\/www.enzo-und-ferdinand.de\/wp-content\/uploads\/2025\/08\/First-Customer-Batur-Convertible-Complete-12-768x512.jpg 768w, https:\/\/www.enzo-und-ferdinand.de\/wp-content\/uploads\/2025\/08\/First-Customer-Batur-Convertible-Complete-12-120x80.jpg 120w, https:\/\/www.enzo-und-ferdinand.de\/wp-content\/uploads\/2025\/08\/First-Customer-Batur-Convertible-Complete-12.jpg 1500w\" sizes=\"auto, (max-width: 810px) 100vw, 810px\" \/><\/figure>\n\n\n\n<figure class=\"wp-block-image size-large\"><img loading=\"lazy\" decoding=\"async\" width=\"810\" height=\"540\" data-id=\"20829\" src=\"https:\/\/www.enzo-und-ferdinand.de\/wp-content\/uploads\/2025\/08\/First-Customer-Batur-Convertible-Complete-11-810x540.jpg\" alt=\"Bentley Batur Cabriolet \u201eMulliner\u201c\" class=\"wp-image-20829\" srcset=\"https:\/\/www.enzo-und-ferdinand.de\/wp-content\/uploads\/2025\/08\/First-Customer-Batur-Convertible-Complete-11-810x540.jpg 810w, https:\/\/www.enzo-und-ferdinand.de\/wp-content\/uploads\/2025\/08\/First-Customer-Batur-Convertible-Complete-11-300x200.jpg 300w, https:\/\/www.enzo-und-ferdinand.de\/wp-content\/uploads\/2025\/08\/First-Customer-Batur-Convertible-Complete-11-768x512.jpg 768w, https:\/\/www.enzo-und-ferdinand.de\/wp-content\/uploads\/2025\/08\/First-Customer-Batur-Convertible-Complete-11-120x80.jpg 120w, https:\/\/www.enzo-und-ferdinand.de\/wp-content\/uploads\/2025\/08\/First-Customer-Batur-Convertible-Complete-11.jpg 1500w\" sizes=\"auto, (max-width: 810px) 100vw, 810px\" \/><\/figure>\n\n\n\n<figure class=\"wp-block-image size-large\"><img loading=\"lazy\" decoding=\"async\" width=\"810\" height=\"540\" data-id=\"20828\" src=\"https:\/\/www.enzo-und-ferdinand.de\/wp-content\/uploads\/2025\/08\/First-Customer-Batur-Convertible-Complete-10-810x540.jpg\" alt=\"Bentley Batur Cabriolet \u201eMulliner\u201c\" class=\"wp-image-20828\" srcset=\"https:\/\/www.enzo-und-ferdinand.de\/wp-content\/uploads\/2025\/08\/First-Customer-Batur-Convertible-Complete-10-810x540.jpg 810w, https:\/\/www.enzo-und-ferdinand.de\/wp-content\/uploads\/2025\/08\/First-Customer-Batur-Convertible-Complete-10-300x200.jpg 300w, https:\/\/www.enzo-und-ferdinand.de\/wp-content\/uploads\/2025\/08\/First-Customer-Batur-Convertible-Complete-10-768x512.jpg 768w, https:\/\/www.enzo-und-ferdinand.de\/wp-content\/uploads\/2025\/08\/First-Customer-Batur-Convertible-Complete-10-120x80.jpg 120w, https:\/\/www.enzo-und-ferdinand.de\/wp-content\/uploads\/2025\/08\/First-Customer-Batur-Convertible-Complete-10.jpg 1500w\" sizes=\"auto, (max-width: 810px) 100vw, 810px\" \/><\/figure>\n<\/figure>\n\n\n\n<p class=\"has-text-align-right wp-block-paragraph\">Fotos: Bentley\/Text: Rainer Ro\u00dfbach<\/p>\n","protected":false},"excerpt":{"rendered":"<p>Die hauseigenen Ausstatter der englischen Nobelmarke haben mit dem Batur Cabriolet ein echtes Unikat entwickelt. Der offene Zweisitzer tr\u00e4gt eine Au\u00dfenlackierung in \u201eOpalite\u201c mit Akzenten in \u201eBeluga\u201c und \u201eMandarin\u201c. Im Innenraumist das Cockpit des Fahrers und der Fahrgastraum in kontrastierenden Farben gehalten. Die silberne Lackierung des Cabrios mit dem 740 PS starken W12-Antriebsstrang wird durch einen schwarzen Rennstreifen geteilt, der auf beiden Seiten von mandarinenfarbenen Nadelstreifen eingefasst ist. Der schwarze Akzent\u00a0 beginnt am K\u00fchler und verl\u00e4uft nach hinten \u00fcber die Motorhaube, bevor er entlang des Hecks bis zum Bentley-Logo weiterf\u00fchrt. Der K\u00fchlergrill ist in \u201eBeluga\u201c mit mandarinenfarbenen Akzenten gehalten\u00a0 und die F\u00fcnfspeichen-Leichtmetallr\u00e4dern tragen die gleichen Farben.<\/p>\n","protected":false},"author":1,"featured_media":20825,"comment_status":"closed","ping_status":"open","sticky":false,"template":"","format":"standard","meta":{"_crdt_document":"","ngg_post_thumbnail":0,"footnotes":""},"categories":[24],"tags":[186],"class_list":["post-20822","post","type-post","status-publish","format-standard","has-post-thumbnail","hentry","category-unikate","tag-bentley"],"yoast_head":"<!-- This site is optimized with the Yoast SEO plugin v27.5 - https:\/\/yoast.com\/product\/yoast-seo-wordpress\/ -->\n<title>Bentley Batur Cabriolet \u201eMulliner\u201c<\/title>\n<meta name=\"description\" content=\"Rainer Ro\u00dfbach Rainer Rossbach enzo-und-ferdinand enzo&amp;ferdinand Enzo Bentley Batur Cabriolet Mulliner Unikat Zweisitzer 740 PS W12 fahrerorientiertes Cockpit Leinenleder Alcantara Titan Gep\u00e4ckset\" \/>\n<meta name=\"robots\" content=\"index, follow, max-snippet:-1, max-image-preview:large, max-video-preview:-1\" \/>\n<link rel=\"canonical\" href=\"https:\/\/www.enzo-und-ferdinand.de\/index.php\/2025\/08\/14\/bentley-batur-cabriolet-mulliner\/\" \/>\n<meta property=\"og:locale\" content=\"de_DE\" \/>\n<meta property=\"og:type\" content=\"article\" \/>\n<meta property=\"og:title\" content=\"Bentley Batur Cabriolet \u201eMulliner\u201c\" \/>\n<meta property=\"og:description\" content=\"Rainer Ro\u00dfbach Rainer Rossbach enzo-und-ferdinand enzo&amp;ferdinand Enzo Bentley Batur Cabriolet Mulliner Unikat Zweisitzer 740 PS W12 fahrerorientiertes Cockpit Leinenleder Alcantara Titan Gep\u00e4ckset\" \/>\n<meta property=\"og:url\" content=\"https:\/\/www.enzo-und-ferdinand.de\/index.php\/2025\/08\/14\/bentley-batur-cabriolet-mulliner\/\" \/>\n<meta property=\"og:site_name\" content=\"enzo &amp; Ferdinand\" \/>\n<meta property=\"article:published_time\" content=\"2025-08-14T07:16:23+00:00\" \/>\n<meta property=\"article:modified_time\" content=\"2025-08-14T07:16:25+00:00\" \/>\n<meta property=\"og:image\" content=\"https:\/\/www.enzo-und-ferdinand.de\/wp-content\/uploads\/2025\/08\/First-Customer-Batur-Convertible-Complete-1.jpg\" \/>\n\t<meta property=\"og:image:width\" content=\"1500\" \/>\n\t<meta property=\"og:image:height\" content=\"1000\" \/>\n\t<meta property=\"og:image:type\" content=\"image\/jpeg\" \/>\n<meta name=\"author\" content=\"Rainer Ro\u00dfbach\" \/>\n<meta name=\"twitter:card\" content=\"summary_large_image\" \/>\n<meta name=\"twitter:label1\" content=\"Verfasst von\" \/>\n\t<meta name=\"twitter:data1\" content=\"Rainer Ro\u00dfbach\" \/>\n\t<meta name=\"twitter:label2\" content=\"Gesch\u00e4tzte Lesezeit\" \/>\n\t<meta name=\"twitter:data2\" content=\"2\u00a0Minuten\" \/>\n<script type=\"application\/ld+json\" class=\"yoast-schema-graph\">{\"@context\":\"https:\\\/\\\/schema.org\",\"@graph\":[{\"@type\":\"Article\",\"@id\":\"https:\\\/\\\/www.enzo-und-ferdinand.de\\\/index.php\\\/2025\\\/08\\\/14\\\/bentley-batur-cabriolet-mulliner\\\/#article\",\"isPartOf\":{\"@id\":\"https:\\\/\\\/www.enzo-und-ferdinand.de\\\/index.php\\\/2025\\\/08\\\/14\\\/bentley-batur-cabriolet-mulliner\\\/\"},\"author\":{\"name\":\"Rainer Ro\u00dfbach\",\"@id\":\"https:\\\/\\\/www.enzo-und-ferdinand.de\\\/#\\\/schema\\\/person\\\/aff2eb9ff87705987c1b9d21fe10b095\"},\"headline\":\"Bentley Batur Cabriolet \u201eMulliner\u201c\",\"datePublished\":\"2025-08-14T07:16:23+00:00\",\"dateModified\":\"2025-08-14T07:16:25+00:00\",\"mainEntityOfPage\":{\"@id\":\"https:\\\/\\\/www.enzo-und-ferdinand.de\\\/index.php\\\/2025\\\/08\\\/14\\\/bentley-batur-cabriolet-mulliner\\\/\"},\"wordCount\":342,\"publisher\":{\"@id\":\"https:\\\/\\\/www.enzo-und-ferdinand.de\\\/#organization\"},\"image\":{\"@id\":\"https:\\\/\\\/www.enzo-und-ferdinand.de\\\/index.php\\\/2025\\\/08\\\/14\\\/bentley-batur-cabriolet-mulliner\\\/#primaryimage\"},\"thumbnailUrl\":\"https:\\\/\\\/www.enzo-und-ferdinand.de\\\/wp-content\\\/uploads\\\/2025\\\/08\\\/First-Customer-Batur-Convertible-Complete-1.jpg\",\"keywords\":[\"Bentley\"],\"articleSection\":[\"Unikate\"],\"inLanguage\":\"de\"},{\"@type\":\"WebPage\",\"@id\":\"https:\\\/\\\/www.enzo-und-ferdinand.de\\\/index.php\\\/2025\\\/08\\\/14\\\/bentley-batur-cabriolet-mulliner\\\/\",\"url\":\"https:\\\/\\\/www.enzo-und-ferdinand.de\\\/index.php\\\/2025\\\/08\\\/14\\\/bentley-batur-cabriolet-mulliner\\\/\",\"name\":\"Bentley Batur Cabriolet \u201eMulliner\u201c\",\"isPartOf\":{\"@id\":\"https:\\\/\\\/www.enzo-und-ferdinand.de\\\/#website\"},\"primaryImageOfPage\":{\"@id\":\"https:\\\/\\\/www.enzo-und-ferdinand.de\\\/index.php\\\/2025\\\/08\\\/14\\\/bentley-batur-cabriolet-mulliner\\\/#primaryimage\"},\"image\":{\"@id\":\"https:\\\/\\\/www.enzo-und-ferdinand.de\\\/index.php\\\/2025\\\/08\\\/14\\\/bentley-batur-cabriolet-mulliner\\\/#primaryimage\"},\"thumbnailUrl\":\"https:\\\/\\\/www.enzo-und-ferdinand.de\\\/wp-content\\\/uploads\\\/2025\\\/08\\\/First-Customer-Batur-Convertible-Complete-1.jpg\",\"datePublished\":\"2025-08-14T07:16:23+00:00\",\"dateModified\":\"2025-08-14T07:16:25+00:00\",\"description\":\"Rainer Ro\u00dfbach Rainer Rossbach enzo-und-ferdinand enzo&ferdinand Enzo Bentley Batur Cabriolet Mulliner Unikat Zweisitzer 740 PS W12 fahrerorientiertes Cockpit Leinenleder Alcantara Titan Gep\u00e4ckset\",\"breadcrumb\":{\"@id\":\"https:\\\/\\\/www.enzo-und-ferdinand.de\\\/index.php\\\/2025\\\/08\\\/14\\\/bentley-batur-cabriolet-mulliner\\\/#breadcrumb\"},\"inLanguage\":\"de\",\"potentialAction\":[{\"@type\":\"ReadAction\",\"target\":[\"https:\\\/\\\/www.enzo-und-ferdinand.de\\\/index.php\\\/2025\\\/08\\\/14\\\/bentley-batur-cabriolet-mulliner\\\/\"]}]},{\"@type\":\"ImageObject\",\"inLanguage\":\"de\",\"@id\":\"https:\\\/\\\/www.enzo-und-ferdinand.de\\\/index.php\\\/2025\\\/08\\\/14\\\/bentley-batur-cabriolet-mulliner\\\/#primaryimage\",\"url\":\"https:\\\/\\\/www.enzo-und-ferdinand.de\\\/wp-content\\\/uploads\\\/2025\\\/08\\\/First-Customer-Batur-Convertible-Complete-1.jpg\",\"contentUrl\":\"https:\\\/\\\/www.enzo-und-ferdinand.de\\\/wp-content\\\/uploads\\\/2025\\\/08\\\/First-Customer-Batur-Convertible-Complete-1.jpg\",\"width\":1500,\"height\":1000,\"caption\":\"Bentley Batur Cabriolet \u201eMulliner\u201c\"},{\"@type\":\"BreadcrumbList\",\"@id\":\"https:\\\/\\\/www.enzo-und-ferdinand.de\\\/index.php\\\/2025\\\/08\\\/14\\\/bentley-batur-cabriolet-mulliner\\\/#breadcrumb\",\"itemListElement\":[{\"@type\":\"ListItem\",\"position\":1,\"name\":\"Startseite\",\"item\":\"https:\\\/\\\/www.enzo-und-ferdinand.de\\\/\"},{\"@type\":\"ListItem\",\"position\":2,\"name\":\"Bentley Batur Cabriolet \u201eMulliner\u201c\"}]},{\"@type\":\"WebSite\",\"@id\":\"https:\\\/\\\/www.enzo-und-ferdinand.de\\\/#website\",\"url\":\"https:\\\/\\\/www.enzo-und-ferdinand.de\\\/\",\"name\":\"enzo & Ferdinand\",\"description\":\"\",\"publisher\":{\"@id\":\"https:\\\/\\\/www.enzo-und-ferdinand.de\\\/#organization\"},\"potentialAction\":[{\"@type\":\"SearchAction\",\"target\":{\"@type\":\"EntryPoint\",\"urlTemplate\":\"https:\\\/\\\/www.enzo-und-ferdinand.de\\\/?s={search_term_string}\"},\"query-input\":{\"@type\":\"PropertyValueSpecification\",\"valueRequired\":true,\"valueName\":\"search_term_string\"}}],\"inLanguage\":\"de\"},{\"@type\":\"Organization\",\"@id\":\"https:\\\/\\\/www.enzo-und-ferdinand.de\\\/#organization\",\"name\":\"enzo & Ferdinand\",\"url\":\"https:\\\/\\\/www.enzo-und-ferdinand.de\\\/\",\"logo\":{\"@type\":\"ImageObject\",\"inLanguage\":\"de\",\"@id\":\"https:\\\/\\\/www.enzo-und-ferdinand.de\\\/#\\\/schema\\\/logo\\\/image\\\/\",\"url\":\"https:\\\/\\\/www.enzo-und-ferdinand.de\\\/wp-content\\\/uploads\\\/2018\\\/12\\\/revvvs-icon.png\",\"contentUrl\":\"https:\\\/\\\/www.enzo-und-ferdinand.de\\\/wp-content\\\/uploads\\\/2018\\\/12\\\/revvvs-icon.png\",\"width\":512,\"height\":512,\"caption\":\"enzo & Ferdinand\"},\"image\":{\"@id\":\"https:\\\/\\\/www.enzo-und-ferdinand.de\\\/#\\\/schema\\\/logo\\\/image\\\/\"}},{\"@type\":\"Person\",\"@id\":\"https:\\\/\\\/www.enzo-und-ferdinand.de\\\/#\\\/schema\\\/person\\\/aff2eb9ff87705987c1b9d21fe10b095\",\"name\":\"Rainer Ro\u00dfbach\",\"image\":{\"@type\":\"ImageObject\",\"inLanguage\":\"de\",\"@id\":\"https:\\\/\\\/www.enzo-und-ferdinand.de\\\/wp-content\\\/uploads\\\/2026\\\/01\\\/Rainer-Rossbach-150x150.jpg\",\"url\":\"https:\\\/\\\/www.enzo-und-ferdinand.de\\\/wp-content\\\/uploads\\\/2026\\\/01\\\/Rainer-Rossbach-150x150.jpg\",\"contentUrl\":\"https:\\\/\\\/www.enzo-und-ferdinand.de\\\/wp-content\\\/uploads\\\/2026\\\/01\\\/Rainer-Rossbach-150x150.jpg\",\"caption\":\"Rainer Ro\u00dfbach\"},\"url\":\"https:\\\/\\\/www.enzo-und-ferdinand.de\\\/index.php\\\/author\\\/redaktion\\\/\"}]}<\/script>\n<!-- \/ Yoast SEO plugin. -->","yoast_head_json":{"title":"Bentley Batur Cabriolet \u201eMulliner\u201c","description":"Rainer Ro\u00dfbach Rainer Rossbach enzo-und-ferdinand enzo&ferdinand Enzo Bentley Batur Cabriolet Mulliner Unikat Zweisitzer 740 PS W12 fahrerorientiertes Cockpit Leinenleder Alcantara Titan Gep\u00e4ckset","robots":{"index":"index","follow":"follow","max-snippet":"max-snippet:-1","max-image-preview":"max-image-preview:large","max-video-preview":"max-video-preview:-1"},"canonical":"https:\/\/www.enzo-und-ferdinand.de\/index.php\/2025\/08\/14\/bentley-batur-cabriolet-mulliner\/","og_locale":"de_DE","og_type":"article","og_title":"Bentley Batur Cabriolet \u201eMulliner\u201c","og_description":"Rainer Ro\u00dfbach Rainer Rossbach enzo-und-ferdinand enzo&ferdinand Enzo Bentley Batur Cabriolet Mulliner Unikat Zweisitzer 740 PS W12 fahrerorientiertes Cockpit Leinenleder Alcantara Titan Gep\u00e4ckset","og_url":"https:\/\/www.enzo-und-ferdinand.de\/index.php\/2025\/08\/14\/bentley-batur-cabriolet-mulliner\/","og_site_name":"enzo &amp; Ferdinand","article_published_time":"2025-08-14T07:16:23+00:00","article_modified_time":"2025-08-14T07:16:25+00:00","og_image":[{"width":1500,"height":1000,"url":"https:\/\/www.enzo-und-ferdinand.de\/wp-content\/uploads\/2025\/08\/First-Customer-Batur-Convertible-Complete-1.jpg","type":"image\/jpeg"}],"author":"Rainer Ro\u00dfbach","twitter_card":"summary_large_image","twitter_misc":{"Verfasst von":"Rainer Ro\u00dfbach","Gesch\u00e4tzte Lesezeit":"2\u00a0Minuten"},"schema":{"@context":"https:\/\/schema.org","@graph":[{"@type":"Article","@id":"https:\/\/www.enzo-und-ferdinand.de\/index.php\/2025\/08\/14\/bentley-batur-cabriolet-mulliner\/#article","isPartOf":{"@id":"https:\/\/www.enzo-und-ferdinand.de\/index.php\/2025\/08\/14\/bentley-batur-cabriolet-mulliner\/"},"author":{"name":"Rainer Ro\u00dfbach","@id":"https:\/\/www.enzo-und-ferdinand.de\/#\/schema\/person\/aff2eb9ff87705987c1b9d21fe10b095"},"headline":"Bentley Batur Cabriolet \u201eMulliner\u201c","datePublished":"2025-08-14T07:16:23+00:00","dateModified":"2025-08-14T07:16:25+00:00","mainEntityOfPage":{"@id":"https:\/\/www.enzo-und-ferdinand.de\/index.php\/2025\/08\/14\/bentley-batur-cabriolet-mulliner\/"},"wordCount":342,"publisher":{"@id":"https:\/\/www.enzo-und-ferdinand.de\/#organization"},"image":{"@id":"https:\/\/www.enzo-und-ferdinand.de\/index.php\/2025\/08\/14\/bentley-batur-cabriolet-mulliner\/#primaryimage"},"thumbnailUrl":"https:\/\/www.enzo-und-ferdinand.de\/wp-content\/uploads\/2025\/08\/First-Customer-Batur-Convertible-Complete-1.jpg","keywords":["Bentley"],"articleSection":["Unikate"],"inLanguage":"de"},{"@type":"WebPage","@id":"https:\/\/www.enzo-und-ferdinand.de\/index.php\/2025\/08\/14\/bentley-batur-cabriolet-mulliner\/","url":"https:\/\/www.enzo-und-ferdinand.de\/index.php\/2025\/08\/14\/bentley-batur-cabriolet-mulliner\/","name":"Bentley Batur Cabriolet \u201eMulliner\u201c","isPartOf":{"@id":"https:\/\/www.enzo-und-ferdinand.de\/#website"},"primaryImageOfPage":{"@id":"https:\/\/www.enzo-und-ferdinand.de\/index.php\/2025\/08\/14\/bentley-batur-cabriolet-mulliner\/#primaryimage"},"image":{"@id":"https:\/\/www.enzo-und-ferdinand.de\/index.php\/2025\/08\/14\/bentley-batur-cabriolet-mulliner\/#primaryimage"},"thumbnailUrl":"https:\/\/www.enzo-und-ferdinand.de\/wp-content\/uploads\/2025\/08\/First-Customer-Batur-Convertible-Complete-1.jpg","datePublished":"2025-08-14T07:16:23+00:00","dateModified":"2025-08-14T07:16:25+00:00","description":"Rainer Ro\u00dfbach Rainer Rossbach enzo-und-ferdinand enzo&ferdinand Enzo Bentley Batur Cabriolet Mulliner Unikat Zweisitzer 740 PS W12 fahrerorientiertes Cockpit Leinenleder Alcantara Titan Gep\u00e4ckset","breadcrumb":{"@id":"https:\/\/www.enzo-und-ferdinand.de\/index.php\/2025\/08\/14\/bentley-batur-cabriolet-mulliner\/#breadcrumb"},"inLanguage":"de","potentialAction":[{"@type":"ReadAction","target":["https:\/\/www.enzo-und-ferdinand.de\/index.php\/2025\/08\/14\/bentley-batur-cabriolet-mulliner\/"]}]},{"@type":"ImageObject","inLanguage":"de","@id":"https:\/\/www.enzo-und-ferdinand.de\/index.php\/2025\/08\/14\/bentley-batur-cabriolet-mulliner\/#primaryimage","url":"https:\/\/www.enzo-und-ferdinand.de\/wp-content\/uploads\/2025\/08\/First-Customer-Batur-Convertible-Complete-1.jpg","contentUrl":"https:\/\/www.enzo-und-ferdinand.de\/wp-content\/uploads\/2025\/08\/First-Customer-Batur-Convertible-Complete-1.jpg","width":1500,"height":1000,"caption":"Bentley Batur Cabriolet \u201eMulliner\u201c"},{"@type":"BreadcrumbList","@id":"https:\/\/www.enzo-und-ferdinand.de\/index.php\/2025\/08\/14\/bentley-batur-cabriolet-mulliner\/#breadcrumb","itemListElement":[{"@type":"ListItem","position":1,"name":"Startseite","item":"https:\/\/www.enzo-und-ferdinand.de\/"},{"@type":"ListItem","position":2,"name":"Bentley Batur Cabriolet \u201eMulliner\u201c"}]},{"@type":"WebSite","@id":"https:\/\/www.enzo-und-ferdinand.de\/#website","url":"https:\/\/www.enzo-und-ferdinand.de\/","name":"enzo & Ferdinand","description":"","publisher":{"@id":"https:\/\/www.enzo-und-ferdinand.de\/#organization"},"potentialAction":[{"@type":"SearchAction","target":{"@type":"EntryPoint","urlTemplate":"https:\/\/www.enzo-und-ferdinand.de\/?s={search_term_string}"},"query-input":{"@type":"PropertyValueSpecification","valueRequired":true,"valueName":"search_term_string"}}],"inLanguage":"de"},{"@type":"Organization","@id":"https:\/\/www.enzo-und-ferdinand.de\/#organization","name":"enzo & Ferdinand","url":"https:\/\/www.enzo-und-ferdinand.de\/","logo":{"@type":"ImageObject","inLanguage":"de","@id":"https:\/\/www.enzo-und-ferdinand.de\/#\/schema\/logo\/image\/","url":"https:\/\/www.enzo-und-ferdinand.de\/wp-content\/uploads\/2018\/12\/revvvs-icon.png","contentUrl":"https:\/\/www.enzo-und-ferdinand.de\/wp-content\/uploads\/2018\/12\/revvvs-icon.png","width":512,"height":512,"caption":"enzo & Ferdinand"},"image":{"@id":"https:\/\/www.enzo-und-ferdinand.de\/#\/schema\/logo\/image\/"}},{"@type":"Person","@id":"https:\/\/www.enzo-und-ferdinand.de\/#\/schema\/person\/aff2eb9ff87705987c1b9d21fe10b095","name":"Rainer Ro\u00dfbach","image":{"@type":"ImageObject","inLanguage":"de","@id":"https:\/\/www.enzo-und-ferdinand.de\/wp-content\/uploads\/2026\/01\/Rainer-Rossbach-150x150.jpg","url":"https:\/\/www.enzo-und-ferdinand.de\/wp-content\/uploads\/2026\/01\/Rainer-Rossbach-150x150.jpg","contentUrl":"https:\/\/www.enzo-und-ferdinand.de\/wp-content\/uploads\/2026\/01\/Rainer-Rossbach-150x150.jpg","caption":"Rainer Ro\u00dfbach"},"url":"https:\/\/www.enzo-und-ferdinand.de\/index.php\/author\/redaktion\/"}]}},"_links":{"self":[{"href":"https:\/\/www.enzo-und-ferdinand.de\/index.php\/wp-json\/wp\/v2\/posts\/20822","targetHints":{"allow":["GET"]}}],"collection":[{"href":"https:\/\/www.enzo-und-ferdinand.de\/index.php\/wp-json\/wp\/v2\/posts"}],"about":[{"href":"https:\/\/www.enzo-und-ferdinand.de\/index.php\/wp-json\/wp\/v2\/types\/post"}],"author":[{"embeddable":true,"href":"https:\/\/www.enzo-und-ferdinand.de\/index.php\/wp-json\/wp\/v2\/users\/1"}],"replies":[{"embeddable":true,"href":"https:\/\/www.enzo-und-ferdinand.de\/index.php\/wp-json\/wp\/v2\/comments?post=20822"}],"version-history":[{"count":3,"href":"https:\/\/www.enzo-und-ferdinand.de\/index.php\/wp-json\/wp\/v2\/posts\/20822\/revisions"}],"predecessor-version":[{"id":20831,"href":"https:\/\/www.enzo-und-ferdinand.de\/index.php\/wp-json\/wp\/v2\/posts\/20822\/revisions\/20831"}],"wp:featuredmedia":[{"embeddable":true,"href":"https:\/\/www.enzo-und-ferdinand.de\/index.php\/wp-json\/wp\/v2\/media\/20825"}],"wp:attachment":[{"href":"https:\/\/www.enzo-und-ferdinand.de\/index.php\/wp-json\/wp\/v2\/media?parent=20822"}],"wp:term":[{"taxonomy":"category","embeddable":true,"href":"https:\/\/www.enzo-und-ferdinand.de\/index.php\/wp-json\/wp\/v2\/categories?post=20822"},{"taxonomy":"post_tag","embeddable":true,"href":"https:\/\/www.enzo-und-ferdinand.de\/index.php\/wp-json\/wp\/v2\/tags?post=20822"}],"curies":[{"name":"wp","href":"https:\/\/api.w.org\/{rel}","templated":true}]}}