{"id":20861,"date":"2025-08-20T09:35:37","date_gmt":"2025-08-20T07:35:37","guid":{"rendered":"https:\/\/www.enzo-und-ferdinand.de\/?p=20861"},"modified":"2025-08-20T09:35:39","modified_gmt":"2025-08-20T07:35:39","slug":"gmsv-s1-lm-gmsv-le-mans-gtr","status":"publish","type":"post","link":"https:\/\/www.enzo-und-ferdinand.de\/index.php\/2025\/08\/20\/gmsv-s1-lm-gmsv-le-mans-gtr\/","title":{"rendered":"GMSV S1 LM \/ GMSV Le Mans GTR"},"content":{"rendered":"\n<figure class=\"wp-block-gallery has-nested-images columns-2 is-cropped wp-block-gallery-1 is-layout-flex wp-block-gallery-is-layout-flex\">\n<figure class=\"wp-block-image size-large\"><img loading=\"lazy\" decoding=\"async\" width=\"810\" height=\"540\" data-id=\"20876\" src=\"https:\/\/www.enzo-und-ferdinand.de\/wp-content\/uploads\/2025\/08\/10_GMSV_-S1LM_Plan_1-810x540.jpg\" alt=\"GMSV S1LM\" class=\"wp-image-20876\" srcset=\"https:\/\/www.enzo-und-ferdinand.de\/wp-content\/uploads\/2025\/08\/10_GMSV_-S1LM_Plan_1-810x540.jpg 810w, https:\/\/www.enzo-und-ferdinand.de\/wp-content\/uploads\/2025\/08\/10_GMSV_-S1LM_Plan_1-300x200.jpg 300w, https:\/\/www.enzo-und-ferdinand.de\/wp-content\/uploads\/2025\/08\/10_GMSV_-S1LM_Plan_1-768x512.jpg 768w, https:\/\/www.enzo-und-ferdinand.de\/wp-content\/uploads\/2025\/08\/10_GMSV_-S1LM_Plan_1-120x80.jpg 120w, https:\/\/www.enzo-und-ferdinand.de\/wp-content\/uploads\/2025\/08\/10_GMSV_-S1LM_Plan_1.jpg 1500w\" sizes=\"auto, (max-width: 810px) 100vw, 810px\" \/><figcaption class=\"wp-element-caption\">GMSV S1 LM<\/figcaption><\/figure>\n\n\n\n<figure class=\"wp-block-image size-large\"><img loading=\"lazy\" decoding=\"async\" width=\"810\" height=\"540\" data-id=\"20875\" src=\"https:\/\/www.enzo-und-ferdinand.de\/wp-content\/uploads\/2025\/08\/7_GMSV_-S1LM_Angled_1-810x540.jpg\" alt=\"GMSV S1LM\" class=\"wp-image-20875\" srcset=\"https:\/\/www.enzo-und-ferdinand.de\/wp-content\/uploads\/2025\/08\/7_GMSV_-S1LM_Angled_1-810x540.jpg 810w, https:\/\/www.enzo-und-ferdinand.de\/wp-content\/uploads\/2025\/08\/7_GMSV_-S1LM_Angled_1-300x200.jpg 300w, https:\/\/www.enzo-und-ferdinand.de\/wp-content\/uploads\/2025\/08\/7_GMSV_-S1LM_Angled_1-768x512.jpg 768w, https:\/\/www.enzo-und-ferdinand.de\/wp-content\/uploads\/2025\/08\/7_GMSV_-S1LM_Angled_1-120x80.jpg 120w, https:\/\/www.enzo-und-ferdinand.de\/wp-content\/uploads\/2025\/08\/7_GMSV_-S1LM_Angled_1.jpg 1500w\" sizes=\"auto, (max-width: 810px) 100vw, 810px\" \/><figcaption class=\"wp-element-caption\">GMSV S1 LM<\/figcaption><\/figure>\n\n\n\n<figure class=\"wp-block-image size-large\"><img loading=\"lazy\" decoding=\"async\" width=\"810\" height=\"540\" data-id=\"20866\" src=\"https:\/\/www.enzo-und-ferdinand.de\/wp-content\/uploads\/2025\/08\/GMSV_-S1LM_7-810x540.jpg\" alt=\"GMSV S1LM\" class=\"wp-image-20866\" srcset=\"https:\/\/www.enzo-und-ferdinand.de\/wp-content\/uploads\/2025\/08\/GMSV_-S1LM_7-810x540.jpg 810w, https:\/\/www.enzo-und-ferdinand.de\/wp-content\/uploads\/2025\/08\/GMSV_-S1LM_7-300x200.jpg 300w, https:\/\/www.enzo-und-ferdinand.de\/wp-content\/uploads\/2025\/08\/GMSV_-S1LM_7-768x512.jpg 768w, https:\/\/www.enzo-und-ferdinand.de\/wp-content\/uploads\/2025\/08\/GMSV_-S1LM_7-120x80.jpg 120w, https:\/\/www.enzo-und-ferdinand.de\/wp-content\/uploads\/2025\/08\/GMSV_-S1LM_7.jpg 1500w\" sizes=\"auto, (max-width: 810px) 100vw, 810px\" \/><figcaption class=\"wp-element-caption\">GMSV S1 LM<\/figcaption><\/figure>\n\n\n\n<figure class=\"wp-block-image size-large\"><img loading=\"lazy\" decoding=\"async\" width=\"810\" height=\"540\" data-id=\"20868\" src=\"https:\/\/www.enzo-und-ferdinand.de\/wp-content\/uploads\/2025\/08\/GMSV_-S1LM_5-810x540.jpg\" alt=\"GMSV S1LM\" class=\"wp-image-20868\" srcset=\"https:\/\/www.enzo-und-ferdinand.de\/wp-content\/uploads\/2025\/08\/GMSV_-S1LM_5-810x540.jpg 810w, https:\/\/www.enzo-und-ferdinand.de\/wp-content\/uploads\/2025\/08\/GMSV_-S1LM_5-300x200.jpg 300w, https:\/\/www.enzo-und-ferdinand.de\/wp-content\/uploads\/2025\/08\/GMSV_-S1LM_5-768x512.jpg 768w, https:\/\/www.enzo-und-ferdinand.de\/wp-content\/uploads\/2025\/08\/GMSV_-S1LM_5-120x80.jpg 120w, https:\/\/www.enzo-und-ferdinand.de\/wp-content\/uploads\/2025\/08\/GMSV_-S1LM_5.jpg 1500w\" sizes=\"auto, (max-width: 810px) 100vw, 810px\" \/><figcaption class=\"wp-element-caption\">GMSV S1 LM<\/figcaption><\/figure>\n\n\n\n<figure class=\"wp-block-image size-large\"><img loading=\"lazy\" decoding=\"async\" width=\"810\" height=\"455\" data-id=\"20871\" src=\"https:\/\/www.enzo-und-ferdinand.de\/wp-content\/uploads\/2025\/08\/GMSV_-S1LM_1.jp3_-810x455.jpg\" alt=\"GMSV S1LM\" class=\"wp-image-20871\" srcset=\"https:\/\/www.enzo-und-ferdinand.de\/wp-content\/uploads\/2025\/08\/GMSV_-S1LM_1.jp3_-810x455.jpg 810w, https:\/\/www.enzo-und-ferdinand.de\/wp-content\/uploads\/2025\/08\/GMSV_-S1LM_1.jp3_-300x169.jpg 300w, https:\/\/www.enzo-und-ferdinand.de\/wp-content\/uploads\/2025\/08\/GMSV_-S1LM_1.jp3_-768x432.jpg 768w, https:\/\/www.enzo-und-ferdinand.de\/wp-content\/uploads\/2025\/08\/GMSV_-S1LM_1.jp3_.jpg 1500w\" sizes=\"auto, (max-width: 810px) 100vw, 810px\" \/><figcaption class=\"wp-element-caption\">GMSV S1 LM<\/figcaption><\/figure>\n\n\n\n<figure class=\"wp-block-image size-large\"><img loading=\"lazy\" decoding=\"async\" width=\"810\" height=\"455\" data-id=\"20869\" src=\"https:\/\/www.enzo-und-ferdinand.de\/wp-content\/uploads\/2025\/08\/GMSV_-S1LM_1.jp2_-810x455.jpg\" alt=\"GMSV S1LM\" class=\"wp-image-20869\" srcset=\"https:\/\/www.enzo-und-ferdinand.de\/wp-content\/uploads\/2025\/08\/GMSV_-S1LM_1.jp2_-810x455.jpg 810w, https:\/\/www.enzo-und-ferdinand.de\/wp-content\/uploads\/2025\/08\/GMSV_-S1LM_1.jp2_-300x169.jpg 300w, https:\/\/www.enzo-und-ferdinand.de\/wp-content\/uploads\/2025\/08\/GMSV_-S1LM_1.jp2_-768x432.jpg 768w, https:\/\/www.enzo-und-ferdinand.de\/wp-content\/uploads\/2025\/08\/GMSV_-S1LM_1.jp2_.jpg 1500w\" sizes=\"auto, (max-width: 810px) 100vw, 810px\" \/><figcaption class=\"wp-element-caption\">GMSV S1 LM<\/figcaption><\/figure>\n\n\n\n<figure class=\"wp-block-image size-large\"><img loading=\"lazy\" decoding=\"async\" width=\"810\" height=\"540\" data-id=\"20867\" src=\"https:\/\/www.enzo-und-ferdinand.de\/wp-content\/uploads\/2025\/08\/GMSV_-S1LM_6-810x540.jpg\" alt=\"GMSV S1LM\" class=\"wp-image-20867\" srcset=\"https:\/\/www.enzo-und-ferdinand.de\/wp-content\/uploads\/2025\/08\/GMSV_-S1LM_6-810x540.jpg 810w, https:\/\/www.enzo-und-ferdinand.de\/wp-content\/uploads\/2025\/08\/GMSV_-S1LM_6-300x200.jpg 300w, https:\/\/www.enzo-und-ferdinand.de\/wp-content\/uploads\/2025\/08\/GMSV_-S1LM_6-768x512.jpg 768w, https:\/\/www.enzo-und-ferdinand.de\/wp-content\/uploads\/2025\/08\/GMSV_-S1LM_6-120x80.jpg 120w, https:\/\/www.enzo-und-ferdinand.de\/wp-content\/uploads\/2025\/08\/GMSV_-S1LM_6.jpg 1500w\" sizes=\"auto, (max-width: 810px) 100vw, 810px\" \/><figcaption class=\"wp-element-caption\">GMSV S1 LM<\/figcaption><\/figure>\n<\/figure>\n\n\n\n<p class=\"wp-block-paragraph\">Gordon Murray Special Vehicles (GMSV), zelebriert das Erbe von Formel 1- und McLaren GT1- Designer Gordon Murray und fokussiert sich auf ma\u00dfgeschneiderte Sport- und Supersportwagen mit fahrerorientiertem Design. Die Briten haben auf der Monterey Car Week in Kalifornien mit zwei Supersportwagen, die das Erbe von Le Mans&nbsp; feiern, ihre ersten beiden Modelle vorgestellt. Es sind, entsprechend der Firmenphilosophie, limitierte Sondereditionen wie auch verfeinerte Rekreationen als Antwort auf die Nachfrage von Enthusiasten und Sammlern, die nach einzigartigen Fahrzeugen suchen.<\/p>\n\n\n\n<p class=\"wp-block-paragraph\">Da ist zum einen der Der GMSV S1 LM. Der ganz in der Tradition des McLaren GT1 steht, der 1995 die 24 Stunden von Le Mans gewinnen konnte.. Das zeitlose Design ist eine Hommage an die Sch\u00f6nheit von Murrays originalem Le-Mans-Siegerwagen mit ausgepr\u00e4gten aerodynamischen Elementen f\u00fcr hohen Abtrieb. Der Schwerpunkt dieses Projekts lag&nbsp; auf Exklusivit\u00e4t, R\u00fcckkehr zur Sch\u00f6nheit, Ingenieurskunst, Leichtbau und Fahrperfektion.<\/p>\n\n\n\n<p class=\"wp-block-paragraph\">Der GMSV \u201eLe Mans GTR\u201d ist gleichfalls vom Le Mans-GT 1 Langheck inspiriert, nimmt aber auch die Einfl\u00fcsse anderer Le Mans-Spezialkarosserien der 1970er, 80er und 90er Jahre auf. Ikonen wie der Matra-Simca MS660, der Porsche 917 Langheck und der Alfa Romeo Tipo 33\/3 \u201eCoda Longa\u201c tragen mit ihrer Charakteristik, ihrer leistungsorientierten Aerodynamik und ihrer unverwechselbaren Designsprache dazu bei, dem Modelle seinen spezifischen Charakter zu verleihen.<\/p>\n\n\n\n<figure class=\"wp-block-gallery has-nested-images columns-2 is-cropped wp-block-gallery-2 is-layout-flex wp-block-gallery-is-layout-flex\">\n<figure class=\"wp-block-image size-large\"><img loading=\"lazy\" decoding=\"async\" width=\"810\" height=\"456\" data-id=\"20874\" src=\"https:\/\/www.enzo-und-ferdinand.de\/wp-content\/uploads\/2025\/08\/GMSV_-LeMansGTR-_1-810x456.jpg\" alt=\"GMSV Le Mans GTR\" class=\"wp-image-20874\" srcset=\"https:\/\/www.enzo-und-ferdinand.de\/wp-content\/uploads\/2025\/08\/GMSV_-LeMansGTR-_1-810x456.jpg 810w, https:\/\/www.enzo-und-ferdinand.de\/wp-content\/uploads\/2025\/08\/GMSV_-LeMansGTR-_1-300x169.jpg 300w, https:\/\/www.enzo-und-ferdinand.de\/wp-content\/uploads\/2025\/08\/GMSV_-LeMansGTR-_1-768x432.jpg 768w, https:\/\/www.enzo-und-ferdinand.de\/wp-content\/uploads\/2025\/08\/GMSV_-LeMansGTR-_1.jpg 1500w\" sizes=\"auto, (max-width: 810px) 100vw, 810px\" \/><figcaption class=\"wp-element-caption\">GMSV  Le Mans GTR<\/figcaption><\/figure>\n\n\n\n<figure class=\"wp-block-image size-large\"><img loading=\"lazy\" decoding=\"async\" width=\"810\" height=\"456\" data-id=\"20873\" src=\"https:\/\/www.enzo-und-ferdinand.de\/wp-content\/uploads\/2025\/08\/GMSV_-LeMansGTR-2-810x456.jpg\" alt=\"GMSV Le Mans GTR\" class=\"wp-image-20873\" srcset=\"https:\/\/www.enzo-und-ferdinand.de\/wp-content\/uploads\/2025\/08\/GMSV_-LeMansGTR-2-810x456.jpg 810w, https:\/\/www.enzo-und-ferdinand.de\/wp-content\/uploads\/2025\/08\/GMSV_-LeMansGTR-2-300x169.jpg 300w, https:\/\/www.enzo-und-ferdinand.de\/wp-content\/uploads\/2025\/08\/GMSV_-LeMansGTR-2-768x432.jpg 768w, https:\/\/www.enzo-und-ferdinand.de\/wp-content\/uploads\/2025\/08\/GMSV_-LeMansGTR-2.jpg 1500w\" sizes=\"auto, (max-width: 810px) 100vw, 810px\" \/><figcaption class=\"wp-element-caption\">GMSV  Le Mans GTR<\/figcaption><\/figure>\n\n\n\n<figure class=\"wp-block-image size-large\"><img loading=\"lazy\" decoding=\"async\" width=\"810\" height=\"540\" data-id=\"20865\" src=\"https:\/\/www.enzo-und-ferdinand.de\/wp-content\/uploads\/2025\/08\/GMSV_-LeMansGTR5-810x540.jpg\" alt=\"GMSV Le Mans GTR\" class=\"wp-image-20865\" srcset=\"https:\/\/www.enzo-und-ferdinand.de\/wp-content\/uploads\/2025\/08\/GMSV_-LeMansGTR5-810x540.jpg 810w, https:\/\/www.enzo-und-ferdinand.de\/wp-content\/uploads\/2025\/08\/GMSV_-LeMansGTR5-300x200.jpg 300w, https:\/\/www.enzo-und-ferdinand.de\/wp-content\/uploads\/2025\/08\/GMSV_-LeMansGTR5-768x512.jpg 768w, https:\/\/www.enzo-und-ferdinand.de\/wp-content\/uploads\/2025\/08\/GMSV_-LeMansGTR5-120x80.jpg 120w, https:\/\/www.enzo-und-ferdinand.de\/wp-content\/uploads\/2025\/08\/GMSV_-LeMansGTR5.jpg 1500w\" sizes=\"auto, (max-width: 810px) 100vw, 810px\" \/><figcaption class=\"wp-element-caption\">GMSV  Le Mans GTR<\/figcaption><\/figure>\n\n\n\n<figure class=\"wp-block-image size-large\"><img loading=\"lazy\" decoding=\"async\" width=\"810\" height=\"540\" data-id=\"20863\" src=\"https:\/\/www.enzo-und-ferdinand.de\/wp-content\/uploads\/2025\/08\/GMSV_-LeMansGTR-3-810x540.jpg\" alt=\"GMSV Le Mans GTR\" class=\"wp-image-20863\" srcset=\"https:\/\/www.enzo-und-ferdinand.de\/wp-content\/uploads\/2025\/08\/GMSV_-LeMansGTR-3-810x540.jpg 810w, https:\/\/www.enzo-und-ferdinand.de\/wp-content\/uploads\/2025\/08\/GMSV_-LeMansGTR-3-300x200.jpg 300w, https:\/\/www.enzo-und-ferdinand.de\/wp-content\/uploads\/2025\/08\/GMSV_-LeMansGTR-3-768x512.jpg 768w, https:\/\/www.enzo-und-ferdinand.de\/wp-content\/uploads\/2025\/08\/GMSV_-LeMansGTR-3-120x80.jpg 120w, https:\/\/www.enzo-und-ferdinand.de\/wp-content\/uploads\/2025\/08\/GMSV_-LeMansGTR-3.jpg 1500w\" sizes=\"auto, (max-width: 810px) 100vw, 810px\" \/><figcaption class=\"wp-element-caption\">GMSV  Le Mans GTR<\/figcaption><\/figure>\n\n\n\n<figure class=\"wp-block-image size-large\"><img loading=\"lazy\" decoding=\"async\" width=\"810\" height=\"540\" data-id=\"20864\" src=\"https:\/\/www.enzo-und-ferdinand.de\/wp-content\/uploads\/2025\/08\/GMSV_-LeMansGTR_4-810x540.jpg\" alt=\"GMSV Le Mans GTR\" class=\"wp-image-20864\" srcset=\"https:\/\/www.enzo-und-ferdinand.de\/wp-content\/uploads\/2025\/08\/GMSV_-LeMansGTR_4-810x540.jpg 810w, https:\/\/www.enzo-und-ferdinand.de\/wp-content\/uploads\/2025\/08\/GMSV_-LeMansGTR_4-300x200.jpg 300w, https:\/\/www.enzo-und-ferdinand.de\/wp-content\/uploads\/2025\/08\/GMSV_-LeMansGTR_4-768x512.jpg 768w, https:\/\/www.enzo-und-ferdinand.de\/wp-content\/uploads\/2025\/08\/GMSV_-LeMansGTR_4-120x80.jpg 120w, https:\/\/www.enzo-und-ferdinand.de\/wp-content\/uploads\/2025\/08\/GMSV_-LeMansGTR_4.jpg 1500w\" sizes=\"auto, (max-width: 810px) 100vw, 810px\" \/><figcaption class=\"wp-element-caption\">GMSV  Le Mans GTR<\/figcaption><\/figure>\n<\/figure>\n\n\n\n<p class=\"has-text-align-right has-small-font-size wp-block-paragraph\">Fotos: Gordon Murray Special Vehicles (GMSV)\/Text: Rainer Ro\u00dfbach<\/p>\n","protected":false},"excerpt":{"rendered":"<p>Gordon Murray Special Vehicles (GMSV), zelebriert das Erbe von Formel 1- und McLaren GT1- Designer Gordon Murray und fokussiert sich auf ma\u00dfgeschneiderte Sport- und Supersportwagen mit fahrerorientiertem Design. Die Briten haben auf der Monterey Car Week in Kalifornien mit zwei Supersportwagen, die das Erbe von Le Mans\u00a0 feiern, ihre ersten beiden Modelle vorgestellt. Es sind, entsprechend der Firmenphilosophie, limitierte Sondereditionen wie auch verfeinerte Rekreationen als Antwort auf die Nachfrage von Enthusiasten und Sammlern, die nach einzigartigen Fahrzeugen suchen.<\/p>\n","protected":false},"author":1,"featured_media":20872,"comment_status":"closed","ping_status":"open","sticky":false,"template":"","format":"standard","meta":{"_crdt_document":"","ngg_post_thumbnail":0,"footnotes":""},"categories":[665,13,23],"tags":[581,264],"class_list":["post-20861","post","type-post","status-publish","format-standard","has-post-thumbnail","hentry","category-editionen","category-ikonen","category-performance","tag-gordon-murray","tag-mclaren"],"yoast_head":"<!-- This site is optimized with the Yoast SEO plugin v27.5 - https:\/\/yoast.com\/product\/yoast-seo-wordpress\/ -->\n<title>GMSV S1 LM \/ GMSV Le Mans GTR<\/title>\n<meta name=\"description\" content=\"Rainer Ro\u00dfbach Rainer Rossbach enzo-und-ferdinand enzo&amp;ferdinand Enzo GMSV S1 LM GMSV Le Mans GTR Formel 1 McLaren GT1 Gordon Murray Monterey Car Week Le Mans Sondereditionen Recreation Langheck Matra-Simca MS660 Porsche 917 LH Alfa Romeo Tipo 33\/3 Coda Longa\" \/>\n<meta name=\"robots\" content=\"index, follow, max-snippet:-1, max-image-preview:large, max-video-preview:-1\" \/>\n<link rel=\"canonical\" href=\"https:\/\/www.enzo-und-ferdinand.de\/index.php\/2025\/08\/20\/gmsv-s1-lm-gmsv-le-mans-gtr\/\" \/>\n<meta property=\"og:locale\" content=\"de_DE\" \/>\n<meta property=\"og:type\" content=\"article\" \/>\n<meta property=\"og:title\" content=\"GMSV S1 LM \/ GMSV Le Mans GTR\" \/>\n<meta property=\"og:description\" content=\"Rainer Ro\u00dfbach Rainer Rossbach enzo-und-ferdinand enzo&amp;ferdinand Enzo GMSV S1 LM GMSV Le Mans GTR Formel 1 McLaren GT1 Gordon Murray Monterey Car Week Le Mans Sondereditionen Recreation Langheck Matra-Simca MS660 Porsche 917 LH Alfa Romeo Tipo 33\/3 Coda Longa\" \/>\n<meta property=\"og:url\" content=\"https:\/\/www.enzo-und-ferdinand.de\/index.php\/2025\/08\/20\/gmsv-s1-lm-gmsv-le-mans-gtr\/\" \/>\n<meta property=\"og:site_name\" content=\"enzo &amp; Ferdinand\" \/>\n<meta property=\"article:published_time\" content=\"2025-08-20T07:35:37+00:00\" \/>\n<meta property=\"article:modified_time\" content=\"2025-08-20T07:35:39+00:00\" \/>\n<meta property=\"og:image\" content=\"https:\/\/www.enzo-und-ferdinand.de\/wp-content\/uploads\/2025\/08\/GMSV_-S1LM_4.jpg\" \/>\n\t<meta property=\"og:image:width\" content=\"1500\" \/>\n\t<meta property=\"og:image:height\" content=\"1000\" \/>\n\t<meta property=\"og:image:type\" content=\"image\/jpeg\" \/>\n<meta name=\"author\" content=\"Rainer Ro\u00dfbach\" \/>\n<meta name=\"twitter:card\" content=\"summary_large_image\" \/>\n<meta name=\"twitter:label1\" content=\"Verfasst von\" \/>\n\t<meta name=\"twitter:data1\" content=\"Rainer Ro\u00dfbach\" \/>\n\t<meta name=\"twitter:label2\" content=\"Gesch\u00e4tzte Lesezeit\" \/>\n\t<meta name=\"twitter:data2\" content=\"1\u00a0Minute\" \/>\n<script type=\"application\/ld+json\" class=\"yoast-schema-graph\">{\"@context\":\"https:\\\/\\\/schema.org\",\"@graph\":[{\"@type\":\"Article\",\"@id\":\"https:\\\/\\\/www.enzo-und-ferdinand.de\\\/index.php\\\/2025\\\/08\\\/20\\\/gmsv-s1-lm-gmsv-le-mans-gtr\\\/#article\",\"isPartOf\":{\"@id\":\"https:\\\/\\\/www.enzo-und-ferdinand.de\\\/index.php\\\/2025\\\/08\\\/20\\\/gmsv-s1-lm-gmsv-le-mans-gtr\\\/\"},\"author\":{\"name\":\"Rainer Ro\u00dfbach\",\"@id\":\"https:\\\/\\\/www.enzo-und-ferdinand.de\\\/#\\\/schema\\\/person\\\/aff2eb9ff87705987c1b9d21fe10b095\"},\"headline\":\"GMSV S1 LM \\\/ GMSV Le Mans GTR\",\"datePublished\":\"2025-08-20T07:35:37+00:00\",\"dateModified\":\"2025-08-20T07:35:39+00:00\",\"mainEntityOfPage\":{\"@id\":\"https:\\\/\\\/www.enzo-und-ferdinand.de\\\/index.php\\\/2025\\\/08\\\/20\\\/gmsv-s1-lm-gmsv-le-mans-gtr\\\/\"},\"wordCount\":269,\"publisher\":{\"@id\":\"https:\\\/\\\/www.enzo-und-ferdinand.de\\\/#organization\"},\"image\":{\"@id\":\"https:\\\/\\\/www.enzo-und-ferdinand.de\\\/index.php\\\/2025\\\/08\\\/20\\\/gmsv-s1-lm-gmsv-le-mans-gtr\\\/#primaryimage\"},\"thumbnailUrl\":\"https:\\\/\\\/www.enzo-und-ferdinand.de\\\/wp-content\\\/uploads\\\/2025\\\/08\\\/GMSV_-S1LM_4.jpg\",\"keywords\":[\"Gordon Murray\",\"McLaren\"],\"articleSection\":[\"Editionen\",\"Ikonen\",\"Performance\"],\"inLanguage\":\"de\"},{\"@type\":\"WebPage\",\"@id\":\"https:\\\/\\\/www.enzo-und-ferdinand.de\\\/index.php\\\/2025\\\/08\\\/20\\\/gmsv-s1-lm-gmsv-le-mans-gtr\\\/\",\"url\":\"https:\\\/\\\/www.enzo-und-ferdinand.de\\\/index.php\\\/2025\\\/08\\\/20\\\/gmsv-s1-lm-gmsv-le-mans-gtr\\\/\",\"name\":\"GMSV S1 LM \\\/ GMSV Le Mans GTR\",\"isPartOf\":{\"@id\":\"https:\\\/\\\/www.enzo-und-ferdinand.de\\\/#website\"},\"primaryImageOfPage\":{\"@id\":\"https:\\\/\\\/www.enzo-und-ferdinand.de\\\/index.php\\\/2025\\\/08\\\/20\\\/gmsv-s1-lm-gmsv-le-mans-gtr\\\/#primaryimage\"},\"image\":{\"@id\":\"https:\\\/\\\/www.enzo-und-ferdinand.de\\\/index.php\\\/2025\\\/08\\\/20\\\/gmsv-s1-lm-gmsv-le-mans-gtr\\\/#primaryimage\"},\"thumbnailUrl\":\"https:\\\/\\\/www.enzo-und-ferdinand.de\\\/wp-content\\\/uploads\\\/2025\\\/08\\\/GMSV_-S1LM_4.jpg\",\"datePublished\":\"2025-08-20T07:35:37+00:00\",\"dateModified\":\"2025-08-20T07:35:39+00:00\",\"description\":\"Rainer Ro\u00dfbach Rainer Rossbach enzo-und-ferdinand enzo&ferdinand Enzo GMSV S1 LM GMSV Le Mans GTR Formel 1 McLaren GT1 Gordon Murray Monterey Car Week Le Mans Sondereditionen Recreation Langheck Matra-Simca MS660 Porsche 917 LH Alfa Romeo Tipo 33\\\/3 Coda Longa\",\"breadcrumb\":{\"@id\":\"https:\\\/\\\/www.enzo-und-ferdinand.de\\\/index.php\\\/2025\\\/08\\\/20\\\/gmsv-s1-lm-gmsv-le-mans-gtr\\\/#breadcrumb\"},\"inLanguage\":\"de\",\"potentialAction\":[{\"@type\":\"ReadAction\",\"target\":[\"https:\\\/\\\/www.enzo-und-ferdinand.de\\\/index.php\\\/2025\\\/08\\\/20\\\/gmsv-s1-lm-gmsv-le-mans-gtr\\\/\"]}]},{\"@type\":\"ImageObject\",\"inLanguage\":\"de\",\"@id\":\"https:\\\/\\\/www.enzo-und-ferdinand.de\\\/index.php\\\/2025\\\/08\\\/20\\\/gmsv-s1-lm-gmsv-le-mans-gtr\\\/#primaryimage\",\"url\":\"https:\\\/\\\/www.enzo-und-ferdinand.de\\\/wp-content\\\/uploads\\\/2025\\\/08\\\/GMSV_-S1LM_4.jpg\",\"contentUrl\":\"https:\\\/\\\/www.enzo-und-ferdinand.de\\\/wp-content\\\/uploads\\\/2025\\\/08\\\/GMSV_-S1LM_4.jpg\",\"width\":1500,\"height\":1000,\"caption\":\"GMSV S1LM\"},{\"@type\":\"BreadcrumbList\",\"@id\":\"https:\\\/\\\/www.enzo-und-ferdinand.de\\\/index.php\\\/2025\\\/08\\\/20\\\/gmsv-s1-lm-gmsv-le-mans-gtr\\\/#breadcrumb\",\"itemListElement\":[{\"@type\":\"ListItem\",\"position\":1,\"name\":\"Startseite\",\"item\":\"https:\\\/\\\/www.enzo-und-ferdinand.de\\\/\"},{\"@type\":\"ListItem\",\"position\":2,\"name\":\"GMSV S1 LM \\\/ GMSV Le Mans GTR\"}]},{\"@type\":\"WebSite\",\"@id\":\"https:\\\/\\\/www.enzo-und-ferdinand.de\\\/#website\",\"url\":\"https:\\\/\\\/www.enzo-und-ferdinand.de\\\/\",\"name\":\"enzo & Ferdinand\",\"description\":\"\",\"publisher\":{\"@id\":\"https:\\\/\\\/www.enzo-und-ferdinand.de\\\/#organization\"},\"potentialAction\":[{\"@type\":\"SearchAction\",\"target\":{\"@type\":\"EntryPoint\",\"urlTemplate\":\"https:\\\/\\\/www.enzo-und-ferdinand.de\\\/?s={search_term_string}\"},\"query-input\":{\"@type\":\"PropertyValueSpecification\",\"valueRequired\":true,\"valueName\":\"search_term_string\"}}],\"inLanguage\":\"de\"},{\"@type\":\"Organization\",\"@id\":\"https:\\\/\\\/www.enzo-und-ferdinand.de\\\/#organization\",\"name\":\"enzo & Ferdinand\",\"url\":\"https:\\\/\\\/www.enzo-und-ferdinand.de\\\/\",\"logo\":{\"@type\":\"ImageObject\",\"inLanguage\":\"de\",\"@id\":\"https:\\\/\\\/www.enzo-und-ferdinand.de\\\/#\\\/schema\\\/logo\\\/image\\\/\",\"url\":\"https:\\\/\\\/www.enzo-und-ferdinand.de\\\/wp-content\\\/uploads\\\/2018\\\/12\\\/revvvs-icon.png\",\"contentUrl\":\"https:\\\/\\\/www.enzo-und-ferdinand.de\\\/wp-content\\\/uploads\\\/2018\\\/12\\\/revvvs-icon.png\",\"width\":512,\"height\":512,\"caption\":\"enzo & Ferdinand\"},\"image\":{\"@id\":\"https:\\\/\\\/www.enzo-und-ferdinand.de\\\/#\\\/schema\\\/logo\\\/image\\\/\"}},{\"@type\":\"Person\",\"@id\":\"https:\\\/\\\/www.enzo-und-ferdinand.de\\\/#\\\/schema\\\/person\\\/aff2eb9ff87705987c1b9d21fe10b095\",\"name\":\"Rainer Ro\u00dfbach\",\"image\":{\"@type\":\"ImageObject\",\"inLanguage\":\"de\",\"@id\":\"https:\\\/\\\/www.enzo-und-ferdinand.de\\\/wp-content\\\/uploads\\\/2026\\\/01\\\/Rainer-Rossbach-150x150.jpg\",\"url\":\"https:\\\/\\\/www.enzo-und-ferdinand.de\\\/wp-content\\\/uploads\\\/2026\\\/01\\\/Rainer-Rossbach-150x150.jpg\",\"contentUrl\":\"https:\\\/\\\/www.enzo-und-ferdinand.de\\\/wp-content\\\/uploads\\\/2026\\\/01\\\/Rainer-Rossbach-150x150.jpg\",\"caption\":\"Rainer Ro\u00dfbach\"},\"url\":\"https:\\\/\\\/www.enzo-und-ferdinand.de\\\/index.php\\\/author\\\/redaktion\\\/\"}]}<\/script>\n<!-- \/ Yoast SEO plugin. -->","yoast_head_json":{"title":"GMSV S1 LM \/ GMSV Le Mans GTR","description":"Rainer Ro\u00dfbach Rainer Rossbach enzo-und-ferdinand enzo&ferdinand Enzo GMSV S1 LM GMSV Le Mans GTR Formel 1 McLaren GT1 Gordon Murray Monterey Car Week Le Mans Sondereditionen Recreation Langheck Matra-Simca MS660 Porsche 917 LH Alfa Romeo Tipo 33\/3 Coda Longa","robots":{"index":"index","follow":"follow","max-snippet":"max-snippet:-1","max-image-preview":"max-image-preview:large","max-video-preview":"max-video-preview:-1"},"canonical":"https:\/\/www.enzo-und-ferdinand.de\/index.php\/2025\/08\/20\/gmsv-s1-lm-gmsv-le-mans-gtr\/","og_locale":"de_DE","og_type":"article","og_title":"GMSV S1 LM \/ GMSV Le Mans GTR","og_description":"Rainer Ro\u00dfbach Rainer Rossbach enzo-und-ferdinand enzo&ferdinand Enzo GMSV S1 LM GMSV Le Mans GTR Formel 1 McLaren GT1 Gordon Murray Monterey Car Week Le Mans Sondereditionen Recreation Langheck Matra-Simca MS660 Porsche 917 LH Alfa Romeo Tipo 33\/3 Coda Longa","og_url":"https:\/\/www.enzo-und-ferdinand.de\/index.php\/2025\/08\/20\/gmsv-s1-lm-gmsv-le-mans-gtr\/","og_site_name":"enzo &amp; Ferdinand","article_published_time":"2025-08-20T07:35:37+00:00","article_modified_time":"2025-08-20T07:35:39+00:00","og_image":[{"width":1500,"height":1000,"url":"https:\/\/www.enzo-und-ferdinand.de\/wp-content\/uploads\/2025\/08\/GMSV_-S1LM_4.jpg","type":"image\/jpeg"}],"author":"Rainer Ro\u00dfbach","twitter_card":"summary_large_image","twitter_misc":{"Verfasst von":"Rainer Ro\u00dfbach","Gesch\u00e4tzte Lesezeit":"1\u00a0Minute"},"schema":{"@context":"https:\/\/schema.org","@graph":[{"@type":"Article","@id":"https:\/\/www.enzo-und-ferdinand.de\/index.php\/2025\/08\/20\/gmsv-s1-lm-gmsv-le-mans-gtr\/#article","isPartOf":{"@id":"https:\/\/www.enzo-und-ferdinand.de\/index.php\/2025\/08\/20\/gmsv-s1-lm-gmsv-le-mans-gtr\/"},"author":{"name":"Rainer Ro\u00dfbach","@id":"https:\/\/www.enzo-und-ferdinand.de\/#\/schema\/person\/aff2eb9ff87705987c1b9d21fe10b095"},"headline":"GMSV S1 LM \/ GMSV Le Mans GTR","datePublished":"2025-08-20T07:35:37+00:00","dateModified":"2025-08-20T07:35:39+00:00","mainEntityOfPage":{"@id":"https:\/\/www.enzo-und-ferdinand.de\/index.php\/2025\/08\/20\/gmsv-s1-lm-gmsv-le-mans-gtr\/"},"wordCount":269,"publisher":{"@id":"https:\/\/www.enzo-und-ferdinand.de\/#organization"},"image":{"@id":"https:\/\/www.enzo-und-ferdinand.de\/index.php\/2025\/08\/20\/gmsv-s1-lm-gmsv-le-mans-gtr\/#primaryimage"},"thumbnailUrl":"https:\/\/www.enzo-und-ferdinand.de\/wp-content\/uploads\/2025\/08\/GMSV_-S1LM_4.jpg","keywords":["Gordon Murray","McLaren"],"articleSection":["Editionen","Ikonen","Performance"],"inLanguage":"de"},{"@type":"WebPage","@id":"https:\/\/www.enzo-und-ferdinand.de\/index.php\/2025\/08\/20\/gmsv-s1-lm-gmsv-le-mans-gtr\/","url":"https:\/\/www.enzo-und-ferdinand.de\/index.php\/2025\/08\/20\/gmsv-s1-lm-gmsv-le-mans-gtr\/","name":"GMSV S1 LM \/ GMSV Le Mans GTR","isPartOf":{"@id":"https:\/\/www.enzo-und-ferdinand.de\/#website"},"primaryImageOfPage":{"@id":"https:\/\/www.enzo-und-ferdinand.de\/index.php\/2025\/08\/20\/gmsv-s1-lm-gmsv-le-mans-gtr\/#primaryimage"},"image":{"@id":"https:\/\/www.enzo-und-ferdinand.de\/index.php\/2025\/08\/20\/gmsv-s1-lm-gmsv-le-mans-gtr\/#primaryimage"},"thumbnailUrl":"https:\/\/www.enzo-und-ferdinand.de\/wp-content\/uploads\/2025\/08\/GMSV_-S1LM_4.jpg","datePublished":"2025-08-20T07:35:37+00:00","dateModified":"2025-08-20T07:35:39+00:00","description":"Rainer Ro\u00dfbach Rainer Rossbach enzo-und-ferdinand enzo&ferdinand Enzo GMSV S1 LM GMSV Le Mans GTR Formel 1 McLaren GT1 Gordon Murray Monterey Car Week Le Mans Sondereditionen Recreation Langheck Matra-Simca MS660 Porsche 917 LH Alfa Romeo Tipo 33\/3 Coda Longa","breadcrumb":{"@id":"https:\/\/www.enzo-und-ferdinand.de\/index.php\/2025\/08\/20\/gmsv-s1-lm-gmsv-le-mans-gtr\/#breadcrumb"},"inLanguage":"de","potentialAction":[{"@type":"ReadAction","target":["https:\/\/www.enzo-und-ferdinand.de\/index.php\/2025\/08\/20\/gmsv-s1-lm-gmsv-le-mans-gtr\/"]}]},{"@type":"ImageObject","inLanguage":"de","@id":"https:\/\/www.enzo-und-ferdinand.de\/index.php\/2025\/08\/20\/gmsv-s1-lm-gmsv-le-mans-gtr\/#primaryimage","url":"https:\/\/www.enzo-und-ferdinand.de\/wp-content\/uploads\/2025\/08\/GMSV_-S1LM_4.jpg","contentUrl":"https:\/\/www.enzo-und-ferdinand.de\/wp-content\/uploads\/2025\/08\/GMSV_-S1LM_4.jpg","width":1500,"height":1000,"caption":"GMSV S1LM"},{"@type":"BreadcrumbList","@id":"https:\/\/www.enzo-und-ferdinand.de\/index.php\/2025\/08\/20\/gmsv-s1-lm-gmsv-le-mans-gtr\/#breadcrumb","itemListElement":[{"@type":"ListItem","position":1,"name":"Startseite","item":"https:\/\/www.enzo-und-ferdinand.de\/"},{"@type":"ListItem","position":2,"name":"GMSV S1 LM \/ GMSV Le Mans GTR"}]},{"@type":"WebSite","@id":"https:\/\/www.enzo-und-ferdinand.de\/#website","url":"https:\/\/www.enzo-und-ferdinand.de\/","name":"enzo & Ferdinand","description":"","publisher":{"@id":"https:\/\/www.enzo-und-ferdinand.de\/#organization"},"potentialAction":[{"@type":"SearchAction","target":{"@type":"EntryPoint","urlTemplate":"https:\/\/www.enzo-und-ferdinand.de\/?s={search_term_string}"},"query-input":{"@type":"PropertyValueSpecification","valueRequired":true,"valueName":"search_term_string"}}],"inLanguage":"de"},{"@type":"Organization","@id":"https:\/\/www.enzo-und-ferdinand.de\/#organization","name":"enzo & Ferdinand","url":"https:\/\/www.enzo-und-ferdinand.de\/","logo":{"@type":"ImageObject","inLanguage":"de","@id":"https:\/\/www.enzo-und-ferdinand.de\/#\/schema\/logo\/image\/","url":"https:\/\/www.enzo-und-ferdinand.de\/wp-content\/uploads\/2018\/12\/revvvs-icon.png","contentUrl":"https:\/\/www.enzo-und-ferdinand.de\/wp-content\/uploads\/2018\/12\/revvvs-icon.png","width":512,"height":512,"caption":"enzo & Ferdinand"},"image":{"@id":"https:\/\/www.enzo-und-ferdinand.de\/#\/schema\/logo\/image\/"}},{"@type":"Person","@id":"https:\/\/www.enzo-und-ferdinand.de\/#\/schema\/person\/aff2eb9ff87705987c1b9d21fe10b095","name":"Rainer Ro\u00dfbach","image":{"@type":"ImageObject","inLanguage":"de","@id":"https:\/\/www.enzo-und-ferdinand.de\/wp-content\/uploads\/2026\/01\/Rainer-Rossbach-150x150.jpg","url":"https:\/\/www.enzo-und-ferdinand.de\/wp-content\/uploads\/2026\/01\/Rainer-Rossbach-150x150.jpg","contentUrl":"https:\/\/www.enzo-und-ferdinand.de\/wp-content\/uploads\/2026\/01\/Rainer-Rossbach-150x150.jpg","caption":"Rainer Ro\u00dfbach"},"url":"https:\/\/www.enzo-und-ferdinand.de\/index.php\/author\/redaktion\/"}]}},"_links":{"self":[{"href":"https:\/\/www.enzo-und-ferdinand.de\/index.php\/wp-json\/wp\/v2\/posts\/20861","targetHints":{"allow":["GET"]}}],"collection":[{"href":"https:\/\/www.enzo-und-ferdinand.de\/index.php\/wp-json\/wp\/v2\/posts"}],"about":[{"href":"https:\/\/www.enzo-und-ferdinand.de\/index.php\/wp-json\/wp\/v2\/types\/post"}],"author":[{"embeddable":true,"href":"https:\/\/www.enzo-und-ferdinand.de\/index.php\/wp-json\/wp\/v2\/users\/1"}],"replies":[{"embeddable":true,"href":"https:\/\/www.enzo-und-ferdinand.de\/index.php\/wp-json\/wp\/v2\/comments?post=20861"}],"version-history":[{"count":2,"href":"https:\/\/www.enzo-und-ferdinand.de\/index.php\/wp-json\/wp\/v2\/posts\/20861\/revisions"}],"predecessor-version":[{"id":20877,"href":"https:\/\/www.enzo-und-ferdinand.de\/index.php\/wp-json\/wp\/v2\/posts\/20861\/revisions\/20877"}],"wp:featuredmedia":[{"embeddable":true,"href":"https:\/\/www.enzo-und-ferdinand.de\/index.php\/wp-json\/wp\/v2\/media\/20872"}],"wp:attachment":[{"href":"https:\/\/www.enzo-und-ferdinand.de\/index.php\/wp-json\/wp\/v2\/media?parent=20861"}],"wp:term":[{"taxonomy":"category","embeddable":true,"href":"https:\/\/www.enzo-und-ferdinand.de\/index.php\/wp-json\/wp\/v2\/categories?post=20861"},{"taxonomy":"post_tag","embeddable":true,"href":"https:\/\/www.enzo-und-ferdinand.de\/index.php\/wp-json\/wp\/v2\/tags?post=20861"}],"curies":[{"name":"wp","href":"https:\/\/api.w.org\/{rel}","templated":true}]}}