{"id":20887,"date":"2025-08-21T09:17:34","date_gmt":"2025-08-21T07:17:34","guid":{"rendered":"https:\/\/www.enzo-und-ferdinand.de\/?p=20887"},"modified":"2025-08-21T09:18:14","modified_gmt":"2025-08-21T07:18:14","slug":"vauxhall-corsa-gse-vision-gran-turismo","status":"publish","type":"post","link":"https:\/\/www.enzo-und-ferdinand.de\/index.php\/2025\/08\/21\/vauxhall-corsa-gse-vision-gran-turismo\/","title":{"rendered":"Vauxhall Corsa GSE Vision Gran Turismo"},"content":{"rendered":"\n<figure class=\"wp-block-image size-large\"><img loading=\"lazy\" decoding=\"async\" width=\"810\" height=\"536\" src=\"https:\/\/www.enzo-und-ferdinand.de\/wp-content\/uploads\/2025\/08\/Vauxhall-Corsa-GSE-Vision-Gran-Turismo-2-810x536.jpg\" alt=\"Vauxhall Corsa GSE Vision Gran Turismo\" class=\"wp-image-20879\" srcset=\"https:\/\/www.enzo-und-ferdinand.de\/wp-content\/uploads\/2025\/08\/Vauxhall-Corsa-GSE-Vision-Gran-Turismo-2-810x536.jpg 810w, https:\/\/www.enzo-und-ferdinand.de\/wp-content\/uploads\/2025\/08\/Vauxhall-Corsa-GSE-Vision-Gran-Turismo-2-300x199.jpg 300w, https:\/\/www.enzo-und-ferdinand.de\/wp-content\/uploads\/2025\/08\/Vauxhall-Corsa-GSE-Vision-Gran-Turismo-2-768x508.jpg 768w, https:\/\/www.enzo-und-ferdinand.de\/wp-content\/uploads\/2025\/08\/Vauxhall-Corsa-GSE-Vision-Gran-Turismo-2-120x80.jpg 120w, https:\/\/www.enzo-und-ferdinand.de\/wp-content\/uploads\/2025\/08\/Vauxhall-Corsa-GSE-Vision-Gran-Turismo-2.jpg 1500w\" sizes=\"auto, (max-width: 810px) 100vw, 810px\" \/><\/figure>\n\n\n\n<p class=\"wp-block-paragraph\">Die IAA 2025 k\u00fcndigt sich an: Vauxhall stellt am 8. September auf der Mobilit\u00e4tsmesse in M\u00fcnchen dieses elektrisches Konzeptfahrzeug vor. Zwei Elektromotoren leisten jeweils 476 PS. Die Gesamtleistung erreicht so 800 PS und ein Drehmoment von 800 Nm, was das Fahrzeug bef\u00e4higt in 2,0 Sekunden von null auf 100 km\/h zu sprinten, bei einer H\u00f6chstgeschwindigkeit von 320 km\/h. Die Energie des 1.170 kg wiegenden Fahrzeugs stammt aus einem 82-kWh-Akku.&nbsp;<\/p>\n\n\n\n<p class=\"wp-block-paragraph\">Das Frontdesign ist im Vauxhall Vizor-Design mit dem Griffin-Emblem in der Mitte gehalten. Das Emblem leuchtet und ist innerhalb des Vauxhall-Designschemas. An den Seiten des Fahrzeugs erstrecken sich die Lichtleisten horizontal vom Emblem bis zu dreidimensionalen Glasbl\u00f6cken, wobei die Lichter das Griffin-Emblem des Automobilherstellers auf der vertikalen Achse umgeben.&nbsp;<\/p>\n\n\n\n<figure class=\"wp-block-image size-large is-resized\"><img loading=\"lazy\" decoding=\"async\" width=\"810\" height=\"496\" src=\"https:\/\/www.enzo-und-ferdinand.de\/wp-content\/uploads\/2025\/08\/Vauxhall-Corsa-GSE-Vision-Gran-Turismo-3-810x496.jpg\" alt=\"Vauxhall Corsa GSE Vision Gran Turismo\" class=\"wp-image-20880\" style=\"width:810px;height:auto\" srcset=\"https:\/\/www.enzo-und-ferdinand.de\/wp-content\/uploads\/2025\/08\/Vauxhall-Corsa-GSE-Vision-Gran-Turismo-3-810x496.jpg 810w, https:\/\/www.enzo-und-ferdinand.de\/wp-content\/uploads\/2025\/08\/Vauxhall-Corsa-GSE-Vision-Gran-Turismo-3-300x184.jpg 300w, https:\/\/www.enzo-und-ferdinand.de\/wp-content\/uploads\/2025\/08\/Vauxhall-Corsa-GSE-Vision-Gran-Turismo-3-768x471.jpg 768w, https:\/\/www.enzo-und-ferdinand.de\/wp-content\/uploads\/2025\/08\/Vauxhall-Corsa-GSE-Vision-Gran-Turismo-3.jpg 1500w\" sizes=\"auto, (max-width: 810px) 100vw, 810px\" \/><\/figure>\n\n\n\n<p class=\"wp-block-paragraph\">Au\u00dferdem gibt es eine mittige Sicke, die vom vorderen Sto\u00dff\u00e4nger \u00fcber die Motorhaube verl\u00e4uft , wobei eine Edge-Lighting-Technologie die Bremslicht-Signatur erzeugt. Hier erstreckt sich der Vauxhall-Schriftzug \u00fcber den gesamten hinteren Teil. Die hintere R\u00fcckleuchte ist einteilig mit der Heckscheibe verbunden, und die Aero-Sch\u00fcrzen sind vor den vorderen und hinteren Sto\u00dff\u00e4ngern positioniert.&nbsp;<\/p>\n\n\n\n<p class=\"wp-block-paragraph\">Beim Einsteigen ins Fahrzeug gleitet man in einen Einzelsitz, der an der Dachkonstruktion aufgeh\u00e4ngt ist. Er ist mit schwarzen und gelben Stoffen bezogen und \u00fcber Sechspunktgurte mit dem \u00dcberrollk\u00e4fig verbunden. Das rechteckige Lenkrad befindet sich in direkter Sichtlinie des Fahrers und des Head-up-Displays. Auf dem Armaturenbrett und den T\u00fcreins\u00e4tzen befinden sich beleuchtete Stoffe. Unter diesen sind Sensoren eingebettet, die, sobald das Konzeptfahrzeug sich n\u00e4hernde Fahrzeuge erkennt, leuchten diese Teile des Innenraums rhythmisch auf, um den Fahrer auf m\u00f6gliche tote Winkel aufmerksam zu machen. Die durchsichtigen Stoffe auf dem Armaturenbrett k\u00f6nnen auch Animationen projizieren.&nbsp;<\/p>\n\n\n\n<p class=\"wp-block-paragraph\">Nach seiner Premiere auf der IAA wird der Wagen im Videospiel Gran Turismo 7 als Vision Gran Turismo-Fahrzeug sowie bei der Gran Turismo World Series am 20. September in Berlin zu sehen sein wird.<\/p>\n\n\n\n<figure class=\"wp-block-gallery has-nested-images columns-2 is-cropped wp-block-gallery-1 is-layout-flex wp-block-gallery-is-layout-flex\">\n<figure class=\"wp-block-image size-large\"><img loading=\"lazy\" decoding=\"async\" width=\"810\" height=\"404\" data-id=\"20886\" src=\"https:\/\/www.enzo-und-ferdinand.de\/wp-content\/uploads\/2025\/08\/Vauxhall-Corsa-GSE-Vision-Gran-Turismo-9-810x404.jpg\" alt=\"Vauxhall Corsa GSE Vision Gran Turismo\" class=\"wp-image-20886\" srcset=\"https:\/\/www.enzo-und-ferdinand.de\/wp-content\/uploads\/2025\/08\/Vauxhall-Corsa-GSE-Vision-Gran-Turismo-9-810x404.jpg 810w, https:\/\/www.enzo-und-ferdinand.de\/wp-content\/uploads\/2025\/08\/Vauxhall-Corsa-GSE-Vision-Gran-Turismo-9-300x150.jpg 300w, https:\/\/www.enzo-und-ferdinand.de\/wp-content\/uploads\/2025\/08\/Vauxhall-Corsa-GSE-Vision-Gran-Turismo-9-768x383.jpg 768w, https:\/\/www.enzo-und-ferdinand.de\/wp-content\/uploads\/2025\/08\/Vauxhall-Corsa-GSE-Vision-Gran-Turismo-9.jpg 1500w\" sizes=\"auto, (max-width: 810px) 100vw, 810px\" \/><\/figure>\n\n\n\n<figure class=\"wp-block-image size-large\"><img loading=\"lazy\" decoding=\"async\" width=\"810\" height=\"538\" data-id=\"20885\" src=\"https:\/\/www.enzo-und-ferdinand.de\/wp-content\/uploads\/2025\/08\/Vauxhall-Corsa-GSE-Vision-Gran-Turismo-8-810x538.jpg\" alt=\"Vauxhall Corsa GSE Vision Gran Turismo\" class=\"wp-image-20885\" srcset=\"https:\/\/www.enzo-und-ferdinand.de\/wp-content\/uploads\/2025\/08\/Vauxhall-Corsa-GSE-Vision-Gran-Turismo-8-810x538.jpg 810w, https:\/\/www.enzo-und-ferdinand.de\/wp-content\/uploads\/2025\/08\/Vauxhall-Corsa-GSE-Vision-Gran-Turismo-8-300x199.jpg 300w, https:\/\/www.enzo-und-ferdinand.de\/wp-content\/uploads\/2025\/08\/Vauxhall-Corsa-GSE-Vision-Gran-Turismo-8-768x510.jpg 768w, https:\/\/www.enzo-und-ferdinand.de\/wp-content\/uploads\/2025\/08\/Vauxhall-Corsa-GSE-Vision-Gran-Turismo-8-120x80.jpg 120w, https:\/\/www.enzo-und-ferdinand.de\/wp-content\/uploads\/2025\/08\/Vauxhall-Corsa-GSE-Vision-Gran-Turismo-8.jpg 1500w\" sizes=\"auto, (max-width: 810px) 100vw, 810px\" \/><\/figure>\n\n\n\n<figure class=\"wp-block-image size-large\"><img loading=\"lazy\" decoding=\"async\" width=\"810\" height=\"538\" data-id=\"20884\" src=\"https:\/\/www.enzo-und-ferdinand.de\/wp-content\/uploads\/2025\/08\/Vauxhall-Corsa-GSE-Vision-Gran-Turismo-7-810x538.jpg\" alt=\"Vauxhall Corsa GSE Vision Gran Turismo\" class=\"wp-image-20884\" srcset=\"https:\/\/www.enzo-und-ferdinand.de\/wp-content\/uploads\/2025\/08\/Vauxhall-Corsa-GSE-Vision-Gran-Turismo-7-810x538.jpg 810w, https:\/\/www.enzo-und-ferdinand.de\/wp-content\/uploads\/2025\/08\/Vauxhall-Corsa-GSE-Vision-Gran-Turismo-7-300x199.jpg 300w, https:\/\/www.enzo-und-ferdinand.de\/wp-content\/uploads\/2025\/08\/Vauxhall-Corsa-GSE-Vision-Gran-Turismo-7-768x510.jpg 768w, https:\/\/www.enzo-und-ferdinand.de\/wp-content\/uploads\/2025\/08\/Vauxhall-Corsa-GSE-Vision-Gran-Turismo-7-120x80.jpg 120w, https:\/\/www.enzo-und-ferdinand.de\/wp-content\/uploads\/2025\/08\/Vauxhall-Corsa-GSE-Vision-Gran-Turismo-7.jpg 1500w\" sizes=\"auto, (max-width: 810px) 100vw, 810px\" \/><\/figure>\n\n\n\n<figure class=\"wp-block-image size-large\"><img loading=\"lazy\" decoding=\"async\" width=\"810\" height=\"538\" data-id=\"20883\" src=\"https:\/\/www.enzo-und-ferdinand.de\/wp-content\/uploads\/2025\/08\/Vauxhall-Corsa-GSE-Vision-Gran-Turismo-6-810x538.jpg\" alt=\"Vauxhall Corsa GSE Vision Gran Turismo\" class=\"wp-image-20883\" srcset=\"https:\/\/www.enzo-und-ferdinand.de\/wp-content\/uploads\/2025\/08\/Vauxhall-Corsa-GSE-Vision-Gran-Turismo-6-810x538.jpg 810w, https:\/\/www.enzo-und-ferdinand.de\/wp-content\/uploads\/2025\/08\/Vauxhall-Corsa-GSE-Vision-Gran-Turismo-6-300x199.jpg 300w, https:\/\/www.enzo-und-ferdinand.de\/wp-content\/uploads\/2025\/08\/Vauxhall-Corsa-GSE-Vision-Gran-Turismo-6-768x510.jpg 768w, https:\/\/www.enzo-und-ferdinand.de\/wp-content\/uploads\/2025\/08\/Vauxhall-Corsa-GSE-Vision-Gran-Turismo-6-120x80.jpg 120w, https:\/\/www.enzo-und-ferdinand.de\/wp-content\/uploads\/2025\/08\/Vauxhall-Corsa-GSE-Vision-Gran-Turismo-6.jpg 1500w\" sizes=\"auto, (max-width: 810px) 100vw, 810px\" \/><\/figure>\n<\/figure>\n\n\n\n<p class=\"has-text-align-right has-small-font-size wp-block-paragraph\">Fotos: Vauxhall, Andy Morgan\/Text: Rainer Ro\u00dfbach<\/p>\n\n\n\n<p class=\"wp-block-paragraph\"><\/p>\n","protected":false},"excerpt":{"rendered":"<p>Die IAA 2025 k\u00fcndigt sich an: Vauxhall stellt am 8. September auf der Mobilit\u00e4tsmesse in M\u00fcnchen dieses elektrisches Konzeptfahrzeug vor. Zwei Elektromotoren leisten jeweils 476 PS. Die Gesamtleistung erreicht so 800 PS und ein Drehmoment von 800 Nm, was das Fahrzeug bef\u00e4higt in 2,0 Sekunden von null auf 100 km\/h zu sprinten, bei einer H\u00f6chstgeschwindigkeit von 320 km\/h. Die Energie des 1.170 kg wiegenden Fahrzeugs stammt aus einem 82-kWh-Akku.\u00a0<\/p>\n","protected":false},"author":1,"featured_media":20878,"comment_status":"closed","ping_status":"open","sticky":false,"template":"","format":"standard","meta":{"_crdt_document":"","ngg_post_thumbnail":0,"footnotes":""},"categories":[681,23,24],"tags":[198,1415],"class_list":["post-20887","post","type-post","status-publish","format-standard","has-post-thumbnail","hentry","category-elektro","category-performance","category-unikate","tag-opel","tag-vauxhall"],"yoast_head":"<!-- This site is optimized with the Yoast SEO plugin v27.5 - https:\/\/yoast.com\/product\/yoast-seo-wordpress\/ -->\n<title>Vauxhall Corsa GSE Vision Gran Turismo<\/title>\n<meta name=\"description\" content=\"Rainer Ro\u00dfbach Rainer Rossbach enzo-und-ferdinand enzo&amp;ferdinand Enzo Vauxhall Corsa GSE Vision Gran Turismo IAA 2025 elektrisches Konzept Vauxhall Vizor-Design Griffin-Emblem Edge-Lighting-Technologie Einzelsitz \u00dcberrollk\u00e4fig Head-up-Display Gran Turismo 7 Gran Turismo World Series Berlin\" \/>\n<meta name=\"robots\" content=\"index, follow, max-snippet:-1, max-image-preview:large, max-video-preview:-1\" \/>\n<link rel=\"canonical\" href=\"https:\/\/www.enzo-und-ferdinand.de\/index.php\/2025\/08\/21\/vauxhall-corsa-gse-vision-gran-turismo\/\" \/>\n<meta property=\"og:locale\" content=\"de_DE\" \/>\n<meta property=\"og:type\" content=\"article\" \/>\n<meta property=\"og:title\" content=\"Vauxhall Corsa GSE Vision Gran Turismo\" \/>\n<meta property=\"og:description\" content=\"Rainer Ro\u00dfbach Rainer Rossbach enzo-und-ferdinand enzo&amp;ferdinand Enzo Vauxhall Corsa GSE Vision Gran Turismo IAA 2025 elektrisches Konzept Vauxhall Vizor-Design Griffin-Emblem Edge-Lighting-Technologie Einzelsitz \u00dcberrollk\u00e4fig Head-up-Display Gran Turismo 7 Gran Turismo World Series Berlin\" \/>\n<meta property=\"og:url\" content=\"https:\/\/www.enzo-und-ferdinand.de\/index.php\/2025\/08\/21\/vauxhall-corsa-gse-vision-gran-turismo\/\" \/>\n<meta property=\"og:site_name\" content=\"enzo &amp; Ferdinand\" \/>\n<meta property=\"article:published_time\" content=\"2025-08-21T07:17:34+00:00\" \/>\n<meta property=\"article:modified_time\" content=\"2025-08-21T07:18:14+00:00\" \/>\n<meta property=\"og:image\" content=\"https:\/\/www.enzo-und-ferdinand.de\/wp-content\/uploads\/2025\/08\/Vauxhall-Corsa-GSE-Vision-Gran-Turismo-1.jpg\" \/>\n\t<meta property=\"og:image:width\" content=\"1500\" \/>\n\t<meta property=\"og:image:height\" content=\"1000\" \/>\n\t<meta property=\"og:image:type\" content=\"image\/jpeg\" \/>\n<meta name=\"author\" content=\"Rainer Ro\u00dfbach\" \/>\n<meta name=\"twitter:card\" content=\"summary_large_image\" \/>\n<meta name=\"twitter:label1\" content=\"Verfasst von\" \/>\n\t<meta name=\"twitter:data1\" content=\"Rainer Ro\u00dfbach\" \/>\n\t<meta name=\"twitter:label2\" content=\"Gesch\u00e4tzte Lesezeit\" \/>\n\t<meta name=\"twitter:data2\" content=\"2\u00a0Minuten\" \/>\n<script type=\"application\/ld+json\" class=\"yoast-schema-graph\">{\"@context\":\"https:\\\/\\\/schema.org\",\"@graph\":[{\"@type\":\"Article\",\"@id\":\"https:\\\/\\\/www.enzo-und-ferdinand.de\\\/index.php\\\/2025\\\/08\\\/21\\\/vauxhall-corsa-gse-vision-gran-turismo\\\/#article\",\"isPartOf\":{\"@id\":\"https:\\\/\\\/www.enzo-und-ferdinand.de\\\/index.php\\\/2025\\\/08\\\/21\\\/vauxhall-corsa-gse-vision-gran-turismo\\\/\"},\"author\":{\"name\":\"Rainer Ro\u00dfbach\",\"@id\":\"https:\\\/\\\/www.enzo-und-ferdinand.de\\\/#\\\/schema\\\/person\\\/aff2eb9ff87705987c1b9d21fe10b095\"},\"headline\":\"Vauxhall Corsa GSE Vision Gran Turismo\",\"datePublished\":\"2025-08-21T07:17:34+00:00\",\"dateModified\":\"2025-08-21T07:18:14+00:00\",\"mainEntityOfPage\":{\"@id\":\"https:\\\/\\\/www.enzo-und-ferdinand.de\\\/index.php\\\/2025\\\/08\\\/21\\\/vauxhall-corsa-gse-vision-gran-turismo\\\/\"},\"wordCount\":325,\"publisher\":{\"@id\":\"https:\\\/\\\/www.enzo-und-ferdinand.de\\\/#organization\"},\"image\":{\"@id\":\"https:\\\/\\\/www.enzo-und-ferdinand.de\\\/index.php\\\/2025\\\/08\\\/21\\\/vauxhall-corsa-gse-vision-gran-turismo\\\/#primaryimage\"},\"thumbnailUrl\":\"https:\\\/\\\/www.enzo-und-ferdinand.de\\\/wp-content\\\/uploads\\\/2025\\\/08\\\/Vauxhall-Corsa-GSE-Vision-Gran-Turismo-1.jpg\",\"keywords\":[\"Opel\",\"Vauxhall\"],\"articleSection\":[\"Elektro\",\"Performance\",\"Unikate\"],\"inLanguage\":\"de\"},{\"@type\":\"WebPage\",\"@id\":\"https:\\\/\\\/www.enzo-und-ferdinand.de\\\/index.php\\\/2025\\\/08\\\/21\\\/vauxhall-corsa-gse-vision-gran-turismo\\\/\",\"url\":\"https:\\\/\\\/www.enzo-und-ferdinand.de\\\/index.php\\\/2025\\\/08\\\/21\\\/vauxhall-corsa-gse-vision-gran-turismo\\\/\",\"name\":\"Vauxhall Corsa GSE Vision Gran Turismo\",\"isPartOf\":{\"@id\":\"https:\\\/\\\/www.enzo-und-ferdinand.de\\\/#website\"},\"primaryImageOfPage\":{\"@id\":\"https:\\\/\\\/www.enzo-und-ferdinand.de\\\/index.php\\\/2025\\\/08\\\/21\\\/vauxhall-corsa-gse-vision-gran-turismo\\\/#primaryimage\"},\"image\":{\"@id\":\"https:\\\/\\\/www.enzo-und-ferdinand.de\\\/index.php\\\/2025\\\/08\\\/21\\\/vauxhall-corsa-gse-vision-gran-turismo\\\/#primaryimage\"},\"thumbnailUrl\":\"https:\\\/\\\/www.enzo-und-ferdinand.de\\\/wp-content\\\/uploads\\\/2025\\\/08\\\/Vauxhall-Corsa-GSE-Vision-Gran-Turismo-1.jpg\",\"datePublished\":\"2025-08-21T07:17:34+00:00\",\"dateModified\":\"2025-08-21T07:18:14+00:00\",\"description\":\"Rainer Ro\u00dfbach Rainer Rossbach enzo-und-ferdinand enzo&ferdinand Enzo Vauxhall Corsa GSE Vision Gran Turismo IAA 2025 elektrisches Konzept Vauxhall Vizor-Design Griffin-Emblem Edge-Lighting-Technologie Einzelsitz \u00dcberrollk\u00e4fig Head-up-Display Gran Turismo 7 Gran Turismo World Series Berlin\",\"breadcrumb\":{\"@id\":\"https:\\\/\\\/www.enzo-und-ferdinand.de\\\/index.php\\\/2025\\\/08\\\/21\\\/vauxhall-corsa-gse-vision-gran-turismo\\\/#breadcrumb\"},\"inLanguage\":\"de\",\"potentialAction\":[{\"@type\":\"ReadAction\",\"target\":[\"https:\\\/\\\/www.enzo-und-ferdinand.de\\\/index.php\\\/2025\\\/08\\\/21\\\/vauxhall-corsa-gse-vision-gran-turismo\\\/\"]}]},{\"@type\":\"ImageObject\",\"inLanguage\":\"de\",\"@id\":\"https:\\\/\\\/www.enzo-und-ferdinand.de\\\/index.php\\\/2025\\\/08\\\/21\\\/vauxhall-corsa-gse-vision-gran-turismo\\\/#primaryimage\",\"url\":\"https:\\\/\\\/www.enzo-und-ferdinand.de\\\/wp-content\\\/uploads\\\/2025\\\/08\\\/Vauxhall-Corsa-GSE-Vision-Gran-Turismo-1.jpg\",\"contentUrl\":\"https:\\\/\\\/www.enzo-und-ferdinand.de\\\/wp-content\\\/uploads\\\/2025\\\/08\\\/Vauxhall-Corsa-GSE-Vision-Gran-Turismo-1.jpg\",\"width\":1500,\"height\":1000,\"caption\":\"Vauxhall Corsa GSE Vision Gran Turismo\"},{\"@type\":\"BreadcrumbList\",\"@id\":\"https:\\\/\\\/www.enzo-und-ferdinand.de\\\/index.php\\\/2025\\\/08\\\/21\\\/vauxhall-corsa-gse-vision-gran-turismo\\\/#breadcrumb\",\"itemListElement\":[{\"@type\":\"ListItem\",\"position\":1,\"name\":\"Startseite\",\"item\":\"https:\\\/\\\/www.enzo-und-ferdinand.de\\\/\"},{\"@type\":\"ListItem\",\"position\":2,\"name\":\"Vauxhall Corsa GSE Vision Gran Turismo\"}]},{\"@type\":\"WebSite\",\"@id\":\"https:\\\/\\\/www.enzo-und-ferdinand.de\\\/#website\",\"url\":\"https:\\\/\\\/www.enzo-und-ferdinand.de\\\/\",\"name\":\"enzo & Ferdinand\",\"description\":\"\",\"publisher\":{\"@id\":\"https:\\\/\\\/www.enzo-und-ferdinand.de\\\/#organization\"},\"potentialAction\":[{\"@type\":\"SearchAction\",\"target\":{\"@type\":\"EntryPoint\",\"urlTemplate\":\"https:\\\/\\\/www.enzo-und-ferdinand.de\\\/?s={search_term_string}\"},\"query-input\":{\"@type\":\"PropertyValueSpecification\",\"valueRequired\":true,\"valueName\":\"search_term_string\"}}],\"inLanguage\":\"de\"},{\"@type\":\"Organization\",\"@id\":\"https:\\\/\\\/www.enzo-und-ferdinand.de\\\/#organization\",\"name\":\"enzo & Ferdinand\",\"url\":\"https:\\\/\\\/www.enzo-und-ferdinand.de\\\/\",\"logo\":{\"@type\":\"ImageObject\",\"inLanguage\":\"de\",\"@id\":\"https:\\\/\\\/www.enzo-und-ferdinand.de\\\/#\\\/schema\\\/logo\\\/image\\\/\",\"url\":\"https:\\\/\\\/www.enzo-und-ferdinand.de\\\/wp-content\\\/uploads\\\/2018\\\/12\\\/revvvs-icon.png\",\"contentUrl\":\"https:\\\/\\\/www.enzo-und-ferdinand.de\\\/wp-content\\\/uploads\\\/2018\\\/12\\\/revvvs-icon.png\",\"width\":512,\"height\":512,\"caption\":\"enzo & Ferdinand\"},\"image\":{\"@id\":\"https:\\\/\\\/www.enzo-und-ferdinand.de\\\/#\\\/schema\\\/logo\\\/image\\\/\"}},{\"@type\":\"Person\",\"@id\":\"https:\\\/\\\/www.enzo-und-ferdinand.de\\\/#\\\/schema\\\/person\\\/aff2eb9ff87705987c1b9d21fe10b095\",\"name\":\"Rainer Ro\u00dfbach\",\"image\":{\"@type\":\"ImageObject\",\"inLanguage\":\"de\",\"@id\":\"https:\\\/\\\/www.enzo-und-ferdinand.de\\\/wp-content\\\/uploads\\\/2026\\\/01\\\/Rainer-Rossbach-150x150.jpg\",\"url\":\"https:\\\/\\\/www.enzo-und-ferdinand.de\\\/wp-content\\\/uploads\\\/2026\\\/01\\\/Rainer-Rossbach-150x150.jpg\",\"contentUrl\":\"https:\\\/\\\/www.enzo-und-ferdinand.de\\\/wp-content\\\/uploads\\\/2026\\\/01\\\/Rainer-Rossbach-150x150.jpg\",\"caption\":\"Rainer Ro\u00dfbach\"},\"url\":\"https:\\\/\\\/www.enzo-und-ferdinand.de\\\/index.php\\\/author\\\/redaktion\\\/\"}]}<\/script>\n<!-- \/ Yoast SEO plugin. -->","yoast_head_json":{"title":"Vauxhall Corsa GSE Vision Gran Turismo","description":"Rainer Ro\u00dfbach Rainer Rossbach enzo-und-ferdinand enzo&ferdinand Enzo Vauxhall Corsa GSE Vision Gran Turismo IAA 2025 elektrisches Konzept Vauxhall Vizor-Design Griffin-Emblem Edge-Lighting-Technologie Einzelsitz \u00dcberrollk\u00e4fig Head-up-Display Gran Turismo 7 Gran Turismo World Series Berlin","robots":{"index":"index","follow":"follow","max-snippet":"max-snippet:-1","max-image-preview":"max-image-preview:large","max-video-preview":"max-video-preview:-1"},"canonical":"https:\/\/www.enzo-und-ferdinand.de\/index.php\/2025\/08\/21\/vauxhall-corsa-gse-vision-gran-turismo\/","og_locale":"de_DE","og_type":"article","og_title":"Vauxhall Corsa GSE Vision Gran Turismo","og_description":"Rainer Ro\u00dfbach Rainer Rossbach enzo-und-ferdinand enzo&ferdinand Enzo Vauxhall Corsa GSE Vision Gran Turismo IAA 2025 elektrisches Konzept Vauxhall Vizor-Design Griffin-Emblem Edge-Lighting-Technologie Einzelsitz \u00dcberrollk\u00e4fig Head-up-Display Gran Turismo 7 Gran Turismo World Series Berlin","og_url":"https:\/\/www.enzo-und-ferdinand.de\/index.php\/2025\/08\/21\/vauxhall-corsa-gse-vision-gran-turismo\/","og_site_name":"enzo &amp; Ferdinand","article_published_time":"2025-08-21T07:17:34+00:00","article_modified_time":"2025-08-21T07:18:14+00:00","og_image":[{"width":1500,"height":1000,"url":"https:\/\/www.enzo-und-ferdinand.de\/wp-content\/uploads\/2025\/08\/Vauxhall-Corsa-GSE-Vision-Gran-Turismo-1.jpg","type":"image\/jpeg"}],"author":"Rainer Ro\u00dfbach","twitter_card":"summary_large_image","twitter_misc":{"Verfasst von":"Rainer Ro\u00dfbach","Gesch\u00e4tzte Lesezeit":"2\u00a0Minuten"},"schema":{"@context":"https:\/\/schema.org","@graph":[{"@type":"Article","@id":"https:\/\/www.enzo-und-ferdinand.de\/index.php\/2025\/08\/21\/vauxhall-corsa-gse-vision-gran-turismo\/#article","isPartOf":{"@id":"https:\/\/www.enzo-und-ferdinand.de\/index.php\/2025\/08\/21\/vauxhall-corsa-gse-vision-gran-turismo\/"},"author":{"name":"Rainer Ro\u00dfbach","@id":"https:\/\/www.enzo-und-ferdinand.de\/#\/schema\/person\/aff2eb9ff87705987c1b9d21fe10b095"},"headline":"Vauxhall Corsa GSE Vision Gran Turismo","datePublished":"2025-08-21T07:17:34+00:00","dateModified":"2025-08-21T07:18:14+00:00","mainEntityOfPage":{"@id":"https:\/\/www.enzo-und-ferdinand.de\/index.php\/2025\/08\/21\/vauxhall-corsa-gse-vision-gran-turismo\/"},"wordCount":325,"publisher":{"@id":"https:\/\/www.enzo-und-ferdinand.de\/#organization"},"image":{"@id":"https:\/\/www.enzo-und-ferdinand.de\/index.php\/2025\/08\/21\/vauxhall-corsa-gse-vision-gran-turismo\/#primaryimage"},"thumbnailUrl":"https:\/\/www.enzo-und-ferdinand.de\/wp-content\/uploads\/2025\/08\/Vauxhall-Corsa-GSE-Vision-Gran-Turismo-1.jpg","keywords":["Opel","Vauxhall"],"articleSection":["Elektro","Performance","Unikate"],"inLanguage":"de"},{"@type":"WebPage","@id":"https:\/\/www.enzo-und-ferdinand.de\/index.php\/2025\/08\/21\/vauxhall-corsa-gse-vision-gran-turismo\/","url":"https:\/\/www.enzo-und-ferdinand.de\/index.php\/2025\/08\/21\/vauxhall-corsa-gse-vision-gran-turismo\/","name":"Vauxhall Corsa GSE Vision Gran Turismo","isPartOf":{"@id":"https:\/\/www.enzo-und-ferdinand.de\/#website"},"primaryImageOfPage":{"@id":"https:\/\/www.enzo-und-ferdinand.de\/index.php\/2025\/08\/21\/vauxhall-corsa-gse-vision-gran-turismo\/#primaryimage"},"image":{"@id":"https:\/\/www.enzo-und-ferdinand.de\/index.php\/2025\/08\/21\/vauxhall-corsa-gse-vision-gran-turismo\/#primaryimage"},"thumbnailUrl":"https:\/\/www.enzo-und-ferdinand.de\/wp-content\/uploads\/2025\/08\/Vauxhall-Corsa-GSE-Vision-Gran-Turismo-1.jpg","datePublished":"2025-08-21T07:17:34+00:00","dateModified":"2025-08-21T07:18:14+00:00","description":"Rainer Ro\u00dfbach Rainer Rossbach enzo-und-ferdinand enzo&ferdinand Enzo Vauxhall Corsa GSE Vision Gran Turismo IAA 2025 elektrisches Konzept Vauxhall Vizor-Design Griffin-Emblem Edge-Lighting-Technologie Einzelsitz \u00dcberrollk\u00e4fig Head-up-Display Gran Turismo 7 Gran Turismo World Series Berlin","breadcrumb":{"@id":"https:\/\/www.enzo-und-ferdinand.de\/index.php\/2025\/08\/21\/vauxhall-corsa-gse-vision-gran-turismo\/#breadcrumb"},"inLanguage":"de","potentialAction":[{"@type":"ReadAction","target":["https:\/\/www.enzo-und-ferdinand.de\/index.php\/2025\/08\/21\/vauxhall-corsa-gse-vision-gran-turismo\/"]}]},{"@type":"ImageObject","inLanguage":"de","@id":"https:\/\/www.enzo-und-ferdinand.de\/index.php\/2025\/08\/21\/vauxhall-corsa-gse-vision-gran-turismo\/#primaryimage","url":"https:\/\/www.enzo-und-ferdinand.de\/wp-content\/uploads\/2025\/08\/Vauxhall-Corsa-GSE-Vision-Gran-Turismo-1.jpg","contentUrl":"https:\/\/www.enzo-und-ferdinand.de\/wp-content\/uploads\/2025\/08\/Vauxhall-Corsa-GSE-Vision-Gran-Turismo-1.jpg","width":1500,"height":1000,"caption":"Vauxhall Corsa GSE Vision Gran Turismo"},{"@type":"BreadcrumbList","@id":"https:\/\/www.enzo-und-ferdinand.de\/index.php\/2025\/08\/21\/vauxhall-corsa-gse-vision-gran-turismo\/#breadcrumb","itemListElement":[{"@type":"ListItem","position":1,"name":"Startseite","item":"https:\/\/www.enzo-und-ferdinand.de\/"},{"@type":"ListItem","position":2,"name":"Vauxhall Corsa GSE Vision Gran Turismo"}]},{"@type":"WebSite","@id":"https:\/\/www.enzo-und-ferdinand.de\/#website","url":"https:\/\/www.enzo-und-ferdinand.de\/","name":"enzo & Ferdinand","description":"","publisher":{"@id":"https:\/\/www.enzo-und-ferdinand.de\/#organization"},"potentialAction":[{"@type":"SearchAction","target":{"@type":"EntryPoint","urlTemplate":"https:\/\/www.enzo-und-ferdinand.de\/?s={search_term_string}"},"query-input":{"@type":"PropertyValueSpecification","valueRequired":true,"valueName":"search_term_string"}}],"inLanguage":"de"},{"@type":"Organization","@id":"https:\/\/www.enzo-und-ferdinand.de\/#organization","name":"enzo & Ferdinand","url":"https:\/\/www.enzo-und-ferdinand.de\/","logo":{"@type":"ImageObject","inLanguage":"de","@id":"https:\/\/www.enzo-und-ferdinand.de\/#\/schema\/logo\/image\/","url":"https:\/\/www.enzo-und-ferdinand.de\/wp-content\/uploads\/2018\/12\/revvvs-icon.png","contentUrl":"https:\/\/www.enzo-und-ferdinand.de\/wp-content\/uploads\/2018\/12\/revvvs-icon.png","width":512,"height":512,"caption":"enzo & Ferdinand"},"image":{"@id":"https:\/\/www.enzo-und-ferdinand.de\/#\/schema\/logo\/image\/"}},{"@type":"Person","@id":"https:\/\/www.enzo-und-ferdinand.de\/#\/schema\/person\/aff2eb9ff87705987c1b9d21fe10b095","name":"Rainer Ro\u00dfbach","image":{"@type":"ImageObject","inLanguage":"de","@id":"https:\/\/www.enzo-und-ferdinand.de\/wp-content\/uploads\/2026\/01\/Rainer-Rossbach-150x150.jpg","url":"https:\/\/www.enzo-und-ferdinand.de\/wp-content\/uploads\/2026\/01\/Rainer-Rossbach-150x150.jpg","contentUrl":"https:\/\/www.enzo-und-ferdinand.de\/wp-content\/uploads\/2026\/01\/Rainer-Rossbach-150x150.jpg","caption":"Rainer Ro\u00dfbach"},"url":"https:\/\/www.enzo-und-ferdinand.de\/index.php\/author\/redaktion\/"}]}},"_links":{"self":[{"href":"https:\/\/www.enzo-und-ferdinand.de\/index.php\/wp-json\/wp\/v2\/posts\/20887","targetHints":{"allow":["GET"]}}],"collection":[{"href":"https:\/\/www.enzo-und-ferdinand.de\/index.php\/wp-json\/wp\/v2\/posts"}],"about":[{"href":"https:\/\/www.enzo-und-ferdinand.de\/index.php\/wp-json\/wp\/v2\/types\/post"}],"author":[{"embeddable":true,"href":"https:\/\/www.enzo-und-ferdinand.de\/index.php\/wp-json\/wp\/v2\/users\/1"}],"replies":[{"embeddable":true,"href":"https:\/\/www.enzo-und-ferdinand.de\/index.php\/wp-json\/wp\/v2\/comments?post=20887"}],"version-history":[{"count":3,"href":"https:\/\/www.enzo-und-ferdinand.de\/index.php\/wp-json\/wp\/v2\/posts\/20887\/revisions"}],"predecessor-version":[{"id":20890,"href":"https:\/\/www.enzo-und-ferdinand.de\/index.php\/wp-json\/wp\/v2\/posts\/20887\/revisions\/20890"}],"wp:featuredmedia":[{"embeddable":true,"href":"https:\/\/www.enzo-und-ferdinand.de\/index.php\/wp-json\/wp\/v2\/media\/20878"}],"wp:attachment":[{"href":"https:\/\/www.enzo-und-ferdinand.de\/index.php\/wp-json\/wp\/v2\/media?parent=20887"}],"wp:term":[{"taxonomy":"category","embeddable":true,"href":"https:\/\/www.enzo-und-ferdinand.de\/index.php\/wp-json\/wp\/v2\/categories?post=20887"},{"taxonomy":"post_tag","embeddable":true,"href":"https:\/\/www.enzo-und-ferdinand.de\/index.php\/wp-json\/wp\/v2\/tags?post=20887"}],"curies":[{"name":"wp","href":"https:\/\/api.w.org\/{rel}","templated":true}]}}