{"id":20950,"date":"2025-09-03T08:06:56","date_gmt":"2025-09-03T06:06:56","guid":{"rendered":"https:\/\/www.enzo-und-ferdinand.de\/?p=20950"},"modified":"2025-09-03T08:06:58","modified_gmt":"2025-09-03T06:06:58","slug":"bmw-startet-2028-brennstoffzellenproduktion","status":"publish","type":"post","link":"https:\/\/www.enzo-und-ferdinand.de\/index.php\/2025\/09\/03\/bmw-startet-2028-brennstoffzellenproduktion\/","title":{"rendered":"BMW startet 2028 Brennstoffzellenproduktion"},"content":{"rendered":"\n<figure class=\"wp-block-image size-large\"><img loading=\"lazy\" decoding=\"async\" width=\"810\" height=\"539\" src=\"https:\/\/www.enzo-und-ferdinand.de\/wp-content\/uploads\/2025\/09\/BMW-iX5-Hydrogen-1-810x539.jpg\" alt=\"BMW iX5 Hydrogen\" class=\"wp-image-20943\" srcset=\"https:\/\/www.enzo-und-ferdinand.de\/wp-content\/uploads\/2025\/09\/BMW-iX5-Hydrogen-1-810x539.jpg 810w, https:\/\/www.enzo-und-ferdinand.de\/wp-content\/uploads\/2025\/09\/BMW-iX5-Hydrogen-1-300x200.jpg 300w, https:\/\/www.enzo-und-ferdinand.de\/wp-content\/uploads\/2025\/09\/BMW-iX5-Hydrogen-1-768x511.jpg 768w, https:\/\/www.enzo-und-ferdinand.de\/wp-content\/uploads\/2025\/09\/BMW-iX5-Hydrogen-1-120x80.jpg 120w, https:\/\/www.enzo-und-ferdinand.de\/wp-content\/uploads\/2025\/09\/BMW-iX5-Hydrogen-1.jpg 1500w\" sizes=\"auto, (max-width: 810px) 100vw, 810px\" \/><figcaption class=\"wp-element-caption\">BMW iX5 Hydrogen<\/figcaption><\/figure>\n\n\n\n<p class=\"wp-block-paragraph\">Die BMW Group bereitet sich auf einen wichtigen Technologiesprung vor: Ab 2028 startet im Werk Steyr die Serienproduktion von Brennstoffzellsystemen f\u00fcr Pkw. Damit erweitert der M\u00fcnchner Autobauer sein Portfolio um eine weitere emissionsfreie Antriebsoption und bekennt sich zugleich klar zu einem technologieoffenen Ansatz.\u00a0W\u00e4hrend die Elektromobilit\u00e4t mit Batterien derzeit im Fokus steht, arbeitet BMW parallel an der Industrialisierung der Wasserstoff-Brennstoffzelle \u2013 mit dem Ziel, sie in markentypischen Serienmodellen einzusetzen. Die Reise von BMW in Sachen Brennstoffzelle begann 2014: Im 535iA kam die erste Generation zum Einsatz, noch vollst\u00e4ndig von Toyota zugeliefert. In der aktuellen Pilotflotte des iX5 Hydrogen setzt BMW bereits auf ein selbst entwickeltes Brennstoffzellensystem, w\u00e4hrend die einzelnen Zellen weiterhin von Toyota stammen.\u00a0<\/p>\n\n\n\n<p class=\"wp-block-paragraph\">Nun folgt die dritte Generation, die gemeinsam mit Toyota entwickelt wird. Dabei entstehen Synergieeffekte f\u00fcr Pkw- wie auch Nutzfahrzeuganwendungen \u2013 eine strategische Partnerschaft, die den Zugang zu h\u00f6heren St\u00fcckzahlen und Kostenvorteilen erm\u00f6glicht. Die dritte Generation der BMW-Brennstoffzelle bringt deutliche Verbesserungen. Besonders auff\u00e4llig ist die kompakte Bauweise: Der Bauraum konnte um rund 25 Prozent reduziert werden, w\u00e4hrend die Leistungsdichte gleichzeitig steigt. Das bedeutet: Mehr Energie in kleinerem Volumen \u2013 ein entscheidender Vorteil f\u00fcr die Integration in k\u00fcnftige Fahrzeugarchitekturen. Auch die Effizienz legt sp\u00fcrbar zu.\u00a0<\/p>\n\n\n\n<figure class=\"wp-block-image size-large is-resized\"><img loading=\"lazy\" decoding=\"async\" width=\"810\" height=\"540\" src=\"https:\/\/www.enzo-und-ferdinand.de\/wp-content\/uploads\/2025\/09\/Wasserstoffmobilitaet-BMW3-810x540.jpg\" alt=\"Wasserstoffmobilita\u0308t BMW\" class=\"wp-image-20946\" style=\"width:810px;height:auto\" srcset=\"https:\/\/www.enzo-und-ferdinand.de\/wp-content\/uploads\/2025\/09\/Wasserstoffmobilitaet-BMW3-810x540.jpg 810w, https:\/\/www.enzo-und-ferdinand.de\/wp-content\/uploads\/2025\/09\/Wasserstoffmobilitaet-BMW3-300x200.jpg 300w, https:\/\/www.enzo-und-ferdinand.de\/wp-content\/uploads\/2025\/09\/Wasserstoffmobilitaet-BMW3-768x512.jpg 768w, https:\/\/www.enzo-und-ferdinand.de\/wp-content\/uploads\/2025\/09\/Wasserstoffmobilitaet-BMW3-120x80.jpg 120w, https:\/\/www.enzo-und-ferdinand.de\/wp-content\/uploads\/2025\/09\/Wasserstoffmobilitaet-BMW3.jpg 1500w\" sizes=\"auto, (max-width: 810px) 100vw, 810px\" \/><\/figure>\n\n\n\n<p class=\"wp-block-paragraph\">Optimierte Komponenten, neue Betriebsstrategien und die Weiterentwicklung der Zellen f\u00fchren zu h\u00f6herer Reichweite und gesteigerter Leistung bei geringerem Energieverbrauch. Das System umfasst neben den eigentlichen Brennstoffzellen auch K\u00fchlsysteme, Wasserstoff- und Luft-Subsysteme sowie alle weiteren Elemente, die f\u00fcr einen sicheren und stabilen Betrieb erforderlich sind. Ziel ist eine nahtlose Integration in die BMW-typische Fahrzeuginfrastruktur, ohne Kompromisse bei Performance und Sicherheit. Im Wasserstoff-Kompetenzzentrum M\u00fcnchen produziert BMW aktuell Prototypen der neuen Brennstoffzelle. Dabei liegt der Fokus auf der Absicherung von Montage- und Pr\u00fcfprozessen sowie auf der Entwicklung von Industrialisierungsstrategien.&nbsp;<\/p>\n\n\n\n<p class=\"wp-block-paragraph\">Parallel werden Fahrzeuge f\u00fcr Tests auf System- und Fahrzeugebene aufgebaut \u2013 ein entscheidender Schritt, um die Technologie in die Serienreife zu f\u00fchren. Das Werk Steyr \u00fcbernimmt ab 2028 die Serienfertigung. Dort entsteht derzeit die notwendige Infrastruktur: neue Pr\u00fcfst\u00e4nde, Produktionsanlagen und Geb\u00e4udestrukturen. Steyr, bislang vor allem f\u00fcr die Produktion von Diesel-, Benzin- und Elektromotoren bekannt, wird damit zum Symbol der BMW-Technologieoffenheit.&nbsp;<\/p>\n\n\n\n<figure class=\"wp-block-image size-large\"><img loading=\"lazy\" decoding=\"async\" width=\"810\" height=\"540\" src=\"https:\/\/www.enzo-und-ferdinand.de\/wp-content\/uploads\/2025\/09\/Wasserstoffmobilitaet-BMW-5-810x540.jpg\" alt=\"Wasserstoffmobilita\u0308t BMW\" class=\"wp-image-20948\" srcset=\"https:\/\/www.enzo-und-ferdinand.de\/wp-content\/uploads\/2025\/09\/Wasserstoffmobilitaet-BMW-5-810x540.jpg 810w, https:\/\/www.enzo-und-ferdinand.de\/wp-content\/uploads\/2025\/09\/Wasserstoffmobilitaet-BMW-5-300x200.jpg 300w, https:\/\/www.enzo-und-ferdinand.de\/wp-content\/uploads\/2025\/09\/Wasserstoffmobilitaet-BMW-5-768x512.jpg 768w, https:\/\/www.enzo-und-ferdinand.de\/wp-content\/uploads\/2025\/09\/Wasserstoffmobilitaet-BMW-5-120x80.jpg 120w, https:\/\/www.enzo-und-ferdinand.de\/wp-content\/uploads\/2025\/09\/Wasserstoffmobilitaet-BMW-5.jpg 1500w\" sizes=\"auto, (max-width: 810px) 100vw, 810px\" \/><\/figure>\n\n\n\n<p class=\"wp-block-paragraph\">Ein weiteres Puzzlest\u00fcck liefert das Werk Landshut. Ab 2026 beginnt dort der Aufbau von Fertigungslinien f\u00fcr den BMW Energy Master, die zentrale Steuereinheit f\u00fcr die Energieversorgung. Sie arbeitet mit Spannungen von 400 bis 800 Volt und \u00fcbernimmt die Schnittstelle zwischen Brennstoffzelle und Hochvoltbatterie. Erste Prototypen fertigt bereits das nahegelegene Werk Dingolfing. Zudem stellt Landshut das Geh\u00e4use und die Mediendruckplatten f\u00fcr das Brennstoffzellensystem her \u2013 Bauteile, die entscheidend f\u00fcr Sicherheit und Dauerhaltbarkeit sind.&nbsp;<\/p>\n\n\n\n<p class=\"wp-block-paragraph\">Mit der dritten Generation der Brennstoffzelle setzt BMW ein klares Signal: Wasserstoff ist mehr als ein Randthema, sondern Teil einer langfristigen Antriebsstrategie. W\u00e4hrend Batteriefahrzeuge ihre St\u00e4rken vor allem im urbanen Umfeld und bei kurzen Ladezeiten ausspielen, bietet die Brennstoffzelle Vorteile bei hoher Reichweite, kurzen Tankzeiten und gro\u00dfvolumigen Fahrzeugen. Die Technologie erg\u00e4nzt somit die Elektromobilit\u00e4t und er\u00f6ffnet zus\u00e4tzliche Freiheitsgrade f\u00fcr unterschiedliche M\u00e4rkte und Kundenbed\u00fcrfnisse. BMW bleibt damit seiner Linie treu, keine technologische Einbahnstra\u00dfe einzuschlagen. Stattdessen sollen Kunden auch in Zukunft aus einer Vielzahl von Antriebsarten w\u00e4hlen k\u00f6nnen \u2013 vom klassischen Verbrenner \u00fcber den batterieelektrischen Antrieb bis hin zur Brennstoffzelle. Der Start der Serienproduktion in Steyr ab 2028 markiert daf\u00fcr einen entscheidenden Meilenstein.<\/p>\n\n\n\n<figure class=\"wp-block-image size-large\"><img loading=\"lazy\" decoding=\"async\" width=\"810\" height=\"540\" src=\"https:\/\/www.enzo-und-ferdinand.de\/wp-content\/uploads\/2025\/09\/Wasserstoffmobilitaet-BMW-2-810x540.jpg\" alt=\"Wasserstoffmobilita\u0308t BMW\" class=\"wp-image-20945\" srcset=\"https:\/\/www.enzo-und-ferdinand.de\/wp-content\/uploads\/2025\/09\/Wasserstoffmobilitaet-BMW-2-810x540.jpg 810w, https:\/\/www.enzo-und-ferdinand.de\/wp-content\/uploads\/2025\/09\/Wasserstoffmobilitaet-BMW-2-300x200.jpg 300w, https:\/\/www.enzo-und-ferdinand.de\/wp-content\/uploads\/2025\/09\/Wasserstoffmobilitaet-BMW-2-768x512.jpg 768w, https:\/\/www.enzo-und-ferdinand.de\/wp-content\/uploads\/2025\/09\/Wasserstoffmobilitaet-BMW-2-120x80.jpg 120w, https:\/\/www.enzo-und-ferdinand.de\/wp-content\/uploads\/2025\/09\/Wasserstoffmobilitaet-BMW-2.jpg 1500w\" sizes=\"auto, (max-width: 810px) 100vw, 810px\" \/><\/figure>\n\n\n\n<p class=\"has-text-align-right has-small-font-size wp-block-paragraph\">Fotos: BMW Group\/Text: Rainer Ro\u00dfbach<\/p>\n\n\n\n<p class=\"wp-block-paragraph\"><\/p>\n","protected":false},"excerpt":{"rendered":"<p>Die BMW Group bereitet sich auf einen wichtigen Technologiesprung vor: Ab 2028 startet im Werk Steyr die Serienproduktion von Brennstoffzellsystemen f\u00fcr Pkw. Damit erweitert der M\u00fcnchner Autobauer sein Portfolio um eine weitere emissionsfreie Antriebsoption und bekennt sich zugleich klar zu einem technologieoffenen Ansatz.\u00a0W\u00e4hrend die Elektromobilit\u00e4t mit Batterien derzeit im Fokus steht, arbeitet BMW parallel an der Industrialisierung der Wasserstoff-Brennstoffzelle \u2013 mit dem Ziel, sie in markentypischen Serienmodellen einzusetzen. Die Reise von BMW in Sachen Brennstoffzelle begann 2014: Im 535iA kam die erste Generation zum Einsatz, noch vollst\u00e4ndig von Toyota zugeliefert. In der aktuellen Pilotflotte des iX5 Hydrogen setzt BMW bereits auf ein selbst entwickeltes Brennstoffzellensystem, w\u00e4hrend die einzelnen Zellen weiterhin von Toyota stammen.\u00a0<\/p>\n","protected":false},"author":1,"featured_media":20942,"comment_status":"closed","ping_status":"open","sticky":false,"template":"","format":"standard","meta":{"_crdt_document":"","ngg_post_thumbnail":0,"footnotes":""},"categories":[586,1237],"tags":[202,533],"class_list":["post-20950","post","type-post","status-publish","format-standard","has-post-thumbnail","hentry","category-technologie","category-wasserstoff","tag-bmw","tag-wasserstoff"],"yoast_head":"<!-- This site is optimized with the Yoast SEO plugin v27.5 - https:\/\/yoast.com\/product\/yoast-seo-wordpress\/ -->\n<title>BMW startet 2028 Brennstoffzellenproduktion<\/title>\n<meta name=\"description\" content=\"Rainer Ro\u00dfbach Rainer Rossbach enzo-und-ferdinand enzo&amp;ferdinand Enzo BMW Brennstoffzelle BMW Wasserstoffantrieb BMW iX5 Hydrogen BMW Werk Steyr BMW Werk Landshut BMW Werk M\u00fcnchen Brennstoffzellenauto 2028 BMW Energy Master Toyota Brennstoffzelle Kooperation Wasserstoffmobilit\u00e4t BMW dritte Generation Brennstoffzelle Brennstoffzellen Pkw Produktion BMW Wasserstoffstrategie BMW startet 2028 Brennstoffzellenproduktion\" \/>\n<meta name=\"robots\" content=\"index, follow, max-snippet:-1, max-image-preview:large, max-video-preview:-1\" \/>\n<link rel=\"canonical\" href=\"https:\/\/www.enzo-und-ferdinand.de\/index.php\/2025\/09\/03\/bmw-startet-2028-brennstoffzellenproduktion\/\" \/>\n<meta property=\"og:locale\" content=\"de_DE\" \/>\n<meta property=\"og:type\" content=\"article\" \/>\n<meta property=\"og:title\" content=\"BMW startet 2028 Brennstoffzellenproduktion\" \/>\n<meta property=\"og:description\" content=\"Rainer Ro\u00dfbach Rainer Rossbach enzo-und-ferdinand enzo&amp;ferdinand Enzo BMW Brennstoffzelle BMW Wasserstoffantrieb BMW iX5 Hydrogen BMW Werk Steyr BMW Werk Landshut BMW Werk M\u00fcnchen Brennstoffzellenauto 2028 BMW Energy Master Toyota Brennstoffzelle Kooperation Wasserstoffmobilit\u00e4t BMW dritte Generation Brennstoffzelle Brennstoffzellen Pkw Produktion BMW Wasserstoffstrategie BMW startet 2028 Brennstoffzellenproduktion\" \/>\n<meta property=\"og:url\" content=\"https:\/\/www.enzo-und-ferdinand.de\/index.php\/2025\/09\/03\/bmw-startet-2028-brennstoffzellenproduktion\/\" \/>\n<meta property=\"og:site_name\" content=\"enzo &amp; Ferdinand\" \/>\n<meta property=\"article:published_time\" content=\"2025-09-03T06:06:56+00:00\" \/>\n<meta property=\"article:modified_time\" content=\"2025-09-03T06:06:58+00:00\" \/>\n<meta property=\"og:image\" content=\"https:\/\/www.enzo-und-ferdinand.de\/wp-content\/uploads\/2025\/09\/BMW-iX5-Hydrogen-2.jpg\" \/>\n\t<meta property=\"og:image:width\" content=\"1500\" \/>\n\t<meta property=\"og:image:height\" content=\"1000\" \/>\n\t<meta property=\"og:image:type\" content=\"image\/jpeg\" \/>\n<meta name=\"author\" content=\"Rainer Ro\u00dfbach\" \/>\n<meta name=\"twitter:card\" content=\"summary_large_image\" \/>\n<meta name=\"twitter:label1\" content=\"Verfasst von\" \/>\n\t<meta name=\"twitter:data1\" content=\"Rainer Ro\u00dfbach\" \/>\n\t<meta name=\"twitter:label2\" content=\"Gesch\u00e4tzte Lesezeit\" \/>\n\t<meta name=\"twitter:data2\" content=\"3\u00a0Minuten\" \/>\n<script type=\"application\/ld+json\" class=\"yoast-schema-graph\">{\"@context\":\"https:\\\/\\\/schema.org\",\"@graph\":[{\"@type\":\"Article\",\"@id\":\"https:\\\/\\\/www.enzo-und-ferdinand.de\\\/index.php\\\/2025\\\/09\\\/03\\\/bmw-startet-2028-brennstoffzellenproduktion\\\/#article\",\"isPartOf\":{\"@id\":\"https:\\\/\\\/www.enzo-und-ferdinand.de\\\/index.php\\\/2025\\\/09\\\/03\\\/bmw-startet-2028-brennstoffzellenproduktion\\\/\"},\"author\":{\"name\":\"Rainer Ro\u00dfbach\",\"@id\":\"https:\\\/\\\/www.enzo-und-ferdinand.de\\\/#\\\/schema\\\/person\\\/aff2eb9ff87705987c1b9d21fe10b095\"},\"headline\":\"BMW startet 2028 Brennstoffzellenproduktion\",\"datePublished\":\"2025-09-03T06:06:56+00:00\",\"dateModified\":\"2025-09-03T06:06:58+00:00\",\"mainEntityOfPage\":{\"@id\":\"https:\\\/\\\/www.enzo-und-ferdinand.de\\\/index.php\\\/2025\\\/09\\\/03\\\/bmw-startet-2028-brennstoffzellenproduktion\\\/\"},\"wordCount\":575,\"publisher\":{\"@id\":\"https:\\\/\\\/www.enzo-und-ferdinand.de\\\/#organization\"},\"image\":{\"@id\":\"https:\\\/\\\/www.enzo-und-ferdinand.de\\\/index.php\\\/2025\\\/09\\\/03\\\/bmw-startet-2028-brennstoffzellenproduktion\\\/#primaryimage\"},\"thumbnailUrl\":\"https:\\\/\\\/www.enzo-und-ferdinand.de\\\/wp-content\\\/uploads\\\/2025\\\/09\\\/BMW-iX5-Hydrogen-2.jpg\",\"keywords\":[\"BMW\",\"Wasserstoff\"],\"articleSection\":[\"Technologie\",\"Wasserstoff\"],\"inLanguage\":\"de\"},{\"@type\":\"WebPage\",\"@id\":\"https:\\\/\\\/www.enzo-und-ferdinand.de\\\/index.php\\\/2025\\\/09\\\/03\\\/bmw-startet-2028-brennstoffzellenproduktion\\\/\",\"url\":\"https:\\\/\\\/www.enzo-und-ferdinand.de\\\/index.php\\\/2025\\\/09\\\/03\\\/bmw-startet-2028-brennstoffzellenproduktion\\\/\",\"name\":\"BMW startet 2028 Brennstoffzellenproduktion\",\"isPartOf\":{\"@id\":\"https:\\\/\\\/www.enzo-und-ferdinand.de\\\/#website\"},\"primaryImageOfPage\":{\"@id\":\"https:\\\/\\\/www.enzo-und-ferdinand.de\\\/index.php\\\/2025\\\/09\\\/03\\\/bmw-startet-2028-brennstoffzellenproduktion\\\/#primaryimage\"},\"image\":{\"@id\":\"https:\\\/\\\/www.enzo-und-ferdinand.de\\\/index.php\\\/2025\\\/09\\\/03\\\/bmw-startet-2028-brennstoffzellenproduktion\\\/#primaryimage\"},\"thumbnailUrl\":\"https:\\\/\\\/www.enzo-und-ferdinand.de\\\/wp-content\\\/uploads\\\/2025\\\/09\\\/BMW-iX5-Hydrogen-2.jpg\",\"datePublished\":\"2025-09-03T06:06:56+00:00\",\"dateModified\":\"2025-09-03T06:06:58+00:00\",\"description\":\"Rainer Ro\u00dfbach Rainer Rossbach enzo-und-ferdinand enzo&ferdinand Enzo BMW Brennstoffzelle BMW Wasserstoffantrieb BMW iX5 Hydrogen BMW Werk Steyr BMW Werk Landshut BMW Werk M\u00fcnchen Brennstoffzellenauto 2028 BMW Energy Master Toyota Brennstoffzelle Kooperation Wasserstoffmobilit\u00e4t BMW dritte Generation Brennstoffzelle Brennstoffzellen Pkw Produktion BMW Wasserstoffstrategie BMW startet 2028 Brennstoffzellenproduktion\",\"breadcrumb\":{\"@id\":\"https:\\\/\\\/www.enzo-und-ferdinand.de\\\/index.php\\\/2025\\\/09\\\/03\\\/bmw-startet-2028-brennstoffzellenproduktion\\\/#breadcrumb\"},\"inLanguage\":\"de\",\"potentialAction\":[{\"@type\":\"ReadAction\",\"target\":[\"https:\\\/\\\/www.enzo-und-ferdinand.de\\\/index.php\\\/2025\\\/09\\\/03\\\/bmw-startet-2028-brennstoffzellenproduktion\\\/\"]}]},{\"@type\":\"ImageObject\",\"inLanguage\":\"de\",\"@id\":\"https:\\\/\\\/www.enzo-und-ferdinand.de\\\/index.php\\\/2025\\\/09\\\/03\\\/bmw-startet-2028-brennstoffzellenproduktion\\\/#primaryimage\",\"url\":\"https:\\\/\\\/www.enzo-und-ferdinand.de\\\/wp-content\\\/uploads\\\/2025\\\/09\\\/BMW-iX5-Hydrogen-2.jpg\",\"contentUrl\":\"https:\\\/\\\/www.enzo-und-ferdinand.de\\\/wp-content\\\/uploads\\\/2025\\\/09\\\/BMW-iX5-Hydrogen-2.jpg\",\"width\":1500,\"height\":1000,\"caption\":\"BMW iX5 Hydrogen\"},{\"@type\":\"BreadcrumbList\",\"@id\":\"https:\\\/\\\/www.enzo-und-ferdinand.de\\\/index.php\\\/2025\\\/09\\\/03\\\/bmw-startet-2028-brennstoffzellenproduktion\\\/#breadcrumb\",\"itemListElement\":[{\"@type\":\"ListItem\",\"position\":1,\"name\":\"Startseite\",\"item\":\"https:\\\/\\\/www.enzo-und-ferdinand.de\\\/\"},{\"@type\":\"ListItem\",\"position\":2,\"name\":\"BMW startet 2028 Brennstoffzellenproduktion\"}]},{\"@type\":\"WebSite\",\"@id\":\"https:\\\/\\\/www.enzo-und-ferdinand.de\\\/#website\",\"url\":\"https:\\\/\\\/www.enzo-und-ferdinand.de\\\/\",\"name\":\"enzo & Ferdinand\",\"description\":\"\",\"publisher\":{\"@id\":\"https:\\\/\\\/www.enzo-und-ferdinand.de\\\/#organization\"},\"potentialAction\":[{\"@type\":\"SearchAction\",\"target\":{\"@type\":\"EntryPoint\",\"urlTemplate\":\"https:\\\/\\\/www.enzo-und-ferdinand.de\\\/?s={search_term_string}\"},\"query-input\":{\"@type\":\"PropertyValueSpecification\",\"valueRequired\":true,\"valueName\":\"search_term_string\"}}],\"inLanguage\":\"de\"},{\"@type\":\"Organization\",\"@id\":\"https:\\\/\\\/www.enzo-und-ferdinand.de\\\/#organization\",\"name\":\"enzo & Ferdinand\",\"url\":\"https:\\\/\\\/www.enzo-und-ferdinand.de\\\/\",\"logo\":{\"@type\":\"ImageObject\",\"inLanguage\":\"de\",\"@id\":\"https:\\\/\\\/www.enzo-und-ferdinand.de\\\/#\\\/schema\\\/logo\\\/image\\\/\",\"url\":\"https:\\\/\\\/www.enzo-und-ferdinand.de\\\/wp-content\\\/uploads\\\/2018\\\/12\\\/revvvs-icon.png\",\"contentUrl\":\"https:\\\/\\\/www.enzo-und-ferdinand.de\\\/wp-content\\\/uploads\\\/2018\\\/12\\\/revvvs-icon.png\",\"width\":512,\"height\":512,\"caption\":\"enzo & Ferdinand\"},\"image\":{\"@id\":\"https:\\\/\\\/www.enzo-und-ferdinand.de\\\/#\\\/schema\\\/logo\\\/image\\\/\"}},{\"@type\":\"Person\",\"@id\":\"https:\\\/\\\/www.enzo-und-ferdinand.de\\\/#\\\/schema\\\/person\\\/aff2eb9ff87705987c1b9d21fe10b095\",\"name\":\"Rainer Ro\u00dfbach\",\"image\":{\"@type\":\"ImageObject\",\"inLanguage\":\"de\",\"@id\":\"https:\\\/\\\/www.enzo-und-ferdinand.de\\\/wp-content\\\/uploads\\\/2026\\\/01\\\/Rainer-Rossbach-150x150.jpg\",\"url\":\"https:\\\/\\\/www.enzo-und-ferdinand.de\\\/wp-content\\\/uploads\\\/2026\\\/01\\\/Rainer-Rossbach-150x150.jpg\",\"contentUrl\":\"https:\\\/\\\/www.enzo-und-ferdinand.de\\\/wp-content\\\/uploads\\\/2026\\\/01\\\/Rainer-Rossbach-150x150.jpg\",\"caption\":\"Rainer Ro\u00dfbach\"},\"url\":\"https:\\\/\\\/www.enzo-und-ferdinand.de\\\/index.php\\\/author\\\/redaktion\\\/\"}]}<\/script>\n<!-- \/ Yoast SEO plugin. -->","yoast_head_json":{"title":"BMW startet 2028 Brennstoffzellenproduktion","description":"Rainer Ro\u00dfbach Rainer Rossbach enzo-und-ferdinand enzo&ferdinand Enzo BMW Brennstoffzelle BMW Wasserstoffantrieb BMW iX5 Hydrogen BMW Werk Steyr BMW Werk Landshut BMW Werk M\u00fcnchen Brennstoffzellenauto 2028 BMW Energy Master Toyota Brennstoffzelle Kooperation Wasserstoffmobilit\u00e4t BMW dritte Generation Brennstoffzelle Brennstoffzellen Pkw Produktion BMW Wasserstoffstrategie BMW startet 2028 Brennstoffzellenproduktion","robots":{"index":"index","follow":"follow","max-snippet":"max-snippet:-1","max-image-preview":"max-image-preview:large","max-video-preview":"max-video-preview:-1"},"canonical":"https:\/\/www.enzo-und-ferdinand.de\/index.php\/2025\/09\/03\/bmw-startet-2028-brennstoffzellenproduktion\/","og_locale":"de_DE","og_type":"article","og_title":"BMW startet 2028 Brennstoffzellenproduktion","og_description":"Rainer Ro\u00dfbach Rainer Rossbach enzo-und-ferdinand enzo&ferdinand Enzo BMW Brennstoffzelle BMW Wasserstoffantrieb BMW iX5 Hydrogen BMW Werk Steyr BMW Werk Landshut BMW Werk M\u00fcnchen Brennstoffzellenauto 2028 BMW Energy Master Toyota Brennstoffzelle Kooperation Wasserstoffmobilit\u00e4t BMW dritte Generation Brennstoffzelle Brennstoffzellen Pkw Produktion BMW Wasserstoffstrategie BMW startet 2028 Brennstoffzellenproduktion","og_url":"https:\/\/www.enzo-und-ferdinand.de\/index.php\/2025\/09\/03\/bmw-startet-2028-brennstoffzellenproduktion\/","og_site_name":"enzo &amp; Ferdinand","article_published_time":"2025-09-03T06:06:56+00:00","article_modified_time":"2025-09-03T06:06:58+00:00","og_image":[{"width":1500,"height":1000,"url":"https:\/\/www.enzo-und-ferdinand.de\/wp-content\/uploads\/2025\/09\/BMW-iX5-Hydrogen-2.jpg","type":"image\/jpeg"}],"author":"Rainer Ro\u00dfbach","twitter_card":"summary_large_image","twitter_misc":{"Verfasst von":"Rainer Ro\u00dfbach","Gesch\u00e4tzte Lesezeit":"3\u00a0Minuten"},"schema":{"@context":"https:\/\/schema.org","@graph":[{"@type":"Article","@id":"https:\/\/www.enzo-und-ferdinand.de\/index.php\/2025\/09\/03\/bmw-startet-2028-brennstoffzellenproduktion\/#article","isPartOf":{"@id":"https:\/\/www.enzo-und-ferdinand.de\/index.php\/2025\/09\/03\/bmw-startet-2028-brennstoffzellenproduktion\/"},"author":{"name":"Rainer Ro\u00dfbach","@id":"https:\/\/www.enzo-und-ferdinand.de\/#\/schema\/person\/aff2eb9ff87705987c1b9d21fe10b095"},"headline":"BMW startet 2028 Brennstoffzellenproduktion","datePublished":"2025-09-03T06:06:56+00:00","dateModified":"2025-09-03T06:06:58+00:00","mainEntityOfPage":{"@id":"https:\/\/www.enzo-und-ferdinand.de\/index.php\/2025\/09\/03\/bmw-startet-2028-brennstoffzellenproduktion\/"},"wordCount":575,"publisher":{"@id":"https:\/\/www.enzo-und-ferdinand.de\/#organization"},"image":{"@id":"https:\/\/www.enzo-und-ferdinand.de\/index.php\/2025\/09\/03\/bmw-startet-2028-brennstoffzellenproduktion\/#primaryimage"},"thumbnailUrl":"https:\/\/www.enzo-und-ferdinand.de\/wp-content\/uploads\/2025\/09\/BMW-iX5-Hydrogen-2.jpg","keywords":["BMW","Wasserstoff"],"articleSection":["Technologie","Wasserstoff"],"inLanguage":"de"},{"@type":"WebPage","@id":"https:\/\/www.enzo-und-ferdinand.de\/index.php\/2025\/09\/03\/bmw-startet-2028-brennstoffzellenproduktion\/","url":"https:\/\/www.enzo-und-ferdinand.de\/index.php\/2025\/09\/03\/bmw-startet-2028-brennstoffzellenproduktion\/","name":"BMW startet 2028 Brennstoffzellenproduktion","isPartOf":{"@id":"https:\/\/www.enzo-und-ferdinand.de\/#website"},"primaryImageOfPage":{"@id":"https:\/\/www.enzo-und-ferdinand.de\/index.php\/2025\/09\/03\/bmw-startet-2028-brennstoffzellenproduktion\/#primaryimage"},"image":{"@id":"https:\/\/www.enzo-und-ferdinand.de\/index.php\/2025\/09\/03\/bmw-startet-2028-brennstoffzellenproduktion\/#primaryimage"},"thumbnailUrl":"https:\/\/www.enzo-und-ferdinand.de\/wp-content\/uploads\/2025\/09\/BMW-iX5-Hydrogen-2.jpg","datePublished":"2025-09-03T06:06:56+00:00","dateModified":"2025-09-03T06:06:58+00:00","description":"Rainer Ro\u00dfbach Rainer Rossbach enzo-und-ferdinand enzo&ferdinand Enzo BMW Brennstoffzelle BMW Wasserstoffantrieb BMW iX5 Hydrogen BMW Werk Steyr BMW Werk Landshut BMW Werk M\u00fcnchen Brennstoffzellenauto 2028 BMW Energy Master Toyota Brennstoffzelle Kooperation Wasserstoffmobilit\u00e4t BMW dritte Generation Brennstoffzelle Brennstoffzellen Pkw Produktion BMW Wasserstoffstrategie BMW startet 2028 Brennstoffzellenproduktion","breadcrumb":{"@id":"https:\/\/www.enzo-und-ferdinand.de\/index.php\/2025\/09\/03\/bmw-startet-2028-brennstoffzellenproduktion\/#breadcrumb"},"inLanguage":"de","potentialAction":[{"@type":"ReadAction","target":["https:\/\/www.enzo-und-ferdinand.de\/index.php\/2025\/09\/03\/bmw-startet-2028-brennstoffzellenproduktion\/"]}]},{"@type":"ImageObject","inLanguage":"de","@id":"https:\/\/www.enzo-und-ferdinand.de\/index.php\/2025\/09\/03\/bmw-startet-2028-brennstoffzellenproduktion\/#primaryimage","url":"https:\/\/www.enzo-und-ferdinand.de\/wp-content\/uploads\/2025\/09\/BMW-iX5-Hydrogen-2.jpg","contentUrl":"https:\/\/www.enzo-und-ferdinand.de\/wp-content\/uploads\/2025\/09\/BMW-iX5-Hydrogen-2.jpg","width":1500,"height":1000,"caption":"BMW iX5 Hydrogen"},{"@type":"BreadcrumbList","@id":"https:\/\/www.enzo-und-ferdinand.de\/index.php\/2025\/09\/03\/bmw-startet-2028-brennstoffzellenproduktion\/#breadcrumb","itemListElement":[{"@type":"ListItem","position":1,"name":"Startseite","item":"https:\/\/www.enzo-und-ferdinand.de\/"},{"@type":"ListItem","position":2,"name":"BMW startet 2028 Brennstoffzellenproduktion"}]},{"@type":"WebSite","@id":"https:\/\/www.enzo-und-ferdinand.de\/#website","url":"https:\/\/www.enzo-und-ferdinand.de\/","name":"enzo & Ferdinand","description":"","publisher":{"@id":"https:\/\/www.enzo-und-ferdinand.de\/#organization"},"potentialAction":[{"@type":"SearchAction","target":{"@type":"EntryPoint","urlTemplate":"https:\/\/www.enzo-und-ferdinand.de\/?s={search_term_string}"},"query-input":{"@type":"PropertyValueSpecification","valueRequired":true,"valueName":"search_term_string"}}],"inLanguage":"de"},{"@type":"Organization","@id":"https:\/\/www.enzo-und-ferdinand.de\/#organization","name":"enzo & Ferdinand","url":"https:\/\/www.enzo-und-ferdinand.de\/","logo":{"@type":"ImageObject","inLanguage":"de","@id":"https:\/\/www.enzo-und-ferdinand.de\/#\/schema\/logo\/image\/","url":"https:\/\/www.enzo-und-ferdinand.de\/wp-content\/uploads\/2018\/12\/revvvs-icon.png","contentUrl":"https:\/\/www.enzo-und-ferdinand.de\/wp-content\/uploads\/2018\/12\/revvvs-icon.png","width":512,"height":512,"caption":"enzo & Ferdinand"},"image":{"@id":"https:\/\/www.enzo-und-ferdinand.de\/#\/schema\/logo\/image\/"}},{"@type":"Person","@id":"https:\/\/www.enzo-und-ferdinand.de\/#\/schema\/person\/aff2eb9ff87705987c1b9d21fe10b095","name":"Rainer Ro\u00dfbach","image":{"@type":"ImageObject","inLanguage":"de","@id":"https:\/\/www.enzo-und-ferdinand.de\/wp-content\/uploads\/2026\/01\/Rainer-Rossbach-150x150.jpg","url":"https:\/\/www.enzo-und-ferdinand.de\/wp-content\/uploads\/2026\/01\/Rainer-Rossbach-150x150.jpg","contentUrl":"https:\/\/www.enzo-und-ferdinand.de\/wp-content\/uploads\/2026\/01\/Rainer-Rossbach-150x150.jpg","caption":"Rainer Ro\u00dfbach"},"url":"https:\/\/www.enzo-und-ferdinand.de\/index.php\/author\/redaktion\/"}]}},"_links":{"self":[{"href":"https:\/\/www.enzo-und-ferdinand.de\/index.php\/wp-json\/wp\/v2\/posts\/20950","targetHints":{"allow":["GET"]}}],"collection":[{"href":"https:\/\/www.enzo-und-ferdinand.de\/index.php\/wp-json\/wp\/v2\/posts"}],"about":[{"href":"https:\/\/www.enzo-und-ferdinand.de\/index.php\/wp-json\/wp\/v2\/types\/post"}],"author":[{"embeddable":true,"href":"https:\/\/www.enzo-und-ferdinand.de\/index.php\/wp-json\/wp\/v2\/users\/1"}],"replies":[{"embeddable":true,"href":"https:\/\/www.enzo-und-ferdinand.de\/index.php\/wp-json\/wp\/v2\/comments?post=20950"}],"version-history":[{"count":2,"href":"https:\/\/www.enzo-und-ferdinand.de\/index.php\/wp-json\/wp\/v2\/posts\/20950\/revisions"}],"predecessor-version":[{"id":20952,"href":"https:\/\/www.enzo-und-ferdinand.de\/index.php\/wp-json\/wp\/v2\/posts\/20950\/revisions\/20952"}],"wp:featuredmedia":[{"embeddable":true,"href":"https:\/\/www.enzo-und-ferdinand.de\/index.php\/wp-json\/wp\/v2\/media\/20942"}],"wp:attachment":[{"href":"https:\/\/www.enzo-und-ferdinand.de\/index.php\/wp-json\/wp\/v2\/media?parent=20950"}],"wp:term":[{"taxonomy":"category","embeddable":true,"href":"https:\/\/www.enzo-und-ferdinand.de\/index.php\/wp-json\/wp\/v2\/categories?post=20950"},{"taxonomy":"post_tag","embeddable":true,"href":"https:\/\/www.enzo-und-ferdinand.de\/index.php\/wp-json\/wp\/v2\/tags?post=20950"}],"curies":[{"name":"wp","href":"https:\/\/api.w.org\/{rel}","templated":true}]}}