{"id":20953,"date":"2025-09-05T06:57:13","date_gmt":"2025-09-05T04:57:13","guid":{"rendered":"https:\/\/www.enzo-und-ferdinand.de\/?p=20953"},"modified":"2025-09-05T06:57:14","modified_gmt":"2025-09-05T04:57:14","slug":"mini-x-deus-motorsport-neu-gedacht","status":"publish","type":"post","link":"https:\/\/www.enzo-und-ferdinand.de\/index.php\/2025\/09\/05\/mini-x-deus-motorsport-neu-gedacht\/","title":{"rendered":"MINI x Deus: Motorsport neu gedacht"},"content":{"rendered":"\n<figure class=\"wp-block-image size-large is-resized\"><img loading=\"lazy\" decoding=\"async\" width=\"810\" height=\"540\" src=\"https:\/\/www.enzo-und-ferdinand.de\/wp-content\/uploads\/2025\/09\/MINI-JCW-Electric-7-810x540.jpg\" alt=\"MINI JCW Electric The Skeg\" class=\"wp-image-20956\" style=\"width:810px;height:auto\" srcset=\"https:\/\/www.enzo-und-ferdinand.de\/wp-content\/uploads\/2025\/09\/MINI-JCW-Electric-7-810x540.jpg 810w, https:\/\/www.enzo-und-ferdinand.de\/wp-content\/uploads\/2025\/09\/MINI-JCW-Electric-7-300x200.jpg 300w, https:\/\/www.enzo-und-ferdinand.de\/wp-content\/uploads\/2025\/09\/MINI-JCW-Electric-7-768x512.jpg 768w, https:\/\/www.enzo-und-ferdinand.de\/wp-content\/uploads\/2025\/09\/MINI-JCW-Electric-7-120x80.jpg 120w, https:\/\/www.enzo-und-ferdinand.de\/wp-content\/uploads\/2025\/09\/MINI-JCW-Electric-7.jpg 1500w\" sizes=\"auto, (max-width: 810px) 100vw, 810px\" \/><figcaption class=\"wp-element-caption\">MINI JCW Electric \u201eThe Skeg\u201c<\/figcaption><\/figure>\n\n\n\n<p class=\"wp-block-paragraph\">Beide Unternehmen haben sich f\u00fcr eine au\u00dfergew\u00f6hnliche Kollaboration zusammengetan und zwei ma\u00dfgeschneiderte John Cooper Works Showcars auf die R\u00e4der gestellt. Beide Einzelst\u00fccke vereinen Motorsport-Tradition mit innovativem Designansatz und unterstreichen den Anspruch beider Marken, authentische Technik mit handwerklicher Kreativit\u00e4t zu verbinden. Basis der Projekte sind der vollelektrische MINI JCW Electric mit 190 kW (258 PS) und der von einem 170 kW (231 PS) starken Verbrennungsmotor angetriebene MINI JCW.&nbsp;<\/p>\n\n\n\n<figure class=\"wp-block-gallery has-nested-images columns-2 is-cropped wp-block-gallery-1 is-layout-flex wp-block-gallery-is-layout-flex\">\n<figure class=\"wp-block-image size-large\"><img loading=\"lazy\" decoding=\"async\" width=\"810\" height=\"540\" data-id=\"20962\" src=\"https:\/\/www.enzo-und-ferdinand.de\/wp-content\/uploads\/2025\/09\/MINI-JCW-Electric-1-810x540.jpg\" alt=\"MINI JCW Electric The Skeg\" class=\"wp-image-20962\" srcset=\"https:\/\/www.enzo-und-ferdinand.de\/wp-content\/uploads\/2025\/09\/MINI-JCW-Electric-1-810x540.jpg 810w, https:\/\/www.enzo-und-ferdinand.de\/wp-content\/uploads\/2025\/09\/MINI-JCW-Electric-1-300x200.jpg 300w, https:\/\/www.enzo-und-ferdinand.de\/wp-content\/uploads\/2025\/09\/MINI-JCW-Electric-1-768x512.jpg 768w, https:\/\/www.enzo-und-ferdinand.de\/wp-content\/uploads\/2025\/09\/MINI-JCW-Electric-1-120x80.jpg 120w, https:\/\/www.enzo-und-ferdinand.de\/wp-content\/uploads\/2025\/09\/MINI-JCW-Electric-1.jpg 1500w\" sizes=\"auto, (max-width: 810px) 100vw, 810px\" \/><\/figure>\n\n\n\n<figure class=\"wp-block-image size-large\"><img loading=\"lazy\" decoding=\"async\" width=\"810\" height=\"540\" data-id=\"20961\" src=\"https:\/\/www.enzo-und-ferdinand.de\/wp-content\/uploads\/2025\/09\/MINI-JCW-Electric-2-810x540.jpg\" alt=\"MINI JCW Electric The Skeg\" class=\"wp-image-20961\" srcset=\"https:\/\/www.enzo-und-ferdinand.de\/wp-content\/uploads\/2025\/09\/MINI-JCW-Electric-2-810x540.jpg 810w, https:\/\/www.enzo-und-ferdinand.de\/wp-content\/uploads\/2025\/09\/MINI-JCW-Electric-2-300x200.jpg 300w, https:\/\/www.enzo-und-ferdinand.de\/wp-content\/uploads\/2025\/09\/MINI-JCW-Electric-2-768x512.jpg 768w, https:\/\/www.enzo-und-ferdinand.de\/wp-content\/uploads\/2025\/09\/MINI-JCW-Electric-2-120x80.jpg 120w, https:\/\/www.enzo-und-ferdinand.de\/wp-content\/uploads\/2025\/09\/MINI-JCW-Electric-2.jpg 1500w\" sizes=\"auto, (max-width: 810px) 100vw, 810px\" \/><\/figure>\n\n\n\n<figure class=\"wp-block-image size-large\"><img loading=\"lazy\" decoding=\"async\" width=\"810\" height=\"540\" data-id=\"20958\" src=\"https:\/\/www.enzo-und-ferdinand.de\/wp-content\/uploads\/2025\/09\/MINI-JCW-Electric-5-810x540.jpg\" alt=\"MINI JCW Electric The Skeg\" class=\"wp-image-20958\" srcset=\"https:\/\/www.enzo-und-ferdinand.de\/wp-content\/uploads\/2025\/09\/MINI-JCW-Electric-5-810x540.jpg 810w, https:\/\/www.enzo-und-ferdinand.de\/wp-content\/uploads\/2025\/09\/MINI-JCW-Electric-5-300x200.jpg 300w, https:\/\/www.enzo-und-ferdinand.de\/wp-content\/uploads\/2025\/09\/MINI-JCW-Electric-5-768x512.jpg 768w, https:\/\/www.enzo-und-ferdinand.de\/wp-content\/uploads\/2025\/09\/MINI-JCW-Electric-5-120x80.jpg 120w, https:\/\/www.enzo-und-ferdinand.de\/wp-content\/uploads\/2025\/09\/MINI-JCW-Electric-5.jpg 1500w\" sizes=\"auto, (max-width: 810px) 100vw, 810px\" \/><\/figure>\n\n\n\n<figure class=\"wp-block-image size-large\"><img loading=\"lazy\" decoding=\"async\" width=\"810\" height=\"540\" data-id=\"20957\" src=\"https:\/\/www.enzo-und-ferdinand.de\/wp-content\/uploads\/2025\/09\/MINI-JCW-Electric-6-810x540.jpg\" alt=\"MINI JCW Electric The Skeg\" class=\"wp-image-20957\" srcset=\"https:\/\/www.enzo-und-ferdinand.de\/wp-content\/uploads\/2025\/09\/MINI-JCW-Electric-6-810x540.jpg 810w, https:\/\/www.enzo-und-ferdinand.de\/wp-content\/uploads\/2025\/09\/MINI-JCW-Electric-6-300x200.jpg 300w, https:\/\/www.enzo-und-ferdinand.de\/wp-content\/uploads\/2025\/09\/MINI-JCW-Electric-6-768x512.jpg 768w, https:\/\/www.enzo-und-ferdinand.de\/wp-content\/uploads\/2025\/09\/MINI-JCW-Electric-6-120x80.jpg 120w, https:\/\/www.enzo-und-ferdinand.de\/wp-content\/uploads\/2025\/09\/MINI-JCW-Electric-6.jpg 1500w\" sizes=\"auto, (max-width: 810px) 100vw, 810px\" \/><\/figure>\n\n\n\n<figure class=\"wp-block-image size-large\"><img loading=\"lazy\" decoding=\"async\" width=\"810\" height=\"540\" data-id=\"20959\" src=\"https:\/\/www.enzo-und-ferdinand.de\/wp-content\/uploads\/2025\/09\/MINI-JCW-Electric-4-810x540.jpg\" alt=\"MINI JCW Electric The Skeg\" class=\"wp-image-20959\" srcset=\"https:\/\/www.enzo-und-ferdinand.de\/wp-content\/uploads\/2025\/09\/MINI-JCW-Electric-4-810x540.jpg 810w, https:\/\/www.enzo-und-ferdinand.de\/wp-content\/uploads\/2025\/09\/MINI-JCW-Electric-4-300x200.jpg 300w, https:\/\/www.enzo-und-ferdinand.de\/wp-content\/uploads\/2025\/09\/MINI-JCW-Electric-4-768x512.jpg 768w, https:\/\/www.enzo-und-ferdinand.de\/wp-content\/uploads\/2025\/09\/MINI-JCW-Electric-4-120x80.jpg 120w, https:\/\/www.enzo-und-ferdinand.de\/wp-content\/uploads\/2025\/09\/MINI-JCW-Electric-4.jpg 1500w\" sizes=\"auto, (max-width: 810px) 100vw, 810px\" \/><\/figure>\n<\/figure>\n\n\n\n<p class=\"wp-block-paragraph\">Gemeinsam ist beiden Konzepten ein puristischer, funktionaler und grafischer Designansatz, der die Motorsport-Gene der Marke MINI neu interpretiert. Das elektrische Showcar tr\u00e4gt den Namen \u201eThe Skeg\u201c und bezieht sich gestalterisch wie technisch auf die Surfkultur. Auff\u00e4llig sind die halbtransparenten Fiberglas-Komponenten, die das Gewicht um 15 Prozent senken und zugleich die Aerodynamik verbessern. Der Flex-Tip-Surf-Spoiler passt sich dynamisch den Luftstr\u00f6men an \u2013 inspiriert vom Prinzip eines Surfboards. Dazu gesellen sich breite Kotfl\u00fcgel, ein leuchtender Frontgrill und ein Dach-Heckspoiler.\u00a0Innen dominieren schlichte Funktionalit\u00e4t und Surfer-Details wie Fiberglas-Ablagen f\u00fcr Neoprenanz\u00fcge, wasserabweisende Neopren-Sitzpolster und ein Sisal-Bodenbelag, der Langlebigkeit mit Nachhaltigkeit verbindet. <\/p>\n\n\n\n<figure class=\"wp-block-image size-large\"><img loading=\"lazy\" decoding=\"async\" width=\"810\" height=\"540\" src=\"https:\/\/www.enzo-und-ferdinand.de\/wp-content\/uploads\/2025\/09\/MINI-JCW-5-810x540.jpg\" alt=\"MINI JCW The Machina\" class=\"wp-image-20963\" srcset=\"https:\/\/www.enzo-und-ferdinand.de\/wp-content\/uploads\/2025\/09\/MINI-JCW-5-810x540.jpg 810w, https:\/\/www.enzo-und-ferdinand.de\/wp-content\/uploads\/2025\/09\/MINI-JCW-5-300x200.jpg 300w, https:\/\/www.enzo-und-ferdinand.de\/wp-content\/uploads\/2025\/09\/MINI-JCW-5-768x512.jpg 768w, https:\/\/www.enzo-und-ferdinand.de\/wp-content\/uploads\/2025\/09\/MINI-JCW-5-120x80.jpg 120w, https:\/\/www.enzo-und-ferdinand.de\/wp-content\/uploads\/2025\/09\/MINI-JCW-5.jpg 1500w\" sizes=\"auto, (max-width: 810px) 100vw, 810px\" \/><figcaption class=\"wp-element-caption\">MINI JCW \u201eThe Machina\u201c<\/figcaption><\/figure>\n\n\n\n<p class=\"wp-block-paragraph\">\u201eThe Machina\u201c ist dagegen ein kompromissloser Vertreter klassischer Motorsport-DNA. Die rot-wei\u00df-schwarze Lackierung, ein Can-Am-Style-Spoiler und ein markanter Heckdiffuser verweisen direkt auf die Rennsporthistorie. Vier Zusatzscheinwerfer auf der Motorhaube setzen ein weiteres Rallye-Zitat.\u00a0<\/p>\n\n\n\n<p class=\"wp-block-paragraph\">Innen sorgen Aluminium-Bodenplatten, ein \u00dcberrollk\u00e4fig und reduzierte T\u00fcrverkleidungen f\u00fcr kompromisslose Funktionalit\u00e4t. Bedienelemente wie Kippschalter oder eine hydraulische Handbremse stehen f\u00fcr direkte, mechanische Kontrolle. Damit zeigen beide Fahrzeuge die Bandbreite, die MINI mit Deus auslotet: vom vision\u00e4ren Elektrokonzept bis zur puristischen Rennmaschine.<\/p>\n\n\n\n<p class=\"wp-block-paragraph\">MINI John Cooper Works, Deus Ex Machina, MINI x Deus, MINI JCW Electric, MINI The Skeg, MINI The Machina, Motorsport, Surfkultur, Automotive Design, Concept Cars, Fiberglas-Technologie, Aerodynamik, Can-Am-Spoiler, MINI Kooperation.<\/p>\n\n\n\n<figure class=\"wp-block-gallery has-nested-images columns-2 is-cropped wp-block-gallery-2 is-layout-flex wp-block-gallery-is-layout-flex\">\n<figure class=\"wp-block-image size-large\"><img loading=\"lazy\" decoding=\"async\" width=\"810\" height=\"540\" data-id=\"20967\" src=\"https:\/\/www.enzo-und-ferdinand.de\/wp-content\/uploads\/2025\/09\/MINI-JCW-1-810x540.jpg\" alt=\"MINI JCW The Machina\" class=\"wp-image-20967\" srcset=\"https:\/\/www.enzo-und-ferdinand.de\/wp-content\/uploads\/2025\/09\/MINI-JCW-1-810x540.jpg 810w, https:\/\/www.enzo-und-ferdinand.de\/wp-content\/uploads\/2025\/09\/MINI-JCW-1-300x200.jpg 300w, https:\/\/www.enzo-und-ferdinand.de\/wp-content\/uploads\/2025\/09\/MINI-JCW-1-768x512.jpg 768w, https:\/\/www.enzo-und-ferdinand.de\/wp-content\/uploads\/2025\/09\/MINI-JCW-1-120x80.jpg 120w, https:\/\/www.enzo-und-ferdinand.de\/wp-content\/uploads\/2025\/09\/MINI-JCW-1.jpg 1500w\" sizes=\"auto, (max-width: 810px) 100vw, 810px\" \/><\/figure>\n\n\n\n<figure class=\"wp-block-image size-large\"><img loading=\"lazy\" decoding=\"async\" width=\"810\" height=\"540\" data-id=\"20966\" src=\"https:\/\/www.enzo-und-ferdinand.de\/wp-content\/uploads\/2025\/09\/MINI-JCW-2-810x540.jpg\" alt=\"MINI JCW The Machina\" class=\"wp-image-20966\" srcset=\"https:\/\/www.enzo-und-ferdinand.de\/wp-content\/uploads\/2025\/09\/MINI-JCW-2-810x540.jpg 810w, https:\/\/www.enzo-und-ferdinand.de\/wp-content\/uploads\/2025\/09\/MINI-JCW-2-300x200.jpg 300w, https:\/\/www.enzo-und-ferdinand.de\/wp-content\/uploads\/2025\/09\/MINI-JCW-2-768x512.jpg 768w, https:\/\/www.enzo-und-ferdinand.de\/wp-content\/uploads\/2025\/09\/MINI-JCW-2-120x80.jpg 120w, https:\/\/www.enzo-und-ferdinand.de\/wp-content\/uploads\/2025\/09\/MINI-JCW-2.jpg 1500w\" sizes=\"auto, (max-width: 810px) 100vw, 810px\" \/><\/figure>\n\n\n\n<figure class=\"wp-block-image size-large\"><img loading=\"lazy\" decoding=\"async\" width=\"810\" height=\"540\" data-id=\"20965\" src=\"https:\/\/www.enzo-und-ferdinand.de\/wp-content\/uploads\/2025\/09\/MINI-JCW-3-810x540.jpg\" alt=\"MINI JCW The Machina\" class=\"wp-image-20965\" srcset=\"https:\/\/www.enzo-und-ferdinand.de\/wp-content\/uploads\/2025\/09\/MINI-JCW-3-810x540.jpg 810w, https:\/\/www.enzo-und-ferdinand.de\/wp-content\/uploads\/2025\/09\/MINI-JCW-3-300x200.jpg 300w, https:\/\/www.enzo-und-ferdinand.de\/wp-content\/uploads\/2025\/09\/MINI-JCW-3-768x512.jpg 768w, https:\/\/www.enzo-und-ferdinand.de\/wp-content\/uploads\/2025\/09\/MINI-JCW-3-120x80.jpg 120w, https:\/\/www.enzo-und-ferdinand.de\/wp-content\/uploads\/2025\/09\/MINI-JCW-3.jpg 1500w\" sizes=\"auto, (max-width: 810px) 100vw, 810px\" \/><\/figure>\n\n\n\n<figure class=\"wp-block-image size-large\"><img loading=\"lazy\" decoding=\"async\" width=\"810\" height=\"540\" data-id=\"20964\" src=\"https:\/\/www.enzo-und-ferdinand.de\/wp-content\/uploads\/2025\/09\/MINI-JCW-4-810x540.jpg\" alt=\"MINI JCW The Machina\" class=\"wp-image-20964\" srcset=\"https:\/\/www.enzo-und-ferdinand.de\/wp-content\/uploads\/2025\/09\/MINI-JCW-4-810x540.jpg 810w, https:\/\/www.enzo-und-ferdinand.de\/wp-content\/uploads\/2025\/09\/MINI-JCW-4-300x200.jpg 300w, https:\/\/www.enzo-und-ferdinand.de\/wp-content\/uploads\/2025\/09\/MINI-JCW-4-768x512.jpg 768w, https:\/\/www.enzo-und-ferdinand.de\/wp-content\/uploads\/2025\/09\/MINI-JCW-4-120x80.jpg 120w, https:\/\/www.enzo-und-ferdinand.de\/wp-content\/uploads\/2025\/09\/MINI-JCW-4.jpg 1500w\" sizes=\"auto, (max-width: 810px) 100vw, 810px\" \/><\/figure>\n<\/figure>\n\n\n\n<p class=\"has-text-align-right has-small-font-size wp-block-paragraph\">Fotos: BMW Group\/Text: Rainer Ro\u00dfbach<\/p>\n","protected":false},"excerpt":{"rendered":"<p>Beide Unternehmen haben sich f\u00fcr eine au\u00dfergew\u00f6hnliche Kollaboration zusammengetan und zwei ma\u00dfgeschneiderte John Cooper Works Showcars auf die R\u00e4der gestellt. Beide Einzelst\u00fccke vereinen Motorsport-Tradition mit innovativem Designansatz und unterstreichen den Anspruch beider Marken, authentische Technik mit handwerklicher Kreativit\u00e4t zu verbinden. Basis der Projekte sind der vollelektrische MINI JCW Electric mit 190 kW (258 PS) und der von einem 170 kW (231 PS) starken Verbrennungsmotor angetriebene MINI JCW.\u00a0<\/p>\n","protected":false},"author":1,"featured_media":20968,"comment_status":"closed","ping_status":"open","sticky":false,"template":"","format":"standard","meta":{"_crdt_document":"","ngg_post_thumbnail":0,"footnotes":""},"categories":[681,23,4],"tags":[495],"class_list":["post-20953","post","type-post","status-publish","format-standard","has-post-thumbnail","hentry","category-elektro","category-performance","category-studien","tag-mini"],"yoast_head":"<!-- This site is optimized with the Yoast SEO plugin v27.5 - https:\/\/yoast.com\/product\/yoast-seo-wordpress\/ -->\n<title>MINI x Deus: Motorsport neu gedacht - enzo &amp; Ferdinand %MINI x Deus: Motorsport neu gedacht | Enzo &amp; Ferdinand \u2013 Auto News &amp; Klassiker<\/title>\n<meta name=\"description\" content=\"Entdecke Artikel im Bereich bei Enzo &amp; Ferdinand. Aktuelle News, Hintergr\u00fcnde und Technik aus der Welt exklusiver Automobile.\" \/>\n<meta name=\"robots\" content=\"index, follow, max-snippet:-1, max-image-preview:large, max-video-preview:-1\" \/>\n<link rel=\"canonical\" href=\"https:\/\/www.enzo-und-ferdinand.de\/index.php\/2025\/09\/05\/mini-x-deus-motorsport-neu-gedacht\/\" \/>\n<meta property=\"og:locale\" content=\"de_DE\" \/>\n<meta property=\"og:type\" content=\"article\" \/>\n<meta property=\"og:title\" content=\"MINI x Deus: Motorsport neu gedacht - enzo &amp; Ferdinand %MINI x Deus: Motorsport neu gedacht | Enzo &amp; Ferdinand \u2013 Auto News &amp; Klassiker\" \/>\n<meta property=\"og:description\" content=\"Entdecke Artikel im Bereich bei Enzo &amp; Ferdinand. Aktuelle News, Hintergr\u00fcnde und Technik aus der Welt exklusiver Automobile.\" \/>\n<meta property=\"og:url\" content=\"https:\/\/www.enzo-und-ferdinand.de\/index.php\/2025\/09\/05\/mini-x-deus-motorsport-neu-gedacht\/\" \/>\n<meta property=\"og:site_name\" content=\"enzo &amp; Ferdinand\" \/>\n<meta property=\"article:published_time\" content=\"2025-09-05T04:57:13+00:00\" \/>\n<meta property=\"article:modified_time\" content=\"2025-09-05T04:57:14+00:00\" \/>\n<meta property=\"og:image\" content=\"https:\/\/www.enzo-und-ferdinand.de\/wp-content\/uploads\/2025\/09\/MINI-JCW-Electric-MINI-JCW.jpg\" \/>\n\t<meta property=\"og:image:width\" content=\"1500\" \/>\n\t<meta property=\"og:image:height\" content=\"1000\" \/>\n\t<meta property=\"og:image:type\" content=\"image\/jpeg\" \/>\n<meta name=\"author\" content=\"Rainer Ro\u00dfbach\" \/>\n<meta name=\"twitter:card\" content=\"summary_large_image\" \/>\n<meta name=\"twitter:label1\" content=\"Verfasst von\" \/>\n\t<meta name=\"twitter:data1\" content=\"Rainer Ro\u00dfbach\" \/>\n\t<meta name=\"twitter:label2\" content=\"Gesch\u00e4tzte Lesezeit\" \/>\n\t<meta name=\"twitter:data2\" content=\"1\u00a0Minute\" \/>\n<script type=\"application\/ld+json\" class=\"yoast-schema-graph\">{\"@context\":\"https:\\\/\\\/schema.org\",\"@graph\":[{\"@type\":\"Article\",\"@id\":\"https:\\\/\\\/www.enzo-und-ferdinand.de\\\/index.php\\\/2025\\\/09\\\/05\\\/mini-x-deus-motorsport-neu-gedacht\\\/#article\",\"isPartOf\":{\"@id\":\"https:\\\/\\\/www.enzo-und-ferdinand.de\\\/index.php\\\/2025\\\/09\\\/05\\\/mini-x-deus-motorsport-neu-gedacht\\\/\"},\"author\":{\"name\":\"Rainer Ro\u00dfbach\",\"@id\":\"https:\\\/\\\/www.enzo-und-ferdinand.de\\\/#\\\/schema\\\/person\\\/aff2eb9ff87705987c1b9d21fe10b095\"},\"headline\":\"MINI x Deus: Motorsport neu gedacht\",\"datePublished\":\"2025-09-05T04:57:13+00:00\",\"dateModified\":\"2025-09-05T04:57:14+00:00\",\"mainEntityOfPage\":{\"@id\":\"https:\\\/\\\/www.enzo-und-ferdinand.de\\\/index.php\\\/2025\\\/09\\\/05\\\/mini-x-deus-motorsport-neu-gedacht\\\/\"},\"wordCount\":305,\"publisher\":{\"@id\":\"https:\\\/\\\/www.enzo-und-ferdinand.de\\\/#organization\"},\"image\":{\"@id\":\"https:\\\/\\\/www.enzo-und-ferdinand.de\\\/index.php\\\/2025\\\/09\\\/05\\\/mini-x-deus-motorsport-neu-gedacht\\\/#primaryimage\"},\"thumbnailUrl\":\"https:\\\/\\\/www.enzo-und-ferdinand.de\\\/wp-content\\\/uploads\\\/2025\\\/09\\\/MINI-JCW-Electric-MINI-JCW.jpg\",\"keywords\":[\"Mini\"],\"articleSection\":[\"Elektro\",\"Performance\",\"Studien\"],\"inLanguage\":\"de\"},{\"@type\":\"WebPage\",\"@id\":\"https:\\\/\\\/www.enzo-und-ferdinand.de\\\/index.php\\\/2025\\\/09\\\/05\\\/mini-x-deus-motorsport-neu-gedacht\\\/\",\"url\":\"https:\\\/\\\/www.enzo-und-ferdinand.de\\\/index.php\\\/2025\\\/09\\\/05\\\/mini-x-deus-motorsport-neu-gedacht\\\/\",\"name\":\"MINI x Deus: Motorsport neu gedacht - enzo &amp; Ferdinand %MINI x Deus: Motorsport neu gedacht | Enzo & Ferdinand \u2013 Auto News & Klassiker\",\"isPartOf\":{\"@id\":\"https:\\\/\\\/www.enzo-und-ferdinand.de\\\/#website\"},\"primaryImageOfPage\":{\"@id\":\"https:\\\/\\\/www.enzo-und-ferdinand.de\\\/index.php\\\/2025\\\/09\\\/05\\\/mini-x-deus-motorsport-neu-gedacht\\\/#primaryimage\"},\"image\":{\"@id\":\"https:\\\/\\\/www.enzo-und-ferdinand.de\\\/index.php\\\/2025\\\/09\\\/05\\\/mini-x-deus-motorsport-neu-gedacht\\\/#primaryimage\"},\"thumbnailUrl\":\"https:\\\/\\\/www.enzo-und-ferdinand.de\\\/wp-content\\\/uploads\\\/2025\\\/09\\\/MINI-JCW-Electric-MINI-JCW.jpg\",\"datePublished\":\"2025-09-05T04:57:13+00:00\",\"dateModified\":\"2025-09-05T04:57:14+00:00\",\"description\":\"Entdecke Artikel im Bereich bei Enzo & Ferdinand. Aktuelle News, Hintergr\u00fcnde und Technik aus der Welt exklusiver Automobile.\",\"breadcrumb\":{\"@id\":\"https:\\\/\\\/www.enzo-und-ferdinand.de\\\/index.php\\\/2025\\\/09\\\/05\\\/mini-x-deus-motorsport-neu-gedacht\\\/#breadcrumb\"},\"inLanguage\":\"de\",\"potentialAction\":[{\"@type\":\"ReadAction\",\"target\":[\"https:\\\/\\\/www.enzo-und-ferdinand.de\\\/index.php\\\/2025\\\/09\\\/05\\\/mini-x-deus-motorsport-neu-gedacht\\\/\"]}]},{\"@type\":\"ImageObject\",\"inLanguage\":\"de\",\"@id\":\"https:\\\/\\\/www.enzo-und-ferdinand.de\\\/index.php\\\/2025\\\/09\\\/05\\\/mini-x-deus-motorsport-neu-gedacht\\\/#primaryimage\",\"url\":\"https:\\\/\\\/www.enzo-und-ferdinand.de\\\/wp-content\\\/uploads\\\/2025\\\/09\\\/MINI-JCW-Electric-MINI-JCW.jpg\",\"contentUrl\":\"https:\\\/\\\/www.enzo-und-ferdinand.de\\\/wp-content\\\/uploads\\\/2025\\\/09\\\/MINI-JCW-Electric-MINI-JCW.jpg\",\"width\":1500,\"height\":1000,\"caption\":\"MINI JCW The Machina MINI JCW The Skeg\"},{\"@type\":\"BreadcrumbList\",\"@id\":\"https:\\\/\\\/www.enzo-und-ferdinand.de\\\/index.php\\\/2025\\\/09\\\/05\\\/mini-x-deus-motorsport-neu-gedacht\\\/#breadcrumb\",\"itemListElement\":[{\"@type\":\"ListItem\",\"position\":1,\"name\":\"Startseite\",\"item\":\"https:\\\/\\\/www.enzo-und-ferdinand.de\\\/\"},{\"@type\":\"ListItem\",\"position\":2,\"name\":\"MINI x Deus: Motorsport neu gedacht\"}]},{\"@type\":\"WebSite\",\"@id\":\"https:\\\/\\\/www.enzo-und-ferdinand.de\\\/#website\",\"url\":\"https:\\\/\\\/www.enzo-und-ferdinand.de\\\/\",\"name\":\"enzo & Ferdinand\",\"description\":\"\",\"publisher\":{\"@id\":\"https:\\\/\\\/www.enzo-und-ferdinand.de\\\/#organization\"},\"potentialAction\":[{\"@type\":\"SearchAction\",\"target\":{\"@type\":\"EntryPoint\",\"urlTemplate\":\"https:\\\/\\\/www.enzo-und-ferdinand.de\\\/?s={search_term_string}\"},\"query-input\":{\"@type\":\"PropertyValueSpecification\",\"valueRequired\":true,\"valueName\":\"search_term_string\"}}],\"inLanguage\":\"de\"},{\"@type\":\"Organization\",\"@id\":\"https:\\\/\\\/www.enzo-und-ferdinand.de\\\/#organization\",\"name\":\"enzo & Ferdinand\",\"url\":\"https:\\\/\\\/www.enzo-und-ferdinand.de\\\/\",\"logo\":{\"@type\":\"ImageObject\",\"inLanguage\":\"de\",\"@id\":\"https:\\\/\\\/www.enzo-und-ferdinand.de\\\/#\\\/schema\\\/logo\\\/image\\\/\",\"url\":\"https:\\\/\\\/www.enzo-und-ferdinand.de\\\/wp-content\\\/uploads\\\/2018\\\/12\\\/revvvs-icon.png\",\"contentUrl\":\"https:\\\/\\\/www.enzo-und-ferdinand.de\\\/wp-content\\\/uploads\\\/2018\\\/12\\\/revvvs-icon.png\",\"width\":512,\"height\":512,\"caption\":\"enzo & Ferdinand\"},\"image\":{\"@id\":\"https:\\\/\\\/www.enzo-und-ferdinand.de\\\/#\\\/schema\\\/logo\\\/image\\\/\"}},{\"@type\":\"Person\",\"@id\":\"https:\\\/\\\/www.enzo-und-ferdinand.de\\\/#\\\/schema\\\/person\\\/aff2eb9ff87705987c1b9d21fe10b095\",\"name\":\"Rainer Ro\u00dfbach\",\"image\":{\"@type\":\"ImageObject\",\"inLanguage\":\"de\",\"@id\":\"https:\\\/\\\/www.enzo-und-ferdinand.de\\\/wp-content\\\/uploads\\\/2026\\\/01\\\/Rainer-Rossbach-150x150.jpg\",\"url\":\"https:\\\/\\\/www.enzo-und-ferdinand.de\\\/wp-content\\\/uploads\\\/2026\\\/01\\\/Rainer-Rossbach-150x150.jpg\",\"contentUrl\":\"https:\\\/\\\/www.enzo-und-ferdinand.de\\\/wp-content\\\/uploads\\\/2026\\\/01\\\/Rainer-Rossbach-150x150.jpg\",\"caption\":\"Rainer Ro\u00dfbach\"},\"url\":\"https:\\\/\\\/www.enzo-und-ferdinand.de\\\/index.php\\\/author\\\/redaktion\\\/\"}]}<\/script>\n<!-- \/ Yoast SEO plugin. -->","yoast_head_json":{"title":"MINI x Deus: Motorsport neu gedacht - enzo &amp; Ferdinand %MINI x Deus: Motorsport neu gedacht | Enzo & Ferdinand \u2013 Auto News & Klassiker","description":"Entdecke Artikel im Bereich bei Enzo & Ferdinand. Aktuelle News, Hintergr\u00fcnde und Technik aus der Welt exklusiver Automobile.","robots":{"index":"index","follow":"follow","max-snippet":"max-snippet:-1","max-image-preview":"max-image-preview:large","max-video-preview":"max-video-preview:-1"},"canonical":"https:\/\/www.enzo-und-ferdinand.de\/index.php\/2025\/09\/05\/mini-x-deus-motorsport-neu-gedacht\/","og_locale":"de_DE","og_type":"article","og_title":"MINI x Deus: Motorsport neu gedacht - enzo &amp; Ferdinand %MINI x Deus: Motorsport neu gedacht | Enzo & Ferdinand \u2013 Auto News & Klassiker","og_description":"Entdecke Artikel im Bereich bei Enzo & Ferdinand. Aktuelle News, Hintergr\u00fcnde und Technik aus der Welt exklusiver Automobile.","og_url":"https:\/\/www.enzo-und-ferdinand.de\/index.php\/2025\/09\/05\/mini-x-deus-motorsport-neu-gedacht\/","og_site_name":"enzo &amp; Ferdinand","article_published_time":"2025-09-05T04:57:13+00:00","article_modified_time":"2025-09-05T04:57:14+00:00","og_image":[{"width":1500,"height":1000,"url":"https:\/\/www.enzo-und-ferdinand.de\/wp-content\/uploads\/2025\/09\/MINI-JCW-Electric-MINI-JCW.jpg","type":"image\/jpeg"}],"author":"Rainer Ro\u00dfbach","twitter_card":"summary_large_image","twitter_misc":{"Verfasst von":"Rainer Ro\u00dfbach","Gesch\u00e4tzte Lesezeit":"1\u00a0Minute"},"schema":{"@context":"https:\/\/schema.org","@graph":[{"@type":"Article","@id":"https:\/\/www.enzo-und-ferdinand.de\/index.php\/2025\/09\/05\/mini-x-deus-motorsport-neu-gedacht\/#article","isPartOf":{"@id":"https:\/\/www.enzo-und-ferdinand.de\/index.php\/2025\/09\/05\/mini-x-deus-motorsport-neu-gedacht\/"},"author":{"name":"Rainer Ro\u00dfbach","@id":"https:\/\/www.enzo-und-ferdinand.de\/#\/schema\/person\/aff2eb9ff87705987c1b9d21fe10b095"},"headline":"MINI x Deus: Motorsport neu gedacht","datePublished":"2025-09-05T04:57:13+00:00","dateModified":"2025-09-05T04:57:14+00:00","mainEntityOfPage":{"@id":"https:\/\/www.enzo-und-ferdinand.de\/index.php\/2025\/09\/05\/mini-x-deus-motorsport-neu-gedacht\/"},"wordCount":305,"publisher":{"@id":"https:\/\/www.enzo-und-ferdinand.de\/#organization"},"image":{"@id":"https:\/\/www.enzo-und-ferdinand.de\/index.php\/2025\/09\/05\/mini-x-deus-motorsport-neu-gedacht\/#primaryimage"},"thumbnailUrl":"https:\/\/www.enzo-und-ferdinand.de\/wp-content\/uploads\/2025\/09\/MINI-JCW-Electric-MINI-JCW.jpg","keywords":["Mini"],"articleSection":["Elektro","Performance","Studien"],"inLanguage":"de"},{"@type":"WebPage","@id":"https:\/\/www.enzo-und-ferdinand.de\/index.php\/2025\/09\/05\/mini-x-deus-motorsport-neu-gedacht\/","url":"https:\/\/www.enzo-und-ferdinand.de\/index.php\/2025\/09\/05\/mini-x-deus-motorsport-neu-gedacht\/","name":"MINI x Deus: Motorsport neu gedacht - enzo &amp; Ferdinand %MINI x Deus: Motorsport neu gedacht | Enzo & Ferdinand \u2013 Auto News & Klassiker","isPartOf":{"@id":"https:\/\/www.enzo-und-ferdinand.de\/#website"},"primaryImageOfPage":{"@id":"https:\/\/www.enzo-und-ferdinand.de\/index.php\/2025\/09\/05\/mini-x-deus-motorsport-neu-gedacht\/#primaryimage"},"image":{"@id":"https:\/\/www.enzo-und-ferdinand.de\/index.php\/2025\/09\/05\/mini-x-deus-motorsport-neu-gedacht\/#primaryimage"},"thumbnailUrl":"https:\/\/www.enzo-und-ferdinand.de\/wp-content\/uploads\/2025\/09\/MINI-JCW-Electric-MINI-JCW.jpg","datePublished":"2025-09-05T04:57:13+00:00","dateModified":"2025-09-05T04:57:14+00:00","description":"Entdecke Artikel im Bereich bei Enzo & Ferdinand. Aktuelle News, Hintergr\u00fcnde und Technik aus der Welt exklusiver Automobile.","breadcrumb":{"@id":"https:\/\/www.enzo-und-ferdinand.de\/index.php\/2025\/09\/05\/mini-x-deus-motorsport-neu-gedacht\/#breadcrumb"},"inLanguage":"de","potentialAction":[{"@type":"ReadAction","target":["https:\/\/www.enzo-und-ferdinand.de\/index.php\/2025\/09\/05\/mini-x-deus-motorsport-neu-gedacht\/"]}]},{"@type":"ImageObject","inLanguage":"de","@id":"https:\/\/www.enzo-und-ferdinand.de\/index.php\/2025\/09\/05\/mini-x-deus-motorsport-neu-gedacht\/#primaryimage","url":"https:\/\/www.enzo-und-ferdinand.de\/wp-content\/uploads\/2025\/09\/MINI-JCW-Electric-MINI-JCW.jpg","contentUrl":"https:\/\/www.enzo-und-ferdinand.de\/wp-content\/uploads\/2025\/09\/MINI-JCW-Electric-MINI-JCW.jpg","width":1500,"height":1000,"caption":"MINI JCW The Machina MINI JCW The Skeg"},{"@type":"BreadcrumbList","@id":"https:\/\/www.enzo-und-ferdinand.de\/index.php\/2025\/09\/05\/mini-x-deus-motorsport-neu-gedacht\/#breadcrumb","itemListElement":[{"@type":"ListItem","position":1,"name":"Startseite","item":"https:\/\/www.enzo-und-ferdinand.de\/"},{"@type":"ListItem","position":2,"name":"MINI x Deus: Motorsport neu gedacht"}]},{"@type":"WebSite","@id":"https:\/\/www.enzo-und-ferdinand.de\/#website","url":"https:\/\/www.enzo-und-ferdinand.de\/","name":"enzo & Ferdinand","description":"","publisher":{"@id":"https:\/\/www.enzo-und-ferdinand.de\/#organization"},"potentialAction":[{"@type":"SearchAction","target":{"@type":"EntryPoint","urlTemplate":"https:\/\/www.enzo-und-ferdinand.de\/?s={search_term_string}"},"query-input":{"@type":"PropertyValueSpecification","valueRequired":true,"valueName":"search_term_string"}}],"inLanguage":"de"},{"@type":"Organization","@id":"https:\/\/www.enzo-und-ferdinand.de\/#organization","name":"enzo & Ferdinand","url":"https:\/\/www.enzo-und-ferdinand.de\/","logo":{"@type":"ImageObject","inLanguage":"de","@id":"https:\/\/www.enzo-und-ferdinand.de\/#\/schema\/logo\/image\/","url":"https:\/\/www.enzo-und-ferdinand.de\/wp-content\/uploads\/2018\/12\/revvvs-icon.png","contentUrl":"https:\/\/www.enzo-und-ferdinand.de\/wp-content\/uploads\/2018\/12\/revvvs-icon.png","width":512,"height":512,"caption":"enzo & Ferdinand"},"image":{"@id":"https:\/\/www.enzo-und-ferdinand.de\/#\/schema\/logo\/image\/"}},{"@type":"Person","@id":"https:\/\/www.enzo-und-ferdinand.de\/#\/schema\/person\/aff2eb9ff87705987c1b9d21fe10b095","name":"Rainer Ro\u00dfbach","image":{"@type":"ImageObject","inLanguage":"de","@id":"https:\/\/www.enzo-und-ferdinand.de\/wp-content\/uploads\/2026\/01\/Rainer-Rossbach-150x150.jpg","url":"https:\/\/www.enzo-und-ferdinand.de\/wp-content\/uploads\/2026\/01\/Rainer-Rossbach-150x150.jpg","contentUrl":"https:\/\/www.enzo-und-ferdinand.de\/wp-content\/uploads\/2026\/01\/Rainer-Rossbach-150x150.jpg","caption":"Rainer Ro\u00dfbach"},"url":"https:\/\/www.enzo-und-ferdinand.de\/index.php\/author\/redaktion\/"}]}},"_links":{"self":[{"href":"https:\/\/www.enzo-und-ferdinand.de\/index.php\/wp-json\/wp\/v2\/posts\/20953","targetHints":{"allow":["GET"]}}],"collection":[{"href":"https:\/\/www.enzo-und-ferdinand.de\/index.php\/wp-json\/wp\/v2\/posts"}],"about":[{"href":"https:\/\/www.enzo-und-ferdinand.de\/index.php\/wp-json\/wp\/v2\/types\/post"}],"author":[{"embeddable":true,"href":"https:\/\/www.enzo-und-ferdinand.de\/index.php\/wp-json\/wp\/v2\/users\/1"}],"replies":[{"embeddable":true,"href":"https:\/\/www.enzo-und-ferdinand.de\/index.php\/wp-json\/wp\/v2\/comments?post=20953"}],"version-history":[{"count":3,"href":"https:\/\/www.enzo-und-ferdinand.de\/index.php\/wp-json\/wp\/v2\/posts\/20953\/revisions"}],"predecessor-version":[{"id":20969,"href":"https:\/\/www.enzo-und-ferdinand.de\/index.php\/wp-json\/wp\/v2\/posts\/20953\/revisions\/20969"}],"wp:featuredmedia":[{"embeddable":true,"href":"https:\/\/www.enzo-und-ferdinand.de\/index.php\/wp-json\/wp\/v2\/media\/20968"}],"wp:attachment":[{"href":"https:\/\/www.enzo-und-ferdinand.de\/index.php\/wp-json\/wp\/v2\/media?parent=20953"}],"wp:term":[{"taxonomy":"category","embeddable":true,"href":"https:\/\/www.enzo-und-ferdinand.de\/index.php\/wp-json\/wp\/v2\/categories?post=20953"},{"taxonomy":"post_tag","embeddable":true,"href":"https:\/\/www.enzo-und-ferdinand.de\/index.php\/wp-json\/wp\/v2\/tags?post=20953"}],"curies":[{"name":"wp","href":"https:\/\/api.w.org\/{rel}","templated":true}]}}